{"id":271772,"date":"2023-03-30T16:50:49","date_gmt":"2023-03-30T12:50:49","guid":{"rendered":"https:\/\/www.meydan.tv\/?p=271772"},"modified":"2023-03-30T16:59:05","modified_gmt":"2023-03-30T12:59:05","slug":"mehkeme-53-gundur-acliq-eden-axcp-fealini-ev-dustaqligina-buraxmaqdan-imtina-etdi","status":"publish","type":"post","link":"https:\/\/www.meydan.tv\/az\/article\/mehkeme-53-gundur-acliq-eden-axcp-fealini-ev-dustaqligina-buraxmaqdan-imtina-etdi\/","title":{"rendered":"M\u0259hk\u0259m\u0259 52 g\u00fcnd\u00fcr acl\u0131q ed\u0259n AXCP f\u0259al\u0131n\u0131 ev dustaql\u0131\u011f\u0131na buraxmaqdan imtina etdi"},"content":{"rendered":"\n<p><\/p>\n\n\n\n<p><strong><em>V\u0259kili onun s\u00f6hh\u0259tind\u0259 problem yarand\u0131\u011f\u0131n\u0131, g\u00fccl\u0259 yeridiyini deyir<\/em><\/strong><\/p>\n\n\n\n<p>Mart\u0131n 30-da Qarada\u011f Rayon M\u0259hk\u0259m\u0259sind\u0259 Az\u0259rbaycan Xalq C\u0259bh\u0259si Partiyas\u0131n\u0131n (AXCP) Salyan t\u0259\u015fkilat\u0131n\u0131n h\u0259bsd\u0259 olan s\u0259dri \u018flizamin Salayevin ev dustaql\u0131\u011f\u0131na burax\u0131lmas\u0131 bar\u0259d\u0259 veril\u0259n v\u0259sat\u0259t\u0259 bax\u0131l\u0131b. <\/p>\n\n\n\n<p>H\u0259bsd\u0259 52 g\u00fcnd\u00fcr acl\u0131q etdiyi bildiril\u0259n AXCP f\u0259al\u0131n\u0131n \u00f6z\u00fc d\u0259 m\u0259hk\u0259m\u0259y\u0259 g\u0259tirilib.<\/p>\n\n\n\n<p>\u018flizamin Salayev m\u0259hk\u0259m\u0259d\u0259 \u00e7\u0131x\u0131\u015f\u0131nda t\u0259qsirsiz oldu\u011funu, ona b\u00f6htan at\u0131ld\u0131\u011f\u0131n\u0131 bildirib. O vur\u011fulay\u0131b ki, hadis\u0259 vaxt\u0131 n\u0259 \u00fcst\u00fcnd\u0259 b\u0131\u00e7aq olub, n\u0259 d\u0259 kimis\u0259 b\u0131\u00e7aqlay\u0131b.<\/p>\n\n\n\n<p><em>\u201cM\u0259n siyasi f\u0259aliyy\u0259tim\u0259 g\u00f6r\u0259 \u015f\u0259rl\u0259nmi\u015f\u0259m\u201d,<\/em> &#8211; \u018flizamin Salayev bildirib.<\/p>\n\n\n\n<p>Onun v\u0259kili Nem\u0259t K\u0259rimli m\u00fcv\u0259kkili bar\u0259sind\u0259 h\u0259bs q\u0259timkan t\u0259dbirinin d\u0259yi\u015fdirilm\u0259sini, onun ev dustaql\u0131\u011f\u0131na burax\u0131lmas\u0131n\u0131 ist\u0259yib. M\u00fcdafi\u0259\u00e7inin s\u00f6zl\u0259rin\u0259 g\u00f6r\u0259, \u018flizamin Salayev haqq\u0131nda h\u0259bs q\u0259timkan t\u0259dbiri se\u00e7ilm\u0259si \u00fc\u00e7\u00fcn he\u00e7 bir \u0259sas yoxdur. O, h\u0259bsd\u0259 saxlanmadan da istintaq davam etdiril\u0259 bil\u0259r.<\/p>\n\n\n\n<p>Lakin hakim Urfan M\u00fcrs\u0259lov v\u0259sat\u0259ti t\u0259min etm\u0259yib, \u018flizamin Salayevin ev dustaql\u0131\u011f\u0131na burax\u0131lmas\u0131ndan imtina olunub.<\/p>\n\n\n\n<p>V\u0259kil Nem\u0259t K\u0259rimli Meydan TV-y\u0259 bildirib ki, Qarada\u011f Rayon M\u0259hk\u0259m\u0259sinin q\u0259rar\u0131ndan apelyasiya \u015fikay\u0259ti ver\u0259c\u0259k.<\/p>\n\n\n\n<p>\u0130ki aya yax\u0131n davam ed\u0259n acl\u0131\u011f\u0131n m\u00fcv\u0259kkilinin s\u0259hh\u0259tind\u0259 ciddi probleml\u0259r yaratd\u0131\u011f\u0131n\u0131 dey\u0259n v\u0259kilinin s\u00f6zl\u0259rin\u0259 g\u00f6r\u0259, \u018flizamin Salayev art\u0131q yerim\u0259kd\u0259 \u00e7\u0259tinlik \u00e7\u0259kir. Buna baxmayaraq, o, h\u0259l\u0259 d\u0259 saxland\u0131\u011f\u0131 Bak\u0131 \u0130stintaq T\u0259cridxanas\u0131nda daimi h\u0259kim n\u0259zar\u0259tind\u0259 deyil \u2013 kamera \u015f\u0259raitind\u0259 saxlan\u0131l\u0131r, t\u0259cridxanan\u0131n tibb-sanitar hiss\u0259sin\u0259 k\u00f6\u00e7\u00fcr\u00fclm\u0259yib:<\/p>\n\n\n\n<p><em>\u201cKifay\u0259t q\u0259d\u0259r ar\u0131qlay\u0131b. Zorla h\u0259r\u0259k\u0259t edir\u201d.<\/em><\/p>\n\n\n\n<p>Buna baxmayaraq, \u018flizamin Salayev acl\u0131\u011f\u0131 davam etdirm\u0259kd\u0259 israrl\u0131 oldu\u011funu deyib.<\/p>\n\n\n<div class=\"wp-block-image\">\n<figure class=\"alignleft size-large is-resized\"><img decoding=\"async\" data-src=\"https:\/\/www.meydan.tv\/wp-content\/uploads\/qaradag-mehkemesi-1098x821.jpg\" alt=\"\" class=\"wp-image-271773 lazyload\" width=\"450\" height=\"336\" src=\"data:image\/svg+xml;base64,PHN2ZyB3aWR0aD0iMSIgaGVpZ2h0PSIxIiB4bWxucz0iaHR0cDovL3d3dy53My5vcmcvMjAwMC9zdmciPjwvc3ZnPg==\" style=\"--smush-placeholder-width: 450px; --smush-placeholder-aspect-ratio: 450\/336;\" \/><figcaption class=\"wp-element-caption\"> Qarada\u011f Rayon M\u0259hk\u0259m\u0259si. Foto: &#8220;Musavat.com&#8221;<\/figcaption><\/figure>\n<\/div>\n\n\n<p>Fevral\u0131n 8-d\u0259 Qarada\u011f rayon M\u0259hk\u0259m\u0259sind\u0259 \u018flizamin Salayev haqq\u0131nda h\u0259bs q\u0259rar\u0131 verilib. O, Cinay\u0259t M\u0259c\u0259ll\u0259sinin 221.3 (silah v\u0259 ya silah qismind\u0259 \u0259\u015fyadan istifad\u0259 etm\u0259kl\u0259 xuliqanl\u0131q) madd\u0259sil\u0259 ittiham olunur.<br>Cinay\u0259t i\u015finin materiallar\u0131nda iddia olunur ki, AXCP f\u0259al\u0131 Natiq S\u00fcleymanov adl\u0131 \u015f\u0259xs\u0259 b\u0131\u00e7aqla x\u0259sar\u0259t yetirib.<br>Lakin m\u0259hk\u0259m\u0259d\u0259 \u018flizamin Salayev deyib ki, bu ittiham yaland\u0131r. Onun s\u00f6zl\u0259rin\u0259 g\u00f6r\u0259, fevral\u0131n 6-da ax\u015fam saatlar\u0131nda \u201cL\u00f6kbatan dair\u0259si\u201d adlanan \u0259razid\u0259 ya\u015fad\u0131\u011f\u0131 Salyan rayonuna qay\u0131tmaq \u00fc\u00e7\u00fcn yol k\u0259nar\u0131nda ma\u015f\u0131n g\u00f6zl\u0259y\u0259rk\u0259n tan\u0131mad\u0131\u011f\u0131 bir n\u0259f\u0259rin s\u00f6y\u00fc\u015f s\u00f6y\u0259-s\u00f6y\u0259 ona t\u0259r\u0259f g\u0259ldiyini g\u00f6r\u00fcb. H\u0259min \u015f\u0259xs q\u0259fild\u0259n \u0259lini cibin\u0259 sal\u0131b b\u0131\u00e7aq \u00e7\u0131xar\u0131b. Bu zaman ba\u015f ver\u0259nl\u0259rin t\u0259xribat oldu\u011funu anlay\u0131b v\u0259 onu it\u0259l\u0259yib uzaqla\u015fmaq ist\u0259y\u0259nd\u0259 \u0259trafdan xeyli adam \u00e7\u0131x\u0131b:<em> \u201cBa\u015fa d\u00fc\u015fd\u00fcm ki, m\u0259ni h\u0259bs el\u0259m\u0259k \u00fc\u00e7\u00fcn plan qurublar\u201d<\/em>.<\/p>\n\n\n\n<p>AXCP-nin f\u0259al \u00fczvl\u0259rind\u0259n olan \u018flizamin Salayev bundan \u00f6nc\u0259 d\u0259f\u0259l\u0259rl\u0259 polis\u0259 m\u00fcqavim\u0259t v\u0259 s. ittihamlarla inzibati qaydada h\u0259bs edilib. 2020-ci il aprelin 20-d\u0259 is\u0259 o, Cinay\u0259t M\u0259c\u0259ll\u0259sinin 147.2 (a\u011f\u0131r cinay\u0259td\u0259 ittiham etm\u0259kl\u0259 b\u00f6htan atma) v\u0259 148-ci (t\u0259hqir) madd\u0259l\u0259ril\u0259 2 il 3 ay azadl\u0131qdan m\u0259hrum edilib. O, h\u0259min vaxt Salyan Rayon Polis \u0130dar\u0259sinin \u0259m\u0259kda\u015f\u0131 H\u0259mz\u0259 \u018fzizovun \u015fikay\u0259ti \u0259sas\u0131nda c\u0259zaland\u0131r\u0131lm\u0131\u015fd\u0131.<\/p>\n\n\n\n<p>\u018flizamin Salayev h\u0259bsind\u0259n bir m\u00fcdd\u0259t \u0259vv\u0259l sosial \u015f\u0259b\u0259k\u0259l\u0259rd\u0259 ad\u0131\u00e7\u0259kil\u0259n polis \u0259m\u0259kda\u015f\u0131yla m\u00fcbahis\u0259sinin videosunu yaym\u0131\u015fd\u0131. H\u0259min videoda c\u0259bh\u0259\u00e7i H\u0259mz\u0259 \u018fzizovu rayonda ya\u015fayan qad\u0131na qar\u015f\u0131 t\u0259cav\u00fcz\u0259 g\u00f6r\u0259 ittiham edirdi.<\/p>\n\n\n\n<p>Video yay\u0131landan az sonra \u018flizamin Salayev inzibati qaydada 30 g\u00fcnl\u00fck h\u0259bs olundu. O, h\u0259min vaxt saxlan\u0131lark\u0259n i\u015fg\u0259nc\u0259y\u0259 m\u0259ruz qald\u0131\u011f\u0131n\u0131, n\u0259tic\u0259d\u0259 s\u0259hh\u0259tind\u0259 ciddi probleml\u0259r yarand\u0131\u011f\u0131n\u0131 bildirmi\u015fdi. \u0130nzibati h\u0259bsd\u0259n \u00e7\u0131xandan az sonra s\u0259hh\u0259tind\u0259ki probleml\u0259rl\u0259 \u0259laq\u0259dar \u0259m\u0259liyyat olunmu\u015fdu.<br>Ard\u0131nca da H\u0259mz\u0259 \u018fzizov ona qar\u015f\u0131 m\u0259hk\u0259m\u0259d\u0259 x\u00fcsusi ittiham qaydas\u0131nda iddia qald\u0131raraq, h\u0259bsini t\u0259l\u0259b etmi\u015fdi.<\/p>\n\n\n\n<p>Videoda haqq\u0131nda b\u0259hs olunan qad\u0131n H\u0259mz\u0259 \u018fzizova b\u0131\u00e7aqla x\u0259sar\u0259t yetirdiyin\u0259 g\u00f6r\u0259 7 il azadl\u0131qdan m\u0259hrum edilib. O, H\u0259mz\u0259 \u018fzizovun ona qar\u015f\u0131 zorak\u0131 h\u0259r\u0259k\u0259tl\u0259rind\u0259n m\u00fcdafi\u0259 olunmaq \u00fc\u00e7\u00fcn onu vurdu\u011funu bildirib. Polis \u0259m\u0259kda\u015f\u0131 is\u0259 haqq\u0131nda deyil\u0259nl\u0259ri t\u0259kzib edib.<\/p>\n\n\n\n<p>\u018flizamin Salayev bir m\u00fcdd\u0259t \u00f6nc\u0259 Milli M\u0259clisin binas\u0131na deputat F\u0259zail A\u011famal\u0131 \u00fc\u00e7\u00fcn ye\u015fikl\u0259rd\u0259 gilas g\u0259tirm\u0259siyl\u0259 d\u0259 g\u00fcnd\u0259m\u0259 g\u0259lmi\u015fdi.<\/p>\n\n\n\n<p><\/p>\n","protected":false},"excerpt":{"rendered":"<p>V\u0259kili onun s\u00f6hh\u0259tind\u0259 problem yarand\u0131\u011f\u0131n\u0131, g\u00fccl\u0259 yeridiyini deyir Mart\u0131n 30-da &#8230; <\/p>\n<p class=\"read-more-container\"><a title=\"M\u0259hk\u0259m\u0259 52 g\u00fcnd\u00fcr acl\u0131q ed\u0259n AXCP f\u0259al\u0131n\u0131 ev dustaql\u0131\u011f\u0131na buraxmaqdan imtina etdi\" class=\"read-more button\" href=\"https:\/\/www.meydan.tv\/az\/article\/mehkeme-53-gundur-acliq-eden-axcp-fealini-ev-dustaqligina-buraxmaqdan-imtina-etdi\/#more-271772\" aria-label=\"Read more about M\u0259hk\u0259m\u0259 52 g\u00fcnd\u00fcr acl\u0131q ed\u0259n AXCP f\u0259al\u0131n\u0131 ev dustaql\u0131\u011f\u0131na buraxmaqdan imtina etdi\">Davam\u0131<\/a><\/p>\n","protected":false},"author":8,"featured_media":232175,"comment_status":"closed","ping_status":"closed","sticky":false,"template":"","format":"standard","meta":{"_acf_changed":false,"_sitemap_exclude":false,"_sitemap_priority":"","_sitemap_frequency":"","footnotes":""},"categories":[59,79,56],"tags":[],"class_list":["post-271772","post","type-post","status-publish","format-standard","has-post-thumbnail","hentry","category-siyaset","category-featured","category-xeberler","infinite-scroll-item","generate-columns","tablet-grid-50","mobile-grid-100","grid-parent","grid-33","no-featured-image-padding"],"acf":[],"yoast_head":"<!-- This site is optimized with the Yoast SEO plugin v27.4 - https:\/\/yoast.com\/product\/yoast-seo-wordpress\/ -->\n<title>M\u0259hk\u0259m\u0259 52 g\u00fcnd\u00fcr acl\u0131q ed\u0259n AXCP f\u0259al\u0131n\u0131 ev dustaql\u0131\u011f\u0131na buraxmaqdan imtina etdi - MEYDAN.TV<\/title>\n<meta name=\"robots\" content=\"index, follow, max-snippet:-1, max-image-preview:large, max-video-preview:-1\" \/>\n<link rel=\"canonical\" href=\"https:\/\/www.meydan.tv\/az\/article\/mehkeme-53-gundur-acliq-eden-axcp-fealini-ev-dustaqligina-buraxmaqdan-imtina-etdi\/\" \/>\n<meta property=\"og:locale\" content=\"az_AZ\" \/>\n<meta property=\"og:type\" content=\"article\" \/>\n<meta property=\"og:title\" content=\"M\u0259hk\u0259m\u0259 52 g\u00fcnd\u00fcr acl\u0131q ed\u0259n AXCP f\u0259al\u0131n\u0131 ev dustaql\u0131\u011f\u0131na buraxmaqdan imtina etdi - MEYDAN.TV\" \/>\n<meta property=\"og:description\" content=\"V\u0259kili onun s\u00f6hh\u0259tind\u0259 problem yarand\u0131\u011f\u0131n\u0131, g\u00fccl\u0259 yeridiyini deyir Mart\u0131n 30-da ... Davam\u0131\" \/>\n<meta property=\"og:url\" content=\"https:\/\/www.meydan.tv\/az\/article\/mehkeme-53-gundur-acliq-eden-axcp-fealini-ev-dustaqligina-buraxmaqdan-imtina-etdi\/\" \/>\n<meta property=\"og:site_name\" content=\"MEYDAN.TV\" \/>\n<meta property=\"article:published_time\" content=\"2023-03-30T12:50:49+00:00\" \/>\n<meta property=\"article:modified_time\" content=\"2023-03-30T12:59:05+00:00\" \/>\n<meta property=\"og:image\" content=\"https:\/\/www.meydan.tv\/wp-content\/uploads\/untitled-design-1-3.jpg\" \/>\n\t<meta property=\"og:image:width\" content=\"1200\" \/>\n\t<meta property=\"og:image:height\" content=\"800\" \/>\n\t<meta property=\"og:image:type\" content=\"image\/jpeg\" \/>\n<meta name=\"author\" content=\"elli\" \/>\n<meta name=\"twitter:card\" content=\"summary_large_image\" \/>\n<meta name=\"twitter:creator\" content=\"@elli\" \/>\n<script type=\"application\/ld+json\" class=\"yoast-schema-graph\">{\"@context\":\"https:\\\/\\\/schema.org\",\"@graph\":[{\"@type\":\"Article\",\"@id\":\"https:\\\/\\\/www.meydan.tv\\\/az\\\/article\\\/mehkeme-53-gundur-acliq-eden-axcp-fealini-ev-dustaqligina-buraxmaqdan-imtina-etdi\\\/#article\",\"isPartOf\":{\"@id\":\"https:\\\/\\\/www.meydan.tv\\\/az\\\/article\\\/mehkeme-53-gundur-acliq-eden-axcp-fealini-ev-dustaqligina-buraxmaqdan-imtina-etdi\\\/\"},\"author\":{\"name\":\"elli\",\"@id\":\"https:\\\/\\\/www.meydan.tv\\\/az\\\/#\\\/schema\\\/person\\\/9cdbecf90d17180ce1dfbd95b08dcf47\"},\"headline\":\"M\u0259hk\u0259m\u0259 52 g\u00fcnd\u00fcr acl\u0131q ed\u0259n AXCP f\u0259al\u0131n\u0131 ev dustaql\u0131\u011f\u0131na buraxmaqdan imtina etdi\",\"datePublished\":\"2023-03-30T12:50:49+00:00\",\"dateModified\":\"2023-03-30T12:59:05+00:00\",\"mainEntityOfPage\":{\"@id\":\"https:\\\/\\\/www.meydan.tv\\\/az\\\/article\\\/mehkeme-53-gundur-acliq-eden-axcp-fealini-ev-dustaqligina-buraxmaqdan-imtina-etdi\\\/\"},\"wordCount\":883,\"publisher\":{\"@id\":\"https:\\\/\\\/www.meydan.tv\\\/az\\\/#organization\"},\"image\":{\"@id\":\"https:\\\/\\\/www.meydan.tv\\\/az\\\/article\\\/mehkeme-53-gundur-acliq-eden-axcp-fealini-ev-dustaqligina-buraxmaqdan-imtina-etdi\\\/#primaryimage\"},\"thumbnailUrl\":\"https:\\\/\\\/www.meydan.tv\\\/wp-content\\\/uploads\\\/untitled-design-1-3.jpg\",\"articleSection\":[\"Siyas\u0259t\",\"T\u00f6vsiy\u0259\",\"X\u0259b\u0259rl\u0259r\"],\"inLanguage\":\"az\"},{\"@type\":\"WebPage\",\"@id\":\"https:\\\/\\\/www.meydan.tv\\\/az\\\/article\\\/mehkeme-53-gundur-acliq-eden-axcp-fealini-ev-dustaqligina-buraxmaqdan-imtina-etdi\\\/\",\"url\":\"https:\\\/\\\/www.meydan.tv\\\/az\\\/article\\\/mehkeme-53-gundur-acliq-eden-axcp-fealini-ev-dustaqligina-buraxmaqdan-imtina-etdi\\\/\",\"name\":\"M\u0259hk\u0259m\u0259 52 g\u00fcnd\u00fcr acl\u0131q ed\u0259n AXCP f\u0259al\u0131n\u0131 ev dustaql\u0131\u011f\u0131na buraxmaqdan imtina etdi - MEYDAN.TV\",\"isPartOf\":{\"@id\":\"https:\\\/\\\/www.meydan.tv\\\/az\\\/#website\"},\"primaryImageOfPage\":{\"@id\":\"https:\\\/\\\/www.meydan.tv\\\/az\\\/article\\\/mehkeme-53-gundur-acliq-eden-axcp-fealini-ev-dustaqligina-buraxmaqdan-imtina-etdi\\\/#primaryimage\"},\"image\":{\"@id\":\"https:\\\/\\\/www.meydan.tv\\\/az\\\/article\\\/mehkeme-53-gundur-acliq-eden-axcp-fealini-ev-dustaqligina-buraxmaqdan-imtina-etdi\\\/#primaryimage\"},\"thumbnailUrl\":\"https:\\\/\\\/www.meydan.tv\\\/wp-content\\\/uploads\\\/untitled-design-1-3.jpg\",\"datePublished\":\"2023-03-30T12:50:49+00:00\",\"dateModified\":\"2023-03-30T12:59:05+00:00\",\"breadcrumb\":{\"@id\":\"https:\\\/\\\/www.meydan.tv\\\/az\\\/article\\\/mehkeme-53-gundur-acliq-eden-axcp-fealini-ev-dustaqligina-buraxmaqdan-imtina-etdi\\\/#breadcrumb\"},\"inLanguage\":\"az\",\"potentialAction\":[{\"@type\":\"ReadAction\",\"target\":[\"https:\\\/\\\/www.meydan.tv\\\/az\\\/article\\\/mehkeme-53-gundur-acliq-eden-axcp-fealini-ev-dustaqligina-buraxmaqdan-imtina-etdi\\\/\"]}]},{\"@type\":\"ImageObject\",\"inLanguage\":\"az\",\"@id\":\"https:\\\/\\\/www.meydan.tv\\\/az\\\/article\\\/mehkeme-53-gundur-acliq-eden-axcp-fealini-ev-dustaqligina-buraxmaqdan-imtina-etdi\\\/#primaryimage\",\"url\":\"https:\\\/\\\/www.meydan.tv\\\/wp-content\\\/uploads\\\/untitled-design-1-3.jpg\",\"contentUrl\":\"https:\\\/\\\/www.meydan.tv\\\/wp-content\\\/uploads\\\/untitled-design-1-3.jpg\",\"width\":1200,\"height\":800,\"caption\":\"Zamin Salayev, M\u0259nb\u0259: R\u00fcf\u0259t S\u0259f\u0259rov\"},{\"@type\":\"BreadcrumbList\",\"@id\":\"https:\\\/\\\/www.meydan.tv\\\/az\\\/article\\\/mehkeme-53-gundur-acliq-eden-axcp-fealini-ev-dustaqligina-buraxmaqdan-imtina-etdi\\\/#breadcrumb\",\"itemListElement\":[{\"@type\":\"ListItem\",\"position\":1,\"name\":\"Ana s\u0259hif\u0259\",\"item\":\"https:\\\/\\\/www.meydan.tv\\\/az\\\/\"},{\"@type\":\"ListItem\",\"position\":2,\"name\":\"Siyas\u0259t\",\"item\":\"https:\\\/\\\/www.meydan.tv\\\/az\\\/section\\\/siyaset\\\/\"},{\"@type\":\"ListItem\",\"position\":3,\"name\":\"M\u0259hk\u0259m\u0259 52 g\u00fcnd\u00fcr acl\u0131q ed\u0259n AXCP f\u0259al\u0131n\u0131 ev dustaql\u0131\u011f\u0131na buraxmaqdan imtina etdi\"}]},{\"@type\":\"WebSite\",\"@id\":\"https:\\\/\\\/www.meydan.tv\\\/az\\\/#website\",\"url\":\"https:\\\/\\\/www.meydan.tv\\\/az\\\/\",\"name\":\"MEYDAN.TV\",\"description\":\"Meydan TV Az\u0259rbaycan\u0131n media m\u0259kan\u0131ndak\u0131 alternativ s\u0259sidir\",\"publisher\":{\"@id\":\"https:\\\/\\\/www.meydan.tv\\\/az\\\/#organization\"},\"potentialAction\":[{\"@type\":\"SearchAction\",\"target\":{\"@type\":\"EntryPoint\",\"urlTemplate\":\"https:\\\/\\\/www.meydan.tv\\\/az\\\/?s={search_term_string}\"},\"query-input\":{\"@type\":\"PropertyValueSpecification\",\"valueRequired\":true,\"valueName\":\"search_term_string\"}}],\"inLanguage\":\"az\"},{\"@type\":\"Organization\",\"@id\":\"https:\\\/\\\/www.meydan.tv\\\/az\\\/#organization\",\"name\":\"Meydan TV\",\"url\":\"https:\\\/\\\/www.meydan.tv\\\/az\\\/\",\"logo\":{\"@type\":\"ImageObject\",\"inLanguage\":\"az\",\"@id\":\"https:\\\/\\\/www.meydan.tv\\\/az\\\/#\\\/schema\\\/logo\\\/image\\\/\",\"url\":\"https:\\\/\\\/www.meydan.tv\\\/wp-content\\\/uploads\\\/2021\\\/07\\\/meydan-logo.svg\",\"contentUrl\":\"https:\\\/\\\/www.meydan.tv\\\/wp-content\\\/uploads\\\/2021\\\/07\\\/meydan-logo.svg\",\"width\":195,\"height\":46,\"caption\":\"Meydan TV\"},\"image\":{\"@id\":\"https:\\\/\\\/www.meydan.tv\\\/az\\\/#\\\/schema\\\/logo\\\/image\\\/\"}},{\"@type\":\"Person\",\"@id\":\"https:\\\/\\\/www.meydan.tv\\\/az\\\/#\\\/schema\\\/person\\\/9cdbecf90d17180ce1dfbd95b08dcf47\",\"name\":\"elli\",\"sameAs\":[\"https:\\\/\\\/x.com\\\/elli\"]}]}<\/script>\n<!-- \/ Yoast SEO plugin. -->","yoast_head_json":{"title":"M\u0259hk\u0259m\u0259 52 g\u00fcnd\u00fcr acl\u0131q ed\u0259n AXCP f\u0259al\u0131n\u0131 ev dustaql\u0131\u011f\u0131na buraxmaqdan imtina etdi - MEYDAN.TV","robots":{"index":"index","follow":"follow","max-snippet":"max-snippet:-1","max-image-preview":"max-image-preview:large","max-video-preview":"max-video-preview:-1"},"canonical":"https:\/\/www.meydan.tv\/az\/article\/mehkeme-53-gundur-acliq-eden-axcp-fealini-ev-dustaqligina-buraxmaqdan-imtina-etdi\/","og_locale":"az_AZ","og_type":"article","og_title":"M\u0259hk\u0259m\u0259 52 g\u00fcnd\u00fcr acl\u0131q ed\u0259n AXCP f\u0259al\u0131n\u0131 ev dustaql\u0131\u011f\u0131na buraxmaqdan imtina etdi - MEYDAN.TV","og_description":"V\u0259kili onun s\u00f6hh\u0259tind\u0259 problem yarand\u0131\u011f\u0131n\u0131, g\u00fccl\u0259 yeridiyini deyir Mart\u0131n 30-da ... Davam\u0131","og_url":"https:\/\/www.meydan.tv\/az\/article\/mehkeme-53-gundur-acliq-eden-axcp-fealini-ev-dustaqligina-buraxmaqdan-imtina-etdi\/","og_site_name":"MEYDAN.TV","article_published_time":"2023-03-30T12:50:49+00:00","article_modified_time":"2023-03-30T12:59:05+00:00","og_image":[{"width":1200,"height":800,"url":"https:\/\/www.meydan.tv\/wp-content\/uploads\/untitled-design-1-3.jpg","type":"image\/jpeg"}],"author":"elli","twitter_card":"summary_large_image","twitter_creator":"@elli","schema":{"@context":"https:\/\/schema.org","@graph":[{"@type":"Article","@id":"https:\/\/www.meydan.tv\/az\/article\/mehkeme-53-gundur-acliq-eden-axcp-fealini-ev-dustaqligina-buraxmaqdan-imtina-etdi\/#article","isPartOf":{"@id":"https:\/\/www.meydan.tv\/az\/article\/mehkeme-53-gundur-acliq-eden-axcp-fealini-ev-dustaqligina-buraxmaqdan-imtina-etdi\/"},"author":{"name":"elli","@id":"https:\/\/www.meydan.tv\/az\/#\/schema\/person\/9cdbecf90d17180ce1dfbd95b08dcf47"},"headline":"M\u0259hk\u0259m\u0259 52 g\u00fcnd\u00fcr acl\u0131q ed\u0259n AXCP f\u0259al\u0131n\u0131 ev dustaql\u0131\u011f\u0131na buraxmaqdan imtina etdi","datePublished":"2023-03-30T12:50:49+00:00","dateModified":"2023-03-30T12:59:05+00:00","mainEntityOfPage":{"@id":"https:\/\/www.meydan.tv\/az\/article\/mehkeme-53-gundur-acliq-eden-axcp-fealini-ev-dustaqligina-buraxmaqdan-imtina-etdi\/"},"wordCount":883,"publisher":{"@id":"https:\/\/www.meydan.tv\/az\/#organization"},"image":{"@id":"https:\/\/www.meydan.tv\/az\/article\/mehkeme-53-gundur-acliq-eden-axcp-fealini-ev-dustaqligina-buraxmaqdan-imtina-etdi\/#primaryimage"},"thumbnailUrl":"https:\/\/www.meydan.tv\/wp-content\/uploads\/untitled-design-1-3.jpg","articleSection":["Siyas\u0259t","T\u00f6vsiy\u0259","X\u0259b\u0259rl\u0259r"],"inLanguage":"az"},{"@type":"WebPage","@id":"https:\/\/www.meydan.tv\/az\/article\/mehkeme-53-gundur-acliq-eden-axcp-fealini-ev-dustaqligina-buraxmaqdan-imtina-etdi\/","url":"https:\/\/www.meydan.tv\/az\/article\/mehkeme-53-gundur-acliq-eden-axcp-fealini-ev-dustaqligina-buraxmaqdan-imtina-etdi\/","name":"M\u0259hk\u0259m\u0259 52 g\u00fcnd\u00fcr acl\u0131q ed\u0259n AXCP f\u0259al\u0131n\u0131 ev dustaql\u0131\u011f\u0131na buraxmaqdan imtina etdi - MEYDAN.TV","isPartOf":{"@id":"https:\/\/www.meydan.tv\/az\/#website"},"primaryImageOfPage":{"@id":"https:\/\/www.meydan.tv\/az\/article\/mehkeme-53-gundur-acliq-eden-axcp-fealini-ev-dustaqligina-buraxmaqdan-imtina-etdi\/#primaryimage"},"image":{"@id":"https:\/\/www.meydan.tv\/az\/article\/mehkeme-53-gundur-acliq-eden-axcp-fealini-ev-dustaqligina-buraxmaqdan-imtina-etdi\/#primaryimage"},"thumbnailUrl":"https:\/\/www.meydan.tv\/wp-content\/uploads\/untitled-design-1-3.jpg","datePublished":"2023-03-30T12:50:49+00:00","dateModified":"2023-03-30T12:59:05+00:00","breadcrumb":{"@id":"https:\/\/www.meydan.tv\/az\/article\/mehkeme-53-gundur-acliq-eden-axcp-fealini-ev-dustaqligina-buraxmaqdan-imtina-etdi\/#breadcrumb"},"inLanguage":"az","potentialAction":[{"@type":"ReadAction","target":["https:\/\/www.meydan.tv\/az\/article\/mehkeme-53-gundur-acliq-eden-axcp-fealini-ev-dustaqligina-buraxmaqdan-imtina-etdi\/"]}]},{"@type":"ImageObject","inLanguage":"az","@id":"https:\/\/www.meydan.tv\/az\/article\/mehkeme-53-gundur-acliq-eden-axcp-fealini-ev-dustaqligina-buraxmaqdan-imtina-etdi\/#primaryimage","url":"https:\/\/www.meydan.tv\/wp-content\/uploads\/untitled-design-1-3.jpg","contentUrl":"https:\/\/www.meydan.tv\/wp-content\/uploads\/untitled-design-1-3.jpg","width":1200,"height":800,"caption":"Zamin Salayev, M\u0259nb\u0259: R\u00fcf\u0259t S\u0259f\u0259rov"},{"@type":"BreadcrumbList","@id":"https:\/\/www.meydan.tv\/az\/article\/mehkeme-53-gundur-acliq-eden-axcp-fealini-ev-dustaqligina-buraxmaqdan-imtina-etdi\/#breadcrumb","itemListElement":[{"@type":"ListItem","position":1,"name":"Ana s\u0259hif\u0259","item":"https:\/\/www.meydan.tv\/az\/"},{"@type":"ListItem","position":2,"name":"Siyas\u0259t","item":"https:\/\/www.meydan.tv\/az\/section\/siyaset\/"},{"@type":"ListItem","position":3,"name":"M\u0259hk\u0259m\u0259 52 g\u00fcnd\u00fcr acl\u0131q ed\u0259n AXCP f\u0259al\u0131n\u0131 ev dustaql\u0131\u011f\u0131na buraxmaqdan imtina etdi"}]},{"@type":"WebSite","@id":"https:\/\/www.meydan.tv\/az\/#website","url":"https:\/\/www.meydan.tv\/az\/","name":"MEYDAN.TV","description":"Meydan TV Az\u0259rbaycan\u0131n media m\u0259kan\u0131ndak\u0131 alternativ s\u0259sidir","publisher":{"@id":"https:\/\/www.meydan.tv\/az\/#organization"},"potentialAction":[{"@type":"SearchAction","target":{"@type":"EntryPoint","urlTemplate":"https:\/\/www.meydan.tv\/az\/?s={search_term_string}"},"query-input":{"@type":"PropertyValueSpecification","valueRequired":true,"valueName":"search_term_string"}}],"inLanguage":"az"},{"@type":"Organization","@id":"https:\/\/www.meydan.tv\/az\/#organization","name":"Meydan TV","url":"https:\/\/www.meydan.tv\/az\/","logo":{"@type":"ImageObject","inLanguage":"az","@id":"https:\/\/www.meydan.tv\/az\/#\/schema\/logo\/image\/","url":"https:\/\/www.meydan.tv\/wp-content\/uploads\/2021\/07\/meydan-logo.svg","contentUrl":"https:\/\/www.meydan.tv\/wp-content\/uploads\/2021\/07\/meydan-logo.svg","width":195,"height":46,"caption":"Meydan TV"},"image":{"@id":"https:\/\/www.meydan.tv\/az\/#\/schema\/logo\/image\/"}},{"@type":"Person","@id":"https:\/\/www.meydan.tv\/az\/#\/schema\/person\/9cdbecf90d17180ce1dfbd95b08dcf47","name":"elli","sameAs":["https:\/\/x.com\/elli"]}]}},"_links":{"self":[{"href":"https:\/\/www.meydan.tv\/az\/wp-json\/wp\/v2\/posts\/271772","targetHints":{"allow":["GET"]}}],"collection":[{"href":"https:\/\/www.meydan.tv\/az\/wp-json\/wp\/v2\/posts"}],"about":[{"href":"https:\/\/www.meydan.tv\/az\/wp-json\/wp\/v2\/types\/post"}],"author":[{"embeddable":true,"href":"https:\/\/www.meydan.tv\/az\/wp-json\/wp\/v2\/users\/8"}],"replies":[{"embeddable":true,"href":"https:\/\/www.meydan.tv\/az\/wp-json\/wp\/v2\/comments?post=271772"}],"version-history":[{"count":2,"href":"https:\/\/www.meydan.tv\/az\/wp-json\/wp\/v2\/posts\/271772\/revisions"}],"predecessor-version":[{"id":271779,"href":"https:\/\/www.meydan.tv\/az\/wp-json\/wp\/v2\/posts\/271772\/revisions\/271779"}],"wp:featuredmedia":[{"embeddable":true,"href":"https:\/\/www.meydan.tv\/az\/wp-json\/wp\/v2\/media\/232175"}],"wp:attachment":[{"href":"https:\/\/www.meydan.tv\/az\/wp-json\/wp\/v2\/media?parent=271772"}],"wp:term":[{"taxonomy":"category","embeddable":true,"href":"https:\/\/www.meydan.tv\/az\/wp-json\/wp\/v2\/categories?post=271772"},{"taxonomy":"post_tag","embeddable":true,"href":"https:\/\/www.meydan.tv\/az\/wp-json\/wp\/v2\/tags?post=271772"}],"curies":[{"name":"wp","href":"https:\/\/api.w.org\/{rel}","templated":true}]}}