{"id":271747,"date":"2023-03-30T15:06:55","date_gmt":"2023-03-30T11:06:55","guid":{"rendered":"https:\/\/www.meydan.tv\/?p=271747"},"modified":"2023-03-30T15:06:58","modified_gmt":"2023-03-30T11:06:58","slug":"nermin-isinde-yeni-muemmalar-yanmis-geyimler-eyni-vaxtda-iki-muxtelif-nazirlikde-nece-arasdirila-bilerdi","status":"publish","type":"post","link":"https:\/\/www.meydan.tv\/az\/article\/nermin-isinde-yeni-muemmalar-yanmis-geyimler-eyni-vaxtda-iki-muxtelif-nazirlikde-nece-arasdirila-bilerdi\/","title":{"rendered":"\u201cN\u0259rmin i\u015fi\u201dnd\u0259 yeni m\u00fc\u0259mmalar: yanm\u0131\u015f geyiml\u0259r eyni vaxtda iki m\u00fcxt\u0259lif nazirlikd\u0259 nec\u0259 ara\u015fd\u0131r\u0131la bil\u0259rdi?"},"content":{"rendered":"\n<p><\/p>\n\n\n\n<p><strong><em>Hadis\u0259 yerind\u0259n tap\u0131lmayan par\u00e7a v\u0259 geyiml\u0259rl\u0259 ba\u011fl\u0131 ekspert r\u0259yi var<\/em><\/strong><\/p>\n\n\n\n<p>Tovuz rayonunun Dondar Qu\u015f\u00e7u k\u0259ndind\u0259 10 ya\u015fl\u0131 N\u0259rmin Quliyevan\u0131 o\u011furlay\u0131b \u00f6ld\u00fcrm\u0259kd\u0259, meyiti is\u0259 yand\u0131rmaqda ittiham olunan \u0130lkin S\u00fcleymanovla ba\u011fl\u0131 cinay\u0259t i\u015find\u0259 \u0259n \u00e7ox m\u00fcbahis\u0259 yaradan m\u0259qamlardan biri d\u0259 ekspertiza r\u0259yl\u0259ridir. Bu s\u0259b\u0259bd\u0259n onun v\u0259kill\u0259ri r\u0259y vermi\u015f ekspertl\u0259rin m\u0259hk\u0259m\u0259d\u0259 dindirilm\u0259si haqda v\u0259sat\u0259t qald\u0131rm\u0131\u015fd\u0131lar. M\u00fcdafi\u0259 t\u0259r\u0259finin dindirilm\u0259sind\u0259 israrl\u0131 oldu\u011fu ekspertl\u0259rd\u0259n biri \u018fdliyy\u0259 Nazirliyinin Ekspertiza M\u0259rk\u0259zinin \u0259m\u0259kda\u015f\u0131 Aysel Cavadova idi. O, mart\u0131n 29-da m\u0259hk\u0259m\u0259d\u0259 dindirilib.<\/p>\n\n\n\n<p>\u0130lkin S\u00fcleymanovun i\u015fin\u0259 G\u0259nc\u0259 A\u011f\u0131r Cinay\u0259tl\u0259r M\u0259hk\u0259m\u0259sind\u0259 Dada\u015f \u0130manovun s\u0259drliyil\u0259 bax\u0131l\u0131r. Aysel Cavadova paltarlar v\u0259 ba\u015fqa predmetl\u0259r, onlar\u0131n \u00fcz\u0259rind\u0259n lifl\u0259rin tap\u0131lmas\u0131 v\u0259 s. haqda r\u0259y verib.<\/p>\n\n\n\n<p>O, m\u0259hk\u0259m\u0259d\u0259 v\u0259kill\u0259rin suallar\u0131n\u0131 cavabland\u0131rark\u0259n bildirib ki, hadis\u0259 yerind\u0259n (meyitin yand\u0131r\u0131ld\u0131\u011f\u0131 yerd\u0259n) tap\u0131lan materiallar\u0131 2020-ci il yanvar\u0131n 17-d\u0259n fevral\u0131n 17-n\u0259 q\u0259d\u0259r t\u0259dqiq edib v\u0259 r\u0259y verib. O, r\u0259yind\u0259 hadis\u0259 yerind\u0259n tap\u0131lan predmetl\u0259rd\u0259 &#8211; N\u0259rmin Quliyevaya m\u0259xsus oldu\u011fu iddia edil\u0259n paltarlarda \u0130lkin S\u00fcleymanovun g\u00f6d\u0259k\u00e7\u0259sinin lifinin tap\u0131lmas\u0131 haqda r\u0259y verib. H\u0259m\u00e7inin \u0130lkin S\u00fcleymanovun alt isti tuman-k\u00f6yn\u0259yind\u0259 N\u0259rmin Quliyevan\u0131n paltar\u0131n\u0131n lifinin tap\u0131lmas\u0131 haqda r\u0259yi var v\u0259 s.<\/p>\n\n\n\n<p>\u0130lkin S\u00fcleymanovun v\u0259kill\u0259ri Aysel Cavadovan\u0131n n\u0259z\u0259rin\u0259 \u00e7atd\u0131r\u0131b ki, cinay\u0259t i\u015finin materiallar\u0131nda S\u0259hiyy\u0259 Nazirliyinin ekspertl\u0259rinin patoloji v\u0259 bioloji ekspertiza r\u0259yi var. H\u0259min r\u0259yd\u0259n is\u0259 g\u00f6r\u00fcn\u00fcr ki, Aysel Cavadovan\u0131n t\u0259dqiq etdiyi materiallar yanvar\u0131n 13-d\u0259n fevral\u0131n 21-n\u0259 q\u0259d\u0259r S\u0259hiyy\u0259 Nazirliyinin ekspertl\u0259rind\u0259 olub.<\/p>\n\n\n\n<p>\u201cBu materiallar eyni vaxtda h\u0259m sizd\u0259, h\u0259m d\u0259 onlarda ola bilm\u0259zdi. S\u0259hiyy\u0259 Nazirliyinin r\u0259yind\u0259n g\u00f6r\u00fcn\u00fcr ki, materiallar h\u0259l\u0259 yanvar\u0131n 13-d\u0259n onlarda olub, 24-n\u0259 q\u0259d\u0259r t\u0259dqiqat apar\u0131blar, ard\u0131nca da r\u0259yi haz\u0131rlay\u0131blar. Fevral\u0131n 21-d\u0259 prokurorlu\u011fa t\u0259hvil veribl\u0259r. Siz d\u0259 deyirsiniz ki, yox, yanvar\u0131n 21-d\u0259 bizd\u0259 olub. Bu ziddiyy\u0259ti nec\u0259 izah edirsiniz?\u201d, &#8211; v\u0259kil \u018flibaba Rzayev \u018fdliyy\u0259 Nazirliyinin ekspertind\u0259n soru\u015fub.<\/p>\n\n\n\n<p>O, cavab\u0131nda bildirib ki, materiallar onda olub.<\/p>\n\n\n\n<p>Ard\u0131nca v\u0259kil vur\u011fulay\u0131b ki, m\u0259hk\u0259m\u0259 m\u00fctl\u0259q bu ziddiyy\u0259ti ara\u015fd\u0131rmal\u0131, ayd\u0131nl\u0131q g\u0259tirm\u0259lidir. Ekspertiza r\u0259yl\u0259rind\u0259n birinin saxta oldu\u011fu d\u0259qiqdir.<\/p>\n\n\n\n<p>Dig\u0259r v\u0259kil Zabil Q\u0259hr\u0259manov ekspert Aysel Cavadovan\u0131n n\u0259z\u0259rin\u0259 \u00e7atd\u0131r\u0131b ki, o, hadis\u0259 yerind\u0259n tap\u0131lmayan, hadis\u0259 yerinin m\u00fcayin\u0259 protokolunda olmayan, ba\u015fqa s\u00f6zl\u0259, r\u0259smi qaydada m\u00fcst\u0259ntiqin ona t\u0259qdim etm\u0259diyi predmetl\u0259rl\u0259 ba\u011fl\u0131 r\u0259y verib. H\u0259min predmetl\u0259ri is\u0259 haradan, nec\u0259, hans\u0131 qaydada, hans\u0131 \u015f\u0259raitd\u0259 ald\u0131\u011f\u0131 m\u0259lum deyil. Konkret olaraq, s\u0259n\u0259dl\u0259rd\u0259 g\u00f6st\u0259rdiyi q\u0131rm\u0131z\u0131 \u0259ski par\u00e7as\u0131, cins par\u00e7adan lasind\u0259n s\u00f6hb\u0259t gedir. Bunlar\u0131n he\u00e7 biri hadis\u0259 yerind\u0259n tap\u0131lmay\u0131b. H\u0259r halda, hadis\u0259 yerind\u0259n tap\u0131lan \u0259\u015fyalarla ba\u011fl\u0131 protokolda yoxdur.<\/p>\n\n\n\n<p>Aysel Cavadova bildirib ki, m\u00fcst\u0259ntiqin ona t\u0259qdim etdiyi kis\u0259ni a\u00e7anda onun i\u00e7ind\u0259 g\u00f6r\u00fcb. V\u0259kil \u018flibaba Rzayev bildirib ki, i\u015f materiallar\u0131nda h\u0259min kis\u0259nin a\u00e7\u0131q \u015f\u0259kild\u0259 \u00e7\u0259kilmi\u015f fotosu var. Onun i\u00e7\u0259risind\u0259 he\u00e7 n\u0259 g\u00f6r\u00fcnm\u00fcr. \u018fg\u0259r n\u0259s\u0259 olsayd\u0131, m\u00fcst\u0259ntiq \u00f6z\u00fc d\u0259 g\u00f6r\u0259rdi v\u0259 protokolda qeyd ed\u0259rdi:<\/p>\n\n\n\n<p><em>\u201cSizinl\u0259 yana\u015f\u0131, birlikd\u0259 \u00e7al\u0131\u015fd\u0131\u011f\u0131n\u0131z ekspert Zemfira xan\u0131m da o kis\u0259nin i\u00e7in\u0259 bax\u0131b v\u0259 r\u0259y verib. Lakin onun r\u0259yind\u0259n g\u00f6r\u00fcn\u00fcr ki, sizd\u0259n f\u0259rqli olaraq, o kis\u0259nin i\u00e7ind\u0259 kis\u0259 qal\u0131qlar\u0131 v\u0259 qara par\u00e7adan ba\u015fqa he\u00e7 n\u0259 tapmay\u0131b\u201d.<\/em><\/p>\n\n\n\n<p>Aysel Cavadova israr edib ki, oradan q\u0131rm\u0131z\u0131 \u0259ski par\u00e7as\u0131, \u00e7ins lasin d\u0259 daxil olmaqla, 5 \u0259lav\u0259 predmet tap\u0131b.<br>M\u0259s\u0259l\u0259 buras\u0131ndad\u0131r ki, Aysel Cavadova h\u0259m d\u0259 cins lasinin \u00fcz\u0259rind\u0259n \u0130lkin S\u00fcleymanovun g\u00f6d\u0259k\u00e7\u0259sin\u0259 aid lifin tap\u0131lmas\u0131, \u00fcz\u0259rind\u0259 q\u0131rm\u0131z\u0131 qan l\u0259k\u0259si olan par\u00e7an\u0131n is\u0259 \u0130lkin S\u00fcleymanovun bac\u0131s\u0131n\u0131n evind\u0259n g\u00f6t\u00fcr\u00fcl\u0259n yor\u011fan \u00fcz\u00fc il\u0259 eyni par\u00e7adan olmas\u0131 haqda r\u0259y verib.<\/p>\n\n\n\n<p>V\u0259kill\u0259r v\u0259sat\u0259t vermi\u015fdi ki, hadis\u0259 yerind\u0259n g\u00f6t\u00fcr\u00fclm\u00fc\u015f maddi s\u00fcbutlar m\u0259hk\u0259m\u0259 zal\u0131na g\u0259tirilsin, r\u0259y vermi\u015f Aysel Cavadovan\u0131n i\u015ftirak\u0131yla ara\u015fd\u0131r\u0131ls\u0131n. Maddi s\u00fcbutlar torbalarda m\u0259hk\u0259m\u0259 zal\u0131na g\u0259tirilib. V\u0259kill\u0259r prokurorun v\u0259 ekspertin i\u015ftirak\u0131yla torbalara bax\u0131\u015f ke\u00e7ir\u0259nd\u0259 m\u0259lum olub ki, onlar\u0131n saxlanma qaydas\u0131 pozulub. V\u0259kill\u0259r buna etiraz edib.<\/p>\n\n\n\n<p><em>\u201cBu, n\u0259dir, n\u0259 m\u00f6h\u00fcr var, ham\u0131s\u0131n\u0131n da a\u011fz\u0131 a\u00e7\u0131qd\u0131r? Maddi s\u00fcbutlar\u0131 bel\u0259 saxlay\u0131rlar? Bizim tam haqq\u0131m\u0131z var dey\u0259k ki, maddi s\u00fcbutlara m\u00fcdaxil\u0259 olunub, saxtala\u015fd\u0131r\u0131l\u0131b&#8230;\u201d<\/em>, v\u0259kill\u0259r etirazlar\u0131n\u0131 bildirib.<\/p>\n\n\n\n<p>V\u0259kill\u0259r \u0130lkin S\u00fcleymanovun bac\u0131s\u0131 K\u0259mal\u0259 M\u0259mm\u0259dovan\u0131n evind\u0259n g\u00f6t\u00fcr\u00fclm\u00fc\u015f q\u0131rm\u0131z\u0131 yor\u011fan \u00fcz\u00fcn\u00fcn maddi s\u00fcbutlar aras\u0131ndan \u00e7\u0131xar\u0131lmas\u0131n\u0131 v\u0259 yanm\u0131\u015f ki\u00e7ik \u0259ski par\u00e7as\u0131yla m\u00fcqayis\u0259 olunmas\u0131n\u0131 ist\u0259yibl\u0259r. Bu zaman m\u0259lum olub ki, yor\u011fan \u00fcz\u00fcn\u00fcn bir hiss\u0259si k\u0259silib.<\/p>\n\n\n\n<p><em>\u201cNiy\u0259 k\u0259sibl\u0259r evd\u0259n g\u00f6t\u00fcr\u00fclm\u00fc\u015f yor\u011fan \u00fcz\u00fcn\u00fc? Saxta s\u00fcbut yaratmaq \u00fc\u00e7\u00fcn? Yand\u0131r\u0131b, sonra i\u015fin i\u00e7in\u0259 s\u00fcbut qoymaq \u00fc\u00e7\u00fcn? \u018fg\u0259r \u0259vv\u0259ld\u0259n var idis\u0259, niy\u0259 hadis\u0259 yerind\u0259 olmam\u0131\u015fd\u0131? Niy\u0259 hadis\u0259 yerinin m\u00fcayin\u0259 protokolunda yox idi? Dem\u0259li, i\u015fin i\u00e7in\u0259 sonradan \u0259lav\u0259 olunub\u201d, &#8211;<\/em> v\u0259kill\u0259r etiraz edibl\u0259r.<\/p>\n\n\n\n<p>Cinay\u0259t i\u015finin materiallar\u0131nda iddia olunur ki, \u0130lkin S\u00fcleymanov N\u0259rmin Quliyevan\u0131n ba\u015f\u0131na da\u015fla vuraraq onu q\u0259tl\u0259 yetirib. Ba\u015f\u0131ndan qan axanda is\u0259 q\u0131rm\u0131z\u0131 \u0259ski par\u00e7as\u0131n\u0131 onun ba\u015f nahiy\u0259sin\u0259 qoyub, qan\u0131n qar\u015f\u0131s\u0131n\u0131 al\u0131b.<br>M\u0259hk\u0259m\u0259 prosesi aprelin 4-d\u0259 davam ed\u0259c\u0259k.<\/p>\n\n\n\n<p><strong>\u201c\u0130lkin S\u00fcleymanovun g\u00f6d\u0259k\u00e7\u0259sini o geyiml\u0259r\u0259 s\u00fcrt\u00fcbl\u0259r ki, saxta s\u00fcbut yarats\u0131nlar\u201d<\/strong><\/p>\n\n\n\n<p>\u0130lkin S\u00fcleymanovun v\u0259kili \u018flibaba Rzayev Meydan TV-y\u0259 bildirib ki, cinay\u0259t i\u015finin materiallar\u0131nda hadis\u0259 yerind\u0259n g\u00f6t\u00fcr\u00fclm\u00fc\u015f maddi s\u00fcbutlar\u0131n eyni vaxtda iki deyil, \u00fc\u00e7 f\u0259rqli m\u0259kanda oldu\u011funu g\u00f6st\u0259r\u0259n s\u0259n\u0259dl\u0259r, ekspert r\u0259yl\u0259ri var. \u00dc\u00e7\u00fcnc\u00fc ekspert r\u0259yini is\u0259 n\u00f6vb\u0259ti m\u0259hk\u0259m\u0259 iclaslar\u0131ndan birind\u0259 a\u00e7\u0131qlayacaqlar:<\/p>\n\n\n\n<p><em>\u201cBu cinay\u0259t i\u015find\u0259 saxtakarl\u0131qlar saymaqla bitmir. Bu da onlardan biridir. \u018fslind\u0259, indiy\u0259 q\u0259d\u0259r ortaya qoyulanlar yet\u0259rlidir ki, \u0130lkin S\u00fcleymanov haqq\u0131nda b\u0259ra\u0259t h\u00f6km\u00fc \u00e7\u0131xar\u0131ls\u0131n. T\u0259s\u0259vv\u00fcr edin, nec\u0259 ola bil\u0259r ki, m\u00fcst\u0259ntiq g\u00f6rm\u0259di, \u00e7\u0259kil\u0259n fotolarda yoxdur, ba\u015fqa ekspert g\u00f6rm\u0259di, sonradan birc\u0259 Aysel Cavadova g\u00f6rd\u00fc q\u0131rm\u0131z\u0131 \u0259ski par\u00e7as\u0131n\u0131, cins lasin par\u00e7as\u0131n\u0131. Nec\u0259 olur, \u0130lkinin g\u00f6d\u0259k\u00e7\u0259sinin lifi o geyiml\u0259r\u0259 \u00e7\u0131x\u0131r, o geyiml\u0259rin lifi g\u00f6d\u0259k\u00e7\u0259nin \u00fcst\u00fcnd\u0259 \u00e7\u0131xm\u0131r? Hesab edirik ki, sonradan g\u0259tirib \u0130lkinin g\u00f6d\u0259k\u00e7\u0259sini s\u00fcrt\u00fcbl\u0259r o geyiml\u0259r\u0259, r\u0259y al\u0131blar ki, hadis\u0259 yerind\u0259n tap\u0131lan paltarlarda g\u00f6d\u0259k\u00e7\u0259nin lifi tap\u0131ld\u0131. Ne\u00e7\u0259 ki, evd\u0259n g\u00f6t\u00fcr\u00fclm\u00fc\u015f yor\u011fan \u00fcz\u00fcn\u00fcn bir par\u00e7as\u0131 k\u0259silib. O qanl\u0131 par\u00e7a vard\u0131sa, hadis\u0259 yerind\u0259n tap\u0131lm\u0131\u015fd\u0131sa, protokolda niy\u0259 yoxdur? O q\u0259d\u0259r adam\u0131n g\u00f6z\u00fc hara bax\u0131rd\u0131? \u015e\u0259kill\u0259rd\u0259 niy\u0259 yoxdur? \u018fn \u0259sas\u0131, evd\u0259n g\u00f6t\u00fcr\u00fclm\u00fc\u015f par\u00e7a niy\u0259 k\u0259silib? Ham\u0131s\u0131 saxta s\u00fcbut yaratmaqdan \u00f6tr\u00fc&#8230;\u201d<\/em>.<\/p>\n\n\n\n<p><strong>Tarix\u00e7\u0259<\/strong><\/p>\n\n\n\n<p>1973-c\u00fc il t\u0259v\u0259ll\u00fcdl\u00fc \u0130lkin S\u00fcleymanov Cinay\u0259t M\u0259c\u0259ll\u0259sinin 120.2.4 (x\u00fcsusi amans\u0131zl\u0131qla q\u0259sd\u0259n adam \u00f6ld\u00fcrm\u0259), 120.2.9 (t\u0259qsirkar \u015f\u0259xs \u00fc\u00e7\u00fcn a\u015fkar sur\u0259td\u0259 k\u00f6m\u0259ksiz v\u0259ziyy\u0259td\u0259 olan adam\u0131 q\u0259sd\u0259n \u00f6ld\u00fcrm\u0259), 133.2.1 (o\u011furlanm\u0131\u015f \u015f\u0259xs\u0259 \u0259zab verm\u0259), 133.2.4 (yetkinlik ya\u015f\u0131na \u00e7atmayan, k\u00f6m\u0259ksiz v\u0259ziyy\u0259td\u0259 olan \u015f\u0259xs\u0259 \u0259zab verm\u0259), 144-c\u00fc (adam o\u011furlu\u011fu) madd\u0259l\u0259ril\u0259 ittiham olunur.<\/p>\n\n\n\n<p>\u0130ttihama \u0259sas\u0259n, o, sinif yolda\u015f\u0131 \u015e\u0259rif Quliyevin ail\u0259si, u\u015faqlar\u0131 oldu\u011funa g\u00f6r\u0259 onu q\u0131sqan\u0131b, buna g\u00f6r\u0259 d\u0259 onun q\u0131z\u0131 N\u0259rmini o\u011furlayaraq, 47 g\u00fcn sonra q\u0259tl\u0259 yetirib.<\/p>\n\n\n\n<p>\u0130lkin S\u00fcleymanov is\u0259 azya\u015fl\u0131n\u0131n \u00f6l\u00fcm\u00fcn\u0259 aidiyy\u0259ti olmad\u0131\u011f\u0131n\u0131 deyir. \u0130lkin ifad\u0259sind\u0259ki etirafa g\u0259linc\u0259, o bildirib ki, 2020-ci il yanvar\u0131n 6-dan 10-na q\u0259d\u0259r Tovuz rayon Polis \u015e\u00f6b\u0259sind\u0259 i\u015fg\u0259nc\u0259y\u0259 m\u0259ruz qal\u0131b. D\u00f6rd g\u00fcn sonra i\u015fg\u0259nc\u0259l\u0259r\u0259 d\u00f6zm\u0259y\u0259r\u0259k, etiraf ifad\u0259sin\u0259 imza atma\u011fa m\u0259cbur olub.<br>Ba\u015f Prokurorluq is\u0259 i\u015fg\u0259nc\u0259 iddialar\u0131n\u0131 t\u0259kzib edib.<\/p>\n","protected":false},"excerpt":{"rendered":"<p>Hadis\u0259 yerind\u0259n tap\u0131lmayan par\u00e7a v\u0259 geyiml\u0259rl\u0259 ba\u011fl\u0131 ekspert r\u0259yi var &#8230; <\/p>\n<p class=\"read-more-container\"><a title=\"\u201cN\u0259rmin i\u015fi\u201dnd\u0259 yeni m\u00fc\u0259mmalar: yanm\u0131\u015f geyiml\u0259r eyni vaxtda iki m\u00fcxt\u0259lif nazirlikd\u0259 nec\u0259 ara\u015fd\u0131r\u0131la bil\u0259rdi?\" class=\"read-more button\" href=\"https:\/\/www.meydan.tv\/az\/article\/nermin-isinde-yeni-muemmalar-yanmis-geyimler-eyni-vaxtda-iki-muxtelif-nazirlikde-nece-arasdirila-bilerdi\/#more-271747\" aria-label=\"Read more about \u201cN\u0259rmin i\u015fi\u201dnd\u0259 yeni m\u00fc\u0259mmalar: yanm\u0131\u015f geyiml\u0259r eyni vaxtda iki m\u00fcxt\u0259lif nazirlikd\u0259 nec\u0259 ara\u015fd\u0131r\u0131la bil\u0259rdi?\">Davam\u0131<\/a><\/p>\n","protected":false},"author":8,"featured_media":271748,"comment_status":"closed","ping_status":"closed","sticky":false,"template":"","format":"standard","meta":{"_acf_changed":false,"_sitemap_exclude":false,"_sitemap_priority":"","_sitemap_frequency":"","footnotes":""},"categories":[60,88,56],"tags":[],"class_list":["post-271747","post","type-post","status-publish","format-standard","has-post-thumbnail","hentry","category-bolge","category-redaktor-secimi","category-xeberler","infinite-scroll-item","generate-columns","tablet-grid-50","mobile-grid-100","grid-parent","grid-33","no-featured-image-padding"],"acf":[],"yoast_head":"<!-- This site is optimized with the Yoast SEO plugin v27.5 - https:\/\/yoast.com\/product\/yoast-seo-wordpress\/ -->\n<title>\u201cN\u0259rmin i\u015fi\u201dnd\u0259 yeni m\u00fc\u0259mmalar: yanm\u0131\u015f geyiml\u0259r eyni vaxtda iki m\u00fcxt\u0259lif nazirlikd\u0259 nec\u0259 ara\u015fd\u0131r\u0131la bil\u0259rdi? - MEYDAN.TV<\/title>\n<meta name=\"robots\" content=\"index, follow, max-snippet:-1, max-image-preview:large, max-video-preview:-1\" \/>\n<link rel=\"canonical\" href=\"https:\/\/www.meydan.tv\/az\/article\/nermin-isinde-yeni-muemmalar-yanmis-geyimler-eyni-vaxtda-iki-muxtelif-nazirlikde-nece-arasdirila-bilerdi\/\" \/>\n<meta property=\"og:locale\" content=\"az_AZ\" \/>\n<meta property=\"og:type\" content=\"article\" \/>\n<meta property=\"og:title\" content=\"\u201cN\u0259rmin i\u015fi\u201dnd\u0259 yeni m\u00fc\u0259mmalar: yanm\u0131\u015f geyiml\u0259r eyni vaxtda iki m\u00fcxt\u0259lif nazirlikd\u0259 nec\u0259 ara\u015fd\u0131r\u0131la bil\u0259rdi? - MEYDAN.TV\" \/>\n<meta property=\"og:description\" content=\"Hadis\u0259 yerind\u0259n tap\u0131lmayan par\u00e7a v\u0259 geyiml\u0259rl\u0259 ba\u011fl\u0131 ekspert r\u0259yi var ... Davam\u0131\" \/>\n<meta property=\"og:url\" content=\"https:\/\/www.meydan.tv\/az\/article\/nermin-isinde-yeni-muemmalar-yanmis-geyimler-eyni-vaxtda-iki-muxtelif-nazirlikde-nece-arasdirila-bilerdi\/\" \/>\n<meta property=\"og:site_name\" content=\"MEYDAN.TV\" \/>\n<meta property=\"article:published_time\" content=\"2023-03-30T11:06:55+00:00\" \/>\n<meta property=\"article:modified_time\" content=\"2023-03-30T11:06:58+00:00\" \/>\n<meta property=\"og:image\" content=\"https:\/\/www.meydan.tv\/wp-content\/uploads\/278248893_729482484890211_8506415010268804436_n_720.jpg\" \/>\n\t<meta property=\"og:image:width\" content=\"1200\" \/>\n\t<meta property=\"og:image:height\" content=\"901\" \/>\n\t<meta property=\"og:image:type\" content=\"image\/jpeg\" \/>\n<meta name=\"author\" content=\"elli\" \/>\n<meta name=\"twitter:card\" content=\"summary_large_image\" \/>\n<meta name=\"twitter:creator\" content=\"@elli\" \/>\n<script type=\"application\/ld+json\" class=\"yoast-schema-graph\">{\"@context\":\"https:\\\/\\\/schema.org\",\"@graph\":[{\"@type\":\"Article\",\"@id\":\"https:\\\/\\\/www.meydan.tv\\\/az\\\/article\\\/nermin-isinde-yeni-muemmalar-yanmis-geyimler-eyni-vaxtda-iki-muxtelif-nazirlikde-nece-arasdirila-bilerdi\\\/#article\",\"isPartOf\":{\"@id\":\"https:\\\/\\\/www.meydan.tv\\\/az\\\/article\\\/nermin-isinde-yeni-muemmalar-yanmis-geyimler-eyni-vaxtda-iki-muxtelif-nazirlikde-nece-arasdirila-bilerdi\\\/\"},\"author\":{\"name\":\"elli\",\"@id\":\"https:\\\/\\\/www.meydan.tv\\\/az\\\/#\\\/schema\\\/person\\\/9cdbecf90d17180ce1dfbd95b08dcf47\"},\"headline\":\"\u201cN\u0259rmin i\u015fi\u201dnd\u0259 yeni m\u00fc\u0259mmalar: yanm\u0131\u015f geyiml\u0259r eyni vaxtda iki m\u00fcxt\u0259lif nazirlikd\u0259 nec\u0259 ara\u015fd\u0131r\u0131la bil\u0259rdi?\",\"datePublished\":\"2023-03-30T11:06:55+00:00\",\"dateModified\":\"2023-03-30T11:06:58+00:00\",\"mainEntityOfPage\":{\"@id\":\"https:\\\/\\\/www.meydan.tv\\\/az\\\/article\\\/nermin-isinde-yeni-muemmalar-yanmis-geyimler-eyni-vaxtda-iki-muxtelif-nazirlikde-nece-arasdirila-bilerdi\\\/\"},\"wordCount\":1647,\"publisher\":{\"@id\":\"https:\\\/\\\/www.meydan.tv\\\/az\\\/#organization\"},\"image\":{\"@id\":\"https:\\\/\\\/www.meydan.tv\\\/az\\\/article\\\/nermin-isinde-yeni-muemmalar-yanmis-geyimler-eyni-vaxtda-iki-muxtelif-nazirlikde-nece-arasdirila-bilerdi\\\/#primaryimage\"},\"thumbnailUrl\":\"https:\\\/\\\/www.meydan.tv\\\/wp-content\\\/uploads\\\/278248893_729482484890211_8506415010268804436_n_720.jpg\",\"articleSection\":[\"B\u00f6lg\u0259\",\"Redaktor se\u00e7imi\",\"X\u0259b\u0259rl\u0259r\"],\"inLanguage\":\"az\"},{\"@type\":\"WebPage\",\"@id\":\"https:\\\/\\\/www.meydan.tv\\\/az\\\/article\\\/nermin-isinde-yeni-muemmalar-yanmis-geyimler-eyni-vaxtda-iki-muxtelif-nazirlikde-nece-arasdirila-bilerdi\\\/\",\"url\":\"https:\\\/\\\/www.meydan.tv\\\/az\\\/article\\\/nermin-isinde-yeni-muemmalar-yanmis-geyimler-eyni-vaxtda-iki-muxtelif-nazirlikde-nece-arasdirila-bilerdi\\\/\",\"name\":\"\u201cN\u0259rmin i\u015fi\u201dnd\u0259 yeni m\u00fc\u0259mmalar: yanm\u0131\u015f geyiml\u0259r eyni vaxtda iki m\u00fcxt\u0259lif nazirlikd\u0259 nec\u0259 ara\u015fd\u0131r\u0131la bil\u0259rdi? - MEYDAN.TV\",\"isPartOf\":{\"@id\":\"https:\\\/\\\/www.meydan.tv\\\/az\\\/#website\"},\"primaryImageOfPage\":{\"@id\":\"https:\\\/\\\/www.meydan.tv\\\/az\\\/article\\\/nermin-isinde-yeni-muemmalar-yanmis-geyimler-eyni-vaxtda-iki-muxtelif-nazirlikde-nece-arasdirila-bilerdi\\\/#primaryimage\"},\"image\":{\"@id\":\"https:\\\/\\\/www.meydan.tv\\\/az\\\/article\\\/nermin-isinde-yeni-muemmalar-yanmis-geyimler-eyni-vaxtda-iki-muxtelif-nazirlikde-nece-arasdirila-bilerdi\\\/#primaryimage\"},\"thumbnailUrl\":\"https:\\\/\\\/www.meydan.tv\\\/wp-content\\\/uploads\\\/278248893_729482484890211_8506415010268804436_n_720.jpg\",\"datePublished\":\"2023-03-30T11:06:55+00:00\",\"dateModified\":\"2023-03-30T11:06:58+00:00\",\"breadcrumb\":{\"@id\":\"https:\\\/\\\/www.meydan.tv\\\/az\\\/article\\\/nermin-isinde-yeni-muemmalar-yanmis-geyimler-eyni-vaxtda-iki-muxtelif-nazirlikde-nece-arasdirila-bilerdi\\\/#breadcrumb\"},\"inLanguage\":\"az\",\"potentialAction\":[{\"@type\":\"ReadAction\",\"target\":[\"https:\\\/\\\/www.meydan.tv\\\/az\\\/article\\\/nermin-isinde-yeni-muemmalar-yanmis-geyimler-eyni-vaxtda-iki-muxtelif-nazirlikde-nece-arasdirila-bilerdi\\\/\"]}]},{\"@type\":\"ImageObject\",\"inLanguage\":\"az\",\"@id\":\"https:\\\/\\\/www.meydan.tv\\\/az\\\/article\\\/nermin-isinde-yeni-muemmalar-yanmis-geyimler-eyni-vaxtda-iki-muxtelif-nazirlikde-nece-arasdirila-bilerdi\\\/#primaryimage\",\"url\":\"https:\\\/\\\/www.meydan.tv\\\/wp-content\\\/uploads\\\/278248893_729482484890211_8506415010268804436_n_720.jpg\",\"contentUrl\":\"https:\\\/\\\/www.meydan.tv\\\/wp-content\\\/uploads\\\/278248893_729482484890211_8506415010268804436_n_720.jpg\",\"width\":1200,\"height\":901,\"caption\":\"Foto: Meydan TV\"},{\"@type\":\"BreadcrumbList\",\"@id\":\"https:\\\/\\\/www.meydan.tv\\\/az\\\/article\\\/nermin-isinde-yeni-muemmalar-yanmis-geyimler-eyni-vaxtda-iki-muxtelif-nazirlikde-nece-arasdirila-bilerdi\\\/#breadcrumb\",\"itemListElement\":[{\"@type\":\"ListItem\",\"position\":1,\"name\":\"Ana s\u0259hif\u0259\",\"item\":\"https:\\\/\\\/www.meydan.tv\\\/az\\\/\"},{\"@type\":\"ListItem\",\"position\":2,\"name\":\"Redaktor se\u00e7imi\",\"item\":\"https:\\\/\\\/www.meydan.tv\\\/az\\\/section\\\/redaktor-secimi\\\/\"},{\"@type\":\"ListItem\",\"position\":3,\"name\":\"\u201cN\u0259rmin i\u015fi\u201dnd\u0259 yeni m\u00fc\u0259mmalar: yanm\u0131\u015f geyiml\u0259r eyni vaxtda iki m\u00fcxt\u0259lif nazirlikd\u0259 nec\u0259 ara\u015fd\u0131r\u0131la bil\u0259rdi?\"}]},{\"@type\":\"WebSite\",\"@id\":\"https:\\\/\\\/www.meydan.tv\\\/az\\\/#website\",\"url\":\"https:\\\/\\\/www.meydan.tv\\\/az\\\/\",\"name\":\"MEYDAN.TV\",\"description\":\"Meydan TV Az\u0259rbaycan\u0131n media m\u0259kan\u0131ndak\u0131 alternativ s\u0259sidir\",\"publisher\":{\"@id\":\"https:\\\/\\\/www.meydan.tv\\\/az\\\/#organization\"},\"potentialAction\":[{\"@type\":\"SearchAction\",\"target\":{\"@type\":\"EntryPoint\",\"urlTemplate\":\"https:\\\/\\\/www.meydan.tv\\\/az\\\/?s={search_term_string}\"},\"query-input\":{\"@type\":\"PropertyValueSpecification\",\"valueRequired\":true,\"valueName\":\"search_term_string\"}}],\"inLanguage\":\"az\"},{\"@type\":\"Organization\",\"@id\":\"https:\\\/\\\/www.meydan.tv\\\/az\\\/#organization\",\"name\":\"Meydan TV\",\"url\":\"https:\\\/\\\/www.meydan.tv\\\/az\\\/\",\"logo\":{\"@type\":\"ImageObject\",\"inLanguage\":\"az\",\"@id\":\"https:\\\/\\\/www.meydan.tv\\\/az\\\/#\\\/schema\\\/logo\\\/image\\\/\",\"url\":\"https:\\\/\\\/www.meydan.tv\\\/wp-content\\\/uploads\\\/2021\\\/07\\\/meydan-logo.svg\",\"contentUrl\":\"https:\\\/\\\/www.meydan.tv\\\/wp-content\\\/uploads\\\/2021\\\/07\\\/meydan-logo.svg\",\"width\":195,\"height\":46,\"caption\":\"Meydan TV\"},\"image\":{\"@id\":\"https:\\\/\\\/www.meydan.tv\\\/az\\\/#\\\/schema\\\/logo\\\/image\\\/\"}},{\"@type\":\"Person\",\"@id\":\"https:\\\/\\\/www.meydan.tv\\\/az\\\/#\\\/schema\\\/person\\\/9cdbecf90d17180ce1dfbd95b08dcf47\",\"name\":\"elli\",\"sameAs\":[\"https:\\\/\\\/x.com\\\/elli\"]}]}<\/script>\n<!-- \/ Yoast SEO plugin. -->","yoast_head_json":{"title":"\u201cN\u0259rmin i\u015fi\u201dnd\u0259 yeni m\u00fc\u0259mmalar: yanm\u0131\u015f geyiml\u0259r eyni vaxtda iki m\u00fcxt\u0259lif nazirlikd\u0259 nec\u0259 ara\u015fd\u0131r\u0131la bil\u0259rdi? - MEYDAN.TV","robots":{"index":"index","follow":"follow","max-snippet":"max-snippet:-1","max-image-preview":"max-image-preview:large","max-video-preview":"max-video-preview:-1"},"canonical":"https:\/\/www.meydan.tv\/az\/article\/nermin-isinde-yeni-muemmalar-yanmis-geyimler-eyni-vaxtda-iki-muxtelif-nazirlikde-nece-arasdirila-bilerdi\/","og_locale":"az_AZ","og_type":"article","og_title":"\u201cN\u0259rmin i\u015fi\u201dnd\u0259 yeni m\u00fc\u0259mmalar: yanm\u0131\u015f geyiml\u0259r eyni vaxtda iki m\u00fcxt\u0259lif nazirlikd\u0259 nec\u0259 ara\u015fd\u0131r\u0131la bil\u0259rdi? - MEYDAN.TV","og_description":"Hadis\u0259 yerind\u0259n tap\u0131lmayan par\u00e7a v\u0259 geyiml\u0259rl\u0259 ba\u011fl\u0131 ekspert r\u0259yi var ... Davam\u0131","og_url":"https:\/\/www.meydan.tv\/az\/article\/nermin-isinde-yeni-muemmalar-yanmis-geyimler-eyni-vaxtda-iki-muxtelif-nazirlikde-nece-arasdirila-bilerdi\/","og_site_name":"MEYDAN.TV","article_published_time":"2023-03-30T11:06:55+00:00","article_modified_time":"2023-03-30T11:06:58+00:00","og_image":[{"width":1200,"height":901,"url":"https:\/\/www.meydan.tv\/wp-content\/uploads\/278248893_729482484890211_8506415010268804436_n_720.jpg","type":"image\/jpeg"}],"author":"elli","twitter_card":"summary_large_image","twitter_creator":"@elli","schema":{"@context":"https:\/\/schema.org","@graph":[{"@type":"Article","@id":"https:\/\/www.meydan.tv\/az\/article\/nermin-isinde-yeni-muemmalar-yanmis-geyimler-eyni-vaxtda-iki-muxtelif-nazirlikde-nece-arasdirila-bilerdi\/#article","isPartOf":{"@id":"https:\/\/www.meydan.tv\/az\/article\/nermin-isinde-yeni-muemmalar-yanmis-geyimler-eyni-vaxtda-iki-muxtelif-nazirlikde-nece-arasdirila-bilerdi\/"},"author":{"name":"elli","@id":"https:\/\/www.meydan.tv\/az\/#\/schema\/person\/9cdbecf90d17180ce1dfbd95b08dcf47"},"headline":"\u201cN\u0259rmin i\u015fi\u201dnd\u0259 yeni m\u00fc\u0259mmalar: yanm\u0131\u015f geyiml\u0259r eyni vaxtda iki m\u00fcxt\u0259lif nazirlikd\u0259 nec\u0259 ara\u015fd\u0131r\u0131la bil\u0259rdi?","datePublished":"2023-03-30T11:06:55+00:00","dateModified":"2023-03-30T11:06:58+00:00","mainEntityOfPage":{"@id":"https:\/\/www.meydan.tv\/az\/article\/nermin-isinde-yeni-muemmalar-yanmis-geyimler-eyni-vaxtda-iki-muxtelif-nazirlikde-nece-arasdirila-bilerdi\/"},"wordCount":1647,"publisher":{"@id":"https:\/\/www.meydan.tv\/az\/#organization"},"image":{"@id":"https:\/\/www.meydan.tv\/az\/article\/nermin-isinde-yeni-muemmalar-yanmis-geyimler-eyni-vaxtda-iki-muxtelif-nazirlikde-nece-arasdirila-bilerdi\/#primaryimage"},"thumbnailUrl":"https:\/\/www.meydan.tv\/wp-content\/uploads\/278248893_729482484890211_8506415010268804436_n_720.jpg","articleSection":["B\u00f6lg\u0259","Redaktor se\u00e7imi","X\u0259b\u0259rl\u0259r"],"inLanguage":"az"},{"@type":"WebPage","@id":"https:\/\/www.meydan.tv\/az\/article\/nermin-isinde-yeni-muemmalar-yanmis-geyimler-eyni-vaxtda-iki-muxtelif-nazirlikde-nece-arasdirila-bilerdi\/","url":"https:\/\/www.meydan.tv\/az\/article\/nermin-isinde-yeni-muemmalar-yanmis-geyimler-eyni-vaxtda-iki-muxtelif-nazirlikde-nece-arasdirila-bilerdi\/","name":"\u201cN\u0259rmin i\u015fi\u201dnd\u0259 yeni m\u00fc\u0259mmalar: yanm\u0131\u015f geyiml\u0259r eyni vaxtda iki m\u00fcxt\u0259lif nazirlikd\u0259 nec\u0259 ara\u015fd\u0131r\u0131la bil\u0259rdi? - MEYDAN.TV","isPartOf":{"@id":"https:\/\/www.meydan.tv\/az\/#website"},"primaryImageOfPage":{"@id":"https:\/\/www.meydan.tv\/az\/article\/nermin-isinde-yeni-muemmalar-yanmis-geyimler-eyni-vaxtda-iki-muxtelif-nazirlikde-nece-arasdirila-bilerdi\/#primaryimage"},"image":{"@id":"https:\/\/www.meydan.tv\/az\/article\/nermin-isinde-yeni-muemmalar-yanmis-geyimler-eyni-vaxtda-iki-muxtelif-nazirlikde-nece-arasdirila-bilerdi\/#primaryimage"},"thumbnailUrl":"https:\/\/www.meydan.tv\/wp-content\/uploads\/278248893_729482484890211_8506415010268804436_n_720.jpg","datePublished":"2023-03-30T11:06:55+00:00","dateModified":"2023-03-30T11:06:58+00:00","breadcrumb":{"@id":"https:\/\/www.meydan.tv\/az\/article\/nermin-isinde-yeni-muemmalar-yanmis-geyimler-eyni-vaxtda-iki-muxtelif-nazirlikde-nece-arasdirila-bilerdi\/#breadcrumb"},"inLanguage":"az","potentialAction":[{"@type":"ReadAction","target":["https:\/\/www.meydan.tv\/az\/article\/nermin-isinde-yeni-muemmalar-yanmis-geyimler-eyni-vaxtda-iki-muxtelif-nazirlikde-nece-arasdirila-bilerdi\/"]}]},{"@type":"ImageObject","inLanguage":"az","@id":"https:\/\/www.meydan.tv\/az\/article\/nermin-isinde-yeni-muemmalar-yanmis-geyimler-eyni-vaxtda-iki-muxtelif-nazirlikde-nece-arasdirila-bilerdi\/#primaryimage","url":"https:\/\/www.meydan.tv\/wp-content\/uploads\/278248893_729482484890211_8506415010268804436_n_720.jpg","contentUrl":"https:\/\/www.meydan.tv\/wp-content\/uploads\/278248893_729482484890211_8506415010268804436_n_720.jpg","width":1200,"height":901,"caption":"Foto: Meydan TV"},{"@type":"BreadcrumbList","@id":"https:\/\/www.meydan.tv\/az\/article\/nermin-isinde-yeni-muemmalar-yanmis-geyimler-eyni-vaxtda-iki-muxtelif-nazirlikde-nece-arasdirila-bilerdi\/#breadcrumb","itemListElement":[{"@type":"ListItem","position":1,"name":"Ana s\u0259hif\u0259","item":"https:\/\/www.meydan.tv\/az\/"},{"@type":"ListItem","position":2,"name":"Redaktor se\u00e7imi","item":"https:\/\/www.meydan.tv\/az\/section\/redaktor-secimi\/"},{"@type":"ListItem","position":3,"name":"\u201cN\u0259rmin i\u015fi\u201dnd\u0259 yeni m\u00fc\u0259mmalar: yanm\u0131\u015f geyiml\u0259r eyni vaxtda iki m\u00fcxt\u0259lif nazirlikd\u0259 nec\u0259 ara\u015fd\u0131r\u0131la bil\u0259rdi?"}]},{"@type":"WebSite","@id":"https:\/\/www.meydan.tv\/az\/#website","url":"https:\/\/www.meydan.tv\/az\/","name":"MEYDAN.TV","description":"Meydan TV Az\u0259rbaycan\u0131n media m\u0259kan\u0131ndak\u0131 alternativ s\u0259sidir","publisher":{"@id":"https:\/\/www.meydan.tv\/az\/#organization"},"potentialAction":[{"@type":"SearchAction","target":{"@type":"EntryPoint","urlTemplate":"https:\/\/www.meydan.tv\/az\/?s={search_term_string}"},"query-input":{"@type":"PropertyValueSpecification","valueRequired":true,"valueName":"search_term_string"}}],"inLanguage":"az"},{"@type":"Organization","@id":"https:\/\/www.meydan.tv\/az\/#organization","name":"Meydan TV","url":"https:\/\/www.meydan.tv\/az\/","logo":{"@type":"ImageObject","inLanguage":"az","@id":"https:\/\/www.meydan.tv\/az\/#\/schema\/logo\/image\/","url":"https:\/\/www.meydan.tv\/wp-content\/uploads\/2021\/07\/meydan-logo.svg","contentUrl":"https:\/\/www.meydan.tv\/wp-content\/uploads\/2021\/07\/meydan-logo.svg","width":195,"height":46,"caption":"Meydan TV"},"image":{"@id":"https:\/\/www.meydan.tv\/az\/#\/schema\/logo\/image\/"}},{"@type":"Person","@id":"https:\/\/www.meydan.tv\/az\/#\/schema\/person\/9cdbecf90d17180ce1dfbd95b08dcf47","name":"elli","sameAs":["https:\/\/x.com\/elli"]}]}},"_links":{"self":[{"href":"https:\/\/www.meydan.tv\/az\/wp-json\/wp\/v2\/posts\/271747","targetHints":{"allow":["GET"]}}],"collection":[{"href":"https:\/\/www.meydan.tv\/az\/wp-json\/wp\/v2\/posts"}],"about":[{"href":"https:\/\/www.meydan.tv\/az\/wp-json\/wp\/v2\/types\/post"}],"author":[{"embeddable":true,"href":"https:\/\/www.meydan.tv\/az\/wp-json\/wp\/v2\/users\/8"}],"replies":[{"embeddable":true,"href":"https:\/\/www.meydan.tv\/az\/wp-json\/wp\/v2\/comments?post=271747"}],"version-history":[{"count":1,"href":"https:\/\/www.meydan.tv\/az\/wp-json\/wp\/v2\/posts\/271747\/revisions"}],"predecessor-version":[{"id":271751,"href":"https:\/\/www.meydan.tv\/az\/wp-json\/wp\/v2\/posts\/271747\/revisions\/271751"}],"wp:featuredmedia":[{"embeddable":true,"href":"https:\/\/www.meydan.tv\/az\/wp-json\/wp\/v2\/media\/271748"}],"wp:attachment":[{"href":"https:\/\/www.meydan.tv\/az\/wp-json\/wp\/v2\/media?parent=271747"}],"wp:term":[{"taxonomy":"category","embeddable":true,"href":"https:\/\/www.meydan.tv\/az\/wp-json\/wp\/v2\/categories?post=271747"},{"taxonomy":"post_tag","embeddable":true,"href":"https:\/\/www.meydan.tv\/az\/wp-json\/wp\/v2\/tags?post=271747"}],"curies":[{"name":"wp","href":"https:\/\/api.w.org\/{rel}","templated":true}]}}