{"id":271678,"date":"2023-03-29T14:46:36","date_gmt":"2023-03-29T10:46:36","guid":{"rendered":"https:\/\/www.meydan.tv\/?p=271678"},"modified":"2023-03-29T14:46:41","modified_gmt":"2023-03-29T10:46:41","slug":"hebsdeki-kecmis-icra-bascisinin-cezasi-3-ay-azaldildi","status":"publish","type":"post","link":"https:\/\/www.meydan.tv\/az\/article\/hebsdeki-kecmis-icra-bascisinin-cezasi-3-ay-azaldildi\/","title":{"rendered":"H\u0259bsd\u0259ki ke\u00e7mi\u015f icra ba\u015f\u00e7\u0131s\u0131n\u0131n c\u0259zas\u0131 3 ay azald\u0131ld\u0131"},"content":{"rendered":"\n<p><\/p>\n\n\n\n<p><strong><em>\u015eirvan Apelyasiya M\u0259hk\u0259m\u0259si \u0259vv\u0259lki h\u00f6km\u00fc d\u0259yi\u015fdi<\/em><\/strong><\/p>\n\n\n\n<p>H\u0259bsd\u0259 olan sabiq m\u0259murlardan C\u0259lilabad rayonunun ke\u00e7mi\u015f icra ba\u015f\u00e7\u0131s\u0131 Namiq Zeynalov haqq\u0131nda h\u00f6km d\u0259yi\u015fib. Onun c\u0259zas\u0131 3 ay azald\u0131l\u0131b.<\/p>\n\n\n\n<p>\u015eirvan Apelyasiya M\u0259hk\u0259m\u0259sind\u0259 Namiq Zeynalovun \u015fikay\u0259ti \u00fczr\u0259 yar\u0131m ild\u0259n \u00e7oxdur davam ed\u0259n m\u0259hk\u0259m\u0259 prosesi yekunla\u015f\u0131b. Q\u0259rara \u0259sas\u0259n, L\u0259nk\u0259ran A\u011f\u0131r Cinay\u0259tl\u0259r M\u0259hk\u0259m\u0259sinin ona t\u0259yin etdiyi 12 illik azadl\u0131qdan m\u0259hrumetm\u0259 c\u0259zas\u0131 11 il 9 aya endirilib. Bu bar\u0259d\u0259 \u0130smay\u0131l \u018fhm\u0259dovun s\u0259drlik etdiyi hakiml\u0259r kollegiyas\u0131 q\u0259rar q\u0259bul edib.<\/p>\n\n\n\n<p>H\u00f6km qalan hiss\u0259d\u0259 d\u0259yi\u015fm\u0259yib.<\/p>\n\n\n\n<p>H\u00f6km\u0259 \u0259sas\u0259n, ke\u00e7mi\u015f icra ba\u015f\u00e7\u0131s\u0131 v\u0259 yax\u0131nlar\u0131n\u0131n \u0259mlaklar\u0131 m\u00fcsadir\u0259 olunmu\u015f, yeyinti n\u0259tic\u0259sind\u0259 d\u0259ymi\u015f ziyan\u0131n \u00f6d\u0259nilm\u0259sin\u0259 y\u00f6n\u0259ldilm\u0259si haqda q\u0259rar q\u0259bul edilmi\u015fdi.<\/p>\n\n\n\n<p>Namiq Zeynalovun vaxtil\u0259 r\u0259hb\u0259rlik etdiyi qurum \u2013 C\u0259lilabad rayon \u0130cra Hakimiyy\u0259ti ondan 3 milyon manat \u00f6d\u0259m\u0259yi t\u0259l\u0259b edirdi. M\u0259hk\u0259m\u0259 prosesind\u0259 ona qar\u015f\u0131 3 milyonluq m\u00fclki iddia qald\u0131rm\u0131\u015fd\u0131. Eyni zamanda, Dayan\u0131ql\u0131 v\u0259 Operativ Sosial T\u0259minat Agentliyi (DOST M\u0259rk\u0259zi) d\u0259 ona qar\u015f\u0131 50 min manatl\u0131q ayr\u0131ca m\u00fclki iddia qald\u0131rm\u0131\u015fd\u0131.<\/p>\n\n\n\n<p>\u0130ddia olunur ki, Namiq Zeynalov icra ba\u015f\u00e7\u0131s\u0131 v\u0259zif\u0259sind\u0259 i\u015fl\u0259diyi d\u00f6vrd\u0259 yeyinti, v\u0259zif\u0259 s\u0259lahiyy\u0259tl\u0259rind\u0259n sui-istinfad\u0259 n\u0259tic\u0259sind\u0259 icra hakimiyy\u0259tin\u0259, DOST M\u0259rk\u0259zin\u0259 bu q\u0259d\u0259r ziyan vurub.<\/p>\n\n\n\n<p>Namiq Zeynalov m\u0259hk\u0259m\u0259d\u0259 \u00f6z\u00fcn\u00fc qism\u0259n t\u0259qsirli bildiyini deyib.<\/p>\n\n\n\n<p>Namiq Zeynalov D\u00f6vl\u0259t T\u0259hl\u00fck\u0259sizliyi Xidm\u0259tinin (DTX) \u0259m\u0259kda\u015flar\u0131 t\u0259r\u0259find\u0259n 2020-ci il dekabr\u0131n 7-d\u0259 ke\u00e7iril\u0259n \u0259m\u0259liyyat n\u0259tic\u0259sind\u0259 saxlan\u0131l\u0131b.<\/p>\n\n\n\n<p>C\u0259lilabad\u0131n icra ba\u015f\u00e7\u0131s\u0131 t\u0259yin edilm\u0259mi\u015fd\u0259n \u0259vv\u0259l Da\u015f\u0131nmaz \u018fmlak\u0131n D\u00f6vl\u0259t Reyestri Xidm\u0259tinin r\u0259is m\u00fcavini olub.<\/p>\n\n\n\n<p>Az\u0259rbaycanda icra ba\u015f\u00e7\u0131lar\u0131n\u0131n h\u0259bsi 2019-cu ilin dekabr\u0131nda ba\u015flay\u0131b. H\u0259min vaxt Yevlax v\u0259 A\u011fstafa rayonlar\u0131n\u0131n icra hakimiyy\u0259ti ba\u015f\u00e7\u0131lar\u0131 D\u00f6vl\u0259t T\u0259hl\u00fck\u0259sizliyi Xidm\u0259tinin \u0259m\u0259kda\u015flar\u0131 t\u0259r\u0259find\u0259n h\u0259bs edilib. Ard\u0131nca bu proses Neft\u00e7ala, Bil\u0259suvar, \u0130mi\u015fli, K\u00fcrd\u0259mir, C\u0259lilabad v\u0259 \u015e\u0259mkir rayonlar\u0131nda davam edib.<\/p>\n","protected":false},"excerpt":{"rendered":"<p>\u015eirvan Apelyasiya M\u0259hk\u0259m\u0259si \u0259vv\u0259lki h\u00f6km\u00fc d\u0259yi\u015fdi H\u0259bsd\u0259 olan sabiq m\u0259murlardan &#8230; <\/p>\n<p class=\"read-more-container\"><a title=\"H\u0259bsd\u0259ki ke\u00e7mi\u015f icra ba\u015f\u00e7\u0131s\u0131n\u0131n c\u0259zas\u0131 3 ay azald\u0131ld\u0131\" class=\"read-more button\" href=\"https:\/\/www.meydan.tv\/az\/article\/hebsdeki-kecmis-icra-bascisinin-cezasi-3-ay-azaldildi\/#more-271678\" aria-label=\"Read more about H\u0259bsd\u0259ki ke\u00e7mi\u015f icra ba\u015f\u00e7\u0131s\u0131n\u0131n c\u0259zas\u0131 3 ay azald\u0131ld\u0131\">Davam\u0131<\/a><\/p>\n","protected":false},"author":8,"featured_media":247376,"comment_status":"closed","ping_status":"closed","sticky":false,"template":"","format":"standard","meta":{"_acf_changed":false,"_sitemap_exclude":false,"_sitemap_priority":"","_sitemap_frequency":"","footnotes":""},"categories":[60,56],"tags":[],"class_list":["post-271678","post","type-post","status-publish","format-standard","has-post-thumbnail","hentry","category-bolge","category-xeberler","infinite-scroll-item","generate-columns","tablet-grid-50","mobile-grid-100","grid-parent","grid-33","no-featured-image-padding"],"acf":[],"yoast_head":"<!-- This site is optimized with the Yoast SEO plugin v27.5 - https:\/\/yoast.com\/product\/yoast-seo-wordpress\/ -->\n<title>H\u0259bsd\u0259ki ke\u00e7mi\u015f icra ba\u015f\u00e7\u0131s\u0131n\u0131n c\u0259zas\u0131 3 ay azald\u0131ld\u0131 - MEYDAN.TV<\/title>\n<meta name=\"robots\" content=\"index, follow, max-snippet:-1, max-image-preview:large, max-video-preview:-1\" \/>\n<link rel=\"canonical\" href=\"https:\/\/www.meydan.tv\/az\/article\/hebsdeki-kecmis-icra-bascisinin-cezasi-3-ay-azaldildi\/\" \/>\n<meta property=\"og:locale\" content=\"az_AZ\" \/>\n<meta property=\"og:type\" content=\"article\" \/>\n<meta property=\"og:title\" content=\"H\u0259bsd\u0259ki ke\u00e7mi\u015f icra ba\u015f\u00e7\u0131s\u0131n\u0131n c\u0259zas\u0131 3 ay azald\u0131ld\u0131 - MEYDAN.TV\" \/>\n<meta property=\"og:description\" content=\"\u015eirvan Apelyasiya M\u0259hk\u0259m\u0259si \u0259vv\u0259lki h\u00f6km\u00fc d\u0259yi\u015fdi H\u0259bsd\u0259 olan sabiq m\u0259murlardan ... Davam\u0131\" \/>\n<meta property=\"og:url\" content=\"https:\/\/www.meydan.tv\/az\/article\/hebsdeki-kecmis-icra-bascisinin-cezasi-3-ay-azaldildi\/\" \/>\n<meta property=\"og:site_name\" content=\"MEYDAN.TV\" \/>\n<meta property=\"article:published_time\" content=\"2023-03-29T10:46:36+00:00\" \/>\n<meta property=\"article:modified_time\" content=\"2023-03-29T10:46:41+00:00\" \/>\n<meta property=\"og:image\" content=\"https:\/\/www.meydan.tv\/wp-content\/uploads\/2021-12-25-09-22-43szq5ckalxqf4qbi7vj9k_file-e1654285291461.jpg\" \/>\n\t<meta property=\"og:image:width\" content=\"1200\" \/>\n\t<meta property=\"og:image:height\" content=\"552\" \/>\n\t<meta property=\"og:image:type\" content=\"image\/jpeg\" \/>\n<meta name=\"author\" content=\"elli\" \/>\n<meta name=\"twitter:card\" content=\"summary_large_image\" \/>\n<meta name=\"twitter:creator\" content=\"@elli\" \/>\n<script type=\"application\/ld+json\" class=\"yoast-schema-graph\">{\"@context\":\"https:\\\/\\\/schema.org\",\"@graph\":[{\"@type\":\"Article\",\"@id\":\"https:\\\/\\\/www.meydan.tv\\\/az\\\/article\\\/hebsdeki-kecmis-icra-bascisinin-cezasi-3-ay-azaldildi\\\/#article\",\"isPartOf\":{\"@id\":\"https:\\\/\\\/www.meydan.tv\\\/az\\\/article\\\/hebsdeki-kecmis-icra-bascisinin-cezasi-3-ay-azaldildi\\\/\"},\"author\":{\"name\":\"elli\",\"@id\":\"https:\\\/\\\/www.meydan.tv\\\/az\\\/#\\\/schema\\\/person\\\/9cdbecf90d17180ce1dfbd95b08dcf47\"},\"headline\":\"H\u0259bsd\u0259ki ke\u00e7mi\u015f icra ba\u015f\u00e7\u0131s\u0131n\u0131n c\u0259zas\u0131 3 ay azald\u0131ld\u0131\",\"datePublished\":\"2023-03-29T10:46:36+00:00\",\"dateModified\":\"2023-03-29T10:46:41+00:00\",\"mainEntityOfPage\":{\"@id\":\"https:\\\/\\\/www.meydan.tv\\\/az\\\/article\\\/hebsdeki-kecmis-icra-bascisinin-cezasi-3-ay-azaldildi\\\/\"},\"wordCount\":435,\"publisher\":{\"@id\":\"https:\\\/\\\/www.meydan.tv\\\/az\\\/#organization\"},\"image\":{\"@id\":\"https:\\\/\\\/www.meydan.tv\\\/az\\\/article\\\/hebsdeki-kecmis-icra-bascisinin-cezasi-3-ay-azaldildi\\\/#primaryimage\"},\"thumbnailUrl\":\"https:\\\/\\\/www.meydan.tv\\\/wp-content\\\/uploads\\\/2021-12-25-09-22-43szq5ckalxqf4qbi7vj9k_file-e1654285291461.jpg\",\"articleSection\":[\"B\u00f6lg\u0259\",\"X\u0259b\u0259rl\u0259r\"],\"inLanguage\":\"az\"},{\"@type\":\"WebPage\",\"@id\":\"https:\\\/\\\/www.meydan.tv\\\/az\\\/article\\\/hebsdeki-kecmis-icra-bascisinin-cezasi-3-ay-azaldildi\\\/\",\"url\":\"https:\\\/\\\/www.meydan.tv\\\/az\\\/article\\\/hebsdeki-kecmis-icra-bascisinin-cezasi-3-ay-azaldildi\\\/\",\"name\":\"H\u0259bsd\u0259ki ke\u00e7mi\u015f icra ba\u015f\u00e7\u0131s\u0131n\u0131n c\u0259zas\u0131 3 ay azald\u0131ld\u0131 - MEYDAN.TV\",\"isPartOf\":{\"@id\":\"https:\\\/\\\/www.meydan.tv\\\/az\\\/#website\"},\"primaryImageOfPage\":{\"@id\":\"https:\\\/\\\/www.meydan.tv\\\/az\\\/article\\\/hebsdeki-kecmis-icra-bascisinin-cezasi-3-ay-azaldildi\\\/#primaryimage\"},\"image\":{\"@id\":\"https:\\\/\\\/www.meydan.tv\\\/az\\\/article\\\/hebsdeki-kecmis-icra-bascisinin-cezasi-3-ay-azaldildi\\\/#primaryimage\"},\"thumbnailUrl\":\"https:\\\/\\\/www.meydan.tv\\\/wp-content\\\/uploads\\\/2021-12-25-09-22-43szq5ckalxqf4qbi7vj9k_file-e1654285291461.jpg\",\"datePublished\":\"2023-03-29T10:46:36+00:00\",\"dateModified\":\"2023-03-29T10:46:41+00:00\",\"breadcrumb\":{\"@id\":\"https:\\\/\\\/www.meydan.tv\\\/az\\\/article\\\/hebsdeki-kecmis-icra-bascisinin-cezasi-3-ay-azaldildi\\\/#breadcrumb\"},\"inLanguage\":\"az\",\"potentialAction\":[{\"@type\":\"ReadAction\",\"target\":[\"https:\\\/\\\/www.meydan.tv\\\/az\\\/article\\\/hebsdeki-kecmis-icra-bascisinin-cezasi-3-ay-azaldildi\\\/\"]}]},{\"@type\":\"ImageObject\",\"inLanguage\":\"az\",\"@id\":\"https:\\\/\\\/www.meydan.tv\\\/az\\\/article\\\/hebsdeki-kecmis-icra-bascisinin-cezasi-3-ay-azaldildi\\\/#primaryimage\",\"url\":\"https:\\\/\\\/www.meydan.tv\\\/wp-content\\\/uploads\\\/2021-12-25-09-22-43szq5ckalxqf4qbi7vj9k_file-e1654285291461.jpg\",\"contentUrl\":\"https:\\\/\\\/www.meydan.tv\\\/wp-content\\\/uploads\\\/2021-12-25-09-22-43szq5ckalxqf4qbi7vj9k_file-e1654285291461.jpg\",\"width\":1200,\"height\":552,\"caption\":\"Namiq Zeynalov. M\u0259nb\u0259: Az\u0259rtac\"},{\"@type\":\"BreadcrumbList\",\"@id\":\"https:\\\/\\\/www.meydan.tv\\\/az\\\/article\\\/hebsdeki-kecmis-icra-bascisinin-cezasi-3-ay-azaldildi\\\/#breadcrumb\",\"itemListElement\":[{\"@type\":\"ListItem\",\"position\":1,\"name\":\"Ana s\u0259hif\u0259\",\"item\":\"https:\\\/\\\/www.meydan.tv\\\/az\\\/\"},{\"@type\":\"ListItem\",\"position\":2,\"name\":\"B\u00f6lg\u0259\",\"item\":\"https:\\\/\\\/www.meydan.tv\\\/az\\\/section\\\/bolge\\\/\"},{\"@type\":\"ListItem\",\"position\":3,\"name\":\"H\u0259bsd\u0259ki ke\u00e7mi\u015f icra ba\u015f\u00e7\u0131s\u0131n\u0131n c\u0259zas\u0131 3 ay azald\u0131ld\u0131\"}]},{\"@type\":\"WebSite\",\"@id\":\"https:\\\/\\\/www.meydan.tv\\\/az\\\/#website\",\"url\":\"https:\\\/\\\/www.meydan.tv\\\/az\\\/\",\"name\":\"MEYDAN.TV\",\"description\":\"Meydan TV Az\u0259rbaycan\u0131n media m\u0259kan\u0131ndak\u0131 alternativ s\u0259sidir\",\"publisher\":{\"@id\":\"https:\\\/\\\/www.meydan.tv\\\/az\\\/#organization\"},\"potentialAction\":[{\"@type\":\"SearchAction\",\"target\":{\"@type\":\"EntryPoint\",\"urlTemplate\":\"https:\\\/\\\/www.meydan.tv\\\/az\\\/?s={search_term_string}\"},\"query-input\":{\"@type\":\"PropertyValueSpecification\",\"valueRequired\":true,\"valueName\":\"search_term_string\"}}],\"inLanguage\":\"az\"},{\"@type\":\"Organization\",\"@id\":\"https:\\\/\\\/www.meydan.tv\\\/az\\\/#organization\",\"name\":\"Meydan TV\",\"url\":\"https:\\\/\\\/www.meydan.tv\\\/az\\\/\",\"logo\":{\"@type\":\"ImageObject\",\"inLanguage\":\"az\",\"@id\":\"https:\\\/\\\/www.meydan.tv\\\/az\\\/#\\\/schema\\\/logo\\\/image\\\/\",\"url\":\"https:\\\/\\\/www.meydan.tv\\\/wp-content\\\/uploads\\\/2021\\\/07\\\/meydan-logo.svg\",\"contentUrl\":\"https:\\\/\\\/www.meydan.tv\\\/wp-content\\\/uploads\\\/2021\\\/07\\\/meydan-logo.svg\",\"width\":195,\"height\":46,\"caption\":\"Meydan TV\"},\"image\":{\"@id\":\"https:\\\/\\\/www.meydan.tv\\\/az\\\/#\\\/schema\\\/logo\\\/image\\\/\"}},{\"@type\":\"Person\",\"@id\":\"https:\\\/\\\/www.meydan.tv\\\/az\\\/#\\\/schema\\\/person\\\/9cdbecf90d17180ce1dfbd95b08dcf47\",\"name\":\"elli\",\"sameAs\":[\"https:\\\/\\\/x.com\\\/elli\"]}]}<\/script>\n<!-- \/ Yoast SEO plugin. -->","yoast_head_json":{"title":"H\u0259bsd\u0259ki ke\u00e7mi\u015f icra ba\u015f\u00e7\u0131s\u0131n\u0131n c\u0259zas\u0131 3 ay azald\u0131ld\u0131 - MEYDAN.TV","robots":{"index":"index","follow":"follow","max-snippet":"max-snippet:-1","max-image-preview":"max-image-preview:large","max-video-preview":"max-video-preview:-1"},"canonical":"https:\/\/www.meydan.tv\/az\/article\/hebsdeki-kecmis-icra-bascisinin-cezasi-3-ay-azaldildi\/","og_locale":"az_AZ","og_type":"article","og_title":"H\u0259bsd\u0259ki ke\u00e7mi\u015f icra ba\u015f\u00e7\u0131s\u0131n\u0131n c\u0259zas\u0131 3 ay azald\u0131ld\u0131 - MEYDAN.TV","og_description":"\u015eirvan Apelyasiya M\u0259hk\u0259m\u0259si \u0259vv\u0259lki h\u00f6km\u00fc d\u0259yi\u015fdi H\u0259bsd\u0259 olan sabiq m\u0259murlardan ... Davam\u0131","og_url":"https:\/\/www.meydan.tv\/az\/article\/hebsdeki-kecmis-icra-bascisinin-cezasi-3-ay-azaldildi\/","og_site_name":"MEYDAN.TV","article_published_time":"2023-03-29T10:46:36+00:00","article_modified_time":"2023-03-29T10:46:41+00:00","og_image":[{"width":1200,"height":552,"url":"https:\/\/www.meydan.tv\/wp-content\/uploads\/2021-12-25-09-22-43szq5ckalxqf4qbi7vj9k_file-e1654285291461.jpg","type":"image\/jpeg"}],"author":"elli","twitter_card":"summary_large_image","twitter_creator":"@elli","schema":{"@context":"https:\/\/schema.org","@graph":[{"@type":"Article","@id":"https:\/\/www.meydan.tv\/az\/article\/hebsdeki-kecmis-icra-bascisinin-cezasi-3-ay-azaldildi\/#article","isPartOf":{"@id":"https:\/\/www.meydan.tv\/az\/article\/hebsdeki-kecmis-icra-bascisinin-cezasi-3-ay-azaldildi\/"},"author":{"name":"elli","@id":"https:\/\/www.meydan.tv\/az\/#\/schema\/person\/9cdbecf90d17180ce1dfbd95b08dcf47"},"headline":"H\u0259bsd\u0259ki ke\u00e7mi\u015f icra ba\u015f\u00e7\u0131s\u0131n\u0131n c\u0259zas\u0131 3 ay azald\u0131ld\u0131","datePublished":"2023-03-29T10:46:36+00:00","dateModified":"2023-03-29T10:46:41+00:00","mainEntityOfPage":{"@id":"https:\/\/www.meydan.tv\/az\/article\/hebsdeki-kecmis-icra-bascisinin-cezasi-3-ay-azaldildi\/"},"wordCount":435,"publisher":{"@id":"https:\/\/www.meydan.tv\/az\/#organization"},"image":{"@id":"https:\/\/www.meydan.tv\/az\/article\/hebsdeki-kecmis-icra-bascisinin-cezasi-3-ay-azaldildi\/#primaryimage"},"thumbnailUrl":"https:\/\/www.meydan.tv\/wp-content\/uploads\/2021-12-25-09-22-43szq5ckalxqf4qbi7vj9k_file-e1654285291461.jpg","articleSection":["B\u00f6lg\u0259","X\u0259b\u0259rl\u0259r"],"inLanguage":"az"},{"@type":"WebPage","@id":"https:\/\/www.meydan.tv\/az\/article\/hebsdeki-kecmis-icra-bascisinin-cezasi-3-ay-azaldildi\/","url":"https:\/\/www.meydan.tv\/az\/article\/hebsdeki-kecmis-icra-bascisinin-cezasi-3-ay-azaldildi\/","name":"H\u0259bsd\u0259ki ke\u00e7mi\u015f icra ba\u015f\u00e7\u0131s\u0131n\u0131n c\u0259zas\u0131 3 ay azald\u0131ld\u0131 - MEYDAN.TV","isPartOf":{"@id":"https:\/\/www.meydan.tv\/az\/#website"},"primaryImageOfPage":{"@id":"https:\/\/www.meydan.tv\/az\/article\/hebsdeki-kecmis-icra-bascisinin-cezasi-3-ay-azaldildi\/#primaryimage"},"image":{"@id":"https:\/\/www.meydan.tv\/az\/article\/hebsdeki-kecmis-icra-bascisinin-cezasi-3-ay-azaldildi\/#primaryimage"},"thumbnailUrl":"https:\/\/www.meydan.tv\/wp-content\/uploads\/2021-12-25-09-22-43szq5ckalxqf4qbi7vj9k_file-e1654285291461.jpg","datePublished":"2023-03-29T10:46:36+00:00","dateModified":"2023-03-29T10:46:41+00:00","breadcrumb":{"@id":"https:\/\/www.meydan.tv\/az\/article\/hebsdeki-kecmis-icra-bascisinin-cezasi-3-ay-azaldildi\/#breadcrumb"},"inLanguage":"az","potentialAction":[{"@type":"ReadAction","target":["https:\/\/www.meydan.tv\/az\/article\/hebsdeki-kecmis-icra-bascisinin-cezasi-3-ay-azaldildi\/"]}]},{"@type":"ImageObject","inLanguage":"az","@id":"https:\/\/www.meydan.tv\/az\/article\/hebsdeki-kecmis-icra-bascisinin-cezasi-3-ay-azaldildi\/#primaryimage","url":"https:\/\/www.meydan.tv\/wp-content\/uploads\/2021-12-25-09-22-43szq5ckalxqf4qbi7vj9k_file-e1654285291461.jpg","contentUrl":"https:\/\/www.meydan.tv\/wp-content\/uploads\/2021-12-25-09-22-43szq5ckalxqf4qbi7vj9k_file-e1654285291461.jpg","width":1200,"height":552,"caption":"Namiq Zeynalov. M\u0259nb\u0259: Az\u0259rtac"},{"@type":"BreadcrumbList","@id":"https:\/\/www.meydan.tv\/az\/article\/hebsdeki-kecmis-icra-bascisinin-cezasi-3-ay-azaldildi\/#breadcrumb","itemListElement":[{"@type":"ListItem","position":1,"name":"Ana s\u0259hif\u0259","item":"https:\/\/www.meydan.tv\/az\/"},{"@type":"ListItem","position":2,"name":"B\u00f6lg\u0259","item":"https:\/\/www.meydan.tv\/az\/section\/bolge\/"},{"@type":"ListItem","position":3,"name":"H\u0259bsd\u0259ki ke\u00e7mi\u015f icra ba\u015f\u00e7\u0131s\u0131n\u0131n c\u0259zas\u0131 3 ay azald\u0131ld\u0131"}]},{"@type":"WebSite","@id":"https:\/\/www.meydan.tv\/az\/#website","url":"https:\/\/www.meydan.tv\/az\/","name":"MEYDAN.TV","description":"Meydan TV Az\u0259rbaycan\u0131n media m\u0259kan\u0131ndak\u0131 alternativ s\u0259sidir","publisher":{"@id":"https:\/\/www.meydan.tv\/az\/#organization"},"potentialAction":[{"@type":"SearchAction","target":{"@type":"EntryPoint","urlTemplate":"https:\/\/www.meydan.tv\/az\/?s={search_term_string}"},"query-input":{"@type":"PropertyValueSpecification","valueRequired":true,"valueName":"search_term_string"}}],"inLanguage":"az"},{"@type":"Organization","@id":"https:\/\/www.meydan.tv\/az\/#organization","name":"Meydan TV","url":"https:\/\/www.meydan.tv\/az\/","logo":{"@type":"ImageObject","inLanguage":"az","@id":"https:\/\/www.meydan.tv\/az\/#\/schema\/logo\/image\/","url":"https:\/\/www.meydan.tv\/wp-content\/uploads\/2021\/07\/meydan-logo.svg","contentUrl":"https:\/\/www.meydan.tv\/wp-content\/uploads\/2021\/07\/meydan-logo.svg","width":195,"height":46,"caption":"Meydan TV"},"image":{"@id":"https:\/\/www.meydan.tv\/az\/#\/schema\/logo\/image\/"}},{"@type":"Person","@id":"https:\/\/www.meydan.tv\/az\/#\/schema\/person\/9cdbecf90d17180ce1dfbd95b08dcf47","name":"elli","sameAs":["https:\/\/x.com\/elli"]}]}},"_links":{"self":[{"href":"https:\/\/www.meydan.tv\/az\/wp-json\/wp\/v2\/posts\/271678","targetHints":{"allow":["GET"]}}],"collection":[{"href":"https:\/\/www.meydan.tv\/az\/wp-json\/wp\/v2\/posts"}],"about":[{"href":"https:\/\/www.meydan.tv\/az\/wp-json\/wp\/v2\/types\/post"}],"author":[{"embeddable":true,"href":"https:\/\/www.meydan.tv\/az\/wp-json\/wp\/v2\/users\/8"}],"replies":[{"embeddable":true,"href":"https:\/\/www.meydan.tv\/az\/wp-json\/wp\/v2\/comments?post=271678"}],"version-history":[{"count":1,"href":"https:\/\/www.meydan.tv\/az\/wp-json\/wp\/v2\/posts\/271678\/revisions"}],"predecessor-version":[{"id":271679,"href":"https:\/\/www.meydan.tv\/az\/wp-json\/wp\/v2\/posts\/271678\/revisions\/271679"}],"wp:featuredmedia":[{"embeddable":true,"href":"https:\/\/www.meydan.tv\/az\/wp-json\/wp\/v2\/media\/247376"}],"wp:attachment":[{"href":"https:\/\/www.meydan.tv\/az\/wp-json\/wp\/v2\/media?parent=271678"}],"wp:term":[{"taxonomy":"category","embeddable":true,"href":"https:\/\/www.meydan.tv\/az\/wp-json\/wp\/v2\/categories?post=271678"},{"taxonomy":"post_tag","embeddable":true,"href":"https:\/\/www.meydan.tv\/az\/wp-json\/wp\/v2\/tags?post=271678"}],"curies":[{"name":"wp","href":"https:\/\/api.w.org\/{rel}","templated":true}]}}