{"id":271664,"date":"2023-03-29T14:12:01","date_gmt":"2023-03-29T10:12:01","guid":{"rendered":"https:\/\/www.meydan.tv\/?p=271664"},"modified":"2023-03-29T14:12:04","modified_gmt":"2023-03-29T10:12:04","slug":"kendliler-susuzluqdan-eziyyet-cekir-artezian-ise-tehvil-verilmir","status":"publish","type":"post","link":"https:\/\/www.meydan.tv\/az\/article\/kendliler-susuzluqdan-eziyyet-cekir-artezian-ise-tehvil-verilmir\/","title":{"rendered":"K\u0259ndlil\u0259r susuzluqdan \u0259ziyy\u0259t \u00e7\u0259kir, artezian is\u0259 t\u0259hvil verilmir"},"content":{"rendered":"\n<p><em>\u201cTorpa\u011fa ax\u0131b bataql\u0131q yaradan suya g\u00f6r\u0259 bizim doda\u011f\u0131m\u0131z yeddi yerd\u0259n \u00e7atlay\u0131r\u201d<\/em><\/p>\n\n\n\n<p>A\u011fda\u015f rayonunun X\u0131naxl\u0131 k\u0259ndind\u0259 susuzluq problem var. K\u0259nd sakinl\u0259ri Meydan TV-y\u0259 dan\u0131\u015f\u0131rlar ki, h\u0259m i\u00e7m\u0259li, h\u0259m d\u0259 suvarma suyu \u00e7atm\u0131r.<\/p>\n\n\n\n<p>\u201c21-ci \u0259srdir, biz h\u0259l\u0259 d\u0259 i\u00e7m\u0259li suyu evl\u0259r\u0259 vedr\u0259 il\u0259 da\u015f\u0131y\u0131r\u0131q\u201d, &#8211; sakinl\u0259rd\u0259n biri deyib.<\/p>\n\n\n\n<p>K\u0259ndd\u0259 2 artezian quyusu var, amma bu quyular\u0131n suyu k\u0259nd camaat\u0131na \u00e7atm\u0131r.<\/p>\n\n\n\n<p>\u201c\u00d6t\u0259n il \u00fc\u00e7\u00fcnc\u00fc artezian quyusu qaz\u0131landa \u00e7ox sevindik. Quyunu qazd\u0131lar, sonra da \u00e7\u0131x\u0131b getdil\u0259r. Su \u00e7at\u0131\u015fmazl\u0131\u011f\u0131ndan dan\u0131\u015f\u0131rlar, k\u0259ndd\u0259 camaat i\u00e7m\u0259li su tapm\u0131r. Amma 1 ildir qaz\u0131lan arteziandan \u00e7\u0131xan su axaraq israf olur. D\u0259f\u0259l\u0259rl\u0259 m\u00fcraci\u0259t etm\u0259yimiz\u0259 baxmayaraq n\u0259 artezian\u0131 qo\u015furlar, n\u0259 d\u0259 axan suyun qar\u015f\u0131s\u0131 al\u0131n\u0131r. Bu, su il\u0259 imtahana \u00e7\u0259kil\u0259n insanlar\u0131 \u0259n az\u0131 \u0259l\u0259 salmaqd\u0131r\u201d,- daha bir k\u0259nd sakini deyib.<\/p>\n\n\n\n<p>O \u0259lav\u0259 edib ki, probleml\u0259rini h\u0259ll etm\u0259k \u0259v\u0259zin\u0259 sudan \u015fikay\u0259t ed\u0259nl\u0259r\u0259 m\u00fcxt\u0259lif vasit\u0259l\u0259rl\u0259 t\u0259zyiq g\u00f6st\u0259rm\u0259y\u0259 \u00e7al\u0131\u015f\u0131rlar:<\/p>\n\n\n\n<p>\u201cK\u0259ndd\u0259 onsuz da ya\u015fay\u0131\u015f \u00e7\u0259tindir, \u0259kin-bi\u00e7in \u00fc\u00e7\u00fcn su yoxdur. Mal-qara saxlayanlar\u0131n say\u0131 get-ged\u0259 azal\u0131r. \u0130ndi he\u00e7 kimin evind\u0259 3-4 ba\u015f heyvan yoxdur, ham\u0131 suvarma v\u0259 saxlama x\u0259rcl\u0259rin\u0259 g\u00f6r\u0259 sat\u0131b\u201d.<\/p>\n\n\n\n<p>K\u0259ndd\u0259 internet x\u0259tti d\u0259 yoxdur. K\u0259ndlil\u0259r deyirl\u0259r ki, dolan\u0131\u015f\u0131q get-ged\u0259 \u00e7\u0259tinl\u0259\u015fir, kontur vurma\u011fa da pul \u00e7atm\u0131r. Buna g\u00f6r\u0259 d\u0259, probleml\u0259rl\u0259 ba\u011fl\u0131 tez-tez z\u0259ng edib etirazlar\u0131n\u0131 bildir\u0259 bilmirl\u0259r.<\/p>\n\n\n\n<p>K\u0259nd sakini El\u015f\u0259n H\u00fcseynov deyib ki, pul y\u0131\u011f\u0131b artezian\u0131 elektrik x\u0259ttin\u0259 qo\u015fmaq ist\u0259yibl\u0259r, h\u0259tta motor da var. Buna baxmayaraq, artezian\u0131n niy\u0259 istifad\u0259y\u0259 verilm\u0259diyi b\u0259lli deyil:<\/p>\n\n\n\n<p>\u201cTorpa\u011fa ax\u0131b bataql\u0131q yaradan suya g\u00f6r\u0259 bizim doda\u011f\u0131m\u0131z yeddi yerd\u0259n \u00e7atlay\u0131r. Artezian\u0131 bu v\u0259ziyy\u0259td\u0259 qoyub getm\u0259k m\u0259suliyy\u0259tsizlik deyil, cinay\u0259tdir\u201d.<\/p>\n\n\n\n<figure class=\"wp-block-image size-large\"><img decoding=\"async\" width=\"617\" height=\"821\" data-src=\"https:\/\/www.meydan.tv\/wp-content\/uploads\/image-30-617x821.png\" alt=\"\" class=\"wp-image-271665 lazyload\" src=\"data:image\/svg+xml;base64,PHN2ZyB3aWR0aD0iMSIgaGVpZ2h0PSIxIiB4bWxucz0iaHR0cDovL3d3dy53My5vcmcvMjAwMC9zdmciPjwvc3ZnPg==\" style=\"--smush-placeholder-width: 617px; --smush-placeholder-aspect-ratio: 617\/821;\" \/><\/figure>\n\n\n\n<p>X\u0131naxl\u0131 k\u0259ndinin inzibati \u0259razisin\u0259 daxil oldu\u011fu Kotavan K\u0259nd \u0130cra N\u00fcmay\u0259nd\u0259liyind\u0259n Meydan TV-y\u0259 bildiribl\u0259r ki, h\u0259min quyu subartezian quyusudur, d\u00f6vl\u0259t t\u0259r\u0259find\u0259n qaz\u0131l\u0131b v\u0259 qaz\u0131nt\u0131s\u0131na sifari\u015f ver\u0259n qurum t\u0259r\u0259find\u0259n d\u0259 istifad\u0259y\u0259 verilm\u0259lidir.<\/p>\n\n\n\n<p>\u201cDeyil\u0259n\u0259 g\u00f6r\u0259 icaz\u0259 al\u0131b elektrik \u015f\u0259b\u0259k\u0259sin\u0259 qo\u015fulmal\u0131d\u0131r v\u0259 t\u0259hvil verilm\u0259lidir. Niy\u0259 t\u0259hvil verilm\u0259diyin\u0259 dair m\u0259lumat\u0131 ancaq Meloriasiya v\u0259 Su T\u0259s\u0259rr\u00fcfat\u0131 A\u00e7\u0131q S\u0259hmdar C\u0259miyy\u0259ti ver\u0259 bil\u0259r. \u00c7\u00fcnki quyunun qaz\u0131nt\u0131s\u0131 bu qurum t\u0259r\u0259find\u0259n h\u0259yata ke\u00e7irilib\u201d.<\/p>\n\n\n\n<p>Meydan TV m\u0259s\u0259l\u0259 il\u0259 ba\u011fl\u0131 Meloriasiya v\u0259 Su T\u0259s\u0259rr\u00fcfat\u0131 ASC-y\u0259 sual \u00fcnvanlay\u0131b, lakin h\u0259l\u0259 cavabland\u0131r\u0131lmay\u0131b.<\/p>\n","protected":false},"excerpt":{"rendered":"<p>\u201cTorpa\u011fa ax\u0131b bataql\u0131q yaradan suya g\u00f6r\u0259 bizim doda\u011f\u0131m\u0131z yeddi yerd\u0259n &#8230; <\/p>\n<p class=\"read-more-container\"><a title=\"K\u0259ndlil\u0259r susuzluqdan \u0259ziyy\u0259t \u00e7\u0259kir, artezian is\u0259 t\u0259hvil verilmir\" class=\"read-more button\" href=\"https:\/\/www.meydan.tv\/az\/article\/kendliler-susuzluqdan-eziyyet-cekir-artezian-ise-tehvil-verilmir\/#more-271664\" aria-label=\"Read more about K\u0259ndlil\u0259r susuzluqdan \u0259ziyy\u0259t \u00e7\u0259kir, artezian is\u0259 t\u0259hvil verilmir\">Davam\u0131<\/a><\/p>\n","protected":false},"author":18,"featured_media":137856,"comment_status":"closed","ping_status":"closed","sticky":false,"template":"","format":"standard","meta":{"_acf_changed":false,"_sitemap_exclude":false,"_sitemap_priority":"","_sitemap_frequency":"","footnotes":""},"categories":[60,56],"tags":[],"class_list":["post-271664","post","type-post","status-publish","format-standard","has-post-thumbnail","hentry","category-bolge","category-xeberler","infinite-scroll-item","generate-columns","tablet-grid-50","mobile-grid-100","grid-parent","grid-33","no-featured-image-padding"],"acf":[],"yoast_head":"<!-- This site is optimized with the Yoast SEO plugin v27.5 - https:\/\/yoast.com\/product\/yoast-seo-wordpress\/ -->\n<title>K\u0259ndlil\u0259r susuzluqdan \u0259ziyy\u0259t \u00e7\u0259kir, artezian is\u0259 t\u0259hvil verilmir - MEYDAN.TV<\/title>\n<meta name=\"robots\" content=\"index, follow, max-snippet:-1, max-image-preview:large, max-video-preview:-1\" \/>\n<link rel=\"canonical\" href=\"https:\/\/www.meydan.tv\/az\/article\/kendliler-susuzluqdan-eziyyet-cekir-artezian-ise-tehvil-verilmir\/\" \/>\n<meta property=\"og:locale\" content=\"az_AZ\" \/>\n<meta property=\"og:type\" content=\"article\" \/>\n<meta property=\"og:title\" content=\"K\u0259ndlil\u0259r susuzluqdan \u0259ziyy\u0259t \u00e7\u0259kir, artezian is\u0259 t\u0259hvil verilmir - MEYDAN.TV\" \/>\n<meta property=\"og:description\" content=\"\u201cTorpa\u011fa ax\u0131b bataql\u0131q yaradan suya g\u00f6r\u0259 bizim doda\u011f\u0131m\u0131z yeddi yerd\u0259n ... Davam\u0131\" \/>\n<meta property=\"og:url\" content=\"https:\/\/www.meydan.tv\/az\/article\/kendliler-susuzluqdan-eziyyet-cekir-artezian-ise-tehvil-verilmir\/\" \/>\n<meta property=\"og:site_name\" content=\"MEYDAN.TV\" \/>\n<meta property=\"article:published_time\" content=\"2023-03-29T10:12:01+00:00\" \/>\n<meta property=\"article:modified_time\" content=\"2023-03-29T10:12:04+00:00\" \/>\n<meta property=\"og:image\" content=\"https:\/\/www.meydan.tv\/wp-content\/uploads\/1508418738577745627_1000x669.jpg\" \/>\n\t<meta property=\"og:image:width\" content=\"979\" \/>\n\t<meta property=\"og:image:height\" content=\"669\" \/>\n\t<meta property=\"og:image:type\" content=\"image\/jpeg\" \/>\n<meta name=\"author\" content=\"miron\" \/>\n<meta name=\"twitter:card\" content=\"summary_large_image\" \/>\n<script type=\"application\/ld+json\" class=\"yoast-schema-graph\">{\"@context\":\"https:\\\/\\\/schema.org\",\"@graph\":[{\"@type\":\"Article\",\"@id\":\"https:\\\/\\\/www.meydan.tv\\\/az\\\/article\\\/kendliler-susuzluqdan-eziyyet-cekir-artezian-ise-tehvil-verilmir\\\/#article\",\"isPartOf\":{\"@id\":\"https:\\\/\\\/www.meydan.tv\\\/az\\\/article\\\/kendliler-susuzluqdan-eziyyet-cekir-artezian-ise-tehvil-verilmir\\\/\"},\"author\":{\"name\":\"miron\",\"@id\":\"https:\\\/\\\/www.meydan.tv\\\/az\\\/#\\\/schema\\\/person\\\/981b0b284aeaa9ad0cbf814cd4a9d67c\"},\"headline\":\"K\u0259ndlil\u0259r susuzluqdan \u0259ziyy\u0259t \u00e7\u0259kir, artezian is\u0259 t\u0259hvil verilmir\",\"datePublished\":\"2023-03-29T10:12:01+00:00\",\"dateModified\":\"2023-03-29T10:12:04+00:00\",\"mainEntityOfPage\":{\"@id\":\"https:\\\/\\\/www.meydan.tv\\\/az\\\/article\\\/kendliler-susuzluqdan-eziyyet-cekir-artezian-ise-tehvil-verilmir\\\/\"},\"wordCount\":514,\"publisher\":{\"@id\":\"https:\\\/\\\/www.meydan.tv\\\/az\\\/#organization\"},\"image\":{\"@id\":\"https:\\\/\\\/www.meydan.tv\\\/az\\\/article\\\/kendliler-susuzluqdan-eziyyet-cekir-artezian-ise-tehvil-verilmir\\\/#primaryimage\"},\"thumbnailUrl\":\"https:\\\/\\\/www.meydan.tv\\\/wp-content\\\/uploads\\\/1508418738577745627_1000x669.jpg\",\"articleSection\":[\"B\u00f6lg\u0259\",\"X\u0259b\u0259rl\u0259r\"],\"inLanguage\":\"az\"},{\"@type\":\"WebPage\",\"@id\":\"https:\\\/\\\/www.meydan.tv\\\/az\\\/article\\\/kendliler-susuzluqdan-eziyyet-cekir-artezian-ise-tehvil-verilmir\\\/\",\"url\":\"https:\\\/\\\/www.meydan.tv\\\/az\\\/article\\\/kendliler-susuzluqdan-eziyyet-cekir-artezian-ise-tehvil-verilmir\\\/\",\"name\":\"K\u0259ndlil\u0259r susuzluqdan \u0259ziyy\u0259t \u00e7\u0259kir, artezian is\u0259 t\u0259hvil verilmir - MEYDAN.TV\",\"isPartOf\":{\"@id\":\"https:\\\/\\\/www.meydan.tv\\\/az\\\/#website\"},\"primaryImageOfPage\":{\"@id\":\"https:\\\/\\\/www.meydan.tv\\\/az\\\/article\\\/kendliler-susuzluqdan-eziyyet-cekir-artezian-ise-tehvil-verilmir\\\/#primaryimage\"},\"image\":{\"@id\":\"https:\\\/\\\/www.meydan.tv\\\/az\\\/article\\\/kendliler-susuzluqdan-eziyyet-cekir-artezian-ise-tehvil-verilmir\\\/#primaryimage\"},\"thumbnailUrl\":\"https:\\\/\\\/www.meydan.tv\\\/wp-content\\\/uploads\\\/1508418738577745627_1000x669.jpg\",\"datePublished\":\"2023-03-29T10:12:01+00:00\",\"dateModified\":\"2023-03-29T10:12:04+00:00\",\"breadcrumb\":{\"@id\":\"https:\\\/\\\/www.meydan.tv\\\/az\\\/article\\\/kendliler-susuzluqdan-eziyyet-cekir-artezian-ise-tehvil-verilmir\\\/#breadcrumb\"},\"inLanguage\":\"az\",\"potentialAction\":[{\"@type\":\"ReadAction\",\"target\":[\"https:\\\/\\\/www.meydan.tv\\\/az\\\/article\\\/kendliler-susuzluqdan-eziyyet-cekir-artezian-ise-tehvil-verilmir\\\/\"]}]},{\"@type\":\"ImageObject\",\"inLanguage\":\"az\",\"@id\":\"https:\\\/\\\/www.meydan.tv\\\/az\\\/article\\\/kendliler-susuzluqdan-eziyyet-cekir-artezian-ise-tehvil-verilmir\\\/#primaryimage\",\"url\":\"https:\\\/\\\/www.meydan.tv\\\/wp-content\\\/uploads\\\/1508418738577745627_1000x669.jpg\",\"contentUrl\":\"https:\\\/\\\/www.meydan.tv\\\/wp-content\\\/uploads\\\/1508418738577745627_1000x669.jpg\",\"width\":979,\"height\":669,\"caption\":\"Source: Foto: sosial \u015f\u0259b\u0259k\u0259\"},{\"@type\":\"BreadcrumbList\",\"@id\":\"https:\\\/\\\/www.meydan.tv\\\/az\\\/article\\\/kendliler-susuzluqdan-eziyyet-cekir-artezian-ise-tehvil-verilmir\\\/#breadcrumb\",\"itemListElement\":[{\"@type\":\"ListItem\",\"position\":1,\"name\":\"Ana s\u0259hif\u0259\",\"item\":\"https:\\\/\\\/www.meydan.tv\\\/az\\\/\"},{\"@type\":\"ListItem\",\"position\":2,\"name\":\"X\u0259b\u0259rl\u0259r\",\"item\":\"https:\\\/\\\/www.meydan.tv\\\/az\\\/section\\\/xeberler\\\/\"},{\"@type\":\"ListItem\",\"position\":3,\"name\":\"K\u0259ndlil\u0259r susuzluqdan \u0259ziyy\u0259t \u00e7\u0259kir, artezian is\u0259 t\u0259hvil verilmir\"}]},{\"@type\":\"WebSite\",\"@id\":\"https:\\\/\\\/www.meydan.tv\\\/az\\\/#website\",\"url\":\"https:\\\/\\\/www.meydan.tv\\\/az\\\/\",\"name\":\"MEYDAN.TV\",\"description\":\"Meydan TV Az\u0259rbaycan\u0131n media m\u0259kan\u0131ndak\u0131 alternativ s\u0259sidir\",\"publisher\":{\"@id\":\"https:\\\/\\\/www.meydan.tv\\\/az\\\/#organization\"},\"potentialAction\":[{\"@type\":\"SearchAction\",\"target\":{\"@type\":\"EntryPoint\",\"urlTemplate\":\"https:\\\/\\\/www.meydan.tv\\\/az\\\/?s={search_term_string}\"},\"query-input\":{\"@type\":\"PropertyValueSpecification\",\"valueRequired\":true,\"valueName\":\"search_term_string\"}}],\"inLanguage\":\"az\"},{\"@type\":\"Organization\",\"@id\":\"https:\\\/\\\/www.meydan.tv\\\/az\\\/#organization\",\"name\":\"Meydan TV\",\"url\":\"https:\\\/\\\/www.meydan.tv\\\/az\\\/\",\"logo\":{\"@type\":\"ImageObject\",\"inLanguage\":\"az\",\"@id\":\"https:\\\/\\\/www.meydan.tv\\\/az\\\/#\\\/schema\\\/logo\\\/image\\\/\",\"url\":\"https:\\\/\\\/www.meydan.tv\\\/wp-content\\\/uploads\\\/2021\\\/07\\\/meydan-logo.svg\",\"contentUrl\":\"https:\\\/\\\/www.meydan.tv\\\/wp-content\\\/uploads\\\/2021\\\/07\\\/meydan-logo.svg\",\"width\":195,\"height\":46,\"caption\":\"Meydan TV\"},\"image\":{\"@id\":\"https:\\\/\\\/www.meydan.tv\\\/az\\\/#\\\/schema\\\/logo\\\/image\\\/\"}},{\"@type\":\"Person\",\"@id\":\"https:\\\/\\\/www.meydan.tv\\\/az\\\/#\\\/schema\\\/person\\\/981b0b284aeaa9ad0cbf814cd4a9d67c\",\"name\":\"miron\"}]}<\/script>\n<!-- \/ Yoast SEO plugin. -->","yoast_head_json":{"title":"K\u0259ndlil\u0259r susuzluqdan \u0259ziyy\u0259t \u00e7\u0259kir, artezian is\u0259 t\u0259hvil verilmir - MEYDAN.TV","robots":{"index":"index","follow":"follow","max-snippet":"max-snippet:-1","max-image-preview":"max-image-preview:large","max-video-preview":"max-video-preview:-1"},"canonical":"https:\/\/www.meydan.tv\/az\/article\/kendliler-susuzluqdan-eziyyet-cekir-artezian-ise-tehvil-verilmir\/","og_locale":"az_AZ","og_type":"article","og_title":"K\u0259ndlil\u0259r susuzluqdan \u0259ziyy\u0259t \u00e7\u0259kir, artezian is\u0259 t\u0259hvil verilmir - MEYDAN.TV","og_description":"\u201cTorpa\u011fa ax\u0131b bataql\u0131q yaradan suya g\u00f6r\u0259 bizim doda\u011f\u0131m\u0131z yeddi yerd\u0259n ... Davam\u0131","og_url":"https:\/\/www.meydan.tv\/az\/article\/kendliler-susuzluqdan-eziyyet-cekir-artezian-ise-tehvil-verilmir\/","og_site_name":"MEYDAN.TV","article_published_time":"2023-03-29T10:12:01+00:00","article_modified_time":"2023-03-29T10:12:04+00:00","og_image":[{"width":979,"height":669,"url":"https:\/\/www.meydan.tv\/wp-content\/uploads\/1508418738577745627_1000x669.jpg","type":"image\/jpeg"}],"author":"miron","twitter_card":"summary_large_image","schema":{"@context":"https:\/\/schema.org","@graph":[{"@type":"Article","@id":"https:\/\/www.meydan.tv\/az\/article\/kendliler-susuzluqdan-eziyyet-cekir-artezian-ise-tehvil-verilmir\/#article","isPartOf":{"@id":"https:\/\/www.meydan.tv\/az\/article\/kendliler-susuzluqdan-eziyyet-cekir-artezian-ise-tehvil-verilmir\/"},"author":{"name":"miron","@id":"https:\/\/www.meydan.tv\/az\/#\/schema\/person\/981b0b284aeaa9ad0cbf814cd4a9d67c"},"headline":"K\u0259ndlil\u0259r susuzluqdan \u0259ziyy\u0259t \u00e7\u0259kir, artezian is\u0259 t\u0259hvil verilmir","datePublished":"2023-03-29T10:12:01+00:00","dateModified":"2023-03-29T10:12:04+00:00","mainEntityOfPage":{"@id":"https:\/\/www.meydan.tv\/az\/article\/kendliler-susuzluqdan-eziyyet-cekir-artezian-ise-tehvil-verilmir\/"},"wordCount":514,"publisher":{"@id":"https:\/\/www.meydan.tv\/az\/#organization"},"image":{"@id":"https:\/\/www.meydan.tv\/az\/article\/kendliler-susuzluqdan-eziyyet-cekir-artezian-ise-tehvil-verilmir\/#primaryimage"},"thumbnailUrl":"https:\/\/www.meydan.tv\/wp-content\/uploads\/1508418738577745627_1000x669.jpg","articleSection":["B\u00f6lg\u0259","X\u0259b\u0259rl\u0259r"],"inLanguage":"az"},{"@type":"WebPage","@id":"https:\/\/www.meydan.tv\/az\/article\/kendliler-susuzluqdan-eziyyet-cekir-artezian-ise-tehvil-verilmir\/","url":"https:\/\/www.meydan.tv\/az\/article\/kendliler-susuzluqdan-eziyyet-cekir-artezian-ise-tehvil-verilmir\/","name":"K\u0259ndlil\u0259r susuzluqdan \u0259ziyy\u0259t \u00e7\u0259kir, artezian is\u0259 t\u0259hvil verilmir - MEYDAN.TV","isPartOf":{"@id":"https:\/\/www.meydan.tv\/az\/#website"},"primaryImageOfPage":{"@id":"https:\/\/www.meydan.tv\/az\/article\/kendliler-susuzluqdan-eziyyet-cekir-artezian-ise-tehvil-verilmir\/#primaryimage"},"image":{"@id":"https:\/\/www.meydan.tv\/az\/article\/kendliler-susuzluqdan-eziyyet-cekir-artezian-ise-tehvil-verilmir\/#primaryimage"},"thumbnailUrl":"https:\/\/www.meydan.tv\/wp-content\/uploads\/1508418738577745627_1000x669.jpg","datePublished":"2023-03-29T10:12:01+00:00","dateModified":"2023-03-29T10:12:04+00:00","breadcrumb":{"@id":"https:\/\/www.meydan.tv\/az\/article\/kendliler-susuzluqdan-eziyyet-cekir-artezian-ise-tehvil-verilmir\/#breadcrumb"},"inLanguage":"az","potentialAction":[{"@type":"ReadAction","target":["https:\/\/www.meydan.tv\/az\/article\/kendliler-susuzluqdan-eziyyet-cekir-artezian-ise-tehvil-verilmir\/"]}]},{"@type":"ImageObject","inLanguage":"az","@id":"https:\/\/www.meydan.tv\/az\/article\/kendliler-susuzluqdan-eziyyet-cekir-artezian-ise-tehvil-verilmir\/#primaryimage","url":"https:\/\/www.meydan.tv\/wp-content\/uploads\/1508418738577745627_1000x669.jpg","contentUrl":"https:\/\/www.meydan.tv\/wp-content\/uploads\/1508418738577745627_1000x669.jpg","width":979,"height":669,"caption":"Source: Foto: sosial \u015f\u0259b\u0259k\u0259"},{"@type":"BreadcrumbList","@id":"https:\/\/www.meydan.tv\/az\/article\/kendliler-susuzluqdan-eziyyet-cekir-artezian-ise-tehvil-verilmir\/#breadcrumb","itemListElement":[{"@type":"ListItem","position":1,"name":"Ana s\u0259hif\u0259","item":"https:\/\/www.meydan.tv\/az\/"},{"@type":"ListItem","position":2,"name":"X\u0259b\u0259rl\u0259r","item":"https:\/\/www.meydan.tv\/az\/section\/xeberler\/"},{"@type":"ListItem","position":3,"name":"K\u0259ndlil\u0259r susuzluqdan \u0259ziyy\u0259t \u00e7\u0259kir, artezian is\u0259 t\u0259hvil verilmir"}]},{"@type":"WebSite","@id":"https:\/\/www.meydan.tv\/az\/#website","url":"https:\/\/www.meydan.tv\/az\/","name":"MEYDAN.TV","description":"Meydan TV Az\u0259rbaycan\u0131n media m\u0259kan\u0131ndak\u0131 alternativ s\u0259sidir","publisher":{"@id":"https:\/\/www.meydan.tv\/az\/#organization"},"potentialAction":[{"@type":"SearchAction","target":{"@type":"EntryPoint","urlTemplate":"https:\/\/www.meydan.tv\/az\/?s={search_term_string}"},"query-input":{"@type":"PropertyValueSpecification","valueRequired":true,"valueName":"search_term_string"}}],"inLanguage":"az"},{"@type":"Organization","@id":"https:\/\/www.meydan.tv\/az\/#organization","name":"Meydan TV","url":"https:\/\/www.meydan.tv\/az\/","logo":{"@type":"ImageObject","inLanguage":"az","@id":"https:\/\/www.meydan.tv\/az\/#\/schema\/logo\/image\/","url":"https:\/\/www.meydan.tv\/wp-content\/uploads\/2021\/07\/meydan-logo.svg","contentUrl":"https:\/\/www.meydan.tv\/wp-content\/uploads\/2021\/07\/meydan-logo.svg","width":195,"height":46,"caption":"Meydan TV"},"image":{"@id":"https:\/\/www.meydan.tv\/az\/#\/schema\/logo\/image\/"}},{"@type":"Person","@id":"https:\/\/www.meydan.tv\/az\/#\/schema\/person\/981b0b284aeaa9ad0cbf814cd4a9d67c","name":"miron"}]}},"_links":{"self":[{"href":"https:\/\/www.meydan.tv\/az\/wp-json\/wp\/v2\/posts\/271664","targetHints":{"allow":["GET"]}}],"collection":[{"href":"https:\/\/www.meydan.tv\/az\/wp-json\/wp\/v2\/posts"}],"about":[{"href":"https:\/\/www.meydan.tv\/az\/wp-json\/wp\/v2\/types\/post"}],"author":[{"embeddable":true,"href":"https:\/\/www.meydan.tv\/az\/wp-json\/wp\/v2\/users\/18"}],"replies":[{"embeddable":true,"href":"https:\/\/www.meydan.tv\/az\/wp-json\/wp\/v2\/comments?post=271664"}],"version-history":[{"count":1,"href":"https:\/\/www.meydan.tv\/az\/wp-json\/wp\/v2\/posts\/271664\/revisions"}],"predecessor-version":[{"id":271668,"href":"https:\/\/www.meydan.tv\/az\/wp-json\/wp\/v2\/posts\/271664\/revisions\/271668"}],"wp:featuredmedia":[{"embeddable":true,"href":"https:\/\/www.meydan.tv\/az\/wp-json\/wp\/v2\/media\/137856"}],"wp:attachment":[{"href":"https:\/\/www.meydan.tv\/az\/wp-json\/wp\/v2\/media?parent=271664"}],"wp:term":[{"taxonomy":"category","embeddable":true,"href":"https:\/\/www.meydan.tv\/az\/wp-json\/wp\/v2\/categories?post=271664"},{"taxonomy":"post_tag","embeddable":true,"href":"https:\/\/www.meydan.tv\/az\/wp-json\/wp\/v2\/tags?post=271664"}],"curies":[{"name":"wp","href":"https:\/\/api.w.org\/{rel}","templated":true}]}}