{"id":271661,"date":"2023-03-29T14:24:20","date_gmt":"2023-03-29T10:24:20","guid":{"rendered":"https:\/\/www.meydan.tv\/?p=271661"},"modified":"2023-03-29T15:57:27","modified_gmt":"2023-03-29T11:57:27","slug":"birinci-ve-ikinci-qarabag-muharibesi-doyusculerine-ayri-seckilik-qoyurlar","status":"publish","type":"post","link":"https:\/\/www.meydan.tv\/az\/article\/birinci-ve-ikinci-qarabag-muharibesi-doyusculerine-ayri-seckilik-qoyurlar\/","title":{"rendered":"Balak\u0259n sakini \u015f\u0259hid qarda\u015f\u0131 kimi t\u0259qa\u00fcd almaq ist\u0259yir"},"content":{"rendered":"\n<p><strong><em>Ramil Xocaxov d\u00f6vl\u0259t qurumlar\u0131ndan naraz\u0131d\u0131r<\/em><\/strong><\/p>\n\n\n\n<p>\u201c<em>Qarda\u015f\u0131m Birinci Qaraba\u011f m\u00fcharib\u0259si d\u00f6y\u00fc\u015fl\u0259rind\u0259 h\u0259lak olub. V\u0259fat\u0131ndan sonra ona \u015f\u0259hidlik statusu verilib. Valideynl\u0259rim sa\u011f ik\u0259n \u015f\u0259hid ail\u0259si statusu il\u0259 ayl\u0131q t\u0259qa\u00fcd al\u0131rd\u0131lar. Onlar\u0131n \u00f6l\u00fcm\u00fcnd\u0259n sonra veril\u0259n t\u0259qa\u00fcd k\u0259sildi<\/em>\u201d.<\/p>\n\n\n\n<p>Bunu Meydan TV-y\u0259 Balak\u0259nin Kortala k\u0259nd sakini Ramil Xocaxov deyir.<\/p>\n\n\n\n<p>O gileyl\u0259nir ki, k\u0259ndd\u0259 dig\u0259r \u015f\u0259hid ail\u0259l\u0259rin\u0259 yard\u0131m g\u00f6st\u0259rils\u0259 d\u0259, onun ail\u0259si diqq\u0259td\u0259n k\u0259narda qal\u0131b.<\/p>\n\n\n\n<p>Onun s\u00f6zl\u0259rin\u0259 g\u00f6r\u0259, bununla ba\u011fl\u0131 Balak\u0259n Rayon \u0130cra Hakimiyy\u0259tind\u0259 olub, h\u0259m\u00e7inin k\u0259ndin b\u0259l\u0259diyy\u0259sin\u0259 m\u00fcraci\u0259t ets\u0259 d\u0259, n\u0259tic\u0259siz qal\u0131b:<\/p>\n\n\n\n<p>\u201c<em>Qarda\u015f\u0131m Sabir Xocaxov v\u0259t\u0259n u\u011frunda d\u00f6y\u00fc\u015fl\u0259rd\u0259 h\u0259yat\u0131n\u0131 itirib. \u018fvv\u0259lc\u0259 atam r\u0259hm\u0259t\u0259 getdi. 2016-c\u0131 ild\u0259 is\u0259 anam v\u0259fat ed\u0259nd\u0259n sonra pulu k\u0259sdil\u0259r. Qon\u015fuluqda ail\u0259 var, o\u011fullar\u0131 \u0130kinci Qaraba\u011f m\u00fcharib\u0259sind\u0259 \u015f\u0259hid olub. Onlara h\u0259r d\u0259f\u0259 icra t\u0259r\u0259find\u0259n yard\u0131mlar edilir. Amma biz\u0259 he\u00e7 n\u0259 vermirl\u0259r. Niy\u0259 m\u00fcharib\u0259 i\u015ftirak\u00e7\u0131lar\u0131na ayr\u0131-se\u00e7kilik qoyurlar? Bu g\u00fcn\u0259 q\u0259d\u0259r icra t\u0259r\u0259find\u0259n yaln\u0131z qarda\u015f\u0131m\u0131n m\u0259zar da\u015f\u0131n\u0131n yenil\u0259nm\u0259sin\u0259 yard\u0131m edilib<\/em>\u201d.<\/p>\n\n\n\n<p>Balak\u0259n Rayon \u0130cra hakimiyy\u0259tinin \u0130ctimai-siyasi v\u0259 humanitar m\u0259s\u0259l\u0259l\u0259r \u015f\u00f6b\u0259sinin m\u00fcdiri N\u0259zak\u0259t R\u00fcst\u0259mova Meydan TV-y\u0259 bildirib ki, Birinci Qaraba\u011f m\u00fcharib\u0259sind\u0259 h\u0259yat\u0131n\u0131 itir\u0259n Sabir Xocaxovun \u015f\u0259hidliyi il\u0259 \u0259laq\u0259dar ayl\u0131q t\u0259qa\u00fcd\u00fc valideynl\u0259rin\u0259 verilib.<\/p>\n\n\n\n<p>Valideynl\u0259rinin v\u0259fat\u0131ndan sonra is\u0259 t\u0259qa\u00fcd l\u0259\u011fv edilib:<\/p>\n\n\n\n<p><em>\u201c\u00c7\u00fcnki \u015f\u0259hidlik statusu bac\u0131-qarda\u015fa \u015famil olunmur. Ancaq h\u0259yat yolda\u015f\u0131na, 18 ya\u015fad\u0259k \u00f6vladlar\u0131na v\u0259 valideynl\u0259rin\u0259 \u015famil olunur. \u015e\u0259hid olan v\u0259t\u0259nda\u015f subay imi\u015f. Qarda\u015f\u0131 Ramil Xocaxovov is\u0259 \u015f\u0259hid ail\u0259si hesab edilmir\u201d.<\/em><\/p>\n\n\n\n<p><strong>\u015e\u0259hid ail\u0259si kiml\u0259r hesab olunur?<\/strong><\/p>\n\n\n\n<p>\u015e\u0259hid v\u0259 \u015f\u0259hid ail\u0259si statusunun verilm\u0259si qaydas\u0131 \u201c\u015e\u0259hid ad\u0131n\u0131n \u0259b\u0259dil\u0259\u015fdirilm\u0259si v\u0259 \u015f\u0259hid ail\u0259l\u0259rin\u0259 edil\u0259n g\u00fcz\u0259\u015ftl\u0259r haqq\u0131nda\u201d Qanunu il\u0259 <a href=\"https:\/\/e-qanun.az\/framework\/8616\">t\u0259nziml\u0259nir<\/a>.<\/p>\n\n\n\n<p>Qanunvericiliy\u0259 \u0259sas\u0259n, \u015f\u0259hid ail\u0259si statusuna \u0259r-arvad, valideyn, 18 ya\u015f\u0131na \u00e7atmam\u0131\u015f u\u015faqlar aid edilir.<\/p>\n\n\n\n<p>\u201cQaraba\u011f qazil\u0259ri\u201d \u0130ctimai Birliyinin m\u0259tbuat xidm\u0259tinin r\u0259hb\u0259ri Rey K\u0259rimo\u011flu Meydan TV-y\u0259 deyir ki, yaln\u0131z bir halda, bird\u0259f\u0259lik s\u0131\u011forta \u00f6d\u0259ni\u015fi h\u0259lak olmu\u015f h\u0259rbi qulluq\u00e7ular\u0131n v\u0259r\u0259s\u0259l\u0259rin\u0259 veril\u0259 bil\u0259r.<\/p>\n\n\n\n<p>\u201c<em>\u015e\u0259hidin valideynl\u0259ri v\u0259 ail\u0259si olmad\u0131\u011f\u0131 t\u0259qdird\u0259 on bir min manat qanpulu&nbsp; onun bac\u0131 v\u0259 qarda\u015f\u0131na veril\u0259 bil\u0259r<\/em>\u201d.<\/p>\n","protected":false},"excerpt":{"rendered":"<p>Ramil Xocaxov d\u00f6vl\u0259t qurumlar\u0131ndan naraz\u0131d\u0131r \u201cQarda\u015f\u0131m Birinci Qaraba\u011f m\u00fcharib\u0259si d\u00f6y\u00fc\u015fl\u0259rind\u0259 &#8230; <\/p>\n<p class=\"read-more-container\"><a title=\"Balak\u0259n sakini \u015f\u0259hid qarda\u015f\u0131 kimi t\u0259qa\u00fcd almaq ist\u0259yir\" class=\"read-more button\" href=\"https:\/\/www.meydan.tv\/az\/article\/birinci-ve-ikinci-qarabag-muharibesi-doyusculerine-ayri-seckilik-qoyurlar\/#more-271661\" aria-label=\"Read more about Balak\u0259n sakini \u015f\u0259hid qarda\u015f\u0131 kimi t\u0259qa\u00fcd almaq ist\u0259yir\">Davam\u0131<\/a><\/p>\n","protected":false},"author":18,"featured_media":106883,"comment_status":"closed","ping_status":"closed","sticky":false,"template":"","format":"standard","meta":{"_acf_changed":false,"_sitemap_exclude":false,"_sitemap_priority":"","_sitemap_frequency":"","footnotes":""},"categories":[60,56],"tags":[],"class_list":["post-271661","post","type-post","status-publish","format-standard","has-post-thumbnail","hentry","category-bolge","category-xeberler","infinite-scroll-item","generate-columns","tablet-grid-50","mobile-grid-100","grid-parent","grid-33","no-featured-image-padding"],"acf":[],"yoast_head":"<!-- This site is optimized with the Yoast SEO plugin v27.5 - https:\/\/yoast.com\/product\/yoast-seo-wordpress\/ -->\n<title>Balak\u0259n sakini \u015f\u0259hid qarda\u015f\u0131 kimi t\u0259qa\u00fcd almaq ist\u0259yir - MEYDAN.TV<\/title>\n<meta name=\"robots\" content=\"index, follow, max-snippet:-1, max-image-preview:large, max-video-preview:-1\" \/>\n<link rel=\"canonical\" href=\"https:\/\/www.meydan.tv\/az\/article\/birinci-ve-ikinci-qarabag-muharibesi-doyusculerine-ayri-seckilik-qoyurlar\/\" \/>\n<meta property=\"og:locale\" content=\"az_AZ\" \/>\n<meta property=\"og:type\" content=\"article\" \/>\n<meta property=\"og:title\" content=\"Balak\u0259n sakini \u015f\u0259hid qarda\u015f\u0131 kimi t\u0259qa\u00fcd almaq ist\u0259yir - MEYDAN.TV\" \/>\n<meta property=\"og:description\" content=\"Ramil Xocaxov d\u00f6vl\u0259t qurumlar\u0131ndan naraz\u0131d\u0131r \u201cQarda\u015f\u0131m Birinci Qaraba\u011f m\u00fcharib\u0259si d\u00f6y\u00fc\u015fl\u0259rind\u0259 ... Davam\u0131\" \/>\n<meta property=\"og:url\" content=\"https:\/\/www.meydan.tv\/az\/article\/birinci-ve-ikinci-qarabag-muharibesi-doyusculerine-ayri-seckilik-qoyurlar\/\" \/>\n<meta property=\"og:site_name\" content=\"MEYDAN.TV\" \/>\n<meta property=\"article:published_time\" content=\"2023-03-29T10:24:20+00:00\" \/>\n<meta property=\"article:modified_time\" content=\"2023-03-29T11:57:27+00:00\" \/>\n<meta property=\"og:image\" content=\"https:\/\/www.meydan.tv\/wp-content\/uploads\/38686.png\" \/>\n\t<meta property=\"og:image:width\" content=\"800\" \/>\n\t<meta property=\"og:image:height\" content=\"512\" \/>\n\t<meta property=\"og:image:type\" content=\"image\/png\" \/>\n<meta name=\"author\" content=\"miron\" \/>\n<meta name=\"twitter:card\" content=\"summary_large_image\" \/>\n<script type=\"application\/ld+json\" class=\"yoast-schema-graph\">{\"@context\":\"https:\\\/\\\/schema.org\",\"@graph\":[{\"@type\":\"Article\",\"@id\":\"https:\\\/\\\/www.meydan.tv\\\/az\\\/article\\\/birinci-ve-ikinci-qarabag-muharibesi-doyusculerine-ayri-seckilik-qoyurlar\\\/#article\",\"isPartOf\":{\"@id\":\"https:\\\/\\\/www.meydan.tv\\\/az\\\/article\\\/birinci-ve-ikinci-qarabag-muharibesi-doyusculerine-ayri-seckilik-qoyurlar\\\/\"},\"author\":{\"name\":\"miron\",\"@id\":\"https:\\\/\\\/www.meydan.tv\\\/az\\\/#\\\/schema\\\/person\\\/981b0b284aeaa9ad0cbf814cd4a9d67c\"},\"headline\":\"Balak\u0259n sakini \u015f\u0259hid qarda\u015f\u0131 kimi t\u0259qa\u00fcd almaq ist\u0259yir\",\"datePublished\":\"2023-03-29T10:24:20+00:00\",\"dateModified\":\"2023-03-29T11:57:27+00:00\",\"mainEntityOfPage\":{\"@id\":\"https:\\\/\\\/www.meydan.tv\\\/az\\\/article\\\/birinci-ve-ikinci-qarabag-muharibesi-doyusculerine-ayri-seckilik-qoyurlar\\\/\"},\"wordCount\":492,\"publisher\":{\"@id\":\"https:\\\/\\\/www.meydan.tv\\\/az\\\/#organization\"},\"image\":{\"@id\":\"https:\\\/\\\/www.meydan.tv\\\/az\\\/article\\\/birinci-ve-ikinci-qarabag-muharibesi-doyusculerine-ayri-seckilik-qoyurlar\\\/#primaryimage\"},\"thumbnailUrl\":\"https:\\\/\\\/www.meydan.tv\\\/wp-content\\\/uploads\\\/38686.png\",\"articleSection\":[\"B\u00f6lg\u0259\",\"X\u0259b\u0259rl\u0259r\"],\"inLanguage\":\"az\"},{\"@type\":\"WebPage\",\"@id\":\"https:\\\/\\\/www.meydan.tv\\\/az\\\/article\\\/birinci-ve-ikinci-qarabag-muharibesi-doyusculerine-ayri-seckilik-qoyurlar\\\/\",\"url\":\"https:\\\/\\\/www.meydan.tv\\\/az\\\/article\\\/birinci-ve-ikinci-qarabag-muharibesi-doyusculerine-ayri-seckilik-qoyurlar\\\/\",\"name\":\"Balak\u0259n sakini \u015f\u0259hid qarda\u015f\u0131 kimi t\u0259qa\u00fcd almaq ist\u0259yir - MEYDAN.TV\",\"isPartOf\":{\"@id\":\"https:\\\/\\\/www.meydan.tv\\\/az\\\/#website\"},\"primaryImageOfPage\":{\"@id\":\"https:\\\/\\\/www.meydan.tv\\\/az\\\/article\\\/birinci-ve-ikinci-qarabag-muharibesi-doyusculerine-ayri-seckilik-qoyurlar\\\/#primaryimage\"},\"image\":{\"@id\":\"https:\\\/\\\/www.meydan.tv\\\/az\\\/article\\\/birinci-ve-ikinci-qarabag-muharibesi-doyusculerine-ayri-seckilik-qoyurlar\\\/#primaryimage\"},\"thumbnailUrl\":\"https:\\\/\\\/www.meydan.tv\\\/wp-content\\\/uploads\\\/38686.png\",\"datePublished\":\"2023-03-29T10:24:20+00:00\",\"dateModified\":\"2023-03-29T11:57:27+00:00\",\"breadcrumb\":{\"@id\":\"https:\\\/\\\/www.meydan.tv\\\/az\\\/article\\\/birinci-ve-ikinci-qarabag-muharibesi-doyusculerine-ayri-seckilik-qoyurlar\\\/#breadcrumb\"},\"inLanguage\":\"az\",\"potentialAction\":[{\"@type\":\"ReadAction\",\"target\":[\"https:\\\/\\\/www.meydan.tv\\\/az\\\/article\\\/birinci-ve-ikinci-qarabag-muharibesi-doyusculerine-ayri-seckilik-qoyurlar\\\/\"]}]},{\"@type\":\"ImageObject\",\"inLanguage\":\"az\",\"@id\":\"https:\\\/\\\/www.meydan.tv\\\/az\\\/article\\\/birinci-ve-ikinci-qarabag-muharibesi-doyusculerine-ayri-seckilik-qoyurlar\\\/#primaryimage\",\"url\":\"https:\\\/\\\/www.meydan.tv\\\/wp-content\\\/uploads\\\/38686.png\",\"contentUrl\":\"https:\\\/\\\/www.meydan.tv\\\/wp-content\\\/uploads\\\/38686.png\",\"width\":800,\"height\":512,\"caption\":\"Source:\"},{\"@type\":\"BreadcrumbList\",\"@id\":\"https:\\\/\\\/www.meydan.tv\\\/az\\\/article\\\/birinci-ve-ikinci-qarabag-muharibesi-doyusculerine-ayri-seckilik-qoyurlar\\\/#breadcrumb\",\"itemListElement\":[{\"@type\":\"ListItem\",\"position\":1,\"name\":\"Ana s\u0259hif\u0259\",\"item\":\"https:\\\/\\\/www.meydan.tv\\\/az\\\/\"},{\"@type\":\"ListItem\",\"position\":2,\"name\":\"X\u0259b\u0259rl\u0259r\",\"item\":\"https:\\\/\\\/www.meydan.tv\\\/az\\\/section\\\/xeberler\\\/\"},{\"@type\":\"ListItem\",\"position\":3,\"name\":\"Balak\u0259n sakini \u015f\u0259hid qarda\u015f\u0131 kimi t\u0259qa\u00fcd almaq ist\u0259yir\"}]},{\"@type\":\"WebSite\",\"@id\":\"https:\\\/\\\/www.meydan.tv\\\/az\\\/#website\",\"url\":\"https:\\\/\\\/www.meydan.tv\\\/az\\\/\",\"name\":\"MEYDAN.TV\",\"description\":\"Meydan TV Az\u0259rbaycan\u0131n media m\u0259kan\u0131ndak\u0131 alternativ s\u0259sidir\",\"publisher\":{\"@id\":\"https:\\\/\\\/www.meydan.tv\\\/az\\\/#organization\"},\"potentialAction\":[{\"@type\":\"SearchAction\",\"target\":{\"@type\":\"EntryPoint\",\"urlTemplate\":\"https:\\\/\\\/www.meydan.tv\\\/az\\\/?s={search_term_string}\"},\"query-input\":{\"@type\":\"PropertyValueSpecification\",\"valueRequired\":true,\"valueName\":\"search_term_string\"}}],\"inLanguage\":\"az\"},{\"@type\":\"Organization\",\"@id\":\"https:\\\/\\\/www.meydan.tv\\\/az\\\/#organization\",\"name\":\"Meydan TV\",\"url\":\"https:\\\/\\\/www.meydan.tv\\\/az\\\/\",\"logo\":{\"@type\":\"ImageObject\",\"inLanguage\":\"az\",\"@id\":\"https:\\\/\\\/www.meydan.tv\\\/az\\\/#\\\/schema\\\/logo\\\/image\\\/\",\"url\":\"https:\\\/\\\/www.meydan.tv\\\/wp-content\\\/uploads\\\/2021\\\/07\\\/meydan-logo.svg\",\"contentUrl\":\"https:\\\/\\\/www.meydan.tv\\\/wp-content\\\/uploads\\\/2021\\\/07\\\/meydan-logo.svg\",\"width\":195,\"height\":46,\"caption\":\"Meydan TV\"},\"image\":{\"@id\":\"https:\\\/\\\/www.meydan.tv\\\/az\\\/#\\\/schema\\\/logo\\\/image\\\/\"}},{\"@type\":\"Person\",\"@id\":\"https:\\\/\\\/www.meydan.tv\\\/az\\\/#\\\/schema\\\/person\\\/981b0b284aeaa9ad0cbf814cd4a9d67c\",\"name\":\"miron\"}]}<\/script>\n<!-- \/ Yoast SEO plugin. -->","yoast_head_json":{"title":"Balak\u0259n sakini \u015f\u0259hid qarda\u015f\u0131 kimi t\u0259qa\u00fcd almaq ist\u0259yir - MEYDAN.TV","robots":{"index":"index","follow":"follow","max-snippet":"max-snippet:-1","max-image-preview":"max-image-preview:large","max-video-preview":"max-video-preview:-1"},"canonical":"https:\/\/www.meydan.tv\/az\/article\/birinci-ve-ikinci-qarabag-muharibesi-doyusculerine-ayri-seckilik-qoyurlar\/","og_locale":"az_AZ","og_type":"article","og_title":"Balak\u0259n sakini \u015f\u0259hid qarda\u015f\u0131 kimi t\u0259qa\u00fcd almaq ist\u0259yir - MEYDAN.TV","og_description":"Ramil Xocaxov d\u00f6vl\u0259t qurumlar\u0131ndan naraz\u0131d\u0131r \u201cQarda\u015f\u0131m Birinci Qaraba\u011f m\u00fcharib\u0259si d\u00f6y\u00fc\u015fl\u0259rind\u0259 ... Davam\u0131","og_url":"https:\/\/www.meydan.tv\/az\/article\/birinci-ve-ikinci-qarabag-muharibesi-doyusculerine-ayri-seckilik-qoyurlar\/","og_site_name":"MEYDAN.TV","article_published_time":"2023-03-29T10:24:20+00:00","article_modified_time":"2023-03-29T11:57:27+00:00","og_image":[{"width":800,"height":512,"url":"https:\/\/www.meydan.tv\/wp-content\/uploads\/38686.png","type":"image\/png"}],"author":"miron","twitter_card":"summary_large_image","schema":{"@context":"https:\/\/schema.org","@graph":[{"@type":"Article","@id":"https:\/\/www.meydan.tv\/az\/article\/birinci-ve-ikinci-qarabag-muharibesi-doyusculerine-ayri-seckilik-qoyurlar\/#article","isPartOf":{"@id":"https:\/\/www.meydan.tv\/az\/article\/birinci-ve-ikinci-qarabag-muharibesi-doyusculerine-ayri-seckilik-qoyurlar\/"},"author":{"name":"miron","@id":"https:\/\/www.meydan.tv\/az\/#\/schema\/person\/981b0b284aeaa9ad0cbf814cd4a9d67c"},"headline":"Balak\u0259n sakini \u015f\u0259hid qarda\u015f\u0131 kimi t\u0259qa\u00fcd almaq ist\u0259yir","datePublished":"2023-03-29T10:24:20+00:00","dateModified":"2023-03-29T11:57:27+00:00","mainEntityOfPage":{"@id":"https:\/\/www.meydan.tv\/az\/article\/birinci-ve-ikinci-qarabag-muharibesi-doyusculerine-ayri-seckilik-qoyurlar\/"},"wordCount":492,"publisher":{"@id":"https:\/\/www.meydan.tv\/az\/#organization"},"image":{"@id":"https:\/\/www.meydan.tv\/az\/article\/birinci-ve-ikinci-qarabag-muharibesi-doyusculerine-ayri-seckilik-qoyurlar\/#primaryimage"},"thumbnailUrl":"https:\/\/www.meydan.tv\/wp-content\/uploads\/38686.png","articleSection":["B\u00f6lg\u0259","X\u0259b\u0259rl\u0259r"],"inLanguage":"az"},{"@type":"WebPage","@id":"https:\/\/www.meydan.tv\/az\/article\/birinci-ve-ikinci-qarabag-muharibesi-doyusculerine-ayri-seckilik-qoyurlar\/","url":"https:\/\/www.meydan.tv\/az\/article\/birinci-ve-ikinci-qarabag-muharibesi-doyusculerine-ayri-seckilik-qoyurlar\/","name":"Balak\u0259n sakini \u015f\u0259hid qarda\u015f\u0131 kimi t\u0259qa\u00fcd almaq ist\u0259yir - MEYDAN.TV","isPartOf":{"@id":"https:\/\/www.meydan.tv\/az\/#website"},"primaryImageOfPage":{"@id":"https:\/\/www.meydan.tv\/az\/article\/birinci-ve-ikinci-qarabag-muharibesi-doyusculerine-ayri-seckilik-qoyurlar\/#primaryimage"},"image":{"@id":"https:\/\/www.meydan.tv\/az\/article\/birinci-ve-ikinci-qarabag-muharibesi-doyusculerine-ayri-seckilik-qoyurlar\/#primaryimage"},"thumbnailUrl":"https:\/\/www.meydan.tv\/wp-content\/uploads\/38686.png","datePublished":"2023-03-29T10:24:20+00:00","dateModified":"2023-03-29T11:57:27+00:00","breadcrumb":{"@id":"https:\/\/www.meydan.tv\/az\/article\/birinci-ve-ikinci-qarabag-muharibesi-doyusculerine-ayri-seckilik-qoyurlar\/#breadcrumb"},"inLanguage":"az","potentialAction":[{"@type":"ReadAction","target":["https:\/\/www.meydan.tv\/az\/article\/birinci-ve-ikinci-qarabag-muharibesi-doyusculerine-ayri-seckilik-qoyurlar\/"]}]},{"@type":"ImageObject","inLanguage":"az","@id":"https:\/\/www.meydan.tv\/az\/article\/birinci-ve-ikinci-qarabag-muharibesi-doyusculerine-ayri-seckilik-qoyurlar\/#primaryimage","url":"https:\/\/www.meydan.tv\/wp-content\/uploads\/38686.png","contentUrl":"https:\/\/www.meydan.tv\/wp-content\/uploads\/38686.png","width":800,"height":512,"caption":"Source:"},{"@type":"BreadcrumbList","@id":"https:\/\/www.meydan.tv\/az\/article\/birinci-ve-ikinci-qarabag-muharibesi-doyusculerine-ayri-seckilik-qoyurlar\/#breadcrumb","itemListElement":[{"@type":"ListItem","position":1,"name":"Ana s\u0259hif\u0259","item":"https:\/\/www.meydan.tv\/az\/"},{"@type":"ListItem","position":2,"name":"X\u0259b\u0259rl\u0259r","item":"https:\/\/www.meydan.tv\/az\/section\/xeberler\/"},{"@type":"ListItem","position":3,"name":"Balak\u0259n sakini \u015f\u0259hid qarda\u015f\u0131 kimi t\u0259qa\u00fcd almaq ist\u0259yir"}]},{"@type":"WebSite","@id":"https:\/\/www.meydan.tv\/az\/#website","url":"https:\/\/www.meydan.tv\/az\/","name":"MEYDAN.TV","description":"Meydan TV Az\u0259rbaycan\u0131n media m\u0259kan\u0131ndak\u0131 alternativ s\u0259sidir","publisher":{"@id":"https:\/\/www.meydan.tv\/az\/#organization"},"potentialAction":[{"@type":"SearchAction","target":{"@type":"EntryPoint","urlTemplate":"https:\/\/www.meydan.tv\/az\/?s={search_term_string}"},"query-input":{"@type":"PropertyValueSpecification","valueRequired":true,"valueName":"search_term_string"}}],"inLanguage":"az"},{"@type":"Organization","@id":"https:\/\/www.meydan.tv\/az\/#organization","name":"Meydan TV","url":"https:\/\/www.meydan.tv\/az\/","logo":{"@type":"ImageObject","inLanguage":"az","@id":"https:\/\/www.meydan.tv\/az\/#\/schema\/logo\/image\/","url":"https:\/\/www.meydan.tv\/wp-content\/uploads\/2021\/07\/meydan-logo.svg","contentUrl":"https:\/\/www.meydan.tv\/wp-content\/uploads\/2021\/07\/meydan-logo.svg","width":195,"height":46,"caption":"Meydan TV"},"image":{"@id":"https:\/\/www.meydan.tv\/az\/#\/schema\/logo\/image\/"}},{"@type":"Person","@id":"https:\/\/www.meydan.tv\/az\/#\/schema\/person\/981b0b284aeaa9ad0cbf814cd4a9d67c","name":"miron"}]}},"_links":{"self":[{"href":"https:\/\/www.meydan.tv\/az\/wp-json\/wp\/v2\/posts\/271661","targetHints":{"allow":["GET"]}}],"collection":[{"href":"https:\/\/www.meydan.tv\/az\/wp-json\/wp\/v2\/posts"}],"about":[{"href":"https:\/\/www.meydan.tv\/az\/wp-json\/wp\/v2\/types\/post"}],"author":[{"embeddable":true,"href":"https:\/\/www.meydan.tv\/az\/wp-json\/wp\/v2\/users\/18"}],"replies":[{"embeddable":true,"href":"https:\/\/www.meydan.tv\/az\/wp-json\/wp\/v2\/comments?post=271661"}],"version-history":[{"count":5,"href":"https:\/\/www.meydan.tv\/az\/wp-json\/wp\/v2\/posts\/271661\/revisions"}],"predecessor-version":[{"id":271698,"href":"https:\/\/www.meydan.tv\/az\/wp-json\/wp\/v2\/posts\/271661\/revisions\/271698"}],"wp:featuredmedia":[{"embeddable":true,"href":"https:\/\/www.meydan.tv\/az\/wp-json\/wp\/v2\/media\/106883"}],"wp:attachment":[{"href":"https:\/\/www.meydan.tv\/az\/wp-json\/wp\/v2\/media?parent=271661"}],"wp:term":[{"taxonomy":"category","embeddable":true,"href":"https:\/\/www.meydan.tv\/az\/wp-json\/wp\/v2\/categories?post=271661"},{"taxonomy":"post_tag","embeddable":true,"href":"https:\/\/www.meydan.tv\/az\/wp-json\/wp\/v2\/tags?post=271661"}],"curies":[{"name":"wp","href":"https:\/\/api.w.org\/{rel}","templated":true}]}}