{"id":271642,"date":"2023-03-29T13:45:28","date_gmt":"2023-03-29T09:45:28","guid":{"rendered":"https:\/\/www.meydan.tv\/?p=271642"},"modified":"2023-03-29T13:45:31","modified_gmt":"2023-03-29T09:45:31","slug":"semkir-sakini-saxtakarliqla-isden-cixarilmisam-usaqlarimi-saxlaya-bilmirem","status":"publish","type":"post","link":"https:\/\/www.meydan.tv\/az\/article\/semkir-sakini-saxtakarliqla-isden-cixarilmisam-usaqlarimi-saxlaya-bilmirem\/","title":{"rendered":"\u015e\u0259mkir sakini: \u201cSaxtakarl\u0131qla i\u015fd\u0259n \u00e7\u0131xar\u0131lm\u0131\u015fam, u\u015faqlar\u0131m\u0131 saxlaya bilmir\u0259m&#8230;\u201d"},"content":{"rendered":"\n<p>G\u00fclnar R\u00fcst\u0259mova: \u201cYegan\u0259 g\u0259lir yerim i\u015fl\u0259diyim m\u0259kt\u0259bd\u0259n ald\u0131\u011f\u0131m maa\u015f idi, onu da T\u0259hsil Nazirliyinin say\u0259sind\u0259 itirdim&#8230;\u201d<\/p>\n\n\n\n<p>\u015e\u0259mkir rayon sakini G\u00fclnar R\u00fcst\u0259mova saxta \u0259mr \u0259sas\u0131nda i\u015fini itirdiyini deyir. O, rayonun Sabirk\u0259nd orta m\u0259kt\u0259binin direktoru olub, 2022-ci il sentyabr\u0131n 5-d\u0259 v\u0259zif\u0259sind\u0259n azad edilib. Onun s\u00f6zl\u0259rin\u0259 g\u00f6r\u0259, saxtakarl\u0131q n\u0259tic\u0259sind\u0259 t\u0259kc\u0259 direktorluqdan yox, \u00fcmumiyy\u0259tl\u0259, pedaqoji fa\u0259liyy\u0259td\u0259n uzaqla\u015fd\u0131r\u0131l\u0131b.<\/p>\n\n\n\n<p>\u201cYegan\u0259 g\u0259lir yerim i\u015fl\u0259diyim m\u0259kt\u0259bd\u0259n ald\u0131\u011f\u0131m maa\u015f idi. Onu da Elm v\u0259 T\u0259hsil Nazirliyinin say\u0259sind\u0259 itirdim. Direktorluqdan uzaqla\u015fd\u0131r\u0131ld\u0131m, b\u0259s m\u0259nim m\u00fc\u0259llimliyim nec\u0259 olsun? M\u0259ni m\u00fc\u0259llim kimi d\u0259 i\u015fl\u0259m\u0259y\u0259 qoymurlar. M\u0259n u\u015faqlar\u0131m\u0131 saxlaya bilmir\u0259m&#8230;\u201d, &#8211; G\u00fclnar R\u00fcst\u0259movan\u0131n s\u00f6zl\u0259ridir.<\/p>\n\n\n\n<p><strong>\u201cM\u0259hk\u0259m\u0259 d\u0259 saxtakarl\u0131\u011fa g\u00f6z yumdu\u201d<\/strong><\/p>\n\n\n\n<p>Sabirk\u0259nd orta m\u0259kt\u0259bi Qaraba\u011f d\u00f6y\u00fc\u015fl\u0259rind\u0259 h\u0259lak olmu\u015f \u015f\u0259hid Sahib R\u00fcst\u0259movun ad\u0131n\u0131 da\u015f\u0131y\u0131r. O, G\u00fclnar R\u00fcst\u0259movan\u0131n \u0259misi o\u011fludur:<\/p>\n\n\n\n<p>\u201c\u0130ll\u0259rl\u0259 o m\u0259kt\u0259bd\u0259 m\u00fc\u0259llim i\u015fl\u0259mi\u015f\u0259m. \u018fn \u00e7ox bal toplayan m\u00fc\u0259lliml\u0259rd\u0259n biri olmu\u015fam. 2019-cu ilin sentyabr\u0131ndan m\u0259kt\u0259b direktoru kimi f\u0259aliyy\u0259t g\u00f6st\u0259rmi\u015f\u0259m. Bu imtahanda da 60 m\u00fcmk\u00fcn baldan 54-n\u00fc toplam\u0131\u015fam. D\u00f6vl\u0259t \u0130mtaham M\u0259rk\u0259zinin \u201cmarker\u201d m\u00fc\u0259llimiy\u0259m\u201d.<\/p>\n\n\n\n<p>G\u00fclnar R\u00fcst\u0259mova deyir k, onun i\u015fd\u0259n azad edilm\u0259sil\u0259 ba\u011fl\u0131 H\u0259mkarlar T\u0259\u015fkilat\u0131n\u0131n r\u0259yi \u015e\u0259mkir rayon T\u0259hsil \u0130dar\u0259sinin r\u0259hb\u0259rliyi t\u0259r\u0259find\u0259n t\u0259zyiq \u0259sas\u0131nda al\u0131n\u0131b. Onun s\u00f6zl\u0259rin\u0259 g\u00f6r\u0259, t\u0259\u015fkilat\u0131n iclas\u0131 ke\u00e7irilm\u0259yib. R\u0259yin al\u0131nd\u0131\u011f\u0131 tarix 16 iyun 2022-ci il g\u00f6st\u0259rils\u0259 d\u0259, \u0259slind\u0259, h\u0259min vaxt verilm\u0259yib.<\/p>\n\n\n\n<p>\u201cT\u0259hsil \u0130dar\u0259sinin r\u0259hb\u0259rliyinin q\u0259r\u0259zinin, qanunsuzlu\u011funun qurban\u0131 olmu\u015fam. M\u0259niml\u0259 ba\u011fl\u0131 ba\u015f ver\u0259n qanunsuzluqlar, saxtakarl\u0131qlar g\u00f6z de\u015fir, he\u00e7 bir \u00e7\u0259r\u00e7iv\u0259y\u0259 s\u0131\u011fm\u0131r. \u00c7ox t\u0259\u0259ss\u00fcf ki, m\u0259hk\u0259m\u0259 d\u0259 bunlara g\u00f6z yumdu&#8230;\u201d.<\/p>\n\n\n\n<p><strong>\u201cRegional idar\u0259nin r\u0259isinin t\u0259zyiqi il\u0259 direktor haqq\u0131nda r\u0259y yazd\u0131m\u201d<\/strong><\/p>\n\n\n\n<p>G\u00fclnar R\u00fcst\u0259mova onun haqq\u0131ndak\u0131 \u0259mrin l\u0259\u011fvi v\u0259 i\u015f\u0259 b\u0259rpa t\u0259l\u0259bil\u0259 Bak\u0131n\u0131n N\u0259rimanov Rayon M\u0259hk\u0259m\u0259sin\u0259 (Elm v\u0259 T\u0259hsil Nazirliyi bu rayonun \u0259razisind\u0259 yerl\u0259\u015fdiyin\u0259 g\u00f6r\u0259) m\u00fcraci\u0259t ets\u0259 d\u0259, iddias\u0131 t\u0259min olunmay\u0131b.<\/p>\n\n\n\n<p>M\u0259hk\u0259m\u0259y\u0259 \u015e\u0259mkir rayonu \u00fczr\u0259 T\u0259hsil sektorunun H\u0259mkarlar T\u0259\u015fkilat\u0131n\u0131n s\u0259dri Z\u00fclfiyy\u0259 \u018fhm\u0259dovan\u0131n \u0259riz\u0259si d\u0259 t\u0259qdim olunub. O, \u0259riz\u0259sind\u0259 g\u00f6st\u0259rib ki, G\u00fclnar R\u00fcst\u0259mova haqq\u0131nda r\u0259yi Qazax-Tovuz Regional T\u0259hsil \u0130dar\u0259sinin m\u00fcdirinin t\u0259zyiqi alt\u0131nda yaz\u0131b.<\/p>\n\n\n\n<p>\u201c14 iyun 2022-ci ild\u0259 Qazax-Tovuz Regional T\u0259hsil \u0130dar\u0259si t\u0259r\u0259find\u0259n m\u0259kt\u0259bd\u0259 monitorinq apar\u0131ld\u0131. Monitorinqin n\u0259tic\u0259sil\u0259 ba\u011fl\u0131 r\u0259y bildirm\u0259k \u00fc\u00e7\u00fcn m\u0259n\u0259 m\u00fcraci\u0259t olundu. Dedil\u0259r ki, G\u00fclnar R\u00fcst\u0259movan\u0131n i\u015fd\u0259n \u00e7\u0131xar\u0131lmas\u0131 haqda r\u0259y bildirim. Birinci d\u0259f\u0259 verdiyim r\u0259yl\u0259 raz\u0131 olmad\u0131qlar\u0131n\u0131 dedil\u0259r. Regional T\u0259hsil \u0130dar\u0259si t\u0259r\u0259find\u0259n veril\u0259n t\u0259qdimata uy\u011fun r\u0259y yazma\u011f\u0131 t\u0259l\u0259b edirdil\u0259r. Bildirirdim ki, art\u0131q iclas ke\u00e7irilib, iclas\u0131n protokolu var, xeyri olmad\u0131. T\u0259zyiq alt\u0131nda, affekt v\u0259ziyy\u0259td\u0259 regional idar\u0259nin r\u0259isinin t\u0259l\u0259b etdiyi formada r\u0259y verdim&#8230;\u201d, &#8211; Z\u00fclfiyy\u0259 \u018fhm\u0259dova bildirib.<\/p>\n\n\n\n<p>Z\u00fclfiyy\u0259 \u018fhm\u0259dova m\u0259hk\u0259m\u0259d\u0259 d\u0259 dindirilib. Lakin hakim S\u0259bin\u0259 Nuriyeva onun dedikl\u0259rini \u0259h\u0259miyy\u0259tli hesab etm\u0259yib.<\/p>\n\n\n\n<p>\u201cYax\u015f\u0131 ki, elektron m\u0259hk\u0259m\u0259 sistemi t\u0259tbiq edilir. M\u0259hk\u0259m prosesi audio yaz\u0131 il\u0259 apar\u0131l\u0131r, ona g\u00f6r\u0259 protokolu saxtala\u015fd\u0131ra bilm\u0259yibl\u0259r. M\u0259hk\u0259m\u0259d\u0259 hakim niy\u0259s\u0259 qanunlara, h\u00fcquqa m\u00fcnasib\u0259td\u0259 saymazyanal\u0131q n\u00fcmayi\u015f etdirdi. He\u00e7 bir s\u00fcbuta h\u00fcquqi qiym\u0259t verm\u0259di. Yaln\u0131z Elm v\u0259 T\u0259hsil Nazirliyinin verdiyi \u0259sass\u0131z m\u00fclahiz\u0259l\u0259ri \u0259sas g\u00f6t\u00fcr\u00fcb, iddiam\u0131 t\u0259min etm\u0259di. Halbuki, eyni m\u0259hk\u0259m\u0259 tam ox\u015far ba\u015fqa bir iddian\u0131 t\u0259min edib. Bu da a\u00e7\u0131q-a\u015fkar ayr\u0131-se\u00e7kilik&#8230;\u201d, &#8211; G\u00fclnar R\u00fcst\u0259mova \u0259lav\u0259 edib.<\/p>\n\n\n\n<p>O, q\u0259rardan Bak\u0131 Apelyasiyab M\u0259hk\u0259m\u0259sin\u0259 \u015fikay\u0259t verib.<\/p>\n\n\n\n<p>\u201cBir t\u0259r\u0259fd\u0259n \u015fagirdl\u0259ri t\u0259dbir\u0259 \u00e7a\u011f\u0131rtd\u0131r\u0131r, o biri t\u0259r\u0259fd\u0259n m\u0259kt\u0259b\u0259 yoxlama g\u00f6nd\u0259rir\u201d<\/p>\n\n\n\n<p>M\u0259hk\u0259m\u0259nin q\u0259rar\u0131nda g\u00f6st\u0259rilib ki, Sabirk\u0259nd orta m\u0259kt\u0259binin t\u0259lim-t\u0259rbiy\u0259 i\u015fl\u0259ri \u00fczr\u0259 direktor m\u00fcavini rayon T\u0259hsil \u0130dar\u0259sinin m\u00fcdiri Arslan Hac\u0131yev\u0259 \u0259riz\u0259 g\u00f6nd\u0259rib. \u018friz\u0259 \u0259sas\u0131nda m\u0259kt\u0259bin direktorunun f\u0259aliyy\u0259ti yoxlan\u0131l\u0131b, n\u00f6qsanlar a\u015fkarlan\u0131b. H\u0259min n\u00f6qsanlar bar\u0259d\u0259 H\u0259mkarlar \u0130ttifaq\u0131na t\u0259qdimat g\u00f6nd\u0259rilib.<\/p>\n\n\n\n<p>H\u0259mkarlar \u0130ttifaq\u0131 da G\u00fclnar R\u00fcst\u0259movan\u0131n v\u0259zif\u0259sind\u0259n azad olunmas\u0131na etiraz etm\u0259m\u0259si haqda q\u0259rar q\u0259bul edib. Bundan sonra T\u0259hsil \u0130dar\u0259sinin G\u00fclnar R\u00fcst\u0259mova il\u0259 \u0259m\u0259k m\u00fcqavil\u0259sinin l\u0259\u011fv olunmas\u0131 bar\u0259d\u0259 \u0259sasland\u0131rmas\u0131 \u0259sas\u0131nda elm v\u0259 t\u0259hsil naziri \u0259mr verib. \u018fm\u0259k M\u0259c\u0259ll\u0259sinin 70-ci madd\u0259sinin \u201c\u00e7\u201d b\u0259ndin\u0259 \u0259sas\u0259n (i\u015f\u00e7i \u00f6z\u00fcn\u00fcn \u0259m\u0259k funksiyas\u0131n\u0131 v\u0259 ya \u0259m\u0259k m\u00fcqavil\u0259si \u00fczr\u0259 \u00f6hd\u0259likl\u0259rini yerin\u0259 yetirm\u0259dikd\u0259) onunla \u0259m\u0259k m\u00fcqavil\u0259sin\u0259 xitam verilib.<\/p>\n\n\n\n<p>M\u0259hk\u0259m\u0259d\u0259 Elm v\u0259 T\u0259hsil Nazirliyinin n\u00fcmay\u0259nd\u0259si deyib ki, m\u0259kt\u0259bd\u0259 yoxlama zaman\u0131 d\u0259rs\u0259 davamiyy\u0259t, m\u0259kt\u0259bd\u0259 t\u0259dris prosesinin t\u0259\u015fkilil\u0259 ba\u011fl\u0131 akt t\u0259rtib olunub. H\u0259min aktlar\u0131 da G\u00fclnar R\u00fcst\u0259mova direktor i\u015fl\u0259diyi zaman imzalay\u0131b.<\/p>\n\n\n\n<p>\u201cM\u0259nim i\u015fd\u0259n \u00e7\u0131xar\u0131lma\u011f\u0131mla ba\u011fl\u0131 s\u0259b\u0259bl\u0259rd\u0259n biri guya \u015fagirdl\u0259rin, x\u00fcsusil\u0259 yuxar\u0131 sinifl\u0259rin davamiyy\u0259til\u0259 ba\u011fl\u0131 olub. Bizi 1 iyun &#8211; Beyn\u0259lxalq U\u015faq G\u00fcn\u00fc m\u00fcnasib\u0259til\u0259 t\u0259dbir\u0259 \u00e7a\u011f\u0131r\u0131rlar. H\u0259min vaxt yuxar\u0131 sinifl\u0259rin \u015fagirdl\u0259ri d\u0259 orada i\u015ftirak edir. T\u0259hsil idar\u0259sinin m\u00fcdiri bir t\u0259r\u0259fd\u0259n \u015fagirdl\u0259ri t\u0259dbir\u0259 \u00e7a\u011f\u0131r\u0131r, h\u0259min vaxt da m\u0259kt\u0259b\u0259 yoxlama g\u00f6nd\u0259rib, davamiyy\u0259t yoxlatd\u0131r\u0131r. Bu, m\u0259qs\u0259dli \u015f\u0259kild\u0259 edilmi\u015f bir h\u0259r\u0259k\u0259tdir\u201d, &#8211; ke\u00e7mi\u015f direktor bildirib.<\/p>\n\n\n\n<div class=\"wp-block-columns is-layout-flex wp-container-core-columns-is-layout-9d6595d7 wp-block-columns-is-layout-flex\">\n<div class=\"wp-block-column is-layout-flow wp-block-column-is-layout-flow\">\n<figure class=\"gb-block-image gb-block-image-5cd7ee0d\"><img decoding=\"async\" width=\"394\" height=\"564\" class=\"gb-image gb-image-5cd7ee0d lazyload\" data-src=\"https:\/\/www.meydan.tv\/wp-content\/uploads\/photo-2023-03-29-11-34-14.jpg\" alt=\"\" title=\"PHOTO-2023-03-29-11-34-14\" src=\"data:image\/svg+xml;base64,PHN2ZyB3aWR0aD0iMSIgaGVpZ2h0PSIxIiB4bWxucz0iaHR0cDovL3d3dy53My5vcmcvMjAwMC9zdmciPjwvc3ZnPg==\" style=\"--smush-placeholder-width: 394px; --smush-placeholder-aspect-ratio: 394\/564;\" \/><\/figure>\n<\/div>\n\n\n\n<div class=\"wp-block-column is-layout-flow wp-block-column-is-layout-flow\">\n<figure class=\"gb-block-image gb-block-image-1661ccea\"><img decoding=\"async\" width=\"792\" height=\"1345\" class=\"gb-image gb-image-1661ccea lazyload\" data-src=\"https:\/\/www.meydan.tv\/wp-content\/uploads\/photo-2023-03-29-11-35-07.jpg\" alt=\"\" title=\"PHOTO-2023-03-29-11-35-07\" src=\"data:image\/svg+xml;base64,PHN2ZyB3aWR0aD0iMSIgaGVpZ2h0PSIxIiB4bWxucz0iaHR0cDovL3d3dy53My5vcmcvMjAwMC9zdmciPjwvc3ZnPg==\" style=\"--smush-placeholder-width: 792px; --smush-placeholder-aspect-ratio: 792\/1345;\" \/><\/figure>\n<\/div>\n<\/div>\n\n\n\n<figure class=\"gb-block-image gb-block-image-72ef46f9\"><img decoding=\"async\" width=\"828\" height=\"1113\" class=\"gb-image gb-image-72ef46f9 lazyload\" data-src=\"https:\/\/www.meydan.tv\/wp-content\/uploads\/photo-2023-03-29-13-05-04.jpg\" alt=\"\" title=\"PHOTO-2023-03-29-13-05-04\" src=\"data:image\/svg+xml;base64,PHN2ZyB3aWR0aD0iMSIgaGVpZ2h0PSIxIiB4bWxucz0iaHR0cDovL3d3dy53My5vcmcvMjAwMC9zdmciPjwvc3ZnPg==\" style=\"--smush-placeholder-width: 828px; --smush-placeholder-aspect-ratio: 828\/1113;\" \/><\/figure>\n","protected":false},"excerpt":{"rendered":"<p>G\u00fclnar R\u00fcst\u0259mova: \u201cYegan\u0259 g\u0259lir yerim i\u015fl\u0259diyim m\u0259kt\u0259bd\u0259n ald\u0131\u011f\u0131m maa\u015f idi, &#8230; <\/p>\n<p class=\"read-more-container\"><a title=\"\u015e\u0259mkir sakini: \u201cSaxtakarl\u0131qla i\u015fd\u0259n \u00e7\u0131xar\u0131lm\u0131\u015fam, u\u015faqlar\u0131m\u0131 saxlaya bilmir\u0259m&#8230;\u201d\" class=\"read-more button\" href=\"https:\/\/www.meydan.tv\/az\/article\/semkir-sakini-saxtakarliqla-isden-cixarilmisam-usaqlarimi-saxlaya-bilmirem\/#more-271642\" aria-label=\"Read more about \u015e\u0259mkir sakini: \u201cSaxtakarl\u0131qla i\u015fd\u0259n \u00e7\u0131xar\u0131lm\u0131\u015fam, u\u015faqlar\u0131m\u0131 saxlaya bilmir\u0259m&#8230;\u201d\">Davam\u0131<\/a><\/p>\n","protected":false},"author":18,"featured_media":271648,"comment_status":"closed","ping_status":"closed","sticky":false,"template":"","format":"standard","meta":{"_acf_changed":false,"_sitemap_exclude":false,"_sitemap_priority":"","_sitemap_frequency":"","footnotes":""},"categories":[60,56],"tags":[],"class_list":["post-271642","post","type-post","status-publish","format-standard","has-post-thumbnail","hentry","category-bolge","category-xeberler","infinite-scroll-item","generate-columns","tablet-grid-50","mobile-grid-100","grid-parent","grid-33","no-featured-image-padding"],"acf":[],"yoast_head":"<!-- This site is optimized with the Yoast SEO plugin v27.5 - https:\/\/yoast.com\/product\/yoast-seo-wordpress\/ -->\n<title>\u015e\u0259mkir sakini: \u201cSaxtakarl\u0131qla i\u015fd\u0259n \u00e7\u0131xar\u0131lm\u0131\u015fam, u\u015faqlar\u0131m\u0131 saxlaya bilmir\u0259m...\u201d - MEYDAN.TV<\/title>\n<meta name=\"robots\" content=\"index, follow, max-snippet:-1, max-image-preview:large, max-video-preview:-1\" \/>\n<link rel=\"canonical\" href=\"https:\/\/www.meydan.tv\/az\/article\/semkir-sakini-saxtakarliqla-isden-cixarilmisam-usaqlarimi-saxlaya-bilmirem\/\" \/>\n<meta property=\"og:locale\" content=\"az_AZ\" \/>\n<meta property=\"og:type\" content=\"article\" \/>\n<meta property=\"og:title\" content=\"\u015e\u0259mkir sakini: \u201cSaxtakarl\u0131qla i\u015fd\u0259n \u00e7\u0131xar\u0131lm\u0131\u015fam, u\u015faqlar\u0131m\u0131 saxlaya bilmir\u0259m...\u201d - MEYDAN.TV\" \/>\n<meta property=\"og:description\" content=\"G\u00fclnar R\u00fcst\u0259mova: \u201cYegan\u0259 g\u0259lir yerim i\u015fl\u0259diyim m\u0259kt\u0259bd\u0259n ald\u0131\u011f\u0131m maa\u015f idi, ... Davam\u0131\" \/>\n<meta property=\"og:url\" content=\"https:\/\/www.meydan.tv\/az\/article\/semkir-sakini-saxtakarliqla-isden-cixarilmisam-usaqlarimi-saxlaya-bilmirem\/\" \/>\n<meta property=\"og:site_name\" content=\"MEYDAN.TV\" \/>\n<meta property=\"article:published_time\" content=\"2023-03-29T09:45:28+00:00\" \/>\n<meta property=\"article:modified_time\" content=\"2023-03-29T09:45:31+00:00\" \/>\n<meta property=\"og:image\" content=\"https:\/\/www.meydan.tv\/wp-content\/uploads\/14324110_525759764288797_992745832273313402_o-2.jpg\" \/>\n\t<meta property=\"og:image:width\" content=\"2048\" \/>\n\t<meta property=\"og:image:height\" content=\"1536\" \/>\n\t<meta property=\"og:image:type\" content=\"image\/jpeg\" \/>\n<meta name=\"author\" content=\"miron\" \/>\n<meta name=\"twitter:card\" content=\"summary_large_image\" \/>\n<script type=\"application\/ld+json\" class=\"yoast-schema-graph\">{\"@context\":\"https:\\\/\\\/schema.org\",\"@graph\":[{\"@type\":\"Article\",\"@id\":\"https:\\\/\\\/www.meydan.tv\\\/az\\\/article\\\/semkir-sakini-saxtakarliqla-isden-cixarilmisam-usaqlarimi-saxlaya-bilmirem\\\/#article\",\"isPartOf\":{\"@id\":\"https:\\\/\\\/www.meydan.tv\\\/az\\\/article\\\/semkir-sakini-saxtakarliqla-isden-cixarilmisam-usaqlarimi-saxlaya-bilmirem\\\/\"},\"author\":{\"name\":\"miron\",\"@id\":\"https:\\\/\\\/www.meydan.tv\\\/az\\\/#\\\/schema\\\/person\\\/981b0b284aeaa9ad0cbf814cd4a9d67c\"},\"headline\":\"\u015e\u0259mkir sakini: \u201cSaxtakarl\u0131qla i\u015fd\u0259n \u00e7\u0131xar\u0131lm\u0131\u015fam, u\u015faqlar\u0131m\u0131 saxlaya bilmir\u0259m&#8230;\u201d\",\"datePublished\":\"2023-03-29T09:45:28+00:00\",\"dateModified\":\"2023-03-29T09:45:31+00:00\",\"mainEntityOfPage\":{\"@id\":\"https:\\\/\\\/www.meydan.tv\\\/az\\\/article\\\/semkir-sakini-saxtakarliqla-isden-cixarilmisam-usaqlarimi-saxlaya-bilmirem\\\/\"},\"wordCount\":1173,\"publisher\":{\"@id\":\"https:\\\/\\\/www.meydan.tv\\\/az\\\/#organization\"},\"image\":{\"@id\":\"https:\\\/\\\/www.meydan.tv\\\/az\\\/article\\\/semkir-sakini-saxtakarliqla-isden-cixarilmisam-usaqlarimi-saxlaya-bilmirem\\\/#primaryimage\"},\"thumbnailUrl\":\"https:\\\/\\\/www.meydan.tv\\\/wp-content\\\/uploads\\\/14324110_525759764288797_992745832273313402_o-2.jpg\",\"articleSection\":[\"B\u00f6lg\u0259\",\"X\u0259b\u0259rl\u0259r\"],\"inLanguage\":\"az\"},{\"@type\":\"WebPage\",\"@id\":\"https:\\\/\\\/www.meydan.tv\\\/az\\\/article\\\/semkir-sakini-saxtakarliqla-isden-cixarilmisam-usaqlarimi-saxlaya-bilmirem\\\/\",\"url\":\"https:\\\/\\\/www.meydan.tv\\\/az\\\/article\\\/semkir-sakini-saxtakarliqla-isden-cixarilmisam-usaqlarimi-saxlaya-bilmirem\\\/\",\"name\":\"\u015e\u0259mkir sakini: \u201cSaxtakarl\u0131qla i\u015fd\u0259n \u00e7\u0131xar\u0131lm\u0131\u015fam, u\u015faqlar\u0131m\u0131 saxlaya bilmir\u0259m...\u201d - MEYDAN.TV\",\"isPartOf\":{\"@id\":\"https:\\\/\\\/www.meydan.tv\\\/az\\\/#website\"},\"primaryImageOfPage\":{\"@id\":\"https:\\\/\\\/www.meydan.tv\\\/az\\\/article\\\/semkir-sakini-saxtakarliqla-isden-cixarilmisam-usaqlarimi-saxlaya-bilmirem\\\/#primaryimage\"},\"image\":{\"@id\":\"https:\\\/\\\/www.meydan.tv\\\/az\\\/article\\\/semkir-sakini-saxtakarliqla-isden-cixarilmisam-usaqlarimi-saxlaya-bilmirem\\\/#primaryimage\"},\"thumbnailUrl\":\"https:\\\/\\\/www.meydan.tv\\\/wp-content\\\/uploads\\\/14324110_525759764288797_992745832273313402_o-2.jpg\",\"datePublished\":\"2023-03-29T09:45:28+00:00\",\"dateModified\":\"2023-03-29T09:45:31+00:00\",\"breadcrumb\":{\"@id\":\"https:\\\/\\\/www.meydan.tv\\\/az\\\/article\\\/semkir-sakini-saxtakarliqla-isden-cixarilmisam-usaqlarimi-saxlaya-bilmirem\\\/#breadcrumb\"},\"inLanguage\":\"az\",\"potentialAction\":[{\"@type\":\"ReadAction\",\"target\":[\"https:\\\/\\\/www.meydan.tv\\\/az\\\/article\\\/semkir-sakini-saxtakarliqla-isden-cixarilmisam-usaqlarimi-saxlaya-bilmirem\\\/\"]}]},{\"@type\":\"ImageObject\",\"inLanguage\":\"az\",\"@id\":\"https:\\\/\\\/www.meydan.tv\\\/az\\\/article\\\/semkir-sakini-saxtakarliqla-isden-cixarilmisam-usaqlarimi-saxlaya-bilmirem\\\/#primaryimage\",\"url\":\"https:\\\/\\\/www.meydan.tv\\\/wp-content\\\/uploads\\\/14324110_525759764288797_992745832273313402_o-2.jpg\",\"contentUrl\":\"https:\\\/\\\/www.meydan.tv\\\/wp-content\\\/uploads\\\/14324110_525759764288797_992745832273313402_o-2.jpg\",\"width\":2048,\"height\":1536},{\"@type\":\"BreadcrumbList\",\"@id\":\"https:\\\/\\\/www.meydan.tv\\\/az\\\/article\\\/semkir-sakini-saxtakarliqla-isden-cixarilmisam-usaqlarimi-saxlaya-bilmirem\\\/#breadcrumb\",\"itemListElement\":[{\"@type\":\"ListItem\",\"position\":1,\"name\":\"Ana s\u0259hif\u0259\",\"item\":\"https:\\\/\\\/www.meydan.tv\\\/az\\\/\"},{\"@type\":\"ListItem\",\"position\":2,\"name\":\"X\u0259b\u0259rl\u0259r\",\"item\":\"https:\\\/\\\/www.meydan.tv\\\/az\\\/section\\\/xeberler\\\/\"},{\"@type\":\"ListItem\",\"position\":3,\"name\":\"\u015e\u0259mkir sakini: \u201cSaxtakarl\u0131qla i\u015fd\u0259n \u00e7\u0131xar\u0131lm\u0131\u015fam, u\u015faqlar\u0131m\u0131 saxlaya bilmir\u0259m&#8230;\u201d\"}]},{\"@type\":\"WebSite\",\"@id\":\"https:\\\/\\\/www.meydan.tv\\\/az\\\/#website\",\"url\":\"https:\\\/\\\/www.meydan.tv\\\/az\\\/\",\"name\":\"MEYDAN.TV\",\"description\":\"Meydan TV Az\u0259rbaycan\u0131n media m\u0259kan\u0131ndak\u0131 alternativ s\u0259sidir\",\"publisher\":{\"@id\":\"https:\\\/\\\/www.meydan.tv\\\/az\\\/#organization\"},\"potentialAction\":[{\"@type\":\"SearchAction\",\"target\":{\"@type\":\"EntryPoint\",\"urlTemplate\":\"https:\\\/\\\/www.meydan.tv\\\/az\\\/?s={search_term_string}\"},\"query-input\":{\"@type\":\"PropertyValueSpecification\",\"valueRequired\":true,\"valueName\":\"search_term_string\"}}],\"inLanguage\":\"az\"},{\"@type\":\"Organization\",\"@id\":\"https:\\\/\\\/www.meydan.tv\\\/az\\\/#organization\",\"name\":\"Meydan TV\",\"url\":\"https:\\\/\\\/www.meydan.tv\\\/az\\\/\",\"logo\":{\"@type\":\"ImageObject\",\"inLanguage\":\"az\",\"@id\":\"https:\\\/\\\/www.meydan.tv\\\/az\\\/#\\\/schema\\\/logo\\\/image\\\/\",\"url\":\"https:\\\/\\\/www.meydan.tv\\\/wp-content\\\/uploads\\\/2021\\\/07\\\/meydan-logo.svg\",\"contentUrl\":\"https:\\\/\\\/www.meydan.tv\\\/wp-content\\\/uploads\\\/2021\\\/07\\\/meydan-logo.svg\",\"width\":195,\"height\":46,\"caption\":\"Meydan TV\"},\"image\":{\"@id\":\"https:\\\/\\\/www.meydan.tv\\\/az\\\/#\\\/schema\\\/logo\\\/image\\\/\"}},{\"@type\":\"Person\",\"@id\":\"https:\\\/\\\/www.meydan.tv\\\/az\\\/#\\\/schema\\\/person\\\/981b0b284aeaa9ad0cbf814cd4a9d67c\",\"name\":\"miron\"}]}<\/script>\n<!-- \/ Yoast SEO plugin. -->","yoast_head_json":{"title":"\u015e\u0259mkir sakini: \u201cSaxtakarl\u0131qla i\u015fd\u0259n \u00e7\u0131xar\u0131lm\u0131\u015fam, u\u015faqlar\u0131m\u0131 saxlaya bilmir\u0259m...\u201d - MEYDAN.TV","robots":{"index":"index","follow":"follow","max-snippet":"max-snippet:-1","max-image-preview":"max-image-preview:large","max-video-preview":"max-video-preview:-1"},"canonical":"https:\/\/www.meydan.tv\/az\/article\/semkir-sakini-saxtakarliqla-isden-cixarilmisam-usaqlarimi-saxlaya-bilmirem\/","og_locale":"az_AZ","og_type":"article","og_title":"\u015e\u0259mkir sakini: \u201cSaxtakarl\u0131qla i\u015fd\u0259n \u00e7\u0131xar\u0131lm\u0131\u015fam, u\u015faqlar\u0131m\u0131 saxlaya bilmir\u0259m...\u201d - MEYDAN.TV","og_description":"G\u00fclnar R\u00fcst\u0259mova: \u201cYegan\u0259 g\u0259lir yerim i\u015fl\u0259diyim m\u0259kt\u0259bd\u0259n ald\u0131\u011f\u0131m maa\u015f idi, ... Davam\u0131","og_url":"https:\/\/www.meydan.tv\/az\/article\/semkir-sakini-saxtakarliqla-isden-cixarilmisam-usaqlarimi-saxlaya-bilmirem\/","og_site_name":"MEYDAN.TV","article_published_time":"2023-03-29T09:45:28+00:00","article_modified_time":"2023-03-29T09:45:31+00:00","og_image":[{"width":2048,"height":1536,"url":"https:\/\/www.meydan.tv\/wp-content\/uploads\/14324110_525759764288797_992745832273313402_o-2.jpg","type":"image\/jpeg"}],"author":"miron","twitter_card":"summary_large_image","schema":{"@context":"https:\/\/schema.org","@graph":[{"@type":"Article","@id":"https:\/\/www.meydan.tv\/az\/article\/semkir-sakini-saxtakarliqla-isden-cixarilmisam-usaqlarimi-saxlaya-bilmirem\/#article","isPartOf":{"@id":"https:\/\/www.meydan.tv\/az\/article\/semkir-sakini-saxtakarliqla-isden-cixarilmisam-usaqlarimi-saxlaya-bilmirem\/"},"author":{"name":"miron","@id":"https:\/\/www.meydan.tv\/az\/#\/schema\/person\/981b0b284aeaa9ad0cbf814cd4a9d67c"},"headline":"\u015e\u0259mkir sakini: \u201cSaxtakarl\u0131qla i\u015fd\u0259n \u00e7\u0131xar\u0131lm\u0131\u015fam, u\u015faqlar\u0131m\u0131 saxlaya bilmir\u0259m&#8230;\u201d","datePublished":"2023-03-29T09:45:28+00:00","dateModified":"2023-03-29T09:45:31+00:00","mainEntityOfPage":{"@id":"https:\/\/www.meydan.tv\/az\/article\/semkir-sakini-saxtakarliqla-isden-cixarilmisam-usaqlarimi-saxlaya-bilmirem\/"},"wordCount":1173,"publisher":{"@id":"https:\/\/www.meydan.tv\/az\/#organization"},"image":{"@id":"https:\/\/www.meydan.tv\/az\/article\/semkir-sakini-saxtakarliqla-isden-cixarilmisam-usaqlarimi-saxlaya-bilmirem\/#primaryimage"},"thumbnailUrl":"https:\/\/www.meydan.tv\/wp-content\/uploads\/14324110_525759764288797_992745832273313402_o-2.jpg","articleSection":["B\u00f6lg\u0259","X\u0259b\u0259rl\u0259r"],"inLanguage":"az"},{"@type":"WebPage","@id":"https:\/\/www.meydan.tv\/az\/article\/semkir-sakini-saxtakarliqla-isden-cixarilmisam-usaqlarimi-saxlaya-bilmirem\/","url":"https:\/\/www.meydan.tv\/az\/article\/semkir-sakini-saxtakarliqla-isden-cixarilmisam-usaqlarimi-saxlaya-bilmirem\/","name":"\u015e\u0259mkir sakini: \u201cSaxtakarl\u0131qla i\u015fd\u0259n \u00e7\u0131xar\u0131lm\u0131\u015fam, u\u015faqlar\u0131m\u0131 saxlaya bilmir\u0259m...\u201d - MEYDAN.TV","isPartOf":{"@id":"https:\/\/www.meydan.tv\/az\/#website"},"primaryImageOfPage":{"@id":"https:\/\/www.meydan.tv\/az\/article\/semkir-sakini-saxtakarliqla-isden-cixarilmisam-usaqlarimi-saxlaya-bilmirem\/#primaryimage"},"image":{"@id":"https:\/\/www.meydan.tv\/az\/article\/semkir-sakini-saxtakarliqla-isden-cixarilmisam-usaqlarimi-saxlaya-bilmirem\/#primaryimage"},"thumbnailUrl":"https:\/\/www.meydan.tv\/wp-content\/uploads\/14324110_525759764288797_992745832273313402_o-2.jpg","datePublished":"2023-03-29T09:45:28+00:00","dateModified":"2023-03-29T09:45:31+00:00","breadcrumb":{"@id":"https:\/\/www.meydan.tv\/az\/article\/semkir-sakini-saxtakarliqla-isden-cixarilmisam-usaqlarimi-saxlaya-bilmirem\/#breadcrumb"},"inLanguage":"az","potentialAction":[{"@type":"ReadAction","target":["https:\/\/www.meydan.tv\/az\/article\/semkir-sakini-saxtakarliqla-isden-cixarilmisam-usaqlarimi-saxlaya-bilmirem\/"]}]},{"@type":"ImageObject","inLanguage":"az","@id":"https:\/\/www.meydan.tv\/az\/article\/semkir-sakini-saxtakarliqla-isden-cixarilmisam-usaqlarimi-saxlaya-bilmirem\/#primaryimage","url":"https:\/\/www.meydan.tv\/wp-content\/uploads\/14324110_525759764288797_992745832273313402_o-2.jpg","contentUrl":"https:\/\/www.meydan.tv\/wp-content\/uploads\/14324110_525759764288797_992745832273313402_o-2.jpg","width":2048,"height":1536},{"@type":"BreadcrumbList","@id":"https:\/\/www.meydan.tv\/az\/article\/semkir-sakini-saxtakarliqla-isden-cixarilmisam-usaqlarimi-saxlaya-bilmirem\/#breadcrumb","itemListElement":[{"@type":"ListItem","position":1,"name":"Ana s\u0259hif\u0259","item":"https:\/\/www.meydan.tv\/az\/"},{"@type":"ListItem","position":2,"name":"X\u0259b\u0259rl\u0259r","item":"https:\/\/www.meydan.tv\/az\/section\/xeberler\/"},{"@type":"ListItem","position":3,"name":"\u015e\u0259mkir sakini: \u201cSaxtakarl\u0131qla i\u015fd\u0259n \u00e7\u0131xar\u0131lm\u0131\u015fam, u\u015faqlar\u0131m\u0131 saxlaya bilmir\u0259m&#8230;\u201d"}]},{"@type":"WebSite","@id":"https:\/\/www.meydan.tv\/az\/#website","url":"https:\/\/www.meydan.tv\/az\/","name":"MEYDAN.TV","description":"Meydan TV Az\u0259rbaycan\u0131n media m\u0259kan\u0131ndak\u0131 alternativ s\u0259sidir","publisher":{"@id":"https:\/\/www.meydan.tv\/az\/#organization"},"potentialAction":[{"@type":"SearchAction","target":{"@type":"EntryPoint","urlTemplate":"https:\/\/www.meydan.tv\/az\/?s={search_term_string}"},"query-input":{"@type":"PropertyValueSpecification","valueRequired":true,"valueName":"search_term_string"}}],"inLanguage":"az"},{"@type":"Organization","@id":"https:\/\/www.meydan.tv\/az\/#organization","name":"Meydan TV","url":"https:\/\/www.meydan.tv\/az\/","logo":{"@type":"ImageObject","inLanguage":"az","@id":"https:\/\/www.meydan.tv\/az\/#\/schema\/logo\/image\/","url":"https:\/\/www.meydan.tv\/wp-content\/uploads\/2021\/07\/meydan-logo.svg","contentUrl":"https:\/\/www.meydan.tv\/wp-content\/uploads\/2021\/07\/meydan-logo.svg","width":195,"height":46,"caption":"Meydan TV"},"image":{"@id":"https:\/\/www.meydan.tv\/az\/#\/schema\/logo\/image\/"}},{"@type":"Person","@id":"https:\/\/www.meydan.tv\/az\/#\/schema\/person\/981b0b284aeaa9ad0cbf814cd4a9d67c","name":"miron"}]}},"_links":{"self":[{"href":"https:\/\/www.meydan.tv\/az\/wp-json\/wp\/v2\/posts\/271642","targetHints":{"allow":["GET"]}}],"collection":[{"href":"https:\/\/www.meydan.tv\/az\/wp-json\/wp\/v2\/posts"}],"about":[{"href":"https:\/\/www.meydan.tv\/az\/wp-json\/wp\/v2\/types\/post"}],"author":[{"embeddable":true,"href":"https:\/\/www.meydan.tv\/az\/wp-json\/wp\/v2\/users\/18"}],"replies":[{"embeddable":true,"href":"https:\/\/www.meydan.tv\/az\/wp-json\/wp\/v2\/comments?post=271642"}],"version-history":[{"count":1,"href":"https:\/\/www.meydan.tv\/az\/wp-json\/wp\/v2\/posts\/271642\/revisions"}],"predecessor-version":[{"id":271660,"href":"https:\/\/www.meydan.tv\/az\/wp-json\/wp\/v2\/posts\/271642\/revisions\/271660"}],"wp:featuredmedia":[{"embeddable":true,"href":"https:\/\/www.meydan.tv\/az\/wp-json\/wp\/v2\/media\/271648"}],"wp:attachment":[{"href":"https:\/\/www.meydan.tv\/az\/wp-json\/wp\/v2\/media?parent=271642"}],"wp:term":[{"taxonomy":"category","embeddable":true,"href":"https:\/\/www.meydan.tv\/az\/wp-json\/wp\/v2\/categories?post=271642"},{"taxonomy":"post_tag","embeddable":true,"href":"https:\/\/www.meydan.tv\/az\/wp-json\/wp\/v2\/tags?post=271642"}],"curies":[{"name":"wp","href":"https:\/\/api.w.org\/{rel}","templated":true}]}}