{"id":271612,"date":"2023-03-29T11:09:48","date_gmt":"2023-03-29T07:09:48","guid":{"rendered":"https:\/\/www.meydan.tv\/?p=271612"},"modified":"2023-03-29T11:10:00","modified_gmt":"2023-03-29T07:10:00","slug":"prezidentin-xususi-numayendelikleri-yeni-idareetme-modeli-yoxsa","status":"publish","type":"post","link":"https:\/\/www.meydan.tv\/az\/article\/prezidentin-xususi-numayendelikleri-yeni-idareetme-modeli-yoxsa\/","title":{"rendered":"<strong>Prezidentin x\u00fcsusi n\u00fcmay\u0259nd\u0259likl\u0259ri: yeni idar\u0259etm\u0259 modeli, yoxsa&#8230;<\/strong>"},"content":{"rendered":"\n<p><\/p>\n\n\n\n<p><strong><em>H\u00fcquq\u015f\u00fcnas: &#8220;Prezidentin x\u00fcsusi n\u00fcmay\u0259nd\u0259likl\u0259ri yeni idar\u0259\u00e7ilik formas\u0131 deyil&#8221;<\/em><\/strong><\/p>\n\n\n\n<p>Prezident \u0130lham \u018fliyev yeni idar\u0259etm\u0259 modelinin t\u0259tbiq olunaca\u011f\u0131n\u0131n mesaj\u0131n\u0131 verib.<\/p>\n\n\n\n<p>Bu bar\u0259d\u0259 d\u00f6vl\u0259t ba\u015f\u00e7\u0131s\u0131 mart\u0131n 28-d\u0259 La\u00e7\u0131na yeni t\u0259yin etdiyi x\u00fcsusi n\u00fcmay\u0259nd\u0259si M\u0259sim M\u0259mm\u0259dovu q\u0259bul ed\u0259rk\u0259n <a href=\"https:\/\/president.az\/az\/articles\/view\/59237\" target=\"_blank\" rel=\"noreferrer noopener\">dan\u0131\u015f\u0131b<\/a>.<\/p>\n\n\n\n<p>\u0130lham \u018fliyev bildirib ki, bu t\u0259yinatdan sonra azad edilmi\u015f \u0259ks\u0259r rayonlarda onun x\u00fcsusi n\u00fcmay\u0259nd\u0259l\u0259ri f\u0259aliyy\u0259t\u0259 ba\u015flayacaq: <\/p>\n\n\n\n<p><em>\u201cH\u0259l\u0259 t\u0259kc\u0259 K\u0259lb\u0259c\u0259r rayonunda t\u0259yin edilm\u0259yib, bu da olacaq. Bu \u0259razil\u0259rd\u0259, eyni zamanda, yeni idar\u0259etm\u0259 \u00fcsulu da t\u0259tbiq edilm\u0259lidir v\u0259 edilir\u201d.<\/em><\/p>\n\n\n\n<p>\u201c<em>G\u0259l\u0259c\u0259kd\u0259 bu, yeni idar\u0259etm\u0259 modeli kimi \u00f6lk\u0259mizin b\u00fct\u00fcn dig\u0259r hiss\u0259l\u0259rind\u0259 d\u0259 t\u0259tbiq edilm\u0259lidir. Y\u0259ni bu, h\u0259m b\u00f6y\u00fck quruculuq i\u015fl\u0259ridir, h\u0259m d\u0259 yeni idar\u0259etm\u0259 \u00fcsuludur. \u018fmin\u0259m ki, bu, t\u0259kc\u0259 azad edilmi\u015f \u0259razil\u0259rin yox, b\u00fct\u00f6vl\u00fckd\u0259 \u00f6lk\u0259mizin h\u0259rt\u0259r\u0259fli inki\u015faf\u0131na b\u00f6y\u00fck t\u00f6hf\u0259 ver\u0259c\u0259k\u201d, <\/em>&#8211; dey\u0259 \u018fliyev \u0259lav\u0259 edib.<\/p>\n\n\n<div class=\"wp-block-image\">\n<figure class=\"aligncenter size-full\"><img decoding=\"async\" width=\"1200\" height=\"608\" data-src=\"https:\/\/www.meydan.tv\/wp-content\/uploads\/d1e503b0637941ae8eaa446c5ac092a9_6500055-1.jpg\" alt=\"\" class=\"wp-image-271613 lazyload\" src=\"data:image\/svg+xml;base64,PHN2ZyB3aWR0aD0iMSIgaGVpZ2h0PSIxIiB4bWxucz0iaHR0cDovL3d3dy53My5vcmcvMjAwMC9zdmciPjwvc3ZnPg==\" style=\"--smush-placeholder-width: 1200px; --smush-placeholder-aspect-ratio: 1200\/608;\" \/><figcaption class=\"wp-element-caption\">\u0130lham \u018fliyev v\u0259 M\u0259sim M\u0259mm\u0259dov. Foto: &#8220;president.az&#8221;<\/figcaption><\/figure>\n<\/div>\n\n\n<p>2021-ci ilin fevral\u0131n 4-d\u0259 d\u00f6vl\u0259t ba\u015f\u00e7\u0131s\u0131 Prezidentin x\u00fcsusi n\u00fcmay\u0259nd\u0259likl\u0259ri haqq\u0131nda \u0259sasnam\u0259ni t\u0259sdiql\u0259yib.<\/p>\n\n\n\n<p>S\u0259n\u0259d \u00f6z\u00fcnd\u0259 \u00fcmumi m\u00fcdd\u0259alarla birg\u0259 x\u00fcsusi n\u00fcmay\u0259nd\u0259liyin f\u0259aliyy\u0259t istiqam\u0259tl\u0259rini, v\u0259zif\u0259l\u0259ri v\u0259 h\u00fcquqlar\u0131, f\u0259aliyy\u0259tinin t\u0259\u015fkilini \u0259ks <a href=\"https:\/\/president.az\/az\/articles\/view\/50530\" target=\"_blank\" rel=\"noreferrer noopener\">etdirir.<\/a><\/p>\n\n\n\n<p><strong>Fazil Mustafa: &#8220;Bu y\u00f6nd\u0259 konstitusiya islahatlar\u0131 h\u0259yata ke\u00e7irilm\u0259lidir&#8221;<\/strong><\/p>\n\n\n\n<p>\u00d6lk\u0259 ba\u015f\u00e7\u0131s\u0131n\u0131n s\u0259sl\u0259ndirdiyi fikirl\u0259rl\u0259 ba\u011fl\u0131 Meydan TV-y\u0259 dan\u0131\u015fan B\u00f6y\u00fck Qurulu\u015f Partiyas\u0131n\u0131n (BQP) ba\u015fqan\u0131, deputat Fazil Mustafa deyib ki, prinsipc\u0259 prezidentin x\u00fcsusi n\u00fcmay\u0259nd\u0259si t\u0259yin olunursa, icra hakimiyy\u0259ti strukturu l\u0259\u011fv edilm\u0259lidir.<\/p>\n\n\n\n<p>Fazil Mustafa hesab edir ki, bu y\u00f6nd\u0259 konstitusiya islahatlar\u0131 h\u0259yata ke\u00e7irilm\u0259lidir:<\/p>\n\n\n\n<p><em>\u201cY\u0259ni konkret olaraq idar\u0259etm\u0259nin yerli hiss\u0259si x\u00fcsusi n\u00fcmay\u0259nd\u0259l\u0259r\u0259 verilm\u0259lidir. \u00c7\u00fcnki icra ba\u015f\u00e7\u0131lar\u0131 da birba\u015fa prezident t\u0259r\u0259find\u0259n t\u0259yin olundu\u011fundan o da x\u00fcsusi n\u00fcmay\u0259nd\u0259 statusundad\u0131r. Adland\u0131rma f\u0259rqli ola bil\u0259r, amma x\u00fcsusi n\u00fcmay\u0259nd\u0259 statusunda oldu\u011funa g\u00f6r\u0259 ikili idar\u0259etm\u0259 g\u00fcman ki, ortadan qald\u0131r\u0131lacaq. H\u0259r halda referendumda konstitusiyada d\u0259qiql\u0259\u015fdirm\u0259 olmal\u0131d\u0131r\u201d.<\/em><\/p>\n\n\n\n<p>Deputat Nax\u00e7\u0131van Muxtar Respublikas\u0131n\u0131n h\u0259m idar\u0259etm\u0259 formas\u0131, h\u0259m d\u0259 qanunvericilik formas\u0131 bar\u0259d\u0259 d\u0259qiql\u0259\u015fdirm\u0259nin apar\u0131lmas\u0131n\u0131 vacib say\u0131b:<\/p>\n\n\n<div class=\"wp-block-image\">\n<figure class=\"alignleft size-full is-resized\"><img decoding=\"async\" data-src=\"https:\/\/www.meydan.tv\/wp-content\/uploads\/untitled-design-9-1.png\" alt=\"\" class=\"wp-image-226031 lazyload\" width=\"438\" height=\"292\" src=\"data:image\/svg+xml;base64,PHN2ZyB3aWR0aD0iMSIgaGVpZ2h0PSIxIiB4bWxucz0iaHR0cDovL3d3dy53My5vcmcvMjAwMC9zdmciPjwvc3ZnPg==\" style=\"--smush-placeholder-width: 438px; --smush-placeholder-aspect-ratio: 438\/292;\" \/><figcaption class=\"wp-element-caption\">Foto: Meydan TV<\/figcaption><\/figure>\n<\/div>\n\n\n<p>&#8220;<em>Faktiki olaraq, Nax\u00e7\u0131van Ali M\u0259clisi icra funksiyas\u0131n\u0131 h\u0259yata ke\u00e7irir. Ona g\u00f6r\u0259 d\u0259 muxtar respublikada Nazirl\u0259r Kabineti formal xarakter da\u015f\u0131y\u0131r. \u00c7\u00fcnki b\u00f6lg\u0259nin s\u0259dri yaln\u0131z qanunverici orqan\u0131n r\u0259hb\u0259ri kimi getmir, h\u0259m d\u0259 icra orqan\u0131n\u0131n b\u00fct\u00fcn s\u0259lahiyy\u0259tl\u0259ri ona aiddir. Sad\u0259c\u0259, bunu funksional olaraq Nazirl\u0259r Kabineti yerin\u0259 yetirir. Bax, bu m\u0259s\u0259l\u0259 \u00fcz\u0259rind\u0259 d\u0259 d\u00fc\u015f\u00fcn\u00fclm\u0259lidir. \u00dcmumiyy\u0259tl\u0259, Nax\u00e7\u0131vanda bir s\u0131ra funksiyalar var ki, bir az \u00f6zba\u015f\u0131na m\u0259nims\u0259nilib. M\u0259s\u0259l\u0259n, orada Korrupsiyaya qar\u015f\u0131 M\u00fcbariz\u0259 \u0130dar\u0259sin\u0259, Ombudsmana, M\u0259tbuat \u015euras\u0131na n\u0259 ehtiyac var? Vahid d\u00f6vl\u0259tin prinsipl\u0259rin\u0259 uy\u011fun olmayan xeyli strukturlar var ki, orada da m\u00f6vcuddur. G\u00f6r\u00fcn\u00fcr, \u00f6lk\u0259 ba\u015f\u00e7\u0131s\u0131 da onun anonsunu verib, bunun \u00fc\u00e7\u00fcn d\u0259 m\u00fctl\u0259q referendum ke\u00e7irilm\u0259lidir ki, funksiyalar d\u0259qiql\u0259\u015fdirilsin. Ancaq m\u0259nim dedikl\u0259rim ehtimallard\u0131r, \u00e7\u00fcnki tam bilgi sahibi deyil\u0259m\u201d.<\/em><\/p>\n\n\n\n<p>F.Mustafa \u00f6z\u00fcn\u00fcn bu istiqam\u0259td\u0259 t\u0259klifl\u0259rinin oldu\u011funu deyib: <\/p>\n\n\n\n<p><em>\u201cH\u0259l\u0259 diqq\u0259t yetirilm\u0259diyi \u00fc\u00e7\u00fcn s\u0259sl\u0259ndirm\u0259yi do\u011fru saym\u0131ram\u201d<\/em>.<\/p>\n\n\n\n<p>O, Az\u0259rbaycanda b\u0259l\u0259diyy\u0259l\u0259rin h\u00fcquqlar\u0131n\u0131n xeyli m\u0259nims\u0259nildiyind\u0259n yerli \u00f6z\u00fcn\u00fcidar\u0259etm\u0259nin \u00f6l\u00fc v\u0259ziyy\u0259tind\u0259 oldu\u011funu vur\u011fulay\u0131b: <\/p>\n\n\n\n<p><em>\u201c\u018fslind\u0259, b\u0259l\u0259diyy\u0259l\u0259ri \u201cdiriltm\u0259k\u201d laz\u0131md\u0131r, icra hakimiyy\u0259tl\u0259rinin d\u0259 xeyli s\u0259lahiyy\u0259tl\u0259ri onlara verilm\u0259lidir. X\u00fcsusi n\u00fcmay\u0259nd\u0259 t\u0259yin olunanda, b\u0259l\u0259diyy\u0259nin dir\u00e7\u0259ldilm\u0259si, t\u0259s\u0259rr\u00fcfat-kommunal f\u0259aliyy\u0259tl\u0259rin onlara verilm\u0259si n\u0259z\u0259rd\u0259 tutula bil\u0259r\u201d.<\/em><\/p>\n\n\n\n<p><strong>Partiya s\u0259dri: &#8220;12 iqtisadi zona yarad\u0131l\u0131bsa, h\u0259r zona \u00fczr\u0259 bir x\u00fcsusi n\u00fcmay\u0259nd\u0259 t\u0259yin etm\u0259k olar&#8221;<\/strong><\/p>\n\n\n\n<p>Ayd\u0131nlar Partiyas\u0131n\u0131n s\u0259dri Qulamh\u00fcseyn \u018flib\u0259yli idar\u0259etm\u0259 islahatlar\u0131n\u0131n \u0259sas\u0259n yerli icra orqanlar\u0131nda apar\u0131lmas\u0131n\u0131 vacib say\u0131b.<\/p>\n\n\n\n<p>Onun fikrinc\u0259, x\u00fcsusi n\u00fcmay\u0259nd\u0259nin daha \u00e7ox n\u0259zar\u0259t funksiyas\u0131n\u0131 yerin\u0259 yetirm\u0259si bar\u0259d\u0259 fikirl\u0259r \u00e7oxluq t\u0259\u015fkil edir:<\/p>\n\n\n<div class=\"wp-block-image\">\n<figure class=\"alignright size-full is-resized\"><img decoding=\"async\" data-src=\"https:\/\/www.meydan.tv\/wp-content\/uploads\/untitled-design-8.png\" alt=\"\" class=\"wp-image-225882 lazyload\" width=\"394\" height=\"263\" src=\"data:image\/svg+xml;base64,PHN2ZyB3aWR0aD0iMSIgaGVpZ2h0PSIxIiB4bWxucz0iaHR0cDovL3d3dy53My5vcmcvMjAwMC9zdmciPjwvc3ZnPg==\" style=\"--smush-placeholder-width: 394px; --smush-placeholder-aspect-ratio: 394\/263;\" \/><figcaption class=\"wp-element-caption\">Foto: Amerikan\u0131n s\u0259si<\/figcaption><\/figure>\n<\/div>\n\n\n<p>\u201c<em>\u018fslind\u0259, yerli hakimiyy\u0259tl\u0259ri x\u00fcsusi n\u00fcmay\u0259nd\u0259likl\u0259r h\u0259yata ke\u00e7irib. Bu bax\u0131mdan g\u0259l\u0259c\u0259kd\u0259 icra hakimiyy\u0259tl\u0259rinin l\u0259\u011fv edilm\u0259si g\u00fcnd\u0259md\u0259 olmal\u0131d\u0131r. Onlar\u0131n s\u0259lahiyy\u0259tl\u0259rinin bir hiss\u0259si x\u00fcsusi n\u00fcmay\u0259nd\u0259y\u0259, \u0259ks\u0259r s\u0259lahiyy\u0259tl\u0259r is\u0259 b\u0259l\u0259diyy\u0259l\u0259r\u0259 veril\u0259 bil\u0259r. \u00c7\u00fcnki h\u0259r iki orqan\u0131n saxlan\u0131lmas\u0131 do\u011fru deyil. Sad\u0259c\u0259, x\u00fcsusi n\u00fcmay\u0259nd\u0259lik n\u0259zar\u0259t s\u0259lahiyy\u0259tl\u0259rin\u0259 malik qurum olmal\u0131d\u0131r, bu, regional v\u0259 rayonlar \u015f\u0259klind\u0259 d\u0259 ola bil\u0259r. Ancaq inzibati \u0259razi vahidl\u0259rind\u0259 d\u0259 m\u00fc\u0259yy\u0259n d\u0259yi\u015fiklikl\u0259r edilm\u0259lidir\u201d.<\/em><\/p>\n\n\n\n<p>\u201c<em>\u00d6lk\u0259d\u0259 12 iqtisadi zona yarad\u0131l\u0131bsa, h\u0259r zona \u00fczr\u0259 bir x\u00fcsusi n\u00fcmay\u0259nd\u0259 t\u0259yin etm\u0259k olar. Onsuz da icra hakimiyy\u0259tl\u0259rinin l\u0259\u011fvi m\u0259s\u0259l\u0259si d\u0259f\u0259l\u0259rl\u0259 qald\u0131r\u0131l\u0131b, bu da son ill\u0259rd\u0259 bir s\u0131ra icra ba\u015f\u00e7\u0131lar\u0131n\u0131n h\u0259bsind\u0259n sonra aktualla\u015fd\u0131\u201d,<\/em> &#8211; \u018flib\u0259yli fikrini yekunla\u015fd\u0131r\u0131b.<\/p>\n\n\n\n<p><strong>S\u0259m\u0259d R\u0259himli: &#8220;Burada yenilik yaln\u0131z adda v\u0259 statusdad\u0131r&#8221;<\/strong><\/p>\n\n\n\n<p>H\u00fcquq\u015f\u00fcnas S\u0259m\u0259d R\u0259himli is\u0259 \u0259ksin\u0259 d\u00fc\u015f\u00fcn\u00fcr.<\/p>\n\n\n\n<p>S\u0259m\u0259d R\u0259himli m\u00fcvafiq \u0259sasnam\u0259y\u0259 diqq\u0259t yetirm\u0259yi vacib say\u0131r: <\/p>\n\n\n\n<p><em>\u201cS\u0259n\u0259din birinci b\u0259ndind\u0259 x\u00fcsusi n\u00fcmay\u0259nd\u0259nin ad\u0131 administrasiyada struktur kimi qeyd olunub. H\u0259min strukturun \u00e7\u0259r\u00e7iv\u0259sind\u0259 d\u0259 f\u0259aliyy\u0259t g\u00f6st\u0259rirl\u0259r. B\u0259li, \u0259sasnam\u0259d\u0259 x\u00fcsusi n\u00fcmay\u0259nd\u0259liyin s\u0259lahiyy\u0259tl\u0259ril\u0259 yerli icra orqanlar\u0131n\u0131n s\u0259lahiyy\u0259tl\u0259rinin bir hiss\u0259si \u00fcst-\u00fcst\u0259 d\u00fc\u015f\u00fcr, ancaq s\u0259lahiyy\u0259t toqqu\u015fmas\u0131 yoxdur. \u00c7\u00fcnki Az\u0259rbaycanda icra hakimiyy\u0259ti \u00f6lk\u0259 ba\u015f\u00e7\u0131s\u0131na m\u0259xsus oldu\u011fundan, o da konstitusion \u00e7\u0259r\u00e7iv\u0259d\u0259 ist\u0259diyi kimi formala\u015fd\u0131ra bil\u0259r. Konstitusiya bunu qada\u011fan etmir&#8221;.<\/em><\/p>\n\n\n<div class=\"wp-block-image\">\n<figure class=\"alignleft size-full is-resized\"><img decoding=\"async\" data-src=\"https:\/\/www.meydan.tv\/wp-content\/uploads\/42598.jpg\" alt=\"S\u0259m\u0259d R\u0259himli\" class=\"wp-image-107250 lazyload\" width=\"407\" height=\"214\" src=\"data:image\/svg+xml;base64,PHN2ZyB3aWR0aD0iMSIgaGVpZ2h0PSIxIiB4bWxucz0iaHR0cDovL3d3dy53My5vcmcvMjAwMC9zdmciPjwvc3ZnPg==\" style=\"--smush-placeholder-width: 407px; --smush-placeholder-aspect-ratio: 407\/214;\" \/><figcaption class=\"wp-element-caption\">S\u0259m\u0259d R\u0259himlinin \u015f\u0259xsi arxivind\u0259n<\/figcaption><\/figure>\n<\/div>\n\n\n<p>&#8220;<em>\u0130cra ba\u015f\u00e7\u0131lar\u0131 rayonlar \u00fczr\u0259 r\u0259hb\u0259rliyi h\u0259yata ke\u00e7irir, x\u00fcsusi n\u00fcmay\u0259nd\u0259l\u0259r is\u0259 infrastruktur m\u0259s\u0259l\u0259l\u0259rl\u0259 ba\u011fl\u0131 \u0259laq\u0259l\u0259ndirm\u0259 i\u015fl\u0259rin\u0259 bax\u0131r. D\u00fczd\u00fcr, effektivlik bax\u0131mdan dey\u0259 bil\u0259rik ki, iki quruma n\u0259 ehtiyac var, bunu icra ba\u015f\u00e7\u0131s\u0131 da ger\u00e7\u0259kl\u0259\u015fdir\u0259r. B\u0259li, iqtisadi effektuvik bax\u0131m\u0131ndan haql\u0131 suald\u0131r. Amma h\u00fcquqi bax\u0131mdan m\u0259s\u0259l\u0259 ortaya \u00e7\u0131x\u0131rsa ki, d\u00f6vl\u0259t ba\u015f\u00e7\u0131s\u0131 x\u00fcsusi n\u00fcmay\u0259nd\u0259lik d\u0259 yaradar, icra hakimiyy\u0259tini d\u0259 saxlaya bil\u0259r. Konstitusiyan\u0131 d\u0259yi\u015fdirm\u0259d\u0259n ikincini l\u0259\u011fv etm\u0259k olmaz. Dem\u0259li, prezidentin ikisini d\u0259 saxlamas\u0131 onun s\u0259lahiyy\u0259tl\u0259rin\u0259 daxil olan m\u0259s\u0259l\u0259dir. O ki qald\u0131 prezidentin bunu yeni yerli idar\u0259\u00e7ilik kimi g\u00f6rm\u0259si, burada yenilik yaln\u0131z adda v\u0259 statusdad\u0131r. Ona g\u00f6r\u0259 x\u00fcsusi n\u00fcmay\u0259nd\u0259liyi yeni idar\u0259\u00e7ilik formas\u0131 kimi g\u00f6rm\u00fcr\u0259m\u201d.<\/em><\/p>\n\n\n\n<p>S\u0259m\u0259d R\u0259himli referendumun ke\u00e7irilib-ke\u00e7irilm\u0259m\u0259sini siyasi m\u0259s\u0259l\u0259 hesab edir.<\/p>\n\n\n\n<p>\u00a0Ancaq h\u00fcquq\u015f\u00fcnas icra hakimiyy\u0259tl\u0259rinin effektiv qurum olmad\u0131\u011f\u0131 q\u0259na\u0259tini b\u00f6l\u00fc\u015f\u00fcr: <\/p>\n\n\n\n<p><em>\u201cM\u0259nc\u0259, icra hakimiyy\u0259tl\u0259rinin s\u0259lahiyy\u0259tl\u0259ri azald\u0131lmal\u0131, yaxud s\u0131radan \u00e7\u0131xar\u0131laraq b\u0259l\u0259diyy\u0259l\u0259ri g\u00fccl\u0259ndirm\u0259k laz\u0131md\u0131r\u201d.<\/em><\/p>\n\n\n\n<p>\u0130yulun 7-d\u0259 is\u0259 Qaraba\u011f v\u0259 \u015e\u0259rqi Z\u0259ng\u0259zur iqtisadi rayon yarad\u0131lmas\u0131 haqq\u0131nda f\u0259rman <a href=\"https:\/\/www.meydan.tv\/az\/article\/iqtisadci-icra-hakimiyyetleri-legv-edilmelidir\/\" target=\"_blank\" rel=\"noreferrer noopener\">imzalan\u0131b.<\/a><\/p>\n\n\n\n<p>Bu g\u00fcn\u0259 q\u0259d\u0259r prezidentin \u015eu\u015fa, C\u0259bray\u0131l, Qubadl\u0131 v\u0259 Z\u0259ngilan, Nax\u00e7\u0131van v\u0259 Qaraba\u011f iqtisadi rayonu (A\u011fcab\u0259di, A\u011fdam, B\u0259rd\u0259, F\u00fczuli, Xocav\u0259nd, T\u0259rt\u0259r inzibati rayonlar\u0131 v\u0259 Xank\u0259ndi \u015f\u0259h\u0259ri) \u00fczr\u0259 x\u00fcsusi n\u00fcmay\u0259nd\u0259l\u0259ri t\u0259yin olunub.<\/p>\n\n\n\n<p>Ayd\u0131n K\u0259rimov \u015eu\u015fa, Emin H\u00fcseynov Qaraba\u011f iqtisadi rayonuna daxil olan i\u015f\u011faldan azad edilmi\u015f \u0259razil\u0259r, Vahid Hac\u0131yev C\u0259bray\u0131l, Qubadl\u0131 v\u0259 Z\u0259ngilan rayonlar\u0131, Fuad N\u0259c\u0259fli is\u0259 Nax\u00e7\u0131van Muxtar Respublikas\u0131nda Az\u0259rbaycan Prezidentinin s\u0259lahiyy\u0259tli n\u00fcmay\u0259nd\u0259si v\u0259zif\u0259sini da\u015f\u0131y\u0131rlar.<\/p>\n","protected":false},"excerpt":{"rendered":"<p>H\u00fcquq\u015f\u00fcnas: &#8220;Prezidentin x\u00fcsusi n\u00fcmay\u0259nd\u0259likl\u0259ri yeni idar\u0259\u00e7ilik formas\u0131 deyil&#8221; Prezident \u0130lham &#8230; <\/p>\n<p class=\"read-more-container\"><a title=\"Prezidentin x\u00fcsusi n\u00fcmay\u0259nd\u0259likl\u0259ri: yeni idar\u0259etm\u0259 modeli, yoxsa&#8230;\" class=\"read-more button\" href=\"https:\/\/www.meydan.tv\/az\/article\/prezidentin-xususi-numayendelikleri-yeni-idareetme-modeli-yoxsa\/#more-271612\" aria-label=\"Read more about Prezidentin x\u00fcsusi n\u00fcmay\u0259nd\u0259likl\u0259ri: yeni idar\u0259etm\u0259 modeli, yoxsa&#8230;\">Davam\u0131<\/a><\/p>\n","protected":false},"author":8,"featured_media":271606,"comment_status":"closed","ping_status":"closed","sticky":false,"template":"","format":"standard","meta":{"_acf_changed":false,"_sitemap_exclude":false,"_sitemap_priority":"","_sitemap_frequency":"","footnotes":""},"categories":[59,79,56],"tags":[],"class_list":["post-271612","post","type-post","status-publish","format-standard","has-post-thumbnail","hentry","category-siyaset","category-featured","category-xeberler","infinite-scroll-item","generate-columns","tablet-grid-50","mobile-grid-100","grid-parent","grid-33","no-featured-image-padding"],"acf":[],"yoast_head":"<!-- This site is optimized with the Yoast SEO plugin v27.4 - https:\/\/yoast.com\/product\/yoast-seo-wordpress\/ -->\n<title>Prezidentin x\u00fcsusi n\u00fcmay\u0259nd\u0259likl\u0259ri: yeni idar\u0259etm\u0259 modeli, yoxsa... - MEYDAN.TV<\/title>\n<meta name=\"robots\" content=\"index, follow, max-snippet:-1, max-image-preview:large, max-video-preview:-1\" \/>\n<link rel=\"canonical\" href=\"https:\/\/www.meydan.tv\/az\/article\/prezidentin-xususi-numayendelikleri-yeni-idareetme-modeli-yoxsa\/\" \/>\n<meta property=\"og:locale\" content=\"az_AZ\" \/>\n<meta property=\"og:type\" content=\"article\" \/>\n<meta property=\"og:title\" content=\"Prezidentin x\u00fcsusi n\u00fcmay\u0259nd\u0259likl\u0259ri: yeni idar\u0259etm\u0259 modeli, yoxsa... - MEYDAN.TV\" \/>\n<meta property=\"og:description\" content=\"H\u00fcquq\u015f\u00fcnas: &#8220;Prezidentin x\u00fcsusi n\u00fcmay\u0259nd\u0259likl\u0259ri yeni idar\u0259\u00e7ilik formas\u0131 deyil&#8221; Prezident \u0130lham ... Davam\u0131\" \/>\n<meta property=\"og:url\" content=\"https:\/\/www.meydan.tv\/az\/article\/prezidentin-xususi-numayendelikleri-yeni-idareetme-modeli-yoxsa\/\" \/>\n<meta property=\"og:site_name\" content=\"MEYDAN.TV\" \/>\n<meta property=\"article:published_time\" content=\"2023-03-29T07:09:48+00:00\" \/>\n<meta property=\"article:modified_time\" content=\"2023-03-29T07:10:00+00:00\" \/>\n<meta property=\"og:image\" content=\"https:\/\/www.meydan.tv\/wp-content\/uploads\/shutterstock_2153982877.jpg\" \/>\n\t<meta property=\"og:image:width\" content=\"1200\" \/>\n\t<meta property=\"og:image:height\" content=\"800\" \/>\n\t<meta property=\"og:image:type\" content=\"image\/jpeg\" \/>\n<meta name=\"author\" content=\"elli\" \/>\n<meta name=\"twitter:card\" content=\"summary_large_image\" \/>\n<meta name=\"twitter:creator\" content=\"@elli\" \/>\n<script type=\"application\/ld+json\" class=\"yoast-schema-graph\">{\"@context\":\"https:\\\/\\\/schema.org\",\"@graph\":[{\"@type\":\"Article\",\"@id\":\"https:\\\/\\\/www.meydan.tv\\\/az\\\/article\\\/prezidentin-xususi-numayendelikleri-yeni-idareetme-modeli-yoxsa\\\/#article\",\"isPartOf\":{\"@id\":\"https:\\\/\\\/www.meydan.tv\\\/az\\\/article\\\/prezidentin-xususi-numayendelikleri-yeni-idareetme-modeli-yoxsa\\\/\"},\"author\":{\"name\":\"elli\",\"@id\":\"https:\\\/\\\/www.meydan.tv\\\/az\\\/#\\\/schema\\\/person\\\/9cdbecf90d17180ce1dfbd95b08dcf47\"},\"headline\":\"Prezidentin x\u00fcsusi n\u00fcmay\u0259nd\u0259likl\u0259ri: yeni idar\u0259etm\u0259 modeli, yoxsa&#8230;\",\"datePublished\":\"2023-03-29T07:09:48+00:00\",\"dateModified\":\"2023-03-29T07:10:00+00:00\",\"mainEntityOfPage\":{\"@id\":\"https:\\\/\\\/www.meydan.tv\\\/az\\\/article\\\/prezidentin-xususi-numayendelikleri-yeni-idareetme-modeli-yoxsa\\\/\"},\"wordCount\":1561,\"publisher\":{\"@id\":\"https:\\\/\\\/www.meydan.tv\\\/az\\\/#organization\"},\"image\":{\"@id\":\"https:\\\/\\\/www.meydan.tv\\\/az\\\/article\\\/prezidentin-xususi-numayendelikleri-yeni-idareetme-modeli-yoxsa\\\/#primaryimage\"},\"thumbnailUrl\":\"https:\\\/\\\/www.meydan.tv\\\/wp-content\\\/uploads\\\/shutterstock_2153982877.jpg\",\"articleSection\":[\"Siyas\u0259t\",\"T\u00f6vsiy\u0259\",\"X\u0259b\u0259rl\u0259r\"],\"inLanguage\":\"az\"},{\"@type\":\"WebPage\",\"@id\":\"https:\\\/\\\/www.meydan.tv\\\/az\\\/article\\\/prezidentin-xususi-numayendelikleri-yeni-idareetme-modeli-yoxsa\\\/\",\"url\":\"https:\\\/\\\/www.meydan.tv\\\/az\\\/article\\\/prezidentin-xususi-numayendelikleri-yeni-idareetme-modeli-yoxsa\\\/\",\"name\":\"Prezidentin x\u00fcsusi n\u00fcmay\u0259nd\u0259likl\u0259ri: yeni idar\u0259etm\u0259 modeli, yoxsa... - MEYDAN.TV\",\"isPartOf\":{\"@id\":\"https:\\\/\\\/www.meydan.tv\\\/az\\\/#website\"},\"primaryImageOfPage\":{\"@id\":\"https:\\\/\\\/www.meydan.tv\\\/az\\\/article\\\/prezidentin-xususi-numayendelikleri-yeni-idareetme-modeli-yoxsa\\\/#primaryimage\"},\"image\":{\"@id\":\"https:\\\/\\\/www.meydan.tv\\\/az\\\/article\\\/prezidentin-xususi-numayendelikleri-yeni-idareetme-modeli-yoxsa\\\/#primaryimage\"},\"thumbnailUrl\":\"https:\\\/\\\/www.meydan.tv\\\/wp-content\\\/uploads\\\/shutterstock_2153982877.jpg\",\"datePublished\":\"2023-03-29T07:09:48+00:00\",\"dateModified\":\"2023-03-29T07:10:00+00:00\",\"breadcrumb\":{\"@id\":\"https:\\\/\\\/www.meydan.tv\\\/az\\\/article\\\/prezidentin-xususi-numayendelikleri-yeni-idareetme-modeli-yoxsa\\\/#breadcrumb\"},\"inLanguage\":\"az\",\"potentialAction\":[{\"@type\":\"ReadAction\",\"target\":[\"https:\\\/\\\/www.meydan.tv\\\/az\\\/article\\\/prezidentin-xususi-numayendelikleri-yeni-idareetme-modeli-yoxsa\\\/\"]}]},{\"@type\":\"ImageObject\",\"inLanguage\":\"az\",\"@id\":\"https:\\\/\\\/www.meydan.tv\\\/az\\\/article\\\/prezidentin-xususi-numayendelikleri-yeni-idareetme-modeli-yoxsa\\\/#primaryimage\",\"url\":\"https:\\\/\\\/www.meydan.tv\\\/wp-content\\\/uploads\\\/shutterstock_2153982877.jpg\",\"contentUrl\":\"https:\\\/\\\/www.meydan.tv\\\/wp-content\\\/uploads\\\/shutterstock_2153982877.jpg\",\"width\":1200,\"height\":800,\"caption\":\"Az\u0259rbaycan, idar\u0259etm\u0259 orqan\u0131. Foto: Mo Photography Berlin\\\/shutterstock\"},{\"@type\":\"BreadcrumbList\",\"@id\":\"https:\\\/\\\/www.meydan.tv\\\/az\\\/article\\\/prezidentin-xususi-numayendelikleri-yeni-idareetme-modeli-yoxsa\\\/#breadcrumb\",\"itemListElement\":[{\"@type\":\"ListItem\",\"position\":1,\"name\":\"Ana s\u0259hif\u0259\",\"item\":\"https:\\\/\\\/www.meydan.tv\\\/az\\\/\"},{\"@type\":\"ListItem\",\"position\":2,\"name\":\"Siyas\u0259t\",\"item\":\"https:\\\/\\\/www.meydan.tv\\\/az\\\/section\\\/siyaset\\\/\"},{\"@type\":\"ListItem\",\"position\":3,\"name\":\"Prezidentin x\u00fcsusi n\u00fcmay\u0259nd\u0259likl\u0259ri: yeni idar\u0259etm\u0259 modeli, yoxsa&#8230;\"}]},{\"@type\":\"WebSite\",\"@id\":\"https:\\\/\\\/www.meydan.tv\\\/az\\\/#website\",\"url\":\"https:\\\/\\\/www.meydan.tv\\\/az\\\/\",\"name\":\"MEYDAN.TV\",\"description\":\"Meydan TV Az\u0259rbaycan\u0131n media m\u0259kan\u0131ndak\u0131 alternativ s\u0259sidir\",\"publisher\":{\"@id\":\"https:\\\/\\\/www.meydan.tv\\\/az\\\/#organization\"},\"potentialAction\":[{\"@type\":\"SearchAction\",\"target\":{\"@type\":\"EntryPoint\",\"urlTemplate\":\"https:\\\/\\\/www.meydan.tv\\\/az\\\/?s={search_term_string}\"},\"query-input\":{\"@type\":\"PropertyValueSpecification\",\"valueRequired\":true,\"valueName\":\"search_term_string\"}}],\"inLanguage\":\"az\"},{\"@type\":\"Organization\",\"@id\":\"https:\\\/\\\/www.meydan.tv\\\/az\\\/#organization\",\"name\":\"Meydan TV\",\"url\":\"https:\\\/\\\/www.meydan.tv\\\/az\\\/\",\"logo\":{\"@type\":\"ImageObject\",\"inLanguage\":\"az\",\"@id\":\"https:\\\/\\\/www.meydan.tv\\\/az\\\/#\\\/schema\\\/logo\\\/image\\\/\",\"url\":\"https:\\\/\\\/www.meydan.tv\\\/wp-content\\\/uploads\\\/2021\\\/07\\\/meydan-logo.svg\",\"contentUrl\":\"https:\\\/\\\/www.meydan.tv\\\/wp-content\\\/uploads\\\/2021\\\/07\\\/meydan-logo.svg\",\"width\":195,\"height\":46,\"caption\":\"Meydan TV\"},\"image\":{\"@id\":\"https:\\\/\\\/www.meydan.tv\\\/az\\\/#\\\/schema\\\/logo\\\/image\\\/\"}},{\"@type\":\"Person\",\"@id\":\"https:\\\/\\\/www.meydan.tv\\\/az\\\/#\\\/schema\\\/person\\\/9cdbecf90d17180ce1dfbd95b08dcf47\",\"name\":\"elli\",\"sameAs\":[\"https:\\\/\\\/x.com\\\/elli\"]}]}<\/script>\n<!-- \/ Yoast SEO plugin. -->","yoast_head_json":{"title":"Prezidentin x\u00fcsusi n\u00fcmay\u0259nd\u0259likl\u0259ri: yeni idar\u0259etm\u0259 modeli, yoxsa... - MEYDAN.TV","robots":{"index":"index","follow":"follow","max-snippet":"max-snippet:-1","max-image-preview":"max-image-preview:large","max-video-preview":"max-video-preview:-1"},"canonical":"https:\/\/www.meydan.tv\/az\/article\/prezidentin-xususi-numayendelikleri-yeni-idareetme-modeli-yoxsa\/","og_locale":"az_AZ","og_type":"article","og_title":"Prezidentin x\u00fcsusi n\u00fcmay\u0259nd\u0259likl\u0259ri: yeni idar\u0259etm\u0259 modeli, yoxsa... - MEYDAN.TV","og_description":"H\u00fcquq\u015f\u00fcnas: &#8220;Prezidentin x\u00fcsusi n\u00fcmay\u0259nd\u0259likl\u0259ri yeni idar\u0259\u00e7ilik formas\u0131 deyil&#8221; Prezident \u0130lham ... Davam\u0131","og_url":"https:\/\/www.meydan.tv\/az\/article\/prezidentin-xususi-numayendelikleri-yeni-idareetme-modeli-yoxsa\/","og_site_name":"MEYDAN.TV","article_published_time":"2023-03-29T07:09:48+00:00","article_modified_time":"2023-03-29T07:10:00+00:00","og_image":[{"width":1200,"height":800,"url":"https:\/\/www.meydan.tv\/wp-content\/uploads\/shutterstock_2153982877.jpg","type":"image\/jpeg"}],"author":"elli","twitter_card":"summary_large_image","twitter_creator":"@elli","schema":{"@context":"https:\/\/schema.org","@graph":[{"@type":"Article","@id":"https:\/\/www.meydan.tv\/az\/article\/prezidentin-xususi-numayendelikleri-yeni-idareetme-modeli-yoxsa\/#article","isPartOf":{"@id":"https:\/\/www.meydan.tv\/az\/article\/prezidentin-xususi-numayendelikleri-yeni-idareetme-modeli-yoxsa\/"},"author":{"name":"elli","@id":"https:\/\/www.meydan.tv\/az\/#\/schema\/person\/9cdbecf90d17180ce1dfbd95b08dcf47"},"headline":"Prezidentin x\u00fcsusi n\u00fcmay\u0259nd\u0259likl\u0259ri: yeni idar\u0259etm\u0259 modeli, yoxsa&#8230;","datePublished":"2023-03-29T07:09:48+00:00","dateModified":"2023-03-29T07:10:00+00:00","mainEntityOfPage":{"@id":"https:\/\/www.meydan.tv\/az\/article\/prezidentin-xususi-numayendelikleri-yeni-idareetme-modeli-yoxsa\/"},"wordCount":1561,"publisher":{"@id":"https:\/\/www.meydan.tv\/az\/#organization"},"image":{"@id":"https:\/\/www.meydan.tv\/az\/article\/prezidentin-xususi-numayendelikleri-yeni-idareetme-modeli-yoxsa\/#primaryimage"},"thumbnailUrl":"https:\/\/www.meydan.tv\/wp-content\/uploads\/shutterstock_2153982877.jpg","articleSection":["Siyas\u0259t","T\u00f6vsiy\u0259","X\u0259b\u0259rl\u0259r"],"inLanguage":"az"},{"@type":"WebPage","@id":"https:\/\/www.meydan.tv\/az\/article\/prezidentin-xususi-numayendelikleri-yeni-idareetme-modeli-yoxsa\/","url":"https:\/\/www.meydan.tv\/az\/article\/prezidentin-xususi-numayendelikleri-yeni-idareetme-modeli-yoxsa\/","name":"Prezidentin x\u00fcsusi n\u00fcmay\u0259nd\u0259likl\u0259ri: yeni idar\u0259etm\u0259 modeli, yoxsa... - MEYDAN.TV","isPartOf":{"@id":"https:\/\/www.meydan.tv\/az\/#website"},"primaryImageOfPage":{"@id":"https:\/\/www.meydan.tv\/az\/article\/prezidentin-xususi-numayendelikleri-yeni-idareetme-modeli-yoxsa\/#primaryimage"},"image":{"@id":"https:\/\/www.meydan.tv\/az\/article\/prezidentin-xususi-numayendelikleri-yeni-idareetme-modeli-yoxsa\/#primaryimage"},"thumbnailUrl":"https:\/\/www.meydan.tv\/wp-content\/uploads\/shutterstock_2153982877.jpg","datePublished":"2023-03-29T07:09:48+00:00","dateModified":"2023-03-29T07:10:00+00:00","breadcrumb":{"@id":"https:\/\/www.meydan.tv\/az\/article\/prezidentin-xususi-numayendelikleri-yeni-idareetme-modeli-yoxsa\/#breadcrumb"},"inLanguage":"az","potentialAction":[{"@type":"ReadAction","target":["https:\/\/www.meydan.tv\/az\/article\/prezidentin-xususi-numayendelikleri-yeni-idareetme-modeli-yoxsa\/"]}]},{"@type":"ImageObject","inLanguage":"az","@id":"https:\/\/www.meydan.tv\/az\/article\/prezidentin-xususi-numayendelikleri-yeni-idareetme-modeli-yoxsa\/#primaryimage","url":"https:\/\/www.meydan.tv\/wp-content\/uploads\/shutterstock_2153982877.jpg","contentUrl":"https:\/\/www.meydan.tv\/wp-content\/uploads\/shutterstock_2153982877.jpg","width":1200,"height":800,"caption":"Az\u0259rbaycan, idar\u0259etm\u0259 orqan\u0131. Foto: Mo Photography Berlin\/shutterstock"},{"@type":"BreadcrumbList","@id":"https:\/\/www.meydan.tv\/az\/article\/prezidentin-xususi-numayendelikleri-yeni-idareetme-modeli-yoxsa\/#breadcrumb","itemListElement":[{"@type":"ListItem","position":1,"name":"Ana s\u0259hif\u0259","item":"https:\/\/www.meydan.tv\/az\/"},{"@type":"ListItem","position":2,"name":"Siyas\u0259t","item":"https:\/\/www.meydan.tv\/az\/section\/siyaset\/"},{"@type":"ListItem","position":3,"name":"Prezidentin x\u00fcsusi n\u00fcmay\u0259nd\u0259likl\u0259ri: yeni idar\u0259etm\u0259 modeli, yoxsa&#8230;"}]},{"@type":"WebSite","@id":"https:\/\/www.meydan.tv\/az\/#website","url":"https:\/\/www.meydan.tv\/az\/","name":"MEYDAN.TV","description":"Meydan TV Az\u0259rbaycan\u0131n media m\u0259kan\u0131ndak\u0131 alternativ s\u0259sidir","publisher":{"@id":"https:\/\/www.meydan.tv\/az\/#organization"},"potentialAction":[{"@type":"SearchAction","target":{"@type":"EntryPoint","urlTemplate":"https:\/\/www.meydan.tv\/az\/?s={search_term_string}"},"query-input":{"@type":"PropertyValueSpecification","valueRequired":true,"valueName":"search_term_string"}}],"inLanguage":"az"},{"@type":"Organization","@id":"https:\/\/www.meydan.tv\/az\/#organization","name":"Meydan TV","url":"https:\/\/www.meydan.tv\/az\/","logo":{"@type":"ImageObject","inLanguage":"az","@id":"https:\/\/www.meydan.tv\/az\/#\/schema\/logo\/image\/","url":"https:\/\/www.meydan.tv\/wp-content\/uploads\/2021\/07\/meydan-logo.svg","contentUrl":"https:\/\/www.meydan.tv\/wp-content\/uploads\/2021\/07\/meydan-logo.svg","width":195,"height":46,"caption":"Meydan TV"},"image":{"@id":"https:\/\/www.meydan.tv\/az\/#\/schema\/logo\/image\/"}},{"@type":"Person","@id":"https:\/\/www.meydan.tv\/az\/#\/schema\/person\/9cdbecf90d17180ce1dfbd95b08dcf47","name":"elli","sameAs":["https:\/\/x.com\/elli"]}]}},"_links":{"self":[{"href":"https:\/\/www.meydan.tv\/az\/wp-json\/wp\/v2\/posts\/271612","targetHints":{"allow":["GET"]}}],"collection":[{"href":"https:\/\/www.meydan.tv\/az\/wp-json\/wp\/v2\/posts"}],"about":[{"href":"https:\/\/www.meydan.tv\/az\/wp-json\/wp\/v2\/types\/post"}],"author":[{"embeddable":true,"href":"https:\/\/www.meydan.tv\/az\/wp-json\/wp\/v2\/users\/8"}],"replies":[{"embeddable":true,"href":"https:\/\/www.meydan.tv\/az\/wp-json\/wp\/v2\/comments?post=271612"}],"version-history":[{"count":2,"href":"https:\/\/www.meydan.tv\/az\/wp-json\/wp\/v2\/posts\/271612\/revisions"}],"predecessor-version":[{"id":271620,"href":"https:\/\/www.meydan.tv\/az\/wp-json\/wp\/v2\/posts\/271612\/revisions\/271620"}],"wp:featuredmedia":[{"embeddable":true,"href":"https:\/\/www.meydan.tv\/az\/wp-json\/wp\/v2\/media\/271606"}],"wp:attachment":[{"href":"https:\/\/www.meydan.tv\/az\/wp-json\/wp\/v2\/media?parent=271612"}],"wp:term":[{"taxonomy":"category","embeddable":true,"href":"https:\/\/www.meydan.tv\/az\/wp-json\/wp\/v2\/categories?post=271612"},{"taxonomy":"post_tag","embeddable":true,"href":"https:\/\/www.meydan.tv\/az\/wp-json\/wp\/v2\/tags?post=271612"}],"curies":[{"name":"wp","href":"https:\/\/api.w.org\/{rel}","templated":true}]}}