{"id":271528,"date":"2023-03-28T16:50:24","date_gmt":"2023-03-28T12:50:24","guid":{"rendered":"https:\/\/www.meydan.tv\/?p=271528"},"modified":"2023-03-28T17:04:07","modified_gmt":"2023-03-28T13:04:07","slug":"ilham-eliyev-kockunlerin-ilin-sonunadek-lacina-qayidacaqlarini-aciqladi","status":"publish","type":"post","link":"https:\/\/www.meydan.tv\/az\/article\/ilham-eliyev-kockunlerin-ilin-sonunadek-lacina-qayidacaqlarini-aciqladi\/","title":{"rendered":"\u0130lham \u018fliyev k\u00f6\u00e7k\u00fcnl\u0259rin ilin sonunad\u0259k La\u00e7\u0131na qay\u0131dacaqlar\u0131n\u0131 a\u00e7\u0131qlad\u0131"},"content":{"rendered":"\n<p><\/p>\n\n\n\n<p><em><strong>\u201cBirinci m\u0259rh\u0259l\u0259d\u0259 La\u00e7\u0131n \u015f\u0259h\u0259rind\u0259 500-\u0259 yax\u0131n f\u0259rdi ev in\u015fa edilir\u201d<\/strong><\/em><\/p>\n\n\n\n<p>Prezident \u0130lham \u018fliyev 2023-c\u00fc ilin sonuna q\u0259d\u0259r m\u0259cburi k\u00f6\u00e7k\u00fcnl\u0259rin La\u00e7\u0131na qay\u0131daca\u011f\u0131n\u0131 deyib.<\/p>\n\n\n\n<p>Bu bar\u0259d\u0259 \u0130lham \u018fliyev La\u00e7\u0131n rayonuna yeni t\u0259yin etdiyi x\u00fcsusi n\u00fcmay\u0259nd\u0259si M\u0259sim M\u0259mm\u0259dovu q\u0259bul ed\u0259rk\u0259n <a href=\"https:\/\/president.az\/az\/articles\/view\/59237\" target=\"_blank\" rel=\"noreferrer noopener\">dan\u0131\u015f\u0131b<\/a>.<\/p>\n\n\n\n<p>Prezident xat\u0131rlad\u0131b ki, m\u00fcharib\u0259 ba\u015fa \u00e7atan kimi La\u00e7\u0131n rayonunun yenid\u0259n qurulmas\u0131 il\u0259 ba\u011fl\u0131 i\u015fl\u0259r\u0259 start verilib:<\/p>\n\n\n\n<p><em>&#8220;La\u00e7\u0131n \u015f\u0259h\u0259rinin yenid\u0259n qurulmas\u0131 ke\u00e7\u0259n ilin avqustun 26-dan bu yana icra edilir. Siz\u0259 v\u0259 Az\u0259rbaycan ictimaiyy\u0259tin\u0259 bildirm\u0259k ist\u0259yir\u0259m ki, birinci m\u0259rh\u0259l\u0259d\u0259 La\u00e7\u0131n \u015f\u0259h\u0259rind\u0259 500-\u0259 yax\u0131n f\u0259rdi ev in\u015fa edilir v\u0259 ya erm\u0259nil\u0259r t\u0259r\u0259find\u0259n da\u011f\u0131d\u0131lm\u0131\u015f evl\u0259r yenid\u0259n b\u0259rpa olunur. \u00c7oxm\u0259rt\u0259b\u0259li s\u0259kkiz ya\u015fay\u0131\u015f binas\u0131 yenid\u0259n qurulur, ya da ki tamamil\u0259 \u0259sasl\u0131 t\u0259mir olunur v\u0259 30-dan \u00e7ox ictimai bina in\u015fa edilir. M\u0259nim g\u00f6st\u0259ri\u015fiml\u0259 b\u00fct\u00fcn bu i\u015fl\u0259ri biz bu ilin sonuna q\u0259d\u0259r ba\u015fa \u00e7atd\u0131rmal\u0131y\u0131q, bu, sad\u0259c\u0259, birinci m\u0259rh\u0259l\u0259 olacaq. Bu evl\u0259rin say\u0131 g\u00f6st\u0259rir ki, minl\u0259rl\u0259 insan art\u0131q bu ilin sonuna q\u0259d\u0259r La\u00e7\u0131n \u015f\u0259h\u0259rind\u0259 ya\u015fayacaq v\u0259 la\u00e7\u0131nl\u0131lar bu il \u00f6z do\u011fma diyar\u0131na qay\u0131dacaqlar&#8221;.<\/em><\/p>\n\n\n\n<p>\u00d6lk\u0259 ba\u015f\u00e7\u0131s\u0131 vur\u011fulay\u0131b ki, Zabux v\u0259 Sus k\u0259ndl\u0259rinin tamamil\u0259 yenid\u0259n qurulmas\u0131 prosesin\u0259 start verilib:<\/p>\n\n\n\n<p><em>&#8220;Zabux k\u0259ndind\u0259 1000-d\u0259n \u00e7ox, Sus k\u0259ndind\u0259 is\u0259 300-d\u0259n \u00e7ox insan yerl\u0259\u015f\u0259c\u0259k. Xaricd\u0259 ya\u015fayan erm\u0259nil\u0259r Zabux k\u0259ndind\u0259, yen\u0259 d\u0259 deyir\u0259m, o cinay\u0259ti t\u00f6r\u0259d\u0259n Erm\u0259nistan d\u00f6vl\u0259ti il\u0259 birlikd\u0259 bir k\u0259nd salm\u0131\u015fd\u0131lar, evl\u0259r tikmi\u015fdil\u0259r. O evl\u0259rd\u0259 indi bizim h\u0259rbi birl\u0259\u015fm\u0259l\u0259rimizin \u015f\u0259xsi hey\u0259ti yerl\u0259\u015fir. Ancaq Zabux k\u0259ndinin sakinl\u0259ri \u00fc\u00e7\u00fcn tamamil\u0259 yeni k\u0259nd sal\u0131n\u0131r&#8221;.<\/em><\/p>\n\n\n<div class=\"wp-block-image\">\n<figure class=\"aligncenter size-large\"><img decoding=\"async\" width=\"1200\" height=\"608\" data-src=\"https:\/\/www.meydan.tv\/wp-content\/uploads\/d1e503b0637941ae8eaa446c5ac092a9_6500055-1200x608.jpg\" alt=\"\" class=\"wp-image-271529 lazyload\" src=\"data:image\/svg+xml;base64,PHN2ZyB3aWR0aD0iMSIgaGVpZ2h0PSIxIiB4bWxucz0iaHR0cDovL3d3dy53My5vcmcvMjAwMC9zdmciPjwvc3ZnPg==\" style=\"--smush-placeholder-width: 1200px; --smush-placeholder-aspect-ratio: 1200\/608;\" \/><figcaption class=\"wp-element-caption\">Foto: &#8220;president.az&#8221;<\/figcaption><\/figure>\n<\/div>\n\n\n<p>&#8220;<em>G\u00fcl\u0259bird v\u0259 Qor\u00e7u k\u0259ndl\u0259rinin Ba\u015f plan\u0131 m\u0259nim t\u0259r\u0259fimd\u0259n t\u0259sdiql\u0259ndi. Birinci m\u0259rh\u0259l\u0259d\u0259 G\u00fcl\u0259bird k\u0259ndind\u0259 2400, Qor\u00e7u k\u0259ndind\u0259 is\u0259 1300 insan\u0131n yerl\u0259\u015fm\u0259si n\u0259z\u0259rd\u0259 tutulur. Y\u0259ni g\u0259tirdiyim b\u00fct\u00fcn bu r\u0259q\u0259ml\u0259ri n\u0259z\u0259r\u0259 alaraq, h\u0259r k\u0259s g\u00f6r\u0259 bil\u0259r ki, yax\u0131n g\u0259l\u0259c\u0259kd\u0259 &#8211; bu il v\u0259 g\u0259l\u0259n il biz La\u00e7\u0131n rayonuna t\u0259qrib\u0259n 10 min\u0259 yax\u0131n, b\u0259lk\u0259 d\u0259, \u00e7ox ke\u00e7mi\u015f k\u00f6\u00e7k\u00fcn\u00fc yerl\u0259\u015fdir\u0259c\u0259yik. La\u00e7\u0131n\u0131n b\u00fct\u00fcn infrastrukturu yenid\u0259n qurulur \u2013 su x\u0259tl\u0259ri, kanalizasiya x\u0259tl\u0259ri, elektrik enerjisi x\u0259tl\u0259ri, yollar, \u015f\u0259h\u0259rin b\u00fct\u00fcn daxili yollar\u0131 yenid\u0259n qurulur. Daxili yollar\u0131n uzunlu\u011fu t\u0259qrib\u0259n 50 kilometrd\u0259n \u00e7oxdur&#8221;,<\/em>&#8211; \u018fliyev bel\u0259 deyib.<\/p>\n\n\n\n<p>\u0130lham \u018fliyevun s\u00f6zl\u0259rin\u0259 g\u00f6r\u0259, &nbsp;g\u0259l\u0259n ilin sonunda, ya da 2025-ci ilin \u0259vv\u0259ll\u0259rind\u0259 hava liman\u0131 istismara veril\u0259c\u0259k.&nbsp; <\/p>\n\n\n\n<p>Prezident azad edil\u0259n b\u00fct\u00fcn rayonlarda i\u015fl\u0259rin paralel sur\u0259td\u0259 apar\u0131lmas\u0131na \u00e7al\u0131\u015fd\u0131\u011f\u0131n\u0131 bildirib:<\/p>\n\n\n\n<p>&#8220;<em>M\u0259s\u0259l\u0259n, h\u0259r rayonda 3-4 k\u0259ndin birinci m\u0259rh\u0259l\u0259d\u0259 qurulmas\u0131 n\u0259z\u0259rd\u0259 tutulur, eyni zamanda, \u0259lb\u0259tt\u0259 ki, \u015f\u0259h\u0259rl\u0259r d\u0259 daxil olmaq \u015f\u0259rti il\u0259. Ancaq, m\u0259s\u0259l\u0259n, s\u00f6hb\u0259t La\u00e7\u0131n rayonundan gedirs\u0259, birinci m\u0259rh\u0259l\u0259d\u0259 qurulacaq b\u00fct\u00fcn k\u0259ndl\u0259rin adlar\u0131 t\u0259sdiql\u0259ndi v\u0259 biz birinci m\u0259rh\u0259l\u0259d\u0259 b\u0259zi yerl\u0259rd\u0259 bir ne\u00e7\u0259 k\u0259ndin sakinl\u0259rini bir yer\u0259 c\u0259ml\u0259\u015fdir\u0259c\u0259yik. \u00c7\u00fcnki bu, h\u0259m onlar\u0131n ya\u015famas\u0131, eyni zamanda, n\u0259qliyyat-logistika m\u0259s\u0259l\u0259l\u0259rinin h\u0259lli \u00fc\u00e7\u00fcn daha \u0259lveri\u015flidir. Bizim b\u00fct\u00f6vl\u00fckd\u0259 t\u0259kc\u0259 Qaraba\u011fda, \u015e\u0259rqi Z\u0259ng\u0259zurda deyil, dig\u0259r b\u00f6lg\u0259l\u0259rimizd\u0259 d\u0259 da\u011f rayonlar\u0131nda k\u0259ndl\u0259r bir-birind\u0259n aral\u0131 yerl\u0259\u015firdi v\u0259 bu, bir \u00e7ox hallarda insanlar\u0131n rahat ya\u015famas\u0131na o q\u0259d\u0259r d\u0259 imkan vermirdi. Y\u0259ni bu, \u0259n\u0259n\u0259vi olaraq bel\u0259 qurulmu\u015fdur. \u018flb\u0259tt\u0259 ki, azad edilmi\u015f torpaqlarda indi v\u0259 g\u0259l\u0259c\u0259kd\u0259 h\u0259r bir k\u0259nd b\u0259rpa edil\u0259c\u0259k. Ancaq Az\u0259rbaycan d\u00f6vl\u0259ti \u00f6z \u00fcz\u0259rin\u0259 d\u00fc\u015f\u0259n v\u0259zif\u0259ni bunda g\u00f6r\u00fcr ki, biz yax\u0131nda yerl\u0259\u015f\u0259n k\u0259ndl\u0259rin sakinl\u0259rini bir yer\u0259 y\u0131\u011f\u0131b onlar \u00fc\u00e7\u00fcn g\u00f6z\u0259l \u015f\u0259rait yaradaq. Y\u0259ni biz \u015f\u0259h\u0259r tipli k\u0259ndl\u0259r quraca\u011f\u0131q v\u0259 m\u0259n qurulacaq b\u00fct\u00fcn k\u0259ndl\u0259rin Ba\u015f plan\u0131n\u0131 t\u0259sdiql\u0259mi\u015f\u0259m. Eyni zamanda, k\u0259ndl\u0259rin xarici g\u00f6rk\u0259mi d\u0259 t\u0259sdiql\u0259nib v\u0259 yen\u0259 d\u0259 deyir\u0259m, h\u0259m rahat, h\u0259m d\u0259 memarl\u0131q n\u00f6qteyi-n\u0259z\u0259rind\u0259n \u00e7ox g\u00f6z\u0259l olacaq&#8221;.<\/em><\/p>\n\n\n\n<p>O, La\u00e7\u0131n \u015f\u0259h\u0259rind\u0259 Heyd\u0259r \u018fliyev Fondunun x\u0259tti il\u0259 m\u0259scid in\u015fa edil\u0259c\u0259yini d\u0259 qeyd edib.<\/p>\n\n\n\n<p>La\u00e7\u0131n rayonu 1992-ci il may\u0131n 18-d\u0259 Erm\u0259nistan silahl\u0131 q\u00fcvv\u0259l\u0259ri t\u0259r\u0259find\u0259n i\u015f\u011fal olunmu\u015fdu.<\/p>\n\n\n\n<p>Rusiya, Az\u0259rbaycan v\u0259 Erm\u0259nistan aras\u0131nda imzalanm\u0131\u015f \u00fc\u00e7t\u0259r\u0259fli 10 noyabr b\u0259yanat\u0131na \u0259sas\u0259n, La\u00e7\u0131n rayonu 2020-ci il dekabr\u0131n 1-d\u0259 Erm\u0259nistan ordusu t\u0259r\u0259find\u0259n bo\u015fald\u0131l\u0131b.<\/p>\n\n\n\n<p>\u0130lham \u018fliyev bu g\u00fcn, mart\u0131n 28-d\u0259 La\u00e7\u0131na x\u00fcsusi n\u00fcmay\u0259nd\u0259 t\u0259yin <a href=\"https:\/\/storage.googleapis.com\/qurium\/www.meydan.tv\/az-article-ilham-eliyev-lacina-xususi-numayende-teyin-edib.html\" target=\"_blank\" rel=\"noreferrer noopener\">edib.<\/a><\/p>\n","protected":false},"excerpt":{"rendered":"<p>\u201cBirinci m\u0259rh\u0259l\u0259d\u0259 La\u00e7\u0131n \u015f\u0259h\u0259rind\u0259 500-\u0259 yax\u0131n f\u0259rdi ev in\u015fa edilir\u201d &#8230; <\/p>\n<p class=\"read-more-container\"><a title=\"\u0130lham \u018fliyev k\u00f6\u00e7k\u00fcnl\u0259rin ilin sonunad\u0259k La\u00e7\u0131na qay\u0131dacaqlar\u0131n\u0131 a\u00e7\u0131qlad\u0131\" class=\"read-more button\" href=\"https:\/\/www.meydan.tv\/az\/article\/ilham-eliyev-kockunlerin-ilin-sonunadek-lacina-qayidacaqlarini-aciqladi\/#more-271528\" aria-label=\"Read more about \u0130lham \u018fliyev k\u00f6\u00e7k\u00fcnl\u0259rin ilin sonunad\u0259k La\u00e7\u0131na qay\u0131dacaqlar\u0131n\u0131 a\u00e7\u0131qlad\u0131\">Davam\u0131<\/a><\/p>\n","protected":false},"author":8,"featured_media":271538,"comment_status":"closed","ping_status":"closed","sticky":false,"template":"","format":"standard","meta":{"_acf_changed":false,"_sitemap_exclude":false,"_sitemap_priority":"","_sitemap_frequency":"","footnotes":""},"categories":[59,79,56],"tags":[],"class_list":["post-271528","post","type-post","status-publish","format-standard","has-post-thumbnail","hentry","category-siyaset","category-featured","category-xeberler","infinite-scroll-item","generate-columns","tablet-grid-50","mobile-grid-100","grid-parent","grid-33","no-featured-image-padding"],"acf":[],"yoast_head":"<!-- This site is optimized with the Yoast SEO plugin v27.4 - https:\/\/yoast.com\/product\/yoast-seo-wordpress\/ -->\n<title>\u0130lham \u018fliyev k\u00f6\u00e7k\u00fcnl\u0259rin ilin sonunad\u0259k La\u00e7\u0131na qay\u0131dacaqlar\u0131n\u0131 a\u00e7\u0131qlad\u0131 - MEYDAN.TV<\/title>\n<meta name=\"robots\" content=\"index, follow, max-snippet:-1, max-image-preview:large, max-video-preview:-1\" \/>\n<link rel=\"canonical\" href=\"https:\/\/www.meydan.tv\/az\/article\/ilham-eliyev-kockunlerin-ilin-sonunadek-lacina-qayidacaqlarini-aciqladi\/\" \/>\n<meta property=\"og:locale\" content=\"az_AZ\" \/>\n<meta property=\"og:type\" content=\"article\" \/>\n<meta property=\"og:title\" content=\"\u0130lham \u018fliyev k\u00f6\u00e7k\u00fcnl\u0259rin ilin sonunad\u0259k La\u00e7\u0131na qay\u0131dacaqlar\u0131n\u0131 a\u00e7\u0131qlad\u0131 - MEYDAN.TV\" \/>\n<meta property=\"og:description\" content=\"\u201cBirinci m\u0259rh\u0259l\u0259d\u0259 La\u00e7\u0131n \u015f\u0259h\u0259rind\u0259 500-\u0259 yax\u0131n f\u0259rdi ev in\u015fa edilir\u201d ... Davam\u0131\" \/>\n<meta property=\"og:url\" content=\"https:\/\/www.meydan.tv\/az\/article\/ilham-eliyev-kockunlerin-ilin-sonunadek-lacina-qayidacaqlarini-aciqladi\/\" \/>\n<meta property=\"og:site_name\" content=\"MEYDAN.TV\" \/>\n<meta property=\"article:published_time\" content=\"2023-03-28T12:50:24+00:00\" \/>\n<meta property=\"article:modified_time\" content=\"2023-03-28T13:04:07+00:00\" \/>\n<meta property=\"og:image\" content=\"https:\/\/www.meydan.tv\/wp-content\/uploads\/download-58-e1680008399832.jpg\" \/>\n\t<meta property=\"og:image:width\" content=\"1200\" \/>\n\t<meta property=\"og:image:height\" content=\"534\" \/>\n\t<meta property=\"og:image:type\" content=\"image\/jpeg\" \/>\n<meta name=\"author\" content=\"elli\" \/>\n<meta name=\"twitter:card\" content=\"summary_large_image\" \/>\n<meta name=\"twitter:creator\" content=\"@elli\" \/>\n<script type=\"application\/ld+json\" class=\"yoast-schema-graph\">{\"@context\":\"https:\\\/\\\/schema.org\",\"@graph\":[{\"@type\":\"Article\",\"@id\":\"https:\\\/\\\/www.meydan.tv\\\/az\\\/article\\\/ilham-eliyev-kockunlerin-ilin-sonunadek-lacina-qayidacaqlarini-aciqladi\\\/#article\",\"isPartOf\":{\"@id\":\"https:\\\/\\\/www.meydan.tv\\\/az\\\/article\\\/ilham-eliyev-kockunlerin-ilin-sonunadek-lacina-qayidacaqlarini-aciqladi\\\/\"},\"author\":{\"name\":\"elli\",\"@id\":\"https:\\\/\\\/www.meydan.tv\\\/az\\\/#\\\/schema\\\/person\\\/9cdbecf90d17180ce1dfbd95b08dcf47\"},\"headline\":\"\u0130lham \u018fliyev k\u00f6\u00e7k\u00fcnl\u0259rin ilin sonunad\u0259k La\u00e7\u0131na qay\u0131dacaqlar\u0131n\u0131 a\u00e7\u0131qlad\u0131\",\"datePublished\":\"2023-03-28T12:50:24+00:00\",\"dateModified\":\"2023-03-28T13:04:07+00:00\",\"mainEntityOfPage\":{\"@id\":\"https:\\\/\\\/www.meydan.tv\\\/az\\\/article\\\/ilham-eliyev-kockunlerin-ilin-sonunadek-lacina-qayidacaqlarini-aciqladi\\\/\"},\"wordCount\":980,\"publisher\":{\"@id\":\"https:\\\/\\\/www.meydan.tv\\\/az\\\/#organization\"},\"image\":{\"@id\":\"https:\\\/\\\/www.meydan.tv\\\/az\\\/article\\\/ilham-eliyev-kockunlerin-ilin-sonunadek-lacina-qayidacaqlarini-aciqladi\\\/#primaryimage\"},\"thumbnailUrl\":\"https:\\\/\\\/www.meydan.tv\\\/wp-content\\\/uploads\\\/download-58-e1680008399832.jpg\",\"articleSection\":[\"Siyas\u0259t\",\"T\u00f6vsiy\u0259\",\"X\u0259b\u0259rl\u0259r\"],\"inLanguage\":\"az\"},{\"@type\":\"WebPage\",\"@id\":\"https:\\\/\\\/www.meydan.tv\\\/az\\\/article\\\/ilham-eliyev-kockunlerin-ilin-sonunadek-lacina-qayidacaqlarini-aciqladi\\\/\",\"url\":\"https:\\\/\\\/www.meydan.tv\\\/az\\\/article\\\/ilham-eliyev-kockunlerin-ilin-sonunadek-lacina-qayidacaqlarini-aciqladi\\\/\",\"name\":\"\u0130lham \u018fliyev k\u00f6\u00e7k\u00fcnl\u0259rin ilin sonunad\u0259k La\u00e7\u0131na qay\u0131dacaqlar\u0131n\u0131 a\u00e7\u0131qlad\u0131 - MEYDAN.TV\",\"isPartOf\":{\"@id\":\"https:\\\/\\\/www.meydan.tv\\\/az\\\/#website\"},\"primaryImageOfPage\":{\"@id\":\"https:\\\/\\\/www.meydan.tv\\\/az\\\/article\\\/ilham-eliyev-kockunlerin-ilin-sonunadek-lacina-qayidacaqlarini-aciqladi\\\/#primaryimage\"},\"image\":{\"@id\":\"https:\\\/\\\/www.meydan.tv\\\/az\\\/article\\\/ilham-eliyev-kockunlerin-ilin-sonunadek-lacina-qayidacaqlarini-aciqladi\\\/#primaryimage\"},\"thumbnailUrl\":\"https:\\\/\\\/www.meydan.tv\\\/wp-content\\\/uploads\\\/download-58-e1680008399832.jpg\",\"datePublished\":\"2023-03-28T12:50:24+00:00\",\"dateModified\":\"2023-03-28T13:04:07+00:00\",\"breadcrumb\":{\"@id\":\"https:\\\/\\\/www.meydan.tv\\\/az\\\/article\\\/ilham-eliyev-kockunlerin-ilin-sonunadek-lacina-qayidacaqlarini-aciqladi\\\/#breadcrumb\"},\"inLanguage\":\"az\",\"potentialAction\":[{\"@type\":\"ReadAction\",\"target\":[\"https:\\\/\\\/www.meydan.tv\\\/az\\\/article\\\/ilham-eliyev-kockunlerin-ilin-sonunadek-lacina-qayidacaqlarini-aciqladi\\\/\"]}]},{\"@type\":\"ImageObject\",\"inLanguage\":\"az\",\"@id\":\"https:\\\/\\\/www.meydan.tv\\\/az\\\/article\\\/ilham-eliyev-kockunlerin-ilin-sonunadek-lacina-qayidacaqlarini-aciqladi\\\/#primaryimage\",\"url\":\"https:\\\/\\\/www.meydan.tv\\\/wp-content\\\/uploads\\\/download-58-e1680008399832.jpg\",\"contentUrl\":\"https:\\\/\\\/www.meydan.tv\\\/wp-content\\\/uploads\\\/download-58-e1680008399832.jpg\",\"width\":1200,\"height\":534,\"caption\":\"La\u00e7\u0131n. Foto: Meydan TV\"},{\"@type\":\"BreadcrumbList\",\"@id\":\"https:\\\/\\\/www.meydan.tv\\\/az\\\/article\\\/ilham-eliyev-kockunlerin-ilin-sonunadek-lacina-qayidacaqlarini-aciqladi\\\/#breadcrumb\",\"itemListElement\":[{\"@type\":\"ListItem\",\"position\":1,\"name\":\"Ana s\u0259hif\u0259\",\"item\":\"https:\\\/\\\/www.meydan.tv\\\/az\\\/\"},{\"@type\":\"ListItem\",\"position\":2,\"name\":\"Siyas\u0259t\",\"item\":\"https:\\\/\\\/www.meydan.tv\\\/az\\\/section\\\/siyaset\\\/\"},{\"@type\":\"ListItem\",\"position\":3,\"name\":\"\u0130lham \u018fliyev k\u00f6\u00e7k\u00fcnl\u0259rin ilin sonunad\u0259k La\u00e7\u0131na qay\u0131dacaqlar\u0131n\u0131 a\u00e7\u0131qlad\u0131\"}]},{\"@type\":\"WebSite\",\"@id\":\"https:\\\/\\\/www.meydan.tv\\\/az\\\/#website\",\"url\":\"https:\\\/\\\/www.meydan.tv\\\/az\\\/\",\"name\":\"MEYDAN.TV\",\"description\":\"Meydan TV Az\u0259rbaycan\u0131n media m\u0259kan\u0131ndak\u0131 alternativ s\u0259sidir\",\"publisher\":{\"@id\":\"https:\\\/\\\/www.meydan.tv\\\/az\\\/#organization\"},\"potentialAction\":[{\"@type\":\"SearchAction\",\"target\":{\"@type\":\"EntryPoint\",\"urlTemplate\":\"https:\\\/\\\/www.meydan.tv\\\/az\\\/?s={search_term_string}\"},\"query-input\":{\"@type\":\"PropertyValueSpecification\",\"valueRequired\":true,\"valueName\":\"search_term_string\"}}],\"inLanguage\":\"az\"},{\"@type\":\"Organization\",\"@id\":\"https:\\\/\\\/www.meydan.tv\\\/az\\\/#organization\",\"name\":\"Meydan TV\",\"url\":\"https:\\\/\\\/www.meydan.tv\\\/az\\\/\",\"logo\":{\"@type\":\"ImageObject\",\"inLanguage\":\"az\",\"@id\":\"https:\\\/\\\/www.meydan.tv\\\/az\\\/#\\\/schema\\\/logo\\\/image\\\/\",\"url\":\"https:\\\/\\\/www.meydan.tv\\\/wp-content\\\/uploads\\\/2021\\\/07\\\/meydan-logo.svg\",\"contentUrl\":\"https:\\\/\\\/www.meydan.tv\\\/wp-content\\\/uploads\\\/2021\\\/07\\\/meydan-logo.svg\",\"width\":195,\"height\":46,\"caption\":\"Meydan TV\"},\"image\":{\"@id\":\"https:\\\/\\\/www.meydan.tv\\\/az\\\/#\\\/schema\\\/logo\\\/image\\\/\"}},{\"@type\":\"Person\",\"@id\":\"https:\\\/\\\/www.meydan.tv\\\/az\\\/#\\\/schema\\\/person\\\/9cdbecf90d17180ce1dfbd95b08dcf47\",\"name\":\"elli\",\"sameAs\":[\"https:\\\/\\\/x.com\\\/elli\"]}]}<\/script>\n<!-- \/ Yoast SEO plugin. -->","yoast_head_json":{"title":"\u0130lham \u018fliyev k\u00f6\u00e7k\u00fcnl\u0259rin ilin sonunad\u0259k La\u00e7\u0131na qay\u0131dacaqlar\u0131n\u0131 a\u00e7\u0131qlad\u0131 - MEYDAN.TV","robots":{"index":"index","follow":"follow","max-snippet":"max-snippet:-1","max-image-preview":"max-image-preview:large","max-video-preview":"max-video-preview:-1"},"canonical":"https:\/\/www.meydan.tv\/az\/article\/ilham-eliyev-kockunlerin-ilin-sonunadek-lacina-qayidacaqlarini-aciqladi\/","og_locale":"az_AZ","og_type":"article","og_title":"\u0130lham \u018fliyev k\u00f6\u00e7k\u00fcnl\u0259rin ilin sonunad\u0259k La\u00e7\u0131na qay\u0131dacaqlar\u0131n\u0131 a\u00e7\u0131qlad\u0131 - MEYDAN.TV","og_description":"\u201cBirinci m\u0259rh\u0259l\u0259d\u0259 La\u00e7\u0131n \u015f\u0259h\u0259rind\u0259 500-\u0259 yax\u0131n f\u0259rdi ev in\u015fa edilir\u201d ... Davam\u0131","og_url":"https:\/\/www.meydan.tv\/az\/article\/ilham-eliyev-kockunlerin-ilin-sonunadek-lacina-qayidacaqlarini-aciqladi\/","og_site_name":"MEYDAN.TV","article_published_time":"2023-03-28T12:50:24+00:00","article_modified_time":"2023-03-28T13:04:07+00:00","og_image":[{"width":1200,"height":534,"url":"https:\/\/www.meydan.tv\/wp-content\/uploads\/download-58-e1680008399832.jpg","type":"image\/jpeg"}],"author":"elli","twitter_card":"summary_large_image","twitter_creator":"@elli","schema":{"@context":"https:\/\/schema.org","@graph":[{"@type":"Article","@id":"https:\/\/www.meydan.tv\/az\/article\/ilham-eliyev-kockunlerin-ilin-sonunadek-lacina-qayidacaqlarini-aciqladi\/#article","isPartOf":{"@id":"https:\/\/www.meydan.tv\/az\/article\/ilham-eliyev-kockunlerin-ilin-sonunadek-lacina-qayidacaqlarini-aciqladi\/"},"author":{"name":"elli","@id":"https:\/\/www.meydan.tv\/az\/#\/schema\/person\/9cdbecf90d17180ce1dfbd95b08dcf47"},"headline":"\u0130lham \u018fliyev k\u00f6\u00e7k\u00fcnl\u0259rin ilin sonunad\u0259k La\u00e7\u0131na qay\u0131dacaqlar\u0131n\u0131 a\u00e7\u0131qlad\u0131","datePublished":"2023-03-28T12:50:24+00:00","dateModified":"2023-03-28T13:04:07+00:00","mainEntityOfPage":{"@id":"https:\/\/www.meydan.tv\/az\/article\/ilham-eliyev-kockunlerin-ilin-sonunadek-lacina-qayidacaqlarini-aciqladi\/"},"wordCount":980,"publisher":{"@id":"https:\/\/www.meydan.tv\/az\/#organization"},"image":{"@id":"https:\/\/www.meydan.tv\/az\/article\/ilham-eliyev-kockunlerin-ilin-sonunadek-lacina-qayidacaqlarini-aciqladi\/#primaryimage"},"thumbnailUrl":"https:\/\/www.meydan.tv\/wp-content\/uploads\/download-58-e1680008399832.jpg","articleSection":["Siyas\u0259t","T\u00f6vsiy\u0259","X\u0259b\u0259rl\u0259r"],"inLanguage":"az"},{"@type":"WebPage","@id":"https:\/\/www.meydan.tv\/az\/article\/ilham-eliyev-kockunlerin-ilin-sonunadek-lacina-qayidacaqlarini-aciqladi\/","url":"https:\/\/www.meydan.tv\/az\/article\/ilham-eliyev-kockunlerin-ilin-sonunadek-lacina-qayidacaqlarini-aciqladi\/","name":"\u0130lham \u018fliyev k\u00f6\u00e7k\u00fcnl\u0259rin ilin sonunad\u0259k La\u00e7\u0131na qay\u0131dacaqlar\u0131n\u0131 a\u00e7\u0131qlad\u0131 - MEYDAN.TV","isPartOf":{"@id":"https:\/\/www.meydan.tv\/az\/#website"},"primaryImageOfPage":{"@id":"https:\/\/www.meydan.tv\/az\/article\/ilham-eliyev-kockunlerin-ilin-sonunadek-lacina-qayidacaqlarini-aciqladi\/#primaryimage"},"image":{"@id":"https:\/\/www.meydan.tv\/az\/article\/ilham-eliyev-kockunlerin-ilin-sonunadek-lacina-qayidacaqlarini-aciqladi\/#primaryimage"},"thumbnailUrl":"https:\/\/www.meydan.tv\/wp-content\/uploads\/download-58-e1680008399832.jpg","datePublished":"2023-03-28T12:50:24+00:00","dateModified":"2023-03-28T13:04:07+00:00","breadcrumb":{"@id":"https:\/\/www.meydan.tv\/az\/article\/ilham-eliyev-kockunlerin-ilin-sonunadek-lacina-qayidacaqlarini-aciqladi\/#breadcrumb"},"inLanguage":"az","potentialAction":[{"@type":"ReadAction","target":["https:\/\/www.meydan.tv\/az\/article\/ilham-eliyev-kockunlerin-ilin-sonunadek-lacina-qayidacaqlarini-aciqladi\/"]}]},{"@type":"ImageObject","inLanguage":"az","@id":"https:\/\/www.meydan.tv\/az\/article\/ilham-eliyev-kockunlerin-ilin-sonunadek-lacina-qayidacaqlarini-aciqladi\/#primaryimage","url":"https:\/\/www.meydan.tv\/wp-content\/uploads\/download-58-e1680008399832.jpg","contentUrl":"https:\/\/www.meydan.tv\/wp-content\/uploads\/download-58-e1680008399832.jpg","width":1200,"height":534,"caption":"La\u00e7\u0131n. Foto: Meydan TV"},{"@type":"BreadcrumbList","@id":"https:\/\/www.meydan.tv\/az\/article\/ilham-eliyev-kockunlerin-ilin-sonunadek-lacina-qayidacaqlarini-aciqladi\/#breadcrumb","itemListElement":[{"@type":"ListItem","position":1,"name":"Ana s\u0259hif\u0259","item":"https:\/\/www.meydan.tv\/az\/"},{"@type":"ListItem","position":2,"name":"Siyas\u0259t","item":"https:\/\/www.meydan.tv\/az\/section\/siyaset\/"},{"@type":"ListItem","position":3,"name":"\u0130lham \u018fliyev k\u00f6\u00e7k\u00fcnl\u0259rin ilin sonunad\u0259k La\u00e7\u0131na qay\u0131dacaqlar\u0131n\u0131 a\u00e7\u0131qlad\u0131"}]},{"@type":"WebSite","@id":"https:\/\/www.meydan.tv\/az\/#website","url":"https:\/\/www.meydan.tv\/az\/","name":"MEYDAN.TV","description":"Meydan TV Az\u0259rbaycan\u0131n media m\u0259kan\u0131ndak\u0131 alternativ s\u0259sidir","publisher":{"@id":"https:\/\/www.meydan.tv\/az\/#organization"},"potentialAction":[{"@type":"SearchAction","target":{"@type":"EntryPoint","urlTemplate":"https:\/\/www.meydan.tv\/az\/?s={search_term_string}"},"query-input":{"@type":"PropertyValueSpecification","valueRequired":true,"valueName":"search_term_string"}}],"inLanguage":"az"},{"@type":"Organization","@id":"https:\/\/www.meydan.tv\/az\/#organization","name":"Meydan TV","url":"https:\/\/www.meydan.tv\/az\/","logo":{"@type":"ImageObject","inLanguage":"az","@id":"https:\/\/www.meydan.tv\/az\/#\/schema\/logo\/image\/","url":"https:\/\/www.meydan.tv\/wp-content\/uploads\/2021\/07\/meydan-logo.svg","contentUrl":"https:\/\/www.meydan.tv\/wp-content\/uploads\/2021\/07\/meydan-logo.svg","width":195,"height":46,"caption":"Meydan TV"},"image":{"@id":"https:\/\/www.meydan.tv\/az\/#\/schema\/logo\/image\/"}},{"@type":"Person","@id":"https:\/\/www.meydan.tv\/az\/#\/schema\/person\/9cdbecf90d17180ce1dfbd95b08dcf47","name":"elli","sameAs":["https:\/\/x.com\/elli"]}]}},"_links":{"self":[{"href":"https:\/\/www.meydan.tv\/az\/wp-json\/wp\/v2\/posts\/271528","targetHints":{"allow":["GET"]}}],"collection":[{"href":"https:\/\/www.meydan.tv\/az\/wp-json\/wp\/v2\/posts"}],"about":[{"href":"https:\/\/www.meydan.tv\/az\/wp-json\/wp\/v2\/types\/post"}],"author":[{"embeddable":true,"href":"https:\/\/www.meydan.tv\/az\/wp-json\/wp\/v2\/users\/8"}],"replies":[{"embeddable":true,"href":"https:\/\/www.meydan.tv\/az\/wp-json\/wp\/v2\/comments?post=271528"}],"version-history":[{"count":4,"href":"https:\/\/www.meydan.tv\/az\/wp-json\/wp\/v2\/posts\/271528\/revisions"}],"predecessor-version":[{"id":271541,"href":"https:\/\/www.meydan.tv\/az\/wp-json\/wp\/v2\/posts\/271528\/revisions\/271541"}],"wp:featuredmedia":[{"embeddable":true,"href":"https:\/\/www.meydan.tv\/az\/wp-json\/wp\/v2\/media\/271538"}],"wp:attachment":[{"href":"https:\/\/www.meydan.tv\/az\/wp-json\/wp\/v2\/media?parent=271528"}],"wp:term":[{"taxonomy":"category","embeddable":true,"href":"https:\/\/www.meydan.tv\/az\/wp-json\/wp\/v2\/categories?post=271528"},{"taxonomy":"post_tag","embeddable":true,"href":"https:\/\/www.meydan.tv\/az\/wp-json\/wp\/v2\/tags?post=271528"}],"curies":[{"name":"wp","href":"https:\/\/api.w.org\/{rel}","templated":true}]}}