{"id":271524,"date":"2023-03-28T16:25:54","date_gmt":"2023-03-28T12:25:54","guid":{"rendered":"https:\/\/www.meydan.tv\/?p=271524"},"modified":"2023-03-28T16:25:56","modified_gmt":"2023-03-28T12:25:56","slug":"sulh-namine-amnistiya","status":"publish","type":"post","link":"https:\/\/www.meydan.tv\/az\/article\/sulh-namine-amnistiya\/","title":{"rendered":"S\u00fclh namin\u0259 amnistiya"},"content":{"rendered":"\n<p><\/p>\n\n\n\n<p><strong>Z\u0259rd\u00fc\u015ft \u018flizad\u0259<\/strong><br><\/p>\n\n\n\n<p><strong><em>Amnistiya ictimai-h\u00fcquqi t\u0259dbir kimi a\u011f\u0131r siyasi b\u00f6hranlardan sonra hans\u0131sa m\u00fch\u00fcm siyasi hadis\u0259nin \u015f\u0259r\u0259fin\u0259 t\u0259tbiq edil\u0259 bil\u0259r<\/em><\/strong><\/p>\n\n\n\n<p>Qaraba\u011fda yeni geni\u015f m\u00fcharib\u0259 bar\u0259d\u0259 s\u00f6z-s\u00f6hb\u0259t qol-qanad a\u00e7\u0131r. D\u00f6y\u00fc\u015f meydan\u0131ndan uzaq olanlar sevinir, a\u011fl\u0131 ba\u015f\u0131nda olanlar is\u0259 anla\u015f\u0131lan t\u0259\u015fvi\u015f hissini ya\u015fay\u0131rlar.<\/p>\n\n\n\n<p>Erm\u0259nistan \u00f6z \u015fak\u0259rin\u0259 uy\u011fun olaraq bar\u0131\u015f imkanlar\u0131n\u0131 fot\u0259 verir, \u015f\u0259r\u0259fli s\u00fclh m\u00fcqavil\u0259si haz\u0131rlay\u0131b imzalamaq \u0259v\u0259zin\u0259 dan\u0131\u015f\u0131qlar\u0131 yubad\u0131r v\u0259 hans\u0131sa m\u00f6c\u00fcz\u0259y\u0259 \u0259b\u0259s \u00fcmid b\u0259sl\u0259yir.<\/p>\n\n\n\n<p>Az\u0259rbaycan t\u0259r\u0259fi is\u0259 \u201cm\u00fcv\u0259ff\u0259qiyy\u0259td\u0259n ba\u015f\u0131 gic\u0259ll\u0259nmi\u015f\u201d qalib kimi bar\u0131\u015f potensial\u0131n\u0131 unudub el\u0259-hey \u201cvuraram, k\u0259s\u0259r\u0259m\u201d deyir.<\/p>\n\n\n\n<p>Sizin h\u0259qir b\u0259nd\u0259niz is\u0259 v\u0259ziyy\u0259ti t\u0259hlil edib say\u0131r ki, bar\u0131\u015f imkanlar\u0131n\u0131 geni\u015fl\u0259ndirm\u0259k m\u00fcmk\u00fcnd\u00fcr.<\/p>\n\n\n\n<p>O c\u00fcml\u0259d\u0259n, m\u00fcnaqi\u015f\u0259nin ke\u00e7mi\u015f m\u0259rh\u0259l\u0259l\u0259rind\u0259 h\u0259rbi \u0259m\u0259liyyatlara zor\u0259n qat\u0131ld\u0131qlar\u0131ndan, bar\u0131\u015f olarsa, cinay\u0259t m\u0259suliyy\u0259tin\u0259 c\u0259lb edil\u0259c\u0259kl\u0259rind\u0259n ehtiyatlanaraq ist\u0259nil\u0259n bar\u0131\u015fa qar\u015f\u0131 f\u0259al \u00e7\u0131x\u0131\u015f ed\u0259n insanlar\u0131n\u00a0 qorxusunu da\u011f\u0131tma\u011fa xidm\u0259t ed\u0259n amnistiya haqq\u0131nda qanunun q\u0259bul edilm\u0259sini t\u0259klif edir\u0259m.<\/p>\n\n\n\n<p>Amnistiya qanunu c\u0259miyy\u0259tin \u00fcmumi r\u0259yinin ifad\u0259si kimi hans\u0131sa b\u00f6y\u00fck bir ziddiyy\u0259tin v\u0259 \u0259dav\u0259tin ke\u00e7mi\u015fd\u0259 qald\u0131\u011f\u0131n\u0131 bildir\u0259n h\u00fcquqi add\u0131md\u0131r. B\u0259\u015f\u0259r tarixind\u0259 q\u0259dim Yunandan v\u0259 Roma imperiyas\u0131ndan tutmu\u015f SSR\u0130-y\u0259 q\u0259d\u0259r xeyli d\u00f6vl\u0259t bu h\u00fcquqi al\u0259td\u0259n siyasi m\u0259qs\u0259dl\u0259r namin\u0259 istifad\u0259 etmi\u015fdir.<\/p>\n\n\n\n<p>Etnik-\u0259razi m\u00fcnaqi\u015f\u0259l\u0259rinin istisnas\u0131z olaraq ham\u0131s\u0131nda m\u00fcnaqi\u015f\u0259y\u0259 c\u0259lb edilmi\u015f t\u0259r\u0259fl\u0259rin istisnas\u0131z olaraq ham\u0131s\u0131 \u0259lin\u0259 silah g\u00f6t\u00fcr\u00fcb h\u0259rbi \u0259m\u0259liyyatlarda i\u015ftirak etmi\u015f, d\u00fc\u015fm\u0259n\u0259 at\u0259\u015f a\u00e7m\u0131\u015fd\u0131r. \u018fg\u0259r m\u00fcharib\u0259 i\u015ftirak\u00e7\u0131s\u0131n\u0131n b\u0259\u015f\u0259riyy\u0259t\u0259 qar\u015f\u0131 t\u00f6r\u0259dilmi\u015f hans\u0131sa cinay\u0259td\u0259 s\u00fcbut edilmi\u015f g\u00fcnah\u0131 yoxdursa, bu insan, beyn\u0259lxalq v\u0259 yerli qanun bax\u0131m\u0131ndan, m\u0259sumdur.<\/p>\n\n\n\n<p>F\u0259q\u0259t m\u00fcnaqi\u015f\u0259 d\u00f6vr\u00fcnd\u0259 t\u0259r\u0259fl\u0259r qar\u015f\u0131l\u0131ql\u0131 nifr\u0259t z\u0259minind\u0259 \u0259dav\u0259ti o h\u0259dd\u0259 \u00e7atd\u0131r\u0131rlar ki, \u0259ks t\u0259r\u0259f\u0259 m\u0259ncub insanlar\u0131n ham\u0131s\u0131n\u0131 cani qismind\u0259 g\u00f6r\u00fcrl\u0259r. Ger\u00e7\u0259klik v\u0259 qanun is\u0259 bunun \u0259ksini deyir.<\/p>\n\n\n\n<p>Amnistiya qanununu q\u0259bul ed\u0259n d\u00f6vl\u0259t qurumu bu add\u0131m\u0131 il\u0259 b\u0259yan edir ki, cinay\u0259t t\u00f6r\u0259tmi\u015f v\u0259 ya bu \u0259m\u0259ld\u0259 \u015f\u00fcbh\u0259li bilin\u0259n \u015f\u0259xs \u0259m\u0259lin\u0259 g\u00f6r\u0259 da\u015f\u0131d\u0131\u011f\u0131 v\u0259 ya da\u015f\u0131yaca\u011f\u0131 m\u0259suliyy\u0259td\u0259n tam v\u0259 ya qism\u0259n azad olunur v\u0259 ya c\u0259zas\u0131 nisb\u0259t\u0259n y\u00fcng\u00fcll\u0259\u015fdirilir.<\/p>\n\n\n\n<p>M\u0259nc\u0259, Az\u0259rbaycan bu m\u0259s\u0259l\u0259ni Erm\u0259nistanla m\u00fczakir\u0259 edib bu add\u0131m\u0131 ikilikd\u0259 eyni vaxtda atmaq bar\u0259d\u0259 raz\u0131l\u0131\u011fa g\u0259l\u0259 bil\u0259r v\u0259 bu add\u0131mla h\u0259r iki d\u00f6vl\u0259t \u0259dav\u0259tin ke\u00e7mi\u015fd\u0259 qald\u0131\u011f\u0131n\u0131 d\u00fcnyaya b\u0259yan ed\u0259r.<\/p>\n\n\n\n<p>M\u0259n sad\u0259l\u00f6vh deyil\u0259m v\u0259 anlay\u0131ram ki, h\u0259m ilahi, h\u0259m d\u00fcny\u0259vi qanunlara g\u00f6r\u0259 ba\u011f\u0131\u015flan\u0131lmas\u0131 m\u00fcmk\u00fcn olmayan cinay\u0259tl\u0259r var v\u0259 onlar Qaraba\u011f namin\u0259 apar\u0131lm\u0131\u015f m\u00fcharib\u0259 d\u00f6vr\u00fcnd\u0259 t\u00f6r\u0259dilmi\u015fl\u0259r. \u0130ndi yeri deyil v\u0259 m\u0259n onlar\u0131 xat\u0131rlay\u0131b bar\u0131\u015f axtar\u0131\u015f\u0131 d\u00f6vr\u00fcnd\u0259 qan qaraltmaq ist\u0259mir\u0259m. Bu cinay\u0259tl\u0259ri t\u00f6r\u0259tmi\u015f \u015f\u0259xsl\u0259r bar\u0259d\u0259 h\u0259r iki t\u0259r\u0259fin h\u00fcquq-m\u00fchafiz\u0259 qurumlar\u0131, az\u0131 n\u0259z\u0259riyy\u0259 v\u0259 ictimai fayda bax\u0131m\u0131ndan, z\u0259ruri t\u0259dbirl\u0259ri g\u00f6rm\u0259li v\u0259 qa\u00e7\u0131lmaz c\u0259zalar\u0131 verm\u0259lidir.<\/p>\n\n\n\n<p>30 il davam etmi\u015f m\u00fcnaqi\u015f\u0259 d\u00f6vr\u00fcnd\u0259 h\u0259r iki t\u0259r\u0259fd\u0259n y\u00fcz minl\u0259rl\u0259 insan bu qanl\u0131 qar\u015f\u0131durmaya c\u0259lb edilmi\u015fdir v\u0259 onlar\u0131n ham\u0131s\u0131na \u0259dav\u0259tl\u0259 yana\u015fmaq m\u0259ntiqd\u0259n uzaqd\u0131r. H\u0259r uki d\u00f6vl\u0259tin bah\u0259m q\u0259bul ed\u0259c\u0259yi amnistiya qanununun m\u0259nas\u0131 odur ki, \u201cbitdi, olan olub, ke\u00e7\u0259n ke\u00e7ib, d\u00fc\u015fm\u0259n\u00e7ilik d\u00f6vr\u00fc arxada qald\u0131, iki xalq g\u0259l\u0259c\u0259y\u0259, bar\u0131\u015fa do\u011fru baxmal\u0131d\u0131r\u201d.<\/p>\n\n\n\n<p>Amnistiya qanununun tarixin\u0259 baxsaq, g\u00f6r\u0259rik ki, bu add\u0131m\u0131n \u0259sas m\u0259qs\u0259di onun yunan dilind\u0259 olan \u201c\u201dba\u011f\u0131\u015flamaq v\u0259 unutmaq\u201d m\u0259nalar\u0131na nail olmaqd\u0131r. Amnistiyan\u0131 ad\u0259t\u0259n humanizml\u0259 izah edirl\u0259r, lakin onun siyasi (m\u0259s\u0259l\u0259n, bar\u0131\u015f) m\u0259qs\u0259di d\u0259 olur. B\u0259zi \u00f6lk\u0259l\u0259rd\u0259 amnistiya yaln\u0131z c\u0259zaya m\u0259hkum edilmi\u015f insanlara t\u0259tbiq edilir, lakin siyasi v\u0259 h\u0259rbi qar\u015f\u0131durmalardan sonra amnistiya m\u0259hk\u0259m\u0259 ke\u00e7irilm\u0259d\u0259n geni\u015f \u0259hali k\u0259simin\u0259 aid edil\u0259 bil\u0259r.<\/p>\n\n\n\n<p>Amnistiya ictimai-h\u00fcquqi t\u0259dbir kimi a\u011f\u0131r siyasi b\u00f6hranlardan sonra, v\u0259t\u0259nda\u015f m\u00fcharib\u0259l\u0259rinin yekunu kimi, hans\u0131sa m\u00fch\u00fcm siyasi hadis\u0259nin \u015f\u0259r\u0259fin\u0259 t\u0259tbiq edil\u0259 bil\u0259r.<\/p>\n\n\n\n<p>M\u00f6ht\u0259r\u0259m oxucu d\u00fc\u015f\u00fcn\u00fcb bel\u0259 bir sual\u0131n cavab\u0131n\u0131 tapma\u011fa \u00e7al\u0131\u015fs\u0131n: m\u0259g\u0259r 30 il s\u00fcrm\u00fc\u015f, h\u0259r iki t\u0259r\u0259fd\u0259n on minl\u0259rl\u0259 h\u0259yat\u0131 aparm\u0131\u015f, b\u00f6y\u00fck \u0259razini x\u0259rab\u0259y\u0259 \u00e7evirmi\u015f, milyonlarla insan\u0131 did\u0259rgin salm\u0131\u015f bir qanl\u0131 m\u00fcnaqi\u015f\u0259nin sona \u00e7atmas\u0131n\u0131 bildir\u0259n bu qar\u015f\u0131l\u0131ql\u0131 \u201cba\u011f\u0131\u015flamaq v\u0259 unutmaq\u201d t\u0259dbiri yeni dinc, qans\u0131z-qadas\u0131z d\u00f6vr\u00fcn m\u00fcjd\u0259sini verm\u0259y\u0259 layiq deyilmi?<\/p>\n","protected":false},"excerpt":{"rendered":"<p>Z\u0259rd\u00fc\u015ft \u018flizad\u0259 Amnistiya ictimai-h\u00fcquqi t\u0259dbir kimi a\u011f\u0131r siyasi b\u00f6hranlardan sonra &#8230; <\/p>\n<p class=\"read-more-container\"><a title=\"S\u00fclh namin\u0259 amnistiya\" class=\"read-more button\" href=\"https:\/\/www.meydan.tv\/az\/article\/sulh-namine-amnistiya\/#more-271524\" aria-label=\"Read more about S\u00fclh namin\u0259 amnistiya\">Davam\u0131<\/a><\/p>\n","protected":false},"author":8,"featured_media":126823,"comment_status":"closed","ping_status":"closed","sticky":false,"template":"","format":"standard","meta":{"_acf_changed":false,"_sitemap_exclude":false,"_sitemap_priority":"","_sitemap_frequency":"","footnotes":""},"categories":[57],"tags":[],"class_list":["post-271524","post","type-post","status-publish","format-standard","has-post-thumbnail","hentry","category-menim-fikrimce","infinite-scroll-item","generate-columns","tablet-grid-50","mobile-grid-100","grid-parent","grid-33","no-featured-image-padding"],"acf":[],"yoast_head":"<!-- This site is optimized with the Yoast SEO plugin v27.4 - https:\/\/yoast.com\/product\/yoast-seo-wordpress\/ -->\n<title>S\u00fclh namin\u0259 amnistiya - MEYDAN.TV<\/title>\n<meta name=\"robots\" content=\"index, follow, max-snippet:-1, max-image-preview:large, max-video-preview:-1\" \/>\n<link rel=\"canonical\" href=\"https:\/\/www.meydan.tv\/az\/article\/sulh-namine-amnistiya\/\" \/>\n<meta property=\"og:locale\" content=\"az_AZ\" \/>\n<meta property=\"og:type\" content=\"article\" \/>\n<meta property=\"og:title\" content=\"S\u00fclh namin\u0259 amnistiya - MEYDAN.TV\" \/>\n<meta property=\"og:description\" content=\"Z\u0259rd\u00fc\u015ft \u018flizad\u0259 Amnistiya ictimai-h\u00fcquqi t\u0259dbir kimi a\u011f\u0131r siyasi b\u00f6hranlardan sonra ... Davam\u0131\" \/>\n<meta property=\"og:url\" content=\"https:\/\/www.meydan.tv\/az\/article\/sulh-namine-amnistiya\/\" \/>\n<meta property=\"og:site_name\" content=\"MEYDAN.TV\" \/>\n<meta property=\"article:published_time\" content=\"2023-03-28T12:25:54+00:00\" \/>\n<meta property=\"article:modified_time\" content=\"2023-03-28T12:25:56+00:00\" \/>\n<meta property=\"og:image\" content=\"https:\/\/www.meydan.tv\/wp-content\/uploads\/image_from_ios_2_p52ittc.original.original-scaled-e1645163166726.jpg\" \/>\n\t<meta property=\"og:image:width\" content=\"2560\" \/>\n\t<meta property=\"og:image:height\" content=\"1292\" \/>\n\t<meta property=\"og:image:type\" content=\"image\/jpeg\" \/>\n<meta name=\"author\" content=\"elli\" \/>\n<meta name=\"twitter:card\" content=\"summary_large_image\" \/>\n<meta name=\"twitter:creator\" content=\"@elli\" \/>\n<script type=\"application\/ld+json\" class=\"yoast-schema-graph\">{\"@context\":\"https:\\\/\\\/schema.org\",\"@graph\":[{\"@type\":\"Article\",\"@id\":\"https:\\\/\\\/www.meydan.tv\\\/az\\\/article\\\/sulh-namine-amnistiya\\\/#article\",\"isPartOf\":{\"@id\":\"https:\\\/\\\/www.meydan.tv\\\/az\\\/article\\\/sulh-namine-amnistiya\\\/\"},\"author\":{\"name\":\"elli\",\"@id\":\"https:\\\/\\\/www.meydan.tv\\\/az\\\/#\\\/schema\\\/person\\\/9cdbecf90d17180ce1dfbd95b08dcf47\"},\"headline\":\"S\u00fclh namin\u0259 amnistiya\",\"datePublished\":\"2023-03-28T12:25:54+00:00\",\"dateModified\":\"2023-03-28T12:25:56+00:00\",\"mainEntityOfPage\":{\"@id\":\"https:\\\/\\\/www.meydan.tv\\\/az\\\/article\\\/sulh-namine-amnistiya\\\/\"},\"wordCount\":989,\"publisher\":{\"@id\":\"https:\\\/\\\/www.meydan.tv\\\/az\\\/#organization\"},\"image\":{\"@id\":\"https:\\\/\\\/www.meydan.tv\\\/az\\\/article\\\/sulh-namine-amnistiya\\\/#primaryimage\"},\"thumbnailUrl\":\"https:\\\/\\\/www.meydan.tv\\\/wp-content\\\/uploads\\\/image_from_ios_2_p52ittc.original.original-scaled-e1682070233838.jpg\",\"articleSection\":[\"M\u0259nim Fikrimc\u0259\"],\"inLanguage\":\"az\"},{\"@type\":\"WebPage\",\"@id\":\"https:\\\/\\\/www.meydan.tv\\\/az\\\/article\\\/sulh-namine-amnistiya\\\/\",\"url\":\"https:\\\/\\\/www.meydan.tv\\\/az\\\/article\\\/sulh-namine-amnistiya\\\/\",\"name\":\"S\u00fclh namin\u0259 amnistiya - MEYDAN.TV\",\"isPartOf\":{\"@id\":\"https:\\\/\\\/www.meydan.tv\\\/az\\\/#website\"},\"primaryImageOfPage\":{\"@id\":\"https:\\\/\\\/www.meydan.tv\\\/az\\\/article\\\/sulh-namine-amnistiya\\\/#primaryimage\"},\"image\":{\"@id\":\"https:\\\/\\\/www.meydan.tv\\\/az\\\/article\\\/sulh-namine-amnistiya\\\/#primaryimage\"},\"thumbnailUrl\":\"https:\\\/\\\/www.meydan.tv\\\/wp-content\\\/uploads\\\/image_from_ios_2_p52ittc.original.original-scaled-e1682070233838.jpg\",\"datePublished\":\"2023-03-28T12:25:54+00:00\",\"dateModified\":\"2023-03-28T12:25:56+00:00\",\"breadcrumb\":{\"@id\":\"https:\\\/\\\/www.meydan.tv\\\/az\\\/article\\\/sulh-namine-amnistiya\\\/#breadcrumb\"},\"inLanguage\":\"az\",\"potentialAction\":[{\"@type\":\"ReadAction\",\"target\":[\"https:\\\/\\\/www.meydan.tv\\\/az\\\/article\\\/sulh-namine-amnistiya\\\/\"]}]},{\"@type\":\"ImageObject\",\"inLanguage\":\"az\",\"@id\":\"https:\\\/\\\/www.meydan.tv\\\/az\\\/article\\\/sulh-namine-amnistiya\\\/#primaryimage\",\"url\":\"https:\\\/\\\/www.meydan.tv\\\/wp-content\\\/uploads\\\/image_from_ios_2_p52ittc.original.original-scaled-e1682070233838.jpg\",\"contentUrl\":\"https:\\\/\\\/www.meydan.tv\\\/wp-content\\\/uploads\\\/image_from_ios_2_p52ittc.original.original-scaled-e1682070233838.jpg\",\"width\":2560,\"height\":1158,\"caption\":\"Foto: Meydan TV\"},{\"@type\":\"BreadcrumbList\",\"@id\":\"https:\\\/\\\/www.meydan.tv\\\/az\\\/article\\\/sulh-namine-amnistiya\\\/#breadcrumb\",\"itemListElement\":[{\"@type\":\"ListItem\",\"position\":1,\"name\":\"Ana s\u0259hif\u0259\",\"item\":\"https:\\\/\\\/www.meydan.tv\\\/az\\\/\"},{\"@type\":\"ListItem\",\"position\":2,\"name\":\"M\u0259nim Fikrimc\u0259\",\"item\":\"https:\\\/\\\/www.meydan.tv\\\/az\\\/section\\\/menim-fikrimce\\\/\"},{\"@type\":\"ListItem\",\"position\":3,\"name\":\"S\u00fclh namin\u0259 amnistiya\"}]},{\"@type\":\"WebSite\",\"@id\":\"https:\\\/\\\/www.meydan.tv\\\/az\\\/#website\",\"url\":\"https:\\\/\\\/www.meydan.tv\\\/az\\\/\",\"name\":\"MEYDAN.TV\",\"description\":\"Meydan TV Az\u0259rbaycan\u0131n media m\u0259kan\u0131ndak\u0131 alternativ s\u0259sidir\",\"publisher\":{\"@id\":\"https:\\\/\\\/www.meydan.tv\\\/az\\\/#organization\"},\"potentialAction\":[{\"@type\":\"SearchAction\",\"target\":{\"@type\":\"EntryPoint\",\"urlTemplate\":\"https:\\\/\\\/www.meydan.tv\\\/az\\\/?s={search_term_string}\"},\"query-input\":{\"@type\":\"PropertyValueSpecification\",\"valueRequired\":true,\"valueName\":\"search_term_string\"}}],\"inLanguage\":\"az\"},{\"@type\":\"Organization\",\"@id\":\"https:\\\/\\\/www.meydan.tv\\\/az\\\/#organization\",\"name\":\"Meydan TV\",\"url\":\"https:\\\/\\\/www.meydan.tv\\\/az\\\/\",\"logo\":{\"@type\":\"ImageObject\",\"inLanguage\":\"az\",\"@id\":\"https:\\\/\\\/www.meydan.tv\\\/az\\\/#\\\/schema\\\/logo\\\/image\\\/\",\"url\":\"https:\\\/\\\/www.meydan.tv\\\/wp-content\\\/uploads\\\/2021\\\/07\\\/meydan-logo.svg\",\"contentUrl\":\"https:\\\/\\\/www.meydan.tv\\\/wp-content\\\/uploads\\\/2021\\\/07\\\/meydan-logo.svg\",\"width\":195,\"height\":46,\"caption\":\"Meydan TV\"},\"image\":{\"@id\":\"https:\\\/\\\/www.meydan.tv\\\/az\\\/#\\\/schema\\\/logo\\\/image\\\/\"}},{\"@type\":\"Person\",\"@id\":\"https:\\\/\\\/www.meydan.tv\\\/az\\\/#\\\/schema\\\/person\\\/9cdbecf90d17180ce1dfbd95b08dcf47\",\"name\":\"elli\",\"sameAs\":[\"https:\\\/\\\/x.com\\\/elli\"]}]}<\/script>\n<!-- \/ Yoast SEO plugin. -->","yoast_head_json":{"title":"S\u00fclh namin\u0259 amnistiya - MEYDAN.TV","robots":{"index":"index","follow":"follow","max-snippet":"max-snippet:-1","max-image-preview":"max-image-preview:large","max-video-preview":"max-video-preview:-1"},"canonical":"https:\/\/www.meydan.tv\/az\/article\/sulh-namine-amnistiya\/","og_locale":"az_AZ","og_type":"article","og_title":"S\u00fclh namin\u0259 amnistiya - MEYDAN.TV","og_description":"Z\u0259rd\u00fc\u015ft \u018flizad\u0259 Amnistiya ictimai-h\u00fcquqi t\u0259dbir kimi a\u011f\u0131r siyasi b\u00f6hranlardan sonra ... Davam\u0131","og_url":"https:\/\/www.meydan.tv\/az\/article\/sulh-namine-amnistiya\/","og_site_name":"MEYDAN.TV","article_published_time":"2023-03-28T12:25:54+00:00","article_modified_time":"2023-03-28T12:25:56+00:00","og_image":[{"width":2560,"height":1292,"url":"https:\/\/www.meydan.tv\/wp-content\/uploads\/image_from_ios_2_p52ittc.original.original-scaled-e1645163166726.jpg","type":"image\/jpeg"}],"author":"elli","twitter_card":"summary_large_image","twitter_creator":"@elli","schema":{"@context":"https:\/\/schema.org","@graph":[{"@type":"Article","@id":"https:\/\/www.meydan.tv\/az\/article\/sulh-namine-amnistiya\/#article","isPartOf":{"@id":"https:\/\/www.meydan.tv\/az\/article\/sulh-namine-amnistiya\/"},"author":{"name":"elli","@id":"https:\/\/www.meydan.tv\/az\/#\/schema\/person\/9cdbecf90d17180ce1dfbd95b08dcf47"},"headline":"S\u00fclh namin\u0259 amnistiya","datePublished":"2023-03-28T12:25:54+00:00","dateModified":"2023-03-28T12:25:56+00:00","mainEntityOfPage":{"@id":"https:\/\/www.meydan.tv\/az\/article\/sulh-namine-amnistiya\/"},"wordCount":989,"publisher":{"@id":"https:\/\/www.meydan.tv\/az\/#organization"},"image":{"@id":"https:\/\/www.meydan.tv\/az\/article\/sulh-namine-amnistiya\/#primaryimage"},"thumbnailUrl":"https:\/\/www.meydan.tv\/wp-content\/uploads\/image_from_ios_2_p52ittc.original.original-scaled-e1682070233838.jpg","articleSection":["M\u0259nim Fikrimc\u0259"],"inLanguage":"az"},{"@type":"WebPage","@id":"https:\/\/www.meydan.tv\/az\/article\/sulh-namine-amnistiya\/","url":"https:\/\/www.meydan.tv\/az\/article\/sulh-namine-amnistiya\/","name":"S\u00fclh namin\u0259 amnistiya - MEYDAN.TV","isPartOf":{"@id":"https:\/\/www.meydan.tv\/az\/#website"},"primaryImageOfPage":{"@id":"https:\/\/www.meydan.tv\/az\/article\/sulh-namine-amnistiya\/#primaryimage"},"image":{"@id":"https:\/\/www.meydan.tv\/az\/article\/sulh-namine-amnistiya\/#primaryimage"},"thumbnailUrl":"https:\/\/www.meydan.tv\/wp-content\/uploads\/image_from_ios_2_p52ittc.original.original-scaled-e1682070233838.jpg","datePublished":"2023-03-28T12:25:54+00:00","dateModified":"2023-03-28T12:25:56+00:00","breadcrumb":{"@id":"https:\/\/www.meydan.tv\/az\/article\/sulh-namine-amnistiya\/#breadcrumb"},"inLanguage":"az","potentialAction":[{"@type":"ReadAction","target":["https:\/\/www.meydan.tv\/az\/article\/sulh-namine-amnistiya\/"]}]},{"@type":"ImageObject","inLanguage":"az","@id":"https:\/\/www.meydan.tv\/az\/article\/sulh-namine-amnistiya\/#primaryimage","url":"https:\/\/www.meydan.tv\/wp-content\/uploads\/image_from_ios_2_p52ittc.original.original-scaled-e1682070233838.jpg","contentUrl":"https:\/\/www.meydan.tv\/wp-content\/uploads\/image_from_ios_2_p52ittc.original.original-scaled-e1682070233838.jpg","width":2560,"height":1158,"caption":"Foto: Meydan TV"},{"@type":"BreadcrumbList","@id":"https:\/\/www.meydan.tv\/az\/article\/sulh-namine-amnistiya\/#breadcrumb","itemListElement":[{"@type":"ListItem","position":1,"name":"Ana s\u0259hif\u0259","item":"https:\/\/www.meydan.tv\/az\/"},{"@type":"ListItem","position":2,"name":"M\u0259nim Fikrimc\u0259","item":"https:\/\/www.meydan.tv\/az\/section\/menim-fikrimce\/"},{"@type":"ListItem","position":3,"name":"S\u00fclh namin\u0259 amnistiya"}]},{"@type":"WebSite","@id":"https:\/\/www.meydan.tv\/az\/#website","url":"https:\/\/www.meydan.tv\/az\/","name":"MEYDAN.TV","description":"Meydan TV Az\u0259rbaycan\u0131n media m\u0259kan\u0131ndak\u0131 alternativ s\u0259sidir","publisher":{"@id":"https:\/\/www.meydan.tv\/az\/#organization"},"potentialAction":[{"@type":"SearchAction","target":{"@type":"EntryPoint","urlTemplate":"https:\/\/www.meydan.tv\/az\/?s={search_term_string}"},"query-input":{"@type":"PropertyValueSpecification","valueRequired":true,"valueName":"search_term_string"}}],"inLanguage":"az"},{"@type":"Organization","@id":"https:\/\/www.meydan.tv\/az\/#organization","name":"Meydan TV","url":"https:\/\/www.meydan.tv\/az\/","logo":{"@type":"ImageObject","inLanguage":"az","@id":"https:\/\/www.meydan.tv\/az\/#\/schema\/logo\/image\/","url":"https:\/\/www.meydan.tv\/wp-content\/uploads\/2021\/07\/meydan-logo.svg","contentUrl":"https:\/\/www.meydan.tv\/wp-content\/uploads\/2021\/07\/meydan-logo.svg","width":195,"height":46,"caption":"Meydan TV"},"image":{"@id":"https:\/\/www.meydan.tv\/az\/#\/schema\/logo\/image\/"}},{"@type":"Person","@id":"https:\/\/www.meydan.tv\/az\/#\/schema\/person\/9cdbecf90d17180ce1dfbd95b08dcf47","name":"elli","sameAs":["https:\/\/x.com\/elli"]}]}},"_links":{"self":[{"href":"https:\/\/www.meydan.tv\/az\/wp-json\/wp\/v2\/posts\/271524","targetHints":{"allow":["GET"]}}],"collection":[{"href":"https:\/\/www.meydan.tv\/az\/wp-json\/wp\/v2\/posts"}],"about":[{"href":"https:\/\/www.meydan.tv\/az\/wp-json\/wp\/v2\/types\/post"}],"author":[{"embeddable":true,"href":"https:\/\/www.meydan.tv\/az\/wp-json\/wp\/v2\/users\/8"}],"replies":[{"embeddable":true,"href":"https:\/\/www.meydan.tv\/az\/wp-json\/wp\/v2\/comments?post=271524"}],"version-history":[{"count":1,"href":"https:\/\/www.meydan.tv\/az\/wp-json\/wp\/v2\/posts\/271524\/revisions"}],"predecessor-version":[{"id":271525,"href":"https:\/\/www.meydan.tv\/az\/wp-json\/wp\/v2\/posts\/271524\/revisions\/271525"}],"wp:featuredmedia":[{"embeddable":true,"href":"https:\/\/www.meydan.tv\/az\/wp-json\/wp\/v2\/media\/126823"}],"wp:attachment":[{"href":"https:\/\/www.meydan.tv\/az\/wp-json\/wp\/v2\/media?parent=271524"}],"wp:term":[{"taxonomy":"category","embeddable":true,"href":"https:\/\/www.meydan.tv\/az\/wp-json\/wp\/v2\/categories?post=271524"},{"taxonomy":"post_tag","embeddable":true,"href":"https:\/\/www.meydan.tv\/az\/wp-json\/wp\/v2\/tags?post=271524"}],"curies":[{"name":"wp","href":"https:\/\/api.w.org\/{rel}","templated":true}]}}