{"id":271518,"date":"2023-03-28T15:38:53","date_gmt":"2023-03-28T11:38:53","guid":{"rendered":"https:\/\/www.meydan.tv\/?p=271518"},"modified":"2023-03-28T15:43:48","modified_gmt":"2023-03-28T11:43:48","slug":"muharibe-istirakcisi-icra-hakimiyyeti-ve-belediyyeden-narazidir","status":"publish","type":"post","link":"https:\/\/www.meydan.tv\/az\/article\/muharibe-istirakcisi-icra-hakimiyyeti-ve-belediyyeden-narazidir\/","title":{"rendered":"<strong>M\u00fcharib\u0259 i\u015ftirak\u00e7\u0131s\u0131 icra hakimiyy\u0259ti v\u0259 b\u0259l\u0259diyy\u0259d\u0259n naraz\u0131d\u0131r<\/strong>"},"content":{"rendered":"\n<p><\/p>\n\n\n\n<p><strong><em>Rey K\u0259rimo\u011flu: &#8220;\u0130cra hakimiyy\u0259tl\u0259ri yax\u015f\u0131 yerl\u0259ri sat\u0131rlar, \u015f\u0259hid ail\u0259sin\u0259, qaziy\u0259 ucqar bir \u0259razi g\u00f6st\u0259rirl\u0259r&#8221;<\/em><\/strong><\/p>\n\n\n\n<p>\u0130kinci Qaraba\u011f m\u00fcharib\u0259si i\u015ftirak\u00e7\u0131s\u0131 naraz\u0131d\u0131r.<\/p>\n\n\n\n<p>A\u011fcab\u0259dinin R\u0259ncb\u0259rl\u0259r k\u0259nd sakini Nurlan Bayram o\u011flu H\u0259s\u0259nov Meydan TV-y\u0259 deyir ki, F\u00fczuli, C\u0259bray\u0131l, Z\u0259ngilan Qubadl\u0131 Xocav\u0259nd, La\u00e7\u0131n, \u015eu\u015fa istiqam\u0259tind\u0259 ged\u0259n d\u00f6y\u00fc\u015fl\u0259rd\u0259 i\u015ftirak edib.<\/p>\n\n\n\n<p>O, h\u0259rbi \u0259m\u0259liyyatlar ba\u015flayanda k\u00f6n\u00fcll\u00fc olaraq orduya yaz\u0131ld\u0131\u011f\u0131n\u0131 deyir: <\/p>\n\n\n\n<p><em>&#8220;S\u0259f\u0259rb\u0259rlik v\u0259 H\u0259rbi Xidm\u0259t\u0259 \u00c7a\u011f\u0131r\u0131\u015f \u00fczr\u0259 D\u00f6vl\u0259t Xidm\u0259tinin A\u011fcab\u0259di Rayon \u015e\u00f6b\u0259sin\u0259 m\u00fcraci\u0259t etdim. H\u0259tta bir s\u0131ra medallarla t\u0259ltif olunmu\u015fam. M\u00fcharib\u0259d\u0259n sonra h\u0259y\u0259tyan\u0131 torpaq sah\u0259sinin verilm\u0259si \u00fc\u00e7\u00fcn yerli icra hakimiyy\u0259tin\u0259 v\u0259 k\u0259ndin b\u0259l\u0259diyy\u0259si Zahir Bayramova m\u00fcraci\u0259t etmi\u015f\u0259m. Lakin m\u0259n\u0259 k\u00f6m\u0259k etmirl\u0259r\u201d.<\/em><\/p>\n\n\n\n<p>Birinci v\u0259 \u0130kinci Qaraba\u011f \u0259lill\u0259ri, \u015f\u0259hid ail\u0259l\u0259ri, h\u0259m\u00e7inin onlara b\u0259rab\u0259r \u015f\u0259xsl\u0259rin m\u0259nzil v\u0259 ya avtomobill\u0259 t\u0259min olunmas\u0131 \u201cAz\u0259rbaycan Respublikas\u0131n\u0131 erm\u0259ni t\u0259cav\u00fcz\u00fcnd\u0259n m\u00fcdafi\u0259 ed\u0259rk\u0259n \u0259lil olmu\u015f \u015f\u0259xsl\u0259rin sosial m\u00fcdafi\u0259sinin yax\u015f\u0131la\u015fd\u0131r\u0131lmas\u0131 haqq\u0131nda\u201d Qanunla <a href=\"https:\/\/e-qanun.az\/framework\/8980\" target=\"_blank\" rel=\"noreferrer noopener\">t\u0259nziml\u0259nir.<\/a> <\/p>\n\n\n\n<p>Nurlan H\u0259s\u0259nov is\u0259 h\u0259r hans\u0131 d\u0259st\u0259k ala bilm\u0259diyini qeyd edir.<\/p>\n\n\n\n<p>R\u0259ncb\u0259rl\u0259r k\u0259ndinin b\u0259l\u0259diyy\u0259 s\u0259dri Zahir Bayramov Meydan TV-y\u0259 bildirib ki, Nurlan H\u0259s\u0259novun istifad\u0259sind\u0259 torpaq sah\u0259si var:<\/p>\n\n\n\n<p>\u201c<em>Rayonda tikinti \u00fc\u00e7\u00fcn ayr\u0131lan torpaqlar\u0131n 30 faizini Birinci Qaraba\u011f m\u00fcharib\u0259si zaman\u0131 m\u0259cburi k\u00f6\u00e7k\u00fcnl\u0259r tutublar. H\u0259min \u0259razil\u0259rd\u0259ki insanlar \u00f6z yurd-yuvalar\u0131na qay\u0131tmad\u0131\u011f\u0131 m\u00fcdd\u0259tc\u0259 \u0259raziy\u0259 m\u00fcdaxil\u0259 ed\u0259 bilmirik. \u0130kincisi, Nurlan H\u0259s\u0259nov, \u015f\u00fck\u00fcr Allaha, m\u00fcharib\u0259d\u0259 yaralanmay\u0131b, evin\u0259 sa\u011f-salamat g\u0259lib. Amma icra hakimiyy\u0259tind\u0259n torpaq ist\u0259yir. \u00dcst\u0259lik, onlara m\u0259xsus evin h\u0259y\u0259tyan\u0131 sah\u0259si 50 sotdur\u201d.<\/em><\/p>\n\n\n<div class=\"wp-block-image\">\n<figure class=\"aligncenter size-large\"><img decoding=\"async\" width=\"1006\" height=\"821\" data-src=\"https:\/\/www.meydan.tv\/wp-content\/uploads\/reyjpg-1628244569-1006x821.jpg\" alt=\"\" class=\"wp-image-247251 lazyload\" src=\"data:image\/svg+xml;base64,PHN2ZyB3aWR0aD0iMSIgaGVpZ2h0PSIxIiB4bWxucz0iaHR0cDovL3d3dy53My5vcmcvMjAwMC9zdmciPjwvc3ZnPg==\" style=\"--smush-placeholder-width: 1006px; --smush-placeholder-aspect-ratio: 1006\/821;\" \/><figcaption class=\"wp-element-caption\">Rey K\u0259rimo\u011flu. Foto: &#8220;adalet.az&#8221;<\/figcaption><\/figure>\n<\/div>\n\n\n<p>\u201cQaraba\u011f qazil\u0259ri\u201d \u0130ctimai Birliyinin m\u0259tbuat xidm\u0259tinin r\u0259hb\u0259ri Rey K\u0259rimo\u011flu Meydan TV-y\u0259 deyir ki, normativ akta \u0259sas\u0259n, m\u00fcraci\u0259t ed\u0259nin ya\u015fad\u0131\u011f\u0131 m\u0259nzil\u0259 bax\u0131\u015f ke\u00e7irilir v\u0259 daha sonra ona ev verilm\u0259si il\u0259 \u0259laq\u0259dar m\u00fcsb\u0259t v\u0259 ya m\u0259nfi q\u0259rar verilir:<\/p>\n\n\n\n<p>\u201c<em>B\u0259z\u0259n el\u0259 ba\u015fa d\u00fc\u015f\u00fcrl\u0259r ki, ucdantutma b\u00fct\u00fcn \u015f\u0259hid ail\u0259l\u0259rin\u0259, Qaraba\u011f \u0259lill\u0259rin\u0259 ev verilir. Bu, bel\u0259 deyil. M\u00fc\u0259yy\u0259n qaydalar var. M\u0259nzil \u015f\u0259raitinin yax\u015f\u0131la\u015fd\u0131r\u0131lmas\u0131na ehtiyac\u0131 olan \u015f\u0259xs qeydiyyatda oldu\u011fu rayon \u00fczr\u0259 icra hakimiyy\u0259ti t\u0259r\u0259find\u0259n m\u00fc\u0259yy\u0259nl\u0259\u015fdirilir. M\u00fcraci\u0259t ed\u0259n \u015f\u0259xsin ya\u015fad\u0131\u011f\u0131 m\u0259nzilin kvadrat\u0131 azd\u0131rsa, onu m\u0259nzil n\u00f6vb\u0259sin\u0259 g\u00f6t\u00fcr\u00fcrl\u0259r. Bundan sonra m\u00fcraci\u0259t ed\u0259n adam m\u0259nzil \u015f\u0259raitinin yax\u015f\u0131la\u015fd\u0131r\u0131lmas\u0131 statusunu al\u0131r. Bundan sonra qeydiyyatda oldu\u011fu rayon \u00fczr\u0259 icra hakimiyy\u0259ti onu m\u0259nzil n\u00f6vb\u0259sin\u0259 g\u00f6t\u00fcr\u00fcr. S\u0259n\u0259dl\u0259ri m\u0259nzil n\u00f6vb\u0259sin\u0259 g\u00f6t\u00fcr\u00fclm\u0259si m\u0259qs\u0259dil\u0259 elektron qaydada \u018fm\u0259k v\u0259 \u018fhalinin Sosial M\u00fcdafi\u0259si Nazirliyin\u0259 g\u00f6nd\u0259rilir\u201d.<\/em><\/p>\n\n\n\n<p>Rey K\u0259rimo\u011flu h\u0259m\u00e7inin qeyd edir ki, rayonlardak\u0131 icra hakimiyy\u0259tl\u0259rind\u0259n naraz\u0131l\u0131qlar \u00e7oxdur:<\/p>\n\n\n\n<p>\u201c<em>B\u0259z\u0259n g\u00f6r\u00fcrs\u0259n ki, rayon icra hakimiyy\u0259tl\u0259ri torpaq ay\u0131rm\u0131r. Yaxud da torpa\u011f\u0131 ya\u015fay\u0131\u015f \u00fc\u00e7\u00fcn uy\u011fun olmayan \u0259razid\u0259 ay\u0131r\u0131r. \u015e\u0259hid ail\u0259si d\u0259 naraz\u0131l\u0131q edir ki, m\u0259n orada torpaq ist\u0259mir\u0259m. Rayon icra hakimiyy\u0259tl\u0259ri yax\u015f\u0131 yerl\u0259ri sat\u0131rlar. \u015e\u0259hid ail\u0259sin\u0259, qaziy\u0259 g\u0259l\u0259nd\u0259 rayonun ucqar bir yerind\u0259 \u0259razi g\u00f6st\u0259rirl\u0259r, bu da naraz\u0131l\u0131\u011fa s\u0259b\u0259b olur\u201d.<\/em><\/p>\n\n\n\n<p>\u018f\u018fSMN-nin 2022-ci il\u0259 olan statistikas\u0131na g\u00f6r\u0259 \u00f6t\u0259n il \u015f\u0259hid ail\u0259l\u0259ri v\u0259 m\u00fcharib\u0259 il\u0259 \u0259laq\u0259dar \u0259lilliyi olan \u015f\u0259xsl\u0259r\u0259 13200 m\u0259nzil v\u0259 f\u0259rdi ev <a href=\"https:\/\/sosial.gov.az\/Regionlarda-shehis-aileleri-ve-muharibe-ile-elaqedar-elilliyi-olan-shexslere-daha-100-ferdi-ev-teqdim-olundu_641906\" target=\"_blank\" rel=\"noreferrer noopener\">verilib.<\/a><\/p>\n","protected":false},"excerpt":{"rendered":"<p>Rey K\u0259rimo\u011flu: &#8220;\u0130cra hakimiyy\u0259tl\u0259ri yax\u015f\u0131 yerl\u0259ri sat\u0131rlar, \u015f\u0259hid ail\u0259sin\u0259, qaziy\u0259 &#8230; <\/p>\n<p class=\"read-more-container\"><a title=\"M\u00fcharib\u0259 i\u015ftirak\u00e7\u0131s\u0131 icra hakimiyy\u0259ti v\u0259 b\u0259l\u0259diyy\u0259d\u0259n naraz\u0131d\u0131r\" class=\"read-more button\" href=\"https:\/\/www.meydan.tv\/az\/article\/muharibe-istirakcisi-icra-hakimiyyeti-ve-belediyyeden-narazidir\/#more-271518\" aria-label=\"Read more about M\u00fcharib\u0259 i\u015ftirak\u00e7\u0131s\u0131 icra hakimiyy\u0259ti v\u0259 b\u0259l\u0259diyy\u0259d\u0259n naraz\u0131d\u0131r\">Davam\u0131<\/a><\/p>\n","protected":false},"author":8,"featured_media":252609,"comment_status":"closed","ping_status":"closed","sticky":false,"template":"","format":"standard","meta":{"_acf_changed":false,"_sitemap_exclude":false,"_sitemap_priority":"","_sitemap_frequency":"","footnotes":""},"categories":[60,56],"tags":[],"class_list":["post-271518","post","type-post","status-publish","format-standard","has-post-thumbnail","hentry","category-bolge","category-xeberler","infinite-scroll-item","generate-columns","tablet-grid-50","mobile-grid-100","grid-parent","grid-33","no-featured-image-padding"],"acf":[],"yoast_head":"<!-- This site is optimized with the Yoast SEO plugin v27.5 - https:\/\/yoast.com\/product\/yoast-seo-wordpress\/ -->\n<title>M\u00fcharib\u0259 i\u015ftirak\u00e7\u0131s\u0131 icra hakimiyy\u0259ti v\u0259 b\u0259l\u0259diyy\u0259d\u0259n naraz\u0131d\u0131r - MEYDAN.TV<\/title>\n<meta name=\"robots\" content=\"index, follow, max-snippet:-1, max-image-preview:large, max-video-preview:-1\" \/>\n<link rel=\"canonical\" href=\"https:\/\/www.meydan.tv\/az\/article\/muharibe-istirakcisi-icra-hakimiyyeti-ve-belediyyeden-narazidir\/\" \/>\n<meta property=\"og:locale\" content=\"az_AZ\" \/>\n<meta property=\"og:type\" content=\"article\" \/>\n<meta property=\"og:title\" content=\"M\u00fcharib\u0259 i\u015ftirak\u00e7\u0131s\u0131 icra hakimiyy\u0259ti v\u0259 b\u0259l\u0259diyy\u0259d\u0259n naraz\u0131d\u0131r - MEYDAN.TV\" \/>\n<meta property=\"og:description\" content=\"Rey K\u0259rimo\u011flu: &#8220;\u0130cra hakimiyy\u0259tl\u0259ri yax\u015f\u0131 yerl\u0259ri sat\u0131rlar, \u015f\u0259hid ail\u0259sin\u0259, qaziy\u0259 ... Davam\u0131\" \/>\n<meta property=\"og:url\" content=\"https:\/\/www.meydan.tv\/az\/article\/muharibe-istirakcisi-icra-hakimiyyeti-ve-belediyyeden-narazidir\/\" \/>\n<meta property=\"og:site_name\" content=\"MEYDAN.TV\" \/>\n<meta property=\"article:published_time\" content=\"2023-03-28T11:38:53+00:00\" \/>\n<meta property=\"article:modified_time\" content=\"2023-03-28T11:43:48+00:00\" \/>\n<meta property=\"og:image\" content=\"https:\/\/www.meydan.tv\/wp-content\/uploads\/shutterstock_1684955089.jpg\" \/>\n\t<meta property=\"og:image:width\" content=\"1500\" \/>\n\t<meta property=\"og:image:height\" content=\"1000\" \/>\n\t<meta property=\"og:image:type\" content=\"image\/jpeg\" \/>\n<meta name=\"author\" content=\"elli\" \/>\n<meta name=\"twitter:card\" content=\"summary_large_image\" \/>\n<meta name=\"twitter:creator\" content=\"@elli\" \/>\n<script type=\"application\/ld+json\" class=\"yoast-schema-graph\">{\"@context\":\"https:\\\/\\\/schema.org\",\"@graph\":[{\"@type\":\"Article\",\"@id\":\"https:\\\/\\\/www.meydan.tv\\\/az\\\/article\\\/muharibe-istirakcisi-icra-hakimiyyeti-ve-belediyyeden-narazidir\\\/#article\",\"isPartOf\":{\"@id\":\"https:\\\/\\\/www.meydan.tv\\\/az\\\/article\\\/muharibe-istirakcisi-icra-hakimiyyeti-ve-belediyyeden-narazidir\\\/\"},\"author\":{\"name\":\"elli\",\"@id\":\"https:\\\/\\\/www.meydan.tv\\\/az\\\/#\\\/schema\\\/person\\\/9cdbecf90d17180ce1dfbd95b08dcf47\"},\"headline\":\"M\u00fcharib\u0259 i\u015ftirak\u00e7\u0131s\u0131 icra hakimiyy\u0259ti v\u0259 b\u0259l\u0259diyy\u0259d\u0259n naraz\u0131d\u0131r\",\"datePublished\":\"2023-03-28T11:38:53+00:00\",\"dateModified\":\"2023-03-28T11:43:48+00:00\",\"mainEntityOfPage\":{\"@id\":\"https:\\\/\\\/www.meydan.tv\\\/az\\\/article\\\/muharibe-istirakcisi-icra-hakimiyyeti-ve-belediyyeden-narazidir\\\/\"},\"wordCount\":723,\"publisher\":{\"@id\":\"https:\\\/\\\/www.meydan.tv\\\/az\\\/#organization\"},\"image\":{\"@id\":\"https:\\\/\\\/www.meydan.tv\\\/az\\\/article\\\/muharibe-istirakcisi-icra-hakimiyyeti-ve-belediyyeden-narazidir\\\/#primaryimage\"},\"thumbnailUrl\":\"https:\\\/\\\/www.meydan.tv\\\/wp-content\\\/uploads\\\/shutterstock_1684955089-e1683114430487.jpg\",\"articleSection\":[\"B\u00f6lg\u0259\",\"X\u0259b\u0259rl\u0259r\"],\"inLanguage\":\"az\"},{\"@type\":\"WebPage\",\"@id\":\"https:\\\/\\\/www.meydan.tv\\\/az\\\/article\\\/muharibe-istirakcisi-icra-hakimiyyeti-ve-belediyyeden-narazidir\\\/\",\"url\":\"https:\\\/\\\/www.meydan.tv\\\/az\\\/article\\\/muharibe-istirakcisi-icra-hakimiyyeti-ve-belediyyeden-narazidir\\\/\",\"name\":\"M\u00fcharib\u0259 i\u015ftirak\u00e7\u0131s\u0131 icra hakimiyy\u0259ti v\u0259 b\u0259l\u0259diyy\u0259d\u0259n naraz\u0131d\u0131r - MEYDAN.TV\",\"isPartOf\":{\"@id\":\"https:\\\/\\\/www.meydan.tv\\\/az\\\/#website\"},\"primaryImageOfPage\":{\"@id\":\"https:\\\/\\\/www.meydan.tv\\\/az\\\/article\\\/muharibe-istirakcisi-icra-hakimiyyeti-ve-belediyyeden-narazidir\\\/#primaryimage\"},\"image\":{\"@id\":\"https:\\\/\\\/www.meydan.tv\\\/az\\\/article\\\/muharibe-istirakcisi-icra-hakimiyyeti-ve-belediyyeden-narazidir\\\/#primaryimage\"},\"thumbnailUrl\":\"https:\\\/\\\/www.meydan.tv\\\/wp-content\\\/uploads\\\/shutterstock_1684955089-e1683114430487.jpg\",\"datePublished\":\"2023-03-28T11:38:53+00:00\",\"dateModified\":\"2023-03-28T11:43:48+00:00\",\"breadcrumb\":{\"@id\":\"https:\\\/\\\/www.meydan.tv\\\/az\\\/article\\\/muharibe-istirakcisi-icra-hakimiyyeti-ve-belediyyeden-narazidir\\\/#breadcrumb\"},\"inLanguage\":\"az\",\"potentialAction\":[{\"@type\":\"ReadAction\",\"target\":[\"https:\\\/\\\/www.meydan.tv\\\/az\\\/article\\\/muharibe-istirakcisi-icra-hakimiyyeti-ve-belediyyeden-narazidir\\\/\"]}]},{\"@type\":\"ImageObject\",\"inLanguage\":\"az\",\"@id\":\"https:\\\/\\\/www.meydan.tv\\\/az\\\/article\\\/muharibe-istirakcisi-icra-hakimiyyeti-ve-belediyyeden-narazidir\\\/#primaryimage\",\"url\":\"https:\\\/\\\/www.meydan.tv\\\/wp-content\\\/uploads\\\/shutterstock_1684955089-e1683114430487.jpg\",\"contentUrl\":\"https:\\\/\\\/www.meydan.tv\\\/wp-content\\\/uploads\\\/shutterstock_1684955089-e1683114430487.jpg\",\"width\":1500,\"height\":843,\"caption\":\"\u018fsg\u0259r. M\u0259nb\u0259: Shutterstock - Denis Andricic\"},{\"@type\":\"BreadcrumbList\",\"@id\":\"https:\\\/\\\/www.meydan.tv\\\/az\\\/article\\\/muharibe-istirakcisi-icra-hakimiyyeti-ve-belediyyeden-narazidir\\\/#breadcrumb\",\"itemListElement\":[{\"@type\":\"ListItem\",\"position\":1,\"name\":\"Ana s\u0259hif\u0259\",\"item\":\"https:\\\/\\\/www.meydan.tv\\\/az\\\/\"},{\"@type\":\"ListItem\",\"position\":2,\"name\":\"B\u00f6lg\u0259\",\"item\":\"https:\\\/\\\/www.meydan.tv\\\/az\\\/section\\\/bolge\\\/\"},{\"@type\":\"ListItem\",\"position\":3,\"name\":\"M\u00fcharib\u0259 i\u015ftirak\u00e7\u0131s\u0131 icra hakimiyy\u0259ti v\u0259 b\u0259l\u0259diyy\u0259d\u0259n naraz\u0131d\u0131r\"}]},{\"@type\":\"WebSite\",\"@id\":\"https:\\\/\\\/www.meydan.tv\\\/az\\\/#website\",\"url\":\"https:\\\/\\\/www.meydan.tv\\\/az\\\/\",\"name\":\"MEYDAN.TV\",\"description\":\"Meydan TV Az\u0259rbaycan\u0131n media m\u0259kan\u0131ndak\u0131 alternativ s\u0259sidir\",\"publisher\":{\"@id\":\"https:\\\/\\\/www.meydan.tv\\\/az\\\/#organization\"},\"potentialAction\":[{\"@type\":\"SearchAction\",\"target\":{\"@type\":\"EntryPoint\",\"urlTemplate\":\"https:\\\/\\\/www.meydan.tv\\\/az\\\/?s={search_term_string}\"},\"query-input\":{\"@type\":\"PropertyValueSpecification\",\"valueRequired\":true,\"valueName\":\"search_term_string\"}}],\"inLanguage\":\"az\"},{\"@type\":\"Organization\",\"@id\":\"https:\\\/\\\/www.meydan.tv\\\/az\\\/#organization\",\"name\":\"Meydan TV\",\"url\":\"https:\\\/\\\/www.meydan.tv\\\/az\\\/\",\"logo\":{\"@type\":\"ImageObject\",\"inLanguage\":\"az\",\"@id\":\"https:\\\/\\\/www.meydan.tv\\\/az\\\/#\\\/schema\\\/logo\\\/image\\\/\",\"url\":\"https:\\\/\\\/www.meydan.tv\\\/wp-content\\\/uploads\\\/2021\\\/07\\\/meydan-logo.svg\",\"contentUrl\":\"https:\\\/\\\/www.meydan.tv\\\/wp-content\\\/uploads\\\/2021\\\/07\\\/meydan-logo.svg\",\"width\":195,\"height\":46,\"caption\":\"Meydan TV\"},\"image\":{\"@id\":\"https:\\\/\\\/www.meydan.tv\\\/az\\\/#\\\/schema\\\/logo\\\/image\\\/\"}},{\"@type\":\"Person\",\"@id\":\"https:\\\/\\\/www.meydan.tv\\\/az\\\/#\\\/schema\\\/person\\\/9cdbecf90d17180ce1dfbd95b08dcf47\",\"name\":\"elli\",\"sameAs\":[\"https:\\\/\\\/x.com\\\/elli\"]}]}<\/script>\n<!-- \/ Yoast SEO plugin. -->","yoast_head_json":{"title":"M\u00fcharib\u0259 i\u015ftirak\u00e7\u0131s\u0131 icra hakimiyy\u0259ti v\u0259 b\u0259l\u0259diyy\u0259d\u0259n naraz\u0131d\u0131r - MEYDAN.TV","robots":{"index":"index","follow":"follow","max-snippet":"max-snippet:-1","max-image-preview":"max-image-preview:large","max-video-preview":"max-video-preview:-1"},"canonical":"https:\/\/www.meydan.tv\/az\/article\/muharibe-istirakcisi-icra-hakimiyyeti-ve-belediyyeden-narazidir\/","og_locale":"az_AZ","og_type":"article","og_title":"M\u00fcharib\u0259 i\u015ftirak\u00e7\u0131s\u0131 icra hakimiyy\u0259ti v\u0259 b\u0259l\u0259diyy\u0259d\u0259n naraz\u0131d\u0131r - MEYDAN.TV","og_description":"Rey K\u0259rimo\u011flu: &#8220;\u0130cra hakimiyy\u0259tl\u0259ri yax\u015f\u0131 yerl\u0259ri sat\u0131rlar, \u015f\u0259hid ail\u0259sin\u0259, qaziy\u0259 ... Davam\u0131","og_url":"https:\/\/www.meydan.tv\/az\/article\/muharibe-istirakcisi-icra-hakimiyyeti-ve-belediyyeden-narazidir\/","og_site_name":"MEYDAN.TV","article_published_time":"2023-03-28T11:38:53+00:00","article_modified_time":"2023-03-28T11:43:48+00:00","og_image":[{"width":1500,"height":1000,"url":"https:\/\/www.meydan.tv\/wp-content\/uploads\/shutterstock_1684955089.jpg","type":"image\/jpeg"}],"author":"elli","twitter_card":"summary_large_image","twitter_creator":"@elli","schema":{"@context":"https:\/\/schema.org","@graph":[{"@type":"Article","@id":"https:\/\/www.meydan.tv\/az\/article\/muharibe-istirakcisi-icra-hakimiyyeti-ve-belediyyeden-narazidir\/#article","isPartOf":{"@id":"https:\/\/www.meydan.tv\/az\/article\/muharibe-istirakcisi-icra-hakimiyyeti-ve-belediyyeden-narazidir\/"},"author":{"name":"elli","@id":"https:\/\/www.meydan.tv\/az\/#\/schema\/person\/9cdbecf90d17180ce1dfbd95b08dcf47"},"headline":"M\u00fcharib\u0259 i\u015ftirak\u00e7\u0131s\u0131 icra hakimiyy\u0259ti v\u0259 b\u0259l\u0259diyy\u0259d\u0259n naraz\u0131d\u0131r","datePublished":"2023-03-28T11:38:53+00:00","dateModified":"2023-03-28T11:43:48+00:00","mainEntityOfPage":{"@id":"https:\/\/www.meydan.tv\/az\/article\/muharibe-istirakcisi-icra-hakimiyyeti-ve-belediyyeden-narazidir\/"},"wordCount":723,"publisher":{"@id":"https:\/\/www.meydan.tv\/az\/#organization"},"image":{"@id":"https:\/\/www.meydan.tv\/az\/article\/muharibe-istirakcisi-icra-hakimiyyeti-ve-belediyyeden-narazidir\/#primaryimage"},"thumbnailUrl":"https:\/\/www.meydan.tv\/wp-content\/uploads\/shutterstock_1684955089-e1683114430487.jpg","articleSection":["B\u00f6lg\u0259","X\u0259b\u0259rl\u0259r"],"inLanguage":"az"},{"@type":"WebPage","@id":"https:\/\/www.meydan.tv\/az\/article\/muharibe-istirakcisi-icra-hakimiyyeti-ve-belediyyeden-narazidir\/","url":"https:\/\/www.meydan.tv\/az\/article\/muharibe-istirakcisi-icra-hakimiyyeti-ve-belediyyeden-narazidir\/","name":"M\u00fcharib\u0259 i\u015ftirak\u00e7\u0131s\u0131 icra hakimiyy\u0259ti v\u0259 b\u0259l\u0259diyy\u0259d\u0259n naraz\u0131d\u0131r - MEYDAN.TV","isPartOf":{"@id":"https:\/\/www.meydan.tv\/az\/#website"},"primaryImageOfPage":{"@id":"https:\/\/www.meydan.tv\/az\/article\/muharibe-istirakcisi-icra-hakimiyyeti-ve-belediyyeden-narazidir\/#primaryimage"},"image":{"@id":"https:\/\/www.meydan.tv\/az\/article\/muharibe-istirakcisi-icra-hakimiyyeti-ve-belediyyeden-narazidir\/#primaryimage"},"thumbnailUrl":"https:\/\/www.meydan.tv\/wp-content\/uploads\/shutterstock_1684955089-e1683114430487.jpg","datePublished":"2023-03-28T11:38:53+00:00","dateModified":"2023-03-28T11:43:48+00:00","breadcrumb":{"@id":"https:\/\/www.meydan.tv\/az\/article\/muharibe-istirakcisi-icra-hakimiyyeti-ve-belediyyeden-narazidir\/#breadcrumb"},"inLanguage":"az","potentialAction":[{"@type":"ReadAction","target":["https:\/\/www.meydan.tv\/az\/article\/muharibe-istirakcisi-icra-hakimiyyeti-ve-belediyyeden-narazidir\/"]}]},{"@type":"ImageObject","inLanguage":"az","@id":"https:\/\/www.meydan.tv\/az\/article\/muharibe-istirakcisi-icra-hakimiyyeti-ve-belediyyeden-narazidir\/#primaryimage","url":"https:\/\/www.meydan.tv\/wp-content\/uploads\/shutterstock_1684955089-e1683114430487.jpg","contentUrl":"https:\/\/www.meydan.tv\/wp-content\/uploads\/shutterstock_1684955089-e1683114430487.jpg","width":1500,"height":843,"caption":"\u018fsg\u0259r. M\u0259nb\u0259: Shutterstock - Denis Andricic"},{"@type":"BreadcrumbList","@id":"https:\/\/www.meydan.tv\/az\/article\/muharibe-istirakcisi-icra-hakimiyyeti-ve-belediyyeden-narazidir\/#breadcrumb","itemListElement":[{"@type":"ListItem","position":1,"name":"Ana s\u0259hif\u0259","item":"https:\/\/www.meydan.tv\/az\/"},{"@type":"ListItem","position":2,"name":"B\u00f6lg\u0259","item":"https:\/\/www.meydan.tv\/az\/section\/bolge\/"},{"@type":"ListItem","position":3,"name":"M\u00fcharib\u0259 i\u015ftirak\u00e7\u0131s\u0131 icra hakimiyy\u0259ti v\u0259 b\u0259l\u0259diyy\u0259d\u0259n naraz\u0131d\u0131r"}]},{"@type":"WebSite","@id":"https:\/\/www.meydan.tv\/az\/#website","url":"https:\/\/www.meydan.tv\/az\/","name":"MEYDAN.TV","description":"Meydan TV Az\u0259rbaycan\u0131n media m\u0259kan\u0131ndak\u0131 alternativ s\u0259sidir","publisher":{"@id":"https:\/\/www.meydan.tv\/az\/#organization"},"potentialAction":[{"@type":"SearchAction","target":{"@type":"EntryPoint","urlTemplate":"https:\/\/www.meydan.tv\/az\/?s={search_term_string}"},"query-input":{"@type":"PropertyValueSpecification","valueRequired":true,"valueName":"search_term_string"}}],"inLanguage":"az"},{"@type":"Organization","@id":"https:\/\/www.meydan.tv\/az\/#organization","name":"Meydan TV","url":"https:\/\/www.meydan.tv\/az\/","logo":{"@type":"ImageObject","inLanguage":"az","@id":"https:\/\/www.meydan.tv\/az\/#\/schema\/logo\/image\/","url":"https:\/\/www.meydan.tv\/wp-content\/uploads\/2021\/07\/meydan-logo.svg","contentUrl":"https:\/\/www.meydan.tv\/wp-content\/uploads\/2021\/07\/meydan-logo.svg","width":195,"height":46,"caption":"Meydan TV"},"image":{"@id":"https:\/\/www.meydan.tv\/az\/#\/schema\/logo\/image\/"}},{"@type":"Person","@id":"https:\/\/www.meydan.tv\/az\/#\/schema\/person\/9cdbecf90d17180ce1dfbd95b08dcf47","name":"elli","sameAs":["https:\/\/x.com\/elli"]}]}},"_links":{"self":[{"href":"https:\/\/www.meydan.tv\/az\/wp-json\/wp\/v2\/posts\/271518","targetHints":{"allow":["GET"]}}],"collection":[{"href":"https:\/\/www.meydan.tv\/az\/wp-json\/wp\/v2\/posts"}],"about":[{"href":"https:\/\/www.meydan.tv\/az\/wp-json\/wp\/v2\/types\/post"}],"author":[{"embeddable":true,"href":"https:\/\/www.meydan.tv\/az\/wp-json\/wp\/v2\/users\/8"}],"replies":[{"embeddable":true,"href":"https:\/\/www.meydan.tv\/az\/wp-json\/wp\/v2\/comments?post=271518"}],"version-history":[{"count":2,"href":"https:\/\/www.meydan.tv\/az\/wp-json\/wp\/v2\/posts\/271518\/revisions"}],"predecessor-version":[{"id":271523,"href":"https:\/\/www.meydan.tv\/az\/wp-json\/wp\/v2\/posts\/271518\/revisions\/271523"}],"wp:featuredmedia":[{"embeddable":true,"href":"https:\/\/www.meydan.tv\/az\/wp-json\/wp\/v2\/media\/252609"}],"wp:attachment":[{"href":"https:\/\/www.meydan.tv\/az\/wp-json\/wp\/v2\/media?parent=271518"}],"wp:term":[{"taxonomy":"category","embeddable":true,"href":"https:\/\/www.meydan.tv\/az\/wp-json\/wp\/v2\/categories?post=271518"},{"taxonomy":"post_tag","embeddable":true,"href":"https:\/\/www.meydan.tv\/az\/wp-json\/wp\/v2\/tags?post=271518"}],"curies":[{"name":"wp","href":"https:\/\/api.w.org\/{rel}","templated":true}]}}