{"id":271515,"date":"2023-03-28T15:28:44","date_gmt":"2023-03-28T11:28:44","guid":{"rendered":"https:\/\/www.meydan.tv\/?p=271515"},"modified":"2023-03-28T15:28:47","modified_gmt":"2023-03-28T11:28:47","slug":"siz-cox-seyi-bilmirsiz-rovneq-muellim","status":"publish","type":"post","link":"https:\/\/www.meydan.tv\/az\/article\/siz-cox-seyi-bilmirsiz-rovneq-muellim\/","title":{"rendered":"Siz \u00e7ox \u015feyi bilmirsiz, R\u00f6vn\u0259q m\u00fc\u0259llim\u2026"},"content":{"rendered":"\n<p><\/p>\n\n\n\n<p><strong>R\u0259\u015fad Erg\u00fcn<br><\/strong><\/p>\n\n\n\n<p><em><strong>H\u00f6rm\u0259tli AFFA prezidenti R\u00f6vn\u0259q Abdullayev!<\/strong><\/em><\/p>\n\n\n\n<p>Yaz\u0131b siz\u0259 bildirm\u0259k ist\u0259yir\u0259m ki, futbol \u00fczr\u0259 Az\u0259rbaycan milli komandas\u0131 Avropa \u00e7empionat\u0131-2024-\u00fcn se\u00e7m\u0259 m\u0259rh\u0259l\u0259sind\u0259 ilk iki oyununu ke\u00e7irib. Ola bil\u0259r, sizin h\u0259l\u0259 d\u0259 milli komandan\u0131n bu iki oyunda hans\u0131 n\u0259tic\u0259l\u0259r\u0259 imza atd\u0131\u011f\u0131ndan x\u0259b\u0259riniz yoxdur. Baxmay\u0131n, bir ne\u00e7\u0259 v\u0259zif\u0259niz var, futbol n\u0259m\u0259n\u0259 \u015feydir ki, daim izl\u0259yib, t\u0259qib ed\u0259siz. H\u0259&#8230; Sizin milli komandan\u0131z ke\u00e7irdiyi h\u0259r iki oyunda m\u0259\u011flub olub: Avstriyaya 1:4, \u0130sve\u00e7\u0259 0:5 (l\u00fctf\u0259n, \u0130sve\u00e7i \u0130sve\u00e7r\u0259 il\u0259 qar\u0131\u015fd\u0131rmay\u0131n, f\u0259rqli \u00f6lk\u0259l\u0259rdir). Siz\u0259 komandan\u0131z\u0131n iki oyunda ne\u00e7\u0259 qol burax\u0131b, ne\u00e7\u0259sini vurdu\u011funu saymaqda da k\u00f6m\u0259k edim. Burax\u0131lan toplar\u0131n say\u0131: 4+5=9. Vurulan qollar\u0131n say\u0131: 1! Bu q\u0259d\u0259r.<\/p>\n\n\n\n<p>R\u00f6vn\u0259q m\u00fc\u0259llim, siz\u0259 yazm\u0131\u015fk\u0259n, f\u00fcrs\u0259td\u0259n istifad\u0259 edib, \u015f\u0259xsinizi t\u0259brik etm\u0259k ist\u0259yir\u0259m. Niy\u0259?<\/p>\n\n\n\n<p>Milli komandan\u0131n ba\u015f m\u0259\u015fq\u00e7i postuna \u00e7ox do\u011fru se\u00e7im etmisiz. Y\u0259qin yad\u0131n\u0131zda olar millinin ba\u015f m\u0259\u015fq\u00e7isi kimdir, ax\u0131 \u015f\u0259kill\u0259riniz d\u0259 var birlikd\u0259, Canni De Byazini deyir\u0259m. \u00dc\u00e7 il\u0259 yax\u0131n \u0259rzind\u0259 italiyal\u0131 birinin t\u0259f\u0259kk\u00fcr\u00fcn\u00fc, futbola, d\u00fcnyaya bax\u0131\u015flar\u0131n\u0131 d\u0259yi\u015fdirm\u0259k, onu az\u0259rbaycanl\u0131ya \u00e7evirm\u0259k inan\u0131lmaz d\u0259r\u0259c\u0259d\u0259 u\u011furlu i\u015fdir. T\u0259brik edir\u0259m sizi, R\u00f6vn\u0259q m\u00fc\u0259llim!<\/p>\n\n\n\n<p>Sizin bu Canni De Byazi \u0130sve\u00e7\u0259 0:5 hesabl\u0131 m\u0259\u011flubiyy\u0259td\u0259n sonra bilirsiz n\u0259 deyib? Deyib ki, \u201c\u0259la oyun g\u00f6st\u0259rdik\u201d. El\u0259 bel\u0259 d\u0259 deyib. Bunu ancaq son ill\u0259rini az\u0259rbaycanl\u0131larla oturub-durmaqla ke\u00e7ir\u0259n, Az\u0259rbaycan futbolunun idar\u0259etm\u0259 sistemind\u0259ki \u015f\u0259xsl\u0259rd\u0259n \u00e7ox \u015fey \u00f6yr\u0259n\u0259n biri dey\u0259 bil\u0259rdi. R\u00f6vn\u0259q m\u00fc\u0259llim, el\u0259 bu d\u0259qiq\u0259 De Byaziy\u0259 z\u0259ng ed\u0259r\u0259k, onu ab\u0131r v\u0259 h\u0259ya adl\u0131 zadlar\u0131 bu q\u0259d\u0259r q\u0131sa m\u00fcdd\u0259td\u0259 itir\u0259r\u0259k, tamamil\u0259 az\u0259rbaycanl\u0131la\u015fmas\u0131 m\u00fcnasib\u0259ti il\u0259 t\u0259brik ed\u0259 bil\u0259rsiz. H\u0259qiq\u0259t\u0259n, \u015f\u0259xs\u0259n sizin t\u0259brikinizi haqq edib.<\/p>\n\n\n\n<p>R\u00f6vn\u0259q m\u00fc\u0259llim, 2008-ci ild\u0259n Az\u0259rbaycan futboluna r\u0259hb\u0259rlik edirsiz. B\u0259lk\u0259 d\u0259, he\u00e7 x\u0259b\u0259riniz yoxdur, dediyim kimi, daha vacib, daha ciddi i\u015fl\u0259riniz var, amma m\u00fctl\u0259q qeyd etm\u0259liy\u0259m ki, 15 il \u0259rzind\u0259 Az\u0259rbaycan futbolunun ba\u015f\u0131na \u00e7ox da\u015f salm\u0131s\u0131z. R\u00f6vn\u0259q m\u00fc\u0259llim, Az\u0259rbaycan futbolunun n\u0259slini&#8230; a\u011flatm\u0131s\u0131z. Siz v\u0259 sizin futboldak\u0131 \u00e7evr\u0259niz. U\u015faq futbolu z\u0259lil g\u00fcnd\u0259, t\u00fcrkiy\u0259lil\u0259rin idar\u0259 etdiyi \u201cQaraba\u011f\u201d istisna olmaqla, klub futbolu yar\u0131mcan halda, milli komandalar \u00f6lk\u0259nin \u015f\u0259r\u0259fini qorumaq \u0259v\u0259zin\u0259, \u015f\u0259r\u0259fiyl\u0259 top-top oynay\u0131r. Bunlar\u0131 bilirsizmi, R\u00f6vn\u0259q m\u00fc\u0259llim? Yoxsa ancaq arada vaxt tapan kimi maliyy\u0259l\u0259\u015fdirdiyiniz \u201cCBC Sport\u201da bax\u0131rs\u0131z?<\/p>\n\n\n\n<p>M\u0259nc\u0259, siz \u00e7ox \u015feyi bilmirsiz, R\u00f6vn\u0259q m\u00fc\u0259llim. M\u0259s\u0259l\u0259n, bilmirsiz ki, milli komanda h\u0259r d\u0259f\u0259 uduzanda azarke\u015fl\u0259r, h\u0259tta jurnalistl\u0259r d\u0259 AFFA r\u0259hb\u0259rliyini, dolay\u0131s\u0131 il\u0259 sizi s\u00f6y\u00fcrl\u0259r. \u018fmin\u0259m ki, siz \u00f6z\u00fcn\u00fcz Az\u0259rbaycan futbolunun var-yoxunu&#8230; a\u011flatd\u0131\u011f\u0131n\u0131z\u0131 bilmirsiz. Bil\u0259n kimi istefa \u0259riz\u0259sini yaz\u0131b, AFFA-n\u0131n prezidenti postundan ged\u0259rsiz. M\u0259n buna \u00e7ox inan\u0131ram.<\/p>\n","protected":false},"excerpt":{"rendered":"<p>R\u0259\u015fad Erg\u00fcn H\u00f6rm\u0259tli AFFA prezidenti R\u00f6vn\u0259q Abdullayev! Yaz\u0131b siz\u0259 bildirm\u0259k &#8230; <\/p>\n<p class=\"read-more-container\"><a title=\"Siz \u00e7ox \u015feyi bilmirsiz, R\u00f6vn\u0259q m\u00fc\u0259llim\u2026\" class=\"read-more button\" href=\"https:\/\/www.meydan.tv\/az\/article\/siz-cox-seyi-bilmirsiz-rovneq-muellim\/#more-271515\" aria-label=\"Read more about Siz \u00e7ox \u015feyi bilmirsiz, R\u00f6vn\u0259q m\u00fc\u0259llim\u2026\">Davam\u0131<\/a><\/p>\n","protected":false},"author":8,"featured_media":267216,"comment_status":"closed","ping_status":"closed","sticky":false,"template":"","format":"standard","meta":{"_acf_changed":false,"_sitemap_exclude":false,"_sitemap_priority":"","_sitemap_frequency":"","footnotes":""},"categories":[57],"tags":[],"class_list":["post-271515","post","type-post","status-publish","format-standard","has-post-thumbnail","hentry","category-menim-fikrimce","infinite-scroll-item","generate-columns","tablet-grid-50","mobile-grid-100","grid-parent","grid-33","no-featured-image-padding"],"acf":[],"yoast_head":"<!-- This site is optimized with the Yoast SEO plugin v27.4 - https:\/\/yoast.com\/product\/yoast-seo-wordpress\/ -->\n<title>Siz \u00e7ox \u015feyi bilmirsiz, R\u00f6vn\u0259q m\u00fc\u0259llim\u2026 - MEYDAN.TV<\/title>\n<meta name=\"robots\" content=\"index, follow, max-snippet:-1, max-image-preview:large, max-video-preview:-1\" \/>\n<link rel=\"canonical\" href=\"https:\/\/www.meydan.tv\/az\/article\/siz-cox-seyi-bilmirsiz-rovneq-muellim\/\" \/>\n<meta property=\"og:locale\" content=\"az_AZ\" \/>\n<meta property=\"og:type\" content=\"article\" \/>\n<meta property=\"og:title\" content=\"Siz \u00e7ox \u015feyi bilmirsiz, R\u00f6vn\u0259q m\u00fc\u0259llim\u2026 - MEYDAN.TV\" \/>\n<meta property=\"og:description\" content=\"R\u0259\u015fad Erg\u00fcn H\u00f6rm\u0259tli AFFA prezidenti R\u00f6vn\u0259q Abdullayev! Yaz\u0131b siz\u0259 bildirm\u0259k ... Davam\u0131\" \/>\n<meta property=\"og:url\" content=\"https:\/\/www.meydan.tv\/az\/article\/siz-cox-seyi-bilmirsiz-rovneq-muellim\/\" \/>\n<meta property=\"og:site_name\" content=\"MEYDAN.TV\" \/>\n<meta property=\"article:published_time\" content=\"2023-03-28T11:28:44+00:00\" \/>\n<meta property=\"article:modified_time\" content=\"2023-03-28T11:28:47+00:00\" \/>\n<meta property=\"og:image\" content=\"https:\/\/www.meydan.tv\/wp-content\/uploads\/rovnag-e1680002915387.jpeg\" \/>\n\t<meta property=\"og:image:width\" content=\"1739\" \/>\n\t<meta property=\"og:image:height\" content=\"843\" \/>\n\t<meta property=\"og:image:type\" content=\"image\/jpeg\" \/>\n<meta name=\"author\" content=\"elli\" \/>\n<meta name=\"twitter:card\" content=\"summary_large_image\" \/>\n<meta name=\"twitter:creator\" content=\"@elli\" \/>\n<script type=\"application\/ld+json\" class=\"yoast-schema-graph\">{\"@context\":\"https:\\\/\\\/schema.org\",\"@graph\":[{\"@type\":\"Article\",\"@id\":\"https:\\\/\\\/www.meydan.tv\\\/az\\\/article\\\/siz-cox-seyi-bilmirsiz-rovneq-muellim\\\/#article\",\"isPartOf\":{\"@id\":\"https:\\\/\\\/www.meydan.tv\\\/az\\\/article\\\/siz-cox-seyi-bilmirsiz-rovneq-muellim\\\/\"},\"author\":{\"name\":\"elli\",\"@id\":\"https:\\\/\\\/www.meydan.tv\\\/az\\\/#\\\/schema\\\/person\\\/9cdbecf90d17180ce1dfbd95b08dcf47\"},\"headline\":\"Siz \u00e7ox \u015feyi bilmirsiz, R\u00f6vn\u0259q m\u00fc\u0259llim\u2026\",\"datePublished\":\"2023-03-28T11:28:44+00:00\",\"dateModified\":\"2023-03-28T11:28:47+00:00\",\"mainEntityOfPage\":{\"@id\":\"https:\\\/\\\/www.meydan.tv\\\/az\\\/article\\\/siz-cox-seyi-bilmirsiz-rovneq-muellim\\\/\"},\"wordCount\":602,\"publisher\":{\"@id\":\"https:\\\/\\\/www.meydan.tv\\\/az\\\/#organization\"},\"image\":{\"@id\":\"https:\\\/\\\/www.meydan.tv\\\/az\\\/article\\\/siz-cox-seyi-bilmirsiz-rovneq-muellim\\\/#primaryimage\"},\"thumbnailUrl\":\"https:\\\/\\\/www.meydan.tv\\\/wp-content\\\/uploads\\\/rovnag-e1680002915387.jpeg\",\"articleSection\":[\"M\u0259nim Fikrimc\u0259\"],\"inLanguage\":\"az\"},{\"@type\":\"WebPage\",\"@id\":\"https:\\\/\\\/www.meydan.tv\\\/az\\\/article\\\/siz-cox-seyi-bilmirsiz-rovneq-muellim\\\/\",\"url\":\"https:\\\/\\\/www.meydan.tv\\\/az\\\/article\\\/siz-cox-seyi-bilmirsiz-rovneq-muellim\\\/\",\"name\":\"Siz \u00e7ox \u015feyi bilmirsiz, R\u00f6vn\u0259q m\u00fc\u0259llim\u2026 - MEYDAN.TV\",\"isPartOf\":{\"@id\":\"https:\\\/\\\/www.meydan.tv\\\/az\\\/#website\"},\"primaryImageOfPage\":{\"@id\":\"https:\\\/\\\/www.meydan.tv\\\/az\\\/article\\\/siz-cox-seyi-bilmirsiz-rovneq-muellim\\\/#primaryimage\"},\"image\":{\"@id\":\"https:\\\/\\\/www.meydan.tv\\\/az\\\/article\\\/siz-cox-seyi-bilmirsiz-rovneq-muellim\\\/#primaryimage\"},\"thumbnailUrl\":\"https:\\\/\\\/www.meydan.tv\\\/wp-content\\\/uploads\\\/rovnag-e1680002915387.jpeg\",\"datePublished\":\"2023-03-28T11:28:44+00:00\",\"dateModified\":\"2023-03-28T11:28:47+00:00\",\"breadcrumb\":{\"@id\":\"https:\\\/\\\/www.meydan.tv\\\/az\\\/article\\\/siz-cox-seyi-bilmirsiz-rovneq-muellim\\\/#breadcrumb\"},\"inLanguage\":\"az\",\"potentialAction\":[{\"@type\":\"ReadAction\",\"target\":[\"https:\\\/\\\/www.meydan.tv\\\/az\\\/article\\\/siz-cox-seyi-bilmirsiz-rovneq-muellim\\\/\"]}]},{\"@type\":\"ImageObject\",\"inLanguage\":\"az\",\"@id\":\"https:\\\/\\\/www.meydan.tv\\\/az\\\/article\\\/siz-cox-seyi-bilmirsiz-rovneq-muellim\\\/#primaryimage\",\"url\":\"https:\\\/\\\/www.meydan.tv\\\/wp-content\\\/uploads\\\/rovnag-e1680002915387.jpeg\",\"contentUrl\":\"https:\\\/\\\/www.meydan.tv\\\/wp-content\\\/uploads\\\/rovnag-e1680002915387.jpeg\",\"width\":1739,\"height\":843,\"caption\":\"R\u00f6vn\u0259q Abdullayev. Foto: Arxiv\"},{\"@type\":\"BreadcrumbList\",\"@id\":\"https:\\\/\\\/www.meydan.tv\\\/az\\\/article\\\/siz-cox-seyi-bilmirsiz-rovneq-muellim\\\/#breadcrumb\",\"itemListElement\":[{\"@type\":\"ListItem\",\"position\":1,\"name\":\"Ana s\u0259hif\u0259\",\"item\":\"https:\\\/\\\/www.meydan.tv\\\/az\\\/\"},{\"@type\":\"ListItem\",\"position\":2,\"name\":\"M\u0259nim Fikrimc\u0259\",\"item\":\"https:\\\/\\\/www.meydan.tv\\\/az\\\/section\\\/menim-fikrimce\\\/\"},{\"@type\":\"ListItem\",\"position\":3,\"name\":\"Siz \u00e7ox \u015feyi bilmirsiz, R\u00f6vn\u0259q m\u00fc\u0259llim\u2026\"}]},{\"@type\":\"WebSite\",\"@id\":\"https:\\\/\\\/www.meydan.tv\\\/az\\\/#website\",\"url\":\"https:\\\/\\\/www.meydan.tv\\\/az\\\/\",\"name\":\"MEYDAN.TV\",\"description\":\"Meydan TV Az\u0259rbaycan\u0131n media m\u0259kan\u0131ndak\u0131 alternativ s\u0259sidir\",\"publisher\":{\"@id\":\"https:\\\/\\\/www.meydan.tv\\\/az\\\/#organization\"},\"potentialAction\":[{\"@type\":\"SearchAction\",\"target\":{\"@type\":\"EntryPoint\",\"urlTemplate\":\"https:\\\/\\\/www.meydan.tv\\\/az\\\/?s={search_term_string}\"},\"query-input\":{\"@type\":\"PropertyValueSpecification\",\"valueRequired\":true,\"valueName\":\"search_term_string\"}}],\"inLanguage\":\"az\"},{\"@type\":\"Organization\",\"@id\":\"https:\\\/\\\/www.meydan.tv\\\/az\\\/#organization\",\"name\":\"Meydan TV\",\"url\":\"https:\\\/\\\/www.meydan.tv\\\/az\\\/\",\"logo\":{\"@type\":\"ImageObject\",\"inLanguage\":\"az\",\"@id\":\"https:\\\/\\\/www.meydan.tv\\\/az\\\/#\\\/schema\\\/logo\\\/image\\\/\",\"url\":\"https:\\\/\\\/www.meydan.tv\\\/wp-content\\\/uploads\\\/2021\\\/07\\\/meydan-logo.svg\",\"contentUrl\":\"https:\\\/\\\/www.meydan.tv\\\/wp-content\\\/uploads\\\/2021\\\/07\\\/meydan-logo.svg\",\"width\":195,\"height\":46,\"caption\":\"Meydan TV\"},\"image\":{\"@id\":\"https:\\\/\\\/www.meydan.tv\\\/az\\\/#\\\/schema\\\/logo\\\/image\\\/\"}},{\"@type\":\"Person\",\"@id\":\"https:\\\/\\\/www.meydan.tv\\\/az\\\/#\\\/schema\\\/person\\\/9cdbecf90d17180ce1dfbd95b08dcf47\",\"name\":\"elli\",\"sameAs\":[\"https:\\\/\\\/x.com\\\/elli\"]}]}<\/script>\n<!-- \/ Yoast SEO plugin. -->","yoast_head_json":{"title":"Siz \u00e7ox \u015feyi bilmirsiz, R\u00f6vn\u0259q m\u00fc\u0259llim\u2026 - MEYDAN.TV","robots":{"index":"index","follow":"follow","max-snippet":"max-snippet:-1","max-image-preview":"max-image-preview:large","max-video-preview":"max-video-preview:-1"},"canonical":"https:\/\/www.meydan.tv\/az\/article\/siz-cox-seyi-bilmirsiz-rovneq-muellim\/","og_locale":"az_AZ","og_type":"article","og_title":"Siz \u00e7ox \u015feyi bilmirsiz, R\u00f6vn\u0259q m\u00fc\u0259llim\u2026 - MEYDAN.TV","og_description":"R\u0259\u015fad Erg\u00fcn H\u00f6rm\u0259tli AFFA prezidenti R\u00f6vn\u0259q Abdullayev! Yaz\u0131b siz\u0259 bildirm\u0259k ... Davam\u0131","og_url":"https:\/\/www.meydan.tv\/az\/article\/siz-cox-seyi-bilmirsiz-rovneq-muellim\/","og_site_name":"MEYDAN.TV","article_published_time":"2023-03-28T11:28:44+00:00","article_modified_time":"2023-03-28T11:28:47+00:00","og_image":[{"width":1739,"height":843,"url":"https:\/\/www.meydan.tv\/wp-content\/uploads\/rovnag-e1680002915387.jpeg","type":"image\/jpeg"}],"author":"elli","twitter_card":"summary_large_image","twitter_creator":"@elli","schema":{"@context":"https:\/\/schema.org","@graph":[{"@type":"Article","@id":"https:\/\/www.meydan.tv\/az\/article\/siz-cox-seyi-bilmirsiz-rovneq-muellim\/#article","isPartOf":{"@id":"https:\/\/www.meydan.tv\/az\/article\/siz-cox-seyi-bilmirsiz-rovneq-muellim\/"},"author":{"name":"elli","@id":"https:\/\/www.meydan.tv\/az\/#\/schema\/person\/9cdbecf90d17180ce1dfbd95b08dcf47"},"headline":"Siz \u00e7ox \u015feyi bilmirsiz, R\u00f6vn\u0259q m\u00fc\u0259llim\u2026","datePublished":"2023-03-28T11:28:44+00:00","dateModified":"2023-03-28T11:28:47+00:00","mainEntityOfPage":{"@id":"https:\/\/www.meydan.tv\/az\/article\/siz-cox-seyi-bilmirsiz-rovneq-muellim\/"},"wordCount":602,"publisher":{"@id":"https:\/\/www.meydan.tv\/az\/#organization"},"image":{"@id":"https:\/\/www.meydan.tv\/az\/article\/siz-cox-seyi-bilmirsiz-rovneq-muellim\/#primaryimage"},"thumbnailUrl":"https:\/\/www.meydan.tv\/wp-content\/uploads\/rovnag-e1680002915387.jpeg","articleSection":["M\u0259nim Fikrimc\u0259"],"inLanguage":"az"},{"@type":"WebPage","@id":"https:\/\/www.meydan.tv\/az\/article\/siz-cox-seyi-bilmirsiz-rovneq-muellim\/","url":"https:\/\/www.meydan.tv\/az\/article\/siz-cox-seyi-bilmirsiz-rovneq-muellim\/","name":"Siz \u00e7ox \u015feyi bilmirsiz, R\u00f6vn\u0259q m\u00fc\u0259llim\u2026 - MEYDAN.TV","isPartOf":{"@id":"https:\/\/www.meydan.tv\/az\/#website"},"primaryImageOfPage":{"@id":"https:\/\/www.meydan.tv\/az\/article\/siz-cox-seyi-bilmirsiz-rovneq-muellim\/#primaryimage"},"image":{"@id":"https:\/\/www.meydan.tv\/az\/article\/siz-cox-seyi-bilmirsiz-rovneq-muellim\/#primaryimage"},"thumbnailUrl":"https:\/\/www.meydan.tv\/wp-content\/uploads\/rovnag-e1680002915387.jpeg","datePublished":"2023-03-28T11:28:44+00:00","dateModified":"2023-03-28T11:28:47+00:00","breadcrumb":{"@id":"https:\/\/www.meydan.tv\/az\/article\/siz-cox-seyi-bilmirsiz-rovneq-muellim\/#breadcrumb"},"inLanguage":"az","potentialAction":[{"@type":"ReadAction","target":["https:\/\/www.meydan.tv\/az\/article\/siz-cox-seyi-bilmirsiz-rovneq-muellim\/"]}]},{"@type":"ImageObject","inLanguage":"az","@id":"https:\/\/www.meydan.tv\/az\/article\/siz-cox-seyi-bilmirsiz-rovneq-muellim\/#primaryimage","url":"https:\/\/www.meydan.tv\/wp-content\/uploads\/rovnag-e1680002915387.jpeg","contentUrl":"https:\/\/www.meydan.tv\/wp-content\/uploads\/rovnag-e1680002915387.jpeg","width":1739,"height":843,"caption":"R\u00f6vn\u0259q Abdullayev. Foto: Arxiv"},{"@type":"BreadcrumbList","@id":"https:\/\/www.meydan.tv\/az\/article\/siz-cox-seyi-bilmirsiz-rovneq-muellim\/#breadcrumb","itemListElement":[{"@type":"ListItem","position":1,"name":"Ana s\u0259hif\u0259","item":"https:\/\/www.meydan.tv\/az\/"},{"@type":"ListItem","position":2,"name":"M\u0259nim Fikrimc\u0259","item":"https:\/\/www.meydan.tv\/az\/section\/menim-fikrimce\/"},{"@type":"ListItem","position":3,"name":"Siz \u00e7ox \u015feyi bilmirsiz, R\u00f6vn\u0259q m\u00fc\u0259llim\u2026"}]},{"@type":"WebSite","@id":"https:\/\/www.meydan.tv\/az\/#website","url":"https:\/\/www.meydan.tv\/az\/","name":"MEYDAN.TV","description":"Meydan TV Az\u0259rbaycan\u0131n media m\u0259kan\u0131ndak\u0131 alternativ s\u0259sidir","publisher":{"@id":"https:\/\/www.meydan.tv\/az\/#organization"},"potentialAction":[{"@type":"SearchAction","target":{"@type":"EntryPoint","urlTemplate":"https:\/\/www.meydan.tv\/az\/?s={search_term_string}"},"query-input":{"@type":"PropertyValueSpecification","valueRequired":true,"valueName":"search_term_string"}}],"inLanguage":"az"},{"@type":"Organization","@id":"https:\/\/www.meydan.tv\/az\/#organization","name":"Meydan TV","url":"https:\/\/www.meydan.tv\/az\/","logo":{"@type":"ImageObject","inLanguage":"az","@id":"https:\/\/www.meydan.tv\/az\/#\/schema\/logo\/image\/","url":"https:\/\/www.meydan.tv\/wp-content\/uploads\/2021\/07\/meydan-logo.svg","contentUrl":"https:\/\/www.meydan.tv\/wp-content\/uploads\/2021\/07\/meydan-logo.svg","width":195,"height":46,"caption":"Meydan TV"},"image":{"@id":"https:\/\/www.meydan.tv\/az\/#\/schema\/logo\/image\/"}},{"@type":"Person","@id":"https:\/\/www.meydan.tv\/az\/#\/schema\/person\/9cdbecf90d17180ce1dfbd95b08dcf47","name":"elli","sameAs":["https:\/\/x.com\/elli"]}]}},"_links":{"self":[{"href":"https:\/\/www.meydan.tv\/az\/wp-json\/wp\/v2\/posts\/271515","targetHints":{"allow":["GET"]}}],"collection":[{"href":"https:\/\/www.meydan.tv\/az\/wp-json\/wp\/v2\/posts"}],"about":[{"href":"https:\/\/www.meydan.tv\/az\/wp-json\/wp\/v2\/types\/post"}],"author":[{"embeddable":true,"href":"https:\/\/www.meydan.tv\/az\/wp-json\/wp\/v2\/users\/8"}],"replies":[{"embeddable":true,"href":"https:\/\/www.meydan.tv\/az\/wp-json\/wp\/v2\/comments?post=271515"}],"version-history":[{"count":2,"href":"https:\/\/www.meydan.tv\/az\/wp-json\/wp\/v2\/posts\/271515\/revisions"}],"predecessor-version":[{"id":271517,"href":"https:\/\/www.meydan.tv\/az\/wp-json\/wp\/v2\/posts\/271515\/revisions\/271517"}],"wp:featuredmedia":[{"embeddable":true,"href":"https:\/\/www.meydan.tv\/az\/wp-json\/wp\/v2\/media\/267216"}],"wp:attachment":[{"href":"https:\/\/www.meydan.tv\/az\/wp-json\/wp\/v2\/media?parent=271515"}],"wp:term":[{"taxonomy":"category","embeddable":true,"href":"https:\/\/www.meydan.tv\/az\/wp-json\/wp\/v2\/categories?post=271515"},{"taxonomy":"post_tag","embeddable":true,"href":"https:\/\/www.meydan.tv\/az\/wp-json\/wp\/v2\/tags?post=271515"}],"curies":[{"name":"wp","href":"https:\/\/api.w.org\/{rel}","templated":true}]}}