{"id":271499,"date":"2023-03-28T15:17:30","date_gmt":"2023-03-28T11:17:30","guid":{"rendered":"https:\/\/www.meydan.tv\/?p=271499"},"modified":"2023-03-28T15:42:49","modified_gmt":"2023-03-28T11:42:49","slug":"azerbaycan-amnesty-internationalnin-hesabatinda","status":"publish","type":"post","link":"https:\/\/www.meydan.tv\/az\/article\/azerbaycan-amnesty-internationalnin-hesabatinda\/","title":{"rendered":"Az\u0259rbaycan \u201cAmnesty International\u201din hesabat\u0131nda"},"content":{"rendered":"\n<p><\/p>\n\n\n\n<p><strong><em>&#8220;Media, s\u0259rb\u0259st topla\u015fmaq, ifad\u0259 azadl\u0131qlar\u0131 m\u0259hdudla\u015fd\u0131r\u0131l\u0131b, dinc aksiyaya \u00e7\u0131xanlar d\u00f6y\u00fcl\u00fcb&#8230;&#8221;<\/em><\/strong><\/p>\n\n\n\n<p>\u00d6t\u0259n il Az\u0259rbaycanda yen\u0259 ifad\u0259, s\u0259rb\u0259st topla\u015fma v\u0259 birl\u0259\u015fm\u0259 azadl\u0131qlar\u0131 s\u0259rt m\u0259hdudla\u015fd\u0131r\u0131l\u0131b.<\/p>\n\n\n\n<p>&#8220;Hakimiyy\u0259t v\u0259t\u0259nda\u015f c\u0259miyy\u0259ti f\u0259allar\u0131n\u0131n qanunsuz h\u0259bsl\u0259rini, siyasi motivli m\u00fchakim\u0259l\u0259rini h\u0259yata ke\u00e7irib, dinc etirazlar\u0131 da\u011f\u0131d\u0131b v\u0259 m\u00fcst\u0259qil t\u0259\u015fkilatlar\u0131n v\u0259 media qurumlar\u0131n\u0131n i\u015fin\u0259 \u0259ng\u0259ll\u0259r yarad\u0131b.<\/p>\n\n\n\n<p>Qad\u0131nlar\u0131n ayr\u0131-se\u00e7kilikl\u0259 \u00fczl\u0259\u015fm\u0259si davam edib. Da\u011fl\u0131q Qaraba\u011f m\u00fcnaqi\u015f\u0259sind\u0259 t\u00f6r\u0259dil\u0259n m\u00fcharib\u0259 cinay\u0259tl\u0259rinin istintaq\u0131nda ciddi ir\u0259lil\u0259yi\u015f olmay\u0131b&#8221;.<\/p>\n\n\n\n<p><strong>&#8220;Az\u0259rbaycan\u0131n enerji t\u0259chizat\u0131nda v\u0259 tranzitind\u0259 rolu art\u0131b&#8221;<\/strong><\/p>\n\n\n\n<p>Bu fikirl\u0259r \u201cAmnesty International\u201d insan h\u00fcquqlar\u0131 t\u0259\u015fkilat\u0131n\u0131n yayd\u0131\u011f\u0131 illik <a href=\"https:\/\/www.amnesty.org\/en\/documents\/pol10\/5670\/2023\/en\/\" target=\"_blank\" rel=\"noreferrer noopener\">hesabat<\/a>da yer al\u0131b.<\/p>\n\n\n\n<p>Bildirilir ki, Az\u0259rbaycanda beyn\u0259lxalq humanitar h\u00fcquq pozuntular\u0131 olsa da, \u00f6lk\u0259nin enerji t\u0259chizat\u0131nda v\u0259 tranzitind\u0259 rolu art\u0131b.<\/p>\n\n\n\n<p>\u201c<em>Ukraynaya tammiqyasl\u0131 m\u00fcdaxil\u0259d\u0259n sonra v\u0259 bunun ard\u0131nca qoyulan Q\u0259rb sanksiyalar\u0131 n\u0259tic\u0259sind\u0259 Rusiyan\u0131n regiondak\u0131 t\u0259siri azal\u0131b. Bundan sonra Az\u0259rbaycan daha \u00f6z\u00fcn\u0259inaml\u0131 iqtisadi v\u0259 h\u0259rbi siyas\u0259t y\u00fcr\u00fctm\u0259y\u0259 ba\u015flay\u0131b. Lakin Az\u0259rbaycan-Erm\u0259nistan s\u0259rh\u0259di boyunca t\u0259hl\u00fck\u0259sizlik v\u0259ziyy\u0259ti k\u00f6vr\u0259k olaraq qal\u0131b<\/em>\u201d.<\/p>\n\n\n<div class=\"wp-block-image\">\n<figure class=\"aligncenter size-full\"><img decoding=\"async\" width=\"1200\" height=\"492\" data-src=\"https:\/\/www.meydan.tv\/wp-content\/uploads\/img_0156-400x242-1-e1664004433552-1.jpg\" alt=\"\" class=\"wp-image-270042 lazyload\" src=\"data:image\/svg+xml;base64,PHN2ZyB3aWR0aD0iMSIgaGVpZ2h0PSIxIiB4bWxucz0iaHR0cDovL3d3dy53My5vcmcvMjAwMC9zdmciPjwvc3ZnPg==\" style=\"--smush-placeholder-width: 1200px; --smush-placeholder-aspect-ratio: 1200\/492;\" \/><figcaption class=\"wp-element-caption\">At\u0259\u015fk\u0259sin pozulmas\u0131. Foto: Meydan TV\n<\/figcaption><\/figure>\n<\/div>\n\n\n<p>T\u0259\u015fkilat qeyd edir ki, sentyabr\u0131n 12-si v\u0259 14-\u00fc aras\u0131nda ba\u015f vermi\u015f g\u0259rginlik zaman\u0131 Erm\u0259nistan \u0259razisind\u0259ki S\u00fcnik, Ge\u011farkunik v\u0259 Vayots Dzor m\u0259rzl\u0259rinin Az\u0259rbaycan t\u0259r\u0259find\u0259n at\u0259\u015f\u0259 tutulmas\u0131 n\u0259tic\u0259sind\u0259 iki dinc sakin \u00f6ld\u00fcr\u00fcl\u00fcb.<\/p>\n\n\n\n<p><strong>&#8220;La\u00e7\u0131n d\u0259hlizi bloklan\u0131b&#8221;<\/strong><\/p>\n\n\n\n<p>Oktyabrda Az\u0259rbaycan v\u0259 Erm\u0259nistan Avropa \u0130ttifaq\u0131n\u0131n s\u0259rh\u0259d boyu q\u0131sam\u00fcdd\u0259tli monitorinq missiyas\u0131na raz\u0131l\u0131q verib:<\/p>\n\n\n\n<p><em>\u201cLakin dekabr\u0131n 12-d\u0259n Da\u011fl\u0131q Qaraba\u011f\u0131n Erm\u0259nistanla \u0259laq\u0259sini t\u0259min ed\u0259n yegan\u0259 yol &#8211; La\u00e7\u0131n d\u0259hlizi bloklan\u0131b. Burada etiraz ed\u0259n az\u0259rbaycanl\u0131lar m\u0259d\u0259nl\u0259rin qanunsuz istismar edilm\u0259sin\u0259 qar\u015f\u0131 olduqlar\u0131n\u0131 bildiribl\u0259r. N\u0259tic\u0259d\u0259 Rusiya s\u00fclhm\u0259raml\u0131lar\u0131 g\u0259rginliyin artmas\u0131n\u0131n qar\u015f\u0131s\u0131n\u0131 almaq \u00fc\u00e7\u00fcn yolda barrikada qurub. Da\u011fl\u0131q Qaraba\u011f\u0131n etnik erm\u0259ni sakinl\u0259rinin z\u0259ruri mal v\u0259 xidm\u0259tl\u0259rl\u0259 t\u0259minat\u0131 pozulub v\u0259 y\u00fczl\u0259rl\u0259 insan m\u0259cbur\u0259n h\u0259r\u0259k\u0259t imkan\u0131ndan m\u0259hrum olub\u201d<\/em>.<\/p>\n\n\n<div class=\"wp-block-image\">\n<figure class=\"aligncenter size-full\"><img decoding=\"async\" width=\"1069\" height=\"601\" data-src=\"https:\/\/www.meydan.tv\/wp-content\/uploads\/screenshot_1-16.png\" alt=\"\" class=\"wp-image-263928 lazyload\" src=\"data:image\/svg+xml;base64,PHN2ZyB3aWR0aD0iMSIgaGVpZ2h0PSIxIiB4bWxucz0iaHR0cDovL3d3dy53My5vcmcvMjAwMC9zdmciPjwvc3ZnPg==\" style=\"--smush-placeholder-width: 1069px; --smush-placeholder-aspect-ratio: 1069\/601;\" \/><figcaption class=\"wp-element-caption\">\u015eu\u015fa-Xank\u0259ndi yolu. Foto: Meydan TV<\/figcaption><\/figure>\n<\/div>\n\n\n<p>Az\u0259rbaycan h\u00f6kum\u0259ti is\u0259 daim a\u00e7\u0131qlamalar\u0131nda humanitar v\u0259 \u0259rzaq y\u00fckl\u0259rinin b\u00f6lg\u0259y\u0259 ke\u00e7irilm\u0259sin\u0259 mane olmad\u0131\u011f\u0131n\u0131 bildirib.<\/p>\n\n\n\n<p><strong>&#8220;M\u00fcharib\u0259 cinay\u0259tl\u0259rinin istintaq\u0131nda ir\u0259lil\u0259yi\u015f yoxdur&#8221;<\/strong><\/p>\n\n\n\n<p>\u201cAmnesty International\u201d qeyd edir ki, beyn\u0259lxalq humanitar qanun pozuntular\u0131 il\u0259 ba\u011fl\u0131 Ba\u015f Prokurorluq oktyabr\u0131n 2-d\u0259 m\u0259lumat yay\u0131b.<\/p>\n\n\n\n<p>Bildirib ki, bundan az \u0259vv\u0259l yay\u0131lan v\u0259 Az\u0259rbaycan ordusunun h\u0259rbi geyimind\u0259 olan bir qrup \u015f\u0259xsin \u0259n az\u0131 6 erm\u0259ni \u0259sg\u0259rini bir yer\u0259 y\u0131\u011f\u0131b g\u00fcll\u0259l\u0259diyini g\u00f6st\u0259r\u0259n bir video bar\u0259d\u0259 istintaqa ba\u015flay\u0131b:<\/p>\n\n\n<div class=\"wp-block-image\">\n<figure class=\"aligncenter size-large\"><img decoding=\"async\" width=\"1200\" height=\"668\" data-src=\"https:\/\/www.meydan.tv\/wp-content\/uploads\/screenshot-at-aug-10-14-51-49-1200x668.png\" alt=\"\" class=\"wp-image-252941 lazyload\" src=\"data:image\/svg+xml;base64,PHN2ZyB3aWR0aD0iMSIgaGVpZ2h0PSIxIiB4bWxucz0iaHR0cDovL3d3dy53My5vcmcvMjAwMC9zdmciPjwvc3ZnPg==\" style=\"--smush-placeholder-width: 1200px; --smush-placeholder-aspect-ratio: 1200\/668;\" \/><figcaption class=\"wp-element-caption\">Ba\u015f Prokurorluq. Foto: Meydan TV<\/figcaption><\/figure>\n<\/div>\n\n\n<p>&#8220;<em>\u0130stintaq m\u0259sul \u015f\u0259xsl\u0259rin kimliyinin m\u00fc\u0259yy\u0259n edilm\u0259sind\u0259 he\u00e7 bir ir\u0259lil\u0259yi\u015f bar\u0259d\u0259 m\u0259lumat verilm\u0259d\u0259n ilin sonuna do\u011fru davam etm\u0259kd\u0259 idi. Bununla yana\u015f\u0131, 2020-ci il Az\u0259rbaycan-Erm\u0259nistan m\u00fcnaqi\u015f\u0259si vaxt\u0131 v\u0259 ondan d\u0259rhal sonrak\u0131 d\u00f6vrd\u0259 t\u00f6r\u0259dil\u0259n m\u00fcharib\u0259 cinay\u0259tl\u0259ri v\u0259 dig\u0259r pozuntular\u0131n ara\u015f\u0131d\u0131r\u0131lmas\u0131na dair v\u0259 ya m\u0259sul \u015f\u0259xsl\u0259rin kimliyinini a\u015fkar edilm\u0259si v\u0259 onlar\u0131n m\u0259suliyy\u0259t\u0259 c\u0259lb edilm\u0259si il\u0259 ba\u011fl\u0131 he\u00e7 bir ir\u0259lil\u0259yi\u015f olmay\u0131b. Beyn\u0259lxalq Q\u0131rm\u0131z\u0131 Xa\u00e7 Komit\u0259sinin avqustda b\u0259yan etdiyi m\u0259lumata \u0259sas\u0259n, Az\u0259rbaycan\u0131n \u0259razisind\u0259 itkin d\u00fc\u015f\u0259n 300-d\u0259n art\u0131q erm\u0259ninin taleyi bar\u0259d\u0259 m\u0259lumat h\u0259l\u0259 ki yoxdur\u201d<\/em>.<\/p>\n\n\n\n<p><strong>&#8220;Minalar\u0131n partlamas\u0131 n\u0259tic\u0259sind\u0259 45 n\u0259f\u0259r h\u0259lak olub, 221 n\u0259f\u0259r is\u0259 x\u0259sar\u0259t al\u0131b&#8221;<\/strong><\/p>\n\n\n\n<p>Hesabatda qeyd edilir ki, Az\u0259rbaycan\u0131n 2020-ci ild\u0259 geri qaytard\u0131\u011f\u0131 v\u0259 beyn\u0259lxalq birlik t\u0259r\u0259find\u0259n tan\u0131nan \u0259razil\u0259rind\u0259 Az\u0259rbaycan\u0131n erm\u0259ni q\u00fcvv\u0259l\u0259rinin yerl\u0259\u015fdirdiyini iddia etdiyi minalar insanlar\u0131n \u00f6l\u00fcm\u00fc v\u0259 yaralanmas\u0131na s\u0259b\u0259b olub:<\/p>\n\n\n<div class=\"wp-block-image\">\n<figure class=\"aligncenter size-full\"><img decoding=\"async\" width=\"1200\" height=\"800\" data-src=\"https:\/\/www.meydan.tv\/wp-content\/uploads\/1657803944_mina.jpg\" alt=\"\" class=\"wp-image-260082 lazyload\" src=\"data:image\/svg+xml;base64,PHN2ZyB3aWR0aD0iMSIgaGVpZ2h0PSIxIiB4bWxucz0iaHR0cDovL3d3dy53My5vcmcvMjAwMC9zdmciPjwvc3ZnPg==\" style=\"--smush-placeholder-width: 1200px; --smush-placeholder-aspect-ratio: 1200\/800;\" \/><figcaption class=\"wp-element-caption\">M\u0259nb\u0259: Trend.az<\/figcaption><\/figure>\n<\/div>\n\n\n<p>\u201c<em>Az\u0259rbaycan h\u00f6kum\u0259ti h\u0259m\u00e7inin Erm\u0259nistan\u0131n t\u0259min etdiyi mina x\u0259rit\u0259l\u0259rinin etibarl\u0131 olmad\u0131\u011f\u0131n\u0131 iddia etm\u0259kd\u0259 davam edib. Az\u0259rbaycan hakimiyy\u0259ti oktyabr ay\u0131nda bildirib ki, 2020-ci il m\u00fcnaqi\u015f\u0259sind\u0259n sonra minalar\u0131n partlamas\u0131 n\u0259tic\u0259sind\u0259 45 n\u0259f\u0259r h\u0259lak olub, 221 n\u0259f\u0259r is\u0259 x\u0259sar\u0259t al\u0131b<\/em>\u201d.<\/p>\n\n\n\n<p><strong>&#8220;Az\u0259rbaycan bar\u0259d\u0259 xaricd\u0259n x\u0259b\u0259r ver\u0259n media qurumlar\u0131 h\u0259d\u0259f\u0259 al\u0131n\u0131b&#8221;<\/strong><\/p>\n\n\n\n<p>T\u0259\u015fkilat qeyd edir ki, Az\u0259rbaycan ifad\u0259 azadl\u0131\u011f\u0131 media, f\u0259rqli m\u00f6vqe d\u0259rc ed\u0259n internet saytlar\u0131n\u0131n bloklanmas\u0131, t\u0259nqid\u00e7i sosial media istifad\u0259\u00e7il\u0259rinin \u0259sass\u0131z c\u0259zaland\u0131r\u0131lmas\u0131 v\u0259 m\u00fchakim\u0259si il\u0259 d\u0259 yadda qal\u0131b.<\/p>\n\n\n<div class=\"wp-block-image\">\n<figure class=\"aligncenter size-full\"><img decoding=\"async\" width=\"720\" height=\"720\" data-src=\"https:\/\/www.meydan.tv\/wp-content\/uploads\/34304.width-1024.png\" alt=\"bloklanma\" class=\"wp-image-136391 lazyload\" src=\"data:image\/svg+xml;base64,PHN2ZyB3aWR0aD0iMSIgaGVpZ2h0PSIxIiB4bWxucz0iaHR0cDovL3d3dy53My5vcmcvMjAwMC9zdmciPjwvc3ZnPg==\" style=\"--smush-placeholder-width: 720px; --smush-placeholder-aspect-ratio: 720\/720;\" \/><figcaption class=\"wp-element-caption\">Foto: Meydan TV<\/figcaption><\/figure>\n<\/div>\n\n\n<p>\u00d6lk\u0259d\u0259ki m\u00fcst\u0259qil median\u0131n \u0259ks\u0259riyy\u0259tini \u0259sasl\u0131 \u015f\u0259kild\u0259 susdurduqdan sonra hakimiyy\u0259t Az\u0259rbaycan bar\u0259d\u0259 xaricd\u0259n x\u0259b\u0259r ver\u0259n qurumlar\u0131 h\u0259d\u0259fl\u0259yib.<\/p>\n\n\n\n<p>Fevral\u0131n 8-d\u0259 Az\u0259rbaycan auditoriyas\u0131na xidm\u0259t ed\u0259n media qurumlar\u0131n\u0131n sahibl\u0259rinin \u00f6lk\u0259d\u0259 daimi ya\u015famas\u0131n\u0131 t\u0259l\u0259b ed\u0259n, bununla da onlar\u0131n senzura v\u0259 t\u0259qib qar\u015f\u0131s\u0131nda m\u00fcdafi\u0259sizliyini art\u0131ran yeni media qanunu prezident t\u0259r\u0259find\u0259n imzalanaraq q\u00fcvv\u0259y\u0259 minib.<\/p>\n\n\n\n<p><strong>&#8220;Media \u00fcz\u0259rind\u0259 d\u00f6vl\u0259tin n\u0259zar\u0259ti art\u0131b&#8221;<\/strong><\/p>\n\n\n\n<p>Yeni qanun b\u00fct\u00fcn jurnalistl\u0259rd\u0259n r\u0259smi qeydiyyatdan ke\u00e7m\u0259l\u0259rini v\u0259 m\u0259lumatlar\u0131 \u201cobyektiv\u201d olaraq \u00e7atd\u0131rma\u011f\u0131 t\u0259l\u0259b etm\u0259kl\u0259, lakin qanunun bu t\u0259l\u0259bini ayd\u0131n izah etm\u0259m\u0259kl\u0259, Az\u0259rbaycan medias\u0131 \u00fcz\u0259rind\u0259 d\u00f6vl\u0259tin n\u0259zar\u0259tini art\u0131r\u0131b:<\/p>\n\n\n<div class=\"wp-block-image\">\n<figure class=\"aligncenter size-full\"><img decoding=\"async\" width=\"1200\" height=\"675\" data-src=\"https:\/\/www.meydan.tv\/wp-content\/uploads\/jurnalizm.jpg\" alt=\"\" class=\"wp-image-270381 lazyload\" src=\"data:image\/svg+xml;base64,PHN2ZyB3aWR0aD0iMSIgaGVpZ2h0PSIxIiB4bWxucz0iaHR0cDovL3d3dy53My5vcmcvMjAwMC9zdmciPjwvc3ZnPg==\" style=\"--smush-placeholder-width: 1200px; --smush-placeholder-aspect-ratio: 1200\/675;\" \/><figcaption class=\"wp-element-caption\">Media. Foto: Meydan TV<\/figcaption><\/figure>\n<\/div>\n\n\n<p>\u201c<em>Hakimiyy\u0259t v\u0259t\u0259nda\u015f c\u0259miyy\u0259ti f\u0259allar\u0131 v\u0259 m\u00fcst\u0259qil median\u0131 \u0259sass\u0131z h\u0259bsl\u0259r v\u0259 dig\u0259r t\u0259cav\u00fczl\u0259rl\u0259 h\u0259d\u0259l\u0259m\u0259kd\u0259 davam edib. Sentyabr ay\u0131nda Az\u0259rbaycan\u0131n insan h\u00fcquqlar\u0131 t\u0259\u015fkilatlar\u0131 99 n\u0259f\u0259rin siyasi motivli ittihamlarla h\u0259bsd\u0259 olduqlar\u0131n\u0131 bildirib. Qad\u0131n jurnalistl\u0259rin xususil\u0259 h\u0259d\u0259fl\u0259ndiyi g\u00f6r\u00fcn\u00fcr. Fevral\u0131n 15-d\u0259 iki jurnalist &#8211; Fatim\u0259 M\u00f6vlaml\u0131 v\u0259 Sevinc Sad\u0131qova, h\u0259lak olan az\u0259rbaycanl\u0131 \u0259sg\u0259rl\u0259rin analar\u0131n\u0131n ke\u00e7irdikl\u0259ri aksiyadan reportaj ver\u0259rk\u0259n polis t\u0259r\u0259find\u0259n d\u00f6y\u00fcl\u00fcb, t\u0259hqir edilib v\u0259 saxlan\u0131l\u0131blar. Ayt\u0259n M\u0259mm\u0259dova may\u0131n 8-d\u0259 liftd\u0259 nam\u0259lum bir \u015f\u0259xs t\u0259r\u0259find\u0259n bi\u00e7aqla h\u00fccuma m\u0259ruz qalar\u0259k y\u00fcng\u00fcl x\u0259sar\u0259tl\u0259r al\u0131b. T\u0259cav\u00fczkar\u0131n h\u0259d\u0259l\u0259ri h\u00fccumun onun jurnalist f\u0259aliyy\u0259ti il\u0259 ba\u011fl\u0131 oldu\u011funu g\u00f6st\u0259rib<\/em>\u201d.<\/p>\n\n\n\n<p><strong>T\u0259nqid\u00e7il\u0259r h\u0259bs olunub, d\u00f6y\u00fcl\u00fcb<\/strong><\/p>\n\n\n\n<p>Hesabatda daha sonra bildirilir ki, ke\u00e7mi\u015f vicdan m\u0259hbusu v\u0259 tan\u0131nm\u0131\u015f f\u0259al B\u0259xtiyar Hac\u0131yev aprelin 23-d\u0259 ona daxili i\u015fl\u0259r nazirini t\u0259nqid etm\u0259m\u0259k x\u0259b\u0259rdarl\u0131\u011f\u0131 ed\u0259n maskal\u0131 \u015f\u0259xsl\u0259r t\u0259r\u0259find\u0259n qa\u00e7\u0131r\u0131l\u0131b v\u0259 d\u00f6y\u00fcl\u00fcb.<\/p>\n\n\n\n<p>Dekabr\u0131n 9-da \u015f\u0259xsi m\u00fcbahis\u0259nin ard\u0131nca Bak\u0131da bir m\u0259hk\u0259m\u0259 siyasi motivli xuliqanl\u0131q v\u0259 m\u0259hk\u0259m\u0259y\u0259 h\u00f6rm\u0259tsizlik ittihamlar\u0131 il\u0259 onun bar\u0259sind\u0259 50 sutka h\u0259bs q\u0259timkan t\u0259dbiri se\u00e7ib.<\/p>\n\n\n\n<p><em>\u201cAz\u0259rbaycan-Erm\u0259nistan m\u00fcnaqi\u015f\u0259si bar\u0259d\u0259 f\u0259rqli fikir n\u00fcmayi\u015f etdir\u0259n f\u0259allar v\u0259 \u015f\u0259xsl\u0259r, iddialara g\u00f6r\u0259, internetd\u0259 h\u00f6kum\u0259t\u0259 ba\u011fl\u0131 sosial media hesablar\u0131n\u0131n t\u0259\u015fkil etdiyi qarayaxma kampaniyas\u0131 t\u0259r\u0259find\u0259n h\u0259d\u0259fl\u0259nibl\u0259r. Sentyabr\u0131n 20-d\u0259 &#8220;Demokratiya 1918&#8221; H\u0259r\u0259kat\u0131n\u0131n s\u0259dri \u018fhm\u0259d M\u0259mm\u0259dli, Az\u0259rbaycanla Erm\u0259nistan aras\u0131nda toqqu\u015fmalardan sonra Prezident \u0130lham \u018fliyevi t\u0259nqid etdiyin\u0259 g\u00f6r\u0259 30 sutka m\u00fcdd\u0259tin\u0259 h\u0259bs olunub. Noyabrda H\u0259r\u0259kat\u0131n iki ba\u015fqa f\u0259al\u0131, guya polis\u0259 tabe olmad\u0131qlar\u0131na g\u00f6r\u0259 30 sutka m\u00fcdd\u0259tin\u0259 h\u0259bs olunublar<\/em>&#8220;, &#8211; dey\u0259 beyn\u0259lxalq t\u0259\u015fkilat qeyd edib.<\/p>\n\n\n<div class=\"wp-block-image\">\n<figure class=\"aligncenter size-full\"><img decoding=\"async\" width=\"1200\" height=\"675\" data-src=\"https:\/\/www.meydan.tv\/wp-content\/uploads\/untitled_artwork_1-2.jpg\" alt=\"\" class=\"wp-image-257656 lazyload\" src=\"data:image\/svg+xml;base64,PHN2ZyB3aWR0aD0iMSIgaGVpZ2h0PSIxIiB4bWxucz0iaHR0cDovL3d3dy53My5vcmcvMjAwMC9zdmciPjwvc3ZnPg==\" style=\"--smush-placeholder-width: 1200px; --smush-placeholder-aspect-ratio: 1200\/675;\" \/><figcaption class=\"wp-element-caption\">H\u0259bs.  Foto: Meydan TV<\/figcaption><\/figure>\n<\/div>\n\n\n<p>T\u0259\u015fkilat El\u00e7in Sad\u0131qovla \u018fv\u0259z Zeynall\u0131n\u0131n h\u0259bsin\u0259 d\u0259 toxunub:<\/p>\n\n\n\n<p>&#8220;<em>Sentyabr\u0131n 11-d\u0259 m\u00fcst\u0259qil x\u0259b\u0259r qurumu &#8220;Xural&#8221;\u0131n ba\u015f redaktoru \u018fv\u0259z Zeynall\u0131 r\u00fc\u015fv\u0259t almaq, m\u00fcxalif\u0259t fiqurlar\u0131n\u0131 t\u0259msil etm\u0259si il\u0259 tan\u0131nan v\u0259kil El\u00e7in Sad\u0131qov is\u0259 r\u00fc\u015fv\u0259t almaqda k\u00f6m\u0259klik g\u00f6st\u0259rm\u0259k kimi siyasi motivli ittihamlarla saxlan\u0131l\u0131blar. Sentyabr\u0131n 20-d\u0259 El\u00e7in Sad\u0131qov m\u0259hk\u0259m\u0259 t\u0259r\u0259find\u0259n ev dustaql\u0131\u011f\u0131na burax\u0131l\u0131b, \u018fv\u0259z Zeynall\u0131 is\u0259 h\u0259bs-q\u0259timkan t\u0259dbiril\u0259 h\u0259bsd\u0259dir<\/em>\u201d.<\/p>\n\n\n\n<p><strong>Almaniyadan deport edil\u0259nl\u0259r h\u0259bs edilib<\/strong><\/p>\n\n\n\n<p>Daha sonra bildirilir ki, Almaniyada s\u0131\u011f\u0131nacaq \u00fc\u00e7\u00fcn m\u00fcraci\u0259tl\u0259ri r\u0259dd edildikd\u0259n sonra Az\u0259rbaycana deportasiya olunan \u0259n az\u0131 alt\u0131 h\u00f6kum\u0259t t\u0259nqid\u00e7isi olan f\u0259al qondarma kimi g\u00f6r\u00fcn\u0259n narkotik ittihamlar\u0131 il\u0259 h\u0259bs edilib.<\/p>\n\n\n\n<p>\u201c<em>Birl\u0259\u015fm\u0259 v\u0259 topla\u015fmaq azadl\u0131qlar\u0131 h\u00fcququ m\u0259hdud olaraq qalmaqdad\u0131r. H\u0259m qanunda, h\u0259m d\u0259 praktikada olan h\u0259dsiz m\u0259hduddiy\u0259tl\u0259r insan h\u00fcquqlar\u0131 m\u00fcdafi\u0259\u00e7il\u0259ri v\u0259 QHT-l\u0259rin i\u015fin\u0259 mane\u0259 yaratmaqda davam edir<\/em>\u201d, &#8211; t\u0259\u015fkilat hesab edir.<\/p>\n\n\n<div class=\"wp-block-image\">\n<figure class=\"aligncenter size-full\"><img decoding=\"async\" width=\"1200\" height=\"687\" data-src=\"https:\/\/www.meydan.tv\/wp-content\/uploads\/shutterstock_2081860612-e1644998049541.jpg\" alt=\"\" class=\"wp-image-234708 lazyload\" src=\"data:image\/svg+xml;base64,PHN2ZyB3aWR0aD0iMSIgaGVpZ2h0PSIxIiB4bWxucz0iaHR0cDovL3d3dy53My5vcmcvMjAwMC9zdmciPjwvc3ZnPg==\" style=\"--smush-placeholder-width: 1200px; --smush-placeholder-aspect-ratio: 1200\/687;\" \/><figcaption class=\"wp-element-caption\">Almaniyadan deportasiya, M\u0259nb\u0259: dba87\/shutterstock<\/figcaption><\/figure>\n<\/div>\n\n\n<p>\u201cAmnesty International\u201d bildirir ki, Az\u0259rbaycanda hakimiyy\u0259t dinc topla\u015fma azadl\u0131\u011f\u0131 h\u00fcququnu \u0259dal\u0259tsizlikl\u0259 m\u0259hdudla\u015fd\u0131r\u0131r.<\/p>\n\n\n\n<p><strong>Aksiyalar da\u011f\u0131d\u0131l\u0131b<\/strong><\/p>\n\n\n\n<p>May v\u0259 noyabr aylar\u0131 aras\u0131nda, polis \u0259n az\u0131 \u00fc\u00e7 d\u0259f\u0259 Bak\u0131 \u015f\u0259h\u0259rind\u0259 h\u00f6kum\u0259t \u0259leyhin\u0259 dinc etiraz aksiyalar\u0131n\u0131 da\u011f\u0131d\u0131b. Dinc aksiya\u00e7\u0131lar d\u00f6y\u00fcl\u00fcb v\u0259 qanunsuz olaraq saxlan\u0131l\u0131blar:<\/p>\n\n\n\n<p>\u201c<em>Onlar\u0131n \u0259ks\u0259riyy\u0259ti r\u0259smi ittihamlarla \u00fczl\u0259\u015fm\u0259d\u0259n, q\u0131sa m\u00fcdd\u0259td\u0259n sonra s\u0259rb\u0259st burax\u0131l\u0131b<\/em>\u201d.<\/p>\n\n\n<div class=\"wp-block-image\">\n<figure class=\"aligncenter size-large\"><img decoding=\"async\" width=\"1200\" height=\"636\" data-src=\"https:\/\/www.meydan.tv\/wp-content\/uploads\/aksiya2222-e1639571898112-1200x636.jpg\" alt=\"\" class=\"wp-image-229329 lazyload\" src=\"data:image\/svg+xml;base64,PHN2ZyB3aWR0aD0iMSIgaGVpZ2h0PSIxIiB4bWxucz0iaHR0cDovL3d3dy53My5vcmcvMjAwMC9zdmciPjwvc3ZnPg==\" style=\"--smush-placeholder-width: 1200px; --smush-placeholder-aspect-ratio: 1200\/636;\" \/><figcaption class=\"wp-element-caption\">Foto: Meydan TV<\/figcaption><\/figure>\n<\/div>\n\n\n<p><strong>Qad\u0131nlara qar\u015f\u0131 ayr\u0131-se\u00e7kilik<\/strong><\/p>\n\n\n\n<p>Qad\u0131nlar\u0131n v\u0259 q\u0131zlar\u0131n h\u00fcquqlar\u0131 g\u0259linc\u0259, t\u0259\u015fkilat bildirir ki, iyulun 4-d\u0259 &#8220;Qad\u0131nlara qar\u015f\u0131 ayr\u0131-se\u00e7kiliyin b\u00fct\u00fcn formalar\u0131n\u0131n l\u0259\u011fv edilm\u0259si haqq\u0131nda&#8221; Konvensiya (CEDAW) Komit\u0259si m\u0259cburi k\u00f6\u00e7k\u00fcn edilmi\u015f qad\u0131n v\u0259 q\u0131zlar\u0131n t\u0259hsil, i\u015f, s\u0259hiyy\u0259 v\u0259 ya\u015fay\u0131\u015f yeril\u0259 t\u0259minata \u00e7at\u0131ml\u0131\u011f\u0131n\u0131n m\u0259hdudla\u015fd\u0131r\u0131lmas\u0131na dair narahatl\u0131\u011f\u0131n\u0131 ifad\u0259 edib.<\/p>\n\n\n\n<p>Komit\u0259 Az\u0259rbaycan\u0131 \u018fm\u0259k M\u0259c\u0259ll\u0259sind\u0259 qad\u0131nlar\u0131n 204 pe\u015f\u0259d\u0259 i\u015fl\u0259m\u0259sini qada\u011fan ed\u0259n m\u0259hdudiyy\u0259tl\u0259ri l\u0259\u011fv etm\u0259y\u0259 \u00e7a\u011f\u0131r\u0131b.<\/p>\n","protected":false},"excerpt":{"rendered":"<p>&#8220;Media, s\u0259rb\u0259st topla\u015fmaq, ifad\u0259 azadl\u0131qlar\u0131 m\u0259hdudla\u015fd\u0131r\u0131l\u0131b, dinc aksiyaya \u00e7\u0131xanlar d\u00f6y\u00fcl\u00fcb&#8230;&#8221; &#8230; <\/p>\n<p class=\"read-more-container\"><a title=\"Az\u0259rbaycan \u201cAmnesty International\u201din hesabat\u0131nda\" class=\"read-more button\" href=\"https:\/\/www.meydan.tv\/az\/article\/azerbaycan-amnesty-internationalnin-hesabatinda\/#more-271499\" aria-label=\"Read more about Az\u0259rbaycan \u201cAmnesty International\u201din hesabat\u0131nda\">Davam\u0131<\/a><\/p>\n","protected":false},"author":8,"featured_media":271503,"comment_status":"closed","ping_status":"closed","sticky":false,"template":"","format":"standard","meta":{"_acf_changed":false,"_sitemap_exclude":false,"_sitemap_priority":"","_sitemap_frequency":"","footnotes":""},"categories":[59,56],"tags":[],"class_list":["post-271499","post","type-post","status-publish","format-standard","has-post-thumbnail","hentry","category-siyaset","category-xeberler","infinite-scroll-item","generate-columns","tablet-grid-50","mobile-grid-100","grid-parent","grid-33","no-featured-image-padding"],"acf":[],"yoast_head":"<!-- This site is optimized with the Yoast SEO plugin v27.4 - https:\/\/yoast.com\/product\/yoast-seo-wordpress\/ -->\n<title>Az\u0259rbaycan \u201cAmnesty International\u201din hesabat\u0131nda - MEYDAN.TV<\/title>\n<meta name=\"robots\" content=\"index, follow, max-snippet:-1, max-image-preview:large, max-video-preview:-1\" \/>\n<link rel=\"canonical\" href=\"https:\/\/www.meydan.tv\/az\/article\/azerbaycan-amnesty-internationalnin-hesabatinda\/\" \/>\n<meta property=\"og:locale\" content=\"az_AZ\" \/>\n<meta property=\"og:type\" content=\"article\" \/>\n<meta property=\"og:title\" content=\"Az\u0259rbaycan \u201cAmnesty International\u201din hesabat\u0131nda - MEYDAN.TV\" \/>\n<meta property=\"og:description\" content=\"&#8220;Media, s\u0259rb\u0259st topla\u015fmaq, ifad\u0259 azadl\u0131qlar\u0131 m\u0259hdudla\u015fd\u0131r\u0131l\u0131b, dinc aksiyaya \u00e7\u0131xanlar d\u00f6y\u00fcl\u00fcb&#8230;&#8221; ... Davam\u0131\" \/>\n<meta property=\"og:url\" content=\"https:\/\/www.meydan.tv\/az\/article\/azerbaycan-amnesty-internationalnin-hesabatinda\/\" \/>\n<meta property=\"og:site_name\" content=\"MEYDAN.TV\" \/>\n<meta property=\"article:published_time\" content=\"2023-03-28T11:17:30+00:00\" \/>\n<meta property=\"article:modified_time\" content=\"2023-03-28T11:42:49+00:00\" \/>\n<meta property=\"og:image\" content=\"https:\/\/www.meydan.tv\/wp-content\/uploads\/shutterstock_1219934308.jpg\" \/>\n\t<meta property=\"og:image:width\" content=\"1200\" \/>\n\t<meta property=\"og:image:height\" content=\"579\" \/>\n\t<meta property=\"og:image:type\" content=\"image\/jpeg\" \/>\n<meta name=\"author\" content=\"elli\" \/>\n<meta name=\"twitter:card\" content=\"summary_large_image\" \/>\n<meta name=\"twitter:creator\" content=\"@elli\" \/>\n<script type=\"application\/ld+json\" class=\"yoast-schema-graph\">{\"@context\":\"https:\\\/\\\/schema.org\",\"@graph\":[{\"@type\":\"Article\",\"@id\":\"https:\\\/\\\/www.meydan.tv\\\/az\\\/article\\\/azerbaycan-amnesty-internationalnin-hesabatinda\\\/#article\",\"isPartOf\":{\"@id\":\"https:\\\/\\\/www.meydan.tv\\\/az\\\/article\\\/azerbaycan-amnesty-internationalnin-hesabatinda\\\/\"},\"author\":{\"name\":\"elli\",\"@id\":\"https:\\\/\\\/www.meydan.tv\\\/az\\\/#\\\/schema\\\/person\\\/9cdbecf90d17180ce1dfbd95b08dcf47\"},\"headline\":\"Az\u0259rbaycan \u201cAmnesty International\u201din hesabat\u0131nda\",\"datePublished\":\"2023-03-28T11:17:30+00:00\",\"dateModified\":\"2023-03-28T11:42:49+00:00\",\"mainEntityOfPage\":{\"@id\":\"https:\\\/\\\/www.meydan.tv\\\/az\\\/article\\\/azerbaycan-amnesty-internationalnin-hesabatinda\\\/\"},\"wordCount\":1894,\"publisher\":{\"@id\":\"https:\\\/\\\/www.meydan.tv\\\/az\\\/#organization\"},\"image\":{\"@id\":\"https:\\\/\\\/www.meydan.tv\\\/az\\\/article\\\/azerbaycan-amnesty-internationalnin-hesabatinda\\\/#primaryimage\"},\"thumbnailUrl\":\"https:\\\/\\\/www.meydan.tv\\\/wp-content\\\/uploads\\\/shutterstock_1219934308.jpg\",\"articleSection\":[\"Siyas\u0259t\",\"X\u0259b\u0259rl\u0259r\"],\"inLanguage\":\"az\"},{\"@type\":\"WebPage\",\"@id\":\"https:\\\/\\\/www.meydan.tv\\\/az\\\/article\\\/azerbaycan-amnesty-internationalnin-hesabatinda\\\/\",\"url\":\"https:\\\/\\\/www.meydan.tv\\\/az\\\/article\\\/azerbaycan-amnesty-internationalnin-hesabatinda\\\/\",\"name\":\"Az\u0259rbaycan \u201cAmnesty International\u201din hesabat\u0131nda - MEYDAN.TV\",\"isPartOf\":{\"@id\":\"https:\\\/\\\/www.meydan.tv\\\/az\\\/#website\"},\"primaryImageOfPage\":{\"@id\":\"https:\\\/\\\/www.meydan.tv\\\/az\\\/article\\\/azerbaycan-amnesty-internationalnin-hesabatinda\\\/#primaryimage\"},\"image\":{\"@id\":\"https:\\\/\\\/www.meydan.tv\\\/az\\\/article\\\/azerbaycan-amnesty-internationalnin-hesabatinda\\\/#primaryimage\"},\"thumbnailUrl\":\"https:\\\/\\\/www.meydan.tv\\\/wp-content\\\/uploads\\\/shutterstock_1219934308.jpg\",\"datePublished\":\"2023-03-28T11:17:30+00:00\",\"dateModified\":\"2023-03-28T11:42:49+00:00\",\"breadcrumb\":{\"@id\":\"https:\\\/\\\/www.meydan.tv\\\/az\\\/article\\\/azerbaycan-amnesty-internationalnin-hesabatinda\\\/#breadcrumb\"},\"inLanguage\":\"az\",\"potentialAction\":[{\"@type\":\"ReadAction\",\"target\":[\"https:\\\/\\\/www.meydan.tv\\\/az\\\/article\\\/azerbaycan-amnesty-internationalnin-hesabatinda\\\/\"]}]},{\"@type\":\"ImageObject\",\"inLanguage\":\"az\",\"@id\":\"https:\\\/\\\/www.meydan.tv\\\/az\\\/article\\\/azerbaycan-amnesty-internationalnin-hesabatinda\\\/#primaryimage\",\"url\":\"https:\\\/\\\/www.meydan.tv\\\/wp-content\\\/uploads\\\/shutterstock_1219934308.jpg\",\"contentUrl\":\"https:\\\/\\\/www.meydan.tv\\\/wp-content\\\/uploads\\\/shutterstock_1219934308.jpg\",\"width\":1200,\"height\":579,\"caption\":\"\\\"Amnesty International\\\". Foto: Derick P. Hudson\\\/shutterstock\"},{\"@type\":\"BreadcrumbList\",\"@id\":\"https:\\\/\\\/www.meydan.tv\\\/az\\\/article\\\/azerbaycan-amnesty-internationalnin-hesabatinda\\\/#breadcrumb\",\"itemListElement\":[{\"@type\":\"ListItem\",\"position\":1,\"name\":\"Ana s\u0259hif\u0259\",\"item\":\"https:\\\/\\\/www.meydan.tv\\\/az\\\/\"},{\"@type\":\"ListItem\",\"position\":2,\"name\":\"Siyas\u0259t\",\"item\":\"https:\\\/\\\/www.meydan.tv\\\/az\\\/section\\\/siyaset\\\/\"},{\"@type\":\"ListItem\",\"position\":3,\"name\":\"Az\u0259rbaycan \u201cAmnesty International\u201din hesabat\u0131nda\"}]},{\"@type\":\"WebSite\",\"@id\":\"https:\\\/\\\/www.meydan.tv\\\/az\\\/#website\",\"url\":\"https:\\\/\\\/www.meydan.tv\\\/az\\\/\",\"name\":\"MEYDAN.TV\",\"description\":\"Meydan TV Az\u0259rbaycan\u0131n media m\u0259kan\u0131ndak\u0131 alternativ s\u0259sidir\",\"publisher\":{\"@id\":\"https:\\\/\\\/www.meydan.tv\\\/az\\\/#organization\"},\"potentialAction\":[{\"@type\":\"SearchAction\",\"target\":{\"@type\":\"EntryPoint\",\"urlTemplate\":\"https:\\\/\\\/www.meydan.tv\\\/az\\\/?s={search_term_string}\"},\"query-input\":{\"@type\":\"PropertyValueSpecification\",\"valueRequired\":true,\"valueName\":\"search_term_string\"}}],\"inLanguage\":\"az\"},{\"@type\":\"Organization\",\"@id\":\"https:\\\/\\\/www.meydan.tv\\\/az\\\/#organization\",\"name\":\"Meydan TV\",\"url\":\"https:\\\/\\\/www.meydan.tv\\\/az\\\/\",\"logo\":{\"@type\":\"ImageObject\",\"inLanguage\":\"az\",\"@id\":\"https:\\\/\\\/www.meydan.tv\\\/az\\\/#\\\/schema\\\/logo\\\/image\\\/\",\"url\":\"https:\\\/\\\/www.meydan.tv\\\/wp-content\\\/uploads\\\/2021\\\/07\\\/meydan-logo.svg\",\"contentUrl\":\"https:\\\/\\\/www.meydan.tv\\\/wp-content\\\/uploads\\\/2021\\\/07\\\/meydan-logo.svg\",\"width\":195,\"height\":46,\"caption\":\"Meydan TV\"},\"image\":{\"@id\":\"https:\\\/\\\/www.meydan.tv\\\/az\\\/#\\\/schema\\\/logo\\\/image\\\/\"}},{\"@type\":\"Person\",\"@id\":\"https:\\\/\\\/www.meydan.tv\\\/az\\\/#\\\/schema\\\/person\\\/9cdbecf90d17180ce1dfbd95b08dcf47\",\"name\":\"elli\",\"sameAs\":[\"https:\\\/\\\/x.com\\\/elli\"]}]}<\/script>\n<!-- \/ Yoast SEO plugin. -->","yoast_head_json":{"title":"Az\u0259rbaycan \u201cAmnesty International\u201din hesabat\u0131nda - MEYDAN.TV","robots":{"index":"index","follow":"follow","max-snippet":"max-snippet:-1","max-image-preview":"max-image-preview:large","max-video-preview":"max-video-preview:-1"},"canonical":"https:\/\/www.meydan.tv\/az\/article\/azerbaycan-amnesty-internationalnin-hesabatinda\/","og_locale":"az_AZ","og_type":"article","og_title":"Az\u0259rbaycan \u201cAmnesty International\u201din hesabat\u0131nda - MEYDAN.TV","og_description":"&#8220;Media, s\u0259rb\u0259st topla\u015fmaq, ifad\u0259 azadl\u0131qlar\u0131 m\u0259hdudla\u015fd\u0131r\u0131l\u0131b, dinc aksiyaya \u00e7\u0131xanlar d\u00f6y\u00fcl\u00fcb&#8230;&#8221; ... Davam\u0131","og_url":"https:\/\/www.meydan.tv\/az\/article\/azerbaycan-amnesty-internationalnin-hesabatinda\/","og_site_name":"MEYDAN.TV","article_published_time":"2023-03-28T11:17:30+00:00","article_modified_time":"2023-03-28T11:42:49+00:00","og_image":[{"width":1200,"height":579,"url":"https:\/\/www.meydan.tv\/wp-content\/uploads\/shutterstock_1219934308.jpg","type":"image\/jpeg"}],"author":"elli","twitter_card":"summary_large_image","twitter_creator":"@elli","schema":{"@context":"https:\/\/schema.org","@graph":[{"@type":"Article","@id":"https:\/\/www.meydan.tv\/az\/article\/azerbaycan-amnesty-internationalnin-hesabatinda\/#article","isPartOf":{"@id":"https:\/\/www.meydan.tv\/az\/article\/azerbaycan-amnesty-internationalnin-hesabatinda\/"},"author":{"name":"elli","@id":"https:\/\/www.meydan.tv\/az\/#\/schema\/person\/9cdbecf90d17180ce1dfbd95b08dcf47"},"headline":"Az\u0259rbaycan \u201cAmnesty International\u201din hesabat\u0131nda","datePublished":"2023-03-28T11:17:30+00:00","dateModified":"2023-03-28T11:42:49+00:00","mainEntityOfPage":{"@id":"https:\/\/www.meydan.tv\/az\/article\/azerbaycan-amnesty-internationalnin-hesabatinda\/"},"wordCount":1894,"publisher":{"@id":"https:\/\/www.meydan.tv\/az\/#organization"},"image":{"@id":"https:\/\/www.meydan.tv\/az\/article\/azerbaycan-amnesty-internationalnin-hesabatinda\/#primaryimage"},"thumbnailUrl":"https:\/\/www.meydan.tv\/wp-content\/uploads\/shutterstock_1219934308.jpg","articleSection":["Siyas\u0259t","X\u0259b\u0259rl\u0259r"],"inLanguage":"az"},{"@type":"WebPage","@id":"https:\/\/www.meydan.tv\/az\/article\/azerbaycan-amnesty-internationalnin-hesabatinda\/","url":"https:\/\/www.meydan.tv\/az\/article\/azerbaycan-amnesty-internationalnin-hesabatinda\/","name":"Az\u0259rbaycan \u201cAmnesty International\u201din hesabat\u0131nda - MEYDAN.TV","isPartOf":{"@id":"https:\/\/www.meydan.tv\/az\/#website"},"primaryImageOfPage":{"@id":"https:\/\/www.meydan.tv\/az\/article\/azerbaycan-amnesty-internationalnin-hesabatinda\/#primaryimage"},"image":{"@id":"https:\/\/www.meydan.tv\/az\/article\/azerbaycan-amnesty-internationalnin-hesabatinda\/#primaryimage"},"thumbnailUrl":"https:\/\/www.meydan.tv\/wp-content\/uploads\/shutterstock_1219934308.jpg","datePublished":"2023-03-28T11:17:30+00:00","dateModified":"2023-03-28T11:42:49+00:00","breadcrumb":{"@id":"https:\/\/www.meydan.tv\/az\/article\/azerbaycan-amnesty-internationalnin-hesabatinda\/#breadcrumb"},"inLanguage":"az","potentialAction":[{"@type":"ReadAction","target":["https:\/\/www.meydan.tv\/az\/article\/azerbaycan-amnesty-internationalnin-hesabatinda\/"]}]},{"@type":"ImageObject","inLanguage":"az","@id":"https:\/\/www.meydan.tv\/az\/article\/azerbaycan-amnesty-internationalnin-hesabatinda\/#primaryimage","url":"https:\/\/www.meydan.tv\/wp-content\/uploads\/shutterstock_1219934308.jpg","contentUrl":"https:\/\/www.meydan.tv\/wp-content\/uploads\/shutterstock_1219934308.jpg","width":1200,"height":579,"caption":"\"Amnesty International\". Foto: Derick P. Hudson\/shutterstock"},{"@type":"BreadcrumbList","@id":"https:\/\/www.meydan.tv\/az\/article\/azerbaycan-amnesty-internationalnin-hesabatinda\/#breadcrumb","itemListElement":[{"@type":"ListItem","position":1,"name":"Ana s\u0259hif\u0259","item":"https:\/\/www.meydan.tv\/az\/"},{"@type":"ListItem","position":2,"name":"Siyas\u0259t","item":"https:\/\/www.meydan.tv\/az\/section\/siyaset\/"},{"@type":"ListItem","position":3,"name":"Az\u0259rbaycan \u201cAmnesty International\u201din hesabat\u0131nda"}]},{"@type":"WebSite","@id":"https:\/\/www.meydan.tv\/az\/#website","url":"https:\/\/www.meydan.tv\/az\/","name":"MEYDAN.TV","description":"Meydan TV Az\u0259rbaycan\u0131n media m\u0259kan\u0131ndak\u0131 alternativ s\u0259sidir","publisher":{"@id":"https:\/\/www.meydan.tv\/az\/#organization"},"potentialAction":[{"@type":"SearchAction","target":{"@type":"EntryPoint","urlTemplate":"https:\/\/www.meydan.tv\/az\/?s={search_term_string}"},"query-input":{"@type":"PropertyValueSpecification","valueRequired":true,"valueName":"search_term_string"}}],"inLanguage":"az"},{"@type":"Organization","@id":"https:\/\/www.meydan.tv\/az\/#organization","name":"Meydan TV","url":"https:\/\/www.meydan.tv\/az\/","logo":{"@type":"ImageObject","inLanguage":"az","@id":"https:\/\/www.meydan.tv\/az\/#\/schema\/logo\/image\/","url":"https:\/\/www.meydan.tv\/wp-content\/uploads\/2021\/07\/meydan-logo.svg","contentUrl":"https:\/\/www.meydan.tv\/wp-content\/uploads\/2021\/07\/meydan-logo.svg","width":195,"height":46,"caption":"Meydan TV"},"image":{"@id":"https:\/\/www.meydan.tv\/az\/#\/schema\/logo\/image\/"}},{"@type":"Person","@id":"https:\/\/www.meydan.tv\/az\/#\/schema\/person\/9cdbecf90d17180ce1dfbd95b08dcf47","name":"elli","sameAs":["https:\/\/x.com\/elli"]}]}},"_links":{"self":[{"href":"https:\/\/www.meydan.tv\/az\/wp-json\/wp\/v2\/posts\/271499","targetHints":{"allow":["GET"]}}],"collection":[{"href":"https:\/\/www.meydan.tv\/az\/wp-json\/wp\/v2\/posts"}],"about":[{"href":"https:\/\/www.meydan.tv\/az\/wp-json\/wp\/v2\/types\/post"}],"author":[{"embeddable":true,"href":"https:\/\/www.meydan.tv\/az\/wp-json\/wp\/v2\/users\/8"}],"replies":[{"embeddable":true,"href":"https:\/\/www.meydan.tv\/az\/wp-json\/wp\/v2\/comments?post=271499"}],"version-history":[{"count":4,"href":"https:\/\/www.meydan.tv\/az\/wp-json\/wp\/v2\/posts\/271499\/revisions"}],"predecessor-version":[{"id":271521,"href":"https:\/\/www.meydan.tv\/az\/wp-json\/wp\/v2\/posts\/271499\/revisions\/271521"}],"wp:featuredmedia":[{"embeddable":true,"href":"https:\/\/www.meydan.tv\/az\/wp-json\/wp\/v2\/media\/271503"}],"wp:attachment":[{"href":"https:\/\/www.meydan.tv\/az\/wp-json\/wp\/v2\/media?parent=271499"}],"wp:term":[{"taxonomy":"category","embeddable":true,"href":"https:\/\/www.meydan.tv\/az\/wp-json\/wp\/v2\/categories?post=271499"},{"taxonomy":"post_tag","embeddable":true,"href":"https:\/\/www.meydan.tv\/az\/wp-json\/wp\/v2\/tags?post=271499"}],"curies":[{"name":"wp","href":"https:\/\/api.w.org\/{rel}","templated":true}]}}