{"id":271439,"date":"2023-03-27T23:25:48","date_gmt":"2023-03-27T19:25:48","guid":{"rendered":"https:\/\/www.meydan.tv\/?p=271439"},"modified":"2023-03-27T23:25:51","modified_gmt":"2023-03-27T19:25:51","slug":"israilde-mehkeme-islahatina-qarsi-etirazlarda-hokumet-geri-addim-atdi","status":"publish","type":"post","link":"https:\/\/www.meydan.tv\/az\/article\/israilde-mehkeme-islahatina-qarsi-etirazlarda-hokumet-geri-addim-atdi\/","title":{"rendered":"\u0130sraild\u0259 m\u0259hk\u0259m\u0259 islahat\u0131na qar\u015f\u0131 etirazlarda h\u00f6kum\u0259t geri add\u0131m atd\u0131"},"content":{"rendered":"\n<figure class=\"wp-block-embed is-type-video is-provider-youtube wp-block-embed-youtube wp-embed-aspect-16-9 wp-has-aspect-ratio\"><div class=\"wp-block-embed__wrapper\">\n<iframe title=\"\u0130sraild\u0259 m\u0259hk\u0259m\u0259 islahat\u0131na qar\u015f\u0131 etirazlarda h\u00f6kum\u0259t geri add\u0131m atd\u0131\" width=\"1200\" height=\"675\" data-src=\"https:\/\/www.youtube.com\/embed\/0xWoWQivoNk?feature=oembed\" frameborder=\"0\" allow=\"accelerometer; autoplay; clipboard-write; encrypted-media; gyroscope; picture-in-picture; web-share\" allowfullscreen src=\"data:image\/svg+xml;base64,PHN2ZyB3aWR0aD0iMSIgaGVpZ2h0PSIxIiB4bWxucz0iaHR0cDovL3d3dy53My5vcmcvMjAwMC9zdmciPjwvc3ZnPg==\" class=\"lazyload\" data-load-mode=\"1\"><\/iframe>\n<\/div><\/figure>\n\n\n\n<!--more-->\n\n\n\n<p>Benyamin Netanyahu h\u00f6kum\u0259tinin t\u0259klif etdiyi m\u0259hk\u0259m\u0259 islahat\u0131na qar\u015f\u0131 k\u00fctl\u0259vi etirazlar 12 h\u0259ft\u0259dir ki, davam edir. N\u00fcmayi\u015fl\u0259r\u0259 art\u0131q yar\u0131m milyon insan\u0131n qo\u015fuldu\u011fu bildirilir. Bu, \u0130srail tarixind\u0259 \u0259n b\u00f6y\u00fck etiraz aksiyas\u0131 say\u0131l\u0131r.<\/p>\n\n\n\n<p>T\u0259klif edil\u0259n yeni islahatlara g\u00f6r\u0259, parlament \u00e7oxlu\u011fu faktiki olaraq Ali M\u0259hk\u0259m\u0259nin hakiml\u0259rinin se\u00e7imini m\u00fc\u0259yy\u0259n ed\u0259 bil\u0259r, m\u0259hk\u0259m\u0259nin \u00f6z\u00fc is\u0259 h\u00f6kum\u0259tin q\u0259rarlar\u0131n\u0131 l\u0259\u011fv etm\u0259k imkan\u0131n\u0131 itirir.<\/p>\n\n\n\n<p>Etiraz\u00e7\u0131lara g\u00f6r\u0259, bel\u0259 bir islahat\u0131n realla\u015fmas\u0131 m\u0259hk\u0259m\u0259l\u0259rin m\u00fcst\u0259qilliyini itirm\u0259si dem\u0259kdir. N\u00fcmayi\u015f\u00e7il\u0259r Netanyahunun istefas\u0131n\u0131 t\u0259l\u0259b edirl\u0259r.<\/p>\n\n\n\n<p>M\u0259hk\u0259m\u0259 islahatlar\u0131na h\u00f6k\u00fcm\u0259t \u00fczvl\u0259rind\u0259n d\u0259 etirazlar olunub. Netanyahunun M\u00fcdafi\u0259 Naziri Voav Qalant\u0131 istefaya g\u00f6nd\u0259rm\u0259sind\u0259n sonra etirazlar daha da \u015fidd\u0259tl\u0259nib.<\/p>\n\n\n\n<p>\u0130srail televiziyas\u0131n\u0131n m\u0259lumat\u0131na g\u00f6r\u0259, Netanyahu \u00f6z hakim koalisiyas\u0131n\u0131n liderl\u0259rin\u0259 b\u0259yan edib ki, \u00f6lk\u0259d\u0259 k\u00fctl\u0259vi etirazlara s\u0259b\u0259b olmu\u015f m\u0259hk\u0259m\u0259 islahat\u0131n\u0131 dayand\u0131rmaq q\u0259rar\u0131na g\u0259lib. Lakin ba\u015f nazirin q\u0259rar\u0131 h\u0259l\u0259 ki, r\u0259sm\u0259n elan edilm\u0259yib.<\/p>\n\n\n\n<p>\u0130srail medias\u0131 x\u0259b\u0259r verir ki, Netanyahunun geri \u00e7\u0259kilm\u0259k plan\u0131na qar\u015f\u0131 \u201cY\u0259hudi g\u00fcc\u00fc\u201d v\u0259 \u201cDini sionizm\u201d partiyalar\u0131 etiraz edirl\u0259r.<\/p>\n\n\n\n<p>Onlar islahat plan\u0131n\u0131n dayand\u0131r\u0131laca\u011f\u0131 t\u0259qdird\u0259 koalisiyan\u0131 t\u0259rk ed\u0259c\u0259kl\u0259ri il\u0259 h\u0259d\u0259l\u0259yibl\u0259r.<\/p>\n","protected":false},"excerpt":{"rendered":"","protected":false},"author":14,"featured_media":271440,"comment_status":"closed","ping_status":"closed","sticky":false,"template":"","format":"standard","meta":{"_acf_changed":false,"_sitemap_exclude":false,"_sitemap_priority":"","_sitemap_frequency":"","footnotes":""},"categories":[63,56],"tags":[],"class_list":["post-271439","post","type-post","status-publish","format-standard","has-post-thumbnail","hentry","category-video-2","category-xeberler","infinite-scroll-item","generate-columns","tablet-grid-50","mobile-grid-100","grid-parent","grid-33","no-featured-image-padding"],"acf":[],"yoast_head":"<!-- This site is optimized with the Yoast SEO plugin v27.5 - https:\/\/yoast.com\/product\/yoast-seo-wordpress\/ -->\n<title>\u0130sraild\u0259 m\u0259hk\u0259m\u0259 islahat\u0131na qar\u015f\u0131 etirazlarda h\u00f6kum\u0259t geri add\u0131m atd\u0131 - MEYDAN.TV<\/title>\n<meta name=\"robots\" content=\"index, follow, max-snippet:-1, max-image-preview:large, max-video-preview:-1\" \/>\n<link rel=\"canonical\" href=\"https:\/\/www.meydan.tv\/az\/article\/israilde-mehkeme-islahatina-qarsi-etirazlarda-hokumet-geri-addim-atdi\/\" \/>\n<meta property=\"og:locale\" content=\"az_AZ\" \/>\n<meta property=\"og:type\" content=\"article\" \/>\n<meta property=\"og:title\" content=\"\u0130sraild\u0259 m\u0259hk\u0259m\u0259 islahat\u0131na qar\u015f\u0131 etirazlarda h\u00f6kum\u0259t geri add\u0131m atd\u0131 - MEYDAN.TV\" \/>\n<meta property=\"og:url\" content=\"https:\/\/www.meydan.tv\/az\/article\/israilde-mehkeme-islahatina-qarsi-etirazlarda-hokumet-geri-addim-atdi\/\" \/>\n<meta property=\"og:site_name\" content=\"MEYDAN.TV\" \/>\n<meta property=\"article:published_time\" content=\"2023-03-27T19:25:48+00:00\" \/>\n<meta property=\"article:modified_time\" content=\"2023-03-27T19:25:51+00:00\" \/>\n<meta property=\"og:image\" content=\"https:\/\/www.meydan.tv\/wp-content\/uploads\/22112-1200x675.png\" \/>\n\t<meta property=\"og:image:width\" content=\"1200\" \/>\n\t<meta property=\"og:image:height\" content=\"675\" \/>\n\t<meta property=\"og:image:type\" content=\"image\/png\" \/>\n<meta name=\"author\" content=\"roma\" \/>\n<meta name=\"twitter:card\" content=\"summary_large_image\" \/>\n<script type=\"application\/ld+json\" class=\"yoast-schema-graph\">{\"@context\":\"https:\\\/\\\/schema.org\",\"@graph\":[{\"@type\":\"Article\",\"@id\":\"https:\\\/\\\/www.meydan.tv\\\/az\\\/article\\\/israilde-mehkeme-islahatina-qarsi-etirazlarda-hokumet-geri-addim-atdi\\\/#article\",\"isPartOf\":{\"@id\":\"https:\\\/\\\/www.meydan.tv\\\/az\\\/article\\\/israilde-mehkeme-islahatina-qarsi-etirazlarda-hokumet-geri-addim-atdi\\\/\"},\"author\":{\"name\":\"roma\",\"@id\":\"https:\\\/\\\/www.meydan.tv\\\/az\\\/#\\\/schema\\\/person\\\/8f23e01c4de63326c13c319fb65ee65d\"},\"headline\":\"\u0130sraild\u0259 m\u0259hk\u0259m\u0259 islahat\u0131na qar\u015f\u0131 etirazlarda h\u00f6kum\u0259t geri add\u0131m atd\u0131\",\"datePublished\":\"2023-03-27T19:25:48+00:00\",\"dateModified\":\"2023-03-27T19:25:51+00:00\",\"mainEntityOfPage\":{\"@id\":\"https:\\\/\\\/www.meydan.tv\\\/az\\\/article\\\/israilde-mehkeme-islahatina-qarsi-etirazlarda-hokumet-geri-addim-atdi\\\/\"},\"wordCount\":290,\"publisher\":{\"@id\":\"https:\\\/\\\/www.meydan.tv\\\/az\\\/#organization\"},\"image\":{\"@id\":\"https:\\\/\\\/www.meydan.tv\\\/az\\\/article\\\/israilde-mehkeme-islahatina-qarsi-etirazlarda-hokumet-geri-addim-atdi\\\/#primaryimage\"},\"thumbnailUrl\":\"https:\\\/\\\/www.meydan.tv\\\/wp-content\\\/uploads\\\/22112.png\",\"articleSection\":[\"Video\",\"X\u0259b\u0259rl\u0259r\"],\"inLanguage\":\"az\"},{\"@type\":\"WebPage\",\"@id\":\"https:\\\/\\\/www.meydan.tv\\\/az\\\/article\\\/israilde-mehkeme-islahatina-qarsi-etirazlarda-hokumet-geri-addim-atdi\\\/\",\"url\":\"https:\\\/\\\/www.meydan.tv\\\/az\\\/article\\\/israilde-mehkeme-islahatina-qarsi-etirazlarda-hokumet-geri-addim-atdi\\\/\",\"name\":\"\u0130sraild\u0259 m\u0259hk\u0259m\u0259 islahat\u0131na qar\u015f\u0131 etirazlarda h\u00f6kum\u0259t geri add\u0131m atd\u0131 - MEYDAN.TV\",\"isPartOf\":{\"@id\":\"https:\\\/\\\/www.meydan.tv\\\/az\\\/#website\"},\"primaryImageOfPage\":{\"@id\":\"https:\\\/\\\/www.meydan.tv\\\/az\\\/article\\\/israilde-mehkeme-islahatina-qarsi-etirazlarda-hokumet-geri-addim-atdi\\\/#primaryimage\"},\"image\":{\"@id\":\"https:\\\/\\\/www.meydan.tv\\\/az\\\/article\\\/israilde-mehkeme-islahatina-qarsi-etirazlarda-hokumet-geri-addim-atdi\\\/#primaryimage\"},\"thumbnailUrl\":\"https:\\\/\\\/www.meydan.tv\\\/wp-content\\\/uploads\\\/22112.png\",\"datePublished\":\"2023-03-27T19:25:48+00:00\",\"dateModified\":\"2023-03-27T19:25:51+00:00\",\"breadcrumb\":{\"@id\":\"https:\\\/\\\/www.meydan.tv\\\/az\\\/article\\\/israilde-mehkeme-islahatina-qarsi-etirazlarda-hokumet-geri-addim-atdi\\\/#breadcrumb\"},\"inLanguage\":\"az\",\"potentialAction\":[{\"@type\":\"ReadAction\",\"target\":[\"https:\\\/\\\/www.meydan.tv\\\/az\\\/article\\\/israilde-mehkeme-islahatina-qarsi-etirazlarda-hokumet-geri-addim-atdi\\\/\"]}]},{\"@type\":\"ImageObject\",\"inLanguage\":\"az\",\"@id\":\"https:\\\/\\\/www.meydan.tv\\\/az\\\/article\\\/israilde-mehkeme-islahatina-qarsi-etirazlarda-hokumet-geri-addim-atdi\\\/#primaryimage\",\"url\":\"https:\\\/\\\/www.meydan.tv\\\/wp-content\\\/uploads\\\/22112.png\",\"contentUrl\":\"https:\\\/\\\/www.meydan.tv\\\/wp-content\\\/uploads\\\/22112.png\",\"width\":1500,\"height\":844},{\"@type\":\"BreadcrumbList\",\"@id\":\"https:\\\/\\\/www.meydan.tv\\\/az\\\/article\\\/israilde-mehkeme-islahatina-qarsi-etirazlarda-hokumet-geri-addim-atdi\\\/#breadcrumb\",\"itemListElement\":[{\"@type\":\"ListItem\",\"position\":1,\"name\":\"Ana s\u0259hif\u0259\",\"item\":\"https:\\\/\\\/www.meydan.tv\\\/az\\\/\"},{\"@type\":\"ListItem\",\"position\":2,\"name\":\"Video\",\"item\":\"https:\\\/\\\/www.meydan.tv\\\/az\\\/section\\\/video-2\\\/\"},{\"@type\":\"ListItem\",\"position\":3,\"name\":\"\u0130sraild\u0259 m\u0259hk\u0259m\u0259 islahat\u0131na qar\u015f\u0131 etirazlarda h\u00f6kum\u0259t geri add\u0131m atd\u0131\"}]},{\"@type\":\"WebSite\",\"@id\":\"https:\\\/\\\/www.meydan.tv\\\/az\\\/#website\",\"url\":\"https:\\\/\\\/www.meydan.tv\\\/az\\\/\",\"name\":\"MEYDAN.TV\",\"description\":\"Meydan TV Az\u0259rbaycan\u0131n media m\u0259kan\u0131ndak\u0131 alternativ s\u0259sidir\",\"publisher\":{\"@id\":\"https:\\\/\\\/www.meydan.tv\\\/az\\\/#organization\"},\"potentialAction\":[{\"@type\":\"SearchAction\",\"target\":{\"@type\":\"EntryPoint\",\"urlTemplate\":\"https:\\\/\\\/www.meydan.tv\\\/az\\\/?s={search_term_string}\"},\"query-input\":{\"@type\":\"PropertyValueSpecification\",\"valueRequired\":true,\"valueName\":\"search_term_string\"}}],\"inLanguage\":\"az\"},{\"@type\":\"Organization\",\"@id\":\"https:\\\/\\\/www.meydan.tv\\\/az\\\/#organization\",\"name\":\"Meydan TV\",\"url\":\"https:\\\/\\\/www.meydan.tv\\\/az\\\/\",\"logo\":{\"@type\":\"ImageObject\",\"inLanguage\":\"az\",\"@id\":\"https:\\\/\\\/www.meydan.tv\\\/az\\\/#\\\/schema\\\/logo\\\/image\\\/\",\"url\":\"https:\\\/\\\/www.meydan.tv\\\/wp-content\\\/uploads\\\/2021\\\/07\\\/meydan-logo.svg\",\"contentUrl\":\"https:\\\/\\\/www.meydan.tv\\\/wp-content\\\/uploads\\\/2021\\\/07\\\/meydan-logo.svg\",\"width\":195,\"height\":46,\"caption\":\"Meydan TV\"},\"image\":{\"@id\":\"https:\\\/\\\/www.meydan.tv\\\/az\\\/#\\\/schema\\\/logo\\\/image\\\/\"}},{\"@type\":\"Person\",\"@id\":\"https:\\\/\\\/www.meydan.tv\\\/az\\\/#\\\/schema\\\/person\\\/8f23e01c4de63326c13c319fb65ee65d\",\"name\":\"roma\"}]}<\/script>\n<!-- \/ Yoast SEO plugin. -->","yoast_head_json":{"title":"\u0130sraild\u0259 m\u0259hk\u0259m\u0259 islahat\u0131na qar\u015f\u0131 etirazlarda h\u00f6kum\u0259t geri add\u0131m atd\u0131 - MEYDAN.TV","robots":{"index":"index","follow":"follow","max-snippet":"max-snippet:-1","max-image-preview":"max-image-preview:large","max-video-preview":"max-video-preview:-1"},"canonical":"https:\/\/www.meydan.tv\/az\/article\/israilde-mehkeme-islahatina-qarsi-etirazlarda-hokumet-geri-addim-atdi\/","og_locale":"az_AZ","og_type":"article","og_title":"\u0130sraild\u0259 m\u0259hk\u0259m\u0259 islahat\u0131na qar\u015f\u0131 etirazlarda h\u00f6kum\u0259t geri add\u0131m atd\u0131 - MEYDAN.TV","og_url":"https:\/\/www.meydan.tv\/az\/article\/israilde-mehkeme-islahatina-qarsi-etirazlarda-hokumet-geri-addim-atdi\/","og_site_name":"MEYDAN.TV","article_published_time":"2023-03-27T19:25:48+00:00","article_modified_time":"2023-03-27T19:25:51+00:00","og_image":[{"width":1200,"height":675,"url":"https:\/\/www.meydan.tv\/wp-content\/uploads\/22112-1200x675.png","type":"image\/png"}],"author":"roma","twitter_card":"summary_large_image","schema":{"@context":"https:\/\/schema.org","@graph":[{"@type":"Article","@id":"https:\/\/www.meydan.tv\/az\/article\/israilde-mehkeme-islahatina-qarsi-etirazlarda-hokumet-geri-addim-atdi\/#article","isPartOf":{"@id":"https:\/\/www.meydan.tv\/az\/article\/israilde-mehkeme-islahatina-qarsi-etirazlarda-hokumet-geri-addim-atdi\/"},"author":{"name":"roma","@id":"https:\/\/www.meydan.tv\/az\/#\/schema\/person\/8f23e01c4de63326c13c319fb65ee65d"},"headline":"\u0130sraild\u0259 m\u0259hk\u0259m\u0259 islahat\u0131na qar\u015f\u0131 etirazlarda h\u00f6kum\u0259t geri add\u0131m atd\u0131","datePublished":"2023-03-27T19:25:48+00:00","dateModified":"2023-03-27T19:25:51+00:00","mainEntityOfPage":{"@id":"https:\/\/www.meydan.tv\/az\/article\/israilde-mehkeme-islahatina-qarsi-etirazlarda-hokumet-geri-addim-atdi\/"},"wordCount":290,"publisher":{"@id":"https:\/\/www.meydan.tv\/az\/#organization"},"image":{"@id":"https:\/\/www.meydan.tv\/az\/article\/israilde-mehkeme-islahatina-qarsi-etirazlarda-hokumet-geri-addim-atdi\/#primaryimage"},"thumbnailUrl":"https:\/\/www.meydan.tv\/wp-content\/uploads\/22112.png","articleSection":["Video","X\u0259b\u0259rl\u0259r"],"inLanguage":"az"},{"@type":"WebPage","@id":"https:\/\/www.meydan.tv\/az\/article\/israilde-mehkeme-islahatina-qarsi-etirazlarda-hokumet-geri-addim-atdi\/","url":"https:\/\/www.meydan.tv\/az\/article\/israilde-mehkeme-islahatina-qarsi-etirazlarda-hokumet-geri-addim-atdi\/","name":"\u0130sraild\u0259 m\u0259hk\u0259m\u0259 islahat\u0131na qar\u015f\u0131 etirazlarda h\u00f6kum\u0259t geri add\u0131m atd\u0131 - MEYDAN.TV","isPartOf":{"@id":"https:\/\/www.meydan.tv\/az\/#website"},"primaryImageOfPage":{"@id":"https:\/\/www.meydan.tv\/az\/article\/israilde-mehkeme-islahatina-qarsi-etirazlarda-hokumet-geri-addim-atdi\/#primaryimage"},"image":{"@id":"https:\/\/www.meydan.tv\/az\/article\/israilde-mehkeme-islahatina-qarsi-etirazlarda-hokumet-geri-addim-atdi\/#primaryimage"},"thumbnailUrl":"https:\/\/www.meydan.tv\/wp-content\/uploads\/22112.png","datePublished":"2023-03-27T19:25:48+00:00","dateModified":"2023-03-27T19:25:51+00:00","breadcrumb":{"@id":"https:\/\/www.meydan.tv\/az\/article\/israilde-mehkeme-islahatina-qarsi-etirazlarda-hokumet-geri-addim-atdi\/#breadcrumb"},"inLanguage":"az","potentialAction":[{"@type":"ReadAction","target":["https:\/\/www.meydan.tv\/az\/article\/israilde-mehkeme-islahatina-qarsi-etirazlarda-hokumet-geri-addim-atdi\/"]}]},{"@type":"ImageObject","inLanguage":"az","@id":"https:\/\/www.meydan.tv\/az\/article\/israilde-mehkeme-islahatina-qarsi-etirazlarda-hokumet-geri-addim-atdi\/#primaryimage","url":"https:\/\/www.meydan.tv\/wp-content\/uploads\/22112.png","contentUrl":"https:\/\/www.meydan.tv\/wp-content\/uploads\/22112.png","width":1500,"height":844},{"@type":"BreadcrumbList","@id":"https:\/\/www.meydan.tv\/az\/article\/israilde-mehkeme-islahatina-qarsi-etirazlarda-hokumet-geri-addim-atdi\/#breadcrumb","itemListElement":[{"@type":"ListItem","position":1,"name":"Ana s\u0259hif\u0259","item":"https:\/\/www.meydan.tv\/az\/"},{"@type":"ListItem","position":2,"name":"Video","item":"https:\/\/www.meydan.tv\/az\/section\/video-2\/"},{"@type":"ListItem","position":3,"name":"\u0130sraild\u0259 m\u0259hk\u0259m\u0259 islahat\u0131na qar\u015f\u0131 etirazlarda h\u00f6kum\u0259t geri add\u0131m atd\u0131"}]},{"@type":"WebSite","@id":"https:\/\/www.meydan.tv\/az\/#website","url":"https:\/\/www.meydan.tv\/az\/","name":"MEYDAN.TV","description":"Meydan TV Az\u0259rbaycan\u0131n media m\u0259kan\u0131ndak\u0131 alternativ s\u0259sidir","publisher":{"@id":"https:\/\/www.meydan.tv\/az\/#organization"},"potentialAction":[{"@type":"SearchAction","target":{"@type":"EntryPoint","urlTemplate":"https:\/\/www.meydan.tv\/az\/?s={search_term_string}"},"query-input":{"@type":"PropertyValueSpecification","valueRequired":true,"valueName":"search_term_string"}}],"inLanguage":"az"},{"@type":"Organization","@id":"https:\/\/www.meydan.tv\/az\/#organization","name":"Meydan TV","url":"https:\/\/www.meydan.tv\/az\/","logo":{"@type":"ImageObject","inLanguage":"az","@id":"https:\/\/www.meydan.tv\/az\/#\/schema\/logo\/image\/","url":"https:\/\/www.meydan.tv\/wp-content\/uploads\/2021\/07\/meydan-logo.svg","contentUrl":"https:\/\/www.meydan.tv\/wp-content\/uploads\/2021\/07\/meydan-logo.svg","width":195,"height":46,"caption":"Meydan TV"},"image":{"@id":"https:\/\/www.meydan.tv\/az\/#\/schema\/logo\/image\/"}},{"@type":"Person","@id":"https:\/\/www.meydan.tv\/az\/#\/schema\/person\/8f23e01c4de63326c13c319fb65ee65d","name":"roma"}]}},"_links":{"self":[{"href":"https:\/\/www.meydan.tv\/az\/wp-json\/wp\/v2\/posts\/271439","targetHints":{"allow":["GET"]}}],"collection":[{"href":"https:\/\/www.meydan.tv\/az\/wp-json\/wp\/v2\/posts"}],"about":[{"href":"https:\/\/www.meydan.tv\/az\/wp-json\/wp\/v2\/types\/post"}],"author":[{"embeddable":true,"href":"https:\/\/www.meydan.tv\/az\/wp-json\/wp\/v2\/users\/14"}],"replies":[{"embeddable":true,"href":"https:\/\/www.meydan.tv\/az\/wp-json\/wp\/v2\/comments?post=271439"}],"version-history":[{"count":1,"href":"https:\/\/www.meydan.tv\/az\/wp-json\/wp\/v2\/posts\/271439\/revisions"}],"predecessor-version":[{"id":271443,"href":"https:\/\/www.meydan.tv\/az\/wp-json\/wp\/v2\/posts\/271439\/revisions\/271443"}],"wp:featuredmedia":[{"embeddable":true,"href":"https:\/\/www.meydan.tv\/az\/wp-json\/wp\/v2\/media\/271440"}],"wp:attachment":[{"href":"https:\/\/www.meydan.tv\/az\/wp-json\/wp\/v2\/media?parent=271439"}],"wp:term":[{"taxonomy":"category","embeddable":true,"href":"https:\/\/www.meydan.tv\/az\/wp-json\/wp\/v2\/categories?post=271439"},{"taxonomy":"post_tag","embeddable":true,"href":"https:\/\/www.meydan.tv\/az\/wp-json\/wp\/v2\/tags?post=271439"}],"curies":[{"name":"wp","href":"https:\/\/api.w.org\/{rel}","templated":true}]}}