{"id":271411,"date":"2023-03-27T16:33:41","date_gmt":"2023-03-27T12:33:41","guid":{"rendered":"https:\/\/www.meydan.tv\/?p=271411"},"modified":"2023-03-27T16:33:46","modified_gmt":"2023-03-27T12:33:46","slug":"gozune-budaq-batan-montyor-tezminat-ala-bilmediyini-deyir","status":"publish","type":"post","link":"https:\/\/www.meydan.tv\/az\/article\/gozune-budaq-batan-montyor-tezminat-ala-bilmediyini-deyir\/","title":{"rendered":"<strong>G\u00f6z\u00fcn\u0259 budaq batan montyor t\u0259zminat ala bilm\u0259diyini deyir<\/strong>"},"content":{"rendered":"\n<p><\/p>\n\n\n\n<p><strong><em>&#8220;Dedil\u0259r ki, qanunda s\u0259n\u0259 t\u0259zminat \u00f6d\u0259m\u0259kl\u0259 ba\u011fl\u0131 m\u00fcdd\u0259a yoxdur&#8221;<\/em><\/strong><\/p>\n\n\n\n<p><em>\u201cBe\u015f il idi ki, S\u0259d\u0259r\u0259k i\u015f\u0131q idar\u0259sind\u0259 elektirk montyoru i\u015fl\u0259yirdim. 2020-ci il iyunun 9-da i\u015f prosesi zaman\u0131 b\u0259db\u0259xt hadis\u0259 ba\u015f verdi. Sol g\u00f6z\u00fcm\u0259 a\u011fac buda\u011f\u0131 batd\u0131. Hadis\u0259d\u0259n bir g\u00fcn sonra Nax\u00e7\u0131van Diaqnostika M\u00fcalic\u0259 M\u0259rk\u0259zind\u0259 \u0259m\u0259liyyat olundum. Haz\u0131rda g\u00f6zd\u0259n \u0259lil\u0259m. \u0130\u015fl\u0259diyim idar\u0259 t\u0259r\u0259find\u0259n bunun qar\u015f\u0131l\u0131\u011f\u0131nda m\u0259n\u0259 he\u00e7 bir t\u0259zminat \u00f6d\u0259nilm\u0259yib\u201d.<\/em><\/p>\n\n\n\n<p>Bunu Meydan TV-y\u0259 S\u0259d\u0259r\u0259yin Qaraa\u011fac k\u0259nd sakini Bayram Rizvan o\u011flu Sultanov deyir.<\/p>\n\n\n\n<p>O bildirir ki, iyunun 9-da q\u0259za ba\u015f verm\u0259zd\u0259n \u00f6nc\u0259 idar\u0259d\u0259 h\u0259r\u0259k\u0259t c\u0259dv\u0259lin\u0259, davamiyy\u0259t\u0259 v\u0259 t\u0259hl\u00fck\u0259sizliy\u0259 qol \u00e7\u0259kib.<\/p>\n\n\n\n<p>Bayram Sultanov deyir ki, istehsalat q\u0259zas\u0131 n\u0259tic\u0259sind\u0259 sa\u011flaml\u0131\u011f\u0131 pozulsa da, i\u015fl\u0259diyi idar\u0259 t\u0259r\u0259find\u0259n ona d\u0259y\u0259n z\u0259r\u0259r\u0259 g\u00f6r\u0259 qanunvericiliy\u0259 uy\u011fun olaraq maddi yard\u0131m g\u00f6st\u0259rilm\u0259yib:<\/p>\n\n\n\n<p>\u201c<em>M\u0259n\u0259 he\u00e7 bir t\u0259zminat \u00f6d\u0259nilm\u0259di. \u00dcst\u0259lik, h\u0259min i\u015f yerind\u0259n t\u0259qa\u00fcd\u0259 \u00e7\u0131xmaq ist\u0259dim. Bildirdil\u0259r ki, bu, m\u00fcmk\u00fcn deyil. 3-c\u00fc qrup \u0259lil\u0259m, 150 manat pensiya al\u0131ram. \u0130\u015f yerimd\u0259n pensiyaya \u00e7\u0131xsayd\u0131m, maa\u015f\u0131m\u0131n 80 faizini alacaqd\u0131m. Maa\u015f\u0131m 413 manat idi\u201d.<\/em><\/p>\n\n\n\n<p>\u00d6z\u00fcn\u0259 qar\u015f\u0131 haqs\u0131zl\u0131q edildiyini d\u00fc\u015f\u00fcn\u0259n \u015fikay\u0259t\u00e7i deyir ki, m\u0259s\u0259l\u0259 il\u0259 \u0259laq\u0259dar Nax\u00e7\u0131van Muxtar Respublikas\u0131 D\u00f6vl\u0259t Energetika Xidm\u0259tinin r\u0259isi Namiq Pa\u015fayevin q\u0259bulunda olub:<\/p>\n\n\n\n<p>\u201c<em>Namiq Pa\u015fayevd\u0259n k\u00f6m\u0259k ist\u0259dim. O da m\u0259n\u0259 m\u00fcsb\u0259t cavab verm\u0259di. Dedi ki, s\u0259n\u0259 k\u00f6m\u0259klik g\u00f6st\u0259rm\u0259yiml\u0259 ba\u011fl\u0131 qanunda el\u0259 bir m\u00fcdd\u0259a yoxdur. Halbuki m\u0259n qanundan k\u0259nar n\u0259s\u0259 t\u0259l\u0259b etmir\u0259m. \u0130\u015f vaxt\u0131 ba\u015f\u0131ma g\u0259l\u0259n q\u0259zaya g\u00f6r\u0259 maddi yard\u0131m \u00f6d\u0259m\u0259li idil\u0259r, bunu etm\u0259dil\u0259r. \u0130\u015fd\u0259n pensiyaya \u00e7\u0131xma\u011f\u0131ma da imkan verm\u0259dirl\u0259r. M\u0259n haqq\u0131m\u0131 t\u0259l\u0259b edir\u0259m\u201d.<\/em><\/p>\n\n\n\n<p>Nax\u00e7\u0131van Muxtar Respublikas\u0131 D\u00f6vl\u0259t Energetika Xidm\u0259tinin m\u0259tbuat v\u0259 ictimaiyy\u0259tl\u0259 \u0259laq\u0259l\u0259r \u015f\u00f6b\u0259sinin ba\u015fm\u0259sl\u0259h\u0259t\u00e7isi Murad Quluzad\u0259 Meydan TV-y\u0259 Bayram Sultanovun i\u015f q\u0259zas\u0131 n\u0259tic\u0259sind\u0259 x\u0259sar\u0259t ald\u0131\u011f\u0131n\u0131 t\u0259sdiql\u0259yib.<\/p>\n\n\n\n<p>O \u0259lav\u0259 edib ki, \u018fm\u0259k M\u0259c\u0259ll\u0259sin\u0259 m\u00fcvafiq olaraq v\u0259t\u0259nda\u015fa d\u0259ymi\u015f z\u0259r\u0259r\u0259 g\u00f6r\u0259 maddi t\u0259zminat \u00f6d\u0259nilib:<\/p>\n\n\n\n<p>\u201c<em>F\u00f6vqalad\u0259 v\u0259ziyy\u0259tl\u0259 \u0259laq\u0259dar i\u015fl\u0259y\u0259n idar\u0259 oldu\u011fumuz \u00fc\u00e7\u00fcn b\u00fct\u00fcn i\u015f\u00e7il\u0259rin s\u0131\u011fortas\u0131 var. V\u0259t\u0259nda\u015f\u0131n g\u00f6z\u00fcn\u0259 i\u015f q\u0259zas\u0131 zaman\u0131 \u00e7\u00f6p bat\u0131b. Amma x\u0259sar\u0259t d\u0259rin olmay\u0131b. Nax\u00e7\u0131van Diaqnostika M\u00fcalic\u0259 M\u0259rk\u0259zind\u0259ki m\u00fcalic\u0259si tamamil\u0259 bizim t\u0259r\u0259fimizd\u0259n olunub. \u0130\u015fl\u0259diyi idar\u0259 t\u0259r\u0259find\u0259n ona min manat \u0259lav\u0259 yard\u0131m edilib. Pensiya almas\u0131na g\u0259linc\u0259, onu biz deyil, Tibbi-Sosial Ekspert Komissiyas\u0131 (TSEK) m\u00fc\u0259yy\u0259n edir. V\u0259t\u0259nda\u015fa idar\u0259d\u0259n pensiya almaq haqq\u0131nda s\u0259n\u0259d verilib. TSEK t\u0259r\u0259find\u0259n ona \u00fc\u00e7\u00fcnc\u00fc qrup \u0259llillik t\u0259yin edilib. \u00c7\u00fcnki z\u0259d\u0259si y\u00fcng\u00fcl olub\u201d.<\/em><\/p>\n\n\n\n<p>Murad Quluzad\u0259 h\u0259m\u00e7inin&nbsp; deyib ki, Bayram Sultanovun g\u00f6z\u00fcnd\u0259n ald\u0131\u011f\u0131 x\u0259sar\u0259t y\u00fcng\u00fcl oldu\u011fu \u00fc\u00e7\u00fcn bir m\u00fcdd\u0259t S\u0259d\u0259r\u0259k \u0130\u015f\u0131q \u0130dar\u0259sind\u0259 i\u015fini davam etdirib:<\/p>\n\n\n\n<p>\u201c<em>M\u00fcalic\u0259 olunandan sonra bizd\u0259 ne\u00e7\u0259 m\u00fcdd\u0259t i\u015fl\u0259yib. \u018fg\u0259r \u00f6z\u00fcn\u00fcn iddia etdiyi kimi ciddi x\u0259sar\u0259t alsayd\u0131, t\u0259krar elektrik montyoru kimi i\u015fl\u0259y\u0259 bilm\u0259zdi. H\u0259m\u00e7inin \u0259lav\u0259 edim ki, bizim qurumun r\u0259smi sayt\u0131na v\u0259t\u0259nda\u015flar \u015fikay\u0259t v\u0259 probleml\u0259ri il\u0259 \u0259laq\u0259dar m\u00fcraci\u0259t edirl\u0259r. H\u0259min v\u0259t\u0259nda\u015f biz\u0259 problemi il\u0259 \u0259laq\u0259dar he\u00e7 bir m\u00fcraci\u0259t etm\u0259yib\u201d.<\/em><\/p>\n","protected":false},"excerpt":{"rendered":"<p>&#8220;Dedil\u0259r ki, qanunda s\u0259n\u0259 t\u0259zminat \u00f6d\u0259m\u0259kl\u0259 ba\u011fl\u0131 m\u00fcdd\u0259a yoxdur&#8221; \u201cBe\u015f &#8230; <\/p>\n<p class=\"read-more-container\"><a title=\"G\u00f6z\u00fcn\u0259 budaq batan montyor t\u0259zminat ala bilm\u0259diyini deyir\" class=\"read-more button\" href=\"https:\/\/www.meydan.tv\/az\/article\/gozune-budaq-batan-montyor-tezminat-ala-bilmediyini-deyir\/#more-271411\" aria-label=\"Read more about G\u00f6z\u00fcn\u0259 budaq batan montyor t\u0259zminat ala bilm\u0259diyini deyir\">Davam\u0131<\/a><\/p>\n","protected":false},"author":8,"featured_media":271387,"comment_status":"closed","ping_status":"closed","sticky":false,"template":"","format":"standard","meta":{"_acf_changed":false,"_sitemap_exclude":false,"_sitemap_priority":"","_sitemap_frequency":"","footnotes":""},"categories":[60,56],"tags":[],"class_list":["post-271411","post","type-post","status-publish","format-standard","has-post-thumbnail","hentry","category-bolge","category-xeberler","infinite-scroll-item","generate-columns","tablet-grid-50","mobile-grid-100","grid-parent","grid-33","no-featured-image-padding"],"acf":[],"yoast_head":"<!-- This site is optimized with the Yoast SEO plugin v27.5 - https:\/\/yoast.com\/product\/yoast-seo-wordpress\/ -->\n<title>G\u00f6z\u00fcn\u0259 budaq batan montyor t\u0259zminat ala bilm\u0259diyini deyir - MEYDAN.TV<\/title>\n<meta name=\"robots\" content=\"index, follow, max-snippet:-1, max-image-preview:large, max-video-preview:-1\" \/>\n<link rel=\"canonical\" href=\"https:\/\/www.meydan.tv\/az\/article\/gozune-budaq-batan-montyor-tezminat-ala-bilmediyini-deyir\/\" \/>\n<meta property=\"og:locale\" content=\"az_AZ\" \/>\n<meta property=\"og:type\" content=\"article\" \/>\n<meta property=\"og:title\" content=\"G\u00f6z\u00fcn\u0259 budaq batan montyor t\u0259zminat ala bilm\u0259diyini deyir - MEYDAN.TV\" \/>\n<meta property=\"og:description\" content=\"&#8220;Dedil\u0259r ki, qanunda s\u0259n\u0259 t\u0259zminat \u00f6d\u0259m\u0259kl\u0259 ba\u011fl\u0131 m\u00fcdd\u0259a yoxdur&#8221; \u201cBe\u015f ... Davam\u0131\" \/>\n<meta property=\"og:url\" content=\"https:\/\/www.meydan.tv\/az\/article\/gozune-budaq-batan-montyor-tezminat-ala-bilmediyini-deyir\/\" \/>\n<meta property=\"og:site_name\" content=\"MEYDAN.TV\" \/>\n<meta property=\"article:published_time\" content=\"2023-03-27T12:33:41+00:00\" \/>\n<meta property=\"article:modified_time\" content=\"2023-03-27T12:33:46+00:00\" \/>\n<meta property=\"og:image\" content=\"https:\/\/www.meydan.tv\/wp-content\/uploads\/untitled-design-109.jpg\" \/>\n\t<meta property=\"og:image:width\" content=\"1200\" \/>\n\t<meta property=\"og:image:height\" content=\"800\" \/>\n\t<meta property=\"og:image:type\" content=\"image\/jpeg\" \/>\n<meta name=\"author\" content=\"elli\" \/>\n<meta name=\"twitter:card\" content=\"summary_large_image\" \/>\n<meta name=\"twitter:creator\" content=\"@elli\" \/>\n<script type=\"application\/ld+json\" class=\"yoast-schema-graph\">{\"@context\":\"https:\\\/\\\/schema.org\",\"@graph\":[{\"@type\":\"Article\",\"@id\":\"https:\\\/\\\/www.meydan.tv\\\/az\\\/article\\\/gozune-budaq-batan-montyor-tezminat-ala-bilmediyini-deyir\\\/#article\",\"isPartOf\":{\"@id\":\"https:\\\/\\\/www.meydan.tv\\\/az\\\/article\\\/gozune-budaq-batan-montyor-tezminat-ala-bilmediyini-deyir\\\/\"},\"author\":{\"name\":\"elli\",\"@id\":\"https:\\\/\\\/www.meydan.tv\\\/az\\\/#\\\/schema\\\/person\\\/9cdbecf90d17180ce1dfbd95b08dcf47\"},\"headline\":\"G\u00f6z\u00fcn\u0259 budaq batan montyor t\u0259zminat ala bilm\u0259diyini deyir\",\"datePublished\":\"2023-03-27T12:33:41+00:00\",\"dateModified\":\"2023-03-27T12:33:46+00:00\",\"mainEntityOfPage\":{\"@id\":\"https:\\\/\\\/www.meydan.tv\\\/az\\\/article\\\/gozune-budaq-batan-montyor-tezminat-ala-bilmediyini-deyir\\\/\"},\"wordCount\":712,\"publisher\":{\"@id\":\"https:\\\/\\\/www.meydan.tv\\\/az\\\/#organization\"},\"image\":{\"@id\":\"https:\\\/\\\/www.meydan.tv\\\/az\\\/article\\\/gozune-budaq-batan-montyor-tezminat-ala-bilmediyini-deyir\\\/#primaryimage\"},\"thumbnailUrl\":\"https:\\\/\\\/www.meydan.tv\\\/wp-content\\\/uploads\\\/untitled-design-109.jpg\",\"articleSection\":[\"B\u00f6lg\u0259\",\"X\u0259b\u0259rl\u0259r\"],\"inLanguage\":\"az\"},{\"@type\":\"WebPage\",\"@id\":\"https:\\\/\\\/www.meydan.tv\\\/az\\\/article\\\/gozune-budaq-batan-montyor-tezminat-ala-bilmediyini-deyir\\\/\",\"url\":\"https:\\\/\\\/www.meydan.tv\\\/az\\\/article\\\/gozune-budaq-batan-montyor-tezminat-ala-bilmediyini-deyir\\\/\",\"name\":\"G\u00f6z\u00fcn\u0259 budaq batan montyor t\u0259zminat ala bilm\u0259diyini deyir - MEYDAN.TV\",\"isPartOf\":{\"@id\":\"https:\\\/\\\/www.meydan.tv\\\/az\\\/#website\"},\"primaryImageOfPage\":{\"@id\":\"https:\\\/\\\/www.meydan.tv\\\/az\\\/article\\\/gozune-budaq-batan-montyor-tezminat-ala-bilmediyini-deyir\\\/#primaryimage\"},\"image\":{\"@id\":\"https:\\\/\\\/www.meydan.tv\\\/az\\\/article\\\/gozune-budaq-batan-montyor-tezminat-ala-bilmediyini-deyir\\\/#primaryimage\"},\"thumbnailUrl\":\"https:\\\/\\\/www.meydan.tv\\\/wp-content\\\/uploads\\\/untitled-design-109.jpg\",\"datePublished\":\"2023-03-27T12:33:41+00:00\",\"dateModified\":\"2023-03-27T12:33:46+00:00\",\"breadcrumb\":{\"@id\":\"https:\\\/\\\/www.meydan.tv\\\/az\\\/article\\\/gozune-budaq-batan-montyor-tezminat-ala-bilmediyini-deyir\\\/#breadcrumb\"},\"inLanguage\":\"az\",\"potentialAction\":[{\"@type\":\"ReadAction\",\"target\":[\"https:\\\/\\\/www.meydan.tv\\\/az\\\/article\\\/gozune-budaq-batan-montyor-tezminat-ala-bilmediyini-deyir\\\/\"]}]},{\"@type\":\"ImageObject\",\"inLanguage\":\"az\",\"@id\":\"https:\\\/\\\/www.meydan.tv\\\/az\\\/article\\\/gozune-budaq-batan-montyor-tezminat-ala-bilmediyini-deyir\\\/#primaryimage\",\"url\":\"https:\\\/\\\/www.meydan.tv\\\/wp-content\\\/uploads\\\/untitled-design-109.jpg\",\"contentUrl\":\"https:\\\/\\\/www.meydan.tv\\\/wp-content\\\/uploads\\\/untitled-design-109.jpg\",\"width\":1200,\"height\":800,\"caption\":\"Foto: Bayram Sultanovun \u015f\u0259xsi arxivind\u0259n\"},{\"@type\":\"BreadcrumbList\",\"@id\":\"https:\\\/\\\/www.meydan.tv\\\/az\\\/article\\\/gozune-budaq-batan-montyor-tezminat-ala-bilmediyini-deyir\\\/#breadcrumb\",\"itemListElement\":[{\"@type\":\"ListItem\",\"position\":1,\"name\":\"Ana s\u0259hif\u0259\",\"item\":\"https:\\\/\\\/www.meydan.tv\\\/az\\\/\"},{\"@type\":\"ListItem\",\"position\":2,\"name\":\"B\u00f6lg\u0259\",\"item\":\"https:\\\/\\\/www.meydan.tv\\\/az\\\/section\\\/bolge\\\/\"},{\"@type\":\"ListItem\",\"position\":3,\"name\":\"G\u00f6z\u00fcn\u0259 budaq batan montyor t\u0259zminat ala bilm\u0259diyini deyir\"}]},{\"@type\":\"WebSite\",\"@id\":\"https:\\\/\\\/www.meydan.tv\\\/az\\\/#website\",\"url\":\"https:\\\/\\\/www.meydan.tv\\\/az\\\/\",\"name\":\"MEYDAN.TV\",\"description\":\"Meydan TV Az\u0259rbaycan\u0131n media m\u0259kan\u0131ndak\u0131 alternativ s\u0259sidir\",\"publisher\":{\"@id\":\"https:\\\/\\\/www.meydan.tv\\\/az\\\/#organization\"},\"potentialAction\":[{\"@type\":\"SearchAction\",\"target\":{\"@type\":\"EntryPoint\",\"urlTemplate\":\"https:\\\/\\\/www.meydan.tv\\\/az\\\/?s={search_term_string}\"},\"query-input\":{\"@type\":\"PropertyValueSpecification\",\"valueRequired\":true,\"valueName\":\"search_term_string\"}}],\"inLanguage\":\"az\"},{\"@type\":\"Organization\",\"@id\":\"https:\\\/\\\/www.meydan.tv\\\/az\\\/#organization\",\"name\":\"Meydan TV\",\"url\":\"https:\\\/\\\/www.meydan.tv\\\/az\\\/\",\"logo\":{\"@type\":\"ImageObject\",\"inLanguage\":\"az\",\"@id\":\"https:\\\/\\\/www.meydan.tv\\\/az\\\/#\\\/schema\\\/logo\\\/image\\\/\",\"url\":\"https:\\\/\\\/www.meydan.tv\\\/wp-content\\\/uploads\\\/2021\\\/07\\\/meydan-logo.svg\",\"contentUrl\":\"https:\\\/\\\/www.meydan.tv\\\/wp-content\\\/uploads\\\/2021\\\/07\\\/meydan-logo.svg\",\"width\":195,\"height\":46,\"caption\":\"Meydan TV\"},\"image\":{\"@id\":\"https:\\\/\\\/www.meydan.tv\\\/az\\\/#\\\/schema\\\/logo\\\/image\\\/\"}},{\"@type\":\"Person\",\"@id\":\"https:\\\/\\\/www.meydan.tv\\\/az\\\/#\\\/schema\\\/person\\\/9cdbecf90d17180ce1dfbd95b08dcf47\",\"name\":\"elli\",\"sameAs\":[\"https:\\\/\\\/x.com\\\/elli\"]}]}<\/script>\n<!-- \/ Yoast SEO plugin. -->","yoast_head_json":{"title":"G\u00f6z\u00fcn\u0259 budaq batan montyor t\u0259zminat ala bilm\u0259diyini deyir - MEYDAN.TV","robots":{"index":"index","follow":"follow","max-snippet":"max-snippet:-1","max-image-preview":"max-image-preview:large","max-video-preview":"max-video-preview:-1"},"canonical":"https:\/\/www.meydan.tv\/az\/article\/gozune-budaq-batan-montyor-tezminat-ala-bilmediyini-deyir\/","og_locale":"az_AZ","og_type":"article","og_title":"G\u00f6z\u00fcn\u0259 budaq batan montyor t\u0259zminat ala bilm\u0259diyini deyir - MEYDAN.TV","og_description":"&#8220;Dedil\u0259r ki, qanunda s\u0259n\u0259 t\u0259zminat \u00f6d\u0259m\u0259kl\u0259 ba\u011fl\u0131 m\u00fcdd\u0259a yoxdur&#8221; \u201cBe\u015f ... Davam\u0131","og_url":"https:\/\/www.meydan.tv\/az\/article\/gozune-budaq-batan-montyor-tezminat-ala-bilmediyini-deyir\/","og_site_name":"MEYDAN.TV","article_published_time":"2023-03-27T12:33:41+00:00","article_modified_time":"2023-03-27T12:33:46+00:00","og_image":[{"width":1200,"height":800,"url":"https:\/\/www.meydan.tv\/wp-content\/uploads\/untitled-design-109.jpg","type":"image\/jpeg"}],"author":"elli","twitter_card":"summary_large_image","twitter_creator":"@elli","schema":{"@context":"https:\/\/schema.org","@graph":[{"@type":"Article","@id":"https:\/\/www.meydan.tv\/az\/article\/gozune-budaq-batan-montyor-tezminat-ala-bilmediyini-deyir\/#article","isPartOf":{"@id":"https:\/\/www.meydan.tv\/az\/article\/gozune-budaq-batan-montyor-tezminat-ala-bilmediyini-deyir\/"},"author":{"name":"elli","@id":"https:\/\/www.meydan.tv\/az\/#\/schema\/person\/9cdbecf90d17180ce1dfbd95b08dcf47"},"headline":"G\u00f6z\u00fcn\u0259 budaq batan montyor t\u0259zminat ala bilm\u0259diyini deyir","datePublished":"2023-03-27T12:33:41+00:00","dateModified":"2023-03-27T12:33:46+00:00","mainEntityOfPage":{"@id":"https:\/\/www.meydan.tv\/az\/article\/gozune-budaq-batan-montyor-tezminat-ala-bilmediyini-deyir\/"},"wordCount":712,"publisher":{"@id":"https:\/\/www.meydan.tv\/az\/#organization"},"image":{"@id":"https:\/\/www.meydan.tv\/az\/article\/gozune-budaq-batan-montyor-tezminat-ala-bilmediyini-deyir\/#primaryimage"},"thumbnailUrl":"https:\/\/www.meydan.tv\/wp-content\/uploads\/untitled-design-109.jpg","articleSection":["B\u00f6lg\u0259","X\u0259b\u0259rl\u0259r"],"inLanguage":"az"},{"@type":"WebPage","@id":"https:\/\/www.meydan.tv\/az\/article\/gozune-budaq-batan-montyor-tezminat-ala-bilmediyini-deyir\/","url":"https:\/\/www.meydan.tv\/az\/article\/gozune-budaq-batan-montyor-tezminat-ala-bilmediyini-deyir\/","name":"G\u00f6z\u00fcn\u0259 budaq batan montyor t\u0259zminat ala bilm\u0259diyini deyir - MEYDAN.TV","isPartOf":{"@id":"https:\/\/www.meydan.tv\/az\/#website"},"primaryImageOfPage":{"@id":"https:\/\/www.meydan.tv\/az\/article\/gozune-budaq-batan-montyor-tezminat-ala-bilmediyini-deyir\/#primaryimage"},"image":{"@id":"https:\/\/www.meydan.tv\/az\/article\/gozune-budaq-batan-montyor-tezminat-ala-bilmediyini-deyir\/#primaryimage"},"thumbnailUrl":"https:\/\/www.meydan.tv\/wp-content\/uploads\/untitled-design-109.jpg","datePublished":"2023-03-27T12:33:41+00:00","dateModified":"2023-03-27T12:33:46+00:00","breadcrumb":{"@id":"https:\/\/www.meydan.tv\/az\/article\/gozune-budaq-batan-montyor-tezminat-ala-bilmediyini-deyir\/#breadcrumb"},"inLanguage":"az","potentialAction":[{"@type":"ReadAction","target":["https:\/\/www.meydan.tv\/az\/article\/gozune-budaq-batan-montyor-tezminat-ala-bilmediyini-deyir\/"]}]},{"@type":"ImageObject","inLanguage":"az","@id":"https:\/\/www.meydan.tv\/az\/article\/gozune-budaq-batan-montyor-tezminat-ala-bilmediyini-deyir\/#primaryimage","url":"https:\/\/www.meydan.tv\/wp-content\/uploads\/untitled-design-109.jpg","contentUrl":"https:\/\/www.meydan.tv\/wp-content\/uploads\/untitled-design-109.jpg","width":1200,"height":800,"caption":"Foto: Bayram Sultanovun \u015f\u0259xsi arxivind\u0259n"},{"@type":"BreadcrumbList","@id":"https:\/\/www.meydan.tv\/az\/article\/gozune-budaq-batan-montyor-tezminat-ala-bilmediyini-deyir\/#breadcrumb","itemListElement":[{"@type":"ListItem","position":1,"name":"Ana s\u0259hif\u0259","item":"https:\/\/www.meydan.tv\/az\/"},{"@type":"ListItem","position":2,"name":"B\u00f6lg\u0259","item":"https:\/\/www.meydan.tv\/az\/section\/bolge\/"},{"@type":"ListItem","position":3,"name":"G\u00f6z\u00fcn\u0259 budaq batan montyor t\u0259zminat ala bilm\u0259diyini deyir"}]},{"@type":"WebSite","@id":"https:\/\/www.meydan.tv\/az\/#website","url":"https:\/\/www.meydan.tv\/az\/","name":"MEYDAN.TV","description":"Meydan TV Az\u0259rbaycan\u0131n media m\u0259kan\u0131ndak\u0131 alternativ s\u0259sidir","publisher":{"@id":"https:\/\/www.meydan.tv\/az\/#organization"},"potentialAction":[{"@type":"SearchAction","target":{"@type":"EntryPoint","urlTemplate":"https:\/\/www.meydan.tv\/az\/?s={search_term_string}"},"query-input":{"@type":"PropertyValueSpecification","valueRequired":true,"valueName":"search_term_string"}}],"inLanguage":"az"},{"@type":"Organization","@id":"https:\/\/www.meydan.tv\/az\/#organization","name":"Meydan TV","url":"https:\/\/www.meydan.tv\/az\/","logo":{"@type":"ImageObject","inLanguage":"az","@id":"https:\/\/www.meydan.tv\/az\/#\/schema\/logo\/image\/","url":"https:\/\/www.meydan.tv\/wp-content\/uploads\/2021\/07\/meydan-logo.svg","contentUrl":"https:\/\/www.meydan.tv\/wp-content\/uploads\/2021\/07\/meydan-logo.svg","width":195,"height":46,"caption":"Meydan TV"},"image":{"@id":"https:\/\/www.meydan.tv\/az\/#\/schema\/logo\/image\/"}},{"@type":"Person","@id":"https:\/\/www.meydan.tv\/az\/#\/schema\/person\/9cdbecf90d17180ce1dfbd95b08dcf47","name":"elli","sameAs":["https:\/\/x.com\/elli"]}]}},"_links":{"self":[{"href":"https:\/\/www.meydan.tv\/az\/wp-json\/wp\/v2\/posts\/271411","targetHints":{"allow":["GET"]}}],"collection":[{"href":"https:\/\/www.meydan.tv\/az\/wp-json\/wp\/v2\/posts"}],"about":[{"href":"https:\/\/www.meydan.tv\/az\/wp-json\/wp\/v2\/types\/post"}],"author":[{"embeddable":true,"href":"https:\/\/www.meydan.tv\/az\/wp-json\/wp\/v2\/users\/8"}],"replies":[{"embeddable":true,"href":"https:\/\/www.meydan.tv\/az\/wp-json\/wp\/v2\/comments?post=271411"}],"version-history":[{"count":1,"href":"https:\/\/www.meydan.tv\/az\/wp-json\/wp\/v2\/posts\/271411\/revisions"}],"predecessor-version":[{"id":271412,"href":"https:\/\/www.meydan.tv\/az\/wp-json\/wp\/v2\/posts\/271411\/revisions\/271412"}],"wp:featuredmedia":[{"embeddable":true,"href":"https:\/\/www.meydan.tv\/az\/wp-json\/wp\/v2\/media\/271387"}],"wp:attachment":[{"href":"https:\/\/www.meydan.tv\/az\/wp-json\/wp\/v2\/media?parent=271411"}],"wp:term":[{"taxonomy":"category","embeddable":true,"href":"https:\/\/www.meydan.tv\/az\/wp-json\/wp\/v2\/categories?post=271411"},{"taxonomy":"post_tag","embeddable":true,"href":"https:\/\/www.meydan.tv\/az\/wp-json\/wp\/v2\/tags?post=271411"}],"curies":[{"name":"wp","href":"https:\/\/api.w.org\/{rel}","templated":true}]}}