{"id":271353,"date":"2023-03-26T14:17:44","date_gmt":"2023-03-26T10:17:44","guid":{"rendered":"https:\/\/www.meydan.tv\/?p=271353"},"modified":"2023-03-26T14:17:46","modified_gmt":"2023-03-26T10:17:46","slug":"isden-cixarilan-cilinger-azeriqaz-rehberliyini-gunahlandirir","status":"publish","type":"post","link":"https:\/\/www.meydan.tv\/az\/article\/isden-cixarilan-cilinger-azeriqaz-rehberliyini-gunahlandirir\/","title":{"rendered":"\u0130\u015fd\u0259n \u00e7\u0131xar\u0131lan \u00e7iling\u0259r \u201cAz\u0259riqaz\u201d r\u0259hb\u0259rliyini g\u00fcnahland\u0131r\u0131r"},"content":{"rendered":"\n<p><\/p>\n\n\n\n<p><strong><em>\u0130lkin M\u0259mm\u0259dov t\u0259hqir olundu\u011funu, Ruslan \u018fliyevin \u015fikay\u0259ti il\u0259 maraqlanmad\u0131\u011f\u0131n\u0131 deyir<\/em><\/strong><\/p>\n\n\n\n<p><em>\u201cH\u0259mkarlar t\u0259\u015fkilat\u0131n\u0131n s\u0259drinin ota\u011f\u0131nda t\u0259hqir edildim, i\u015f\u00e7ini m\u00fcdafi\u0259 ed\u0259n qurumun s\u0259dri g\u00f6z\u00fcn\u00fcn qar\u015f\u0131s\u0131nda ba\u015f ver\u0259nl\u0259r\u0259 m\u00fcdaxil\u0259 etm\u0259di, s\u0259sini bel\u0259 \u00e7\u0131xarmad\u0131\u201d.<\/em><\/p>\n\n\n\n<p>Bunu Meydan TV-y\u0259 A\u011fsu Regional Qaz \u0130stismar \u0130dar\u0259sinin Ucar rayonundak\u0131 T\u0259bii qaz\u0131n q\u0259bulu v\u0259 sat\u0131\u015f Xidm\u0259tind\u0259 qaz avadanl\u0131qlar\u0131n\u0131n istismar\u0131 v\u0259 t\u0259miri \u00fczr\u0259 \u00e7iling\u0259r i\u015fl\u0259mi\u015f \u0130lkin M\u0259mm\u0259dov deyib.<\/p>\n\n\n\n<p>\u0130lkin M\u0259mm\u0259dov ali t\u0259hsillidir. Deyir ki, \u00e7al\u0131\u015fd\u0131\u011f\u0131 10 il \u0259rzind\u0259 x\u0259b\u0259rdarl\u0131q almay\u0131b. Bu ilin mart\u0131n 15-d\u0259 is\u0259 adi s\u0259b\u0259bd\u0259n m\u00fcbahis\u0259 yaran\u0131b, o v\u0259 ail\u0259si t\u0259hqir edilib. \u201cAz\u0259riqaz\u201d \u0130stehsalat Birliyinin r\u0259hb\u0259rliyinin i\u015fi ara\u015fd\u0131rmdan onu g\u00fcnahkar hesab etdiyini bildirir:<\/p>\n\n\n\n<p>\u201c<em>Atam x\u0259st\u0259 oldu\u011fundan icaz\u0259 \u00fc\u00e7\u00fcn m\u00fcraci\u0259t etdim. \u0130dar\u0259nin h\u0259mkarlar ittifaq\u0131n\u0131n s\u0259dri, eyni zamanda, kadrlar \u015f\u00f6b\u0259sinin r\u0259isi Ayg\u00fcn xan\u0131mla dan\u0131\u015fark\u0259n otaqda olan qad\u0131nlardan biri s\u00f6hb\u0259t\u0259 m\u00fcdaxil\u0259 etdi. H\u0259min qad\u0131na sakit t\u0259rzd\u0259 s\u00f6hb\u0259t\u0259 m\u00fcdaxil\u0259 etm\u0259m\u0259yi xahi\u015f etdim\u201d,<\/em>-M\u0259mm\u0259dov deyib.<\/p>\n\n\n\n<p>\u015eikay\u0259t\u00e7i s\u00f6yl\u0259yib ki, \u00e7\u00f6l\u0259 \u00e7\u0131x\u0131b geri qay\u0131danda qad\u0131n t\u0259r\u0259find\u0259n onun v\u0259 ail\u0259sinin t\u0259hqir etdiyinin \u015fahidi olub. Onu tan\u0131mad\u0131\u011f\u0131 halda ail\u0259sind\u0259ki qad\u0131nlar haqq\u0131nda nalayiq ifad\u0259l\u0259r i\u015fl\u0259tdiyin\u0259 g\u00f6r\u0259 qad\u0131na cavab qaytar\u0131b: <em>\u201cT\u0259hqir\u0259 yol verm\u0259d\u0259n etiraz el\u0259dim. Bundan sonra idar\u0259 r\u0259isind\u0259n icaz\u0259 al\u0131b \u00e7\u0131xd\u0131m. Ev\u0259 ged\u0259rk\u0259n yar\u0131 yolda z\u0259ng vuraraq ba\u015f m\u00fch\u0259ndisin m\u0259ni \u00e7a\u011f\u0131rd\u0131\u011f\u0131n\u0131 x\u0259b\u0259r verdil\u0259r. Ba\u015f m\u00fch\u0259ndis Zaur m\u00fc\u0259llimin ota\u011f\u0131nda bizd\u0259n ba\u015fqa t\u0259hl\u00fck\u0259sizlik xidm\u0259tinin r\u0259isi v\u0259 dig\u0259r \u0259m\u0259kda\u015f vard\u0131. Ota\u011fa gir\u0259n kimi Zaur M\u0259mm\u0259dov q\u0131\u015fq\u0131rma\u011fa ba\u015flad\u0131. M\u00fcnaqi\u015f\u0259y\u0259 c\u0259lb edildiyimi d\u00fc\u015f\u00fcnd\u00fcy\u00fcmd\u0259n qar\u015f\u0131l\u0131q verm\u0259dim\u201d.<\/em><\/p>\n\n\n\n<p>\u0130lkin M\u0259mm\u0259dovun s\u00f6zl\u0259rin\u0259 g\u00f6r\u0259, \u00e7\u00f6l\u0259 \u00e7\u0131x\u0131b, amma ba\u015f m\u00fch\u0259ndis daha ir\u0259li ged\u0259r\u0259k s\u00f6y\u00fc\u015fl\u0259r\u0259 ba\u015flay\u0131b. Kollektivin v\u0259 idar\u0259 r\u0259isinin yan\u0131nda onu s\u00f6y\u00fcb.<\/p>\n\n\n\n<p><em>\u201cYaln\u0131z onu dedim ki, xahi\u015f edir\u0259m m\u0259niml\u0259 s\u00f6y\u00fc\u015fl\u0259 dan\u0131\u015fmay\u0131n. N\u0259 ba\u015f verdiyini, niy\u0259 m\u00fcnaqi\u015f\u0259y\u0259 c\u0259lb olundu\u011fumu anlama\u011fa \u00e7al\u0131\u015f\u0131rd\u0131m. Bir t\u0259r\u0259fd\u0259n d\u0259 ham\u0131n\u0131n qar\u015f\u0131s\u0131nda t\u0259hqir edildiyimd\u0259n \u00fcr\u0259yim partlay\u0131rd\u0131. Video \u00e7\u0259kili\u015f ed\u0259r\u0259k sosial \u015f\u0259b\u0259k\u0259 vasit\u0259si il\u0259 \u201cAz\u0259riqaz\u201d r\u0259isi Ruslan \u018fliyev\u0259 m\u00fcraci\u0259t etdim. H\u0259min m\u00fcraci\u0259td\u0259n d\u0259rhal sonra\u00a0 \u018fm\u0259k M\u0259c\u0259ll\u0259sinin 70-ci madd\u0259sinin C b\u0259ndi il\u0259 i\u015fd\u0259n \u00e7\u0131xar\u0131ld\u0131m\u201d,-<\/em>M\u0259mm\u0259dov \u0259lav\u0259 edib.<\/p>\n\n\n<div class=\"wp-block-image\">\n<figure class=\"aligncenter size-full\"><img decoding=\"async\" width=\"1200\" height=\"800\" data-src=\"https:\/\/www.meydan.tv\/wp-content\/uploads\/untitled-design-108.jpg\" alt=\"\" class=\"wp-image-271350 lazyload\" src=\"data:image\/svg+xml;base64,PHN2ZyB3aWR0aD0iMSIgaGVpZ2h0PSIxIiB4bWxucz0iaHR0cDovL3d3dy53My5vcmcvMjAwMC9zdmciPjwvc3ZnPg==\" style=\"--smush-placeholder-width: 1200px; --smush-placeholder-aspect-ratio: 1200\/800;\" \/><\/figure>\n<\/div>\n\n\n<p>M\u0259mm\u0259dovun i\u015fd\u0259n \u00e7\u0131xar\u0131lmas\u0131na idar\u0259nin 25-d\u0259n \u00e7ox \u0259m\u0259kda\u015f\u0131 etiraz ed\u0259r\u0259k t\u0259til edibl\u0259r. Onlar Ruslan \u018fliyevd\u0259n i\u015fin ara\u015fd\u0131r\u0131lmas\u0131n\u0131 ist\u0259yibl\u0259r:<\/p>\n\n\n\n<p><em>\u201cBu d\u0259f\u0259 d\u0259 dedil\u0259r ki, guya onlar\u0131 m\u0259n \u00f6yr\u0259tmi\u015f\u0259m. Halbuki onlar r\u0259hb\u0259rliyin he\u00e7 bir ara\u015fd\u0131rma aparmadan m\u0259nim haqs\u0131z yer\u0259 i\u015fd\u0259n \u00e7\u0131xar\u0131lma\u011f\u0131ma etiraz edibl\u0259r. \u201cAz\u0259riqaz\u201d\u0131n r\u0259hb\u0259rliyi v\u0259 ya hans\u0131sa bir \u0259m\u0259kda\u015f\u0131 m\u0259niml\u0259 maraqlanmad\u0131\u011f\u0131 halda m\u0259tbuat katibi Eld\u0259niz V\u0259liyev \u00e7\u0131x\u0131\u015f ed\u0259r\u0259k m\u0259ni \u201cd\u0259st\u0259 ba\u015f\u00e7\u0131s\u0131\u201d adland\u0131r\u0131b\u201d<\/em>. M\u0259mm\u0259dov deyir ki, i\u015fl\u0259diyi d\u00f6vrd\u0259 he\u00e7 bir x\u0259b\u0259rdarl\u0131q almay\u0131b, Ruslan \u018fliyev ist\u0259s\u0259 bu m\u0259s\u0259l\u0259ni ara\u015fd\u0131ra bil\u0259r.<\/p>\n\n\n\n<p>\u201cAz\u0259riqaz\u201d\u0131n m\u0259tbuat xidm\u0259tinin r\u0259hb\u0259ri Eld\u0259niz V\u0259liyev is\u0259 bildirib ki, \u201cFacebook\u201d sosial \u015f\u0259b\u0259k\u0259sind\u0259 \u201cAz\u0259riqaz\u201d\u0131n \u00e7iling\u0259ri \u0130lkin M\u0259mm\u0259dovun h\u00fcquqlar\u0131n\u0131n pozulmas\u0131 il\u0259 ba\u011fl\u0131 m\u0259qs\u0259dy\u00f6nl\u00fc \u015f\u0259kild\u0259 yalan m\u0259lumatlar yay\u0131l\u0131r. Sosial \u015f\u0259b\u0259k\u0259d\u0259 \u201cAz\u0259riqaz\u201d\u0131 g\u00f6zd\u0259n salmaq \u00fc\u00e7\u00fcn kampaniyaya start verilib.<\/p>\n\n\n\n<p>\u201c<em>Bir ne\u00e7\u0259 ay \u0259vv\u0259l \u0130lkin M\u0259mm\u0259dov i\u015find\u0259 kobud qanun pozuntular\u0131na yol verdiyin\u0259 g\u00f6r\u0259 ciddi t\u00f6hm\u0259t al\u0131b. Bundan \u0259vv\u0259l o, d\u0259f\u0259l\u0259rl\u0259 \u015fifahi x\u0259b\u0259rdarl\u0131qlar al\u0131b. \u0130lkin M\u0259mm\u0259dov r\u0259hb\u0259rliyin q\u0259rar\u0131 il\u0259 raz\u0131la\u015fmay\u0131b, \u201cAz\u0259riqaz\u201d\u0131n \u0259m\u0259kda\u015flar\u0131n\u0131n da oldu\u011fu bir ne\u00e7\u0259 n\u0259f\u0259ri ba\u015f\u0131na y\u0131\u011faraq sosial \u015f\u0259b\u0259k\u0259l\u0259rd\u0259 r\u0259is haqq\u0131nda t\u0259hqiramiz fikirl\u0259r yaz\u0131lan videolar yayma\u011fa ba\u015flay\u0131b\u201d, &#8211;<\/em> m\u0259tbuat xidm\u0259tinin r\u0259hb\u0259ri deyir.<\/p>\n\n\n\n<p>\u0130lkin M\u0259mm\u0259dov deyil\u0259nl\u0259rl\u0259 raz\u0131la\u015fm\u0131r v\u0259 haqq\u0131n\u0131 h\u00fcquqi m\u00fcst\u0259vid\u0259 b\u0259rpa etm\u0259kd\u0259 q\u0259rarl\u0131d\u0131r.<\/p>\n","protected":false},"excerpt":{"rendered":"<p>\u0130lkin M\u0259mm\u0259dov t\u0259hqir olundu\u011funu, Ruslan \u018fliyevin \u015fikay\u0259ti il\u0259 maraqlanmad\u0131\u011f\u0131n\u0131 deyir &#8230; <\/p>\n<p class=\"read-more-container\"><a title=\"\u0130\u015fd\u0259n \u00e7\u0131xar\u0131lan \u00e7iling\u0259r \u201cAz\u0259riqaz\u201d r\u0259hb\u0259rliyini g\u00fcnahland\u0131r\u0131r\" class=\"read-more button\" href=\"https:\/\/www.meydan.tv\/az\/article\/isden-cixarilan-cilinger-azeriqaz-rehberliyini-gunahlandirir\/#more-271353\" aria-label=\"Read more about \u0130\u015fd\u0259n \u00e7\u0131xar\u0131lan \u00e7iling\u0259r \u201cAz\u0259riqaz\u201d r\u0259hb\u0259rliyini g\u00fcnahland\u0131r\u0131r\">Davam\u0131<\/a><\/p>\n","protected":false},"author":8,"featured_media":271347,"comment_status":"closed","ping_status":"closed","sticky":false,"template":"","format":"standard","meta":{"_acf_changed":false,"_sitemap_exclude":false,"_sitemap_priority":"","_sitemap_frequency":"","footnotes":""},"categories":[60,56],"tags":[],"class_list":["post-271353","post","type-post","status-publish","format-standard","has-post-thumbnail","hentry","category-bolge","category-xeberler","infinite-scroll-item","generate-columns","tablet-grid-50","mobile-grid-100","grid-parent","grid-33","no-featured-image-padding"],"acf":[],"yoast_head":"<!-- This site is optimized with the Yoast SEO plugin v27.4 - https:\/\/yoast.com\/product\/yoast-seo-wordpress\/ -->\n<title>\u0130\u015fd\u0259n \u00e7\u0131xar\u0131lan \u00e7iling\u0259r \u201cAz\u0259riqaz\u201d r\u0259hb\u0259rliyini g\u00fcnahland\u0131r\u0131r - MEYDAN.TV<\/title>\n<meta name=\"robots\" content=\"index, follow, max-snippet:-1, max-image-preview:large, max-video-preview:-1\" \/>\n<link rel=\"canonical\" href=\"https:\/\/www.meydan.tv\/az\/article\/isden-cixarilan-cilinger-azeriqaz-rehberliyini-gunahlandirir\/\" \/>\n<meta property=\"og:locale\" content=\"az_AZ\" \/>\n<meta property=\"og:type\" content=\"article\" \/>\n<meta property=\"og:title\" content=\"\u0130\u015fd\u0259n \u00e7\u0131xar\u0131lan \u00e7iling\u0259r \u201cAz\u0259riqaz\u201d r\u0259hb\u0259rliyini g\u00fcnahland\u0131r\u0131r - MEYDAN.TV\" \/>\n<meta property=\"og:description\" content=\"\u0130lkin M\u0259mm\u0259dov t\u0259hqir olundu\u011funu, Ruslan \u018fliyevin \u015fikay\u0259ti il\u0259 maraqlanmad\u0131\u011f\u0131n\u0131 deyir ... Davam\u0131\" \/>\n<meta property=\"og:url\" content=\"https:\/\/www.meydan.tv\/az\/article\/isden-cixarilan-cilinger-azeriqaz-rehberliyini-gunahlandirir\/\" \/>\n<meta property=\"og:site_name\" content=\"MEYDAN.TV\" \/>\n<meta property=\"article:published_time\" content=\"2023-03-26T10:17:44+00:00\" \/>\n<meta property=\"article:modified_time\" content=\"2023-03-26T10:17:46+00:00\" \/>\n<meta property=\"og:image\" content=\"https:\/\/www.meydan.tv\/wp-content\/uploads\/untitled-design-1-64.jpg\" \/>\n\t<meta property=\"og:image:width\" content=\"1200\" \/>\n\t<meta property=\"og:image:height\" content=\"800\" \/>\n\t<meta property=\"og:image:type\" content=\"image\/jpeg\" \/>\n<meta name=\"author\" content=\"elli\" \/>\n<meta name=\"twitter:card\" content=\"summary_large_image\" \/>\n<meta name=\"twitter:creator\" content=\"@elli\" \/>\n<script type=\"application\/ld+json\" class=\"yoast-schema-graph\">{\"@context\":\"https:\\\/\\\/schema.org\",\"@graph\":[{\"@type\":\"Article\",\"@id\":\"https:\\\/\\\/www.meydan.tv\\\/az\\\/article\\\/isden-cixarilan-cilinger-azeriqaz-rehberliyini-gunahlandirir\\\/#article\",\"isPartOf\":{\"@id\":\"https:\\\/\\\/www.meydan.tv\\\/az\\\/article\\\/isden-cixarilan-cilinger-azeriqaz-rehberliyini-gunahlandirir\\\/\"},\"author\":{\"name\":\"elli\",\"@id\":\"https:\\\/\\\/www.meydan.tv\\\/az\\\/#\\\/schema\\\/person\\\/9cdbecf90d17180ce1dfbd95b08dcf47\"},\"headline\":\"\u0130\u015fd\u0259n \u00e7\u0131xar\u0131lan \u00e7iling\u0259r \u201cAz\u0259riqaz\u201d r\u0259hb\u0259rliyini g\u00fcnahland\u0131r\u0131r\",\"datePublished\":\"2023-03-26T10:17:44+00:00\",\"dateModified\":\"2023-03-26T10:17:46+00:00\",\"mainEntityOfPage\":{\"@id\":\"https:\\\/\\\/www.meydan.tv\\\/az\\\/article\\\/isden-cixarilan-cilinger-azeriqaz-rehberliyini-gunahlandirir\\\/\"},\"wordCount\":881,\"publisher\":{\"@id\":\"https:\\\/\\\/www.meydan.tv\\\/az\\\/#organization\"},\"image\":{\"@id\":\"https:\\\/\\\/www.meydan.tv\\\/az\\\/article\\\/isden-cixarilan-cilinger-azeriqaz-rehberliyini-gunahlandirir\\\/#primaryimage\"},\"thumbnailUrl\":\"https:\\\/\\\/www.meydan.tv\\\/wp-content\\\/uploads\\\/untitled-design-1-64.jpg\",\"articleSection\":[\"B\u00f6lg\u0259\",\"X\u0259b\u0259rl\u0259r\"],\"inLanguage\":\"az\"},{\"@type\":\"WebPage\",\"@id\":\"https:\\\/\\\/www.meydan.tv\\\/az\\\/article\\\/isden-cixarilan-cilinger-azeriqaz-rehberliyini-gunahlandirir\\\/\",\"url\":\"https:\\\/\\\/www.meydan.tv\\\/az\\\/article\\\/isden-cixarilan-cilinger-azeriqaz-rehberliyini-gunahlandirir\\\/\",\"name\":\"\u0130\u015fd\u0259n \u00e7\u0131xar\u0131lan \u00e7iling\u0259r \u201cAz\u0259riqaz\u201d r\u0259hb\u0259rliyini g\u00fcnahland\u0131r\u0131r - MEYDAN.TV\",\"isPartOf\":{\"@id\":\"https:\\\/\\\/www.meydan.tv\\\/az\\\/#website\"},\"primaryImageOfPage\":{\"@id\":\"https:\\\/\\\/www.meydan.tv\\\/az\\\/article\\\/isden-cixarilan-cilinger-azeriqaz-rehberliyini-gunahlandirir\\\/#primaryimage\"},\"image\":{\"@id\":\"https:\\\/\\\/www.meydan.tv\\\/az\\\/article\\\/isden-cixarilan-cilinger-azeriqaz-rehberliyini-gunahlandirir\\\/#primaryimage\"},\"thumbnailUrl\":\"https:\\\/\\\/www.meydan.tv\\\/wp-content\\\/uploads\\\/untitled-design-1-64.jpg\",\"datePublished\":\"2023-03-26T10:17:44+00:00\",\"dateModified\":\"2023-03-26T10:17:46+00:00\",\"breadcrumb\":{\"@id\":\"https:\\\/\\\/www.meydan.tv\\\/az\\\/article\\\/isden-cixarilan-cilinger-azeriqaz-rehberliyini-gunahlandirir\\\/#breadcrumb\"},\"inLanguage\":\"az\",\"potentialAction\":[{\"@type\":\"ReadAction\",\"target\":[\"https:\\\/\\\/www.meydan.tv\\\/az\\\/article\\\/isden-cixarilan-cilinger-azeriqaz-rehberliyini-gunahlandirir\\\/\"]}]},{\"@type\":\"ImageObject\",\"inLanguage\":\"az\",\"@id\":\"https:\\\/\\\/www.meydan.tv\\\/az\\\/article\\\/isden-cixarilan-cilinger-azeriqaz-rehberliyini-gunahlandirir\\\/#primaryimage\",\"url\":\"https:\\\/\\\/www.meydan.tv\\\/wp-content\\\/uploads\\\/untitled-design-1-64.jpg\",\"contentUrl\":\"https:\\\/\\\/www.meydan.tv\\\/wp-content\\\/uploads\\\/untitled-design-1-64.jpg\",\"width\":1200,\"height\":800,\"caption\":\"\u0130lkin M\u0259mm\u0259dovun i\u015fd\u0259n \u00e7\u0131xar\u0131lmas\u0131na etiraz ed\u0259n i\u015f yolda\u015flar\u0131. Fotolar: Meydan TV\"},{\"@type\":\"BreadcrumbList\",\"@id\":\"https:\\\/\\\/www.meydan.tv\\\/az\\\/article\\\/isden-cixarilan-cilinger-azeriqaz-rehberliyini-gunahlandirir\\\/#breadcrumb\",\"itemListElement\":[{\"@type\":\"ListItem\",\"position\":1,\"name\":\"Ana s\u0259hif\u0259\",\"item\":\"https:\\\/\\\/www.meydan.tv\\\/az\\\/\"},{\"@type\":\"ListItem\",\"position\":2,\"name\":\"B\u00f6lg\u0259\",\"item\":\"https:\\\/\\\/www.meydan.tv\\\/az\\\/section\\\/bolge\\\/\"},{\"@type\":\"ListItem\",\"position\":3,\"name\":\"\u0130\u015fd\u0259n \u00e7\u0131xar\u0131lan \u00e7iling\u0259r \u201cAz\u0259riqaz\u201d r\u0259hb\u0259rliyini g\u00fcnahland\u0131r\u0131r\"}]},{\"@type\":\"WebSite\",\"@id\":\"https:\\\/\\\/www.meydan.tv\\\/az\\\/#website\",\"url\":\"https:\\\/\\\/www.meydan.tv\\\/az\\\/\",\"name\":\"MEYDAN.TV\",\"description\":\"Meydan TV Az\u0259rbaycan\u0131n media m\u0259kan\u0131ndak\u0131 alternativ s\u0259sidir\",\"publisher\":{\"@id\":\"https:\\\/\\\/www.meydan.tv\\\/az\\\/#organization\"},\"potentialAction\":[{\"@type\":\"SearchAction\",\"target\":{\"@type\":\"EntryPoint\",\"urlTemplate\":\"https:\\\/\\\/www.meydan.tv\\\/az\\\/?s={search_term_string}\"},\"query-input\":{\"@type\":\"PropertyValueSpecification\",\"valueRequired\":true,\"valueName\":\"search_term_string\"}}],\"inLanguage\":\"az\"},{\"@type\":\"Organization\",\"@id\":\"https:\\\/\\\/www.meydan.tv\\\/az\\\/#organization\",\"name\":\"Meydan TV\",\"url\":\"https:\\\/\\\/www.meydan.tv\\\/az\\\/\",\"logo\":{\"@type\":\"ImageObject\",\"inLanguage\":\"az\",\"@id\":\"https:\\\/\\\/www.meydan.tv\\\/az\\\/#\\\/schema\\\/logo\\\/image\\\/\",\"url\":\"https:\\\/\\\/www.meydan.tv\\\/wp-content\\\/uploads\\\/2021\\\/07\\\/meydan-logo.svg\",\"contentUrl\":\"https:\\\/\\\/www.meydan.tv\\\/wp-content\\\/uploads\\\/2021\\\/07\\\/meydan-logo.svg\",\"width\":195,\"height\":46,\"caption\":\"Meydan TV\"},\"image\":{\"@id\":\"https:\\\/\\\/www.meydan.tv\\\/az\\\/#\\\/schema\\\/logo\\\/image\\\/\"}},{\"@type\":\"Person\",\"@id\":\"https:\\\/\\\/www.meydan.tv\\\/az\\\/#\\\/schema\\\/person\\\/9cdbecf90d17180ce1dfbd95b08dcf47\",\"name\":\"elli\",\"sameAs\":[\"https:\\\/\\\/x.com\\\/elli\"]}]}<\/script>\n<!-- \/ Yoast SEO plugin. -->","yoast_head_json":{"title":"\u0130\u015fd\u0259n \u00e7\u0131xar\u0131lan \u00e7iling\u0259r \u201cAz\u0259riqaz\u201d r\u0259hb\u0259rliyini g\u00fcnahland\u0131r\u0131r - MEYDAN.TV","robots":{"index":"index","follow":"follow","max-snippet":"max-snippet:-1","max-image-preview":"max-image-preview:large","max-video-preview":"max-video-preview:-1"},"canonical":"https:\/\/www.meydan.tv\/az\/article\/isden-cixarilan-cilinger-azeriqaz-rehberliyini-gunahlandirir\/","og_locale":"az_AZ","og_type":"article","og_title":"\u0130\u015fd\u0259n \u00e7\u0131xar\u0131lan \u00e7iling\u0259r \u201cAz\u0259riqaz\u201d r\u0259hb\u0259rliyini g\u00fcnahland\u0131r\u0131r - MEYDAN.TV","og_description":"\u0130lkin M\u0259mm\u0259dov t\u0259hqir olundu\u011funu, Ruslan \u018fliyevin \u015fikay\u0259ti il\u0259 maraqlanmad\u0131\u011f\u0131n\u0131 deyir ... Davam\u0131","og_url":"https:\/\/www.meydan.tv\/az\/article\/isden-cixarilan-cilinger-azeriqaz-rehberliyini-gunahlandirir\/","og_site_name":"MEYDAN.TV","article_published_time":"2023-03-26T10:17:44+00:00","article_modified_time":"2023-03-26T10:17:46+00:00","og_image":[{"width":1200,"height":800,"url":"https:\/\/www.meydan.tv\/wp-content\/uploads\/untitled-design-1-64.jpg","type":"image\/jpeg"}],"author":"elli","twitter_card":"summary_large_image","twitter_creator":"@elli","schema":{"@context":"https:\/\/schema.org","@graph":[{"@type":"Article","@id":"https:\/\/www.meydan.tv\/az\/article\/isden-cixarilan-cilinger-azeriqaz-rehberliyini-gunahlandirir\/#article","isPartOf":{"@id":"https:\/\/www.meydan.tv\/az\/article\/isden-cixarilan-cilinger-azeriqaz-rehberliyini-gunahlandirir\/"},"author":{"name":"elli","@id":"https:\/\/www.meydan.tv\/az\/#\/schema\/person\/9cdbecf90d17180ce1dfbd95b08dcf47"},"headline":"\u0130\u015fd\u0259n \u00e7\u0131xar\u0131lan \u00e7iling\u0259r \u201cAz\u0259riqaz\u201d r\u0259hb\u0259rliyini g\u00fcnahland\u0131r\u0131r","datePublished":"2023-03-26T10:17:44+00:00","dateModified":"2023-03-26T10:17:46+00:00","mainEntityOfPage":{"@id":"https:\/\/www.meydan.tv\/az\/article\/isden-cixarilan-cilinger-azeriqaz-rehberliyini-gunahlandirir\/"},"wordCount":881,"publisher":{"@id":"https:\/\/www.meydan.tv\/az\/#organization"},"image":{"@id":"https:\/\/www.meydan.tv\/az\/article\/isden-cixarilan-cilinger-azeriqaz-rehberliyini-gunahlandirir\/#primaryimage"},"thumbnailUrl":"https:\/\/www.meydan.tv\/wp-content\/uploads\/untitled-design-1-64.jpg","articleSection":["B\u00f6lg\u0259","X\u0259b\u0259rl\u0259r"],"inLanguage":"az"},{"@type":"WebPage","@id":"https:\/\/www.meydan.tv\/az\/article\/isden-cixarilan-cilinger-azeriqaz-rehberliyini-gunahlandirir\/","url":"https:\/\/www.meydan.tv\/az\/article\/isden-cixarilan-cilinger-azeriqaz-rehberliyini-gunahlandirir\/","name":"\u0130\u015fd\u0259n \u00e7\u0131xar\u0131lan \u00e7iling\u0259r \u201cAz\u0259riqaz\u201d r\u0259hb\u0259rliyini g\u00fcnahland\u0131r\u0131r - MEYDAN.TV","isPartOf":{"@id":"https:\/\/www.meydan.tv\/az\/#website"},"primaryImageOfPage":{"@id":"https:\/\/www.meydan.tv\/az\/article\/isden-cixarilan-cilinger-azeriqaz-rehberliyini-gunahlandirir\/#primaryimage"},"image":{"@id":"https:\/\/www.meydan.tv\/az\/article\/isden-cixarilan-cilinger-azeriqaz-rehberliyini-gunahlandirir\/#primaryimage"},"thumbnailUrl":"https:\/\/www.meydan.tv\/wp-content\/uploads\/untitled-design-1-64.jpg","datePublished":"2023-03-26T10:17:44+00:00","dateModified":"2023-03-26T10:17:46+00:00","breadcrumb":{"@id":"https:\/\/www.meydan.tv\/az\/article\/isden-cixarilan-cilinger-azeriqaz-rehberliyini-gunahlandirir\/#breadcrumb"},"inLanguage":"az","potentialAction":[{"@type":"ReadAction","target":["https:\/\/www.meydan.tv\/az\/article\/isden-cixarilan-cilinger-azeriqaz-rehberliyini-gunahlandirir\/"]}]},{"@type":"ImageObject","inLanguage":"az","@id":"https:\/\/www.meydan.tv\/az\/article\/isden-cixarilan-cilinger-azeriqaz-rehberliyini-gunahlandirir\/#primaryimage","url":"https:\/\/www.meydan.tv\/wp-content\/uploads\/untitled-design-1-64.jpg","contentUrl":"https:\/\/www.meydan.tv\/wp-content\/uploads\/untitled-design-1-64.jpg","width":1200,"height":800,"caption":"\u0130lkin M\u0259mm\u0259dovun i\u015fd\u0259n \u00e7\u0131xar\u0131lmas\u0131na etiraz ed\u0259n i\u015f yolda\u015flar\u0131. Fotolar: Meydan TV"},{"@type":"BreadcrumbList","@id":"https:\/\/www.meydan.tv\/az\/article\/isden-cixarilan-cilinger-azeriqaz-rehberliyini-gunahlandirir\/#breadcrumb","itemListElement":[{"@type":"ListItem","position":1,"name":"Ana s\u0259hif\u0259","item":"https:\/\/www.meydan.tv\/az\/"},{"@type":"ListItem","position":2,"name":"B\u00f6lg\u0259","item":"https:\/\/www.meydan.tv\/az\/section\/bolge\/"},{"@type":"ListItem","position":3,"name":"\u0130\u015fd\u0259n \u00e7\u0131xar\u0131lan \u00e7iling\u0259r \u201cAz\u0259riqaz\u201d r\u0259hb\u0259rliyini g\u00fcnahland\u0131r\u0131r"}]},{"@type":"WebSite","@id":"https:\/\/www.meydan.tv\/az\/#website","url":"https:\/\/www.meydan.tv\/az\/","name":"MEYDAN.TV","description":"Meydan TV Az\u0259rbaycan\u0131n media m\u0259kan\u0131ndak\u0131 alternativ s\u0259sidir","publisher":{"@id":"https:\/\/www.meydan.tv\/az\/#organization"},"potentialAction":[{"@type":"SearchAction","target":{"@type":"EntryPoint","urlTemplate":"https:\/\/www.meydan.tv\/az\/?s={search_term_string}"},"query-input":{"@type":"PropertyValueSpecification","valueRequired":true,"valueName":"search_term_string"}}],"inLanguage":"az"},{"@type":"Organization","@id":"https:\/\/www.meydan.tv\/az\/#organization","name":"Meydan TV","url":"https:\/\/www.meydan.tv\/az\/","logo":{"@type":"ImageObject","inLanguage":"az","@id":"https:\/\/www.meydan.tv\/az\/#\/schema\/logo\/image\/","url":"https:\/\/www.meydan.tv\/wp-content\/uploads\/2021\/07\/meydan-logo.svg","contentUrl":"https:\/\/www.meydan.tv\/wp-content\/uploads\/2021\/07\/meydan-logo.svg","width":195,"height":46,"caption":"Meydan TV"},"image":{"@id":"https:\/\/www.meydan.tv\/az\/#\/schema\/logo\/image\/"}},{"@type":"Person","@id":"https:\/\/www.meydan.tv\/az\/#\/schema\/person\/9cdbecf90d17180ce1dfbd95b08dcf47","name":"elli","sameAs":["https:\/\/x.com\/elli"]}]}},"_links":{"self":[{"href":"https:\/\/www.meydan.tv\/az\/wp-json\/wp\/v2\/posts\/271353","targetHints":{"allow":["GET"]}}],"collection":[{"href":"https:\/\/www.meydan.tv\/az\/wp-json\/wp\/v2\/posts"}],"about":[{"href":"https:\/\/www.meydan.tv\/az\/wp-json\/wp\/v2\/types\/post"}],"author":[{"embeddable":true,"href":"https:\/\/www.meydan.tv\/az\/wp-json\/wp\/v2\/users\/8"}],"replies":[{"embeddable":true,"href":"https:\/\/www.meydan.tv\/az\/wp-json\/wp\/v2\/comments?post=271353"}],"version-history":[{"count":1,"href":"https:\/\/www.meydan.tv\/az\/wp-json\/wp\/v2\/posts\/271353\/revisions"}],"predecessor-version":[{"id":271354,"href":"https:\/\/www.meydan.tv\/az\/wp-json\/wp\/v2\/posts\/271353\/revisions\/271354"}],"wp:featuredmedia":[{"embeddable":true,"href":"https:\/\/www.meydan.tv\/az\/wp-json\/wp\/v2\/media\/271347"}],"wp:attachment":[{"href":"https:\/\/www.meydan.tv\/az\/wp-json\/wp\/v2\/media?parent=271353"}],"wp:term":[{"taxonomy":"category","embeddable":true,"href":"https:\/\/www.meydan.tv\/az\/wp-json\/wp\/v2\/categories?post=271353"},{"taxonomy":"post_tag","embeddable":true,"href":"https:\/\/www.meydan.tv\/az\/wp-json\/wp\/v2\/tags?post=271353"}],"curies":[{"name":"wp","href":"https:\/\/api.w.org\/{rel}","templated":true}]}}