{"id":271345,"date":"2023-03-26T12:42:47","date_gmt":"2023-03-26T08:42:47","guid":{"rendered":"https:\/\/www.meydan.tv\/?p=271345"},"modified":"2023-03-26T12:42:53","modified_gmt":"2023-03-26T08:42:53","slug":"fermer-belediyye-sedri-mene-satdigi-erazini-oglunun-adina-senedlesdirib","status":"publish","type":"post","link":"https:\/\/www.meydan.tv\/az\/article\/fermer-belediyye-sedri-mene-satdigi-erazini-oglunun-adina-senedlesdirib\/","title":{"rendered":"Fermer: \u201cB\u0259l\u0259diyy\u0259 s\u0259dri m\u0259n\u0259 satd\u0131\u011f\u0131 \u0259razini o\u011flunun ad\u0131na s\u0259n\u0259dl\u0259\u015fdirib\u201d"},"content":{"rendered":"\n<p><\/p>\n\n\n\n<p><strong><em>K\u0259nd sakinl\u0259ri \u00f6r\u00fc\u015f sah\u0259l\u0259rinin sat\u0131ld\u0131\u011f\u0131n\u0131 deyir<\/em><\/strong><\/p>\n\n\n\n<p>Sabirabad\u0131n M\u0259mi\u015fl\u0259r k\u0259ndind\u0259 t\u00f6vl\u0259 tikdir\u0259n S\u0259xav\u0259t \u018fhm\u0259d o\u011flu B\u0259d\u0259lov 8 ildir \u0259razini s\u0259n\u0259dl\u0259\u015fdir\u0259 bilm\u0259diyini deyir.<\/p>\n\n\n\n<p><em>\u201c2015-ci ild\u0259 b\u0259l\u0259diyy\u0259y\u0259 35 min manat \u00f6d\u0259y\u0259r\u0259k \u0259razi alm\u0131\u015fam v\u0259 3500 kvadrat \u0259razid\u0259 900 ba\u015f heyvan \u00fc\u00e7\u00fcn t\u00f6vl\u0259 tikdirmi\u015f\u0259m. H\u0259min vaxtdan indiy\u0259d\u0259k \u0259razinin s\u0259n\u0259dl\u0259rini ala bilmir\u0259m. N\u0259 vaxt s\u0259n\u0259d t\u0259l\u0259b ets\u0259m, t\u00f6vl\u0259nin s\u00f6kd\u00fcr\u00fcl\u0259c\u0259yi il\u0259 h\u0259d\u0259l\u0259nir\u0259m\u201d, <\/em>&#8211; k\u0259nd sakini Meydan TV-y\u0259 \u015fikay\u0259tl\u0259nir.<\/p>\n\n\n\n<p>S\u0259xav\u0259t B\u0259d\u0259lovun s\u00f6zl\u0259rin\u0259 g\u00f6r\u0259, M\u0259mi\u015fl\u0259r k\u0259ndind\u0259 70 iribuynuzlu heyvan\u0131, 200 qoyunu var. \u018frazini ke\u00e7mi\u015f b\u0259l\u0259diyy\u0259 s\u0259dri Nazira\u011fa Quliyev i\u015fl\u0259diyi d\u00f6vrd\u0259 al\u0131b, t\u00f6vl\u0259nin tikintisin\u0259 200 min manat x\u0259rl\u0259yib:<\/p>\n\n\n\n<p><em>\u201cSonradan bildim ki, s\u0259n\u0259dl\u0259ri \u00f6z o\u011flu R\u00f6v\u015f\u0259n Quliyevin ad\u0131na r\u0259smil\u0259\u015fdirib. \u0130ndi deyirl\u0259r ki, guya \u0259razini m\u0259n\u0259 icar\u0259y\u0259 veribl\u0259r. Kim icar\u0259y\u0259 g\u00f6t\u00fcrd\u00fcy\u00fc yer\u0259 200 min manat x\u0259rl\u0259y\u0259r? \u018flaq\u0259dar qurumlardan k\u00f6m\u0259klik g\u00f6st\u0259rilm\u0259sini ist\u0259yir\u0259m\u201d.<\/em><\/p>\n\n\n\n<p>\u015eikay\u0259t\u00e7i s\u00f6yl\u0259yib ki, s\u0259n\u0259dl\u0259\u015fdirm\u0259 m\u0259qs\u0259dil\u0259 bir il \u0259rzind\u0259 35 min manat \u00f6d\u0259yib, bundan ba\u015fqa, 7 min manat da \u0259lav\u0259 x\u0259rcl\u0259r \u00fc\u00e7\u00fcn verib. \u018frazid\u0259 tikinti i\u015fl\u0259ri apar\u0131b, amma s\u0259n\u0259dl\u0259r haz\u0131r olmad\u0131\u011f\u0131ndan yar\u0131m\u00e7\u0131q saxlay\u0131b v\u0259 heyvanlar\u0131 t\u00f6vl\u0259d\u0259n \u00e7\u0131xar\u0131b.<\/p>\n\n\n\n<p><em>\u201cOt do\u011frayan avadanl\u0131\u011f\u0131m, traktorlar\u0131m, \u0259kin \u00fc\u00e7\u00fcn avadanl\u0131qlar\u0131m vard\u0131. Ukraynada i\u015fl\u0259yirdim, pandemiya ba\u015flad\u0131, get-g\u0259l \u00e7\u0259tinl\u0259\u015fdi. K\u0259nd\u0259 geri d\u00f6n\u0259nd\u0259 40 min manatl\u0131q avadanl\u0131\u011f\u0131mn sat\u0131ld\u0131\u011f\u0131n\u0131 bildim. Qoyunlar\u0131m\u0131 aparm\u0131\u015fd\u0131lar, polis\u0259 \u015fikay\u0259td\u0259n sonra 3 qoyun \u0259skik olmaqla qaytard\u0131lar\u201d,-<\/em>S.B\u0259d\u0259lov bildirib<\/p>\n\n\n<div class=\"wp-block-image\">\n<figure class=\"aligncenter size-full\"><img decoding=\"async\" width=\"1200\" height=\"644\" data-src=\"https:\/\/www.meydan.tv\/wp-content\/uploads\/image-24-03-23-04-59-1.jpeg\" alt=\"\" class=\"wp-image-271332 lazyload\" src=\"data:image\/svg+xml;base64,PHN2ZyB3aWR0aD0iMSIgaGVpZ2h0PSIxIiB4bWxucz0iaHR0cDovL3d3dy53My5vcmcvMjAwMC9zdmciPjwvc3ZnPg==\" style=\"--smush-placeholder-width: 1200px; --smush-placeholder-aspect-ratio: 1200\/644;\" \/><figcaption class=\"wp-element-caption\"> M\u0259mi\u015fl\u0259r k\u0259ndi<\/figcaption><\/figure>\n<\/div>\n\n\n<p>\u015eikay\u0259t\u00e7i deyir ki, h\u00fcquq-m\u00fchafiz\u0259 orqanlar\u0131na m\u00fcraci\u0259t edib:<\/p>\n\n\n\n<p><em>\u00a0\u201cK\u0259ndin stadionunu, k\u00f6hn\u0259 tikilil\u0259ri d\u0259 sat\u0131l\u0131b. \u015eikay\u0259timiz\u0259 bax\u0131lm\u0131r, m\u0259hk\u0259m\u0259y\u0259 d\u0259 m\u00fcraci\u0259t ed\u0259c\u0259m\u201d.<\/em><\/p>\n\n\n\n<p>Dig\u0259r k\u0259nd sakinl\u0259ri d\u0259 Meydan TV-y\u0259 m\u00fcraci\u0259t ed\u0259r\u0259k \u00f6r\u00fc\u015f torpaqlar\u0131n\u0131n sat\u0131ld\u0131\u011f\u0131n\u0131 deyibl\u0259r:<\/p>\n\n\n\n<p>\u201c<em>Kanal qaz\u0131blar, amma m\u00fchasir\u0259y\u0259 al\u0131blar, k\u0259ndlil\u0259r istifad\u0259 ed\u0259 bilmirl\u0259r. K\u0259nd sakinl\u0259ri adama 2-3 manatdan y\u0131\u011fd\u0131q, yol sald\u0131rd\u0131q, onu da g\u0259lib qaz\u0131blar ki, heyvanlar ke\u00e7ib ged\u0259 bilm\u0259sin. \u00d6r\u00fc\u015f sah\u0259l\u0259rind\u0259n istifad\u0259 ed\u0259 bilmirik\u201d.<\/em><\/p>\n\n\n\n<p>K\u0259ndlil\u0259r deyibl\u0259r ki, m\u0259hk\u0259m\u0259y\u0259 ver\u0259r\u0259k h\u0259min \u0259razil\u0259rin \u00f6r\u00fc\u015f sah\u0259l\u0259ri oldu\u011funu s\u00fcbut edibl\u0259r:<\/p>\n\n\n\n<p><em>\u201cMal-qaran\u0131 otlaq sah\u0259sin\u0259 buraxm\u0131rlar, \u00e7\u0259tinlikl\u0259 \u00fczl\u0259\u015firik. 50 hektar \u00f6r\u00fc\u015f sah\u0259si z\u0259bt olunub. 28 hektar \u0259razi birin\u0259 verilib, 13 hektar yer vard\u0131, onun da 3 hektar yar\u0131m\u0131n\u0131 g\u00f6t\u00fcr\u00fcbl\u0259r. K\u0259ndd\u0259ki \u00f6r\u00fc\u015f sah\u0259l\u0259ri onsuz da k\u0259nd \u0259halisinin t\u0259l\u0259bat\u0131n\u0131 \u00f6d\u0259mir, \u00fcst\u0259lik onu da tutub \u0259limizd\u0259n al\u0131blar\u201d.<\/em><\/p>\n\n\n<div class=\"wp-block-image\">\n<figure class=\"aligncenter size-full\"><img decoding=\"async\" width=\"1200\" height=\"594\" data-src=\"https:\/\/www.meydan.tv\/wp-content\/uploads\/image-24-03-23-04-59-3.jpeg\" alt=\"\" class=\"wp-image-271329 lazyload\" src=\"data:image\/svg+xml;base64,PHN2ZyB3aWR0aD0iMSIgaGVpZ2h0PSIxIiB4bWxucz0iaHR0cDovL3d3dy53My5vcmcvMjAwMC9zdmciPjwvc3ZnPg==\" style=\"--smush-placeholder-width: 1200px; --smush-placeholder-aspect-ratio: 1200\/594;\" \/><figcaption class=\"wp-element-caption\">S\u0259xav\u0259t B\u0259d\u0259lov<\/figcaption><\/figure>\n<\/div>\n\n\n<p>M\u0259mi\u015fl\u0259r Qaralar K\u0259nd B\u0259l\u0259diyy\u0259sinin inzibati \u0259razisin\u0259 daxildir. K\u0259nd b\u0259l\u0259diyy\u0259sinin s\u0259dri Niyam\u0259ddin M\u0259mm\u0259dov deyib ki, S\u0259xav\u0259t B\u0259l\u0259dov h\u0259min k\u0259ndin sakini deyil, \u0259razi \u00fczr\u0259 m\u00fcbahis\u0259 is\u0259 iki n\u0259f\u0259r aras\u0131ndad\u0131r, bunun b\u0259l\u0259diyy\u0259y\u0259 aidiyyat\u0131 yoxdur: <\/p>\n\n\n\n<p><em>\u201cH\u0259min \u0259razi b\u0259l\u0259diyy\u0259nin m\u00fclkiyy\u0259tind\u0259dir, h\u0259rrac vasit\u0259sil\u0259 15 illik icar\u0259y\u0259 verilib. S\u0259n\u0259dl\u0259r R.Quliyevin ad\u0131na ill\u0259r \u0259vv\u0259l s\u0259n\u0259dl\u0259\u015fdirilib. T\u0259r\u0259fl\u0259rin m\u00fcbahis\u0259sin\u0259 b\u0259l\u0259diyy\u0259 m\u00fcdaxil\u0259 ed\u0259 bilm\u0259z, biz\u0259 t\u0259qdim edil\u0259n s\u0259n\u0259d \u0259sas\u0131nda dan\u0131\u015fa bil\u0259rik\u201d.<\/em><\/p>\n\n\n\n<p>B\u0259l\u0259diyy\u0259 s\u0259dri dig\u0259r k\u0259nd sakinl\u0259rinin \u00f6r\u00fc\u015f yerl\u0259ri il\u0259 ba\u011fl\u0131 naraz\u0131l\u0131qlar\u0131 il\u0259 raz\u0131la\u015fmay\u0131b. Bildirib ki, \u00f6r\u00fc\u015f yerl\u0259ri sat\u0131lmay\u0131b, yaln\u0131z h\u0259y\u0259tyan\u0131 sah\u0259l\u0259r sat\u0131\u015fa \u00e7\u0131xar\u0131l\u0131r:<\/p>\n\n\n\n<p>\u00a0\u201c<em>\u00d6r\u00fc\u015f yerl\u0259ri sat\u0131la bilm\u0259z, deyil\u0259nl\u0259r yaland\u0131r\u201d.<\/em><\/p>\n\n\n\n<p>N.Quliyev\u0259 m\u0259xsus oldu\u011fu deyil\u0259n telefonlara is\u0259 z\u0259ng \u00e7atmay\u0131b.<\/p>\n","protected":false},"excerpt":{"rendered":"<p>K\u0259nd sakinl\u0259ri \u00f6r\u00fc\u015f sah\u0259l\u0259rinin sat\u0131ld\u0131\u011f\u0131n\u0131 deyir Sabirabad\u0131n M\u0259mi\u015fl\u0259r k\u0259ndind\u0259 t\u00f6vl\u0259 &#8230; <\/p>\n<p class=\"read-more-container\"><a title=\"Fermer: \u201cB\u0259l\u0259diyy\u0259 s\u0259dri m\u0259n\u0259 satd\u0131\u011f\u0131 \u0259razini o\u011flunun ad\u0131na s\u0259n\u0259dl\u0259\u015fdirib\u201d\" class=\"read-more button\" href=\"https:\/\/www.meydan.tv\/az\/article\/fermer-belediyye-sedri-mene-satdigi-erazini-oglunun-adina-senedlesdirib\/#more-271345\" aria-label=\"Read more about Fermer: \u201cB\u0259l\u0259diyy\u0259 s\u0259dri m\u0259n\u0259 satd\u0131\u011f\u0131 \u0259razini o\u011flunun ad\u0131na s\u0259n\u0259dl\u0259\u015fdirib\u201d\">Davam\u0131<\/a><\/p>\n","protected":false},"author":8,"featured_media":271335,"comment_status":"closed","ping_status":"closed","sticky":false,"template":"","format":"standard","meta":{"_acf_changed":false,"_sitemap_exclude":false,"_sitemap_priority":"","_sitemap_frequency":"","footnotes":""},"categories":[60,79,56],"tags":[],"class_list":["post-271345","post","type-post","status-publish","format-standard","has-post-thumbnail","hentry","category-bolge","category-featured","category-xeberler","infinite-scroll-item","generate-columns","tablet-grid-50","mobile-grid-100","grid-parent","grid-33","no-featured-image-padding"],"acf":[],"yoast_head":"<!-- This site is optimized with the Yoast SEO plugin v27.5 - https:\/\/yoast.com\/product\/yoast-seo-wordpress\/ -->\n<title>Fermer: \u201cB\u0259l\u0259diyy\u0259 s\u0259dri m\u0259n\u0259 satd\u0131\u011f\u0131 \u0259razini o\u011flunun ad\u0131na s\u0259n\u0259dl\u0259\u015fdirib\u201d - MEYDAN.TV<\/title>\n<meta name=\"robots\" content=\"index, follow, max-snippet:-1, max-image-preview:large, max-video-preview:-1\" \/>\n<link rel=\"canonical\" href=\"https:\/\/www.meydan.tv\/az\/article\/fermer-belediyye-sedri-mene-satdigi-erazini-oglunun-adina-senedlesdirib\/\" \/>\n<meta property=\"og:locale\" content=\"az_AZ\" \/>\n<meta property=\"og:type\" content=\"article\" \/>\n<meta property=\"og:title\" content=\"Fermer: \u201cB\u0259l\u0259diyy\u0259 s\u0259dri m\u0259n\u0259 satd\u0131\u011f\u0131 \u0259razini o\u011flunun ad\u0131na s\u0259n\u0259dl\u0259\u015fdirib\u201d - MEYDAN.TV\" \/>\n<meta property=\"og:description\" content=\"K\u0259nd sakinl\u0259ri \u00f6r\u00fc\u015f sah\u0259l\u0259rinin sat\u0131ld\u0131\u011f\u0131n\u0131 deyir Sabirabad\u0131n M\u0259mi\u015fl\u0259r k\u0259ndind\u0259 t\u00f6vl\u0259 ... Davam\u0131\" \/>\n<meta property=\"og:url\" content=\"https:\/\/www.meydan.tv\/az\/article\/fermer-belediyye-sedri-mene-satdigi-erazini-oglunun-adina-senedlesdirib\/\" \/>\n<meta property=\"og:site_name\" content=\"MEYDAN.TV\" \/>\n<meta property=\"article:published_time\" content=\"2023-03-26T08:42:47+00:00\" \/>\n<meta property=\"article:modified_time\" content=\"2023-03-26T08:42:53+00:00\" \/>\n<meta property=\"og:image\" content=\"https:\/\/www.meydan.tv\/wp-content\/uploads\/image-24-03-23-04-59_720-e1679820158392.jpg\" \/>\n\t<meta property=\"og:image:width\" content=\"1200\" \/>\n\t<meta property=\"og:image:height\" content=\"465\" \/>\n\t<meta property=\"og:image:type\" content=\"image\/jpeg\" \/>\n<meta name=\"author\" content=\"elli\" \/>\n<meta name=\"twitter:card\" content=\"summary_large_image\" \/>\n<meta name=\"twitter:creator\" content=\"@elli\" \/>\n<script type=\"application\/ld+json\" class=\"yoast-schema-graph\">{\"@context\":\"https:\\\/\\\/schema.org\",\"@graph\":[{\"@type\":\"Article\",\"@id\":\"https:\\\/\\\/www.meydan.tv\\\/az\\\/article\\\/fermer-belediyye-sedri-mene-satdigi-erazini-oglunun-adina-senedlesdirib\\\/#article\",\"isPartOf\":{\"@id\":\"https:\\\/\\\/www.meydan.tv\\\/az\\\/article\\\/fermer-belediyye-sedri-mene-satdigi-erazini-oglunun-adina-senedlesdirib\\\/\"},\"author\":{\"name\":\"elli\",\"@id\":\"https:\\\/\\\/www.meydan.tv\\\/az\\\/#\\\/schema\\\/person\\\/9cdbecf90d17180ce1dfbd95b08dcf47\"},\"headline\":\"Fermer: \u201cB\u0259l\u0259diyy\u0259 s\u0259dri m\u0259n\u0259 satd\u0131\u011f\u0131 \u0259razini o\u011flunun ad\u0131na s\u0259n\u0259dl\u0259\u015fdirib\u201d\",\"datePublished\":\"2023-03-26T08:42:47+00:00\",\"dateModified\":\"2023-03-26T08:42:53+00:00\",\"mainEntityOfPage\":{\"@id\":\"https:\\\/\\\/www.meydan.tv\\\/az\\\/article\\\/fermer-belediyye-sedri-mene-satdigi-erazini-oglunun-adina-senedlesdirib\\\/\"},\"wordCount\":773,\"publisher\":{\"@id\":\"https:\\\/\\\/www.meydan.tv\\\/az\\\/#organization\"},\"image\":{\"@id\":\"https:\\\/\\\/www.meydan.tv\\\/az\\\/article\\\/fermer-belediyye-sedri-mene-satdigi-erazini-oglunun-adina-senedlesdirib\\\/#primaryimage\"},\"thumbnailUrl\":\"https:\\\/\\\/www.meydan.tv\\\/wp-content\\\/uploads\\\/image-24-03-23-04-59_720-e1679820158392.jpg\",\"articleSection\":[\"B\u00f6lg\u0259\",\"T\u00f6vsiy\u0259\",\"X\u0259b\u0259rl\u0259r\"],\"inLanguage\":\"az\"},{\"@type\":\"WebPage\",\"@id\":\"https:\\\/\\\/www.meydan.tv\\\/az\\\/article\\\/fermer-belediyye-sedri-mene-satdigi-erazini-oglunun-adina-senedlesdirib\\\/\",\"url\":\"https:\\\/\\\/www.meydan.tv\\\/az\\\/article\\\/fermer-belediyye-sedri-mene-satdigi-erazini-oglunun-adina-senedlesdirib\\\/\",\"name\":\"Fermer: \u201cB\u0259l\u0259diyy\u0259 s\u0259dri m\u0259n\u0259 satd\u0131\u011f\u0131 \u0259razini o\u011flunun ad\u0131na s\u0259n\u0259dl\u0259\u015fdirib\u201d - MEYDAN.TV\",\"isPartOf\":{\"@id\":\"https:\\\/\\\/www.meydan.tv\\\/az\\\/#website\"},\"primaryImageOfPage\":{\"@id\":\"https:\\\/\\\/www.meydan.tv\\\/az\\\/article\\\/fermer-belediyye-sedri-mene-satdigi-erazini-oglunun-adina-senedlesdirib\\\/#primaryimage\"},\"image\":{\"@id\":\"https:\\\/\\\/www.meydan.tv\\\/az\\\/article\\\/fermer-belediyye-sedri-mene-satdigi-erazini-oglunun-adina-senedlesdirib\\\/#primaryimage\"},\"thumbnailUrl\":\"https:\\\/\\\/www.meydan.tv\\\/wp-content\\\/uploads\\\/image-24-03-23-04-59_720-e1679820158392.jpg\",\"datePublished\":\"2023-03-26T08:42:47+00:00\",\"dateModified\":\"2023-03-26T08:42:53+00:00\",\"breadcrumb\":{\"@id\":\"https:\\\/\\\/www.meydan.tv\\\/az\\\/article\\\/fermer-belediyye-sedri-mene-satdigi-erazini-oglunun-adina-senedlesdirib\\\/#breadcrumb\"},\"inLanguage\":\"az\",\"potentialAction\":[{\"@type\":\"ReadAction\",\"target\":[\"https:\\\/\\\/www.meydan.tv\\\/az\\\/article\\\/fermer-belediyye-sedri-mene-satdigi-erazini-oglunun-adina-senedlesdirib\\\/\"]}]},{\"@type\":\"ImageObject\",\"inLanguage\":\"az\",\"@id\":\"https:\\\/\\\/www.meydan.tv\\\/az\\\/article\\\/fermer-belediyye-sedri-mene-satdigi-erazini-oglunun-adina-senedlesdirib\\\/#primaryimage\",\"url\":\"https:\\\/\\\/www.meydan.tv\\\/wp-content\\\/uploads\\\/image-24-03-23-04-59_720-e1679820158392.jpg\",\"contentUrl\":\"https:\\\/\\\/www.meydan.tv\\\/wp-content\\\/uploads\\\/image-24-03-23-04-59_720-e1679820158392.jpg\",\"width\":1200,\"height\":465,\"caption\":\"K\u0259nd sakinl\u0259ri. Fotolar: Meydan TV\"},{\"@type\":\"BreadcrumbList\",\"@id\":\"https:\\\/\\\/www.meydan.tv\\\/az\\\/article\\\/fermer-belediyye-sedri-mene-satdigi-erazini-oglunun-adina-senedlesdirib\\\/#breadcrumb\",\"itemListElement\":[{\"@type\":\"ListItem\",\"position\":1,\"name\":\"Ana s\u0259hif\u0259\",\"item\":\"https:\\\/\\\/www.meydan.tv\\\/az\\\/\"},{\"@type\":\"ListItem\",\"position\":2,\"name\":\"B\u00f6lg\u0259\",\"item\":\"https:\\\/\\\/www.meydan.tv\\\/az\\\/section\\\/bolge\\\/\"},{\"@type\":\"ListItem\",\"position\":3,\"name\":\"Fermer: \u201cB\u0259l\u0259diyy\u0259 s\u0259dri m\u0259n\u0259 satd\u0131\u011f\u0131 \u0259razini o\u011flunun ad\u0131na s\u0259n\u0259dl\u0259\u015fdirib\u201d\"}]},{\"@type\":\"WebSite\",\"@id\":\"https:\\\/\\\/www.meydan.tv\\\/az\\\/#website\",\"url\":\"https:\\\/\\\/www.meydan.tv\\\/az\\\/\",\"name\":\"MEYDAN.TV\",\"description\":\"Meydan TV Az\u0259rbaycan\u0131n media m\u0259kan\u0131ndak\u0131 alternativ s\u0259sidir\",\"publisher\":{\"@id\":\"https:\\\/\\\/www.meydan.tv\\\/az\\\/#organization\"},\"potentialAction\":[{\"@type\":\"SearchAction\",\"target\":{\"@type\":\"EntryPoint\",\"urlTemplate\":\"https:\\\/\\\/www.meydan.tv\\\/az\\\/?s={search_term_string}\"},\"query-input\":{\"@type\":\"PropertyValueSpecification\",\"valueRequired\":true,\"valueName\":\"search_term_string\"}}],\"inLanguage\":\"az\"},{\"@type\":\"Organization\",\"@id\":\"https:\\\/\\\/www.meydan.tv\\\/az\\\/#organization\",\"name\":\"Meydan TV\",\"url\":\"https:\\\/\\\/www.meydan.tv\\\/az\\\/\",\"logo\":{\"@type\":\"ImageObject\",\"inLanguage\":\"az\",\"@id\":\"https:\\\/\\\/www.meydan.tv\\\/az\\\/#\\\/schema\\\/logo\\\/image\\\/\",\"url\":\"https:\\\/\\\/www.meydan.tv\\\/wp-content\\\/uploads\\\/2021\\\/07\\\/meydan-logo.svg\",\"contentUrl\":\"https:\\\/\\\/www.meydan.tv\\\/wp-content\\\/uploads\\\/2021\\\/07\\\/meydan-logo.svg\",\"width\":195,\"height\":46,\"caption\":\"Meydan TV\"},\"image\":{\"@id\":\"https:\\\/\\\/www.meydan.tv\\\/az\\\/#\\\/schema\\\/logo\\\/image\\\/\"}},{\"@type\":\"Person\",\"@id\":\"https:\\\/\\\/www.meydan.tv\\\/az\\\/#\\\/schema\\\/person\\\/9cdbecf90d17180ce1dfbd95b08dcf47\",\"name\":\"elli\",\"sameAs\":[\"https:\\\/\\\/x.com\\\/elli\"]}]}<\/script>\n<!-- \/ Yoast SEO plugin. -->","yoast_head_json":{"title":"Fermer: \u201cB\u0259l\u0259diyy\u0259 s\u0259dri m\u0259n\u0259 satd\u0131\u011f\u0131 \u0259razini o\u011flunun ad\u0131na s\u0259n\u0259dl\u0259\u015fdirib\u201d - MEYDAN.TV","robots":{"index":"index","follow":"follow","max-snippet":"max-snippet:-1","max-image-preview":"max-image-preview:large","max-video-preview":"max-video-preview:-1"},"canonical":"https:\/\/www.meydan.tv\/az\/article\/fermer-belediyye-sedri-mene-satdigi-erazini-oglunun-adina-senedlesdirib\/","og_locale":"az_AZ","og_type":"article","og_title":"Fermer: \u201cB\u0259l\u0259diyy\u0259 s\u0259dri m\u0259n\u0259 satd\u0131\u011f\u0131 \u0259razini o\u011flunun ad\u0131na s\u0259n\u0259dl\u0259\u015fdirib\u201d - MEYDAN.TV","og_description":"K\u0259nd sakinl\u0259ri \u00f6r\u00fc\u015f sah\u0259l\u0259rinin sat\u0131ld\u0131\u011f\u0131n\u0131 deyir Sabirabad\u0131n M\u0259mi\u015fl\u0259r k\u0259ndind\u0259 t\u00f6vl\u0259 ... Davam\u0131","og_url":"https:\/\/www.meydan.tv\/az\/article\/fermer-belediyye-sedri-mene-satdigi-erazini-oglunun-adina-senedlesdirib\/","og_site_name":"MEYDAN.TV","article_published_time":"2023-03-26T08:42:47+00:00","article_modified_time":"2023-03-26T08:42:53+00:00","og_image":[{"width":1200,"height":465,"url":"https:\/\/www.meydan.tv\/wp-content\/uploads\/image-24-03-23-04-59_720-e1679820158392.jpg","type":"image\/jpeg"}],"author":"elli","twitter_card":"summary_large_image","twitter_creator":"@elli","schema":{"@context":"https:\/\/schema.org","@graph":[{"@type":"Article","@id":"https:\/\/www.meydan.tv\/az\/article\/fermer-belediyye-sedri-mene-satdigi-erazini-oglunun-adina-senedlesdirib\/#article","isPartOf":{"@id":"https:\/\/www.meydan.tv\/az\/article\/fermer-belediyye-sedri-mene-satdigi-erazini-oglunun-adina-senedlesdirib\/"},"author":{"name":"elli","@id":"https:\/\/www.meydan.tv\/az\/#\/schema\/person\/9cdbecf90d17180ce1dfbd95b08dcf47"},"headline":"Fermer: \u201cB\u0259l\u0259diyy\u0259 s\u0259dri m\u0259n\u0259 satd\u0131\u011f\u0131 \u0259razini o\u011flunun ad\u0131na s\u0259n\u0259dl\u0259\u015fdirib\u201d","datePublished":"2023-03-26T08:42:47+00:00","dateModified":"2023-03-26T08:42:53+00:00","mainEntityOfPage":{"@id":"https:\/\/www.meydan.tv\/az\/article\/fermer-belediyye-sedri-mene-satdigi-erazini-oglunun-adina-senedlesdirib\/"},"wordCount":773,"publisher":{"@id":"https:\/\/www.meydan.tv\/az\/#organization"},"image":{"@id":"https:\/\/www.meydan.tv\/az\/article\/fermer-belediyye-sedri-mene-satdigi-erazini-oglunun-adina-senedlesdirib\/#primaryimage"},"thumbnailUrl":"https:\/\/www.meydan.tv\/wp-content\/uploads\/image-24-03-23-04-59_720-e1679820158392.jpg","articleSection":["B\u00f6lg\u0259","T\u00f6vsiy\u0259","X\u0259b\u0259rl\u0259r"],"inLanguage":"az"},{"@type":"WebPage","@id":"https:\/\/www.meydan.tv\/az\/article\/fermer-belediyye-sedri-mene-satdigi-erazini-oglunun-adina-senedlesdirib\/","url":"https:\/\/www.meydan.tv\/az\/article\/fermer-belediyye-sedri-mene-satdigi-erazini-oglunun-adina-senedlesdirib\/","name":"Fermer: \u201cB\u0259l\u0259diyy\u0259 s\u0259dri m\u0259n\u0259 satd\u0131\u011f\u0131 \u0259razini o\u011flunun ad\u0131na s\u0259n\u0259dl\u0259\u015fdirib\u201d - MEYDAN.TV","isPartOf":{"@id":"https:\/\/www.meydan.tv\/az\/#website"},"primaryImageOfPage":{"@id":"https:\/\/www.meydan.tv\/az\/article\/fermer-belediyye-sedri-mene-satdigi-erazini-oglunun-adina-senedlesdirib\/#primaryimage"},"image":{"@id":"https:\/\/www.meydan.tv\/az\/article\/fermer-belediyye-sedri-mene-satdigi-erazini-oglunun-adina-senedlesdirib\/#primaryimage"},"thumbnailUrl":"https:\/\/www.meydan.tv\/wp-content\/uploads\/image-24-03-23-04-59_720-e1679820158392.jpg","datePublished":"2023-03-26T08:42:47+00:00","dateModified":"2023-03-26T08:42:53+00:00","breadcrumb":{"@id":"https:\/\/www.meydan.tv\/az\/article\/fermer-belediyye-sedri-mene-satdigi-erazini-oglunun-adina-senedlesdirib\/#breadcrumb"},"inLanguage":"az","potentialAction":[{"@type":"ReadAction","target":["https:\/\/www.meydan.tv\/az\/article\/fermer-belediyye-sedri-mene-satdigi-erazini-oglunun-adina-senedlesdirib\/"]}]},{"@type":"ImageObject","inLanguage":"az","@id":"https:\/\/www.meydan.tv\/az\/article\/fermer-belediyye-sedri-mene-satdigi-erazini-oglunun-adina-senedlesdirib\/#primaryimage","url":"https:\/\/www.meydan.tv\/wp-content\/uploads\/image-24-03-23-04-59_720-e1679820158392.jpg","contentUrl":"https:\/\/www.meydan.tv\/wp-content\/uploads\/image-24-03-23-04-59_720-e1679820158392.jpg","width":1200,"height":465,"caption":"K\u0259nd sakinl\u0259ri. Fotolar: Meydan TV"},{"@type":"BreadcrumbList","@id":"https:\/\/www.meydan.tv\/az\/article\/fermer-belediyye-sedri-mene-satdigi-erazini-oglunun-adina-senedlesdirib\/#breadcrumb","itemListElement":[{"@type":"ListItem","position":1,"name":"Ana s\u0259hif\u0259","item":"https:\/\/www.meydan.tv\/az\/"},{"@type":"ListItem","position":2,"name":"B\u00f6lg\u0259","item":"https:\/\/www.meydan.tv\/az\/section\/bolge\/"},{"@type":"ListItem","position":3,"name":"Fermer: \u201cB\u0259l\u0259diyy\u0259 s\u0259dri m\u0259n\u0259 satd\u0131\u011f\u0131 \u0259razini o\u011flunun ad\u0131na s\u0259n\u0259dl\u0259\u015fdirib\u201d"}]},{"@type":"WebSite","@id":"https:\/\/www.meydan.tv\/az\/#website","url":"https:\/\/www.meydan.tv\/az\/","name":"MEYDAN.TV","description":"Meydan TV Az\u0259rbaycan\u0131n media m\u0259kan\u0131ndak\u0131 alternativ s\u0259sidir","publisher":{"@id":"https:\/\/www.meydan.tv\/az\/#organization"},"potentialAction":[{"@type":"SearchAction","target":{"@type":"EntryPoint","urlTemplate":"https:\/\/www.meydan.tv\/az\/?s={search_term_string}"},"query-input":{"@type":"PropertyValueSpecification","valueRequired":true,"valueName":"search_term_string"}}],"inLanguage":"az"},{"@type":"Organization","@id":"https:\/\/www.meydan.tv\/az\/#organization","name":"Meydan TV","url":"https:\/\/www.meydan.tv\/az\/","logo":{"@type":"ImageObject","inLanguage":"az","@id":"https:\/\/www.meydan.tv\/az\/#\/schema\/logo\/image\/","url":"https:\/\/www.meydan.tv\/wp-content\/uploads\/2021\/07\/meydan-logo.svg","contentUrl":"https:\/\/www.meydan.tv\/wp-content\/uploads\/2021\/07\/meydan-logo.svg","width":195,"height":46,"caption":"Meydan TV"},"image":{"@id":"https:\/\/www.meydan.tv\/az\/#\/schema\/logo\/image\/"}},{"@type":"Person","@id":"https:\/\/www.meydan.tv\/az\/#\/schema\/person\/9cdbecf90d17180ce1dfbd95b08dcf47","name":"elli","sameAs":["https:\/\/x.com\/elli"]}]}},"_links":{"self":[{"href":"https:\/\/www.meydan.tv\/az\/wp-json\/wp\/v2\/posts\/271345","targetHints":{"allow":["GET"]}}],"collection":[{"href":"https:\/\/www.meydan.tv\/az\/wp-json\/wp\/v2\/posts"}],"about":[{"href":"https:\/\/www.meydan.tv\/az\/wp-json\/wp\/v2\/types\/post"}],"author":[{"embeddable":true,"href":"https:\/\/www.meydan.tv\/az\/wp-json\/wp\/v2\/users\/8"}],"replies":[{"embeddable":true,"href":"https:\/\/www.meydan.tv\/az\/wp-json\/wp\/v2\/comments?post=271345"}],"version-history":[{"count":1,"href":"https:\/\/www.meydan.tv\/az\/wp-json\/wp\/v2\/posts\/271345\/revisions"}],"predecessor-version":[{"id":271346,"href":"https:\/\/www.meydan.tv\/az\/wp-json\/wp\/v2\/posts\/271345\/revisions\/271346"}],"wp:featuredmedia":[{"embeddable":true,"href":"https:\/\/www.meydan.tv\/az\/wp-json\/wp\/v2\/media\/271335"}],"wp:attachment":[{"href":"https:\/\/www.meydan.tv\/az\/wp-json\/wp\/v2\/media?parent=271345"}],"wp:term":[{"taxonomy":"category","embeddable":true,"href":"https:\/\/www.meydan.tv\/az\/wp-json\/wp\/v2\/categories?post=271345"},{"taxonomy":"post_tag","embeddable":true,"href":"https:\/\/www.meydan.tv\/az\/wp-json\/wp\/v2\/tags?post=271345"}],"curies":[{"name":"wp","href":"https:\/\/api.w.org\/{rel}","templated":true}]}}