{"id":271327,"date":"2023-03-25T23:00:55","date_gmt":"2023-03-25T19:00:55","guid":{"rendered":"https:\/\/www.meydan.tv\/?p=271327"},"modified":"2023-03-25T23:00:58","modified_gmt":"2023-03-25T19:00:58","slug":"ses-kuyden-tenge-gelen-gence-sakinleri-mehkemeye-uz-tutmaq-fikrindedir","status":"publish","type":"post","link":"https:\/\/www.meydan.tv\/az\/article\/ses-kuyden-tenge-gelen-gence-sakinleri-mehkemeye-uz-tutmaq-fikrindedir\/","title":{"rendered":"S\u0259s-k\u00fcyd\u0259n t\u0259ng\u0259 g\u0259l\u0259n G\u0259nc\u0259 sakinl\u0259ri m\u0259hk\u0259m\u0259y\u0259 \u00fcz tutmaq fikrind\u0259dir"},"content":{"rendered":"\n<p><\/p>\n\n\n\n<p><strong><em>\u201cEvimizd\u0259n k\u00f6\u00e7\u00fcb hara ged\u0259k?\u201d<\/em><\/strong><\/p>\n\n\n\n<p>Bir qrup G\u0259nc\u0259 sakini evind\u0259 rahat otura bilm\u0259diyi \u00fc\u00e7\u00fcn m\u0259hk\u0259m\u0259y\u0259 m\u00fcraci\u0259t ed\u0259c\u0259k. Bunu Meydan TV-y\u0259 G\u0259nc\u0259 \u015f\u0259h\u0259ri, \u018fttarlar k\u00fc\u00e7\u0259sinin sakinl\u0259ri bildiribl\u0259r.<\/p>\n\n\n\n<p>\u201c<em>S\u0259s-k\u00fcyd\u0259n evd\u0259 otura bilmirik. Qap\u0131-p\u0259nc\u0259r\u0259ni ba\u011flay\u0131r\u0131q, amma xeyri yoxdur. \u018fs\u0259bl\u0259rimiz pozulub, sanki hava liman\u0131nda ya\u015fay\u0131r\u0131q\u201d, &#8211;<\/em> sakinl\u0259r deyir.\u00a0\u00a0<\/p>\n\n\n\n<p>Onlar \u015f\u0259h\u0259rin m\u0259rk\u0259zind\u0259, \u201cG\u0259nc\u0259 qalas\u0131\u201d ticar\u0259t m\u0259rk\u0259zinin bir add\u0131ml\u0131\u011f\u0131nda ya\u015fay\u0131rlar.<\/p>\n\n\n\n<p><em>\u201cBura G\u0259nc\u0259 \u0259halisinin s\u0131x oldu\u011fu \u0259razidir. \u015e\u0259h\u0259r\u0259 g\u0259l\u0259n turistl\u0259r d\u0259 bu bazara \u00fcz tuturlar. Bazar\u0131n yax\u0131nl\u0131\u011f\u0131nda da ma\u011fazalar f\u0259aliyy\u0259t g\u00f6st\u0259rir. \u0130ridiametrli a\u011falar\u0131 k\u0259s\u0259n al\u0259tl\u0259ri t\u0259mir ed\u0259n ma\u011faza da var. Al\u0259tl\u0259ri i\u015f\u0259 sal\u0131rlar, motorlar\u0131n s\u0259si ma\u015f\u0131nlar\u0131n, insanlar\u0131n s\u0259sin\u0259 qar\u0131\u015f\u0131r. \u0130stirah\u0259timiz yoxdur, n\u0259 yata, n\u0259 d\u0259 din\u0259l\u0259 bilirik\u201d,<\/em>-sakinl\u0259rd\u0259n \u018fnv\u0259r \u018fliyev deyib.<\/p>\n\n\n\n<p>Onun s\u00f6zl\u0259rin\u0259 g\u00f6r\u0259, sakinl\u0259r ma\u011faza sahibl\u0259rin\u0259, polis\u0259, el\u0259c\u0259 d\u0259 dig\u0259r aidiyyat\u0131 qurumlara m\u00fcraci\u0259t edibl\u0259r. Amma n\u0259tic\u0259si olmay\u0131b. Onlara m\u0259hk\u0259m\u0259y\u0259 m\u00fcraci\u0259t etm\u0259yi t\u00f6vsiy\u0259 edibl\u0259r:<\/p>\n\n\n\n<p>\u201c<em>Son \u00e7ar\u0259 m\u0259hk\u0259m\u0259dir. Sat\u0131c\u0131lar deyirl\u0259r ki, vergi verirl\u0259r, buna g\u00f6r\u0259 d\u0259 s\u0259s-k\u00fcy\u00fcn yaranmas\u0131 onlar\u0131n probleml\u0259ri deyil. T\u0259s\u0259vv\u00fcr edin ki, gec\u0259-g\u00fcnd\u00fcz motorlar i\u015fl\u0259yir, avadanl\u0131qlar\u0131 i\u015f\u0259 sal\u0131rlar, yoxlay\u0131rlar v\u0259 s\u0259s-k\u00fcy kolometrl\u0259rl\u0259 m\u0259saf\u0259y\u0259 yay\u0131l\u0131r. Bizi n\u0259z\u0259r\u0259 alm\u0131rlar, b\u0259s \u015f\u0259h\u0259r\u0259 g\u0259l\u0259n qonaqlar\u0131 niy\u0259 fikirl\u0259\u015fmirl\u0259r? Evimizd\u0259n k\u00f6\u00e7\u00fcb hara ged\u0259k?\u201d<\/em><\/p>\n\n\n\n<p>G\u0259nc\u0259 \u015e\u0259h\u0259r \u0130cra Hakimiyy\u0259tind\u0259n Meydan TV-y\u0259 bildiribl\u0259r ki, onlara bununla ba\u011fl\u0131 \u015fikay\u0259t daxil olubsa, ara\u015fd\u0131r\u0131lacaq.<\/p>\n\n\n\n<p><em>\u201cM\u0259n m\u0259lumats\u0131zam, amma \u015fikay\u0259t daxil olubsa, m\u00fctl\u0259q ara\u015fd\u0131r\u0131l\u0131r, y\u0259qin ki, obyekt sahibl\u0259rin\u0259 x\u0259b\u0259rdarl\u0131q edilir\u201d,- <\/em>icra hakimiyy\u0259tinin xan\u0131m \u0259m\u0259kda\u015f\u0131 bildirib.<\/p>\n\n\n\n<p>Memar S\u0259m\u0259d Quliyev is\u0259 Meydan TV-y\u0259 s\u00f6yl\u0259yib ki, t\u0259kc\u0259 G\u0259nc\u0259d\u0259 deyil, Bak\u0131da da s\u0259s \u00e7irkl\u0259nm\u0259si b\u00f6y\u00fck problem\u0259 \u00e7evrilib.<\/p>\n\n\n\n<p><em>\u201cS\u0259s b\u00f6y\u00fck ekoloji t\u0259sirdir. S\u0259s getdikc\u0259, t\u0259dric\u0259n insan beynini korlay\u0131r. \u0130nki\u015faf etmi\u015f \u00f6lk\u0259l\u0259rd\u0259 bu m\u0259s\u0259l\u0259 m\u00fctl\u0259q n\u0259z\u0259r\u0259 al\u0131n\u0131r. Bizd\u0259 d\u0259 gec\u0259 saatlar\u0131nda s\u0259s-k\u00fcy\u00fcn olmamas\u0131na dair s\u0259r\u0259ncam var, amma bu s\u0259r\u0259ncama baxan yoxdur\u201d.<\/em><\/p>\n","protected":false},"excerpt":{"rendered":"<p>\u201cEvimizd\u0259n k\u00f6\u00e7\u00fcb hara ged\u0259k?\u201d Bir qrup G\u0259nc\u0259 sakini evind\u0259 rahat &#8230; <\/p>\n<p class=\"read-more-container\"><a title=\"S\u0259s-k\u00fcyd\u0259n t\u0259ng\u0259 g\u0259l\u0259n G\u0259nc\u0259 sakinl\u0259ri m\u0259hk\u0259m\u0259y\u0259 \u00fcz tutmaq fikrind\u0259dir\" class=\"read-more button\" href=\"https:\/\/www.meydan.tv\/az\/article\/ses-kuyden-tenge-gelen-gence-sakinleri-mehkemeye-uz-tutmaq-fikrindedir\/#more-271327\" aria-label=\"Read more about S\u0259s-k\u00fcyd\u0259n t\u0259ng\u0259 g\u0259l\u0259n G\u0259nc\u0259 sakinl\u0259ri m\u0259hk\u0259m\u0259y\u0259 \u00fcz tutmaq fikrind\u0259dir\">Davam\u0131<\/a><\/p>\n","protected":false},"author":8,"featured_media":234666,"comment_status":"closed","ping_status":"closed","sticky":false,"template":"","format":"standard","meta":{"_acf_changed":false,"_sitemap_exclude":false,"_sitemap_priority":"","_sitemap_frequency":"","footnotes":""},"categories":[60,56],"tags":[],"class_list":["post-271327","post","type-post","status-publish","format-standard","has-post-thumbnail","hentry","category-bolge","category-xeberler","infinite-scroll-item","generate-columns","tablet-grid-50","mobile-grid-100","grid-parent","grid-33","no-featured-image-padding"],"acf":[],"yoast_head":"<!-- This site is optimized with the Yoast SEO plugin v27.5 - https:\/\/yoast.com\/product\/yoast-seo-wordpress\/ -->\n<title>S\u0259s-k\u00fcyd\u0259n t\u0259ng\u0259 g\u0259l\u0259n G\u0259nc\u0259 sakinl\u0259ri m\u0259hk\u0259m\u0259y\u0259 \u00fcz tutmaq fikrind\u0259dir - MEYDAN.TV<\/title>\n<meta name=\"robots\" content=\"index, follow, max-snippet:-1, max-image-preview:large, max-video-preview:-1\" \/>\n<link rel=\"canonical\" href=\"https:\/\/www.meydan.tv\/az\/article\/ses-kuyden-tenge-gelen-gence-sakinleri-mehkemeye-uz-tutmaq-fikrindedir\/\" \/>\n<meta property=\"og:locale\" content=\"az_AZ\" \/>\n<meta property=\"og:type\" content=\"article\" \/>\n<meta property=\"og:title\" content=\"S\u0259s-k\u00fcyd\u0259n t\u0259ng\u0259 g\u0259l\u0259n G\u0259nc\u0259 sakinl\u0259ri m\u0259hk\u0259m\u0259y\u0259 \u00fcz tutmaq fikrind\u0259dir - MEYDAN.TV\" \/>\n<meta property=\"og:description\" content=\"\u201cEvimizd\u0259n k\u00f6\u00e7\u00fcb hara ged\u0259k?\u201d Bir qrup G\u0259nc\u0259 sakini evind\u0259 rahat ... Davam\u0131\" \/>\n<meta property=\"og:url\" content=\"https:\/\/www.meydan.tv\/az\/article\/ses-kuyden-tenge-gelen-gence-sakinleri-mehkemeye-uz-tutmaq-fikrindedir\/\" \/>\n<meta property=\"og:site_name\" content=\"MEYDAN.TV\" \/>\n<meta property=\"article:published_time\" content=\"2023-03-25T19:00:55+00:00\" \/>\n<meta property=\"article:modified_time\" content=\"2023-03-25T19:00:58+00:00\" \/>\n<meta property=\"og:image\" content=\"https:\/\/www.meydan.tv\/wp-content\/uploads\/shutterstock_2049087500-1.jpg\" \/>\n\t<meta property=\"og:image:width\" content=\"1200\" \/>\n\t<meta property=\"og:image:height\" content=\"800\" \/>\n\t<meta property=\"og:image:type\" content=\"image\/jpeg\" \/>\n<meta name=\"author\" content=\"elli\" \/>\n<meta name=\"twitter:card\" content=\"summary_large_image\" \/>\n<meta name=\"twitter:creator\" content=\"@elli\" \/>\n<script type=\"application\/ld+json\" class=\"yoast-schema-graph\">{\"@context\":\"https:\\\/\\\/schema.org\",\"@graph\":[{\"@type\":\"Article\",\"@id\":\"https:\\\/\\\/www.meydan.tv\\\/az\\\/article\\\/ses-kuyden-tenge-gelen-gence-sakinleri-mehkemeye-uz-tutmaq-fikrindedir\\\/#article\",\"isPartOf\":{\"@id\":\"https:\\\/\\\/www.meydan.tv\\\/az\\\/article\\\/ses-kuyden-tenge-gelen-gence-sakinleri-mehkemeye-uz-tutmaq-fikrindedir\\\/\"},\"author\":{\"name\":\"elli\",\"@id\":\"https:\\\/\\\/www.meydan.tv\\\/az\\\/#\\\/schema\\\/person\\\/9cdbecf90d17180ce1dfbd95b08dcf47\"},\"headline\":\"S\u0259s-k\u00fcyd\u0259n t\u0259ng\u0259 g\u0259l\u0259n G\u0259nc\u0259 sakinl\u0259ri m\u0259hk\u0259m\u0259y\u0259 \u00fcz tutmaq fikrind\u0259dir\",\"datePublished\":\"2023-03-25T19:00:55+00:00\",\"dateModified\":\"2023-03-25T19:00:58+00:00\",\"mainEntityOfPage\":{\"@id\":\"https:\\\/\\\/www.meydan.tv\\\/az\\\/article\\\/ses-kuyden-tenge-gelen-gence-sakinleri-mehkemeye-uz-tutmaq-fikrindedir\\\/\"},\"wordCount\":493,\"publisher\":{\"@id\":\"https:\\\/\\\/www.meydan.tv\\\/az\\\/#organization\"},\"image\":{\"@id\":\"https:\\\/\\\/www.meydan.tv\\\/az\\\/article\\\/ses-kuyden-tenge-gelen-gence-sakinleri-mehkemeye-uz-tutmaq-fikrindedir\\\/#primaryimage\"},\"thumbnailUrl\":\"https:\\\/\\\/www.meydan.tv\\\/wp-content\\\/uploads\\\/shutterstock_2049087500-1.jpg\",\"articleSection\":[\"B\u00f6lg\u0259\",\"X\u0259b\u0259rl\u0259r\"],\"inLanguage\":\"az\"},{\"@type\":\"WebPage\",\"@id\":\"https:\\\/\\\/www.meydan.tv\\\/az\\\/article\\\/ses-kuyden-tenge-gelen-gence-sakinleri-mehkemeye-uz-tutmaq-fikrindedir\\\/\",\"url\":\"https:\\\/\\\/www.meydan.tv\\\/az\\\/article\\\/ses-kuyden-tenge-gelen-gence-sakinleri-mehkemeye-uz-tutmaq-fikrindedir\\\/\",\"name\":\"S\u0259s-k\u00fcyd\u0259n t\u0259ng\u0259 g\u0259l\u0259n G\u0259nc\u0259 sakinl\u0259ri m\u0259hk\u0259m\u0259y\u0259 \u00fcz tutmaq fikrind\u0259dir - MEYDAN.TV\",\"isPartOf\":{\"@id\":\"https:\\\/\\\/www.meydan.tv\\\/az\\\/#website\"},\"primaryImageOfPage\":{\"@id\":\"https:\\\/\\\/www.meydan.tv\\\/az\\\/article\\\/ses-kuyden-tenge-gelen-gence-sakinleri-mehkemeye-uz-tutmaq-fikrindedir\\\/#primaryimage\"},\"image\":{\"@id\":\"https:\\\/\\\/www.meydan.tv\\\/az\\\/article\\\/ses-kuyden-tenge-gelen-gence-sakinleri-mehkemeye-uz-tutmaq-fikrindedir\\\/#primaryimage\"},\"thumbnailUrl\":\"https:\\\/\\\/www.meydan.tv\\\/wp-content\\\/uploads\\\/shutterstock_2049087500-1.jpg\",\"datePublished\":\"2023-03-25T19:00:55+00:00\",\"dateModified\":\"2023-03-25T19:00:58+00:00\",\"breadcrumb\":{\"@id\":\"https:\\\/\\\/www.meydan.tv\\\/az\\\/article\\\/ses-kuyden-tenge-gelen-gence-sakinleri-mehkemeye-uz-tutmaq-fikrindedir\\\/#breadcrumb\"},\"inLanguage\":\"az\",\"potentialAction\":[{\"@type\":\"ReadAction\",\"target\":[\"https:\\\/\\\/www.meydan.tv\\\/az\\\/article\\\/ses-kuyden-tenge-gelen-gence-sakinleri-mehkemeye-uz-tutmaq-fikrindedir\\\/\"]}]},{\"@type\":\"ImageObject\",\"inLanguage\":\"az\",\"@id\":\"https:\\\/\\\/www.meydan.tv\\\/az\\\/article\\\/ses-kuyden-tenge-gelen-gence-sakinleri-mehkemeye-uz-tutmaq-fikrindedir\\\/#primaryimage\",\"url\":\"https:\\\/\\\/www.meydan.tv\\\/wp-content\\\/uploads\\\/shutterstock_2049087500-1.jpg\",\"contentUrl\":\"https:\\\/\\\/www.meydan.tv\\\/wp-content\\\/uploads\\\/shutterstock_2049087500-1.jpg\",\"width\":1200,\"height\":800,\"caption\":\"G\u0259nc\u0259 \u015f\u0259h\u0259ri, MasyuraN\\\/shutterstock\"},{\"@type\":\"BreadcrumbList\",\"@id\":\"https:\\\/\\\/www.meydan.tv\\\/az\\\/article\\\/ses-kuyden-tenge-gelen-gence-sakinleri-mehkemeye-uz-tutmaq-fikrindedir\\\/#breadcrumb\",\"itemListElement\":[{\"@type\":\"ListItem\",\"position\":1,\"name\":\"Ana s\u0259hif\u0259\",\"item\":\"https:\\\/\\\/www.meydan.tv\\\/az\\\/\"},{\"@type\":\"ListItem\",\"position\":2,\"name\":\"B\u00f6lg\u0259\",\"item\":\"https:\\\/\\\/www.meydan.tv\\\/az\\\/section\\\/bolge\\\/\"},{\"@type\":\"ListItem\",\"position\":3,\"name\":\"S\u0259s-k\u00fcyd\u0259n t\u0259ng\u0259 g\u0259l\u0259n G\u0259nc\u0259 sakinl\u0259ri m\u0259hk\u0259m\u0259y\u0259 \u00fcz tutmaq fikrind\u0259dir\"}]},{\"@type\":\"WebSite\",\"@id\":\"https:\\\/\\\/www.meydan.tv\\\/az\\\/#website\",\"url\":\"https:\\\/\\\/www.meydan.tv\\\/az\\\/\",\"name\":\"MEYDAN.TV\",\"description\":\"Meydan TV Az\u0259rbaycan\u0131n media m\u0259kan\u0131ndak\u0131 alternativ s\u0259sidir\",\"publisher\":{\"@id\":\"https:\\\/\\\/www.meydan.tv\\\/az\\\/#organization\"},\"potentialAction\":[{\"@type\":\"SearchAction\",\"target\":{\"@type\":\"EntryPoint\",\"urlTemplate\":\"https:\\\/\\\/www.meydan.tv\\\/az\\\/?s={search_term_string}\"},\"query-input\":{\"@type\":\"PropertyValueSpecification\",\"valueRequired\":true,\"valueName\":\"search_term_string\"}}],\"inLanguage\":\"az\"},{\"@type\":\"Organization\",\"@id\":\"https:\\\/\\\/www.meydan.tv\\\/az\\\/#organization\",\"name\":\"Meydan TV\",\"url\":\"https:\\\/\\\/www.meydan.tv\\\/az\\\/\",\"logo\":{\"@type\":\"ImageObject\",\"inLanguage\":\"az\",\"@id\":\"https:\\\/\\\/www.meydan.tv\\\/az\\\/#\\\/schema\\\/logo\\\/image\\\/\",\"url\":\"https:\\\/\\\/www.meydan.tv\\\/wp-content\\\/uploads\\\/2021\\\/07\\\/meydan-logo.svg\",\"contentUrl\":\"https:\\\/\\\/www.meydan.tv\\\/wp-content\\\/uploads\\\/2021\\\/07\\\/meydan-logo.svg\",\"width\":195,\"height\":46,\"caption\":\"Meydan TV\"},\"image\":{\"@id\":\"https:\\\/\\\/www.meydan.tv\\\/az\\\/#\\\/schema\\\/logo\\\/image\\\/\"}},{\"@type\":\"Person\",\"@id\":\"https:\\\/\\\/www.meydan.tv\\\/az\\\/#\\\/schema\\\/person\\\/9cdbecf90d17180ce1dfbd95b08dcf47\",\"name\":\"elli\",\"sameAs\":[\"https:\\\/\\\/x.com\\\/elli\"]}]}<\/script>\n<!-- \/ Yoast SEO plugin. -->","yoast_head_json":{"title":"S\u0259s-k\u00fcyd\u0259n t\u0259ng\u0259 g\u0259l\u0259n G\u0259nc\u0259 sakinl\u0259ri m\u0259hk\u0259m\u0259y\u0259 \u00fcz tutmaq fikrind\u0259dir - MEYDAN.TV","robots":{"index":"index","follow":"follow","max-snippet":"max-snippet:-1","max-image-preview":"max-image-preview:large","max-video-preview":"max-video-preview:-1"},"canonical":"https:\/\/www.meydan.tv\/az\/article\/ses-kuyden-tenge-gelen-gence-sakinleri-mehkemeye-uz-tutmaq-fikrindedir\/","og_locale":"az_AZ","og_type":"article","og_title":"S\u0259s-k\u00fcyd\u0259n t\u0259ng\u0259 g\u0259l\u0259n G\u0259nc\u0259 sakinl\u0259ri m\u0259hk\u0259m\u0259y\u0259 \u00fcz tutmaq fikrind\u0259dir - MEYDAN.TV","og_description":"\u201cEvimizd\u0259n k\u00f6\u00e7\u00fcb hara ged\u0259k?\u201d Bir qrup G\u0259nc\u0259 sakini evind\u0259 rahat ... Davam\u0131","og_url":"https:\/\/www.meydan.tv\/az\/article\/ses-kuyden-tenge-gelen-gence-sakinleri-mehkemeye-uz-tutmaq-fikrindedir\/","og_site_name":"MEYDAN.TV","article_published_time":"2023-03-25T19:00:55+00:00","article_modified_time":"2023-03-25T19:00:58+00:00","og_image":[{"width":1200,"height":800,"url":"https:\/\/www.meydan.tv\/wp-content\/uploads\/shutterstock_2049087500-1.jpg","type":"image\/jpeg"}],"author":"elli","twitter_card":"summary_large_image","twitter_creator":"@elli","schema":{"@context":"https:\/\/schema.org","@graph":[{"@type":"Article","@id":"https:\/\/www.meydan.tv\/az\/article\/ses-kuyden-tenge-gelen-gence-sakinleri-mehkemeye-uz-tutmaq-fikrindedir\/#article","isPartOf":{"@id":"https:\/\/www.meydan.tv\/az\/article\/ses-kuyden-tenge-gelen-gence-sakinleri-mehkemeye-uz-tutmaq-fikrindedir\/"},"author":{"name":"elli","@id":"https:\/\/www.meydan.tv\/az\/#\/schema\/person\/9cdbecf90d17180ce1dfbd95b08dcf47"},"headline":"S\u0259s-k\u00fcyd\u0259n t\u0259ng\u0259 g\u0259l\u0259n G\u0259nc\u0259 sakinl\u0259ri m\u0259hk\u0259m\u0259y\u0259 \u00fcz tutmaq fikrind\u0259dir","datePublished":"2023-03-25T19:00:55+00:00","dateModified":"2023-03-25T19:00:58+00:00","mainEntityOfPage":{"@id":"https:\/\/www.meydan.tv\/az\/article\/ses-kuyden-tenge-gelen-gence-sakinleri-mehkemeye-uz-tutmaq-fikrindedir\/"},"wordCount":493,"publisher":{"@id":"https:\/\/www.meydan.tv\/az\/#organization"},"image":{"@id":"https:\/\/www.meydan.tv\/az\/article\/ses-kuyden-tenge-gelen-gence-sakinleri-mehkemeye-uz-tutmaq-fikrindedir\/#primaryimage"},"thumbnailUrl":"https:\/\/www.meydan.tv\/wp-content\/uploads\/shutterstock_2049087500-1.jpg","articleSection":["B\u00f6lg\u0259","X\u0259b\u0259rl\u0259r"],"inLanguage":"az"},{"@type":"WebPage","@id":"https:\/\/www.meydan.tv\/az\/article\/ses-kuyden-tenge-gelen-gence-sakinleri-mehkemeye-uz-tutmaq-fikrindedir\/","url":"https:\/\/www.meydan.tv\/az\/article\/ses-kuyden-tenge-gelen-gence-sakinleri-mehkemeye-uz-tutmaq-fikrindedir\/","name":"S\u0259s-k\u00fcyd\u0259n t\u0259ng\u0259 g\u0259l\u0259n G\u0259nc\u0259 sakinl\u0259ri m\u0259hk\u0259m\u0259y\u0259 \u00fcz tutmaq fikrind\u0259dir - MEYDAN.TV","isPartOf":{"@id":"https:\/\/www.meydan.tv\/az\/#website"},"primaryImageOfPage":{"@id":"https:\/\/www.meydan.tv\/az\/article\/ses-kuyden-tenge-gelen-gence-sakinleri-mehkemeye-uz-tutmaq-fikrindedir\/#primaryimage"},"image":{"@id":"https:\/\/www.meydan.tv\/az\/article\/ses-kuyden-tenge-gelen-gence-sakinleri-mehkemeye-uz-tutmaq-fikrindedir\/#primaryimage"},"thumbnailUrl":"https:\/\/www.meydan.tv\/wp-content\/uploads\/shutterstock_2049087500-1.jpg","datePublished":"2023-03-25T19:00:55+00:00","dateModified":"2023-03-25T19:00:58+00:00","breadcrumb":{"@id":"https:\/\/www.meydan.tv\/az\/article\/ses-kuyden-tenge-gelen-gence-sakinleri-mehkemeye-uz-tutmaq-fikrindedir\/#breadcrumb"},"inLanguage":"az","potentialAction":[{"@type":"ReadAction","target":["https:\/\/www.meydan.tv\/az\/article\/ses-kuyden-tenge-gelen-gence-sakinleri-mehkemeye-uz-tutmaq-fikrindedir\/"]}]},{"@type":"ImageObject","inLanguage":"az","@id":"https:\/\/www.meydan.tv\/az\/article\/ses-kuyden-tenge-gelen-gence-sakinleri-mehkemeye-uz-tutmaq-fikrindedir\/#primaryimage","url":"https:\/\/www.meydan.tv\/wp-content\/uploads\/shutterstock_2049087500-1.jpg","contentUrl":"https:\/\/www.meydan.tv\/wp-content\/uploads\/shutterstock_2049087500-1.jpg","width":1200,"height":800,"caption":"G\u0259nc\u0259 \u015f\u0259h\u0259ri, MasyuraN\/shutterstock"},{"@type":"BreadcrumbList","@id":"https:\/\/www.meydan.tv\/az\/article\/ses-kuyden-tenge-gelen-gence-sakinleri-mehkemeye-uz-tutmaq-fikrindedir\/#breadcrumb","itemListElement":[{"@type":"ListItem","position":1,"name":"Ana s\u0259hif\u0259","item":"https:\/\/www.meydan.tv\/az\/"},{"@type":"ListItem","position":2,"name":"B\u00f6lg\u0259","item":"https:\/\/www.meydan.tv\/az\/section\/bolge\/"},{"@type":"ListItem","position":3,"name":"S\u0259s-k\u00fcyd\u0259n t\u0259ng\u0259 g\u0259l\u0259n G\u0259nc\u0259 sakinl\u0259ri m\u0259hk\u0259m\u0259y\u0259 \u00fcz tutmaq fikrind\u0259dir"}]},{"@type":"WebSite","@id":"https:\/\/www.meydan.tv\/az\/#website","url":"https:\/\/www.meydan.tv\/az\/","name":"MEYDAN.TV","description":"Meydan TV Az\u0259rbaycan\u0131n media m\u0259kan\u0131ndak\u0131 alternativ s\u0259sidir","publisher":{"@id":"https:\/\/www.meydan.tv\/az\/#organization"},"potentialAction":[{"@type":"SearchAction","target":{"@type":"EntryPoint","urlTemplate":"https:\/\/www.meydan.tv\/az\/?s={search_term_string}"},"query-input":{"@type":"PropertyValueSpecification","valueRequired":true,"valueName":"search_term_string"}}],"inLanguage":"az"},{"@type":"Organization","@id":"https:\/\/www.meydan.tv\/az\/#organization","name":"Meydan TV","url":"https:\/\/www.meydan.tv\/az\/","logo":{"@type":"ImageObject","inLanguage":"az","@id":"https:\/\/www.meydan.tv\/az\/#\/schema\/logo\/image\/","url":"https:\/\/www.meydan.tv\/wp-content\/uploads\/2021\/07\/meydan-logo.svg","contentUrl":"https:\/\/www.meydan.tv\/wp-content\/uploads\/2021\/07\/meydan-logo.svg","width":195,"height":46,"caption":"Meydan TV"},"image":{"@id":"https:\/\/www.meydan.tv\/az\/#\/schema\/logo\/image\/"}},{"@type":"Person","@id":"https:\/\/www.meydan.tv\/az\/#\/schema\/person\/9cdbecf90d17180ce1dfbd95b08dcf47","name":"elli","sameAs":["https:\/\/x.com\/elli"]}]}},"_links":{"self":[{"href":"https:\/\/www.meydan.tv\/az\/wp-json\/wp\/v2\/posts\/271327","targetHints":{"allow":["GET"]}}],"collection":[{"href":"https:\/\/www.meydan.tv\/az\/wp-json\/wp\/v2\/posts"}],"about":[{"href":"https:\/\/www.meydan.tv\/az\/wp-json\/wp\/v2\/types\/post"}],"author":[{"embeddable":true,"href":"https:\/\/www.meydan.tv\/az\/wp-json\/wp\/v2\/users\/8"}],"replies":[{"embeddable":true,"href":"https:\/\/www.meydan.tv\/az\/wp-json\/wp\/v2\/comments?post=271327"}],"version-history":[{"count":1,"href":"https:\/\/www.meydan.tv\/az\/wp-json\/wp\/v2\/posts\/271327\/revisions"}],"predecessor-version":[{"id":271328,"href":"https:\/\/www.meydan.tv\/az\/wp-json\/wp\/v2\/posts\/271327\/revisions\/271328"}],"wp:featuredmedia":[{"embeddable":true,"href":"https:\/\/www.meydan.tv\/az\/wp-json\/wp\/v2\/media\/234666"}],"wp:attachment":[{"href":"https:\/\/www.meydan.tv\/az\/wp-json\/wp\/v2\/media?parent=271327"}],"wp:term":[{"taxonomy":"category","embeddable":true,"href":"https:\/\/www.meydan.tv\/az\/wp-json\/wp\/v2\/categories?post=271327"},{"taxonomy":"post_tag","embeddable":true,"href":"https:\/\/www.meydan.tv\/az\/wp-json\/wp\/v2\/tags?post=271327"}],"curies":[{"name":"wp","href":"https:\/\/api.w.org\/{rel}","templated":true}]}}