{"id":271286,"date":"2023-03-24T14:35:20","date_gmt":"2023-03-24T10:35:20","guid":{"rendered":"https:\/\/www.meydan.tv\/?p=271286"},"modified":"2023-03-24T14:35:35","modified_gmt":"2023-03-24T10:35:35","slug":"goycayda-kendlileri-ne-gozleyir-rusiya-bazarina-cixis-mehdudlasir","status":"publish","type":"post","link":"https:\/\/www.meydan.tv\/az\/article\/goycayda-kendlileri-ne-gozleyir-rusiya-bazarina-cixis-mehdudlasir\/","title":{"rendered":"G\u00f6y\u00e7ayda k\u0259ndlil\u0259ri n\u0259 g\u00f6zl\u0259yir: &#8220;Rusiya bazar\u0131na \u00e7\u0131x\u0131\u015f m\u0259hdudla\u015f\u0131r&#8221;"},"content":{"rendered":"\n<p><\/p>\n\n\n\n<p><strong><em>\u018fkin bol, m\u0259sr\u0259f \u00e7ox, bazar m\u00fc\u0259mmal\u0131&#8230;<\/em><\/strong><\/p>\n\n\n\n<p>&#8220;<em>Bu il bizim k\u0259ndin \u0259kinind\u0259 \u00e7ox art\u0131m var. \u00d6t\u0259n il \u0259n \u00e7ox 11 min, bu il 25-30 min \u015fitil \u0259k\u0259nl\u0259r var. Yanvardan indiy\u0259 q\u0259d\u0259r 4 min \u015fitil \u0259kmi\u015f\u0259m. \u00d6t\u0259n il d\u0259 eyni sayda \u0259kmi\u015fdim. Ancaq mayda \u0259lav\u0259 2 min\u0259 yax\u0131n pomidor \u0259k\u0259c\u0259y\u0259m. \u00c7\u00f6r\u0259yimiz istilikxanalardan \u00e7\u0131x\u0131r&#8221;.<\/em><\/p>\n\n\n\n<p>G\u00f6y\u00e7ayl\u0131 fermer S\u0259yavu\u015f \u018fhm\u0259dov ill\u0259rdir ki, sakini oldu\u011fu Qarax\u0131d\u0131r k\u0259ndind\u0259 istilikxana bec\u0259rir.<\/p>\n\n\n\n<p>\u00d6t\u0259n il \u0259kinin m\u0259hsuldar, sat\u0131\u015f\u0131n normal olmas\u0131 onun kimi bir \u00e7ox k\u0259nd sakinl\u0259rini d\u0259 istilikxana \u0259kinin\u0259 h\u0259v\u0259sl\u0259ndirib.<\/p>\n\n\n\n<figure class=\"wp-block-image size-large\"><img decoding=\"async\" width=\"1200\" height=\"540\" data-src=\"https:\/\/www.meydan.tv\/wp-content\/uploads\/img-20230223-wa0133-1200x540.jpg\" alt=\"\" class=\"wp-image-271268 lazyload\" src=\"data:image\/svg+xml;base64,PHN2ZyB3aWR0aD0iMSIgaGVpZ2h0PSIxIiB4bWxucz0iaHR0cDovL3d3dy53My5vcmcvMjAwMC9zdmciPjwvc3ZnPg==\" style=\"--smush-placeholder-width: 1200px; --smush-placeholder-aspect-ratio: 1200\/540;\" \/><\/figure>\n\n\n\n<p>G\u00f6y\u00e7ay\u0131n 30-a yax\u0131n k\u0259ndind\u0259 istilikxana t\u0259s\u0259rr\u00fcfat\u0131 qurulub. Amma&nbsp; L\u0259k\u00e7\u0131plaq, Qarax\u0131d\u0131r, \u015e\u0259k\u0259r, M\u0131rt\u0131, Qaraman k\u0259ndl\u0259ri k\u00fctl\u0259vi \u015f\u0259kild\u0259 istilikxana \u0259kini il\u0259 m\u0259\u015f\u011fuldur.<\/p>\n\n\n\n<p>Deyil\u0259n\u0259 g\u00f6r\u0259, h\u0259min k\u0259ndl\u0259rd\u0259 istilikxana t\u0259s\u0259rr\u00fcfatlar\u0131n\u0131n say\u0131 \u00f6t\u0259n ill\u0259 m\u00fcqayis\u0259d\u0259 iki d\u0259f\u0259 art\u0131b. S\u0259b\u0259b pomidorun \u00f6t\u0259n il bazarda normal qiym\u0259t\u0259 sat\u0131lmas\u0131 olub.<\/p>\n\n\n\n<p>L\u0259k\u00e7\u0131plaq k\u0259nd sakini M\u0259bud M\u0259mm\u0259dov Meydan TV-y\u0259 deyir ki, k\u0259ndd\u0259 1300 t\u0259s\u0259rr\u00fcfatdan 1000-i \u0259kini art\u0131r\u0131b:<\/p>\n\n\n\n<figure class=\"wp-block-image size-large\"><img decoding=\"async\" width=\"1200\" height=\"540\" data-src=\"https:\/\/www.meydan.tv\/wp-content\/uploads\/img-20230223-wa0049-1200x540.jpg\" alt=\"\" class=\"wp-image-271271 lazyload\" src=\"data:image\/svg+xml;base64,PHN2ZyB3aWR0aD0iMSIgaGVpZ2h0PSIxIiB4bWxucz0iaHR0cDovL3d3dy53My5vcmcvMjAwMC9zdmciPjwvc3ZnPg==\" style=\"--smush-placeholder-width: 1200px; --smush-placeholder-aspect-ratio: 1200\/540;\" \/><\/figure>\n\n\n\n<p>&#8220;<em>Az \u0259k\u0259n \u00fc\u00e7, \u0259n \u00e7ox \u0259k\u0259n 5 istilikxana sal\u0131b. \u00d6t\u0259nilki sat\u0131\u015fa g\u00f6r\u0259 30-40% art\u0131m var, \u00f6t\u0259n il 1, 1.50 manata satd\u0131lar. Haz\u0131rda bazarda qiym\u0259t bahad\u0131r, 4-5 manat aras\u0131ndad\u0131r. G\u00f6y\u00e7ayda m\u0259hsul m\u0259rh\u0259l\u0259li \u00e7\u0131xar\u0131lacaq. N\u0259 q\u0259d\u0259r d\u00fc\u015fs\u0259 d\u0259, d\u00fc\u015f\u00fcn\u00fcr\u0259m ki, \u00f6t\u0259nilki qiym\u0259tl\u0259r kimi olacaq. Xarici bazar kimi Rusiyaya b\u00f6y\u00fck \u00fcmid var&#8221;.<\/em><\/p>\n\n\n\n<p><strong>&#8220;Yaz \u0259kin\u00e7i, q\u0131\u015f dil\u0259n\u00e7i&#8230;&#8221;<\/strong><\/p>\n\n\n\n<p>Qarax\u0131d\u0131r k\u0259nd sakini, aqronom \u015eahin Yaqubov is\u0259 deyir ki, h\u0259r il yeni sortlar\u0131n bazara daxil olmas\u0131 \u0259kin\u0259 m\u00fcsb\u0259t t\u0259sir edir, amma bununla yana\u015f\u0131, \u015fitilin h\u0259r \u0259d\u0259dind\u0259 qiym\u0259t art\u0131m\u0131 da m\u00fc\u015fahid\u0259 olunur.<\/p>\n\n\n\n<p>\u018fks\u0259r k\u0259ndlil\u0259r is\u0259 yanacaq s\u0259rfiyyat\u0131n\u0131, odunun bahal\u0131\u011f\u0131n\u0131, \u00e7\u0259kil\u0259n m\u0259sr\u0259fin \u00e7ox, z\u0259hm\u0259tin a\u011f\u0131r olmas\u0131n\u0131 \u0259sas g\u0259tirirl\u0259r. Ona g\u00f6r\u0259 d\u0259 \u0259kinin dig\u0259r riskl\u0259r da\u015f\u0131mas\u0131 s\u0259b\u0259bind\u0259n \u015fitili Bak\u0131dan sifari\u015f verirl\u0259r.<\/p>\n\n\n\n<figure class=\"wp-block-image size-full\"><img decoding=\"async\" width=\"1200\" height=\"540\" data-src=\"https:\/\/www.meydan.tv\/wp-content\/uploads\/img-20230223-wa0080.jpg\" alt=\"\" class=\"wp-image-271274 lazyload\" src=\"data:image\/svg+xml;base64,PHN2ZyB3aWR0aD0iMSIgaGVpZ2h0PSIxIiB4bWxucz0iaHR0cDovL3d3dy53My5vcmcvMjAwMC9zdmciPjwvc3ZnPg==\" style=\"--smush-placeholder-width: 1200px; --smush-placeholder-aspect-ratio: 1200\/540;\" \/><\/figure>\n\n\n\n<p>O, \u0259kinin bollu\u011funun t\u0259cr\u00fcb\u0259d\u0259 yax\u015f\u0131 n\u0259tic\u0259 verm\u0259diyini deyir:<\/p>\n\n\n\n<p>&#8220;<em>Maxitos, makizim, matasimus, belbelina, bella, rummer kimi 5-6 sort d\u0259bd\u0259dir. Qiym\u0259tl\u0259ri qablar\u0131n h\u0259cmind\u0259n as\u0131l\u0131d\u0131r. 28 q\u0259pikd\u0259n 36-q\u0259piy\u0259 q\u0259d\u0259r d\u0259yi\u015fir. \u00d6t\u0259n ill\u0259 m\u00fcqayis\u0259d\u0259 2-3 q\u0259pik art\u0131m var. X\u00fcsusi sortlar var ki, qabla\u015fmas\u0131 40 q\u0259pik olur. \u018fk\u0259nl\u0259rin 60%-i matasimus, 30% maxitos sortuna \u00fcst\u00fcnl\u00fck verib. K\u0259ndlil\u0259r pomidorun indiki qiym\u0259tin\u0259 h\u0259v\u0259sl\u0259nib. Ancaq Ukrayna-Rusiya m\u00fcharib\u0259si v\u0259 Avropan\u0131n Rusiyaya qoydu\u011fu sanksiyalar onu s\u0131xsa, dollar\u0131n qiym\u0259ti bahala\u015fsa, onda v\u0259ziyy\u0259t qar\u0131\u015f\u0131q olacaq. K\u0259ndlil\u0259r is\u0259 \u00fcmidl\u0259 \u0259kir, ba\u015fqa g\u0259lir yerl\u0259ri yoxdur. Y\u0259ni yaz \u0259kin\u00e7i, q\u0131\u015f dil\u0259n\u00e7i olmaq qorxular\u0131 da var. \u00c7ox \u0259kin t\u0259cr\u00fcb\u0259d\u0259 yax\u015f\u0131 n\u0259tic\u0259 verm\u0259yib. Stabil g\u0259lir olsa da, bazarda limiti ke\u00e7m\u0259k d\u0259 olmur&#8221;.<\/em><\/p>\n\n\n\n<figure class=\"wp-block-image size-large\"><img decoding=\"async\" width=\"1200\" height=\"540\" data-src=\"https:\/\/www.meydan.tv\/wp-content\/uploads\/img-20230223-wa0123-1200x540.jpg\" alt=\"\" class=\"wp-image-271256 lazyload\" src=\"data:image\/svg+xml;base64,PHN2ZyB3aWR0aD0iMSIgaGVpZ2h0PSIxIiB4bWxucz0iaHR0cDovL3d3dy53My5vcmcvMjAwMC9zdmciPjwvc3ZnPg==\" style=\"--smush-placeholder-width: 1200px; --smush-placeholder-aspect-ratio: 1200\/540;\" \/><\/figure>\n\n\n\n<p>&#8220;<strong>Qiym\u0259t\u0259 getm\u0259s\u0259, m\u0259hsul batar, borc i\u00e7ind\u0259 qalar\u0131q&#8221;<\/strong><\/p>\n\n\n\n<p>M\u0131rt\u0131 k\u0259nd sakini Elm\u0259ddin \u0130sayev d\u0259 bu il risk ed\u0259r\u0259k 8 min pomidor \u015fitili \u0259kib. \u00d6t\u0259n il 5 min pomidor \u015fitili \u0259kib ki, normal sat\u0131\u015f onu daha \u00e7ox \u0259kin\u0259 h\u0259v\u0259sl\u0259ndirib.<\/p>\n\n\n\n<p>Deyir ki, \u0259kin\u0259 \u00e7\u0259kdiyi x\u0259rcl\u0259r d\u0259 \u00e7oxdur. Sellofan \u00f6rt\u00fckd\u0259n tutmu\u015f m\u00fcxt\u0259lif n\u00f6v qidaland\u0131r\u0131c\u0131 g\u00fcbr\u0259l\u0259r v\u0259 d\u0259rmanlar \u00e7ox bahad\u0131r. \u0130ld\u0259n-il\u0259 bahal\u0131q f\u0259rqi \u00e7ox hiss olunur.<\/p>\n\n\n\n<figure class=\"wp-block-image size-large\"><img decoding=\"async\" width=\"1200\" height=\"540\" data-src=\"https:\/\/www.meydan.tv\/wp-content\/uploads\/img-20230314-wa0098-1200x540.jpg\" alt=\"\" class=\"wp-image-271259 lazyload\" src=\"data:image\/svg+xml;base64,PHN2ZyB3aWR0aD0iMSIgaGVpZ2h0PSIxIiB4bWxucz0iaHR0cDovL3d3dy53My5vcmcvMjAwMC9zdmciPjwvc3ZnPg==\" style=\"--smush-placeholder-width: 1200px; --smush-placeholder-aspect-ratio: 1200\/540;\" \/><\/figure>\n\n\n\n<p>Onun hesablamas\u0131na g\u00f6r\u0259, \u00fc\u00e7 aya 8-9 min x\u0259rci \u00e7\u0131xa bil\u0259r. \u018fg\u0259r m\u0259hsulu sata bilm\u0259s\u0259, borc i\u00e7ind\u0259 qalacaq:<\/p>\n\n\n\n<p>&#8220;<em>Sellofan \u00fcst \u00f6rt\u00fcy\u00fcn\u00fcn kiloqram\u0131n\u0131 \u00f6t\u0259n il n\u0259\u011fd al\u0131rd\u0131q: 2.70 &#8211; 2.80 manata. Bu il is\u0259 3.90 v\u0259 4 manatd\u0131r. \u00dcmumilikd\u0259 300-400 kiloqram sellofan \u00f6rt\u00fck al\u0131r\u0131q. Kiloqram\u0131n\u0131 3 manata ald\u0131\u011f\u0131m\u0131z g\u00fcbr\u0259l\u0259ri indi 5 manata al\u0131r\u0131q. 50 kq-l\u0131q g\u00fcbr\u0259 80-100 manatd\u0131r. Kiloqram\u0131 2-3 manat olan g\u00fcbr\u0259ni indi 4.50 q\u0259piy\u0259 &#8211; 5 manata al\u0131r\u0131q. &#8220;Amafos&#8221;, &#8220;Urajay&#8221;, &#8220;Karbamid&#8221;, y\u0259ni qidaland\u0131r\u0131c\u0131lar \u00f6t\u0259n ill\u0259rd\u0259 16-20 manata idi, indi 50-60 manata olub. \u00c7ox bahad\u0131r, s\u0259rf etmir. \u015eitilin birini d\u0259 35 q\u0259piy\u0259 alm\u0131\u015fam. M\u0259hsul \u00e7\u0131xana q\u0259d\u0259r \u015fitilin biri m\u0259nd\u0259n 1 manatdan \u00e7ox x\u0259rc t\u0259l\u0259b ed\u0259c\u0259k. F\u0259hl\u0259 i\u015fl\u0259d\u0259nd\u0259 d\u0259 k\u00f6m\u0259k \u00fc\u00e7\u00fcn g\u00fcn \u0259rzind\u0259 50-60 manat pul laz\u0131md\u0131r. \u00c7oxunu borc, bankdan kredit g\u00f6t\u00fcr\u00fcb edirik. Qiym\u0259t\u0259 getm\u0259s\u0259, m\u0259hsul batar, borc i\u00e7ind\u0259 qalar\u0131q. Varl\u0131lar, m\u0259murlar da \u0259kini art\u0131r\u0131b, k\u0259ndlinin m\u0259hsulu s\u0131x\u0131\u015fd\u0131r\u0131l\u0131r&#8221;.<\/em><\/p>\n\n\n\n<figure class=\"wp-block-image size-full\"><img decoding=\"async\" width=\"1200\" height=\"540\" data-src=\"https:\/\/www.meydan.tv\/wp-content\/uploads\/img-20230223-wa0112.jpg\" alt=\"\" class=\"wp-image-271253 lazyload\" src=\"data:image\/svg+xml;base64,PHN2ZyB3aWR0aD0iMSIgaGVpZ2h0PSIxIiB4bWxucz0iaHR0cDovL3d3dy53My5vcmcvMjAwMC9zdmciPjwvc3ZnPg==\" style=\"--smush-placeholder-width: 1200px; --smush-placeholder-aspect-ratio: 1200\/540;\" \/><\/figure>\n\n\n\n<p>&#8220;<strong>Subsidiya imkanlar\u0131ndan da yararlanmaq olmur&#8221;<\/strong><\/p>\n\n\n\n<p>Yaz \u0259kinin\u0259 yanvardan etibar\u0259n ba\u015flayan k\u0259ndlil\u0259r maya q\u0259d\u0259r \u0259kini yekunla\u015fd\u0131racaq. \u00dc\u00e7 ay \u0259rzind\u0259 h\u0259m x\u0259rc, h\u0259m d\u0259 z\u0259hm\u0259t \u00e7\u0259kirl\u0259r.<\/p>\n\n\n\n<p>K\u0259ndlil\u0259r deyir ki, n\u0259 subsidiya imkan\u0131ndan yararlanmaq var, n\u0259 d\u0259 k\u0259ndliy\u0259 d\u00f6vl\u0259t d\u0259st\u0259yi.<\/p>\n\n\n\n<figure class=\"wp-block-image size-full\"><img decoding=\"async\" width=\"1200\" height=\"540\" data-src=\"https:\/\/www.meydan.tv\/wp-content\/uploads\/img-20230223-wa0078.jpg\" alt=\"\" class=\"wp-image-271277 lazyload\" src=\"data:image\/svg+xml;base64,PHN2ZyB3aWR0aD0iMSIgaGVpZ2h0PSIxIiB4bWxucz0iaHR0cDovL3d3dy53My5vcmcvMjAwMC9zdmciPjwvc3ZnPg==\" style=\"--smush-placeholder-width: 1200px; --smush-placeholder-aspect-ratio: 1200\/540;\" \/><\/figure>\n\n\n\n<p>S\u0259yavu\u015f \u018fhm\u0259dov deyir ki, \u00e7ox \u0259kin, bir o q\u0259d\u0259r d\u0259 x\u0259rc dem\u0259kdir:<\/p>\n\n\n\n<p><em>&#8220;\u015eitill\u0259ri \u0259vv\u0259l 18-20 q\u0259piy\u0259 alard\u0131q, indi 28-36 q\u0259piy\u0259. Odun, yanacaq, \u015fitil, x\u00fcsusi qulluq, toxum pul t\u0259l\u0259b edir. M\u0259n Bak\u0131da 4 min t\u0259k \u015fitil\u0259 1500 manat pul \u00f6d\u0259yib ald\u0131m. 1200 manat sellofan \u00f6rt\u00fcy\u00fcn\u0259, 1800 manat \u00fc\u00e7 ma\u015f\u0131n odununa verdim. T\u0259k d\u0259rmana verdiyim \u00f6d\u0259ni\u015f 400 manat\u0131 ke\u00e7ib. Maya q\u0259d\u0259r 7-8 min x\u0259rc tutacaq. G\u0259r\u0259k \u00e7ox baha getsin ki, ordan \u00fc\u00e7 qat g\u0259lir g\u00f6t\u00fcr\u00fcb borcunu da, \u0259ziyy\u0259tini d\u0259 \u00f6d\u0259y\u0259s\u0259n. \u00dcst\u0259lik, az da olsa, qazanc qalmal\u0131d\u0131r. \u018fziyy\u0259tin\u0259 d\u0259ymir, \u00e7ox a\u011f\u0131r \u0259m\u0259kdir. \u0130stid\u0259 sellofan\u0131n alt\u0131nda i\u015fl\u0259m\u0259k var. Bankdan da pul g\u00f6t\u00fcr\u00fcr\u00fck. \u0130ki ildir ki, yerim\u0259 g\u00fcbr\u0259 ver\u0259 bilmir\u0259m, \u00e7ox bahad\u0131r. \u018fvv\u0259l kis\u0259sini 20-25 manata al\u0131rd\u0131q, indi 80 manatd\u0131r. Odunun ma\u015f\u0131n\u0131 600 manatd\u0131r&#8221;.<\/em><\/p>\n\n\n\n<figure class=\"wp-block-image size-large\"><img decoding=\"async\" width=\"1200\" height=\"540\" data-src=\"https:\/\/www.meydan.tv\/wp-content\/uploads\/img-20230223-wa0042-1200x540.jpg\" alt=\"\" class=\"wp-image-271287 lazyload\" src=\"data:image\/svg+xml;base64,PHN2ZyB3aWR0aD0iMSIgaGVpZ2h0PSIxIiB4bWxucz0iaHR0cDovL3d3dy53My5vcmcvMjAwMC9zdmciPjwvc3ZnPg==\" style=\"--smush-placeholder-width: 1200px; --smush-placeholder-aspect-ratio: 1200\/540;\" \/><\/figure>\n\n\n\n<p>K\u0259ndlil\u0259r v\u0259 fermerl\u0259r \u00f6t\u0259n il bazardak\u0131 qiym\u0259ti bu il d\u0259 g\u00f6zl\u0259yirl\u0259r. Onlar\u0131n s\u00f6zl\u0259rin\u0259 g\u00f6r\u0259, haz\u0131rda pomidorun daxili bazarda 5-6 manat olmas\u0131 bu \u00fcmidi daha da art\u0131r\u0131r. Ancaq ekspertl\u0259r bel\u0259 hesab etmirl\u0259r.<\/p>\n\n\n\n<p>&#8220;<strong>Rusiya bazar\u0131na \u00e7\u0131x\u0131\u015f imkanlar\u0131 m\u0259hdudla\u015f\u0131r&#8221;<\/strong><\/p>\n\n\n\n<p>\u0130qtisad\u00e7\u0131 ekspert Natiq C\u0259f\u0259rli d\u00fc\u015f\u00fcn\u00fcr ki, bazar iqtisadiyyat\u0131n\u0131n t\u0259m\u0259l qanunu v\u0259 ixracatdak\u0131 probleml\u0259r g\u00f6zl\u0259ntil\u0259rin \u0259ksini yarada bil\u0259r:<\/p>\n\n\n\n<p>&#8220;<em>Bazar iqtisadiyyat\u0131n\u0131n qanunlar\u0131na g\u00f6r\u0259 mal v\u0259 m\u0259hsul bollu\u011fu olacaqsa, qiym\u0259tl\u0259r\u0259 t\u0259sir g\u00f6st\u0259r\u0259c\u0259k. Sad\u0259c\u0259, h\u0259l\u0259 ki Az\u0259rbaycan bazar\u0131n\u0131n daxilin\u0259 baxanda g\u00f6r\u00fcr\u00fck ki, qiym\u0259tl\u0259rd\u0259 \u00f6t\u0259n il\u0259 m\u00fcqayis\u0259d\u0259 art\u0131m var, azalma yoxdur. Ancaq pomidor ixracat\u0131nda probleml\u0259r var. Pomidor ixracat\u0131 qeyri-neft sektorunda &#8211; k\u0259nd t\u0259s\u0259rr\u00fcfat\u0131nda \u0259sas rol oynay\u0131r. Son iki ilin ilk iki ay\u0131na baxanda pomidor \u0259vv\u0259lki m\u00f6vqel\u0259rini itirir. Bu da o dem\u0259kdir ki, \u0259n\u0259n\u0259vi bazarlara, y\u0259ni Rusiya bazar\u0131na \u00e7\u0131x\u0131\u015f imkanlar\u0131 m\u0259hdudla\u015f\u0131r&#8221;.<\/em><\/p>\n\n\n\n<figure class=\"wp-block-image size-large\"><img decoding=\"async\" width=\"1200\" height=\"540\" data-src=\"https:\/\/www.meydan.tv\/wp-content\/uploads\/img-20230223-wa0075-1200x540.jpg\" alt=\"\" class=\"wp-image-271290 lazyload\" src=\"data:image\/svg+xml;base64,PHN2ZyB3aWR0aD0iMSIgaGVpZ2h0PSIxIiB4bWxucz0iaHR0cDovL3d3dy53My5vcmcvMjAwMC9zdmciPjwvc3ZnPg==\" style=\"--smush-placeholder-width: 1200px; --smush-placeholder-aspect-ratio: 1200\/540;\" \/><\/figure>\n\n\n\n<p><strong>&#8220;M\u00fcharib\u0259 davam etdikc\u0259 m\u00fc\u0259yy\u0259n probleml\u0259r ya\u015fanacaq&#8221;<\/strong><\/p>\n\n\n\n<p>Ekspert \u00f6lk\u0259nin k\u0259nd t\u0259s\u0259rr\u00fcfat\u0131 m\u0259hsullar\u0131n\u0131n, x\u00fcsusil\u0259 pomidor ixracat\u0131n\u0131n 80%-nin Rusiya bazar\u0131na \u00e7\u0131xar\u0131lmas\u0131n\u0131 ciddi problem kimi qiym\u0259tl\u0259ndirir:<\/p>\n\n\n\n<p><em>&#8220;Bank sektoru il\u0259 ba\u011fl\u0131 probleml\u0259r var. Bundan ba\u015fqa, Rusiya bazar\u0131na giri\u015finin m\u00fc\u0259yy\u0259n probleml\u0259rl\u0259 m\u0259hdudla\u015fd\u0131r\u0131lmas\u0131 m\u00f6vcuddur. Rusiyan\u0131n \u00f6z siyas\u0259ti d\u0259 var, s\u0259rh\u0259d-ke\u00e7id m\u0259nt\u0259q\u0259l\u0259rind\u0259 bir \u00e7ox \u00f6lk\u0259l\u0259rd\u0259n, o c\u00fcml\u0259d\u0259n Az\u0259rbaycandan g\u0259l\u0259n m\u0259hsullara m\u00fc\u0259yy\u0259n probleml\u0259r yarad\u0131r. Dig\u0259r problem odur ki, \u0259n\u0259n\u0259vi olaraq Rusiya bazar\u0131nda r\u0259qab\u0259ti T\u00fcrkiy\u0259 il\u0259 apar\u0131r\u0131q. T\u00fcrkiy\u0259 is\u0259 Rusiya bazar\u0131na m\u0259hsul ixrac\u0131n\u0131 xeyli art\u0131r\u0131b. Ona g\u00f6r\u0259 bu m\u0259s\u0259l\u0259l\u0259ri n\u0259z\u0259r\u0259 alsaq, probleml\u0259rin oldu\u011funu g\u00f6r\u0259rik&#8221;<\/em>.<\/p>\n\n\n<div class=\"wp-block-image\">\n<figure class=\"alignright size-large is-resized\"><img decoding=\"async\" data-src=\"https:\/\/www.meydan.tv\/wp-content\/uploads\/image_from_ios_178-scaled-e1648798569981-1200x696.jpg\" alt=\"Natiq C\u0259f\u0259rli\" class=\"wp-image-210013 lazyload\" width=\"411\" height=\"237\" src=\"data:image\/svg+xml;base64,PHN2ZyB3aWR0aD0iMSIgaGVpZ2h0PSIxIiB4bWxucz0iaHR0cDovL3d3dy53My5vcmcvMjAwMC9zdmciPjwvc3ZnPg==\" style=\"--smush-placeholder-width: 411px; --smush-placeholder-aspect-ratio: 411\/237;\" \/><figcaption class=\"wp-element-caption\">Natiq C\u0259f\u0259rli, Foto: Meydan TV<\/figcaption><\/figure>\n<\/div>\n\n\n<p><em>&#8220;Az\u0259rbaycan\u0131n k\u0259nd t\u0259s\u0259rr\u00fcfat\u0131, x\u00fcsusil\u0259 pomidor ixracat\u0131nda m\u00fcharib\u0259 davam etdikc\u0259 m\u00fc\u0259yy\u0259n probleml\u0259r ya\u015fanacaq. \u018fn az\u0131ndan Ukrayna bazar\u0131 \u0259ld\u0259n \u00e7\u0131x\u0131b. Dem\u0259k olar ki, k\u0259nd t\u0259s\u0259rr\u00fcfat\u0131 ixracat\u0131nda Ukrayna ilk be\u015flikd\u0259 yer al\u0131rd\u0131. H\u0259l\u0259 ki Rusiya bazar\u0131nda qeyri-sabitlik var. Probleml\u0259r qala bil\u0259r. Bizim \u0259n b\u00f6y\u00fck problemimiz k\u0259nd t\u0259s\u0259rr\u00fcfat\u0131 ixracat\u0131n\u0131n, o c\u00fcml\u0259d\u0259n pomidorun 80% civar\u0131nda Rusiya bazar\u0131na \u00e7\u0131xar\u0131lmas\u0131d\u0131r. Bu as\u0131l\u0131l\u0131q is\u0259 ciddi f\u0259sadlar v\u0259 probleml\u0259r yarad\u0131r&#8221;, <\/em>&#8211; dey\u0259 ekspert Meydan TV-y\u0259 bildirib.<\/p>\n\n\n\n<p>\u00d6t\u0259n il \u00f6lk\u0259d\u0259 3154 istixanada yeti\u015fdiril\u0259n pomidorun h\u0259cmi 369,337 min ton t\u0259\u015fkil edib ki, bu da 2021-ci ill\u0259 m\u00fcqayis\u0259d\u0259 7,6% \u00e7oxdur.<\/p>\n\n\n\n<p>G\u00f6y\u00e7ayda is\u0259 225 hektar istilikxana t\u0259s\u0259rr\u00fcfat\u0131ndan \u00fcmumi 22 min ton pomidor m\u0259hsulu toplan\u0131l\u0131b.<\/p>\n","protected":false},"excerpt":{"rendered":"<p>\u018fkin bol, m\u0259sr\u0259f \u00e7ox, bazar m\u00fc\u0259mmal\u0131&#8230; &#8220;Bu il bizim k\u0259ndin &#8230; <\/p>\n<p class=\"read-more-container\"><a title=\"G\u00f6y\u00e7ayda k\u0259ndlil\u0259ri n\u0259 g\u00f6zl\u0259yir: &#8220;Rusiya bazar\u0131na \u00e7\u0131x\u0131\u015f m\u0259hdudla\u015f\u0131r&#8221;\" class=\"read-more button\" href=\"https:\/\/www.meydan.tv\/az\/article\/goycayda-kendlileri-ne-gozleyir-rusiya-bazarina-cixis-mehdudlasir\/#more-271286\" aria-label=\"Read more about G\u00f6y\u00e7ayda k\u0259ndlil\u0259ri n\u0259 g\u00f6zl\u0259yir: &#8220;Rusiya bazar\u0131na \u00e7\u0131x\u0131\u015f m\u0259hdudla\u015f\u0131r&#8221;\">Davam\u0131<\/a><\/p>\n","protected":false},"author":8,"featured_media":271293,"comment_status":"closed","ping_status":"closed","sticky":false,"template":"","format":"standard","meta":{"_acf_changed":false,"_sitemap_exclude":false,"_sitemap_priority":"","_sitemap_frequency":"","footnotes":""},"categories":[60,79,56],"tags":[],"class_list":["post-271286","post","type-post","status-publish","format-standard","has-post-thumbnail","hentry","category-bolge","category-featured","category-xeberler","infinite-scroll-item","generate-columns","tablet-grid-50","mobile-grid-100","grid-parent","grid-33","no-featured-image-padding"],"acf":[],"yoast_head":"<!-- This site is optimized with the Yoast SEO plugin v27.5 - https:\/\/yoast.com\/product\/yoast-seo-wordpress\/ -->\n<title>G\u00f6y\u00e7ayda k\u0259ndlil\u0259ri n\u0259 g\u00f6zl\u0259yir: &quot;Rusiya bazar\u0131na \u00e7\u0131x\u0131\u015f m\u0259hdudla\u015f\u0131r&quot; - MEYDAN.TV<\/title>\n<meta name=\"robots\" content=\"index, follow, max-snippet:-1, max-image-preview:large, max-video-preview:-1\" \/>\n<link rel=\"canonical\" href=\"https:\/\/www.meydan.tv\/az\/article\/goycayda-kendlileri-ne-gozleyir-rusiya-bazarina-cixis-mehdudlasir\/\" \/>\n<meta property=\"og:locale\" content=\"az_AZ\" \/>\n<meta property=\"og:type\" content=\"article\" \/>\n<meta property=\"og:title\" content=\"G\u00f6y\u00e7ayda k\u0259ndlil\u0259ri n\u0259 g\u00f6zl\u0259yir: &quot;Rusiya bazar\u0131na \u00e7\u0131x\u0131\u015f m\u0259hdudla\u015f\u0131r&quot; - MEYDAN.TV\" \/>\n<meta property=\"og:description\" content=\"\u018fkin bol, m\u0259sr\u0259f \u00e7ox, bazar m\u00fc\u0259mmal\u0131&#8230; &#8220;Bu il bizim k\u0259ndin ... Davam\u0131\" \/>\n<meta property=\"og:url\" content=\"https:\/\/www.meydan.tv\/az\/article\/goycayda-kendlileri-ne-gozleyir-rusiya-bazarina-cixis-mehdudlasir\/\" \/>\n<meta property=\"og:site_name\" content=\"MEYDAN.TV\" \/>\n<meta property=\"article:published_time\" content=\"2023-03-24T10:35:20+00:00\" \/>\n<meta property=\"article:modified_time\" content=\"2023-03-24T10:35:35+00:00\" \/>\n<meta property=\"og:image\" content=\"https:\/\/www.meydan.tv\/wp-content\/uploads\/img-20230223-wa0108-3.jpg\" \/>\n\t<meta property=\"og:image:width\" content=\"1280\" \/>\n\t<meta property=\"og:image:height\" content=\"576\" \/>\n\t<meta property=\"og:image:type\" content=\"image\/jpeg\" \/>\n<meta name=\"author\" content=\"elli\" \/>\n<meta name=\"twitter:card\" content=\"summary_large_image\" \/>\n<meta name=\"twitter:creator\" content=\"@elli\" \/>\n<script type=\"application\/ld+json\" class=\"yoast-schema-graph\">{\"@context\":\"https:\\\/\\\/schema.org\",\"@graph\":[{\"@type\":\"Article\",\"@id\":\"https:\\\/\\\/www.meydan.tv\\\/az\\\/article\\\/goycayda-kendlileri-ne-gozleyir-rusiya-bazarina-cixis-mehdudlasir\\\/#article\",\"isPartOf\":{\"@id\":\"https:\\\/\\\/www.meydan.tv\\\/az\\\/article\\\/goycayda-kendlileri-ne-gozleyir-rusiya-bazarina-cixis-mehdudlasir\\\/\"},\"author\":{\"name\":\"elli\",\"@id\":\"https:\\\/\\\/www.meydan.tv\\\/az\\\/#\\\/schema\\\/person\\\/9cdbecf90d17180ce1dfbd95b08dcf47\"},\"headline\":\"G\u00f6y\u00e7ayda k\u0259ndlil\u0259ri n\u0259 g\u00f6zl\u0259yir: &#8220;Rusiya bazar\u0131na \u00e7\u0131x\u0131\u015f m\u0259hdudla\u015f\u0131r&#8221;\",\"datePublished\":\"2023-03-24T10:35:20+00:00\",\"dateModified\":\"2023-03-24T10:35:35+00:00\",\"mainEntityOfPage\":{\"@id\":\"https:\\\/\\\/www.meydan.tv\\\/az\\\/article\\\/goycayda-kendlileri-ne-gozleyir-rusiya-bazarina-cixis-mehdudlasir\\\/\"},\"wordCount\":1656,\"publisher\":{\"@id\":\"https:\\\/\\\/www.meydan.tv\\\/az\\\/#organization\"},\"image\":{\"@id\":\"https:\\\/\\\/www.meydan.tv\\\/az\\\/article\\\/goycayda-kendlileri-ne-gozleyir-rusiya-bazarina-cixis-mehdudlasir\\\/#primaryimage\"},\"thumbnailUrl\":\"https:\\\/\\\/www.meydan.tv\\\/wp-content\\\/uploads\\\/img-20230223-wa0108-3.jpg\",\"articleSection\":[\"B\u00f6lg\u0259\",\"T\u00f6vsiy\u0259\",\"X\u0259b\u0259rl\u0259r\"],\"inLanguage\":\"az\"},{\"@type\":\"WebPage\",\"@id\":\"https:\\\/\\\/www.meydan.tv\\\/az\\\/article\\\/goycayda-kendlileri-ne-gozleyir-rusiya-bazarina-cixis-mehdudlasir\\\/\",\"url\":\"https:\\\/\\\/www.meydan.tv\\\/az\\\/article\\\/goycayda-kendlileri-ne-gozleyir-rusiya-bazarina-cixis-mehdudlasir\\\/\",\"name\":\"G\u00f6y\u00e7ayda k\u0259ndlil\u0259ri n\u0259 g\u00f6zl\u0259yir: \\\"Rusiya bazar\u0131na \u00e7\u0131x\u0131\u015f m\u0259hdudla\u015f\u0131r\\\" - MEYDAN.TV\",\"isPartOf\":{\"@id\":\"https:\\\/\\\/www.meydan.tv\\\/az\\\/#website\"},\"primaryImageOfPage\":{\"@id\":\"https:\\\/\\\/www.meydan.tv\\\/az\\\/article\\\/goycayda-kendlileri-ne-gozleyir-rusiya-bazarina-cixis-mehdudlasir\\\/#primaryimage\"},\"image\":{\"@id\":\"https:\\\/\\\/www.meydan.tv\\\/az\\\/article\\\/goycayda-kendlileri-ne-gozleyir-rusiya-bazarina-cixis-mehdudlasir\\\/#primaryimage\"},\"thumbnailUrl\":\"https:\\\/\\\/www.meydan.tv\\\/wp-content\\\/uploads\\\/img-20230223-wa0108-3.jpg\",\"datePublished\":\"2023-03-24T10:35:20+00:00\",\"dateModified\":\"2023-03-24T10:35:35+00:00\",\"breadcrumb\":{\"@id\":\"https:\\\/\\\/www.meydan.tv\\\/az\\\/article\\\/goycayda-kendlileri-ne-gozleyir-rusiya-bazarina-cixis-mehdudlasir\\\/#breadcrumb\"},\"inLanguage\":\"az\",\"potentialAction\":[{\"@type\":\"ReadAction\",\"target\":[\"https:\\\/\\\/www.meydan.tv\\\/az\\\/article\\\/goycayda-kendlileri-ne-gozleyir-rusiya-bazarina-cixis-mehdudlasir\\\/\"]}]},{\"@type\":\"ImageObject\",\"inLanguage\":\"az\",\"@id\":\"https:\\\/\\\/www.meydan.tv\\\/az\\\/article\\\/goycayda-kendlileri-ne-gozleyir-rusiya-bazarina-cixis-mehdudlasir\\\/#primaryimage\",\"url\":\"https:\\\/\\\/www.meydan.tv\\\/wp-content\\\/uploads\\\/img-20230223-wa0108-3.jpg\",\"contentUrl\":\"https:\\\/\\\/www.meydan.tv\\\/wp-content\\\/uploads\\\/img-20230223-wa0108-3.jpg\",\"width\":1280,\"height\":576,\"caption\":\"Fotolar: Meydan TV\"},{\"@type\":\"BreadcrumbList\",\"@id\":\"https:\\\/\\\/www.meydan.tv\\\/az\\\/article\\\/goycayda-kendlileri-ne-gozleyir-rusiya-bazarina-cixis-mehdudlasir\\\/#breadcrumb\",\"itemListElement\":[{\"@type\":\"ListItem\",\"position\":1,\"name\":\"Ana s\u0259hif\u0259\",\"item\":\"https:\\\/\\\/www.meydan.tv\\\/az\\\/\"},{\"@type\":\"ListItem\",\"position\":2,\"name\":\"B\u00f6lg\u0259\",\"item\":\"https:\\\/\\\/www.meydan.tv\\\/az\\\/section\\\/bolge\\\/\"},{\"@type\":\"ListItem\",\"position\":3,\"name\":\"G\u00f6y\u00e7ayda k\u0259ndlil\u0259ri n\u0259 g\u00f6zl\u0259yir: &#8220;Rusiya bazar\u0131na \u00e7\u0131x\u0131\u015f m\u0259hdudla\u015f\u0131r&#8221;\"}]},{\"@type\":\"WebSite\",\"@id\":\"https:\\\/\\\/www.meydan.tv\\\/az\\\/#website\",\"url\":\"https:\\\/\\\/www.meydan.tv\\\/az\\\/\",\"name\":\"MEYDAN.TV\",\"description\":\"Meydan TV Az\u0259rbaycan\u0131n media m\u0259kan\u0131ndak\u0131 alternativ s\u0259sidir\",\"publisher\":{\"@id\":\"https:\\\/\\\/www.meydan.tv\\\/az\\\/#organization\"},\"potentialAction\":[{\"@type\":\"SearchAction\",\"target\":{\"@type\":\"EntryPoint\",\"urlTemplate\":\"https:\\\/\\\/www.meydan.tv\\\/az\\\/?s={search_term_string}\"},\"query-input\":{\"@type\":\"PropertyValueSpecification\",\"valueRequired\":true,\"valueName\":\"search_term_string\"}}],\"inLanguage\":\"az\"},{\"@type\":\"Organization\",\"@id\":\"https:\\\/\\\/www.meydan.tv\\\/az\\\/#organization\",\"name\":\"Meydan TV\",\"url\":\"https:\\\/\\\/www.meydan.tv\\\/az\\\/\",\"logo\":{\"@type\":\"ImageObject\",\"inLanguage\":\"az\",\"@id\":\"https:\\\/\\\/www.meydan.tv\\\/az\\\/#\\\/schema\\\/logo\\\/image\\\/\",\"url\":\"https:\\\/\\\/www.meydan.tv\\\/wp-content\\\/uploads\\\/2021\\\/07\\\/meydan-logo.svg\",\"contentUrl\":\"https:\\\/\\\/www.meydan.tv\\\/wp-content\\\/uploads\\\/2021\\\/07\\\/meydan-logo.svg\",\"width\":195,\"height\":46,\"caption\":\"Meydan TV\"},\"image\":{\"@id\":\"https:\\\/\\\/www.meydan.tv\\\/az\\\/#\\\/schema\\\/logo\\\/image\\\/\"}},{\"@type\":\"Person\",\"@id\":\"https:\\\/\\\/www.meydan.tv\\\/az\\\/#\\\/schema\\\/person\\\/9cdbecf90d17180ce1dfbd95b08dcf47\",\"name\":\"elli\",\"sameAs\":[\"https:\\\/\\\/x.com\\\/elli\"]}]}<\/script>\n<!-- \/ Yoast SEO plugin. -->","yoast_head_json":{"title":"G\u00f6y\u00e7ayda k\u0259ndlil\u0259ri n\u0259 g\u00f6zl\u0259yir: \"Rusiya bazar\u0131na \u00e7\u0131x\u0131\u015f m\u0259hdudla\u015f\u0131r\" - MEYDAN.TV","robots":{"index":"index","follow":"follow","max-snippet":"max-snippet:-1","max-image-preview":"max-image-preview:large","max-video-preview":"max-video-preview:-1"},"canonical":"https:\/\/www.meydan.tv\/az\/article\/goycayda-kendlileri-ne-gozleyir-rusiya-bazarina-cixis-mehdudlasir\/","og_locale":"az_AZ","og_type":"article","og_title":"G\u00f6y\u00e7ayda k\u0259ndlil\u0259ri n\u0259 g\u00f6zl\u0259yir: \"Rusiya bazar\u0131na \u00e7\u0131x\u0131\u015f m\u0259hdudla\u015f\u0131r\" - MEYDAN.TV","og_description":"\u018fkin bol, m\u0259sr\u0259f \u00e7ox, bazar m\u00fc\u0259mmal\u0131&#8230; &#8220;Bu il bizim k\u0259ndin ... Davam\u0131","og_url":"https:\/\/www.meydan.tv\/az\/article\/goycayda-kendlileri-ne-gozleyir-rusiya-bazarina-cixis-mehdudlasir\/","og_site_name":"MEYDAN.TV","article_published_time":"2023-03-24T10:35:20+00:00","article_modified_time":"2023-03-24T10:35:35+00:00","og_image":[{"width":1280,"height":576,"url":"https:\/\/www.meydan.tv\/wp-content\/uploads\/img-20230223-wa0108-3.jpg","type":"image\/jpeg"}],"author":"elli","twitter_card":"summary_large_image","twitter_creator":"@elli","schema":{"@context":"https:\/\/schema.org","@graph":[{"@type":"Article","@id":"https:\/\/www.meydan.tv\/az\/article\/goycayda-kendlileri-ne-gozleyir-rusiya-bazarina-cixis-mehdudlasir\/#article","isPartOf":{"@id":"https:\/\/www.meydan.tv\/az\/article\/goycayda-kendlileri-ne-gozleyir-rusiya-bazarina-cixis-mehdudlasir\/"},"author":{"name":"elli","@id":"https:\/\/www.meydan.tv\/az\/#\/schema\/person\/9cdbecf90d17180ce1dfbd95b08dcf47"},"headline":"G\u00f6y\u00e7ayda k\u0259ndlil\u0259ri n\u0259 g\u00f6zl\u0259yir: &#8220;Rusiya bazar\u0131na \u00e7\u0131x\u0131\u015f m\u0259hdudla\u015f\u0131r&#8221;","datePublished":"2023-03-24T10:35:20+00:00","dateModified":"2023-03-24T10:35:35+00:00","mainEntityOfPage":{"@id":"https:\/\/www.meydan.tv\/az\/article\/goycayda-kendlileri-ne-gozleyir-rusiya-bazarina-cixis-mehdudlasir\/"},"wordCount":1656,"publisher":{"@id":"https:\/\/www.meydan.tv\/az\/#organization"},"image":{"@id":"https:\/\/www.meydan.tv\/az\/article\/goycayda-kendlileri-ne-gozleyir-rusiya-bazarina-cixis-mehdudlasir\/#primaryimage"},"thumbnailUrl":"https:\/\/www.meydan.tv\/wp-content\/uploads\/img-20230223-wa0108-3.jpg","articleSection":["B\u00f6lg\u0259","T\u00f6vsiy\u0259","X\u0259b\u0259rl\u0259r"],"inLanguage":"az"},{"@type":"WebPage","@id":"https:\/\/www.meydan.tv\/az\/article\/goycayda-kendlileri-ne-gozleyir-rusiya-bazarina-cixis-mehdudlasir\/","url":"https:\/\/www.meydan.tv\/az\/article\/goycayda-kendlileri-ne-gozleyir-rusiya-bazarina-cixis-mehdudlasir\/","name":"G\u00f6y\u00e7ayda k\u0259ndlil\u0259ri n\u0259 g\u00f6zl\u0259yir: \"Rusiya bazar\u0131na \u00e7\u0131x\u0131\u015f m\u0259hdudla\u015f\u0131r\" - MEYDAN.TV","isPartOf":{"@id":"https:\/\/www.meydan.tv\/az\/#website"},"primaryImageOfPage":{"@id":"https:\/\/www.meydan.tv\/az\/article\/goycayda-kendlileri-ne-gozleyir-rusiya-bazarina-cixis-mehdudlasir\/#primaryimage"},"image":{"@id":"https:\/\/www.meydan.tv\/az\/article\/goycayda-kendlileri-ne-gozleyir-rusiya-bazarina-cixis-mehdudlasir\/#primaryimage"},"thumbnailUrl":"https:\/\/www.meydan.tv\/wp-content\/uploads\/img-20230223-wa0108-3.jpg","datePublished":"2023-03-24T10:35:20+00:00","dateModified":"2023-03-24T10:35:35+00:00","breadcrumb":{"@id":"https:\/\/www.meydan.tv\/az\/article\/goycayda-kendlileri-ne-gozleyir-rusiya-bazarina-cixis-mehdudlasir\/#breadcrumb"},"inLanguage":"az","potentialAction":[{"@type":"ReadAction","target":["https:\/\/www.meydan.tv\/az\/article\/goycayda-kendlileri-ne-gozleyir-rusiya-bazarina-cixis-mehdudlasir\/"]}]},{"@type":"ImageObject","inLanguage":"az","@id":"https:\/\/www.meydan.tv\/az\/article\/goycayda-kendlileri-ne-gozleyir-rusiya-bazarina-cixis-mehdudlasir\/#primaryimage","url":"https:\/\/www.meydan.tv\/wp-content\/uploads\/img-20230223-wa0108-3.jpg","contentUrl":"https:\/\/www.meydan.tv\/wp-content\/uploads\/img-20230223-wa0108-3.jpg","width":1280,"height":576,"caption":"Fotolar: Meydan TV"},{"@type":"BreadcrumbList","@id":"https:\/\/www.meydan.tv\/az\/article\/goycayda-kendlileri-ne-gozleyir-rusiya-bazarina-cixis-mehdudlasir\/#breadcrumb","itemListElement":[{"@type":"ListItem","position":1,"name":"Ana s\u0259hif\u0259","item":"https:\/\/www.meydan.tv\/az\/"},{"@type":"ListItem","position":2,"name":"B\u00f6lg\u0259","item":"https:\/\/www.meydan.tv\/az\/section\/bolge\/"},{"@type":"ListItem","position":3,"name":"G\u00f6y\u00e7ayda k\u0259ndlil\u0259ri n\u0259 g\u00f6zl\u0259yir: &#8220;Rusiya bazar\u0131na \u00e7\u0131x\u0131\u015f m\u0259hdudla\u015f\u0131r&#8221;"}]},{"@type":"WebSite","@id":"https:\/\/www.meydan.tv\/az\/#website","url":"https:\/\/www.meydan.tv\/az\/","name":"MEYDAN.TV","description":"Meydan TV Az\u0259rbaycan\u0131n media m\u0259kan\u0131ndak\u0131 alternativ s\u0259sidir","publisher":{"@id":"https:\/\/www.meydan.tv\/az\/#organization"},"potentialAction":[{"@type":"SearchAction","target":{"@type":"EntryPoint","urlTemplate":"https:\/\/www.meydan.tv\/az\/?s={search_term_string}"},"query-input":{"@type":"PropertyValueSpecification","valueRequired":true,"valueName":"search_term_string"}}],"inLanguage":"az"},{"@type":"Organization","@id":"https:\/\/www.meydan.tv\/az\/#organization","name":"Meydan TV","url":"https:\/\/www.meydan.tv\/az\/","logo":{"@type":"ImageObject","inLanguage":"az","@id":"https:\/\/www.meydan.tv\/az\/#\/schema\/logo\/image\/","url":"https:\/\/www.meydan.tv\/wp-content\/uploads\/2021\/07\/meydan-logo.svg","contentUrl":"https:\/\/www.meydan.tv\/wp-content\/uploads\/2021\/07\/meydan-logo.svg","width":195,"height":46,"caption":"Meydan TV"},"image":{"@id":"https:\/\/www.meydan.tv\/az\/#\/schema\/logo\/image\/"}},{"@type":"Person","@id":"https:\/\/www.meydan.tv\/az\/#\/schema\/person\/9cdbecf90d17180ce1dfbd95b08dcf47","name":"elli","sameAs":["https:\/\/x.com\/elli"]}]}},"_links":{"self":[{"href":"https:\/\/www.meydan.tv\/az\/wp-json\/wp\/v2\/posts\/271286","targetHints":{"allow":["GET"]}}],"collection":[{"href":"https:\/\/www.meydan.tv\/az\/wp-json\/wp\/v2\/posts"}],"about":[{"href":"https:\/\/www.meydan.tv\/az\/wp-json\/wp\/v2\/types\/post"}],"author":[{"embeddable":true,"href":"https:\/\/www.meydan.tv\/az\/wp-json\/wp\/v2\/users\/8"}],"replies":[{"embeddable":true,"href":"https:\/\/www.meydan.tv\/az\/wp-json\/wp\/v2\/comments?post=271286"}],"version-history":[{"count":2,"href":"https:\/\/www.meydan.tv\/az\/wp-json\/wp\/v2\/posts\/271286\/revisions"}],"predecessor-version":[{"id":271297,"href":"https:\/\/www.meydan.tv\/az\/wp-json\/wp\/v2\/posts\/271286\/revisions\/271297"}],"wp:featuredmedia":[{"embeddable":true,"href":"https:\/\/www.meydan.tv\/az\/wp-json\/wp\/v2\/media\/271293"}],"wp:attachment":[{"href":"https:\/\/www.meydan.tv\/az\/wp-json\/wp\/v2\/media?parent=271286"}],"wp:term":[{"taxonomy":"category","embeddable":true,"href":"https:\/\/www.meydan.tv\/az\/wp-json\/wp\/v2\/categories?post=271286"},{"taxonomy":"post_tag","embeddable":true,"href":"https:\/\/www.meydan.tv\/az\/wp-json\/wp\/v2\/tags?post=271286"}],"curies":[{"name":"wp","href":"https:\/\/api.w.org\/{rel}","templated":true}]}}