{"id":271201,"date":"2023-03-23T13:58:22","date_gmt":"2023-03-23T09:58:22","guid":{"rendered":"https:\/\/www.meydan.tv\/?p=271201"},"modified":"2023-03-23T13:58:26","modified_gmt":"2023-03-23T09:58:26","slug":"sumqayit-sakini-obyektinin-elinden-alinacagindan-narahatdir","status":"publish","type":"post","link":"https:\/\/www.meydan.tv\/az\/article\/sumqayit-sakini-obyektinin-elinden-alinacagindan-narahatdir\/","title":{"rendered":"Sumqay\u0131t sakini obyektinin \u0259lind\u0259n al\u0131naca\u011f\u0131ndan narahatd\u0131r"},"content":{"rendered":"\n<p><\/p>\n\n\n\n<p><strong><em>\u201c\u00c7ox yer\u0259 \u015fikay\u0259t etmi\u015f\u0259m, \u00e7a\u011f\u0131r\u0131rlar, maraqlan\u0131rlar, amma n\u0259tic\u0259si yoxdur\u201d<\/em><\/strong><\/p>\n\n\n\n<p>Sumqay\u0131t sakini \u0130lham Akif o\u011flu C\u0259f\u0259rov uzun ill\u0259rd\u0259n b\u0259ri i\u015fl\u0259tdiyi obyektini itirm\u0259k t\u0259hl\u00fck\u0259sind\u0259dir.<\/p>\n\n\n\n<p>\u201c<em>S\u0259kkiz n\u0259f\u0259rlik ail\u0259nin g\u0259lir yeri 18 kvadratmetrlik obyektdir. Onu da \u0259limizd\u0259n almaq ist\u0259yirl\u0259r. Oradan \u00e7\u0131xsaq, ac\u0131ndan \u00f6l\u0259c\u0259yik\u201d.<\/em><\/p>\n\n\n\n<p>&nbsp;\u0130lham C\u0259f\u0259rov&nbsp; Meydan TV-y\u0259 \u015fikay\u0259tl\u0259 m\u00fcraci\u0259t edib:<\/p>\n\n\n\n<p>\u201c<em>1997-ci ild\u0259n 8-ci mikrorayon, Bak\u0131 k\u00fc\u00e7\u0259sind\u0259ki avto-dayanacaqda 18 kvadratmetrlik sah\u0259si olan obyektd\u0259 S\u0259naye \u0130nvest Bank\u0131na (\u0130ndiki Az\u0259rbaycan S\u0259naye Bank\u0131) aid valyutad\u0259yi\u015fm\u0259 m\u0259nt\u0259q\u0259sini i\u015fl\u0259dirdim. 2001-ci ild\u0259 Sumqay\u0131t\u0131n ke\u00e7mi\u015f icra ba\u015f\u00e7\u0131s\u0131 T\u0259v\u0259kk\u00fcl M\u0259mm\u0259dov s\u0259r\u0259ncam imzalayaraq, \u0259razini abadla\u015fd\u0131rmaq m\u0259qs\u0259dil\u0259 \u201cVicdan-1\u201d firmas\u0131n\u0131n r\u0259hb\u0259ri, Sumqay\u0131t ma\u015f\u0131n bazar\u0131n\u0131n sahibi, Milli D\u00f6vl\u0259t\u00e7ilik Partiyas\u0131n\u0131n s\u0259dri Sabir Tarverdiyev\u0259 verdi. Sabir Tar\u0131verdiyev d\u0259 \u0259vv\u0259lc\u0259 m\u0259n\u0259 dedi ki, \u0259razi onundur. 2013-c\u00fc ild\u0259 raz\u0131l\u0131\u011fa g\u0259ldik v\u0259 obyekt\u0259 g\u00f6r\u0259 ona \u00fc\u00e7 d\u0259f\u0259y\u0259 hiss\u0259-hiss\u0259 20 min dollar verdim\u201d.<\/em><\/p>\n\n\n\n<p>\u0130lham C\u0259f\u0259rovun dediyin\u0259 g\u00f6r\u0259, Sabir Tar\u0131verdiyev Sumqay\u0131t \u0130cra Hakimiyy\u0259ti t\u0259r\u0259find\u0259n \u0259razi \u00f6z\u0259ll\u0259\u015fdir\u0259nd\u0259, h\u0259min obyekt\u0259 g\u00f6r\u0259 ona ayr\u0131ca \u00e7\u0131xar\u0131\u015f ver\u0259c\u0259yini v\u0259d edib.<\/p>\n\n\n\n<figure class=\"wp-block-image size-full\"><img decoding=\"async\" width=\"1200\" height=\"800\" data-src=\"https:\/\/www.meydan.tv\/wp-content\/uploads\/untitled-design-2-86.jpg\" alt=\"\" class=\"wp-image-271194 lazyload\" src=\"data:image\/svg+xml;base64,PHN2ZyB3aWR0aD0iMSIgaGVpZ2h0PSIxIiB4bWxucz0iaHR0cDovL3d3dy53My5vcmcvMjAwMC9zdmciPjwvc3ZnPg==\" style=\"--smush-placeholder-width: 1200px; --smush-placeholder-aspect-ratio: 1200\/800;\" \/><\/figure>\n\n\n\n<p>2015-d\u0259 Sabir Tar\u0131verdiyev v\u0259fat edib.<\/p>\n\n\n\n<p>\u015eikay\u0259t\u00e7i s\u00f6yl\u0259yir ki, hadis\u0259d\u0259n \u00fc\u00e7 il sonra Sabir Tar\u0131verdiyevin ail\u0259si \u0130lham C\u0259f\u0259rovdan icar\u0259 haqq\u0131 t\u0259l\u0259b etm\u0259y\u0259 ba\u015flay\u0131blar:<\/p>\n\n\n\n<p>\u201c<em>S\u0259hvim onda olub ki, obyekti sat\u0131n alanda qar\u015f\u0131l\u0131\u011f\u0131nda Sabir Tar\u0131verdiyevd\u0259n he\u00e7 bir d\u0259lil-s\u00fcbut t\u0259l\u0259b etm\u0259mi\u015f\u0259m. \u0130ndi ail\u0259si m\u0259nd\u0259n obyekt\u0259 g\u00f6r\u0259 icar\u0259 haqq\u0131 t\u0259l\u0259b edir. Deyirl\u0259r ki, ayda 100 manat verm\u0259lis\u0259n. Halbuki, bu obyektin ayl\u0131q icar\u0259si 500-600 manatd\u0131r. Onlar bel\u0259 az m\u0259bl\u0259\u011f ist\u0259yirl\u0259r ki, pulu verim. Sonra bunu d\u0259lil kimi m\u0259n\u0259 qar\u015f\u0131 istifad\u0259 etsinl\u0259r. M\u0259ni m\u0259hk\u0259m\u0259y\u0259 veribl\u0259r ki, obyektd\u0259n \u00e7\u0131x\u0131m. M\u0259hk\u0259m\u0259y\u0259 \u0259raziy\u0259 aid s\u0259n\u0259d t\u0259dim etdil\u0259r. \u018fmlak M\u0259s\u0259l\u0259l\u0259ri D\u00f6vl\u0259t Xidm\u0259ti t\u0259r\u0259find\u0259n t\u0259yin olunmu\u015f komissiya ara\u015fd\u0131rd\u0131 v\u0259 dedil\u0259r ki, t\u0259qdim olunan s\u0259n\u0259d \u0259raziy\u0259 uy\u011fun deyil. H\u0259l\u0259 ki, obyekt bizd\u0259dir, o\u011flum i\u015fl\u0259dir. Obyektd\u0259n \u00e7\u0131x\u0131b, n\u0259 i\u015f g\u00f6r\u0259k, nec\u0259 dolanaq, bilmir\u0259m\u201d.<\/em><\/p>\n\n\n\n<figure class=\"wp-block-image size-full\"><img decoding=\"async\" width=\"1200\" height=\"800\" data-src=\"https:\/\/www.meydan.tv\/wp-content\/uploads\/untitled-design-3-69.jpg\" alt=\"\" class=\"wp-image-271197 lazyload\" src=\"data:image\/svg+xml;base64,PHN2ZyB3aWR0aD0iMSIgaGVpZ2h0PSIxIiB4bWxucz0iaHR0cDovL3d3dy53My5vcmcvMjAwMC9zdmciPjwvc3ZnPg==\" style=\"--smush-placeholder-width: 1200px; --smush-placeholder-aspect-ratio: 1200\/800;\" \/><\/figure>\n\n\n\n<p>\u0130lham C\u0259f\u0259rov m\u0259s\u0259l\u0259 il\u0259 \u0259laq\u0259dar Prezident \u0130lham \u018fliyev\u0259, Birinci vitse-prezident Mehriban \u018fliyevaya, F\u00f6vq\u0259lad\u0259 Hallar Nazirliyin\u0259, \u018fmlak M\u0259s\u0259l\u0259l\u0259ri D\u00f6vl\u0259t Xidm\u0259tin\u0259 m\u00fcraci\u0259tl\u0259r etdiyini deyir:<\/p>\n\n\n\n<p>\u201c<em>\u00c7ox yer\u0259 \u015fikay\u0259t etmi\u015f\u0259m, \u00e7a\u011f\u0131r\u0131rlar, maraqlan\u0131rlar, amma n\u0259tic\u0259si yoxdur. \u00dcmumiyy\u0259tl\u0259, orada 2001-ci ild\u0259 tikil\u0259n b\u00fct\u00fcn obyektl\u0259rin he\u00e7 birinin s\u0259n\u0259di yoxdur. S\u0259r\u0259ncamda sad\u0259c\u0259, g\u00f6st\u0259rilib ki, \u0259razi abadla\u015fd\u0131r\u0131ls\u0131n\u201d.<\/em><\/p>\n\n\n\n<p>\u201cVicdan-1\u201d firmas\u0131 il\u0259, el\u0259c\u0259 d\u0259 Sabir Tar\u0131verdiyevin ail\u0259si \u0259laq\u0259 saxlamaq m\u00fcmk\u00fcn olmay\u0131b.<\/p>\n\n\n\n<p>Sumqay\u0131t \u015e\u0259h\u0259r \u0130cra Hakimiyy\u0259tinin m\u00fcvafiq \u015f\u00f6b\u0259si bir ne\u00e7\u0259 g\u00fcn \u0259rzind\u0259 Meydan TV-nin z\u0259ngl\u0259rin\u0259 cavab verm\u0259yib.<\/p>\n","protected":false},"excerpt":{"rendered":"<p>\u201c\u00c7ox yer\u0259 \u015fikay\u0259t etmi\u015f\u0259m, \u00e7a\u011f\u0131r\u0131rlar, maraqlan\u0131rlar, amma n\u0259tic\u0259si yoxdur\u201d Sumqay\u0131t &#8230; <\/p>\n<p class=\"read-more-container\"><a title=\"Sumqay\u0131t sakini obyektinin \u0259lind\u0259n al\u0131naca\u011f\u0131ndan narahatd\u0131r\" class=\"read-more button\" href=\"https:\/\/www.meydan.tv\/az\/article\/sumqayit-sakini-obyektinin-elinden-alinacagindan-narahatdir\/#more-271201\" aria-label=\"Read more about Sumqay\u0131t sakini obyektinin \u0259lind\u0259n al\u0131naca\u011f\u0131ndan narahatd\u0131r\">Davam\u0131<\/a><\/p>\n","protected":false},"author":8,"featured_media":271191,"comment_status":"closed","ping_status":"closed","sticky":false,"template":"","format":"standard","meta":{"_acf_changed":false,"_sitemap_exclude":false,"_sitemap_priority":"","_sitemap_frequency":"","footnotes":""},"categories":[60,79,56],"tags":[],"class_list":["post-271201","post","type-post","status-publish","format-standard","has-post-thumbnail","hentry","category-bolge","category-featured","category-xeberler","infinite-scroll-item","generate-columns","tablet-grid-50","mobile-grid-100","grid-parent","grid-33","no-featured-image-padding"],"acf":[],"yoast_head":"<!-- This site is optimized with the Yoast SEO plugin v27.5 - https:\/\/yoast.com\/product\/yoast-seo-wordpress\/ -->\n<title>Sumqay\u0131t sakini obyektinin \u0259lind\u0259n al\u0131naca\u011f\u0131ndan narahatd\u0131r - MEYDAN.TV<\/title>\n<meta name=\"robots\" content=\"index, follow, max-snippet:-1, max-image-preview:large, max-video-preview:-1\" \/>\n<link rel=\"canonical\" href=\"https:\/\/www.meydan.tv\/az\/article\/sumqayit-sakini-obyektinin-elinden-alinacagindan-narahatdir\/\" \/>\n<meta property=\"og:locale\" content=\"az_AZ\" \/>\n<meta property=\"og:type\" content=\"article\" \/>\n<meta property=\"og:title\" content=\"Sumqay\u0131t sakini obyektinin \u0259lind\u0259n al\u0131naca\u011f\u0131ndan narahatd\u0131r - MEYDAN.TV\" \/>\n<meta property=\"og:description\" content=\"\u201c\u00c7ox yer\u0259 \u015fikay\u0259t etmi\u015f\u0259m, \u00e7a\u011f\u0131r\u0131rlar, maraqlan\u0131rlar, amma n\u0259tic\u0259si yoxdur\u201d Sumqay\u0131t ... Davam\u0131\" \/>\n<meta property=\"og:url\" content=\"https:\/\/www.meydan.tv\/az\/article\/sumqayit-sakini-obyektinin-elinden-alinacagindan-narahatdir\/\" \/>\n<meta property=\"og:site_name\" content=\"MEYDAN.TV\" \/>\n<meta property=\"article:published_time\" content=\"2023-03-23T09:58:22+00:00\" \/>\n<meta property=\"article:modified_time\" content=\"2023-03-23T09:58:26+00:00\" \/>\n<meta property=\"og:image\" content=\"https:\/\/www.meydan.tv\/wp-content\/uploads\/untitled-design-1-63.jpg\" \/>\n\t<meta property=\"og:image:width\" content=\"1200\" \/>\n\t<meta property=\"og:image:height\" content=\"800\" \/>\n\t<meta property=\"og:image:type\" content=\"image\/jpeg\" \/>\n<meta name=\"author\" content=\"elli\" \/>\n<meta name=\"twitter:card\" content=\"summary_large_image\" \/>\n<meta name=\"twitter:creator\" content=\"@elli\" \/>\n<script type=\"application\/ld+json\" class=\"yoast-schema-graph\">{\"@context\":\"https:\\\/\\\/schema.org\",\"@graph\":[{\"@type\":\"Article\",\"@id\":\"https:\\\/\\\/www.meydan.tv\\\/az\\\/article\\\/sumqayit-sakini-obyektinin-elinden-alinacagindan-narahatdir\\\/#article\",\"isPartOf\":{\"@id\":\"https:\\\/\\\/www.meydan.tv\\\/az\\\/article\\\/sumqayit-sakini-obyektinin-elinden-alinacagindan-narahatdir\\\/\"},\"author\":{\"name\":\"elli\",\"@id\":\"https:\\\/\\\/www.meydan.tv\\\/az\\\/#\\\/schema\\\/person\\\/9cdbecf90d17180ce1dfbd95b08dcf47\"},\"headline\":\"Sumqay\u0131t sakini obyektinin \u0259lind\u0259n al\u0131naca\u011f\u0131ndan narahatd\u0131r\",\"datePublished\":\"2023-03-23T09:58:22+00:00\",\"dateModified\":\"2023-03-23T09:58:26+00:00\",\"mainEntityOfPage\":{\"@id\":\"https:\\\/\\\/www.meydan.tv\\\/az\\\/article\\\/sumqayit-sakini-obyektinin-elinden-alinacagindan-narahatdir\\\/\"},\"wordCount\":595,\"publisher\":{\"@id\":\"https:\\\/\\\/www.meydan.tv\\\/az\\\/#organization\"},\"image\":{\"@id\":\"https:\\\/\\\/www.meydan.tv\\\/az\\\/article\\\/sumqayit-sakini-obyektinin-elinden-alinacagindan-narahatdir\\\/#primaryimage\"},\"thumbnailUrl\":\"https:\\\/\\\/www.meydan.tv\\\/wp-content\\\/uploads\\\/untitled-design-1-63.jpg\",\"articleSection\":[\"B\u00f6lg\u0259\",\"T\u00f6vsiy\u0259\",\"X\u0259b\u0259rl\u0259r\"],\"inLanguage\":\"az\"},{\"@type\":\"WebPage\",\"@id\":\"https:\\\/\\\/www.meydan.tv\\\/az\\\/article\\\/sumqayit-sakini-obyektinin-elinden-alinacagindan-narahatdir\\\/\",\"url\":\"https:\\\/\\\/www.meydan.tv\\\/az\\\/article\\\/sumqayit-sakini-obyektinin-elinden-alinacagindan-narahatdir\\\/\",\"name\":\"Sumqay\u0131t sakini obyektinin \u0259lind\u0259n al\u0131naca\u011f\u0131ndan narahatd\u0131r - MEYDAN.TV\",\"isPartOf\":{\"@id\":\"https:\\\/\\\/www.meydan.tv\\\/az\\\/#website\"},\"primaryImageOfPage\":{\"@id\":\"https:\\\/\\\/www.meydan.tv\\\/az\\\/article\\\/sumqayit-sakini-obyektinin-elinden-alinacagindan-narahatdir\\\/#primaryimage\"},\"image\":{\"@id\":\"https:\\\/\\\/www.meydan.tv\\\/az\\\/article\\\/sumqayit-sakini-obyektinin-elinden-alinacagindan-narahatdir\\\/#primaryimage\"},\"thumbnailUrl\":\"https:\\\/\\\/www.meydan.tv\\\/wp-content\\\/uploads\\\/untitled-design-1-63.jpg\",\"datePublished\":\"2023-03-23T09:58:22+00:00\",\"dateModified\":\"2023-03-23T09:58:26+00:00\",\"breadcrumb\":{\"@id\":\"https:\\\/\\\/www.meydan.tv\\\/az\\\/article\\\/sumqayit-sakini-obyektinin-elinden-alinacagindan-narahatdir\\\/#breadcrumb\"},\"inLanguage\":\"az\",\"potentialAction\":[{\"@type\":\"ReadAction\",\"target\":[\"https:\\\/\\\/www.meydan.tv\\\/az\\\/article\\\/sumqayit-sakini-obyektinin-elinden-alinacagindan-narahatdir\\\/\"]}]},{\"@type\":\"ImageObject\",\"inLanguage\":\"az\",\"@id\":\"https:\\\/\\\/www.meydan.tv\\\/az\\\/article\\\/sumqayit-sakini-obyektinin-elinden-alinacagindan-narahatdir\\\/#primaryimage\",\"url\":\"https:\\\/\\\/www.meydan.tv\\\/wp-content\\\/uploads\\\/untitled-design-1-63.jpg\",\"contentUrl\":\"https:\\\/\\\/www.meydan.tv\\\/wp-content\\\/uploads\\\/untitled-design-1-63.jpg\",\"width\":1200,\"height\":800,\"caption\":\"Fotolar: Meydan TV\"},{\"@type\":\"BreadcrumbList\",\"@id\":\"https:\\\/\\\/www.meydan.tv\\\/az\\\/article\\\/sumqayit-sakini-obyektinin-elinden-alinacagindan-narahatdir\\\/#breadcrumb\",\"itemListElement\":[{\"@type\":\"ListItem\",\"position\":1,\"name\":\"Ana s\u0259hif\u0259\",\"item\":\"https:\\\/\\\/www.meydan.tv\\\/az\\\/\"},{\"@type\":\"ListItem\",\"position\":2,\"name\":\"B\u00f6lg\u0259\",\"item\":\"https:\\\/\\\/www.meydan.tv\\\/az\\\/section\\\/bolge\\\/\"},{\"@type\":\"ListItem\",\"position\":3,\"name\":\"Sumqay\u0131t sakini obyektinin \u0259lind\u0259n al\u0131naca\u011f\u0131ndan narahatd\u0131r\"}]},{\"@type\":\"WebSite\",\"@id\":\"https:\\\/\\\/www.meydan.tv\\\/az\\\/#website\",\"url\":\"https:\\\/\\\/www.meydan.tv\\\/az\\\/\",\"name\":\"MEYDAN.TV\",\"description\":\"Meydan TV Az\u0259rbaycan\u0131n media m\u0259kan\u0131ndak\u0131 alternativ s\u0259sidir\",\"publisher\":{\"@id\":\"https:\\\/\\\/www.meydan.tv\\\/az\\\/#organization\"},\"potentialAction\":[{\"@type\":\"SearchAction\",\"target\":{\"@type\":\"EntryPoint\",\"urlTemplate\":\"https:\\\/\\\/www.meydan.tv\\\/az\\\/?s={search_term_string}\"},\"query-input\":{\"@type\":\"PropertyValueSpecification\",\"valueRequired\":true,\"valueName\":\"search_term_string\"}}],\"inLanguage\":\"az\"},{\"@type\":\"Organization\",\"@id\":\"https:\\\/\\\/www.meydan.tv\\\/az\\\/#organization\",\"name\":\"Meydan TV\",\"url\":\"https:\\\/\\\/www.meydan.tv\\\/az\\\/\",\"logo\":{\"@type\":\"ImageObject\",\"inLanguage\":\"az\",\"@id\":\"https:\\\/\\\/www.meydan.tv\\\/az\\\/#\\\/schema\\\/logo\\\/image\\\/\",\"url\":\"https:\\\/\\\/www.meydan.tv\\\/wp-content\\\/uploads\\\/2021\\\/07\\\/meydan-logo.svg\",\"contentUrl\":\"https:\\\/\\\/www.meydan.tv\\\/wp-content\\\/uploads\\\/2021\\\/07\\\/meydan-logo.svg\",\"width\":195,\"height\":46,\"caption\":\"Meydan TV\"},\"image\":{\"@id\":\"https:\\\/\\\/www.meydan.tv\\\/az\\\/#\\\/schema\\\/logo\\\/image\\\/\"}},{\"@type\":\"Person\",\"@id\":\"https:\\\/\\\/www.meydan.tv\\\/az\\\/#\\\/schema\\\/person\\\/9cdbecf90d17180ce1dfbd95b08dcf47\",\"name\":\"elli\",\"sameAs\":[\"https:\\\/\\\/x.com\\\/elli\"]}]}<\/script>\n<!-- \/ Yoast SEO plugin. -->","yoast_head_json":{"title":"Sumqay\u0131t sakini obyektinin \u0259lind\u0259n al\u0131naca\u011f\u0131ndan narahatd\u0131r - MEYDAN.TV","robots":{"index":"index","follow":"follow","max-snippet":"max-snippet:-1","max-image-preview":"max-image-preview:large","max-video-preview":"max-video-preview:-1"},"canonical":"https:\/\/www.meydan.tv\/az\/article\/sumqayit-sakini-obyektinin-elinden-alinacagindan-narahatdir\/","og_locale":"az_AZ","og_type":"article","og_title":"Sumqay\u0131t sakini obyektinin \u0259lind\u0259n al\u0131naca\u011f\u0131ndan narahatd\u0131r - MEYDAN.TV","og_description":"\u201c\u00c7ox yer\u0259 \u015fikay\u0259t etmi\u015f\u0259m, \u00e7a\u011f\u0131r\u0131rlar, maraqlan\u0131rlar, amma n\u0259tic\u0259si yoxdur\u201d Sumqay\u0131t ... Davam\u0131","og_url":"https:\/\/www.meydan.tv\/az\/article\/sumqayit-sakini-obyektinin-elinden-alinacagindan-narahatdir\/","og_site_name":"MEYDAN.TV","article_published_time":"2023-03-23T09:58:22+00:00","article_modified_time":"2023-03-23T09:58:26+00:00","og_image":[{"width":1200,"height":800,"url":"https:\/\/www.meydan.tv\/wp-content\/uploads\/untitled-design-1-63.jpg","type":"image\/jpeg"}],"author":"elli","twitter_card":"summary_large_image","twitter_creator":"@elli","schema":{"@context":"https:\/\/schema.org","@graph":[{"@type":"Article","@id":"https:\/\/www.meydan.tv\/az\/article\/sumqayit-sakini-obyektinin-elinden-alinacagindan-narahatdir\/#article","isPartOf":{"@id":"https:\/\/www.meydan.tv\/az\/article\/sumqayit-sakini-obyektinin-elinden-alinacagindan-narahatdir\/"},"author":{"name":"elli","@id":"https:\/\/www.meydan.tv\/az\/#\/schema\/person\/9cdbecf90d17180ce1dfbd95b08dcf47"},"headline":"Sumqay\u0131t sakini obyektinin \u0259lind\u0259n al\u0131naca\u011f\u0131ndan narahatd\u0131r","datePublished":"2023-03-23T09:58:22+00:00","dateModified":"2023-03-23T09:58:26+00:00","mainEntityOfPage":{"@id":"https:\/\/www.meydan.tv\/az\/article\/sumqayit-sakini-obyektinin-elinden-alinacagindan-narahatdir\/"},"wordCount":595,"publisher":{"@id":"https:\/\/www.meydan.tv\/az\/#organization"},"image":{"@id":"https:\/\/www.meydan.tv\/az\/article\/sumqayit-sakini-obyektinin-elinden-alinacagindan-narahatdir\/#primaryimage"},"thumbnailUrl":"https:\/\/www.meydan.tv\/wp-content\/uploads\/untitled-design-1-63.jpg","articleSection":["B\u00f6lg\u0259","T\u00f6vsiy\u0259","X\u0259b\u0259rl\u0259r"],"inLanguage":"az"},{"@type":"WebPage","@id":"https:\/\/www.meydan.tv\/az\/article\/sumqayit-sakini-obyektinin-elinden-alinacagindan-narahatdir\/","url":"https:\/\/www.meydan.tv\/az\/article\/sumqayit-sakini-obyektinin-elinden-alinacagindan-narahatdir\/","name":"Sumqay\u0131t sakini obyektinin \u0259lind\u0259n al\u0131naca\u011f\u0131ndan narahatd\u0131r - MEYDAN.TV","isPartOf":{"@id":"https:\/\/www.meydan.tv\/az\/#website"},"primaryImageOfPage":{"@id":"https:\/\/www.meydan.tv\/az\/article\/sumqayit-sakini-obyektinin-elinden-alinacagindan-narahatdir\/#primaryimage"},"image":{"@id":"https:\/\/www.meydan.tv\/az\/article\/sumqayit-sakini-obyektinin-elinden-alinacagindan-narahatdir\/#primaryimage"},"thumbnailUrl":"https:\/\/www.meydan.tv\/wp-content\/uploads\/untitled-design-1-63.jpg","datePublished":"2023-03-23T09:58:22+00:00","dateModified":"2023-03-23T09:58:26+00:00","breadcrumb":{"@id":"https:\/\/www.meydan.tv\/az\/article\/sumqayit-sakini-obyektinin-elinden-alinacagindan-narahatdir\/#breadcrumb"},"inLanguage":"az","potentialAction":[{"@type":"ReadAction","target":["https:\/\/www.meydan.tv\/az\/article\/sumqayit-sakini-obyektinin-elinden-alinacagindan-narahatdir\/"]}]},{"@type":"ImageObject","inLanguage":"az","@id":"https:\/\/www.meydan.tv\/az\/article\/sumqayit-sakini-obyektinin-elinden-alinacagindan-narahatdir\/#primaryimage","url":"https:\/\/www.meydan.tv\/wp-content\/uploads\/untitled-design-1-63.jpg","contentUrl":"https:\/\/www.meydan.tv\/wp-content\/uploads\/untitled-design-1-63.jpg","width":1200,"height":800,"caption":"Fotolar: Meydan TV"},{"@type":"BreadcrumbList","@id":"https:\/\/www.meydan.tv\/az\/article\/sumqayit-sakini-obyektinin-elinden-alinacagindan-narahatdir\/#breadcrumb","itemListElement":[{"@type":"ListItem","position":1,"name":"Ana s\u0259hif\u0259","item":"https:\/\/www.meydan.tv\/az\/"},{"@type":"ListItem","position":2,"name":"B\u00f6lg\u0259","item":"https:\/\/www.meydan.tv\/az\/section\/bolge\/"},{"@type":"ListItem","position":3,"name":"Sumqay\u0131t sakini obyektinin \u0259lind\u0259n al\u0131naca\u011f\u0131ndan narahatd\u0131r"}]},{"@type":"WebSite","@id":"https:\/\/www.meydan.tv\/az\/#website","url":"https:\/\/www.meydan.tv\/az\/","name":"MEYDAN.TV","description":"Meydan TV Az\u0259rbaycan\u0131n media m\u0259kan\u0131ndak\u0131 alternativ s\u0259sidir","publisher":{"@id":"https:\/\/www.meydan.tv\/az\/#organization"},"potentialAction":[{"@type":"SearchAction","target":{"@type":"EntryPoint","urlTemplate":"https:\/\/www.meydan.tv\/az\/?s={search_term_string}"},"query-input":{"@type":"PropertyValueSpecification","valueRequired":true,"valueName":"search_term_string"}}],"inLanguage":"az"},{"@type":"Organization","@id":"https:\/\/www.meydan.tv\/az\/#organization","name":"Meydan TV","url":"https:\/\/www.meydan.tv\/az\/","logo":{"@type":"ImageObject","inLanguage":"az","@id":"https:\/\/www.meydan.tv\/az\/#\/schema\/logo\/image\/","url":"https:\/\/www.meydan.tv\/wp-content\/uploads\/2021\/07\/meydan-logo.svg","contentUrl":"https:\/\/www.meydan.tv\/wp-content\/uploads\/2021\/07\/meydan-logo.svg","width":195,"height":46,"caption":"Meydan TV"},"image":{"@id":"https:\/\/www.meydan.tv\/az\/#\/schema\/logo\/image\/"}},{"@type":"Person","@id":"https:\/\/www.meydan.tv\/az\/#\/schema\/person\/9cdbecf90d17180ce1dfbd95b08dcf47","name":"elli","sameAs":["https:\/\/x.com\/elli"]}]}},"_links":{"self":[{"href":"https:\/\/www.meydan.tv\/az\/wp-json\/wp\/v2\/posts\/271201","targetHints":{"allow":["GET"]}}],"collection":[{"href":"https:\/\/www.meydan.tv\/az\/wp-json\/wp\/v2\/posts"}],"about":[{"href":"https:\/\/www.meydan.tv\/az\/wp-json\/wp\/v2\/types\/post"}],"author":[{"embeddable":true,"href":"https:\/\/www.meydan.tv\/az\/wp-json\/wp\/v2\/users\/8"}],"replies":[{"embeddable":true,"href":"https:\/\/www.meydan.tv\/az\/wp-json\/wp\/v2\/comments?post=271201"}],"version-history":[{"count":1,"href":"https:\/\/www.meydan.tv\/az\/wp-json\/wp\/v2\/posts\/271201\/revisions"}],"predecessor-version":[{"id":271202,"href":"https:\/\/www.meydan.tv\/az\/wp-json\/wp\/v2\/posts\/271201\/revisions\/271202"}],"wp:featuredmedia":[{"embeddable":true,"href":"https:\/\/www.meydan.tv\/az\/wp-json\/wp\/v2\/media\/271191"}],"wp:attachment":[{"href":"https:\/\/www.meydan.tv\/az\/wp-json\/wp\/v2\/media?parent=271201"}],"wp:term":[{"taxonomy":"category","embeddable":true,"href":"https:\/\/www.meydan.tv\/az\/wp-json\/wp\/v2\/categories?post=271201"},{"taxonomy":"post_tag","embeddable":true,"href":"https:\/\/www.meydan.tv\/az\/wp-json\/wp\/v2\/tags?post=271201"}],"curies":[{"name":"wp","href":"https:\/\/api.w.org\/{rel}","templated":true}]}}