{"id":271174,"date":"2023-03-23T12:04:15","date_gmt":"2023-03-23T08:04:15","guid":{"rendered":"https:\/\/www.meydan.tv\/?p=271174"},"modified":"2023-03-23T12:07:38","modified_gmt":"2023-03-23T08:07:38","slug":"adamlara-mene-komek-ele-demeye-utaniram-basqa-yolum-da-yoxdur","status":"publish","type":"post","link":"https:\/\/www.meydan.tv\/az\/article\/adamlara-mene-komek-ele-demeye-utaniram-basqa-yolum-da-yoxdur\/","title":{"rendered":"\u201cAdamlara \u201cm\u0259n\u0259 k\u00f6m\u0259k el\u0259\u201d dem\u0259y\u0259 utan\u0131ram, ba\u015fqa yolum da yoxdur\u201d"},"content":{"rendered":"\n<p><\/p>\n\n\n\n<p><strong><em>Ramil\u0259 A\u011fayeva: \u201cCan yiy\u0259si m\u0259n\u0259m, m\u0259g\u0259r bilmir\u0259m ki, o ayaq \u0259m\u0259liyyat olunub, yoxsa yox?\u201d<\/em><\/strong><\/p>\n\n\n\n<p>G\u00f6y\u00e7ay sakini Ramil\u0259 A\u011fayevan\u0131n g\u0259z\u0259 bilm\u0259si \u00fc\u00e7\u00fcn \u00fcz\u0259rind\u0259 c\u0259rrahiyy\u0259 \u0259m\u0259liyyat\u0131 apar\u0131lmal\u0131d\u0131r. T\u0259xmin\u0259n 25 ildir s\u0259hh\u0259tind\u0259ki probleml\u0259ri aradan qald\u0131rma\u011fa \u00e7al\u0131\u015fd\u0131\u011f\u0131n\u0131 dey\u0259n Ramil\u0259 A\u011fayevan\u0131n s\u00f6zl\u0259rin\u0259 g\u00f6r\u0259, bir m\u00fcdd\u0259t \u00f6nc\u0259 t\u00fcrkiy\u0259li h\u0259kiml\u0259r ona \u00e7\u0131x\u0131\u015f yolu g\u00f6st\u0259ribl\u0259r. Amma buna da maddi durumu imkan vermir.<\/p>\n\n\n\n<p><em>\u201c<strong>S\u0259n dem\u0259, a\u011f\u0131r \u0259m\u0259liyyatdan \u00e7\u0131xan adama bel\u0259 el\u0259m\u0259k olmazm\u0131\u015f&#8230;<\/strong>\u201d<\/em><\/p>\n\n\n\n<p>Ba\u015f\u0131na g\u0259l\u0259nl\u0259ri Meydan TV-y\u0259 dan\u0131\u015fan 42 ya\u015fl\u0131 Ramil\u0259 A\u011fayeva anas\u0131n\u0131 5 ya\u015f\u0131 olanda itirib. O vaxtdan qarda\u015f\u0131 il\u0259 birlikd\u0259 ana n\u0259n\u0259sinin yan\u0131nda b\u00f6y\u00fcy\u00fcb:<\/p>\n\n\n\n<p>\u201c<em>M\u0259ni ana n\u0259n\u0259m saxlay\u0131b, o da t\u0259xmin\u0259n bir ildir ki, v\u0259fat edib. Ona g\u00f6r\u0259 haz\u0131rda xalam\u0131n evind\u0259 qal\u0131ram. 1998-ci ild\u0259 evd\u0259 p\u0259nc\u0259r\u0259ni sil\u0259nd\u0259 y\u0131x\u0131ld\u0131m, onur\u011fam, sol aya\u011f\u0131m z\u0259d\u0259l\u0259ndi. D\u0259rhal onur\u011famdan \u0259m\u0259liyyat olundum. \u018fm\u0259liyyatdan sonra aya\u011f\u0131m\u0131 da masaj el\u0259yirdil\u0259r, h\u0259r\u0259k\u0259t el\u0259tdirdil\u0259r. S\u0259n dem\u0259, a\u011f\u0131r \u0259m\u0259liyyatdan \u00e7\u0131xan adama bel\u0259 el\u0259m\u0259k olmazm\u0131\u015f. B\u00fct\u00fcn orqanizmi z\u0259d\u0259l\u0259yibl\u0259r&#8230;<\/em>\u201d.<\/p>\n\n\n\n<figure class=\"wp-block-image size-large is-resized\"><img decoding=\"async\" data-src=\"https:\/\/www.meydan.tv\/wp-content\/uploads\/18f18cf2-a8e2-4f17-a554-a6117451c8b3-501x821.jpeg\" alt=\"\" class=\"wp-image-271179 lazyload\" width=\"802\" height=\"1314\" src=\"data:image\/svg+xml;base64,PHN2ZyB3aWR0aD0iMSIgaGVpZ2h0PSIxIiB4bWxucz0iaHR0cDovL3d3dy53My5vcmcvMjAwMC9zdmciPjwvc3ZnPg==\" style=\"--smush-placeholder-width: 802px; --smush-placeholder-aspect-ratio: 802\/1314;\" \/><\/figure>\n\n\n\n<p>G\u00f6y\u00e7ay sakini deyir ki, onda s\u00fcm\u00fck uzanmas\u0131 \u0259m\u0259l\u0259 g\u0259lib:<\/p>\n\n\n\n<p>\u201c<em>Rentgen n\u0259tic\u0259sind\u0259 g\u00f6r\u00fcn\u00fcr ki, oynaq ba\u015f\u0131 sirk\u0259 kasas\u0131 il\u0259 qovu\u015fub. \u018fm\u0259liyyat olunub \u00e7\u0131xmayan endoprotez qoyulmal\u0131d\u0131r<\/em>\u201d.<\/p>\n\n\n\n<p><strong>\u201cT\u0259\u0259ss\u00fcf ki, o q\u0259d\u0259r pulum yoxdur&#8230;\u201d<\/strong><\/p>\n\n\n\n<p>Ramil\u0259 A\u011fayeva dan\u0131\u015f\u0131r ki, \u00f6t\u0259n ill\u0259r \u0259rzind\u0259 Az\u0259rbaycanda onlarla h\u0259kim\u0259 gedib. Onun s\u00f6zl\u0259rin\u0259 g\u00f6r\u0259, e\u015fitdikl\u0259ri b\u0259z\u0259n m\u0259yusluq, bir s\u0131ra hallarda da inams\u0131zl\u0131q yarad\u0131b. \u0130nams\u0131zl\u0131\u011f\u0131n\u0131 is\u0259 bel\u0259 izah edir:<\/p>\n\n\n\n<p>\u201c<em>Bir h\u0259kim deyir ki, bu ayaq \u0259m\u0259liyyat olunub, i\u00e7\u0259risind\u0259 dondurulub.&nbsp;Deyir\u0259m ki, can yiy\u0259si m\u0259n\u0259m, m\u0259g\u0259r bilmir\u0259m ki, o ayaq \u0259m\u0259liyyat olunub, i\u00e7ind\u0259 n\u0259s\u0259 var, yoxsa yox?! \u0130ndi m\u0259n bu h\u0259kim\u0259 nec\u0259 etibar edim?&nbsp;El\u0259si d\u0259 oldu ki, dedi, s\u0259n iki m\u0259rh\u0259l\u0259d\u0259 \u0259m\u0259liyyat olunmal\u0131san. Buna da z\u0259man\u0259t vermirl\u0259r. \u0130nsaf\u0259n, d\u00fcr\u00fcst dan\u0131\u015fanlar da var. Deyirl\u0259r ki, bu \u0259m\u0259liyyat\u0131 biz ancaq t\u00fcrkiy\u0259li m\u00fct\u0259x\u0259ssisl\u0259rl\u0259 birlikd\u0259 el\u0259y\u0259 bil\u0259rik&#8230;<\/em>\u201d.<\/p>\n\n\n\n<p>G\u00f6y\u00e7ay sakini bir m\u00fcdd\u0259t \u00f6nc\u0259 Az\u0259rbaycana s\u0259f\u0259r ed\u0259n t\u00fcrkiy\u0259li h\u0259kim-travmatoloqun q\u0259bulunda olub. T\u00fcrkiy\u0259li m\u00fct\u0259x\u0259ssis onu \u0259m\u0259liyyat el\u0259m\u0259y\u0259 raz\u0131l\u0131q verib.<\/p>\n\n\n\n<p>\u201c<em>\u00c7\u0131xmayan endoprotez qoyulmal\u0131d\u0131r. Onun qiym\u0259ti, \u0259m\u0259liyyatdan sonra bir ayl\u0131q m\u00fcalic\u0259, x\u0259st\u0259xana x\u0259rcl\u0259ri v\u0259 s. birlikd\u0259 \u00fcmumilikd\u0259 20 min dollar v\u0259sait laz\u0131md\u0131r. T\u0259\u0259ss\u00fcf ki, m\u0259nim o q\u0259d\u0259r pulum yoxdur. Adamlara \u201cm\u0259n\u0259 k\u00f6m\u0259k el\u0259\u201d dem\u0259y\u0259 d\u0259 utan\u0131ram. Ba\u015fqa yolum da yoxdur<\/em>\u201d.<\/p>\n\n\n\n<figure class=\"wp-block-image size-large is-resized\"><img decoding=\"async\" data-src=\"https:\/\/www.meydan.tv\/wp-content\/uploads\/db6437c5-725f-45a8-8ec8-7adf90853a7d-713x821.jpeg\" alt=\"\" class=\"wp-image-271182 lazyload\" width=\"803\" height=\"924\" src=\"data:image\/svg+xml;base64,PHN2ZyB3aWR0aD0iMSIgaGVpZ2h0PSIxIiB4bWxucz0iaHR0cDovL3d3dy53My5vcmcvMjAwMC9zdmciPjwvc3ZnPg==\" style=\"--smush-placeholder-width: 803px; --smush-placeholder-aspect-ratio: 803\/924;\" \/><\/figure>\n\n\n\n<p>\u201c<strong>Prezident\u0259, vitse-prezident\u0259 yazd\u0131\u011f\u0131m m\u0259ktublar\u0131 \u00f6z\u00fcm\u0259 g\u00f6nd\u0259rirl\u0259r\u201d<\/strong><\/p>\n\n\n\n<p>Ramil\u0259 A\u011fayeva durumuyla \u0259laq\u0259dar m\u00fcxt\u0259lif d\u00f6vl\u0259t orqanlar\u0131na m\u00fcraci\u0259t edib, Prezident \u0130lham \u018fliyev, Vitse-prezident Mehriban \u018fliyeva da daxil olmaqla, ayr\u0131-ayr\u0131 s\u0259lahiyy\u0259tli \u015f\u0259xsl\u0259rd\u0259n k\u00f6m\u0259k ist\u0259yib. Deyir ki, yazd\u0131\u011f\u0131 m\u0259ktublar\u0131 sonradan G\u00f6y\u00e7ay M\u0259rk\u0259zi X\u0259st\u0259xanas\u0131nda onun \u00f6z\u00fcn\u0259 g\u00f6st\u0259ribl\u0259r:<\/p>\n\n\n\n<p>\u201c<em>M\u0259nim yazd\u0131\u011f\u0131m m\u00fcraci\u0259tl\u0259ri G\u00f6y\u00e7ay M\u0259rk\u0259zi X\u0259st\u0259xanas\u0131na y\u00f6nl\u0259ndirirl\u0259r. Onlar da deyirl\u0259r ki, \u201cRamil\u0259, biz s\u0259ni tan\u0131y\u0131r\u0131q, problemini bilirik, amma s\u0259n\u0259 k\u00f6m\u0259k el\u0259y\u0259 bilmirik, \u00e7\u00fcnki s\u0259nin problemin bizlik deyil\u201d. Do\u011frudan da m\u0259nim problemimi G\u00f6y\u00e7ay x\u0259st\u0259xanas\u0131 h\u0259ll el\u0259y\u0259 bilm\u0259z ax\u0131&#8230;<\/em>\u201d.<\/p>\n\n\n\n<p>S\u0259hiyy\u0259 Nazirliyind\u0259n is\u0259 Ramil\u0259 A\u011fayevayan\u0131n m\u00fcraci\u0259tin\u0259 cavab olaraq bildirilib ki, nazirlikd\u0259 xaricd\u0259 m\u00fcalic\u0259 m\u0259qs\u0259dil\u0259 haz\u0131rda b\u00fcdc\u0259 n\u0259z\u0259rd\u0259 tutulmay\u0131b. O, \u00f6z m\u00fcalic\u0259si \u00fc\u00e7\u00fcn yerli tibb m\u00fc\u0259ssis\u0259sin\u0259 m\u00fcraci\u0259t ed\u0259 bil\u0259r.<\/p>\n","protected":false},"excerpt":{"rendered":"<p>Ramil\u0259 A\u011fayeva: \u201cCan yiy\u0259si m\u0259n\u0259m, m\u0259g\u0259r bilmir\u0259m ki, o ayaq &#8230; <\/p>\n<p class=\"read-more-container\"><a title=\"\u201cAdamlara \u201cm\u0259n\u0259 k\u00f6m\u0259k el\u0259\u201d dem\u0259y\u0259 utan\u0131ram, ba\u015fqa yolum da yoxdur\u201d\" class=\"read-more button\" href=\"https:\/\/www.meydan.tv\/az\/article\/adamlara-mene-komek-ele-demeye-utaniram-basqa-yolum-da-yoxdur\/#more-271174\" aria-label=\"Read more about \u201cAdamlara \u201cm\u0259n\u0259 k\u00f6m\u0259k el\u0259\u201d dem\u0259y\u0259 utan\u0131ram, ba\u015fqa yolum da yoxdur\u201d\">Davam\u0131<\/a><\/p>\n","protected":false},"author":13,"featured_media":271188,"comment_status":"closed","ping_status":"closed","sticky":false,"template":"","format":"standard","meta":{"_acf_changed":false,"_sitemap_exclude":false,"_sitemap_priority":"","_sitemap_frequency":"","footnotes":""},"categories":[60,79,56],"tags":[],"class_list":["post-271174","post","type-post","status-publish","format-standard","has-post-thumbnail","hentry","category-bolge","category-featured","category-xeberler","infinite-scroll-item","generate-columns","tablet-grid-50","mobile-grid-100","grid-parent","grid-33","no-featured-image-padding"],"acf":[],"yoast_head":"<!-- This site is optimized with the Yoast SEO plugin v27.5 - https:\/\/yoast.com\/product\/yoast-seo-wordpress\/ -->\n<title>\u201cAdamlara \u201cm\u0259n\u0259 k\u00f6m\u0259k el\u0259\u201d dem\u0259y\u0259 utan\u0131ram, ba\u015fqa yolum da yoxdur\u201d - MEYDAN.TV<\/title>\n<meta name=\"robots\" content=\"index, follow, max-snippet:-1, max-image-preview:large, max-video-preview:-1\" \/>\n<link rel=\"canonical\" href=\"https:\/\/www.meydan.tv\/az\/article\/adamlara-mene-komek-ele-demeye-utaniram-basqa-yolum-da-yoxdur\/\" \/>\n<meta property=\"og:locale\" content=\"az_AZ\" \/>\n<meta property=\"og:type\" content=\"article\" \/>\n<meta property=\"og:title\" content=\"\u201cAdamlara \u201cm\u0259n\u0259 k\u00f6m\u0259k el\u0259\u201d dem\u0259y\u0259 utan\u0131ram, ba\u015fqa yolum da yoxdur\u201d - MEYDAN.TV\" \/>\n<meta property=\"og:description\" content=\"Ramil\u0259 A\u011fayeva: \u201cCan yiy\u0259si m\u0259n\u0259m, m\u0259g\u0259r bilmir\u0259m ki, o ayaq ... Davam\u0131\" \/>\n<meta property=\"og:url\" content=\"https:\/\/www.meydan.tv\/az\/article\/adamlara-mene-komek-ele-demeye-utaniram-basqa-yolum-da-yoxdur\/\" \/>\n<meta property=\"og:site_name\" content=\"MEYDAN.TV\" \/>\n<meta property=\"article:published_time\" content=\"2023-03-23T08:04:15+00:00\" \/>\n<meta property=\"article:modified_time\" content=\"2023-03-23T08:07:38+00:00\" \/>\n<meta property=\"og:image\" content=\"https:\/\/www.meydan.tv\/wp-content\/uploads\/untitled-design-106.jpg\" \/>\n\t<meta property=\"og:image:width\" content=\"1200\" \/>\n\t<meta property=\"og:image:height\" content=\"800\" \/>\n\t<meta property=\"og:image:type\" content=\"image\/jpeg\" \/>\n<meta name=\"author\" content=\"meri\" \/>\n<meta name=\"twitter:card\" content=\"summary_large_image\" \/>\n<script type=\"application\/ld+json\" class=\"yoast-schema-graph\">{\"@context\":\"https:\\\/\\\/schema.org\",\"@graph\":[{\"@type\":\"Article\",\"@id\":\"https:\\\/\\\/www.meydan.tv\\\/az\\\/article\\\/adamlara-mene-komek-ele-demeye-utaniram-basqa-yolum-da-yoxdur\\\/#article\",\"isPartOf\":{\"@id\":\"https:\\\/\\\/www.meydan.tv\\\/az\\\/article\\\/adamlara-mene-komek-ele-demeye-utaniram-basqa-yolum-da-yoxdur\\\/\"},\"author\":{\"name\":\"meri\",\"@id\":\"https:\\\/\\\/www.meydan.tv\\\/az\\\/#\\\/schema\\\/person\\\/f5399057f0b7fa223fa6c9b7c3321968\"},\"headline\":\"\u201cAdamlara \u201cm\u0259n\u0259 k\u00f6m\u0259k el\u0259\u201d dem\u0259y\u0259 utan\u0131ram, ba\u015fqa yolum da yoxdur\u201d\",\"datePublished\":\"2023-03-23T08:04:15+00:00\",\"dateModified\":\"2023-03-23T08:07:38+00:00\",\"mainEntityOfPage\":{\"@id\":\"https:\\\/\\\/www.meydan.tv\\\/az\\\/article\\\/adamlara-mene-komek-ele-demeye-utaniram-basqa-yolum-da-yoxdur\\\/\"},\"wordCount\":761,\"publisher\":{\"@id\":\"https:\\\/\\\/www.meydan.tv\\\/az\\\/#organization\"},\"image\":{\"@id\":\"https:\\\/\\\/www.meydan.tv\\\/az\\\/article\\\/adamlara-mene-komek-ele-demeye-utaniram-basqa-yolum-da-yoxdur\\\/#primaryimage\"},\"thumbnailUrl\":\"https:\\\/\\\/www.meydan.tv\\\/wp-content\\\/uploads\\\/untitled-design-106.jpg\",\"articleSection\":[\"B\u00f6lg\u0259\",\"T\u00f6vsiy\u0259\",\"X\u0259b\u0259rl\u0259r\"],\"inLanguage\":\"az\"},{\"@type\":\"WebPage\",\"@id\":\"https:\\\/\\\/www.meydan.tv\\\/az\\\/article\\\/adamlara-mene-komek-ele-demeye-utaniram-basqa-yolum-da-yoxdur\\\/\",\"url\":\"https:\\\/\\\/www.meydan.tv\\\/az\\\/article\\\/adamlara-mene-komek-ele-demeye-utaniram-basqa-yolum-da-yoxdur\\\/\",\"name\":\"\u201cAdamlara \u201cm\u0259n\u0259 k\u00f6m\u0259k el\u0259\u201d dem\u0259y\u0259 utan\u0131ram, ba\u015fqa yolum da yoxdur\u201d - MEYDAN.TV\",\"isPartOf\":{\"@id\":\"https:\\\/\\\/www.meydan.tv\\\/az\\\/#website\"},\"primaryImageOfPage\":{\"@id\":\"https:\\\/\\\/www.meydan.tv\\\/az\\\/article\\\/adamlara-mene-komek-ele-demeye-utaniram-basqa-yolum-da-yoxdur\\\/#primaryimage\"},\"image\":{\"@id\":\"https:\\\/\\\/www.meydan.tv\\\/az\\\/article\\\/adamlara-mene-komek-ele-demeye-utaniram-basqa-yolum-da-yoxdur\\\/#primaryimage\"},\"thumbnailUrl\":\"https:\\\/\\\/www.meydan.tv\\\/wp-content\\\/uploads\\\/untitled-design-106.jpg\",\"datePublished\":\"2023-03-23T08:04:15+00:00\",\"dateModified\":\"2023-03-23T08:07:38+00:00\",\"breadcrumb\":{\"@id\":\"https:\\\/\\\/www.meydan.tv\\\/az\\\/article\\\/adamlara-mene-komek-ele-demeye-utaniram-basqa-yolum-da-yoxdur\\\/#breadcrumb\"},\"inLanguage\":\"az\",\"potentialAction\":[{\"@type\":\"ReadAction\",\"target\":[\"https:\\\/\\\/www.meydan.tv\\\/az\\\/article\\\/adamlara-mene-komek-ele-demeye-utaniram-basqa-yolum-da-yoxdur\\\/\"]}]},{\"@type\":\"ImageObject\",\"inLanguage\":\"az\",\"@id\":\"https:\\\/\\\/www.meydan.tv\\\/az\\\/article\\\/adamlara-mene-komek-ele-demeye-utaniram-basqa-yolum-da-yoxdur\\\/#primaryimage\",\"url\":\"https:\\\/\\\/www.meydan.tv\\\/wp-content\\\/uploads\\\/untitled-design-106.jpg\",\"contentUrl\":\"https:\\\/\\\/www.meydan.tv\\\/wp-content\\\/uploads\\\/untitled-design-106.jpg\",\"width\":1200,\"height\":800,\"caption\":\"Fotolar: Ramil\u0259 A\u011fayevan\u0131n \u015f\u0259xsi arxivind\u0259n\"},{\"@type\":\"BreadcrumbList\",\"@id\":\"https:\\\/\\\/www.meydan.tv\\\/az\\\/article\\\/adamlara-mene-komek-ele-demeye-utaniram-basqa-yolum-da-yoxdur\\\/#breadcrumb\",\"itemListElement\":[{\"@type\":\"ListItem\",\"position\":1,\"name\":\"Ana s\u0259hif\u0259\",\"item\":\"https:\\\/\\\/www.meydan.tv\\\/az\\\/\"},{\"@type\":\"ListItem\",\"position\":2,\"name\":\"X\u0259b\u0259rl\u0259r\",\"item\":\"https:\\\/\\\/www.meydan.tv\\\/az\\\/section\\\/xeberler\\\/\"},{\"@type\":\"ListItem\",\"position\":3,\"name\":\"\u201cAdamlara \u201cm\u0259n\u0259 k\u00f6m\u0259k el\u0259\u201d dem\u0259y\u0259 utan\u0131ram, ba\u015fqa yolum da yoxdur\u201d\"}]},{\"@type\":\"WebSite\",\"@id\":\"https:\\\/\\\/www.meydan.tv\\\/az\\\/#website\",\"url\":\"https:\\\/\\\/www.meydan.tv\\\/az\\\/\",\"name\":\"MEYDAN.TV\",\"description\":\"Meydan TV Az\u0259rbaycan\u0131n media m\u0259kan\u0131ndak\u0131 alternativ s\u0259sidir\",\"publisher\":{\"@id\":\"https:\\\/\\\/www.meydan.tv\\\/az\\\/#organization\"},\"potentialAction\":[{\"@type\":\"SearchAction\",\"target\":{\"@type\":\"EntryPoint\",\"urlTemplate\":\"https:\\\/\\\/www.meydan.tv\\\/az\\\/?s={search_term_string}\"},\"query-input\":{\"@type\":\"PropertyValueSpecification\",\"valueRequired\":true,\"valueName\":\"search_term_string\"}}],\"inLanguage\":\"az\"},{\"@type\":\"Organization\",\"@id\":\"https:\\\/\\\/www.meydan.tv\\\/az\\\/#organization\",\"name\":\"Meydan TV\",\"url\":\"https:\\\/\\\/www.meydan.tv\\\/az\\\/\",\"logo\":{\"@type\":\"ImageObject\",\"inLanguage\":\"az\",\"@id\":\"https:\\\/\\\/www.meydan.tv\\\/az\\\/#\\\/schema\\\/logo\\\/image\\\/\",\"url\":\"https:\\\/\\\/www.meydan.tv\\\/wp-content\\\/uploads\\\/2021\\\/07\\\/meydan-logo.svg\",\"contentUrl\":\"https:\\\/\\\/www.meydan.tv\\\/wp-content\\\/uploads\\\/2021\\\/07\\\/meydan-logo.svg\",\"width\":195,\"height\":46,\"caption\":\"Meydan TV\"},\"image\":{\"@id\":\"https:\\\/\\\/www.meydan.tv\\\/az\\\/#\\\/schema\\\/logo\\\/image\\\/\"}},{\"@type\":\"Person\",\"@id\":\"https:\\\/\\\/www.meydan.tv\\\/az\\\/#\\\/schema\\\/person\\\/f5399057f0b7fa223fa6c9b7c3321968\",\"name\":\"meri\"}]}<\/script>\n<!-- \/ Yoast SEO plugin. -->","yoast_head_json":{"title":"\u201cAdamlara \u201cm\u0259n\u0259 k\u00f6m\u0259k el\u0259\u201d dem\u0259y\u0259 utan\u0131ram, ba\u015fqa yolum da yoxdur\u201d - MEYDAN.TV","robots":{"index":"index","follow":"follow","max-snippet":"max-snippet:-1","max-image-preview":"max-image-preview:large","max-video-preview":"max-video-preview:-1"},"canonical":"https:\/\/www.meydan.tv\/az\/article\/adamlara-mene-komek-ele-demeye-utaniram-basqa-yolum-da-yoxdur\/","og_locale":"az_AZ","og_type":"article","og_title":"\u201cAdamlara \u201cm\u0259n\u0259 k\u00f6m\u0259k el\u0259\u201d dem\u0259y\u0259 utan\u0131ram, ba\u015fqa yolum da yoxdur\u201d - MEYDAN.TV","og_description":"Ramil\u0259 A\u011fayeva: \u201cCan yiy\u0259si m\u0259n\u0259m, m\u0259g\u0259r bilmir\u0259m ki, o ayaq ... Davam\u0131","og_url":"https:\/\/www.meydan.tv\/az\/article\/adamlara-mene-komek-ele-demeye-utaniram-basqa-yolum-da-yoxdur\/","og_site_name":"MEYDAN.TV","article_published_time":"2023-03-23T08:04:15+00:00","article_modified_time":"2023-03-23T08:07:38+00:00","og_image":[{"width":1200,"height":800,"url":"https:\/\/www.meydan.tv\/wp-content\/uploads\/untitled-design-106.jpg","type":"image\/jpeg"}],"author":"meri","twitter_card":"summary_large_image","schema":{"@context":"https:\/\/schema.org","@graph":[{"@type":"Article","@id":"https:\/\/www.meydan.tv\/az\/article\/adamlara-mene-komek-ele-demeye-utaniram-basqa-yolum-da-yoxdur\/#article","isPartOf":{"@id":"https:\/\/www.meydan.tv\/az\/article\/adamlara-mene-komek-ele-demeye-utaniram-basqa-yolum-da-yoxdur\/"},"author":{"name":"meri","@id":"https:\/\/www.meydan.tv\/az\/#\/schema\/person\/f5399057f0b7fa223fa6c9b7c3321968"},"headline":"\u201cAdamlara \u201cm\u0259n\u0259 k\u00f6m\u0259k el\u0259\u201d dem\u0259y\u0259 utan\u0131ram, ba\u015fqa yolum da yoxdur\u201d","datePublished":"2023-03-23T08:04:15+00:00","dateModified":"2023-03-23T08:07:38+00:00","mainEntityOfPage":{"@id":"https:\/\/www.meydan.tv\/az\/article\/adamlara-mene-komek-ele-demeye-utaniram-basqa-yolum-da-yoxdur\/"},"wordCount":761,"publisher":{"@id":"https:\/\/www.meydan.tv\/az\/#organization"},"image":{"@id":"https:\/\/www.meydan.tv\/az\/article\/adamlara-mene-komek-ele-demeye-utaniram-basqa-yolum-da-yoxdur\/#primaryimage"},"thumbnailUrl":"https:\/\/www.meydan.tv\/wp-content\/uploads\/untitled-design-106.jpg","articleSection":["B\u00f6lg\u0259","T\u00f6vsiy\u0259","X\u0259b\u0259rl\u0259r"],"inLanguage":"az"},{"@type":"WebPage","@id":"https:\/\/www.meydan.tv\/az\/article\/adamlara-mene-komek-ele-demeye-utaniram-basqa-yolum-da-yoxdur\/","url":"https:\/\/www.meydan.tv\/az\/article\/adamlara-mene-komek-ele-demeye-utaniram-basqa-yolum-da-yoxdur\/","name":"\u201cAdamlara \u201cm\u0259n\u0259 k\u00f6m\u0259k el\u0259\u201d dem\u0259y\u0259 utan\u0131ram, ba\u015fqa yolum da yoxdur\u201d - MEYDAN.TV","isPartOf":{"@id":"https:\/\/www.meydan.tv\/az\/#website"},"primaryImageOfPage":{"@id":"https:\/\/www.meydan.tv\/az\/article\/adamlara-mene-komek-ele-demeye-utaniram-basqa-yolum-da-yoxdur\/#primaryimage"},"image":{"@id":"https:\/\/www.meydan.tv\/az\/article\/adamlara-mene-komek-ele-demeye-utaniram-basqa-yolum-da-yoxdur\/#primaryimage"},"thumbnailUrl":"https:\/\/www.meydan.tv\/wp-content\/uploads\/untitled-design-106.jpg","datePublished":"2023-03-23T08:04:15+00:00","dateModified":"2023-03-23T08:07:38+00:00","breadcrumb":{"@id":"https:\/\/www.meydan.tv\/az\/article\/adamlara-mene-komek-ele-demeye-utaniram-basqa-yolum-da-yoxdur\/#breadcrumb"},"inLanguage":"az","potentialAction":[{"@type":"ReadAction","target":["https:\/\/www.meydan.tv\/az\/article\/adamlara-mene-komek-ele-demeye-utaniram-basqa-yolum-da-yoxdur\/"]}]},{"@type":"ImageObject","inLanguage":"az","@id":"https:\/\/www.meydan.tv\/az\/article\/adamlara-mene-komek-ele-demeye-utaniram-basqa-yolum-da-yoxdur\/#primaryimage","url":"https:\/\/www.meydan.tv\/wp-content\/uploads\/untitled-design-106.jpg","contentUrl":"https:\/\/www.meydan.tv\/wp-content\/uploads\/untitled-design-106.jpg","width":1200,"height":800,"caption":"Fotolar: Ramil\u0259 A\u011fayevan\u0131n \u015f\u0259xsi arxivind\u0259n"},{"@type":"BreadcrumbList","@id":"https:\/\/www.meydan.tv\/az\/article\/adamlara-mene-komek-ele-demeye-utaniram-basqa-yolum-da-yoxdur\/#breadcrumb","itemListElement":[{"@type":"ListItem","position":1,"name":"Ana s\u0259hif\u0259","item":"https:\/\/www.meydan.tv\/az\/"},{"@type":"ListItem","position":2,"name":"X\u0259b\u0259rl\u0259r","item":"https:\/\/www.meydan.tv\/az\/section\/xeberler\/"},{"@type":"ListItem","position":3,"name":"\u201cAdamlara \u201cm\u0259n\u0259 k\u00f6m\u0259k el\u0259\u201d dem\u0259y\u0259 utan\u0131ram, ba\u015fqa yolum da yoxdur\u201d"}]},{"@type":"WebSite","@id":"https:\/\/www.meydan.tv\/az\/#website","url":"https:\/\/www.meydan.tv\/az\/","name":"MEYDAN.TV","description":"Meydan TV Az\u0259rbaycan\u0131n media m\u0259kan\u0131ndak\u0131 alternativ s\u0259sidir","publisher":{"@id":"https:\/\/www.meydan.tv\/az\/#organization"},"potentialAction":[{"@type":"SearchAction","target":{"@type":"EntryPoint","urlTemplate":"https:\/\/www.meydan.tv\/az\/?s={search_term_string}"},"query-input":{"@type":"PropertyValueSpecification","valueRequired":true,"valueName":"search_term_string"}}],"inLanguage":"az"},{"@type":"Organization","@id":"https:\/\/www.meydan.tv\/az\/#organization","name":"Meydan TV","url":"https:\/\/www.meydan.tv\/az\/","logo":{"@type":"ImageObject","inLanguage":"az","@id":"https:\/\/www.meydan.tv\/az\/#\/schema\/logo\/image\/","url":"https:\/\/www.meydan.tv\/wp-content\/uploads\/2021\/07\/meydan-logo.svg","contentUrl":"https:\/\/www.meydan.tv\/wp-content\/uploads\/2021\/07\/meydan-logo.svg","width":195,"height":46,"caption":"Meydan TV"},"image":{"@id":"https:\/\/www.meydan.tv\/az\/#\/schema\/logo\/image\/"}},{"@type":"Person","@id":"https:\/\/www.meydan.tv\/az\/#\/schema\/person\/f5399057f0b7fa223fa6c9b7c3321968","name":"meri"}]}},"_links":{"self":[{"href":"https:\/\/www.meydan.tv\/az\/wp-json\/wp\/v2\/posts\/271174","targetHints":{"allow":["GET"]}}],"collection":[{"href":"https:\/\/www.meydan.tv\/az\/wp-json\/wp\/v2\/posts"}],"about":[{"href":"https:\/\/www.meydan.tv\/az\/wp-json\/wp\/v2\/types\/post"}],"author":[{"embeddable":true,"href":"https:\/\/www.meydan.tv\/az\/wp-json\/wp\/v2\/users\/13"}],"replies":[{"embeddable":true,"href":"https:\/\/www.meydan.tv\/az\/wp-json\/wp\/v2\/comments?post=271174"}],"version-history":[{"count":3,"href":"https:\/\/www.meydan.tv\/az\/wp-json\/wp\/v2\/posts\/271174\/revisions"}],"predecessor-version":[{"id":271187,"href":"https:\/\/www.meydan.tv\/az\/wp-json\/wp\/v2\/posts\/271174\/revisions\/271187"}],"wp:featuredmedia":[{"embeddable":true,"href":"https:\/\/www.meydan.tv\/az\/wp-json\/wp\/v2\/media\/271188"}],"wp:attachment":[{"href":"https:\/\/www.meydan.tv\/az\/wp-json\/wp\/v2\/media?parent=271174"}],"wp:term":[{"taxonomy":"category","embeddable":true,"href":"https:\/\/www.meydan.tv\/az\/wp-json\/wp\/v2\/categories?post=271174"},{"taxonomy":"post_tag","embeddable":true,"href":"https:\/\/www.meydan.tv\/az\/wp-json\/wp\/v2\/tags?post=271174"}],"curies":[{"name":"wp","href":"https:\/\/api.w.org\/{rel}","templated":true}]}}