{"id":271169,"date":"2023-03-23T11:26:28","date_gmt":"2023-03-23T07:26:28","guid":{"rendered":"https:\/\/www.meydan.tv\/?p=271169"},"modified":"2023-03-23T11:26:31","modified_gmt":"2023-03-23T07:26:31","slug":"sehid-anasi-lerik-rayon-icra-hakimiyyetinden-sikayetciyem","status":"publish","type":"post","link":"https:\/\/www.meydan.tv\/az\/article\/sehid-anasi-lerik-rayon-icra-hakimiyyetinden-sikayetciyem\/","title":{"rendered":"\u015e\u0259hid anas\u0131: Lerik Rayon \u0130cra Hakimiyy\u0259tind\u0259n \u015fikay\u0259t\u00e7iy\u0259m"},"content":{"rendered":"\n<p><\/p>\n\n\n\n<p><em><strong>\u201cD\u0259f\u0259l\u0259rl\u0259 rayon r\u0259hb\u0259rliyin\u0259 yaz\u0131l\u0131 v\u0259 \u015fifahi m\u00fcrai\u0259t ets\u0259m d\u0259, baxan yoxdur\u201d<\/strong><\/em><\/p>\n\n\n\n<p>\u201c<em>Evim\u0259 getm\u0259k, ya\u015fl\u0131 vaxt\u0131mda \u00f6z yurdumda ya\u015famaq ist\u0259yir\u0259m. \u00d6t\u0259n ilin yay\u0131nda dedil\u0259r ki, il \u0259rzind\u0259 evl\u0259 ba\u011fl\u0131 m\u00fcraci\u0259tiniz\u0259 cavab veril\u0259c\u0259k, bu ilin \u00fc\u00e7\u00fcnc\u00fc ay\u0131 bitir, h\u0259l\u0259 d\u0259 x\u0259b\u0259r yoxdur<\/em>\u201d. \u00a0\u00a0<\/p>\n\n\n\n<p>Bunu Meydan&nbsp;TV-y\u0259 Birinci Qaraba\u011f M\u00fcharib\u0259sind\u0259 h\u0259yat\u0131n\u0131 itir\u0259n&nbsp;Habil N\u0259ciyevin anas\u0131, 85 ya\u015fl\u0131 N\u0259sib\u0259 N\u0259ciyeva bildirib.<\/p>\n\n\n\n<p>\u015eikay\u0259t\u00e7i deyib ki, Lerik rayonunun Noda k\u0259ndind\u0259 yerl\u0259\u015f\u0259n evi q\u0259zal\u0131 v\u0259ziyy\u0259td\u0259dir, bununla ba\u011fl\u0131 r\u0259y d\u0259 veribl\u0259r. Sumqay\u0131tda ya\u015fayan o\u011flunun evind\u0259 m\u00fcv\u0259qq\u0259ti ya\u015fasa da, k\u0259nd\u0259 qay\u0131tma\u011f\u0131 arzulay\u0131r. Amma \u00f6vlad\u0131lar\u0131n\u0131n evi t\u0259mir etdirm\u0259y\u0259 maddi imkanlar\u0131 \u00e7atm\u0131r.&nbsp;<\/p>\n\n\n\n<p>\u201c<em>2005-ci ild\u0259n ev n\u00f6vb\u0259sin\u0259 g\u00f6t\u00fcr\u00fclm\u00fc\u015f\u0259m. Rayon icra hakimiyy\u0259tind\u0259n \u015fikay\u0259t\u00e7iy\u0259m. M\u0259nd\u0259n sonra n\u00f6vb\u0259y\u0259 g\u00f6t\u00fcr\u00fcl\u0259nl\u0259r\u0259 ev verilib, yaxud t\u0259mir edilib. D\u0259f\u0259l\u0259rl\u0259 rayon r\u0259hb\u0259rliyin\u0259 yaz\u0131l\u0131 v\u0259 \u015fifahi m\u00fcrai\u0259t ets\u0259m d\u0259, baxan yoxdur<\/em>\u201d,\u00a0&#8211;\u00a0\u015f\u0259hid anas\u0131 deyib.\u00a0<\/p>\n\n\n\n<p>\u015eikay\u0259t\u00e7inin s\u00f6zl\u0259rin\u0259 g\u00f6r\u0259, m\u00fct\u0259x\u0259ssisl\u0259r evin\u0259 bax\u0131\u015f ke\u00e7irib, ya\u015famaq \u00fc\u00e7\u00fcn t\u0259hl\u00fck\u0259li oldu\u011funa dair r\u0259y ver\u0259nd\u0259n sonra Sumqay\u0131ta k\u00f6\u00e7\u00fcb. Tezlikl\u0259 evinin t\u0259mir olunaca\u011f\u0131 \u00fcmidi il\u0259 ill\u0259rdir g\u00f6zl\u0259yir. 2016-c\u0131 ild\u0259 \u018fm\u0259k v\u0259 \u018fhalinin Sosial M\u00fcdafi\u0259si Nazirliyin\u0259 m\u00fcraci\u0259t edib:&nbsp;<\/p>\n\n\n\n<p>\u201c<em>1994-cu ild\u0259 o\u011flumu k\u0259ndimizd\u0259ki m\u0259zarl\u0131qda d\u0259fn etdik. Q\u0259brin ba\u015fda\u015f\u0131 yarars\u0131z hala d\u00fc\u015fm\u00fc\u015fd\u00fc, rayon r\u0259hb\u0259rliyin\u0259 yaz\u0131l\u0131 m\u00fcraci\u0259t ets\u0259m d\u0259, k\u00f6m\u0259klik olunmad\u0131. T\u0259qa\u00fcd\u00fcm v\u0259 ikinci qrup \u0259lil olan o\u011flumun k\u00f6m\u0259yi il\u0259 m\u0259zar\u0131 d\u00fcz\u0259ltdirdik. Ya\u015fl\u0131 vaxt\u0131mda g\u00f6z\u00fcm yollarda qal\u0131b, g\u00f6zl\u0259m\u0259y\u0259 vaxt\u0131m \u00e7atacaqm\u0131, bunu bilmir\u0259m\u201d.<\/em><\/p>\n\n\n\n<p>Lerik Rayon \u0130cra Hakimiyy\u0259tind\u0259n \u015f\u0259hid anas\u0131n\u0131n \u015fikay\u0259ti&nbsp; il\u0259 ba\u011fl\u0131 sor\u011fu cavabland\u0131r\u0131lmay\u0131b. K\u0259nd icra n\u00fcmay\u0259nd\u0259liyind\u0259n is\u0259 Meydan&nbsp;TV-y\u0259 bildiribl\u0259r ki, N\u0259sib\u0259 N\u0259ciyeva&nbsp;uzun ill\u0259rdir k\u0259ndd\u0259 ya\u015fam\u0131r. Evd\u0259 he\u00e7 kim ya\u015famad\u0131\u011f\u0131ndan bax\u0131ms\u0131z qal\u0131b, amma ya\u015famaq \u00fc\u00e7\u00fcn \u00e7ox da t\u0259hl\u00fck\u0259li say\u0131lm\u0131r.<\/p>\n\n\n\n<p>\u201c<em>\u015e\u0259hid anas\u0131 kimi m\u0259nzil n\u00f6vb\u0259sin\u0259 g\u00f6t\u00fcr\u00fcl\u00fcb. Amma n\u0259 vaxt m\u0259nzil veril\u0259c\u0259yi, evin t\u0259mir edilib-edilm\u0259y\u0259c\u0259yind\u0259n x\u0259b\u0259rsizik<\/em>\u201d,-icra n\u00fcmay\u0259nd\u0259liyind\u0259n s\u00f6yl\u0259yibl\u0259r.\u00a0<\/p>\n\n\n\n<p>Nazirlikd\u0259n is\u0259 \u015f\u0259hid anas\u0131n\u0131n m\u0259nzil n\u00f6vb\u0259sin\u0259 g\u00f6t\u00fcr\u00fcld\u00fcy\u00fcn\u00fc bildiribl\u0259r.&nbsp;<\/p>\n","protected":false},"excerpt":{"rendered":"<p>\u201cD\u0259f\u0259l\u0259rl\u0259 rayon r\u0259hb\u0259rliyin\u0259 yaz\u0131l\u0131 v\u0259 \u015fifahi m\u00fcrai\u0259t ets\u0259m d\u0259, baxan &#8230; <\/p>\n<p class=\"read-more-container\"><a title=\"\u015e\u0259hid anas\u0131: Lerik Rayon \u0130cra Hakimiyy\u0259tind\u0259n \u015fikay\u0259t\u00e7iy\u0259m\" class=\"read-more button\" href=\"https:\/\/www.meydan.tv\/az\/article\/sehid-anasi-lerik-rayon-icra-hakimiyyetinden-sikayetciyem\/#more-271169\" aria-label=\"Read more about \u015e\u0259hid anas\u0131: Lerik Rayon \u0130cra Hakimiyy\u0259tind\u0259n \u015fikay\u0259t\u00e7iy\u0259m\">Davam\u0131<\/a><\/p>\n","protected":false},"author":13,"featured_media":271170,"comment_status":"closed","ping_status":"closed","sticky":false,"template":"","format":"standard","meta":{"_acf_changed":false,"_sitemap_exclude":false,"_sitemap_priority":"","_sitemap_frequency":"","footnotes":""},"categories":[60,56],"tags":[],"class_list":["post-271169","post","type-post","status-publish","format-standard","has-post-thumbnail","hentry","category-bolge","category-xeberler","infinite-scroll-item","generate-columns","tablet-grid-50","mobile-grid-100","grid-parent","grid-33","no-featured-image-padding"],"acf":[],"yoast_head":"<!-- This site is optimized with the Yoast SEO plugin v27.5 - https:\/\/yoast.com\/product\/yoast-seo-wordpress\/ -->\n<title>\u015e\u0259hid anas\u0131: Lerik Rayon \u0130cra Hakimiyy\u0259tind\u0259n \u015fikay\u0259t\u00e7iy\u0259m - MEYDAN.TV<\/title>\n<meta name=\"robots\" content=\"index, follow, max-snippet:-1, max-image-preview:large, max-video-preview:-1\" \/>\n<link rel=\"canonical\" href=\"https:\/\/www.meydan.tv\/az\/article\/sehid-anasi-lerik-rayon-icra-hakimiyyetinden-sikayetciyem\/\" \/>\n<meta property=\"og:locale\" content=\"az_AZ\" \/>\n<meta property=\"og:type\" content=\"article\" \/>\n<meta property=\"og:title\" content=\"\u015e\u0259hid anas\u0131: Lerik Rayon \u0130cra Hakimiyy\u0259tind\u0259n \u015fikay\u0259t\u00e7iy\u0259m - MEYDAN.TV\" \/>\n<meta property=\"og:description\" content=\"\u201cD\u0259f\u0259l\u0259rl\u0259 rayon r\u0259hb\u0259rliyin\u0259 yaz\u0131l\u0131 v\u0259 \u015fifahi m\u00fcrai\u0259t ets\u0259m d\u0259, baxan ... Davam\u0131\" \/>\n<meta property=\"og:url\" content=\"https:\/\/www.meydan.tv\/az\/article\/sehid-anasi-lerik-rayon-icra-hakimiyyetinden-sikayetciyem\/\" \/>\n<meta property=\"og:site_name\" content=\"MEYDAN.TV\" \/>\n<meta property=\"article:published_time\" content=\"2023-03-23T07:26:28+00:00\" \/>\n<meta property=\"article:modified_time\" content=\"2023-03-23T07:26:31+00:00\" \/>\n<meta property=\"og:image\" content=\"https:\/\/www.meydan.tv\/wp-content\/uploads\/afb71236-28a9-47e5-9ccb-ac52c00e9959-e1679556297637.jpeg\" \/>\n\t<meta property=\"og:image:width\" content=\"959\" \/>\n\t<meta property=\"og:image:height\" content=\"1005\" \/>\n\t<meta property=\"og:image:type\" content=\"image\/jpeg\" \/>\n<meta name=\"author\" content=\"meri\" \/>\n<meta name=\"twitter:card\" content=\"summary_large_image\" \/>\n<script type=\"application\/ld+json\" class=\"yoast-schema-graph\">{\"@context\":\"https:\\\/\\\/schema.org\",\"@graph\":[{\"@type\":\"Article\",\"@id\":\"https:\\\/\\\/www.meydan.tv\\\/az\\\/article\\\/sehid-anasi-lerik-rayon-icra-hakimiyyetinden-sikayetciyem\\\/#article\",\"isPartOf\":{\"@id\":\"https:\\\/\\\/www.meydan.tv\\\/az\\\/article\\\/sehid-anasi-lerik-rayon-icra-hakimiyyetinden-sikayetciyem\\\/\"},\"author\":{\"name\":\"meri\",\"@id\":\"https:\\\/\\\/www.meydan.tv\\\/az\\\/#\\\/schema\\\/person\\\/f5399057f0b7fa223fa6c9b7c3321968\"},\"headline\":\"\u015e\u0259hid anas\u0131: Lerik Rayon \u0130cra Hakimiyy\u0259tind\u0259n \u015fikay\u0259t\u00e7iy\u0259m\",\"datePublished\":\"2023-03-23T07:26:28+00:00\",\"dateModified\":\"2023-03-23T07:26:31+00:00\",\"mainEntityOfPage\":{\"@id\":\"https:\\\/\\\/www.meydan.tv\\\/az\\\/article\\\/sehid-anasi-lerik-rayon-icra-hakimiyyetinden-sikayetciyem\\\/\"},\"wordCount\":511,\"publisher\":{\"@id\":\"https:\\\/\\\/www.meydan.tv\\\/az\\\/#organization\"},\"image\":{\"@id\":\"https:\\\/\\\/www.meydan.tv\\\/az\\\/article\\\/sehid-anasi-lerik-rayon-icra-hakimiyyetinden-sikayetciyem\\\/#primaryimage\"},\"thumbnailUrl\":\"https:\\\/\\\/www.meydan.tv\\\/wp-content\\\/uploads\\\/afb71236-28a9-47e5-9ccb-ac52c00e9959-e1679556297637.jpeg\",\"articleSection\":[\"B\u00f6lg\u0259\",\"X\u0259b\u0259rl\u0259r\"],\"inLanguage\":\"az\"},{\"@type\":\"WebPage\",\"@id\":\"https:\\\/\\\/www.meydan.tv\\\/az\\\/article\\\/sehid-anasi-lerik-rayon-icra-hakimiyyetinden-sikayetciyem\\\/\",\"url\":\"https:\\\/\\\/www.meydan.tv\\\/az\\\/article\\\/sehid-anasi-lerik-rayon-icra-hakimiyyetinden-sikayetciyem\\\/\",\"name\":\"\u015e\u0259hid anas\u0131: Lerik Rayon \u0130cra Hakimiyy\u0259tind\u0259n \u015fikay\u0259t\u00e7iy\u0259m - MEYDAN.TV\",\"isPartOf\":{\"@id\":\"https:\\\/\\\/www.meydan.tv\\\/az\\\/#website\"},\"primaryImageOfPage\":{\"@id\":\"https:\\\/\\\/www.meydan.tv\\\/az\\\/article\\\/sehid-anasi-lerik-rayon-icra-hakimiyyetinden-sikayetciyem\\\/#primaryimage\"},\"image\":{\"@id\":\"https:\\\/\\\/www.meydan.tv\\\/az\\\/article\\\/sehid-anasi-lerik-rayon-icra-hakimiyyetinden-sikayetciyem\\\/#primaryimage\"},\"thumbnailUrl\":\"https:\\\/\\\/www.meydan.tv\\\/wp-content\\\/uploads\\\/afb71236-28a9-47e5-9ccb-ac52c00e9959-e1679556297637.jpeg\",\"datePublished\":\"2023-03-23T07:26:28+00:00\",\"dateModified\":\"2023-03-23T07:26:31+00:00\",\"breadcrumb\":{\"@id\":\"https:\\\/\\\/www.meydan.tv\\\/az\\\/article\\\/sehid-anasi-lerik-rayon-icra-hakimiyyetinden-sikayetciyem\\\/#breadcrumb\"},\"inLanguage\":\"az\",\"potentialAction\":[{\"@type\":\"ReadAction\",\"target\":[\"https:\\\/\\\/www.meydan.tv\\\/az\\\/article\\\/sehid-anasi-lerik-rayon-icra-hakimiyyetinden-sikayetciyem\\\/\"]}]},{\"@type\":\"ImageObject\",\"inLanguage\":\"az\",\"@id\":\"https:\\\/\\\/www.meydan.tv\\\/az\\\/article\\\/sehid-anasi-lerik-rayon-icra-hakimiyyetinden-sikayetciyem\\\/#primaryimage\",\"url\":\"https:\\\/\\\/www.meydan.tv\\\/wp-content\\\/uploads\\\/afb71236-28a9-47e5-9ccb-ac52c00e9959-e1679556297637.jpeg\",\"contentUrl\":\"https:\\\/\\\/www.meydan.tv\\\/wp-content\\\/uploads\\\/afb71236-28a9-47e5-9ccb-ac52c00e9959-e1679556297637.jpeg\",\"width\":959,\"height\":1005,\"caption\":\"N\u0259sib\u0259 N\u0259ciyeva. Fotolar: Meydan TV\"},{\"@type\":\"BreadcrumbList\",\"@id\":\"https:\\\/\\\/www.meydan.tv\\\/az\\\/article\\\/sehid-anasi-lerik-rayon-icra-hakimiyyetinden-sikayetciyem\\\/#breadcrumb\",\"itemListElement\":[{\"@type\":\"ListItem\",\"position\":1,\"name\":\"Ana s\u0259hif\u0259\",\"item\":\"https:\\\/\\\/www.meydan.tv\\\/az\\\/\"},{\"@type\":\"ListItem\",\"position\":2,\"name\":\"B\u00f6lg\u0259\",\"item\":\"https:\\\/\\\/www.meydan.tv\\\/az\\\/section\\\/bolge\\\/\"},{\"@type\":\"ListItem\",\"position\":3,\"name\":\"\u015e\u0259hid anas\u0131: Lerik Rayon \u0130cra Hakimiyy\u0259tind\u0259n \u015fikay\u0259t\u00e7iy\u0259m\"}]},{\"@type\":\"WebSite\",\"@id\":\"https:\\\/\\\/www.meydan.tv\\\/az\\\/#website\",\"url\":\"https:\\\/\\\/www.meydan.tv\\\/az\\\/\",\"name\":\"MEYDAN.TV\",\"description\":\"Meydan TV Az\u0259rbaycan\u0131n media m\u0259kan\u0131ndak\u0131 alternativ s\u0259sidir\",\"publisher\":{\"@id\":\"https:\\\/\\\/www.meydan.tv\\\/az\\\/#organization\"},\"potentialAction\":[{\"@type\":\"SearchAction\",\"target\":{\"@type\":\"EntryPoint\",\"urlTemplate\":\"https:\\\/\\\/www.meydan.tv\\\/az\\\/?s={search_term_string}\"},\"query-input\":{\"@type\":\"PropertyValueSpecification\",\"valueRequired\":true,\"valueName\":\"search_term_string\"}}],\"inLanguage\":\"az\"},{\"@type\":\"Organization\",\"@id\":\"https:\\\/\\\/www.meydan.tv\\\/az\\\/#organization\",\"name\":\"Meydan TV\",\"url\":\"https:\\\/\\\/www.meydan.tv\\\/az\\\/\",\"logo\":{\"@type\":\"ImageObject\",\"inLanguage\":\"az\",\"@id\":\"https:\\\/\\\/www.meydan.tv\\\/az\\\/#\\\/schema\\\/logo\\\/image\\\/\",\"url\":\"https:\\\/\\\/www.meydan.tv\\\/wp-content\\\/uploads\\\/2021\\\/07\\\/meydan-logo.svg\",\"contentUrl\":\"https:\\\/\\\/www.meydan.tv\\\/wp-content\\\/uploads\\\/2021\\\/07\\\/meydan-logo.svg\",\"width\":195,\"height\":46,\"caption\":\"Meydan TV\"},\"image\":{\"@id\":\"https:\\\/\\\/www.meydan.tv\\\/az\\\/#\\\/schema\\\/logo\\\/image\\\/\"}},{\"@type\":\"Person\",\"@id\":\"https:\\\/\\\/www.meydan.tv\\\/az\\\/#\\\/schema\\\/person\\\/f5399057f0b7fa223fa6c9b7c3321968\",\"name\":\"meri\"}]}<\/script>\n<!-- \/ Yoast SEO plugin. -->","yoast_head_json":{"title":"\u015e\u0259hid anas\u0131: Lerik Rayon \u0130cra Hakimiyy\u0259tind\u0259n \u015fikay\u0259t\u00e7iy\u0259m - MEYDAN.TV","robots":{"index":"index","follow":"follow","max-snippet":"max-snippet:-1","max-image-preview":"max-image-preview:large","max-video-preview":"max-video-preview:-1"},"canonical":"https:\/\/www.meydan.tv\/az\/article\/sehid-anasi-lerik-rayon-icra-hakimiyyetinden-sikayetciyem\/","og_locale":"az_AZ","og_type":"article","og_title":"\u015e\u0259hid anas\u0131: Lerik Rayon \u0130cra Hakimiyy\u0259tind\u0259n \u015fikay\u0259t\u00e7iy\u0259m - MEYDAN.TV","og_description":"\u201cD\u0259f\u0259l\u0259rl\u0259 rayon r\u0259hb\u0259rliyin\u0259 yaz\u0131l\u0131 v\u0259 \u015fifahi m\u00fcrai\u0259t ets\u0259m d\u0259, baxan ... Davam\u0131","og_url":"https:\/\/www.meydan.tv\/az\/article\/sehid-anasi-lerik-rayon-icra-hakimiyyetinden-sikayetciyem\/","og_site_name":"MEYDAN.TV","article_published_time":"2023-03-23T07:26:28+00:00","article_modified_time":"2023-03-23T07:26:31+00:00","og_image":[{"width":959,"height":1005,"url":"https:\/\/www.meydan.tv\/wp-content\/uploads\/afb71236-28a9-47e5-9ccb-ac52c00e9959-e1679556297637.jpeg","type":"image\/jpeg"}],"author":"meri","twitter_card":"summary_large_image","schema":{"@context":"https:\/\/schema.org","@graph":[{"@type":"Article","@id":"https:\/\/www.meydan.tv\/az\/article\/sehid-anasi-lerik-rayon-icra-hakimiyyetinden-sikayetciyem\/#article","isPartOf":{"@id":"https:\/\/www.meydan.tv\/az\/article\/sehid-anasi-lerik-rayon-icra-hakimiyyetinden-sikayetciyem\/"},"author":{"name":"meri","@id":"https:\/\/www.meydan.tv\/az\/#\/schema\/person\/f5399057f0b7fa223fa6c9b7c3321968"},"headline":"\u015e\u0259hid anas\u0131: Lerik Rayon \u0130cra Hakimiyy\u0259tind\u0259n \u015fikay\u0259t\u00e7iy\u0259m","datePublished":"2023-03-23T07:26:28+00:00","dateModified":"2023-03-23T07:26:31+00:00","mainEntityOfPage":{"@id":"https:\/\/www.meydan.tv\/az\/article\/sehid-anasi-lerik-rayon-icra-hakimiyyetinden-sikayetciyem\/"},"wordCount":511,"publisher":{"@id":"https:\/\/www.meydan.tv\/az\/#organization"},"image":{"@id":"https:\/\/www.meydan.tv\/az\/article\/sehid-anasi-lerik-rayon-icra-hakimiyyetinden-sikayetciyem\/#primaryimage"},"thumbnailUrl":"https:\/\/www.meydan.tv\/wp-content\/uploads\/afb71236-28a9-47e5-9ccb-ac52c00e9959-e1679556297637.jpeg","articleSection":["B\u00f6lg\u0259","X\u0259b\u0259rl\u0259r"],"inLanguage":"az"},{"@type":"WebPage","@id":"https:\/\/www.meydan.tv\/az\/article\/sehid-anasi-lerik-rayon-icra-hakimiyyetinden-sikayetciyem\/","url":"https:\/\/www.meydan.tv\/az\/article\/sehid-anasi-lerik-rayon-icra-hakimiyyetinden-sikayetciyem\/","name":"\u015e\u0259hid anas\u0131: Lerik Rayon \u0130cra Hakimiyy\u0259tind\u0259n \u015fikay\u0259t\u00e7iy\u0259m - MEYDAN.TV","isPartOf":{"@id":"https:\/\/www.meydan.tv\/az\/#website"},"primaryImageOfPage":{"@id":"https:\/\/www.meydan.tv\/az\/article\/sehid-anasi-lerik-rayon-icra-hakimiyyetinden-sikayetciyem\/#primaryimage"},"image":{"@id":"https:\/\/www.meydan.tv\/az\/article\/sehid-anasi-lerik-rayon-icra-hakimiyyetinden-sikayetciyem\/#primaryimage"},"thumbnailUrl":"https:\/\/www.meydan.tv\/wp-content\/uploads\/afb71236-28a9-47e5-9ccb-ac52c00e9959-e1679556297637.jpeg","datePublished":"2023-03-23T07:26:28+00:00","dateModified":"2023-03-23T07:26:31+00:00","breadcrumb":{"@id":"https:\/\/www.meydan.tv\/az\/article\/sehid-anasi-lerik-rayon-icra-hakimiyyetinden-sikayetciyem\/#breadcrumb"},"inLanguage":"az","potentialAction":[{"@type":"ReadAction","target":["https:\/\/www.meydan.tv\/az\/article\/sehid-anasi-lerik-rayon-icra-hakimiyyetinden-sikayetciyem\/"]}]},{"@type":"ImageObject","inLanguage":"az","@id":"https:\/\/www.meydan.tv\/az\/article\/sehid-anasi-lerik-rayon-icra-hakimiyyetinden-sikayetciyem\/#primaryimage","url":"https:\/\/www.meydan.tv\/wp-content\/uploads\/afb71236-28a9-47e5-9ccb-ac52c00e9959-e1679556297637.jpeg","contentUrl":"https:\/\/www.meydan.tv\/wp-content\/uploads\/afb71236-28a9-47e5-9ccb-ac52c00e9959-e1679556297637.jpeg","width":959,"height":1005,"caption":"N\u0259sib\u0259 N\u0259ciyeva. Fotolar: Meydan TV"},{"@type":"BreadcrumbList","@id":"https:\/\/www.meydan.tv\/az\/article\/sehid-anasi-lerik-rayon-icra-hakimiyyetinden-sikayetciyem\/#breadcrumb","itemListElement":[{"@type":"ListItem","position":1,"name":"Ana s\u0259hif\u0259","item":"https:\/\/www.meydan.tv\/az\/"},{"@type":"ListItem","position":2,"name":"B\u00f6lg\u0259","item":"https:\/\/www.meydan.tv\/az\/section\/bolge\/"},{"@type":"ListItem","position":3,"name":"\u015e\u0259hid anas\u0131: Lerik Rayon \u0130cra Hakimiyy\u0259tind\u0259n \u015fikay\u0259t\u00e7iy\u0259m"}]},{"@type":"WebSite","@id":"https:\/\/www.meydan.tv\/az\/#website","url":"https:\/\/www.meydan.tv\/az\/","name":"MEYDAN.TV","description":"Meydan TV Az\u0259rbaycan\u0131n media m\u0259kan\u0131ndak\u0131 alternativ s\u0259sidir","publisher":{"@id":"https:\/\/www.meydan.tv\/az\/#organization"},"potentialAction":[{"@type":"SearchAction","target":{"@type":"EntryPoint","urlTemplate":"https:\/\/www.meydan.tv\/az\/?s={search_term_string}"},"query-input":{"@type":"PropertyValueSpecification","valueRequired":true,"valueName":"search_term_string"}}],"inLanguage":"az"},{"@type":"Organization","@id":"https:\/\/www.meydan.tv\/az\/#organization","name":"Meydan TV","url":"https:\/\/www.meydan.tv\/az\/","logo":{"@type":"ImageObject","inLanguage":"az","@id":"https:\/\/www.meydan.tv\/az\/#\/schema\/logo\/image\/","url":"https:\/\/www.meydan.tv\/wp-content\/uploads\/2021\/07\/meydan-logo.svg","contentUrl":"https:\/\/www.meydan.tv\/wp-content\/uploads\/2021\/07\/meydan-logo.svg","width":195,"height":46,"caption":"Meydan TV"},"image":{"@id":"https:\/\/www.meydan.tv\/az\/#\/schema\/logo\/image\/"}},{"@type":"Person","@id":"https:\/\/www.meydan.tv\/az\/#\/schema\/person\/f5399057f0b7fa223fa6c9b7c3321968","name":"meri"}]}},"_links":{"self":[{"href":"https:\/\/www.meydan.tv\/az\/wp-json\/wp\/v2\/posts\/271169","targetHints":{"allow":["GET"]}}],"collection":[{"href":"https:\/\/www.meydan.tv\/az\/wp-json\/wp\/v2\/posts"}],"about":[{"href":"https:\/\/www.meydan.tv\/az\/wp-json\/wp\/v2\/types\/post"}],"author":[{"embeddable":true,"href":"https:\/\/www.meydan.tv\/az\/wp-json\/wp\/v2\/users\/13"}],"replies":[{"embeddable":true,"href":"https:\/\/www.meydan.tv\/az\/wp-json\/wp\/v2\/comments?post=271169"}],"version-history":[{"count":1,"href":"https:\/\/www.meydan.tv\/az\/wp-json\/wp\/v2\/posts\/271169\/revisions"}],"predecessor-version":[{"id":271173,"href":"https:\/\/www.meydan.tv\/az\/wp-json\/wp\/v2\/posts\/271169\/revisions\/271173"}],"wp:featuredmedia":[{"embeddable":true,"href":"https:\/\/www.meydan.tv\/az\/wp-json\/wp\/v2\/media\/271170"}],"wp:attachment":[{"href":"https:\/\/www.meydan.tv\/az\/wp-json\/wp\/v2\/media?parent=271169"}],"wp:term":[{"taxonomy":"category","embeddable":true,"href":"https:\/\/www.meydan.tv\/az\/wp-json\/wp\/v2\/categories?post=271169"},{"taxonomy":"post_tag","embeddable":true,"href":"https:\/\/www.meydan.tv\/az\/wp-json\/wp\/v2\/tags?post=271169"}],"curies":[{"name":"wp","href":"https:\/\/api.w.org\/{rel}","templated":true}]}}