{"id":271127,"date":"2023-03-22T11:15:40","date_gmt":"2023-03-22T07:15:40","guid":{"rendered":"https:\/\/www.meydan.tv\/?p=271127"},"modified":"2023-03-22T11:15:43","modified_gmt":"2023-03-22T07:15:43","slug":"goycay-sakini-icra-hakimiyyetinden-narazidir-koskumu-baglayib-meni-borca-saldilar","status":"publish","type":"post","link":"https:\/\/www.meydan.tv\/az\/article\/goycay-sakini-icra-hakimiyyetinden-narazidir-koskumu-baglayib-meni-borca-saldilar\/","title":{"rendered":"G\u00f6y\u00e7ay sakini icra hakimiyy\u0259tind\u0259n naraz\u0131d\u0131r: K\u00f6\u015fk\u00fcm\u00fc ba\u011flay\u0131b, m\u0259ni borca sald\u0131lar"},"content":{"rendered":"\n<p><\/p>\n\n\n\n<p><em><strong>\u201cDedil\u0259r ki, k\u00f6\u015fk\u00fc dayanacaqla birg\u0259 ba\u015fqa \u0259raziy\u0259 k\u00f6\u00e7\u00fcr\u201d<\/strong><\/em><\/p>\n\n\n\n<p>G\u00f6y\u00e7ay \u015f\u0259h\u0259r sakini Elnur R\u0259himli f\u0259hl\u0259lik edir, ayda c\u0259mi 266 manat maa\u015f al\u0131r. Be\u015f n\u0259f\u0259rlik ail\u0259sind\u0259 yegan\u0259 g\u0259lir g\u0259tir\u0259nin \u00f6z\u00fc oldu\u011funu deyir. Bir m\u00fcdd\u0259t \u0259vv\u0259l ki\u00e7ik sahibkarl\u0131qla m\u0259\u015f\u011ful olmaq ist\u0259s\u0259 d\u0259, al\u0131nmay\u0131b. \u018fv\u0259zind\u0259 borca d\u00fc\u015f\u00fcb:<\/p>\n\n\n\n<p><em>\u201cMar\u015frut dayanacaqlar\u0131n\u0131n birind\u0259 &#8220;k\u00f6\u015fk&#8221; in\u015fa etdir\u0259r\u0259k ki\u00e7ik sahibkarl\u0131qla m\u0259\u015f\u011ful olmaq ist\u0259yirdim ki, ail\u0259mi doland\u0131ra bilim. \u0130cra hakimyy\u0259ti icaz\u0259 d\u0259 vermi\u015fdi. Amma sonradan s\u00f6zl\u0259rin\u0259 \u0259m\u0259l etm\u0259dil\u0259r, borca d\u00fc\u015fd\u00fcm, indi bankdan g\u00f6t\u00fcrd\u00fcy\u00fcm krediti geri qaytara bilmir\u0259m\u201d.<\/em><\/p>\n\n\n\n<p>Elnur R\u0259himlinin s\u00f6zl\u0259rin\u0259 g\u00f6r\u0259, 2018-i ild\u0259 G\u00f6y\u00e7ay Rayon \u0130cra Hakimiyy\u0259tind\u0259n k\u00f6\u015fk yeri il\u0259 ba\u011fl\u0131 raz\u0131l\u0131q al\u0131b. Amma maddi imkan\u0131 olmad\u0131\u011f\u0131ndan k\u00f6\u015fk\u00fc tikdir\u0259 bilm\u0259yib:<\/p>\n\n\n\n<p>\u201c<em>Bankdan kredit g\u00f6t\u00fcrd\u00fcm, \u00f6t\u0259n ilin dekabr\u0131nda dayanacaqla birg\u0259 k\u00f6\u015fk in\u015fa etdirdim. K\u00f6hn\u0259 dayanaca\u011f\u0131 da \u015f\u0259hid ail\u0259sind\u0259n birin\u0259 verdil\u0259r. G\u00f6y\u00e7ay Rayon \u0130cra Hakimiyy\u0259tinin Arxitektura v\u0259 Memarl\u0131q \u015e\u00f6b\u0259sinin yeni m\u00fcdiri Ayaz S\u0259f\u0259r\u0259liyev k\u00f6\u015fk\u00fcn qura\u015fd\u0131r\u0131lmas\u0131na icaz\u0259 verm\u0259di. Onlar\u0131n t\u0259l\u0259biyl\u0259 b\u0259l\u0259diyy\u0259 il\u0259 m\u00fcqavil\u0259 d\u0259 imzalad\u0131m, ancaq yen\u0259 d\u0259 m\u00fcxt\u0259lif b\u0259han\u0259l\u0259rl\u0259 mane\u0259 t\u00f6r\u0259tdil\u0259r\u201d.<\/em><\/p>\n\n\n\n<p>\u015eikay\u0259t\u00e7i bildirib ki, rayondak\u0131 dig\u0259r dayanacaqlarda k\u00f6\u015fkl\u0259r f\u0259aliyy\u0259t g\u00f6st\u0259rir, amma n\u0259d\u0259ns\u0259 ona problem yarad\u0131rlar:<\/p>\n\n\n\n<p>\u201c<em>Dedil\u0259r ki, k\u00f6\u015fk\u00fc dayanacaqla birg\u0259 ba\u015fqa \u0259raziy\u0259 k\u00f6\u00e7\u00fcr. El\u0259 bir yer g\u00f6st\u0259rirl\u0259r ki, orada \u00fcmumiyy\u0259tl\u0259 gedi\u015f-g\u0259li\u015f yoxdur. Ayaz S\u0259f\u0259r\u0259liyev m\u0259ni intihar h\u0259ddin\u0259 \u00e7atd\u0131r\u0131b. \u00d6zl\u0259rinin rayonda says\u0131z-hesabs\u0131z\u00a0 obyektl\u0259ri var, amma kims\u0259siz, arxas\u0131zlar\u0131 incidirl\u0259r\u201d.<\/em><\/p>\n\n\n\n<p>Elnur R\u0259himlinin qarda\u015f\u0131 Birini Qaraba\u011f M\u00fcharib\u0259sind\u0259 h\u0259lak olub, \u015f\u0259hid statusu al\u0131b. \u00d6z\u00fc valideynl\u0259rind\u0259n miras qalm\u0131\u015f k\u00f6hn\u0259 v\u0259 q\u0259zal\u0131 evd\u0259 ya\u015fay\u0131r. B\u00f6y\u00fck \u00f6vlad\u0131&nbsp; i\u015fsiz kimi G\u00f6y\u00e7ay Rayon M\u0259\u015f\u011fulluq \u0130dar\u0259sind\u0259 qeydiyyatdad\u0131r. Dig\u0259r \u00f6vladlar\u0131 is\u0259 m\u0259kt\u0259blidir:<\/p>\n\n\n\n<p><em>\u201cO q\u0259d\u0259r ac\u0131nacaql\u0131 durumday\u0131q ki, qaz pulunu \u00f6d\u0259m\u0259y\u0259 g\u00fcc\u00fcm \u00e7atm\u0131r, \u00e7\u00f6ld\u0259n-bay\u0131rdan toplad\u0131\u011f\u0131m \u00e7\u00f6r-\u00e7\u00f6pl\u0259 q\u0131z\u0131n\u0131r\u0131q\u201d.<\/em><\/p>\n\n\n\n<p>\u0130cra hakimiyy\u0259tind\u0259n \u015fikay\u0259t\u00e7iy\u0259 bildiribl\u0259r ki, k\u00f6\u015fk\u00fcn qura\u015fd\u0131r\u0131lmas\u0131 \u00fc\u00e7\u00fcn ona \u015fifahi raz\u0131l\u0131q verilib, bu is\u0259 qanuni \u0259sas say\u0131la bilm\u0259z.<\/p>\n\n\n\n<p>G\u00f6y\u00e7ay Rayon \u0130cra Hakimiyy\u0259tind\u0259n Meydan TV-y\u0259 bildiribl\u0259r ki, Elnur R\u0259himlinin istifad\u0259 etdiyi ticar\u0259t k\u00f6\u015fk\u00fc qanunsuz \u015f\u0259kild\u0259, r\u0259smi icaz\u0259 olmadan qura\u015fd\u0131r\u0131l\u0131b. Haz\u0131rda rayon \u0259razisind\u0259 vaxtil\u0259 qanunsuz in\u015fa edilmi\u015f v\u0259 ya qura\u015fd\u0131r\u0131lm\u0131\u015f tikilil\u0259rl\u0259 ba\u011fl\u0131 t\u0259dbirl\u0259r g\u00f6r\u00fcl\u00fcr:<\/p>\n\n\n\n<p>\u201c<em>Elnur R\u0259himli icra Hakimiyy\u0259tinin ba\u015f\u00e7\u0131s\u0131 t\u0259r\u0259find\u0259n q\u0259bul edilib, \u015f\u0259hid qarda\u015f\u0131 oldu\u011fu n\u0259z\u0259r\u0259 al\u0131naraq qanunsuz qura\u015fd\u0131rd\u0131\u011f\u0131 k\u00f6\u015fk\u00fcn dig\u0259r \u0259raziy\u0259 k\u00f6\u00e7\u00fcr\u00fclm\u0259si t\u0259klif olunub\u201d.<\/em><\/p>\n","protected":false},"excerpt":{"rendered":"<p>\u201cDedil\u0259r ki, k\u00f6\u015fk\u00fc dayanacaqla birg\u0259 ba\u015fqa \u0259raziy\u0259 k\u00f6\u00e7\u00fcr\u201d G\u00f6y\u00e7ay \u015f\u0259h\u0259r &#8230; <\/p>\n<p class=\"read-more-container\"><a title=\"G\u00f6y\u00e7ay sakini icra hakimiyy\u0259tind\u0259n naraz\u0131d\u0131r: K\u00f6\u015fk\u00fcm\u00fc ba\u011flay\u0131b, m\u0259ni borca sald\u0131lar\" class=\"read-more button\" href=\"https:\/\/www.meydan.tv\/az\/article\/goycay-sakini-icra-hakimiyyetinden-narazidir-koskumu-baglayib-meni-borca-saldilar\/#more-271127\" aria-label=\"Read more about G\u00f6y\u00e7ay sakini icra hakimiyy\u0259tind\u0259n naraz\u0131d\u0131r: K\u00f6\u015fk\u00fcm\u00fc ba\u011flay\u0131b, m\u0259ni borca sald\u0131lar\">Davam\u0131<\/a><\/p>\n","protected":false},"author":8,"featured_media":271124,"comment_status":"closed","ping_status":"closed","sticky":false,"template":"","format":"standard","meta":{"_acf_changed":false,"_sitemap_exclude":false,"_sitemap_priority":"","_sitemap_frequency":"","footnotes":""},"categories":[60,79,56],"tags":[],"class_list":["post-271127","post","type-post","status-publish","format-standard","has-post-thumbnail","hentry","category-bolge","category-featured","category-xeberler","infinite-scroll-item","generate-columns","tablet-grid-50","mobile-grid-100","grid-parent","grid-33","no-featured-image-padding"],"acf":[],"yoast_head":"<!-- This site is optimized with the Yoast SEO plugin v27.5 - https:\/\/yoast.com\/product\/yoast-seo-wordpress\/ -->\n<title>G\u00f6y\u00e7ay sakini icra hakimiyy\u0259tind\u0259n naraz\u0131d\u0131r: K\u00f6\u015fk\u00fcm\u00fc ba\u011flay\u0131b, m\u0259ni borca sald\u0131lar - MEYDAN.TV<\/title>\n<meta name=\"robots\" content=\"index, follow, max-snippet:-1, max-image-preview:large, max-video-preview:-1\" \/>\n<link rel=\"canonical\" href=\"https:\/\/www.meydan.tv\/az\/article\/goycay-sakini-icra-hakimiyyetinden-narazidir-koskumu-baglayib-meni-borca-saldilar\/\" \/>\n<meta property=\"og:locale\" content=\"az_AZ\" \/>\n<meta property=\"og:type\" content=\"article\" \/>\n<meta property=\"og:title\" content=\"G\u00f6y\u00e7ay sakini icra hakimiyy\u0259tind\u0259n naraz\u0131d\u0131r: K\u00f6\u015fk\u00fcm\u00fc ba\u011flay\u0131b, m\u0259ni borca sald\u0131lar - MEYDAN.TV\" \/>\n<meta property=\"og:description\" content=\"\u201cDedil\u0259r ki, k\u00f6\u015fk\u00fc dayanacaqla birg\u0259 ba\u015fqa \u0259raziy\u0259 k\u00f6\u00e7\u00fcr\u201d G\u00f6y\u00e7ay \u015f\u0259h\u0259r ... Davam\u0131\" \/>\n<meta property=\"og:url\" content=\"https:\/\/www.meydan.tv\/az\/article\/goycay-sakini-icra-hakimiyyetinden-narazidir-koskumu-baglayib-meni-borca-saldilar\/\" \/>\n<meta property=\"og:site_name\" content=\"MEYDAN.TV\" \/>\n<meta property=\"article:published_time\" content=\"2023-03-22T07:15:40+00:00\" \/>\n<meta property=\"article:modified_time\" content=\"2023-03-22T07:15:43+00:00\" \/>\n<meta property=\"og:image\" content=\"https:\/\/www.meydan.tv\/wp-content\/uploads\/unnamed-5-e1679469332274.jpg\" \/>\n\t<meta property=\"og:image:width\" content=\"1200\" \/>\n\t<meta property=\"og:image:height\" content=\"531\" \/>\n\t<meta property=\"og:image:type\" content=\"image\/jpeg\" \/>\n<meta name=\"author\" content=\"elli\" \/>\n<meta name=\"twitter:card\" content=\"summary_large_image\" \/>\n<meta name=\"twitter:creator\" content=\"@elli\" \/>\n<script type=\"application\/ld+json\" class=\"yoast-schema-graph\">{\"@context\":\"https:\\\/\\\/schema.org\",\"@graph\":[{\"@type\":\"Article\",\"@id\":\"https:\\\/\\\/www.meydan.tv\\\/az\\\/article\\\/goycay-sakini-icra-hakimiyyetinden-narazidir-koskumu-baglayib-meni-borca-saldilar\\\/#article\",\"isPartOf\":{\"@id\":\"https:\\\/\\\/www.meydan.tv\\\/az\\\/article\\\/goycay-sakini-icra-hakimiyyetinden-narazidir-koskumu-baglayib-meni-borca-saldilar\\\/\"},\"author\":{\"name\":\"elli\",\"@id\":\"https:\\\/\\\/www.meydan.tv\\\/az\\\/#\\\/schema\\\/person\\\/9cdbecf90d17180ce1dfbd95b08dcf47\"},\"headline\":\"G\u00f6y\u00e7ay sakini icra hakimiyy\u0259tind\u0259n naraz\u0131d\u0131r: K\u00f6\u015fk\u00fcm\u00fc ba\u011flay\u0131b, m\u0259ni borca sald\u0131lar\",\"datePublished\":\"2023-03-22T07:15:40+00:00\",\"dateModified\":\"2023-03-22T07:15:43+00:00\",\"mainEntityOfPage\":{\"@id\":\"https:\\\/\\\/www.meydan.tv\\\/az\\\/article\\\/goycay-sakini-icra-hakimiyyetinden-narazidir-koskumu-baglayib-meni-borca-saldilar\\\/\"},\"wordCount\":585,\"publisher\":{\"@id\":\"https:\\\/\\\/www.meydan.tv\\\/az\\\/#organization\"},\"image\":{\"@id\":\"https:\\\/\\\/www.meydan.tv\\\/az\\\/article\\\/goycay-sakini-icra-hakimiyyetinden-narazidir-koskumu-baglayib-meni-borca-saldilar\\\/#primaryimage\"},\"thumbnailUrl\":\"https:\\\/\\\/www.meydan.tv\\\/wp-content\\\/uploads\\\/unnamed-5-e1679469332274.jpg\",\"articleSection\":[\"B\u00f6lg\u0259\",\"T\u00f6vsiy\u0259\",\"X\u0259b\u0259rl\u0259r\"],\"inLanguage\":\"az\"},{\"@type\":\"WebPage\",\"@id\":\"https:\\\/\\\/www.meydan.tv\\\/az\\\/article\\\/goycay-sakini-icra-hakimiyyetinden-narazidir-koskumu-baglayib-meni-borca-saldilar\\\/\",\"url\":\"https:\\\/\\\/www.meydan.tv\\\/az\\\/article\\\/goycay-sakini-icra-hakimiyyetinden-narazidir-koskumu-baglayib-meni-borca-saldilar\\\/\",\"name\":\"G\u00f6y\u00e7ay sakini icra hakimiyy\u0259tind\u0259n naraz\u0131d\u0131r: K\u00f6\u015fk\u00fcm\u00fc ba\u011flay\u0131b, m\u0259ni borca sald\u0131lar - MEYDAN.TV\",\"isPartOf\":{\"@id\":\"https:\\\/\\\/www.meydan.tv\\\/az\\\/#website\"},\"primaryImageOfPage\":{\"@id\":\"https:\\\/\\\/www.meydan.tv\\\/az\\\/article\\\/goycay-sakini-icra-hakimiyyetinden-narazidir-koskumu-baglayib-meni-borca-saldilar\\\/#primaryimage\"},\"image\":{\"@id\":\"https:\\\/\\\/www.meydan.tv\\\/az\\\/article\\\/goycay-sakini-icra-hakimiyyetinden-narazidir-koskumu-baglayib-meni-borca-saldilar\\\/#primaryimage\"},\"thumbnailUrl\":\"https:\\\/\\\/www.meydan.tv\\\/wp-content\\\/uploads\\\/unnamed-5-e1679469332274.jpg\",\"datePublished\":\"2023-03-22T07:15:40+00:00\",\"dateModified\":\"2023-03-22T07:15:43+00:00\",\"breadcrumb\":{\"@id\":\"https:\\\/\\\/www.meydan.tv\\\/az\\\/article\\\/goycay-sakini-icra-hakimiyyetinden-narazidir-koskumu-baglayib-meni-borca-saldilar\\\/#breadcrumb\"},\"inLanguage\":\"az\",\"potentialAction\":[{\"@type\":\"ReadAction\",\"target\":[\"https:\\\/\\\/www.meydan.tv\\\/az\\\/article\\\/goycay-sakini-icra-hakimiyyetinden-narazidir-koskumu-baglayib-meni-borca-saldilar\\\/\"]}]},{\"@type\":\"ImageObject\",\"inLanguage\":\"az\",\"@id\":\"https:\\\/\\\/www.meydan.tv\\\/az\\\/article\\\/goycay-sakini-icra-hakimiyyetinden-narazidir-koskumu-baglayib-meni-borca-saldilar\\\/#primaryimage\",\"url\":\"https:\\\/\\\/www.meydan.tv\\\/wp-content\\\/uploads\\\/unnamed-5-e1679469332274.jpg\",\"contentUrl\":\"https:\\\/\\\/www.meydan.tv\\\/wp-content\\\/uploads\\\/unnamed-5-e1679469332274.jpg\",\"width\":1200,\"height\":531,\"caption\":\"Elnur R\u0259himli. Foto: Meydan TV\"},{\"@type\":\"BreadcrumbList\",\"@id\":\"https:\\\/\\\/www.meydan.tv\\\/az\\\/article\\\/goycay-sakini-icra-hakimiyyetinden-narazidir-koskumu-baglayib-meni-borca-saldilar\\\/#breadcrumb\",\"itemListElement\":[{\"@type\":\"ListItem\",\"position\":1,\"name\":\"Ana s\u0259hif\u0259\",\"item\":\"https:\\\/\\\/www.meydan.tv\\\/az\\\/\"},{\"@type\":\"ListItem\",\"position\":2,\"name\":\"X\u0259b\u0259rl\u0259r\",\"item\":\"https:\\\/\\\/www.meydan.tv\\\/az\\\/section\\\/xeberler\\\/\"},{\"@type\":\"ListItem\",\"position\":3,\"name\":\"G\u00f6y\u00e7ay sakini icra hakimiyy\u0259tind\u0259n naraz\u0131d\u0131r: K\u00f6\u015fk\u00fcm\u00fc ba\u011flay\u0131b, m\u0259ni borca sald\u0131lar\"}]},{\"@type\":\"WebSite\",\"@id\":\"https:\\\/\\\/www.meydan.tv\\\/az\\\/#website\",\"url\":\"https:\\\/\\\/www.meydan.tv\\\/az\\\/\",\"name\":\"MEYDAN.TV\",\"description\":\"Meydan TV Az\u0259rbaycan\u0131n media m\u0259kan\u0131ndak\u0131 alternativ s\u0259sidir\",\"publisher\":{\"@id\":\"https:\\\/\\\/www.meydan.tv\\\/az\\\/#organization\"},\"potentialAction\":[{\"@type\":\"SearchAction\",\"target\":{\"@type\":\"EntryPoint\",\"urlTemplate\":\"https:\\\/\\\/www.meydan.tv\\\/az\\\/?s={search_term_string}\"},\"query-input\":{\"@type\":\"PropertyValueSpecification\",\"valueRequired\":true,\"valueName\":\"search_term_string\"}}],\"inLanguage\":\"az\"},{\"@type\":\"Organization\",\"@id\":\"https:\\\/\\\/www.meydan.tv\\\/az\\\/#organization\",\"name\":\"Meydan TV\",\"url\":\"https:\\\/\\\/www.meydan.tv\\\/az\\\/\",\"logo\":{\"@type\":\"ImageObject\",\"inLanguage\":\"az\",\"@id\":\"https:\\\/\\\/www.meydan.tv\\\/az\\\/#\\\/schema\\\/logo\\\/image\\\/\",\"url\":\"https:\\\/\\\/www.meydan.tv\\\/wp-content\\\/uploads\\\/2021\\\/07\\\/meydan-logo.svg\",\"contentUrl\":\"https:\\\/\\\/www.meydan.tv\\\/wp-content\\\/uploads\\\/2021\\\/07\\\/meydan-logo.svg\",\"width\":195,\"height\":46,\"caption\":\"Meydan TV\"},\"image\":{\"@id\":\"https:\\\/\\\/www.meydan.tv\\\/az\\\/#\\\/schema\\\/logo\\\/image\\\/\"}},{\"@type\":\"Person\",\"@id\":\"https:\\\/\\\/www.meydan.tv\\\/az\\\/#\\\/schema\\\/person\\\/9cdbecf90d17180ce1dfbd95b08dcf47\",\"name\":\"elli\",\"sameAs\":[\"https:\\\/\\\/x.com\\\/elli\"]}]}<\/script>\n<!-- \/ Yoast SEO plugin. -->","yoast_head_json":{"title":"G\u00f6y\u00e7ay sakini icra hakimiyy\u0259tind\u0259n naraz\u0131d\u0131r: K\u00f6\u015fk\u00fcm\u00fc ba\u011flay\u0131b, m\u0259ni borca sald\u0131lar - MEYDAN.TV","robots":{"index":"index","follow":"follow","max-snippet":"max-snippet:-1","max-image-preview":"max-image-preview:large","max-video-preview":"max-video-preview:-1"},"canonical":"https:\/\/www.meydan.tv\/az\/article\/goycay-sakini-icra-hakimiyyetinden-narazidir-koskumu-baglayib-meni-borca-saldilar\/","og_locale":"az_AZ","og_type":"article","og_title":"G\u00f6y\u00e7ay sakini icra hakimiyy\u0259tind\u0259n naraz\u0131d\u0131r: K\u00f6\u015fk\u00fcm\u00fc ba\u011flay\u0131b, m\u0259ni borca sald\u0131lar - MEYDAN.TV","og_description":"\u201cDedil\u0259r ki, k\u00f6\u015fk\u00fc dayanacaqla birg\u0259 ba\u015fqa \u0259raziy\u0259 k\u00f6\u00e7\u00fcr\u201d G\u00f6y\u00e7ay \u015f\u0259h\u0259r ... Davam\u0131","og_url":"https:\/\/www.meydan.tv\/az\/article\/goycay-sakini-icra-hakimiyyetinden-narazidir-koskumu-baglayib-meni-borca-saldilar\/","og_site_name":"MEYDAN.TV","article_published_time":"2023-03-22T07:15:40+00:00","article_modified_time":"2023-03-22T07:15:43+00:00","og_image":[{"width":1200,"height":531,"url":"https:\/\/www.meydan.tv\/wp-content\/uploads\/unnamed-5-e1679469332274.jpg","type":"image\/jpeg"}],"author":"elli","twitter_card":"summary_large_image","twitter_creator":"@elli","schema":{"@context":"https:\/\/schema.org","@graph":[{"@type":"Article","@id":"https:\/\/www.meydan.tv\/az\/article\/goycay-sakini-icra-hakimiyyetinden-narazidir-koskumu-baglayib-meni-borca-saldilar\/#article","isPartOf":{"@id":"https:\/\/www.meydan.tv\/az\/article\/goycay-sakini-icra-hakimiyyetinden-narazidir-koskumu-baglayib-meni-borca-saldilar\/"},"author":{"name":"elli","@id":"https:\/\/www.meydan.tv\/az\/#\/schema\/person\/9cdbecf90d17180ce1dfbd95b08dcf47"},"headline":"G\u00f6y\u00e7ay sakini icra hakimiyy\u0259tind\u0259n naraz\u0131d\u0131r: K\u00f6\u015fk\u00fcm\u00fc ba\u011flay\u0131b, m\u0259ni borca sald\u0131lar","datePublished":"2023-03-22T07:15:40+00:00","dateModified":"2023-03-22T07:15:43+00:00","mainEntityOfPage":{"@id":"https:\/\/www.meydan.tv\/az\/article\/goycay-sakini-icra-hakimiyyetinden-narazidir-koskumu-baglayib-meni-borca-saldilar\/"},"wordCount":585,"publisher":{"@id":"https:\/\/www.meydan.tv\/az\/#organization"},"image":{"@id":"https:\/\/www.meydan.tv\/az\/article\/goycay-sakini-icra-hakimiyyetinden-narazidir-koskumu-baglayib-meni-borca-saldilar\/#primaryimage"},"thumbnailUrl":"https:\/\/www.meydan.tv\/wp-content\/uploads\/unnamed-5-e1679469332274.jpg","articleSection":["B\u00f6lg\u0259","T\u00f6vsiy\u0259","X\u0259b\u0259rl\u0259r"],"inLanguage":"az"},{"@type":"WebPage","@id":"https:\/\/www.meydan.tv\/az\/article\/goycay-sakini-icra-hakimiyyetinden-narazidir-koskumu-baglayib-meni-borca-saldilar\/","url":"https:\/\/www.meydan.tv\/az\/article\/goycay-sakini-icra-hakimiyyetinden-narazidir-koskumu-baglayib-meni-borca-saldilar\/","name":"G\u00f6y\u00e7ay sakini icra hakimiyy\u0259tind\u0259n naraz\u0131d\u0131r: K\u00f6\u015fk\u00fcm\u00fc ba\u011flay\u0131b, m\u0259ni borca sald\u0131lar - MEYDAN.TV","isPartOf":{"@id":"https:\/\/www.meydan.tv\/az\/#website"},"primaryImageOfPage":{"@id":"https:\/\/www.meydan.tv\/az\/article\/goycay-sakini-icra-hakimiyyetinden-narazidir-koskumu-baglayib-meni-borca-saldilar\/#primaryimage"},"image":{"@id":"https:\/\/www.meydan.tv\/az\/article\/goycay-sakini-icra-hakimiyyetinden-narazidir-koskumu-baglayib-meni-borca-saldilar\/#primaryimage"},"thumbnailUrl":"https:\/\/www.meydan.tv\/wp-content\/uploads\/unnamed-5-e1679469332274.jpg","datePublished":"2023-03-22T07:15:40+00:00","dateModified":"2023-03-22T07:15:43+00:00","breadcrumb":{"@id":"https:\/\/www.meydan.tv\/az\/article\/goycay-sakini-icra-hakimiyyetinden-narazidir-koskumu-baglayib-meni-borca-saldilar\/#breadcrumb"},"inLanguage":"az","potentialAction":[{"@type":"ReadAction","target":["https:\/\/www.meydan.tv\/az\/article\/goycay-sakini-icra-hakimiyyetinden-narazidir-koskumu-baglayib-meni-borca-saldilar\/"]}]},{"@type":"ImageObject","inLanguage":"az","@id":"https:\/\/www.meydan.tv\/az\/article\/goycay-sakini-icra-hakimiyyetinden-narazidir-koskumu-baglayib-meni-borca-saldilar\/#primaryimage","url":"https:\/\/www.meydan.tv\/wp-content\/uploads\/unnamed-5-e1679469332274.jpg","contentUrl":"https:\/\/www.meydan.tv\/wp-content\/uploads\/unnamed-5-e1679469332274.jpg","width":1200,"height":531,"caption":"Elnur R\u0259himli. Foto: Meydan TV"},{"@type":"BreadcrumbList","@id":"https:\/\/www.meydan.tv\/az\/article\/goycay-sakini-icra-hakimiyyetinden-narazidir-koskumu-baglayib-meni-borca-saldilar\/#breadcrumb","itemListElement":[{"@type":"ListItem","position":1,"name":"Ana s\u0259hif\u0259","item":"https:\/\/www.meydan.tv\/az\/"},{"@type":"ListItem","position":2,"name":"X\u0259b\u0259rl\u0259r","item":"https:\/\/www.meydan.tv\/az\/section\/xeberler\/"},{"@type":"ListItem","position":3,"name":"G\u00f6y\u00e7ay sakini icra hakimiyy\u0259tind\u0259n naraz\u0131d\u0131r: K\u00f6\u015fk\u00fcm\u00fc ba\u011flay\u0131b, m\u0259ni borca sald\u0131lar"}]},{"@type":"WebSite","@id":"https:\/\/www.meydan.tv\/az\/#website","url":"https:\/\/www.meydan.tv\/az\/","name":"MEYDAN.TV","description":"Meydan TV Az\u0259rbaycan\u0131n media m\u0259kan\u0131ndak\u0131 alternativ s\u0259sidir","publisher":{"@id":"https:\/\/www.meydan.tv\/az\/#organization"},"potentialAction":[{"@type":"SearchAction","target":{"@type":"EntryPoint","urlTemplate":"https:\/\/www.meydan.tv\/az\/?s={search_term_string}"},"query-input":{"@type":"PropertyValueSpecification","valueRequired":true,"valueName":"search_term_string"}}],"inLanguage":"az"},{"@type":"Organization","@id":"https:\/\/www.meydan.tv\/az\/#organization","name":"Meydan TV","url":"https:\/\/www.meydan.tv\/az\/","logo":{"@type":"ImageObject","inLanguage":"az","@id":"https:\/\/www.meydan.tv\/az\/#\/schema\/logo\/image\/","url":"https:\/\/www.meydan.tv\/wp-content\/uploads\/2021\/07\/meydan-logo.svg","contentUrl":"https:\/\/www.meydan.tv\/wp-content\/uploads\/2021\/07\/meydan-logo.svg","width":195,"height":46,"caption":"Meydan TV"},"image":{"@id":"https:\/\/www.meydan.tv\/az\/#\/schema\/logo\/image\/"}},{"@type":"Person","@id":"https:\/\/www.meydan.tv\/az\/#\/schema\/person\/9cdbecf90d17180ce1dfbd95b08dcf47","name":"elli","sameAs":["https:\/\/x.com\/elli"]}]}},"_links":{"self":[{"href":"https:\/\/www.meydan.tv\/az\/wp-json\/wp\/v2\/posts\/271127","targetHints":{"allow":["GET"]}}],"collection":[{"href":"https:\/\/www.meydan.tv\/az\/wp-json\/wp\/v2\/posts"}],"about":[{"href":"https:\/\/www.meydan.tv\/az\/wp-json\/wp\/v2\/types\/post"}],"author":[{"embeddable":true,"href":"https:\/\/www.meydan.tv\/az\/wp-json\/wp\/v2\/users\/8"}],"replies":[{"embeddable":true,"href":"https:\/\/www.meydan.tv\/az\/wp-json\/wp\/v2\/comments?post=271127"}],"version-history":[{"count":1,"href":"https:\/\/www.meydan.tv\/az\/wp-json\/wp\/v2\/posts\/271127\/revisions"}],"predecessor-version":[{"id":271128,"href":"https:\/\/www.meydan.tv\/az\/wp-json\/wp\/v2\/posts\/271127\/revisions\/271128"}],"wp:featuredmedia":[{"embeddable":true,"href":"https:\/\/www.meydan.tv\/az\/wp-json\/wp\/v2\/media\/271124"}],"wp:attachment":[{"href":"https:\/\/www.meydan.tv\/az\/wp-json\/wp\/v2\/media?parent=271127"}],"wp:term":[{"taxonomy":"category","embeddable":true,"href":"https:\/\/www.meydan.tv\/az\/wp-json\/wp\/v2\/categories?post=271127"},{"taxonomy":"post_tag","embeddable":true,"href":"https:\/\/www.meydan.tv\/az\/wp-json\/wp\/v2\/tags?post=271127"}],"curies":[{"name":"wp","href":"https:\/\/api.w.org\/{rel}","templated":true}]}}