{"id":271064,"date":"2023-03-20T08:58:30","date_gmt":"2023-03-20T04:58:30","guid":{"rendered":"https:\/\/www.meydan.tv\/?p=271064"},"modified":"2023-03-20T08:58:32","modified_gmt":"2023-03-20T04:58:32","slug":"hindistanda-kecirilen-festivalda-azerbaycandan-3-film-numayis-olunub","status":"publish","type":"post","link":"https:\/\/www.meydan.tv\/az\/article\/hindistanda-kecirilen-festivalda-azerbaycandan-3-film-numayis-olunub\/","title":{"rendered":"Hindistanda ke\u00e7iril\u0259n festivalda Az\u0259rbaycandan 3 film n\u00fcmayi\u015f olunub"},"content":{"rendered":"\n<p><\/p>\n\n\n\n<p><em><strong>Festival d\u00fcnyan\u0131n h\u0259r yerind\u0259n Asiya \u0259silli qad\u0131n rejissorlar\u0131 bir araya g\u0259tirir<\/strong><\/em><\/p>\n\n\n\n<p>Hindistanda ke\u00e7iril\u0259n 18-ci IAWRT Asiya Qad\u0131n Filml\u0259ri Festival\u0131 yekunla\u015f\u0131b. Yeni Dehli \u015f\u0259h\u0259rind\u0259 ba\u015f tutan festivalda m\u00fcxt\u0259lif janrlarda 60-d\u0259k film n\u00fcmayi\u015f etdirilib. Almaniya, \u0130ndoneziya, Pakistan, \u0130ran, T\u00fcrkiy\u0259, Flippin, C\u0259nubi Koreya v\u0259 dig\u0259r \u00f6lk\u0259l\u0259rl\u0259 yana\u015f\u0131 Az\u0259rbaycandan da 3 s\u0259n\u0259dli film festivalda yer al\u0131b. Bunlar \u201c\u00c7inar\u0131n k\u00f6lg\u0259sind\u0259\u201d (Aynur Elg\u00fcn\u0259\u015f), &#8220;Leylaxan\u0131m sanatoriyas\u0131n\u0131n melodiyalar\u0131\u201d (Leyla Q\u0259nb\u0259rli) v\u0259 \u201c15 ya\u015f\u0131n\u0131 qeyd edir\u201d (Atanur N\u0259biyeva) filml\u0259ridir. H\u0259r \u00fc\u00e7 s\u0259n\u0259dli filmin prod\u00fcseri Durna S\u0259f\u0259rovad\u0131r.<\/p>\n\n\n<div class=\"wp-block-image\">\n<figure class=\"aligncenter size-full is-resized\"><img decoding=\"async\" data-src=\"https:\/\/www.meydan.tv\/wp-content\/uploads\/img_7682_720.jpg\" alt=\"\" class=\"wp-image-271061 lazyload\" width=\"800\" height=\"1266\" src=\"data:image\/svg+xml;base64,PHN2ZyB3aWR0aD0iMSIgaGVpZ2h0PSIxIiB4bWxucz0iaHR0cDovL3d3dy53My5vcmcvMjAwMC9zdmciPjwvc3ZnPg==\" style=\"--smush-placeholder-width: 800px; --smush-placeholder-aspect-ratio: 800\/1266;\" \/><figcaption class=\"wp-element-caption\">Foto: \u201cIAWRT Chapter India\u201d<\/figcaption><\/figure>\n<\/div>\n\n\n<p>\u201cIAWRT Chapter India\u201d 2005-ci ild\u0259 ilk \u0130dar\u0259edici Q\u0259yyum Jai Chandiram\u0131n r\u0259hb\u0259rliyi alt\u0131nda f\u0259aliyy\u0259t\u0259 ba\u015flay\u0131b. \u201cIAWRT Chapter India\u201dn\u0131n vizyonu, d\u0259yi\u015f\u0259n media m\u0259nz\u0259r\u0259sin\u0259 k\u0259skin diqq\u0259t yetirm\u0259kl\u0259 yana\u015f\u0131, qad\u0131n media praktikl\u0259rinin \u00fczl\u0259\u015fdiyi probleml\u0259r\u0259 dair perspektivl\u0259rin qurulmas\u0131na imkan verm\u0259k v\u0259 qad\u0131n media praktikantlar\u0131 \u00fc\u00e7\u00fcn q\u0259r\u0259z, ayr\u0131-se\u00e7kilik v\u0259 sui-istifad\u0259d\u0259n azad m\u0259kanlar yaratmaq istiqam\u0259tind\u0259 i\u015fl\u0259m\u0259kdir. IAWRT Asiya Qad\u0131n Filml\u0259ri Festival\u0131 (AWFF) Beyn\u0259lxalq Qad\u0131nlar G\u00fcn\u00fc \u0259r\u0259f\u0259sind\u0259 Dehlid\u0259 \u00fcmumi platformada d\u00fcnyan\u0131n h\u0259r yerind\u0259n Asiya \u0259silli qad\u0131n rejissorlar\u0131 bir araya g\u0259tirir. Festival n\u00fcmayi\u015fl\u0259rinin \u0259sas proqram\u0131na paralel t\u0259dbirl\u0259r kimi seminarlar, ustad d\u0259rsl\u0259ri v\u0259 s\u0259rgil\u0259r kimi silsil\u0259 t\u0259dbirl\u0259r t\u0259\u015fkil olunur.<\/p>\n","protected":false},"excerpt":{"rendered":"<p>Festival d\u00fcnyan\u0131n h\u0259r yerind\u0259n Asiya \u0259silli qad\u0131n rejissorlar\u0131 bir araya &#8230; <\/p>\n<p class=\"read-more-container\"><a title=\"Hindistanda ke\u00e7iril\u0259n festivalda Az\u0259rbaycandan 3 film n\u00fcmayi\u015f olunub\" class=\"read-more button\" href=\"https:\/\/www.meydan.tv\/az\/article\/hindistanda-kecirilen-festivalda-azerbaycandan-3-film-numayis-olunub\/#more-271064\" aria-label=\"Read more about Hindistanda ke\u00e7iril\u0259n festivalda Az\u0259rbaycandan 3 film n\u00fcmayi\u015f olunub\">Davam\u0131<\/a><\/p>\n","protected":false},"author":8,"featured_media":242701,"comment_status":"closed","ping_status":"closed","sticky":false,"template":"","format":"standard","meta":{"_acf_changed":false,"_sitemap_exclude":false,"_sitemap_priority":"","_sitemap_frequency":"","footnotes":""},"categories":[52,56],"tags":[],"class_list":["post-271064","post","type-post","status-publish","format-standard","has-post-thumbnail","hentry","category-medeniyyet","category-xeberler","infinite-scroll-item","generate-columns","tablet-grid-50","mobile-grid-100","grid-parent","grid-33","no-featured-image-padding"],"acf":[],"yoast_head":"<!-- This site is optimized with the Yoast SEO plugin v27.4 - https:\/\/yoast.com\/product\/yoast-seo-wordpress\/ -->\n<title>Hindistanda ke\u00e7iril\u0259n festivalda Az\u0259rbaycandan 3 film n\u00fcmayi\u015f olunub - MEYDAN.TV<\/title>\n<meta name=\"robots\" content=\"index, follow, max-snippet:-1, max-image-preview:large, max-video-preview:-1\" \/>\n<link rel=\"canonical\" href=\"https:\/\/www.meydan.tv\/az\/article\/hindistanda-kecirilen-festivalda-azerbaycandan-3-film-numayis-olunub\/\" \/>\n<meta property=\"og:locale\" content=\"az_AZ\" \/>\n<meta property=\"og:type\" content=\"article\" \/>\n<meta property=\"og:title\" content=\"Hindistanda ke\u00e7iril\u0259n festivalda Az\u0259rbaycandan 3 film n\u00fcmayi\u015f olunub - MEYDAN.TV\" \/>\n<meta property=\"og:description\" content=\"Festival d\u00fcnyan\u0131n h\u0259r yerind\u0259n Asiya \u0259silli qad\u0131n rejissorlar\u0131 bir araya ... Davam\u0131\" \/>\n<meta property=\"og:url\" content=\"https:\/\/www.meydan.tv\/az\/article\/hindistanda-kecirilen-festivalda-azerbaycandan-3-film-numayis-olunub\/\" \/>\n<meta property=\"og:site_name\" content=\"MEYDAN.TV\" \/>\n<meta property=\"article:published_time\" content=\"2023-03-20T04:58:30+00:00\" \/>\n<meta property=\"article:modified_time\" content=\"2023-03-20T04:58:32+00:00\" \/>\n<meta property=\"og:image\" content=\"https:\/\/www.meydan.tv\/wp-content\/uploads\/shutterstock_1914661585.jpg\" \/>\n\t<meta property=\"og:image:width\" content=\"1200\" \/>\n\t<meta property=\"og:image:height\" content=\"794\" \/>\n\t<meta property=\"og:image:type\" content=\"image\/jpeg\" \/>\n<meta name=\"author\" content=\"elli\" \/>\n<meta name=\"twitter:card\" content=\"summary_large_image\" \/>\n<meta name=\"twitter:creator\" content=\"@elli\" \/>\n<script type=\"application\/ld+json\" class=\"yoast-schema-graph\">{\"@context\":\"https:\\\/\\\/schema.org\",\"@graph\":[{\"@type\":\"Article\",\"@id\":\"https:\\\/\\\/www.meydan.tv\\\/az\\\/article\\\/hindistanda-kecirilen-festivalda-azerbaycandan-3-film-numayis-olunub\\\/#article\",\"isPartOf\":{\"@id\":\"https:\\\/\\\/www.meydan.tv\\\/az\\\/article\\\/hindistanda-kecirilen-festivalda-azerbaycandan-3-film-numayis-olunub\\\/\"},\"author\":{\"name\":\"elli\",\"@id\":\"https:\\\/\\\/www.meydan.tv\\\/az\\\/#\\\/schema\\\/person\\\/9cdbecf90d17180ce1dfbd95b08dcf47\"},\"headline\":\"Hindistanda ke\u00e7iril\u0259n festivalda Az\u0259rbaycandan 3 film n\u00fcmayi\u015f olunub\",\"datePublished\":\"2023-03-20T04:58:30+00:00\",\"dateModified\":\"2023-03-20T04:58:32+00:00\",\"mainEntityOfPage\":{\"@id\":\"https:\\\/\\\/www.meydan.tv\\\/az\\\/article\\\/hindistanda-kecirilen-festivalda-azerbaycandan-3-film-numayis-olunub\\\/\"},\"wordCount\":287,\"publisher\":{\"@id\":\"https:\\\/\\\/www.meydan.tv\\\/az\\\/#organization\"},\"image\":{\"@id\":\"https:\\\/\\\/www.meydan.tv\\\/az\\\/article\\\/hindistanda-kecirilen-festivalda-azerbaycandan-3-film-numayis-olunub\\\/#primaryimage\"},\"thumbnailUrl\":\"https:\\\/\\\/www.meydan.tv\\\/wp-content\\\/uploads\\\/shutterstock_1914661585.jpg\",\"articleSection\":[\"M\u0259d\u0259niyy\u0259t\",\"X\u0259b\u0259rl\u0259r\"],\"inLanguage\":\"az\"},{\"@type\":\"WebPage\",\"@id\":\"https:\\\/\\\/www.meydan.tv\\\/az\\\/article\\\/hindistanda-kecirilen-festivalda-azerbaycandan-3-film-numayis-olunub\\\/\",\"url\":\"https:\\\/\\\/www.meydan.tv\\\/az\\\/article\\\/hindistanda-kecirilen-festivalda-azerbaycandan-3-film-numayis-olunub\\\/\",\"name\":\"Hindistanda ke\u00e7iril\u0259n festivalda Az\u0259rbaycandan 3 film n\u00fcmayi\u015f olunub - MEYDAN.TV\",\"isPartOf\":{\"@id\":\"https:\\\/\\\/www.meydan.tv\\\/az\\\/#website\"},\"primaryImageOfPage\":{\"@id\":\"https:\\\/\\\/www.meydan.tv\\\/az\\\/article\\\/hindistanda-kecirilen-festivalda-azerbaycandan-3-film-numayis-olunub\\\/#primaryimage\"},\"image\":{\"@id\":\"https:\\\/\\\/www.meydan.tv\\\/az\\\/article\\\/hindistanda-kecirilen-festivalda-azerbaycandan-3-film-numayis-olunub\\\/#primaryimage\"},\"thumbnailUrl\":\"https:\\\/\\\/www.meydan.tv\\\/wp-content\\\/uploads\\\/shutterstock_1914661585.jpg\",\"datePublished\":\"2023-03-20T04:58:30+00:00\",\"dateModified\":\"2023-03-20T04:58:32+00:00\",\"breadcrumb\":{\"@id\":\"https:\\\/\\\/www.meydan.tv\\\/az\\\/article\\\/hindistanda-kecirilen-festivalda-azerbaycandan-3-film-numayis-olunub\\\/#breadcrumb\"},\"inLanguage\":\"az\",\"potentialAction\":[{\"@type\":\"ReadAction\",\"target\":[\"https:\\\/\\\/www.meydan.tv\\\/az\\\/article\\\/hindistanda-kecirilen-festivalda-azerbaycandan-3-film-numayis-olunub\\\/\"]}]},{\"@type\":\"ImageObject\",\"inLanguage\":\"az\",\"@id\":\"https:\\\/\\\/www.meydan.tv\\\/az\\\/article\\\/hindistanda-kecirilen-festivalda-azerbaycandan-3-film-numayis-olunub\\\/#primaryimage\",\"url\":\"https:\\\/\\\/www.meydan.tv\\\/wp-content\\\/uploads\\\/shutterstock_1914661585.jpg\",\"contentUrl\":\"https:\\\/\\\/www.meydan.tv\\\/wp-content\\\/uploads\\\/shutterstock_1914661585.jpg\",\"width\":1200,\"height\":794,\"caption\":\"Az\u0259rbaycan kinosu. Foto: natatravel\\\/shutterstock\"},{\"@type\":\"BreadcrumbList\",\"@id\":\"https:\\\/\\\/www.meydan.tv\\\/az\\\/article\\\/hindistanda-kecirilen-festivalda-azerbaycandan-3-film-numayis-olunub\\\/#breadcrumb\",\"itemListElement\":[{\"@type\":\"ListItem\",\"position\":1,\"name\":\"Ana s\u0259hif\u0259\",\"item\":\"https:\\\/\\\/www.meydan.tv\\\/az\\\/\"},{\"@type\":\"ListItem\",\"position\":2,\"name\":\"M\u0259d\u0259niyy\u0259t\",\"item\":\"https:\\\/\\\/www.meydan.tv\\\/az\\\/section\\\/medeniyyet\\\/\"},{\"@type\":\"ListItem\",\"position\":3,\"name\":\"Hindistanda ke\u00e7iril\u0259n festivalda Az\u0259rbaycandan 3 film n\u00fcmayi\u015f olunub\"}]},{\"@type\":\"WebSite\",\"@id\":\"https:\\\/\\\/www.meydan.tv\\\/az\\\/#website\",\"url\":\"https:\\\/\\\/www.meydan.tv\\\/az\\\/\",\"name\":\"MEYDAN.TV\",\"description\":\"Meydan TV Az\u0259rbaycan\u0131n media m\u0259kan\u0131ndak\u0131 alternativ s\u0259sidir\",\"publisher\":{\"@id\":\"https:\\\/\\\/www.meydan.tv\\\/az\\\/#organization\"},\"potentialAction\":[{\"@type\":\"SearchAction\",\"target\":{\"@type\":\"EntryPoint\",\"urlTemplate\":\"https:\\\/\\\/www.meydan.tv\\\/az\\\/?s={search_term_string}\"},\"query-input\":{\"@type\":\"PropertyValueSpecification\",\"valueRequired\":true,\"valueName\":\"search_term_string\"}}],\"inLanguage\":\"az\"},{\"@type\":\"Organization\",\"@id\":\"https:\\\/\\\/www.meydan.tv\\\/az\\\/#organization\",\"name\":\"Meydan TV\",\"url\":\"https:\\\/\\\/www.meydan.tv\\\/az\\\/\",\"logo\":{\"@type\":\"ImageObject\",\"inLanguage\":\"az\",\"@id\":\"https:\\\/\\\/www.meydan.tv\\\/az\\\/#\\\/schema\\\/logo\\\/image\\\/\",\"url\":\"https:\\\/\\\/www.meydan.tv\\\/wp-content\\\/uploads\\\/2021\\\/07\\\/meydan-logo.svg\",\"contentUrl\":\"https:\\\/\\\/www.meydan.tv\\\/wp-content\\\/uploads\\\/2021\\\/07\\\/meydan-logo.svg\",\"width\":195,\"height\":46,\"caption\":\"Meydan TV\"},\"image\":{\"@id\":\"https:\\\/\\\/www.meydan.tv\\\/az\\\/#\\\/schema\\\/logo\\\/image\\\/\"}},{\"@type\":\"Person\",\"@id\":\"https:\\\/\\\/www.meydan.tv\\\/az\\\/#\\\/schema\\\/person\\\/9cdbecf90d17180ce1dfbd95b08dcf47\",\"name\":\"elli\",\"sameAs\":[\"https:\\\/\\\/x.com\\\/elli\"]}]}<\/script>\n<!-- \/ Yoast SEO plugin. -->","yoast_head_json":{"title":"Hindistanda ke\u00e7iril\u0259n festivalda Az\u0259rbaycandan 3 film n\u00fcmayi\u015f olunub - MEYDAN.TV","robots":{"index":"index","follow":"follow","max-snippet":"max-snippet:-1","max-image-preview":"max-image-preview:large","max-video-preview":"max-video-preview:-1"},"canonical":"https:\/\/www.meydan.tv\/az\/article\/hindistanda-kecirilen-festivalda-azerbaycandan-3-film-numayis-olunub\/","og_locale":"az_AZ","og_type":"article","og_title":"Hindistanda ke\u00e7iril\u0259n festivalda Az\u0259rbaycandan 3 film n\u00fcmayi\u015f olunub - MEYDAN.TV","og_description":"Festival d\u00fcnyan\u0131n h\u0259r yerind\u0259n Asiya \u0259silli qad\u0131n rejissorlar\u0131 bir araya ... Davam\u0131","og_url":"https:\/\/www.meydan.tv\/az\/article\/hindistanda-kecirilen-festivalda-azerbaycandan-3-film-numayis-olunub\/","og_site_name":"MEYDAN.TV","article_published_time":"2023-03-20T04:58:30+00:00","article_modified_time":"2023-03-20T04:58:32+00:00","og_image":[{"width":1200,"height":794,"url":"https:\/\/www.meydan.tv\/wp-content\/uploads\/shutterstock_1914661585.jpg","type":"image\/jpeg"}],"author":"elli","twitter_card":"summary_large_image","twitter_creator":"@elli","schema":{"@context":"https:\/\/schema.org","@graph":[{"@type":"Article","@id":"https:\/\/www.meydan.tv\/az\/article\/hindistanda-kecirilen-festivalda-azerbaycandan-3-film-numayis-olunub\/#article","isPartOf":{"@id":"https:\/\/www.meydan.tv\/az\/article\/hindistanda-kecirilen-festivalda-azerbaycandan-3-film-numayis-olunub\/"},"author":{"name":"elli","@id":"https:\/\/www.meydan.tv\/az\/#\/schema\/person\/9cdbecf90d17180ce1dfbd95b08dcf47"},"headline":"Hindistanda ke\u00e7iril\u0259n festivalda Az\u0259rbaycandan 3 film n\u00fcmayi\u015f olunub","datePublished":"2023-03-20T04:58:30+00:00","dateModified":"2023-03-20T04:58:32+00:00","mainEntityOfPage":{"@id":"https:\/\/www.meydan.tv\/az\/article\/hindistanda-kecirilen-festivalda-azerbaycandan-3-film-numayis-olunub\/"},"wordCount":287,"publisher":{"@id":"https:\/\/www.meydan.tv\/az\/#organization"},"image":{"@id":"https:\/\/www.meydan.tv\/az\/article\/hindistanda-kecirilen-festivalda-azerbaycandan-3-film-numayis-olunub\/#primaryimage"},"thumbnailUrl":"https:\/\/www.meydan.tv\/wp-content\/uploads\/shutterstock_1914661585.jpg","articleSection":["M\u0259d\u0259niyy\u0259t","X\u0259b\u0259rl\u0259r"],"inLanguage":"az"},{"@type":"WebPage","@id":"https:\/\/www.meydan.tv\/az\/article\/hindistanda-kecirilen-festivalda-azerbaycandan-3-film-numayis-olunub\/","url":"https:\/\/www.meydan.tv\/az\/article\/hindistanda-kecirilen-festivalda-azerbaycandan-3-film-numayis-olunub\/","name":"Hindistanda ke\u00e7iril\u0259n festivalda Az\u0259rbaycandan 3 film n\u00fcmayi\u015f olunub - MEYDAN.TV","isPartOf":{"@id":"https:\/\/www.meydan.tv\/az\/#website"},"primaryImageOfPage":{"@id":"https:\/\/www.meydan.tv\/az\/article\/hindistanda-kecirilen-festivalda-azerbaycandan-3-film-numayis-olunub\/#primaryimage"},"image":{"@id":"https:\/\/www.meydan.tv\/az\/article\/hindistanda-kecirilen-festivalda-azerbaycandan-3-film-numayis-olunub\/#primaryimage"},"thumbnailUrl":"https:\/\/www.meydan.tv\/wp-content\/uploads\/shutterstock_1914661585.jpg","datePublished":"2023-03-20T04:58:30+00:00","dateModified":"2023-03-20T04:58:32+00:00","breadcrumb":{"@id":"https:\/\/www.meydan.tv\/az\/article\/hindistanda-kecirilen-festivalda-azerbaycandan-3-film-numayis-olunub\/#breadcrumb"},"inLanguage":"az","potentialAction":[{"@type":"ReadAction","target":["https:\/\/www.meydan.tv\/az\/article\/hindistanda-kecirilen-festivalda-azerbaycandan-3-film-numayis-olunub\/"]}]},{"@type":"ImageObject","inLanguage":"az","@id":"https:\/\/www.meydan.tv\/az\/article\/hindistanda-kecirilen-festivalda-azerbaycandan-3-film-numayis-olunub\/#primaryimage","url":"https:\/\/www.meydan.tv\/wp-content\/uploads\/shutterstock_1914661585.jpg","contentUrl":"https:\/\/www.meydan.tv\/wp-content\/uploads\/shutterstock_1914661585.jpg","width":1200,"height":794,"caption":"Az\u0259rbaycan kinosu. Foto: natatravel\/shutterstock"},{"@type":"BreadcrumbList","@id":"https:\/\/www.meydan.tv\/az\/article\/hindistanda-kecirilen-festivalda-azerbaycandan-3-film-numayis-olunub\/#breadcrumb","itemListElement":[{"@type":"ListItem","position":1,"name":"Ana s\u0259hif\u0259","item":"https:\/\/www.meydan.tv\/az\/"},{"@type":"ListItem","position":2,"name":"M\u0259d\u0259niyy\u0259t","item":"https:\/\/www.meydan.tv\/az\/section\/medeniyyet\/"},{"@type":"ListItem","position":3,"name":"Hindistanda ke\u00e7iril\u0259n festivalda Az\u0259rbaycandan 3 film n\u00fcmayi\u015f olunub"}]},{"@type":"WebSite","@id":"https:\/\/www.meydan.tv\/az\/#website","url":"https:\/\/www.meydan.tv\/az\/","name":"MEYDAN.TV","description":"Meydan TV Az\u0259rbaycan\u0131n media m\u0259kan\u0131ndak\u0131 alternativ s\u0259sidir","publisher":{"@id":"https:\/\/www.meydan.tv\/az\/#organization"},"potentialAction":[{"@type":"SearchAction","target":{"@type":"EntryPoint","urlTemplate":"https:\/\/www.meydan.tv\/az\/?s={search_term_string}"},"query-input":{"@type":"PropertyValueSpecification","valueRequired":true,"valueName":"search_term_string"}}],"inLanguage":"az"},{"@type":"Organization","@id":"https:\/\/www.meydan.tv\/az\/#organization","name":"Meydan TV","url":"https:\/\/www.meydan.tv\/az\/","logo":{"@type":"ImageObject","inLanguage":"az","@id":"https:\/\/www.meydan.tv\/az\/#\/schema\/logo\/image\/","url":"https:\/\/www.meydan.tv\/wp-content\/uploads\/2021\/07\/meydan-logo.svg","contentUrl":"https:\/\/www.meydan.tv\/wp-content\/uploads\/2021\/07\/meydan-logo.svg","width":195,"height":46,"caption":"Meydan TV"},"image":{"@id":"https:\/\/www.meydan.tv\/az\/#\/schema\/logo\/image\/"}},{"@type":"Person","@id":"https:\/\/www.meydan.tv\/az\/#\/schema\/person\/9cdbecf90d17180ce1dfbd95b08dcf47","name":"elli","sameAs":["https:\/\/x.com\/elli"]}]}},"_links":{"self":[{"href":"https:\/\/www.meydan.tv\/az\/wp-json\/wp\/v2\/posts\/271064","targetHints":{"allow":["GET"]}}],"collection":[{"href":"https:\/\/www.meydan.tv\/az\/wp-json\/wp\/v2\/posts"}],"about":[{"href":"https:\/\/www.meydan.tv\/az\/wp-json\/wp\/v2\/types\/post"}],"author":[{"embeddable":true,"href":"https:\/\/www.meydan.tv\/az\/wp-json\/wp\/v2\/users\/8"}],"replies":[{"embeddable":true,"href":"https:\/\/www.meydan.tv\/az\/wp-json\/wp\/v2\/comments?post=271064"}],"version-history":[{"count":1,"href":"https:\/\/www.meydan.tv\/az\/wp-json\/wp\/v2\/posts\/271064\/revisions"}],"predecessor-version":[{"id":271065,"href":"https:\/\/www.meydan.tv\/az\/wp-json\/wp\/v2\/posts\/271064\/revisions\/271065"}],"wp:featuredmedia":[{"embeddable":true,"href":"https:\/\/www.meydan.tv\/az\/wp-json\/wp\/v2\/media\/242701"}],"wp:attachment":[{"href":"https:\/\/www.meydan.tv\/az\/wp-json\/wp\/v2\/media?parent=271064"}],"wp:term":[{"taxonomy":"category","embeddable":true,"href":"https:\/\/www.meydan.tv\/az\/wp-json\/wp\/v2\/categories?post=271064"},{"taxonomy":"post_tag","embeddable":true,"href":"https:\/\/www.meydan.tv\/az\/wp-json\/wp\/v2\/tags?post=271064"}],"curies":[{"name":"wp","href":"https:\/\/api.w.org\/{rel}","templated":true}]}}