{"id":271053,"date":"2023-03-19T17:40:52","date_gmt":"2023-03-19T13:40:52","guid":{"rendered":"https:\/\/www.meydan.tv\/?p=271053"},"modified":"2023-03-19T17:41:08","modified_gmt":"2023-03-19T13:41:08","slug":"goycayin-qiymetlerin-od-tutub-yanan-bazari-ne-alan-razidir-ne-satan","status":"publish","type":"post","link":"https:\/\/www.meydan.tv\/az\/article\/goycayin-qiymetlerin-od-tutub-yanan-bazari-ne-alan-razidir-ne-satan\/","title":{"rendered":"G\u00f6y\u00e7ay\u0131n &#8220;qiym\u0259tl\u0259rin od tutub yanan&#8221; bazar\u0131: n\u0259 alan raz\u0131d\u0131r, n\u0259 satan&#8230;"},"content":{"rendered":"\n<p><\/p>\n\n\n\n<p><strong><em>Burada h\u0259m al\u0131c\u0131lar, h\u0259m d\u0259 sat\u0131c\u0131lar eyni problemd\u0259n \u015fikay\u0259t\u00e7idir<\/em><\/strong><\/p>\n\n\n\n<p><em>&#8220;Evimin k\u0259rpici ba\u015f\u0131ma u\u00e7ur, bayram ruhunda da deyil\u0259m. X\u0259st\u0259 bac\u0131m\u0131n pensiyas\u0131n\u0131 al\u0131b ona d\u0259rman v\u0259 bir d\u0259 \u0259rzaq alaca\u011f\u0131q. Bir t\u0259k plov d\u0259ml\u0259s\u0259k, sevin\u0259rik. Y\u0259ni \u00e7\u0259tin ki bayram s\u00fcfr\u0259si a\u00e7aq&#8221;.<\/em><\/p>\n\n\n\n<p>G\u00f6y\u00e7ay bazar\u0131na, sad\u0259c\u0259, un v\u0259 g\u00fcnd\u0259lik \u0259rzaq m\u0259hsullar\u0131 alma\u011fa g\u0259l\u0259n Q\u0259m\u0259r Manafova bayram \u0259hval-ruhiyy\u0259sind\u0259 olmad\u0131\u011f\u0131n\u0131 deyir. Onun kimi rayonun \u00e7ox sakinl\u0259rini d\u0259 bazarlarda artan qiym\u0259tl\u0259r narahat edir.<\/p>\n\n\n\n<figure class=\"wp-block-image size-large\"><img decoding=\"async\" width=\"1095\" height=\"821\" data-src=\"https:\/\/www.meydan.tv\/wp-content\/uploads\/img-20230318-wa0159-1095x821.jpg\" alt=\"\" class=\"wp-image-271032 lazyload\" src=\"data:image\/svg+xml;base64,PHN2ZyB3aWR0aD0iMSIgaGVpZ2h0PSIxIiB4bWxucz0iaHR0cDovL3d3dy53My5vcmcvMjAwMC9zdmciPjwvc3ZnPg==\" style=\"--smush-placeholder-width: 1095px; --smush-placeholder-aspect-ratio: 1095\/821;\" \/><\/figure>\n\n\n\n<p>Haz\u0131rda G\u00f6y\u00e7ay bazar\u0131nda da m\u0259nz\u0259r\u0259 bel\u0259dir: al\u0131c\u0131 bahal\u0131qdan, sat\u0131c\u0131 is\u0259 al\u0131c\u0131 azl\u0131\u011f\u0131ndan \u015fikay\u0259t edir. Pi\u015ftaxtlara d\u00fcz\u00fcl\u0259n meyv\u0259-t\u0259r\u0259v\u0259zl\u0259r is\u0259 al\u0131c\u0131lara &#8220;g\u0259l-g\u0259l&#8221; des\u0259 d\u0259, &#8220;qiym\u0259tl\u0259r od tutub yan\u0131r&#8221;.<\/p>\n\n\n\n<p>Sat\u0131c\u0131lar \u00f6t\u0259n ill\u0259 m\u00fcqayis\u0259d\u0259 meyv\u0259l\u0259rin qiym\u0259tind\u0259 1 manat, b\u0259z\u0259n d\u0259 2 manat art\u0131m oldu\u011funu bildirirl\u0259r. Eyni v\u0259ziyy\u0259t t\u0259r\u0259v\u0259zl\u0259rin qiym\u0259tind\u0259 d\u0259 \u00f6z\u00fcn\u00fc g\u00f6st\u0259rir. Buna g\u00f6r\u0259 sat\u0131c\u0131lar m\u0259hsul \u00e7e\u015fidini azald\u0131blar.<\/p>\n\n\n\n<figure class=\"wp-block-image size-large\"><img decoding=\"async\" width=\"1095\" height=\"821\" data-src=\"https:\/\/www.meydan.tv\/wp-content\/uploads\/img-20230318-wa0175-1095x821.jpg\" alt=\"\" class=\"wp-image-271041 lazyload\" src=\"data:image\/svg+xml;base64,PHN2ZyB3aWR0aD0iMSIgaGVpZ2h0PSIxIiB4bWxucz0iaHR0cDovL3d3dy53My5vcmcvMjAwMC9zdmciPjwvc3ZnPg==\" style=\"--smush-placeholder-width: 1095px; --smush-placeholder-aspect-ratio: 1095\/821;\" \/><\/figure>\n\n\n\n<p><strong>Sat\u0131c\u0131lar deyirl\u0259r ki, al\u0131c\u0131lar\u0131 itiririk&#8230;<\/strong><\/p>\n\n\n\n<p>Sat\u0131c\u0131 Elxan M\u0259cidov da qiym\u0259tl\u0259rin bahala\u015fmas\u0131ndan naraz\u0131d\u0131r. Deyir ki, bahala\u015fma onlarla al\u0131c\u0131lar aras\u0131nda u\u00e7urum yarad\u0131r, y\u0259ni al\u0131c\u0131lar\u0131 itirirl\u0259r:<\/p>\n\n\n\n<p>&#8220;<em>Porta\u011fal 3 manatd\u0131r, bir ne\u00e7\u0259 g\u00fcn \u0259vv\u0259l 2 manat 50 q\u0259pik idi. Alma bir manata idi, iki manat yar\u0131ma qalxd\u0131.\u00a0 \u015eabal\u0131d 7-9 manat\u00a0 aras\u0131nda\u00a0 d\u0259yi\u015fir. Vallah, \u00f6z\u00fcm\u00fcz \u00fcst\u00fcn\u0259 ya 50 q\u0259pik, ya 1 manat qoyuruq. Ki\u015fmi\u015fl\u0259r 6 manatdan 13 manata, qoz-f\u0131nd\u0131q da 5 manatdan 16 manata q\u0259d\u0259r d\u0259yi\u015fir. \u00d6z\u00fcm\u00fczd\u0259 pul yoxdur ki, \u00e7e\u015fid-\u00e7e\u015fid g\u0259tir\u0259k. \u00d6t\u0259n il ucuzluq idi. Bu il meyv\u0259, t\u0259r\u0259v\u0259z \u00e7ox bahad\u0131r&#8221;.<\/em><\/p>\n\n\n\n<p>&#8220;<em>\u00d6t\u0259n il pomidor 4 manat idi. \u018frzaq da k\u0259ll\u0259-\u00e7arxa qalx\u0131b. Ya\u011f\u0131n kiloqram\u0131 15-16 manatd\u0131r. \u00d6t\u0259n il paytaxt salat\u0131n\u0131n \u0259rzaq\u0131 18 manata, indi\u00a0 30 manata \u00e7\u0131x\u0131r. Bir g\u00fcn 100 manat, bir g\u00fcn 200 manat, el\u0259 g\u00fcn olur he\u00e7 20 manat da olmur&#8221;, <\/em>&#8211; Elxan M\u0259cidov\u00a0 bel\u0259 deyir.<\/p>\n\n\n\n<figure class=\"wp-block-image size-large\"><img decoding=\"async\" width=\"1095\" height=\"821\" data-src=\"https:\/\/www.meydan.tv\/wp-content\/uploads\/img-20230318-wa0138-1095x821.jpg\" alt=\"\" class=\"wp-image-271029 lazyload\" src=\"data:image\/svg+xml;base64,PHN2ZyB3aWR0aD0iMSIgaGVpZ2h0PSIxIiB4bWxucz0iaHR0cDovL3d3dy53My5vcmcvMjAwMC9zdmciPjwvc3ZnPg==\" style=\"--smush-placeholder-width: 1095px; --smush-placeholder-aspect-ratio: 1095\/821;\" \/><\/figure>\n\n\n\n<p><strong>&#8220;Tan\u0131\u015flara nisy\u0259 veririk ki, bayram\u0131 ke\u00e7irsin&#8221;<\/strong><\/p>\n\n\n\n<p>Sat\u0131c\u0131lar deyir ki, pensiya v\u0259 t\u0259qa\u00fcdl\u0259r verilib dey\u0259 bazarda dig\u0259r g\u00fcnl\u0259r\u0259 nisb\u0259t\u0259n \u00e7ox al\u0131c\u0131 g\u00f6z\u0259 d\u0259yir. Onlar\u0131n da \u00e7oxunun bazarl\u0131\u011f\u0131 100-150 manat\u0131 \u00f6tm\u00fcr. Sat\u0131c\u0131lar bahal\u0131\u011f\u0131 yol x\u0259rci, m\u0259hsulun yerind\u0259 baha olmas\u0131 il\u0259 \u0259sasland\u0131r\u0131rlar.<\/p>\n\n\n\n<p>Sat\u0131c\u0131 Vidadi S\u0259m\u0259dov h\u0259tta nisy\u0259 al\u0131\u015f-veri\u015f etdiyini deyir:<\/p>\n\n\n\n<p>&#8220;<em>Al\u0131c\u0131l\u0131q \u00e7ox z\u0259ifdir, g\u00fcn \u0259rzind\u0259 40-50 manat alver olur. Bununla \u00f6z\u00fcm\u00fcz nec\u0259 dolanaq, g\u00f6t\u00fcrd\u00fcy\u00fcm\u00fcz m\u0259hsullar\u0131n pulunu nec\u0259 \u00f6d\u0259y\u0259k? 1 manata olan alma 2 manat olub. Kivi, banan 3-4 manatd\u0131r. Yeni ild\u0259 bundan 1 manat ucuz sat\u0131rd\u0131q. Pomidor, \u00fcz\u00fcm 5-6 manat, bib\u0259r, bad\u0131mcan, xiyar 3 manatd\u0131r. Kartof, so\u011fan 1 manatdan yuxar\u0131d\u0131r. Dig\u0259r rayonlardan g\u0259tirilir dey\u0259 yol x\u0259rci, bahal\u0131q, yazda q\u0131tl\u0131q, soyuducudan \u00e7\u0131xmas\u0131 qiym\u0259tl\u0259ri art\u0131r\u0131r.\u00a0 Rayondak\u0131 i\u015fsizlik d\u0259, pensiyadan as\u0131l\u0131l\u0131q \u0259halinin maddi c\u0259h\u0259td\u0259n \u00e7ox s\u0131x\u0131r. Tan\u0131\u015flara nisy\u0259 veririk ki, bayram\u0131 ke\u00e7irsin. U\u015faq var ail\u0259d\u0259 ax\u0131&#8221;.<\/em><\/p>\n\n\n\n<figure class=\"wp-block-image size-large\"><img decoding=\"async\" width=\"1095\" height=\"821\" data-src=\"https:\/\/www.meydan.tv\/wp-content\/uploads\/img-20230318-wa0125-1095x821.jpg\" alt=\"\" class=\"wp-image-271047 lazyload\" src=\"data:image\/svg+xml;base64,PHN2ZyB3aWR0aD0iMSIgaGVpZ2h0PSIxIiB4bWxucz0iaHR0cDovL3d3dy53My5vcmcvMjAwMC9zdmciPjwvc3ZnPg==\" style=\"--smush-placeholder-width: 1095px; --smush-placeholder-aspect-ratio: 1095\/821;\" \/><\/figure>\n\n\n\n<p><strong>&#8220;Kilo yox, qram\u0131 bel\u0259 a\u011fl\u0131mdan ke\u00e7irmir\u0259m&#8221;<\/strong><\/p>\n\n\n\n<p>Ya\u011f\u0131\u015fl\u0131 g\u00fcnd\u0259, tutqun havada bazar i\u00e7ind\u0259 var-g\u0259l ed\u0259n yor\u011fun insanlar pi\u015ftaxtlara ehtiyatla yana\u015f\u0131rlar. Onlar \u0259lind\u0259ki pula uy\u011fun n\u0259s\u0259 hesablayaraq alma\u011f\u0131 d\u00fc\u015f\u00fcn\u00fcrl\u0259r ki, &#8220;n\u0259 \u015fi\u015f yans\u0131n, n\u0259 kabab&#8221;.<\/p>\n\n\n\n<p>Potu k\u0259nd sakini G\u00fcll\u0259r K\u0259rimova da insanlar\u0131n bayram ehtiyaclar\u0131n\u0131 \u00f6d\u0259y\u0259 bilm\u0259diyini dil\u0259 g\u0259tirir. Deyir ki, bazara 100 manatla g\u0259lib. Ona g\u00f6r\u0259 d\u0259 pulu el\u0259 x\u0259rcl\u0259m\u0259lidir ki, ald\u0131\u011f\u0131 \u0259razaqlar 100 manat\u0131 ke\u00e7m\u0259sin:<\/p>\n\n\n\n<figure class=\"wp-block-image size-large\"><img decoding=\"async\" width=\"1095\" height=\"821\" data-src=\"https:\/\/www.meydan.tv\/wp-content\/uploads\/img-20230318-wa0132-1-1095x821.jpg\" alt=\"\" class=\"wp-image-271054 lazyload\" src=\"data:image\/svg+xml;base64,PHN2ZyB3aWR0aD0iMSIgaGVpZ2h0PSIxIiB4bWxucz0iaHR0cDovL3d3dy53My5vcmcvMjAwMC9zdmciPjwvc3ZnPg==\" style=\"--smush-placeholder-width: 1095px; --smush-placeholder-aspect-ratio: 1095\/821;\" \/><\/figure>\n\n\n\n<p>&#8220;<em>100 manatla g\u0259lmi\u015fik. \u018frzaqdan tutmu\u015f meyv\u0259y\u0259 q\u0259d\u0259r ham\u0131s\u0131ndan alma\u011f\u0131 d\u00fc\u015f\u00fcn\u00fcr\u00fck. H\u0259r\u0259sind\u0259n bir az al\u0131b bayram s\u00fcfr\u0259sind\u0259 u\u015faqlar\u0131 sevindirm\u0259k ist\u0259yirik. Yax\u015f\u0131 bir bayram s\u00fcfr\u0259si a\u00e7maq \u00fc\u00e7\u00fcn 250-300 manat laz\u0131md\u0131r. \u018fn \u00e7ox \u0259rzaq bahad\u0131r. 150-200 manat 10 g\u00fcn\u00fcn \u0259rzaq\u0131n\u0131 t\u0259min etmir. T\u0259kc\u0259 badam\u0131n qiym\u0259ti 18 manatd\u0131r. T\u0259mizl\u0259nmi\u015f qoz, f\u0131nd\u0131q 15-16 manatd\u0131r. Kilo yox, qram\u0131 bel\u0259 a\u011fl\u0131mdan\u00a0 ke\u00e7irmir\u0259m. Marketl\u0259r bazarlardan 20-30% bahad\u0131r. \u018ft is\u0259 14 manatdan 18-q\u0259d\u0259r. \u018fti k\u0259nd\u0259n \u00e7ox vaxt nisy\u0259 al\u0131r\u0131q&#8221;.<\/em><\/p>\n\n\n\n<figure class=\"wp-block-image size-large\"><img decoding=\"async\" width=\"1095\" height=\"821\" data-src=\"https:\/\/www.meydan.tv\/wp-content\/uploads\/img-20230318-wa0172-1095x821.jpg\" alt=\"\" class=\"wp-image-271044 lazyload\" src=\"data:image\/svg+xml;base64,PHN2ZyB3aWR0aD0iMSIgaGVpZ2h0PSIxIiB4bWxucz0iaHR0cDovL3d3dy53My5vcmcvMjAwMC9zdmciPjwvc3ZnPg==\" style=\"--smush-placeholder-width: 1095px; --smush-placeholder-aspect-ratio: 1095\/821;\" \/><\/figure>\n\n\n\n<p>El\u0259 bu an yan\u0131ndak\u0131 al\u0131c\u0131 da \u0259lind\u0259ki \u0259rzaq paketini g\u00f6st\u0259r\u0259r\u0259k s\u00f6hb\u0259t\u0259 ba\u015falay\u0131r:<em> &#8220;K\u0259ndd\u0259n g\u0259lmi\u015f\u0259m. 3-4 m\u0259hsul ald\u0131m, 40 manat getdi. Bax, d\u00fcy\u00fc, ya\u011fd\u0131&#8230; G\u0259zir\u0259m, hesablay\u0131ram, n\u0259yi nec\u0259 al\u0131m ki, 200 manatla bayram\u0131 yola verim. Bu da pensiyamd\u0131r. Al\u0131b bazara g\u0259lmi\u015f\u0259m. Evd\u0259n bir siyah\u0131 verirl\u0259r, onu al, bunu al.\u00a0 Amma olmur, vallah olmur&#8221;.<\/em><\/p>\n\n\n\n<p><strong>&#8220;\u00c7\u00f6r\u0259k tap\u0131ramsa, el\u0259 bayramd\u0131r&#8221;<\/strong><\/p>\n\n\n\n<p>Bazar\u0131n i\u00e7ind\u0259 g\u00f6y-g\u00f6y\u0259rti satanlar da, onlarla yana\u015f\u0131 pi\u015ftaxtada durun B\u0131\u011f\u0131r nar\u0131n\u0131n sat\u0131c\u0131s\u0131 da al\u0131c\u0131 azl\u0131\u011f\u0131ndan naraz\u0131d\u0131r. Ancaq \u0259halini d\u0259 q\u0131naya bilmirl\u0259r. Deyirl\u0259r ki, bizd\u0259 yoxdursa, onlarda haradan olsun.<\/p>\n\n\n\n<figure class=\"wp-block-image size-large\"><img decoding=\"async\" width=\"1095\" height=\"821\" data-src=\"https:\/\/www.meydan.tv\/wp-content\/uploads\/img-20230318-wa0121-1095x821.jpg\" alt=\"\" class=\"wp-image-271057 lazyload\" src=\"data:image\/svg+xml;base64,PHN2ZyB3aWR0aD0iMSIgaGVpZ2h0PSIxIiB4bWxucz0iaHR0cDovL3d3dy53My5vcmcvMjAwMC9zdmciPjwvc3ZnPg==\" style=\"--smush-placeholder-width: 1095px; --smush-placeholder-aspect-ratio: 1095\/821;\" \/><\/figure>\n\n\n\n<p>&#8220;<em>Nar azal\u0131b. \u018fn bahas\u0131 4-5 manatd\u0131r, \u0259n ucuzu 2 manat. \u00d6t\u0259n il bundan 2-3 d\u0259f\u0259 baha idi. \u0130ndi \u0259hali \u0259rzaq\u0131n, vacib qidalar\u0131n ala bilmir. Nar\u0131 nec\u0259 als\u0131n?.\u00a0 65 ya\u015f\u0131m var, nar sat\u0131b ail\u0259 doland\u0131r\u0131ram. \u00c7\u00f6r\u0259yimi tap\u0131ramsa, el\u0259 bayramd\u0131r&#8221;, <\/em>&#8211; sat\u0131c\u0131 V\u00fcsal Bayramov deyir.<\/p>\n\n\n\n<p>Dig\u0259r sat\u0131c\u0131 Ta\u011f\u0131yev M\u00fcbariz is\u0259: <em>&#8220;G\u00f6y\u0259rtinin \u00fc\u00e7\u00fcn\u00fc bir manata sat\u0131r\u0131q. He\u00e7 s\u0259rf etmir, \u0259ziyy\u0259tin\u0259 d\u0259ymir. \u018fvv\u0259lki alveri g\u00f6rm\u00fcr\u00fck. Amma 6 manata pomidoru g\u00f6r\u0259nd\u0259 g\u0259lib g\u00f6y\u0259rti al\u0131rlar&#8221;<\/em>, &#8211; dey\u0259 istehza il\u0259 g\u00fcl\u00fcms\u0259yir.<\/p>\n\n\n\n<figure class=\"wp-block-image size-large\"><img decoding=\"async\" width=\"1095\" height=\"821\" data-src=\"https:\/\/www.meydan.tv\/wp-content\/uploads\/img-20230318-wa0128-1-1095x821.jpg\" alt=\"\" class=\"wp-image-271038 lazyload\" src=\"data:image\/svg+xml;base64,PHN2ZyB3aWR0aD0iMSIgaGVpZ2h0PSIxIiB4bWxucz0iaHR0cDovL3d3dy53My5vcmcvMjAwMC9zdmciPjwvc3ZnPg==\" style=\"--smush-placeholder-width: 1095px; --smush-placeholder-aspect-ratio: 1095\/821;\" \/><\/figure>\n\n\n\n<p><strong>&#8220;Bu,\u00a0 ya\u015fay\u0131\u015f deyil, s\u00fcr\u00fcnm\u0259kdir&#8230;&#8221;<\/strong><\/p>\n\n\n\n<p>Bu zaman bazar\u0131 t\u0259rk ed\u0259n bir qad\u0131n sevinc\u0259k dill\u0259nir: &#8220;Yax\u015f\u0131 ki, alverim 70 manat\u0131 ke\u00e7m\u0259di&#8221;.<\/p>\n\n\n\n<p>O, sevincinin s\u0259b\u0259bini is\u0259 bel\u0259 izah edir: <em>&#8220;B\u0259zi meyv\u0259l\u0259ri, a\u011fart\u0131 m\u0259hsullar\u0131n\u0131, t\u0259r\u0259v\u0259zi \u00f6z\u00fcm\u00fcz yeti\u015fdiririk dey\u0259 \u00e7ox alver etm\u0259dim. Olmayanlardan g\u00fcc\u00fcm \u00e7atd\u0131\u011f\u0131n\u0131 g\u00f6t\u00fcrd\u00fcm, 70 manat tutdu. Bahal\u0131q var,\u00a0 \u0259lac\u0131m\u0131z n\u0259dir, cibimiz\u0259 uy\u011funu al\u0131r\u0131q. Amma bu,\u00a0 ya\u015fay\u0131\u015f deyil, s\u00fcr\u00fcnm\u0259kdir&#8221;.<\/em><\/p>\n\n\n\n<figure class=\"wp-block-image size-large\"><img decoding=\"async\" width=\"1095\" height=\"821\" data-src=\"https:\/\/www.meydan.tv\/wp-content\/uploads\/img-20230318-wa0153-1095x821.jpg\" alt=\"\" class=\"wp-image-271026 lazyload\" src=\"data:image\/svg+xml;base64,PHN2ZyB3aWR0aD0iMSIgaGVpZ2h0PSIxIiB4bWxucz0iaHR0cDovL3d3dy53My5vcmcvMjAwMC9zdmciPjwvc3ZnPg==\" style=\"--smush-placeholder-width: 1095px; --smush-placeholder-aspect-ratio: 1095\/821;\" \/><\/figure>\n","protected":false},"excerpt":{"rendered":"<p>Burada h\u0259m al\u0131c\u0131lar, h\u0259m d\u0259 sat\u0131c\u0131lar eyni problemd\u0259n \u015fikay\u0259t\u00e7idir &#8220;Evimin &#8230; <\/p>\n<p class=\"read-more-container\"><a title=\"G\u00f6y\u00e7ay\u0131n &#8220;qiym\u0259tl\u0259rin od tutub yanan&#8221; bazar\u0131: n\u0259 alan raz\u0131d\u0131r, n\u0259 satan&#8230;\" class=\"read-more button\" href=\"https:\/\/www.meydan.tv\/az\/article\/goycayin-qiymetlerin-od-tutub-yanan-bazari-ne-alan-razidir-ne-satan\/#more-271053\" aria-label=\"Read more about G\u00f6y\u00e7ay\u0131n &#8220;qiym\u0259tl\u0259rin od tutub yanan&#8221; bazar\u0131: n\u0259 alan raz\u0131d\u0131r, n\u0259 satan&#8230;\">Davam\u0131<\/a><\/p>\n","protected":false},"author":8,"featured_media":271023,"comment_status":"closed","ping_status":"closed","sticky":false,"template":"","format":"standard","meta":{"_acf_changed":false,"_sitemap_exclude":false,"_sitemap_priority":"","_sitemap_frequency":"","footnotes":""},"categories":[60,79,56],"tags":[],"class_list":["post-271053","post","type-post","status-publish","format-standard","has-post-thumbnail","hentry","category-bolge","category-featured","category-xeberler","infinite-scroll-item","generate-columns","tablet-grid-50","mobile-grid-100","grid-parent","grid-33","no-featured-image-padding"],"acf":[],"yoast_head":"<!-- This site is optimized with the Yoast SEO plugin v27.5 - https:\/\/yoast.com\/product\/yoast-seo-wordpress\/ -->\n<title>G\u00f6y\u00e7ay\u0131n &quot;qiym\u0259tl\u0259rin od tutub yanan&quot; bazar\u0131: n\u0259 alan raz\u0131d\u0131r, n\u0259 satan... - MEYDAN.TV<\/title>\n<meta name=\"robots\" content=\"index, follow, max-snippet:-1, max-image-preview:large, max-video-preview:-1\" \/>\n<link rel=\"canonical\" href=\"https:\/\/www.meydan.tv\/az\/article\/goycayin-qiymetlerin-od-tutub-yanan-bazari-ne-alan-razidir-ne-satan\/\" \/>\n<meta property=\"og:locale\" content=\"az_AZ\" \/>\n<meta property=\"og:type\" content=\"article\" \/>\n<meta property=\"og:title\" content=\"G\u00f6y\u00e7ay\u0131n &quot;qiym\u0259tl\u0259rin od tutub yanan&quot; bazar\u0131: n\u0259 alan raz\u0131d\u0131r, n\u0259 satan... - MEYDAN.TV\" \/>\n<meta property=\"og:description\" content=\"Burada h\u0259m al\u0131c\u0131lar, h\u0259m d\u0259 sat\u0131c\u0131lar eyni problemd\u0259n \u015fikay\u0259t\u00e7idir &#8220;Evimin ... Davam\u0131\" \/>\n<meta property=\"og:url\" content=\"https:\/\/www.meydan.tv\/az\/article\/goycayin-qiymetlerin-od-tutub-yanan-bazari-ne-alan-razidir-ne-satan\/\" \/>\n<meta property=\"og:site_name\" content=\"MEYDAN.TV\" \/>\n<meta property=\"article:published_time\" content=\"2023-03-19T13:40:52+00:00\" \/>\n<meta property=\"article:modified_time\" content=\"2023-03-19T13:41:08+00:00\" \/>\n<meta property=\"og:image\" content=\"https:\/\/www.meydan.tv\/wp-content\/uploads\/img-20230318-wa0148.jpg\" \/>\n\t<meta property=\"og:image:width\" content=\"1200\" \/>\n\t<meta property=\"og:image:height\" content=\"900\" \/>\n\t<meta property=\"og:image:type\" content=\"image\/jpeg\" \/>\n<meta name=\"author\" content=\"elli\" \/>\n<meta name=\"twitter:card\" content=\"summary_large_image\" \/>\n<meta name=\"twitter:creator\" content=\"@elli\" \/>\n<script type=\"application\/ld+json\" class=\"yoast-schema-graph\">{\"@context\":\"https:\\\/\\\/schema.org\",\"@graph\":[{\"@type\":\"Article\",\"@id\":\"https:\\\/\\\/www.meydan.tv\\\/az\\\/article\\\/goycayin-qiymetlerin-od-tutub-yanan-bazari-ne-alan-razidir-ne-satan\\\/#article\",\"isPartOf\":{\"@id\":\"https:\\\/\\\/www.meydan.tv\\\/az\\\/article\\\/goycayin-qiymetlerin-od-tutub-yanan-bazari-ne-alan-razidir-ne-satan\\\/\"},\"author\":{\"name\":\"elli\",\"@id\":\"https:\\\/\\\/www.meydan.tv\\\/az\\\/#\\\/schema\\\/person\\\/9cdbecf90d17180ce1dfbd95b08dcf47\"},\"headline\":\"G\u00f6y\u00e7ay\u0131n &#8220;qiym\u0259tl\u0259rin od tutub yanan&#8221; bazar\u0131: n\u0259 alan raz\u0131d\u0131r, n\u0259 satan&#8230;\",\"datePublished\":\"2023-03-19T13:40:52+00:00\",\"dateModified\":\"2023-03-19T13:41:08+00:00\",\"mainEntityOfPage\":{\"@id\":\"https:\\\/\\\/www.meydan.tv\\\/az\\\/article\\\/goycayin-qiymetlerin-od-tutub-yanan-bazari-ne-alan-razidir-ne-satan\\\/\"},\"wordCount\":1187,\"publisher\":{\"@id\":\"https:\\\/\\\/www.meydan.tv\\\/az\\\/#organization\"},\"image\":{\"@id\":\"https:\\\/\\\/www.meydan.tv\\\/az\\\/article\\\/goycayin-qiymetlerin-od-tutub-yanan-bazari-ne-alan-razidir-ne-satan\\\/#primaryimage\"},\"thumbnailUrl\":\"https:\\\/\\\/www.meydan.tv\\\/wp-content\\\/uploads\\\/img-20230318-wa0148.jpg\",\"articleSection\":[\"B\u00f6lg\u0259\",\"T\u00f6vsiy\u0259\",\"X\u0259b\u0259rl\u0259r\"],\"inLanguage\":\"az\"},{\"@type\":\"WebPage\",\"@id\":\"https:\\\/\\\/www.meydan.tv\\\/az\\\/article\\\/goycayin-qiymetlerin-od-tutub-yanan-bazari-ne-alan-razidir-ne-satan\\\/\",\"url\":\"https:\\\/\\\/www.meydan.tv\\\/az\\\/article\\\/goycayin-qiymetlerin-od-tutub-yanan-bazari-ne-alan-razidir-ne-satan\\\/\",\"name\":\"G\u00f6y\u00e7ay\u0131n \\\"qiym\u0259tl\u0259rin od tutub yanan\\\" bazar\u0131: n\u0259 alan raz\u0131d\u0131r, n\u0259 satan... - MEYDAN.TV\",\"isPartOf\":{\"@id\":\"https:\\\/\\\/www.meydan.tv\\\/az\\\/#website\"},\"primaryImageOfPage\":{\"@id\":\"https:\\\/\\\/www.meydan.tv\\\/az\\\/article\\\/goycayin-qiymetlerin-od-tutub-yanan-bazari-ne-alan-razidir-ne-satan\\\/#primaryimage\"},\"image\":{\"@id\":\"https:\\\/\\\/www.meydan.tv\\\/az\\\/article\\\/goycayin-qiymetlerin-od-tutub-yanan-bazari-ne-alan-razidir-ne-satan\\\/#primaryimage\"},\"thumbnailUrl\":\"https:\\\/\\\/www.meydan.tv\\\/wp-content\\\/uploads\\\/img-20230318-wa0148.jpg\",\"datePublished\":\"2023-03-19T13:40:52+00:00\",\"dateModified\":\"2023-03-19T13:41:08+00:00\",\"breadcrumb\":{\"@id\":\"https:\\\/\\\/www.meydan.tv\\\/az\\\/article\\\/goycayin-qiymetlerin-od-tutub-yanan-bazari-ne-alan-razidir-ne-satan\\\/#breadcrumb\"},\"inLanguage\":\"az\",\"potentialAction\":[{\"@type\":\"ReadAction\",\"target\":[\"https:\\\/\\\/www.meydan.tv\\\/az\\\/article\\\/goycayin-qiymetlerin-od-tutub-yanan-bazari-ne-alan-razidir-ne-satan\\\/\"]}]},{\"@type\":\"ImageObject\",\"inLanguage\":\"az\",\"@id\":\"https:\\\/\\\/www.meydan.tv\\\/az\\\/article\\\/goycayin-qiymetlerin-od-tutub-yanan-bazari-ne-alan-razidir-ne-satan\\\/#primaryimage\",\"url\":\"https:\\\/\\\/www.meydan.tv\\\/wp-content\\\/uploads\\\/img-20230318-wa0148.jpg\",\"contentUrl\":\"https:\\\/\\\/www.meydan.tv\\\/wp-content\\\/uploads\\\/img-20230318-wa0148.jpg\",\"width\":1200,\"height\":900,\"caption\":\"Fotolar: Meydan TV\"},{\"@type\":\"BreadcrumbList\",\"@id\":\"https:\\\/\\\/www.meydan.tv\\\/az\\\/article\\\/goycayin-qiymetlerin-od-tutub-yanan-bazari-ne-alan-razidir-ne-satan\\\/#breadcrumb\",\"itemListElement\":[{\"@type\":\"ListItem\",\"position\":1,\"name\":\"Ana s\u0259hif\u0259\",\"item\":\"https:\\\/\\\/www.meydan.tv\\\/az\\\/\"},{\"@type\":\"ListItem\",\"position\":2,\"name\":\"B\u00f6lg\u0259\",\"item\":\"https:\\\/\\\/www.meydan.tv\\\/az\\\/section\\\/bolge\\\/\"},{\"@type\":\"ListItem\",\"position\":3,\"name\":\"G\u00f6y\u00e7ay\u0131n &#8220;qiym\u0259tl\u0259rin od tutub yanan&#8221; bazar\u0131: n\u0259 alan raz\u0131d\u0131r, n\u0259 satan&#8230;\"}]},{\"@type\":\"WebSite\",\"@id\":\"https:\\\/\\\/www.meydan.tv\\\/az\\\/#website\",\"url\":\"https:\\\/\\\/www.meydan.tv\\\/az\\\/\",\"name\":\"MEYDAN.TV\",\"description\":\"Meydan TV Az\u0259rbaycan\u0131n media m\u0259kan\u0131ndak\u0131 alternativ s\u0259sidir\",\"publisher\":{\"@id\":\"https:\\\/\\\/www.meydan.tv\\\/az\\\/#organization\"},\"potentialAction\":[{\"@type\":\"SearchAction\",\"target\":{\"@type\":\"EntryPoint\",\"urlTemplate\":\"https:\\\/\\\/www.meydan.tv\\\/az\\\/?s={search_term_string}\"},\"query-input\":{\"@type\":\"PropertyValueSpecification\",\"valueRequired\":true,\"valueName\":\"search_term_string\"}}],\"inLanguage\":\"az\"},{\"@type\":\"Organization\",\"@id\":\"https:\\\/\\\/www.meydan.tv\\\/az\\\/#organization\",\"name\":\"Meydan TV\",\"url\":\"https:\\\/\\\/www.meydan.tv\\\/az\\\/\",\"logo\":{\"@type\":\"ImageObject\",\"inLanguage\":\"az\",\"@id\":\"https:\\\/\\\/www.meydan.tv\\\/az\\\/#\\\/schema\\\/logo\\\/image\\\/\",\"url\":\"https:\\\/\\\/www.meydan.tv\\\/wp-content\\\/uploads\\\/2021\\\/07\\\/meydan-logo.svg\",\"contentUrl\":\"https:\\\/\\\/www.meydan.tv\\\/wp-content\\\/uploads\\\/2021\\\/07\\\/meydan-logo.svg\",\"width\":195,\"height\":46,\"caption\":\"Meydan TV\"},\"image\":{\"@id\":\"https:\\\/\\\/www.meydan.tv\\\/az\\\/#\\\/schema\\\/logo\\\/image\\\/\"}},{\"@type\":\"Person\",\"@id\":\"https:\\\/\\\/www.meydan.tv\\\/az\\\/#\\\/schema\\\/person\\\/9cdbecf90d17180ce1dfbd95b08dcf47\",\"name\":\"elli\",\"sameAs\":[\"https:\\\/\\\/x.com\\\/elli\"]}]}<\/script>\n<!-- \/ Yoast SEO plugin. -->","yoast_head_json":{"title":"G\u00f6y\u00e7ay\u0131n \"qiym\u0259tl\u0259rin od tutub yanan\" bazar\u0131: n\u0259 alan raz\u0131d\u0131r, n\u0259 satan... - MEYDAN.TV","robots":{"index":"index","follow":"follow","max-snippet":"max-snippet:-1","max-image-preview":"max-image-preview:large","max-video-preview":"max-video-preview:-1"},"canonical":"https:\/\/www.meydan.tv\/az\/article\/goycayin-qiymetlerin-od-tutub-yanan-bazari-ne-alan-razidir-ne-satan\/","og_locale":"az_AZ","og_type":"article","og_title":"G\u00f6y\u00e7ay\u0131n \"qiym\u0259tl\u0259rin od tutub yanan\" bazar\u0131: n\u0259 alan raz\u0131d\u0131r, n\u0259 satan... - MEYDAN.TV","og_description":"Burada h\u0259m al\u0131c\u0131lar, h\u0259m d\u0259 sat\u0131c\u0131lar eyni problemd\u0259n \u015fikay\u0259t\u00e7idir &#8220;Evimin ... Davam\u0131","og_url":"https:\/\/www.meydan.tv\/az\/article\/goycayin-qiymetlerin-od-tutub-yanan-bazari-ne-alan-razidir-ne-satan\/","og_site_name":"MEYDAN.TV","article_published_time":"2023-03-19T13:40:52+00:00","article_modified_time":"2023-03-19T13:41:08+00:00","og_image":[{"width":1200,"height":900,"url":"https:\/\/www.meydan.tv\/wp-content\/uploads\/img-20230318-wa0148.jpg","type":"image\/jpeg"}],"author":"elli","twitter_card":"summary_large_image","twitter_creator":"@elli","schema":{"@context":"https:\/\/schema.org","@graph":[{"@type":"Article","@id":"https:\/\/www.meydan.tv\/az\/article\/goycayin-qiymetlerin-od-tutub-yanan-bazari-ne-alan-razidir-ne-satan\/#article","isPartOf":{"@id":"https:\/\/www.meydan.tv\/az\/article\/goycayin-qiymetlerin-od-tutub-yanan-bazari-ne-alan-razidir-ne-satan\/"},"author":{"name":"elli","@id":"https:\/\/www.meydan.tv\/az\/#\/schema\/person\/9cdbecf90d17180ce1dfbd95b08dcf47"},"headline":"G\u00f6y\u00e7ay\u0131n &#8220;qiym\u0259tl\u0259rin od tutub yanan&#8221; bazar\u0131: n\u0259 alan raz\u0131d\u0131r, n\u0259 satan&#8230;","datePublished":"2023-03-19T13:40:52+00:00","dateModified":"2023-03-19T13:41:08+00:00","mainEntityOfPage":{"@id":"https:\/\/www.meydan.tv\/az\/article\/goycayin-qiymetlerin-od-tutub-yanan-bazari-ne-alan-razidir-ne-satan\/"},"wordCount":1187,"publisher":{"@id":"https:\/\/www.meydan.tv\/az\/#organization"},"image":{"@id":"https:\/\/www.meydan.tv\/az\/article\/goycayin-qiymetlerin-od-tutub-yanan-bazari-ne-alan-razidir-ne-satan\/#primaryimage"},"thumbnailUrl":"https:\/\/www.meydan.tv\/wp-content\/uploads\/img-20230318-wa0148.jpg","articleSection":["B\u00f6lg\u0259","T\u00f6vsiy\u0259","X\u0259b\u0259rl\u0259r"],"inLanguage":"az"},{"@type":"WebPage","@id":"https:\/\/www.meydan.tv\/az\/article\/goycayin-qiymetlerin-od-tutub-yanan-bazari-ne-alan-razidir-ne-satan\/","url":"https:\/\/www.meydan.tv\/az\/article\/goycayin-qiymetlerin-od-tutub-yanan-bazari-ne-alan-razidir-ne-satan\/","name":"G\u00f6y\u00e7ay\u0131n \"qiym\u0259tl\u0259rin od tutub yanan\" bazar\u0131: n\u0259 alan raz\u0131d\u0131r, n\u0259 satan... - MEYDAN.TV","isPartOf":{"@id":"https:\/\/www.meydan.tv\/az\/#website"},"primaryImageOfPage":{"@id":"https:\/\/www.meydan.tv\/az\/article\/goycayin-qiymetlerin-od-tutub-yanan-bazari-ne-alan-razidir-ne-satan\/#primaryimage"},"image":{"@id":"https:\/\/www.meydan.tv\/az\/article\/goycayin-qiymetlerin-od-tutub-yanan-bazari-ne-alan-razidir-ne-satan\/#primaryimage"},"thumbnailUrl":"https:\/\/www.meydan.tv\/wp-content\/uploads\/img-20230318-wa0148.jpg","datePublished":"2023-03-19T13:40:52+00:00","dateModified":"2023-03-19T13:41:08+00:00","breadcrumb":{"@id":"https:\/\/www.meydan.tv\/az\/article\/goycayin-qiymetlerin-od-tutub-yanan-bazari-ne-alan-razidir-ne-satan\/#breadcrumb"},"inLanguage":"az","potentialAction":[{"@type":"ReadAction","target":["https:\/\/www.meydan.tv\/az\/article\/goycayin-qiymetlerin-od-tutub-yanan-bazari-ne-alan-razidir-ne-satan\/"]}]},{"@type":"ImageObject","inLanguage":"az","@id":"https:\/\/www.meydan.tv\/az\/article\/goycayin-qiymetlerin-od-tutub-yanan-bazari-ne-alan-razidir-ne-satan\/#primaryimage","url":"https:\/\/www.meydan.tv\/wp-content\/uploads\/img-20230318-wa0148.jpg","contentUrl":"https:\/\/www.meydan.tv\/wp-content\/uploads\/img-20230318-wa0148.jpg","width":1200,"height":900,"caption":"Fotolar: Meydan TV"},{"@type":"BreadcrumbList","@id":"https:\/\/www.meydan.tv\/az\/article\/goycayin-qiymetlerin-od-tutub-yanan-bazari-ne-alan-razidir-ne-satan\/#breadcrumb","itemListElement":[{"@type":"ListItem","position":1,"name":"Ana s\u0259hif\u0259","item":"https:\/\/www.meydan.tv\/az\/"},{"@type":"ListItem","position":2,"name":"B\u00f6lg\u0259","item":"https:\/\/www.meydan.tv\/az\/section\/bolge\/"},{"@type":"ListItem","position":3,"name":"G\u00f6y\u00e7ay\u0131n &#8220;qiym\u0259tl\u0259rin od tutub yanan&#8221; bazar\u0131: n\u0259 alan raz\u0131d\u0131r, n\u0259 satan&#8230;"}]},{"@type":"WebSite","@id":"https:\/\/www.meydan.tv\/az\/#website","url":"https:\/\/www.meydan.tv\/az\/","name":"MEYDAN.TV","description":"Meydan TV Az\u0259rbaycan\u0131n media m\u0259kan\u0131ndak\u0131 alternativ s\u0259sidir","publisher":{"@id":"https:\/\/www.meydan.tv\/az\/#organization"},"potentialAction":[{"@type":"SearchAction","target":{"@type":"EntryPoint","urlTemplate":"https:\/\/www.meydan.tv\/az\/?s={search_term_string}"},"query-input":{"@type":"PropertyValueSpecification","valueRequired":true,"valueName":"search_term_string"}}],"inLanguage":"az"},{"@type":"Organization","@id":"https:\/\/www.meydan.tv\/az\/#organization","name":"Meydan TV","url":"https:\/\/www.meydan.tv\/az\/","logo":{"@type":"ImageObject","inLanguage":"az","@id":"https:\/\/www.meydan.tv\/az\/#\/schema\/logo\/image\/","url":"https:\/\/www.meydan.tv\/wp-content\/uploads\/2021\/07\/meydan-logo.svg","contentUrl":"https:\/\/www.meydan.tv\/wp-content\/uploads\/2021\/07\/meydan-logo.svg","width":195,"height":46,"caption":"Meydan TV"},"image":{"@id":"https:\/\/www.meydan.tv\/az\/#\/schema\/logo\/image\/"}},{"@type":"Person","@id":"https:\/\/www.meydan.tv\/az\/#\/schema\/person\/9cdbecf90d17180ce1dfbd95b08dcf47","name":"elli","sameAs":["https:\/\/x.com\/elli"]}]}},"_links":{"self":[{"href":"https:\/\/www.meydan.tv\/az\/wp-json\/wp\/v2\/posts\/271053","targetHints":{"allow":["GET"]}}],"collection":[{"href":"https:\/\/www.meydan.tv\/az\/wp-json\/wp\/v2\/posts"}],"about":[{"href":"https:\/\/www.meydan.tv\/az\/wp-json\/wp\/v2\/types\/post"}],"author":[{"embeddable":true,"href":"https:\/\/www.meydan.tv\/az\/wp-json\/wp\/v2\/users\/8"}],"replies":[{"embeddable":true,"href":"https:\/\/www.meydan.tv\/az\/wp-json\/wp\/v2\/comments?post=271053"}],"version-history":[{"count":1,"href":"https:\/\/www.meydan.tv\/az\/wp-json\/wp\/v2\/posts\/271053\/revisions"}],"predecessor-version":[{"id":271060,"href":"https:\/\/www.meydan.tv\/az\/wp-json\/wp\/v2\/posts\/271053\/revisions\/271060"}],"wp:featuredmedia":[{"embeddable":true,"href":"https:\/\/www.meydan.tv\/az\/wp-json\/wp\/v2\/media\/271023"}],"wp:attachment":[{"href":"https:\/\/www.meydan.tv\/az\/wp-json\/wp\/v2\/media?parent=271053"}],"wp:term":[{"taxonomy":"category","embeddable":true,"href":"https:\/\/www.meydan.tv\/az\/wp-json\/wp\/v2\/categories?post=271053"},{"taxonomy":"post_tag","embeddable":true,"href":"https:\/\/www.meydan.tv\/az\/wp-json\/wp\/v2\/tags?post=271053"}],"curies":[{"name":"wp","href":"https:\/\/api.w.org\/{rel}","templated":true}]}}