{"id":271016,"date":"2023-03-18T22:14:26","date_gmt":"2023-03-18T18:14:26","guid":{"rendered":"https:\/\/www.meydan.tv\/?p=271016"},"modified":"2023-03-18T22:14:30","modified_gmt":"2023-03-18T18:14:30","slug":"daxili-isler-nazirliyi-saatlida-yeniyetmenin-yaralandigini-tesdiqleyib","status":"publish","type":"post","link":"https:\/\/www.meydan.tv\/az\/article\/daxili-isler-nazirliyi-saatlida-yeniyetmenin-yaralandigini-tesdiqleyib\/","title":{"rendered":"Daxili \u0130\u015fl\u0259r Nazirliyi Saatl\u0131da yeniyetm\u0259nin yaraland\u0131\u011f\u0131n\u0131 t\u0259sdiql\u0259yib"},"content":{"rendered":"\n<p><\/p>\n\n\n\n<p><strong><em>\u201cG\u0259nci qanunsuz aksiyaya c\u0259lb ed\u0259n \u015f\u0259xs bar\u0259sind\u0259 d\u0259 qanunam\u00fcvafiq t\u0259dbir g\u00f6r\u00fcl\u0259c\u0259k\u201d<\/em><\/strong><\/p>\n\n\n\n<p>Mart\u0131n 13-d\u0259 Saatl\u0131 rayonunda bir qrup \u015f\u0259xsin magistral yolu ba\u011flamaq c\u0259hdinin qar\u015f\u0131s\u0131 al\u0131nark\u0259n 15 ya\u015fl\u0131 yeniyetm\u0259 x\u0259sar\u0259t al\u0131b.<\/p>\n\n\n\n<p>Daxili \u0130\u015fl\u0259r Nazirliyinin M\u0259tbuat Xidm\u0259tinin \u015eirvan Regional qrupunun ba\u015f inspektoru Nizam H\u0259midov \u201cReport\u201dun sor\u011fusuna cavab olaraq bildirib ki, qeyd olunan hadis\u0259 zaman\u0131 bir qrup \u015f\u0259xs polisin qanuni t\u0259l\u0259bin\u0259 \u0259m\u0259l etm\u0259y\u0259r\u0259k ictimai asayi\u015fin pozulmas\u0131na y\u00f6n\u0259lik qanunsuz h\u0259r\u0259k\u0259tl\u0259rini davam etdiribl\u0259r:<\/p>\n\n\n\n<p><em>\u201cBundan sonra polis \u0259vv\u0259lc\u0259d\u0259n x\u0259b\u0259rdarl\u0131q etm\u0259kl\u0259 x\u00fcsusi vasit\u0259l\u0259r t\u0259tbiq ed\u0259r\u0259k onlar\u0131n c\u0259hdinin qar\u015f\u0131s\u0131n\u0131 al\u0131b. Bu zaman polis\u0259 m\u00fcqavim\u0259t g\u00f6st\u0259r\u0259nl\u0259rin aras\u0131nda olan 15 ya\u015fl\u0131 g\u0259nc x\u0259sar\u0259t al\u0131b. Onun x\u0259sar\u0259t almas\u0131nda m\u0259suliyy\u0259ti m\u0259hz onu qanunsuz aksiyaya c\u0259lb ed\u0259n \u015f\u0259xs da\u015f\u0131y\u0131r\u201d.<\/em><\/p>\n\n\n\n<p>\u201c<em>Odur ki, ara\u015fd\u0131rma zaman\u0131 g\u0259nci qanunsuz aksiyaya c\u0259lb ed\u0259n \u015f\u0259xs bar\u0259sind\u0259 d\u0259 qanunam\u00fcvafiq t\u0259dbir g\u00f6r\u00fcl\u0259c\u0259kdir\u201d, <\/em>&#8211; D\u0130N r\u0259smisi vur\u011fulay\u0131b.<\/p>\n\n\n\n<p>Mart\u0131n 13-d\u0259 Saatl\u0131 rayonunun Nabatk\u0259nd v\u0259 Orta Mu\u011fan k\u0259nd sakinl\u0259rinin su problemi il\u0259 \u0259laq\u0259dar ke\u00e7irdiyi etiraz aksiyas\u0131 zaman\u0131 saxlan\u0131lan \u015f\u0259xsl\u0259rd\u0259n \u00fc\u00e7 n\u0259f\u0259r haqq\u0131nda h\u0259bs q\u0259rar\u0131 verilib. Onlardan ikisin\u0259 15, birin\u0259 is\u0259 20 sutka inzibati h\u0259bs c\u0259zas\u0131 k\u0259silib. M\u0259hk\u0259m\u0259nin c\u0259zaland\u0131rd\u0131\u011f\u0131 \u015f\u0259xsl\u0259r Anar H\u00fcseynov, \u015e\u0131x\u0259li M\u0259mm\u0259dov v\u0259 Habil Xanlarovdur.<\/p>\n\n\n\n<p>Polisl\u0259r etiraz aksiyas\u0131n\u0131n qar\u015f\u0131s\u0131n\u0131 alark\u0259n d\u0259y\u0259n\u0259k z\u0259rb\u0259l\u0259rind\u0259n v\u0259 rezin g\u00fcll\u0259l\u0259rd\u0259n x\u0259sar\u0259t alanlar\u0131n say\u0131 \u00e7ox olub. Yaralananlardan bir ne\u00e7\u0259sin\u0259 x\u0259st\u0259xanada tibbi yard\u0131m g\u00f6st\u0259ril\u0259nd\u0259n sonra ev\u0259 burax\u0131l\u0131b. Bir n\u0259f\u0259rin durumu is\u0259 nisb\u0259t\u0259n a\u011f\u0131r oldu\u011funa g\u00f6r\u0259 x\u0259st\u0259xanada saxlan\u0131l\u0131b.<\/p>\n","protected":false},"excerpt":{"rendered":"<p>\u201cG\u0259nci qanunsuz aksiyaya c\u0259lb ed\u0259n \u015f\u0259xs bar\u0259sind\u0259 d\u0259 qanunam\u00fcvafiq t\u0259dbir &#8230; <\/p>\n<p class=\"read-more-container\"><a title=\"Daxili \u0130\u015fl\u0259r Nazirliyi Saatl\u0131da yeniyetm\u0259nin yaraland\u0131\u011f\u0131n\u0131 t\u0259sdiql\u0259yib\" class=\"read-more button\" href=\"https:\/\/www.meydan.tv\/az\/article\/daxili-isler-nazirliyi-saatlida-yeniyetmenin-yaralandigini-tesdiqleyib\/#more-271016\" aria-label=\"Read more about Daxili \u0130\u015fl\u0259r Nazirliyi Saatl\u0131da yeniyetm\u0259nin yaraland\u0131\u011f\u0131n\u0131 t\u0259sdiql\u0259yib\">Davam\u0131<\/a><\/p>\n","protected":false},"author":8,"featured_media":270665,"comment_status":"closed","ping_status":"closed","sticky":false,"template":"","format":"standard","meta":{"_acf_changed":false,"_sitemap_exclude":false,"_sitemap_priority":"","_sitemap_frequency":"","footnotes":""},"categories":[60,56],"tags":[],"class_list":["post-271016","post","type-post","status-publish","format-standard","has-post-thumbnail","hentry","category-bolge","category-xeberler","infinite-scroll-item","generate-columns","tablet-grid-50","mobile-grid-100","grid-parent","grid-33","no-featured-image-padding"],"acf":[],"yoast_head":"<!-- This site is optimized with the Yoast SEO plugin v27.5 - https:\/\/yoast.com\/product\/yoast-seo-wordpress\/ -->\n<title>Daxili \u0130\u015fl\u0259r Nazirliyi Saatl\u0131da yeniyetm\u0259nin yaraland\u0131\u011f\u0131n\u0131 t\u0259sdiql\u0259yib - MEYDAN.TV<\/title>\n<meta name=\"robots\" content=\"index, follow, max-snippet:-1, max-image-preview:large, max-video-preview:-1\" \/>\n<link rel=\"canonical\" href=\"https:\/\/www.meydan.tv\/az\/article\/daxili-isler-nazirliyi-saatlida-yeniyetmenin-yaralandigini-tesdiqleyib\/\" \/>\n<meta property=\"og:locale\" content=\"az_AZ\" \/>\n<meta property=\"og:type\" content=\"article\" \/>\n<meta property=\"og:title\" content=\"Daxili \u0130\u015fl\u0259r Nazirliyi Saatl\u0131da yeniyetm\u0259nin yaraland\u0131\u011f\u0131n\u0131 t\u0259sdiql\u0259yib - MEYDAN.TV\" \/>\n<meta property=\"og:description\" content=\"\u201cG\u0259nci qanunsuz aksiyaya c\u0259lb ed\u0259n \u015f\u0259xs bar\u0259sind\u0259 d\u0259 qanunam\u00fcvafiq t\u0259dbir ... Davam\u0131\" \/>\n<meta property=\"og:url\" content=\"https:\/\/www.meydan.tv\/az\/article\/daxili-isler-nazirliyi-saatlida-yeniyetmenin-yaralandigini-tesdiqleyib\/\" \/>\n<meta property=\"og:site_name\" content=\"MEYDAN.TV\" \/>\n<meta property=\"article:published_time\" content=\"2023-03-18T18:14:26+00:00\" \/>\n<meta property=\"article:modified_time\" content=\"2023-03-18T18:14:30+00:00\" \/>\n<meta property=\"og:image\" content=\"https:\/\/www.meydan.tv\/wp-content\/uploads\/2023-03-13-16.47.12-e1678724846617-1.jpg\" \/>\n\t<meta property=\"og:image:width\" content=\"1280\" \/>\n\t<meta property=\"og:image:height\" content=\"518\" \/>\n\t<meta property=\"og:image:type\" content=\"image\/jpeg\" \/>\n<meta name=\"author\" content=\"elli\" \/>\n<meta name=\"twitter:card\" content=\"summary_large_image\" \/>\n<meta name=\"twitter:creator\" content=\"@elli\" \/>\n<script type=\"application\/ld+json\" class=\"yoast-schema-graph\">{\"@context\":\"https:\\\/\\\/schema.org\",\"@graph\":[{\"@type\":\"Article\",\"@id\":\"https:\\\/\\\/www.meydan.tv\\\/az\\\/article\\\/daxili-isler-nazirliyi-saatlida-yeniyetmenin-yaralandigini-tesdiqleyib\\\/#article\",\"isPartOf\":{\"@id\":\"https:\\\/\\\/www.meydan.tv\\\/az\\\/article\\\/daxili-isler-nazirliyi-saatlida-yeniyetmenin-yaralandigini-tesdiqleyib\\\/\"},\"author\":{\"name\":\"elli\",\"@id\":\"https:\\\/\\\/www.meydan.tv\\\/az\\\/#\\\/schema\\\/person\\\/9cdbecf90d17180ce1dfbd95b08dcf47\"},\"headline\":\"Daxili \u0130\u015fl\u0259r Nazirliyi Saatl\u0131da yeniyetm\u0259nin yaraland\u0131\u011f\u0131n\u0131 t\u0259sdiql\u0259yib\",\"datePublished\":\"2023-03-18T18:14:26+00:00\",\"dateModified\":\"2023-03-18T18:14:30+00:00\",\"mainEntityOfPage\":{\"@id\":\"https:\\\/\\\/www.meydan.tv\\\/az\\\/article\\\/daxili-isler-nazirliyi-saatlida-yeniyetmenin-yaralandigini-tesdiqleyib\\\/\"},\"wordCount\":380,\"publisher\":{\"@id\":\"https:\\\/\\\/www.meydan.tv\\\/az\\\/#organization\"},\"image\":{\"@id\":\"https:\\\/\\\/www.meydan.tv\\\/az\\\/article\\\/daxili-isler-nazirliyi-saatlida-yeniyetmenin-yaralandigini-tesdiqleyib\\\/#primaryimage\"},\"thumbnailUrl\":\"https:\\\/\\\/www.meydan.tv\\\/wp-content\\\/uploads\\\/2023-03-13-16.47.12-e1678724846617-1.jpg\",\"articleSection\":[\"B\u00f6lg\u0259\",\"X\u0259b\u0259rl\u0259r\"],\"inLanguage\":\"az\"},{\"@type\":\"WebPage\",\"@id\":\"https:\\\/\\\/www.meydan.tv\\\/az\\\/article\\\/daxili-isler-nazirliyi-saatlida-yeniyetmenin-yaralandigini-tesdiqleyib\\\/\",\"url\":\"https:\\\/\\\/www.meydan.tv\\\/az\\\/article\\\/daxili-isler-nazirliyi-saatlida-yeniyetmenin-yaralandigini-tesdiqleyib\\\/\",\"name\":\"Daxili \u0130\u015fl\u0259r Nazirliyi Saatl\u0131da yeniyetm\u0259nin yaraland\u0131\u011f\u0131n\u0131 t\u0259sdiql\u0259yib - MEYDAN.TV\",\"isPartOf\":{\"@id\":\"https:\\\/\\\/www.meydan.tv\\\/az\\\/#website\"},\"primaryImageOfPage\":{\"@id\":\"https:\\\/\\\/www.meydan.tv\\\/az\\\/article\\\/daxili-isler-nazirliyi-saatlida-yeniyetmenin-yaralandigini-tesdiqleyib\\\/#primaryimage\"},\"image\":{\"@id\":\"https:\\\/\\\/www.meydan.tv\\\/az\\\/article\\\/daxili-isler-nazirliyi-saatlida-yeniyetmenin-yaralandigini-tesdiqleyib\\\/#primaryimage\"},\"thumbnailUrl\":\"https:\\\/\\\/www.meydan.tv\\\/wp-content\\\/uploads\\\/2023-03-13-16.47.12-e1678724846617-1.jpg\",\"datePublished\":\"2023-03-18T18:14:26+00:00\",\"dateModified\":\"2023-03-18T18:14:30+00:00\",\"breadcrumb\":{\"@id\":\"https:\\\/\\\/www.meydan.tv\\\/az\\\/article\\\/daxili-isler-nazirliyi-saatlida-yeniyetmenin-yaralandigini-tesdiqleyib\\\/#breadcrumb\"},\"inLanguage\":\"az\",\"potentialAction\":[{\"@type\":\"ReadAction\",\"target\":[\"https:\\\/\\\/www.meydan.tv\\\/az\\\/article\\\/daxili-isler-nazirliyi-saatlida-yeniyetmenin-yaralandigini-tesdiqleyib\\\/\"]}]},{\"@type\":\"ImageObject\",\"inLanguage\":\"az\",\"@id\":\"https:\\\/\\\/www.meydan.tv\\\/az\\\/article\\\/daxili-isler-nazirliyi-saatlida-yeniyetmenin-yaralandigini-tesdiqleyib\\\/#primaryimage\",\"url\":\"https:\\\/\\\/www.meydan.tv\\\/wp-content\\\/uploads\\\/2023-03-13-16.47.12-e1678724846617-1.jpg\",\"contentUrl\":\"https:\\\/\\\/www.meydan.tv\\\/wp-content\\\/uploads\\\/2023-03-13-16.47.12-e1678724846617-1.jpg\",\"width\":1280,\"height\":518,\"caption\":\"Protesters in Saadli. Photo: Meydan TV\"},{\"@type\":\"BreadcrumbList\",\"@id\":\"https:\\\/\\\/www.meydan.tv\\\/az\\\/article\\\/daxili-isler-nazirliyi-saatlida-yeniyetmenin-yaralandigini-tesdiqleyib\\\/#breadcrumb\",\"itemListElement\":[{\"@type\":\"ListItem\",\"position\":1,\"name\":\"Ana s\u0259hif\u0259\",\"item\":\"https:\\\/\\\/www.meydan.tv\\\/az\\\/\"},{\"@type\":\"ListItem\",\"position\":2,\"name\":\"B\u00f6lg\u0259\",\"item\":\"https:\\\/\\\/www.meydan.tv\\\/az\\\/section\\\/bolge\\\/\"},{\"@type\":\"ListItem\",\"position\":3,\"name\":\"Daxili \u0130\u015fl\u0259r Nazirliyi Saatl\u0131da yeniyetm\u0259nin yaraland\u0131\u011f\u0131n\u0131 t\u0259sdiql\u0259yib\"}]},{\"@type\":\"WebSite\",\"@id\":\"https:\\\/\\\/www.meydan.tv\\\/az\\\/#website\",\"url\":\"https:\\\/\\\/www.meydan.tv\\\/az\\\/\",\"name\":\"MEYDAN.TV\",\"description\":\"Meydan TV Az\u0259rbaycan\u0131n media m\u0259kan\u0131ndak\u0131 alternativ s\u0259sidir\",\"publisher\":{\"@id\":\"https:\\\/\\\/www.meydan.tv\\\/az\\\/#organization\"},\"potentialAction\":[{\"@type\":\"SearchAction\",\"target\":{\"@type\":\"EntryPoint\",\"urlTemplate\":\"https:\\\/\\\/www.meydan.tv\\\/az\\\/?s={search_term_string}\"},\"query-input\":{\"@type\":\"PropertyValueSpecification\",\"valueRequired\":true,\"valueName\":\"search_term_string\"}}],\"inLanguage\":\"az\"},{\"@type\":\"Organization\",\"@id\":\"https:\\\/\\\/www.meydan.tv\\\/az\\\/#organization\",\"name\":\"Meydan TV\",\"url\":\"https:\\\/\\\/www.meydan.tv\\\/az\\\/\",\"logo\":{\"@type\":\"ImageObject\",\"inLanguage\":\"az\",\"@id\":\"https:\\\/\\\/www.meydan.tv\\\/az\\\/#\\\/schema\\\/logo\\\/image\\\/\",\"url\":\"https:\\\/\\\/www.meydan.tv\\\/wp-content\\\/uploads\\\/2021\\\/07\\\/meydan-logo.svg\",\"contentUrl\":\"https:\\\/\\\/www.meydan.tv\\\/wp-content\\\/uploads\\\/2021\\\/07\\\/meydan-logo.svg\",\"width\":195,\"height\":46,\"caption\":\"Meydan TV\"},\"image\":{\"@id\":\"https:\\\/\\\/www.meydan.tv\\\/az\\\/#\\\/schema\\\/logo\\\/image\\\/\"}},{\"@type\":\"Person\",\"@id\":\"https:\\\/\\\/www.meydan.tv\\\/az\\\/#\\\/schema\\\/person\\\/9cdbecf90d17180ce1dfbd95b08dcf47\",\"name\":\"elli\",\"sameAs\":[\"https:\\\/\\\/x.com\\\/elli\"]}]}<\/script>\n<!-- \/ Yoast SEO plugin. -->","yoast_head_json":{"title":"Daxili \u0130\u015fl\u0259r Nazirliyi Saatl\u0131da yeniyetm\u0259nin yaraland\u0131\u011f\u0131n\u0131 t\u0259sdiql\u0259yib - MEYDAN.TV","robots":{"index":"index","follow":"follow","max-snippet":"max-snippet:-1","max-image-preview":"max-image-preview:large","max-video-preview":"max-video-preview:-1"},"canonical":"https:\/\/www.meydan.tv\/az\/article\/daxili-isler-nazirliyi-saatlida-yeniyetmenin-yaralandigini-tesdiqleyib\/","og_locale":"az_AZ","og_type":"article","og_title":"Daxili \u0130\u015fl\u0259r Nazirliyi Saatl\u0131da yeniyetm\u0259nin yaraland\u0131\u011f\u0131n\u0131 t\u0259sdiql\u0259yib - MEYDAN.TV","og_description":"\u201cG\u0259nci qanunsuz aksiyaya c\u0259lb ed\u0259n \u015f\u0259xs bar\u0259sind\u0259 d\u0259 qanunam\u00fcvafiq t\u0259dbir ... Davam\u0131","og_url":"https:\/\/www.meydan.tv\/az\/article\/daxili-isler-nazirliyi-saatlida-yeniyetmenin-yaralandigini-tesdiqleyib\/","og_site_name":"MEYDAN.TV","article_published_time":"2023-03-18T18:14:26+00:00","article_modified_time":"2023-03-18T18:14:30+00:00","og_image":[{"width":1280,"height":518,"url":"https:\/\/www.meydan.tv\/wp-content\/uploads\/2023-03-13-16.47.12-e1678724846617-1.jpg","type":"image\/jpeg"}],"author":"elli","twitter_card":"summary_large_image","twitter_creator":"@elli","schema":{"@context":"https:\/\/schema.org","@graph":[{"@type":"Article","@id":"https:\/\/www.meydan.tv\/az\/article\/daxili-isler-nazirliyi-saatlida-yeniyetmenin-yaralandigini-tesdiqleyib\/#article","isPartOf":{"@id":"https:\/\/www.meydan.tv\/az\/article\/daxili-isler-nazirliyi-saatlida-yeniyetmenin-yaralandigini-tesdiqleyib\/"},"author":{"name":"elli","@id":"https:\/\/www.meydan.tv\/az\/#\/schema\/person\/9cdbecf90d17180ce1dfbd95b08dcf47"},"headline":"Daxili \u0130\u015fl\u0259r Nazirliyi Saatl\u0131da yeniyetm\u0259nin yaraland\u0131\u011f\u0131n\u0131 t\u0259sdiql\u0259yib","datePublished":"2023-03-18T18:14:26+00:00","dateModified":"2023-03-18T18:14:30+00:00","mainEntityOfPage":{"@id":"https:\/\/www.meydan.tv\/az\/article\/daxili-isler-nazirliyi-saatlida-yeniyetmenin-yaralandigini-tesdiqleyib\/"},"wordCount":380,"publisher":{"@id":"https:\/\/www.meydan.tv\/az\/#organization"},"image":{"@id":"https:\/\/www.meydan.tv\/az\/article\/daxili-isler-nazirliyi-saatlida-yeniyetmenin-yaralandigini-tesdiqleyib\/#primaryimage"},"thumbnailUrl":"https:\/\/www.meydan.tv\/wp-content\/uploads\/2023-03-13-16.47.12-e1678724846617-1.jpg","articleSection":["B\u00f6lg\u0259","X\u0259b\u0259rl\u0259r"],"inLanguage":"az"},{"@type":"WebPage","@id":"https:\/\/www.meydan.tv\/az\/article\/daxili-isler-nazirliyi-saatlida-yeniyetmenin-yaralandigini-tesdiqleyib\/","url":"https:\/\/www.meydan.tv\/az\/article\/daxili-isler-nazirliyi-saatlida-yeniyetmenin-yaralandigini-tesdiqleyib\/","name":"Daxili \u0130\u015fl\u0259r Nazirliyi Saatl\u0131da yeniyetm\u0259nin yaraland\u0131\u011f\u0131n\u0131 t\u0259sdiql\u0259yib - MEYDAN.TV","isPartOf":{"@id":"https:\/\/www.meydan.tv\/az\/#website"},"primaryImageOfPage":{"@id":"https:\/\/www.meydan.tv\/az\/article\/daxili-isler-nazirliyi-saatlida-yeniyetmenin-yaralandigini-tesdiqleyib\/#primaryimage"},"image":{"@id":"https:\/\/www.meydan.tv\/az\/article\/daxili-isler-nazirliyi-saatlida-yeniyetmenin-yaralandigini-tesdiqleyib\/#primaryimage"},"thumbnailUrl":"https:\/\/www.meydan.tv\/wp-content\/uploads\/2023-03-13-16.47.12-e1678724846617-1.jpg","datePublished":"2023-03-18T18:14:26+00:00","dateModified":"2023-03-18T18:14:30+00:00","breadcrumb":{"@id":"https:\/\/www.meydan.tv\/az\/article\/daxili-isler-nazirliyi-saatlida-yeniyetmenin-yaralandigini-tesdiqleyib\/#breadcrumb"},"inLanguage":"az","potentialAction":[{"@type":"ReadAction","target":["https:\/\/www.meydan.tv\/az\/article\/daxili-isler-nazirliyi-saatlida-yeniyetmenin-yaralandigini-tesdiqleyib\/"]}]},{"@type":"ImageObject","inLanguage":"az","@id":"https:\/\/www.meydan.tv\/az\/article\/daxili-isler-nazirliyi-saatlida-yeniyetmenin-yaralandigini-tesdiqleyib\/#primaryimage","url":"https:\/\/www.meydan.tv\/wp-content\/uploads\/2023-03-13-16.47.12-e1678724846617-1.jpg","contentUrl":"https:\/\/www.meydan.tv\/wp-content\/uploads\/2023-03-13-16.47.12-e1678724846617-1.jpg","width":1280,"height":518,"caption":"Protesters in Saadli. Photo: Meydan TV"},{"@type":"BreadcrumbList","@id":"https:\/\/www.meydan.tv\/az\/article\/daxili-isler-nazirliyi-saatlida-yeniyetmenin-yaralandigini-tesdiqleyib\/#breadcrumb","itemListElement":[{"@type":"ListItem","position":1,"name":"Ana s\u0259hif\u0259","item":"https:\/\/www.meydan.tv\/az\/"},{"@type":"ListItem","position":2,"name":"B\u00f6lg\u0259","item":"https:\/\/www.meydan.tv\/az\/section\/bolge\/"},{"@type":"ListItem","position":3,"name":"Daxili \u0130\u015fl\u0259r Nazirliyi Saatl\u0131da yeniyetm\u0259nin yaraland\u0131\u011f\u0131n\u0131 t\u0259sdiql\u0259yib"}]},{"@type":"WebSite","@id":"https:\/\/www.meydan.tv\/az\/#website","url":"https:\/\/www.meydan.tv\/az\/","name":"MEYDAN.TV","description":"Meydan TV Az\u0259rbaycan\u0131n media m\u0259kan\u0131ndak\u0131 alternativ s\u0259sidir","publisher":{"@id":"https:\/\/www.meydan.tv\/az\/#organization"},"potentialAction":[{"@type":"SearchAction","target":{"@type":"EntryPoint","urlTemplate":"https:\/\/www.meydan.tv\/az\/?s={search_term_string}"},"query-input":{"@type":"PropertyValueSpecification","valueRequired":true,"valueName":"search_term_string"}}],"inLanguage":"az"},{"@type":"Organization","@id":"https:\/\/www.meydan.tv\/az\/#organization","name":"Meydan TV","url":"https:\/\/www.meydan.tv\/az\/","logo":{"@type":"ImageObject","inLanguage":"az","@id":"https:\/\/www.meydan.tv\/az\/#\/schema\/logo\/image\/","url":"https:\/\/www.meydan.tv\/wp-content\/uploads\/2021\/07\/meydan-logo.svg","contentUrl":"https:\/\/www.meydan.tv\/wp-content\/uploads\/2021\/07\/meydan-logo.svg","width":195,"height":46,"caption":"Meydan TV"},"image":{"@id":"https:\/\/www.meydan.tv\/az\/#\/schema\/logo\/image\/"}},{"@type":"Person","@id":"https:\/\/www.meydan.tv\/az\/#\/schema\/person\/9cdbecf90d17180ce1dfbd95b08dcf47","name":"elli","sameAs":["https:\/\/x.com\/elli"]}]}},"_links":{"self":[{"href":"https:\/\/www.meydan.tv\/az\/wp-json\/wp\/v2\/posts\/271016","targetHints":{"allow":["GET"]}}],"collection":[{"href":"https:\/\/www.meydan.tv\/az\/wp-json\/wp\/v2\/posts"}],"about":[{"href":"https:\/\/www.meydan.tv\/az\/wp-json\/wp\/v2\/types\/post"}],"author":[{"embeddable":true,"href":"https:\/\/www.meydan.tv\/az\/wp-json\/wp\/v2\/users\/8"}],"replies":[{"embeddable":true,"href":"https:\/\/www.meydan.tv\/az\/wp-json\/wp\/v2\/comments?post=271016"}],"version-history":[{"count":1,"href":"https:\/\/www.meydan.tv\/az\/wp-json\/wp\/v2\/posts\/271016\/revisions"}],"predecessor-version":[{"id":271017,"href":"https:\/\/www.meydan.tv\/az\/wp-json\/wp\/v2\/posts\/271016\/revisions\/271017"}],"wp:featuredmedia":[{"embeddable":true,"href":"https:\/\/www.meydan.tv\/az\/wp-json\/wp\/v2\/media\/270665"}],"wp:attachment":[{"href":"https:\/\/www.meydan.tv\/az\/wp-json\/wp\/v2\/media?parent=271016"}],"wp:term":[{"taxonomy":"category","embeddable":true,"href":"https:\/\/www.meydan.tv\/az\/wp-json\/wp\/v2\/categories?post=271016"},{"taxonomy":"post_tag","embeddable":true,"href":"https:\/\/www.meydan.tv\/az\/wp-json\/wp\/v2\/tags?post=271016"}],"curies":[{"name":"wp","href":"https:\/\/api.w.org\/{rel}","templated":true}]}}