{"id":271012,"date":"2023-03-18T16:45:28","date_gmt":"2023-03-18T12:45:28","guid":{"rendered":"https:\/\/www.meydan.tv\/?p=271012"},"modified":"2023-03-18T16:45:31","modified_gmt":"2023-03-18T12:45:31","slug":"saatlida-su-etirazindaki-zorakiliqlari-pisleyen-ictimai-feal-hebs-edildi","status":"publish","type":"post","link":"https:\/\/www.meydan.tv\/az\/article\/saatlida-su-etirazindaki-zorakiliqlari-pisleyen-ictimai-feal-hebs-edildi\/","title":{"rendered":"Saatl\u0131da su etiraz\u0131ndak\u0131 zorak\u0131l\u0131qlar\u0131 pisl\u0259y\u0259n ictimai f\u0259al h\u0259bs edildi"},"content":{"rendered":"\n<p><\/p>\n\n\n\n<p><strong><em>Elvin Mustafayevin \u00f6z\u00fc \u015f\u00f6b\u0259y\u0259 gets\u0259 d\u0259, o, polis\u0259 m\u00fcqavim\u0259td\u0259 ittiham olunub<\/em><\/strong><\/p>\n\n\n\n<p>Saatl\u0131 rayonunda ictimai f\u0259al Elvin Mustafayev h\u0259bs olunub. O, polis\u0259 tabesizlikd\u0259 ittiham olunaraq, m\u0259hk\u0259m\u0259d\u0259 bar\u0259sind\u0259 25 sutkal\u0131q inzibati h\u0259bs q\u0259rar\u0131 \u00e7\u0131xar\u0131l\u0131b. Saatl\u0131 Rayon M\u0259hk\u0259m\u0259si onu \u0130nzibati X\u0259talar M\u0259c\u0259ll\u0259sinin 535.1 (polisin qanuni t\u0259l\u0259bin\u0259 tabe olmama) madd\u0259sil\u0259 c\u0259zaland\u0131r\u0131b.<\/p>\n\n\n\n<p>Lakin Elvin Mustafayevin yax\u0131nlar\u0131 deyir ki, o, mart\u0131n 13-d\u0259 Saatl\u0131 rayonunun Nabatk\u0259nd v\u0259 Orta Mu\u011fan k\u0259ndl\u0259rinin sakinl\u0259rinin su t\u0259l\u0259bil\u0259 ke\u00e7irdikl\u0259ri etiraz aksiyas\u0131 zaman\u0131 polisl\u0259rin etiraz\u00e7\u0131lara qar\u015f\u0131 zorak\u0131l\u0131\u011f\u0131na, d\u0259y\u0259n\u0259kl\u0259rl\u0259, rezin g\u00fcll\u0259l\u0259rl\u0259 insanlara x\u0259sar\u0259t yetirm\u0259sin\u0259 m\u00fcnasib\u0259t bildir\u0259r\u0259k, pisl\u0259yib. Bu s\u0259b\u0259bd\u0259n onu mart\u0131n 17-d\u0259 Saatl\u0131 Rayon Polis \u015e\u00f6b\u0259sin\u0259 \u00e7a\u011f\u0131r\u0131blar.<\/p>\n\n\n\n<p><em>\u201cPolis \u015f\u00f6b\u0259sin\u0259 \u00f6z\u00fc ged\u0259n bir adam\u0131 polis\u0259 m\u00fcqavim\u0259t ad\u0131yla h\u0259bs el\u0259yibl\u0259r. Bu h\u0259r\u0259k\u0259tin ad\u0131 n\u0259dir? Buna ad verm\u0259yi d\u0259 onu \u015f\u0259rl\u0259y\u0259nl\u0259rin, bir d\u0259 bu ittihamla q\u0259rar ver\u0259n hakimin \u00f6z \u00f6hd\u0259sin\u0259 burax\u0131r\u0131q. Bu d\u0259r\u0259c\u0259d\u0259 insafs\u0131zl\u0131q olmaz. Adi su ist\u0259y\u0259n insanlar\u0131 d\u00f6ys\u00fcnl\u0259r, g\u00fcll\u0259 ats\u0131nlar, he\u00e7 kim d\u0259 s\u0259sini \u00e7\u0131xarmas\u0131n \u2013 budur ist\u0259dikl\u0259ri&#8230;\u201d, <\/em>&#8211; Elvin Mustafayevin yax\u0131nlar\u0131ndan biri Meydan TV-y\u0259 bel\u0259 deyib.<\/p>\n\n\n\n<p>Mart\u0131n 13-d\u0259 Saatl\u0131 rayonunun Nabatk\u0259nd v\u0259 Orta Mu\u011fan k\u0259nd sakinl\u0259rinin su problemi il\u0259 \u0259laq\u0259dar ke\u00e7irdiyi etiraz aksiyas\u0131 zaman\u0131 saxlan\u0131lan \u015f\u0259xsl\u0259rd\u0259n \u00fc\u00e7 n\u0259f\u0259r haqq\u0131nda h\u0259bs q\u0259rar\u0131 verilib. Onlardan ikisin\u0259 15, birin\u0259 is\u0259 20 sutka inzibati h\u0259bs c\u0259zas\u0131 k\u0259silib. M\u0259hk\u0259m\u0259nin c\u0259zaland\u0131rd\u0131\u011f\u0131 \u015f\u0259xsl\u0259r Anar H\u00fcseynov, \u015e\u0131x\u0259li M\u0259mm\u0259dov v\u0259 Habil Xanlarovdur.<\/p>\n\n\n\n<p>Mart\u0131n 13-d\u0259 polisl\u0259r etiraz aksiyas\u0131n\u0131n qar\u015f\u0131s\u0131n\u0131 alark\u0259n d\u0259y\u0259n\u0259k z\u0259rb\u0259l\u0259rind\u0259n v\u0259 rezin g\u00fcll\u0259l\u0259rd\u0259n x\u0259sar\u0259t alanlar olub. Yaralananlardan ikisin\u0259 x\u0259st\u0259xanada tibbi yard\u0131m g\u00f6st\u0259ril\u0259nd\u0259n sonra ev\u0259 burax\u0131l\u0131b. Bir n\u0259f\u0259rin durumu is\u0259 nisb\u0259t\u0259n a\u011f\u0131r oldu\u011funa g\u00f6r\u0259 x\u0259st\u0259xanada saxlan\u0131l\u0131b.<\/p>\n\n\n\n<p>Daxili \u0130\u015fl\u0259r Nazirliyinin M\u0259tbuat Xidm\u0259tind\u0259n bildirilib ki, mart\u0131n 13-d\u0259 saat 14 rad\u0259l\u0259rind\u0259 Saatl\u0131 rayonunun Orta Mu\u011fan v\u0259 Nabatk\u0259nd k\u0259ndl\u0259rinin bir qrup sakini i\u00e7m\u0259li su problemin\u0259 naraz\u0131l\u0131\u011f\u0131n\u0131 bildirm\u0259k \u00fc\u00e7\u00fcn magistral yolu ba\u011flama\u011fa c\u0259hd edib:<\/p>\n\n\n\n<p>\u201c<em>\u018fraziy\u0259 g\u0259l\u0259n Saatl\u0131 Rayon Polis \u015e\u00f6b\u0259sinin \u0259m\u0259kda\u015flar\u0131, rayon icra hakimiyy\u0259tinin v\u0259 Meliorasiya v\u0259 Su T\u0259s\u0259rr\u00fcfat\u0131 A\u00e7\u0131q S\u0259hmdar C\u0259miyy\u0259tinin n\u00fcmay\u0259nd\u0259l\u0259ri onlarla izahedici s\u00f6hb\u0259tl\u0259r apar\u0131blar. Bundan sonra sakinl\u0259rin \u0259ks\u0259riyy\u0259ti geri qay\u0131tsalar da, bir qrup \u015f\u0259xs polisin qanuni t\u0259l\u0259bin\u0259 \u0259m\u0259l etm\u0259y\u0259r\u0259k ictimai asayi\u015fin pozulmas\u0131na y\u00f6n\u0259li qanunsuz h\u0259r\u0259k\u0259tl\u0259rini davam etdiribl\u0259r. Onlar saxlan\u0131laraq, Rayon Polis \u015e\u00f6b\u0259sin\u0259 g\u0259tirilibl\u0259r\u201d.<\/em><\/p>\n\n\n\n<p>D\u0130N-in m\u0259tbuat xidm\u0259tind\u0259n polisin t\u0259l\u0259bin\u0259 \u0259m\u0259l etm\u0259y\u0259n \u015f\u0259xsl\u0259r\u0259 qar\u015f\u0131 qanunvericiliy\u0259 uy\u011fun olaraq, yaln\u0131z x\u00fcsusi vasit\u0259l\u0259rin t\u0259tbiq edildiyi bildirilib:<\/p>\n\n\n\n<p>\u00a0\u201c<em>Polis odlu silahdan istifad\u0259 etm\u0259yib\u201d.<\/em><\/p>\n\n\n\n<p><\/p>\n\n\n\n<p><\/p>\n","protected":false},"excerpt":{"rendered":"<p>Elvin Mustafayevin \u00f6z\u00fc \u015f\u00f6b\u0259y\u0259 gets\u0259 d\u0259, o, polis\u0259 m\u00fcqavim\u0259td\u0259 ittiham &#8230; <\/p>\n<p class=\"read-more-container\"><a title=\"Saatl\u0131da su etiraz\u0131ndak\u0131 zorak\u0131l\u0131qlar\u0131 pisl\u0259y\u0259n ictimai f\u0259al h\u0259bs edildi\" class=\"read-more button\" href=\"https:\/\/www.meydan.tv\/az\/article\/saatlida-su-etirazindaki-zorakiliqlari-pisleyen-ictimai-feal-hebs-edildi\/#more-271012\" aria-label=\"Read more about Saatl\u0131da su etiraz\u0131ndak\u0131 zorak\u0131l\u0131qlar\u0131 pisl\u0259y\u0259n ictimai f\u0259al h\u0259bs edildi\">Davam\u0131<\/a><\/p>\n","protected":false},"author":8,"featured_media":257656,"comment_status":"closed","ping_status":"closed","sticky":false,"template":"","format":"standard","meta":{"_acf_changed":false,"_sitemap_exclude":false,"_sitemap_priority":"","_sitemap_frequency":"","footnotes":""},"categories":[60,79,56],"tags":[],"class_list":["post-271012","post","type-post","status-publish","format-standard","has-post-thumbnail","hentry","category-bolge","category-featured","category-xeberler","infinite-scroll-item","generate-columns","tablet-grid-50","mobile-grid-100","grid-parent","grid-33","no-featured-image-padding"],"acf":[],"yoast_head":"<!-- This site is optimized with the Yoast SEO plugin v27.5 - https:\/\/yoast.com\/product\/yoast-seo-wordpress\/ -->\n<title>Saatl\u0131da su etiraz\u0131ndak\u0131 zorak\u0131l\u0131qlar\u0131 pisl\u0259y\u0259n ictimai f\u0259al h\u0259bs edildi - MEYDAN.TV<\/title>\n<meta name=\"robots\" content=\"index, follow, max-snippet:-1, max-image-preview:large, max-video-preview:-1\" \/>\n<link rel=\"canonical\" href=\"https:\/\/www.meydan.tv\/az\/article\/saatlida-su-etirazindaki-zorakiliqlari-pisleyen-ictimai-feal-hebs-edildi\/\" \/>\n<meta property=\"og:locale\" content=\"az_AZ\" \/>\n<meta property=\"og:type\" content=\"article\" \/>\n<meta property=\"og:title\" content=\"Saatl\u0131da su etiraz\u0131ndak\u0131 zorak\u0131l\u0131qlar\u0131 pisl\u0259y\u0259n ictimai f\u0259al h\u0259bs edildi - MEYDAN.TV\" \/>\n<meta property=\"og:description\" content=\"Elvin Mustafayevin \u00f6z\u00fc \u015f\u00f6b\u0259y\u0259 gets\u0259 d\u0259, o, polis\u0259 m\u00fcqavim\u0259td\u0259 ittiham ... Davam\u0131\" \/>\n<meta property=\"og:url\" content=\"https:\/\/www.meydan.tv\/az\/article\/saatlida-su-etirazindaki-zorakiliqlari-pisleyen-ictimai-feal-hebs-edildi\/\" \/>\n<meta property=\"og:site_name\" content=\"MEYDAN.TV\" \/>\n<meta property=\"article:published_time\" content=\"2023-03-18T12:45:28+00:00\" \/>\n<meta property=\"article:modified_time\" content=\"2023-03-18T12:45:31+00:00\" \/>\n<meta property=\"og:image\" content=\"https:\/\/www.meydan.tv\/wp-content\/uploads\/untitled_artwork_1-2.jpg\" \/>\n\t<meta property=\"og:image:width\" content=\"1200\" \/>\n\t<meta property=\"og:image:height\" content=\"675\" \/>\n\t<meta property=\"og:image:type\" content=\"image\/jpeg\" \/>\n<meta name=\"author\" content=\"elli\" \/>\n<meta name=\"twitter:card\" content=\"summary_large_image\" \/>\n<meta name=\"twitter:creator\" content=\"@elli\" \/>\n<script type=\"application\/ld+json\" class=\"yoast-schema-graph\">{\"@context\":\"https:\\\/\\\/schema.org\",\"@graph\":[{\"@type\":\"Article\",\"@id\":\"https:\\\/\\\/www.meydan.tv\\\/az\\\/article\\\/saatlida-su-etirazindaki-zorakiliqlari-pisleyen-ictimai-feal-hebs-edildi\\\/#article\",\"isPartOf\":{\"@id\":\"https:\\\/\\\/www.meydan.tv\\\/az\\\/article\\\/saatlida-su-etirazindaki-zorakiliqlari-pisleyen-ictimai-feal-hebs-edildi\\\/\"},\"author\":{\"name\":\"elli\",\"@id\":\"https:\\\/\\\/www.meydan.tv\\\/az\\\/#\\\/schema\\\/person\\\/9cdbecf90d17180ce1dfbd95b08dcf47\"},\"headline\":\"Saatl\u0131da su etiraz\u0131ndak\u0131 zorak\u0131l\u0131qlar\u0131 pisl\u0259y\u0259n ictimai f\u0259al h\u0259bs edildi\",\"datePublished\":\"2023-03-18T12:45:28+00:00\",\"dateModified\":\"2023-03-18T12:45:31+00:00\",\"mainEntityOfPage\":{\"@id\":\"https:\\\/\\\/www.meydan.tv\\\/az\\\/article\\\/saatlida-su-etirazindaki-zorakiliqlari-pisleyen-ictimai-feal-hebs-edildi\\\/\"},\"wordCount\":602,\"publisher\":{\"@id\":\"https:\\\/\\\/www.meydan.tv\\\/az\\\/#organization\"},\"image\":{\"@id\":\"https:\\\/\\\/www.meydan.tv\\\/az\\\/article\\\/saatlida-su-etirazindaki-zorakiliqlari-pisleyen-ictimai-feal-hebs-edildi\\\/#primaryimage\"},\"thumbnailUrl\":\"https:\\\/\\\/www.meydan.tv\\\/wp-content\\\/uploads\\\/untitled_artwork_1-2.jpg\",\"articleSection\":[\"B\u00f6lg\u0259\",\"T\u00f6vsiy\u0259\",\"X\u0259b\u0259rl\u0259r\"],\"inLanguage\":\"az\"},{\"@type\":\"WebPage\",\"@id\":\"https:\\\/\\\/www.meydan.tv\\\/az\\\/article\\\/saatlida-su-etirazindaki-zorakiliqlari-pisleyen-ictimai-feal-hebs-edildi\\\/\",\"url\":\"https:\\\/\\\/www.meydan.tv\\\/az\\\/article\\\/saatlida-su-etirazindaki-zorakiliqlari-pisleyen-ictimai-feal-hebs-edildi\\\/\",\"name\":\"Saatl\u0131da su etiraz\u0131ndak\u0131 zorak\u0131l\u0131qlar\u0131 pisl\u0259y\u0259n ictimai f\u0259al h\u0259bs edildi - MEYDAN.TV\",\"isPartOf\":{\"@id\":\"https:\\\/\\\/www.meydan.tv\\\/az\\\/#website\"},\"primaryImageOfPage\":{\"@id\":\"https:\\\/\\\/www.meydan.tv\\\/az\\\/article\\\/saatlida-su-etirazindaki-zorakiliqlari-pisleyen-ictimai-feal-hebs-edildi\\\/#primaryimage\"},\"image\":{\"@id\":\"https:\\\/\\\/www.meydan.tv\\\/az\\\/article\\\/saatlida-su-etirazindaki-zorakiliqlari-pisleyen-ictimai-feal-hebs-edildi\\\/#primaryimage\"},\"thumbnailUrl\":\"https:\\\/\\\/www.meydan.tv\\\/wp-content\\\/uploads\\\/untitled_artwork_1-2.jpg\",\"datePublished\":\"2023-03-18T12:45:28+00:00\",\"dateModified\":\"2023-03-18T12:45:31+00:00\",\"breadcrumb\":{\"@id\":\"https:\\\/\\\/www.meydan.tv\\\/az\\\/article\\\/saatlida-su-etirazindaki-zorakiliqlari-pisleyen-ictimai-feal-hebs-edildi\\\/#breadcrumb\"},\"inLanguage\":\"az\",\"potentialAction\":[{\"@type\":\"ReadAction\",\"target\":[\"https:\\\/\\\/www.meydan.tv\\\/az\\\/article\\\/saatlida-su-etirazindaki-zorakiliqlari-pisleyen-ictimai-feal-hebs-edildi\\\/\"]}]},{\"@type\":\"ImageObject\",\"inLanguage\":\"az\",\"@id\":\"https:\\\/\\\/www.meydan.tv\\\/az\\\/article\\\/saatlida-su-etirazindaki-zorakiliqlari-pisleyen-ictimai-feal-hebs-edildi\\\/#primaryimage\",\"url\":\"https:\\\/\\\/www.meydan.tv\\\/wp-content\\\/uploads\\\/untitled_artwork_1-2.jpg\",\"contentUrl\":\"https:\\\/\\\/www.meydan.tv\\\/wp-content\\\/uploads\\\/untitled_artwork_1-2.jpg\",\"width\":1200,\"height\":675,\"caption\":\"\u0130ll\u00fcstrasiya: Meydan TV\"},{\"@type\":\"BreadcrumbList\",\"@id\":\"https:\\\/\\\/www.meydan.tv\\\/az\\\/article\\\/saatlida-su-etirazindaki-zorakiliqlari-pisleyen-ictimai-feal-hebs-edildi\\\/#breadcrumb\",\"itemListElement\":[{\"@type\":\"ListItem\",\"position\":1,\"name\":\"Ana s\u0259hif\u0259\",\"item\":\"https:\\\/\\\/www.meydan.tv\\\/az\\\/\"},{\"@type\":\"ListItem\",\"position\":2,\"name\":\"B\u00f6lg\u0259\",\"item\":\"https:\\\/\\\/www.meydan.tv\\\/az\\\/section\\\/bolge\\\/\"},{\"@type\":\"ListItem\",\"position\":3,\"name\":\"Saatl\u0131da su etiraz\u0131ndak\u0131 zorak\u0131l\u0131qlar\u0131 pisl\u0259y\u0259n ictimai f\u0259al h\u0259bs edildi\"}]},{\"@type\":\"WebSite\",\"@id\":\"https:\\\/\\\/www.meydan.tv\\\/az\\\/#website\",\"url\":\"https:\\\/\\\/www.meydan.tv\\\/az\\\/\",\"name\":\"MEYDAN.TV\",\"description\":\"Meydan TV Az\u0259rbaycan\u0131n media m\u0259kan\u0131ndak\u0131 alternativ s\u0259sidir\",\"publisher\":{\"@id\":\"https:\\\/\\\/www.meydan.tv\\\/az\\\/#organization\"},\"potentialAction\":[{\"@type\":\"SearchAction\",\"target\":{\"@type\":\"EntryPoint\",\"urlTemplate\":\"https:\\\/\\\/www.meydan.tv\\\/az\\\/?s={search_term_string}\"},\"query-input\":{\"@type\":\"PropertyValueSpecification\",\"valueRequired\":true,\"valueName\":\"search_term_string\"}}],\"inLanguage\":\"az\"},{\"@type\":\"Organization\",\"@id\":\"https:\\\/\\\/www.meydan.tv\\\/az\\\/#organization\",\"name\":\"Meydan TV\",\"url\":\"https:\\\/\\\/www.meydan.tv\\\/az\\\/\",\"logo\":{\"@type\":\"ImageObject\",\"inLanguage\":\"az\",\"@id\":\"https:\\\/\\\/www.meydan.tv\\\/az\\\/#\\\/schema\\\/logo\\\/image\\\/\",\"url\":\"https:\\\/\\\/www.meydan.tv\\\/wp-content\\\/uploads\\\/2021\\\/07\\\/meydan-logo.svg\",\"contentUrl\":\"https:\\\/\\\/www.meydan.tv\\\/wp-content\\\/uploads\\\/2021\\\/07\\\/meydan-logo.svg\",\"width\":195,\"height\":46,\"caption\":\"Meydan TV\"},\"image\":{\"@id\":\"https:\\\/\\\/www.meydan.tv\\\/az\\\/#\\\/schema\\\/logo\\\/image\\\/\"}},{\"@type\":\"Person\",\"@id\":\"https:\\\/\\\/www.meydan.tv\\\/az\\\/#\\\/schema\\\/person\\\/9cdbecf90d17180ce1dfbd95b08dcf47\",\"name\":\"elli\",\"sameAs\":[\"https:\\\/\\\/x.com\\\/elli\"]}]}<\/script>\n<!-- \/ Yoast SEO plugin. -->","yoast_head_json":{"title":"Saatl\u0131da su etiraz\u0131ndak\u0131 zorak\u0131l\u0131qlar\u0131 pisl\u0259y\u0259n ictimai f\u0259al h\u0259bs edildi - MEYDAN.TV","robots":{"index":"index","follow":"follow","max-snippet":"max-snippet:-1","max-image-preview":"max-image-preview:large","max-video-preview":"max-video-preview:-1"},"canonical":"https:\/\/www.meydan.tv\/az\/article\/saatlida-su-etirazindaki-zorakiliqlari-pisleyen-ictimai-feal-hebs-edildi\/","og_locale":"az_AZ","og_type":"article","og_title":"Saatl\u0131da su etiraz\u0131ndak\u0131 zorak\u0131l\u0131qlar\u0131 pisl\u0259y\u0259n ictimai f\u0259al h\u0259bs edildi - MEYDAN.TV","og_description":"Elvin Mustafayevin \u00f6z\u00fc \u015f\u00f6b\u0259y\u0259 gets\u0259 d\u0259, o, polis\u0259 m\u00fcqavim\u0259td\u0259 ittiham ... Davam\u0131","og_url":"https:\/\/www.meydan.tv\/az\/article\/saatlida-su-etirazindaki-zorakiliqlari-pisleyen-ictimai-feal-hebs-edildi\/","og_site_name":"MEYDAN.TV","article_published_time":"2023-03-18T12:45:28+00:00","article_modified_time":"2023-03-18T12:45:31+00:00","og_image":[{"width":1200,"height":675,"url":"https:\/\/www.meydan.tv\/wp-content\/uploads\/untitled_artwork_1-2.jpg","type":"image\/jpeg"}],"author":"elli","twitter_card":"summary_large_image","twitter_creator":"@elli","schema":{"@context":"https:\/\/schema.org","@graph":[{"@type":"Article","@id":"https:\/\/www.meydan.tv\/az\/article\/saatlida-su-etirazindaki-zorakiliqlari-pisleyen-ictimai-feal-hebs-edildi\/#article","isPartOf":{"@id":"https:\/\/www.meydan.tv\/az\/article\/saatlida-su-etirazindaki-zorakiliqlari-pisleyen-ictimai-feal-hebs-edildi\/"},"author":{"name":"elli","@id":"https:\/\/www.meydan.tv\/az\/#\/schema\/person\/9cdbecf90d17180ce1dfbd95b08dcf47"},"headline":"Saatl\u0131da su etiraz\u0131ndak\u0131 zorak\u0131l\u0131qlar\u0131 pisl\u0259y\u0259n ictimai f\u0259al h\u0259bs edildi","datePublished":"2023-03-18T12:45:28+00:00","dateModified":"2023-03-18T12:45:31+00:00","mainEntityOfPage":{"@id":"https:\/\/www.meydan.tv\/az\/article\/saatlida-su-etirazindaki-zorakiliqlari-pisleyen-ictimai-feal-hebs-edildi\/"},"wordCount":602,"publisher":{"@id":"https:\/\/www.meydan.tv\/az\/#organization"},"image":{"@id":"https:\/\/www.meydan.tv\/az\/article\/saatlida-su-etirazindaki-zorakiliqlari-pisleyen-ictimai-feal-hebs-edildi\/#primaryimage"},"thumbnailUrl":"https:\/\/www.meydan.tv\/wp-content\/uploads\/untitled_artwork_1-2.jpg","articleSection":["B\u00f6lg\u0259","T\u00f6vsiy\u0259","X\u0259b\u0259rl\u0259r"],"inLanguage":"az"},{"@type":"WebPage","@id":"https:\/\/www.meydan.tv\/az\/article\/saatlida-su-etirazindaki-zorakiliqlari-pisleyen-ictimai-feal-hebs-edildi\/","url":"https:\/\/www.meydan.tv\/az\/article\/saatlida-su-etirazindaki-zorakiliqlari-pisleyen-ictimai-feal-hebs-edildi\/","name":"Saatl\u0131da su etiraz\u0131ndak\u0131 zorak\u0131l\u0131qlar\u0131 pisl\u0259y\u0259n ictimai f\u0259al h\u0259bs edildi - MEYDAN.TV","isPartOf":{"@id":"https:\/\/www.meydan.tv\/az\/#website"},"primaryImageOfPage":{"@id":"https:\/\/www.meydan.tv\/az\/article\/saatlida-su-etirazindaki-zorakiliqlari-pisleyen-ictimai-feal-hebs-edildi\/#primaryimage"},"image":{"@id":"https:\/\/www.meydan.tv\/az\/article\/saatlida-su-etirazindaki-zorakiliqlari-pisleyen-ictimai-feal-hebs-edildi\/#primaryimage"},"thumbnailUrl":"https:\/\/www.meydan.tv\/wp-content\/uploads\/untitled_artwork_1-2.jpg","datePublished":"2023-03-18T12:45:28+00:00","dateModified":"2023-03-18T12:45:31+00:00","breadcrumb":{"@id":"https:\/\/www.meydan.tv\/az\/article\/saatlida-su-etirazindaki-zorakiliqlari-pisleyen-ictimai-feal-hebs-edildi\/#breadcrumb"},"inLanguage":"az","potentialAction":[{"@type":"ReadAction","target":["https:\/\/www.meydan.tv\/az\/article\/saatlida-su-etirazindaki-zorakiliqlari-pisleyen-ictimai-feal-hebs-edildi\/"]}]},{"@type":"ImageObject","inLanguage":"az","@id":"https:\/\/www.meydan.tv\/az\/article\/saatlida-su-etirazindaki-zorakiliqlari-pisleyen-ictimai-feal-hebs-edildi\/#primaryimage","url":"https:\/\/www.meydan.tv\/wp-content\/uploads\/untitled_artwork_1-2.jpg","contentUrl":"https:\/\/www.meydan.tv\/wp-content\/uploads\/untitled_artwork_1-2.jpg","width":1200,"height":675,"caption":"\u0130ll\u00fcstrasiya: Meydan TV"},{"@type":"BreadcrumbList","@id":"https:\/\/www.meydan.tv\/az\/article\/saatlida-su-etirazindaki-zorakiliqlari-pisleyen-ictimai-feal-hebs-edildi\/#breadcrumb","itemListElement":[{"@type":"ListItem","position":1,"name":"Ana s\u0259hif\u0259","item":"https:\/\/www.meydan.tv\/az\/"},{"@type":"ListItem","position":2,"name":"B\u00f6lg\u0259","item":"https:\/\/www.meydan.tv\/az\/section\/bolge\/"},{"@type":"ListItem","position":3,"name":"Saatl\u0131da su etiraz\u0131ndak\u0131 zorak\u0131l\u0131qlar\u0131 pisl\u0259y\u0259n ictimai f\u0259al h\u0259bs edildi"}]},{"@type":"WebSite","@id":"https:\/\/www.meydan.tv\/az\/#website","url":"https:\/\/www.meydan.tv\/az\/","name":"MEYDAN.TV","description":"Meydan TV Az\u0259rbaycan\u0131n media m\u0259kan\u0131ndak\u0131 alternativ s\u0259sidir","publisher":{"@id":"https:\/\/www.meydan.tv\/az\/#organization"},"potentialAction":[{"@type":"SearchAction","target":{"@type":"EntryPoint","urlTemplate":"https:\/\/www.meydan.tv\/az\/?s={search_term_string}"},"query-input":{"@type":"PropertyValueSpecification","valueRequired":true,"valueName":"search_term_string"}}],"inLanguage":"az"},{"@type":"Organization","@id":"https:\/\/www.meydan.tv\/az\/#organization","name":"Meydan TV","url":"https:\/\/www.meydan.tv\/az\/","logo":{"@type":"ImageObject","inLanguage":"az","@id":"https:\/\/www.meydan.tv\/az\/#\/schema\/logo\/image\/","url":"https:\/\/www.meydan.tv\/wp-content\/uploads\/2021\/07\/meydan-logo.svg","contentUrl":"https:\/\/www.meydan.tv\/wp-content\/uploads\/2021\/07\/meydan-logo.svg","width":195,"height":46,"caption":"Meydan TV"},"image":{"@id":"https:\/\/www.meydan.tv\/az\/#\/schema\/logo\/image\/"}},{"@type":"Person","@id":"https:\/\/www.meydan.tv\/az\/#\/schema\/person\/9cdbecf90d17180ce1dfbd95b08dcf47","name":"elli","sameAs":["https:\/\/x.com\/elli"]}]}},"_links":{"self":[{"href":"https:\/\/www.meydan.tv\/az\/wp-json\/wp\/v2\/posts\/271012","targetHints":{"allow":["GET"]}}],"collection":[{"href":"https:\/\/www.meydan.tv\/az\/wp-json\/wp\/v2\/posts"}],"about":[{"href":"https:\/\/www.meydan.tv\/az\/wp-json\/wp\/v2\/types\/post"}],"author":[{"embeddable":true,"href":"https:\/\/www.meydan.tv\/az\/wp-json\/wp\/v2\/users\/8"}],"replies":[{"embeddable":true,"href":"https:\/\/www.meydan.tv\/az\/wp-json\/wp\/v2\/comments?post=271012"}],"version-history":[{"count":1,"href":"https:\/\/www.meydan.tv\/az\/wp-json\/wp\/v2\/posts\/271012\/revisions"}],"predecessor-version":[{"id":271013,"href":"https:\/\/www.meydan.tv\/az\/wp-json\/wp\/v2\/posts\/271012\/revisions\/271013"}],"wp:featuredmedia":[{"embeddable":true,"href":"https:\/\/www.meydan.tv\/az\/wp-json\/wp\/v2\/media\/257656"}],"wp:attachment":[{"href":"https:\/\/www.meydan.tv\/az\/wp-json\/wp\/v2\/media?parent=271012"}],"wp:term":[{"taxonomy":"category","embeddable":true,"href":"https:\/\/www.meydan.tv\/az\/wp-json\/wp\/v2\/categories?post=271012"},{"taxonomy":"post_tag","embeddable":true,"href":"https:\/\/www.meydan.tv\/az\/wp-json\/wp\/v2\/tags?post=271012"}],"curies":[{"name":"wp","href":"https:\/\/api.w.org\/{rel}","templated":true}]}}