{"id":270889,"date":"2023-03-16T16:13:48","date_gmt":"2023-03-16T12:13:48","guid":{"rendered":"https:\/\/www.meydan.tv\/?p=270889"},"modified":"2023-03-16T16:13:53","modified_gmt":"2023-03-16T12:13:53","slug":"culfa-sakini-oglumu-oldurub-adini-intihar-qoyublar","status":"publish","type":"post","link":"https:\/\/www.meydan.tv\/az\/article\/culfa-sakini-oglumu-oldurub-adini-intihar-qoyublar\/","title":{"rendered":"Culfa sakini: \u201cO\u011flumu \u00f6ld\u00fcr\u00fcb ad\u0131n\u0131 intihar qoyublar\u201d"},"content":{"rendered":"\n<p><\/p>\n\n\n\n<p><em><strong>Mikay\u0131l Quliyev istintaq\u0131n gedi\u015find\u0259n naraz\u0131d\u0131r<\/strong><\/em><\/p>\n\n\n\n<p><em>\u201cO\u011flumu \u00f6ld\u00fcr\u00fcbl\u0259r, ad\u0131n\u0131 da intihar qoyublar. O, \u0130kinci Qaraba\u011f m\u00fcharib\u0259si zaman\u0131 ged\u0259n d\u00f6y\u00fc\u015fl\u0259rd\u0259 i\u015ftirak etmi\u015fdi, h\u0259tta yaralanm\u0131\u015fd\u0131 da. D\u00f6y\u00fc\u015fl\u0259rd\u0259 \u015f\u00fcca\u0259t g\u00f6st\u0259rdiyi \u00fc\u00e7\u00fcn medallarla t\u0259ltif olunmu\u015fdu. M\u00fcharib\u0259nin q\u0131z\u011f\u0131n vaxt\u0131nda, d\u00f6y\u00fc\u015fl\u0259rd\u0259 intihar etm\u0259di. \u0130ndi intihar etdi?\u201d.<\/em><\/p>\n\n\n\n<p>Bunu Meydan TV-y\u0259 Culfan\u0131n G\u00f6yd\u0259r\u0259 k\u0259nd sakini Mikay\u0131l Quliyev deyir.<\/p>\n\n\n\n<p>O iddia edir ki, o\u011flu, Silahl\u0131 Q\u00fcvv\u0259l\u0259rin zabiti \u015eamil Quliyevin \u00f6l\u00fcm\u00fc intihar xarakterli deyil:<\/p>\n\n\n\n<p>\u201c<em>O\u011flum Beyl\u0259qanda yerl\u0259\u015f\u0259n \u201cN\u201d sayl\u0131 h\u0259rbi hiss\u0259d\u0259 ba\u015f leytenant h\u0259rbi r\u00fctb\u0259sind\u0259 xidm\u0259t edirdi. \u0130\u015fi il\u0259 \u0259laq\u0259dar da Beyl\u0259qanda kiray\u0259 ya\u015fay\u0131rd\u0131. Ayyar\u0131m idi ki, evl\u0259nmi\u015fdi. 2022-ci il sentyabr\u0131n 16-da s\u0259h\u0259r anas\u0131 il\u0259 dan\u0131\u015fm\u0131\u015fd\u0131. H\u0259min g\u00fcn ax\u015fam da bac\u0131ma-qarda\u015f\u0131ma z\u0259ng edib, deyib ki, biz\u0259 \u0259mr g\u0259lib, m\u00fcharib\u0259 b\u00f6lg\u0259sin\u0259 gedirik, telefonuma z\u0259ng \u00e7atmasa, nigaran qalmay\u0131n. Sentyabr\u0131n 17-d\u0259 s\u0259h\u0259r h\u0259rbi hiss\u0259d\u0259n z\u0259ng g\u0259ldi ki, o\u011flunuz yaralan\u0131b. Bunu e\u015fid\u0259n kimi t\u0259l\u0259sik Beyl\u0259qana yolla d\u00fc\u015fd\u00fck. Yolda olanda biz\u0259 dedil\u0259r ki, b\u0259s o\u011flunuz intihar edib\u201d.<\/em><\/p>\n\n\n\n<p>Valideyn o\u011flunun intihar\u0131nda \u015f\u00fcbh\u0259li v\u0259 ziddiyy\u0259tli m\u0259qamlar\u0131n oldu\u011funu deyir:<\/p>\n\n\n\n<p>\u201c<em>\u015eamilin meyitini kiray\u0259 ya\u015fad\u0131\u011f\u0131 evin darvazas\u0131ndan bay\u0131rda, k\u00fc\u00e7\u0259d\u0259ki qaz borusundan as\u0131l\u0131 v\u0259ziyy\u0259td\u0259 tap\u0131blar. \u018fg\u0259r bu intihard\u0131rsa, niy\u0259 \u00f6z\u00fcn\u00fc evind\u0259, hamam\u0131nda deyil, k\u00fc\u00e7\u0259d\u0259 as\u0131b? \u00d6z\u00fcn\u00fc as\u0131rd\u0131sa, aya\u011f\u0131n\u0131n alt\u0131nda n\u0259s\u0259 olmal\u0131 idi. Niy\u0259 \u00f6z\u00fcn\u00fc aya\u011f\u0131nda ba\u015fmaqla as\u0131rd\u0131? Aya\u011f\u0131n\u0131n alt\u0131nda da he\u00e7 n\u0259 yox idi. Ba\u015fmaq da aya\u011f\u0131ndan yer\u0259 d\u00fc\u015f\u0259m\u0259mi\u015fdi\u201d.<\/em><\/p>\n\n\n<div class=\"wp-block-image\">\n<figure class=\"alignright size-full is-resized\"><img decoding=\"async\" data-src=\"https:\/\/www.meydan.tv\/wp-content\/uploads\/untitled-design-5-46.jpg\" alt=\"\" class=\"wp-image-270886 lazyload\" width=\"444\" height=\"296\" src=\"data:image\/svg+xml;base64,PHN2ZyB3aWR0aD0iMSIgaGVpZ2h0PSIxIiB4bWxucz0iaHR0cDovL3d3dy53My5vcmcvMjAwMC9zdmciPjwvc3ZnPg==\" style=\"--smush-placeholder-width: 444px; --smush-placeholder-aspect-ratio: 444\/296;\" \/><\/figure>\n<\/div>\n\n\n<p>\u015eikay\u0259t\u00e7i istintaq\u0131n gedi\u015fat\u0131ndan naraz\u0131 oldu\u011funu deyir.<\/p>\n\n\n\n<p>Bildirir ki, i\u015fi aparan m\u00fcst\u0259ntiq prosesl\u0259 ba\u011fl\u0131 onu m\u0259lumatland\u0131rm\u0131r:<\/p>\n\n\n\n<p>\u201c<em>X\u0259b\u0259rimiz v\u0259 raz\u0131l\u0131\u011f\u0131m\u0131z olmadan o\u011flumu yar\u0131b, sonra da morqa at\u0131blar. Ekspertiza r\u0259yini biz\u0259 a\u00e7\u0131qlamad\u0131lar, sonradan \u00f6yr\u0259ndim ki, bo\u011fulma kimi qeyd olunub. \u0130\u015fin gedi\u015fat\u0131 il\u0259 \u0259laq\u0259dar biz\u0259 he\u00e7 bir m\u0259lumat verilmir. M\u00fcst\u0259ntiq\u0259 z\u0259ng ed\u0259nd\u0259 deyir ki, arxay\u0131n ol, i\u015f gedir\u201d.<\/em><\/p>\n\n\n\n<p>Mikay\u0131l Quliyev m\u0259s\u0259l\u0259 il\u0259 \u0259laq\u0259dar prezident\u0259, birinci-vitse prezident\u0259, M\u00fcdafi\u0259 Nazirliyin\u0259, H\u0259rbi v\u0259 Ba\u015f Prokurorluqlara m\u00fcraci\u0259t ets\u0259 d\u0259, \u015fikay\u0259tin\u0259 bax\u0131lmad\u0131\u011f\u0131n\u0131 bildirir.<\/p>\n\n\n\n<p>Ba\u015f Prokurorlu\u011fun M\u0259tbuat xidm\u0259tind\u0259n Meydan TV-y\u0259 bildirilib ki, 2022-ci ilin sentyabr\u0131n 17-d\u0259 1997-ci il t\u0259v\u0259ll\u00fcdl\u00fc \u015eamil Quliyevin Beyl\u0259qan rayonu \u0259razisind\u0259 \u00f6z\u00fcn\u00fc asaraq intihar etm\u0259si fakt\u0131 il\u0259 ba\u011fl\u0131 rayon prokurorlu\u011funda ara\u015fd\u0131rma apar\u0131l\u0131b:<\/p>\n\n\n\n<p>\u201c<em>Ara\u015fd\u0131rma zaman\u0131 \u015eamil Quliyevin \u00f6z\u00fcn\u00fc \u00f6ld\u00fcrm\u0259si fakt\u0131nda k\u0259nar \u015f\u0259xs v\u0259 ya \u015f\u0259xsl\u0259rin t\u0259siri m\u00fc\u0259yy\u0259n edilm\u0259diyind\u0259n Cinay\u0259t Prosessual M\u0259c\u0259ll\u0259sinin 39.1.2-ci madd\u0259sin\u0259 \u0259sas\u0259n cinay\u0259t i\u015finin ba\u015flanmas\u0131n\u0131n r\u0259dd edilm\u0259si bar\u0259d\u0259 q\u0259rar q\u0259bul edilib\u201d.<\/em><\/p>\n","protected":false},"excerpt":{"rendered":"<p>Mikay\u0131l Quliyev istintaq\u0131n gedi\u015find\u0259n naraz\u0131d\u0131r \u201cO\u011flumu \u00f6ld\u00fcr\u00fcbl\u0259r, ad\u0131n\u0131 da intihar &#8230; <\/p>\n<p class=\"read-more-container\"><a title=\"Culfa sakini: \u201cO\u011flumu \u00f6ld\u00fcr\u00fcb ad\u0131n\u0131 intihar qoyublar\u201d\" class=\"read-more button\" href=\"https:\/\/www.meydan.tv\/az\/article\/culfa-sakini-oglumu-oldurub-adini-intihar-qoyublar\/#more-270889\" aria-label=\"Read more about Culfa sakini: \u201cO\u011flumu \u00f6ld\u00fcr\u00fcb ad\u0131n\u0131 intihar qoyublar\u201d\">Davam\u0131<\/a><\/p>\n","protected":false},"author":8,"featured_media":270883,"comment_status":"closed","ping_status":"closed","sticky":false,"template":"","format":"standard","meta":{"_acf_changed":false,"_sitemap_exclude":false,"_sitemap_priority":"","_sitemap_frequency":"","footnotes":""},"categories":[60,56],"tags":[],"class_list":["post-270889","post","type-post","status-publish","format-standard","has-post-thumbnail","hentry","category-bolge","category-xeberler","infinite-scroll-item","generate-columns","tablet-grid-50","mobile-grid-100","grid-parent","grid-33","no-featured-image-padding"],"acf":[],"yoast_head":"<!-- This site is optimized with the Yoast SEO plugin v27.5 - https:\/\/yoast.com\/product\/yoast-seo-wordpress\/ -->\n<title>Culfa sakini: \u201cO\u011flumu \u00f6ld\u00fcr\u00fcb ad\u0131n\u0131 intihar qoyublar\u201d - MEYDAN.TV<\/title>\n<meta name=\"robots\" content=\"index, follow, max-snippet:-1, max-image-preview:large, max-video-preview:-1\" \/>\n<link rel=\"canonical\" href=\"https:\/\/www.meydan.tv\/az\/article\/culfa-sakini-oglumu-oldurub-adini-intihar-qoyublar\/\" \/>\n<meta property=\"og:locale\" content=\"az_AZ\" \/>\n<meta property=\"og:type\" content=\"article\" \/>\n<meta property=\"og:title\" content=\"Culfa sakini: \u201cO\u011flumu \u00f6ld\u00fcr\u00fcb ad\u0131n\u0131 intihar qoyublar\u201d - MEYDAN.TV\" \/>\n<meta property=\"og:description\" content=\"Mikay\u0131l Quliyev istintaq\u0131n gedi\u015find\u0259n naraz\u0131d\u0131r \u201cO\u011flumu \u00f6ld\u00fcr\u00fcbl\u0259r, ad\u0131n\u0131 da intihar ... Davam\u0131\" \/>\n<meta property=\"og:url\" content=\"https:\/\/www.meydan.tv\/az\/article\/culfa-sakini-oglumu-oldurub-adini-intihar-qoyublar\/\" \/>\n<meta property=\"og:site_name\" content=\"MEYDAN.TV\" \/>\n<meta property=\"article:published_time\" content=\"2023-03-16T12:13:48+00:00\" \/>\n<meta property=\"article:modified_time\" content=\"2023-03-16T12:13:53+00:00\" \/>\n<meta property=\"og:image\" content=\"https:\/\/www.meydan.tv\/wp-content\/uploads\/untitled-design-4-61-e1678967876120.jpg\" \/>\n\t<meta property=\"og:image:width\" content=\"1200\" \/>\n\t<meta property=\"og:image:height\" content=\"582\" \/>\n\t<meta property=\"og:image:type\" content=\"image\/jpeg\" \/>\n<meta name=\"author\" content=\"elli\" \/>\n<meta name=\"twitter:card\" content=\"summary_large_image\" \/>\n<meta name=\"twitter:creator\" content=\"@elli\" \/>\n<script type=\"application\/ld+json\" class=\"yoast-schema-graph\">{\"@context\":\"https:\\\/\\\/schema.org\",\"@graph\":[{\"@type\":\"Article\",\"@id\":\"https:\\\/\\\/www.meydan.tv\\\/az\\\/article\\\/culfa-sakini-oglumu-oldurub-adini-intihar-qoyublar\\\/#article\",\"isPartOf\":{\"@id\":\"https:\\\/\\\/www.meydan.tv\\\/az\\\/article\\\/culfa-sakini-oglumu-oldurub-adini-intihar-qoyublar\\\/\"},\"author\":{\"name\":\"elli\",\"@id\":\"https:\\\/\\\/www.meydan.tv\\\/az\\\/#\\\/schema\\\/person\\\/9cdbecf90d17180ce1dfbd95b08dcf47\"},\"headline\":\"Culfa sakini: \u201cO\u011flumu \u00f6ld\u00fcr\u00fcb ad\u0131n\u0131 intihar qoyublar\u201d\",\"datePublished\":\"2023-03-16T12:13:48+00:00\",\"dateModified\":\"2023-03-16T12:13:53+00:00\",\"mainEntityOfPage\":{\"@id\":\"https:\\\/\\\/www.meydan.tv\\\/az\\\/article\\\/culfa-sakini-oglumu-oldurub-adini-intihar-qoyublar\\\/\"},\"wordCount\":576,\"publisher\":{\"@id\":\"https:\\\/\\\/www.meydan.tv\\\/az\\\/#organization\"},\"image\":{\"@id\":\"https:\\\/\\\/www.meydan.tv\\\/az\\\/article\\\/culfa-sakini-oglumu-oldurub-adini-intihar-qoyublar\\\/#primaryimage\"},\"thumbnailUrl\":\"https:\\\/\\\/www.meydan.tv\\\/wp-content\\\/uploads\\\/untitled-design-4-61-e1678967876120.jpg\",\"articleSection\":[\"B\u00f6lg\u0259\",\"X\u0259b\u0259rl\u0259r\"],\"inLanguage\":\"az\"},{\"@type\":\"WebPage\",\"@id\":\"https:\\\/\\\/www.meydan.tv\\\/az\\\/article\\\/culfa-sakini-oglumu-oldurub-adini-intihar-qoyublar\\\/\",\"url\":\"https:\\\/\\\/www.meydan.tv\\\/az\\\/article\\\/culfa-sakini-oglumu-oldurub-adini-intihar-qoyublar\\\/\",\"name\":\"Culfa sakini: \u201cO\u011flumu \u00f6ld\u00fcr\u00fcb ad\u0131n\u0131 intihar qoyublar\u201d - MEYDAN.TV\",\"isPartOf\":{\"@id\":\"https:\\\/\\\/www.meydan.tv\\\/az\\\/#website\"},\"primaryImageOfPage\":{\"@id\":\"https:\\\/\\\/www.meydan.tv\\\/az\\\/article\\\/culfa-sakini-oglumu-oldurub-adini-intihar-qoyublar\\\/#primaryimage\"},\"image\":{\"@id\":\"https:\\\/\\\/www.meydan.tv\\\/az\\\/article\\\/culfa-sakini-oglumu-oldurub-adini-intihar-qoyublar\\\/#primaryimage\"},\"thumbnailUrl\":\"https:\\\/\\\/www.meydan.tv\\\/wp-content\\\/uploads\\\/untitled-design-4-61-e1678967876120.jpg\",\"datePublished\":\"2023-03-16T12:13:48+00:00\",\"dateModified\":\"2023-03-16T12:13:53+00:00\",\"breadcrumb\":{\"@id\":\"https:\\\/\\\/www.meydan.tv\\\/az\\\/article\\\/culfa-sakini-oglumu-oldurub-adini-intihar-qoyublar\\\/#breadcrumb\"},\"inLanguage\":\"az\",\"potentialAction\":[{\"@type\":\"ReadAction\",\"target\":[\"https:\\\/\\\/www.meydan.tv\\\/az\\\/article\\\/culfa-sakini-oglumu-oldurub-adini-intihar-qoyublar\\\/\"]}]},{\"@type\":\"ImageObject\",\"inLanguage\":\"az\",\"@id\":\"https:\\\/\\\/www.meydan.tv\\\/az\\\/article\\\/culfa-sakini-oglumu-oldurub-adini-intihar-qoyublar\\\/#primaryimage\",\"url\":\"https:\\\/\\\/www.meydan.tv\\\/wp-content\\\/uploads\\\/untitled-design-4-61-e1678967876120.jpg\",\"contentUrl\":\"https:\\\/\\\/www.meydan.tv\\\/wp-content\\\/uploads\\\/untitled-design-4-61-e1678967876120.jpg\",\"width\":1200,\"height\":582,\"caption\":\"Fotolar: \u015eamil Quliyevin ail\u0259 albomundan\"},{\"@type\":\"BreadcrumbList\",\"@id\":\"https:\\\/\\\/www.meydan.tv\\\/az\\\/article\\\/culfa-sakini-oglumu-oldurub-adini-intihar-qoyublar\\\/#breadcrumb\",\"itemListElement\":[{\"@type\":\"ListItem\",\"position\":1,\"name\":\"Ana s\u0259hif\u0259\",\"item\":\"https:\\\/\\\/www.meydan.tv\\\/az\\\/\"},{\"@type\":\"ListItem\",\"position\":2,\"name\":\"B\u00f6lg\u0259\",\"item\":\"https:\\\/\\\/www.meydan.tv\\\/az\\\/section\\\/bolge\\\/\"},{\"@type\":\"ListItem\",\"position\":3,\"name\":\"Culfa sakini: \u201cO\u011flumu \u00f6ld\u00fcr\u00fcb ad\u0131n\u0131 intihar qoyublar\u201d\"}]},{\"@type\":\"WebSite\",\"@id\":\"https:\\\/\\\/www.meydan.tv\\\/az\\\/#website\",\"url\":\"https:\\\/\\\/www.meydan.tv\\\/az\\\/\",\"name\":\"MEYDAN.TV\",\"description\":\"Meydan TV Az\u0259rbaycan\u0131n media m\u0259kan\u0131ndak\u0131 alternativ s\u0259sidir\",\"publisher\":{\"@id\":\"https:\\\/\\\/www.meydan.tv\\\/az\\\/#organization\"},\"potentialAction\":[{\"@type\":\"SearchAction\",\"target\":{\"@type\":\"EntryPoint\",\"urlTemplate\":\"https:\\\/\\\/www.meydan.tv\\\/az\\\/?s={search_term_string}\"},\"query-input\":{\"@type\":\"PropertyValueSpecification\",\"valueRequired\":true,\"valueName\":\"search_term_string\"}}],\"inLanguage\":\"az\"},{\"@type\":\"Organization\",\"@id\":\"https:\\\/\\\/www.meydan.tv\\\/az\\\/#organization\",\"name\":\"Meydan TV\",\"url\":\"https:\\\/\\\/www.meydan.tv\\\/az\\\/\",\"logo\":{\"@type\":\"ImageObject\",\"inLanguage\":\"az\",\"@id\":\"https:\\\/\\\/www.meydan.tv\\\/az\\\/#\\\/schema\\\/logo\\\/image\\\/\",\"url\":\"https:\\\/\\\/www.meydan.tv\\\/wp-content\\\/uploads\\\/2021\\\/07\\\/meydan-logo.svg\",\"contentUrl\":\"https:\\\/\\\/www.meydan.tv\\\/wp-content\\\/uploads\\\/2021\\\/07\\\/meydan-logo.svg\",\"width\":195,\"height\":46,\"caption\":\"Meydan TV\"},\"image\":{\"@id\":\"https:\\\/\\\/www.meydan.tv\\\/az\\\/#\\\/schema\\\/logo\\\/image\\\/\"}},{\"@type\":\"Person\",\"@id\":\"https:\\\/\\\/www.meydan.tv\\\/az\\\/#\\\/schema\\\/person\\\/9cdbecf90d17180ce1dfbd95b08dcf47\",\"name\":\"elli\",\"sameAs\":[\"https:\\\/\\\/x.com\\\/elli\"]}]}<\/script>\n<!-- \/ Yoast SEO plugin. -->","yoast_head_json":{"title":"Culfa sakini: \u201cO\u011flumu \u00f6ld\u00fcr\u00fcb ad\u0131n\u0131 intihar qoyublar\u201d - MEYDAN.TV","robots":{"index":"index","follow":"follow","max-snippet":"max-snippet:-1","max-image-preview":"max-image-preview:large","max-video-preview":"max-video-preview:-1"},"canonical":"https:\/\/www.meydan.tv\/az\/article\/culfa-sakini-oglumu-oldurub-adini-intihar-qoyublar\/","og_locale":"az_AZ","og_type":"article","og_title":"Culfa sakini: \u201cO\u011flumu \u00f6ld\u00fcr\u00fcb ad\u0131n\u0131 intihar qoyublar\u201d - MEYDAN.TV","og_description":"Mikay\u0131l Quliyev istintaq\u0131n gedi\u015find\u0259n naraz\u0131d\u0131r \u201cO\u011flumu \u00f6ld\u00fcr\u00fcbl\u0259r, ad\u0131n\u0131 da intihar ... Davam\u0131","og_url":"https:\/\/www.meydan.tv\/az\/article\/culfa-sakini-oglumu-oldurub-adini-intihar-qoyublar\/","og_site_name":"MEYDAN.TV","article_published_time":"2023-03-16T12:13:48+00:00","article_modified_time":"2023-03-16T12:13:53+00:00","og_image":[{"width":1200,"height":582,"url":"https:\/\/www.meydan.tv\/wp-content\/uploads\/untitled-design-4-61-e1678967876120.jpg","type":"image\/jpeg"}],"author":"elli","twitter_card":"summary_large_image","twitter_creator":"@elli","schema":{"@context":"https:\/\/schema.org","@graph":[{"@type":"Article","@id":"https:\/\/www.meydan.tv\/az\/article\/culfa-sakini-oglumu-oldurub-adini-intihar-qoyublar\/#article","isPartOf":{"@id":"https:\/\/www.meydan.tv\/az\/article\/culfa-sakini-oglumu-oldurub-adini-intihar-qoyublar\/"},"author":{"name":"elli","@id":"https:\/\/www.meydan.tv\/az\/#\/schema\/person\/9cdbecf90d17180ce1dfbd95b08dcf47"},"headline":"Culfa sakini: \u201cO\u011flumu \u00f6ld\u00fcr\u00fcb ad\u0131n\u0131 intihar qoyublar\u201d","datePublished":"2023-03-16T12:13:48+00:00","dateModified":"2023-03-16T12:13:53+00:00","mainEntityOfPage":{"@id":"https:\/\/www.meydan.tv\/az\/article\/culfa-sakini-oglumu-oldurub-adini-intihar-qoyublar\/"},"wordCount":576,"publisher":{"@id":"https:\/\/www.meydan.tv\/az\/#organization"},"image":{"@id":"https:\/\/www.meydan.tv\/az\/article\/culfa-sakini-oglumu-oldurub-adini-intihar-qoyublar\/#primaryimage"},"thumbnailUrl":"https:\/\/www.meydan.tv\/wp-content\/uploads\/untitled-design-4-61-e1678967876120.jpg","articleSection":["B\u00f6lg\u0259","X\u0259b\u0259rl\u0259r"],"inLanguage":"az"},{"@type":"WebPage","@id":"https:\/\/www.meydan.tv\/az\/article\/culfa-sakini-oglumu-oldurub-adini-intihar-qoyublar\/","url":"https:\/\/www.meydan.tv\/az\/article\/culfa-sakini-oglumu-oldurub-adini-intihar-qoyublar\/","name":"Culfa sakini: \u201cO\u011flumu \u00f6ld\u00fcr\u00fcb ad\u0131n\u0131 intihar qoyublar\u201d - MEYDAN.TV","isPartOf":{"@id":"https:\/\/www.meydan.tv\/az\/#website"},"primaryImageOfPage":{"@id":"https:\/\/www.meydan.tv\/az\/article\/culfa-sakini-oglumu-oldurub-adini-intihar-qoyublar\/#primaryimage"},"image":{"@id":"https:\/\/www.meydan.tv\/az\/article\/culfa-sakini-oglumu-oldurub-adini-intihar-qoyublar\/#primaryimage"},"thumbnailUrl":"https:\/\/www.meydan.tv\/wp-content\/uploads\/untitled-design-4-61-e1678967876120.jpg","datePublished":"2023-03-16T12:13:48+00:00","dateModified":"2023-03-16T12:13:53+00:00","breadcrumb":{"@id":"https:\/\/www.meydan.tv\/az\/article\/culfa-sakini-oglumu-oldurub-adini-intihar-qoyublar\/#breadcrumb"},"inLanguage":"az","potentialAction":[{"@type":"ReadAction","target":["https:\/\/www.meydan.tv\/az\/article\/culfa-sakini-oglumu-oldurub-adini-intihar-qoyublar\/"]}]},{"@type":"ImageObject","inLanguage":"az","@id":"https:\/\/www.meydan.tv\/az\/article\/culfa-sakini-oglumu-oldurub-adini-intihar-qoyublar\/#primaryimage","url":"https:\/\/www.meydan.tv\/wp-content\/uploads\/untitled-design-4-61-e1678967876120.jpg","contentUrl":"https:\/\/www.meydan.tv\/wp-content\/uploads\/untitled-design-4-61-e1678967876120.jpg","width":1200,"height":582,"caption":"Fotolar: \u015eamil Quliyevin ail\u0259 albomundan"},{"@type":"BreadcrumbList","@id":"https:\/\/www.meydan.tv\/az\/article\/culfa-sakini-oglumu-oldurub-adini-intihar-qoyublar\/#breadcrumb","itemListElement":[{"@type":"ListItem","position":1,"name":"Ana s\u0259hif\u0259","item":"https:\/\/www.meydan.tv\/az\/"},{"@type":"ListItem","position":2,"name":"B\u00f6lg\u0259","item":"https:\/\/www.meydan.tv\/az\/section\/bolge\/"},{"@type":"ListItem","position":3,"name":"Culfa sakini: \u201cO\u011flumu \u00f6ld\u00fcr\u00fcb ad\u0131n\u0131 intihar qoyublar\u201d"}]},{"@type":"WebSite","@id":"https:\/\/www.meydan.tv\/az\/#website","url":"https:\/\/www.meydan.tv\/az\/","name":"MEYDAN.TV","description":"Meydan TV Az\u0259rbaycan\u0131n media m\u0259kan\u0131ndak\u0131 alternativ s\u0259sidir","publisher":{"@id":"https:\/\/www.meydan.tv\/az\/#organization"},"potentialAction":[{"@type":"SearchAction","target":{"@type":"EntryPoint","urlTemplate":"https:\/\/www.meydan.tv\/az\/?s={search_term_string}"},"query-input":{"@type":"PropertyValueSpecification","valueRequired":true,"valueName":"search_term_string"}}],"inLanguage":"az"},{"@type":"Organization","@id":"https:\/\/www.meydan.tv\/az\/#organization","name":"Meydan TV","url":"https:\/\/www.meydan.tv\/az\/","logo":{"@type":"ImageObject","inLanguage":"az","@id":"https:\/\/www.meydan.tv\/az\/#\/schema\/logo\/image\/","url":"https:\/\/www.meydan.tv\/wp-content\/uploads\/2021\/07\/meydan-logo.svg","contentUrl":"https:\/\/www.meydan.tv\/wp-content\/uploads\/2021\/07\/meydan-logo.svg","width":195,"height":46,"caption":"Meydan TV"},"image":{"@id":"https:\/\/www.meydan.tv\/az\/#\/schema\/logo\/image\/"}},{"@type":"Person","@id":"https:\/\/www.meydan.tv\/az\/#\/schema\/person\/9cdbecf90d17180ce1dfbd95b08dcf47","name":"elli","sameAs":["https:\/\/x.com\/elli"]}]}},"_links":{"self":[{"href":"https:\/\/www.meydan.tv\/az\/wp-json\/wp\/v2\/posts\/270889","targetHints":{"allow":["GET"]}}],"collection":[{"href":"https:\/\/www.meydan.tv\/az\/wp-json\/wp\/v2\/posts"}],"about":[{"href":"https:\/\/www.meydan.tv\/az\/wp-json\/wp\/v2\/types\/post"}],"author":[{"embeddable":true,"href":"https:\/\/www.meydan.tv\/az\/wp-json\/wp\/v2\/users\/8"}],"replies":[{"embeddable":true,"href":"https:\/\/www.meydan.tv\/az\/wp-json\/wp\/v2\/comments?post=270889"}],"version-history":[{"count":2,"href":"https:\/\/www.meydan.tv\/az\/wp-json\/wp\/v2\/posts\/270889\/revisions"}],"predecessor-version":[{"id":270900,"href":"https:\/\/www.meydan.tv\/az\/wp-json\/wp\/v2\/posts\/270889\/revisions\/270900"}],"wp:featuredmedia":[{"embeddable":true,"href":"https:\/\/www.meydan.tv\/az\/wp-json\/wp\/v2\/media\/270883"}],"wp:attachment":[{"href":"https:\/\/www.meydan.tv\/az\/wp-json\/wp\/v2\/media?parent=270889"}],"wp:term":[{"taxonomy":"category","embeddable":true,"href":"https:\/\/www.meydan.tv\/az\/wp-json\/wp\/v2\/categories?post=270889"},{"taxonomy":"post_tag","embeddable":true,"href":"https:\/\/www.meydan.tv\/az\/wp-json\/wp\/v2\/tags?post=270889"}],"curies":[{"name":"wp","href":"https:\/\/api.w.org\/{rel}","templated":true}]}}