{"id":270864,"date":"2023-03-16T13:23:04","date_gmt":"2023-03-16T09:23:04","guid":{"rendered":"https:\/\/www.meydan.tv\/?p=270864"},"modified":"2023-03-16T13:23:07","modified_gmt":"2023-03-16T09:23:07","slug":"nermin-isi-meyiti-muayine-eden-ekspert-cavab-vere-bilmedi","status":"publish","type":"post","link":"https:\/\/www.meydan.tv\/az\/article\/nermin-isi-meyiti-muayine-eden-ekspert-cavab-vere-bilmedi\/","title":{"rendered":"\u201cN\u0259rmin i\u015fi\u201d: Meyiti m\u00fcayin\u0259 ed\u0259n ekspert cavab ver\u0259 bilm\u0259di"},"content":{"rendered":"\n<p><\/p>\n\n\n\n<p><em>\u0130lkin S\u00fcleymanovun b\u0259d\u0259nind\u0259 x\u0259sar\u0259t olmad\u0131\u011f\u0131n\u0131 yazan da eyni ekspert imi\u015f<\/em><\/p>\n\n\n\n<p>Tovuz rayonunun Dondar Qu\u015f\u00e7u k\u0259ndind\u0259 10 ya\u015fl\u0131 N\u0259rmin Quliyevan\u0131n itkin d\u00fc\u015fm\u0259si, 47 g\u00fcn sonra k\u0259ndd\u0259 yanm\u0131\u015f meyitin tap\u0131lmas\u0131yla ba\u011fl\u0131 G\u0259nc\u0259 A\u011f\u0131r Cinay\u0259tl\u0259r M\u0259hk\u0259m\u0259sind\u0259 ara\u015fd\u0131rmalar iki il\u0259 yax\u0131nd\u0131r ki, davam edir. Azya\u015fl\u0131n\u0131 o\u011furlay\u0131b \u00f6ld\u00fcrm\u0259kd\u0259 ittiham olunan \u0130lkin S\u00fcleymanovun i\u015fi \u00fczr\u0259 bud\u0259f\u0259ki m\u0259hk\u0259m\u0259 iclas\u0131nda Tovuz rayon m\u0259hk\u0259m\u0259-tibb eksperti Nurlan Abbasov \u015fahid qismind\u0259 dindirilib. O, 2020-ci il yanvar\u0131n 6-da Dondar Qu\u015f\u00e7u k\u0259ndind\u0259 tap\u0131lm\u0131\u015f yanm\u0131\u015f meyitin m\u00fcayin\u0259sil\u0259 ba\u011fl\u0131 r\u0259y\u0259 imza atm\u0131\u015f ekspertl\u0259rd\u0259n biridir.<\/p>\n\n\n\n<p>O, \u0130lkin S\u00fcleymanovun v\u0259kill\u0259rinin suallar\u0131n\u0131n bir \u00e7oxuna \u201ccavab ver\u0259 bilmir\u0259m\u201d, xat\u0131rlam\u0131ram\u201d, h\u0259tta b\u0259z\u0259n \u201ccavab verm\u0259kd\u0259n imtina edir\u0259m\u201d kimi cavablar verib.<\/p>\n\n\n\n<p>Ekspertl\u0259r bu meyitl\u0259 ba\u011fl\u0131 \u201cbir momentli yanma\u201d r\u0259yi verib. Y\u0259ni meyit bir d\u0259f\u0259 yand\u0131r\u0131l\u0131b.<\/p>\n\n\n\n<p>Lakin m\u00fcdafi\u0259 t\u0259r\u0259fi ara\u015fd\u0131rmalardan sonra bel\u0259 n\u0259tic\u0259y\u0259 g\u0259lib ki, s\u00f6z\u00fcged\u0259n meyit \u0259vv\u0259lc\u0259d\u0259n ba\u015fqa yerd\u0259 yand\u0131r\u0131l\u0131b. Sonradan onun \u0259ynin\u0259 paltar geyindirilib. Bir daha \u0130lkin S\u00fcleymanovgilin evinin yax\u0131nl\u0131\u011f\u0131nda yand\u0131r\u0131l\u0131b. V\u0259kill\u0259r deyir ki, onlar\u0131n bu n\u0259tic\u0259y\u0259 g\u0259lm\u0259sin\u0259 \u0259sas ver\u0259n hallar var. Bunlardan biri hadis\u0259 yerind\u0259n tap\u0131lan paltarlarla ba\u011fl\u0131d\u0131r. B\u0259d\u0259nin el\u0259 hiss\u0259l\u0259ri var ki, onlar k\u00f6m\u00fcrl\u0259\u015fm\u0259 h\u0259ddind\u0259 yan\u0131b, amma paltarlar\u0131n o hiss\u0259l\u0259ri tam salamatd\u0131r.<\/p>\n\n\n\n<p>Bundan ba\u015fqa, \u0259vv\u0259lki m\u0259hk\u0259m\u0259 iclas\u0131nda dindiril\u0259n ekspert Seyfulla \u0130sg\u0259nd\u0259rovdan v\u0259kill\u0259r soru\u015fmu\u015fdu ki, 100 qram dizel yanaca\u011f\u0131 il\u0259 5 d\u0259qiq\u0259 40 saniy\u0259 \u0259rzind\u0259 meyit k\u00f6m\u00fcrl\u0259\u015fm\u0259 h\u0259ddind\u0259 yan\u0131b, bu v\u0259ziyy\u0259t\u0259 d\u00fc\u015f\u0259 bil\u0259rdimi? Ekspert \u201cyox\u201d demi\u015fdi. <\/p>\n\n\n\n<p>Bu s\u0259b\u0259bd\u0259n v\u0259kill\u0259r ekspert Nurlan Abbasovdan meyitin bir d\u0259f\u0259 yand\u0131r\u0131lmas\u0131 haqda verdiyi r\u0259yi \u0259sasland\u0131rmas\u0131n\u0131 ist\u0259yibl\u0259r.<\/p>\n\n\n\n<p>\u201c<em>M\u0259n bu suala cavab ver\u0259 bilm\u0259r\u0259m\u201d<\/em>, &#8211; Nurlan Abbasov bel\u0259 deyib.<\/p>\n\n\n\n<p>V\u0259kill\u0259r ondan sintetik paltar yanmad\u0131\u011f\u0131 halda, b\u0259d\u0259nin h\u0259min hiss\u0259sinin tam yanmas\u0131n\u0131n m\u00fcmk\u00fcn olub-olmamas\u0131 haqda soru\u015fublar. Nurlan Abbasov bel\u0259 cavab verib: <em>\u201cBu, ola bil\u0259r&#8230;<\/em>\u201d.<\/p>\n\n\n\n<p>V\u0259kil Zabil Q\u0259hr\u0259manov bu ekspertd\u0259n \u0130lkin S\u00fcleymanovu hardan tan\u0131d\u0131\u011f\u0131n\u0131, \u0259vv\u0259ll\u0259r g\u00f6r\u00fcb-g\u00f6rm\u0259diyini soru\u015fub. O bildirib ki, ilk d\u0259f\u0259 polis \u015f\u00f6b\u0259sind\u0259 g\u00f6r\u00fcb, daha sonra is\u0259 mediada, telekanallarda. Lakin v\u0259kilin dig\u0259r suallar\u0131ndan sonra ekspert \u0130lkin S\u00fcleymanovu polis \u015f\u00f6b\u0259sind\u0259 g\u00f6rm\u0259si haqda az \u00f6nc\u0259 dediyi cavab\u0131 d\u0259yi\u015fm\u0259y\u0259 cal\u0131\u015f\u0131b. M\u0259lum olub ki, \u0130lkin S\u00fcleymanov h\u0259bs olundu\u011fu ilk g\u00fcnl\u0259rd\u0259 onun i\u015fg\u0259nc\u0259y\u0259 m\u0259ruz qalmamas\u0131 \u2013 \u00fcz\u0259rind\u0259 x\u0259sar\u0259t izl\u0259rinin olmamas\u0131 haqda r\u0259y vermi\u015f ekspert d\u0259 bu imi\u015f. Ekspert r\u0259yind\u0259 \u0130lkin S\u00fcleymanovun ekspertiza \u015f\u00f6b\u0259sind\u0259 m\u00fcayin\u0259d\u0259n ke\u00e7irildiyi yaz\u0131l\u0131b. Lakin o, v\u0259kilin sual\u0131na cavab ver\u0259rk\u0259n \u00f6z\u00fc d\u0259 f\u0259rqin\u0259 varmadan \u0130lkin S\u00fcleymanovu polis \u015f\u00f6b\u0259sind\u0259 g\u00f6rd\u00fcy\u00fcn\u00fc dedi.<\/p>\n\n\n<div class=\"wp-block-image\">\n<figure class=\"aligncenter size-full\"><img decoding=\"async\" width=\"1024\" height=\"637\" data-src=\"https:\/\/www.meydan.tv\/wp-content\/uploads\/photo-2022-11-26-16-38-06-e1669554838749.jpg\" alt=\"\" class=\"wp-image-261892 lazyload\" src=\"data:image\/svg+xml;base64,PHN2ZyB3aWR0aD0iMSIgaGVpZ2h0PSIxIiB4bWxucz0iaHR0cDovL3d3dy53My5vcmcvMjAwMC9zdmciPjwvc3ZnPg==\" style=\"--smush-placeholder-width: 1024px; --smush-placeholder-aspect-ratio: 1024\/637;\" \/><figcaption class=\"wp-element-caption\">Zabil Q\u0259hr\u0259manov. Foto: Meydan TV<\/figcaption><\/figure>\n<\/div>\n\n\n<p>\u0130lkin S\u00fcleymanov ifad\u0259sind\u0259 bildirmi\u015fdi ki, Tovuz Rayon Polis \u015e\u00f6b\u0259sind\u0259 i\u015fg\u0259nc\u0259l\u0259r\u0259 m\u0259ruz qald\u0131qdan v\u0259 etiraf ifad\u0259sin\u0259 imza atd\u0131qdan sonra ora eksperti g\u0259tiribl\u0259r. H\u0259min vaxt \u00fcz\u0259rind\u0259 g\u00f6zl\u0259 g\u00f6r\u00fcn\u0259n \u00e7oxsayl\u0131 x\u0259sar\u0259tl\u0259r olub. Lakin ekspert onlar\u0131n he\u00e7 birini r\u0259yd\u0259 g\u00f6st\u0259rm\u0259yib. \u00d6z\u00fc d\u0259 polis \u015f\u00f6b\u0259sind\u0259 saxland\u0131\u011f\u0131n\u0131 n\u0259z\u0259r\u0259 alaraq, h\u0259min x\u0259sar\u0259tl\u0259ri y\u0131x\u0131lma n\u0259tic\u0259sind\u0259 ald\u0131\u011f\u0131n\u0131 deyib.<\/p>\n\n\n\n<p>\u0130lkin S\u00fcleymanov mart\u0131n 15-d\u0259 m\u0259hk\u0259m\u0259d\u0259 Nurlan Abbasova bu haqda da sual verib:<\/p>\n\n\n\n<p><em>\u201cPolis \u015f\u00f6b\u0259sind\u0259 saxlan\u0131lan \u015f\u0259xsin \u00fcst\u00fcnd\u0259 g\u00f6zl\u0259 g\u00f6r\u00fcn\u0259n x\u0259sar\u0259tl\u0259r var, amma onun \u00f6z\u00fc d\u00f6y\u00fclm\u0259diyini deyir. Bu halda, siz o x\u0259sar\u0259tl\u0259ri r\u0259yinizd\u0259 qeyd edirsiz, yoxsa yox?\u201d.<\/em><\/p>\n\n\n\n<p>Ekspert onun sual\u0131na cavab olaraq, \u201c\u0259lb\u0259tt\u0259, qeyd edirik\u201d deyib.<\/p>\n\n\n\n<p>\u0130lkin S\u00fcleymanovun s\u00f6zl\u0259rin\u0259 g\u00f6r\u0259, onunla ba\u011fl\u0131 halda is\u0259 Nurlan Abbasov x\u0259sar\u0259tl\u0259ri g\u00f6z\u00fcyl\u0259 g\u00f6rs\u0259 d\u0259, he\u00e7 birini qeyd etm\u0259mi\u015fdi.<\/p>\n\n\n\n<p>\u0130lkin S\u00fcleymanovun Bak\u0131 \u0130stintaq T\u0259cridxanas\u0131ndak\u0131 kamera yolda\u015flar\u0131 m\u0259hk\u0259m\u0259d\u0259 dindiril\u0259nd\u0259 d\u0259 bildirmi\u015fdil\u0259r ki, o, t\u0259cridxanaya k\u00f6\u00e7\u00fcr\u00fcl\u0259nd\u0259 onun \u00fcz\u0259rind\u0259 xeyli x\u0259sar\u0259tl\u0259r vard\u0131. Uzun m\u00fcdd\u0259t onun yaralar\u0131na d\u0259rman s\u00fcrt\u00fcb, onun sa\u011falmas\u0131na yard\u0131m edibl\u0259r.<\/p>\n\n\n\n<p>\u0130lkin S\u00fcleymanovun i\u015fi \u00fczr\u0259 m\u0259hk\u0259m\u0259 prosesi mart\u0131n 29-da davam ed\u0259c\u0259k.<\/p>\n\n\n\n<p>1973-c\u00fc il t\u0259v\u0259ll\u00fcdl\u00fc \u0130lkin S\u00fcleymanov Cinay\u0259t M\u0259c\u0259ll\u0259sinin 120.2.4 (x\u00fcsusi amans\u0131zl\u0131qla q\u0259sd\u0259n adam \u00f6ld\u00fcrm\u0259), 120.2.9 (t\u0259qsirkar \u015f\u0259xs \u00fc\u00e7\u00fcn a\u015fkar sur\u0259td\u0259 k\u00f6m\u0259ksiz v\u0259ziyy\u0259td\u0259 olan adam\u0131 q\u0259sd\u0259n \u00f6ld\u00fcrm\u0259), 133.2.1 (o\u011furlanm\u0131\u015f \u015f\u0259xs\u0259 \u0259zab verm\u0259), 133.2.4 (yetkinlik ya\u015f\u0131na \u00e7atmayan, k\u00f6m\u0259ksiz v\u0259ziyy\u0259td\u0259 olan \u015f\u0259xs\u0259 \u0259zab verm\u0259), 144-c\u00fc (adam o\u011furlu\u011fu) madd\u0259l\u0259ril\u0259 ittiham olunur.<\/p>\n\n\n\n<p>\u0130ttihama \u0259sas\u0259n, o, sinif yolda\u015f\u0131 \u015e\u0259rif Quliyevin ail\u0259si, u\u015faqlar\u0131 oldu\u011funa g\u00f6r\u0259 onu q\u0131sqan\u0131b, buna g\u00f6r\u0259 d\u0259 onun q\u0131z\u0131 N\u0259rmini o\u011furlayaraq, 47 g\u00fcn sonra q\u0259tl\u0259 yetirib.<\/p>\n\n\n\n<p>\u0130lkin S\u00fcleymanov is\u0259 azya\u015fl\u0131n\u0131n \u00f6l\u00fcm\u00fcn\u0259 aidiyy\u0259ti olmad\u0131\u011f\u0131n\u0131 deyir. \u0130lkin ifad\u0259sind\u0259ki etirafa g\u0259linc\u0259, o bildirib ki, 2020-ci il yanvar\u0131n 6-dan 10-na q\u0259d\u0259r Tovuz rayon Polis \u015e\u00f6b\u0259sind\u0259 i\u015fg\u0259nc\u0259y\u0259 m\u0259ruz qal\u0131b. D\u00f6rd g\u00fcn sonra i\u015fg\u0259nc\u0259l\u0259r\u0259 d\u00f6zm\u0259y\u0259r\u0259k, etiraf ifad\u0259sin\u0259 imza atma\u011fa m\u0259cbur olub.<\/p>\n\n\n\n<p>Ba\u015f Prokurorluq is\u0259 i\u015fg\u0259nc\u0259 iddialar\u0131n\u0131 t\u0259kzib edib.<\/p>\n","protected":false},"excerpt":{"rendered":"<p>\u0130lkin S\u00fcleymanovun b\u0259d\u0259nind\u0259 x\u0259sar\u0259t olmad\u0131\u011f\u0131n\u0131 yazan da eyni ekspert imi\u015f &#8230; <\/p>\n<p class=\"read-more-container\"><a title=\"\u201cN\u0259rmin i\u015fi\u201d: Meyiti m\u00fcayin\u0259 ed\u0259n ekspert cavab ver\u0259 bilm\u0259di\" class=\"read-more button\" href=\"https:\/\/www.meydan.tv\/az\/article\/nermin-isi-meyiti-muayine-eden-ekspert-cavab-vere-bilmedi\/#more-270864\" aria-label=\"Read more about \u201cN\u0259rmin i\u015fi\u201d: Meyiti m\u00fcayin\u0259 ed\u0259n ekspert cavab ver\u0259 bilm\u0259di\">Davam\u0131<\/a><\/p>\n","protected":false},"author":8,"featured_media":241424,"comment_status":"closed","ping_status":"closed","sticky":false,"template":"","format":"standard","meta":{"_acf_changed":false,"_sitemap_exclude":false,"_sitemap_priority":"","_sitemap_frequency":"","footnotes":""},"categories":[60,88,56],"tags":[],"class_list":["post-270864","post","type-post","status-publish","format-standard","has-post-thumbnail","hentry","category-bolge","category-redaktor-secimi","category-xeberler","infinite-scroll-item","generate-columns","tablet-grid-50","mobile-grid-100","grid-parent","grid-33","no-featured-image-padding"],"acf":[],"yoast_head":"<!-- This site is optimized with the Yoast SEO plugin v27.5 - https:\/\/yoast.com\/product\/yoast-seo-wordpress\/ -->\n<title>\u201cN\u0259rmin i\u015fi\u201d: Meyiti m\u00fcayin\u0259 ed\u0259n ekspert cavab ver\u0259 bilm\u0259di - MEYDAN.TV<\/title>\n<meta name=\"robots\" content=\"index, follow, max-snippet:-1, max-image-preview:large, max-video-preview:-1\" \/>\n<link rel=\"canonical\" href=\"https:\/\/www.meydan.tv\/az\/article\/nermin-isi-meyiti-muayine-eden-ekspert-cavab-vere-bilmedi\/\" \/>\n<meta property=\"og:locale\" content=\"az_AZ\" \/>\n<meta property=\"og:type\" content=\"article\" \/>\n<meta property=\"og:title\" content=\"\u201cN\u0259rmin i\u015fi\u201d: Meyiti m\u00fcayin\u0259 ed\u0259n ekspert cavab ver\u0259 bilm\u0259di - MEYDAN.TV\" \/>\n<meta property=\"og:description\" content=\"\u0130lkin S\u00fcleymanovun b\u0259d\u0259nind\u0259 x\u0259sar\u0259t olmad\u0131\u011f\u0131n\u0131 yazan da eyni ekspert imi\u015f ... Davam\u0131\" \/>\n<meta property=\"og:url\" content=\"https:\/\/www.meydan.tv\/az\/article\/nermin-isi-meyiti-muayine-eden-ekspert-cavab-vere-bilmedi\/\" \/>\n<meta property=\"og:site_name\" content=\"MEYDAN.TV\" \/>\n<meta property=\"article:published_time\" content=\"2023-03-16T09:23:04+00:00\" \/>\n<meta property=\"article:modified_time\" content=\"2023-03-16T09:23:07+00:00\" \/>\n<meta property=\"og:image\" content=\"https:\/\/www.meydan.tv\/wp-content\/uploads\/photo-2022-04-11-16-04-01-e1649746574597.jpg\" \/>\n\t<meta property=\"og:image:width\" content=\"1200\" \/>\n\t<meta property=\"og:image:height\" content=\"711\" \/>\n\t<meta property=\"og:image:type\" content=\"image\/jpeg\" \/>\n<meta name=\"author\" content=\"elli\" \/>\n<meta name=\"twitter:card\" content=\"summary_large_image\" \/>\n<meta name=\"twitter:creator\" content=\"@elli\" \/>\n<script type=\"application\/ld+json\" class=\"yoast-schema-graph\">{\"@context\":\"https:\\\/\\\/schema.org\",\"@graph\":[{\"@type\":\"Article\",\"@id\":\"https:\\\/\\\/www.meydan.tv\\\/az\\\/article\\\/nermin-isi-meyiti-muayine-eden-ekspert-cavab-vere-bilmedi\\\/#article\",\"isPartOf\":{\"@id\":\"https:\\\/\\\/www.meydan.tv\\\/az\\\/article\\\/nermin-isi-meyiti-muayine-eden-ekspert-cavab-vere-bilmedi\\\/\"},\"author\":{\"name\":\"elli\",\"@id\":\"https:\\\/\\\/www.meydan.tv\\\/az\\\/#\\\/schema\\\/person\\\/9cdbecf90d17180ce1dfbd95b08dcf47\"},\"headline\":\"\u201cN\u0259rmin i\u015fi\u201d: Meyiti m\u00fcayin\u0259 ed\u0259n ekspert cavab ver\u0259 bilm\u0259di\",\"datePublished\":\"2023-03-16T09:23:04+00:00\",\"dateModified\":\"2023-03-16T09:23:07+00:00\",\"mainEntityOfPage\":{\"@id\":\"https:\\\/\\\/www.meydan.tv\\\/az\\\/article\\\/nermin-isi-meyiti-muayine-eden-ekspert-cavab-vere-bilmedi\\\/\"},\"wordCount\":1064,\"publisher\":{\"@id\":\"https:\\\/\\\/www.meydan.tv\\\/az\\\/#organization\"},\"image\":{\"@id\":\"https:\\\/\\\/www.meydan.tv\\\/az\\\/article\\\/nermin-isi-meyiti-muayine-eden-ekspert-cavab-vere-bilmedi\\\/#primaryimage\"},\"thumbnailUrl\":\"https:\\\/\\\/www.meydan.tv\\\/wp-content\\\/uploads\\\/photo-2022-04-11-16-04-01-e1685950918665.jpg\",\"articleSection\":[\"B\u00f6lg\u0259\",\"Redaktor se\u00e7imi\",\"X\u0259b\u0259rl\u0259r\"],\"inLanguage\":\"az\"},{\"@type\":\"WebPage\",\"@id\":\"https:\\\/\\\/www.meydan.tv\\\/az\\\/article\\\/nermin-isi-meyiti-muayine-eden-ekspert-cavab-vere-bilmedi\\\/\",\"url\":\"https:\\\/\\\/www.meydan.tv\\\/az\\\/article\\\/nermin-isi-meyiti-muayine-eden-ekspert-cavab-vere-bilmedi\\\/\",\"name\":\"\u201cN\u0259rmin i\u015fi\u201d: Meyiti m\u00fcayin\u0259 ed\u0259n ekspert cavab ver\u0259 bilm\u0259di - MEYDAN.TV\",\"isPartOf\":{\"@id\":\"https:\\\/\\\/www.meydan.tv\\\/az\\\/#website\"},\"primaryImageOfPage\":{\"@id\":\"https:\\\/\\\/www.meydan.tv\\\/az\\\/article\\\/nermin-isi-meyiti-muayine-eden-ekspert-cavab-vere-bilmedi\\\/#primaryimage\"},\"image\":{\"@id\":\"https:\\\/\\\/www.meydan.tv\\\/az\\\/article\\\/nermin-isi-meyiti-muayine-eden-ekspert-cavab-vere-bilmedi\\\/#primaryimage\"},\"thumbnailUrl\":\"https:\\\/\\\/www.meydan.tv\\\/wp-content\\\/uploads\\\/photo-2022-04-11-16-04-01-e1685950918665.jpg\",\"datePublished\":\"2023-03-16T09:23:04+00:00\",\"dateModified\":\"2023-03-16T09:23:07+00:00\",\"breadcrumb\":{\"@id\":\"https:\\\/\\\/www.meydan.tv\\\/az\\\/article\\\/nermin-isi-meyiti-muayine-eden-ekspert-cavab-vere-bilmedi\\\/#breadcrumb\"},\"inLanguage\":\"az\",\"potentialAction\":[{\"@type\":\"ReadAction\",\"target\":[\"https:\\\/\\\/www.meydan.tv\\\/az\\\/article\\\/nermin-isi-meyiti-muayine-eden-ekspert-cavab-vere-bilmedi\\\/\"]}]},{\"@type\":\"ImageObject\",\"inLanguage\":\"az\",\"@id\":\"https:\\\/\\\/www.meydan.tv\\\/az\\\/article\\\/nermin-isi-meyiti-muayine-eden-ekspert-cavab-vere-bilmedi\\\/#primaryimage\",\"url\":\"https:\\\/\\\/www.meydan.tv\\\/wp-content\\\/uploads\\\/photo-2022-04-11-16-04-01-e1685950918665.jpg\",\"contentUrl\":\"https:\\\/\\\/www.meydan.tv\\\/wp-content\\\/uploads\\\/photo-2022-04-11-16-04-01-e1685950918665.jpg\",\"width\":1200,\"height\":450,\"caption\":\"\u0130lkin S\u00fcleymanov. Foto: Meydan TV\"},{\"@type\":\"BreadcrumbList\",\"@id\":\"https:\\\/\\\/www.meydan.tv\\\/az\\\/article\\\/nermin-isi-meyiti-muayine-eden-ekspert-cavab-vere-bilmedi\\\/#breadcrumb\",\"itemListElement\":[{\"@type\":\"ListItem\",\"position\":1,\"name\":\"Ana s\u0259hif\u0259\",\"item\":\"https:\\\/\\\/www.meydan.tv\\\/az\\\/\"},{\"@type\":\"ListItem\",\"position\":2,\"name\":\"B\u00f6lg\u0259\",\"item\":\"https:\\\/\\\/www.meydan.tv\\\/az\\\/section\\\/bolge\\\/\"},{\"@type\":\"ListItem\",\"position\":3,\"name\":\"\u201cN\u0259rmin i\u015fi\u201d: Meyiti m\u00fcayin\u0259 ed\u0259n ekspert cavab ver\u0259 bilm\u0259di\"}]},{\"@type\":\"WebSite\",\"@id\":\"https:\\\/\\\/www.meydan.tv\\\/az\\\/#website\",\"url\":\"https:\\\/\\\/www.meydan.tv\\\/az\\\/\",\"name\":\"MEYDAN.TV\",\"description\":\"Meydan TV Az\u0259rbaycan\u0131n media m\u0259kan\u0131ndak\u0131 alternativ s\u0259sidir\",\"publisher\":{\"@id\":\"https:\\\/\\\/www.meydan.tv\\\/az\\\/#organization\"},\"potentialAction\":[{\"@type\":\"SearchAction\",\"target\":{\"@type\":\"EntryPoint\",\"urlTemplate\":\"https:\\\/\\\/www.meydan.tv\\\/az\\\/?s={search_term_string}\"},\"query-input\":{\"@type\":\"PropertyValueSpecification\",\"valueRequired\":true,\"valueName\":\"search_term_string\"}}],\"inLanguage\":\"az\"},{\"@type\":\"Organization\",\"@id\":\"https:\\\/\\\/www.meydan.tv\\\/az\\\/#organization\",\"name\":\"Meydan TV\",\"url\":\"https:\\\/\\\/www.meydan.tv\\\/az\\\/\",\"logo\":{\"@type\":\"ImageObject\",\"inLanguage\":\"az\",\"@id\":\"https:\\\/\\\/www.meydan.tv\\\/az\\\/#\\\/schema\\\/logo\\\/image\\\/\",\"url\":\"https:\\\/\\\/www.meydan.tv\\\/wp-content\\\/uploads\\\/2021\\\/07\\\/meydan-logo.svg\",\"contentUrl\":\"https:\\\/\\\/www.meydan.tv\\\/wp-content\\\/uploads\\\/2021\\\/07\\\/meydan-logo.svg\",\"width\":195,\"height\":46,\"caption\":\"Meydan TV\"},\"image\":{\"@id\":\"https:\\\/\\\/www.meydan.tv\\\/az\\\/#\\\/schema\\\/logo\\\/image\\\/\"}},{\"@type\":\"Person\",\"@id\":\"https:\\\/\\\/www.meydan.tv\\\/az\\\/#\\\/schema\\\/person\\\/9cdbecf90d17180ce1dfbd95b08dcf47\",\"name\":\"elli\",\"sameAs\":[\"https:\\\/\\\/x.com\\\/elli\"]}]}<\/script>\n<!-- \/ Yoast SEO plugin. -->","yoast_head_json":{"title":"\u201cN\u0259rmin i\u015fi\u201d: Meyiti m\u00fcayin\u0259 ed\u0259n ekspert cavab ver\u0259 bilm\u0259di - MEYDAN.TV","robots":{"index":"index","follow":"follow","max-snippet":"max-snippet:-1","max-image-preview":"max-image-preview:large","max-video-preview":"max-video-preview:-1"},"canonical":"https:\/\/www.meydan.tv\/az\/article\/nermin-isi-meyiti-muayine-eden-ekspert-cavab-vere-bilmedi\/","og_locale":"az_AZ","og_type":"article","og_title":"\u201cN\u0259rmin i\u015fi\u201d: Meyiti m\u00fcayin\u0259 ed\u0259n ekspert cavab ver\u0259 bilm\u0259di - MEYDAN.TV","og_description":"\u0130lkin S\u00fcleymanovun b\u0259d\u0259nind\u0259 x\u0259sar\u0259t olmad\u0131\u011f\u0131n\u0131 yazan da eyni ekspert imi\u015f ... Davam\u0131","og_url":"https:\/\/www.meydan.tv\/az\/article\/nermin-isi-meyiti-muayine-eden-ekspert-cavab-vere-bilmedi\/","og_site_name":"MEYDAN.TV","article_published_time":"2023-03-16T09:23:04+00:00","article_modified_time":"2023-03-16T09:23:07+00:00","og_image":[{"width":1200,"height":711,"url":"https:\/\/www.meydan.tv\/wp-content\/uploads\/photo-2022-04-11-16-04-01-e1649746574597.jpg","type":"image\/jpeg"}],"author":"elli","twitter_card":"summary_large_image","twitter_creator":"@elli","schema":{"@context":"https:\/\/schema.org","@graph":[{"@type":"Article","@id":"https:\/\/www.meydan.tv\/az\/article\/nermin-isi-meyiti-muayine-eden-ekspert-cavab-vere-bilmedi\/#article","isPartOf":{"@id":"https:\/\/www.meydan.tv\/az\/article\/nermin-isi-meyiti-muayine-eden-ekspert-cavab-vere-bilmedi\/"},"author":{"name":"elli","@id":"https:\/\/www.meydan.tv\/az\/#\/schema\/person\/9cdbecf90d17180ce1dfbd95b08dcf47"},"headline":"\u201cN\u0259rmin i\u015fi\u201d: Meyiti m\u00fcayin\u0259 ed\u0259n ekspert cavab ver\u0259 bilm\u0259di","datePublished":"2023-03-16T09:23:04+00:00","dateModified":"2023-03-16T09:23:07+00:00","mainEntityOfPage":{"@id":"https:\/\/www.meydan.tv\/az\/article\/nermin-isi-meyiti-muayine-eden-ekspert-cavab-vere-bilmedi\/"},"wordCount":1064,"publisher":{"@id":"https:\/\/www.meydan.tv\/az\/#organization"},"image":{"@id":"https:\/\/www.meydan.tv\/az\/article\/nermin-isi-meyiti-muayine-eden-ekspert-cavab-vere-bilmedi\/#primaryimage"},"thumbnailUrl":"https:\/\/www.meydan.tv\/wp-content\/uploads\/photo-2022-04-11-16-04-01-e1685950918665.jpg","articleSection":["B\u00f6lg\u0259","Redaktor se\u00e7imi","X\u0259b\u0259rl\u0259r"],"inLanguage":"az"},{"@type":"WebPage","@id":"https:\/\/www.meydan.tv\/az\/article\/nermin-isi-meyiti-muayine-eden-ekspert-cavab-vere-bilmedi\/","url":"https:\/\/www.meydan.tv\/az\/article\/nermin-isi-meyiti-muayine-eden-ekspert-cavab-vere-bilmedi\/","name":"\u201cN\u0259rmin i\u015fi\u201d: Meyiti m\u00fcayin\u0259 ed\u0259n ekspert cavab ver\u0259 bilm\u0259di - MEYDAN.TV","isPartOf":{"@id":"https:\/\/www.meydan.tv\/az\/#website"},"primaryImageOfPage":{"@id":"https:\/\/www.meydan.tv\/az\/article\/nermin-isi-meyiti-muayine-eden-ekspert-cavab-vere-bilmedi\/#primaryimage"},"image":{"@id":"https:\/\/www.meydan.tv\/az\/article\/nermin-isi-meyiti-muayine-eden-ekspert-cavab-vere-bilmedi\/#primaryimage"},"thumbnailUrl":"https:\/\/www.meydan.tv\/wp-content\/uploads\/photo-2022-04-11-16-04-01-e1685950918665.jpg","datePublished":"2023-03-16T09:23:04+00:00","dateModified":"2023-03-16T09:23:07+00:00","breadcrumb":{"@id":"https:\/\/www.meydan.tv\/az\/article\/nermin-isi-meyiti-muayine-eden-ekspert-cavab-vere-bilmedi\/#breadcrumb"},"inLanguage":"az","potentialAction":[{"@type":"ReadAction","target":["https:\/\/www.meydan.tv\/az\/article\/nermin-isi-meyiti-muayine-eden-ekspert-cavab-vere-bilmedi\/"]}]},{"@type":"ImageObject","inLanguage":"az","@id":"https:\/\/www.meydan.tv\/az\/article\/nermin-isi-meyiti-muayine-eden-ekspert-cavab-vere-bilmedi\/#primaryimage","url":"https:\/\/www.meydan.tv\/wp-content\/uploads\/photo-2022-04-11-16-04-01-e1685950918665.jpg","contentUrl":"https:\/\/www.meydan.tv\/wp-content\/uploads\/photo-2022-04-11-16-04-01-e1685950918665.jpg","width":1200,"height":450,"caption":"\u0130lkin S\u00fcleymanov. Foto: Meydan TV"},{"@type":"BreadcrumbList","@id":"https:\/\/www.meydan.tv\/az\/article\/nermin-isi-meyiti-muayine-eden-ekspert-cavab-vere-bilmedi\/#breadcrumb","itemListElement":[{"@type":"ListItem","position":1,"name":"Ana s\u0259hif\u0259","item":"https:\/\/www.meydan.tv\/az\/"},{"@type":"ListItem","position":2,"name":"B\u00f6lg\u0259","item":"https:\/\/www.meydan.tv\/az\/section\/bolge\/"},{"@type":"ListItem","position":3,"name":"\u201cN\u0259rmin i\u015fi\u201d: Meyiti m\u00fcayin\u0259 ed\u0259n ekspert cavab ver\u0259 bilm\u0259di"}]},{"@type":"WebSite","@id":"https:\/\/www.meydan.tv\/az\/#website","url":"https:\/\/www.meydan.tv\/az\/","name":"MEYDAN.TV","description":"Meydan TV Az\u0259rbaycan\u0131n media m\u0259kan\u0131ndak\u0131 alternativ s\u0259sidir","publisher":{"@id":"https:\/\/www.meydan.tv\/az\/#organization"},"potentialAction":[{"@type":"SearchAction","target":{"@type":"EntryPoint","urlTemplate":"https:\/\/www.meydan.tv\/az\/?s={search_term_string}"},"query-input":{"@type":"PropertyValueSpecification","valueRequired":true,"valueName":"search_term_string"}}],"inLanguage":"az"},{"@type":"Organization","@id":"https:\/\/www.meydan.tv\/az\/#organization","name":"Meydan TV","url":"https:\/\/www.meydan.tv\/az\/","logo":{"@type":"ImageObject","inLanguage":"az","@id":"https:\/\/www.meydan.tv\/az\/#\/schema\/logo\/image\/","url":"https:\/\/www.meydan.tv\/wp-content\/uploads\/2021\/07\/meydan-logo.svg","contentUrl":"https:\/\/www.meydan.tv\/wp-content\/uploads\/2021\/07\/meydan-logo.svg","width":195,"height":46,"caption":"Meydan TV"},"image":{"@id":"https:\/\/www.meydan.tv\/az\/#\/schema\/logo\/image\/"}},{"@type":"Person","@id":"https:\/\/www.meydan.tv\/az\/#\/schema\/person\/9cdbecf90d17180ce1dfbd95b08dcf47","name":"elli","sameAs":["https:\/\/x.com\/elli"]}]}},"_links":{"self":[{"href":"https:\/\/www.meydan.tv\/az\/wp-json\/wp\/v2\/posts\/270864","targetHints":{"allow":["GET"]}}],"collection":[{"href":"https:\/\/www.meydan.tv\/az\/wp-json\/wp\/v2\/posts"}],"about":[{"href":"https:\/\/www.meydan.tv\/az\/wp-json\/wp\/v2\/types\/post"}],"author":[{"embeddable":true,"href":"https:\/\/www.meydan.tv\/az\/wp-json\/wp\/v2\/users\/8"}],"replies":[{"embeddable":true,"href":"https:\/\/www.meydan.tv\/az\/wp-json\/wp\/v2\/comments?post=270864"}],"version-history":[{"count":1,"href":"https:\/\/www.meydan.tv\/az\/wp-json\/wp\/v2\/posts\/270864\/revisions"}],"predecessor-version":[{"id":270866,"href":"https:\/\/www.meydan.tv\/az\/wp-json\/wp\/v2\/posts\/270864\/revisions\/270866"}],"wp:featuredmedia":[{"embeddable":true,"href":"https:\/\/www.meydan.tv\/az\/wp-json\/wp\/v2\/media\/241424"}],"wp:attachment":[{"href":"https:\/\/www.meydan.tv\/az\/wp-json\/wp\/v2\/media?parent=270864"}],"wp:term":[{"taxonomy":"category","embeddable":true,"href":"https:\/\/www.meydan.tv\/az\/wp-json\/wp\/v2\/categories?post=270864"},{"taxonomy":"post_tag","embeddable":true,"href":"https:\/\/www.meydan.tv\/az\/wp-json\/wp\/v2\/tags?post=270864"}],"curies":[{"name":"wp","href":"https:\/\/api.w.org\/{rel}","templated":true}]}}