{"id":270693,"date":"2023-03-14T15:04:56","date_gmt":"2023-03-14T11:04:56","guid":{"rendered":"https:\/\/www.meydan.tv\/?p=270693"},"modified":"2023-03-14T15:05:03","modified_gmt":"2023-03-14T11:05:03","slug":"bos-qalmis-kend-evleri","status":"publish","type":"post","link":"https:\/\/www.meydan.tv\/az\/article\/bos-qalmis-kend-evleri\/","title":{"rendered":"Bo\u015f qalm\u0131\u015f k\u0259nd evl\u0259ri"},"content":{"rendered":"\n<p><\/p>\n\n\n\n<p><em><strong>Dolan\u0131\u015f\u0131q \u00fc\u00e7\u00fcn Bak\u0131ya \u00fcz tutanlar\u0131n say\u0131n\u0131n artd\u0131\u011f\u0131 bildirilir<\/strong><br><\/em><br>\u201c\u015e\u0259h\u0259r varl\u0131lar \u00fc\u00e7\u00fcnd\u00fcr, kas\u0131blara h\u0259r yer eynidir. M\u0259n burada ya\u015fam\u0131ram, sad\u0259c\u0259 h\u0259r a\u015fa\u011f\u0131 t\u0259b\u0259q\u0259nin n\u00fcmay\u0259nd\u0259si kimi s\u00fcr\u00fcn\u00fcr\u0259m&#8221;.<\/p>\n\n\n\n<p>Bu s\u00f6zl\u0259ri uzun ill\u0259r \u00f6nc\u0259 k\u0259ndind\u0259n, el-obas\u0131ndan Bak\u0131ya k\u00f6\u00e7m\u00fc\u015f H\u00fcsniyy\u0259 H\u00fcseynova deyir. O da nicat yolunu Bak\u0131da g\u00f6r\u0259n minl\u0259rl\u0259 insanlardan biri kimi paytaxta \u00fcz tutsa da, k\u0259ndini unuda bilmir, imkan olan kimi oraya qay\u0131daca\u011f\u0131n\u0131 d\u00fc\u015f\u00fcn\u00fcr.<\/p>\n\n\n\n<p>2021-\u0441i ilin \u0259vv\u0259lin\u0259 olan statistikaya g\u00f6r\u0259 Bak\u0131da 2 milyon 300,5 min n\u0259f\u0259r \u0259hali r\u0259smi qaydada ya\u015fay\u0131r. \u018fhalinin s\u0131xl\u0131\u011f\u0131 is\u0259 1 km\u00b2 \u00fc\u00e7\u00fcn 1075 n\u0259f\u0259r t\u0259\u015fkil edir. Bu, onu g\u00f6st\u0259rir ki, Bak\u0131 \u015f\u0259h\u0259rind\u0259 s\u0131xl\u0131q var. Buna baxmayaraq, k\u0259nd \u0259halisi s\u00fcr\u0259tl\u0259 \u015f\u0259h\u0259r\u0259 k\u00f6\u00e7m\u0259y\u0259 davam edir.<\/p>\n\n\n\n<p>Bel\u0259 k\u0259ndl\u0259rd\u0259n biri d\u0259 Araz \u00e7ay\u0131n\u0131n sol sahilind\u0259 yerl\u0259\u015f\u0259n, \u0130mi\u015fli rayonunun Mirili k\u0259ndidir. K\u0259nd rayon m\u0259rk\u0259zind\u0259n 17 km uzaql\u0131qda yerl\u0259\u015fir. Sakinl\u0259rin dedikl\u0259rin\u0259 g\u00f6r\u0259, 200 ild\u0259n \u00e7ox ya\u015f\u0131 olan k\u0259ndin yollar\u0131 zaman-zaman yerli imkanlar hesab\u0131na t\u0259mir edils\u0259 d\u0259, yen\u0259 b\u0259rbad v\u0259ziyy\u0259td\u0259dir. X\u00fcsusil\u0259 pay\u0131z v\u0259 q\u0131\u015f aylar\u0131nda bu yollar\u0131n v\u0259ziyy\u0259ti daha pis olur. U\u015faqlar m\u0259kt\u0259b\u0259 getm\u0259k \u00fc\u00e7\u00fcn uzunbo\u011faz \u00e7\u0259km\u0259l\u0259rd\u0259n istifad\u0259 etm\u0259y\u0259 m\u0259cburdurlar. K\u0259nd \u0259halisinin yaln\u0131z 6-7 faizi kabel internet x\u0259ttind\u0259n istifad\u0259 ed\u0259 bilir.<\/p>\n\n\n\n<figure class=\"wp-block-image size-large\"><img decoding=\"async\" width=\"1200\" height=\"540\" data-src=\"https:\/\/www.meydan.tv\/wp-content\/uploads\/foto1-1200x540.jpeg\" alt=\"\" class=\"wp-image-270690 lazyload\" src=\"data:image\/svg+xml;base64,PHN2ZyB3aWR0aD0iMSIgaGVpZ2h0PSIxIiB4bWxucz0iaHR0cDovL3d3dy53My5vcmcvMjAwMC9zdmciPjwvc3ZnPg==\" style=\"--smush-placeholder-width: 1200px; --smush-placeholder-aspect-ratio: 1200\/540;\" \/><\/figure>\n\n\n\n<p>Sakinl\u0259r deyir ki, \u0259halinin \u0259sas g\u0259lir m\u0259nb\u0259yi olan \u0259kin\u00e7ilik son on ild\u0259 getdikc\u0259 z\u0259ifl\u0259yib. Buna s\u0259b\u0259b vaxtil\u0259 \u0259n g\u0259lirli sah\u0259 olan \u0259kin\u00e7iliy\u0259 laz\u0131m\u0131nca g\u00fcbr\u0259 veril\u0259 bilm\u0259m\u0259si, eyni sah\u0259nin t\u0259krar-t\u0259krar \u0259kilm\u0259si, \u0259halinin \u015f\u0259xsi traktorlar\u0131n\u0131n ya he\u00e7 olmamas\u0131, ya da \u00e7ox k\u00f6hn\u0259 olmas\u0131 v\u0259 lizinql\u0259rin baha xidm\u0259tin\u0259 m\u00f6htacl\u0131\u011f\u0131d\u0131r.<\/p>\n\n\n\n<p>\u201c<em>H\u0259m\u00e7inin heyvandarl\u0131qda da v\u0259ziyy\u0259t \u00fcr\u0259ka\u00e7an deyil. \u018fkin sah\u0259l\u0259rinin m\u00fcxt\u0259lif s\u0259b\u0259bl\u0259rd\u0259n ne\u00e7\u0259 ill\u0259rdir laz\u0131m\u0131nca suvar\u0131la bilm\u0259m\u0259si v\u0259ziyy\u0259ti daha da d\u00f6z\u00fclm\u0259z edib\u201d,<\/em> &#8211; sakinl\u0259rd\u0259n biri Meydan TV-y\u0259 deyib.<\/p>\n\n\n\n<p>K\u0259nd sakinl\u0259ri onu da bildirdil\u0259r ki, suvarma suyunun olmamas\u0131na s\u0259b\u0259b iqlim d\u0259yi\u015fikliyi il\u0259 yana\u015f\u0131 vaxt\u0131 il\u0259 d\u00f6vl\u0259t fondu deyil\u0259n q\u0131\u015flaq sah\u0259l\u0259rin m\u00fcxt\u0259lif v\u0259zif\u0259li \u015f\u0259xsl\u0259r t\u0259r\u0259find\u0259n m\u0259nims\u0259nil\u0259r\u0259k min hektarlarla \u0259lav\u0259 \u0259kin sah\u0259l\u0259rin\u0259 \u00e7evrilm\u0259sidir.<\/p>\n\n\n\n<p>\u201c<em>Vaxtil\u0259 daha az sah\u0259l\u0259r \u00fc\u00e7\u00fcn n\u0259z\u0259rd\u0259 tutulmu\u015f su kanallar\u0131n\u0131n qar\u015f\u0131s\u0131 k\u0259sil\u0259r\u0259k, ilboyu h\u0259min sah\u0259l\u0259r\u0259 y\u00f6nl\u0259ndirilir. N\u0259tic\u0259d\u0259 k\u0259nd sakinl\u0259ri ail\u0259 b\u00fcdc\u0259sind\u0259n k\u0259s\u0259r\u0259k \u0259kdikl\u0259ri sah\u0259l\u0259ri suvara bilm\u0259dikl\u0259ri \u00fc\u00e7\u00fcn h\u0259min sah\u0259l\u0259rd\u0259n g\u0259lir \u0259ld\u0259 ed\u0259 bilmirl\u0259r\u201d,<\/em> &#8211; daha bir sakin s\u00f6yl\u0259yib.<\/p>\n\n\n\n<p>\u201c<em>Burada kim qalar? \u0130mkan\u0131, f\u0259ras\u0259ti olanlar buralardan uzaqla\u015f\u0131r. Bel\u0259 gets\u0259, \u00e7ox \u00e7\u0259km\u0259z, bu k\u0259nd tamamil\u0259 bo\u015f qalacaq\u201d<\/em>, &#8211; dey\u0259 sakin \u0259lav\u0259 edib.<\/p>\n\n\n\n<p>K\u0259nd a\u011fsaqqal\u0131, uzun m\u00fcdd\u0259t k\u0259nd m\u0259kt\u0259binin direktoru i\u015fl\u0259mi\u015f Tofiq Ta\u011f\u0131yevin dediyin\u0259 g\u00f6r\u0259 bu k\u0259ndd\u0259n Bak\u0131ya v\u0259 dig\u0259r yerl\u0259r\u0259 insanlar\u0131n k\u00f6\u00e7m\u0259si h\u0259l\u0259 Sovet d\u00f6vr\u00fcnd\u0259n ba\u015flay\u0131b. Lakin o vaxt h\u0259min adamlar azl\u0131q t\u0259\u015fkil edirmi\u015f, b\u00fct\u00fcn k\u0259nd \u00fczr\u0259 c\u0259mi 2-3 n\u0259f\u0259r. \u00d6t\u0259n \u0259srin 90-c\u0131 ill\u0259rind\u0259n ba\u015flayaraq k\u0259nd cavanlar\u0131n\u0131n k\u00f6\u00e7\u00fc h\u0259r il artma\u011fa ba\u015flay\u0131b. 2000-ci ild\u0259n sonra is\u0259 art\u0131q orta n\u0259slin n\u00fcmay\u0259nd\u0259l\u0259ri d\u0259 bu k\u00f6\u00e7\u0259 qo\u015fulub.<\/p>\n\n\n\n<p>\u201c<em>T\u0259s\u0259vv\u00fcr edirsinizmi, yurd salasan, ev tik\u0259s\u0259n, ba\u011f-ba\u011f\u00e7a \u0259k\u0259s\u0259n v\u0259 bir g\u00fcn h\u0259r \u015feyi at\u0131b buralardan ged\u0259s\u0259n? \u0130nsan\u0131 buna n\u0259 m\u0259cbur ed\u0259 bil\u0259r ax\u0131?\u201d-<\/em>Tofiq Ta\u011f\u0131yev sor\u011fulay\u0131r.<\/p>\n\n\n\n<p>\u201c<em>Vaxtil\u0259 bir sinifd\u0259 22-24 \u015fagird oxuyurdu. B\u0259z\u0259n, h\u0259tta 28-30 u\u015faq olan sinifl\u0259rimiz d\u0259 olurdu. Amma indi \u0259ks\u0259r sinifl\u0259rd\u0259 12-13 u\u015faq var. T\u0259sad\u00fcf\u0259n qon\u015fu k\u0259ndl\u0259rd\u0259n g\u0259l\u0259n \u015fagirdl\u0259r hesab\u0131na 14-15 n\u0259f\u0259r olur\u201d, &#8211; <\/em>ke\u00e7mi\u015f direktor deyib.<\/p>\n\n\n\n<p>K\u0259nd sakini \u018flizamin Qas\u0131mov bildirib ki, 1014 n\u0259f\u0259r sakini olan Mirili k\u0259ndind\u0259 haz\u0131rda 10 ev tamamil\u0259 bo\u015fdur. Proses bununla bitmir. \u015e\u0259h\u0259r\u0259 t\u0259hsil alma\u011fa ged\u0259n t\u0259l\u0259b\u0259l\u0259r t\u0259hsill\u0259rini tamamlad\u0131qdan sonra rayonda i\u015f tapmayacaqlar\u0131n\u0131, h\u0259yatlar\u0131n\u0131 ist\u0259dikl\u0259ri kimi qura bilm\u0259y\u0259c\u0259kl\u0259rini bildikl\u0259rind\u0259n Bak\u0131da qal\u0131b minimum \u0259m\u0259k haqq\u0131yla i\u015fl\u0259m\u0259y\u0259 m\u0259cbur olurlar.<\/p>\n\n\n\n<figure class=\"wp-block-image size-large\"><img decoding=\"async\" width=\"1200\" height=\"540\" data-src=\"https:\/\/www.meydan.tv\/wp-content\/uploads\/foto2-1200x540.jpeg\" alt=\"\" class=\"wp-image-270681 lazyload\" src=\"data:image\/svg+xml;base64,PHN2ZyB3aWR0aD0iMSIgaGVpZ2h0PSIxIiB4bWxucz0iaHR0cDovL3d3dy53My5vcmcvMjAwMC9zdmciPjwvc3ZnPg==\" style=\"--smush-placeholder-width: 1200px; --smush-placeholder-aspect-ratio: 1200\/540;\" \/><\/figure>\n\n\n\n<p>Sakin deyir ki, vaxtil\u0259 k\u0259ndin yax\u0131nl\u0131\u011f\u0131nda yerl\u0259\u015f\u0259n Becar\u0259 stansiyas\u0131ndan g\u00fcnd\u0259 3 s\u0259rni\u015fin qatar\u0131 Bak\u0131ya, eyni sayda da geri qay\u0131d\u0131rd\u0131:<\/p>\n\n\n\n<p><em>\u201cBizim k\u0259ndin, h\u0259m\u00e7inin qon\u015fu B\u0259cir\u0259van, A\u011fc\u00fcy\u00fcr, Qarav\u0259lli, M\u0259zr\u0259li, Naharl\u0131 k\u0259ndl\u0259rinin sakinl\u0259ri d\u0259 o qatarlarla 5-6 manata rahatca Bak\u0131ya gedib-g\u0259l\u0259 bilirdil\u0259r. Sonradan h\u0259min qatarlar\u0131n h\u0259r\u0259k\u0259ti l\u0259\u011fv edildi. \u0130ndi bir n\u0259f\u0259rin Bak\u0131ya gedib qay\u0131tmas\u0131 30 manat tutur. Bunun d\u0259rdind\u0259n Bak\u0131da oxuyan t\u0259l\u0259b\u0259l\u0259rimiz aylarla evl\u0259rin\u0259 g\u0259l\u0259 bilmirl\u0259r. Bel\u0259c\u0259 k\u0259ndd\u0259n uzaqla\u015fman\u0131n \u0259sas\u0131 qoyulur. Siz d\u0259 deyirsiniz g\u0259ncl\u0259r niy\u0259 bu k\u0259ndd\u0259n k\u00f6\u00e7\u00fcrl\u0259r? Ax\u0131 g\u0259lib burada n\u0259 ed\u0259c\u0259kl\u0259r? K\u0259nd cavanlar\u0131 aras\u0131nda axtarsan 80-90 n\u0259f\u0259r diplomlu adam var. Harda i\u015fl\u0259sinl\u0259r, n\u0259 qazans\u0131nlar? Bu cavanlar aras\u0131nda el\u0259l\u0259ri var ki, 27-30 ya\u015flar\u0131 var, amma evl\u0259nm\u0259yibl\u0259r. \u00c7\u00fcnki sabaha \u00fcmidl\u0259ri yoxdur. Evl\u0259nib ail\u0259-u\u015fa\u011f\u0131 nec\u0259 saxlayacaqlar?\u201d.<\/em><\/p>\n\n\n\n<p>Haz\u0131rda Bak\u0131da ya\u015fayan k\u0259nd sakini H\u00fcsniyy\u0259 H\u00fcseynova deyir ki, f\u0259hl\u0259 \u00fc\u00e7\u00fcn, i\u015f\u00e7i \u00fc\u00e7\u00fcn \u015f\u0259h\u0259rd\u0259 ya\u015famaq \u00e7ox \u00e7\u0259tindir:<\/p>\n\n\n\n<p>\u201c<em>Burada dem\u0259k olar ki, f\u0259hl\u0259ni 12 saat i\u015fl\u0259dirl\u0259r. Bir insan\u0131 3 n\u0259f\u0259rin \u0259v\u0259zin\u0259 i\u015fl\u0259dib 1 n\u0259f\u0259rin pulunu verirl\u0259r. O pul da s\u0259nin \u00fc\u00e7\u00fcn \u015f\u0259h\u0259rd\u0259 dem\u0259k olar ki, he\u00e7 n\u0259y\u0259 yaram\u0131r. \u018fg\u0259r k\u0259ndd\u0259 yax\u015f\u0131 bir h\u0259yat \u015f\u0259raitim olsa, m\u0259nim n\u0259 i\u015fim var \u015f\u0259h\u0259rd\u0259? \u00d6z\u00fcm tibb bac\u0131s\u0131yam, k\u0259ndd\u0259 m\u00fc\u0259yy\u0259n \u00e7\u0259tinlikl\u0259r ya\u015fay\u0131rd\u0131m. Tibb m\u0259nt\u0259q\u0259si dem\u0259k olar ki, sovetin d\u00f6vr\u00fcnd\u0259 tikilib. Y\u0259ni o m\u0259nt\u0259q\u0259ni tik\u0259n adamlar\u0131n \u00f6z\u00fc d\u0259 indi sa\u011f deyil. He\u00e7 n\u0259y\u0259 yaramayan, m\u00fcasirliy\u0259 aidiyy\u0259ti olmayan bir tibb m\u0259nt\u0259q\u0259sidir. Orada i\u015fl\u0259m\u0259k m\u00fcmk\u00fcn deyil, insanlara xidm\u0259t etm\u0259k d\u0259 \u00e7ox \u00e7\u0259tindir. Bunun gec\u0259si, g\u00fcnd\u00fcz\u00fc var. K\u0259nd h\u0259yat\u0131d\u0131r, insanlar gec\u0259-g\u00fcnd\u00fcz dem\u0259d\u0259n \u00f6yr\u0259\u015fibl\u0259r ki, ehtiyac\u0131 olanda k\u00f6m\u0259y\u0259 \u00e7a\u011f\u0131rs\u0131nlar\u201d.<\/em><\/p>\n\n\n\n<figure class=\"wp-block-image size-large\"><img decoding=\"async\" width=\"1200\" height=\"540\" data-src=\"https:\/\/www.meydan.tv\/wp-content\/uploads\/foto-2-1200x540.jpeg\" alt=\"\" class=\"wp-image-270675 lazyload\" src=\"data:image\/svg+xml;base64,PHN2ZyB3aWR0aD0iMSIgaGVpZ2h0PSIxIiB4bWxucz0iaHR0cDovL3d3dy53My5vcmcvMjAwMC9zdmciPjwvc3ZnPg==\" style=\"--smush-placeholder-width: 1200px; --smush-placeholder-aspect-ratio: 1200\/540;\" \/><\/figure>\n\n\n\n<p>\u201c<em>K\u0259ndd\u0259 pis-yax\u015f\u0131 evimiz var, h\u0259y\u0259timiz, meyv\u0259 a\u011faclar\u0131m\u0131z, ki\u00e7ik t\u0259s\u0259rr\u00fcfat\u0131m\u0131z vard\u0131. Yolda\u015f\u0131m xeyli m\u00fcdd\u0259t x\u0259st\u0259 yatd\u0131 v\u0259 sonra r\u0259hm\u0259t\u0259 getdi. Evd\u0259 t\u0259k qalm\u0131\u015fd\u0131m. Bundan sonra m\u0259nim bu i\u015fl\u0259r\u0259 h\u0259m maddi, h\u0259m d\u0259 fiziki olaraq g\u00fcc\u00fcm \u00e7atmad\u0131. H\u0259min d\u00f6vrl\u0259rd\u0259 qarda\u015f\u0131m\u0131n q\u0131zlar\u0131 Bak\u0131da ali m\u0259kt\u0259b\u0259 q\u0259bul oldular. Fikirl\u0259\u015fdim ki, m\u0259n d\u0259 \u015f\u0259h\u0259r\u0259 gedim. H\u0259m onlara g\u00f6z-qulaq olaram, h\u0259m d\u0259 maddi k\u00f6m\u0259yim d\u0259y\u0259r. Bel\u0259c\u0259 m\u0259nim Bak\u0131 h\u0259yat\u0131m ba\u015flad\u0131 v\u0259 o vaxtdan da burada qalm\u0131\u015fam.&nbsp; \u018fg\u0259r \u00f6z imkan\u0131m daxilind\u0259 olsa, he\u00e7 vaxt&nbsp; Bak\u0131da ya\u015famaram. \u00c7\u00fcnki m\u0259n \u00f6z elimi-obam\u0131 sev\u0259n bir insanam. Yen\u0259 d\u0259 deyir\u0259m, \u015f\u0259h\u0259r varl\u0131lar \u00fc\u00e7\u00fcnd\u00fcr, kas\u0131blara h\u0259r yer eynidir. M\u0259n burada ya\u015fam\u0131ram, sad\u0259c\u0259 h\u0259r a\u015fa\u011f\u0131 t\u0259b\u0259q\u0259nin n\u00fcmay\u0259nd\u0259si kimi s\u00fcr\u00fcn\u00fcr\u0259m&#8221;,<\/em> &#8211; H\u00fcsniyy\u0259 H\u00fcseynova deyib.<\/p>\n\n\n\n<p>Haz\u0131rda Bak\u0131da ya\u015fayan Xanlar H\u0259s\u0259nov da k\u00f6\u00e7m\u0259 s\u0259b\u0259binin i\u015fi il\u0259 \u0259laq\u0259dar oldu\u011funu, k\u0259ndd\u0259 ail\u0259sinin dolan\u0131\u015f\u0131\u011f\u0131n\u0131 t\u0259min ed\u0259 bilm\u0259diyini s\u00f6yl\u0259yib:<\/p>\n\n\n\n<p>&#8220;<em>Bak\u0131da \u00f6z s\u0259n\u0259tim var, i\u015fimi qurmu\u015fam. Art\u0131q burda da evim, \u00e7evr\u0259m, dostlar\u0131m var. \u0130\u015fiml\u0259 \u0259laq\u0259dar k\u0259ndd\u0259n bir az k\u0259narla\u015fm\u0131\u015fam, amma u\u015faqlar\u0131m\u0131 yerb\u0259yer ed\u0259nd\u0259n sonra k\u0259nd\u0259 qay\u0131tmaq fikrind\u0259y\u0259m. D\u00fcz\u00fc, burdan \u00f6z\u00fcm d\u0259 yorulmu\u015fam, amma u\u015faqlar\u0131m k\u0259nd\u0259 qay\u0131tmaq ist\u0259mir. K\u0259ndd\u0259 indiki i\u015fim\u0259 uy\u011fun bir i\u015f yoxdur. \u018fg\u0259r olarsa, el\u0259 indi qay\u0131dard\u0131m, \u00fcst\u0259lik d\u0259 k\u0259ndd\u0259ki evim tam t\u0259mirli deyil. \u0130st\u0259yir\u0259m onu g\u0259l\u0259c\u0259yim \u00fc\u00e7\u00fcn t\u0259mir edim ki, rahat ya\u015fay\u0131m. Daha qocalanda \u0259ziyy\u0259ti olmas\u0131n&#8221;.<\/em><\/p>\n\n\n\n<figure class=\"wp-block-image size-large\"><img decoding=\"async\" width=\"1200\" height=\"540\" data-src=\"https:\/\/www.meydan.tv\/wp-content\/uploads\/foto3-1200x540.jpeg\" alt=\"\" class=\"wp-image-270678 lazyload\" src=\"data:image\/svg+xml;base64,PHN2ZyB3aWR0aD0iMSIgaGVpZ2h0PSIxIiB4bWxucz0iaHR0cDovL3d3dy53My5vcmcvMjAwMC9zdmciPjwvc3ZnPg==\" style=\"--smush-placeholder-width: 1200px; --smush-placeholder-aspect-ratio: 1200\/540;\" \/><\/figure>\n\n\n\n<p>Ba\u015fqa bir Mirili k\u0259nd sakini Xalid\u0259 Verdiyeva is\u0259 Bak\u0131ya k\u00f6\u00e7m\u0259 s\u0259b\u0259bini bel\u0259 a\u00e7\u0131qlay\u0131b:<\/p>\n\n\n\n<p>&#8220;<em>Biz k\u0259ndd\u0259 ya\u015fay\u0131rd\u0131q v\u0259 v\u0259ziyy\u0259timiz yax\u015f\u0131 idi. Evimiz vard\u0131, bostan\u0131m\u0131z, a\u011faclar\u0131m\u0131z, ba\u011f\u0131m\u0131z h\u0259r \u015feyimiz var idi. Dem\u0259k olar ki, bir ail\u0259nin ya\u015famas\u0131 \u00fc\u00e7\u00fcn bizi t\u0259min ed\u0259c\u0259k h\u0259r \u015feyimiz vard\u0131. K\u0259nd yerind\u0259 \u0259sas ya\u015fay\u0131\u015f kolxozla \u0259laq\u0259li idi. Kolxoz da\u011f\u0131ld\u0131, \u00f6zba\u015f\u0131nal\u0131q yarand\u0131. M\u0259nim d\u00f6rd u\u015fa\u011f\u0131m var. Vaxt ke\u00e7di v\u0259 u\u015faqlar\u0131mdan biri x\u0259st\u0259l\u0259ndi. Onun x\u0259st\u0259xana, h\u0259kim pulu, yol pulu kimi x\u0259rcl\u0259ri artma\u011fa ba\u015flad\u0131. H\u0259r h\u0259ft\u0259 Bak\u0131ya h\u0259kim\u0259 aparma\u011fa m\u0259cbur idik. A\u011f\u0131r x\u0259st\u0259 oldu\u011funa g\u00f6r\u0259 taksi il\u0259 getm\u0259li idik. \u00dcst\u0259lik, h\u0259kim dedi ki, u\u015faq asmotik-s\u0259t\u0259lc\u0259m x\u0259st\u0259sidir v\u0259 ya\u015fad\u0131\u011f\u0131 m\u00fchit d\u0259yi\u015film\u0259lidir. Bu \u0259r\u0259f\u0259d\u0259 d\u0259 yolda\u015f\u0131m\u0131n \u00fcr\u0259yind\u0259 problem yarand\u0131. Bel\u0259c\u0259&nbsp; o da i\u015fini itirdi. K\u0259ndd\u0259 bizim \u00fc\u00e7\u00fcn \u0259lav\u0259 he\u00e7 bir i\u015f yox idi. \u00d6z s\u0259n\u0259tini d\u0259 icra ed\u0259 bilmirdi, \u00fcst\u0259lik d\u0259 u\u015faq x\u0259st\u0259. Y\u0259ni, m\u0259cburiyy\u0259td\u0259n k\u0259ndi t\u0259rk edib \u015f\u0259h\u0259r\u0259 g\u0259ldik. Bura g\u0259l\u0259nd\u0259n sonra h\u0259m h\u0259kim\u0259 yax\u0131n olduq, h\u0259m d\u0259 i\u015f tapd\u0131q. Bel\u0259c\u0259 \u015f\u0259h\u0259rd\u0259 h\u0259yat\u0131m\u0131z ba\u015flad\u0131\u201d.<\/em><\/p>\n\n\n\n<p>\u201c<em>D\u00fczd\u00fcr, k\u0259ndl\u0259 \u0259laq\u0259miz var, tez-tez gedib-g\u0259lirik. \u00c7al\u0131\u015f\u0131ram u\u015faqlar\u0131m\u0131n k\u0259ndl\u0259, qohumlar\u0131m\u0131zla \u0259laq\u0259si itm\u0259sin. Xeyird\u0259-\u015f\u0259rd\u0259 gedib qohumlar\u0131m\u0131z\u0131 g\u00f6r\u00fcr\u00fck. M\u0259nc\u0259, yenid\u0259n k\u0259nd\u0259 qay\u0131tmaq art\u0131q bizim \u00fc\u00e7\u00fcn gecdir. \u00c7\u00fcnki 20 ildir ki, bura g\u0259lmi\u015fik. Burada evimiz var, u\u015faqlar\u0131m h\u0259yatlar\u0131n\u0131 burda qurublar. Burda \u0259hat\u0259 dair\u0259l\u0259ri, dostlar\u0131, i\u015f yerl\u0259ri, qon\u015fular\u0131m\u0131zla g\u00f6z\u0259l \u0259laq\u0259miz var. Y\u0259ni art\u0131q k\u0259nd\u0259 getm\u0259k d\u00fczg\u00fcn g\u0259lmir. Bunu u\u015faqlar\u0131m da q\u0259bul etm\u0259z. M\u0259n d\u0259 bilir\u0259m, k\u0259ndd\u0259 h\u0259yat daha g\u00f6z\u0259ldir. \u00d6z h\u0259y\u0259tind\u0259 h\u0259r \u015feyi \u0259kib-yey\u0259 bil\u0259rs\u0259n. K\u0259ndd\u0259 evimiz, h\u0259y\u0259tyan\u0131 sah\u0259miz bax\u0131ms\u0131z qal\u0131b. \u0130st\u0259y\u0259rdim ki, gedib onlara bax\u0131m, t\u0259miz havada ya\u015fay\u0131m, amma m\u0259cburiyy\u0259td\u0259n burda qalmal\u0131 olduq. Burada b\u00fct\u00fcn g\u00fcn\u00fc i\u015fl\u0259m\u0259lis\u0259n ki, pul qazan\u0131b \u0259rzaq alasan. \u015e\u0259h\u0259rd\u0259 ya\u015famaq \u00e7ox \u00e7\u0259tindir, inan\u0131n m\u0259n\u0259 \u00e7ox \u00e7\u0259tin&#8221;, <\/em>&#8211; Xalid\u0259 Verdiyeva vur\u011fulay\u0131b.<\/p>\n\n\n\n<p>Milli Elml\u0259r Akademiyas\u0131 Co\u011frafiya \u0130nstitutunun apar\u0131c\u0131 elmi i\u015f\u00e7isi, co\u011frafiya \u00fczr\u0259 f\u0259ls\u0259f\u0259 doktoru R\u00f6v\u015f\u0259n K\u0259rimov AMEA-da ke\u00e7iril\u0259n t\u0259dbird\u0259 bu m\u0259s\u0259l\u0259y\u0259 toxunub:  <\/p>\n\n\n\n<figure class=\"wp-block-image size-large\"><img decoding=\"async\" width=\"1200\" height=\"540\" data-src=\"https:\/\/www.meydan.tv\/wp-content\/uploads\/foto4-1200x540.jpeg\" alt=\"\" class=\"wp-image-270687 lazyload\" src=\"data:image\/svg+xml;base64,PHN2ZyB3aWR0aD0iMSIgaGVpZ2h0PSIxIiB4bWxucz0iaHR0cDovL3d3dy53My5vcmcvMjAwMC9zdmciPjwvc3ZnPg==\" style=\"--smush-placeholder-width: 1200px; --smush-placeholder-aspect-ratio: 1200\/540;\" \/><\/figure>\n\n\n\n<p><em>&#8220;B\u0259zi k\u0259ndl\u0259r var ki, \u0259halisi barmaqla say\u0131la bil\u0259c\u0259k q\u0259d\u0259rdir. \u0130nsanlar\u0131n miqrasiya etm\u0259sinin \u0259sas s\u0259b\u0259bl\u0259rind\u0259n biri iqlim d\u0259yi\u015fm\u0259l\u0259ri v\u0259 \u0259laq\u0259dar t\u0259bii prosesl\u0259rdir. Bu s\u0259b\u0259bl\u0259rd\u0259n k\u0259nd t\u0259s\u0259rr\u00fcfat\u0131 il\u0259 m\u0259\u015f\u011ful olan insanlar ist\u0259dikl\u0259ri kimi g\u0259lir g\u00f6t\u00fcr\u0259 bilmirl\u0259r. \u00d6lk\u0259mizd\u0259 regionlar\u0131n inki\u015faf\u0131 il\u0259 ba\u011fl\u0131 D\u00f6vl\u0259t Proqram\u0131 imzalan\u0131b. Buna \u0259sas\u0259n, regionlar\u0131n sosial-iqtisadi h\u0259yat\u0131 inki\u015faf etdirilm\u0259li, regionlarda kommunal xidm\u0259tl\u0259rin v\u0259 sosial infrastruktur t\u0259minat\u0131n\u0131n keyfiyy\u0259tinin y\u00fcks\u0259ldilm\u0259li, sahibkarl\u0131q m\u00fchiti daha da yax\u015f\u0131la\u015fd\u0131r\u0131lmal\u0131 idi. Lakin veril\u0259n bu v\u0259dl\u0259r yerini tapmad\u0131\u011f\u0131ndan insanlar rayonlardan \u015f\u0259h\u0259r\u0259 \u00fcz tuma\u011fa davam edir\u201d.<\/em><\/p>\n\n\n\n<p>Bak\u0131 \u015f\u0259h\u0259r Ba\u015f Polis \u0130dar\u0259sinin D\u00f6vl\u0259t Yol Polisi \u0130dar\u0259sinin ba\u015f inspektoru, polis mayoru Araz \u018fsg\u0259rli m\u0259tbuata a\u00e7\u0131qlamas\u0131nda bildirib ki, qeyri-r\u0259smi m\u0259lumatlara g\u00f6r\u0259, paytaxtda 5 milyon n\u0259f\u0259r\u0259 yax\u0131n v\u0259t\u0259nda\u015f ya\u015fay\u0131r ki, bu da s\u0131xl\u0131qlara v\u0259 yol infrastrukturunun y\u00fckl\u0259nm\u0259sin\u0259 v\u0259 n\u0259tic\u0259d\u0259 yol q\u0259zalar\u0131n\u0131n artmas\u0131na g\u0259tirib \u00e7\u0131xar\u0131r.<\/p>\n\n\n\n<p>\u0130ndi Bak\u0131 k\u00fc\u00e7\u0259l\u0259ri \u201cy\u00fck\u00fcn\u00fc\u201d azald\u0131b n\u0259f\u0259s almaq ist\u0259yir, k\u0259ndd\u0259 is\u0259 sahibini g\u00f6zl\u0259y\u0259n bo\u015f evl\u0259r yazda qaranqu\u015flara, q\u0131\u015fda s\u0259r\u00e7\u0259l\u0259r\u0259 yuva olur&#8230;<\/p>\n","protected":false},"excerpt":{"rendered":"<p>Dolan\u0131\u015f\u0131q \u00fc\u00e7\u00fcn Bak\u0131ya \u00fcz tutanlar\u0131n say\u0131n\u0131n artd\u0131\u011f\u0131 bildirilir\u201c\u015e\u0259h\u0259r varl\u0131lar \u00fc\u00e7\u00fcnd\u00fcr, &#8230; <\/p>\n<p class=\"read-more-container\"><a title=\"Bo\u015f qalm\u0131\u015f k\u0259nd evl\u0259ri\" class=\"read-more button\" href=\"https:\/\/www.meydan.tv\/az\/article\/bos-qalmis-kend-evleri\/#more-270693\" aria-label=\"Read more about Bo\u015f qalm\u0131\u015f k\u0259nd evl\u0259ri\">Davam\u0131<\/a><\/p>\n","protected":false},"author":8,"featured_media":270684,"comment_status":"closed","ping_status":"closed","sticky":false,"template":"","format":"standard","meta":{"_acf_changed":false,"_sitemap_exclude":false,"_sitemap_priority":"","_sitemap_frequency":"","footnotes":""},"categories":[60,56],"tags":[],"class_list":["post-270693","post","type-post","status-publish","format-standard","has-post-thumbnail","hentry","category-bolge","category-xeberler","infinite-scroll-item","generate-columns","tablet-grid-50","mobile-grid-100","grid-parent","grid-33","no-featured-image-padding"],"acf":[],"yoast_head":"<!-- This site is optimized with the Yoast SEO plugin v27.5 - https:\/\/yoast.com\/product\/yoast-seo-wordpress\/ -->\n<title>Bo\u015f qalm\u0131\u015f k\u0259nd evl\u0259ri - MEYDAN.TV<\/title>\n<meta name=\"robots\" content=\"index, follow, max-snippet:-1, max-image-preview:large, max-video-preview:-1\" \/>\n<link rel=\"canonical\" href=\"https:\/\/www.meydan.tv\/az\/article\/bos-qalmis-kend-evleri\/\" \/>\n<meta property=\"og:locale\" content=\"az_AZ\" \/>\n<meta property=\"og:type\" content=\"article\" \/>\n<meta property=\"og:title\" content=\"Bo\u015f qalm\u0131\u015f k\u0259nd evl\u0259ri - MEYDAN.TV\" \/>\n<meta property=\"og:description\" content=\"Dolan\u0131\u015f\u0131q \u00fc\u00e7\u00fcn Bak\u0131ya \u00fcz tutanlar\u0131n say\u0131n\u0131n artd\u0131\u011f\u0131 bildirilir\u201c\u015e\u0259h\u0259r varl\u0131lar \u00fc\u00e7\u00fcnd\u00fcr, ... Davam\u0131\" \/>\n<meta property=\"og:url\" content=\"https:\/\/www.meydan.tv\/az\/article\/bos-qalmis-kend-evleri\/\" \/>\n<meta property=\"og:site_name\" content=\"MEYDAN.TV\" \/>\n<meta property=\"article:published_time\" content=\"2023-03-14T11:04:56+00:00\" \/>\n<meta property=\"article:modified_time\" content=\"2023-03-14T11:05:03+00:00\" \/>\n<meta property=\"og:image\" content=\"https:\/\/www.meydan.tv\/wp-content\/uploads\/foto5.jpeg\" \/>\n\t<meta property=\"og:image:width\" content=\"1280\" \/>\n\t<meta property=\"og:image:height\" content=\"576\" \/>\n\t<meta property=\"og:image:type\" content=\"image\/jpeg\" \/>\n<meta name=\"author\" content=\"elli\" \/>\n<meta name=\"twitter:card\" content=\"summary_large_image\" \/>\n<meta name=\"twitter:creator\" content=\"@elli\" \/>\n<script type=\"application\/ld+json\" class=\"yoast-schema-graph\">{\"@context\":\"https:\\\/\\\/schema.org\",\"@graph\":[{\"@type\":\"Article\",\"@id\":\"https:\\\/\\\/www.meydan.tv\\\/az\\\/article\\\/bos-qalmis-kend-evleri\\\/#article\",\"isPartOf\":{\"@id\":\"https:\\\/\\\/www.meydan.tv\\\/az\\\/article\\\/bos-qalmis-kend-evleri\\\/\"},\"author\":{\"name\":\"elli\",\"@id\":\"https:\\\/\\\/www.meydan.tv\\\/az\\\/#\\\/schema\\\/person\\\/9cdbecf90d17180ce1dfbd95b08dcf47\"},\"headline\":\"Bo\u015f qalm\u0131\u015f k\u0259nd evl\u0259ri\",\"datePublished\":\"2023-03-14T11:04:56+00:00\",\"dateModified\":\"2023-03-14T11:05:03+00:00\",\"mainEntityOfPage\":{\"@id\":\"https:\\\/\\\/www.meydan.tv\\\/az\\\/article\\\/bos-qalmis-kend-evleri\\\/\"},\"wordCount\":2759,\"publisher\":{\"@id\":\"https:\\\/\\\/www.meydan.tv\\\/az\\\/#organization\"},\"image\":{\"@id\":\"https:\\\/\\\/www.meydan.tv\\\/az\\\/article\\\/bos-qalmis-kend-evleri\\\/#primaryimage\"},\"thumbnailUrl\":\"https:\\\/\\\/www.meydan.tv\\\/wp-content\\\/uploads\\\/foto5.jpeg\",\"articleSection\":[\"B\u00f6lg\u0259\",\"X\u0259b\u0259rl\u0259r\"],\"inLanguage\":\"az\"},{\"@type\":\"WebPage\",\"@id\":\"https:\\\/\\\/www.meydan.tv\\\/az\\\/article\\\/bos-qalmis-kend-evleri\\\/\",\"url\":\"https:\\\/\\\/www.meydan.tv\\\/az\\\/article\\\/bos-qalmis-kend-evleri\\\/\",\"name\":\"Bo\u015f qalm\u0131\u015f k\u0259nd evl\u0259ri - MEYDAN.TV\",\"isPartOf\":{\"@id\":\"https:\\\/\\\/www.meydan.tv\\\/az\\\/#website\"},\"primaryImageOfPage\":{\"@id\":\"https:\\\/\\\/www.meydan.tv\\\/az\\\/article\\\/bos-qalmis-kend-evleri\\\/#primaryimage\"},\"image\":{\"@id\":\"https:\\\/\\\/www.meydan.tv\\\/az\\\/article\\\/bos-qalmis-kend-evleri\\\/#primaryimage\"},\"thumbnailUrl\":\"https:\\\/\\\/www.meydan.tv\\\/wp-content\\\/uploads\\\/foto5.jpeg\",\"datePublished\":\"2023-03-14T11:04:56+00:00\",\"dateModified\":\"2023-03-14T11:05:03+00:00\",\"breadcrumb\":{\"@id\":\"https:\\\/\\\/www.meydan.tv\\\/az\\\/article\\\/bos-qalmis-kend-evleri\\\/#breadcrumb\"},\"inLanguage\":\"az\",\"potentialAction\":[{\"@type\":\"ReadAction\",\"target\":[\"https:\\\/\\\/www.meydan.tv\\\/az\\\/article\\\/bos-qalmis-kend-evleri\\\/\"]}]},{\"@type\":\"ImageObject\",\"inLanguage\":\"az\",\"@id\":\"https:\\\/\\\/www.meydan.tv\\\/az\\\/article\\\/bos-qalmis-kend-evleri\\\/#primaryimage\",\"url\":\"https:\\\/\\\/www.meydan.tv\\\/wp-content\\\/uploads\\\/foto5.jpeg\",\"contentUrl\":\"https:\\\/\\\/www.meydan.tv\\\/wp-content\\\/uploads\\\/foto5.jpeg\",\"width\":1280,\"height\":576,\"caption\":\"Fotolar: Meydan TV\"},{\"@type\":\"BreadcrumbList\",\"@id\":\"https:\\\/\\\/www.meydan.tv\\\/az\\\/article\\\/bos-qalmis-kend-evleri\\\/#breadcrumb\",\"itemListElement\":[{\"@type\":\"ListItem\",\"position\":1,\"name\":\"Ana s\u0259hif\u0259\",\"item\":\"https:\\\/\\\/www.meydan.tv\\\/az\\\/\"},{\"@type\":\"ListItem\",\"position\":2,\"name\":\"B\u00f6lg\u0259\",\"item\":\"https:\\\/\\\/www.meydan.tv\\\/az\\\/section\\\/bolge\\\/\"},{\"@type\":\"ListItem\",\"position\":3,\"name\":\"Bo\u015f qalm\u0131\u015f k\u0259nd evl\u0259ri\"}]},{\"@type\":\"WebSite\",\"@id\":\"https:\\\/\\\/www.meydan.tv\\\/az\\\/#website\",\"url\":\"https:\\\/\\\/www.meydan.tv\\\/az\\\/\",\"name\":\"MEYDAN.TV\",\"description\":\"Meydan TV Az\u0259rbaycan\u0131n media m\u0259kan\u0131ndak\u0131 alternativ s\u0259sidir\",\"publisher\":{\"@id\":\"https:\\\/\\\/www.meydan.tv\\\/az\\\/#organization\"},\"potentialAction\":[{\"@type\":\"SearchAction\",\"target\":{\"@type\":\"EntryPoint\",\"urlTemplate\":\"https:\\\/\\\/www.meydan.tv\\\/az\\\/?s={search_term_string}\"},\"query-input\":{\"@type\":\"PropertyValueSpecification\",\"valueRequired\":true,\"valueName\":\"search_term_string\"}}],\"inLanguage\":\"az\"},{\"@type\":\"Organization\",\"@id\":\"https:\\\/\\\/www.meydan.tv\\\/az\\\/#organization\",\"name\":\"Meydan TV\",\"url\":\"https:\\\/\\\/www.meydan.tv\\\/az\\\/\",\"logo\":{\"@type\":\"ImageObject\",\"inLanguage\":\"az\",\"@id\":\"https:\\\/\\\/www.meydan.tv\\\/az\\\/#\\\/schema\\\/logo\\\/image\\\/\",\"url\":\"https:\\\/\\\/www.meydan.tv\\\/wp-content\\\/uploads\\\/2021\\\/07\\\/meydan-logo.svg\",\"contentUrl\":\"https:\\\/\\\/www.meydan.tv\\\/wp-content\\\/uploads\\\/2021\\\/07\\\/meydan-logo.svg\",\"width\":195,\"height\":46,\"caption\":\"Meydan TV\"},\"image\":{\"@id\":\"https:\\\/\\\/www.meydan.tv\\\/az\\\/#\\\/schema\\\/logo\\\/image\\\/\"}},{\"@type\":\"Person\",\"@id\":\"https:\\\/\\\/www.meydan.tv\\\/az\\\/#\\\/schema\\\/person\\\/9cdbecf90d17180ce1dfbd95b08dcf47\",\"name\":\"elli\",\"sameAs\":[\"https:\\\/\\\/x.com\\\/elli\"]}]}<\/script>\n<!-- \/ Yoast SEO plugin. -->","yoast_head_json":{"title":"Bo\u015f qalm\u0131\u015f k\u0259nd evl\u0259ri - MEYDAN.TV","robots":{"index":"index","follow":"follow","max-snippet":"max-snippet:-1","max-image-preview":"max-image-preview:large","max-video-preview":"max-video-preview:-1"},"canonical":"https:\/\/www.meydan.tv\/az\/article\/bos-qalmis-kend-evleri\/","og_locale":"az_AZ","og_type":"article","og_title":"Bo\u015f qalm\u0131\u015f k\u0259nd evl\u0259ri - MEYDAN.TV","og_description":"Dolan\u0131\u015f\u0131q \u00fc\u00e7\u00fcn Bak\u0131ya \u00fcz tutanlar\u0131n say\u0131n\u0131n artd\u0131\u011f\u0131 bildirilir\u201c\u015e\u0259h\u0259r varl\u0131lar \u00fc\u00e7\u00fcnd\u00fcr, ... Davam\u0131","og_url":"https:\/\/www.meydan.tv\/az\/article\/bos-qalmis-kend-evleri\/","og_site_name":"MEYDAN.TV","article_published_time":"2023-03-14T11:04:56+00:00","article_modified_time":"2023-03-14T11:05:03+00:00","og_image":[{"width":1280,"height":576,"url":"https:\/\/www.meydan.tv\/wp-content\/uploads\/foto5.jpeg","type":"image\/jpeg"}],"author":"elli","twitter_card":"summary_large_image","twitter_creator":"@elli","schema":{"@context":"https:\/\/schema.org","@graph":[{"@type":"Article","@id":"https:\/\/www.meydan.tv\/az\/article\/bos-qalmis-kend-evleri\/#article","isPartOf":{"@id":"https:\/\/www.meydan.tv\/az\/article\/bos-qalmis-kend-evleri\/"},"author":{"name":"elli","@id":"https:\/\/www.meydan.tv\/az\/#\/schema\/person\/9cdbecf90d17180ce1dfbd95b08dcf47"},"headline":"Bo\u015f qalm\u0131\u015f k\u0259nd evl\u0259ri","datePublished":"2023-03-14T11:04:56+00:00","dateModified":"2023-03-14T11:05:03+00:00","mainEntityOfPage":{"@id":"https:\/\/www.meydan.tv\/az\/article\/bos-qalmis-kend-evleri\/"},"wordCount":2759,"publisher":{"@id":"https:\/\/www.meydan.tv\/az\/#organization"},"image":{"@id":"https:\/\/www.meydan.tv\/az\/article\/bos-qalmis-kend-evleri\/#primaryimage"},"thumbnailUrl":"https:\/\/www.meydan.tv\/wp-content\/uploads\/foto5.jpeg","articleSection":["B\u00f6lg\u0259","X\u0259b\u0259rl\u0259r"],"inLanguage":"az"},{"@type":"WebPage","@id":"https:\/\/www.meydan.tv\/az\/article\/bos-qalmis-kend-evleri\/","url":"https:\/\/www.meydan.tv\/az\/article\/bos-qalmis-kend-evleri\/","name":"Bo\u015f qalm\u0131\u015f k\u0259nd evl\u0259ri - MEYDAN.TV","isPartOf":{"@id":"https:\/\/www.meydan.tv\/az\/#website"},"primaryImageOfPage":{"@id":"https:\/\/www.meydan.tv\/az\/article\/bos-qalmis-kend-evleri\/#primaryimage"},"image":{"@id":"https:\/\/www.meydan.tv\/az\/article\/bos-qalmis-kend-evleri\/#primaryimage"},"thumbnailUrl":"https:\/\/www.meydan.tv\/wp-content\/uploads\/foto5.jpeg","datePublished":"2023-03-14T11:04:56+00:00","dateModified":"2023-03-14T11:05:03+00:00","breadcrumb":{"@id":"https:\/\/www.meydan.tv\/az\/article\/bos-qalmis-kend-evleri\/#breadcrumb"},"inLanguage":"az","potentialAction":[{"@type":"ReadAction","target":["https:\/\/www.meydan.tv\/az\/article\/bos-qalmis-kend-evleri\/"]}]},{"@type":"ImageObject","inLanguage":"az","@id":"https:\/\/www.meydan.tv\/az\/article\/bos-qalmis-kend-evleri\/#primaryimage","url":"https:\/\/www.meydan.tv\/wp-content\/uploads\/foto5.jpeg","contentUrl":"https:\/\/www.meydan.tv\/wp-content\/uploads\/foto5.jpeg","width":1280,"height":576,"caption":"Fotolar: Meydan TV"},{"@type":"BreadcrumbList","@id":"https:\/\/www.meydan.tv\/az\/article\/bos-qalmis-kend-evleri\/#breadcrumb","itemListElement":[{"@type":"ListItem","position":1,"name":"Ana s\u0259hif\u0259","item":"https:\/\/www.meydan.tv\/az\/"},{"@type":"ListItem","position":2,"name":"B\u00f6lg\u0259","item":"https:\/\/www.meydan.tv\/az\/section\/bolge\/"},{"@type":"ListItem","position":3,"name":"Bo\u015f qalm\u0131\u015f k\u0259nd evl\u0259ri"}]},{"@type":"WebSite","@id":"https:\/\/www.meydan.tv\/az\/#website","url":"https:\/\/www.meydan.tv\/az\/","name":"MEYDAN.TV","description":"Meydan TV Az\u0259rbaycan\u0131n media m\u0259kan\u0131ndak\u0131 alternativ s\u0259sidir","publisher":{"@id":"https:\/\/www.meydan.tv\/az\/#organization"},"potentialAction":[{"@type":"SearchAction","target":{"@type":"EntryPoint","urlTemplate":"https:\/\/www.meydan.tv\/az\/?s={search_term_string}"},"query-input":{"@type":"PropertyValueSpecification","valueRequired":true,"valueName":"search_term_string"}}],"inLanguage":"az"},{"@type":"Organization","@id":"https:\/\/www.meydan.tv\/az\/#organization","name":"Meydan TV","url":"https:\/\/www.meydan.tv\/az\/","logo":{"@type":"ImageObject","inLanguage":"az","@id":"https:\/\/www.meydan.tv\/az\/#\/schema\/logo\/image\/","url":"https:\/\/www.meydan.tv\/wp-content\/uploads\/2021\/07\/meydan-logo.svg","contentUrl":"https:\/\/www.meydan.tv\/wp-content\/uploads\/2021\/07\/meydan-logo.svg","width":195,"height":46,"caption":"Meydan TV"},"image":{"@id":"https:\/\/www.meydan.tv\/az\/#\/schema\/logo\/image\/"}},{"@type":"Person","@id":"https:\/\/www.meydan.tv\/az\/#\/schema\/person\/9cdbecf90d17180ce1dfbd95b08dcf47","name":"elli","sameAs":["https:\/\/x.com\/elli"]}]}},"_links":{"self":[{"href":"https:\/\/www.meydan.tv\/az\/wp-json\/wp\/v2\/posts\/270693","targetHints":{"allow":["GET"]}}],"collection":[{"href":"https:\/\/www.meydan.tv\/az\/wp-json\/wp\/v2\/posts"}],"about":[{"href":"https:\/\/www.meydan.tv\/az\/wp-json\/wp\/v2\/types\/post"}],"author":[{"embeddable":true,"href":"https:\/\/www.meydan.tv\/az\/wp-json\/wp\/v2\/users\/8"}],"replies":[{"embeddable":true,"href":"https:\/\/www.meydan.tv\/az\/wp-json\/wp\/v2\/comments?post=270693"}],"version-history":[{"count":2,"href":"https:\/\/www.meydan.tv\/az\/wp-json\/wp\/v2\/posts\/270693\/revisions"}],"predecessor-version":[{"id":270701,"href":"https:\/\/www.meydan.tv\/az\/wp-json\/wp\/v2\/posts\/270693\/revisions\/270701"}],"wp:featuredmedia":[{"embeddable":true,"href":"https:\/\/www.meydan.tv\/az\/wp-json\/wp\/v2\/media\/270684"}],"wp:attachment":[{"href":"https:\/\/www.meydan.tv\/az\/wp-json\/wp\/v2\/media?parent=270693"}],"wp:term":[{"taxonomy":"category","embeddable":true,"href":"https:\/\/www.meydan.tv\/az\/wp-json\/wp\/v2\/categories?post=270693"},{"taxonomy":"post_tag","embeddable":true,"href":"https:\/\/www.meydan.tv\/az\/wp-json\/wp\/v2\/tags?post=270693"}],"curies":[{"name":"wp","href":"https:\/\/api.w.org\/{rel}","templated":true}]}}