{"id":270568,"date":"2023-03-13T14:04:54","date_gmt":"2023-03-13T10:04:54","guid":{"rendered":"https:\/\/www.meydan.tv\/?p=270568"},"modified":"2023-03-13T14:38:25","modified_gmt":"2023-03-13T10:38:25","slug":"navalni-oskar-aldi","status":"publish","type":"post","link":"https:\/\/www.meydan.tv\/az\/article\/navalni-oskar-aldi\/","title":{"rendered":"<strong>\u201cNavaln\u0131\u201d \u201cOskar\u201d ald\u0131<\/strong>"},"content":{"rendered":"\n<p><\/p>\n\n\n\n<p><strong><em>H\u0259yat yolda\u015f\u0131: \u201c\u018frim h\u0259qiq\u0259ti dediyin\u0259 g\u00f6r\u0259 h\u0259bsd\u0259dir&#8221;<\/em><\/strong><\/p>\n\n\n\n<p>Kanadal\u0131 rejissor Daniel Roerin rejissorlu\u011fu il\u0259 \u00e7\u0259kilmi\u015f \u201cNavaln\u0131\u201d \u201c\u018fn yax\u015f\u0131 s\u0259n\u0259dli film\u201d nominasiyas\u0131nda \u201cOskar\u201da layiq <a href=\"https:\/\/twitter.com\/TheAcademy\/status\/1635087221324763138?ref_src=twsrc%5Etfw%7Ctwcamp%5Etweetembed%7Ctwterm%5E1635087221324763138%7Ctwgr%5Ed302b36ccea9c9a9ba239cce891311dea98032b9%7Ctwcon%5Es1_&amp;ref_url=https%3A%2F%2Fwww.currenttime.tv%2Fa%2Ffilm-navalny-oskar%2F32314878.html\" target=\"_blank\" rel=\"noreferrer noopener\">g\u00f6r\u00fcl\u00fcb<\/a>.<\/p>\n\n\n\n<p>Rejissor m\u00fckafat\u0131 rusiyal\u0131 m\u00fcxalif\u0259t\u00e7i Aleksey Navaln\u0131n\u0131n xan\u0131m\u0131 v\u0259 \u00f6vladlar\u0131 il\u0259 birlikd\u0259 al\u0131b.<\/p>\n\n\n\n<p>\u201c<em>\u018frim h\u0259qiq\u0259ti dediyin\u0259, demokratiyan\u0131 m\u00fcdafi\u0259 etdiyin\u0259 g\u00f6r\u0259 h\u0259bsd\u0259dir. Aleksey, m\u0259n s\u0259nin v\u0259 \u00f6lk\u0259mizin azad olaca\u011f\u0131 g\u00fcn\u00fc arzulay\u0131ram<\/em>\u201d, &#8211; Naval\u0131n\u0131n xan\u0131m\u0131 Yuliya \u00e7\u0131x\u0131\u015f\u0131 zaman\u0131 bel\u0259 deyib.<\/p>\n\n\n\n<p>\u201cNavaln\u0131\u201d s\u0259n\u0259dli filmi m\u00fcxalif\u0259t\u00e7inin 2020-ci ilin yay\u0131ndan 2021-ci ilin yanvar\u0131na q\u0259d\u0259r h\u0259yat\u0131nda ba\u015f ver\u0259n hadis\u0259l\u0259ri \u0259ks etdirir.<\/p>\n\n\n\n<p>2021-ci ilin fevral\u0131nda Rusiyan\u0131n Federal Penitensiar Xidm\u0259tinin t\u0259l\u0259bi il\u0259 Aleksey Navaln\u0131n\u0131n \u201c\u0130v Ro\u015fe\u201d i\u015fi \u00fczr\u0259 \u015f\u0259rti c\u0259zas\u0131 l\u0259\u011fv edil\u0259r\u0259k 3,5 il m\u00fcdd\u0259tin\u0259 azadl\u0131qdan m\u0259hrumetm\u0259 c\u0259zas\u0131 il\u0259 \u0259v\u0259zl\u0259nib.<\/p>\n\n\n\n<p>2013-c\u00fc ilin oktyabr\u0131nda Aleksey v\u0259 Oleq Navaln\u0131 qarda\u015flar\u0131na qar\u015f\u0131 \u201c\u0130v Ro\u015fe &#8211; Vostok\u201d \u015firk\u0259tind\u0259n 26 milyon rubl v\u0259 daha bir \u015firk\u0259td\u0259n 4 milyon rubl (birlikd\u0259 30 milyon rubl \u2013 500 min dollar) d\u0259y\u0259rind\u0259 v\u0259sait m\u0259nims\u0259m\u0259kl\u0259 ba\u011fl\u0131 ittiham ir\u0259li s\u00fcr\u00fcl\u00fcb.<\/p>\n\n\n\n<figure class=\"wp-block-image size-full\"><img decoding=\"async\" width=\"1200\" height=\"600\" data-src=\"https:\/\/www.meydan.tv\/wp-content\/uploads\/unnamed-file-1.png\" alt=\"\" class=\"wp-image-270565 lazyload\" src=\"data:image\/svg+xml;base64,PHN2ZyB3aWR0aD0iMSIgaGVpZ2h0PSIxIiB4bWxucz0iaHR0cDovL3d3dy53My5vcmcvMjAwMC9zdmciPjwvc3ZnPg==\" style=\"--smush-placeholder-width: 1200px; --smush-placeholder-aspect-ratio: 1200\/600;\" \/><figcaption class=\"wp-element-caption\">Foto: Reuters<\/figcaption><\/figure>\n\n\n\n<p>2022-ci ilin mart\u0131nda is\u0259 Moskvan\u0131n Lefortovo Rayon M\u0259hk\u0259m\u0259si h\u0259bsd\u0259 olan siyas\u0259t\u00e7ini d\u0259l\u0259duzluq v\u0259 m\u0259hk\u0259m\u0259ni t\u0259hqir etm\u0259kd\u0259 t\u0259qsirli bil\u0259r\u0259k 9 il m\u00fcdd\u0259tin\u0259 azadl\u0131qdan m\u0259hrum edib.<\/p>\n\n\n\n<p>2021-ci ilin avqustunda Tomskdan Moskvaya u\u00e7ark\u0259n hava liman\u0131nda z\u0259h\u0259rl\u0259n\u0259n rusiyal\u0131 m\u00fcxalif\u0259t\u00e7i Aleksey Navaln\u0131 Almaniyaya apar\u0131l\u0131b.<\/p>\n\n\n\n<p>Rejissor Daniel Roer d\u0259 Navaln\u0131 il\u0259 orada m\u00fcalic\u0259 ald\u0131\u011f\u0131 vaxt g\u00f6r\u00fc\u015f\u00fcb.<\/p>\n\n\n\n<p>Navaln\u0131 kimy\u0259vi madd\u0259 il\u0259 z\u0259h\u0259rl\u0259nm\u0259sind\u0259 Rusiya Prezidenti Vladimir Putini g\u00fcnahland\u0131r\u0131b.<\/p>\n\n\n\n<p>Kreml Navaln\u0131n\u0131n z\u0259h\u0259rl\u0259nm\u0259sind\u0259 h\u0259r hans\u0131 rolunun olmad\u0131\u011f\u0131n\u0131 bildirib.<\/p>\n\n\n\n<figure class=\"wp-block-image size-large\"><img decoding=\"async\" width=\"998\" height=\"821\" data-src=\"https:\/\/www.meydan.tv\/wp-content\/uploads\/shutterstock_445268470-e1643113228615-998x821.jpg\" alt=\"\" class=\"wp-image-232681 lazyload\" src=\"data:image\/svg+xml;base64,PHN2ZyB3aWR0aD0iMSIgaGVpZ2h0PSIxIiB4bWxucz0iaHR0cDovL3d3dy53My5vcmcvMjAwMC9zdmciPjwvc3ZnPg==\" style=\"--smush-placeholder-width: 998px; --smush-placeholder-aspect-ratio: 998\/821;\" \/><figcaption class=\"wp-element-caption\">Aleksey Navaln\u0131 , Lisa-Lisa\/shutterstock<\/figcaption><\/figure>\n\n\n\n<p>\u201cNavaln\u0131\u201d filmi bu ilin fevral\u0131nda Britaniya Kino v\u0259 Televiziya S\u0259n\u0259ti Akademiyas\u0131n\u0131n (BAFTA) \u201c\u018fn yax\u015f\u0131 s\u0259n\u0259dli film\u201d nominasiyas\u0131 \u00fczr\u0259 d\u0259 qalib se\u00e7ilmi\u015fdi.<\/p>\n\n\n\n<p>\u201cOskar\u201d m\u00fckafat\u0131n\u0131n builki qalibl\u0259ri m\u0259lum <a href=\"https:\/\/www.oscars.org\/oscars\/ceremonies\/2023\" target=\"_blank\" rel=\"noreferrer noopener\">olub.<\/a><\/p>\n\n\n\n<p>\u201c\u018fn yax\u015f\u0131 film\u201d nominasiyas\u0131nda &#8211; \u201cEverything Everywhere All at Once\u201d filmi m\u00fckafatland\u0131r\u0131l\u0131b.<\/p>\n\n\n\n<p>\u201c\u018fn yax\u015f\u0131 rejissor\u201d \u2013 \u201cEverything everywhere all at once\u201d filmin\u0259 g\u00f6r\u0259&nbsp; Dan Kvan, Daniel \u015eeynert se\u00e7ilibl\u0259r.<\/p>\n\n\n\n<p>Aktyor Brendan Freyzer \u2013 \u201cThe Whale\u201d filmin\u0259 g\u00f6r\u0259 ilin \u201c\u018fn yax\u015f\u0131 aktyor\u201du se\u00e7ilib.<\/p>\n\n\n\n<p>\u201c\u018fn yax\u015f\u0131 aktrisa\u201d is\u0259 \u201cEverything everywhere all at once\u201d filmin\u0259 g\u00f6r\u0259&nbsp; &#8211; Mi\u015fel Yeoh se\u00e7ilib.<\/p>\n","protected":false},"excerpt":{"rendered":"<p>H\u0259yat yolda\u015f\u0131: \u201c\u018frim h\u0259qiq\u0259ti dediyin\u0259 g\u00f6r\u0259 h\u0259bsd\u0259dir&#8221; Kanadal\u0131 rejissor Daniel &#8230; <\/p>\n<p class=\"read-more-container\"><a title=\"\u201cNavaln\u0131\u201d \u201cOskar\u201d ald\u0131\" class=\"read-more button\" href=\"https:\/\/www.meydan.tv\/az\/article\/navalni-oskar-aldi\/#more-270568\" aria-label=\"Read more about \u201cNavaln\u0131\u201d \u201cOskar\u201d ald\u0131\">Davam\u0131<\/a><\/p>\n","protected":false},"author":8,"featured_media":157781,"comment_status":"closed","ping_status":"closed","sticky":false,"template":"","format":"standard","meta":{"_acf_changed":false,"_sitemap_exclude":false,"_sitemap_priority":"","_sitemap_frequency":"","footnotes":""},"categories":[52,56],"tags":[],"class_list":["post-270568","post","type-post","status-publish","format-standard","has-post-thumbnail","hentry","category-medeniyyet","category-xeberler","infinite-scroll-item","generate-columns","tablet-grid-50","mobile-grid-100","grid-parent","grid-33","no-featured-image-padding"],"acf":[],"yoast_head":"<!-- This site is optimized with the Yoast SEO plugin v27.4 - https:\/\/yoast.com\/product\/yoast-seo-wordpress\/ -->\n<title>\u201cNavaln\u0131\u201d \u201cOskar\u201d ald\u0131 - MEYDAN.TV<\/title>\n<meta name=\"robots\" content=\"index, follow, max-snippet:-1, max-image-preview:large, max-video-preview:-1\" \/>\n<link rel=\"canonical\" href=\"https:\/\/www.meydan.tv\/az\/article\/navalni-oskar-aldi\/\" \/>\n<meta property=\"og:locale\" content=\"az_AZ\" \/>\n<meta property=\"og:type\" content=\"article\" \/>\n<meta property=\"og:title\" content=\"\u201cNavaln\u0131\u201d \u201cOskar\u201d ald\u0131 - MEYDAN.TV\" \/>\n<meta property=\"og:description\" content=\"H\u0259yat yolda\u015f\u0131: \u201c\u018frim h\u0259qiq\u0259ti dediyin\u0259 g\u00f6r\u0259 h\u0259bsd\u0259dir&#8221; Kanadal\u0131 rejissor Daniel ... Davam\u0131\" \/>\n<meta property=\"og:url\" content=\"https:\/\/www.meydan.tv\/az\/article\/navalni-oskar-aldi\/\" \/>\n<meta property=\"og:site_name\" content=\"MEYDAN.TV\" \/>\n<meta property=\"article:published_time\" content=\"2023-03-13T10:04:54+00:00\" \/>\n<meta property=\"article:modified_time\" content=\"2023-03-13T10:38:25+00:00\" \/>\n<meta property=\"og:image\" content=\"https:\/\/www.meydan.tv\/wp-content\/uploads\/bffea81f-c4d2-46f5-ba00-8e77a6b84f35-e1678703888203.jpeg\" \/>\n\t<meta property=\"og:image:width\" content=\"1920\" \/>\n\t<meta property=\"og:image:height\" content=\"955\" \/>\n\t<meta property=\"og:image:type\" content=\"image\/jpeg\" \/>\n<meta name=\"author\" content=\"elli\" \/>\n<meta name=\"twitter:card\" content=\"summary_large_image\" \/>\n<meta name=\"twitter:creator\" content=\"@elli\" \/>\n<script type=\"application\/ld+json\" class=\"yoast-schema-graph\">{\"@context\":\"https:\\\/\\\/schema.org\",\"@graph\":[{\"@type\":\"Article\",\"@id\":\"https:\\\/\\\/www.meydan.tv\\\/az\\\/article\\\/navalni-oskar-aldi\\\/#article\",\"isPartOf\":{\"@id\":\"https:\\\/\\\/www.meydan.tv\\\/az\\\/article\\\/navalni-oskar-aldi\\\/\"},\"author\":{\"name\":\"elli\",\"@id\":\"https:\\\/\\\/www.meydan.tv\\\/az\\\/#\\\/schema\\\/person\\\/9cdbecf90d17180ce1dfbd95b08dcf47\"},\"headline\":\"\u201cNavaln\u0131\u201d \u201cOskar\u201d ald\u0131\",\"datePublished\":\"2023-03-13T10:04:54+00:00\",\"dateModified\":\"2023-03-13T10:38:25+00:00\",\"mainEntityOfPage\":{\"@id\":\"https:\\\/\\\/www.meydan.tv\\\/az\\\/article\\\/navalni-oskar-aldi\\\/\"},\"wordCount\":466,\"publisher\":{\"@id\":\"https:\\\/\\\/www.meydan.tv\\\/az\\\/#organization\"},\"image\":{\"@id\":\"https:\\\/\\\/www.meydan.tv\\\/az\\\/article\\\/navalni-oskar-aldi\\\/#primaryimage\"},\"thumbnailUrl\":\"https:\\\/\\\/www.meydan.tv\\\/wp-content\\\/uploads\\\/bffea81f-c4d2-46f5-ba00-8e77a6b84f35-e1678703888203.jpeg\",\"articleSection\":[\"M\u0259d\u0259niyy\u0259t\",\"X\u0259b\u0259rl\u0259r\"],\"inLanguage\":\"az\"},{\"@type\":\"WebPage\",\"@id\":\"https:\\\/\\\/www.meydan.tv\\\/az\\\/article\\\/navalni-oskar-aldi\\\/\",\"url\":\"https:\\\/\\\/www.meydan.tv\\\/az\\\/article\\\/navalni-oskar-aldi\\\/\",\"name\":\"\u201cNavaln\u0131\u201d \u201cOskar\u201d ald\u0131 - MEYDAN.TV\",\"isPartOf\":{\"@id\":\"https:\\\/\\\/www.meydan.tv\\\/az\\\/#website\"},\"primaryImageOfPage\":{\"@id\":\"https:\\\/\\\/www.meydan.tv\\\/az\\\/article\\\/navalni-oskar-aldi\\\/#primaryimage\"},\"image\":{\"@id\":\"https:\\\/\\\/www.meydan.tv\\\/az\\\/article\\\/navalni-oskar-aldi\\\/#primaryimage\"},\"thumbnailUrl\":\"https:\\\/\\\/www.meydan.tv\\\/wp-content\\\/uploads\\\/bffea81f-c4d2-46f5-ba00-8e77a6b84f35-e1678703888203.jpeg\",\"datePublished\":\"2023-03-13T10:04:54+00:00\",\"dateModified\":\"2023-03-13T10:38:25+00:00\",\"breadcrumb\":{\"@id\":\"https:\\\/\\\/www.meydan.tv\\\/az\\\/article\\\/navalni-oskar-aldi\\\/#breadcrumb\"},\"inLanguage\":\"az\",\"potentialAction\":[{\"@type\":\"ReadAction\",\"target\":[\"https:\\\/\\\/www.meydan.tv\\\/az\\\/article\\\/navalni-oskar-aldi\\\/\"]}]},{\"@type\":\"ImageObject\",\"inLanguage\":\"az\",\"@id\":\"https:\\\/\\\/www.meydan.tv\\\/az\\\/article\\\/navalni-oskar-aldi\\\/#primaryimage\",\"url\":\"https:\\\/\\\/www.meydan.tv\\\/wp-content\\\/uploads\\\/bffea81f-c4d2-46f5-ba00-8e77a6b84f35-e1678703888203.jpeg\",\"contentUrl\":\"https:\\\/\\\/www.meydan.tv\\\/wp-content\\\/uploads\\\/bffea81f-c4d2-46f5-ba00-8e77a6b84f35-e1678703888203.jpeg\",\"width\":1920,\"height\":955,\"caption\":\"Foto: Oscar\"},{\"@type\":\"BreadcrumbList\",\"@id\":\"https:\\\/\\\/www.meydan.tv\\\/az\\\/article\\\/navalni-oskar-aldi\\\/#breadcrumb\",\"itemListElement\":[{\"@type\":\"ListItem\",\"position\":1,\"name\":\"Ana s\u0259hif\u0259\",\"item\":\"https:\\\/\\\/www.meydan.tv\\\/az\\\/\"},{\"@type\":\"ListItem\",\"position\":2,\"name\":\"M\u0259d\u0259niyy\u0259t\",\"item\":\"https:\\\/\\\/www.meydan.tv\\\/az\\\/section\\\/medeniyyet\\\/\"},{\"@type\":\"ListItem\",\"position\":3,\"name\":\"\u201cNavaln\u0131\u201d \u201cOskar\u201d ald\u0131\"}]},{\"@type\":\"WebSite\",\"@id\":\"https:\\\/\\\/www.meydan.tv\\\/az\\\/#website\",\"url\":\"https:\\\/\\\/www.meydan.tv\\\/az\\\/\",\"name\":\"MEYDAN.TV\",\"description\":\"Meydan TV Az\u0259rbaycan\u0131n media m\u0259kan\u0131ndak\u0131 alternativ s\u0259sidir\",\"publisher\":{\"@id\":\"https:\\\/\\\/www.meydan.tv\\\/az\\\/#organization\"},\"potentialAction\":[{\"@type\":\"SearchAction\",\"target\":{\"@type\":\"EntryPoint\",\"urlTemplate\":\"https:\\\/\\\/www.meydan.tv\\\/az\\\/?s={search_term_string}\"},\"query-input\":{\"@type\":\"PropertyValueSpecification\",\"valueRequired\":true,\"valueName\":\"search_term_string\"}}],\"inLanguage\":\"az\"},{\"@type\":\"Organization\",\"@id\":\"https:\\\/\\\/www.meydan.tv\\\/az\\\/#organization\",\"name\":\"Meydan TV\",\"url\":\"https:\\\/\\\/www.meydan.tv\\\/az\\\/\",\"logo\":{\"@type\":\"ImageObject\",\"inLanguage\":\"az\",\"@id\":\"https:\\\/\\\/www.meydan.tv\\\/az\\\/#\\\/schema\\\/logo\\\/image\\\/\",\"url\":\"https:\\\/\\\/www.meydan.tv\\\/wp-content\\\/uploads\\\/2021\\\/07\\\/meydan-logo.svg\",\"contentUrl\":\"https:\\\/\\\/www.meydan.tv\\\/wp-content\\\/uploads\\\/2021\\\/07\\\/meydan-logo.svg\",\"width\":195,\"height\":46,\"caption\":\"Meydan TV\"},\"image\":{\"@id\":\"https:\\\/\\\/www.meydan.tv\\\/az\\\/#\\\/schema\\\/logo\\\/image\\\/\"}},{\"@type\":\"Person\",\"@id\":\"https:\\\/\\\/www.meydan.tv\\\/az\\\/#\\\/schema\\\/person\\\/9cdbecf90d17180ce1dfbd95b08dcf47\",\"name\":\"elli\",\"sameAs\":[\"https:\\\/\\\/x.com\\\/elli\"]}]}<\/script>\n<!-- \/ Yoast SEO plugin. -->","yoast_head_json":{"title":"\u201cNavaln\u0131\u201d \u201cOskar\u201d ald\u0131 - MEYDAN.TV","robots":{"index":"index","follow":"follow","max-snippet":"max-snippet:-1","max-image-preview":"max-image-preview:large","max-video-preview":"max-video-preview:-1"},"canonical":"https:\/\/www.meydan.tv\/az\/article\/navalni-oskar-aldi\/","og_locale":"az_AZ","og_type":"article","og_title":"\u201cNavaln\u0131\u201d \u201cOskar\u201d ald\u0131 - MEYDAN.TV","og_description":"H\u0259yat yolda\u015f\u0131: \u201c\u018frim h\u0259qiq\u0259ti dediyin\u0259 g\u00f6r\u0259 h\u0259bsd\u0259dir&#8221; Kanadal\u0131 rejissor Daniel ... Davam\u0131","og_url":"https:\/\/www.meydan.tv\/az\/article\/navalni-oskar-aldi\/","og_site_name":"MEYDAN.TV","article_published_time":"2023-03-13T10:04:54+00:00","article_modified_time":"2023-03-13T10:38:25+00:00","og_image":[{"width":1920,"height":955,"url":"https:\/\/www.meydan.tv\/wp-content\/uploads\/bffea81f-c4d2-46f5-ba00-8e77a6b84f35-e1678703888203.jpeg","type":"image\/jpeg"}],"author":"elli","twitter_card":"summary_large_image","twitter_creator":"@elli","schema":{"@context":"https:\/\/schema.org","@graph":[{"@type":"Article","@id":"https:\/\/www.meydan.tv\/az\/article\/navalni-oskar-aldi\/#article","isPartOf":{"@id":"https:\/\/www.meydan.tv\/az\/article\/navalni-oskar-aldi\/"},"author":{"name":"elli","@id":"https:\/\/www.meydan.tv\/az\/#\/schema\/person\/9cdbecf90d17180ce1dfbd95b08dcf47"},"headline":"\u201cNavaln\u0131\u201d \u201cOskar\u201d ald\u0131","datePublished":"2023-03-13T10:04:54+00:00","dateModified":"2023-03-13T10:38:25+00:00","mainEntityOfPage":{"@id":"https:\/\/www.meydan.tv\/az\/article\/navalni-oskar-aldi\/"},"wordCount":466,"publisher":{"@id":"https:\/\/www.meydan.tv\/az\/#organization"},"image":{"@id":"https:\/\/www.meydan.tv\/az\/article\/navalni-oskar-aldi\/#primaryimage"},"thumbnailUrl":"https:\/\/www.meydan.tv\/wp-content\/uploads\/bffea81f-c4d2-46f5-ba00-8e77a6b84f35-e1678703888203.jpeg","articleSection":["M\u0259d\u0259niyy\u0259t","X\u0259b\u0259rl\u0259r"],"inLanguage":"az"},{"@type":"WebPage","@id":"https:\/\/www.meydan.tv\/az\/article\/navalni-oskar-aldi\/","url":"https:\/\/www.meydan.tv\/az\/article\/navalni-oskar-aldi\/","name":"\u201cNavaln\u0131\u201d \u201cOskar\u201d ald\u0131 - MEYDAN.TV","isPartOf":{"@id":"https:\/\/www.meydan.tv\/az\/#website"},"primaryImageOfPage":{"@id":"https:\/\/www.meydan.tv\/az\/article\/navalni-oskar-aldi\/#primaryimage"},"image":{"@id":"https:\/\/www.meydan.tv\/az\/article\/navalni-oskar-aldi\/#primaryimage"},"thumbnailUrl":"https:\/\/www.meydan.tv\/wp-content\/uploads\/bffea81f-c4d2-46f5-ba00-8e77a6b84f35-e1678703888203.jpeg","datePublished":"2023-03-13T10:04:54+00:00","dateModified":"2023-03-13T10:38:25+00:00","breadcrumb":{"@id":"https:\/\/www.meydan.tv\/az\/article\/navalni-oskar-aldi\/#breadcrumb"},"inLanguage":"az","potentialAction":[{"@type":"ReadAction","target":["https:\/\/www.meydan.tv\/az\/article\/navalni-oskar-aldi\/"]}]},{"@type":"ImageObject","inLanguage":"az","@id":"https:\/\/www.meydan.tv\/az\/article\/navalni-oskar-aldi\/#primaryimage","url":"https:\/\/www.meydan.tv\/wp-content\/uploads\/bffea81f-c4d2-46f5-ba00-8e77a6b84f35-e1678703888203.jpeg","contentUrl":"https:\/\/www.meydan.tv\/wp-content\/uploads\/bffea81f-c4d2-46f5-ba00-8e77a6b84f35-e1678703888203.jpeg","width":1920,"height":955,"caption":"Foto: Oscar"},{"@type":"BreadcrumbList","@id":"https:\/\/www.meydan.tv\/az\/article\/navalni-oskar-aldi\/#breadcrumb","itemListElement":[{"@type":"ListItem","position":1,"name":"Ana s\u0259hif\u0259","item":"https:\/\/www.meydan.tv\/az\/"},{"@type":"ListItem","position":2,"name":"M\u0259d\u0259niyy\u0259t","item":"https:\/\/www.meydan.tv\/az\/section\/medeniyyet\/"},{"@type":"ListItem","position":3,"name":"\u201cNavaln\u0131\u201d \u201cOskar\u201d ald\u0131"}]},{"@type":"WebSite","@id":"https:\/\/www.meydan.tv\/az\/#website","url":"https:\/\/www.meydan.tv\/az\/","name":"MEYDAN.TV","description":"Meydan TV Az\u0259rbaycan\u0131n media m\u0259kan\u0131ndak\u0131 alternativ s\u0259sidir","publisher":{"@id":"https:\/\/www.meydan.tv\/az\/#organization"},"potentialAction":[{"@type":"SearchAction","target":{"@type":"EntryPoint","urlTemplate":"https:\/\/www.meydan.tv\/az\/?s={search_term_string}"},"query-input":{"@type":"PropertyValueSpecification","valueRequired":true,"valueName":"search_term_string"}}],"inLanguage":"az"},{"@type":"Organization","@id":"https:\/\/www.meydan.tv\/az\/#organization","name":"Meydan TV","url":"https:\/\/www.meydan.tv\/az\/","logo":{"@type":"ImageObject","inLanguage":"az","@id":"https:\/\/www.meydan.tv\/az\/#\/schema\/logo\/image\/","url":"https:\/\/www.meydan.tv\/wp-content\/uploads\/2021\/07\/meydan-logo.svg","contentUrl":"https:\/\/www.meydan.tv\/wp-content\/uploads\/2021\/07\/meydan-logo.svg","width":195,"height":46,"caption":"Meydan TV"},"image":{"@id":"https:\/\/www.meydan.tv\/az\/#\/schema\/logo\/image\/"}},{"@type":"Person","@id":"https:\/\/www.meydan.tv\/az\/#\/schema\/person\/9cdbecf90d17180ce1dfbd95b08dcf47","name":"elli","sameAs":["https:\/\/x.com\/elli"]}]}},"_links":{"self":[{"href":"https:\/\/www.meydan.tv\/az\/wp-json\/wp\/v2\/posts\/270568","targetHints":{"allow":["GET"]}}],"collection":[{"href":"https:\/\/www.meydan.tv\/az\/wp-json\/wp\/v2\/posts"}],"about":[{"href":"https:\/\/www.meydan.tv\/az\/wp-json\/wp\/v2\/types\/post"}],"author":[{"embeddable":true,"href":"https:\/\/www.meydan.tv\/az\/wp-json\/wp\/v2\/users\/8"}],"replies":[{"embeddable":true,"href":"https:\/\/www.meydan.tv\/az\/wp-json\/wp\/v2\/comments?post=270568"}],"version-history":[{"count":2,"href":"https:\/\/www.meydan.tv\/az\/wp-json\/wp\/v2\/posts\/270568\/revisions"}],"predecessor-version":[{"id":270585,"href":"https:\/\/www.meydan.tv\/az\/wp-json\/wp\/v2\/posts\/270568\/revisions\/270585"}],"wp:featuredmedia":[{"embeddable":true,"href":"https:\/\/www.meydan.tv\/az\/wp-json\/wp\/v2\/media\/157781"}],"wp:attachment":[{"href":"https:\/\/www.meydan.tv\/az\/wp-json\/wp\/v2\/media?parent=270568"}],"wp:term":[{"taxonomy":"category","embeddable":true,"href":"https:\/\/www.meydan.tv\/az\/wp-json\/wp\/v2\/categories?post=270568"},{"taxonomy":"post_tag","embeddable":true,"href":"https:\/\/www.meydan.tv\/az\/wp-json\/wp\/v2\/tags?post=270568"}],"curies":[{"name":"wp","href":"https:\/\/api.w.org\/{rel}","templated":true}]}}