{"id":270427,"date":"2023-03-10T15:03:02","date_gmt":"2023-03-10T11:03:02","guid":{"rendered":"https:\/\/www.meydan.tv\/?p=270427"},"modified":"2023-03-10T15:03:06","modified_gmt":"2023-03-10T11:03:06","slug":"azerbaycanda-milli-teatr-gunu-bakida-ve-regionlarda","status":"publish","type":"post","link":"https:\/\/www.meydan.tv\/az\/article\/azerbaycanda-milli-teatr-gunu-bakida-ve-regionlarda\/","title":{"rendered":"<strong>Az\u0259rbaycanda Milli Teatr G\u00fcn\u00fc: Bak\u0131da v\u0259 regionlarda&#8230;<\/strong>"},"content":{"rendered":"\n<p><\/p>\n\n\n\n<p><strong><em>&#8220;Rayonlarda sosial-iqtisadi v\u0259ziyy\u0259t \u00e7ox b\u0259rbadd\u0131r&#8221;<\/em><\/strong><\/p>\n\n\n\n<p>Mart\u0131n 10-da Az\u0259rbaycanda Milli Teatr G\u00fcn\u00fc qeyd edilir.<\/p>\n\n\n\n<p>Teatr\u015f\u00fcnas Vidadi Qafarov hesab edir ki, son ill\u0259r Az\u0259rbaycan teatr prosesind\u0259 canlanma hiss olunur. Bu, x\u00fcsusuil\u0259 2021-ci ild\u0259n etibar\u0259n \u00f6lk\u0259d\u0259 ke\u00e7iril\u0259n festivallarla \u0259laq\u0259dard\u0131r.<\/p>\n\n\n\n<p><em>\u201c\u0130ndi dem\u0259k olar ki, b\u00fct\u00fcn teatrlarda tama\u015fa zaman\u0131 zal\u0131n \u0259n az\u0131 50 faizi tama\u015fa\u00e7\u0131 il\u0259 dolu olur. Teatra tez-tez ged\u0259n adam kimi bunun \u015fahidiy\u0259m. H\u0259tta b\u0259z\u0259n tama\u015fa\u00e7\u0131lar premyera g\u00fcnl\u0259rind\u0259 bilet tapmad\u0131qlar\u0131 \u00fc\u00e7\u00fcn \u015fikay\u0259tl\u0259nirl\u0259r d\u0259\u201d<\/em>, &#8211; teatr\u015f\u00fcnas deyir.<\/p>\n\n\n\n<p>O t\u0259\u0259ss\u00fcfl\u0259 qeyd edir ki, bunu rayonlarda f\u0259aliyy\u0259t g\u00f6st\u0259r\u0259n teatrlara \u015famil etm\u0259k m\u00fcmk\u00fcn deyil:<\/p>\n\n\n\n<p><em>\u201cRayonlarda yerl\u0259\u015f\u0259n b\u0259zi teatrlarda bu problem yen\u0259 d\u0259 var. \u00c7\u00fcnki rayonlarda sosial-iqtisadi v\u0259ziyy\u0259t \u00e7ox b\u0259rbadd\u0131r. Eyni zamanda \u0259halinin demoqrafik m\u0259s\u0259l\u0259l\u0259ri buna ciddi mane olur. Rayonlarda \u0259hali dem\u0259k olar ki, qalmay\u0131b. \u0130\u015f yerl\u0259rinin olmamas\u0131 v\u0259 s. maddi probleml\u0259r onlar\u0131n b\u00f6y\u00fck \u0259ks\u0259riyy\u0259tinin Bak\u0131ya, yaxud da dig\u0259r regionlara k\u00f6\u00e7m\u0259sin\u0259 s\u0259b\u0259b olub. Rayon teatrlar\u0131nda tama\u015fa\u00e7\u0131 q\u0131tl\u0131\u011f\u0131 m\u0259hz bu s\u0259b\u0259bd\u0259ndir\u201d.<\/em><\/p>\n\n\n<div class=\"wp-block-image\">\n<figure class=\"alignleft size-large is-resized\"><img decoding=\"async\" data-src=\"https:\/\/www.meydan.tv\/wp-content\/uploads\/vidadi_kwquyjw-955x821.jpg\" alt=\"Vidadi Qafarov\" class=\"wp-image-210493 lazyload\" width=\"391\" height=\"335\" src=\"data:image\/svg+xml;base64,PHN2ZyB3aWR0aD0iMSIgaGVpZ2h0PSIxIiB4bWxucz0iaHR0cDovL3d3dy53My5vcmcvMjAwMC9zdmciPjwvc3ZnPg==\" style=\"--smush-placeholder-width: 391px; --smush-placeholder-aspect-ratio: 391\/335;\" \/><figcaption class=\"wp-element-caption\">Vidadi Qafaro. Foto: &#8220;teatro.az&#8221;<\/figcaption><\/figure>\n<\/div>\n\n\n<p>Vidadi Qafarovun fikrinc\u0259, teatr aktyorlar\u0131n\u0131n \u0259m\u0259khaqlar\u0131 qald\u0131r\u0131lmal\u0131d\u0131r:<\/p>\n\n\n\n<p>\u201c<em>Bizd\u0259 y\u00fcks\u0259k maa\u015f alan teatr m\u00fc\u0259ssis\u0259l\u0259ri akademik teatrlard\u0131r. Onlar\u0131n da say\u0131 \u00fc\u00e7-d\u00f6rd\u00fcr. Qalan teatrlar is\u0259 qeyri-normal \u0259m\u0259khaqq\u0131 al\u0131rlar. O maa\u015fla y\u00fcks\u0259k s\u0259viyy\u0259li yarad\u0131c\u0131l\u0131q n\u00fcmayi\u015f etdirm\u0259k m\u00fcmk\u00fcn deyil. He\u00e7 bir aktyor Robinzon deyil v\u0259 adada t\u0259k ya\u015fam\u0131r. Ail\u0259si, u\u015fa\u011f\u0131 var. C\u0259miyy\u0259td\u0259 ya\u015fay\u0131r, geyimi, g\u00fcnd\u0259lik qay\u011f\u0131lar\u0131 var. Aktyorun \u00f6z\u00fcn\u00fcn f\u0259rdi, f\u0259rqli ya\u015fay\u0131\u015f t\u0259rzi var. Ona g\u00f6r\u0259 d\u0259 aktyorlara n\u0259 t\u0259klif g\u0259lirs\u0259, imkans\u0131zl\u0131qdan m\u0259cbur ham\u0131s\u0131na qa\u00e7mal\u0131 olurlar. Biri var ki, be\u015f tama\u015fada oynayasan, biri d\u0259 var, h\u0259m film v\u0259 serial \u00e7\u0259kili\u015fl\u0259rin\u0259, h\u0259m dublyaja, h\u0259m radioda verili\u015f aparma\u011fa, h\u0259m d\u0259 toyda \u00e7\u0131x\u0131\u015f etm\u0259y\u0259 qa\u00e7asan. Bunlar aktyorlar\u0131n inki\u015faf\u0131na, ya\u015fay\u0131\u015f t\u0259rzin\u0259, y\u00fcks\u0259k s\u0259viyy\u0259d\u0259 obrazlar\u0131n meydana \u00e7\u0131xmas\u0131na mane olur\u201d.<\/em><\/p>\n\n\n\n<p>Teatr\u015f\u00fcnas m\u00fcst\u0259qil teatrlardan da dan\u0131\u015f\u0131b.<\/p>\n\n\n\n<p>O bildirib ki, m\u00fcst\u0259qil teatrlar yaran\u0131, lakin sonrak\u0131 m\u0259rh\u0259l\u0259d\u0259 f\u0259aliyy\u0259tini davam etdirm\u0259k \u00e7\u0259tinl\u0259\u015fir:<\/p>\n\n\n\n<p>\u201c<em>\u00d6z\u0259l teatrlarda v\u0259ziyy\u0259t h\u0259m yax\u015f\u0131d\u0131r, h\u0259m d\u0259 pisdir. Ona g\u00f6r\u0259 yax\u015f\u0131d\u0131r ki, \u00f6lk\u0259d\u0259 \u00f6z\u0259l teatrlar\u0131n say\u0131 kifay\u0259t q\u0259d\u0259rdir. Onlar f\u0259aliyy\u0259t g\u00f6st\u0259rm\u0259y\u0259 \u00e7al\u0131\u015f\u0131rlar. 2022-ci ild\u0259 Xalq artisti Vidadi H\u0259s\u0259novun t\u0259\u015f\u0259bb\u00fcs\u00fc v\u0259 r\u0259hb\u0259rliyi il\u0259 \u201cTeatr bahar\u0131\u201d- I M\u00fcst\u0259qil Teatrlar Festival\u0131 ke\u00e7irildi. Bu festival g\u00f6st\u0259rdi ki, Az\u0259rbaycanda m\u00fcst\u0259qil, \u00f6z\u0259l teatrlar funksionlad\u0131rlar v\u0259 i\u015fl\u0259y\u0259 bil\u0259rl\u0259r&#8221;.<\/em><\/p>\n\n\n\n<p>&#8220;<em>T\u0259\u0259ss\u00fcf ki, m\u00fcst\u0259qil teatrlara x\u00fcsusi d\u00f6vl\u0259t d\u0259st\u0259yi yoxdur. Bu teatrlar \u0259n \u00e7ox da m\u0259kan problemi ya\u015fay\u0131rlar. \u00d6z\u0259l teatrlar\u0131n maddi durumu yax\u015f\u0131 deyil. H\u0259r bir tama\u015fan\u0131n t\u0259\u015fkili \u00fc\u00e7\u00fcn m\u00fc\u0259yy\u0259n maliyy\u0259 x\u0259rcl\u0259ri laz\u0131md\u0131r. Bu m\u0259nada d\u00f6vl\u0259t m\u00fcst\u0259qil teatrlar\u0131 d\u0259st\u0259kl\u0259m\u0259lidir ki, onlar inki\u015faf etsinl\u0259r\u201d<\/em>, &#8211; dey\u0259 o bildirib.<\/p>\n\n\n\n<p>Az\u0259rbaycan Milli Teatr\u0131n\u0131n \u0259sas\u0131 1873-c\u00fc il mart\u0131n 10-da Mirz\u0259 F\u0259t\u0259li Axundzad\u0259nin \u201cS\u0259rg\u00fcz\u0259\u015fti-v\u0259ziri-xani-L\u0259nk\u0259ran\u201d komediyas\u0131 il\u0259 qoyulub.<\/p>\n\n\n\n<p>H\u0259min vaxtdan etibar\u0259n Az\u0259rbaycanda h\u0259r il mart\u0131n onunda Milli Teatr G\u00fcn\u00fc kimi qeyd olunur.<\/p>\n","protected":false},"excerpt":{"rendered":"<p>&#8220;Rayonlarda sosial-iqtisadi v\u0259ziyy\u0259t \u00e7ox b\u0259rbadd\u0131r&#8221; Mart\u0131n 10-da Az\u0259rbaycanda Milli Teatr &#8230; <\/p>\n<p class=\"read-more-container\"><a title=\"Az\u0259rbaycanda Milli Teatr G\u00fcn\u00fc: Bak\u0131da v\u0259 regionlarda&#8230;\" class=\"read-more button\" href=\"https:\/\/www.meydan.tv\/az\/article\/azerbaycanda-milli-teatr-gunu-bakida-ve-regionlarda\/#more-270427\" aria-label=\"Read more about Az\u0259rbaycanda Milli Teatr G\u00fcn\u00fc: Bak\u0131da v\u0259 regionlarda&#8230;\">Davam\u0131<\/a><\/p>\n","protected":false},"author":8,"featured_media":270424,"comment_status":"closed","ping_status":"closed","sticky":false,"template":"","format":"standard","meta":{"_acf_changed":false,"_sitemap_exclude":false,"_sitemap_priority":"","_sitemap_frequency":"","footnotes":""},"categories":[52,56],"tags":[],"class_list":["post-270427","post","type-post","status-publish","format-standard","has-post-thumbnail","hentry","category-medeniyyet","category-xeberler","infinite-scroll-item","generate-columns","tablet-grid-50","mobile-grid-100","grid-parent","grid-33","no-featured-image-padding"],"acf":[],"yoast_head":"<!-- This site is optimized with the Yoast SEO plugin v27.4 - https:\/\/yoast.com\/product\/yoast-seo-wordpress\/ -->\n<title>Az\u0259rbaycanda Milli Teatr G\u00fcn\u00fc: Bak\u0131da v\u0259 regionlarda... - MEYDAN.TV<\/title>\n<meta name=\"robots\" content=\"index, follow, max-snippet:-1, max-image-preview:large, max-video-preview:-1\" \/>\n<link rel=\"canonical\" href=\"https:\/\/www.meydan.tv\/az\/article\/azerbaycanda-milli-teatr-gunu-bakida-ve-regionlarda\/\" \/>\n<meta property=\"og:locale\" content=\"az_AZ\" \/>\n<meta property=\"og:type\" content=\"article\" \/>\n<meta property=\"og:title\" content=\"Az\u0259rbaycanda Milli Teatr G\u00fcn\u00fc: Bak\u0131da v\u0259 regionlarda... - MEYDAN.TV\" \/>\n<meta property=\"og:description\" content=\"&#8220;Rayonlarda sosial-iqtisadi v\u0259ziyy\u0259t \u00e7ox b\u0259rbadd\u0131r&#8221; Mart\u0131n 10-da Az\u0259rbaycanda Milli Teatr ... Davam\u0131\" \/>\n<meta property=\"og:url\" content=\"https:\/\/www.meydan.tv\/az\/article\/azerbaycanda-milli-teatr-gunu-bakida-ve-regionlarda\/\" \/>\n<meta property=\"og:site_name\" content=\"MEYDAN.TV\" \/>\n<meta property=\"article:published_time\" content=\"2023-03-10T11:03:02+00:00\" \/>\n<meta property=\"article:modified_time\" content=\"2023-03-10T11:03:06+00:00\" \/>\n<meta property=\"og:image\" content=\"https:\/\/www.meydan.tv\/wp-content\/uploads\/shutterstock_2239484005.jpg\" \/>\n\t<meta property=\"og:image:width\" content=\"1200\" \/>\n\t<meta property=\"og:image:height\" content=\"651\" \/>\n\t<meta property=\"og:image:type\" content=\"image\/jpeg\" \/>\n<meta name=\"author\" content=\"elli\" \/>\n<meta name=\"twitter:card\" content=\"summary_large_image\" \/>\n<meta name=\"twitter:creator\" content=\"@elli\" \/>\n<script type=\"application\/ld+json\" class=\"yoast-schema-graph\">{\"@context\":\"https:\\\/\\\/schema.org\",\"@graph\":[{\"@type\":\"Article\",\"@id\":\"https:\\\/\\\/www.meydan.tv\\\/az\\\/article\\\/azerbaycanda-milli-teatr-gunu-bakida-ve-regionlarda\\\/#article\",\"isPartOf\":{\"@id\":\"https:\\\/\\\/www.meydan.tv\\\/az\\\/article\\\/azerbaycanda-milli-teatr-gunu-bakida-ve-regionlarda\\\/\"},\"author\":{\"name\":\"elli\",\"@id\":\"https:\\\/\\\/www.meydan.tv\\\/az\\\/#\\\/schema\\\/person\\\/9cdbecf90d17180ce1dfbd95b08dcf47\"},\"headline\":\"Az\u0259rbaycanda Milli Teatr G\u00fcn\u00fc: Bak\u0131da v\u0259 regionlarda&#8230;\",\"datePublished\":\"2023-03-10T11:03:02+00:00\",\"dateModified\":\"2023-03-10T11:03:06+00:00\",\"mainEntityOfPage\":{\"@id\":\"https:\\\/\\\/www.meydan.tv\\\/az\\\/article\\\/azerbaycanda-milli-teatr-gunu-bakida-ve-regionlarda\\\/\"},\"wordCount\":675,\"publisher\":{\"@id\":\"https:\\\/\\\/www.meydan.tv\\\/az\\\/#organization\"},\"image\":{\"@id\":\"https:\\\/\\\/www.meydan.tv\\\/az\\\/article\\\/azerbaycanda-milli-teatr-gunu-bakida-ve-regionlarda\\\/#primaryimage\"},\"thumbnailUrl\":\"https:\\\/\\\/www.meydan.tv\\\/wp-content\\\/uploads\\\/shutterstock_2239484005.jpg\",\"articleSection\":[\"M\u0259d\u0259niyy\u0259t\",\"X\u0259b\u0259rl\u0259r\"],\"inLanguage\":\"az\"},{\"@type\":\"WebPage\",\"@id\":\"https:\\\/\\\/www.meydan.tv\\\/az\\\/article\\\/azerbaycanda-milli-teatr-gunu-bakida-ve-regionlarda\\\/\",\"url\":\"https:\\\/\\\/www.meydan.tv\\\/az\\\/article\\\/azerbaycanda-milli-teatr-gunu-bakida-ve-regionlarda\\\/\",\"name\":\"Az\u0259rbaycanda Milli Teatr G\u00fcn\u00fc: Bak\u0131da v\u0259 regionlarda... - MEYDAN.TV\",\"isPartOf\":{\"@id\":\"https:\\\/\\\/www.meydan.tv\\\/az\\\/#website\"},\"primaryImageOfPage\":{\"@id\":\"https:\\\/\\\/www.meydan.tv\\\/az\\\/article\\\/azerbaycanda-milli-teatr-gunu-bakida-ve-regionlarda\\\/#primaryimage\"},\"image\":{\"@id\":\"https:\\\/\\\/www.meydan.tv\\\/az\\\/article\\\/azerbaycanda-milli-teatr-gunu-bakida-ve-regionlarda\\\/#primaryimage\"},\"thumbnailUrl\":\"https:\\\/\\\/www.meydan.tv\\\/wp-content\\\/uploads\\\/shutterstock_2239484005.jpg\",\"datePublished\":\"2023-03-10T11:03:02+00:00\",\"dateModified\":\"2023-03-10T11:03:06+00:00\",\"breadcrumb\":{\"@id\":\"https:\\\/\\\/www.meydan.tv\\\/az\\\/article\\\/azerbaycanda-milli-teatr-gunu-bakida-ve-regionlarda\\\/#breadcrumb\"},\"inLanguage\":\"az\",\"potentialAction\":[{\"@type\":\"ReadAction\",\"target\":[\"https:\\\/\\\/www.meydan.tv\\\/az\\\/article\\\/azerbaycanda-milli-teatr-gunu-bakida-ve-regionlarda\\\/\"]}]},{\"@type\":\"ImageObject\",\"inLanguage\":\"az\",\"@id\":\"https:\\\/\\\/www.meydan.tv\\\/az\\\/article\\\/azerbaycanda-milli-teatr-gunu-bakida-ve-regionlarda\\\/#primaryimage\",\"url\":\"https:\\\/\\\/www.meydan.tv\\\/wp-content\\\/uploads\\\/shutterstock_2239484005.jpg\",\"contentUrl\":\"https:\\\/\\\/www.meydan.tv\\\/wp-content\\\/uploads\\\/shutterstock_2239484005.jpg\",\"width\":1200,\"height\":651,\"caption\":\"Az\u0259rbaycan teatr\u0131. Foto: Julia Raketic\\\/shutterstock\"},{\"@type\":\"BreadcrumbList\",\"@id\":\"https:\\\/\\\/www.meydan.tv\\\/az\\\/article\\\/azerbaycanda-milli-teatr-gunu-bakida-ve-regionlarda\\\/#breadcrumb\",\"itemListElement\":[{\"@type\":\"ListItem\",\"position\":1,\"name\":\"Ana s\u0259hif\u0259\",\"item\":\"https:\\\/\\\/www.meydan.tv\\\/az\\\/\"},{\"@type\":\"ListItem\",\"position\":2,\"name\":\"M\u0259d\u0259niyy\u0259t\",\"item\":\"https:\\\/\\\/www.meydan.tv\\\/az\\\/section\\\/medeniyyet\\\/\"},{\"@type\":\"ListItem\",\"position\":3,\"name\":\"Az\u0259rbaycanda Milli Teatr G\u00fcn\u00fc: Bak\u0131da v\u0259 regionlarda&#8230;\"}]},{\"@type\":\"WebSite\",\"@id\":\"https:\\\/\\\/www.meydan.tv\\\/az\\\/#website\",\"url\":\"https:\\\/\\\/www.meydan.tv\\\/az\\\/\",\"name\":\"MEYDAN.TV\",\"description\":\"Meydan TV Az\u0259rbaycan\u0131n media m\u0259kan\u0131ndak\u0131 alternativ s\u0259sidir\",\"publisher\":{\"@id\":\"https:\\\/\\\/www.meydan.tv\\\/az\\\/#organization\"},\"potentialAction\":[{\"@type\":\"SearchAction\",\"target\":{\"@type\":\"EntryPoint\",\"urlTemplate\":\"https:\\\/\\\/www.meydan.tv\\\/az\\\/?s={search_term_string}\"},\"query-input\":{\"@type\":\"PropertyValueSpecification\",\"valueRequired\":true,\"valueName\":\"search_term_string\"}}],\"inLanguage\":\"az\"},{\"@type\":\"Organization\",\"@id\":\"https:\\\/\\\/www.meydan.tv\\\/az\\\/#organization\",\"name\":\"Meydan TV\",\"url\":\"https:\\\/\\\/www.meydan.tv\\\/az\\\/\",\"logo\":{\"@type\":\"ImageObject\",\"inLanguage\":\"az\",\"@id\":\"https:\\\/\\\/www.meydan.tv\\\/az\\\/#\\\/schema\\\/logo\\\/image\\\/\",\"url\":\"https:\\\/\\\/www.meydan.tv\\\/wp-content\\\/uploads\\\/2021\\\/07\\\/meydan-logo.svg\",\"contentUrl\":\"https:\\\/\\\/www.meydan.tv\\\/wp-content\\\/uploads\\\/2021\\\/07\\\/meydan-logo.svg\",\"width\":195,\"height\":46,\"caption\":\"Meydan TV\"},\"image\":{\"@id\":\"https:\\\/\\\/www.meydan.tv\\\/az\\\/#\\\/schema\\\/logo\\\/image\\\/\"}},{\"@type\":\"Person\",\"@id\":\"https:\\\/\\\/www.meydan.tv\\\/az\\\/#\\\/schema\\\/person\\\/9cdbecf90d17180ce1dfbd95b08dcf47\",\"name\":\"elli\",\"sameAs\":[\"https:\\\/\\\/x.com\\\/elli\"]}]}<\/script>\n<!-- \/ Yoast SEO plugin. -->","yoast_head_json":{"title":"Az\u0259rbaycanda Milli Teatr G\u00fcn\u00fc: Bak\u0131da v\u0259 regionlarda... - MEYDAN.TV","robots":{"index":"index","follow":"follow","max-snippet":"max-snippet:-1","max-image-preview":"max-image-preview:large","max-video-preview":"max-video-preview:-1"},"canonical":"https:\/\/www.meydan.tv\/az\/article\/azerbaycanda-milli-teatr-gunu-bakida-ve-regionlarda\/","og_locale":"az_AZ","og_type":"article","og_title":"Az\u0259rbaycanda Milli Teatr G\u00fcn\u00fc: Bak\u0131da v\u0259 regionlarda... - MEYDAN.TV","og_description":"&#8220;Rayonlarda sosial-iqtisadi v\u0259ziyy\u0259t \u00e7ox b\u0259rbadd\u0131r&#8221; Mart\u0131n 10-da Az\u0259rbaycanda Milli Teatr ... Davam\u0131","og_url":"https:\/\/www.meydan.tv\/az\/article\/azerbaycanda-milli-teatr-gunu-bakida-ve-regionlarda\/","og_site_name":"MEYDAN.TV","article_published_time":"2023-03-10T11:03:02+00:00","article_modified_time":"2023-03-10T11:03:06+00:00","og_image":[{"width":1200,"height":651,"url":"https:\/\/www.meydan.tv\/wp-content\/uploads\/shutterstock_2239484005.jpg","type":"image\/jpeg"}],"author":"elli","twitter_card":"summary_large_image","twitter_creator":"@elli","schema":{"@context":"https:\/\/schema.org","@graph":[{"@type":"Article","@id":"https:\/\/www.meydan.tv\/az\/article\/azerbaycanda-milli-teatr-gunu-bakida-ve-regionlarda\/#article","isPartOf":{"@id":"https:\/\/www.meydan.tv\/az\/article\/azerbaycanda-milli-teatr-gunu-bakida-ve-regionlarda\/"},"author":{"name":"elli","@id":"https:\/\/www.meydan.tv\/az\/#\/schema\/person\/9cdbecf90d17180ce1dfbd95b08dcf47"},"headline":"Az\u0259rbaycanda Milli Teatr G\u00fcn\u00fc: Bak\u0131da v\u0259 regionlarda&#8230;","datePublished":"2023-03-10T11:03:02+00:00","dateModified":"2023-03-10T11:03:06+00:00","mainEntityOfPage":{"@id":"https:\/\/www.meydan.tv\/az\/article\/azerbaycanda-milli-teatr-gunu-bakida-ve-regionlarda\/"},"wordCount":675,"publisher":{"@id":"https:\/\/www.meydan.tv\/az\/#organization"},"image":{"@id":"https:\/\/www.meydan.tv\/az\/article\/azerbaycanda-milli-teatr-gunu-bakida-ve-regionlarda\/#primaryimage"},"thumbnailUrl":"https:\/\/www.meydan.tv\/wp-content\/uploads\/shutterstock_2239484005.jpg","articleSection":["M\u0259d\u0259niyy\u0259t","X\u0259b\u0259rl\u0259r"],"inLanguage":"az"},{"@type":"WebPage","@id":"https:\/\/www.meydan.tv\/az\/article\/azerbaycanda-milli-teatr-gunu-bakida-ve-regionlarda\/","url":"https:\/\/www.meydan.tv\/az\/article\/azerbaycanda-milli-teatr-gunu-bakida-ve-regionlarda\/","name":"Az\u0259rbaycanda Milli Teatr G\u00fcn\u00fc: Bak\u0131da v\u0259 regionlarda... - MEYDAN.TV","isPartOf":{"@id":"https:\/\/www.meydan.tv\/az\/#website"},"primaryImageOfPage":{"@id":"https:\/\/www.meydan.tv\/az\/article\/azerbaycanda-milli-teatr-gunu-bakida-ve-regionlarda\/#primaryimage"},"image":{"@id":"https:\/\/www.meydan.tv\/az\/article\/azerbaycanda-milli-teatr-gunu-bakida-ve-regionlarda\/#primaryimage"},"thumbnailUrl":"https:\/\/www.meydan.tv\/wp-content\/uploads\/shutterstock_2239484005.jpg","datePublished":"2023-03-10T11:03:02+00:00","dateModified":"2023-03-10T11:03:06+00:00","breadcrumb":{"@id":"https:\/\/www.meydan.tv\/az\/article\/azerbaycanda-milli-teatr-gunu-bakida-ve-regionlarda\/#breadcrumb"},"inLanguage":"az","potentialAction":[{"@type":"ReadAction","target":["https:\/\/www.meydan.tv\/az\/article\/azerbaycanda-milli-teatr-gunu-bakida-ve-regionlarda\/"]}]},{"@type":"ImageObject","inLanguage":"az","@id":"https:\/\/www.meydan.tv\/az\/article\/azerbaycanda-milli-teatr-gunu-bakida-ve-regionlarda\/#primaryimage","url":"https:\/\/www.meydan.tv\/wp-content\/uploads\/shutterstock_2239484005.jpg","contentUrl":"https:\/\/www.meydan.tv\/wp-content\/uploads\/shutterstock_2239484005.jpg","width":1200,"height":651,"caption":"Az\u0259rbaycan teatr\u0131. Foto: Julia Raketic\/shutterstock"},{"@type":"BreadcrumbList","@id":"https:\/\/www.meydan.tv\/az\/article\/azerbaycanda-milli-teatr-gunu-bakida-ve-regionlarda\/#breadcrumb","itemListElement":[{"@type":"ListItem","position":1,"name":"Ana s\u0259hif\u0259","item":"https:\/\/www.meydan.tv\/az\/"},{"@type":"ListItem","position":2,"name":"M\u0259d\u0259niyy\u0259t","item":"https:\/\/www.meydan.tv\/az\/section\/medeniyyet\/"},{"@type":"ListItem","position":3,"name":"Az\u0259rbaycanda Milli Teatr G\u00fcn\u00fc: Bak\u0131da v\u0259 regionlarda&#8230;"}]},{"@type":"WebSite","@id":"https:\/\/www.meydan.tv\/az\/#website","url":"https:\/\/www.meydan.tv\/az\/","name":"MEYDAN.TV","description":"Meydan TV Az\u0259rbaycan\u0131n media m\u0259kan\u0131ndak\u0131 alternativ s\u0259sidir","publisher":{"@id":"https:\/\/www.meydan.tv\/az\/#organization"},"potentialAction":[{"@type":"SearchAction","target":{"@type":"EntryPoint","urlTemplate":"https:\/\/www.meydan.tv\/az\/?s={search_term_string}"},"query-input":{"@type":"PropertyValueSpecification","valueRequired":true,"valueName":"search_term_string"}}],"inLanguage":"az"},{"@type":"Organization","@id":"https:\/\/www.meydan.tv\/az\/#organization","name":"Meydan TV","url":"https:\/\/www.meydan.tv\/az\/","logo":{"@type":"ImageObject","inLanguage":"az","@id":"https:\/\/www.meydan.tv\/az\/#\/schema\/logo\/image\/","url":"https:\/\/www.meydan.tv\/wp-content\/uploads\/2021\/07\/meydan-logo.svg","contentUrl":"https:\/\/www.meydan.tv\/wp-content\/uploads\/2021\/07\/meydan-logo.svg","width":195,"height":46,"caption":"Meydan TV"},"image":{"@id":"https:\/\/www.meydan.tv\/az\/#\/schema\/logo\/image\/"}},{"@type":"Person","@id":"https:\/\/www.meydan.tv\/az\/#\/schema\/person\/9cdbecf90d17180ce1dfbd95b08dcf47","name":"elli","sameAs":["https:\/\/x.com\/elli"]}]}},"_links":{"self":[{"href":"https:\/\/www.meydan.tv\/az\/wp-json\/wp\/v2\/posts\/270427","targetHints":{"allow":["GET"]}}],"collection":[{"href":"https:\/\/www.meydan.tv\/az\/wp-json\/wp\/v2\/posts"}],"about":[{"href":"https:\/\/www.meydan.tv\/az\/wp-json\/wp\/v2\/types\/post"}],"author":[{"embeddable":true,"href":"https:\/\/www.meydan.tv\/az\/wp-json\/wp\/v2\/users\/8"}],"replies":[{"embeddable":true,"href":"https:\/\/www.meydan.tv\/az\/wp-json\/wp\/v2\/comments?post=270427"}],"version-history":[{"count":3,"href":"https:\/\/www.meydan.tv\/az\/wp-json\/wp\/v2\/posts\/270427\/revisions"}],"predecessor-version":[{"id":270432,"href":"https:\/\/www.meydan.tv\/az\/wp-json\/wp\/v2\/posts\/270427\/revisions\/270432"}],"wp:featuredmedia":[{"embeddable":true,"href":"https:\/\/www.meydan.tv\/az\/wp-json\/wp\/v2\/media\/270424"}],"wp:attachment":[{"href":"https:\/\/www.meydan.tv\/az\/wp-json\/wp\/v2\/media?parent=270427"}],"wp:term":[{"taxonomy":"category","embeddable":true,"href":"https:\/\/www.meydan.tv\/az\/wp-json\/wp\/v2\/categories?post=270427"},{"taxonomy":"post_tag","embeddable":true,"href":"https:\/\/www.meydan.tv\/az\/wp-json\/wp\/v2\/tags?post=270427"}],"curies":[{"name":"wp","href":"https:\/\/api.w.org\/{rel}","templated":true}]}}