{"id":270374,"date":"2023-03-09T16:28:17","date_gmt":"2023-03-09T12:28:17","guid":{"rendered":"https:\/\/www.meydan.tv\/?p=270374"},"modified":"2023-03-09T16:28:27","modified_gmt":"2023-03-09T12:28:27","slug":"dunyada-insan-huquqlari-azerbaycan-cin-myanma-yemenle-eyni-sirada","status":"publish","type":"post","link":"https:\/\/www.meydan.tv\/az\/article\/dunyada-insan-huquqlari-azerbaycan-cin-myanma-yemenle-eyni-sirada\/","title":{"rendered":"<strong>D\u00fcnyada insan h\u00fcquqlar\u0131: Az\u0259rbaycan \u00c7in, Myanma, Y\u0259m\u0259nl\u0259 eyni s\u0131rada<\/strong>"},"content":{"rendered":"\n<p><\/p>\n\n\n\n<p><em>&#8220;Az\u0259rbaycanda media orqanlar\u0131 v\u0259 jurnalistl\u0259r\u0259 \u0259lav\u0259 m\u0259hdudiyy\u0259tl\u0259r t\u0259tbiq edilir&#8221;<\/em><\/p>\n\n\n\n<p>\u201cD\u00fcnyada qlobal azadl\u0131qlar art\u0131q 17-ci ildir ki, geril\u0259yir\u201d.<\/p>\n\n\n\n<p>&#8220;Freedom House\u201d beyn\u0259lxalq insan h\u00fcquqlar\u0131 t\u0259\u015fkilat\u0131n\u0131n mart\u0131n 9-da a\u00e7\u0131qlad\u0131\u011f\u0131 \u201cd\u00fcnyada azadl\u0131qlar\u201d bar\u0259d\u0259 illik hesabat\u0131nda bel\u0259 <a href=\"https:\/\/freedomhouse.org\/report\/freedom-world\/2023\/marking-50-years\" target=\"_blank\" rel=\"noreferrer noopener\">deyilir<\/a>.<\/p>\n\n\n\n<p>Hesabata g\u00f6r\u0259, Moskvan\u0131n art\u0131q bir ild\u0259n art\u0131qd\u0131r ki, davam ed\u0259n i\u015f\u011fal\u00e7\u0131 m\u00fcharib\u0259si Ukraynada insan h\u00fcquqlar\u0131 sah\u0259sind\u0259 ciddi probleml\u0259r yarad\u0131b. M\u00fcharib\u0259 bu \u00f6lk\u0259d\u0259 da\u011f\u0131d\u0131c\u0131 v\u0259 v\u0259h\u015filikl\u0259rl\u0259 yadda qal\u0131r:<\/p>\n\n\n\n<p>\u201cRusiyada azadl\u0131qlar\u0131n geril\u0259m\u0259si onunla qon\u015fu \u00f6lk\u0259l\u0259r\u0259 d\u0259 t\u0259sir edib. Sovet \u0130ttifaq\u0131n\u0131n \u00e7\u00f6k\u00fc\u015f\u00fcnd\u0259n 30 il ke\u00e7s\u0259 d\u0259, Rusiyan\u0131n hesab\u0131na Avrasiyada avtoritarizm dominantl\u0131q edir\u201d.<\/p>\n\n\n\n<p>Ke\u00e7mi\u015f sovet \u00f6lk\u0259l\u0259rind\u0259n yaln\u0131z \u00fc\u00e7 Baltik \u00f6lk\u0259si \u2013 Estoniya, Litva v\u0259 Latviya \u201cazad\u201d say\u0131l\u0131b. Bu \u00f6lk\u0259l\u0259r Avropa \u0130ttifaq\u0131 v\u0259 NATO \u00fczvl\u0259ridir.<\/p>\n\n\n\n<p>Az\u0259rbaycan is\u0259 9 <a href=\"https:\/\/freedomhouse.org\/countries\/freedom-world\/scores\" target=\"_blank\" rel=\"noreferrer noopener\">balla<\/a> \u00c7in, Myanma, Y\u0259m\u0259nl\u0259 eyni s\u0131ralar\u0131 b\u00f6l\u00fc\u015f\u00fcr.<\/p>\n\n\n\n<p>G\u00fcrc\u00fcstan 58, Erm\u0259nistan 54 balla qism\u0259n azad say\u0131l\u0131b.<\/p>\n\n\n\n<p>\u201cDemokratik idar\u0259\u00e7iliyin olmamas\u0131 regionda sabitsizlik yarad\u0131b, avtokratlar qon\u015fular\u0131na qar\u015f\u0131, el\u0259c\u0259 d\u0259 daxili naraz\u0131l\u0131\u011f\u0131 susdurmaq \u00fc\u00e7\u00fcn h\u0259rbi g\u00fcc\u0259 \u0259l at\u0131r\u201d, \u2013 hesabatda vur\u011fulan\u0131r.<\/p>\n\n\n\n<p>T\u00fcrkm\u0259nistan azadl\u0131qlara g\u00f6r\u0259, d\u00fcnyada \u0259n pis \u00fc\u00e7\u00fcnc\u00fc, Tacikistan is\u0259 yeddinci \u00f6lk\u0259 say\u0131l\u0131b.<\/p>\n\n\n<div class=\"wp-block-image\">\n<figure class=\"aligncenter size-large\"><img decoding=\"async\" width=\"1200\" height=\"639\" data-src=\"https:\/\/www.meydan.tv\/wp-content\/uploads\/freedom_9xweaop-1200x639.jpg\" alt=\"Freedom House\" class=\"wp-image-132672 lazyload\" src=\"data:image\/svg+xml;base64,PHN2ZyB3aWR0aD0iMSIgaGVpZ2h0PSIxIiB4bWxucz0iaHR0cDovL3d3dy53My5vcmcvMjAwMC9zdmciPjwvc3ZnPg==\" style=\"--smush-placeholder-width: 1200px; --smush-placeholder-aspect-ratio: 1200\/639;\" \/><figcaption class=\"wp-element-caption\">M\u0259nb\u0259: KOZYREV OLEG\/shutterstock<\/figcaption><\/figure>\n<\/div>\n\n\n<p>\u201cFreedom House\u201d eyni zamanda Qafqaz v\u0259 Orta Asiya \u00f6lk\u0259l\u0259rinin \u201cRusiyan\u0131n Ukrayna \u0259razisini ilhaq\u0131n\u0131 tan\u0131maqdan imtinas\u0131\u201dn\u0131, Rusiya banklar\u0131na qar\u015f\u0131 beyn\u0259lxalq sanksiyalara \u0259m\u0259l etm\u0259sini alq\u0131\u015flay\u0131b.<\/p>\n\n\n\n<p>Belarus is\u0259 istisnad\u0131r. S\u0259b\u0259b is\u0259 bu \u00f6lk\u0259nin lideri Aleksandr Luka\u015fenkan\u0131n Ukraynaya qar\u015f\u0131 m\u00fcharib\u0259d\u0259 Rusiya il\u0259 s\u0131x \u0259m\u0259kda\u015fl\u0131q etm\u0259sidir.<\/p>\n\n\n\n<p>\u00d6t\u0259n il d\u00fcnyada qeyri-azad say\u0131lan 57 \u00f6lk\u0259d\u0259n 16-s\u0131 bu il siyasi h\u00fcquqlar v\u0259 m\u00fclki azadl\u0131qlar\u0131n bo\u011fuldu\u011fu yer kimi \u0259n a\u015fa\u011f\u0131 h\u0259dd\u0259 \u00e7at\u0131b.<\/p>\n\n\n\n<p>C\u0259nubi Sudan, T\u00fcrkm\u0259nistan, Suriya 1, Tacikistan 7, \u018ffqan\u0131stan v\u0259 Belarus 8 bal y\u0131\u011f\u0131b.<\/p>\n\n\n\n<p><strong><em>\u201cAvtoritarlar son d\u0259r\u0259c\u0259 t\u0259hl\u00fck\u0259li olsalar da, m\u0259\u011flubedilm\u0259z deyill\u0259r&#8221;<\/em><\/strong><\/p>\n\n\n\n<p>\u201cFreedom House\u201d qeyd edir ki, demokratiya u\u011frunda m\u00fcbariz\u0259 d\u00f6n\u00fc\u015f n\u00f6qt\u0259sin\u0259 yax\u0131nla\u015fa bil\u0259r.<\/p>\n\n\n\n<p>2022-ci ild\u0259 is\u0259 \u00fcmumi azalma qeyd\u0259 al\u0131nan \u00f6lk\u0259l\u0259rin say\u0131 aras\u0131ndak\u0131 f\u0259rq son 17 ilin \u0259n pis g\u00f6st\u0259ricisidir.<\/p>\n\n\n\n<p>\u201cAvtoritarlar son d\u0259r\u0259c\u0259 t\u0259hl\u00fck\u0259li olsalar da, m\u0259\u011flubedilm\u0259z deyill\u0259r. \u0130lin hadis\u0259l\u0259ri g\u00f6st\u0259rdi ki, avtokratlar yan\u0131lmazl\u0131qdan uzaqd\u0131rlar v\u0259 onlar\u0131n s\u0259hvl\u0259ri demokratik q\u00fcvv\u0259l\u0259r \u00fc\u00e7\u00fcn yol a\u00e7\u0131r\u201d.<\/p>\n\n\n<div class=\"wp-block-image\">\n<figure class=\"aligncenter size-full\"><img decoding=\"async\" width=\"1200\" height=\"754\" data-src=\"https:\/\/www.meydan.tv\/wp-content\/uploads\/2022-02-22t112121z_1_lynxmpei1l0go_rtroptp_4_ukraine-crisis-russia-flights.jpg\" alt=\"\" class=\"wp-image-235263 lazyload\" src=\"data:image\/svg+xml;base64,PHN2ZyB3aWR0aD0iMSIgaGVpZ2h0PSIxIiB4bWxucz0iaHR0cDovL3d3dy53My5vcmcvMjAwMC9zdmciPjwvc3ZnPg==\" style=\"--smush-placeholder-width: 1200px; --smush-placeholder-aspect-ratio: 1200\/754;\" \/><figcaption class=\"wp-element-caption\">Rusiya, M\u0259nb\u0259: Reuters<\/figcaption><\/figure>\n<\/div>\n\n\n<p>\u201cFreedom House\u201d bildirib ki, Rusiya v\u0259 \u0130ran kimi \u00f6lk\u0259l\u0259rd\u0259 ifad\u0259 azadl\u0131\u011f\u0131n\u0131n m\u0259hdudla\u015fd\u0131r\u0131lmas\u0131 fonunda demokratiya u\u011frunda m\u00fcbariz\u0259 h\u0259lledici m\u0259qama \u00e7at\u0131r.<\/p>\n\n\n\n<p>2022-ci ild\u0259 ifad\u0259 azadl\u0131\u011f\u0131n\u0131n s\u0131f\u0131r bal y\u0131\u011fd\u0131\u011f\u0131 \u00f6lk\u0259l\u0259rin say\u0131 \u00f6t\u0259n ill\u0259rl\u0259 m\u00fcqayis\u0259d\u0259 14-d\u0259n 33-\u0259 qalx\u0131b.<\/p>\n\n\n\n<p>\u018fn az\u0131 157 \u00f6lk\u0259 v\u0259 \u0259razid\u0259 media azadl\u0131\u011f\u0131 t\u0259zyiq alt\u0131nda qal\u0131b. \u015e\u0259xsi h\u0259yat\u0131n toxunulmazl\u0131\u011f\u0131 il\u0259 ba\u011fl\u0131 ballar da \u00e7ox a\u015fa\u011f\u0131 s\u0259viyy\u0259y\u0259 enib.<\/p>\n\n\n\n<p><strong><em>\u201cAvtoritar rejiml\u0259r demokratik t\u0259zyiql\u0259 \u00fczl\u0259\u015f\u0259nd\u0259 \u0259m\u0259kda\u015fl\u0131q \u00e7at verir\u201d<\/em><\/strong><\/p>\n\n\n\n<p>T\u0259\u015fkilat\u0131n hesabat\u0131na g\u00f6r\u0259, azadl\u0131q v\u0259 demokratiyan\u0131n geril\u0259m\u0259 il\u0259 \u00fczl\u0259\u015fm\u0259sinin s\u0259b\u0259bl\u0259ri s\u0131ras\u0131nda m\u00fcharib\u0259, \u00e7evrili\u015fl\u0259r, qanunsuz liderl\u0259rin demokratik qurumlara basq\u0131s\u0131 da var:<\/p>\n\n\n\n<p>\u201cAvtoritarlar\u0131n \u0259m\u0259kda\u015fl\u0131\u011f\u0131 \u00f6z maraqlar\u0131 il\u0259 motivasiya olunur. Y\u0259ni rejiml\u0259rin prioritetl\u0259ri \u00fcst-\u00fcst\u0259 d\u00fc\u015fm\u0259y\u0259nd\u0259, yaxud onlar m\u00fc\u0259yy\u0259n demokratik t\u0259zyiql\u0259 \u00fczl\u0259\u015f\u0259nd\u0259 bu \u0259m\u0259kda\u015fl\u0131q \u00e7at verir\u201d.<\/p>\n\n\n\n<p>Bu bax\u0131mdan t\u0259\u015fkilat KTMT \u00f6t\u0259n ilin \u0259vv\u0259lind\u0259 Qazax\u0131standak\u0131 b\u00f6hrana reaksiya verm\u0259sini, Erm\u0259nistana is\u0259 \u201cqon\u015fu Az\u0259rbaycan\u0131n onun suveren \u0259razisin\u0259 t\u0259krarlanan h\u00fccumlar\u0131 fonunda\u201d k\u00f6m\u0259k g\u00f6st\u0259rm\u0259m\u0259sini qeyd edir.<\/p>\n\n\n<div class=\"wp-block-image\">\n<figure class=\"aligncenter size-large\"><img decoding=\"async\" width=\"1020\" height=\"821\" data-src=\"https:\/\/www.meydan.tv\/wp-content\/uploads\/152379-1020x821.jpg\" alt=\"\" class=\"wp-image-255733 lazyload\" src=\"data:image\/svg+xml;base64,PHN2ZyB3aWR0aD0iMSIgaGVpZ2h0PSIxIiB4bWxucz0iaHR0cDovL3d3dy53My5vcmcvMjAwMC9zdmciPjwvc3ZnPg==\" style=\"--smush-placeholder-width: 1020px; --smush-placeholder-aspect-ratio: 1020\/821;\" \/><figcaption class=\"wp-element-caption\">Kollektiv T\u0259hl\u00fck\u0259sizlik M\u00fcqavil\u0259si T\u0259\u015fkilat\u0131 (KTMT).\n\nFoto: &#8220;odkb-csto.org&#8221;\n<\/figcaption><\/figure>\n<\/div>\n\n\n<p>Hesabatda Erm\u0259nistan\u0131n Rusiyan\u0131n r\u0259hb\u0259rlik etdiyi blokun yegan\u0259 \u201cqism\u0259n azad\u201d \u00f6lk\u0259si olmas\u0131 vur\u011fulan\u0131r.<\/p>\n\n\n\n<p>Yerevan Bak\u0131n\u0131n 2020-ci il m\u00fcharib\u0259sind\u0259n sonra s\u0259rh\u0259d toqqu\u015fmalar\u0131 n\u0259tic\u0259sind\u0259 onun \u0259razisin\u0259 girdiyini deyir.<\/p>\n\n\n\n<p>Az\u0259rbaycan is\u0259 bu iddialar\u0131 t\u0259kzib edib, s\u0259rh\u0259dl\u0259rin delimitasiya olunmad\u0131\u011f\u0131n\u0131 bildirib.<\/p>\n\n\n\n<p>Az\u0259rbaycan h\u0259min il 44 g\u00fcnl\u00fck m\u00fcharib\u0259 n\u0259tic\u0259sind\u0259 Qaraba\u011f\u0131n bir hiss\u0259sin\u0259 v\u0259 \u0259traf 7 rayona n\u0259zar\u0259tini b\u0259rpa edib. T\u0259r\u0259fl\u0259r s\u00fclh sazi\u015fi imzalamay\u0131b.<\/p>\n\n\n\n<p>Qaraba\u011fda erm\u0259nil\u0259r ya\u015fayan yerl\u0259r\u0259 v\u0259 La\u00e7\u0131n d\u0259hlizin\u0259 is\u0259 Rusiya h\u0259rb\u00e7il\u0259ri yerl\u0259\u015fdirilib.<\/p>\n\n\n\n<p><strong><em>&#8220;Media qurumlar\u0131 qeydiyyatdan ke\u00e7m\u0259y\u0259 m\u0259cbur edilir&#8221;<\/em><\/strong><\/p>\n\n\n\n<p>\u201cFreedom House\u201d hesabat\u0131nda h\u0259m\u00e7inin qeyd edir ki, Az\u0259rbaycan v\u0259 Qazax\u0131standa media orqanlar\u0131 v\u0259 jurnalistl\u0259r\u0259 \u0259lav\u0259 m\u0259hdudiyy\u0259tl\u0259r t\u0259tbiq edilir.<\/p>\n\n\n\n<p>Yeni q\u0259bul edil\u0259n qanunvericilikl\u0259 jurnalistl\u0259r, media qurumlar\u0131 qeydiyyatdan ke\u00e7m\u0259y\u0259 m\u0259cbur edilir.<\/p>\n\n\n\n<p>Az\u0259rbaycanda yeni media qanunu 2022-ci ilin \u0259vv\u0259ll\u0259rind\u0259 t\u0259sdiql\u0259nib.<\/p>\n\n\n\n<p>M\u00fcst\u0259qil jurnalistl\u0259r hesab edirl\u0259r ki, qanun onlar\u0131n f\u0259aliyy\u0259tini m\u0259hdudla\u015fd\u0131r\u0131r, h\u00f6kum\u0259t r\u0259smil\u0259ri is\u0259 \u0259ksin\u0259, onlara k\u00f6m\u0259k m\u0259qs\u0259di da\u015f\u0131d\u0131\u011f\u0131n\u0131 bildirir.<\/p>\n\n\n<div class=\"wp-block-image\">\n<figure class=\"aligncenter size-full\"><img decoding=\"async\" width=\"1200\" height=\"675\" data-src=\"https:\/\/www.meydan.tv\/wp-content\/uploads\/jurnalizm.jpg\" alt=\"\" class=\"wp-image-270381 lazyload\" src=\"data:image\/svg+xml;base64,PHN2ZyB3aWR0aD0iMSIgaGVpZ2h0PSIxIiB4bWxucz0iaHR0cDovL3d3dy53My5vcmcvMjAwMC9zdmciPjwvc3ZnPg==\" style=\"--smush-placeholder-width: 1200px; --smush-placeholder-aspect-ratio: 1200\/675;\" \/><figcaption class=\"wp-element-caption\">Media. Foto: Meydan TV<\/figcaption><\/figure>\n<\/div>\n\n\n<p>Venesiya Komissiyas\u0131 da h\u0259min qanuna m\u0259nfi r\u0259y verib.<\/p>\n\n\n\n<p>Qanunun q\u0259bulu \u00f6lk\u0259d\u0259 bir ild\u0259n art\u0131qd\u0131r ki, s\u0259ngim\u0259y\u0259n etirazlara s\u0259b\u0259b olub.<\/p>\n\n\n\n<p><strong><em>&#8220;Az\u0259rbaycan Erm\u0259nistandak\u0131 demokratik h\u00f6kum\u0259t\u0259 t\u0259hdid yarad\u0131r&#8221;<\/em><\/strong><\/p>\n\n\n\n<p>Hesabatda demokratik trayektoriyas\u0131 diqq\u0259t m\u0259rk\u0259zind\u0259 olan \u00f6lk\u0259l\u0259r s\u0131ras\u0131nda Erm\u0259nistanla T\u00fcrkiy\u0259nin ad\u0131 \u00e7\u0259kilir.<\/p>\n\n\n\n<p>\u201cAz\u0259rbaycan q\u00fcvv\u0259l\u0259ri s\u0259rh\u0259d boyunca Erm\u0259nistan \u0259razisin\u0259 h\u00fccum ed\u0259r\u0259k tutub, bu is\u0259 Yerevanda demokratik h\u00f6kum\u0259t\u0259 t\u0259hdid yarad\u0131r, tammiqyasl\u0131 m\u00fcharib\u0259 riskini art\u0131r\u0131q\u201d, \u2013 hesabatda qeyd edilir.<\/p>\n\n\n\n<p>Az\u0259rbaycan hakimiyy\u0259ti d\u0259f\u0259l\u0259rl\u0259 s\u00fclh sazi\u015fi imzalama\u011fa haz\u0131r oldu\u011funu, Erm\u0259nistan\u0131n bu prosesi yubatd\u0131\u011f\u0131n\u0131 bildirib.<\/p>\n\n\n<div class=\"wp-block-image\">\n<figure class=\"aligncenter size-full\"><img decoding=\"async\" width=\"1200\" height=\"800\" data-src=\"https:\/\/www.meydan.tv\/wp-content\/uploads\/shutterstock_1775183870-1.jpg\" alt=\"\" class=\"wp-image-231440 lazyload\" src=\"data:image\/svg+xml;base64,PHN2ZyB3aWR0aD0iMSIgaGVpZ2h0PSIxIiB4bWxucz0iaHR0cDovL3d3dy53My5vcmcvMjAwMC9zdmciPjwvc3ZnPg==\" style=\"--smush-placeholder-width: 1200px; --smush-placeholder-aspect-ratio: 1200\/800;\" \/><figcaption class=\"wp-element-caption\">Az\u0259rbaycan-Erm\u0259nistan, Andrii Anna photographers\/Shutterstock<\/figcaption><\/figure>\n<\/div>\n\n\n<p>Erm\u0259nistan\u0131n Ba\u015f naziri Nikol Pa\u015finyan is\u0259 Az\u0259rbaycan t\u0259r\u0259fin s\u00fclh\u0259 qol qoymad\u0131\u011f\u0131n\u0131 deyib.<\/p>\n\n\n\n<p>T\u00fcrkiy\u0259 bar\u0259d\u0259 is\u0259 qeyd edilir ki, h\u00f6kum\u0259t se\u00e7ki qanunlar\u0131 il\u0259 manipulyasiya edib, \u201cdezinformasiya\u201dya g\u00f6r\u0259 s\u0259rt c\u0259rim\u0259l\u0259r t\u0259tbiq edib.<\/p>\n\n\n\n<p>Bu is\u0259 2023-c\u00fc il\u0259 planla\u015fd\u0131r\u0131lan se\u00e7kil\u0259r \u00f6nc\u0259si m\u00fcxalif\u0259tin f\u0259aliyy\u0259tini \u0259ng\u0259ll\u0259yib.<\/p>\n","protected":false},"excerpt":{"rendered":"<p>&#8220;Az\u0259rbaycanda media orqanlar\u0131 v\u0259 jurnalistl\u0259r\u0259 \u0259lav\u0259 m\u0259hdudiyy\u0259tl\u0259r t\u0259tbiq edilir&#8221; \u201cD\u00fcnyada &#8230; <\/p>\n<p class=\"read-more-container\"><a title=\"D\u00fcnyada insan h\u00fcquqlar\u0131: Az\u0259rbaycan \u00c7in, Myanma, Y\u0259m\u0259nl\u0259 eyni s\u0131rada\" class=\"read-more button\" href=\"https:\/\/www.meydan.tv\/az\/article\/dunyada-insan-huquqlari-azerbaycan-cin-myanma-yemenle-eyni-sirada\/#more-270374\" aria-label=\"Read more about D\u00fcnyada insan h\u00fcquqlar\u0131: Az\u0259rbaycan \u00c7in, Myanma, Y\u0259m\u0259nl\u0259 eyni s\u0131rada\">Davam\u0131<\/a><\/p>\n","protected":false},"author":8,"featured_media":270375,"comment_status":"closed","ping_status":"closed","sticky":false,"template":"","format":"standard","meta":{"_acf_changed":false,"_sitemap_exclude":false,"_sitemap_priority":"","_sitemap_frequency":"","footnotes":""},"categories":[59,79,56],"tags":[],"class_list":["post-270374","post","type-post","status-publish","format-standard","has-post-thumbnail","hentry","category-siyaset","category-featured","category-xeberler","infinite-scroll-item","generate-columns","tablet-grid-50","mobile-grid-100","grid-parent","grid-33","no-featured-image-padding"],"acf":[],"yoast_head":"<!-- This site is optimized with the Yoast SEO plugin v27.4 - https:\/\/yoast.com\/product\/yoast-seo-wordpress\/ -->\n<title>D\u00fcnyada insan h\u00fcquqlar\u0131: Az\u0259rbaycan \u00c7in, Myanma, Y\u0259m\u0259nl\u0259 eyni s\u0131rada - MEYDAN.TV<\/title>\n<meta name=\"robots\" content=\"index, follow, max-snippet:-1, max-image-preview:large, max-video-preview:-1\" \/>\n<link rel=\"canonical\" href=\"https:\/\/www.meydan.tv\/az\/article\/dunyada-insan-huquqlari-azerbaycan-cin-myanma-yemenle-eyni-sirada\/\" \/>\n<meta property=\"og:locale\" content=\"az_AZ\" \/>\n<meta property=\"og:type\" content=\"article\" \/>\n<meta property=\"og:title\" content=\"D\u00fcnyada insan h\u00fcquqlar\u0131: Az\u0259rbaycan \u00c7in, Myanma, Y\u0259m\u0259nl\u0259 eyni s\u0131rada - MEYDAN.TV\" \/>\n<meta property=\"og:description\" content=\"&#8220;Az\u0259rbaycanda media orqanlar\u0131 v\u0259 jurnalistl\u0259r\u0259 \u0259lav\u0259 m\u0259hdudiyy\u0259tl\u0259r t\u0259tbiq edilir&#8221; \u201cD\u00fcnyada ... Davam\u0131\" \/>\n<meta property=\"og:url\" content=\"https:\/\/www.meydan.tv\/az\/article\/dunyada-insan-huquqlari-azerbaycan-cin-myanma-yemenle-eyni-sirada\/\" \/>\n<meta property=\"og:site_name\" content=\"MEYDAN.TV\" \/>\n<meta property=\"article:published_time\" content=\"2023-03-09T12:28:17+00:00\" \/>\n<meta property=\"article:modified_time\" content=\"2023-03-09T12:28:27+00:00\" \/>\n<meta property=\"og:image\" content=\"https:\/\/www.meydan.tv\/wp-content\/uploads\/aziz3205.jpg\" \/>\n\t<meta property=\"og:image:width\" content=\"1200\" \/>\n\t<meta property=\"og:image:height\" content=\"800\" \/>\n\t<meta property=\"og:image:type\" content=\"image\/jpeg\" \/>\n<meta name=\"author\" content=\"elli\" \/>\n<meta name=\"twitter:card\" content=\"summary_large_image\" \/>\n<meta name=\"twitter:creator\" content=\"@elli\" \/>\n<script type=\"application\/ld+json\" class=\"yoast-schema-graph\">{\"@context\":\"https:\\\/\\\/schema.org\",\"@graph\":[{\"@type\":\"Article\",\"@id\":\"https:\\\/\\\/www.meydan.tv\\\/az\\\/article\\\/dunyada-insan-huquqlari-azerbaycan-cin-myanma-yemenle-eyni-sirada\\\/#article\",\"isPartOf\":{\"@id\":\"https:\\\/\\\/www.meydan.tv\\\/az\\\/article\\\/dunyada-insan-huquqlari-azerbaycan-cin-myanma-yemenle-eyni-sirada\\\/\"},\"author\":{\"name\":\"elli\",\"@id\":\"https:\\\/\\\/www.meydan.tv\\\/az\\\/#\\\/schema\\\/person\\\/9cdbecf90d17180ce1dfbd95b08dcf47\"},\"headline\":\"D\u00fcnyada insan h\u00fcquqlar\u0131: Az\u0259rbaycan \u00c7in, Myanma, Y\u0259m\u0259nl\u0259 eyni s\u0131rada\",\"datePublished\":\"2023-03-09T12:28:17+00:00\",\"dateModified\":\"2023-03-09T12:28:27+00:00\",\"mainEntityOfPage\":{\"@id\":\"https:\\\/\\\/www.meydan.tv\\\/az\\\/article\\\/dunyada-insan-huquqlari-azerbaycan-cin-myanma-yemenle-eyni-sirada\\\/\"},\"wordCount\":1172,\"publisher\":{\"@id\":\"https:\\\/\\\/www.meydan.tv\\\/az\\\/#organization\"},\"image\":{\"@id\":\"https:\\\/\\\/www.meydan.tv\\\/az\\\/article\\\/dunyada-insan-huquqlari-azerbaycan-cin-myanma-yemenle-eyni-sirada\\\/#primaryimage\"},\"thumbnailUrl\":\"https:\\\/\\\/www.meydan.tv\\\/wp-content\\\/uploads\\\/aziz3205.jpg\",\"articleSection\":[\"Siyas\u0259t\",\"T\u00f6vsiy\u0259\",\"X\u0259b\u0259rl\u0259r\"],\"inLanguage\":\"az\"},{\"@type\":\"WebPage\",\"@id\":\"https:\\\/\\\/www.meydan.tv\\\/az\\\/article\\\/dunyada-insan-huquqlari-azerbaycan-cin-myanma-yemenle-eyni-sirada\\\/\",\"url\":\"https:\\\/\\\/www.meydan.tv\\\/az\\\/article\\\/dunyada-insan-huquqlari-azerbaycan-cin-myanma-yemenle-eyni-sirada\\\/\",\"name\":\"D\u00fcnyada insan h\u00fcquqlar\u0131: Az\u0259rbaycan \u00c7in, Myanma, Y\u0259m\u0259nl\u0259 eyni s\u0131rada - MEYDAN.TV\",\"isPartOf\":{\"@id\":\"https:\\\/\\\/www.meydan.tv\\\/az\\\/#website\"},\"primaryImageOfPage\":{\"@id\":\"https:\\\/\\\/www.meydan.tv\\\/az\\\/article\\\/dunyada-insan-huquqlari-azerbaycan-cin-myanma-yemenle-eyni-sirada\\\/#primaryimage\"},\"image\":{\"@id\":\"https:\\\/\\\/www.meydan.tv\\\/az\\\/article\\\/dunyada-insan-huquqlari-azerbaycan-cin-myanma-yemenle-eyni-sirada\\\/#primaryimage\"},\"thumbnailUrl\":\"https:\\\/\\\/www.meydan.tv\\\/wp-content\\\/uploads\\\/aziz3205.jpg\",\"datePublished\":\"2023-03-09T12:28:17+00:00\",\"dateModified\":\"2023-03-09T12:28:27+00:00\",\"breadcrumb\":{\"@id\":\"https:\\\/\\\/www.meydan.tv\\\/az\\\/article\\\/dunyada-insan-huquqlari-azerbaycan-cin-myanma-yemenle-eyni-sirada\\\/#breadcrumb\"},\"inLanguage\":\"az\",\"potentialAction\":[{\"@type\":\"ReadAction\",\"target\":[\"https:\\\/\\\/www.meydan.tv\\\/az\\\/article\\\/dunyada-insan-huquqlari-azerbaycan-cin-myanma-yemenle-eyni-sirada\\\/\"]}]},{\"@type\":\"ImageObject\",\"inLanguage\":\"az\",\"@id\":\"https:\\\/\\\/www.meydan.tv\\\/az\\\/article\\\/dunyada-insan-huquqlari-azerbaycan-cin-myanma-yemenle-eyni-sirada\\\/#primaryimage\",\"url\":\"https:\\\/\\\/www.meydan.tv\\\/wp-content\\\/uploads\\\/aziz3205.jpg\",\"contentUrl\":\"https:\\\/\\\/www.meydan.tv\\\/wp-content\\\/uploads\\\/aziz3205.jpg\",\"width\":1200,\"height\":800,\"caption\":\"Bak\u0131da aksiya. Foto: Meydan TV\"},{\"@type\":\"BreadcrumbList\",\"@id\":\"https:\\\/\\\/www.meydan.tv\\\/az\\\/article\\\/dunyada-insan-huquqlari-azerbaycan-cin-myanma-yemenle-eyni-sirada\\\/#breadcrumb\",\"itemListElement\":[{\"@type\":\"ListItem\",\"position\":1,\"name\":\"Ana s\u0259hif\u0259\",\"item\":\"https:\\\/\\\/www.meydan.tv\\\/az\\\/\"},{\"@type\":\"ListItem\",\"position\":2,\"name\":\"Siyas\u0259t\",\"item\":\"https:\\\/\\\/www.meydan.tv\\\/az\\\/section\\\/siyaset\\\/\"},{\"@type\":\"ListItem\",\"position\":3,\"name\":\"D\u00fcnyada insan h\u00fcquqlar\u0131: Az\u0259rbaycan \u00c7in, Myanma, Y\u0259m\u0259nl\u0259 eyni s\u0131rada\"}]},{\"@type\":\"WebSite\",\"@id\":\"https:\\\/\\\/www.meydan.tv\\\/az\\\/#website\",\"url\":\"https:\\\/\\\/www.meydan.tv\\\/az\\\/\",\"name\":\"MEYDAN.TV\",\"description\":\"Meydan TV Az\u0259rbaycan\u0131n media m\u0259kan\u0131ndak\u0131 alternativ s\u0259sidir\",\"publisher\":{\"@id\":\"https:\\\/\\\/www.meydan.tv\\\/az\\\/#organization\"},\"potentialAction\":[{\"@type\":\"SearchAction\",\"target\":{\"@type\":\"EntryPoint\",\"urlTemplate\":\"https:\\\/\\\/www.meydan.tv\\\/az\\\/?s={search_term_string}\"},\"query-input\":{\"@type\":\"PropertyValueSpecification\",\"valueRequired\":true,\"valueName\":\"search_term_string\"}}],\"inLanguage\":\"az\"},{\"@type\":\"Organization\",\"@id\":\"https:\\\/\\\/www.meydan.tv\\\/az\\\/#organization\",\"name\":\"Meydan TV\",\"url\":\"https:\\\/\\\/www.meydan.tv\\\/az\\\/\",\"logo\":{\"@type\":\"ImageObject\",\"inLanguage\":\"az\",\"@id\":\"https:\\\/\\\/www.meydan.tv\\\/az\\\/#\\\/schema\\\/logo\\\/image\\\/\",\"url\":\"https:\\\/\\\/www.meydan.tv\\\/wp-content\\\/uploads\\\/2021\\\/07\\\/meydan-logo.svg\",\"contentUrl\":\"https:\\\/\\\/www.meydan.tv\\\/wp-content\\\/uploads\\\/2021\\\/07\\\/meydan-logo.svg\",\"width\":195,\"height\":46,\"caption\":\"Meydan TV\"},\"image\":{\"@id\":\"https:\\\/\\\/www.meydan.tv\\\/az\\\/#\\\/schema\\\/logo\\\/image\\\/\"}},{\"@type\":\"Person\",\"@id\":\"https:\\\/\\\/www.meydan.tv\\\/az\\\/#\\\/schema\\\/person\\\/9cdbecf90d17180ce1dfbd95b08dcf47\",\"name\":\"elli\",\"sameAs\":[\"https:\\\/\\\/x.com\\\/elli\"]}]}<\/script>\n<!-- \/ Yoast SEO plugin. -->","yoast_head_json":{"title":"D\u00fcnyada insan h\u00fcquqlar\u0131: Az\u0259rbaycan \u00c7in, Myanma, Y\u0259m\u0259nl\u0259 eyni s\u0131rada - MEYDAN.TV","robots":{"index":"index","follow":"follow","max-snippet":"max-snippet:-1","max-image-preview":"max-image-preview:large","max-video-preview":"max-video-preview:-1"},"canonical":"https:\/\/www.meydan.tv\/az\/article\/dunyada-insan-huquqlari-azerbaycan-cin-myanma-yemenle-eyni-sirada\/","og_locale":"az_AZ","og_type":"article","og_title":"D\u00fcnyada insan h\u00fcquqlar\u0131: Az\u0259rbaycan \u00c7in, Myanma, Y\u0259m\u0259nl\u0259 eyni s\u0131rada - MEYDAN.TV","og_description":"&#8220;Az\u0259rbaycanda media orqanlar\u0131 v\u0259 jurnalistl\u0259r\u0259 \u0259lav\u0259 m\u0259hdudiyy\u0259tl\u0259r t\u0259tbiq edilir&#8221; \u201cD\u00fcnyada ... Davam\u0131","og_url":"https:\/\/www.meydan.tv\/az\/article\/dunyada-insan-huquqlari-azerbaycan-cin-myanma-yemenle-eyni-sirada\/","og_site_name":"MEYDAN.TV","article_published_time":"2023-03-09T12:28:17+00:00","article_modified_time":"2023-03-09T12:28:27+00:00","og_image":[{"width":1200,"height":800,"url":"https:\/\/www.meydan.tv\/wp-content\/uploads\/aziz3205.jpg","type":"image\/jpeg"}],"author":"elli","twitter_card":"summary_large_image","twitter_creator":"@elli","schema":{"@context":"https:\/\/schema.org","@graph":[{"@type":"Article","@id":"https:\/\/www.meydan.tv\/az\/article\/dunyada-insan-huquqlari-azerbaycan-cin-myanma-yemenle-eyni-sirada\/#article","isPartOf":{"@id":"https:\/\/www.meydan.tv\/az\/article\/dunyada-insan-huquqlari-azerbaycan-cin-myanma-yemenle-eyni-sirada\/"},"author":{"name":"elli","@id":"https:\/\/www.meydan.tv\/az\/#\/schema\/person\/9cdbecf90d17180ce1dfbd95b08dcf47"},"headline":"D\u00fcnyada insan h\u00fcquqlar\u0131: Az\u0259rbaycan \u00c7in, Myanma, Y\u0259m\u0259nl\u0259 eyni s\u0131rada","datePublished":"2023-03-09T12:28:17+00:00","dateModified":"2023-03-09T12:28:27+00:00","mainEntityOfPage":{"@id":"https:\/\/www.meydan.tv\/az\/article\/dunyada-insan-huquqlari-azerbaycan-cin-myanma-yemenle-eyni-sirada\/"},"wordCount":1172,"publisher":{"@id":"https:\/\/www.meydan.tv\/az\/#organization"},"image":{"@id":"https:\/\/www.meydan.tv\/az\/article\/dunyada-insan-huquqlari-azerbaycan-cin-myanma-yemenle-eyni-sirada\/#primaryimage"},"thumbnailUrl":"https:\/\/www.meydan.tv\/wp-content\/uploads\/aziz3205.jpg","articleSection":["Siyas\u0259t","T\u00f6vsiy\u0259","X\u0259b\u0259rl\u0259r"],"inLanguage":"az"},{"@type":"WebPage","@id":"https:\/\/www.meydan.tv\/az\/article\/dunyada-insan-huquqlari-azerbaycan-cin-myanma-yemenle-eyni-sirada\/","url":"https:\/\/www.meydan.tv\/az\/article\/dunyada-insan-huquqlari-azerbaycan-cin-myanma-yemenle-eyni-sirada\/","name":"D\u00fcnyada insan h\u00fcquqlar\u0131: Az\u0259rbaycan \u00c7in, Myanma, Y\u0259m\u0259nl\u0259 eyni s\u0131rada - MEYDAN.TV","isPartOf":{"@id":"https:\/\/www.meydan.tv\/az\/#website"},"primaryImageOfPage":{"@id":"https:\/\/www.meydan.tv\/az\/article\/dunyada-insan-huquqlari-azerbaycan-cin-myanma-yemenle-eyni-sirada\/#primaryimage"},"image":{"@id":"https:\/\/www.meydan.tv\/az\/article\/dunyada-insan-huquqlari-azerbaycan-cin-myanma-yemenle-eyni-sirada\/#primaryimage"},"thumbnailUrl":"https:\/\/www.meydan.tv\/wp-content\/uploads\/aziz3205.jpg","datePublished":"2023-03-09T12:28:17+00:00","dateModified":"2023-03-09T12:28:27+00:00","breadcrumb":{"@id":"https:\/\/www.meydan.tv\/az\/article\/dunyada-insan-huquqlari-azerbaycan-cin-myanma-yemenle-eyni-sirada\/#breadcrumb"},"inLanguage":"az","potentialAction":[{"@type":"ReadAction","target":["https:\/\/www.meydan.tv\/az\/article\/dunyada-insan-huquqlari-azerbaycan-cin-myanma-yemenle-eyni-sirada\/"]}]},{"@type":"ImageObject","inLanguage":"az","@id":"https:\/\/www.meydan.tv\/az\/article\/dunyada-insan-huquqlari-azerbaycan-cin-myanma-yemenle-eyni-sirada\/#primaryimage","url":"https:\/\/www.meydan.tv\/wp-content\/uploads\/aziz3205.jpg","contentUrl":"https:\/\/www.meydan.tv\/wp-content\/uploads\/aziz3205.jpg","width":1200,"height":800,"caption":"Bak\u0131da aksiya. Foto: Meydan TV"},{"@type":"BreadcrumbList","@id":"https:\/\/www.meydan.tv\/az\/article\/dunyada-insan-huquqlari-azerbaycan-cin-myanma-yemenle-eyni-sirada\/#breadcrumb","itemListElement":[{"@type":"ListItem","position":1,"name":"Ana s\u0259hif\u0259","item":"https:\/\/www.meydan.tv\/az\/"},{"@type":"ListItem","position":2,"name":"Siyas\u0259t","item":"https:\/\/www.meydan.tv\/az\/section\/siyaset\/"},{"@type":"ListItem","position":3,"name":"D\u00fcnyada insan h\u00fcquqlar\u0131: Az\u0259rbaycan \u00c7in, Myanma, Y\u0259m\u0259nl\u0259 eyni s\u0131rada"}]},{"@type":"WebSite","@id":"https:\/\/www.meydan.tv\/az\/#website","url":"https:\/\/www.meydan.tv\/az\/","name":"MEYDAN.TV","description":"Meydan TV Az\u0259rbaycan\u0131n media m\u0259kan\u0131ndak\u0131 alternativ s\u0259sidir","publisher":{"@id":"https:\/\/www.meydan.tv\/az\/#organization"},"potentialAction":[{"@type":"SearchAction","target":{"@type":"EntryPoint","urlTemplate":"https:\/\/www.meydan.tv\/az\/?s={search_term_string}"},"query-input":{"@type":"PropertyValueSpecification","valueRequired":true,"valueName":"search_term_string"}}],"inLanguage":"az"},{"@type":"Organization","@id":"https:\/\/www.meydan.tv\/az\/#organization","name":"Meydan TV","url":"https:\/\/www.meydan.tv\/az\/","logo":{"@type":"ImageObject","inLanguage":"az","@id":"https:\/\/www.meydan.tv\/az\/#\/schema\/logo\/image\/","url":"https:\/\/www.meydan.tv\/wp-content\/uploads\/2021\/07\/meydan-logo.svg","contentUrl":"https:\/\/www.meydan.tv\/wp-content\/uploads\/2021\/07\/meydan-logo.svg","width":195,"height":46,"caption":"Meydan TV"},"image":{"@id":"https:\/\/www.meydan.tv\/az\/#\/schema\/logo\/image\/"}},{"@type":"Person","@id":"https:\/\/www.meydan.tv\/az\/#\/schema\/person\/9cdbecf90d17180ce1dfbd95b08dcf47","name":"elli","sameAs":["https:\/\/x.com\/elli"]}]}},"_links":{"self":[{"href":"https:\/\/www.meydan.tv\/az\/wp-json\/wp\/v2\/posts\/270374","targetHints":{"allow":["GET"]}}],"collection":[{"href":"https:\/\/www.meydan.tv\/az\/wp-json\/wp\/v2\/posts"}],"about":[{"href":"https:\/\/www.meydan.tv\/az\/wp-json\/wp\/v2\/types\/post"}],"author":[{"embeddable":true,"href":"https:\/\/www.meydan.tv\/az\/wp-json\/wp\/v2\/users\/8"}],"replies":[{"embeddable":true,"href":"https:\/\/www.meydan.tv\/az\/wp-json\/wp\/v2\/comments?post=270374"}],"version-history":[{"count":3,"href":"https:\/\/www.meydan.tv\/az\/wp-json\/wp\/v2\/posts\/270374\/revisions"}],"predecessor-version":[{"id":270384,"href":"https:\/\/www.meydan.tv\/az\/wp-json\/wp\/v2\/posts\/270374\/revisions\/270384"}],"wp:featuredmedia":[{"embeddable":true,"href":"https:\/\/www.meydan.tv\/az\/wp-json\/wp\/v2\/media\/270375"}],"wp:attachment":[{"href":"https:\/\/www.meydan.tv\/az\/wp-json\/wp\/v2\/media?parent=270374"}],"wp:term":[{"taxonomy":"category","embeddable":true,"href":"https:\/\/www.meydan.tv\/az\/wp-json\/wp\/v2\/categories?post=270374"},{"taxonomy":"post_tag","embeddable":true,"href":"https:\/\/www.meydan.tv\/az\/wp-json\/wp\/v2\/tags?post=270374"}],"curies":[{"name":"wp","href":"https:\/\/api.w.org\/{rel}","templated":true}]}}