{"id":270206,"date":"2023-03-07T16:04:03","date_gmt":"2023-03-07T12:04:03","guid":{"rendered":"https:\/\/www.meydan.tv\/?p=270206"},"modified":"2023-03-07T16:04:05","modified_gmt":"2023-03-07T12:04:05","slug":"nyu-yorkda-qarabagdan-behs-eden-filmin-teqdimati-kecirilib","status":"publish","type":"post","link":"https:\/\/www.meydan.tv\/az\/article\/nyu-yorkda-qarabagdan-behs-eden-filmin-teqdimati-kecirilib\/","title":{"rendered":"<strong>Nyu-Yorkda Qaraba\u011fdan b\u0259hs ed\u0259n filmin t\u0259qdimat\u0131 ke\u00e7irilib<\/strong>"},"content":{"rendered":"\n<p><\/p>\n\n\n\n<p><em>Film Birinci Qaraba\u011f m\u00fcharib\u0259si vaxt\u0131 girov d\u00fc\u015fm\u00fc\u015f B\u0259xtiyardan b\u0259hs edir<\/em><\/p>\n\n\n\n<p>Amerikada ya\u015fayan az\u0259rbaycanl\u0131 kinorejissor Elmar Bayramovun \u201cN\u0259f\u0259s\u201d (\u201cBreath\u201d) q\u0131sametrajl\u0131 filminin Nyu-Yorkda t\u0259qdimat\u0131 ke\u00e7irilib.<\/p>\n\n\n\n<p>N\u00fcmayi\u015f \u201cVillage East\u201d kinoteatr\u0131nda t\u0259\u015fkil olunub.<\/p>\n\n\n\n<p>T\u0259dbird\u0259 Diasporla \u0130\u015f \u00fczr\u0259 D\u00f6vl\u0259t Komit\u0259sinin, Heyd\u0259r \u018fliyev Fondunun d\u0259st\u0259yi v\u0259 Az\u0259rbaycan icmas\u0131 \u00fczvl\u0259rinin i\u015ftirak edibl\u0259r.<\/p>\n\n\n\n<p>Rejissor Elmar Bayramov filmin haz\u0131rl\u0131q prosesind\u0259 girovluqdan xilas olmu\u015f iyirmiy\u0259 yax\u0131n insanla g\u00f6r\u00fc\u015fd\u00fcy\u00fcn\u00fc bildirib.<\/p>\n\n\n\n<p>\u00c7\u0259kili\u015fl\u0259ri Az\u0259rbaycanda olan \u201cN\u0259f\u0259s\u201d (\u201cBreath\u201d) filminin istehsal\u00e7\u0131lar\u0131 AB\u015e-\u0131n \u201cOld stone pictures\u201d v\u0259 \u201cBlack Garden Company\u201d \u015firk\u0259tl\u0259ridir.<\/p>\n\n\n\n<figure class=\"wp-block-image size-full\"><img decoding=\"async\" width=\"1024\" height=\"768\" data-src=\"https:\/\/www.meydan.tv\/wp-content\/uploads\/60c096e2-7acb-4b8a-b6d3-383b3779c60e.jpg\" alt=\"\" class=\"wp-image-270203 lazyload\" src=\"data:image\/svg+xml;base64,PHN2ZyB3aWR0aD0iMSIgaGVpZ2h0PSIxIiB4bWxucz0iaHR0cDovL3d3dy53My5vcmcvMjAwMC9zdmciPjwvc3ZnPg==\" style=\"--smush-placeholder-width: 1024px; --smush-placeholder-aspect-ratio: 1024\/768;\" \/><\/figure>\n\n\n\n<p>Q\u0131sametrajl\u0131 film Birinci Qaraba\u011f m\u00fcharib\u0259si vaxt\u0131 girov d\u00fc\u015fm\u00fc\u015f B\u0259xtiyardan b\u0259hs edir.<\/p>\n\n\n\n<p>Do\u011fma k\u0259ndi ill\u0259r sonra i\u015f\u011faldan azad olunduqdan sonra B\u0259xtiyar ora getm\u0259k q\u0259rar\u0131na g\u0259lir v\u0259 girovluqda ya\u015fad\u0131\u011f\u0131 hissl\u0259ri yenid\u0259n xat\u0131rlamal\u0131 olur.<\/p>\n\n\n\n<p>Filmd\u0259 ba\u015f rolu aktyor V\u00fcqar Hac\u0131q\u0259dir canland\u0131r\u0131b.<\/p>\n\n\n\n<p>Dig\u0259r rollarda \u018fm\u0259kdar artist Rasim C\u0259f\u0259r, aktyorlar Tural \u018fhm\u0259d v\u0259 G\u00fcnay \u018fhm\u0259d \u00e7\u0259kilib.<\/p>\n\n\n\n<p>Filmin ssenari m\u00fc\u0259llifl\u0259ri \u00dclviyy\u0259 Heyd\u0259rova v\u0259 Elmar Bayramov, qurulu\u015f\u00e7u rejissoru Elmar Bayramov, ikinci rejissoru Cabir Hac\u0131yev, operatoru Ruslan A\u011fazad\u0259, r\u0259ssam\u0131 P\u0259rviz Heyd\u0259ro\u011flu, b\u0259st\u0259kar\u0131 V\u00fcqar Camalzad\u0259, prod\u00fcserl\u0259ri El\u00e7in A\u011fazad\u0259, V\u00fcqar Yusifo\u011flu v\u0259 R\u0259\u015fad Dada\u015fovdur.<\/p>\n","protected":false},"excerpt":{"rendered":"<p>Film Birinci Qaraba\u011f m\u00fcharib\u0259si vaxt\u0131 girov d\u00fc\u015fm\u00fc\u015f B\u0259xtiyardan b\u0259hs edir &#8230; <\/p>\n<p class=\"read-more-container\"><a title=\"Nyu-Yorkda Qaraba\u011fdan b\u0259hs ed\u0259n filmin t\u0259qdimat\u0131 ke\u00e7irilib\" class=\"read-more button\" href=\"https:\/\/www.meydan.tv\/az\/article\/nyu-yorkda-qarabagdan-behs-eden-filmin-teqdimati-kecirilib\/#more-270206\" aria-label=\"Read more about Nyu-Yorkda Qaraba\u011fdan b\u0259hs ed\u0259n filmin t\u0259qdimat\u0131 ke\u00e7irilib\">Davam\u0131<\/a><\/p>\n","protected":false},"author":8,"featured_media":270200,"comment_status":"closed","ping_status":"closed","sticky":false,"template":"","format":"standard","meta":{"_acf_changed":false,"_sitemap_exclude":false,"_sitemap_priority":"","_sitemap_frequency":"","footnotes":""},"categories":[52,56],"tags":[],"class_list":["post-270206","post","type-post","status-publish","format-standard","has-post-thumbnail","hentry","category-medeniyyet","category-xeberler","infinite-scroll-item","generate-columns","tablet-grid-50","mobile-grid-100","grid-parent","grid-33","no-featured-image-padding"],"acf":[],"yoast_head":"<!-- This site is optimized with the Yoast SEO plugin v27.4 - https:\/\/yoast.com\/product\/yoast-seo-wordpress\/ -->\n<title>Nyu-Yorkda Qaraba\u011fdan b\u0259hs ed\u0259n filmin t\u0259qdimat\u0131 ke\u00e7irilib - MEYDAN.TV<\/title>\n<meta name=\"robots\" content=\"index, follow, max-snippet:-1, max-image-preview:large, max-video-preview:-1\" \/>\n<link rel=\"canonical\" href=\"https:\/\/www.meydan.tv\/az\/article\/nyu-yorkda-qarabagdan-behs-eden-filmin-teqdimati-kecirilib\/\" \/>\n<meta property=\"og:locale\" content=\"az_AZ\" \/>\n<meta property=\"og:type\" content=\"article\" \/>\n<meta property=\"og:title\" content=\"Nyu-Yorkda Qaraba\u011fdan b\u0259hs ed\u0259n filmin t\u0259qdimat\u0131 ke\u00e7irilib - MEYDAN.TV\" \/>\n<meta property=\"og:description\" content=\"Film Birinci Qaraba\u011f m\u00fcharib\u0259si vaxt\u0131 girov d\u00fc\u015fm\u00fc\u015f B\u0259xtiyardan b\u0259hs edir ... Davam\u0131\" \/>\n<meta property=\"og:url\" content=\"https:\/\/www.meydan.tv\/az\/article\/nyu-yorkda-qarabagdan-behs-eden-filmin-teqdimati-kecirilib\/\" \/>\n<meta property=\"og:site_name\" content=\"MEYDAN.TV\" \/>\n<meta property=\"article:published_time\" content=\"2023-03-07T12:04:03+00:00\" \/>\n<meta property=\"article:modified_time\" content=\"2023-03-07T12:04:05+00:00\" \/>\n<meta property=\"og:image\" content=\"https:\/\/www.meydan.tv\/wp-content\/uploads\/ee8c960d-3a44-456a-a52d-d2a485945b93.jpg\" \/>\n\t<meta property=\"og:image:width\" content=\"1024\" \/>\n\t<meta property=\"og:image:height\" content=\"682\" \/>\n\t<meta property=\"og:image:type\" content=\"image\/jpeg\" \/>\n<meta name=\"author\" content=\"elli\" \/>\n<meta name=\"twitter:card\" content=\"summary_large_image\" \/>\n<meta name=\"twitter:creator\" content=\"@elli\" \/>\n<script type=\"application\/ld+json\" class=\"yoast-schema-graph\">{\"@context\":\"https:\\\/\\\/schema.org\",\"@graph\":[{\"@type\":\"Article\",\"@id\":\"https:\\\/\\\/www.meydan.tv\\\/az\\\/article\\\/nyu-yorkda-qarabagdan-behs-eden-filmin-teqdimati-kecirilib\\\/#article\",\"isPartOf\":{\"@id\":\"https:\\\/\\\/www.meydan.tv\\\/az\\\/article\\\/nyu-yorkda-qarabagdan-behs-eden-filmin-teqdimati-kecirilib\\\/\"},\"author\":{\"name\":\"elli\",\"@id\":\"https:\\\/\\\/www.meydan.tv\\\/az\\\/#\\\/schema\\\/person\\\/9cdbecf90d17180ce1dfbd95b08dcf47\"},\"headline\":\"Nyu-Yorkda Qaraba\u011fdan b\u0259hs ed\u0259n filmin t\u0259qdimat\u0131 ke\u00e7irilib\",\"datePublished\":\"2023-03-07T12:04:03+00:00\",\"dateModified\":\"2023-03-07T12:04:05+00:00\",\"mainEntityOfPage\":{\"@id\":\"https:\\\/\\\/www.meydan.tv\\\/az\\\/article\\\/nyu-yorkda-qarabagdan-behs-eden-filmin-teqdimati-kecirilib\\\/\"},\"wordCount\":265,\"publisher\":{\"@id\":\"https:\\\/\\\/www.meydan.tv\\\/az\\\/#organization\"},\"image\":{\"@id\":\"https:\\\/\\\/www.meydan.tv\\\/az\\\/article\\\/nyu-yorkda-qarabagdan-behs-eden-filmin-teqdimati-kecirilib\\\/#primaryimage\"},\"thumbnailUrl\":\"https:\\\/\\\/www.meydan.tv\\\/wp-content\\\/uploads\\\/ee8c960d-3a44-456a-a52d-d2a485945b93.jpg\",\"articleSection\":[\"M\u0259d\u0259niyy\u0259t\",\"X\u0259b\u0259rl\u0259r\"],\"inLanguage\":\"az\"},{\"@type\":\"WebPage\",\"@id\":\"https:\\\/\\\/www.meydan.tv\\\/az\\\/article\\\/nyu-yorkda-qarabagdan-behs-eden-filmin-teqdimati-kecirilib\\\/\",\"url\":\"https:\\\/\\\/www.meydan.tv\\\/az\\\/article\\\/nyu-yorkda-qarabagdan-behs-eden-filmin-teqdimati-kecirilib\\\/\",\"name\":\"Nyu-Yorkda Qaraba\u011fdan b\u0259hs ed\u0259n filmin t\u0259qdimat\u0131 ke\u00e7irilib - MEYDAN.TV\",\"isPartOf\":{\"@id\":\"https:\\\/\\\/www.meydan.tv\\\/az\\\/#website\"},\"primaryImageOfPage\":{\"@id\":\"https:\\\/\\\/www.meydan.tv\\\/az\\\/article\\\/nyu-yorkda-qarabagdan-behs-eden-filmin-teqdimati-kecirilib\\\/#primaryimage\"},\"image\":{\"@id\":\"https:\\\/\\\/www.meydan.tv\\\/az\\\/article\\\/nyu-yorkda-qarabagdan-behs-eden-filmin-teqdimati-kecirilib\\\/#primaryimage\"},\"thumbnailUrl\":\"https:\\\/\\\/www.meydan.tv\\\/wp-content\\\/uploads\\\/ee8c960d-3a44-456a-a52d-d2a485945b93.jpg\",\"datePublished\":\"2023-03-07T12:04:03+00:00\",\"dateModified\":\"2023-03-07T12:04:05+00:00\",\"breadcrumb\":{\"@id\":\"https:\\\/\\\/www.meydan.tv\\\/az\\\/article\\\/nyu-yorkda-qarabagdan-behs-eden-filmin-teqdimati-kecirilib\\\/#breadcrumb\"},\"inLanguage\":\"az\",\"potentialAction\":[{\"@type\":\"ReadAction\",\"target\":[\"https:\\\/\\\/www.meydan.tv\\\/az\\\/article\\\/nyu-yorkda-qarabagdan-behs-eden-filmin-teqdimati-kecirilib\\\/\"]}]},{\"@type\":\"ImageObject\",\"inLanguage\":\"az\",\"@id\":\"https:\\\/\\\/www.meydan.tv\\\/az\\\/article\\\/nyu-yorkda-qarabagdan-behs-eden-filmin-teqdimati-kecirilib\\\/#primaryimage\",\"url\":\"https:\\\/\\\/www.meydan.tv\\\/wp-content\\\/uploads\\\/ee8c960d-3a44-456a-a52d-d2a485945b93.jpg\",\"contentUrl\":\"https:\\\/\\\/www.meydan.tv\\\/wp-content\\\/uploads\\\/ee8c960d-3a44-456a-a52d-d2a485945b93.jpg\",\"width\":1024,\"height\":682,\"caption\":\"Fotolar: Diasporla \u0130\u015f \u00fczr\u0259 D\u00f6vl\u0259t Komit\u0259si\"},{\"@type\":\"BreadcrumbList\",\"@id\":\"https:\\\/\\\/www.meydan.tv\\\/az\\\/article\\\/nyu-yorkda-qarabagdan-behs-eden-filmin-teqdimati-kecirilib\\\/#breadcrumb\",\"itemListElement\":[{\"@type\":\"ListItem\",\"position\":1,\"name\":\"Ana s\u0259hif\u0259\",\"item\":\"https:\\\/\\\/www.meydan.tv\\\/az\\\/\"},{\"@type\":\"ListItem\",\"position\":2,\"name\":\"M\u0259d\u0259niyy\u0259t\",\"item\":\"https:\\\/\\\/www.meydan.tv\\\/az\\\/section\\\/medeniyyet\\\/\"},{\"@type\":\"ListItem\",\"position\":3,\"name\":\"Nyu-Yorkda Qaraba\u011fdan b\u0259hs ed\u0259n filmin t\u0259qdimat\u0131 ke\u00e7irilib\"}]},{\"@type\":\"WebSite\",\"@id\":\"https:\\\/\\\/www.meydan.tv\\\/az\\\/#website\",\"url\":\"https:\\\/\\\/www.meydan.tv\\\/az\\\/\",\"name\":\"MEYDAN.TV\",\"description\":\"Meydan TV Az\u0259rbaycan\u0131n media m\u0259kan\u0131ndak\u0131 alternativ s\u0259sidir\",\"publisher\":{\"@id\":\"https:\\\/\\\/www.meydan.tv\\\/az\\\/#organization\"},\"potentialAction\":[{\"@type\":\"SearchAction\",\"target\":{\"@type\":\"EntryPoint\",\"urlTemplate\":\"https:\\\/\\\/www.meydan.tv\\\/az\\\/?s={search_term_string}\"},\"query-input\":{\"@type\":\"PropertyValueSpecification\",\"valueRequired\":true,\"valueName\":\"search_term_string\"}}],\"inLanguage\":\"az\"},{\"@type\":\"Organization\",\"@id\":\"https:\\\/\\\/www.meydan.tv\\\/az\\\/#organization\",\"name\":\"Meydan TV\",\"url\":\"https:\\\/\\\/www.meydan.tv\\\/az\\\/\",\"logo\":{\"@type\":\"ImageObject\",\"inLanguage\":\"az\",\"@id\":\"https:\\\/\\\/www.meydan.tv\\\/az\\\/#\\\/schema\\\/logo\\\/image\\\/\",\"url\":\"https:\\\/\\\/www.meydan.tv\\\/wp-content\\\/uploads\\\/2021\\\/07\\\/meydan-logo.svg\",\"contentUrl\":\"https:\\\/\\\/www.meydan.tv\\\/wp-content\\\/uploads\\\/2021\\\/07\\\/meydan-logo.svg\",\"width\":195,\"height\":46,\"caption\":\"Meydan TV\"},\"image\":{\"@id\":\"https:\\\/\\\/www.meydan.tv\\\/az\\\/#\\\/schema\\\/logo\\\/image\\\/\"}},{\"@type\":\"Person\",\"@id\":\"https:\\\/\\\/www.meydan.tv\\\/az\\\/#\\\/schema\\\/person\\\/9cdbecf90d17180ce1dfbd95b08dcf47\",\"name\":\"elli\",\"sameAs\":[\"https:\\\/\\\/x.com\\\/elli\"]}]}<\/script>\n<!-- \/ Yoast SEO plugin. -->","yoast_head_json":{"title":"Nyu-Yorkda Qaraba\u011fdan b\u0259hs ed\u0259n filmin t\u0259qdimat\u0131 ke\u00e7irilib - MEYDAN.TV","robots":{"index":"index","follow":"follow","max-snippet":"max-snippet:-1","max-image-preview":"max-image-preview:large","max-video-preview":"max-video-preview:-1"},"canonical":"https:\/\/www.meydan.tv\/az\/article\/nyu-yorkda-qarabagdan-behs-eden-filmin-teqdimati-kecirilib\/","og_locale":"az_AZ","og_type":"article","og_title":"Nyu-Yorkda Qaraba\u011fdan b\u0259hs ed\u0259n filmin t\u0259qdimat\u0131 ke\u00e7irilib - MEYDAN.TV","og_description":"Film Birinci Qaraba\u011f m\u00fcharib\u0259si vaxt\u0131 girov d\u00fc\u015fm\u00fc\u015f B\u0259xtiyardan b\u0259hs edir ... Davam\u0131","og_url":"https:\/\/www.meydan.tv\/az\/article\/nyu-yorkda-qarabagdan-behs-eden-filmin-teqdimati-kecirilib\/","og_site_name":"MEYDAN.TV","article_published_time":"2023-03-07T12:04:03+00:00","article_modified_time":"2023-03-07T12:04:05+00:00","og_image":[{"width":1024,"height":682,"url":"https:\/\/www.meydan.tv\/wp-content\/uploads\/ee8c960d-3a44-456a-a52d-d2a485945b93.jpg","type":"image\/jpeg"}],"author":"elli","twitter_card":"summary_large_image","twitter_creator":"@elli","schema":{"@context":"https:\/\/schema.org","@graph":[{"@type":"Article","@id":"https:\/\/www.meydan.tv\/az\/article\/nyu-yorkda-qarabagdan-behs-eden-filmin-teqdimati-kecirilib\/#article","isPartOf":{"@id":"https:\/\/www.meydan.tv\/az\/article\/nyu-yorkda-qarabagdan-behs-eden-filmin-teqdimati-kecirilib\/"},"author":{"name":"elli","@id":"https:\/\/www.meydan.tv\/az\/#\/schema\/person\/9cdbecf90d17180ce1dfbd95b08dcf47"},"headline":"Nyu-Yorkda Qaraba\u011fdan b\u0259hs ed\u0259n filmin t\u0259qdimat\u0131 ke\u00e7irilib","datePublished":"2023-03-07T12:04:03+00:00","dateModified":"2023-03-07T12:04:05+00:00","mainEntityOfPage":{"@id":"https:\/\/www.meydan.tv\/az\/article\/nyu-yorkda-qarabagdan-behs-eden-filmin-teqdimati-kecirilib\/"},"wordCount":265,"publisher":{"@id":"https:\/\/www.meydan.tv\/az\/#organization"},"image":{"@id":"https:\/\/www.meydan.tv\/az\/article\/nyu-yorkda-qarabagdan-behs-eden-filmin-teqdimati-kecirilib\/#primaryimage"},"thumbnailUrl":"https:\/\/www.meydan.tv\/wp-content\/uploads\/ee8c960d-3a44-456a-a52d-d2a485945b93.jpg","articleSection":["M\u0259d\u0259niyy\u0259t","X\u0259b\u0259rl\u0259r"],"inLanguage":"az"},{"@type":"WebPage","@id":"https:\/\/www.meydan.tv\/az\/article\/nyu-yorkda-qarabagdan-behs-eden-filmin-teqdimati-kecirilib\/","url":"https:\/\/www.meydan.tv\/az\/article\/nyu-yorkda-qarabagdan-behs-eden-filmin-teqdimati-kecirilib\/","name":"Nyu-Yorkda Qaraba\u011fdan b\u0259hs ed\u0259n filmin t\u0259qdimat\u0131 ke\u00e7irilib - MEYDAN.TV","isPartOf":{"@id":"https:\/\/www.meydan.tv\/az\/#website"},"primaryImageOfPage":{"@id":"https:\/\/www.meydan.tv\/az\/article\/nyu-yorkda-qarabagdan-behs-eden-filmin-teqdimati-kecirilib\/#primaryimage"},"image":{"@id":"https:\/\/www.meydan.tv\/az\/article\/nyu-yorkda-qarabagdan-behs-eden-filmin-teqdimati-kecirilib\/#primaryimage"},"thumbnailUrl":"https:\/\/www.meydan.tv\/wp-content\/uploads\/ee8c960d-3a44-456a-a52d-d2a485945b93.jpg","datePublished":"2023-03-07T12:04:03+00:00","dateModified":"2023-03-07T12:04:05+00:00","breadcrumb":{"@id":"https:\/\/www.meydan.tv\/az\/article\/nyu-yorkda-qarabagdan-behs-eden-filmin-teqdimati-kecirilib\/#breadcrumb"},"inLanguage":"az","potentialAction":[{"@type":"ReadAction","target":["https:\/\/www.meydan.tv\/az\/article\/nyu-yorkda-qarabagdan-behs-eden-filmin-teqdimati-kecirilib\/"]}]},{"@type":"ImageObject","inLanguage":"az","@id":"https:\/\/www.meydan.tv\/az\/article\/nyu-yorkda-qarabagdan-behs-eden-filmin-teqdimati-kecirilib\/#primaryimage","url":"https:\/\/www.meydan.tv\/wp-content\/uploads\/ee8c960d-3a44-456a-a52d-d2a485945b93.jpg","contentUrl":"https:\/\/www.meydan.tv\/wp-content\/uploads\/ee8c960d-3a44-456a-a52d-d2a485945b93.jpg","width":1024,"height":682,"caption":"Fotolar: Diasporla \u0130\u015f \u00fczr\u0259 D\u00f6vl\u0259t Komit\u0259si"},{"@type":"BreadcrumbList","@id":"https:\/\/www.meydan.tv\/az\/article\/nyu-yorkda-qarabagdan-behs-eden-filmin-teqdimati-kecirilib\/#breadcrumb","itemListElement":[{"@type":"ListItem","position":1,"name":"Ana s\u0259hif\u0259","item":"https:\/\/www.meydan.tv\/az\/"},{"@type":"ListItem","position":2,"name":"M\u0259d\u0259niyy\u0259t","item":"https:\/\/www.meydan.tv\/az\/section\/medeniyyet\/"},{"@type":"ListItem","position":3,"name":"Nyu-Yorkda Qaraba\u011fdan b\u0259hs ed\u0259n filmin t\u0259qdimat\u0131 ke\u00e7irilib"}]},{"@type":"WebSite","@id":"https:\/\/www.meydan.tv\/az\/#website","url":"https:\/\/www.meydan.tv\/az\/","name":"MEYDAN.TV","description":"Meydan TV Az\u0259rbaycan\u0131n media m\u0259kan\u0131ndak\u0131 alternativ s\u0259sidir","publisher":{"@id":"https:\/\/www.meydan.tv\/az\/#organization"},"potentialAction":[{"@type":"SearchAction","target":{"@type":"EntryPoint","urlTemplate":"https:\/\/www.meydan.tv\/az\/?s={search_term_string}"},"query-input":{"@type":"PropertyValueSpecification","valueRequired":true,"valueName":"search_term_string"}}],"inLanguage":"az"},{"@type":"Organization","@id":"https:\/\/www.meydan.tv\/az\/#organization","name":"Meydan TV","url":"https:\/\/www.meydan.tv\/az\/","logo":{"@type":"ImageObject","inLanguage":"az","@id":"https:\/\/www.meydan.tv\/az\/#\/schema\/logo\/image\/","url":"https:\/\/www.meydan.tv\/wp-content\/uploads\/2021\/07\/meydan-logo.svg","contentUrl":"https:\/\/www.meydan.tv\/wp-content\/uploads\/2021\/07\/meydan-logo.svg","width":195,"height":46,"caption":"Meydan TV"},"image":{"@id":"https:\/\/www.meydan.tv\/az\/#\/schema\/logo\/image\/"}},{"@type":"Person","@id":"https:\/\/www.meydan.tv\/az\/#\/schema\/person\/9cdbecf90d17180ce1dfbd95b08dcf47","name":"elli","sameAs":["https:\/\/x.com\/elli"]}]}},"_links":{"self":[{"href":"https:\/\/www.meydan.tv\/az\/wp-json\/wp\/v2\/posts\/270206","targetHints":{"allow":["GET"]}}],"collection":[{"href":"https:\/\/www.meydan.tv\/az\/wp-json\/wp\/v2\/posts"}],"about":[{"href":"https:\/\/www.meydan.tv\/az\/wp-json\/wp\/v2\/types\/post"}],"author":[{"embeddable":true,"href":"https:\/\/www.meydan.tv\/az\/wp-json\/wp\/v2\/users\/8"}],"replies":[{"embeddable":true,"href":"https:\/\/www.meydan.tv\/az\/wp-json\/wp\/v2\/comments?post=270206"}],"version-history":[{"count":1,"href":"https:\/\/www.meydan.tv\/az\/wp-json\/wp\/v2\/posts\/270206\/revisions"}],"predecessor-version":[{"id":270207,"href":"https:\/\/www.meydan.tv\/az\/wp-json\/wp\/v2\/posts\/270206\/revisions\/270207"}],"wp:featuredmedia":[{"embeddable":true,"href":"https:\/\/www.meydan.tv\/az\/wp-json\/wp\/v2\/media\/270200"}],"wp:attachment":[{"href":"https:\/\/www.meydan.tv\/az\/wp-json\/wp\/v2\/media?parent=270206"}],"wp:term":[{"taxonomy":"category","embeddable":true,"href":"https:\/\/www.meydan.tv\/az\/wp-json\/wp\/v2\/categories?post=270206"},{"taxonomy":"post_tag","embeddable":true,"href":"https:\/\/www.meydan.tv\/az\/wp-json\/wp\/v2\/tags?post=270206"}],"curies":[{"name":"wp","href":"https:\/\/api.w.org\/{rel}","templated":true}]}}