{"id":270100,"date":"2023-03-06T15:55:58","date_gmt":"2023-03-06T11:55:58","guid":{"rendered":"https:\/\/www.meydan.tv\/?p=270100"},"modified":"2023-03-06T16:04:21","modified_gmt":"2023-03-06T12:04:21","slug":"qadinin-mehkemede-ozune-xesaret-yetirdiyi-bildirilir","status":"publish","type":"post","link":"https:\/\/www.meydan.tv\/az\/article\/qadinin-mehkemede-ozune-xesaret-yetirdiyi-bildirilir\/","title":{"rendered":"Qad\u0131n\u0131n m\u0259hk\u0259m\u0259d\u0259 \u00f6z\u00fcn\u0259 x\u0259sar\u0259t yetirdiyi bildirilir"},"content":{"rendered":"\n<p><\/p>\n\n\n\n<p><em>G\u00fcnay \u018fliyeva m\u0259hk\u0259m\u0259 q\u0259rar\u0131 il\u0259 raz\u0131la\u015fmay\u0131b<\/em><\/p>\n\n\n\n<p>Sumqay\u0131t Apelyasiya M\u0259hk\u0259m\u0259sind\u0259 mart\u0131n 6-da intihara c\u0259hd hadis\u0259si ba\u015f verib. Bar\u0259sind\u0259 10 g\u00fcnl\u00fck inzibati h\u0259bs q\u0259rar\u0131 \u00e7\u0131xar\u0131lan qad\u0131n\u0131n k\u0259sici al\u0259tl\u0259 \u00f6z\u00fcn\u0259 x\u0259sar\u0259t yetirdiyi bildirilir.<\/p>\n\n\n\n<p>G\u00fcnay Aqil q\u0131z\u0131 \u018fliyeva haqq\u0131nda bir m\u00fcdd\u0259t \u00f6nc\u0259 Ab\u015feron rayon M\u0259hk\u0259m\u0259sind\u0259 \u0130nzibati X\u0259talar M\u0259c\u0259ll\u0259sinin 528-ci (M\u0259hk\u0259m\u0259 v\u0259 dig\u0259r orqanlar\u0131n q\u0259rarlar\u0131n\u0131n icras\u0131 il\u0259 \u0259laq\u0259dar icra m\u0259murunun t\u0259l\u0259bl\u0259rinin yerin\u0259 yetirilm\u0259m\u0259si) madd\u0259sil\u0259 i\u015f\u0259 bax\u0131l\u0131b. Bu m\u0259hk\u0259m\u0259 i\u015fi Ab\u015feron \u0130cra v\u0259 Probasiya \u015e\u00f6b\u0259sinin t\u0259qdimat\u0131 \u0259sas\u0131nda ba\u015flan\u0131b. Protokolda g\u00f6st\u0259rilib ki, G\u00fcnay \u018fliyeva x\u0259b\u0259rdarl\u0131qlara baxmayaraq, m\u0259hk\u0259m\u0259 q\u0259rar\u0131n\u0131 icra el\u0259mir. Buna g\u00f6r\u0259 Ab\u015feron Rayon M\u0259hk\u0259m\u0259sind\u0259 onun \u0130XM-nin 528-ci madd\u0259sil\u0259 1000 manat c\u0259rim\u0259l\u0259nm\u0259si haqda q\u0259rar \u00e7\u0131xar\u0131l\u0131b. Sumqay\u0131t Apelyasiya M\u0259hk\u0259m\u0259sind\u0259 mart\u0131n 6-da h\u0259min q\u0259rardan verilmi\u015f \u015fikay\u0259t\u0259 bax\u0131l\u0131b.<\/p>\n\n\n<div class=\"wp-block-image\">\n<figure class=\"aligncenter size-full\"><img decoding=\"async\" width=\"1200\" height=\"800\" data-src=\"https:\/\/www.meydan.tv\/wp-content\/uploads\/download-15.png\" alt=\"\" class=\"wp-image-270111 lazyload\" src=\"data:image\/svg+xml;base64,PHN2ZyB3aWR0aD0iMSIgaGVpZ2h0PSIxIiB4bWxucz0iaHR0cDovL3d3dy53My5vcmcvMjAwMC9zdmciPjwvc3ZnPg==\" style=\"--smush-placeholder-width: 1200px; --smush-placeholder-aspect-ratio: 1200\/800;\" \/><figcaption class=\"wp-element-caption\">Foto: Meydan TV\n<\/figcaption><\/figure>\n<\/div>\n\n\n<p>Bu m\u0259hk\u0259m\u0259nin hakimi R\u0259\u015fad\u0259t A\u011fayev 1000 manat c\u0259rim\u0259ni 10 sutkal\u0131q inzibati h\u0259bsl\u0259 \u0259v\u0259zl\u0259yib. G\u00fcnay \u018fliyeva is\u0259 bar\u0259sind\u0259 \u00e7\u0131xar\u0131lm\u0131\u015f h\u0259bs q\u0259rar\u0131yla raz\u0131la\u015fmayaraq, \u00fcst\u00fcnd\u0259ki \u00fclg\u00fccl\u0259 qollar\u0131n\u0131 k\u0259sib.<\/p>\n\n\n\n<p>O, Sumqay\u0131t T\u0259cili Tibbi Yard\u0131m X\u0259st\u0259xanas\u0131na yerl\u0259\u015fdirilib.<\/p>\n\n\n\n<p>Fakta ba\u011fl\u0131 Sumqay\u0131t \u015e\u0259h\u0259r Prokurorlu\u011funda ara\u015fd\u0131rma apar\u0131l\u0131r.<\/p>\n","protected":false},"excerpt":{"rendered":"<p>G\u00fcnay \u018fliyeva m\u0259hk\u0259m\u0259 q\u0259rar\u0131 il\u0259 raz\u0131la\u015fmay\u0131b Sumqay\u0131t Apelyasiya M\u0259hk\u0259m\u0259sind\u0259 mart\u0131n &#8230; <\/p>\n<p class=\"read-more-container\"><a title=\"Qad\u0131n\u0131n m\u0259hk\u0259m\u0259d\u0259 \u00f6z\u00fcn\u0259 x\u0259sar\u0259t yetirdiyi bildirilir\" class=\"read-more button\" href=\"https:\/\/www.meydan.tv\/az\/article\/qadinin-mehkemede-ozune-xesaret-yetirdiyi-bildirilir\/#more-270100\" aria-label=\"Read more about Qad\u0131n\u0131n m\u0259hk\u0259m\u0259d\u0259 \u00f6z\u00fcn\u0259 x\u0259sar\u0259t yetirdiyi bildirilir\">Davam\u0131<\/a><\/p>\n","protected":false},"author":8,"featured_media":270104,"comment_status":"closed","ping_status":"closed","sticky":false,"template":"","format":"standard","meta":{"_acf_changed":false,"_sitemap_exclude":false,"_sitemap_priority":"","_sitemap_frequency":"","footnotes":""},"categories":[60,56],"tags":[],"class_list":["post-270100","post","type-post","status-publish","format-standard","has-post-thumbnail","hentry","category-bolge","category-xeberler","infinite-scroll-item","generate-columns","tablet-grid-50","mobile-grid-100","grid-parent","grid-33","no-featured-image-padding"],"acf":[],"yoast_head":"<!-- This site is optimized with the Yoast SEO plugin v27.5 - https:\/\/yoast.com\/product\/yoast-seo-wordpress\/ -->\n<title>Qad\u0131n\u0131n m\u0259hk\u0259m\u0259d\u0259 \u00f6z\u00fcn\u0259 x\u0259sar\u0259t yetirdiyi bildirilir - MEYDAN.TV<\/title>\n<meta name=\"robots\" content=\"index, follow, max-snippet:-1, max-image-preview:large, max-video-preview:-1\" \/>\n<link rel=\"canonical\" href=\"https:\/\/www.meydan.tv\/az\/article\/qadinin-mehkemede-ozune-xesaret-yetirdiyi-bildirilir\/\" \/>\n<meta property=\"og:locale\" content=\"az_AZ\" \/>\n<meta property=\"og:type\" content=\"article\" \/>\n<meta property=\"og:title\" content=\"Qad\u0131n\u0131n m\u0259hk\u0259m\u0259d\u0259 \u00f6z\u00fcn\u0259 x\u0259sar\u0259t yetirdiyi bildirilir - MEYDAN.TV\" \/>\n<meta property=\"og:description\" content=\"G\u00fcnay \u018fliyeva m\u0259hk\u0259m\u0259 q\u0259rar\u0131 il\u0259 raz\u0131la\u015fmay\u0131b Sumqay\u0131t Apelyasiya M\u0259hk\u0259m\u0259sind\u0259 mart\u0131n ... Davam\u0131\" \/>\n<meta property=\"og:url\" content=\"https:\/\/www.meydan.tv\/az\/article\/qadinin-mehkemede-ozune-xesaret-yetirdiyi-bildirilir\/\" \/>\n<meta property=\"og:site_name\" content=\"MEYDAN.TV\" \/>\n<meta property=\"article:published_time\" content=\"2023-03-06T11:55:58+00:00\" \/>\n<meta property=\"article:modified_time\" content=\"2023-03-06T12:04:21+00:00\" \/>\n<meta property=\"og:image\" content=\"https:\/\/www.meydan.tv\/wp-content\/uploads\/1671617478_thumb.jpg\" \/>\n\t<meta property=\"og:image:width\" content=\"1200\" \/>\n\t<meta property=\"og:image:height\" content=\"864\" \/>\n\t<meta property=\"og:image:type\" content=\"image\/jpeg\" \/>\n<meta name=\"author\" content=\"elli\" \/>\n<meta name=\"twitter:card\" content=\"summary_large_image\" \/>\n<meta name=\"twitter:creator\" content=\"@elli\" \/>\n<script type=\"application\/ld+json\" class=\"yoast-schema-graph\">{\"@context\":\"https:\\\/\\\/schema.org\",\"@graph\":[{\"@type\":\"Article\",\"@id\":\"https:\\\/\\\/www.meydan.tv\\\/az\\\/article\\\/qadinin-mehkemede-ozune-xesaret-yetirdiyi-bildirilir\\\/#article\",\"isPartOf\":{\"@id\":\"https:\\\/\\\/www.meydan.tv\\\/az\\\/article\\\/qadinin-mehkemede-ozune-xesaret-yetirdiyi-bildirilir\\\/\"},\"author\":{\"name\":\"elli\",\"@id\":\"https:\\\/\\\/www.meydan.tv\\\/az\\\/#\\\/schema\\\/person\\\/9cdbecf90d17180ce1dfbd95b08dcf47\"},\"headline\":\"Qad\u0131n\u0131n m\u0259hk\u0259m\u0259d\u0259 \u00f6z\u00fcn\u0259 x\u0259sar\u0259t yetirdiyi bildirilir\",\"datePublished\":\"2023-03-06T11:55:58+00:00\",\"dateModified\":\"2023-03-06T12:04:21+00:00\",\"mainEntityOfPage\":{\"@id\":\"https:\\\/\\\/www.meydan.tv\\\/az\\\/article\\\/qadinin-mehkemede-ozune-xesaret-yetirdiyi-bildirilir\\\/\"},\"wordCount\":300,\"publisher\":{\"@id\":\"https:\\\/\\\/www.meydan.tv\\\/az\\\/#organization\"},\"image\":{\"@id\":\"https:\\\/\\\/www.meydan.tv\\\/az\\\/article\\\/qadinin-mehkemede-ozune-xesaret-yetirdiyi-bildirilir\\\/#primaryimage\"},\"thumbnailUrl\":\"https:\\\/\\\/www.meydan.tv\\\/wp-content\\\/uploads\\\/1671617478_thumb.jpg\",\"articleSection\":[\"B\u00f6lg\u0259\",\"X\u0259b\u0259rl\u0259r\"],\"inLanguage\":\"az\"},{\"@type\":\"WebPage\",\"@id\":\"https:\\\/\\\/www.meydan.tv\\\/az\\\/article\\\/qadinin-mehkemede-ozune-xesaret-yetirdiyi-bildirilir\\\/\",\"url\":\"https:\\\/\\\/www.meydan.tv\\\/az\\\/article\\\/qadinin-mehkemede-ozune-xesaret-yetirdiyi-bildirilir\\\/\",\"name\":\"Qad\u0131n\u0131n m\u0259hk\u0259m\u0259d\u0259 \u00f6z\u00fcn\u0259 x\u0259sar\u0259t yetirdiyi bildirilir - MEYDAN.TV\",\"isPartOf\":{\"@id\":\"https:\\\/\\\/www.meydan.tv\\\/az\\\/#website\"},\"primaryImageOfPage\":{\"@id\":\"https:\\\/\\\/www.meydan.tv\\\/az\\\/article\\\/qadinin-mehkemede-ozune-xesaret-yetirdiyi-bildirilir\\\/#primaryimage\"},\"image\":{\"@id\":\"https:\\\/\\\/www.meydan.tv\\\/az\\\/article\\\/qadinin-mehkemede-ozune-xesaret-yetirdiyi-bildirilir\\\/#primaryimage\"},\"thumbnailUrl\":\"https:\\\/\\\/www.meydan.tv\\\/wp-content\\\/uploads\\\/1671617478_thumb.jpg\",\"datePublished\":\"2023-03-06T11:55:58+00:00\",\"dateModified\":\"2023-03-06T12:04:21+00:00\",\"breadcrumb\":{\"@id\":\"https:\\\/\\\/www.meydan.tv\\\/az\\\/article\\\/qadinin-mehkemede-ozune-xesaret-yetirdiyi-bildirilir\\\/#breadcrumb\"},\"inLanguage\":\"az\",\"potentialAction\":[{\"@type\":\"ReadAction\",\"target\":[\"https:\\\/\\\/www.meydan.tv\\\/az\\\/article\\\/qadinin-mehkemede-ozune-xesaret-yetirdiyi-bildirilir\\\/\"]}]},{\"@type\":\"ImageObject\",\"inLanguage\":\"az\",\"@id\":\"https:\\\/\\\/www.meydan.tv\\\/az\\\/article\\\/qadinin-mehkemede-ozune-xesaret-yetirdiyi-bildirilir\\\/#primaryimage\",\"url\":\"https:\\\/\\\/www.meydan.tv\\\/wp-content\\\/uploads\\\/1671617478_thumb.jpg\",\"contentUrl\":\"https:\\\/\\\/www.meydan.tv\\\/wp-content\\\/uploads\\\/1671617478_thumb.jpg\",\"width\":1200,\"height\":864,\"caption\":\"Sumqay\u0131t Apelyasiya M\u0259hk\u0259m\u0259si. Foto: Az\u0259rtac\"},{\"@type\":\"BreadcrumbList\",\"@id\":\"https:\\\/\\\/www.meydan.tv\\\/az\\\/article\\\/qadinin-mehkemede-ozune-xesaret-yetirdiyi-bildirilir\\\/#breadcrumb\",\"itemListElement\":[{\"@type\":\"ListItem\",\"position\":1,\"name\":\"Ana s\u0259hif\u0259\",\"item\":\"https:\\\/\\\/www.meydan.tv\\\/az\\\/\"},{\"@type\":\"ListItem\",\"position\":2,\"name\":\"B\u00f6lg\u0259\",\"item\":\"https:\\\/\\\/www.meydan.tv\\\/az\\\/section\\\/bolge\\\/\"},{\"@type\":\"ListItem\",\"position\":3,\"name\":\"Qad\u0131n\u0131n m\u0259hk\u0259m\u0259d\u0259 \u00f6z\u00fcn\u0259 x\u0259sar\u0259t yetirdiyi bildirilir\"}]},{\"@type\":\"WebSite\",\"@id\":\"https:\\\/\\\/www.meydan.tv\\\/az\\\/#website\",\"url\":\"https:\\\/\\\/www.meydan.tv\\\/az\\\/\",\"name\":\"MEYDAN.TV\",\"description\":\"Meydan TV Az\u0259rbaycan\u0131n media m\u0259kan\u0131ndak\u0131 alternativ s\u0259sidir\",\"publisher\":{\"@id\":\"https:\\\/\\\/www.meydan.tv\\\/az\\\/#organization\"},\"potentialAction\":[{\"@type\":\"SearchAction\",\"target\":{\"@type\":\"EntryPoint\",\"urlTemplate\":\"https:\\\/\\\/www.meydan.tv\\\/az\\\/?s={search_term_string}\"},\"query-input\":{\"@type\":\"PropertyValueSpecification\",\"valueRequired\":true,\"valueName\":\"search_term_string\"}}],\"inLanguage\":\"az\"},{\"@type\":\"Organization\",\"@id\":\"https:\\\/\\\/www.meydan.tv\\\/az\\\/#organization\",\"name\":\"Meydan TV\",\"url\":\"https:\\\/\\\/www.meydan.tv\\\/az\\\/\",\"logo\":{\"@type\":\"ImageObject\",\"inLanguage\":\"az\",\"@id\":\"https:\\\/\\\/www.meydan.tv\\\/az\\\/#\\\/schema\\\/logo\\\/image\\\/\",\"url\":\"https:\\\/\\\/www.meydan.tv\\\/wp-content\\\/uploads\\\/2021\\\/07\\\/meydan-logo.svg\",\"contentUrl\":\"https:\\\/\\\/www.meydan.tv\\\/wp-content\\\/uploads\\\/2021\\\/07\\\/meydan-logo.svg\",\"width\":195,\"height\":46,\"caption\":\"Meydan TV\"},\"image\":{\"@id\":\"https:\\\/\\\/www.meydan.tv\\\/az\\\/#\\\/schema\\\/logo\\\/image\\\/\"}},{\"@type\":\"Person\",\"@id\":\"https:\\\/\\\/www.meydan.tv\\\/az\\\/#\\\/schema\\\/person\\\/9cdbecf90d17180ce1dfbd95b08dcf47\",\"name\":\"elli\",\"sameAs\":[\"https:\\\/\\\/x.com\\\/elli\"]}]}<\/script>\n<!-- \/ Yoast SEO plugin. -->","yoast_head_json":{"title":"Qad\u0131n\u0131n m\u0259hk\u0259m\u0259d\u0259 \u00f6z\u00fcn\u0259 x\u0259sar\u0259t yetirdiyi bildirilir - MEYDAN.TV","robots":{"index":"index","follow":"follow","max-snippet":"max-snippet:-1","max-image-preview":"max-image-preview:large","max-video-preview":"max-video-preview:-1"},"canonical":"https:\/\/www.meydan.tv\/az\/article\/qadinin-mehkemede-ozune-xesaret-yetirdiyi-bildirilir\/","og_locale":"az_AZ","og_type":"article","og_title":"Qad\u0131n\u0131n m\u0259hk\u0259m\u0259d\u0259 \u00f6z\u00fcn\u0259 x\u0259sar\u0259t yetirdiyi bildirilir - MEYDAN.TV","og_description":"G\u00fcnay \u018fliyeva m\u0259hk\u0259m\u0259 q\u0259rar\u0131 il\u0259 raz\u0131la\u015fmay\u0131b Sumqay\u0131t Apelyasiya M\u0259hk\u0259m\u0259sind\u0259 mart\u0131n ... Davam\u0131","og_url":"https:\/\/www.meydan.tv\/az\/article\/qadinin-mehkemede-ozune-xesaret-yetirdiyi-bildirilir\/","og_site_name":"MEYDAN.TV","article_published_time":"2023-03-06T11:55:58+00:00","article_modified_time":"2023-03-06T12:04:21+00:00","og_image":[{"width":1200,"height":864,"url":"https:\/\/www.meydan.tv\/wp-content\/uploads\/1671617478_thumb.jpg","type":"image\/jpeg"}],"author":"elli","twitter_card":"summary_large_image","twitter_creator":"@elli","schema":{"@context":"https:\/\/schema.org","@graph":[{"@type":"Article","@id":"https:\/\/www.meydan.tv\/az\/article\/qadinin-mehkemede-ozune-xesaret-yetirdiyi-bildirilir\/#article","isPartOf":{"@id":"https:\/\/www.meydan.tv\/az\/article\/qadinin-mehkemede-ozune-xesaret-yetirdiyi-bildirilir\/"},"author":{"name":"elli","@id":"https:\/\/www.meydan.tv\/az\/#\/schema\/person\/9cdbecf90d17180ce1dfbd95b08dcf47"},"headline":"Qad\u0131n\u0131n m\u0259hk\u0259m\u0259d\u0259 \u00f6z\u00fcn\u0259 x\u0259sar\u0259t yetirdiyi bildirilir","datePublished":"2023-03-06T11:55:58+00:00","dateModified":"2023-03-06T12:04:21+00:00","mainEntityOfPage":{"@id":"https:\/\/www.meydan.tv\/az\/article\/qadinin-mehkemede-ozune-xesaret-yetirdiyi-bildirilir\/"},"wordCount":300,"publisher":{"@id":"https:\/\/www.meydan.tv\/az\/#organization"},"image":{"@id":"https:\/\/www.meydan.tv\/az\/article\/qadinin-mehkemede-ozune-xesaret-yetirdiyi-bildirilir\/#primaryimage"},"thumbnailUrl":"https:\/\/www.meydan.tv\/wp-content\/uploads\/1671617478_thumb.jpg","articleSection":["B\u00f6lg\u0259","X\u0259b\u0259rl\u0259r"],"inLanguage":"az"},{"@type":"WebPage","@id":"https:\/\/www.meydan.tv\/az\/article\/qadinin-mehkemede-ozune-xesaret-yetirdiyi-bildirilir\/","url":"https:\/\/www.meydan.tv\/az\/article\/qadinin-mehkemede-ozune-xesaret-yetirdiyi-bildirilir\/","name":"Qad\u0131n\u0131n m\u0259hk\u0259m\u0259d\u0259 \u00f6z\u00fcn\u0259 x\u0259sar\u0259t yetirdiyi bildirilir - MEYDAN.TV","isPartOf":{"@id":"https:\/\/www.meydan.tv\/az\/#website"},"primaryImageOfPage":{"@id":"https:\/\/www.meydan.tv\/az\/article\/qadinin-mehkemede-ozune-xesaret-yetirdiyi-bildirilir\/#primaryimage"},"image":{"@id":"https:\/\/www.meydan.tv\/az\/article\/qadinin-mehkemede-ozune-xesaret-yetirdiyi-bildirilir\/#primaryimage"},"thumbnailUrl":"https:\/\/www.meydan.tv\/wp-content\/uploads\/1671617478_thumb.jpg","datePublished":"2023-03-06T11:55:58+00:00","dateModified":"2023-03-06T12:04:21+00:00","breadcrumb":{"@id":"https:\/\/www.meydan.tv\/az\/article\/qadinin-mehkemede-ozune-xesaret-yetirdiyi-bildirilir\/#breadcrumb"},"inLanguage":"az","potentialAction":[{"@type":"ReadAction","target":["https:\/\/www.meydan.tv\/az\/article\/qadinin-mehkemede-ozune-xesaret-yetirdiyi-bildirilir\/"]}]},{"@type":"ImageObject","inLanguage":"az","@id":"https:\/\/www.meydan.tv\/az\/article\/qadinin-mehkemede-ozune-xesaret-yetirdiyi-bildirilir\/#primaryimage","url":"https:\/\/www.meydan.tv\/wp-content\/uploads\/1671617478_thumb.jpg","contentUrl":"https:\/\/www.meydan.tv\/wp-content\/uploads\/1671617478_thumb.jpg","width":1200,"height":864,"caption":"Sumqay\u0131t Apelyasiya M\u0259hk\u0259m\u0259si. Foto: Az\u0259rtac"},{"@type":"BreadcrumbList","@id":"https:\/\/www.meydan.tv\/az\/article\/qadinin-mehkemede-ozune-xesaret-yetirdiyi-bildirilir\/#breadcrumb","itemListElement":[{"@type":"ListItem","position":1,"name":"Ana s\u0259hif\u0259","item":"https:\/\/www.meydan.tv\/az\/"},{"@type":"ListItem","position":2,"name":"B\u00f6lg\u0259","item":"https:\/\/www.meydan.tv\/az\/section\/bolge\/"},{"@type":"ListItem","position":3,"name":"Qad\u0131n\u0131n m\u0259hk\u0259m\u0259d\u0259 \u00f6z\u00fcn\u0259 x\u0259sar\u0259t yetirdiyi bildirilir"}]},{"@type":"WebSite","@id":"https:\/\/www.meydan.tv\/az\/#website","url":"https:\/\/www.meydan.tv\/az\/","name":"MEYDAN.TV","description":"Meydan TV Az\u0259rbaycan\u0131n media m\u0259kan\u0131ndak\u0131 alternativ s\u0259sidir","publisher":{"@id":"https:\/\/www.meydan.tv\/az\/#organization"},"potentialAction":[{"@type":"SearchAction","target":{"@type":"EntryPoint","urlTemplate":"https:\/\/www.meydan.tv\/az\/?s={search_term_string}"},"query-input":{"@type":"PropertyValueSpecification","valueRequired":true,"valueName":"search_term_string"}}],"inLanguage":"az"},{"@type":"Organization","@id":"https:\/\/www.meydan.tv\/az\/#organization","name":"Meydan TV","url":"https:\/\/www.meydan.tv\/az\/","logo":{"@type":"ImageObject","inLanguage":"az","@id":"https:\/\/www.meydan.tv\/az\/#\/schema\/logo\/image\/","url":"https:\/\/www.meydan.tv\/wp-content\/uploads\/2021\/07\/meydan-logo.svg","contentUrl":"https:\/\/www.meydan.tv\/wp-content\/uploads\/2021\/07\/meydan-logo.svg","width":195,"height":46,"caption":"Meydan TV"},"image":{"@id":"https:\/\/www.meydan.tv\/az\/#\/schema\/logo\/image\/"}},{"@type":"Person","@id":"https:\/\/www.meydan.tv\/az\/#\/schema\/person\/9cdbecf90d17180ce1dfbd95b08dcf47","name":"elli","sameAs":["https:\/\/x.com\/elli"]}]}},"_links":{"self":[{"href":"https:\/\/www.meydan.tv\/az\/wp-json\/wp\/v2\/posts\/270100","targetHints":{"allow":["GET"]}}],"collection":[{"href":"https:\/\/www.meydan.tv\/az\/wp-json\/wp\/v2\/posts"}],"about":[{"href":"https:\/\/www.meydan.tv\/az\/wp-json\/wp\/v2\/types\/post"}],"author":[{"embeddable":true,"href":"https:\/\/www.meydan.tv\/az\/wp-json\/wp\/v2\/users\/8"}],"replies":[{"embeddable":true,"href":"https:\/\/www.meydan.tv\/az\/wp-json\/wp\/v2\/comments?post=270100"}],"version-history":[{"count":2,"href":"https:\/\/www.meydan.tv\/az\/wp-json\/wp\/v2\/posts\/270100\/revisions"}],"predecessor-version":[{"id":270115,"href":"https:\/\/www.meydan.tv\/az\/wp-json\/wp\/v2\/posts\/270100\/revisions\/270115"}],"wp:featuredmedia":[{"embeddable":true,"href":"https:\/\/www.meydan.tv\/az\/wp-json\/wp\/v2\/media\/270104"}],"wp:attachment":[{"href":"https:\/\/www.meydan.tv\/az\/wp-json\/wp\/v2\/media?parent=270100"}],"wp:term":[{"taxonomy":"category","embeddable":true,"href":"https:\/\/www.meydan.tv\/az\/wp-json\/wp\/v2\/categories?post=270100"},{"taxonomy":"post_tag","embeddable":true,"href":"https:\/\/www.meydan.tv\/az\/wp-json\/wp\/v2\/tags?post=270100"}],"curies":[{"name":"wp","href":"https:\/\/api.w.org\/{rel}","templated":true}]}}