{"id":269977,"date":"2023-03-03T22:20:07","date_gmt":"2023-03-03T18:20:07","guid":{"rendered":"https:\/\/www.meydan.tv\/?p=269977"},"modified":"2023-03-03T22:20:09","modified_gmt":"2023-03-03T18:20:09","slug":"nikol-pasinyan-meni-cox-adam-azerbaycan-terefdari-zenn-edir","status":"publish","type":"post","link":"https:\/\/www.meydan.tv\/az\/article\/nikol-pasinyan-meni-cox-adam-azerbaycan-terefdari-zenn-edir\/","title":{"rendered":"Nikol Pa\u015finyan: M\u0259ni \u00e7ox adam Az\u0259rbaycan t\u0259r\u0259fdar\u0131 z\u0259nn edir"},"content":{"rendered":"\n<figure class=\"wp-block-embed is-type-video is-provider-youtube wp-block-embed-youtube wp-embed-aspect-16-9 wp-has-aspect-ratio\"><div class=\"wp-block-embed__wrapper\">\n<iframe title=\"Nikol Pa\u015finyan: M\u0259ni \u00e7ox adam Az\u0259rbaycan t\u0259r\u0259fdar\u0131 z\u0259nn edir\" width=\"1200\" height=\"675\" data-src=\"https:\/\/www.youtube.com\/embed\/0fTLPFh87Yo?feature=oembed\" frameborder=\"0\" allow=\"accelerometer; autoplay; clipboard-write; encrypted-media; gyroscope; picture-in-picture; web-share\" allowfullscreen src=\"data:image\/svg+xml;base64,PHN2ZyB3aWR0aD0iMSIgaGVpZ2h0PSIxIiB4bWxucz0iaHR0cDovL3d3dy53My5vcmcvMjAwMC9zdmciPjwvc3ZnPg==\" class=\"lazyload\" data-load-mode=\"1\"><\/iframe>\n<\/div><\/figure>\n\n\n\n<!--more-->\n\n\n\n<p>Mart\u0131n 2-d\u0259 Alman Xarici \u018flaq\u0259l\u0259r \u015euras\u0131 (DGAP) Erm\u0259nistan\u0131n Ba\u015f naziri Nikol Pa\u015finyanla g\u00f6r\u00fc\u015f ke\u00e7irib. G\u00f6r\u00fc\u015fd\u0259 \u0259sas\u0259n Az\u0259rbaycan-Erm\u0259nistan m\u00fcnasib\u0259tl\u0259ri m\u00fczakir\u0259 olunub.<br>Almaniyada f\u0259aliyy\u0259t g\u00f6st\u0259r\u0259n \u201cRestart inishitive\u201d t\u0259\u015fkilat\u0131n\u0131n s\u0259dri Emin Milli d\u0259 Ba\u015f nazir\u0259 sual \u00fcnvanlay\u0131b:<br>&#8211;&nbsp;&nbsp;&nbsp;&nbsp;&nbsp;&nbsp;&nbsp; C\u0259nab Ba\u015f nazir, ad\u0259t\u0259n siz C\u0259nab \u018fliyevl\u0259 paneld\u0259 dan\u0131\u015fanda, ya da i\u015ftirak\u00e7\u0131lar aras\u0131nda az\u0259rbaycanl\u0131lar v\u0259 erm\u0259nil\u0259r olanda h\u0259r zaman neqativ fikirl\u0259r v\u0259 nifr\u0259t nitqi s\u0259sl\u0259nir.<br>Biz is\u0259 \u201cRestart \u0130nishitive\u201d t\u0259\u015fkilat\u0131 olaraq \u201cHertie School\u201dla \u0259m\u0259kda\u015fl\u0131q \u00e7\u0259r\u00e7iv\u0259sind\u0259 az\u0259rbaycanl\u0131 v\u0259 erm\u0259ni ekspertl\u0259ri Berlind\u0259 v\u0259 Tbilisid\u0259 konkret m\u00f6vzularla ba\u011fl\u0131 m\u00fczakir\u0259l\u0259r \u00fc\u00e7\u00fcn g\u00f6r\u00fc\u015fl\u0259rimiz\u0259 d\u0259v\u0259t edirik.<br>Bu m\u00fczakir\u0259l\u0259r onunla ba\u011fl\u0131d\u0131r ki, \u0259g\u0259r s\u00fclh sazi\u015fi imzalansa, Az\u0259rbaycan v\u0259 Erm\u0259nistan bundan n\u0259 qazanacaq?<br>N\u0259qliyyat, ticar\u0259t, enerji, suyun idar\u0259 edilm\u0259si v\u0259 ba\u015fqa x\u00fcsusi sah\u0259l\u0259rd\u0259 biz n\u0259 \u0259ld\u0259 ed\u0259 bil\u0259rik ki, bu Az\u0259rbaycanda v\u0259 Erm\u0259nistanda ya\u015fayan insanlar\u0131n h\u0259yatlar\u0131na t\u0259sir ed\u0259 bil\u0259r?<br>Bu g\u00f6r\u00fc\u015fl\u0259rin birind\u0259, BMT-d\u0259 i\u015fl\u0259y\u0259n erm\u0259ni enerji eksperti, yerevanl\u0131 Ara Mardjanyan biz\u0259 bildirdi ki, \u0259g\u0259r Az\u0259rbaycan v\u0259 Erm\u0259nistan s\u00fclh sazi\u015fin\u0259 imza atsalar, Erm\u0259nistan\u0131n Rusiya v\u0259 Avropa \u00fcz\u0259rind\u0259n ald\u0131\u011f\u0131 benzin v\u0259 dizeli Az\u0259rbaycandan g\u0259lm\u0259y\u0259 ba\u015flaya bil\u0259r.<br>Bu is\u0259 Erm\u0259nistanda yanacaq qiym\u0259tl\u0259rinin v\u0259 m\u0259ntiql\u0259 avtomatik olaraq bir \u00e7ox ba\u015fqa qiym\u0259tl\u0259rin d\u0259 a\u015fa\u011f\u0131 d\u00fc\u015fm\u0259sin\u0259 s\u0259b\u0259b olacaq.<br>M\u0259nim \u00fc\u00e7\u00fcn bu \u00e7ox t\u0259\u0259cc\u00fcbl\u00fcd\u00fcr ki, n\u0259 Az\u0259rbaycanda, n\u0259 d\u0259 Erm\u0259nistanda he\u00e7 kim bu haqda dan\u0131\u015fm\u0131r. He\u00e7 kim demir ki, bu s\u00fclh biz\u0259 n\u0259l\u0259ri ver\u0259 bil\u0259r.<br>&nbsp;M\u0259nim sual\u0131m budur ki, siz bunu \u018fliyevl\u0259 m\u00fczakir\u0259 edirsinizmi? N\u0259y\u0259 g\u00f6r\u0259 sizc\u0259, h\u0259r zaman Az\u0259rbaycan v\u0259 Erm\u0259nistan\u0131n oldu\u011fu ictimai m\u00fczakir\u0259l\u0259rd\u0259 v\u0259 mediada daha \u00e7ox neqativ hekay\u0259l\u0259r dominantl\u0131q t\u0259\u015fkil edir?\u201d<br>Apar\u0131c\u0131:<br>&#8211;&nbsp;&nbsp;&nbsp;&nbsp;&nbsp;&nbsp;&nbsp; M\u0259n burada daha \u00e7ox m\u00fcsb\u0259t g\u00fcnd\u0259m haqda dan\u0131\u015fmaq d\u0259v\u0259tini e\u015fitdim. M\u0259n bilm\u0259k ist\u0259rdim ki, siz bu qeyd olunan m\u00fcsb\u0259t g\u00fcnd\u0259m haqda n\u0259 d\u00fc\u015f\u00fcn\u00fcrs\u00fcn\u00fcz v\u0259 sizin \u00f6z fikrinizc\u0259, m\u00fcsb\u0259t g\u00fcnd\u0259m n\u0259 ola bil\u0259r?<br>&nbsp;Nikol Pa\u015finyan:<br>&#8211;&nbsp;&nbsp;&nbsp;&nbsp;&nbsp;&nbsp;&nbsp; M\u0259n Az\u0259rbaycan t\u0259msil\u00e7isin\u0259 qald\u0131rd\u0131\u011f\u0131 m\u0259s\u0259l\u0259y\u0259 g\u00f6r\u0259 \u00e7ox t\u0259\u015f\u0259kk\u00fcr edir\u0259m.<br>&nbsp;Apar\u0131c\u0131:<br>&#8211;&nbsp;&nbsp;&nbsp;&nbsp;&nbsp;&nbsp;&nbsp; M\u0259n d\u00fczg\u00fcn ba\u015fa d\u00fc\u015fd\u00fcms\u0259, o, Berlind\u0259 olan \u201cRestart \u0130nishitive\u201d t\u0259\u015fkilat\u0131n\u0131 t\u0259msil edir, \u00f6z\u00fc is\u0259 \u0259sl\u0259n az\u0259rbaycanl\u0131d\u0131r.<br>&nbsp;Pa\u015finyan:<br>&#8211;&nbsp;&nbsp;&nbsp;&nbsp;&nbsp;&nbsp;&nbsp; 2018-ci ild\u0259 m\u0259n Erm\u0259nistan\u0131n Ba\u015f naziri olanda, press-konfrans zaman\u0131 eynil\u0259 bu m\u0259s\u0259l\u0259 haqda dan\u0131\u015fd\u0131m.<br>M\u0259n az\u0259rbaycanl\u0131 v\u0259 erm\u0259ni sosial media istifad\u0259\u00e7il\u0259rini nifr\u0259t nitqind\u0259n \u00e7\u0259kinm\u0259y\u0259 s\u0259sl\u0259dim: \u201cBir-birinizin m\u00f6vqeyini anlamaq \u00fc\u00e7\u00fcn aqressiv ritorikadan \u00e7\u0259kinib bir-birinizl\u0259 dan\u0131\u015fma\u011fa \u00e7al\u0131\u015f\u0131n\u201d.<br>&nbsp;T\u0259\u0259ss\u00fcf ki, m\u0259nim s\u00f6zl\u0259rim \u00f6z \u00fcnvan\u0131na \u00e7atmad\u0131. M\u0259n sizinl\u0259 tamamil\u0259 raz\u0131yam.<br>&nbsp;Biz diqq\u0259timizi regionun g\u0259l\u0259c\u0259yi \u00fcz\u0259rin\u0259 g\u0259tirm\u0259liyik. \u00c7\u00fcnki bilirsiniz, bu, bir faktd\u0131r. Biz, \u00fc\u00e7 C\u0259nubi Qafqaz \u00f6lk\u0259sinin &#8211; G\u00fcrc\u00fcstan, Erm\u0259nistan v\u0259 Az\u0259rbaycan\u0131n \u00e7oxlu m\u0259d\u0259ni ox\u015farl\u0131qlar\u0131 var. Bu, bir faktd\u0131r.<br>Biz diqq\u0259timizi m\u00fcsb\u0259t c\u0259h\u0259tl\u0259rd\u0259 c\u0259ml\u0259m\u0259liyik. Siz haql\u0131s\u0131n\u0131z. Biz bunda maraql\u0131y\u0131q. V\u0259 bu do\u011frudur ki, b\u0259lk\u0259 d\u0259 Erm\u0259nistan regional kommunikasiyalar\u0131n a\u00e7\u0131lmas\u0131nda daha \u00e7ox maraql\u0131d\u0131r. Buna g\u00f6r\u0259 d\u0259 Az\u0259rbaycan, bel\u0259 dey\u0259k, bunu Erm\u0259nistana m\u00fcmk\u00fcn q\u0259d\u0259r bahal\u0131 bir layih\u0259 kimi satma\u011fa \u00e7al\u0131\u015f\u0131r. Amma biz haz\u0131r\u0131q. Yeri g\u0259lmi\u015fk\u0259n, m\u0259n Erm\u0259nistanda \u00e7ox t\u0259nqid olunmu\u015fam. M\u0259ni \u00e7ox adam Az\u0259rbaycan t\u0259r\u0259fdar\u0131 z\u0259nn edir. Onlar m\u0259ni Az\u0259rbaycan v\u0259 T\u00fcrkiy\u0259 t\u0259r\u0259fdar\u0131 kimi t\u0259nqid edibl\u0259r.<br>M\u0259n sizinl\u0259 tamamil\u0259r raz\u0131yam ki, biz diqq\u0259timizi s\u00fclh v\u0259 \u0259m\u0259kda\u015fl\u0131\u011f\u0131n m\u00fcsb\u0259t t\u0259r\u0259fl\u0259rind\u0259 c\u0259ml\u0259m\u0259liyik.<br>S\u00fclh g\u00fcnd\u0259mi m\u0259nim \u00f6hd\u0259liyimdir. M\u0259n Az\u0259rbaycan ictimaiyy\u0259tind\u0259n d\u0259 bu m\u0259s\u0259l\u0259d\u0259 d\u0259st\u0259k almaq ist\u0259rdim.<\/p>\n","protected":false},"excerpt":{"rendered":"","protected":false},"author":14,"featured_media":269978,"comment_status":"closed","ping_status":"closed","sticky":false,"template":"","format":"standard","meta":{"_acf_changed":false,"_sitemap_exclude":false,"_sitemap_priority":"","_sitemap_frequency":"","footnotes":""},"categories":[59,63],"tags":[],"class_list":["post-269977","post","type-post","status-publish","format-standard","has-post-thumbnail","hentry","category-siyaset","category-video-2","infinite-scroll-item","generate-columns","tablet-grid-50","mobile-grid-100","grid-parent","grid-33","no-featured-image-padding"],"acf":[],"yoast_head":"<!-- This site is optimized with the Yoast SEO plugin v27.5 - https:\/\/yoast.com\/product\/yoast-seo-wordpress\/ -->\n<title>Nikol Pa\u015finyan: M\u0259ni \u00e7ox adam Az\u0259rbaycan t\u0259r\u0259fdar\u0131 z\u0259nn edir - MEYDAN.TV<\/title>\n<meta name=\"robots\" content=\"index, follow, max-snippet:-1, max-image-preview:large, max-video-preview:-1\" \/>\n<link rel=\"canonical\" href=\"https:\/\/www.meydan.tv\/az\/article\/nikol-pasinyan-meni-cox-adam-azerbaycan-terefdari-zenn-edir\/\" \/>\n<meta property=\"og:locale\" content=\"az_AZ\" \/>\n<meta property=\"og:type\" content=\"article\" \/>\n<meta property=\"og:title\" content=\"Nikol Pa\u015finyan: M\u0259ni \u00e7ox adam Az\u0259rbaycan t\u0259r\u0259fdar\u0131 z\u0259nn edir - MEYDAN.TV\" \/>\n<meta property=\"og:url\" content=\"https:\/\/www.meydan.tv\/az\/article\/nikol-pasinyan-meni-cox-adam-azerbaycan-terefdari-zenn-edir\/\" \/>\n<meta property=\"og:site_name\" content=\"MEYDAN.TV\" \/>\n<meta property=\"article:published_time\" content=\"2023-03-03T18:20:07+00:00\" \/>\n<meta property=\"article:modified_time\" content=\"2023-03-03T18:20:09+00:00\" \/>\n<meta property=\"og:image\" content=\"https:\/\/www.meydan.tv\/wp-content\/uploads\/4333.png\" \/>\n\t<meta property=\"og:image:width\" content=\"1280\" \/>\n\t<meta property=\"og:image:height\" content=\"720\" \/>\n\t<meta property=\"og:image:type\" content=\"image\/png\" \/>\n<meta name=\"author\" content=\"roma\" \/>\n<meta name=\"twitter:card\" content=\"summary_large_image\" \/>\n<script type=\"application\/ld+json\" class=\"yoast-schema-graph\">{\"@context\":\"https:\\\/\\\/schema.org\",\"@graph\":[{\"@type\":\"Article\",\"@id\":\"https:\\\/\\\/www.meydan.tv\\\/az\\\/article\\\/nikol-pasinyan-meni-cox-adam-azerbaycan-terefdari-zenn-edir\\\/#article\",\"isPartOf\":{\"@id\":\"https:\\\/\\\/www.meydan.tv\\\/az\\\/article\\\/nikol-pasinyan-meni-cox-adam-azerbaycan-terefdari-zenn-edir\\\/\"},\"author\":{\"name\":\"roma\",\"@id\":\"https:\\\/\\\/www.meydan.tv\\\/az\\\/#\\\/schema\\\/person\\\/8f23e01c4de63326c13c319fb65ee65d\"},\"headline\":\"Nikol Pa\u015finyan: M\u0259ni \u00e7ox adam Az\u0259rbaycan t\u0259r\u0259fdar\u0131 z\u0259nn edir\",\"datePublished\":\"2023-03-03T18:20:07+00:00\",\"dateModified\":\"2023-03-03T18:20:09+00:00\",\"mainEntityOfPage\":{\"@id\":\"https:\\\/\\\/www.meydan.tv\\\/az\\\/article\\\/nikol-pasinyan-meni-cox-adam-azerbaycan-terefdari-zenn-edir\\\/\"},\"wordCount\":866,\"publisher\":{\"@id\":\"https:\\\/\\\/www.meydan.tv\\\/az\\\/#organization\"},\"image\":{\"@id\":\"https:\\\/\\\/www.meydan.tv\\\/az\\\/article\\\/nikol-pasinyan-meni-cox-adam-azerbaycan-terefdari-zenn-edir\\\/#primaryimage\"},\"thumbnailUrl\":\"https:\\\/\\\/www.meydan.tv\\\/wp-content\\\/uploads\\\/4333.png\",\"articleSection\":[\"Siyas\u0259t\",\"Video\"],\"inLanguage\":\"az\"},{\"@type\":\"WebPage\",\"@id\":\"https:\\\/\\\/www.meydan.tv\\\/az\\\/article\\\/nikol-pasinyan-meni-cox-adam-azerbaycan-terefdari-zenn-edir\\\/\",\"url\":\"https:\\\/\\\/www.meydan.tv\\\/az\\\/article\\\/nikol-pasinyan-meni-cox-adam-azerbaycan-terefdari-zenn-edir\\\/\",\"name\":\"Nikol Pa\u015finyan: M\u0259ni \u00e7ox adam Az\u0259rbaycan t\u0259r\u0259fdar\u0131 z\u0259nn edir - MEYDAN.TV\",\"isPartOf\":{\"@id\":\"https:\\\/\\\/www.meydan.tv\\\/az\\\/#website\"},\"primaryImageOfPage\":{\"@id\":\"https:\\\/\\\/www.meydan.tv\\\/az\\\/article\\\/nikol-pasinyan-meni-cox-adam-azerbaycan-terefdari-zenn-edir\\\/#primaryimage\"},\"image\":{\"@id\":\"https:\\\/\\\/www.meydan.tv\\\/az\\\/article\\\/nikol-pasinyan-meni-cox-adam-azerbaycan-terefdari-zenn-edir\\\/#primaryimage\"},\"thumbnailUrl\":\"https:\\\/\\\/www.meydan.tv\\\/wp-content\\\/uploads\\\/4333.png\",\"datePublished\":\"2023-03-03T18:20:07+00:00\",\"dateModified\":\"2023-03-03T18:20:09+00:00\",\"breadcrumb\":{\"@id\":\"https:\\\/\\\/www.meydan.tv\\\/az\\\/article\\\/nikol-pasinyan-meni-cox-adam-azerbaycan-terefdari-zenn-edir\\\/#breadcrumb\"},\"inLanguage\":\"az\",\"potentialAction\":[{\"@type\":\"ReadAction\",\"target\":[\"https:\\\/\\\/www.meydan.tv\\\/az\\\/article\\\/nikol-pasinyan-meni-cox-adam-azerbaycan-terefdari-zenn-edir\\\/\"]}]},{\"@type\":\"ImageObject\",\"inLanguage\":\"az\",\"@id\":\"https:\\\/\\\/www.meydan.tv\\\/az\\\/article\\\/nikol-pasinyan-meni-cox-adam-azerbaycan-terefdari-zenn-edir\\\/#primaryimage\",\"url\":\"https:\\\/\\\/www.meydan.tv\\\/wp-content\\\/uploads\\\/4333.png\",\"contentUrl\":\"https:\\\/\\\/www.meydan.tv\\\/wp-content\\\/uploads\\\/4333.png\",\"width\":1280,\"height\":720},{\"@type\":\"BreadcrumbList\",\"@id\":\"https:\\\/\\\/www.meydan.tv\\\/az\\\/article\\\/nikol-pasinyan-meni-cox-adam-azerbaycan-terefdari-zenn-edir\\\/#breadcrumb\",\"itemListElement\":[{\"@type\":\"ListItem\",\"position\":1,\"name\":\"Ana s\u0259hif\u0259\",\"item\":\"https:\\\/\\\/www.meydan.tv\\\/az\\\/\"},{\"@type\":\"ListItem\",\"position\":2,\"name\":\"Video\",\"item\":\"https:\\\/\\\/www.meydan.tv\\\/az\\\/section\\\/video-2\\\/\"},{\"@type\":\"ListItem\",\"position\":3,\"name\":\"Nikol Pa\u015finyan: M\u0259ni \u00e7ox adam Az\u0259rbaycan t\u0259r\u0259fdar\u0131 z\u0259nn edir\"}]},{\"@type\":\"WebSite\",\"@id\":\"https:\\\/\\\/www.meydan.tv\\\/az\\\/#website\",\"url\":\"https:\\\/\\\/www.meydan.tv\\\/az\\\/\",\"name\":\"MEYDAN.TV\",\"description\":\"Meydan TV Az\u0259rbaycan\u0131n media m\u0259kan\u0131ndak\u0131 alternativ s\u0259sidir\",\"publisher\":{\"@id\":\"https:\\\/\\\/www.meydan.tv\\\/az\\\/#organization\"},\"potentialAction\":[{\"@type\":\"SearchAction\",\"target\":{\"@type\":\"EntryPoint\",\"urlTemplate\":\"https:\\\/\\\/www.meydan.tv\\\/az\\\/?s={search_term_string}\"},\"query-input\":{\"@type\":\"PropertyValueSpecification\",\"valueRequired\":true,\"valueName\":\"search_term_string\"}}],\"inLanguage\":\"az\"},{\"@type\":\"Organization\",\"@id\":\"https:\\\/\\\/www.meydan.tv\\\/az\\\/#organization\",\"name\":\"Meydan TV\",\"url\":\"https:\\\/\\\/www.meydan.tv\\\/az\\\/\",\"logo\":{\"@type\":\"ImageObject\",\"inLanguage\":\"az\",\"@id\":\"https:\\\/\\\/www.meydan.tv\\\/az\\\/#\\\/schema\\\/logo\\\/image\\\/\",\"url\":\"https:\\\/\\\/www.meydan.tv\\\/wp-content\\\/uploads\\\/2021\\\/07\\\/meydan-logo.svg\",\"contentUrl\":\"https:\\\/\\\/www.meydan.tv\\\/wp-content\\\/uploads\\\/2021\\\/07\\\/meydan-logo.svg\",\"width\":195,\"height\":46,\"caption\":\"Meydan TV\"},\"image\":{\"@id\":\"https:\\\/\\\/www.meydan.tv\\\/az\\\/#\\\/schema\\\/logo\\\/image\\\/\"}},{\"@type\":\"Person\",\"@id\":\"https:\\\/\\\/www.meydan.tv\\\/az\\\/#\\\/schema\\\/person\\\/8f23e01c4de63326c13c319fb65ee65d\",\"name\":\"roma\"}]}<\/script>\n<!-- \/ Yoast SEO plugin. -->","yoast_head_json":{"title":"Nikol Pa\u015finyan: M\u0259ni \u00e7ox adam Az\u0259rbaycan t\u0259r\u0259fdar\u0131 z\u0259nn edir - MEYDAN.TV","robots":{"index":"index","follow":"follow","max-snippet":"max-snippet:-1","max-image-preview":"max-image-preview:large","max-video-preview":"max-video-preview:-1"},"canonical":"https:\/\/www.meydan.tv\/az\/article\/nikol-pasinyan-meni-cox-adam-azerbaycan-terefdari-zenn-edir\/","og_locale":"az_AZ","og_type":"article","og_title":"Nikol Pa\u015finyan: M\u0259ni \u00e7ox adam Az\u0259rbaycan t\u0259r\u0259fdar\u0131 z\u0259nn edir - MEYDAN.TV","og_url":"https:\/\/www.meydan.tv\/az\/article\/nikol-pasinyan-meni-cox-adam-azerbaycan-terefdari-zenn-edir\/","og_site_name":"MEYDAN.TV","article_published_time":"2023-03-03T18:20:07+00:00","article_modified_time":"2023-03-03T18:20:09+00:00","og_image":[{"width":1280,"height":720,"url":"https:\/\/www.meydan.tv\/wp-content\/uploads\/4333.png","type":"image\/png"}],"author":"roma","twitter_card":"summary_large_image","schema":{"@context":"https:\/\/schema.org","@graph":[{"@type":"Article","@id":"https:\/\/www.meydan.tv\/az\/article\/nikol-pasinyan-meni-cox-adam-azerbaycan-terefdari-zenn-edir\/#article","isPartOf":{"@id":"https:\/\/www.meydan.tv\/az\/article\/nikol-pasinyan-meni-cox-adam-azerbaycan-terefdari-zenn-edir\/"},"author":{"name":"roma","@id":"https:\/\/www.meydan.tv\/az\/#\/schema\/person\/8f23e01c4de63326c13c319fb65ee65d"},"headline":"Nikol Pa\u015finyan: M\u0259ni \u00e7ox adam Az\u0259rbaycan t\u0259r\u0259fdar\u0131 z\u0259nn edir","datePublished":"2023-03-03T18:20:07+00:00","dateModified":"2023-03-03T18:20:09+00:00","mainEntityOfPage":{"@id":"https:\/\/www.meydan.tv\/az\/article\/nikol-pasinyan-meni-cox-adam-azerbaycan-terefdari-zenn-edir\/"},"wordCount":866,"publisher":{"@id":"https:\/\/www.meydan.tv\/az\/#organization"},"image":{"@id":"https:\/\/www.meydan.tv\/az\/article\/nikol-pasinyan-meni-cox-adam-azerbaycan-terefdari-zenn-edir\/#primaryimage"},"thumbnailUrl":"https:\/\/www.meydan.tv\/wp-content\/uploads\/4333.png","articleSection":["Siyas\u0259t","Video"],"inLanguage":"az"},{"@type":"WebPage","@id":"https:\/\/www.meydan.tv\/az\/article\/nikol-pasinyan-meni-cox-adam-azerbaycan-terefdari-zenn-edir\/","url":"https:\/\/www.meydan.tv\/az\/article\/nikol-pasinyan-meni-cox-adam-azerbaycan-terefdari-zenn-edir\/","name":"Nikol Pa\u015finyan: M\u0259ni \u00e7ox adam Az\u0259rbaycan t\u0259r\u0259fdar\u0131 z\u0259nn edir - MEYDAN.TV","isPartOf":{"@id":"https:\/\/www.meydan.tv\/az\/#website"},"primaryImageOfPage":{"@id":"https:\/\/www.meydan.tv\/az\/article\/nikol-pasinyan-meni-cox-adam-azerbaycan-terefdari-zenn-edir\/#primaryimage"},"image":{"@id":"https:\/\/www.meydan.tv\/az\/article\/nikol-pasinyan-meni-cox-adam-azerbaycan-terefdari-zenn-edir\/#primaryimage"},"thumbnailUrl":"https:\/\/www.meydan.tv\/wp-content\/uploads\/4333.png","datePublished":"2023-03-03T18:20:07+00:00","dateModified":"2023-03-03T18:20:09+00:00","breadcrumb":{"@id":"https:\/\/www.meydan.tv\/az\/article\/nikol-pasinyan-meni-cox-adam-azerbaycan-terefdari-zenn-edir\/#breadcrumb"},"inLanguage":"az","potentialAction":[{"@type":"ReadAction","target":["https:\/\/www.meydan.tv\/az\/article\/nikol-pasinyan-meni-cox-adam-azerbaycan-terefdari-zenn-edir\/"]}]},{"@type":"ImageObject","inLanguage":"az","@id":"https:\/\/www.meydan.tv\/az\/article\/nikol-pasinyan-meni-cox-adam-azerbaycan-terefdari-zenn-edir\/#primaryimage","url":"https:\/\/www.meydan.tv\/wp-content\/uploads\/4333.png","contentUrl":"https:\/\/www.meydan.tv\/wp-content\/uploads\/4333.png","width":1280,"height":720},{"@type":"BreadcrumbList","@id":"https:\/\/www.meydan.tv\/az\/article\/nikol-pasinyan-meni-cox-adam-azerbaycan-terefdari-zenn-edir\/#breadcrumb","itemListElement":[{"@type":"ListItem","position":1,"name":"Ana s\u0259hif\u0259","item":"https:\/\/www.meydan.tv\/az\/"},{"@type":"ListItem","position":2,"name":"Video","item":"https:\/\/www.meydan.tv\/az\/section\/video-2\/"},{"@type":"ListItem","position":3,"name":"Nikol Pa\u015finyan: M\u0259ni \u00e7ox adam Az\u0259rbaycan t\u0259r\u0259fdar\u0131 z\u0259nn edir"}]},{"@type":"WebSite","@id":"https:\/\/www.meydan.tv\/az\/#website","url":"https:\/\/www.meydan.tv\/az\/","name":"MEYDAN.TV","description":"Meydan TV Az\u0259rbaycan\u0131n media m\u0259kan\u0131ndak\u0131 alternativ s\u0259sidir","publisher":{"@id":"https:\/\/www.meydan.tv\/az\/#organization"},"potentialAction":[{"@type":"SearchAction","target":{"@type":"EntryPoint","urlTemplate":"https:\/\/www.meydan.tv\/az\/?s={search_term_string}"},"query-input":{"@type":"PropertyValueSpecification","valueRequired":true,"valueName":"search_term_string"}}],"inLanguage":"az"},{"@type":"Organization","@id":"https:\/\/www.meydan.tv\/az\/#organization","name":"Meydan TV","url":"https:\/\/www.meydan.tv\/az\/","logo":{"@type":"ImageObject","inLanguage":"az","@id":"https:\/\/www.meydan.tv\/az\/#\/schema\/logo\/image\/","url":"https:\/\/www.meydan.tv\/wp-content\/uploads\/2021\/07\/meydan-logo.svg","contentUrl":"https:\/\/www.meydan.tv\/wp-content\/uploads\/2021\/07\/meydan-logo.svg","width":195,"height":46,"caption":"Meydan TV"},"image":{"@id":"https:\/\/www.meydan.tv\/az\/#\/schema\/logo\/image\/"}},{"@type":"Person","@id":"https:\/\/www.meydan.tv\/az\/#\/schema\/person\/8f23e01c4de63326c13c319fb65ee65d","name":"roma"}]}},"_links":{"self":[{"href":"https:\/\/www.meydan.tv\/az\/wp-json\/wp\/v2\/posts\/269977","targetHints":{"allow":["GET"]}}],"collection":[{"href":"https:\/\/www.meydan.tv\/az\/wp-json\/wp\/v2\/posts"}],"about":[{"href":"https:\/\/www.meydan.tv\/az\/wp-json\/wp\/v2\/types\/post"}],"author":[{"embeddable":true,"href":"https:\/\/www.meydan.tv\/az\/wp-json\/wp\/v2\/users\/14"}],"replies":[{"embeddable":true,"href":"https:\/\/www.meydan.tv\/az\/wp-json\/wp\/v2\/comments?post=269977"}],"version-history":[{"count":1,"href":"https:\/\/www.meydan.tv\/az\/wp-json\/wp\/v2\/posts\/269977\/revisions"}],"predecessor-version":[{"id":269981,"href":"https:\/\/www.meydan.tv\/az\/wp-json\/wp\/v2\/posts\/269977\/revisions\/269981"}],"wp:featuredmedia":[{"embeddable":true,"href":"https:\/\/www.meydan.tv\/az\/wp-json\/wp\/v2\/media\/269978"}],"wp:attachment":[{"href":"https:\/\/www.meydan.tv\/az\/wp-json\/wp\/v2\/media?parent=269977"}],"wp:term":[{"taxonomy":"category","embeddable":true,"href":"https:\/\/www.meydan.tv\/az\/wp-json\/wp\/v2\/categories?post=269977"},{"taxonomy":"post_tag","embeddable":true,"href":"https:\/\/www.meydan.tv\/az\/wp-json\/wp\/v2\/tags?post=269977"}],"curies":[{"name":"wp","href":"https:\/\/api.w.org\/{rel}","templated":true}]}}