{"id":269925,"date":"2023-03-03T13:37:39","date_gmt":"2023-03-03T09:37:39","guid":{"rendered":"https:\/\/www.meydan.tv\/?p=269925"},"modified":"2023-03-03T13:37:44","modified_gmt":"2023-03-03T09:37:44","slug":"abs-azerbaycanin-qarabag-ermenileri-ile-danisiqlarini-destekleyib","status":"publish","type":"post","link":"https:\/\/www.meydan.tv\/az\/article\/abs-azerbaycanin-qarabag-ermenileri-ile-danisiqlarini-destekleyib\/","title":{"rendered":"<strong>AB\u015e Az\u0259rbaycan\u0131n Qaraba\u011f erm\u0259nil\u0259ri il\u0259 dan\u0131\u015f\u0131qlar\u0131n\u0131 d\u0259st\u0259kl\u0259yib<\/strong>"},"content":{"rendered":"\n<p><em>D\u00f6vl\u0259t Departamenti bu dan\u0131\u015f\u0131qlar\u0131 s\u00fclh \u00fc\u00e7\u00fcn \u0259h\u0259miyy\u0259tli say\u0131r<\/em><\/p>\n\n\n\n<p>AB\u015e Az\u0259rbaycan n\u00fcmay\u0259nd\u0259l\u0259ri il\u0259 Qaraba\u011f erm\u0259nil\u0259ri aras\u0131nda ba\u015f tutan dan\u0131\u015f\u0131qlar\u0131 alq\u0131\u015flay\u0131b.<\/p>\n\n\n\n<p>&#8220;Turan&#8221;\u0131n Va\u015finqtondak\u0131 m\u00fcxbiri AB\u015e D\u00f6vl\u0259t Departamentinin n\u00fcmay\u0259nd\u0259sin\u0259 istinad\u0259n <a href=\"https:\/\/www.turan.az\/ext\/news\/2023\/3\/free\/politics_news\/az\/2201.htm\">x\u0259b\u0259r verib.<\/a><\/p>\n\n\n\n<p>&#8220;<em>Az\u0259rbaycan h\u00f6kum\u0259ti v\u0259 Da\u011fl\u0131q Qaraba\u011f \u0259halisinin n\u00fcmay\u0259nd\u0259l\u0259ri aras\u0131nda qar\u015f\u0131l\u0131ql\u0131 \u0259laq\u0259l\u0259ri alq\u0131\u015flay\u0131r\u0131q<\/em>&#8220;, &#8211; D\u00f6vl\u0259t Departamentin r\u0259smisi bildirib.<\/p>\n\n\n\n<p>Onun s\u00f6zl\u0259rin\u0259, bu dan\u0131\u015f\u0131qlar s\u00fclh\u0259 \u0259h\u0259miyy\u0259tli t\u0259sir ed\u0259c\u0259k: <\/p>\n\n\n\n<p>&#8220;<em>\u00dcmid edirik ki, b\u00fct\u00fcn t\u0259r\u0259fl\u0259r bundan sonra da m\u0259hsuldar \u0259laq\u0259l\u0259ri davam etdir\u0259 bil\u0259c\u0259kl\u0259r. Da\u011fl\u0131q Qaraba\u011f \u0259halisinin h\u00fcquqlar\u0131n\u0131n v\u0259 t\u0259hl\u00fck\u0259sizliyinin t\u0259min edilm\u0259si C\u0259nubi Qafqazda m\u00f6hk\u0259m s\u00fclh\u0259 nail olmaq \u00fc\u00e7\u00fcn h\u0259lledici \u0259h\u0259miyy\u0259t k\u0259sb edir<\/em>&#8220;.<\/p>\n\n\n\n<p>Mart\u0131n 1-d\u0259 Xocal\u0131da Az\u0259rbaycan h\u00f6kum\u0259tinin n\u00fcmay\u0259nd\u0259l\u0259ri v\u0259 Qaraba\u011f erm\u0259nil\u0259ri aras\u0131nda g\u00f6r\u00fc\u015f ke\u00e7irilib.<\/p>\n\n\n\n<p>R\u0259smi Bak\u0131n\u0131n m\u0259lumat\u0131na g\u00f6r\u0259, dig\u0259r m\u0259s\u0259l\u0259l\u0259rl\u0259 yana\u015f\u0131, erm\u0259nil\u0259rin Az\u0259rbaycan c\u0259miyy\u0259tin\u0259 reinteqrasiyas\u0131 m\u0259s\u0259l\u0259l\u0259ri m\u00fczakir\u0259 olunub.<\/p>\n\n\n\n<p><strong>Tarix\u00e7\u0259<\/strong><\/p>\n\n\n\n<p>2020-ci ilin sentyabr\u0131nda Az\u0259rbaycan v\u0259 Erm\u0259nistan silahl\u0131 q\u00fcvv\u0259l\u0259ri aras\u0131nda qar\u015f\u0131durma ba\u015flay\u0131b.<\/p>\n\n\n\n<p>\u00dcmumilikd\u0259 44 g\u00fcn s\u00fcr\u0259n v\u0259 \u0130kinci Qaraba\u011f m\u00fcharib\u0259si adland\u0131r\u0131lan m\u00fcnaqi\u015f\u0259d\u0259 h\u0259r iki t\u0259r\u0259fd\u0259n 6 mind\u0259n art\u0131q h\u0259rb\u00e7i h\u0259lak olub.<\/p>\n\n\n\n<p>Az\u0259rbaycan Da\u011fl\u0131q Qaraba\u011f b\u00f6lg\u0259sinin bir hiss\u0259sin\u0259 v\u0259 \u0259traf 7 rayona n\u0259zar\u0259ti b\u0259rpa edib.<\/p>\n\n\n\n<p>H\u0259min ilin 10 noyabr b\u0259yanat\u0131na (Az\u0259rbaycan, Erm\u0259nistan v\u0259 Rusiya aras\u0131nda imzalan\u0131b) \u0259sas\u0259n, d\u00f6y\u00fc\u015fl\u0259r dayand\u0131r\u0131l\u0131b.<\/p>\n\n\n\n<p>Bundan sonra La\u00e7\u0131n d\u0259hlizind\u0259 v\u0259 Qaraba\u011fda Rusiya s\u00fclhm\u0259raml\u0131lar\u0131 yerl\u0259\u015fdirilib.<\/p>\n\n\n\n<p>\u0130kinci Qaraba\u011f m\u00fcharib\u0259sind\u0259n \u00f6nc\u0259, 1994-c\u00fc ild\u0259 ger\u00e7\u0259kl\u0259\u015f\u0259n at\u0259\u015fk\u0259s raz\u0131la\u015fmas\u0131na q\u0259d\u0259r Az\u0259rbaycan\u0131n Da\u011fl\u0131q Qaraba\u011f b\u00f6lg\u0259si v\u0259 ona biti\u015fik 7 rayonu i\u015f\u011fal edilib.<\/p>\n\n\n\n<p>M\u00fcnaqi\u015f\u0259 SSR\u0130 d\u00f6n\u0259mind\u0259n Erm\u0259nistan\u0131n Az\u0259rbaycana qar\u015f\u0131 \u0259razi iddialar\u0131 il\u0259 ba\u015flay\u0131b.<\/p>\n","protected":false},"excerpt":{"rendered":"<p>D\u00f6vl\u0259t Departamenti bu dan\u0131\u015f\u0131qlar\u0131 s\u00fclh \u00fc\u00e7\u00fcn \u0259h\u0259miyy\u0259tli say\u0131r AB\u015e Az\u0259rbaycan &#8230; <\/p>\n<p class=\"read-more-container\"><a title=\"AB\u015e Az\u0259rbaycan\u0131n Qaraba\u011f erm\u0259nil\u0259ri il\u0259 dan\u0131\u015f\u0131qlar\u0131n\u0131 d\u0259st\u0259kl\u0259yib\" class=\"read-more button\" href=\"https:\/\/www.meydan.tv\/az\/article\/abs-azerbaycanin-qarabag-ermenileri-ile-danisiqlarini-destekleyib\/#more-269925\" aria-label=\"Read more about AB\u015e Az\u0259rbaycan\u0131n Qaraba\u011f erm\u0259nil\u0259ri il\u0259 dan\u0131\u015f\u0131qlar\u0131n\u0131 d\u0259st\u0259kl\u0259yib\">Davam\u0131<\/a><\/p>\n","protected":false},"author":18,"featured_media":97918,"comment_status":"closed","ping_status":"closed","sticky":false,"template":"","format":"standard","meta":{"_acf_changed":false,"_sitemap_exclude":false,"_sitemap_priority":"","_sitemap_frequency":"","footnotes":""},"categories":[64,79,56],"tags":[],"class_list":["post-269925","post","type-post","status-publish","format-standard","has-post-thumbnail","hentry","category-dunya","category-featured","category-xeberler","infinite-scroll-item","generate-columns","tablet-grid-50","mobile-grid-100","grid-parent","grid-33","no-featured-image-padding"],"acf":[],"yoast_head":"<!-- This site is optimized with the Yoast SEO plugin v27.4 - https:\/\/yoast.com\/product\/yoast-seo-wordpress\/ -->\n<title>AB\u015e Az\u0259rbaycan\u0131n Qaraba\u011f erm\u0259nil\u0259ri il\u0259 dan\u0131\u015f\u0131qlar\u0131n\u0131 d\u0259st\u0259kl\u0259yib - MEYDAN.TV<\/title>\n<meta name=\"robots\" content=\"index, follow, max-snippet:-1, max-image-preview:large, max-video-preview:-1\" \/>\n<link rel=\"canonical\" href=\"https:\/\/www.meydan.tv\/az\/article\/abs-azerbaycanin-qarabag-ermenileri-ile-danisiqlarini-destekleyib\/\" \/>\n<meta property=\"og:locale\" content=\"az_AZ\" \/>\n<meta property=\"og:type\" content=\"article\" \/>\n<meta property=\"og:title\" content=\"AB\u015e Az\u0259rbaycan\u0131n Qaraba\u011f erm\u0259nil\u0259ri il\u0259 dan\u0131\u015f\u0131qlar\u0131n\u0131 d\u0259st\u0259kl\u0259yib - MEYDAN.TV\" \/>\n<meta property=\"og:description\" content=\"D\u00f6vl\u0259t Departamenti bu dan\u0131\u015f\u0131qlar\u0131 s\u00fclh \u00fc\u00e7\u00fcn \u0259h\u0259miyy\u0259tli say\u0131r AB\u015e Az\u0259rbaycan ... Davam\u0131\" \/>\n<meta property=\"og:url\" content=\"https:\/\/www.meydan.tv\/az\/article\/abs-azerbaycanin-qarabag-ermenileri-ile-danisiqlarini-destekleyib\/\" \/>\n<meta property=\"og:site_name\" content=\"MEYDAN.TV\" \/>\n<meta property=\"article:published_time\" content=\"2023-03-03T09:37:39+00:00\" \/>\n<meta property=\"article:modified_time\" content=\"2023-03-03T09:37:44+00:00\" \/>\n<meta property=\"og:image\" content=\"https:\/\/www.meydan.tv\/wp-content\/uploads\/38700.jpg\" \/>\n\t<meta property=\"og:image:width\" content=\"630\" \/>\n\t<meta property=\"og:image:height\" content=\"354\" \/>\n\t<meta property=\"og:image:type\" content=\"image\/jpeg\" \/>\n<meta name=\"author\" content=\"miron\" \/>\n<meta name=\"twitter:card\" content=\"summary_large_image\" \/>\n<script type=\"application\/ld+json\" class=\"yoast-schema-graph\">{\"@context\":\"https:\\\/\\\/schema.org\",\"@graph\":[{\"@type\":\"Article\",\"@id\":\"https:\\\/\\\/www.meydan.tv\\\/az\\\/article\\\/abs-azerbaycanin-qarabag-ermenileri-ile-danisiqlarini-destekleyib\\\/#article\",\"isPartOf\":{\"@id\":\"https:\\\/\\\/www.meydan.tv\\\/az\\\/article\\\/abs-azerbaycanin-qarabag-ermenileri-ile-danisiqlarini-destekleyib\\\/\"},\"author\":{\"name\":\"miron\",\"@id\":\"https:\\\/\\\/www.meydan.tv\\\/az\\\/#\\\/schema\\\/person\\\/981b0b284aeaa9ad0cbf814cd4a9d67c\"},\"headline\":\"AB\u015e Az\u0259rbaycan\u0131n Qaraba\u011f erm\u0259nil\u0259ri il\u0259 dan\u0131\u015f\u0131qlar\u0131n\u0131 d\u0259st\u0259kl\u0259yib\",\"datePublished\":\"2023-03-03T09:37:39+00:00\",\"dateModified\":\"2023-03-03T09:37:44+00:00\",\"mainEntityOfPage\":{\"@id\":\"https:\\\/\\\/www.meydan.tv\\\/az\\\/article\\\/abs-azerbaycanin-qarabag-ermenileri-ile-danisiqlarini-destekleyib\\\/\"},\"wordCount\":429,\"publisher\":{\"@id\":\"https:\\\/\\\/www.meydan.tv\\\/az\\\/#organization\"},\"image\":{\"@id\":\"https:\\\/\\\/www.meydan.tv\\\/az\\\/article\\\/abs-azerbaycanin-qarabag-ermenileri-ile-danisiqlarini-destekleyib\\\/#primaryimage\"},\"thumbnailUrl\":\"https:\\\/\\\/www.meydan.tv\\\/wp-content\\\/uploads\\\/38700.jpg\",\"articleSection\":[\"D\u00fcnya\",\"T\u00f6vsiy\u0259\",\"X\u0259b\u0259rl\u0259r\"],\"inLanguage\":\"az\"},{\"@type\":\"WebPage\",\"@id\":\"https:\\\/\\\/www.meydan.tv\\\/az\\\/article\\\/abs-azerbaycanin-qarabag-ermenileri-ile-danisiqlarini-destekleyib\\\/\",\"url\":\"https:\\\/\\\/www.meydan.tv\\\/az\\\/article\\\/abs-azerbaycanin-qarabag-ermenileri-ile-danisiqlarini-destekleyib\\\/\",\"name\":\"AB\u015e Az\u0259rbaycan\u0131n Qaraba\u011f erm\u0259nil\u0259ri il\u0259 dan\u0131\u015f\u0131qlar\u0131n\u0131 d\u0259st\u0259kl\u0259yib - MEYDAN.TV\",\"isPartOf\":{\"@id\":\"https:\\\/\\\/www.meydan.tv\\\/az\\\/#website\"},\"primaryImageOfPage\":{\"@id\":\"https:\\\/\\\/www.meydan.tv\\\/az\\\/article\\\/abs-azerbaycanin-qarabag-ermenileri-ile-danisiqlarini-destekleyib\\\/#primaryimage\"},\"image\":{\"@id\":\"https:\\\/\\\/www.meydan.tv\\\/az\\\/article\\\/abs-azerbaycanin-qarabag-ermenileri-ile-danisiqlarini-destekleyib\\\/#primaryimage\"},\"thumbnailUrl\":\"https:\\\/\\\/www.meydan.tv\\\/wp-content\\\/uploads\\\/38700.jpg\",\"datePublished\":\"2023-03-03T09:37:39+00:00\",\"dateModified\":\"2023-03-03T09:37:44+00:00\",\"breadcrumb\":{\"@id\":\"https:\\\/\\\/www.meydan.tv\\\/az\\\/article\\\/abs-azerbaycanin-qarabag-ermenileri-ile-danisiqlarini-destekleyib\\\/#breadcrumb\"},\"inLanguage\":\"az\",\"potentialAction\":[{\"@type\":\"ReadAction\",\"target\":[\"https:\\\/\\\/www.meydan.tv\\\/az\\\/article\\\/abs-azerbaycanin-qarabag-ermenileri-ile-danisiqlarini-destekleyib\\\/\"]}]},{\"@type\":\"ImageObject\",\"inLanguage\":\"az\",\"@id\":\"https:\\\/\\\/www.meydan.tv\\\/az\\\/article\\\/abs-azerbaycanin-qarabag-ermenileri-ile-danisiqlarini-destekleyib\\\/#primaryimage\",\"url\":\"https:\\\/\\\/www.meydan.tv\\\/wp-content\\\/uploads\\\/38700.jpg\",\"contentUrl\":\"https:\\\/\\\/www.meydan.tv\\\/wp-content\\\/uploads\\\/38700.jpg\",\"width\":630,\"height\":354,\"caption\":\"AB\u015e D\u00f6vl\u0259t Departamenti\"},{\"@type\":\"BreadcrumbList\",\"@id\":\"https:\\\/\\\/www.meydan.tv\\\/az\\\/article\\\/abs-azerbaycanin-qarabag-ermenileri-ile-danisiqlarini-destekleyib\\\/#breadcrumb\",\"itemListElement\":[{\"@type\":\"ListItem\",\"position\":1,\"name\":\"Ana s\u0259hif\u0259\",\"item\":\"https:\\\/\\\/www.meydan.tv\\\/az\\\/\"},{\"@type\":\"ListItem\",\"position\":2,\"name\":\"X\u0259b\u0259rl\u0259r\",\"item\":\"https:\\\/\\\/www.meydan.tv\\\/az\\\/section\\\/xeberler\\\/\"},{\"@type\":\"ListItem\",\"position\":3,\"name\":\"AB\u015e Az\u0259rbaycan\u0131n Qaraba\u011f erm\u0259nil\u0259ri il\u0259 dan\u0131\u015f\u0131qlar\u0131n\u0131 d\u0259st\u0259kl\u0259yib\"}]},{\"@type\":\"WebSite\",\"@id\":\"https:\\\/\\\/www.meydan.tv\\\/az\\\/#website\",\"url\":\"https:\\\/\\\/www.meydan.tv\\\/az\\\/\",\"name\":\"MEYDAN.TV\",\"description\":\"Meydan TV Az\u0259rbaycan\u0131n media m\u0259kan\u0131ndak\u0131 alternativ s\u0259sidir\",\"publisher\":{\"@id\":\"https:\\\/\\\/www.meydan.tv\\\/az\\\/#organization\"},\"potentialAction\":[{\"@type\":\"SearchAction\",\"target\":{\"@type\":\"EntryPoint\",\"urlTemplate\":\"https:\\\/\\\/www.meydan.tv\\\/az\\\/?s={search_term_string}\"},\"query-input\":{\"@type\":\"PropertyValueSpecification\",\"valueRequired\":true,\"valueName\":\"search_term_string\"}}],\"inLanguage\":\"az\"},{\"@type\":\"Organization\",\"@id\":\"https:\\\/\\\/www.meydan.tv\\\/az\\\/#organization\",\"name\":\"Meydan TV\",\"url\":\"https:\\\/\\\/www.meydan.tv\\\/az\\\/\",\"logo\":{\"@type\":\"ImageObject\",\"inLanguage\":\"az\",\"@id\":\"https:\\\/\\\/www.meydan.tv\\\/az\\\/#\\\/schema\\\/logo\\\/image\\\/\",\"url\":\"https:\\\/\\\/www.meydan.tv\\\/wp-content\\\/uploads\\\/2021\\\/07\\\/meydan-logo.svg\",\"contentUrl\":\"https:\\\/\\\/www.meydan.tv\\\/wp-content\\\/uploads\\\/2021\\\/07\\\/meydan-logo.svg\",\"width\":195,\"height\":46,\"caption\":\"Meydan TV\"},\"image\":{\"@id\":\"https:\\\/\\\/www.meydan.tv\\\/az\\\/#\\\/schema\\\/logo\\\/image\\\/\"}},{\"@type\":\"Person\",\"@id\":\"https:\\\/\\\/www.meydan.tv\\\/az\\\/#\\\/schema\\\/person\\\/981b0b284aeaa9ad0cbf814cd4a9d67c\",\"name\":\"miron\"}]}<\/script>\n<!-- \/ Yoast SEO plugin. -->","yoast_head_json":{"title":"AB\u015e Az\u0259rbaycan\u0131n Qaraba\u011f erm\u0259nil\u0259ri il\u0259 dan\u0131\u015f\u0131qlar\u0131n\u0131 d\u0259st\u0259kl\u0259yib - MEYDAN.TV","robots":{"index":"index","follow":"follow","max-snippet":"max-snippet:-1","max-image-preview":"max-image-preview:large","max-video-preview":"max-video-preview:-1"},"canonical":"https:\/\/www.meydan.tv\/az\/article\/abs-azerbaycanin-qarabag-ermenileri-ile-danisiqlarini-destekleyib\/","og_locale":"az_AZ","og_type":"article","og_title":"AB\u015e Az\u0259rbaycan\u0131n Qaraba\u011f erm\u0259nil\u0259ri il\u0259 dan\u0131\u015f\u0131qlar\u0131n\u0131 d\u0259st\u0259kl\u0259yib - MEYDAN.TV","og_description":"D\u00f6vl\u0259t Departamenti bu dan\u0131\u015f\u0131qlar\u0131 s\u00fclh \u00fc\u00e7\u00fcn \u0259h\u0259miyy\u0259tli say\u0131r AB\u015e Az\u0259rbaycan ... Davam\u0131","og_url":"https:\/\/www.meydan.tv\/az\/article\/abs-azerbaycanin-qarabag-ermenileri-ile-danisiqlarini-destekleyib\/","og_site_name":"MEYDAN.TV","article_published_time":"2023-03-03T09:37:39+00:00","article_modified_time":"2023-03-03T09:37:44+00:00","og_image":[{"width":630,"height":354,"url":"https:\/\/www.meydan.tv\/wp-content\/uploads\/38700.jpg","type":"image\/jpeg"}],"author":"miron","twitter_card":"summary_large_image","schema":{"@context":"https:\/\/schema.org","@graph":[{"@type":"Article","@id":"https:\/\/www.meydan.tv\/az\/article\/abs-azerbaycanin-qarabag-ermenileri-ile-danisiqlarini-destekleyib\/#article","isPartOf":{"@id":"https:\/\/www.meydan.tv\/az\/article\/abs-azerbaycanin-qarabag-ermenileri-ile-danisiqlarini-destekleyib\/"},"author":{"name":"miron","@id":"https:\/\/www.meydan.tv\/az\/#\/schema\/person\/981b0b284aeaa9ad0cbf814cd4a9d67c"},"headline":"AB\u015e Az\u0259rbaycan\u0131n Qaraba\u011f erm\u0259nil\u0259ri il\u0259 dan\u0131\u015f\u0131qlar\u0131n\u0131 d\u0259st\u0259kl\u0259yib","datePublished":"2023-03-03T09:37:39+00:00","dateModified":"2023-03-03T09:37:44+00:00","mainEntityOfPage":{"@id":"https:\/\/www.meydan.tv\/az\/article\/abs-azerbaycanin-qarabag-ermenileri-ile-danisiqlarini-destekleyib\/"},"wordCount":429,"publisher":{"@id":"https:\/\/www.meydan.tv\/az\/#organization"},"image":{"@id":"https:\/\/www.meydan.tv\/az\/article\/abs-azerbaycanin-qarabag-ermenileri-ile-danisiqlarini-destekleyib\/#primaryimage"},"thumbnailUrl":"https:\/\/www.meydan.tv\/wp-content\/uploads\/38700.jpg","articleSection":["D\u00fcnya","T\u00f6vsiy\u0259","X\u0259b\u0259rl\u0259r"],"inLanguage":"az"},{"@type":"WebPage","@id":"https:\/\/www.meydan.tv\/az\/article\/abs-azerbaycanin-qarabag-ermenileri-ile-danisiqlarini-destekleyib\/","url":"https:\/\/www.meydan.tv\/az\/article\/abs-azerbaycanin-qarabag-ermenileri-ile-danisiqlarini-destekleyib\/","name":"AB\u015e Az\u0259rbaycan\u0131n Qaraba\u011f erm\u0259nil\u0259ri il\u0259 dan\u0131\u015f\u0131qlar\u0131n\u0131 d\u0259st\u0259kl\u0259yib - MEYDAN.TV","isPartOf":{"@id":"https:\/\/www.meydan.tv\/az\/#website"},"primaryImageOfPage":{"@id":"https:\/\/www.meydan.tv\/az\/article\/abs-azerbaycanin-qarabag-ermenileri-ile-danisiqlarini-destekleyib\/#primaryimage"},"image":{"@id":"https:\/\/www.meydan.tv\/az\/article\/abs-azerbaycanin-qarabag-ermenileri-ile-danisiqlarini-destekleyib\/#primaryimage"},"thumbnailUrl":"https:\/\/www.meydan.tv\/wp-content\/uploads\/38700.jpg","datePublished":"2023-03-03T09:37:39+00:00","dateModified":"2023-03-03T09:37:44+00:00","breadcrumb":{"@id":"https:\/\/www.meydan.tv\/az\/article\/abs-azerbaycanin-qarabag-ermenileri-ile-danisiqlarini-destekleyib\/#breadcrumb"},"inLanguage":"az","potentialAction":[{"@type":"ReadAction","target":["https:\/\/www.meydan.tv\/az\/article\/abs-azerbaycanin-qarabag-ermenileri-ile-danisiqlarini-destekleyib\/"]}]},{"@type":"ImageObject","inLanguage":"az","@id":"https:\/\/www.meydan.tv\/az\/article\/abs-azerbaycanin-qarabag-ermenileri-ile-danisiqlarini-destekleyib\/#primaryimage","url":"https:\/\/www.meydan.tv\/wp-content\/uploads\/38700.jpg","contentUrl":"https:\/\/www.meydan.tv\/wp-content\/uploads\/38700.jpg","width":630,"height":354,"caption":"AB\u015e D\u00f6vl\u0259t Departamenti"},{"@type":"BreadcrumbList","@id":"https:\/\/www.meydan.tv\/az\/article\/abs-azerbaycanin-qarabag-ermenileri-ile-danisiqlarini-destekleyib\/#breadcrumb","itemListElement":[{"@type":"ListItem","position":1,"name":"Ana s\u0259hif\u0259","item":"https:\/\/www.meydan.tv\/az\/"},{"@type":"ListItem","position":2,"name":"X\u0259b\u0259rl\u0259r","item":"https:\/\/www.meydan.tv\/az\/section\/xeberler\/"},{"@type":"ListItem","position":3,"name":"AB\u015e Az\u0259rbaycan\u0131n Qaraba\u011f erm\u0259nil\u0259ri il\u0259 dan\u0131\u015f\u0131qlar\u0131n\u0131 d\u0259st\u0259kl\u0259yib"}]},{"@type":"WebSite","@id":"https:\/\/www.meydan.tv\/az\/#website","url":"https:\/\/www.meydan.tv\/az\/","name":"MEYDAN.TV","description":"Meydan TV Az\u0259rbaycan\u0131n media m\u0259kan\u0131ndak\u0131 alternativ s\u0259sidir","publisher":{"@id":"https:\/\/www.meydan.tv\/az\/#organization"},"potentialAction":[{"@type":"SearchAction","target":{"@type":"EntryPoint","urlTemplate":"https:\/\/www.meydan.tv\/az\/?s={search_term_string}"},"query-input":{"@type":"PropertyValueSpecification","valueRequired":true,"valueName":"search_term_string"}}],"inLanguage":"az"},{"@type":"Organization","@id":"https:\/\/www.meydan.tv\/az\/#organization","name":"Meydan TV","url":"https:\/\/www.meydan.tv\/az\/","logo":{"@type":"ImageObject","inLanguage":"az","@id":"https:\/\/www.meydan.tv\/az\/#\/schema\/logo\/image\/","url":"https:\/\/www.meydan.tv\/wp-content\/uploads\/2021\/07\/meydan-logo.svg","contentUrl":"https:\/\/www.meydan.tv\/wp-content\/uploads\/2021\/07\/meydan-logo.svg","width":195,"height":46,"caption":"Meydan TV"},"image":{"@id":"https:\/\/www.meydan.tv\/az\/#\/schema\/logo\/image\/"}},{"@type":"Person","@id":"https:\/\/www.meydan.tv\/az\/#\/schema\/person\/981b0b284aeaa9ad0cbf814cd4a9d67c","name":"miron"}]}},"_links":{"self":[{"href":"https:\/\/www.meydan.tv\/az\/wp-json\/wp\/v2\/posts\/269925","targetHints":{"allow":["GET"]}}],"collection":[{"href":"https:\/\/www.meydan.tv\/az\/wp-json\/wp\/v2\/posts"}],"about":[{"href":"https:\/\/www.meydan.tv\/az\/wp-json\/wp\/v2\/types\/post"}],"author":[{"embeddable":true,"href":"https:\/\/www.meydan.tv\/az\/wp-json\/wp\/v2\/users\/18"}],"replies":[{"embeddable":true,"href":"https:\/\/www.meydan.tv\/az\/wp-json\/wp\/v2\/comments?post=269925"}],"version-history":[{"count":2,"href":"https:\/\/www.meydan.tv\/az\/wp-json\/wp\/v2\/posts\/269925\/revisions"}],"predecessor-version":[{"id":269935,"href":"https:\/\/www.meydan.tv\/az\/wp-json\/wp\/v2\/posts\/269925\/revisions\/269935"}],"wp:featuredmedia":[{"embeddable":true,"href":"https:\/\/www.meydan.tv\/az\/wp-json\/wp\/v2\/media\/97918"}],"wp:attachment":[{"href":"https:\/\/www.meydan.tv\/az\/wp-json\/wp\/v2\/media?parent=269925"}],"wp:term":[{"taxonomy":"category","embeddable":true,"href":"https:\/\/www.meydan.tv\/az\/wp-json\/wp\/v2\/categories?post=269925"},{"taxonomy":"post_tag","embeddable":true,"href":"https:\/\/www.meydan.tv\/az\/wp-json\/wp\/v2\/tags?post=269925"}],"curies":[{"name":"wp","href":"https:\/\/api.w.org\/{rel}","templated":true}]}}