{"id":269840,"date":"2023-03-02T20:17:46","date_gmt":"2023-03-02T16:17:46","guid":{"rendered":"https:\/\/www.meydan.tv\/?p=269840"},"modified":"2023-03-02T20:17:49","modified_gmt":"2023-03-02T16:17:49","slug":"lenkeran-seher-icra-hakimiyyetinin-sobe-mudiri-mehkeme-qarsisina-cixarilir","status":"publish","type":"post","link":"https:\/\/www.meydan.tv\/az\/article\/lenkeran-seher-icra-hakimiyyetinin-sobe-mudiri-mehkeme-qarsisina-cixarilir\/","title":{"rendered":"L\u0259nk\u0259ran \u015e\u0259h\u0259r \u0130cra Hakimiyy\u0259tinin \u015f\u00f6b\u0259 m\u00fcdiri m\u0259hk\u0259m\u0259 qar\u015f\u0131s\u0131na \u00e7\u0131xar\u0131l\u0131r"},"content":{"rendered":"\n<p><em>\u00a0Elg\u00fcn Abdullayevin i\u015fi \u00fczr\u0259 istintaq yekunla\u015f\u0131b<\/em><\/p>\n\n\n\n<p>L\u0259nk\u0259ran rayon \u0130cra Hakimiyy\u0259tinin Memarl\u0131q v\u0259 Tikinti \u015f\u00f6b\u0259sinin m\u00fcdiri Elg\u00fcn Abdullayev yax\u0131n g\u00fcnl\u0259rd\u0259 m\u0259hk\u0259m\u0259 qar\u015f\u0131s\u0131na \u00e7\u0131xar\u0131lacaq. Oktyabr\u0131n 4-d\u0259 Korrupsiyaya Qar\u015f\u0131 M\u00fcbariz\u0259 \u0130dar\u0259sinin \u0259m\u0259kda\u015flar\u0131n\u0131n L\u0259nk\u0259ran \u015e\u0259h\u0259r \u0130cra Hakimiyy\u0259tind\u0259 ke\u00e7irdiyi \u0259m\u0259liyyat zaman\u0131 saxlan\u0131lan Elg\u00fcn Abdullayevin i\u015fi \u00fczr\u0259 istintaq yekunla\u015f\u0131b. Bu bar\u0259d\u0259 Meydan TV-y\u0259 Ba\u015f Prokurorlu\u011fun m\u0259tbuat xidm\u0259tind\u0259n m\u0259lumat verilib.<\/p>\n\n\n\n<p>Elg\u00fcn Abdullayev\u0259 Cinay\u0259t M\u0259c\u0259ll\u0259sinin 311.3.2 v\u0259 311.3.3-c\u00fc (k\u00fclli miqdarda t\u0259krar r\u00fc\u015fv\u0259t alma) madd\u0259l\u0259ril\u0259 ittiham verilib. Bu madd\u0259l\u0259rd\u0259 12 il\u0259 q\u0259d\u0259r azadl\u0131qdan m\u0259hrumetm\u0259 c\u0259zas\u0131 n\u0259z\u0259rd\u0259 tutulub.<\/p>\n\n\n\n<p>Cinay\u0259t i\u015finin materiallar\u0131nda iddia olunur ki, sabiq \u015f\u00f6b\u0259 m\u00fcdiri L\u0259nk\u0259randa f\u0259rdi-ya\u015fay\u0131\u015f evi v\u0259 qeyri-ya\u015fay\u0131\u015f sah\u0259sin\u0259 dair s\u0259n\u0259dl\u0259rinin haz\u0131rlanmas\u0131 \u00fc\u00e7\u00fcn 100 min manat r\u00fc\u015fv\u0259t ist\u0259yib, 33 min 500 manat al\u0131b.<\/p>\n\n\n\n<p>Elg\u00fcn Abdullayevin \u00f6z\u00fc v\u0259 ya yax\u0131nlar\u0131n\u0131n ittihama m\u00fcnasib\u0259ti m\u0259lum deyil.<\/p>\n\n\n\n<p>Onun i\u015fin\u0259 L\u0259nk\u0259ran A\u011f\u0131r Cinay\u0259tl\u0259r M\u0259hk\u0259m\u0259sind\u0259 bax\u0131lacaq.<\/p>\n\n\n\n<p>2022-ci ilin oktyabr\u0131nda ke\u00e7iril\u0259n \u0259m\u0259liyyat n\u0259tic\u0259sind\u0259 L\u0259nk\u0259ran\u0131n ba\u015f memar\u0131 Elg\u00fcn Abdullayevl\u0259 yana\u015f\u0131, Rayonlararas\u0131 Psixiatriya X\u0259st\u0259xanas\u0131n\u0131n \u015f\u00f6b\u0259 m\u00fcdiri N\u0259sr\u0259ddin Nuriyev d\u0259 saxlanm\u0131\u015fd\u0131. Onun i\u015fi \u00fczr\u0259 istintaq is\u0259 dekabr\u0131n sonunda yekunla\u015faraq, i\u015f materiallar\u0131 bax\u0131lmas\u0131 \u00fc\u00e7\u00fcn m\u0259hk\u0259m\u0259y\u0259 g\u00f6nd\u0259rilmi\u015fdi. N\u0259sr\u0259ddin Nuriyevin i\u015fin\u0259 d\u0259 L\u0259nk\u0259ran A\u011f\u0131r Cinay\u0259tl\u0259r M\u0259hk\u0259m\u0259sind\u0259 bax\u0131l\u0131r.<\/p>\n\n\n\n<p>O zaman Elg\u00fcn Abdullayevin bar\u0259sind\u0259 h\u0259bs q\u0259timkan t\u0259dbiri se\u00e7ilmi\u015f, N\u0259sr\u0259ddin Nuriyevin is\u0259 istintaq d\u00f6vr\u00fcnd\u0259 ev dustaql\u0131\u011f\u0131nda qalmas\u0131na q\u0259rar verilmi\u015fdi.<\/p>\n","protected":false},"excerpt":{"rendered":"<p>\u00a0Elg\u00fcn Abdullayevin i\u015fi \u00fczr\u0259 istintaq yekunla\u015f\u0131b L\u0259nk\u0259ran rayon \u0130cra Hakimiyy\u0259tinin &#8230; <\/p>\n<p class=\"read-more-container\"><a title=\"L\u0259nk\u0259ran \u015e\u0259h\u0259r \u0130cra Hakimiyy\u0259tinin \u015f\u00f6b\u0259 m\u00fcdiri m\u0259hk\u0259m\u0259 qar\u015f\u0131s\u0131na \u00e7\u0131xar\u0131l\u0131r\" class=\"read-more button\" href=\"https:\/\/www.meydan.tv\/az\/article\/lenkeran-seher-icra-hakimiyyetinin-sobe-mudiri-mehkeme-qarsisina-cixarilir\/#more-269840\" aria-label=\"Read more about L\u0259nk\u0259ran \u015e\u0259h\u0259r \u0130cra Hakimiyy\u0259tinin \u015f\u00f6b\u0259 m\u00fcdiri m\u0259hk\u0259m\u0259 qar\u015f\u0131s\u0131na \u00e7\u0131xar\u0131l\u0131r\">Davam\u0131<\/a><\/p>\n","protected":false},"author":18,"featured_media":269841,"comment_status":"closed","ping_status":"closed","sticky":false,"template":"","format":"standard","meta":{"_acf_changed":false,"_sitemap_exclude":false,"_sitemap_priority":"","_sitemap_frequency":"","footnotes":""},"categories":[60,56],"tags":[],"class_list":["post-269840","post","type-post","status-publish","format-standard","has-post-thumbnail","hentry","category-bolge","category-xeberler","infinite-scroll-item","generate-columns","tablet-grid-50","mobile-grid-100","grid-parent","grid-33","no-featured-image-padding"],"acf":[],"yoast_head":"<!-- This site is optimized with the Yoast SEO plugin v27.5 - https:\/\/yoast.com\/product\/yoast-seo-wordpress\/ -->\n<title>L\u0259nk\u0259ran \u015e\u0259h\u0259r \u0130cra Hakimiyy\u0259tinin \u015f\u00f6b\u0259 m\u00fcdiri m\u0259hk\u0259m\u0259 qar\u015f\u0131s\u0131na \u00e7\u0131xar\u0131l\u0131r - MEYDAN.TV<\/title>\n<meta name=\"robots\" content=\"index, follow, max-snippet:-1, max-image-preview:large, max-video-preview:-1\" \/>\n<link rel=\"canonical\" href=\"https:\/\/www.meydan.tv\/az\/article\/lenkeran-seher-icra-hakimiyyetinin-sobe-mudiri-mehkeme-qarsisina-cixarilir\/\" \/>\n<meta property=\"og:locale\" content=\"az_AZ\" \/>\n<meta property=\"og:type\" content=\"article\" \/>\n<meta property=\"og:title\" content=\"L\u0259nk\u0259ran \u015e\u0259h\u0259r \u0130cra Hakimiyy\u0259tinin \u015f\u00f6b\u0259 m\u00fcdiri m\u0259hk\u0259m\u0259 qar\u015f\u0131s\u0131na \u00e7\u0131xar\u0131l\u0131r - MEYDAN.TV\" \/>\n<meta property=\"og:description\" content=\"\u00a0Elg\u00fcn Abdullayevin i\u015fi \u00fczr\u0259 istintaq yekunla\u015f\u0131b L\u0259nk\u0259ran rayon \u0130cra Hakimiyy\u0259tinin ... Davam\u0131\" \/>\n<meta property=\"og:url\" content=\"https:\/\/www.meydan.tv\/az\/article\/lenkeran-seher-icra-hakimiyyetinin-sobe-mudiri-mehkeme-qarsisina-cixarilir\/\" \/>\n<meta property=\"og:site_name\" content=\"MEYDAN.TV\" \/>\n<meta property=\"article:published_time\" content=\"2023-03-02T16:17:46+00:00\" \/>\n<meta property=\"article:modified_time\" content=\"2023-03-02T16:17:49+00:00\" \/>\n<meta property=\"og:image\" content=\"https:\/\/www.meydan.tv\/wp-content\/uploads\/korrupsiyaya_qarshi_mubarize_idaresi_bkk_060622_001.jpg\" \/>\n\t<meta property=\"og:image:width\" content=\"1280\" \/>\n\t<meta property=\"og:image:height\" content=\"691\" \/>\n\t<meta property=\"og:image:type\" content=\"image\/jpeg\" \/>\n<meta name=\"author\" content=\"miron\" \/>\n<meta name=\"twitter:card\" content=\"summary_large_image\" \/>\n<script type=\"application\/ld+json\" class=\"yoast-schema-graph\">{\"@context\":\"https:\\\/\\\/schema.org\",\"@graph\":[{\"@type\":\"Article\",\"@id\":\"https:\\\/\\\/www.meydan.tv\\\/az\\\/article\\\/lenkeran-seher-icra-hakimiyyetinin-sobe-mudiri-mehkeme-qarsisina-cixarilir\\\/#article\",\"isPartOf\":{\"@id\":\"https:\\\/\\\/www.meydan.tv\\\/az\\\/article\\\/lenkeran-seher-icra-hakimiyyetinin-sobe-mudiri-mehkeme-qarsisina-cixarilir\\\/\"},\"author\":{\"name\":\"miron\",\"@id\":\"https:\\\/\\\/www.meydan.tv\\\/az\\\/#\\\/schema\\\/person\\\/981b0b284aeaa9ad0cbf814cd4a9d67c\"},\"headline\":\"L\u0259nk\u0259ran \u015e\u0259h\u0259r \u0130cra Hakimiyy\u0259tinin \u015f\u00f6b\u0259 m\u00fcdiri m\u0259hk\u0259m\u0259 qar\u015f\u0131s\u0131na \u00e7\u0131xar\u0131l\u0131r\",\"datePublished\":\"2023-03-02T16:17:46+00:00\",\"dateModified\":\"2023-03-02T16:17:49+00:00\",\"mainEntityOfPage\":{\"@id\":\"https:\\\/\\\/www.meydan.tv\\\/az\\\/article\\\/lenkeran-seher-icra-hakimiyyetinin-sobe-mudiri-mehkeme-qarsisina-cixarilir\\\/\"},\"wordCount\":353,\"publisher\":{\"@id\":\"https:\\\/\\\/www.meydan.tv\\\/az\\\/#organization\"},\"image\":{\"@id\":\"https:\\\/\\\/www.meydan.tv\\\/az\\\/article\\\/lenkeran-seher-icra-hakimiyyetinin-sobe-mudiri-mehkeme-qarsisina-cixarilir\\\/#primaryimage\"},\"thumbnailUrl\":\"https:\\\/\\\/www.meydan.tv\\\/wp-content\\\/uploads\\\/korrupsiyaya_qarshi_mubarize_idaresi_bkk_060622_001-e1690368832731.jpg\",\"articleSection\":[\"B\u00f6lg\u0259\",\"X\u0259b\u0259rl\u0259r\"],\"inLanguage\":\"az\"},{\"@type\":\"WebPage\",\"@id\":\"https:\\\/\\\/www.meydan.tv\\\/az\\\/article\\\/lenkeran-seher-icra-hakimiyyetinin-sobe-mudiri-mehkeme-qarsisina-cixarilir\\\/\",\"url\":\"https:\\\/\\\/www.meydan.tv\\\/az\\\/article\\\/lenkeran-seher-icra-hakimiyyetinin-sobe-mudiri-mehkeme-qarsisina-cixarilir\\\/\",\"name\":\"L\u0259nk\u0259ran \u015e\u0259h\u0259r \u0130cra Hakimiyy\u0259tinin \u015f\u00f6b\u0259 m\u00fcdiri m\u0259hk\u0259m\u0259 qar\u015f\u0131s\u0131na \u00e7\u0131xar\u0131l\u0131r - MEYDAN.TV\",\"isPartOf\":{\"@id\":\"https:\\\/\\\/www.meydan.tv\\\/az\\\/#website\"},\"primaryImageOfPage\":{\"@id\":\"https:\\\/\\\/www.meydan.tv\\\/az\\\/article\\\/lenkeran-seher-icra-hakimiyyetinin-sobe-mudiri-mehkeme-qarsisina-cixarilir\\\/#primaryimage\"},\"image\":{\"@id\":\"https:\\\/\\\/www.meydan.tv\\\/az\\\/article\\\/lenkeran-seher-icra-hakimiyyetinin-sobe-mudiri-mehkeme-qarsisina-cixarilir\\\/#primaryimage\"},\"thumbnailUrl\":\"https:\\\/\\\/www.meydan.tv\\\/wp-content\\\/uploads\\\/korrupsiyaya_qarshi_mubarize_idaresi_bkk_060622_001-e1690368832731.jpg\",\"datePublished\":\"2023-03-02T16:17:46+00:00\",\"dateModified\":\"2023-03-02T16:17:49+00:00\",\"breadcrumb\":{\"@id\":\"https:\\\/\\\/www.meydan.tv\\\/az\\\/article\\\/lenkeran-seher-icra-hakimiyyetinin-sobe-mudiri-mehkeme-qarsisina-cixarilir\\\/#breadcrumb\"},\"inLanguage\":\"az\",\"potentialAction\":[{\"@type\":\"ReadAction\",\"target\":[\"https:\\\/\\\/www.meydan.tv\\\/az\\\/article\\\/lenkeran-seher-icra-hakimiyyetinin-sobe-mudiri-mehkeme-qarsisina-cixarilir\\\/\"]}]},{\"@type\":\"ImageObject\",\"inLanguage\":\"az\",\"@id\":\"https:\\\/\\\/www.meydan.tv\\\/az\\\/article\\\/lenkeran-seher-icra-hakimiyyetinin-sobe-mudiri-mehkeme-qarsisina-cixarilir\\\/#primaryimage\",\"url\":\"https:\\\/\\\/www.meydan.tv\\\/wp-content\\\/uploads\\\/korrupsiyaya_qarshi_mubarize_idaresi_bkk_060622_001-e1690368832731.jpg\",\"contentUrl\":\"https:\\\/\\\/www.meydan.tv\\\/wp-content\\\/uploads\\\/korrupsiyaya_qarshi_mubarize_idaresi_bkk_060622_001-e1690368832731.jpg\",\"width\":1280,\"height\":582,\"caption\":\"M\u0259nb\u0259: Trend\"},{\"@type\":\"BreadcrumbList\",\"@id\":\"https:\\\/\\\/www.meydan.tv\\\/az\\\/article\\\/lenkeran-seher-icra-hakimiyyetinin-sobe-mudiri-mehkeme-qarsisina-cixarilir\\\/#breadcrumb\",\"itemListElement\":[{\"@type\":\"ListItem\",\"position\":1,\"name\":\"Ana s\u0259hif\u0259\",\"item\":\"https:\\\/\\\/www.meydan.tv\\\/az\\\/\"},{\"@type\":\"ListItem\",\"position\":2,\"name\":\"X\u0259b\u0259rl\u0259r\",\"item\":\"https:\\\/\\\/www.meydan.tv\\\/az\\\/section\\\/xeberler\\\/\"},{\"@type\":\"ListItem\",\"position\":3,\"name\":\"L\u0259nk\u0259ran \u015e\u0259h\u0259r \u0130cra Hakimiyy\u0259tinin \u015f\u00f6b\u0259 m\u00fcdiri m\u0259hk\u0259m\u0259 qar\u015f\u0131s\u0131na \u00e7\u0131xar\u0131l\u0131r\"}]},{\"@type\":\"WebSite\",\"@id\":\"https:\\\/\\\/www.meydan.tv\\\/az\\\/#website\",\"url\":\"https:\\\/\\\/www.meydan.tv\\\/az\\\/\",\"name\":\"MEYDAN.TV\",\"description\":\"Meydan TV Az\u0259rbaycan\u0131n media m\u0259kan\u0131ndak\u0131 alternativ s\u0259sidir\",\"publisher\":{\"@id\":\"https:\\\/\\\/www.meydan.tv\\\/az\\\/#organization\"},\"potentialAction\":[{\"@type\":\"SearchAction\",\"target\":{\"@type\":\"EntryPoint\",\"urlTemplate\":\"https:\\\/\\\/www.meydan.tv\\\/az\\\/?s={search_term_string}\"},\"query-input\":{\"@type\":\"PropertyValueSpecification\",\"valueRequired\":true,\"valueName\":\"search_term_string\"}}],\"inLanguage\":\"az\"},{\"@type\":\"Organization\",\"@id\":\"https:\\\/\\\/www.meydan.tv\\\/az\\\/#organization\",\"name\":\"Meydan TV\",\"url\":\"https:\\\/\\\/www.meydan.tv\\\/az\\\/\",\"logo\":{\"@type\":\"ImageObject\",\"inLanguage\":\"az\",\"@id\":\"https:\\\/\\\/www.meydan.tv\\\/az\\\/#\\\/schema\\\/logo\\\/image\\\/\",\"url\":\"https:\\\/\\\/www.meydan.tv\\\/wp-content\\\/uploads\\\/2021\\\/07\\\/meydan-logo.svg\",\"contentUrl\":\"https:\\\/\\\/www.meydan.tv\\\/wp-content\\\/uploads\\\/2021\\\/07\\\/meydan-logo.svg\",\"width\":195,\"height\":46,\"caption\":\"Meydan TV\"},\"image\":{\"@id\":\"https:\\\/\\\/www.meydan.tv\\\/az\\\/#\\\/schema\\\/logo\\\/image\\\/\"}},{\"@type\":\"Person\",\"@id\":\"https:\\\/\\\/www.meydan.tv\\\/az\\\/#\\\/schema\\\/person\\\/981b0b284aeaa9ad0cbf814cd4a9d67c\",\"name\":\"miron\"}]}<\/script>\n<!-- \/ Yoast SEO plugin. -->","yoast_head_json":{"title":"L\u0259nk\u0259ran \u015e\u0259h\u0259r \u0130cra Hakimiyy\u0259tinin \u015f\u00f6b\u0259 m\u00fcdiri m\u0259hk\u0259m\u0259 qar\u015f\u0131s\u0131na \u00e7\u0131xar\u0131l\u0131r - MEYDAN.TV","robots":{"index":"index","follow":"follow","max-snippet":"max-snippet:-1","max-image-preview":"max-image-preview:large","max-video-preview":"max-video-preview:-1"},"canonical":"https:\/\/www.meydan.tv\/az\/article\/lenkeran-seher-icra-hakimiyyetinin-sobe-mudiri-mehkeme-qarsisina-cixarilir\/","og_locale":"az_AZ","og_type":"article","og_title":"L\u0259nk\u0259ran \u015e\u0259h\u0259r \u0130cra Hakimiyy\u0259tinin \u015f\u00f6b\u0259 m\u00fcdiri m\u0259hk\u0259m\u0259 qar\u015f\u0131s\u0131na \u00e7\u0131xar\u0131l\u0131r - MEYDAN.TV","og_description":"\u00a0Elg\u00fcn Abdullayevin i\u015fi \u00fczr\u0259 istintaq yekunla\u015f\u0131b L\u0259nk\u0259ran rayon \u0130cra Hakimiyy\u0259tinin ... Davam\u0131","og_url":"https:\/\/www.meydan.tv\/az\/article\/lenkeran-seher-icra-hakimiyyetinin-sobe-mudiri-mehkeme-qarsisina-cixarilir\/","og_site_name":"MEYDAN.TV","article_published_time":"2023-03-02T16:17:46+00:00","article_modified_time":"2023-03-02T16:17:49+00:00","og_image":[{"width":1280,"height":691,"url":"https:\/\/www.meydan.tv\/wp-content\/uploads\/korrupsiyaya_qarshi_mubarize_idaresi_bkk_060622_001.jpg","type":"image\/jpeg"}],"author":"miron","twitter_card":"summary_large_image","schema":{"@context":"https:\/\/schema.org","@graph":[{"@type":"Article","@id":"https:\/\/www.meydan.tv\/az\/article\/lenkeran-seher-icra-hakimiyyetinin-sobe-mudiri-mehkeme-qarsisina-cixarilir\/#article","isPartOf":{"@id":"https:\/\/www.meydan.tv\/az\/article\/lenkeran-seher-icra-hakimiyyetinin-sobe-mudiri-mehkeme-qarsisina-cixarilir\/"},"author":{"name":"miron","@id":"https:\/\/www.meydan.tv\/az\/#\/schema\/person\/981b0b284aeaa9ad0cbf814cd4a9d67c"},"headline":"L\u0259nk\u0259ran \u015e\u0259h\u0259r \u0130cra Hakimiyy\u0259tinin \u015f\u00f6b\u0259 m\u00fcdiri m\u0259hk\u0259m\u0259 qar\u015f\u0131s\u0131na \u00e7\u0131xar\u0131l\u0131r","datePublished":"2023-03-02T16:17:46+00:00","dateModified":"2023-03-02T16:17:49+00:00","mainEntityOfPage":{"@id":"https:\/\/www.meydan.tv\/az\/article\/lenkeran-seher-icra-hakimiyyetinin-sobe-mudiri-mehkeme-qarsisina-cixarilir\/"},"wordCount":353,"publisher":{"@id":"https:\/\/www.meydan.tv\/az\/#organization"},"image":{"@id":"https:\/\/www.meydan.tv\/az\/article\/lenkeran-seher-icra-hakimiyyetinin-sobe-mudiri-mehkeme-qarsisina-cixarilir\/#primaryimage"},"thumbnailUrl":"https:\/\/www.meydan.tv\/wp-content\/uploads\/korrupsiyaya_qarshi_mubarize_idaresi_bkk_060622_001-e1690368832731.jpg","articleSection":["B\u00f6lg\u0259","X\u0259b\u0259rl\u0259r"],"inLanguage":"az"},{"@type":"WebPage","@id":"https:\/\/www.meydan.tv\/az\/article\/lenkeran-seher-icra-hakimiyyetinin-sobe-mudiri-mehkeme-qarsisina-cixarilir\/","url":"https:\/\/www.meydan.tv\/az\/article\/lenkeran-seher-icra-hakimiyyetinin-sobe-mudiri-mehkeme-qarsisina-cixarilir\/","name":"L\u0259nk\u0259ran \u015e\u0259h\u0259r \u0130cra Hakimiyy\u0259tinin \u015f\u00f6b\u0259 m\u00fcdiri m\u0259hk\u0259m\u0259 qar\u015f\u0131s\u0131na \u00e7\u0131xar\u0131l\u0131r - MEYDAN.TV","isPartOf":{"@id":"https:\/\/www.meydan.tv\/az\/#website"},"primaryImageOfPage":{"@id":"https:\/\/www.meydan.tv\/az\/article\/lenkeran-seher-icra-hakimiyyetinin-sobe-mudiri-mehkeme-qarsisina-cixarilir\/#primaryimage"},"image":{"@id":"https:\/\/www.meydan.tv\/az\/article\/lenkeran-seher-icra-hakimiyyetinin-sobe-mudiri-mehkeme-qarsisina-cixarilir\/#primaryimage"},"thumbnailUrl":"https:\/\/www.meydan.tv\/wp-content\/uploads\/korrupsiyaya_qarshi_mubarize_idaresi_bkk_060622_001-e1690368832731.jpg","datePublished":"2023-03-02T16:17:46+00:00","dateModified":"2023-03-02T16:17:49+00:00","breadcrumb":{"@id":"https:\/\/www.meydan.tv\/az\/article\/lenkeran-seher-icra-hakimiyyetinin-sobe-mudiri-mehkeme-qarsisina-cixarilir\/#breadcrumb"},"inLanguage":"az","potentialAction":[{"@type":"ReadAction","target":["https:\/\/www.meydan.tv\/az\/article\/lenkeran-seher-icra-hakimiyyetinin-sobe-mudiri-mehkeme-qarsisina-cixarilir\/"]}]},{"@type":"ImageObject","inLanguage":"az","@id":"https:\/\/www.meydan.tv\/az\/article\/lenkeran-seher-icra-hakimiyyetinin-sobe-mudiri-mehkeme-qarsisina-cixarilir\/#primaryimage","url":"https:\/\/www.meydan.tv\/wp-content\/uploads\/korrupsiyaya_qarshi_mubarize_idaresi_bkk_060622_001-e1690368832731.jpg","contentUrl":"https:\/\/www.meydan.tv\/wp-content\/uploads\/korrupsiyaya_qarshi_mubarize_idaresi_bkk_060622_001-e1690368832731.jpg","width":1280,"height":582,"caption":"M\u0259nb\u0259: Trend"},{"@type":"BreadcrumbList","@id":"https:\/\/www.meydan.tv\/az\/article\/lenkeran-seher-icra-hakimiyyetinin-sobe-mudiri-mehkeme-qarsisina-cixarilir\/#breadcrumb","itemListElement":[{"@type":"ListItem","position":1,"name":"Ana s\u0259hif\u0259","item":"https:\/\/www.meydan.tv\/az\/"},{"@type":"ListItem","position":2,"name":"X\u0259b\u0259rl\u0259r","item":"https:\/\/www.meydan.tv\/az\/section\/xeberler\/"},{"@type":"ListItem","position":3,"name":"L\u0259nk\u0259ran \u015e\u0259h\u0259r \u0130cra Hakimiyy\u0259tinin \u015f\u00f6b\u0259 m\u00fcdiri m\u0259hk\u0259m\u0259 qar\u015f\u0131s\u0131na \u00e7\u0131xar\u0131l\u0131r"}]},{"@type":"WebSite","@id":"https:\/\/www.meydan.tv\/az\/#website","url":"https:\/\/www.meydan.tv\/az\/","name":"MEYDAN.TV","description":"Meydan TV Az\u0259rbaycan\u0131n media m\u0259kan\u0131ndak\u0131 alternativ s\u0259sidir","publisher":{"@id":"https:\/\/www.meydan.tv\/az\/#organization"},"potentialAction":[{"@type":"SearchAction","target":{"@type":"EntryPoint","urlTemplate":"https:\/\/www.meydan.tv\/az\/?s={search_term_string}"},"query-input":{"@type":"PropertyValueSpecification","valueRequired":true,"valueName":"search_term_string"}}],"inLanguage":"az"},{"@type":"Organization","@id":"https:\/\/www.meydan.tv\/az\/#organization","name":"Meydan TV","url":"https:\/\/www.meydan.tv\/az\/","logo":{"@type":"ImageObject","inLanguage":"az","@id":"https:\/\/www.meydan.tv\/az\/#\/schema\/logo\/image\/","url":"https:\/\/www.meydan.tv\/wp-content\/uploads\/2021\/07\/meydan-logo.svg","contentUrl":"https:\/\/www.meydan.tv\/wp-content\/uploads\/2021\/07\/meydan-logo.svg","width":195,"height":46,"caption":"Meydan TV"},"image":{"@id":"https:\/\/www.meydan.tv\/az\/#\/schema\/logo\/image\/"}},{"@type":"Person","@id":"https:\/\/www.meydan.tv\/az\/#\/schema\/person\/981b0b284aeaa9ad0cbf814cd4a9d67c","name":"miron"}]}},"_links":{"self":[{"href":"https:\/\/www.meydan.tv\/az\/wp-json\/wp\/v2\/posts\/269840","targetHints":{"allow":["GET"]}}],"collection":[{"href":"https:\/\/www.meydan.tv\/az\/wp-json\/wp\/v2\/posts"}],"about":[{"href":"https:\/\/www.meydan.tv\/az\/wp-json\/wp\/v2\/types\/post"}],"author":[{"embeddable":true,"href":"https:\/\/www.meydan.tv\/az\/wp-json\/wp\/v2\/users\/18"}],"replies":[{"embeddable":true,"href":"https:\/\/www.meydan.tv\/az\/wp-json\/wp\/v2\/comments?post=269840"}],"version-history":[{"count":1,"href":"https:\/\/www.meydan.tv\/az\/wp-json\/wp\/v2\/posts\/269840\/revisions"}],"predecessor-version":[{"id":269844,"href":"https:\/\/www.meydan.tv\/az\/wp-json\/wp\/v2\/posts\/269840\/revisions\/269844"}],"wp:featuredmedia":[{"embeddable":true,"href":"https:\/\/www.meydan.tv\/az\/wp-json\/wp\/v2\/media\/269841"}],"wp:attachment":[{"href":"https:\/\/www.meydan.tv\/az\/wp-json\/wp\/v2\/media?parent=269840"}],"wp:term":[{"taxonomy":"category","embeddable":true,"href":"https:\/\/www.meydan.tv\/az\/wp-json\/wp\/v2\/categories?post=269840"},{"taxonomy":"post_tag","embeddable":true,"href":"https:\/\/www.meydan.tv\/az\/wp-json\/wp\/v2\/tags?post=269840"}],"curies":[{"name":"wp","href":"https:\/\/api.w.org\/{rel}","templated":true}]}}