{"id":269815,"date":"2023-03-02T17:44:53","date_gmt":"2023-03-02T13:44:53","guid":{"rendered":"https:\/\/www.meydan.tv\/?p=269815"},"modified":"2023-03-02T17:44:58","modified_gmt":"2023-03-02T13:44:58","slug":"polis-berdede-saxlanilan-vetendasin-iddialari-ile-razilasmir","status":"publish","type":"post","link":"https:\/\/www.meydan.tv\/az\/article\/polis-berdede-saxlanilan-vetendasin-iddialari-ile-razilasmir\/","title":{"rendered":"Polis B\u0259rd\u0259d\u0259 saxlan\u0131lan v\u0259t\u0259nda\u015f\u0131n iddialar\u0131 il\u0259 raz\u0131la\u015fm\u0131r"},"content":{"rendered":"\n<p><em>\u201cB\u0259rd\u0259 Rayon Polis \u015e\u00f6b\u0259sinin \u0259m\u0259kda\u015flar\u0131 il\u0259 ba\u011fl\u0131 iddialar h\u0259qiq\u0259ti \u0259ks etdirmir\u201d<\/em><\/p>\n\n\n\n<p>B\u0259rd\u0259 Rayon Polis \u015e\u00f6b\u0259sinin \u0259m\u0259kda\u015flar\u0131 t\u0259r\u0259find\u0259n S.\u018fsg\u0259rova qar\u015f\u0131 qanunazidd \u0259m\u0259ll\u0259r t\u00f6r\u0259dilm\u0259si il\u0259 ba\u011fl\u0131 qeyd olunan iddialar h\u0259qiq\u0259ti \u0259ks etdirmir\u201d.<\/p>\n\n\n\n<p>Daxili \u0130\u015fl\u0259r Nazirliyinin m\u0259tbuat xidm\u0259tinin B\u0259rd\u0259 regional qrupunun ba\u015f inspektoru, polis kapitan\u0131 Aslan Qiyasl\u0131 B\u0259rd\u0259nin Hac\u0131lar k\u0259nd sakini S\u0259rxan \u018fsg\u0259rovun iddias\u0131na cavab olaraq bel\u0259 deyib. <\/p>\n\n\n\n<p>S\u0259rxan \u018fsg\u0259rov polisd\u0259 qeyri-insani r\u0259ftara m\u0259ruz qalmas\u0131 il\u0259 \u0259laq\u0259dar \u015fikay\u0259t etmi\u015fdi.<\/p>\n\n\n\n<p>V\u0259t\u0259nda\u015f Meydan TV-y\u0259 m\u00fcraci\u0259tind\u0259 bildirirdi ki, \u00f6t\u0259n ilin sentyabr\u0131nda B\u0259rd\u0259 Rayon Yol Polis \u0130dar\u0259sinin \u0259m\u0259kda\u015flar\u0131 \u2013 \u00e7avu\u015flar Nahid, Rabil, F\u0259rhad v\u0259 Yelmar t\u0259r\u0259find\u0259n saxlan\u0131l\u0131b.<\/p>\n\n\n\n<p>Dediyin\u0259 g\u00f6r\u0259, polisl\u0259r onu idar\u0259 etdiyi n\u0259qliyyat vasit\u0259sinin ban \u015f\u00fc\u015f\u0259l\u0259rin\u0259 qanunla t\u0259tbiqi qada\u011fan edilmi\u015f \u00f6rt\u00fck \u00e7\u0259km\u0259sin\u0259 g\u00f6r\u0259 c\u0259rim\u0259 etm\u0259li olduqlar\u0131 halda zorla \u015f\u00f6b\u0259y\u0259 apar\u0131blar.<\/p>\n\n\n\n<p>\u015eikay\u0259t\u00e7i iddia edib ki, \u015f\u00f6b\u0259d\u0259 ona qar\u015f\u0131 psixoloji t\u0259zyiq g\u00f6st\u0259rilib, <a href=\"https:\/\/storage.googleapis.com\/qurium\/www.meydan.tv\/az-article-polisde-qeyri-insani-reftara-meruz-qaldigini-deyen-vetendas-sikayetcidir.html\">t\u0259hqir olunub<\/a>.<\/p>\n\n\n\n<p>D\u00f6rd saat orada saxlan\u0131landan sonra burax\u0131l\u0131b. Lakin bir g\u00fcn sonra t\u0259krar B\u0259rd\u0259 Rayon Polis \u015e\u00f6b\u0259sin\u0259 \u00e7a\u011f\u0131raraq h\u0259bs edilib.<\/p>\n\n\n\n<p>B\u0259rd\u0259 Rayon M\u0259hk\u0259m\u0259sinin hakimi Elsun \u018fhm\u0259dov onun bar\u0259sind\u0259 8 sutkal\u0131q inzibati h\u0259bs q\u0259rar\u0131 verib.<\/p>\n\n\n\n<p>S\u0259rxan \u018fsg\u0259rov \u0130nzibati X\u0259talar M\u0259c\u0259ll\u0259sinin 510 (X\u0131rda xuliqanl\u0131q) v\u0259 535.1-ci (Polis i\u015f\u00e7isi v\u0259 ya h\u0259rbi qulluq\u00e7u ictimai qaydan\u0131n m\u00fchafiz\u0259 v\u0259zif\u0259l\u0259rini icra ed\u0259rk\u0259n, onlar\u0131n qanuni t\u0259l\u0259bl\u0259rin\u0259 q\u0259sd\u0259n tabe olmama\u011fa g\u00f6r\u0259 fiziki \u015f\u0259xsl\u0259r iki y\u00fcz manat m\u0259bl\u0259\u011find\u0259 c\u0259rim\u0259 edilir v\u0259 ya i\u015fin hallar\u0131 v\u0259 pozuntu t\u00f6r\u0259d\u0259nin \u015f\u0259xsiyy\u0259ti n\u0259z\u0259r\u0259 al\u0131nmaqla, bu t\u0259dbirl\u0259rin t\u0259tbiqi kifay\u0259t hesab edilm\u0259dikd\u0259 bir ayad\u0259k m\u00fcdd\u0259t\u0259 inzibati h\u0259bs t\u0259tbiq olunur.) madd\u0259l\u0259ri il\u0259 t\u0259qsirli bilinib.<\/p>\n\n\n\n<p>\u201cPolis \u0259m\u0259kda\u015flar\u0131 m\u0259n saxlan\u0131lark\u0259n onlar\u0131 t\u0259hqir etdiyimi, \u00fczl\u0259rin\u0259 g\u00fcn\u0259baxan tumu \u00e7\u0131rtlay\u0131b atd\u0131\u011f\u0131m\u0131 dedil\u0259r. M\u0259n\u0259 qar\u015f\u0131 polis\u0259 m\u00fcqavim\u0259t ittiham\u0131 il\u0259 iddia qald\u0131rd\u0131lar. Hakimi Elsun \u018fhm\u0259dov da bar\u0259md\u0259 8 sutka h\u0259bs q\u0259rar\u0131 verdi. Ancaq hakim bu q\u0259rar\u0131 ver\u0259rk\u0259n polisd\u0259n h\u0259r hans\u0131 s\u00fcbut v\u0259 ya \u015fahid t\u0259l\u0259b etm\u0259di. \u018fksin\u0259, m\u0259n\u0259 h\u00fccum ed\u0259r\u0259k qanunsuzlu\u011fa yol verdiyimi, polis\u0259 qar\u015f\u0131 zorak\u0131l\u0131q etdiyimi iddia ed\u0259r\u0259k m\u0259ni t\u0259hqir etdi. O yaln\u0131z polisd\u0259n g\u0259l\u0259n iddian\u0131 t\u0259sdiql\u0259mi\u015f oldu. Halbuki bununla ba\u011fl\u0131 h\u0259r hans\u0131 bir fakt v\u0259 s\u00fcbut yox idi\u201d, \u2013 S\u0259rxan \u018fsg\u0259rov deyib.<\/p>\n\n\n\n<p>Daxili \u0130\u015fl\u0259r Nazirliyinin m\u0259tbuat xidm\u0259tinin B\u0259rd\u0259 regional qrupunun ba\u015f inspektoru, polis kapitan\u0131 Aslan Qiyasl\u0131 Meydan TV-y\u0259 bildirib ki, S\u0259rxan \u018fsg\u0259rov \u00f6t\u0259n ilin sentyabr\u0131nda B\u0259rd\u0259 \u015f\u0259h\u0259ri \u0259razisind\u0259 idar\u0259 etdiyi \u201cNiva\u201d markal\u0131 avtomobill\u0259 h\u0259r\u0259k\u0259td\u0259 olark\u0259n yol h\u0259r\u0259k\u0259ti qaydalar\u0131n\u0131 pozdu\u011funa g\u00f6r\u0259 polis \u0259m\u0259kda\u015flar\u0131 t\u0259r\u0259find\u0259n saxlan\u0131l\u0131b:<\/p>\n\n\n\n<p>\u201cT\u0259hl\u00fck\u0259sizlik k\u0259m\u0259ri ba\u011flamadan v\u0259 n\u0259qliyyat vasit\u0259sinin ban \u015f\u00fc\u015f\u0259l\u0259rin\u0259 qanunla t\u0259tbiqi qada\u011fan edil\u0259n \u00f6rt\u00fck \u00e7\u0259km\u0259kl\u0259 idar\u0259 etdiyin\u0259 g\u00f6r\u0259 v\u0259t\u0259nda\u015f bar\u0259sind\u0259 \u0130nzibati X\u0259talar M\u0259c\u0259ll\u0259sinin m\u00fcvafiq madd\u0259l\u0259ri il\u0259 protkol t\u0259rtib edilib. H\u0259min vaxt S.\u018fsg\u0259rov ucadan nalayiq ifad\u0259l\u0259r i\u015fl\u0259tdiyin\u0259 g\u00f6r\u0259 polis \u0259m\u0259kda\u015flar\u0131 onu nizam-intizama d\u0259v\u0259t edib. Lakin o, polis \u0259m\u0259kda\u015flar\u0131n\u0131n qanuni t\u0259l\u0259bin\u0259 q\u0259sd\u0259n tabe olmay\u0131b. Buna g\u00f6r\u0259 S.\u018fsg\u0259rov bar\u0259sind\u0259 toplanm\u0131\u015f materiallar bax\u0131lmas\u0131 \u00fc\u00e7\u00fcn rayon m\u0259hk\u0259m\u0259sin\u0259 t\u0259qdim edilib. M\u0259hk\u0259m\u0259nin q\u0259rar\u0131 il\u0259 \u0130nzibati X\u0259talar M\u0259c\u0259ll\u0259sinin 510 v\u0259 535-ci madd\u0259l\u0259ri il\u0259 t\u0259qsirli bilin\u0259r\u0259k bar\u0259sind\u0259 8 g\u00fcn m\u00fcdd\u0259tin\u0259 inzibati qaydada h\u0259bs t\u0259dbiri se\u00e7ilib\u201d.<\/p>\n\n\n\n<p>Aslan Qiyasl\u0131 \u0259lav\u0259 edib ki, S\u0259rxan \u018fsg\u0259rov m\u0259hk\u0259m\u0259nin q\u0259rar\u0131ndan apelyasiya \u015fikay\u0259ti verib:<\/p>\n\n\n\n<p>\u201cApelyasiya M\u0259hk\u0259m\u0259si \u0130nzibati X\u0259talar M\u0259c\u0259ll\u0259sinin 510-cu madd\u0259sin\u0259 g\u00f6r\u0259 50 manat c\u0259rim\u0259 t\u0259tbiq edib, 535-ci madd\u0259sin\u0259 g\u00f6r\u0259 2 g\u00fcn h\u0259bsd\u0259 oldu\u011fu m\u00fcdd\u0259tl\u0259 kifay\u0259tl\u0259n\u0259r\u0259k c\u0259zan\u0131n yerd\u0259 qalan\u0131ndan azad edib\u201d.<\/p>\n\n\n\n<p><\/p>\n","protected":false},"excerpt":{"rendered":"<p>\u201cB\u0259rd\u0259 Rayon Polis \u015e\u00f6b\u0259sinin \u0259m\u0259kda\u015flar\u0131 il\u0259 ba\u011fl\u0131 iddialar h\u0259qiq\u0259ti \u0259ks &#8230; <\/p>\n<p class=\"read-more-container\"><a title=\"Polis B\u0259rd\u0259d\u0259 saxlan\u0131lan v\u0259t\u0259nda\u015f\u0131n iddialar\u0131 il\u0259 raz\u0131la\u015fm\u0131r\" class=\"read-more button\" href=\"https:\/\/www.meydan.tv\/az\/article\/polis-berdede-saxlanilan-vetendasin-iddialari-ile-razilasmir\/#more-269815\" aria-label=\"Read more about Polis B\u0259rd\u0259d\u0259 saxlan\u0131lan v\u0259t\u0259nda\u015f\u0131n iddialar\u0131 il\u0259 raz\u0131la\u015fm\u0131r\">Davam\u0131<\/a><\/p>\n","protected":false},"author":18,"featured_media":252756,"comment_status":"closed","ping_status":"closed","sticky":false,"template":"","format":"standard","meta":{"_acf_changed":false,"_sitemap_exclude":false,"_sitemap_priority":"","_sitemap_frequency":"","footnotes":""},"categories":[60,56],"tags":[],"class_list":["post-269815","post","type-post","status-publish","format-standard","has-post-thumbnail","hentry","category-bolge","category-xeberler","infinite-scroll-item","generate-columns","tablet-grid-50","mobile-grid-100","grid-parent","grid-33","no-featured-image-padding"],"acf":[],"yoast_head":"<!-- This site is optimized with the Yoast SEO plugin v27.5 - https:\/\/yoast.com\/product\/yoast-seo-wordpress\/ -->\n<title>Polis B\u0259rd\u0259d\u0259 saxlan\u0131lan v\u0259t\u0259nda\u015f\u0131n iddialar\u0131 il\u0259 raz\u0131la\u015fm\u0131r - MEYDAN.TV<\/title>\n<meta name=\"robots\" content=\"index, follow, max-snippet:-1, max-image-preview:large, max-video-preview:-1\" \/>\n<link rel=\"canonical\" href=\"https:\/\/www.meydan.tv\/az\/article\/polis-berdede-saxlanilan-vetendasin-iddialari-ile-razilasmir\/\" \/>\n<meta property=\"og:locale\" content=\"az_AZ\" \/>\n<meta property=\"og:type\" content=\"article\" \/>\n<meta property=\"og:title\" content=\"Polis B\u0259rd\u0259d\u0259 saxlan\u0131lan v\u0259t\u0259nda\u015f\u0131n iddialar\u0131 il\u0259 raz\u0131la\u015fm\u0131r - MEYDAN.TV\" \/>\n<meta property=\"og:description\" content=\"\u201cB\u0259rd\u0259 Rayon Polis \u015e\u00f6b\u0259sinin \u0259m\u0259kda\u015flar\u0131 il\u0259 ba\u011fl\u0131 iddialar h\u0259qiq\u0259ti \u0259ks ... Davam\u0131\" \/>\n<meta property=\"og:url\" content=\"https:\/\/www.meydan.tv\/az\/article\/polis-berdede-saxlanilan-vetendasin-iddialari-ile-razilasmir\/\" \/>\n<meta property=\"og:site_name\" content=\"MEYDAN.TV\" \/>\n<meta property=\"article:published_time\" content=\"2023-03-02T13:44:53+00:00\" \/>\n<meta property=\"article:modified_time\" content=\"2023-03-02T13:44:58+00:00\" \/>\n<meta property=\"og:image\" content=\"https:\/\/www.meydan.tv\/wp-content\/uploads\/img-20220329-wa0014.jpg\" \/>\n\t<meta property=\"og:image:width\" content=\"848\" \/>\n\t<meta property=\"og:image:height\" content=\"480\" \/>\n\t<meta property=\"og:image:type\" content=\"image\/jpeg\" \/>\n<meta name=\"author\" content=\"miron\" \/>\n<meta name=\"twitter:card\" content=\"summary_large_image\" \/>\n<script type=\"application\/ld+json\" class=\"yoast-schema-graph\">{\"@context\":\"https:\\\/\\\/schema.org\",\"@graph\":[{\"@type\":\"Article\",\"@id\":\"https:\\\/\\\/www.meydan.tv\\\/az\\\/article\\\/polis-berdede-saxlanilan-vetendasin-iddialari-ile-razilasmir\\\/#article\",\"isPartOf\":{\"@id\":\"https:\\\/\\\/www.meydan.tv\\\/az\\\/article\\\/polis-berdede-saxlanilan-vetendasin-iddialari-ile-razilasmir\\\/\"},\"author\":{\"name\":\"miron\",\"@id\":\"https:\\\/\\\/www.meydan.tv\\\/az\\\/#\\\/schema\\\/person\\\/981b0b284aeaa9ad0cbf814cd4a9d67c\"},\"headline\":\"Polis B\u0259rd\u0259d\u0259 saxlan\u0131lan v\u0259t\u0259nda\u015f\u0131n iddialar\u0131 il\u0259 raz\u0131la\u015fm\u0131r\",\"datePublished\":\"2023-03-02T13:44:53+00:00\",\"dateModified\":\"2023-03-02T13:44:58+00:00\",\"mainEntityOfPage\":{\"@id\":\"https:\\\/\\\/www.meydan.tv\\\/az\\\/article\\\/polis-berdede-saxlanilan-vetendasin-iddialari-ile-razilasmir\\\/\"},\"wordCount\":817,\"publisher\":{\"@id\":\"https:\\\/\\\/www.meydan.tv\\\/az\\\/#organization\"},\"image\":{\"@id\":\"https:\\\/\\\/www.meydan.tv\\\/az\\\/article\\\/polis-berdede-saxlanilan-vetendasin-iddialari-ile-razilasmir\\\/#primaryimage\"},\"thumbnailUrl\":\"https:\\\/\\\/www.meydan.tv\\\/wp-content\\\/uploads\\\/img-20220329-wa0014.jpg\",\"articleSection\":[\"B\u00f6lg\u0259\",\"X\u0259b\u0259rl\u0259r\"],\"inLanguage\":\"az\"},{\"@type\":\"WebPage\",\"@id\":\"https:\\\/\\\/www.meydan.tv\\\/az\\\/article\\\/polis-berdede-saxlanilan-vetendasin-iddialari-ile-razilasmir\\\/\",\"url\":\"https:\\\/\\\/www.meydan.tv\\\/az\\\/article\\\/polis-berdede-saxlanilan-vetendasin-iddialari-ile-razilasmir\\\/\",\"name\":\"Polis B\u0259rd\u0259d\u0259 saxlan\u0131lan v\u0259t\u0259nda\u015f\u0131n iddialar\u0131 il\u0259 raz\u0131la\u015fm\u0131r - MEYDAN.TV\",\"isPartOf\":{\"@id\":\"https:\\\/\\\/www.meydan.tv\\\/az\\\/#website\"},\"primaryImageOfPage\":{\"@id\":\"https:\\\/\\\/www.meydan.tv\\\/az\\\/article\\\/polis-berdede-saxlanilan-vetendasin-iddialari-ile-razilasmir\\\/#primaryimage\"},\"image\":{\"@id\":\"https:\\\/\\\/www.meydan.tv\\\/az\\\/article\\\/polis-berdede-saxlanilan-vetendasin-iddialari-ile-razilasmir\\\/#primaryimage\"},\"thumbnailUrl\":\"https:\\\/\\\/www.meydan.tv\\\/wp-content\\\/uploads\\\/img-20220329-wa0014.jpg\",\"datePublished\":\"2023-03-02T13:44:53+00:00\",\"dateModified\":\"2023-03-02T13:44:58+00:00\",\"breadcrumb\":{\"@id\":\"https:\\\/\\\/www.meydan.tv\\\/az\\\/article\\\/polis-berdede-saxlanilan-vetendasin-iddialari-ile-razilasmir\\\/#breadcrumb\"},\"inLanguage\":\"az\",\"potentialAction\":[{\"@type\":\"ReadAction\",\"target\":[\"https:\\\/\\\/www.meydan.tv\\\/az\\\/article\\\/polis-berdede-saxlanilan-vetendasin-iddialari-ile-razilasmir\\\/\"]}]},{\"@type\":\"ImageObject\",\"inLanguage\":\"az\",\"@id\":\"https:\\\/\\\/www.meydan.tv\\\/az\\\/article\\\/polis-berdede-saxlanilan-vetendasin-iddialari-ile-razilasmir\\\/#primaryimage\",\"url\":\"https:\\\/\\\/www.meydan.tv\\\/wp-content\\\/uploads\\\/img-20220329-wa0014.jpg\",\"contentUrl\":\"https:\\\/\\\/www.meydan.tv\\\/wp-content\\\/uploads\\\/img-20220329-wa0014.jpg\",\"width\":848,\"height\":480,\"caption\":\"C\u0259bray\u0131l Rayon Polis \u015e\u00f6b\u0259si. M\u0259nb\u0259: D\u0130N\"},{\"@type\":\"BreadcrumbList\",\"@id\":\"https:\\\/\\\/www.meydan.tv\\\/az\\\/article\\\/polis-berdede-saxlanilan-vetendasin-iddialari-ile-razilasmir\\\/#breadcrumb\",\"itemListElement\":[{\"@type\":\"ListItem\",\"position\":1,\"name\":\"Ana s\u0259hif\u0259\",\"item\":\"https:\\\/\\\/www.meydan.tv\\\/az\\\/\"},{\"@type\":\"ListItem\",\"position\":2,\"name\":\"X\u0259b\u0259rl\u0259r\",\"item\":\"https:\\\/\\\/www.meydan.tv\\\/az\\\/section\\\/xeberler\\\/\"},{\"@type\":\"ListItem\",\"position\":3,\"name\":\"Polis B\u0259rd\u0259d\u0259 saxlan\u0131lan v\u0259t\u0259nda\u015f\u0131n iddialar\u0131 il\u0259 raz\u0131la\u015fm\u0131r\"}]},{\"@type\":\"WebSite\",\"@id\":\"https:\\\/\\\/www.meydan.tv\\\/az\\\/#website\",\"url\":\"https:\\\/\\\/www.meydan.tv\\\/az\\\/\",\"name\":\"MEYDAN.TV\",\"description\":\"Meydan TV Az\u0259rbaycan\u0131n media m\u0259kan\u0131ndak\u0131 alternativ s\u0259sidir\",\"publisher\":{\"@id\":\"https:\\\/\\\/www.meydan.tv\\\/az\\\/#organization\"},\"potentialAction\":[{\"@type\":\"SearchAction\",\"target\":{\"@type\":\"EntryPoint\",\"urlTemplate\":\"https:\\\/\\\/www.meydan.tv\\\/az\\\/?s={search_term_string}\"},\"query-input\":{\"@type\":\"PropertyValueSpecification\",\"valueRequired\":true,\"valueName\":\"search_term_string\"}}],\"inLanguage\":\"az\"},{\"@type\":\"Organization\",\"@id\":\"https:\\\/\\\/www.meydan.tv\\\/az\\\/#organization\",\"name\":\"Meydan TV\",\"url\":\"https:\\\/\\\/www.meydan.tv\\\/az\\\/\",\"logo\":{\"@type\":\"ImageObject\",\"inLanguage\":\"az\",\"@id\":\"https:\\\/\\\/www.meydan.tv\\\/az\\\/#\\\/schema\\\/logo\\\/image\\\/\",\"url\":\"https:\\\/\\\/www.meydan.tv\\\/wp-content\\\/uploads\\\/2021\\\/07\\\/meydan-logo.svg\",\"contentUrl\":\"https:\\\/\\\/www.meydan.tv\\\/wp-content\\\/uploads\\\/2021\\\/07\\\/meydan-logo.svg\",\"width\":195,\"height\":46,\"caption\":\"Meydan TV\"},\"image\":{\"@id\":\"https:\\\/\\\/www.meydan.tv\\\/az\\\/#\\\/schema\\\/logo\\\/image\\\/\"}},{\"@type\":\"Person\",\"@id\":\"https:\\\/\\\/www.meydan.tv\\\/az\\\/#\\\/schema\\\/person\\\/981b0b284aeaa9ad0cbf814cd4a9d67c\",\"name\":\"miron\"}]}<\/script>\n<!-- \/ Yoast SEO plugin. -->","yoast_head_json":{"title":"Polis B\u0259rd\u0259d\u0259 saxlan\u0131lan v\u0259t\u0259nda\u015f\u0131n iddialar\u0131 il\u0259 raz\u0131la\u015fm\u0131r - MEYDAN.TV","robots":{"index":"index","follow":"follow","max-snippet":"max-snippet:-1","max-image-preview":"max-image-preview:large","max-video-preview":"max-video-preview:-1"},"canonical":"https:\/\/www.meydan.tv\/az\/article\/polis-berdede-saxlanilan-vetendasin-iddialari-ile-razilasmir\/","og_locale":"az_AZ","og_type":"article","og_title":"Polis B\u0259rd\u0259d\u0259 saxlan\u0131lan v\u0259t\u0259nda\u015f\u0131n iddialar\u0131 il\u0259 raz\u0131la\u015fm\u0131r - MEYDAN.TV","og_description":"\u201cB\u0259rd\u0259 Rayon Polis \u015e\u00f6b\u0259sinin \u0259m\u0259kda\u015flar\u0131 il\u0259 ba\u011fl\u0131 iddialar h\u0259qiq\u0259ti \u0259ks ... Davam\u0131","og_url":"https:\/\/www.meydan.tv\/az\/article\/polis-berdede-saxlanilan-vetendasin-iddialari-ile-razilasmir\/","og_site_name":"MEYDAN.TV","article_published_time":"2023-03-02T13:44:53+00:00","article_modified_time":"2023-03-02T13:44:58+00:00","og_image":[{"width":848,"height":480,"url":"https:\/\/www.meydan.tv\/wp-content\/uploads\/img-20220329-wa0014.jpg","type":"image\/jpeg"}],"author":"miron","twitter_card":"summary_large_image","schema":{"@context":"https:\/\/schema.org","@graph":[{"@type":"Article","@id":"https:\/\/www.meydan.tv\/az\/article\/polis-berdede-saxlanilan-vetendasin-iddialari-ile-razilasmir\/#article","isPartOf":{"@id":"https:\/\/www.meydan.tv\/az\/article\/polis-berdede-saxlanilan-vetendasin-iddialari-ile-razilasmir\/"},"author":{"name":"miron","@id":"https:\/\/www.meydan.tv\/az\/#\/schema\/person\/981b0b284aeaa9ad0cbf814cd4a9d67c"},"headline":"Polis B\u0259rd\u0259d\u0259 saxlan\u0131lan v\u0259t\u0259nda\u015f\u0131n iddialar\u0131 il\u0259 raz\u0131la\u015fm\u0131r","datePublished":"2023-03-02T13:44:53+00:00","dateModified":"2023-03-02T13:44:58+00:00","mainEntityOfPage":{"@id":"https:\/\/www.meydan.tv\/az\/article\/polis-berdede-saxlanilan-vetendasin-iddialari-ile-razilasmir\/"},"wordCount":817,"publisher":{"@id":"https:\/\/www.meydan.tv\/az\/#organization"},"image":{"@id":"https:\/\/www.meydan.tv\/az\/article\/polis-berdede-saxlanilan-vetendasin-iddialari-ile-razilasmir\/#primaryimage"},"thumbnailUrl":"https:\/\/www.meydan.tv\/wp-content\/uploads\/img-20220329-wa0014.jpg","articleSection":["B\u00f6lg\u0259","X\u0259b\u0259rl\u0259r"],"inLanguage":"az"},{"@type":"WebPage","@id":"https:\/\/www.meydan.tv\/az\/article\/polis-berdede-saxlanilan-vetendasin-iddialari-ile-razilasmir\/","url":"https:\/\/www.meydan.tv\/az\/article\/polis-berdede-saxlanilan-vetendasin-iddialari-ile-razilasmir\/","name":"Polis B\u0259rd\u0259d\u0259 saxlan\u0131lan v\u0259t\u0259nda\u015f\u0131n iddialar\u0131 il\u0259 raz\u0131la\u015fm\u0131r - MEYDAN.TV","isPartOf":{"@id":"https:\/\/www.meydan.tv\/az\/#website"},"primaryImageOfPage":{"@id":"https:\/\/www.meydan.tv\/az\/article\/polis-berdede-saxlanilan-vetendasin-iddialari-ile-razilasmir\/#primaryimage"},"image":{"@id":"https:\/\/www.meydan.tv\/az\/article\/polis-berdede-saxlanilan-vetendasin-iddialari-ile-razilasmir\/#primaryimage"},"thumbnailUrl":"https:\/\/www.meydan.tv\/wp-content\/uploads\/img-20220329-wa0014.jpg","datePublished":"2023-03-02T13:44:53+00:00","dateModified":"2023-03-02T13:44:58+00:00","breadcrumb":{"@id":"https:\/\/www.meydan.tv\/az\/article\/polis-berdede-saxlanilan-vetendasin-iddialari-ile-razilasmir\/#breadcrumb"},"inLanguage":"az","potentialAction":[{"@type":"ReadAction","target":["https:\/\/www.meydan.tv\/az\/article\/polis-berdede-saxlanilan-vetendasin-iddialari-ile-razilasmir\/"]}]},{"@type":"ImageObject","inLanguage":"az","@id":"https:\/\/www.meydan.tv\/az\/article\/polis-berdede-saxlanilan-vetendasin-iddialari-ile-razilasmir\/#primaryimage","url":"https:\/\/www.meydan.tv\/wp-content\/uploads\/img-20220329-wa0014.jpg","contentUrl":"https:\/\/www.meydan.tv\/wp-content\/uploads\/img-20220329-wa0014.jpg","width":848,"height":480,"caption":"C\u0259bray\u0131l Rayon Polis \u015e\u00f6b\u0259si. M\u0259nb\u0259: D\u0130N"},{"@type":"BreadcrumbList","@id":"https:\/\/www.meydan.tv\/az\/article\/polis-berdede-saxlanilan-vetendasin-iddialari-ile-razilasmir\/#breadcrumb","itemListElement":[{"@type":"ListItem","position":1,"name":"Ana s\u0259hif\u0259","item":"https:\/\/www.meydan.tv\/az\/"},{"@type":"ListItem","position":2,"name":"X\u0259b\u0259rl\u0259r","item":"https:\/\/www.meydan.tv\/az\/section\/xeberler\/"},{"@type":"ListItem","position":3,"name":"Polis B\u0259rd\u0259d\u0259 saxlan\u0131lan v\u0259t\u0259nda\u015f\u0131n iddialar\u0131 il\u0259 raz\u0131la\u015fm\u0131r"}]},{"@type":"WebSite","@id":"https:\/\/www.meydan.tv\/az\/#website","url":"https:\/\/www.meydan.tv\/az\/","name":"MEYDAN.TV","description":"Meydan TV Az\u0259rbaycan\u0131n media m\u0259kan\u0131ndak\u0131 alternativ s\u0259sidir","publisher":{"@id":"https:\/\/www.meydan.tv\/az\/#organization"},"potentialAction":[{"@type":"SearchAction","target":{"@type":"EntryPoint","urlTemplate":"https:\/\/www.meydan.tv\/az\/?s={search_term_string}"},"query-input":{"@type":"PropertyValueSpecification","valueRequired":true,"valueName":"search_term_string"}}],"inLanguage":"az"},{"@type":"Organization","@id":"https:\/\/www.meydan.tv\/az\/#organization","name":"Meydan TV","url":"https:\/\/www.meydan.tv\/az\/","logo":{"@type":"ImageObject","inLanguage":"az","@id":"https:\/\/www.meydan.tv\/az\/#\/schema\/logo\/image\/","url":"https:\/\/www.meydan.tv\/wp-content\/uploads\/2021\/07\/meydan-logo.svg","contentUrl":"https:\/\/www.meydan.tv\/wp-content\/uploads\/2021\/07\/meydan-logo.svg","width":195,"height":46,"caption":"Meydan TV"},"image":{"@id":"https:\/\/www.meydan.tv\/az\/#\/schema\/logo\/image\/"}},{"@type":"Person","@id":"https:\/\/www.meydan.tv\/az\/#\/schema\/person\/981b0b284aeaa9ad0cbf814cd4a9d67c","name":"miron"}]}},"_links":{"self":[{"href":"https:\/\/www.meydan.tv\/az\/wp-json\/wp\/v2\/posts\/269815","targetHints":{"allow":["GET"]}}],"collection":[{"href":"https:\/\/www.meydan.tv\/az\/wp-json\/wp\/v2\/posts"}],"about":[{"href":"https:\/\/www.meydan.tv\/az\/wp-json\/wp\/v2\/types\/post"}],"author":[{"embeddable":true,"href":"https:\/\/www.meydan.tv\/az\/wp-json\/wp\/v2\/users\/18"}],"replies":[{"embeddable":true,"href":"https:\/\/www.meydan.tv\/az\/wp-json\/wp\/v2\/comments?post=269815"}],"version-history":[{"count":2,"href":"https:\/\/www.meydan.tv\/az\/wp-json\/wp\/v2\/posts\/269815\/revisions"}],"predecessor-version":[{"id":269821,"href":"https:\/\/www.meydan.tv\/az\/wp-json\/wp\/v2\/posts\/269815\/revisions\/269821"}],"wp:featuredmedia":[{"embeddable":true,"href":"https:\/\/www.meydan.tv\/az\/wp-json\/wp\/v2\/media\/252756"}],"wp:attachment":[{"href":"https:\/\/www.meydan.tv\/az\/wp-json\/wp\/v2\/media?parent=269815"}],"wp:term":[{"taxonomy":"category","embeddable":true,"href":"https:\/\/www.meydan.tv\/az\/wp-json\/wp\/v2\/categories?post=269815"},{"taxonomy":"post_tag","embeddable":true,"href":"https:\/\/www.meydan.tv\/az\/wp-json\/wp\/v2\/tags?post=269815"}],"curies":[{"name":"wp","href":"https:\/\/api.w.org\/{rel}","templated":true}]}}