{"id":269744,"date":"2023-03-01T17:25:14","date_gmt":"2023-03-01T13:25:14","guid":{"rendered":"https:\/\/www.meydan.tv\/?p=269744"},"modified":"2023-03-01T17:25:21","modified_gmt":"2023-03-01T13:25:21","slug":"medeniyyet-nazirinin-iki-muavini-isden-cixarildi-yeni-muavin-teyin-olundu","status":"publish","type":"post","link":"https:\/\/www.meydan.tv\/az\/article\/medeniyyet-nazirinin-iki-muavini-isden-cixarildi-yeni-muavin-teyin-olundu\/","title":{"rendered":"<strong>M\u0259d\u0259niyy\u0259t nazirinin iki m\u00fcavini i\u015fd\u0259n \u00e7\u0131xar\u0131ld\u0131, yeni m\u00fcavin t\u0259yin olundu<\/strong>"},"content":{"rendered":"\n<p><em>S\u0259ad\u0259t Yusifova nazir m\u00fcavini t\u0259yin edilib<\/em><\/p>\n\n\n\n<p>M\u0259d\u0259niyy\u0259t nazirinin birinci <a href=\"https:\/\/culture.gov.az\/az\/umumi-xeberler\/15055\">m\u00fcavini<\/a> Vaqif \u018fliyev v\u0259 m\u0259d\u0259niyy\u0259t nazirinin m\u00fcavini Sevda M\u0259mm\u0259d\u0259liyeva tutduqlar\u0131 v\u0259zif\u0259d\u0259n <a href=\"https:\/\/culture.gov.az\/az\/umumi-xeberler\/15056\">azad edilibl\u0259r.<\/a><\/p>\n\n\n\n<figure class=\"wp-block-image size-full\"><img decoding=\"async\" width=\"1200\" height=\"800\" data-src=\"https:\/\/www.meydan.tv\/wp-content\/uploads\/image-25.png\" alt=\"\" class=\"wp-image-269748 lazyload\" src=\"data:image\/svg+xml;base64,PHN2ZyB3aWR0aD0iMSIgaGVpZ2h0PSIxIiB4bWxucz0iaHR0cDovL3d3dy53My5vcmcvMjAwMC9zdmciPjwvc3ZnPg==\" style=\"--smush-placeholder-width: 1200px; --smush-placeholder-aspect-ratio: 1200\/800;\" \/><\/figure>\n\n\n\n<p>Bu bar\u0259d\u0259 Prezident \u0130lham \u018fliyev s\u0259r\u0259ncam imzalay\u0131b.<\/p>\n\n\n\n<p>\u0130lham \u018fliyevin dig\u0259r s\u0259r\u0259ncam\u0131 il\u0259 S\u0259ad\u0259t Yusifova m\u0259d\u0259niyy\u0259t nazirinin m\u00fcavini <a href=\"https:\/\/culture.gov.az\/az\/umumi-xeberler\/15054\">t\u0259yin edilib<\/a>.<\/p>\n\n\n\n<figure class=\"wp-block-image size-large\"><img decoding=\"async\" width=\"1200\" height=\"759\" data-src=\"https:\/\/www.meydan.tv\/wp-content\/uploads\/image-26-1200x759.png\" alt=\"\" class=\"wp-image-269752 lazyload\" src=\"data:image\/svg+xml;base64,PHN2ZyB3aWR0aD0iMSIgaGVpZ2h0PSIxIiB4bWxucz0iaHR0cDovL3d3dy53My5vcmcvMjAwMC9zdmciPjwvc3ZnPg==\" style=\"--smush-placeholder-width: 1200px; --smush-placeholder-aspect-ratio: 1200\/759;\" \/><figcaption class=\"wp-element-caption\">M\u0259nb\u0259: Trend<\/figcaption><\/figure>\n\n\n\n<p>S\u0259ad\u0259t Yusifova 1998-ci ild\u0259 \u201cH\u0259r g\u00fcn\u201d q\u0259zetind\u0259 jurnalist kimi f\u0259aliyy\u0259t g\u00f6st\u0259rib.<\/p>\n\n\n\n<p>H\u00fcquq \u00fczr\u0259 f\u0259ls\u0259f\u0259 doktorudur.<\/p>\n\n\n\n<p>Bu t\u0259yinata q\u0259d\u0259r o, Prezident Administrasiyas\u0131n\u0131n Qeyri-h\u00f6kum\u0259t t\u0259\u015fkilatlar\u0131 il\u0259 i\u015f v\u0259 kommunikasiya \u015f\u00f6b\u0259sinin m\u00fcdir m\u00fcavini v\u0259zif\u0259sind\u0259 i\u015fl\u0259yirdi.<\/p>\n\n\n\n<p>V\u0259zif\u0259d\u0259n \u00e7\u0131xar\u0131lan Sevda M\u0259mm\u0259d\u0259liyevaya g\u0259linc\u0259, o, 1999-cu ild\u0259n m\u0259d\u0259niyy\u0259t nazirinin m\u00fcavini, Vaqif \u018fliyev is\u0259 2011-ci ild\u0259n m\u0259d\u0259niyy\u0259t v\u0259 turizm nazirinin birinci m\u00fcavini, 2018-ci il tarixli s\u0259r\u0259ncam\u0131 il\u0259 is\u0259 m\u0259d\u0259niyy\u0259t nazirinin birinci m\u00fcavini v\u0259zif\u0259sin\u0259 t\u0259yin olunmu\u015fdu.<\/p>\n\n\n\n<p>2022-ci il dekabr\u0131n 22-d\u0259 Prezident \u0130lham \u018fliyev m\u0259d\u0259niyy\u0259t naziri Anar K\u0259rimovu v\u0259zif\u0259sind\u0259n azad edib.<\/p>\n\n\n\n<p>M\u0259d\u0259niyy\u0259t nazir v\u0259zif\u0259sinin m\u00fcv\u0259qq\u0259ti icras\u0131n\u0131 Adil K\u0259rimliy\u0259 h\u0259val\u0259 edib.<\/p>\n\n\n\n<p>Adil K\u0259rimli \u00f6t\u0259n g\u00fcn &#8211; fevral\u0131n 28-d\u0259 Milli M\u0259clisin M\u0259d\u0259niyy\u0259t komit\u0259si il\u0259 \u018fqli M\u00fclkiyy\u0259t Agentliyinin t\u0259\u015fkil etdiyi birg\u0259 ictimai dinl\u0259m\u0259l\u0259r zaman\u0131 demi\u015fdi ki, M\u0259d\u0259niyy\u0259t Nazirliyind\u0259 kadrlarla ba\u011fl\u0131 probleml\u0259r <a href=\"https:\/\/storage.googleapis.com\/qurium\/www.meydan.tv\/az-article-adil-kerimli-evvelki-rehberliyin-kadr-siyasetini-tenqid-edib.html\">m\u00f6vcuddur<\/a>.<\/p>\n","protected":false},"excerpt":{"rendered":"<p>S\u0259ad\u0259t Yusifova nazir m\u00fcavini t\u0259yin edilib M\u0259d\u0259niyy\u0259t nazirinin birinci m\u00fcavini &#8230; <\/p>\n<p class=\"read-more-container\"><a title=\"M\u0259d\u0259niyy\u0259t nazirinin iki m\u00fcavini i\u015fd\u0259n \u00e7\u0131xar\u0131ld\u0131, yeni m\u00fcavin t\u0259yin olundu\" class=\"read-more button\" href=\"https:\/\/www.meydan.tv\/az\/article\/medeniyyet-nazirinin-iki-muavini-isden-cixarildi-yeni-muavin-teyin-olundu\/#more-269744\" aria-label=\"Read more about M\u0259d\u0259niyy\u0259t nazirinin iki m\u00fcavini i\u015fd\u0259n \u00e7\u0131xar\u0131ld\u0131, yeni m\u00fcavin t\u0259yin olundu\">Davam\u0131<\/a><\/p>\n","protected":false},"author":18,"featured_media":155112,"comment_status":"closed","ping_status":"closed","sticky":false,"template":"","format":"standard","meta":{"_acf_changed":false,"_sitemap_exclude":false,"_sitemap_priority":"","_sitemap_frequency":"","footnotes":""},"categories":[52,56],"tags":[],"class_list":["post-269744","post","type-post","status-publish","format-standard","has-post-thumbnail","hentry","category-medeniyyet","category-xeberler","infinite-scroll-item","generate-columns","tablet-grid-50","mobile-grid-100","grid-parent","grid-33","no-featured-image-padding"],"acf":[],"yoast_head":"<!-- This site is optimized with the Yoast SEO plugin v27.4 - https:\/\/yoast.com\/product\/yoast-seo-wordpress\/ -->\n<title>M\u0259d\u0259niyy\u0259t nazirinin iki m\u00fcavini i\u015fd\u0259n \u00e7\u0131xar\u0131ld\u0131, yeni m\u00fcavin t\u0259yin olundu - MEYDAN.TV<\/title>\n<meta name=\"robots\" content=\"index, follow, max-snippet:-1, max-image-preview:large, max-video-preview:-1\" \/>\n<link rel=\"canonical\" href=\"https:\/\/www.meydan.tv\/az\/article\/medeniyyet-nazirinin-iki-muavini-isden-cixarildi-yeni-muavin-teyin-olundu\/\" \/>\n<meta property=\"og:locale\" content=\"az_AZ\" \/>\n<meta property=\"og:type\" content=\"article\" \/>\n<meta property=\"og:title\" content=\"M\u0259d\u0259niyy\u0259t nazirinin iki m\u00fcavini i\u015fd\u0259n \u00e7\u0131xar\u0131ld\u0131, yeni m\u00fcavin t\u0259yin olundu - MEYDAN.TV\" \/>\n<meta property=\"og:description\" content=\"S\u0259ad\u0259t Yusifova nazir m\u00fcavini t\u0259yin edilib M\u0259d\u0259niyy\u0259t nazirinin birinci m\u00fcavini ... Davam\u0131\" \/>\n<meta property=\"og:url\" content=\"https:\/\/www.meydan.tv\/az\/article\/medeniyyet-nazirinin-iki-muavini-isden-cixarildi-yeni-muavin-teyin-olundu\/\" \/>\n<meta property=\"og:site_name\" content=\"MEYDAN.TV\" \/>\n<meta property=\"article:published_time\" content=\"2023-03-01T13:25:14+00:00\" \/>\n<meta property=\"article:modified_time\" content=\"2023-03-01T13:25:21+00:00\" \/>\n<meta property=\"og:image\" content=\"https:\/\/www.meydan.tv\/wp-content\/uploads\/unnamed_bexrwtg.png\" \/>\n\t<meta property=\"og:image:width\" content=\"813\" \/>\n\t<meta property=\"og:image:height\" content=\"480\" \/>\n\t<meta property=\"og:image:type\" content=\"image\/png\" \/>\n<meta name=\"author\" content=\"miron\" \/>\n<meta name=\"twitter:card\" content=\"summary_large_image\" \/>\n<script type=\"application\/ld+json\" class=\"yoast-schema-graph\">{\"@context\":\"https:\\\/\\\/schema.org\",\"@graph\":[{\"@type\":\"Article\",\"@id\":\"https:\\\/\\\/www.meydan.tv\\\/az\\\/article\\\/medeniyyet-nazirinin-iki-muavini-isden-cixarildi-yeni-muavin-teyin-olundu\\\/#article\",\"isPartOf\":{\"@id\":\"https:\\\/\\\/www.meydan.tv\\\/az\\\/article\\\/medeniyyet-nazirinin-iki-muavini-isden-cixarildi-yeni-muavin-teyin-olundu\\\/\"},\"author\":{\"name\":\"miron\",\"@id\":\"https:\\\/\\\/www.meydan.tv\\\/az\\\/#\\\/schema\\\/person\\\/981b0b284aeaa9ad0cbf814cd4a9d67c\"},\"headline\":\"M\u0259d\u0259niyy\u0259t nazirinin iki m\u00fcavini i\u015fd\u0259n \u00e7\u0131xar\u0131ld\u0131, yeni m\u00fcavin t\u0259yin olundu\",\"datePublished\":\"2023-03-01T13:25:14+00:00\",\"dateModified\":\"2023-03-01T13:25:21+00:00\",\"mainEntityOfPage\":{\"@id\":\"https:\\\/\\\/www.meydan.tv\\\/az\\\/article\\\/medeniyyet-nazirinin-iki-muavini-isden-cixarildi-yeni-muavin-teyin-olundu\\\/\"},\"wordCount\":311,\"publisher\":{\"@id\":\"https:\\\/\\\/www.meydan.tv\\\/az\\\/#organization\"},\"image\":{\"@id\":\"https:\\\/\\\/www.meydan.tv\\\/az\\\/article\\\/medeniyyet-nazirinin-iki-muavini-isden-cixarildi-yeni-muavin-teyin-olundu\\\/#primaryimage\"},\"thumbnailUrl\":\"https:\\\/\\\/www.meydan.tv\\\/wp-content\\\/uploads\\\/unnamed_bexrwtg.png\",\"articleSection\":[\"M\u0259d\u0259niyy\u0259t\",\"X\u0259b\u0259rl\u0259r\"],\"inLanguage\":\"az\"},{\"@type\":\"WebPage\",\"@id\":\"https:\\\/\\\/www.meydan.tv\\\/az\\\/article\\\/medeniyyet-nazirinin-iki-muavini-isden-cixarildi-yeni-muavin-teyin-olundu\\\/\",\"url\":\"https:\\\/\\\/www.meydan.tv\\\/az\\\/article\\\/medeniyyet-nazirinin-iki-muavini-isden-cixarildi-yeni-muavin-teyin-olundu\\\/\",\"name\":\"M\u0259d\u0259niyy\u0259t nazirinin iki m\u00fcavini i\u015fd\u0259n \u00e7\u0131xar\u0131ld\u0131, yeni m\u00fcavin t\u0259yin olundu - MEYDAN.TV\",\"isPartOf\":{\"@id\":\"https:\\\/\\\/www.meydan.tv\\\/az\\\/#website\"},\"primaryImageOfPage\":{\"@id\":\"https:\\\/\\\/www.meydan.tv\\\/az\\\/article\\\/medeniyyet-nazirinin-iki-muavini-isden-cixarildi-yeni-muavin-teyin-olundu\\\/#primaryimage\"},\"image\":{\"@id\":\"https:\\\/\\\/www.meydan.tv\\\/az\\\/article\\\/medeniyyet-nazirinin-iki-muavini-isden-cixarildi-yeni-muavin-teyin-olundu\\\/#primaryimage\"},\"thumbnailUrl\":\"https:\\\/\\\/www.meydan.tv\\\/wp-content\\\/uploads\\\/unnamed_bexrwtg.png\",\"datePublished\":\"2023-03-01T13:25:14+00:00\",\"dateModified\":\"2023-03-01T13:25:21+00:00\",\"breadcrumb\":{\"@id\":\"https:\\\/\\\/www.meydan.tv\\\/az\\\/article\\\/medeniyyet-nazirinin-iki-muavini-isden-cixarildi-yeni-muavin-teyin-olundu\\\/#breadcrumb\"},\"inLanguage\":\"az\",\"potentialAction\":[{\"@type\":\"ReadAction\",\"target\":[\"https:\\\/\\\/www.meydan.tv\\\/az\\\/article\\\/medeniyyet-nazirinin-iki-muavini-isden-cixarildi-yeni-muavin-teyin-olundu\\\/\"]}]},{\"@type\":\"ImageObject\",\"inLanguage\":\"az\",\"@id\":\"https:\\\/\\\/www.meydan.tv\\\/az\\\/article\\\/medeniyyet-nazirinin-iki-muavini-isden-cixarildi-yeni-muavin-teyin-olundu\\\/#primaryimage\",\"url\":\"https:\\\/\\\/www.meydan.tv\\\/wp-content\\\/uploads\\\/unnamed_bexrwtg.png\",\"contentUrl\":\"https:\\\/\\\/www.meydan.tv\\\/wp-content\\\/uploads\\\/unnamed_bexrwtg.png\",\"width\":813,\"height\":480,\"caption\":\"Foto: M\u0259d\u0259niyy\u0259t Nazirliyi\"},{\"@type\":\"BreadcrumbList\",\"@id\":\"https:\\\/\\\/www.meydan.tv\\\/az\\\/article\\\/medeniyyet-nazirinin-iki-muavini-isden-cixarildi-yeni-muavin-teyin-olundu\\\/#breadcrumb\",\"itemListElement\":[{\"@type\":\"ListItem\",\"position\":1,\"name\":\"Ana s\u0259hif\u0259\",\"item\":\"https:\\\/\\\/www.meydan.tv\\\/az\\\/\"},{\"@type\":\"ListItem\",\"position\":2,\"name\":\"X\u0259b\u0259rl\u0259r\",\"item\":\"https:\\\/\\\/www.meydan.tv\\\/az\\\/section\\\/xeberler\\\/\"},{\"@type\":\"ListItem\",\"position\":3,\"name\":\"M\u0259d\u0259niyy\u0259t nazirinin iki m\u00fcavini i\u015fd\u0259n \u00e7\u0131xar\u0131ld\u0131, yeni m\u00fcavin t\u0259yin olundu\"}]},{\"@type\":\"WebSite\",\"@id\":\"https:\\\/\\\/www.meydan.tv\\\/az\\\/#website\",\"url\":\"https:\\\/\\\/www.meydan.tv\\\/az\\\/\",\"name\":\"MEYDAN.TV\",\"description\":\"Meydan TV Az\u0259rbaycan\u0131n media m\u0259kan\u0131ndak\u0131 alternativ s\u0259sidir\",\"publisher\":{\"@id\":\"https:\\\/\\\/www.meydan.tv\\\/az\\\/#organization\"},\"potentialAction\":[{\"@type\":\"SearchAction\",\"target\":{\"@type\":\"EntryPoint\",\"urlTemplate\":\"https:\\\/\\\/www.meydan.tv\\\/az\\\/?s={search_term_string}\"},\"query-input\":{\"@type\":\"PropertyValueSpecification\",\"valueRequired\":true,\"valueName\":\"search_term_string\"}}],\"inLanguage\":\"az\"},{\"@type\":\"Organization\",\"@id\":\"https:\\\/\\\/www.meydan.tv\\\/az\\\/#organization\",\"name\":\"Meydan TV\",\"url\":\"https:\\\/\\\/www.meydan.tv\\\/az\\\/\",\"logo\":{\"@type\":\"ImageObject\",\"inLanguage\":\"az\",\"@id\":\"https:\\\/\\\/www.meydan.tv\\\/az\\\/#\\\/schema\\\/logo\\\/image\\\/\",\"url\":\"https:\\\/\\\/www.meydan.tv\\\/wp-content\\\/uploads\\\/2021\\\/07\\\/meydan-logo.svg\",\"contentUrl\":\"https:\\\/\\\/www.meydan.tv\\\/wp-content\\\/uploads\\\/2021\\\/07\\\/meydan-logo.svg\",\"width\":195,\"height\":46,\"caption\":\"Meydan TV\"},\"image\":{\"@id\":\"https:\\\/\\\/www.meydan.tv\\\/az\\\/#\\\/schema\\\/logo\\\/image\\\/\"}},{\"@type\":\"Person\",\"@id\":\"https:\\\/\\\/www.meydan.tv\\\/az\\\/#\\\/schema\\\/person\\\/981b0b284aeaa9ad0cbf814cd4a9d67c\",\"name\":\"miron\"}]}<\/script>\n<!-- \/ Yoast SEO plugin. -->","yoast_head_json":{"title":"M\u0259d\u0259niyy\u0259t nazirinin iki m\u00fcavini i\u015fd\u0259n \u00e7\u0131xar\u0131ld\u0131, yeni m\u00fcavin t\u0259yin olundu - MEYDAN.TV","robots":{"index":"index","follow":"follow","max-snippet":"max-snippet:-1","max-image-preview":"max-image-preview:large","max-video-preview":"max-video-preview:-1"},"canonical":"https:\/\/www.meydan.tv\/az\/article\/medeniyyet-nazirinin-iki-muavini-isden-cixarildi-yeni-muavin-teyin-olundu\/","og_locale":"az_AZ","og_type":"article","og_title":"M\u0259d\u0259niyy\u0259t nazirinin iki m\u00fcavini i\u015fd\u0259n \u00e7\u0131xar\u0131ld\u0131, yeni m\u00fcavin t\u0259yin olundu - MEYDAN.TV","og_description":"S\u0259ad\u0259t Yusifova nazir m\u00fcavini t\u0259yin edilib M\u0259d\u0259niyy\u0259t nazirinin birinci m\u00fcavini ... Davam\u0131","og_url":"https:\/\/www.meydan.tv\/az\/article\/medeniyyet-nazirinin-iki-muavini-isden-cixarildi-yeni-muavin-teyin-olundu\/","og_site_name":"MEYDAN.TV","article_published_time":"2023-03-01T13:25:14+00:00","article_modified_time":"2023-03-01T13:25:21+00:00","og_image":[{"width":813,"height":480,"url":"https:\/\/www.meydan.tv\/wp-content\/uploads\/unnamed_bexrwtg.png","type":"image\/png"}],"author":"miron","twitter_card":"summary_large_image","schema":{"@context":"https:\/\/schema.org","@graph":[{"@type":"Article","@id":"https:\/\/www.meydan.tv\/az\/article\/medeniyyet-nazirinin-iki-muavini-isden-cixarildi-yeni-muavin-teyin-olundu\/#article","isPartOf":{"@id":"https:\/\/www.meydan.tv\/az\/article\/medeniyyet-nazirinin-iki-muavini-isden-cixarildi-yeni-muavin-teyin-olundu\/"},"author":{"name":"miron","@id":"https:\/\/www.meydan.tv\/az\/#\/schema\/person\/981b0b284aeaa9ad0cbf814cd4a9d67c"},"headline":"M\u0259d\u0259niyy\u0259t nazirinin iki m\u00fcavini i\u015fd\u0259n \u00e7\u0131xar\u0131ld\u0131, yeni m\u00fcavin t\u0259yin olundu","datePublished":"2023-03-01T13:25:14+00:00","dateModified":"2023-03-01T13:25:21+00:00","mainEntityOfPage":{"@id":"https:\/\/www.meydan.tv\/az\/article\/medeniyyet-nazirinin-iki-muavini-isden-cixarildi-yeni-muavin-teyin-olundu\/"},"wordCount":311,"publisher":{"@id":"https:\/\/www.meydan.tv\/az\/#organization"},"image":{"@id":"https:\/\/www.meydan.tv\/az\/article\/medeniyyet-nazirinin-iki-muavini-isden-cixarildi-yeni-muavin-teyin-olundu\/#primaryimage"},"thumbnailUrl":"https:\/\/www.meydan.tv\/wp-content\/uploads\/unnamed_bexrwtg.png","articleSection":["M\u0259d\u0259niyy\u0259t","X\u0259b\u0259rl\u0259r"],"inLanguage":"az"},{"@type":"WebPage","@id":"https:\/\/www.meydan.tv\/az\/article\/medeniyyet-nazirinin-iki-muavini-isden-cixarildi-yeni-muavin-teyin-olundu\/","url":"https:\/\/www.meydan.tv\/az\/article\/medeniyyet-nazirinin-iki-muavini-isden-cixarildi-yeni-muavin-teyin-olundu\/","name":"M\u0259d\u0259niyy\u0259t nazirinin iki m\u00fcavini i\u015fd\u0259n \u00e7\u0131xar\u0131ld\u0131, yeni m\u00fcavin t\u0259yin olundu - MEYDAN.TV","isPartOf":{"@id":"https:\/\/www.meydan.tv\/az\/#website"},"primaryImageOfPage":{"@id":"https:\/\/www.meydan.tv\/az\/article\/medeniyyet-nazirinin-iki-muavini-isden-cixarildi-yeni-muavin-teyin-olundu\/#primaryimage"},"image":{"@id":"https:\/\/www.meydan.tv\/az\/article\/medeniyyet-nazirinin-iki-muavini-isden-cixarildi-yeni-muavin-teyin-olundu\/#primaryimage"},"thumbnailUrl":"https:\/\/www.meydan.tv\/wp-content\/uploads\/unnamed_bexrwtg.png","datePublished":"2023-03-01T13:25:14+00:00","dateModified":"2023-03-01T13:25:21+00:00","breadcrumb":{"@id":"https:\/\/www.meydan.tv\/az\/article\/medeniyyet-nazirinin-iki-muavini-isden-cixarildi-yeni-muavin-teyin-olundu\/#breadcrumb"},"inLanguage":"az","potentialAction":[{"@type":"ReadAction","target":["https:\/\/www.meydan.tv\/az\/article\/medeniyyet-nazirinin-iki-muavini-isden-cixarildi-yeni-muavin-teyin-olundu\/"]}]},{"@type":"ImageObject","inLanguage":"az","@id":"https:\/\/www.meydan.tv\/az\/article\/medeniyyet-nazirinin-iki-muavini-isden-cixarildi-yeni-muavin-teyin-olundu\/#primaryimage","url":"https:\/\/www.meydan.tv\/wp-content\/uploads\/unnamed_bexrwtg.png","contentUrl":"https:\/\/www.meydan.tv\/wp-content\/uploads\/unnamed_bexrwtg.png","width":813,"height":480,"caption":"Foto: M\u0259d\u0259niyy\u0259t Nazirliyi"},{"@type":"BreadcrumbList","@id":"https:\/\/www.meydan.tv\/az\/article\/medeniyyet-nazirinin-iki-muavini-isden-cixarildi-yeni-muavin-teyin-olundu\/#breadcrumb","itemListElement":[{"@type":"ListItem","position":1,"name":"Ana s\u0259hif\u0259","item":"https:\/\/www.meydan.tv\/az\/"},{"@type":"ListItem","position":2,"name":"X\u0259b\u0259rl\u0259r","item":"https:\/\/www.meydan.tv\/az\/section\/xeberler\/"},{"@type":"ListItem","position":3,"name":"M\u0259d\u0259niyy\u0259t nazirinin iki m\u00fcavini i\u015fd\u0259n \u00e7\u0131xar\u0131ld\u0131, yeni m\u00fcavin t\u0259yin olundu"}]},{"@type":"WebSite","@id":"https:\/\/www.meydan.tv\/az\/#website","url":"https:\/\/www.meydan.tv\/az\/","name":"MEYDAN.TV","description":"Meydan TV Az\u0259rbaycan\u0131n media m\u0259kan\u0131ndak\u0131 alternativ s\u0259sidir","publisher":{"@id":"https:\/\/www.meydan.tv\/az\/#organization"},"potentialAction":[{"@type":"SearchAction","target":{"@type":"EntryPoint","urlTemplate":"https:\/\/www.meydan.tv\/az\/?s={search_term_string}"},"query-input":{"@type":"PropertyValueSpecification","valueRequired":true,"valueName":"search_term_string"}}],"inLanguage":"az"},{"@type":"Organization","@id":"https:\/\/www.meydan.tv\/az\/#organization","name":"Meydan TV","url":"https:\/\/www.meydan.tv\/az\/","logo":{"@type":"ImageObject","inLanguage":"az","@id":"https:\/\/www.meydan.tv\/az\/#\/schema\/logo\/image\/","url":"https:\/\/www.meydan.tv\/wp-content\/uploads\/2021\/07\/meydan-logo.svg","contentUrl":"https:\/\/www.meydan.tv\/wp-content\/uploads\/2021\/07\/meydan-logo.svg","width":195,"height":46,"caption":"Meydan TV"},"image":{"@id":"https:\/\/www.meydan.tv\/az\/#\/schema\/logo\/image\/"}},{"@type":"Person","@id":"https:\/\/www.meydan.tv\/az\/#\/schema\/person\/981b0b284aeaa9ad0cbf814cd4a9d67c","name":"miron"}]}},"_links":{"self":[{"href":"https:\/\/www.meydan.tv\/az\/wp-json\/wp\/v2\/posts\/269744","targetHints":{"allow":["GET"]}}],"collection":[{"href":"https:\/\/www.meydan.tv\/az\/wp-json\/wp\/v2\/posts"}],"about":[{"href":"https:\/\/www.meydan.tv\/az\/wp-json\/wp\/v2\/types\/post"}],"author":[{"embeddable":true,"href":"https:\/\/www.meydan.tv\/az\/wp-json\/wp\/v2\/users\/18"}],"replies":[{"embeddable":true,"href":"https:\/\/www.meydan.tv\/az\/wp-json\/wp\/v2\/comments?post=269744"}],"version-history":[{"count":1,"href":"https:\/\/www.meydan.tv\/az\/wp-json\/wp\/v2\/posts\/269744\/revisions"}],"predecessor-version":[{"id":269755,"href":"https:\/\/www.meydan.tv\/az\/wp-json\/wp\/v2\/posts\/269744\/revisions\/269755"}],"wp:featuredmedia":[{"embeddable":true,"href":"https:\/\/www.meydan.tv\/az\/wp-json\/wp\/v2\/media\/155112"}],"wp:attachment":[{"href":"https:\/\/www.meydan.tv\/az\/wp-json\/wp\/v2\/media?parent=269744"}],"wp:term":[{"taxonomy":"category","embeddable":true,"href":"https:\/\/www.meydan.tv\/az\/wp-json\/wp\/v2\/categories?post=269744"},{"taxonomy":"post_tag","embeddable":true,"href":"https:\/\/www.meydan.tv\/az\/wp-json\/wp\/v2\/tags?post=269744"}],"curies":[{"name":"wp","href":"https:\/\/api.w.org\/{rel}","templated":true}]}}