{"id":269730,"date":"2023-03-01T17:08:56","date_gmt":"2023-03-01T13:08:56","guid":{"rendered":"https:\/\/www.meydan.tv\/?p=269730"},"modified":"2023-03-01T17:09:01","modified_gmt":"2023-03-01T13:09:01","slug":"reqsane-vilayet-eyvazova-sikayet-edib-polis-reisi-menzilimi-alib-vermir","status":"publish","type":"post","link":"https:\/\/www.meydan.tv\/az\/article\/reqsane-vilayet-eyvazova-sikayet-edib-polis-reisi-menzilimi-alib-vermir\/","title":{"rendered":"R\u0259qsan\u0259 Vilay\u0259t Eyvazova \u015fikay\u0259t edib: &#8220;Polis r\u0259isi m\u0259nzilimi al\u0131b, vermir&#8221;"},"content":{"rendered":"\n<p><em>D\u0130N evin alq\u0131-satq\u0131 \u0259sas\u0131nda al\u0131nd\u0131\u011f\u0131n\u0131 deyir<\/em><\/p>\n\n\n\n<p>M\u00fc\u011f\u0259nni R\u0259qsan\u0259 \u0130smay\u0131lova X\u0259z\u0259r Rayonu Polis \u0130dar\u0259sinin r\u0259isi \u018fli \u0130brahimovdan daxili i\u015fl\u0259r naziri Vilay\u0259t Eyvazova \u015fikay\u0259t edib.<\/p>\n\n\n\n<p>M\u00fc\u011f\u0259nni \u015fikay\u0259ti video formatda \u201c\u0130nstagram\u201d s\u0259hif\u0259sind\u0259 <a href=\"https:\/\/www.instagram.com\/p\/CpPnq52In8c\/\">yerl\u0259\u015fdirib<\/a>.<\/p>\n\n\n\n<p>O deyib ki, 2015-ci ild\u0259 idar\u0259 r\u0259isi ona m\u0259xsus m\u0259nzili al\u0131b v\u0259 geri verm\u0259k ist\u0259mir:<\/p>\n\n\n\n<p>\u201c<em>Art\u0131q yeddi ild\u0259n \u00e7oxdur ki, evimi m\u0259nims\u0259yib, geri qaytarm\u0131r. Bu i\u015fd\u0259 biz\u0259 k\u00f6m\u0259klik etm\u0259yinizi xahi\u015f edir\u0259m. D\u00fc\u015f\u00fcn\u00fcr\u0259m ki, h\u0259r bir m\u0259mur v\u0259t\u0259nda\u015flar\u0131n probleml\u0259rini h\u0259ll etm\u0259y\u0259, onlar\u0131n qay\u011f\u0131s\u0131na qalmal\u0131d\u0131r. Prezident \u0130lham \u018fliyev d\u0259 \u00e7\u0131x\u0131\u015flar\u0131nda vur\u011fulay\u0131r ki, h\u0259r bir m\u0259murun borcu \u00f6z v\u0259t\u0259nda\u015flar\u0131n\u0131n qeydin\u0259 qal\u0131b, onlar\u0131n probleml\u0259rini h\u0259ll etm\u0259kdir. M\u0259nim problems\u0259 bir d\u00f6vl\u0259t m\u0259muru, polis r\u0259isi il\u0259dir\u201d<\/em>.<\/p>\n\n\n\n<p>\u201c<em>Yeddi il \u00e7al\u0131\u015fsam da, bu problemin h\u0259lli yolunu tapa bilm\u0259dim. M\u0259cbur\u0259n sizd\u0259n m\u0259n\u0259 k\u00f6m\u0259k etm\u0259yinizi, bu i\u015fin \u0259dal\u0259tli apar\u0131lmas\u0131 \u00fc\u00e7\u00fcn sizd\u0259n k\u00f6m\u0259k ist\u0259yir\u0259m. Laz\u0131m olarsa, \u0259limd\u0259 yet\u0259rinc\u0259 d\u0259lil-s\u00fcbutlar var. M\u0259n onlar\u0131 t\u0259qdim etm\u0259y\u0259 haz\u0131ram<\/em>\u201d, &#8211; m\u00fc\u011f\u0259nni videom\u00fcraci\u0259tind\u0259 deyib.<\/p>\n\n\n\n<p>Daxili \u0130\u015fl\u0259r Nazirliyinin (D\u0130N) m\u0259tbuat xidm\u0259tinin \u0259m\u0259kda\u015f\u0131, polis mayoru Anar Qafarov Meydan TV-y\u0259 bildirib ki, t\u0259r\u0259fl\u0259r aras\u0131nda 2015-ci ild\u0259 ev alq\u0131-satq\u0131s\u0131 olub:<\/p>\n\n\n\n<p>\u201c<em>H\u0259min evin sat\u0131\u015f\u0131 qanunauy\u011fun olaraq notarial qaydada bank-k\u00f6\u00e7\u00fcrm\u0259 yolu h\u0259yata ke\u00e7irilib. Sonradan qar\u015f\u0131 t\u0259r\u0259f \u00f6d\u0259nil\u0259n m\u0259bl\u0259\u011fi qaytarmadan evi geri t\u0259l\u0259b edib. M\u00fcbahis\u0259, t\u0259r\u0259fl\u0259r aras\u0131nda m\u0259hk\u0259m\u0259 qaydas\u0131nda davam etdirilib. M\u0259hk\u0259m\u0259 iddia\u00e7\u0131n\u0131n t\u0259l\u0259b\u0259ni t\u0259min etm\u0259yib. Qeyd olunanlar\u0131 n\u0259z\u0259r\u0259 alaraq diqq\u0259t\u0259 \u00e7atd\u0131r\u0131r\u0131q ki, iddialar\u0131n h\u00fcquqi \u0259sas\u0131 yoxdur<\/em>\u201d.<\/p>\n","protected":false},"excerpt":{"rendered":"<p>D\u0130N evin alq\u0131-satq\u0131 \u0259sas\u0131nda al\u0131nd\u0131\u011f\u0131n\u0131 deyir M\u00fc\u011f\u0259nni R\u0259qsan\u0259 \u0130smay\u0131lova X\u0259z\u0259r &#8230; <\/p>\n<p class=\"read-more-container\"><a title=\"R\u0259qsan\u0259 Vilay\u0259t Eyvazova \u015fikay\u0259t edib: &#8220;Polis r\u0259isi m\u0259nzilimi al\u0131b, vermir&#8221;\" class=\"read-more button\" href=\"https:\/\/www.meydan.tv\/az\/article\/reqsane-vilayet-eyvazova-sikayet-edib-polis-reisi-menzilimi-alib-vermir\/#more-269730\" aria-label=\"Read more about R\u0259qsan\u0259 Vilay\u0259t Eyvazova \u015fikay\u0259t edib: &#8220;Polis r\u0259isi m\u0259nzilimi al\u0131b, vermir&#8221;\">Davam\u0131<\/a><\/p>\n","protected":false},"author":18,"featured_media":269731,"comment_status":"closed","ping_status":"closed","sticky":false,"template":"","format":"standard","meta":{"_acf_changed":false,"_sitemap_exclude":false,"_sitemap_priority":"","_sitemap_frequency":"","footnotes":""},"categories":[52,56],"tags":[],"class_list":["post-269730","post","type-post","status-publish","format-standard","has-post-thumbnail","hentry","category-medeniyyet","category-xeberler","infinite-scroll-item","generate-columns","tablet-grid-50","mobile-grid-100","grid-parent","grid-33","no-featured-image-padding"],"acf":[],"yoast_head":"<!-- This site is optimized with the Yoast SEO plugin v27.4 - https:\/\/yoast.com\/product\/yoast-seo-wordpress\/ -->\n<title>R\u0259qsan\u0259 Vilay\u0259t Eyvazova \u015fikay\u0259t edib: &quot;Polis r\u0259isi m\u0259nzilimi al\u0131b, vermir&quot; - MEYDAN.TV<\/title>\n<meta name=\"robots\" content=\"index, follow, max-snippet:-1, max-image-preview:large, max-video-preview:-1\" \/>\n<link rel=\"canonical\" href=\"https:\/\/www.meydan.tv\/az\/article\/reqsane-vilayet-eyvazova-sikayet-edib-polis-reisi-menzilimi-alib-vermir\/\" \/>\n<meta property=\"og:locale\" content=\"az_AZ\" \/>\n<meta property=\"og:type\" content=\"article\" \/>\n<meta property=\"og:title\" content=\"R\u0259qsan\u0259 Vilay\u0259t Eyvazova \u015fikay\u0259t edib: &quot;Polis r\u0259isi m\u0259nzilimi al\u0131b, vermir&quot; - MEYDAN.TV\" \/>\n<meta property=\"og:description\" content=\"D\u0130N evin alq\u0131-satq\u0131 \u0259sas\u0131nda al\u0131nd\u0131\u011f\u0131n\u0131 deyir M\u00fc\u011f\u0259nni R\u0259qsan\u0259 \u0130smay\u0131lova X\u0259z\u0259r ... Davam\u0131\" \/>\n<meta property=\"og:url\" content=\"https:\/\/www.meydan.tv\/az\/article\/reqsane-vilayet-eyvazova-sikayet-edib-polis-reisi-menzilimi-alib-vermir\/\" \/>\n<meta property=\"og:site_name\" content=\"MEYDAN.TV\" \/>\n<meta property=\"article:published_time\" content=\"2023-03-01T13:08:56+00:00\" \/>\n<meta property=\"article:modified_time\" content=\"2023-03-01T13:09:01+00:00\" \/>\n<meta property=\"og:image\" content=\"https:\/\/www.meydan.tv\/wp-content\/uploads\/1668927901_fotojet-43.jpg\" \/>\n\t<meta property=\"og:image:width\" content=\"1200\" \/>\n\t<meta property=\"og:image:height\" content=\"700\" \/>\n\t<meta property=\"og:image:type\" content=\"image\/jpeg\" \/>\n<meta name=\"author\" content=\"miron\" \/>\n<meta name=\"twitter:card\" content=\"summary_large_image\" \/>\n<script type=\"application\/ld+json\" class=\"yoast-schema-graph\">{\"@context\":\"https:\\\/\\\/schema.org\",\"@graph\":[{\"@type\":\"Article\",\"@id\":\"https:\\\/\\\/www.meydan.tv\\\/az\\\/article\\\/reqsane-vilayet-eyvazova-sikayet-edib-polis-reisi-menzilimi-alib-vermir\\\/#article\",\"isPartOf\":{\"@id\":\"https:\\\/\\\/www.meydan.tv\\\/az\\\/article\\\/reqsane-vilayet-eyvazova-sikayet-edib-polis-reisi-menzilimi-alib-vermir\\\/\"},\"author\":{\"name\":\"miron\",\"@id\":\"https:\\\/\\\/www.meydan.tv\\\/az\\\/#\\\/schema\\\/person\\\/981b0b284aeaa9ad0cbf814cd4a9d67c\"},\"headline\":\"R\u0259qsan\u0259 Vilay\u0259t Eyvazova \u015fikay\u0259t edib: &#8220;Polis r\u0259isi m\u0259nzilimi al\u0131b, vermir&#8221;\",\"datePublished\":\"2023-03-01T13:08:56+00:00\",\"dateModified\":\"2023-03-01T13:09:01+00:00\",\"mainEntityOfPage\":{\"@id\":\"https:\\\/\\\/www.meydan.tv\\\/az\\\/article\\\/reqsane-vilayet-eyvazova-sikayet-edib-polis-reisi-menzilimi-alib-vermir\\\/\"},\"wordCount\":374,\"publisher\":{\"@id\":\"https:\\\/\\\/www.meydan.tv\\\/az\\\/#organization\"},\"image\":{\"@id\":\"https:\\\/\\\/www.meydan.tv\\\/az\\\/article\\\/reqsane-vilayet-eyvazova-sikayet-edib-polis-reisi-menzilimi-alib-vermir\\\/#primaryimage\"},\"thumbnailUrl\":\"https:\\\/\\\/www.meydan.tv\\\/wp-content\\\/uploads\\\/1668927901_fotojet-43.jpg\",\"articleSection\":[\"M\u0259d\u0259niyy\u0259t\",\"X\u0259b\u0259rl\u0259r\"],\"inLanguage\":\"az\"},{\"@type\":\"WebPage\",\"@id\":\"https:\\\/\\\/www.meydan.tv\\\/az\\\/article\\\/reqsane-vilayet-eyvazova-sikayet-edib-polis-reisi-menzilimi-alib-vermir\\\/\",\"url\":\"https:\\\/\\\/www.meydan.tv\\\/az\\\/article\\\/reqsane-vilayet-eyvazova-sikayet-edib-polis-reisi-menzilimi-alib-vermir\\\/\",\"name\":\"R\u0259qsan\u0259 Vilay\u0259t Eyvazova \u015fikay\u0259t edib: \\\"Polis r\u0259isi m\u0259nzilimi al\u0131b, vermir\\\" - MEYDAN.TV\",\"isPartOf\":{\"@id\":\"https:\\\/\\\/www.meydan.tv\\\/az\\\/#website\"},\"primaryImageOfPage\":{\"@id\":\"https:\\\/\\\/www.meydan.tv\\\/az\\\/article\\\/reqsane-vilayet-eyvazova-sikayet-edib-polis-reisi-menzilimi-alib-vermir\\\/#primaryimage\"},\"image\":{\"@id\":\"https:\\\/\\\/www.meydan.tv\\\/az\\\/article\\\/reqsane-vilayet-eyvazova-sikayet-edib-polis-reisi-menzilimi-alib-vermir\\\/#primaryimage\"},\"thumbnailUrl\":\"https:\\\/\\\/www.meydan.tv\\\/wp-content\\\/uploads\\\/1668927901_fotojet-43.jpg\",\"datePublished\":\"2023-03-01T13:08:56+00:00\",\"dateModified\":\"2023-03-01T13:09:01+00:00\",\"breadcrumb\":{\"@id\":\"https:\\\/\\\/www.meydan.tv\\\/az\\\/article\\\/reqsane-vilayet-eyvazova-sikayet-edib-polis-reisi-menzilimi-alib-vermir\\\/#breadcrumb\"},\"inLanguage\":\"az\",\"potentialAction\":[{\"@type\":\"ReadAction\",\"target\":[\"https:\\\/\\\/www.meydan.tv\\\/az\\\/article\\\/reqsane-vilayet-eyvazova-sikayet-edib-polis-reisi-menzilimi-alib-vermir\\\/\"]}]},{\"@type\":\"ImageObject\",\"inLanguage\":\"az\",\"@id\":\"https:\\\/\\\/www.meydan.tv\\\/az\\\/article\\\/reqsane-vilayet-eyvazova-sikayet-edib-polis-reisi-menzilimi-alib-vermir\\\/#primaryimage\",\"url\":\"https:\\\/\\\/www.meydan.tv\\\/wp-content\\\/uploads\\\/1668927901_fotojet-43.jpg\",\"contentUrl\":\"https:\\\/\\\/www.meydan.tv\\\/wp-content\\\/uploads\\\/1668927901_fotojet-43.jpg\",\"width\":1200,\"height\":700},{\"@type\":\"BreadcrumbList\",\"@id\":\"https:\\\/\\\/www.meydan.tv\\\/az\\\/article\\\/reqsane-vilayet-eyvazova-sikayet-edib-polis-reisi-menzilimi-alib-vermir\\\/#breadcrumb\",\"itemListElement\":[{\"@type\":\"ListItem\",\"position\":1,\"name\":\"Ana s\u0259hif\u0259\",\"item\":\"https:\\\/\\\/www.meydan.tv\\\/az\\\/\"},{\"@type\":\"ListItem\",\"position\":2,\"name\":\"X\u0259b\u0259rl\u0259r\",\"item\":\"https:\\\/\\\/www.meydan.tv\\\/az\\\/section\\\/xeberler\\\/\"},{\"@type\":\"ListItem\",\"position\":3,\"name\":\"R\u0259qsan\u0259 Vilay\u0259t Eyvazova \u015fikay\u0259t edib: &#8220;Polis r\u0259isi m\u0259nzilimi al\u0131b, vermir&#8221;\"}]},{\"@type\":\"WebSite\",\"@id\":\"https:\\\/\\\/www.meydan.tv\\\/az\\\/#website\",\"url\":\"https:\\\/\\\/www.meydan.tv\\\/az\\\/\",\"name\":\"MEYDAN.TV\",\"description\":\"Meydan TV Az\u0259rbaycan\u0131n media m\u0259kan\u0131ndak\u0131 alternativ s\u0259sidir\",\"publisher\":{\"@id\":\"https:\\\/\\\/www.meydan.tv\\\/az\\\/#organization\"},\"potentialAction\":[{\"@type\":\"SearchAction\",\"target\":{\"@type\":\"EntryPoint\",\"urlTemplate\":\"https:\\\/\\\/www.meydan.tv\\\/az\\\/?s={search_term_string}\"},\"query-input\":{\"@type\":\"PropertyValueSpecification\",\"valueRequired\":true,\"valueName\":\"search_term_string\"}}],\"inLanguage\":\"az\"},{\"@type\":\"Organization\",\"@id\":\"https:\\\/\\\/www.meydan.tv\\\/az\\\/#organization\",\"name\":\"Meydan TV\",\"url\":\"https:\\\/\\\/www.meydan.tv\\\/az\\\/\",\"logo\":{\"@type\":\"ImageObject\",\"inLanguage\":\"az\",\"@id\":\"https:\\\/\\\/www.meydan.tv\\\/az\\\/#\\\/schema\\\/logo\\\/image\\\/\",\"url\":\"https:\\\/\\\/www.meydan.tv\\\/wp-content\\\/uploads\\\/2021\\\/07\\\/meydan-logo.svg\",\"contentUrl\":\"https:\\\/\\\/www.meydan.tv\\\/wp-content\\\/uploads\\\/2021\\\/07\\\/meydan-logo.svg\",\"width\":195,\"height\":46,\"caption\":\"Meydan TV\"},\"image\":{\"@id\":\"https:\\\/\\\/www.meydan.tv\\\/az\\\/#\\\/schema\\\/logo\\\/image\\\/\"}},{\"@type\":\"Person\",\"@id\":\"https:\\\/\\\/www.meydan.tv\\\/az\\\/#\\\/schema\\\/person\\\/981b0b284aeaa9ad0cbf814cd4a9d67c\",\"name\":\"miron\"}]}<\/script>\n<!-- \/ Yoast SEO plugin. -->","yoast_head_json":{"title":"R\u0259qsan\u0259 Vilay\u0259t Eyvazova \u015fikay\u0259t edib: \"Polis r\u0259isi m\u0259nzilimi al\u0131b, vermir\" - MEYDAN.TV","robots":{"index":"index","follow":"follow","max-snippet":"max-snippet:-1","max-image-preview":"max-image-preview:large","max-video-preview":"max-video-preview:-1"},"canonical":"https:\/\/www.meydan.tv\/az\/article\/reqsane-vilayet-eyvazova-sikayet-edib-polis-reisi-menzilimi-alib-vermir\/","og_locale":"az_AZ","og_type":"article","og_title":"R\u0259qsan\u0259 Vilay\u0259t Eyvazova \u015fikay\u0259t edib: \"Polis r\u0259isi m\u0259nzilimi al\u0131b, vermir\" - MEYDAN.TV","og_description":"D\u0130N evin alq\u0131-satq\u0131 \u0259sas\u0131nda al\u0131nd\u0131\u011f\u0131n\u0131 deyir M\u00fc\u011f\u0259nni R\u0259qsan\u0259 \u0130smay\u0131lova X\u0259z\u0259r ... Davam\u0131","og_url":"https:\/\/www.meydan.tv\/az\/article\/reqsane-vilayet-eyvazova-sikayet-edib-polis-reisi-menzilimi-alib-vermir\/","og_site_name":"MEYDAN.TV","article_published_time":"2023-03-01T13:08:56+00:00","article_modified_time":"2023-03-01T13:09:01+00:00","og_image":[{"width":1200,"height":700,"url":"https:\/\/www.meydan.tv\/wp-content\/uploads\/1668927901_fotojet-43.jpg","type":"image\/jpeg"}],"author":"miron","twitter_card":"summary_large_image","schema":{"@context":"https:\/\/schema.org","@graph":[{"@type":"Article","@id":"https:\/\/www.meydan.tv\/az\/article\/reqsane-vilayet-eyvazova-sikayet-edib-polis-reisi-menzilimi-alib-vermir\/#article","isPartOf":{"@id":"https:\/\/www.meydan.tv\/az\/article\/reqsane-vilayet-eyvazova-sikayet-edib-polis-reisi-menzilimi-alib-vermir\/"},"author":{"name":"miron","@id":"https:\/\/www.meydan.tv\/az\/#\/schema\/person\/981b0b284aeaa9ad0cbf814cd4a9d67c"},"headline":"R\u0259qsan\u0259 Vilay\u0259t Eyvazova \u015fikay\u0259t edib: &#8220;Polis r\u0259isi m\u0259nzilimi al\u0131b, vermir&#8221;","datePublished":"2023-03-01T13:08:56+00:00","dateModified":"2023-03-01T13:09:01+00:00","mainEntityOfPage":{"@id":"https:\/\/www.meydan.tv\/az\/article\/reqsane-vilayet-eyvazova-sikayet-edib-polis-reisi-menzilimi-alib-vermir\/"},"wordCount":374,"publisher":{"@id":"https:\/\/www.meydan.tv\/az\/#organization"},"image":{"@id":"https:\/\/www.meydan.tv\/az\/article\/reqsane-vilayet-eyvazova-sikayet-edib-polis-reisi-menzilimi-alib-vermir\/#primaryimage"},"thumbnailUrl":"https:\/\/www.meydan.tv\/wp-content\/uploads\/1668927901_fotojet-43.jpg","articleSection":["M\u0259d\u0259niyy\u0259t","X\u0259b\u0259rl\u0259r"],"inLanguage":"az"},{"@type":"WebPage","@id":"https:\/\/www.meydan.tv\/az\/article\/reqsane-vilayet-eyvazova-sikayet-edib-polis-reisi-menzilimi-alib-vermir\/","url":"https:\/\/www.meydan.tv\/az\/article\/reqsane-vilayet-eyvazova-sikayet-edib-polis-reisi-menzilimi-alib-vermir\/","name":"R\u0259qsan\u0259 Vilay\u0259t Eyvazova \u015fikay\u0259t edib: \"Polis r\u0259isi m\u0259nzilimi al\u0131b, vermir\" - MEYDAN.TV","isPartOf":{"@id":"https:\/\/www.meydan.tv\/az\/#website"},"primaryImageOfPage":{"@id":"https:\/\/www.meydan.tv\/az\/article\/reqsane-vilayet-eyvazova-sikayet-edib-polis-reisi-menzilimi-alib-vermir\/#primaryimage"},"image":{"@id":"https:\/\/www.meydan.tv\/az\/article\/reqsane-vilayet-eyvazova-sikayet-edib-polis-reisi-menzilimi-alib-vermir\/#primaryimage"},"thumbnailUrl":"https:\/\/www.meydan.tv\/wp-content\/uploads\/1668927901_fotojet-43.jpg","datePublished":"2023-03-01T13:08:56+00:00","dateModified":"2023-03-01T13:09:01+00:00","breadcrumb":{"@id":"https:\/\/www.meydan.tv\/az\/article\/reqsane-vilayet-eyvazova-sikayet-edib-polis-reisi-menzilimi-alib-vermir\/#breadcrumb"},"inLanguage":"az","potentialAction":[{"@type":"ReadAction","target":["https:\/\/www.meydan.tv\/az\/article\/reqsane-vilayet-eyvazova-sikayet-edib-polis-reisi-menzilimi-alib-vermir\/"]}]},{"@type":"ImageObject","inLanguage":"az","@id":"https:\/\/www.meydan.tv\/az\/article\/reqsane-vilayet-eyvazova-sikayet-edib-polis-reisi-menzilimi-alib-vermir\/#primaryimage","url":"https:\/\/www.meydan.tv\/wp-content\/uploads\/1668927901_fotojet-43.jpg","contentUrl":"https:\/\/www.meydan.tv\/wp-content\/uploads\/1668927901_fotojet-43.jpg","width":1200,"height":700},{"@type":"BreadcrumbList","@id":"https:\/\/www.meydan.tv\/az\/article\/reqsane-vilayet-eyvazova-sikayet-edib-polis-reisi-menzilimi-alib-vermir\/#breadcrumb","itemListElement":[{"@type":"ListItem","position":1,"name":"Ana s\u0259hif\u0259","item":"https:\/\/www.meydan.tv\/az\/"},{"@type":"ListItem","position":2,"name":"X\u0259b\u0259rl\u0259r","item":"https:\/\/www.meydan.tv\/az\/section\/xeberler\/"},{"@type":"ListItem","position":3,"name":"R\u0259qsan\u0259 Vilay\u0259t Eyvazova \u015fikay\u0259t edib: &#8220;Polis r\u0259isi m\u0259nzilimi al\u0131b, vermir&#8221;"}]},{"@type":"WebSite","@id":"https:\/\/www.meydan.tv\/az\/#website","url":"https:\/\/www.meydan.tv\/az\/","name":"MEYDAN.TV","description":"Meydan TV Az\u0259rbaycan\u0131n media m\u0259kan\u0131ndak\u0131 alternativ s\u0259sidir","publisher":{"@id":"https:\/\/www.meydan.tv\/az\/#organization"},"potentialAction":[{"@type":"SearchAction","target":{"@type":"EntryPoint","urlTemplate":"https:\/\/www.meydan.tv\/az\/?s={search_term_string}"},"query-input":{"@type":"PropertyValueSpecification","valueRequired":true,"valueName":"search_term_string"}}],"inLanguage":"az"},{"@type":"Organization","@id":"https:\/\/www.meydan.tv\/az\/#organization","name":"Meydan TV","url":"https:\/\/www.meydan.tv\/az\/","logo":{"@type":"ImageObject","inLanguage":"az","@id":"https:\/\/www.meydan.tv\/az\/#\/schema\/logo\/image\/","url":"https:\/\/www.meydan.tv\/wp-content\/uploads\/2021\/07\/meydan-logo.svg","contentUrl":"https:\/\/www.meydan.tv\/wp-content\/uploads\/2021\/07\/meydan-logo.svg","width":195,"height":46,"caption":"Meydan TV"},"image":{"@id":"https:\/\/www.meydan.tv\/az\/#\/schema\/logo\/image\/"}},{"@type":"Person","@id":"https:\/\/www.meydan.tv\/az\/#\/schema\/person\/981b0b284aeaa9ad0cbf814cd4a9d67c","name":"miron"}]}},"_links":{"self":[{"href":"https:\/\/www.meydan.tv\/az\/wp-json\/wp\/v2\/posts\/269730","targetHints":{"allow":["GET"]}}],"collection":[{"href":"https:\/\/www.meydan.tv\/az\/wp-json\/wp\/v2\/posts"}],"about":[{"href":"https:\/\/www.meydan.tv\/az\/wp-json\/wp\/v2\/types\/post"}],"author":[{"embeddable":true,"href":"https:\/\/www.meydan.tv\/az\/wp-json\/wp\/v2\/users\/18"}],"replies":[{"embeddable":true,"href":"https:\/\/www.meydan.tv\/az\/wp-json\/wp\/v2\/comments?post=269730"}],"version-history":[{"count":2,"href":"https:\/\/www.meydan.tv\/az\/wp-json\/wp\/v2\/posts\/269730\/revisions"}],"predecessor-version":[{"id":269739,"href":"https:\/\/www.meydan.tv\/az\/wp-json\/wp\/v2\/posts\/269730\/revisions\/269739"}],"wp:featuredmedia":[{"embeddable":true,"href":"https:\/\/www.meydan.tv\/az\/wp-json\/wp\/v2\/media\/269731"}],"wp:attachment":[{"href":"https:\/\/www.meydan.tv\/az\/wp-json\/wp\/v2\/media?parent=269730"}],"wp:term":[{"taxonomy":"category","embeddable":true,"href":"https:\/\/www.meydan.tv\/az\/wp-json\/wp\/v2\/categories?post=269730"},{"taxonomy":"post_tag","embeddable":true,"href":"https:\/\/www.meydan.tv\/az\/wp-json\/wp\/v2\/tags?post=269730"}],"curies":[{"name":"wp","href":"https:\/\/api.w.org\/{rel}","templated":true}]}}