{"id":269719,"date":"2023-03-01T15:11:25","date_gmt":"2023-03-01T11:11:25","guid":{"rendered":"https:\/\/www.meydan.tv\/?p=269719"},"modified":"2023-03-01T15:11:32","modified_gmt":"2023-03-01T11:11:32","slug":"polisde-qeyri-insani-reftara-meruz-qaldigini-deyen-vetendas-sikayetcidir","status":"publish","type":"post","link":"https:\/\/www.meydan.tv\/az\/article\/polisde-qeyri-insani-reftara-meruz-qaldigini-deyen-vetendas-sikayetcidir\/","title":{"rendered":"Polisd\u0259 qeyri-insani r\u0259ftara m\u0259ruz qald\u0131\u011f\u0131n\u0131 dey\u0259n v\u0259t\u0259nda\u015f \u015fikay\u0259t\u00e7idir"},"content":{"rendered":"\n<p><em>H\u00fcquq m\u00fcdafi\u0259\u00e7isi m\u0259hk\u0259m\u0259y\u0259 \u00fcz tutma\u011f\u0131 t\u00f6vsiy\u0259 edir<\/em><\/p>\n\n\n\n<p>&#8220;<em>B\u0259rd\u0259nin yol polisi b\u00f6lm\u0259sinin r\u0259isi Emin Musayev m\u0259ni t\u0259hqir edib v\u0259 ard\u0131nca 4 saat qapal\u0131 otaqda saxlay\u0131b. Sonra da m\u0259n\u0259 bildirm\u0259d\u0259n 50 manat \u0259v\u0259zin\u0259, 150 manat c\u0259rim\u0259 yaz\u0131b<\/em>&#8220;.<\/p>\n\n\n\n<p>Bunu Meydan TV-y\u0259 B\u0259rd\u0259nin Hac\u0131lar k\u0259nd sakini S\u0259rxan M\u00fcz\u0259ff\u0259r o\u011flu \u018fsg\u0259rov deyir.<\/p>\n\n\n\n<p>O bildirib ki, bir il \u00f6nc\u0259 he\u00e7 bir qanunazidd h\u0259r\u0259k\u0259t t\u00f6r\u0259tm\u0259diyi halda rayonun polis \u0259m\u0259kda\u015flar\u0131 t\u0259r\u0259find\u0259n t\u0259zyiq v\u0259 t\u0259hqir\u0259 m\u0259ruz qal\u0131b:<\/p>\n\n\n\n<p>\u201c<em>\u00d6t\u0259n ilin sentyabr\u0131nda \u00f6vlad\u0131m\u0131 m\u0259kt\u0259bd\u0259n g\u00f6t\u00fcrm\u0259y\u0259 ged\u0259rk\u0259n yolda B\u0259rd\u0259 rayon yol polisinin \u0259m\u0259kda\u015flar\u0131 &#8211; \u00e7avu\u015flar Nahid, Rabil, F\u0259rhad v\u0259 Yelmar t\u0259r\u0259find\u0259n saxlan\u0131lm\u0131\u015fam. Onlar m\u0259n\u0259 dedil\u0259r ki, ma\u015f\u0131n\u0131n yan \u015f\u00fc\u015f\u0259l\u0259rind\u0259 \u201cplyonka\u201d var, biziml\u0259 polis \u015f\u00f6b\u0259sin\u0259 getm\u0259lis\u0259n. M\u0259n is\u0259 bildirdim ki, \u0259g\u0259r \u201cplyonka\u201d qanunsuzdursa, c\u0259rim\u0259 yaz\u0131n, \u0259n yax\u0131n zamanda \u00f6d\u0259y\u0259r\u0259m, indi \u00f6vlad\u0131m m\u0259kt\u0259bd\u0259n \u00e7\u0131x\u0131r, onu g\u00f6t\u00fcrm\u0259liy\u0259m<\/em>\u201d.<\/p>\n\n\n\n<figure class=\"gb-block-image gb-block-image-458d904e\"><img decoding=\"async\" width=\"2560\" height=\"1516\" class=\"gb-image gb-image-458d904e lazyload\" data-src=\"https:\/\/www.meydan.tv\/wp-content\/uploads\/image_from_ios_3_5srselk-scaled-e1661965039947.jpg\" alt=\"\u018f.Salayev i\u015fg\u0259nc\u0259y\u0259 m\u0259ruz qald\u0131\u011f\u0131 zaman\" title=\"image_from_ios (3).jpg\" src=\"data:image\/svg+xml;base64,PHN2ZyB3aWR0aD0iMSIgaGVpZ2h0PSIxIiB4bWxucz0iaHR0cDovL3d3dy53My5vcmcvMjAwMC9zdmciPjwvc3ZnPg==\" style=\"--smush-placeholder-width: 2560px; --smush-placeholder-aspect-ratio: 2560\/1516;\" \/><\/figure>\n\n\n\n<p>\u015eikay\u0259t\u00e7i deyir ki, polisl\u0259r onu zorla ma\u015f\u0131na mindirib b\u00f6lm\u0259y\u0259 apar\u0131blar. \u015e\u00f6b\u0259d\u0259 is\u0259 ona qar\u015f\u0131 t\u0259hqiramiz ifad\u0259l\u0259r i\u015fl\u0259dilib, psixoloji t\u0259zyiq g\u00f6st\u0259rilib:<\/p>\n\n\n\n<p>\u201c<em>Qanunda plyonkaya g\u00f6r\u0259 \u015f\u00f6b\u0259y\u0259 apar\u0131lmaqla ba\u011fl\u0131 t\u0259l\u0259b olmad\u0131\u011f\u0131n\u0131 bilir\u0259m. \u015e\u00f6b\u0259d\u0259n burax\u0131ld\u0131qdan sonra h\u0259y\u0259canl\u0131 v\u0259 \u00f6z\u00fcm\u00fc t\u0259hqir olunmu\u015f hiss edirdim. \u00c7\u00fcnki g\u00fcnahs\u0131z olaraq t\u0259hqir edilmi\u015f v\u0259 zorak\u0131l\u0131qla polis\u0259 apar\u0131lm\u0131\u015fd\u0131m. \u00dcst\u0259lik, \u015f\u00f6b\u0259y\u0259 apar\u0131lma\u011f\u0131mla \u0259laqdar ail\u0259mi x\u0259b\u0259rdar ed\u0259 bilm\u0259mi\u015fdim. Onlar da narahat olmu\u015fdular. Bu s\u0259b\u0259bd\u0259n d\u0259 \u0259vv\u0259ld\u0259n d\u0259 tan\u0131d\u0131\u011f\u0131m v\u0259 m\u0259ni saxlayan polis \u0259m\u0259kda\u015f\u0131na z\u0259ng ed\u0259r\u0259k hans\u0131 s\u0259b\u0259b\u0259 g\u00f6r\u0259 saxlan\u0131ld\u0131\u011f\u0131m\u0131, t\u0259hqiramiz r\u0259ftar etm\u0259l\u0259rinin s\u0259b\u0259bini soru\u015fdum. Bu zaman o m\u0259ni telefonda a\u011f\u0131r s\u00f6y\u00fc\u015fl\u0259 t\u0259hqir etdi. M\u0259n d\u0259 \u0259s\u0259bi oldu\u011fum \u00fc\u00e7\u00fcn qar\u015f\u0131l\u0131q verdim<\/em>\u201d.<\/p>\n\n\n\n<p>S\u0259rxan \u018fsg\u0259rov deyir ki, n\u00f6vb\u0259ti g\u00fcn onu B\u0259rd\u0259 Rayon Polis \u015e\u00f6b\u0259sin\u0259 \u00e7a\u011f\u0131raraq h\u0259bs edibl\u0259r.<\/p>\n\n\n\n<p>B\u0259rd\u0259 Rayon M\u0259hk\u0259m\u0259sinin hakimi Elsun \u018fhm\u0259dov onun bar\u0259sind\u0259 8 sutkal\u0131q inzibati h\u0259bs q\u0259rar\u0131 verib.<\/p>\n\n\n\n<p>S\u0259rxan \u018fsg\u0259rov \u0130nzibati X\u0259talar M\u0259c\u0259ll\u0259sinin 510 (X\u0131rda xuliqanl\u0131q)&nbsp; v\u0259 535.1-ci (Polis i\u015f\u00e7isi v\u0259 ya h\u0259rbi qulluq\u00e7u ictimai qaydan\u0131n m\u00fchafiz\u0259 v\u0259zif\u0259l\u0259rini icra ed\u0259rk\u0259n, onlar\u0131n qanuni t\u0259l\u0259bl\u0259rin\u0259 q\u0259sd\u0259n tabe olmama\u011fa g\u00f6r\u0259 fiziki \u015f\u0259xsl\u0259r iki y\u00fcz manat m\u0259bl\u0259\u011find\u0259 c\u0259rim\u0259 edilir v\u0259 ya i\u015fin hallar\u0131 v\u0259 pozuntu t\u00f6r\u0259d\u0259nin \u015f\u0259xsiyy\u0259ti n\u0259z\u0259r\u0259 al\u0131nmaqla, bu t\u0259dbirl\u0259rin t\u0259tbiqi kifay\u0259t hesab edilm\u0259dikd\u0259 bir ayad\u0259k m\u00fcdd\u0259t\u0259 inzibati h\u0259bs t\u0259tbiq olunur.) madd\u0259l\u0259ri il\u0259 t\u0259qsirli bilinib.<\/p>\n\n\n\n<p>\u201c<em>Polis \u0259m\u0259kda\u015flar\u0131 m\u0259n saxlan\u0131lark\u0259n onlar\u0131 t\u0259hqir etdiyimi, \u00fczl\u0259rin\u0259 g\u00fcn\u0259baxan tumu \u00e7\u0131rtlay\u0131b atd\u0131\u011f\u0131m\u0131 dedil\u0259r. M\u0259n\u0259 qar\u015f\u0131 polis\u0259 m\u00fcqavim\u0259t ittiham\u0131 il\u0259 iddia qald\u0131rd\u0131lar. Hakimi Elsun \u018fhm\u0259dov da bar\u0259md\u0259 8 sutka h\u0259bs q\u0259rar\u0131 verdi. Ancaq hakim bu q\u0259rar\u0131 ver\u0259rk\u0259n polisd\u0259n h\u0259r hans\u0131 s\u00fcbut v\u0259 ya \u015fahid t\u0259l\u0259b etm\u0259di. \u018fksin\u0259, m\u0259n\u0259 h\u00fccum ed\u0259r\u0259k qanunsuzlu\u011fa yol verdiyimi, polis\u0259 qar\u015f\u0131 zorak\u0131l\u0131q etdiyimi iddia ed\u0259r\u0259k m\u0259ni t\u0259hqir etdi. O yaln\u0131z polisd\u0259n g\u0259l\u0259n iddian\u0131 t\u0259sdiql\u0259mi\u015f oldu. Halbuki bununla ba\u011fl\u0131 h\u0259r hans\u0131 bir fakt v\u0259 s\u00fcbut yox idi<\/em>\u201d, &#8211; S\u0259rxan \u018fsg\u0259rov deyir.<\/p>\n\n\n\n<p>\u015eikay\u0259t\u00e7i iddia edir ki, polis \u0259m\u0259kda\u015flar\u0131 onun saxlan\u0131ld\u0131\u011f\u0131 B\u0259rd\u0259 RP\u015e-nin t\u0259cridxanas\u0131nda yen\u0259 t\u0259hqir edibl\u0259r, h\u0259m d\u0259 ail\u0259sinin ona yem\u0259k verm\u0259sin\u0259 mane olublar:<\/p>\n\n\n\n<p>\u201cM\u0259n\u0259 su v\u0259 yem\u0259k verilm\u0259sin\u0259 imkan verm\u0259dil\u0259r. Ail\u0259m v\u0259kil tutub G\u0259nc\u0259 Apellyasiya M\u0259hk\u0259m\u0259sin\u0259 iddia \u0259riz\u0259si il\u0259 m\u00fcraci\u0259t etdi. Lakin B\u0259rd\u0259 polisi m\u0259hk\u0259m\u0259 t\u0259yin olunmas\u0131na r\u0259\u011fm\u0259n iki g\u00fcn ma\u015f\u0131n olmad\u0131\u011f\u0131n\u0131 \u0259sas g\u0259tir\u0259r\u0259k m\u0259ni m\u0259hk\u0259m\u0259y\u0259 aparmaqdan imtina etdi. \u018fv\u0259zin\u0259 h\u0259r g\u00fcn \u015f\u00f6b\u0259d\u0259 qeyri-insani r\u0259ftara m\u0259ruz qal\u0131rd\u0131m. Yaln\u0131z Prezident Administrasiyas\u0131, Ba\u015f Prokurorluq, Daxili \u0130\u015fl\u0259r Nazirliyi, Ombdusman Aparat\u0131 v\u0259 dig\u0259r \u0259laq\u0259dar qurumlara teleqram vurduqdan, Bak\u0131dan g\u0259l\u0259n reaksiyalardan sonra m\u0259ni G\u0259nc\u0259y\u0259 &#8211; m\u0259hk\u0259m\u0259y\u0259 aparma\u011fa raz\u0131la\u015fd\u0131lar\u201d.<\/p>\n\n\n\n<p>S\u0259rxan \u018fsg\u0259rov bildirir ki, G\u0259nc\u0259 Apelyasiya M\u0259hk\u0259m\u0259sind\u0259 hakim polis\u0259 m\u00fcqavim\u0259t g\u00f6st\u0259rm\u0259si il\u0259 ba\u011fl\u0131 iddias\u0131n\u0131 t\u0259sdiq ed\u0259n d\u0259lil t\u0259l\u0259b ets\u0259 d\u0259, qar\u015f\u0131 t\u0259r\u0259f h\u0259r hans\u0131 fakt t\u0259qdim etm\u0259yib:<\/p>\n\n\n\n<p>\u201c<em>\u00dcmumiyy\u0259tl\u0259, m\u0259ni h\u0259bs ed\u0259n polisl\u0259r m\u0259hk\u0259m\u0259y\u0259 g\u0259lm\u0259mi\u015fdi. \u00dcst\u0259lik, hakim qeyd etdi ki, avtomobild\u0259 \u201cplyonka\u201dn\u0131n olmas\u0131na g\u00f6r\u0259 v\u0259t\u0259nda\u015f\u0131n polis b\u00f6lm\u0259sin\u0259 apar\u0131lmas\u0131 qanunaziddir. \u00c7\u00fcnki bu halda yaln\u0131z c\u0259rim\u0259 yaz\u0131la bil\u0259r. M\u0259n\u0259 qar\u015f\u0131 bu hadis\u0259ni planlay\u0131b t\u00f6r\u0259d\u0259nl\u0259r h\u0259m B\u0259rd\u0259nin \u015f\u00f6b\u0259 r\u0259isin\u0259, h\u0259m d\u0259 Daxili \u0130\u015fl\u0259r Nazirliyin\u0259 bar\u0259md\u0259 yalan m\u0259lumat veribl\u0259r. M\u0259nd\u0259n qanuna tabe olmayan, xuliqan obraz\u0131 yaratma\u011fa \u00e7al\u0131\u015f\u0131blar. Amma tan\u0131yanlar h\u0259r k\u0259s bilir ki, bu bel\u0259 deyil<\/em>\u201d.<\/p>\n\n\n\n<p>\u015eikay\u0259t\u00e7i deyir ki, ba\u015f\u0131na g\u0259l\u0259nl\u0259r qay\u0131nanas\u0131 Tahir\u0259 Quliyevan\u0131n 2022-ci il sentyabr\u0131n 22-d\u0259 rayon polis \u015f\u00f6b\u0259sinin \u0259m\u0259kda\u015flar\u0131ndan Meydan TV-y\u0259 \u015fikay\u0259t etm\u0259sind\u0259n sonra <a href=\"https:\/\/storage.googleapis.com\/qurium\/www.meydan.tv\/az-article-polis-niye-tedbir-gormur-gozleyir-ki-kimse-olsun.html\">ba\u015f verib<\/a>:<\/p>\n\n\n\n<p>\u201cQ<em>ay\u0131nanam Tahir\u0259 Quliyeva La\u00e7\u0131n rayon qa\u00e7q\u0131n\u0131d\u0131r. O, ail\u0259si il\u0259 birlikd\u0259 B\u0259rd\u0259nin Qarad\u0259mir\u00e7i k\u0259ndind\u0259 m\u0259n\u0259 m\u0259xsus evd\u0259 m\u0259skunla\u015f\u0131blar. Qay\u0131nanamgilin qon\u015fuluqda ya\u015fayan Mobil H\u00fcmb\u0259tovgill\u0259 \u0259dav\u0259tl\u0259ri yaranm\u0131\u015fd\u0131. Aralar\u0131ndak\u0131 naraz\u0131l\u0131q getdikc\u0259 dava-dala\u015fa \u00e7evrilmi\u015fdi. Qay\u0131nanam da bununla ba\u011fl\u0131 Daxili \u0130\u015fl\u0259r Nazirliyinin 102 \u201cQaynar x\u0259ttin\u0259\u201d z\u0259ng edib. \u015eikay\u0259ti B\u0259rd\u0259 polisin\u0259 y\u00f6n\u0259l\u0259ndirilib. Polis is\u0259 onun \u015fikay\u0259tin\u0259 baxmay\u0131b. Qay\u0131nanam da bununla ba\u011fl\u0131 Meydan TV-y\u0259 m\u00fcraci\u0259t edib ki, \u015fikay\u0259ti i\u015fq\u0131qland\u0131r\u0131ls\u0131n. \u015eikay\u0259t d\u0259rc olunandan sonra polis \u0259m\u0259kda\u015flar\u0131 he\u00e7 bir \u0259sas olmadan m\u0259ni polis\u0259 apar\u0131b h\u0259bs etdil\u0259r, t\u0259hqir v\u0259 t\u0259zyiql\u0259r\u0259 m\u0259ruz <a href=\"https:\/\/storage.googleapis.com\/qurium\/www.meydan.tv\/az-article-berde-sakini-polisden-sikayetci-oldugum-ucun-kurekenimi-hebs-edibler.htm\">qald\u0131m<\/a><\/em>\u201d.<\/p>\n\n\n\n<p>S\u0259rxan \u018fsg\u0259rov deyir ki, ona qar\u015f\u0131 q\u0259r\u0259zli m\u00fcnasib\u0259t\u0259 etiraz olaraq Birinci Vitse-prezidenti Mehriban \u018fliyevaya, Ba\u015f prokuror Kamran \u018fliyev\u0259, daxili i\u015fl\u0259r naziri Vilay\u0259t Eyvazova, \u0130nsan H\u00fcquqlar\u0131 \u00fczr\u0259 M\u00fcv\u0259kkili (Ombdusman) S\u0259bin\u0259 \u018fliyevaya m\u00fcraci\u0259t edib.<\/p>\n\n\n\n<p>\u015eikay\u0259t\u00e7i ona qar\u015f\u0131 haqs\u0131zl\u0131q ed\u0259n polis \u0259m\u0259kda\u015flar\u0131n\u0131n c\u0259zaland\u0131rlmas\u0131n\u0131 ist\u0259yir:<\/p>\n\n\n\n<p>\u201c<em>M\u00fcraci\u0259t etdiyim qurumlardan he\u00e7 bir cavab g\u0259lm\u0259yib. Xahi\u015f edir\u0259m ki, haqs\u0131z yer\u0259 t\u0259zyiq v\u0259 h\u0259bs\u0259 m\u0259ruz qalma\u011f\u0131ma s\u0259b\u0259b olan insanlar qanuni yolla c\u0259zaland\u0131r\u0131ls\u0131nlar<\/em>\u201d.<\/p>\n\n\n\n<p>Daxili \u0130\u015fl\u0259r Nazirliyi m\u0259s\u0259l\u0259 il\u0259 \u0259laq\u0259dar Meydan TV-nin sor\u011fusunu cavabland\u0131rmay\u0131b.<\/p>\n\n\n\n<p>H\u00fcquq m\u00fcdafi\u0259\u00e7isi R\u0259sul C\u0259f\u0259rov Meydan TV-y\u0259 bildirib ki, \u0259g\u0259r v\u0259t\u0259nda\u015f\u0131n \u0259lind\u0259 qism\u0259n d\u0259 olsa \u0259saslar varsa, m\u00fctl\u0259q m\u0259hk\u0259m\u0259y\u0259 m\u00fcraci\u0259t etm\u0259lidir: <\/p>\n\n\n\n<p><em>\u201cH\u0259min \u015f\u0259xsin ona vurulmu\u015f maddi-m\u0259n\u0259vi z\u0259r\u0259rin \u00f6d\u0259nilm\u0259sin\u0259 g\u00f6r\u0259 m\u0259hk\u0259m\u0259y\u0259 m\u00fcraci\u0259t etm\u0259k h\u00fcququ var\u201d.<\/em><\/p>\n\n\n\n<figure class=\"gb-block-image gb-block-image-754ffbe5\"><img decoding=\"async\" width=\"1200\" height=\"796\" class=\"gb-image gb-image-754ffbe5 lazyload\" data-src=\"https:\/\/www.meydan.tv\/wp-content\/uploads\/308125138_10228707121288081_3773517689816948895_n.jpg\" alt=\"\" title=\"308125138_10228707121288081_3773517689816948895_n\" src=\"data:image\/svg+xml;base64,PHN2ZyB3aWR0aD0iMSIgaGVpZ2h0PSIxIiB4bWxucz0iaHR0cDovL3d3dy53My5vcmcvMjAwMC9zdmciPjwvc3ZnPg==\" style=\"--smush-placeholder-width: 1200px; --smush-placeholder-aspect-ratio: 1200\/796;\" \/><\/figure>\n","protected":false},"excerpt":{"rendered":"<p>H\u00fcquq m\u00fcdafi\u0259\u00e7isi m\u0259hk\u0259m\u0259y\u0259 \u00fcz tutma\u011f\u0131 t\u00f6vsiy\u0259 edir &#8220;B\u0259rd\u0259nin yol polisi &#8230; <\/p>\n<p class=\"read-more-container\"><a title=\"Polisd\u0259 qeyri-insani r\u0259ftara m\u0259ruz qald\u0131\u011f\u0131n\u0131 dey\u0259n v\u0259t\u0259nda\u015f \u015fikay\u0259t\u00e7idir\" class=\"read-more button\" href=\"https:\/\/www.meydan.tv\/az\/article\/polisde-qeyri-insani-reftara-meruz-qaldigini-deyen-vetendas-sikayetcidir\/#more-269719\" aria-label=\"Read more about Polisd\u0259 qeyri-insani r\u0259ftara m\u0259ruz qald\u0131\u011f\u0131n\u0131 dey\u0259n v\u0259t\u0259nda\u015f \u015fikay\u0259t\u00e7idir\">Davam\u0131<\/a><\/p>\n","protected":false},"author":18,"featured_media":269720,"comment_status":"closed","ping_status":"closed","sticky":false,"template":"","format":"standard","meta":{"_acf_changed":false,"_sitemap_exclude":false,"_sitemap_priority":"","_sitemap_frequency":"","footnotes":""},"categories":[60,56],"tags":[],"class_list":["post-269719","post","type-post","status-publish","format-standard","has-post-thumbnail","hentry","category-bolge","category-xeberler","infinite-scroll-item","generate-columns","tablet-grid-50","mobile-grid-100","grid-parent","grid-33","no-featured-image-padding"],"acf":[],"yoast_head":"<!-- This site is optimized with the Yoast SEO plugin v27.5 - https:\/\/yoast.com\/product\/yoast-seo-wordpress\/ -->\n<title>Polisd\u0259 qeyri-insani r\u0259ftara m\u0259ruz qald\u0131\u011f\u0131n\u0131 dey\u0259n v\u0259t\u0259nda\u015f \u015fikay\u0259t\u00e7idir - MEYDAN.TV<\/title>\n<meta name=\"robots\" content=\"index, follow, max-snippet:-1, max-image-preview:large, max-video-preview:-1\" \/>\n<link rel=\"canonical\" href=\"https:\/\/www.meydan.tv\/az\/article\/polisde-qeyri-insani-reftara-meruz-qaldigini-deyen-vetendas-sikayetcidir\/\" \/>\n<meta property=\"og:locale\" content=\"az_AZ\" \/>\n<meta property=\"og:type\" content=\"article\" \/>\n<meta property=\"og:title\" content=\"Polisd\u0259 qeyri-insani r\u0259ftara m\u0259ruz qald\u0131\u011f\u0131n\u0131 dey\u0259n v\u0259t\u0259nda\u015f \u015fikay\u0259t\u00e7idir - MEYDAN.TV\" \/>\n<meta property=\"og:description\" content=\"H\u00fcquq m\u00fcdafi\u0259\u00e7isi m\u0259hk\u0259m\u0259y\u0259 \u00fcz tutma\u011f\u0131 t\u00f6vsiy\u0259 edir &#8220;B\u0259rd\u0259nin yol polisi ... Davam\u0131\" \/>\n<meta property=\"og:url\" content=\"https:\/\/www.meydan.tv\/az\/article\/polisde-qeyri-insani-reftara-meruz-qaldigini-deyen-vetendas-sikayetcidir\/\" \/>\n<meta property=\"og:site_name\" content=\"MEYDAN.TV\" \/>\n<meta property=\"article:published_time\" content=\"2023-03-01T11:11:25+00:00\" \/>\n<meta property=\"article:modified_time\" content=\"2023-03-01T11:11:32+00:00\" \/>\n<meta property=\"og:image\" content=\"https:\/\/www.meydan.tv\/wp-content\/uploads\/312019032_1240391240118371_4125506058164698751_n.jpg\" \/>\n\t<meta property=\"og:image:width\" content=\"1708\" \/>\n\t<meta property=\"og:image:height\" content=\"960\" \/>\n\t<meta property=\"og:image:type\" content=\"image\/jpeg\" \/>\n<meta name=\"author\" content=\"miron\" \/>\n<meta name=\"twitter:card\" content=\"summary_large_image\" \/>\n<script type=\"application\/ld+json\" class=\"yoast-schema-graph\">{\"@context\":\"https:\\\/\\\/schema.org\",\"@graph\":[{\"@type\":\"Article\",\"@id\":\"https:\\\/\\\/www.meydan.tv\\\/az\\\/article\\\/polisde-qeyri-insani-reftara-meruz-qaldigini-deyen-vetendas-sikayetcidir\\\/#article\",\"isPartOf\":{\"@id\":\"https:\\\/\\\/www.meydan.tv\\\/az\\\/article\\\/polisde-qeyri-insani-reftara-meruz-qaldigini-deyen-vetendas-sikayetcidir\\\/\"},\"author\":{\"name\":\"miron\",\"@id\":\"https:\\\/\\\/www.meydan.tv\\\/az\\\/#\\\/schema\\\/person\\\/981b0b284aeaa9ad0cbf814cd4a9d67c\"},\"headline\":\"Polisd\u0259 qeyri-insani r\u0259ftara m\u0259ruz qald\u0131\u011f\u0131n\u0131 dey\u0259n v\u0259t\u0259nda\u015f \u015fikay\u0259t\u00e7idir\",\"datePublished\":\"2023-03-01T11:11:25+00:00\",\"dateModified\":\"2023-03-01T11:11:32+00:00\",\"mainEntityOfPage\":{\"@id\":\"https:\\\/\\\/www.meydan.tv\\\/az\\\/article\\\/polisde-qeyri-insani-reftara-meruz-qaldigini-deyen-vetendas-sikayetcidir\\\/\"},\"wordCount\":1408,\"publisher\":{\"@id\":\"https:\\\/\\\/www.meydan.tv\\\/az\\\/#organization\"},\"image\":{\"@id\":\"https:\\\/\\\/www.meydan.tv\\\/az\\\/article\\\/polisde-qeyri-insani-reftara-meruz-qaldigini-deyen-vetendas-sikayetcidir\\\/#primaryimage\"},\"thumbnailUrl\":\"https:\\\/\\\/www.meydan.tv\\\/wp-content\\\/uploads\\\/312019032_1240391240118371_4125506058164698751_n.jpg\",\"articleSection\":[\"B\u00f6lg\u0259\",\"X\u0259b\u0259rl\u0259r\"],\"inLanguage\":\"az\"},{\"@type\":\"WebPage\",\"@id\":\"https:\\\/\\\/www.meydan.tv\\\/az\\\/article\\\/polisde-qeyri-insani-reftara-meruz-qaldigini-deyen-vetendas-sikayetcidir\\\/\",\"url\":\"https:\\\/\\\/www.meydan.tv\\\/az\\\/article\\\/polisde-qeyri-insani-reftara-meruz-qaldigini-deyen-vetendas-sikayetcidir\\\/\",\"name\":\"Polisd\u0259 qeyri-insani r\u0259ftara m\u0259ruz qald\u0131\u011f\u0131n\u0131 dey\u0259n v\u0259t\u0259nda\u015f \u015fikay\u0259t\u00e7idir - MEYDAN.TV\",\"isPartOf\":{\"@id\":\"https:\\\/\\\/www.meydan.tv\\\/az\\\/#website\"},\"primaryImageOfPage\":{\"@id\":\"https:\\\/\\\/www.meydan.tv\\\/az\\\/article\\\/polisde-qeyri-insani-reftara-meruz-qaldigini-deyen-vetendas-sikayetcidir\\\/#primaryimage\"},\"image\":{\"@id\":\"https:\\\/\\\/www.meydan.tv\\\/az\\\/article\\\/polisde-qeyri-insani-reftara-meruz-qaldigini-deyen-vetendas-sikayetcidir\\\/#primaryimage\"},\"thumbnailUrl\":\"https:\\\/\\\/www.meydan.tv\\\/wp-content\\\/uploads\\\/312019032_1240391240118371_4125506058164698751_n.jpg\",\"datePublished\":\"2023-03-01T11:11:25+00:00\",\"dateModified\":\"2023-03-01T11:11:32+00:00\",\"breadcrumb\":{\"@id\":\"https:\\\/\\\/www.meydan.tv\\\/az\\\/article\\\/polisde-qeyri-insani-reftara-meruz-qaldigini-deyen-vetendas-sikayetcidir\\\/#breadcrumb\"},\"inLanguage\":\"az\",\"potentialAction\":[{\"@type\":\"ReadAction\",\"target\":[\"https:\\\/\\\/www.meydan.tv\\\/az\\\/article\\\/polisde-qeyri-insani-reftara-meruz-qaldigini-deyen-vetendas-sikayetcidir\\\/\"]}]},{\"@type\":\"ImageObject\",\"inLanguage\":\"az\",\"@id\":\"https:\\\/\\\/www.meydan.tv\\\/az\\\/article\\\/polisde-qeyri-insani-reftara-meruz-qaldigini-deyen-vetendas-sikayetcidir\\\/#primaryimage\",\"url\":\"https:\\\/\\\/www.meydan.tv\\\/wp-content\\\/uploads\\\/312019032_1240391240118371_4125506058164698751_n.jpg\",\"contentUrl\":\"https:\\\/\\\/www.meydan.tv\\\/wp-content\\\/uploads\\\/312019032_1240391240118371_4125506058164698751_n.jpg\",\"width\":1708,\"height\":960},{\"@type\":\"BreadcrumbList\",\"@id\":\"https:\\\/\\\/www.meydan.tv\\\/az\\\/article\\\/polisde-qeyri-insani-reftara-meruz-qaldigini-deyen-vetendas-sikayetcidir\\\/#breadcrumb\",\"itemListElement\":[{\"@type\":\"ListItem\",\"position\":1,\"name\":\"Ana s\u0259hif\u0259\",\"item\":\"https:\\\/\\\/www.meydan.tv\\\/az\\\/\"},{\"@type\":\"ListItem\",\"position\":2,\"name\":\"X\u0259b\u0259rl\u0259r\",\"item\":\"https:\\\/\\\/www.meydan.tv\\\/az\\\/section\\\/xeberler\\\/\"},{\"@type\":\"ListItem\",\"position\":3,\"name\":\"Polisd\u0259 qeyri-insani r\u0259ftara m\u0259ruz qald\u0131\u011f\u0131n\u0131 dey\u0259n v\u0259t\u0259nda\u015f \u015fikay\u0259t\u00e7idir\"}]},{\"@type\":\"WebSite\",\"@id\":\"https:\\\/\\\/www.meydan.tv\\\/az\\\/#website\",\"url\":\"https:\\\/\\\/www.meydan.tv\\\/az\\\/\",\"name\":\"MEYDAN.TV\",\"description\":\"Meydan TV Az\u0259rbaycan\u0131n media m\u0259kan\u0131ndak\u0131 alternativ s\u0259sidir\",\"publisher\":{\"@id\":\"https:\\\/\\\/www.meydan.tv\\\/az\\\/#organization\"},\"potentialAction\":[{\"@type\":\"SearchAction\",\"target\":{\"@type\":\"EntryPoint\",\"urlTemplate\":\"https:\\\/\\\/www.meydan.tv\\\/az\\\/?s={search_term_string}\"},\"query-input\":{\"@type\":\"PropertyValueSpecification\",\"valueRequired\":true,\"valueName\":\"search_term_string\"}}],\"inLanguage\":\"az\"},{\"@type\":\"Organization\",\"@id\":\"https:\\\/\\\/www.meydan.tv\\\/az\\\/#organization\",\"name\":\"Meydan TV\",\"url\":\"https:\\\/\\\/www.meydan.tv\\\/az\\\/\",\"logo\":{\"@type\":\"ImageObject\",\"inLanguage\":\"az\",\"@id\":\"https:\\\/\\\/www.meydan.tv\\\/az\\\/#\\\/schema\\\/logo\\\/image\\\/\",\"url\":\"https:\\\/\\\/www.meydan.tv\\\/wp-content\\\/uploads\\\/2021\\\/07\\\/meydan-logo.svg\",\"contentUrl\":\"https:\\\/\\\/www.meydan.tv\\\/wp-content\\\/uploads\\\/2021\\\/07\\\/meydan-logo.svg\",\"width\":195,\"height\":46,\"caption\":\"Meydan TV\"},\"image\":{\"@id\":\"https:\\\/\\\/www.meydan.tv\\\/az\\\/#\\\/schema\\\/logo\\\/image\\\/\"}},{\"@type\":\"Person\",\"@id\":\"https:\\\/\\\/www.meydan.tv\\\/az\\\/#\\\/schema\\\/person\\\/981b0b284aeaa9ad0cbf814cd4a9d67c\",\"name\":\"miron\"}]}<\/script>\n<!-- \/ Yoast SEO plugin. -->","yoast_head_json":{"title":"Polisd\u0259 qeyri-insani r\u0259ftara m\u0259ruz qald\u0131\u011f\u0131n\u0131 dey\u0259n v\u0259t\u0259nda\u015f \u015fikay\u0259t\u00e7idir - MEYDAN.TV","robots":{"index":"index","follow":"follow","max-snippet":"max-snippet:-1","max-image-preview":"max-image-preview:large","max-video-preview":"max-video-preview:-1"},"canonical":"https:\/\/www.meydan.tv\/az\/article\/polisde-qeyri-insani-reftara-meruz-qaldigini-deyen-vetendas-sikayetcidir\/","og_locale":"az_AZ","og_type":"article","og_title":"Polisd\u0259 qeyri-insani r\u0259ftara m\u0259ruz qald\u0131\u011f\u0131n\u0131 dey\u0259n v\u0259t\u0259nda\u015f \u015fikay\u0259t\u00e7idir - MEYDAN.TV","og_description":"H\u00fcquq m\u00fcdafi\u0259\u00e7isi m\u0259hk\u0259m\u0259y\u0259 \u00fcz tutma\u011f\u0131 t\u00f6vsiy\u0259 edir &#8220;B\u0259rd\u0259nin yol polisi ... Davam\u0131","og_url":"https:\/\/www.meydan.tv\/az\/article\/polisde-qeyri-insani-reftara-meruz-qaldigini-deyen-vetendas-sikayetcidir\/","og_site_name":"MEYDAN.TV","article_published_time":"2023-03-01T11:11:25+00:00","article_modified_time":"2023-03-01T11:11:32+00:00","og_image":[{"width":1708,"height":960,"url":"https:\/\/www.meydan.tv\/wp-content\/uploads\/312019032_1240391240118371_4125506058164698751_n.jpg","type":"image\/jpeg"}],"author":"miron","twitter_card":"summary_large_image","schema":{"@context":"https:\/\/schema.org","@graph":[{"@type":"Article","@id":"https:\/\/www.meydan.tv\/az\/article\/polisde-qeyri-insani-reftara-meruz-qaldigini-deyen-vetendas-sikayetcidir\/#article","isPartOf":{"@id":"https:\/\/www.meydan.tv\/az\/article\/polisde-qeyri-insani-reftara-meruz-qaldigini-deyen-vetendas-sikayetcidir\/"},"author":{"name":"miron","@id":"https:\/\/www.meydan.tv\/az\/#\/schema\/person\/981b0b284aeaa9ad0cbf814cd4a9d67c"},"headline":"Polisd\u0259 qeyri-insani r\u0259ftara m\u0259ruz qald\u0131\u011f\u0131n\u0131 dey\u0259n v\u0259t\u0259nda\u015f \u015fikay\u0259t\u00e7idir","datePublished":"2023-03-01T11:11:25+00:00","dateModified":"2023-03-01T11:11:32+00:00","mainEntityOfPage":{"@id":"https:\/\/www.meydan.tv\/az\/article\/polisde-qeyri-insani-reftara-meruz-qaldigini-deyen-vetendas-sikayetcidir\/"},"wordCount":1408,"publisher":{"@id":"https:\/\/www.meydan.tv\/az\/#organization"},"image":{"@id":"https:\/\/www.meydan.tv\/az\/article\/polisde-qeyri-insani-reftara-meruz-qaldigini-deyen-vetendas-sikayetcidir\/#primaryimage"},"thumbnailUrl":"https:\/\/www.meydan.tv\/wp-content\/uploads\/312019032_1240391240118371_4125506058164698751_n.jpg","articleSection":["B\u00f6lg\u0259","X\u0259b\u0259rl\u0259r"],"inLanguage":"az"},{"@type":"WebPage","@id":"https:\/\/www.meydan.tv\/az\/article\/polisde-qeyri-insani-reftara-meruz-qaldigini-deyen-vetendas-sikayetcidir\/","url":"https:\/\/www.meydan.tv\/az\/article\/polisde-qeyri-insani-reftara-meruz-qaldigini-deyen-vetendas-sikayetcidir\/","name":"Polisd\u0259 qeyri-insani r\u0259ftara m\u0259ruz qald\u0131\u011f\u0131n\u0131 dey\u0259n v\u0259t\u0259nda\u015f \u015fikay\u0259t\u00e7idir - MEYDAN.TV","isPartOf":{"@id":"https:\/\/www.meydan.tv\/az\/#website"},"primaryImageOfPage":{"@id":"https:\/\/www.meydan.tv\/az\/article\/polisde-qeyri-insani-reftara-meruz-qaldigini-deyen-vetendas-sikayetcidir\/#primaryimage"},"image":{"@id":"https:\/\/www.meydan.tv\/az\/article\/polisde-qeyri-insani-reftara-meruz-qaldigini-deyen-vetendas-sikayetcidir\/#primaryimage"},"thumbnailUrl":"https:\/\/www.meydan.tv\/wp-content\/uploads\/312019032_1240391240118371_4125506058164698751_n.jpg","datePublished":"2023-03-01T11:11:25+00:00","dateModified":"2023-03-01T11:11:32+00:00","breadcrumb":{"@id":"https:\/\/www.meydan.tv\/az\/article\/polisde-qeyri-insani-reftara-meruz-qaldigini-deyen-vetendas-sikayetcidir\/#breadcrumb"},"inLanguage":"az","potentialAction":[{"@type":"ReadAction","target":["https:\/\/www.meydan.tv\/az\/article\/polisde-qeyri-insani-reftara-meruz-qaldigini-deyen-vetendas-sikayetcidir\/"]}]},{"@type":"ImageObject","inLanguage":"az","@id":"https:\/\/www.meydan.tv\/az\/article\/polisde-qeyri-insani-reftara-meruz-qaldigini-deyen-vetendas-sikayetcidir\/#primaryimage","url":"https:\/\/www.meydan.tv\/wp-content\/uploads\/312019032_1240391240118371_4125506058164698751_n.jpg","contentUrl":"https:\/\/www.meydan.tv\/wp-content\/uploads\/312019032_1240391240118371_4125506058164698751_n.jpg","width":1708,"height":960},{"@type":"BreadcrumbList","@id":"https:\/\/www.meydan.tv\/az\/article\/polisde-qeyri-insani-reftara-meruz-qaldigini-deyen-vetendas-sikayetcidir\/#breadcrumb","itemListElement":[{"@type":"ListItem","position":1,"name":"Ana s\u0259hif\u0259","item":"https:\/\/www.meydan.tv\/az\/"},{"@type":"ListItem","position":2,"name":"X\u0259b\u0259rl\u0259r","item":"https:\/\/www.meydan.tv\/az\/section\/xeberler\/"},{"@type":"ListItem","position":3,"name":"Polisd\u0259 qeyri-insani r\u0259ftara m\u0259ruz qald\u0131\u011f\u0131n\u0131 dey\u0259n v\u0259t\u0259nda\u015f \u015fikay\u0259t\u00e7idir"}]},{"@type":"WebSite","@id":"https:\/\/www.meydan.tv\/az\/#website","url":"https:\/\/www.meydan.tv\/az\/","name":"MEYDAN.TV","description":"Meydan TV Az\u0259rbaycan\u0131n media m\u0259kan\u0131ndak\u0131 alternativ s\u0259sidir","publisher":{"@id":"https:\/\/www.meydan.tv\/az\/#organization"},"potentialAction":[{"@type":"SearchAction","target":{"@type":"EntryPoint","urlTemplate":"https:\/\/www.meydan.tv\/az\/?s={search_term_string}"},"query-input":{"@type":"PropertyValueSpecification","valueRequired":true,"valueName":"search_term_string"}}],"inLanguage":"az"},{"@type":"Organization","@id":"https:\/\/www.meydan.tv\/az\/#organization","name":"Meydan TV","url":"https:\/\/www.meydan.tv\/az\/","logo":{"@type":"ImageObject","inLanguage":"az","@id":"https:\/\/www.meydan.tv\/az\/#\/schema\/logo\/image\/","url":"https:\/\/www.meydan.tv\/wp-content\/uploads\/2021\/07\/meydan-logo.svg","contentUrl":"https:\/\/www.meydan.tv\/wp-content\/uploads\/2021\/07\/meydan-logo.svg","width":195,"height":46,"caption":"Meydan TV"},"image":{"@id":"https:\/\/www.meydan.tv\/az\/#\/schema\/logo\/image\/"}},{"@type":"Person","@id":"https:\/\/www.meydan.tv\/az\/#\/schema\/person\/981b0b284aeaa9ad0cbf814cd4a9d67c","name":"miron"}]}},"_links":{"self":[{"href":"https:\/\/www.meydan.tv\/az\/wp-json\/wp\/v2\/posts\/269719","targetHints":{"allow":["GET"]}}],"collection":[{"href":"https:\/\/www.meydan.tv\/az\/wp-json\/wp\/v2\/posts"}],"about":[{"href":"https:\/\/www.meydan.tv\/az\/wp-json\/wp\/v2\/types\/post"}],"author":[{"embeddable":true,"href":"https:\/\/www.meydan.tv\/az\/wp-json\/wp\/v2\/users\/18"}],"replies":[{"embeddable":true,"href":"https:\/\/www.meydan.tv\/az\/wp-json\/wp\/v2\/comments?post=269719"}],"version-history":[{"count":2,"href":"https:\/\/www.meydan.tv\/az\/wp-json\/wp\/v2\/posts\/269719\/revisions"}],"predecessor-version":[{"id":269725,"href":"https:\/\/www.meydan.tv\/az\/wp-json\/wp\/v2\/posts\/269719\/revisions\/269725"}],"wp:featuredmedia":[{"embeddable":true,"href":"https:\/\/www.meydan.tv\/az\/wp-json\/wp\/v2\/media\/269720"}],"wp:attachment":[{"href":"https:\/\/www.meydan.tv\/az\/wp-json\/wp\/v2\/media?parent=269719"}],"wp:term":[{"taxonomy":"category","embeddable":true,"href":"https:\/\/www.meydan.tv\/az\/wp-json\/wp\/v2\/categories?post=269719"},{"taxonomy":"post_tag","embeddable":true,"href":"https:\/\/www.meydan.tv\/az\/wp-json\/wp\/v2\/tags?post=269719"}],"curies":[{"name":"wp","href":"https:\/\/api.w.org\/{rel}","templated":true}]}}