{"id":269682,"date":"2023-03-01T12:58:09","date_gmt":"2023-03-01T08:58:09","guid":{"rendered":"https:\/\/www.meydan.tv\/?p=269682"},"modified":"2023-03-01T12:58:11","modified_gmt":"2023-03-01T08:58:11","slug":"din-iddialari-redd-edir-bextiyar-haciyev-hebs-olunarken-uzerinde-telefonu-komputeri-olmayib","status":"publish","type":"post","link":"https:\/\/www.meydan.tv\/az\/article\/din-iddialari-redd-edir-bextiyar-haciyev-hebs-olunarken-uzerinde-telefonu-komputeri-olmayib\/","title":{"rendered":"D\u0130N iddialar\u0131 r\u0259dd edir: \u201cB\u0259xtiyar Hac\u0131yev h\u0259bs olunark\u0259n \u00fcz\u0259rind\u0259 telefonu, k\u00f6mp\u00fcteri olmay\u0131b\u201d"},"content":{"rendered":"\n<p><\/p>\n\n\n\n<p><em>G\u00f6r\u00fcnt\u00fc v\u0259 yaz\u0131\u015fmalar\u0131 yay\u0131lm\u0131\u015f qad\u0131nlarla ba\u011fl\u0131 ara\u015fd\u0131rma apar\u0131ld\u0131\u011f\u0131 bildirilir<\/em><\/p>\n\n\n\n<p>Son g\u00fcnl\u0259r sosial \u015f\u0259b\u0259k\u0259l\u0259rd\u0259 h\u0259bsd\u0259 olan ictimai f\u0259al B\u0259xtiyar Hac\u0131yev\u0259 aid \u015f\u0259xsi yaz\u0131\u015fmalar yay\u0131l\u0131r. H\u0259min yaz\u0131\u015fmalar\u0131n yay\u0131lmas\u0131yla B\u0259xtiyar Hac\u0131yevin \u00f6z\u00fcyl\u0259 yana\u015f\u0131, bir s\u0131ra ba\u015fqa \u015f\u0259xsl\u0259rin d\u0259 \u00f6z\u0259l h\u0259yat\u0131na m\u00fcdaxil\u0259 olunur.<\/p>\n\n\n\n<p>Sosial \u015f\u0259b\u0259k\u0259l\u0259rd\u0259 bu m\u00f6vzu \u0259traf\u0131nda m\u00fczakir\u0259l\u0259r zaman\u0131 t\u0259nqidl\u0259r v\u0259t\u0259nda\u015flar\u0131n t\u0259hl\u00fck\u0259sizliyini, \u015f\u0259xsi h\u0259yat toxunulmazl\u0131\u011f\u0131n\u0131 qorumal\u0131 olan d\u00f6vl\u0259t orqanlar\u0131na y\u00f6n\u0259lir. \u00dcst\u0259lik, \u015f\u00fcbh\u0259l\u0259r daha \u00e7ox B\u0259xtiyar Hac\u0131yevin h\u0259bsind\u0259n \u00f6nc\u0259 daha \u00e7ox t\u0259nqid etdiyi, h\u0259m\u00e7inin onunla ba\u011fl\u0131 haz\u0131rda istintaq\u0131 aparan daxili i\u015fl\u0259r orqanlar\u0131n\u0131n \u00fcz\u0259rind\u0259 dayan\u0131r.<\/p>\n\n\n\n<p>Daxili \u0130\u015fl\u0259r Nazirliyinin m\u0259tbuat xidm\u0259tinin \u015f\u00f6b\u0259&nbsp;r\u0259isi El\u015fad Hac\u0131yev Meydan TV-y\u0259 bildirib ki, B\u0259xtiyar Hac\u0131yev saxland\u0131\u011f\u0131 g\u00fcn Bak\u0131 \u015f\u0259h\u0259r Ba\u015f Polis \u0130dar\u0259sin\u0259 v\u0259kili il\u0259 birlikd\u0259 d\u0259v\u0259t olunub.&nbsp;&nbsp;H\u0259min vaxt onun \u00fcz\u0259rind\u0259 elektron da\u015f\u0131y\u0131c\u0131 cihaz &#8211; mobil telefon, plan\u015fet, komp\u00fcter olmay\u0131b, evind\u0259 v\u0259 ofisind\u0259 axtar\u0131\u015f apar\u0131lmay\u0131b:<\/p>\n\n\n\n<p>&#8220;Bu m\u0259s\u0259l\u0259l\u0259r istintaq\u0131n ara\u015fd\u0131rma predmeti t\u0259\u015fkil etm\u0259yib. O, v\u0259kili il\u0259 birlikd\u0259 m\u0259hk\u0259m\u0259y\u0259 apar\u0131l\u0131b, m\u0259hk\u0259m\u0259 q\u0259rar\u0131ndan sonra Bak\u0131 \u0130stintaq T\u0259cridxanas\u0131na k\u00f6\u00e7\u00fcr\u00fcl\u00fcb. Onun \u015f\u0259xsi \u0259\u015fyalar\u0131na bax\u0131lmas\u0131 v\u0259 yaxud k\u00f6\u00e7\u00fcr\u00fclm\u0259si il\u0259 ba\u011fl\u0131 iddialar\u0131 q\u0259ti olaraq t\u0259kzib edirik&#8221;.<\/p>\n\n\n\n<p>El\u015fad Hac\u0131yev \u0259lav\u0259 edib ki, B\u0259xtiyar Hac\u0131yevin \u015f\u0259xsi hesablar\u0131ndan g\u00f6r\u00fcnt\u00fc v\u0259 yaz\u0131\u015fmalar\u0131n nec\u0259 yay\u0131lmas\u0131yla ba\u011fl\u0131 m\u0259s\u0259l\u0259nin ara\u015fd\u0131r\u0131lmas\u0131 \u00fc\u00e7\u00fcn bir ne\u00e7\u0259 qad\u0131ndan v\u0259 onlar\u0131n ail\u0259 \u00fczvl\u0259rind\u0259n \u015fikay\u0259t daxil olub:<\/p>\n\n\n\n<p>&#8220;H\u0259min m\u00fcraci\u0259tl\u0259r \u00fczr\u0259 m\u00fcvafiq ara\u015fd\u0131rmalar apar\u0131l\u0131r&#8221;.<\/p>\n\n\n\n<p>Lakin B\u0259xtiyar Hac\u0131yevin yax\u0131nlar\u0131 bildirib ki, ictimai f\u0259al Bak\u0131 \u015f\u0259h\u0259r Ba\u015f Polis \u0130dar\u0259sin\u0259 \u00f6z ma\u015f\u0131n\u0131 il\u0259 gedib v\u0259 notbuku il\u0259 telefonu ma\u015f\u0131nda olub. H\u0259bsind\u0259n 3 g\u00fcn sonra polisl\u0259r ma\u015f\u0131n\u0131n a\u00e7ar\u0131n\u0131 onun v\u0259kill\u0259rind\u0259n birin\u0259 t\u0259qdim edibl\u0259r. Yax\u0131nlar\u0131 g\u00fcman edir ki, h\u0259min m\u00fcdd\u0259t \u0259rzind\u0259 onun \u015f\u0259xsi \u0259\u015fyalar\u0131na polis t\u0259r\u0259find\u0259n m\u00fcdaxil\u0259 olunub. <\/p>\n\n\n\n<p>Dekabr\u0131n 9-dan h\u0259bsd\u0259 olan B\u0259xtiyar Hac\u0131yev Cinay\u0259t M\u0259c\u0259ll\u0259sinin 221.2.2 (ictimai qaydan\u0131n qorunmas\u0131 \u00fczr\u0259 v\u0259zif\u0259ni yerin\u0259 yetir\u0259n \u015f\u0259xs\u0259 qar\u015f\u0131 m\u00fcqavim\u0259t g\u00f6st\u0259rm\u0259kl\u0259 xuliqanl\u0131q) v\u0259 289.1 (m\u0259hk\u0259m\u0259y\u0259 h\u00f6rm\u0259tsizlik) madd\u0259l\u0259ril\u0259 ittiham olunur. Bu madd\u0259l\u0259rd\u0259 3 il\u0259d\u0259k azadl\u0131qdan m\u0259hrumetm\u0259 c\u0259zas\u0131 n\u0259z\u0259rd\u0259 <a href=\"https:\/\/storage.googleapis.com\/qurium\/www.meydan.tv\/az-article-ictimai-feal-bextiyar-haciyev-teqsirlendirilen-sexs-oldu.html\" target=\"_blank\" rel=\"noreferrer noopener\">tutulub<\/a>.<\/p>\n","protected":false},"excerpt":{"rendered":"<p>G\u00f6r\u00fcnt\u00fc v\u0259 yaz\u0131\u015fmalar\u0131 yay\u0131lm\u0131\u015f qad\u0131nlarla ba\u011fl\u0131 ara\u015fd\u0131rma apar\u0131ld\u0131\u011f\u0131 bildirilir Son &#8230; <\/p>\n<p class=\"read-more-container\"><a title=\"D\u0130N iddialar\u0131 r\u0259dd edir: \u201cB\u0259xtiyar Hac\u0131yev h\u0259bs olunark\u0259n \u00fcz\u0259rind\u0259 telefonu, k\u00f6mp\u00fcteri olmay\u0131b\u201d\" class=\"read-more button\" href=\"https:\/\/www.meydan.tv\/az\/article\/din-iddialari-redd-edir-bextiyar-haciyev-hebs-olunarken-uzerinde-telefonu-komputeri-olmayib\/#more-269682\" aria-label=\"Read more about D\u0130N iddialar\u0131 r\u0259dd edir: \u201cB\u0259xtiyar Hac\u0131yev h\u0259bs olunark\u0259n \u00fcz\u0259rind\u0259 telefonu, k\u00f6mp\u00fcteri olmay\u0131b\u201d\">Davam\u0131<\/a><\/p>\n","protected":false},"author":13,"featured_media":268371,"comment_status":"closed","ping_status":"closed","sticky":false,"template":"","format":"standard","meta":{"_acf_changed":false,"_sitemap_exclude":false,"_sitemap_priority":"","_sitemap_frequency":"","footnotes":""},"categories":[79,56],"tags":[],"class_list":["post-269682","post","type-post","status-publish","format-standard","has-post-thumbnail","hentry","category-featured","category-xeberler","infinite-scroll-item","generate-columns","tablet-grid-50","mobile-grid-100","grid-parent","grid-33","no-featured-image-padding"],"acf":[],"yoast_head":"<!-- This site is optimized with the Yoast SEO plugin v27.4 - https:\/\/yoast.com\/product\/yoast-seo-wordpress\/ -->\n<title>D\u0130N iddialar\u0131 r\u0259dd edir: \u201cB\u0259xtiyar Hac\u0131yev h\u0259bs olunark\u0259n \u00fcz\u0259rind\u0259 telefonu, k\u00f6mp\u00fcteri olmay\u0131b\u201d - MEYDAN.TV<\/title>\n<meta name=\"robots\" content=\"index, follow, max-snippet:-1, max-image-preview:large, max-video-preview:-1\" \/>\n<link rel=\"canonical\" href=\"https:\/\/www.meydan.tv\/az\/article\/din-iddialari-redd-edir-bextiyar-haciyev-hebs-olunarken-uzerinde-telefonu-komputeri-olmayib\/\" \/>\n<meta property=\"og:locale\" content=\"az_AZ\" \/>\n<meta property=\"og:type\" content=\"article\" \/>\n<meta property=\"og:title\" content=\"D\u0130N iddialar\u0131 r\u0259dd edir: \u201cB\u0259xtiyar Hac\u0131yev h\u0259bs olunark\u0259n \u00fcz\u0259rind\u0259 telefonu, k\u00f6mp\u00fcteri olmay\u0131b\u201d - MEYDAN.TV\" \/>\n<meta property=\"og:description\" content=\"G\u00f6r\u00fcnt\u00fc v\u0259 yaz\u0131\u015fmalar\u0131 yay\u0131lm\u0131\u015f qad\u0131nlarla ba\u011fl\u0131 ara\u015fd\u0131rma apar\u0131ld\u0131\u011f\u0131 bildirilir Son ... Davam\u0131\" \/>\n<meta property=\"og:url\" content=\"https:\/\/www.meydan.tv\/az\/article\/din-iddialari-redd-edir-bextiyar-haciyev-hebs-olunarken-uzerinde-telefonu-komputeri-olmayib\/\" \/>\n<meta property=\"og:site_name\" content=\"MEYDAN.TV\" \/>\n<meta property=\"article:published_time\" content=\"2023-03-01T08:58:09+00:00\" \/>\n<meta property=\"article:modified_time\" content=\"2023-03-01T08:58:11+00:00\" \/>\n<meta property=\"og:image\" content=\"https:\/\/www.meydan.tv\/wp-content\/uploads\/329615945_613268990564305_8662663904909657649_n.jpg\" \/>\n\t<meta property=\"og:image:width\" content=\"1383\" \/>\n\t<meta property=\"og:image:height\" content=\"777\" \/>\n\t<meta property=\"og:image:type\" content=\"image\/jpeg\" \/>\n<meta name=\"author\" content=\"meri\" \/>\n<meta name=\"twitter:card\" content=\"summary_large_image\" \/>\n<script type=\"application\/ld+json\" class=\"yoast-schema-graph\">{\"@context\":\"https:\\\/\\\/schema.org\",\"@graph\":[{\"@type\":\"Article\",\"@id\":\"https:\\\/\\\/www.meydan.tv\\\/az\\\/article\\\/din-iddialari-redd-edir-bextiyar-haciyev-hebs-olunarken-uzerinde-telefonu-komputeri-olmayib\\\/#article\",\"isPartOf\":{\"@id\":\"https:\\\/\\\/www.meydan.tv\\\/az\\\/article\\\/din-iddialari-redd-edir-bextiyar-haciyev-hebs-olunarken-uzerinde-telefonu-komputeri-olmayib\\\/\"},\"author\":{\"name\":\"meri\",\"@id\":\"https:\\\/\\\/www.meydan.tv\\\/az\\\/#\\\/schema\\\/person\\\/f5399057f0b7fa223fa6c9b7c3321968\"},\"headline\":\"D\u0130N iddialar\u0131 r\u0259dd edir: \u201cB\u0259xtiyar Hac\u0131yev h\u0259bs olunark\u0259n \u00fcz\u0259rind\u0259 telefonu, k\u00f6mp\u00fcteri olmay\u0131b\u201d\",\"datePublished\":\"2023-03-01T08:58:09+00:00\",\"dateModified\":\"2023-03-01T08:58:11+00:00\",\"mainEntityOfPage\":{\"@id\":\"https:\\\/\\\/www.meydan.tv\\\/az\\\/article\\\/din-iddialari-redd-edir-bextiyar-haciyev-hebs-olunarken-uzerinde-telefonu-komputeri-olmayib\\\/\"},\"wordCount\":530,\"publisher\":{\"@id\":\"https:\\\/\\\/www.meydan.tv\\\/az\\\/#organization\"},\"image\":{\"@id\":\"https:\\\/\\\/www.meydan.tv\\\/az\\\/article\\\/din-iddialari-redd-edir-bextiyar-haciyev-hebs-olunarken-uzerinde-telefonu-komputeri-olmayib\\\/#primaryimage\"},\"thumbnailUrl\":\"https:\\\/\\\/www.meydan.tv\\\/wp-content\\\/uploads\\\/329615945_613268990564305_8662663904909657649_n.jpg\",\"articleSection\":[\"T\u00f6vsiy\u0259\",\"X\u0259b\u0259rl\u0259r\"],\"inLanguage\":\"az\"},{\"@type\":\"WebPage\",\"@id\":\"https:\\\/\\\/www.meydan.tv\\\/az\\\/article\\\/din-iddialari-redd-edir-bextiyar-haciyev-hebs-olunarken-uzerinde-telefonu-komputeri-olmayib\\\/\",\"url\":\"https:\\\/\\\/www.meydan.tv\\\/az\\\/article\\\/din-iddialari-redd-edir-bextiyar-haciyev-hebs-olunarken-uzerinde-telefonu-komputeri-olmayib\\\/\",\"name\":\"D\u0130N iddialar\u0131 r\u0259dd edir: \u201cB\u0259xtiyar Hac\u0131yev h\u0259bs olunark\u0259n \u00fcz\u0259rind\u0259 telefonu, k\u00f6mp\u00fcteri olmay\u0131b\u201d - MEYDAN.TV\",\"isPartOf\":{\"@id\":\"https:\\\/\\\/www.meydan.tv\\\/az\\\/#website\"},\"primaryImageOfPage\":{\"@id\":\"https:\\\/\\\/www.meydan.tv\\\/az\\\/article\\\/din-iddialari-redd-edir-bextiyar-haciyev-hebs-olunarken-uzerinde-telefonu-komputeri-olmayib\\\/#primaryimage\"},\"image\":{\"@id\":\"https:\\\/\\\/www.meydan.tv\\\/az\\\/article\\\/din-iddialari-redd-edir-bextiyar-haciyev-hebs-olunarken-uzerinde-telefonu-komputeri-olmayib\\\/#primaryimage\"},\"thumbnailUrl\":\"https:\\\/\\\/www.meydan.tv\\\/wp-content\\\/uploads\\\/329615945_613268990564305_8662663904909657649_n.jpg\",\"datePublished\":\"2023-03-01T08:58:09+00:00\",\"dateModified\":\"2023-03-01T08:58:11+00:00\",\"breadcrumb\":{\"@id\":\"https:\\\/\\\/www.meydan.tv\\\/az\\\/article\\\/din-iddialari-redd-edir-bextiyar-haciyev-hebs-olunarken-uzerinde-telefonu-komputeri-olmayib\\\/#breadcrumb\"},\"inLanguage\":\"az\",\"potentialAction\":[{\"@type\":\"ReadAction\",\"target\":[\"https:\\\/\\\/www.meydan.tv\\\/az\\\/article\\\/din-iddialari-redd-edir-bextiyar-haciyev-hebs-olunarken-uzerinde-telefonu-komputeri-olmayib\\\/\"]}]},{\"@type\":\"ImageObject\",\"inLanguage\":\"az\",\"@id\":\"https:\\\/\\\/www.meydan.tv\\\/az\\\/article\\\/din-iddialari-redd-edir-bextiyar-haciyev-hebs-olunarken-uzerinde-telefonu-komputeri-olmayib\\\/#primaryimage\",\"url\":\"https:\\\/\\\/www.meydan.tv\\\/wp-content\\\/uploads\\\/329615945_613268990564305_8662663904909657649_n.jpg\",\"contentUrl\":\"https:\\\/\\\/www.meydan.tv\\\/wp-content\\\/uploads\\\/329615945_613268990564305_8662663904909657649_n.jpg\",\"width\":1383,\"height\":777,\"caption\":\"B\u0259xtiyar Hac\u0131yev. Foto: Elnara Qas\u0131mova.\"},{\"@type\":\"BreadcrumbList\",\"@id\":\"https:\\\/\\\/www.meydan.tv\\\/az\\\/article\\\/din-iddialari-redd-edir-bextiyar-haciyev-hebs-olunarken-uzerinde-telefonu-komputeri-olmayib\\\/#breadcrumb\",\"itemListElement\":[{\"@type\":\"ListItem\",\"position\":1,\"name\":\"Ana s\u0259hif\u0259\",\"item\":\"https:\\\/\\\/www.meydan.tv\\\/az\\\/\"},{\"@type\":\"ListItem\",\"position\":2,\"name\":\"T\u00f6vsiy\u0259\",\"item\":\"https:\\\/\\\/www.meydan.tv\\\/az\\\/section\\\/featured\\\/\"},{\"@type\":\"ListItem\",\"position\":3,\"name\":\"D\u0130N iddialar\u0131 r\u0259dd edir: \u201cB\u0259xtiyar Hac\u0131yev h\u0259bs olunark\u0259n \u00fcz\u0259rind\u0259 telefonu, k\u00f6mp\u00fcteri olmay\u0131b\u201d\"}]},{\"@type\":\"WebSite\",\"@id\":\"https:\\\/\\\/www.meydan.tv\\\/az\\\/#website\",\"url\":\"https:\\\/\\\/www.meydan.tv\\\/az\\\/\",\"name\":\"MEYDAN.TV\",\"description\":\"Meydan TV Az\u0259rbaycan\u0131n media m\u0259kan\u0131ndak\u0131 alternativ s\u0259sidir\",\"publisher\":{\"@id\":\"https:\\\/\\\/www.meydan.tv\\\/az\\\/#organization\"},\"potentialAction\":[{\"@type\":\"SearchAction\",\"target\":{\"@type\":\"EntryPoint\",\"urlTemplate\":\"https:\\\/\\\/www.meydan.tv\\\/az\\\/?s={search_term_string}\"},\"query-input\":{\"@type\":\"PropertyValueSpecification\",\"valueRequired\":true,\"valueName\":\"search_term_string\"}}],\"inLanguage\":\"az\"},{\"@type\":\"Organization\",\"@id\":\"https:\\\/\\\/www.meydan.tv\\\/az\\\/#organization\",\"name\":\"Meydan TV\",\"url\":\"https:\\\/\\\/www.meydan.tv\\\/az\\\/\",\"logo\":{\"@type\":\"ImageObject\",\"inLanguage\":\"az\",\"@id\":\"https:\\\/\\\/www.meydan.tv\\\/az\\\/#\\\/schema\\\/logo\\\/image\\\/\",\"url\":\"https:\\\/\\\/www.meydan.tv\\\/wp-content\\\/uploads\\\/2021\\\/07\\\/meydan-logo.svg\",\"contentUrl\":\"https:\\\/\\\/www.meydan.tv\\\/wp-content\\\/uploads\\\/2021\\\/07\\\/meydan-logo.svg\",\"width\":195,\"height\":46,\"caption\":\"Meydan TV\"},\"image\":{\"@id\":\"https:\\\/\\\/www.meydan.tv\\\/az\\\/#\\\/schema\\\/logo\\\/image\\\/\"}},{\"@type\":\"Person\",\"@id\":\"https:\\\/\\\/www.meydan.tv\\\/az\\\/#\\\/schema\\\/person\\\/f5399057f0b7fa223fa6c9b7c3321968\",\"name\":\"meri\"}]}<\/script>\n<!-- \/ Yoast SEO plugin. -->","yoast_head_json":{"title":"D\u0130N iddialar\u0131 r\u0259dd edir: \u201cB\u0259xtiyar Hac\u0131yev h\u0259bs olunark\u0259n \u00fcz\u0259rind\u0259 telefonu, k\u00f6mp\u00fcteri olmay\u0131b\u201d - MEYDAN.TV","robots":{"index":"index","follow":"follow","max-snippet":"max-snippet:-1","max-image-preview":"max-image-preview:large","max-video-preview":"max-video-preview:-1"},"canonical":"https:\/\/www.meydan.tv\/az\/article\/din-iddialari-redd-edir-bextiyar-haciyev-hebs-olunarken-uzerinde-telefonu-komputeri-olmayib\/","og_locale":"az_AZ","og_type":"article","og_title":"D\u0130N iddialar\u0131 r\u0259dd edir: \u201cB\u0259xtiyar Hac\u0131yev h\u0259bs olunark\u0259n \u00fcz\u0259rind\u0259 telefonu, k\u00f6mp\u00fcteri olmay\u0131b\u201d - MEYDAN.TV","og_description":"G\u00f6r\u00fcnt\u00fc v\u0259 yaz\u0131\u015fmalar\u0131 yay\u0131lm\u0131\u015f qad\u0131nlarla ba\u011fl\u0131 ara\u015fd\u0131rma apar\u0131ld\u0131\u011f\u0131 bildirilir Son ... Davam\u0131","og_url":"https:\/\/www.meydan.tv\/az\/article\/din-iddialari-redd-edir-bextiyar-haciyev-hebs-olunarken-uzerinde-telefonu-komputeri-olmayib\/","og_site_name":"MEYDAN.TV","article_published_time":"2023-03-01T08:58:09+00:00","article_modified_time":"2023-03-01T08:58:11+00:00","og_image":[{"width":1383,"height":777,"url":"https:\/\/www.meydan.tv\/wp-content\/uploads\/329615945_613268990564305_8662663904909657649_n.jpg","type":"image\/jpeg"}],"author":"meri","twitter_card":"summary_large_image","schema":{"@context":"https:\/\/schema.org","@graph":[{"@type":"Article","@id":"https:\/\/www.meydan.tv\/az\/article\/din-iddialari-redd-edir-bextiyar-haciyev-hebs-olunarken-uzerinde-telefonu-komputeri-olmayib\/#article","isPartOf":{"@id":"https:\/\/www.meydan.tv\/az\/article\/din-iddialari-redd-edir-bextiyar-haciyev-hebs-olunarken-uzerinde-telefonu-komputeri-olmayib\/"},"author":{"name":"meri","@id":"https:\/\/www.meydan.tv\/az\/#\/schema\/person\/f5399057f0b7fa223fa6c9b7c3321968"},"headline":"D\u0130N iddialar\u0131 r\u0259dd edir: \u201cB\u0259xtiyar Hac\u0131yev h\u0259bs olunark\u0259n \u00fcz\u0259rind\u0259 telefonu, k\u00f6mp\u00fcteri olmay\u0131b\u201d","datePublished":"2023-03-01T08:58:09+00:00","dateModified":"2023-03-01T08:58:11+00:00","mainEntityOfPage":{"@id":"https:\/\/www.meydan.tv\/az\/article\/din-iddialari-redd-edir-bextiyar-haciyev-hebs-olunarken-uzerinde-telefonu-komputeri-olmayib\/"},"wordCount":530,"publisher":{"@id":"https:\/\/www.meydan.tv\/az\/#organization"},"image":{"@id":"https:\/\/www.meydan.tv\/az\/article\/din-iddialari-redd-edir-bextiyar-haciyev-hebs-olunarken-uzerinde-telefonu-komputeri-olmayib\/#primaryimage"},"thumbnailUrl":"https:\/\/www.meydan.tv\/wp-content\/uploads\/329615945_613268990564305_8662663904909657649_n.jpg","articleSection":["T\u00f6vsiy\u0259","X\u0259b\u0259rl\u0259r"],"inLanguage":"az"},{"@type":"WebPage","@id":"https:\/\/www.meydan.tv\/az\/article\/din-iddialari-redd-edir-bextiyar-haciyev-hebs-olunarken-uzerinde-telefonu-komputeri-olmayib\/","url":"https:\/\/www.meydan.tv\/az\/article\/din-iddialari-redd-edir-bextiyar-haciyev-hebs-olunarken-uzerinde-telefonu-komputeri-olmayib\/","name":"D\u0130N iddialar\u0131 r\u0259dd edir: \u201cB\u0259xtiyar Hac\u0131yev h\u0259bs olunark\u0259n \u00fcz\u0259rind\u0259 telefonu, k\u00f6mp\u00fcteri olmay\u0131b\u201d - MEYDAN.TV","isPartOf":{"@id":"https:\/\/www.meydan.tv\/az\/#website"},"primaryImageOfPage":{"@id":"https:\/\/www.meydan.tv\/az\/article\/din-iddialari-redd-edir-bextiyar-haciyev-hebs-olunarken-uzerinde-telefonu-komputeri-olmayib\/#primaryimage"},"image":{"@id":"https:\/\/www.meydan.tv\/az\/article\/din-iddialari-redd-edir-bextiyar-haciyev-hebs-olunarken-uzerinde-telefonu-komputeri-olmayib\/#primaryimage"},"thumbnailUrl":"https:\/\/www.meydan.tv\/wp-content\/uploads\/329615945_613268990564305_8662663904909657649_n.jpg","datePublished":"2023-03-01T08:58:09+00:00","dateModified":"2023-03-01T08:58:11+00:00","breadcrumb":{"@id":"https:\/\/www.meydan.tv\/az\/article\/din-iddialari-redd-edir-bextiyar-haciyev-hebs-olunarken-uzerinde-telefonu-komputeri-olmayib\/#breadcrumb"},"inLanguage":"az","potentialAction":[{"@type":"ReadAction","target":["https:\/\/www.meydan.tv\/az\/article\/din-iddialari-redd-edir-bextiyar-haciyev-hebs-olunarken-uzerinde-telefonu-komputeri-olmayib\/"]}]},{"@type":"ImageObject","inLanguage":"az","@id":"https:\/\/www.meydan.tv\/az\/article\/din-iddialari-redd-edir-bextiyar-haciyev-hebs-olunarken-uzerinde-telefonu-komputeri-olmayib\/#primaryimage","url":"https:\/\/www.meydan.tv\/wp-content\/uploads\/329615945_613268990564305_8662663904909657649_n.jpg","contentUrl":"https:\/\/www.meydan.tv\/wp-content\/uploads\/329615945_613268990564305_8662663904909657649_n.jpg","width":1383,"height":777,"caption":"B\u0259xtiyar Hac\u0131yev. Foto: Elnara Qas\u0131mova."},{"@type":"BreadcrumbList","@id":"https:\/\/www.meydan.tv\/az\/article\/din-iddialari-redd-edir-bextiyar-haciyev-hebs-olunarken-uzerinde-telefonu-komputeri-olmayib\/#breadcrumb","itemListElement":[{"@type":"ListItem","position":1,"name":"Ana s\u0259hif\u0259","item":"https:\/\/www.meydan.tv\/az\/"},{"@type":"ListItem","position":2,"name":"T\u00f6vsiy\u0259","item":"https:\/\/www.meydan.tv\/az\/section\/featured\/"},{"@type":"ListItem","position":3,"name":"D\u0130N iddialar\u0131 r\u0259dd edir: \u201cB\u0259xtiyar Hac\u0131yev h\u0259bs olunark\u0259n \u00fcz\u0259rind\u0259 telefonu, k\u00f6mp\u00fcteri olmay\u0131b\u201d"}]},{"@type":"WebSite","@id":"https:\/\/www.meydan.tv\/az\/#website","url":"https:\/\/www.meydan.tv\/az\/","name":"MEYDAN.TV","description":"Meydan TV Az\u0259rbaycan\u0131n media m\u0259kan\u0131ndak\u0131 alternativ s\u0259sidir","publisher":{"@id":"https:\/\/www.meydan.tv\/az\/#organization"},"potentialAction":[{"@type":"SearchAction","target":{"@type":"EntryPoint","urlTemplate":"https:\/\/www.meydan.tv\/az\/?s={search_term_string}"},"query-input":{"@type":"PropertyValueSpecification","valueRequired":true,"valueName":"search_term_string"}}],"inLanguage":"az"},{"@type":"Organization","@id":"https:\/\/www.meydan.tv\/az\/#organization","name":"Meydan TV","url":"https:\/\/www.meydan.tv\/az\/","logo":{"@type":"ImageObject","inLanguage":"az","@id":"https:\/\/www.meydan.tv\/az\/#\/schema\/logo\/image\/","url":"https:\/\/www.meydan.tv\/wp-content\/uploads\/2021\/07\/meydan-logo.svg","contentUrl":"https:\/\/www.meydan.tv\/wp-content\/uploads\/2021\/07\/meydan-logo.svg","width":195,"height":46,"caption":"Meydan TV"},"image":{"@id":"https:\/\/www.meydan.tv\/az\/#\/schema\/logo\/image\/"}},{"@type":"Person","@id":"https:\/\/www.meydan.tv\/az\/#\/schema\/person\/f5399057f0b7fa223fa6c9b7c3321968","name":"meri"}]}},"_links":{"self":[{"href":"https:\/\/www.meydan.tv\/az\/wp-json\/wp\/v2\/posts\/269682","targetHints":{"allow":["GET"]}}],"collection":[{"href":"https:\/\/www.meydan.tv\/az\/wp-json\/wp\/v2\/posts"}],"about":[{"href":"https:\/\/www.meydan.tv\/az\/wp-json\/wp\/v2\/types\/post"}],"author":[{"embeddable":true,"href":"https:\/\/www.meydan.tv\/az\/wp-json\/wp\/v2\/users\/13"}],"replies":[{"embeddable":true,"href":"https:\/\/www.meydan.tv\/az\/wp-json\/wp\/v2\/comments?post=269682"}],"version-history":[{"count":1,"href":"https:\/\/www.meydan.tv\/az\/wp-json\/wp\/v2\/posts\/269682\/revisions"}],"predecessor-version":[{"id":269683,"href":"https:\/\/www.meydan.tv\/az\/wp-json\/wp\/v2\/posts\/269682\/revisions\/269683"}],"wp:featuredmedia":[{"embeddable":true,"href":"https:\/\/www.meydan.tv\/az\/wp-json\/wp\/v2\/media\/268371"}],"wp:attachment":[{"href":"https:\/\/www.meydan.tv\/az\/wp-json\/wp\/v2\/media?parent=269682"}],"wp:term":[{"taxonomy":"category","embeddable":true,"href":"https:\/\/www.meydan.tv\/az\/wp-json\/wp\/v2\/categories?post=269682"},{"taxonomy":"post_tag","embeddable":true,"href":"https:\/\/www.meydan.tv\/az\/wp-json\/wp\/v2\/tags?post=269682"}],"curies":[{"name":"wp","href":"https:\/\/api.w.org\/{rel}","templated":true}]}}