{"id":269653,"date":"2023-02-28T20:39:53","date_gmt":"2023-02-28T16:39:53","guid":{"rendered":"https:\/\/www.meydan.tv\/?p=269653"},"modified":"2023-02-28T20:46:44","modified_gmt":"2023-02-28T16:46:44","slug":"hansi-esrde-yasayiriq-ki-polis-mektebli-usagi-atanin-atani-da-ovladinin-gozunun-qarsisinda-doyur","status":"publish","type":"post","link":"https:\/\/www.meydan.tv\/az\/article\/hansi-esrde-yasayiriq-ki-polis-mektebli-usagi-atanin-atani-da-ovladinin-gozunun-qarsisinda-doyur\/","title":{"rendered":"\u201cHans\u0131 \u0259srd\u0259 ya\u015fay\u0131r\u0131q ki, polis m\u0259kt\u0259bli u\u015fa\u011f\u0131 atan\u0131n, atan\u0131 da \u00f6vlad\u0131n\u0131n g\u00f6z\u00fcn\u00fcn qar\u015f\u0131s\u0131nda d\u00f6y\u00fcr?!\u201d"},"content":{"rendered":"\n<p><\/p>\n\n\n\n<p><em>Samux sakini 11-ci sinif \u015fagirdi olan \u00f6vlad\u0131 il\u0259 birlikd\u0259 polis \u015f\u00f6b\u0259sind\u0259 zorak\u0131l\u0131\u011fa m\u0259ruz qald\u0131\u011f\u0131n\u0131 deyir<\/em><\/p>\n\n\n\n<p>Samux sakini Az\u0259r Yusifov \u00f6z\u00fcn\u00fcn d\u0259, 11-ci sinif \u015fagirdi olan o\u011flu F\u0259rid Yusifovun da rayon polis \u015f\u00f6b\u0259sind\u0259 zorak\u0131l\u0131\u011fa m\u0259ruz qald\u0131\u011f\u0131n\u0131 deyir. Onun s\u00f6zl\u0259rin\u0259 g\u00f6r\u0259, \u0259lind\u0259ki ekspertiza r\u0259yi d\u0259 bunu s\u00fcbut edir.<\/p>\n\n\n\n<p>\u201cC\u0259zad\u0131r, versinl\u0259r, ged\u0259k \u00e7\u0259k\u0259k, yoxsa, bu, n\u0259 biab\u0131r\u00e7\u0131l\u0131qd\u0131r?\u201d<\/p>\n\n\n\n<p>Bu bar\u0259d\u0259 Meydan TV-y\u0259 dan\u0131\u015fan Az\u0259r Yusifov deyir ki, hadis\u0259 yanvar\u0131n 17-d\u0259 ax\u015fam saat 23 rad\u0259l\u0259rind\u0259 ba\u015f verib:<\/p>\n\n\n\n<p>\u201cH\u0259min g\u00fcn toydan \u00e7\u0131xd\u0131q, e\u015fitdim ki, dostumun avtomobilini yol polisi saxlay\u0131b, ail\u0259si d\u0259 i\u00e7ind\u0259dir. M\u0259n d\u0259 ora getdim. Yol polisl\u0259rin\u0259 bu m\u0259s\u0259l\u0259ni yoluna qoyma\u011f\u0131 t\u0259klif el\u0259dim. Yol polisl\u0259rind\u0259n K\u0259rim Mehdiyev ba\u015flad\u0131 b\u00f6htan atma\u011fa ki, guya bunlar\u0131 t\u0259hqir edir\u0259m. Yalan dan\u0131\u015f\u0131rd\u0131, t\u0259hqir yox idi, sad\u0259c\u0259, m\u00fc\u0259yy\u0259n t\u0259klifl\u0259r oldu. H\u0259tta ona dedim ki, yalan dan\u0131\u015fmay\u0131n, sizi t\u0259hqir el\u0259mir\u0259m ax\u0131. Bundan sonra m\u0259n\u0259 zor t\u0259tbiq el\u0259yib aparmaq ist\u0259y\u0259nd\u0259 11-ci sinif \u015fagirdi olan o\u011flum yax\u0131nla\u015fd\u0131 ki, atam\u0131 hara apar\u0131rs\u0131n\u0131z?\u201d<\/p>\n\n\n\n<figure class=\"wp-block-image size-large is-resized\"><img decoding=\"async\" data-src=\"https:\/\/www.meydan.tv\/wp-content\/uploads\/89eab7ac-7aa2-4ed6-98a9-09dc5a4f6206-616x821.jpeg\" alt=\"\" class=\"wp-image-269659 lazyload\" width=\"800\" height=\"1066\" src=\"data:image\/svg+xml;base64,PHN2ZyB3aWR0aD0iMSIgaGVpZ2h0PSIxIiB4bWxucz0iaHR0cDovL3d3dy53My5vcmcvMjAwMC9zdmciPjwvc3ZnPg==\" style=\"--smush-placeholder-width: 800px; --smush-placeholder-aspect-ratio: 800\/1066;\" \/><\/figure>\n\n\n\n<p>Az\u0259r Yusifov dan\u0131\u015f\u0131r ki, o\u011flu F\u0259rid\u0259 d\u0259 zor t\u0259tbiq ed\u0259r\u0259k, onunla birlikd\u0259 Samux Rayon Polis \u015e\u00f6b\u0259sin\u0259 apar\u0131blar. Onun dediyin\u0259 g\u00f6r\u0259, yol polisl\u0259ri onlar\u0131 \u015f\u00f6b\u0259y\u0259 t\u0259hvil ver\u0259nd\u0259n sonra \u00e7\u0131x\u0131b getm\u0259yibl\u0259r.<\/p>\n\n\n\n<p>\u201cBir d\u0259 g\u00f6rd\u00fcm ki, n\u00f6vb\u0259t\u00e7i hiss\u0259d\u0259 o\u011flumu d\u00f6y\u00fcrl\u0259r. O t\u0259r\u0259f\u0259 getdim ki, neynirsiz? Yek\u0259 adamlars\u0131z, u\u015fa\u011f\u0131 d\u00f6y\u00fcrs\u00fcn\u00fcz. M\u00fcdaxil\u0259 edib, o\u011flumu \u0259ll\u0259rind\u0259n alma\u011fa \u00e7al\u0131\u015f\u0131rd\u0131m. Bu zaman m\u0259n\u0259 badalaq vurub, yer\u0259 y\u0131xd\u0131lar. Halbuki, g\u00fcnah\u0131m\u0131z varsa bel\u0259, yol polisl\u0259ri \u2013 K\u0259rim Mehdiyevgil bizi \u015f\u00f6b\u0259y\u0259 t\u0259hvil verib, \u00e7\u0131xmal\u0131yd\u0131lar. Biz hans\u0131 \u0259srd\u0259 ya\u015fay\u0131r\u0131q ki, polis m\u0259kt\u0259bli u\u015fa\u011f\u0131 atan\u0131n, atan\u0131 da \u00f6vlad\u0131n\u0131n g\u00f6z\u00fc qar\u015f\u0131s\u0131nda d\u00f6y\u00fcr?!&nbsp;C\u0259zad\u0131r, versinl\u0259r, ged\u0259k \u00e7\u0259k\u0259k, yoxsa, bu, n\u0259 biab\u0131r\u00e7\u0131l\u0131qd\u0131r?\u201d, &#8211; Az\u0259r Yusifov bel\u0259 deyir.<\/p>\n\n\n\n<p>\u201cEkspertiza da x\u0259sar\u0259tl\u0259ri t\u0259sdiql\u0259di\u201d<\/p>\n\n\n\n<p>O \u0259lav\u0259 edib ki, polis \u015f\u00f6b\u0259sind\u0259 d\u00f6y\u00fclm\u0259 prosesi 3-4 d\u0259qiq\u0259 \u00e7\u0259kib. Daha sonra bar\u0259l\u0259rind\u0259 inzibati x\u0259ta protokolu t\u0259rtib olunub v\u0259 m\u0259hk\u0259m\u0259y\u0259 apar\u0131l\u0131blar. M\u0259hk\u0259m\u0259 onlar\u0131 150 manat c\u0259rim\u0259l\u0259yib:<\/p>\n\n\n\n<p>\u201cM\u0259hk\u0259m\u0259d\u0259 hakim\u0259 d\u0259 dan\u0131\u015fd\u0131m ba\u015f\u0131m\u0131za g\u0259l\u0259nl\u0259ri. T\u0259\u0259ss\u00fcf ki, he\u00e7 bir t\u0259dbir g\u00f6rm\u0259di. Sonra m\u0259n \u00f6z\u00fcm prokurorlu\u011fa \u015fikay\u0259t etdim, oradan g\u00f6nd\u0259ri\u015fl\u0259 ekspertizadan ke\u00e7dim. Ekspertiza da \u00fcz\u0259rimd\u0259ki x\u0259sar\u0259tl\u0259ri t\u0259sdiql\u0259di. Prokurorlu\u011fa yanvar\u0131n 19-da m\u00fcraci\u0259t el\u0259mi\u015f\u0259m. Bir ay \u0259rzind\u0259 cavab g\u0259lm\u0259liydi, amma h\u0259l\u0259 cavab almam\u0131\u015fam. B\u0259lk\u0259 d\u0259 h\u0259min g\u00fcn t\u0259k olsayd\u0131m, o\u011fluma qar\u015f\u0131 ba\u015f ver\u0259nl\u0259r g\u00f6z\u00fcm\u00fcn qar\u015f\u0131s\u0131nda ba\u015f verm\u0259s\u0259ydi, m\u0259n\u0259 bu c\u00fcr t\u0259sir el\u0259m\u0259zdi. O\u011flum m\u0259kt\u0259blidir, h\u00fcquq fak\u00fclt\u0259sin\u0259 haz\u0131rla\u015f\u0131rd\u0131, niy\u0259 h\u00fcquq-m\u00fchafiz\u0259 sistemin\u0259 qar\u015f\u0131 yeniyetm\u0259 vaxt\u0131ndan onda bel\u0259 fikir formala\u015fmal\u0131yd\u0131?\u201d<\/p>\n\n\n\n<figure class=\"wp-block-image size-large is-resized\"><img decoding=\"async\" data-src=\"https:\/\/www.meydan.tv\/wp-content\/uploads\/fc752627-9705-44a4-8fec-c2751732c643-608x821.jpeg\" alt=\"\" class=\"wp-image-269662 lazyload\" width=\"802\" height=\"1083\" src=\"data:image\/svg+xml;base64,PHN2ZyB3aWR0aD0iMSIgaGVpZ2h0PSIxIiB4bWxucz0iaHR0cDovL3d3dy53My5vcmcvMjAwMC9zdmciPjwvc3ZnPg==\" style=\"--smush-placeholder-width: 802px; --smush-placeholder-aspect-ratio: 802\/1083;\" \/><\/figure>\n\n\n\n<p>Ekspertizan\u0131n r\u0259yind\u0259 g\u00f6st\u0259rilib ki, Az\u0259r Yusifovun \u00fcz\u0259rind\u0259ki x\u0259sar\u0259tl\u0259r k\u00fct \u0259\u015fyan\u0131n t\u0259siri n\u0259tic\u0259sind\u0259 \u0259m\u0259l\u0259 g\u0259lib v\u0259 17 yanvar tarixind\u0259 yetirilm\u0259y\u0259 uy\u011fun g\u0259lir.<\/p>\n\n\n\n<p>Az\u0259r Yusifov vur\u011fulay\u0131b ki, bu i\u015fl\u0259 ba\u011fl\u0131 h\u0259qiq\u0259ti bilm\u0259k \u00fc\u00e7\u00fcn \u00e7ox ara\u015fd\u0131rma aparma\u011fa ehtiyac yoxdur, kamera g\u00f6r\u00fcnt\u00fcl\u0259rin\u0259 baxmaq kifay\u0259tdir. Onun s\u00f6zl\u0259rin\u0259 g\u00f6r\u0259, hadis\u0259l\u0259r polis \u015f\u00f6b\u0259sinin daxilind\u0259ki kameralar\u0131n alt\u0131nda ba\u015f verib:&nbsp;<\/p>\n\n\n\n<p>\u201cOrada oldu\u011fum m\u00fcdd\u0259tin g\u00f6r\u00fcnt\u00fcl\u0259rini qoysunlar ortaya&#8230;\u201d.<\/p>\n\n\n\n<p>D\u0130N: \u201cPolisin xidm\u0259tin\u0259 mane olublar, qanuni t\u0259l\u0259bin\u0259 tabe olmay\u0131blar\u201d<\/p>\n\n\n\n<p>Daxili \u0130\u015fl\u0259r Nazirliyi (D\u0130N) is\u0259 Az\u0259r Yusifov v\u0259 m\u0259kt\u0259bli o\u011flunun Samux rayon Polis \u015e\u00f6b\u0259sind\u0259 zorak\u0131l\u0131\u011fa m\u0259ruz qalmas\u0131 haqda iddialar\u0131 t\u0259kzib edib. Nazirliyin M\u0259tbuat xidm\u0259tinin G\u0259nc\u0259 regional qrupunun ba\u015f inspektoru E\u015fqin Qas\u0131mov Meydan TV-y\u0259 bildirib ki, yanvar\u0131n 17-d\u0259 Samux rayon Polis \u015e\u00f6b\u0259sinin D\u00f6vl\u0259t Yol Polisi B\u00f6lm\u0259sinin \u0259m\u0259kda\u015flar\u0131 qaydan\u0131 pozan \u201cOpel\u201d markal\u0131 avtomobili saxlay\u0131b. Bu zaman Samux rayon sakinl\u0259ri Az\u0259r v\u0259 F\u0259rid Yusifovlar polis \u0259m\u0259kda\u015flar\u0131na yax\u0131nla\u015faraq, h\u0259min s\u00fcr\u00fcc\u00fc bar\u0259sind\u0259 protokol t\u0259rtib olunmamas\u0131n\u0131 t\u0259l\u0259b edibl\u0259r.<\/p>\n\n\n\n<p>D\u0130N r\u0259smisinin s\u00f6zl\u0259rin\u0259 g\u00f6r\u0259, Yol Polisi B\u00f6lm\u0259sinin inspektoru Yusifovlara h\u00fcquqi izahat ver\u0259r\u0259k, xidm\u0259tin\u0259 mane olmama\u011f\u0131 bildirs\u0259 d\u0259, onlar polis \u0259m\u0259kda\u015f\u0131n\u0131n qanuni t\u0259l\u0259bin\u0259 tabe olunmay\u0131blar. Buna g\u00f6r\u0259 d\u0259 \u0259raziy\u0259 Post Patrul Xidm\u0259tinin \u0259m\u0259kda\u015flar\u0131 \u00e7a\u011f\u0131r\u0131l\u0131b, h\u0259min \u015f\u0259xsl\u0259r Samux Rayon Polis \u015e\u00f6b\u0259sin\u0259 apar\u0131l\u0131b:&nbsp;<\/p>\n\n\n\n<p>\u201cOrada onlarla profilaktiki s\u00f6hb\u0259t apar\u0131laraq, bar\u0259l\u0259rind\u0259 \u0130nzibati X\u0259talar M\u0259c\u0259ll\u0259sinin m\u00fcvafiq madd\u0259sin\u0259 uy\u011fun protokol t\u0259rtib olunub, aidiyy\u0259ti m\u0259hk\u0259m\u0259y\u0259 g\u00f6nd\u0259rilib. M\u0259hk\u0259m\u0259 h\u0259min \u015f\u0259xsl\u0259ri t\u0259qsirkar bil\u0259r\u0259k, h\u0259r birini 150 manat c\u0259rim\u0259 edib\u201d.<\/p>\n\n\n\n<p>Ata v\u0259 o\u011ful Yusifovlar\u0131n polis \u015f\u00f6b\u0259sind\u0259 d\u00f6y\u00fclm\u0259sin\u0259 g\u0259linc\u0259, E\u015fqin Qas\u0131mov deyir ki, m\u0259hk\u0259m\u0259 zaman\u0131 onlardan t\u0259zyiq\u0259 m\u0259ruz qalmalar\u0131 haqda soru\u015fulub, ekspertizadan ke\u00e7\u0259 bil\u0259c\u0259kl\u0259ri bildirilib:&nbsp;<\/p>\n\n\n\n<p>\u201cLakin h\u0259min \u015f\u0259xsl\u0259r bundan imtina edibl\u0259r. \u018flav\u0259 olaraq v\u0259t\u0259nda\u015flar\u0131n iddias\u0131 Samux Rayon Prokurorlu\u011funda ara\u015fd\u0131r\u0131l\u0131b, iddia t\u0259sdiqini tapmad\u0131\u011f\u0131na g\u00f6r\u0259 ara\u015fd\u0131rma dayand\u0131r\u0131l\u0131b\u201d.<\/p>\n","protected":false},"excerpt":{"rendered":"<p>Samux sakini 11-ci sinif \u015fagirdi olan \u00f6vlad\u0131 il\u0259 birlikd\u0259 polis &#8230; <\/p>\n<p class=\"read-more-container\"><a title=\"\u201cHans\u0131 \u0259srd\u0259 ya\u015fay\u0131r\u0131q ki, polis m\u0259kt\u0259bli u\u015fa\u011f\u0131 atan\u0131n, atan\u0131 da \u00f6vlad\u0131n\u0131n g\u00f6z\u00fcn\u00fcn qar\u015f\u0131s\u0131nda d\u00f6y\u00fcr?!\u201d\" class=\"read-more button\" href=\"https:\/\/www.meydan.tv\/az\/article\/hansi-esrde-yasayiriq-ki-polis-mektebli-usagi-atanin-atani-da-ovladinin-gozunun-qarsisinda-doyur\/#more-269653\" aria-label=\"Read more about \u201cHans\u0131 \u0259srd\u0259 ya\u015fay\u0131r\u0131q ki, polis m\u0259kt\u0259bli u\u015fa\u011f\u0131 atan\u0131n, atan\u0131 da \u00f6vlad\u0131n\u0131n g\u00f6z\u00fcn\u00fcn qar\u015f\u0131s\u0131nda d\u00f6y\u00fcr?!\u201d\">Davam\u0131<\/a><\/p>\n","protected":false},"author":13,"featured_media":269668,"comment_status":"closed","ping_status":"closed","sticky":false,"template":"","format":"standard","meta":{"_acf_changed":false,"_sitemap_exclude":false,"_sitemap_priority":"","_sitemap_frequency":"","footnotes":""},"categories":[60,79,7,56],"tags":[],"class_list":["post-269653","post","type-post","status-publish","format-standard","has-post-thumbnail","hentry","category-bolge","category-featured","category-uncategorized-az","category-xeberler","infinite-scroll-item","generate-columns","tablet-grid-50","mobile-grid-100","grid-parent","grid-33","no-featured-image-padding"],"acf":[],"yoast_head":"<!-- This site is optimized with the Yoast SEO plugin v27.5 - https:\/\/yoast.com\/product\/yoast-seo-wordpress\/ -->\n<title>\u201cHans\u0131 \u0259srd\u0259 ya\u015fay\u0131r\u0131q ki, polis m\u0259kt\u0259bli u\u015fa\u011f\u0131 atan\u0131n, atan\u0131 da \u00f6vlad\u0131n\u0131n g\u00f6z\u00fcn\u00fcn qar\u015f\u0131s\u0131nda d\u00f6y\u00fcr?!\u201d - MEYDAN.TV<\/title>\n<meta name=\"robots\" content=\"index, follow, max-snippet:-1, max-image-preview:large, max-video-preview:-1\" \/>\n<link rel=\"canonical\" href=\"https:\/\/www.meydan.tv\/az\/article\/hansi-esrde-yasayiriq-ki-polis-mektebli-usagi-atanin-atani-da-ovladinin-gozunun-qarsisinda-doyur\/\" \/>\n<meta property=\"og:locale\" content=\"az_AZ\" \/>\n<meta property=\"og:type\" content=\"article\" \/>\n<meta property=\"og:title\" content=\"\u201cHans\u0131 \u0259srd\u0259 ya\u015fay\u0131r\u0131q ki, polis m\u0259kt\u0259bli u\u015fa\u011f\u0131 atan\u0131n, atan\u0131 da \u00f6vlad\u0131n\u0131n g\u00f6z\u00fcn\u00fcn qar\u015f\u0131s\u0131nda d\u00f6y\u00fcr?!\u201d - MEYDAN.TV\" \/>\n<meta property=\"og:description\" content=\"Samux sakini 11-ci sinif \u015fagirdi olan \u00f6vlad\u0131 il\u0259 birlikd\u0259 polis ... Davam\u0131\" \/>\n<meta property=\"og:url\" content=\"https:\/\/www.meydan.tv\/az\/article\/hansi-esrde-yasayiriq-ki-polis-mektebli-usagi-atanin-atani-da-ovladinin-gozunun-qarsisinda-doyur\/\" \/>\n<meta property=\"og:site_name\" content=\"MEYDAN.TV\" \/>\n<meta property=\"article:published_time\" content=\"2023-02-28T16:39:53+00:00\" \/>\n<meta property=\"article:modified_time\" content=\"2023-02-28T16:46:44+00:00\" \/>\n<meta property=\"og:image\" content=\"https:\/\/www.meydan.tv\/wp-content\/uploads\/untitled-design-101.jpg\" \/>\n\t<meta property=\"og:image:width\" content=\"1200\" \/>\n\t<meta property=\"og:image:height\" content=\"800\" \/>\n\t<meta property=\"og:image:type\" content=\"image\/jpeg\" \/>\n<meta name=\"author\" content=\"meri\" \/>\n<meta name=\"twitter:card\" content=\"summary_large_image\" \/>\n<script type=\"application\/ld+json\" class=\"yoast-schema-graph\">{\"@context\":\"https:\\\/\\\/schema.org\",\"@graph\":[{\"@type\":\"Article\",\"@id\":\"https:\\\/\\\/www.meydan.tv\\\/az\\\/article\\\/hansi-esrde-yasayiriq-ki-polis-mektebli-usagi-atanin-atani-da-ovladinin-gozunun-qarsisinda-doyur\\\/#article\",\"isPartOf\":{\"@id\":\"https:\\\/\\\/www.meydan.tv\\\/az\\\/article\\\/hansi-esrde-yasayiriq-ki-polis-mektebli-usagi-atanin-atani-da-ovladinin-gozunun-qarsisinda-doyur\\\/\"},\"author\":{\"name\":\"meri\",\"@id\":\"https:\\\/\\\/www.meydan.tv\\\/az\\\/#\\\/schema\\\/person\\\/f5399057f0b7fa223fa6c9b7c3321968\"},\"headline\":\"\u201cHans\u0131 \u0259srd\u0259 ya\u015fay\u0131r\u0131q ki, polis m\u0259kt\u0259bli u\u015fa\u011f\u0131 atan\u0131n, atan\u0131 da \u00f6vlad\u0131n\u0131n g\u00f6z\u00fcn\u00fcn qar\u015f\u0131s\u0131nda d\u00f6y\u00fcr?!\u201d\",\"datePublished\":\"2023-02-28T16:39:53+00:00\",\"dateModified\":\"2023-02-28T16:46:44+00:00\",\"mainEntityOfPage\":{\"@id\":\"https:\\\/\\\/www.meydan.tv\\\/az\\\/article\\\/hansi-esrde-yasayiriq-ki-polis-mektebli-usagi-atanin-atani-da-ovladinin-gozunun-qarsisinda-doyur\\\/\"},\"wordCount\":1086,\"publisher\":{\"@id\":\"https:\\\/\\\/www.meydan.tv\\\/az\\\/#organization\"},\"image\":{\"@id\":\"https:\\\/\\\/www.meydan.tv\\\/az\\\/article\\\/hansi-esrde-yasayiriq-ki-polis-mektebli-usagi-atanin-atani-da-ovladinin-gozunun-qarsisinda-doyur\\\/#primaryimage\"},\"thumbnailUrl\":\"https:\\\/\\\/www.meydan.tv\\\/wp-content\\\/uploads\\\/untitled-design-101.jpg\",\"articleSection\":[\"B\u00f6lg\u0259\",\"T\u00f6vsiy\u0259\",\"Uncategorized @az\",\"X\u0259b\u0259rl\u0259r\"],\"inLanguage\":\"az\"},{\"@type\":\"WebPage\",\"@id\":\"https:\\\/\\\/www.meydan.tv\\\/az\\\/article\\\/hansi-esrde-yasayiriq-ki-polis-mektebli-usagi-atanin-atani-da-ovladinin-gozunun-qarsisinda-doyur\\\/\",\"url\":\"https:\\\/\\\/www.meydan.tv\\\/az\\\/article\\\/hansi-esrde-yasayiriq-ki-polis-mektebli-usagi-atanin-atani-da-ovladinin-gozunun-qarsisinda-doyur\\\/\",\"name\":\"\u201cHans\u0131 \u0259srd\u0259 ya\u015fay\u0131r\u0131q ki, polis m\u0259kt\u0259bli u\u015fa\u011f\u0131 atan\u0131n, atan\u0131 da \u00f6vlad\u0131n\u0131n g\u00f6z\u00fcn\u00fcn qar\u015f\u0131s\u0131nda d\u00f6y\u00fcr?!\u201d - MEYDAN.TV\",\"isPartOf\":{\"@id\":\"https:\\\/\\\/www.meydan.tv\\\/az\\\/#website\"},\"primaryImageOfPage\":{\"@id\":\"https:\\\/\\\/www.meydan.tv\\\/az\\\/article\\\/hansi-esrde-yasayiriq-ki-polis-mektebli-usagi-atanin-atani-da-ovladinin-gozunun-qarsisinda-doyur\\\/#primaryimage\"},\"image\":{\"@id\":\"https:\\\/\\\/www.meydan.tv\\\/az\\\/article\\\/hansi-esrde-yasayiriq-ki-polis-mektebli-usagi-atanin-atani-da-ovladinin-gozunun-qarsisinda-doyur\\\/#primaryimage\"},\"thumbnailUrl\":\"https:\\\/\\\/www.meydan.tv\\\/wp-content\\\/uploads\\\/untitled-design-101.jpg\",\"datePublished\":\"2023-02-28T16:39:53+00:00\",\"dateModified\":\"2023-02-28T16:46:44+00:00\",\"breadcrumb\":{\"@id\":\"https:\\\/\\\/www.meydan.tv\\\/az\\\/article\\\/hansi-esrde-yasayiriq-ki-polis-mektebli-usagi-atanin-atani-da-ovladinin-gozunun-qarsisinda-doyur\\\/#breadcrumb\"},\"inLanguage\":\"az\",\"potentialAction\":[{\"@type\":\"ReadAction\",\"target\":[\"https:\\\/\\\/www.meydan.tv\\\/az\\\/article\\\/hansi-esrde-yasayiriq-ki-polis-mektebli-usagi-atanin-atani-da-ovladinin-gozunun-qarsisinda-doyur\\\/\"]}]},{\"@type\":\"ImageObject\",\"inLanguage\":\"az\",\"@id\":\"https:\\\/\\\/www.meydan.tv\\\/az\\\/article\\\/hansi-esrde-yasayiriq-ki-polis-mektebli-usagi-atanin-atani-da-ovladinin-gozunun-qarsisinda-doyur\\\/#primaryimage\",\"url\":\"https:\\\/\\\/www.meydan.tv\\\/wp-content\\\/uploads\\\/untitled-design-101.jpg\",\"contentUrl\":\"https:\\\/\\\/www.meydan.tv\\\/wp-content\\\/uploads\\\/untitled-design-101.jpg\",\"width\":1200,\"height\":800,\"caption\":\"Fotolar: Meydan TV\"},{\"@type\":\"BreadcrumbList\",\"@id\":\"https:\\\/\\\/www.meydan.tv\\\/az\\\/article\\\/hansi-esrde-yasayiriq-ki-polis-mektebli-usagi-atanin-atani-da-ovladinin-gozunun-qarsisinda-doyur\\\/#breadcrumb\",\"itemListElement\":[{\"@type\":\"ListItem\",\"position\":1,\"name\":\"Ana s\u0259hif\u0259\",\"item\":\"https:\\\/\\\/www.meydan.tv\\\/az\\\/\"},{\"@type\":\"ListItem\",\"position\":2,\"name\":\"Uncategorized @az\",\"item\":\"https:\\\/\\\/www.meydan.tv\\\/az\\\/section\\\/uncategorized-az\\\/\"},{\"@type\":\"ListItem\",\"position\":3,\"name\":\"\u201cHans\u0131 \u0259srd\u0259 ya\u015fay\u0131r\u0131q ki, polis m\u0259kt\u0259bli u\u015fa\u011f\u0131 atan\u0131n, atan\u0131 da \u00f6vlad\u0131n\u0131n g\u00f6z\u00fcn\u00fcn qar\u015f\u0131s\u0131nda d\u00f6y\u00fcr?!\u201d\"}]},{\"@type\":\"WebSite\",\"@id\":\"https:\\\/\\\/www.meydan.tv\\\/az\\\/#website\",\"url\":\"https:\\\/\\\/www.meydan.tv\\\/az\\\/\",\"name\":\"MEYDAN.TV\",\"description\":\"Meydan TV Az\u0259rbaycan\u0131n media m\u0259kan\u0131ndak\u0131 alternativ s\u0259sidir\",\"publisher\":{\"@id\":\"https:\\\/\\\/www.meydan.tv\\\/az\\\/#organization\"},\"potentialAction\":[{\"@type\":\"SearchAction\",\"target\":{\"@type\":\"EntryPoint\",\"urlTemplate\":\"https:\\\/\\\/www.meydan.tv\\\/az\\\/?s={search_term_string}\"},\"query-input\":{\"@type\":\"PropertyValueSpecification\",\"valueRequired\":true,\"valueName\":\"search_term_string\"}}],\"inLanguage\":\"az\"},{\"@type\":\"Organization\",\"@id\":\"https:\\\/\\\/www.meydan.tv\\\/az\\\/#organization\",\"name\":\"Meydan TV\",\"url\":\"https:\\\/\\\/www.meydan.tv\\\/az\\\/\",\"logo\":{\"@type\":\"ImageObject\",\"inLanguage\":\"az\",\"@id\":\"https:\\\/\\\/www.meydan.tv\\\/az\\\/#\\\/schema\\\/logo\\\/image\\\/\",\"url\":\"https:\\\/\\\/www.meydan.tv\\\/wp-content\\\/uploads\\\/2021\\\/07\\\/meydan-logo.svg\",\"contentUrl\":\"https:\\\/\\\/www.meydan.tv\\\/wp-content\\\/uploads\\\/2021\\\/07\\\/meydan-logo.svg\",\"width\":195,\"height\":46,\"caption\":\"Meydan TV\"},\"image\":{\"@id\":\"https:\\\/\\\/www.meydan.tv\\\/az\\\/#\\\/schema\\\/logo\\\/image\\\/\"}},{\"@type\":\"Person\",\"@id\":\"https:\\\/\\\/www.meydan.tv\\\/az\\\/#\\\/schema\\\/person\\\/f5399057f0b7fa223fa6c9b7c3321968\",\"name\":\"meri\"}]}<\/script>\n<!-- \/ Yoast SEO plugin. -->","yoast_head_json":{"title":"\u201cHans\u0131 \u0259srd\u0259 ya\u015fay\u0131r\u0131q ki, polis m\u0259kt\u0259bli u\u015fa\u011f\u0131 atan\u0131n, atan\u0131 da \u00f6vlad\u0131n\u0131n g\u00f6z\u00fcn\u00fcn qar\u015f\u0131s\u0131nda d\u00f6y\u00fcr?!\u201d - MEYDAN.TV","robots":{"index":"index","follow":"follow","max-snippet":"max-snippet:-1","max-image-preview":"max-image-preview:large","max-video-preview":"max-video-preview:-1"},"canonical":"https:\/\/www.meydan.tv\/az\/article\/hansi-esrde-yasayiriq-ki-polis-mektebli-usagi-atanin-atani-da-ovladinin-gozunun-qarsisinda-doyur\/","og_locale":"az_AZ","og_type":"article","og_title":"\u201cHans\u0131 \u0259srd\u0259 ya\u015fay\u0131r\u0131q ki, polis m\u0259kt\u0259bli u\u015fa\u011f\u0131 atan\u0131n, atan\u0131 da \u00f6vlad\u0131n\u0131n g\u00f6z\u00fcn\u00fcn qar\u015f\u0131s\u0131nda d\u00f6y\u00fcr?!\u201d - MEYDAN.TV","og_description":"Samux sakini 11-ci sinif \u015fagirdi olan \u00f6vlad\u0131 il\u0259 birlikd\u0259 polis ... Davam\u0131","og_url":"https:\/\/www.meydan.tv\/az\/article\/hansi-esrde-yasayiriq-ki-polis-mektebli-usagi-atanin-atani-da-ovladinin-gozunun-qarsisinda-doyur\/","og_site_name":"MEYDAN.TV","article_published_time":"2023-02-28T16:39:53+00:00","article_modified_time":"2023-02-28T16:46:44+00:00","og_image":[{"width":1200,"height":800,"url":"https:\/\/www.meydan.tv\/wp-content\/uploads\/untitled-design-101.jpg","type":"image\/jpeg"}],"author":"meri","twitter_card":"summary_large_image","schema":{"@context":"https:\/\/schema.org","@graph":[{"@type":"Article","@id":"https:\/\/www.meydan.tv\/az\/article\/hansi-esrde-yasayiriq-ki-polis-mektebli-usagi-atanin-atani-da-ovladinin-gozunun-qarsisinda-doyur\/#article","isPartOf":{"@id":"https:\/\/www.meydan.tv\/az\/article\/hansi-esrde-yasayiriq-ki-polis-mektebli-usagi-atanin-atani-da-ovladinin-gozunun-qarsisinda-doyur\/"},"author":{"name":"meri","@id":"https:\/\/www.meydan.tv\/az\/#\/schema\/person\/f5399057f0b7fa223fa6c9b7c3321968"},"headline":"\u201cHans\u0131 \u0259srd\u0259 ya\u015fay\u0131r\u0131q ki, polis m\u0259kt\u0259bli u\u015fa\u011f\u0131 atan\u0131n, atan\u0131 da \u00f6vlad\u0131n\u0131n g\u00f6z\u00fcn\u00fcn qar\u015f\u0131s\u0131nda d\u00f6y\u00fcr?!\u201d","datePublished":"2023-02-28T16:39:53+00:00","dateModified":"2023-02-28T16:46:44+00:00","mainEntityOfPage":{"@id":"https:\/\/www.meydan.tv\/az\/article\/hansi-esrde-yasayiriq-ki-polis-mektebli-usagi-atanin-atani-da-ovladinin-gozunun-qarsisinda-doyur\/"},"wordCount":1086,"publisher":{"@id":"https:\/\/www.meydan.tv\/az\/#organization"},"image":{"@id":"https:\/\/www.meydan.tv\/az\/article\/hansi-esrde-yasayiriq-ki-polis-mektebli-usagi-atanin-atani-da-ovladinin-gozunun-qarsisinda-doyur\/#primaryimage"},"thumbnailUrl":"https:\/\/www.meydan.tv\/wp-content\/uploads\/untitled-design-101.jpg","articleSection":["B\u00f6lg\u0259","T\u00f6vsiy\u0259","Uncategorized @az","X\u0259b\u0259rl\u0259r"],"inLanguage":"az"},{"@type":"WebPage","@id":"https:\/\/www.meydan.tv\/az\/article\/hansi-esrde-yasayiriq-ki-polis-mektebli-usagi-atanin-atani-da-ovladinin-gozunun-qarsisinda-doyur\/","url":"https:\/\/www.meydan.tv\/az\/article\/hansi-esrde-yasayiriq-ki-polis-mektebli-usagi-atanin-atani-da-ovladinin-gozunun-qarsisinda-doyur\/","name":"\u201cHans\u0131 \u0259srd\u0259 ya\u015fay\u0131r\u0131q ki, polis m\u0259kt\u0259bli u\u015fa\u011f\u0131 atan\u0131n, atan\u0131 da \u00f6vlad\u0131n\u0131n g\u00f6z\u00fcn\u00fcn qar\u015f\u0131s\u0131nda d\u00f6y\u00fcr?!\u201d - MEYDAN.TV","isPartOf":{"@id":"https:\/\/www.meydan.tv\/az\/#website"},"primaryImageOfPage":{"@id":"https:\/\/www.meydan.tv\/az\/article\/hansi-esrde-yasayiriq-ki-polis-mektebli-usagi-atanin-atani-da-ovladinin-gozunun-qarsisinda-doyur\/#primaryimage"},"image":{"@id":"https:\/\/www.meydan.tv\/az\/article\/hansi-esrde-yasayiriq-ki-polis-mektebli-usagi-atanin-atani-da-ovladinin-gozunun-qarsisinda-doyur\/#primaryimage"},"thumbnailUrl":"https:\/\/www.meydan.tv\/wp-content\/uploads\/untitled-design-101.jpg","datePublished":"2023-02-28T16:39:53+00:00","dateModified":"2023-02-28T16:46:44+00:00","breadcrumb":{"@id":"https:\/\/www.meydan.tv\/az\/article\/hansi-esrde-yasayiriq-ki-polis-mektebli-usagi-atanin-atani-da-ovladinin-gozunun-qarsisinda-doyur\/#breadcrumb"},"inLanguage":"az","potentialAction":[{"@type":"ReadAction","target":["https:\/\/www.meydan.tv\/az\/article\/hansi-esrde-yasayiriq-ki-polis-mektebli-usagi-atanin-atani-da-ovladinin-gozunun-qarsisinda-doyur\/"]}]},{"@type":"ImageObject","inLanguage":"az","@id":"https:\/\/www.meydan.tv\/az\/article\/hansi-esrde-yasayiriq-ki-polis-mektebli-usagi-atanin-atani-da-ovladinin-gozunun-qarsisinda-doyur\/#primaryimage","url":"https:\/\/www.meydan.tv\/wp-content\/uploads\/untitled-design-101.jpg","contentUrl":"https:\/\/www.meydan.tv\/wp-content\/uploads\/untitled-design-101.jpg","width":1200,"height":800,"caption":"Fotolar: Meydan TV"},{"@type":"BreadcrumbList","@id":"https:\/\/www.meydan.tv\/az\/article\/hansi-esrde-yasayiriq-ki-polis-mektebli-usagi-atanin-atani-da-ovladinin-gozunun-qarsisinda-doyur\/#breadcrumb","itemListElement":[{"@type":"ListItem","position":1,"name":"Ana s\u0259hif\u0259","item":"https:\/\/www.meydan.tv\/az\/"},{"@type":"ListItem","position":2,"name":"Uncategorized @az","item":"https:\/\/www.meydan.tv\/az\/section\/uncategorized-az\/"},{"@type":"ListItem","position":3,"name":"\u201cHans\u0131 \u0259srd\u0259 ya\u015fay\u0131r\u0131q ki, polis m\u0259kt\u0259bli u\u015fa\u011f\u0131 atan\u0131n, atan\u0131 da \u00f6vlad\u0131n\u0131n g\u00f6z\u00fcn\u00fcn qar\u015f\u0131s\u0131nda d\u00f6y\u00fcr?!\u201d"}]},{"@type":"WebSite","@id":"https:\/\/www.meydan.tv\/az\/#website","url":"https:\/\/www.meydan.tv\/az\/","name":"MEYDAN.TV","description":"Meydan TV Az\u0259rbaycan\u0131n media m\u0259kan\u0131ndak\u0131 alternativ s\u0259sidir","publisher":{"@id":"https:\/\/www.meydan.tv\/az\/#organization"},"potentialAction":[{"@type":"SearchAction","target":{"@type":"EntryPoint","urlTemplate":"https:\/\/www.meydan.tv\/az\/?s={search_term_string}"},"query-input":{"@type":"PropertyValueSpecification","valueRequired":true,"valueName":"search_term_string"}}],"inLanguage":"az"},{"@type":"Organization","@id":"https:\/\/www.meydan.tv\/az\/#organization","name":"Meydan TV","url":"https:\/\/www.meydan.tv\/az\/","logo":{"@type":"ImageObject","inLanguage":"az","@id":"https:\/\/www.meydan.tv\/az\/#\/schema\/logo\/image\/","url":"https:\/\/www.meydan.tv\/wp-content\/uploads\/2021\/07\/meydan-logo.svg","contentUrl":"https:\/\/www.meydan.tv\/wp-content\/uploads\/2021\/07\/meydan-logo.svg","width":195,"height":46,"caption":"Meydan TV"},"image":{"@id":"https:\/\/www.meydan.tv\/az\/#\/schema\/logo\/image\/"}},{"@type":"Person","@id":"https:\/\/www.meydan.tv\/az\/#\/schema\/person\/f5399057f0b7fa223fa6c9b7c3321968","name":"meri"}]}},"_links":{"self":[{"href":"https:\/\/www.meydan.tv\/az\/wp-json\/wp\/v2\/posts\/269653","targetHints":{"allow":["GET"]}}],"collection":[{"href":"https:\/\/www.meydan.tv\/az\/wp-json\/wp\/v2\/posts"}],"about":[{"href":"https:\/\/www.meydan.tv\/az\/wp-json\/wp\/v2\/types\/post"}],"author":[{"embeddable":true,"href":"https:\/\/www.meydan.tv\/az\/wp-json\/wp\/v2\/users\/13"}],"replies":[{"embeddable":true,"href":"https:\/\/www.meydan.tv\/az\/wp-json\/wp\/v2\/comments?post=269653"}],"version-history":[{"count":4,"href":"https:\/\/www.meydan.tv\/az\/wp-json\/wp\/v2\/posts\/269653\/revisions"}],"predecessor-version":[{"id":269667,"href":"https:\/\/www.meydan.tv\/az\/wp-json\/wp\/v2\/posts\/269653\/revisions\/269667"}],"wp:featuredmedia":[{"embeddable":true,"href":"https:\/\/www.meydan.tv\/az\/wp-json\/wp\/v2\/media\/269668"}],"wp:attachment":[{"href":"https:\/\/www.meydan.tv\/az\/wp-json\/wp\/v2\/media?parent=269653"}],"wp:term":[{"taxonomy":"category","embeddable":true,"href":"https:\/\/www.meydan.tv\/az\/wp-json\/wp\/v2\/categories?post=269653"},{"taxonomy":"post_tag","embeddable":true,"href":"https:\/\/www.meydan.tv\/az\/wp-json\/wp\/v2\/tags?post=269653"}],"curies":[{"name":"wp","href":"https:\/\/api.w.org\/{rel}","templated":true}]}}