{"id":269620,"date":"2023-02-28T18:11:38","date_gmt":"2023-02-28T14:11:38","guid":{"rendered":"https:\/\/www.meydan.tv\/?p=269620"},"modified":"2023-02-28T18:11:40","modified_gmt":"2023-02-28T14:11:40","slug":"vekili-bextiyar-haciyevin-acligi-dayandirdigini-deyir","status":"publish","type":"post","link":"https:\/\/www.meydan.tv\/az\/article\/vekili-bextiyar-haciyevin-acligi-dayandirdigini-deyir\/","title":{"rendered":"V\u0259kili B\u0259xtiyar Hac\u0131yevin acl\u0131\u011f\u0131 dayand\u0131rd\u0131\u011f\u0131n\u0131 deyir"},"content":{"rendered":"\n<p><\/p>\n\n\n\n<p><em>\u201cR\u0259is ona reabilitasiya \u00fc\u00e7\u00fcn laz\u0131m\u0131 \u015f\u0259raitin yarad\u0131laca\u011f\u0131n\u0131, h\u0259kim t\u0259hkim ed\u0259c\u0259yini dedi&#8230;\u201d<\/em><\/p>\n\n\n\n<p>Yanvar\u0131n 9-dan h\u0259bsd\u0259 acl\u0131q ed\u0259n ictimai f\u0259al B\u0259xtiyar Hac\u0131yevin fevral\u0131n 28-d\u0259 aksiyan\u0131 dayand\u0131rd\u0131\u011f\u0131 bildirilir. Bu bar\u0259d\u0259 onun v\u0259kili Aqil Lay\u0131c m\u0259lumat verib.<\/p>\n\n\n\n<p>V\u0259kil Meydan TV-y\u0259 bildirib ki, fevral\u0131n 28-d\u0259 Penitensiar Xidm\u0259tin M\u00fcalic\u0259 M\u00fc\u0259ssis\u0259sind\u0259 B\u0259xtiyar Hac\u0131yevl\u0259 g\u00f6r\u00fc\u015f\u00fcb:<\/p>\n\n\n\n<p>\u201c<em>Faktiki \u00f6z t\u0259\u015f\u0259bb\u00fcs\u00fcyl\u0259, h\u0259m d\u0259 ictimaiyy\u0259tin fikrini n\u0259z\u0259r\u0259 alaraq, acl\u0131q aksiyas\u0131n\u0131 dayand\u0131rd\u0131. M\u00fcalic\u0259 M\u00fc\u0259ssis\u0259sinin r\u0259isi il\u0259 g\u00f6r\u00fc\u015fd\u00fck. R\u0259is ona reabilitasiya \u00fc\u00e7\u00fcn laz\u0131m\u0131 \u015f\u0259raitin yarad\u0131laca\u011f\u0131n\u0131, h\u0259kim t\u0259hkim ed\u0259c\u0259yini dedi&#8230;<\/em>\u201d.<\/p>\n\n\n\n<p>Aqil Lay\u0131c\u0131n s\u00f6zl\u0259rin\u0259 g\u00f6r\u0259, B\u0259xtiyar Hac\u0131yev bu m\u00fcdd\u0259td\u0259 ona d\u0259st\u0259k olan h\u0259r k\u0259s\u0259 v\u0259kili vasit\u0259sil\u0259 minn\u0259tdarl\u0131q edib. \u0130ctimai f\u0259al deyib ki, acl\u0131\u011f\u0131n dayanmas\u0131 tamamil\u0259 m\u00fcbariz\u0259nin dayanmas\u0131 anlam\u0131na g\u0259lm\u0259m\u0259lidir.<\/p>\n\n\n\n<p>\u201c<em>H\u00fcquqi m\u00fcbariz\u0259 \u0259dal\u0259t\u0259 nail olana q\u0259d\u0259r davam ed\u0259c\u0259k\u2026<\/em>\u201d, &#8211; Aqil Lay\u0131c \u0259lav\u0259 edib.<\/p>\n\n\n\n<p>V\u0259kill\u0259rinin dediyin\u0259 g\u00f6r\u0259, h\u0259bs olunark\u0259n 84.5 kiloqram \u00e7\u0259ki il\u0259 istintaq t\u0259cridxanas\u0131na daxil olan B\u0259xtiyar Hac\u0131yev 51 g\u00fcn davam ed\u0259n acl\u0131q n\u0259tic\u0259sind\u0259 haz\u0131rda 63 kiloqrama d\u00fc\u015f\u00fcb.<\/p>\n\n\n\n<p>Dekabr\u0131n 9-dan h\u0259bsd\u0259 olan B\u0259xtiyar Hac\u0131yev Cinay\u0259t M\u0259c\u0259ll\u0259sinin 221.2.2 (ictimai qaydan\u0131n qorunmas\u0131 \u00fczr\u0259 v\u0259zif\u0259ni yerin\u0259 yetir\u0259n \u015f\u0259xs\u0259 qar\u015f\u0131 m\u00fcqavim\u0259t g\u00f6st\u0259rm\u0259kl\u0259 xuliqanl\u0131q) v\u0259 289.1 (m\u0259hk\u0259m\u0259y\u0259 h\u00f6rm\u0259tsizlik) madd\u0259l\u0259ril\u0259 ittiham olunur. Bu madd\u0259l\u0259rd\u0259 3 il\u0259d\u0259k azadl\u0131qdan m\u0259hrumetm\u0259 c\u0259zas\u0131 n\u0259z\u0259rd\u0259 tutulub.<\/p>\n\n\n\n<p>B\u0259xtiyar Hac\u0131yev\u0259 qar\u015f\u0131 cinay\u0259t i\u015find\u0259 s\u00f6hb\u0259t ictimai f\u0259alla jurnalist \u00dclviyy\u0259 Alovlu aras\u0131nda qalmaqaldan gedir. B\u0259xtiyar Hac\u0131yev uzun m\u00fcdd\u0259tdir ki, polis\u0259 \u015fikay\u0259t ed\u0259r\u0259k, \u00dclviyy\u0259 Alovlunun cinay\u0259t m\u0259suliyy\u0259tin\u0259 c\u0259lb olunmas\u0131n\u0131 t\u0259l\u0259b edirdi.<\/p>\n\n\n\n<p>Bir m\u00fcdd\u0259t \u00f6nc\u0259 sosial \u015f\u0259b\u0259k\u0259l\u0259rd\u0259 Yasamal Rayon M\u0259hk\u0259m\u0259sind\u0259 B\u0259xtiyar Hac\u0131yevl\u0259 \u00dclviyy\u0259 Alovlu aras\u0131nda m\u0259hk\u0259m\u0259 prosesi zaman\u0131 ba\u015f ver\u0259nl\u0259rin videog\u00f6r\u00fcnt\u00fcs\u00fc yay\u0131lm\u0131\u015fd\u0131. H\u0259min g\u00f6r\u00fcnt\u00fcl\u0259rd\u0259 B\u0259xtiyar Hac\u0131yev \u0259lind\u0259ki s\u0259n\u0259dl\u0259ri masan\u0131n \u00fcst\u00fcn\u0259 at\u0131r. \u0130ddia olunur ki, ictimai f\u0259al m\u0259hz buna g\u00f6r\u0259 xuliqanl\u0131q v\u0259 m\u0259hk\u0259m\u0259y\u0259 h\u00f6rm\u0259tsizlikd\u0259 ittiham edilir.<\/p>\n\n\n\n<p>Lakin B\u0259xtiyar Hac\u0131yev daxili \u0130\u015fl\u0259r naziri Vilay\u0259t Eyvazovun sifari\u015fil\u0259 h\u0259bs olundu\u011funu iddia edir. O, zaman-zaman sosial media hesablar\u0131nda Vilay\u0259t Eyvazov v\u0259 nazirliyin f\u0259aliyy\u0259tini t\u0259nqid edirdi.<\/p>\n\n\n\n<p>\u0130ctimai f\u0259al 2022-ci ilin aprelind\u0259 nam\u0259lum \u015f\u0259xsl\u0259r t\u0259r\u0259find\u0259n paytaxt\u0131n m\u0259rk\u0259zind\u0259 o\u011furlanaraq, zorak\u0131l\u0131\u011fa m\u0259ruz qald\u0131\u011f\u0131n\u0131 bildirib.<\/p>\n\n\n\n<p>Faktla ba\u011fl\u0131 cinay\u0259t i\u015fi ba\u015flansa da, bu g\u00fcn\u0259 q\u0259d\u0259r cinay\u0259ti t\u00f6r\u0259d\u0259n \u015f\u0259xsl\u0259r tap\u0131lmay\u0131b.<\/p>\n\n\n\n<p><\/p>\n","protected":false},"excerpt":{"rendered":"<p>\u201cR\u0259is ona reabilitasiya \u00fc\u00e7\u00fcn laz\u0131m\u0131 \u015f\u0259raitin yarad\u0131laca\u011f\u0131n\u0131, h\u0259kim t\u0259hkim ed\u0259c\u0259yini &#8230; <\/p>\n<p class=\"read-more-container\"><a title=\"V\u0259kili B\u0259xtiyar Hac\u0131yevin acl\u0131\u011f\u0131 dayand\u0131rd\u0131\u011f\u0131n\u0131 deyir\" class=\"read-more button\" href=\"https:\/\/www.meydan.tv\/az\/article\/vekili-bextiyar-haciyevin-acligi-dayandirdigini-deyir\/#more-269620\" aria-label=\"Read more about V\u0259kili B\u0259xtiyar Hac\u0131yevin acl\u0131\u011f\u0131 dayand\u0131rd\u0131\u011f\u0131n\u0131 deyir\">Davam\u0131<\/a><\/p>\n","protected":false},"author":13,"featured_media":269135,"comment_status":"closed","ping_status":"closed","sticky":false,"template":"","format":"standard","meta":{"_acf_changed":false,"_sitemap_exclude":false,"_sitemap_priority":"","_sitemap_frequency":"","footnotes":""},"categories":[79,56],"tags":[],"class_list":["post-269620","post","type-post","status-publish","format-standard","has-post-thumbnail","hentry","category-featured","category-xeberler","infinite-scroll-item","generate-columns","tablet-grid-50","mobile-grid-100","grid-parent","grid-33","no-featured-image-padding"],"acf":[],"yoast_head":"<!-- This site is optimized with the Yoast SEO plugin v27.4 - https:\/\/yoast.com\/product\/yoast-seo-wordpress\/ -->\n<title>V\u0259kili B\u0259xtiyar Hac\u0131yevin acl\u0131\u011f\u0131 dayand\u0131rd\u0131\u011f\u0131n\u0131 deyir - MEYDAN.TV<\/title>\n<meta name=\"robots\" content=\"index, follow, max-snippet:-1, max-image-preview:large, max-video-preview:-1\" \/>\n<link rel=\"canonical\" href=\"https:\/\/www.meydan.tv\/az\/article\/vekili-bextiyar-haciyevin-acligi-dayandirdigini-deyir\/\" \/>\n<meta property=\"og:locale\" content=\"az_AZ\" \/>\n<meta property=\"og:type\" content=\"article\" \/>\n<meta property=\"og:title\" content=\"V\u0259kili B\u0259xtiyar Hac\u0131yevin acl\u0131\u011f\u0131 dayand\u0131rd\u0131\u011f\u0131n\u0131 deyir - MEYDAN.TV\" \/>\n<meta property=\"og:description\" content=\"\u201cR\u0259is ona reabilitasiya \u00fc\u00e7\u00fcn laz\u0131m\u0131 \u015f\u0259raitin yarad\u0131laca\u011f\u0131n\u0131, h\u0259kim t\u0259hkim ed\u0259c\u0259yini ... Davam\u0131\" \/>\n<meta property=\"og:url\" content=\"https:\/\/www.meydan.tv\/az\/article\/vekili-bextiyar-haciyevin-acligi-dayandirdigini-deyir\/\" \/>\n<meta property=\"og:site_name\" content=\"MEYDAN.TV\" \/>\n<meta property=\"article:published_time\" content=\"2023-02-28T14:11:38+00:00\" \/>\n<meta property=\"article:modified_time\" content=\"2023-02-28T14:11:40+00:00\" \/>\n<meta property=\"og:image\" content=\"https:\/\/www.meydan.tv\/wp-content\/uploads\/img_9508-1.jpg\" \/>\n\t<meta property=\"og:image:width\" content=\"1200\" \/>\n\t<meta property=\"og:image:height\" content=\"675\" \/>\n\t<meta property=\"og:image:type\" content=\"image\/jpeg\" \/>\n<meta name=\"author\" content=\"meri\" \/>\n<meta name=\"twitter:card\" content=\"summary_large_image\" \/>\n<script type=\"application\/ld+json\" class=\"yoast-schema-graph\">{\"@context\":\"https:\\\/\\\/schema.org\",\"@graph\":[{\"@type\":\"Article\",\"@id\":\"https:\\\/\\\/www.meydan.tv\\\/az\\\/article\\\/vekili-bextiyar-haciyevin-acligi-dayandirdigini-deyir\\\/#article\",\"isPartOf\":{\"@id\":\"https:\\\/\\\/www.meydan.tv\\\/az\\\/article\\\/vekili-bextiyar-haciyevin-acligi-dayandirdigini-deyir\\\/\"},\"author\":{\"name\":\"meri\",\"@id\":\"https:\\\/\\\/www.meydan.tv\\\/az\\\/#\\\/schema\\\/person\\\/f5399057f0b7fa223fa6c9b7c3321968\"},\"headline\":\"V\u0259kili B\u0259xtiyar Hac\u0131yevin acl\u0131\u011f\u0131 dayand\u0131rd\u0131\u011f\u0131n\u0131 deyir\",\"datePublished\":\"2023-02-28T14:11:38+00:00\",\"dateModified\":\"2023-02-28T14:11:40+00:00\",\"mainEntityOfPage\":{\"@id\":\"https:\\\/\\\/www.meydan.tv\\\/az\\\/article\\\/vekili-bextiyar-haciyevin-acligi-dayandirdigini-deyir\\\/\"},\"wordCount\":553,\"publisher\":{\"@id\":\"https:\\\/\\\/www.meydan.tv\\\/az\\\/#organization\"},\"image\":{\"@id\":\"https:\\\/\\\/www.meydan.tv\\\/az\\\/article\\\/vekili-bextiyar-haciyevin-acligi-dayandirdigini-deyir\\\/#primaryimage\"},\"thumbnailUrl\":\"https:\\\/\\\/www.meydan.tv\\\/wp-content\\\/uploads\\\/img_9508-1.jpg\",\"articleSection\":[\"T\u00f6vsiy\u0259\",\"X\u0259b\u0259rl\u0259r\"],\"inLanguage\":\"az\"},{\"@type\":\"WebPage\",\"@id\":\"https:\\\/\\\/www.meydan.tv\\\/az\\\/article\\\/vekili-bextiyar-haciyevin-acligi-dayandirdigini-deyir\\\/\",\"url\":\"https:\\\/\\\/www.meydan.tv\\\/az\\\/article\\\/vekili-bextiyar-haciyevin-acligi-dayandirdigini-deyir\\\/\",\"name\":\"V\u0259kili B\u0259xtiyar Hac\u0131yevin acl\u0131\u011f\u0131 dayand\u0131rd\u0131\u011f\u0131n\u0131 deyir - MEYDAN.TV\",\"isPartOf\":{\"@id\":\"https:\\\/\\\/www.meydan.tv\\\/az\\\/#website\"},\"primaryImageOfPage\":{\"@id\":\"https:\\\/\\\/www.meydan.tv\\\/az\\\/article\\\/vekili-bextiyar-haciyevin-acligi-dayandirdigini-deyir\\\/#primaryimage\"},\"image\":{\"@id\":\"https:\\\/\\\/www.meydan.tv\\\/az\\\/article\\\/vekili-bextiyar-haciyevin-acligi-dayandirdigini-deyir\\\/#primaryimage\"},\"thumbnailUrl\":\"https:\\\/\\\/www.meydan.tv\\\/wp-content\\\/uploads\\\/img_9508-1.jpg\",\"datePublished\":\"2023-02-28T14:11:38+00:00\",\"dateModified\":\"2023-02-28T14:11:40+00:00\",\"breadcrumb\":{\"@id\":\"https:\\\/\\\/www.meydan.tv\\\/az\\\/article\\\/vekili-bextiyar-haciyevin-acligi-dayandirdigini-deyir\\\/#breadcrumb\"},\"inLanguage\":\"az\",\"potentialAction\":[{\"@type\":\"ReadAction\",\"target\":[\"https:\\\/\\\/www.meydan.tv\\\/az\\\/article\\\/vekili-bextiyar-haciyevin-acligi-dayandirdigini-deyir\\\/\"]}]},{\"@type\":\"ImageObject\",\"inLanguage\":\"az\",\"@id\":\"https:\\\/\\\/www.meydan.tv\\\/az\\\/article\\\/vekili-bextiyar-haciyevin-acligi-dayandirdigini-deyir\\\/#primaryimage\",\"url\":\"https:\\\/\\\/www.meydan.tv\\\/wp-content\\\/uploads\\\/img_9508-1.jpg\",\"contentUrl\":\"https:\\\/\\\/www.meydan.tv\\\/wp-content\\\/uploads\\\/img_9508-1.jpg\",\"width\":1200,\"height\":675,\"caption\":\"Bakhtiyar Hajiyev. Illustration: Meydan TV\"},{\"@type\":\"BreadcrumbList\",\"@id\":\"https:\\\/\\\/www.meydan.tv\\\/az\\\/article\\\/vekili-bextiyar-haciyevin-acligi-dayandirdigini-deyir\\\/#breadcrumb\",\"itemListElement\":[{\"@type\":\"ListItem\",\"position\":1,\"name\":\"Ana s\u0259hif\u0259\",\"item\":\"https:\\\/\\\/www.meydan.tv\\\/az\\\/\"},{\"@type\":\"ListItem\",\"position\":2,\"name\":\"X\u0259b\u0259rl\u0259r\",\"item\":\"https:\\\/\\\/www.meydan.tv\\\/az\\\/section\\\/xeberler\\\/\"},{\"@type\":\"ListItem\",\"position\":3,\"name\":\"V\u0259kili B\u0259xtiyar Hac\u0131yevin acl\u0131\u011f\u0131 dayand\u0131rd\u0131\u011f\u0131n\u0131 deyir\"}]},{\"@type\":\"WebSite\",\"@id\":\"https:\\\/\\\/www.meydan.tv\\\/az\\\/#website\",\"url\":\"https:\\\/\\\/www.meydan.tv\\\/az\\\/\",\"name\":\"MEYDAN.TV\",\"description\":\"Meydan TV Az\u0259rbaycan\u0131n media m\u0259kan\u0131ndak\u0131 alternativ s\u0259sidir\",\"publisher\":{\"@id\":\"https:\\\/\\\/www.meydan.tv\\\/az\\\/#organization\"},\"potentialAction\":[{\"@type\":\"SearchAction\",\"target\":{\"@type\":\"EntryPoint\",\"urlTemplate\":\"https:\\\/\\\/www.meydan.tv\\\/az\\\/?s={search_term_string}\"},\"query-input\":{\"@type\":\"PropertyValueSpecification\",\"valueRequired\":true,\"valueName\":\"search_term_string\"}}],\"inLanguage\":\"az\"},{\"@type\":\"Organization\",\"@id\":\"https:\\\/\\\/www.meydan.tv\\\/az\\\/#organization\",\"name\":\"Meydan TV\",\"url\":\"https:\\\/\\\/www.meydan.tv\\\/az\\\/\",\"logo\":{\"@type\":\"ImageObject\",\"inLanguage\":\"az\",\"@id\":\"https:\\\/\\\/www.meydan.tv\\\/az\\\/#\\\/schema\\\/logo\\\/image\\\/\",\"url\":\"https:\\\/\\\/www.meydan.tv\\\/wp-content\\\/uploads\\\/2021\\\/07\\\/meydan-logo.svg\",\"contentUrl\":\"https:\\\/\\\/www.meydan.tv\\\/wp-content\\\/uploads\\\/2021\\\/07\\\/meydan-logo.svg\",\"width\":195,\"height\":46,\"caption\":\"Meydan TV\"},\"image\":{\"@id\":\"https:\\\/\\\/www.meydan.tv\\\/az\\\/#\\\/schema\\\/logo\\\/image\\\/\"}},{\"@type\":\"Person\",\"@id\":\"https:\\\/\\\/www.meydan.tv\\\/az\\\/#\\\/schema\\\/person\\\/f5399057f0b7fa223fa6c9b7c3321968\",\"name\":\"meri\"}]}<\/script>\n<!-- \/ Yoast SEO plugin. -->","yoast_head_json":{"title":"V\u0259kili B\u0259xtiyar Hac\u0131yevin acl\u0131\u011f\u0131 dayand\u0131rd\u0131\u011f\u0131n\u0131 deyir - MEYDAN.TV","robots":{"index":"index","follow":"follow","max-snippet":"max-snippet:-1","max-image-preview":"max-image-preview:large","max-video-preview":"max-video-preview:-1"},"canonical":"https:\/\/www.meydan.tv\/az\/article\/vekili-bextiyar-haciyevin-acligi-dayandirdigini-deyir\/","og_locale":"az_AZ","og_type":"article","og_title":"V\u0259kili B\u0259xtiyar Hac\u0131yevin acl\u0131\u011f\u0131 dayand\u0131rd\u0131\u011f\u0131n\u0131 deyir - MEYDAN.TV","og_description":"\u201cR\u0259is ona reabilitasiya \u00fc\u00e7\u00fcn laz\u0131m\u0131 \u015f\u0259raitin yarad\u0131laca\u011f\u0131n\u0131, h\u0259kim t\u0259hkim ed\u0259c\u0259yini ... Davam\u0131","og_url":"https:\/\/www.meydan.tv\/az\/article\/vekili-bextiyar-haciyevin-acligi-dayandirdigini-deyir\/","og_site_name":"MEYDAN.TV","article_published_time":"2023-02-28T14:11:38+00:00","article_modified_time":"2023-02-28T14:11:40+00:00","og_image":[{"width":1200,"height":675,"url":"https:\/\/www.meydan.tv\/wp-content\/uploads\/img_9508-1.jpg","type":"image\/jpeg"}],"author":"meri","twitter_card":"summary_large_image","schema":{"@context":"https:\/\/schema.org","@graph":[{"@type":"Article","@id":"https:\/\/www.meydan.tv\/az\/article\/vekili-bextiyar-haciyevin-acligi-dayandirdigini-deyir\/#article","isPartOf":{"@id":"https:\/\/www.meydan.tv\/az\/article\/vekili-bextiyar-haciyevin-acligi-dayandirdigini-deyir\/"},"author":{"name":"meri","@id":"https:\/\/www.meydan.tv\/az\/#\/schema\/person\/f5399057f0b7fa223fa6c9b7c3321968"},"headline":"V\u0259kili B\u0259xtiyar Hac\u0131yevin acl\u0131\u011f\u0131 dayand\u0131rd\u0131\u011f\u0131n\u0131 deyir","datePublished":"2023-02-28T14:11:38+00:00","dateModified":"2023-02-28T14:11:40+00:00","mainEntityOfPage":{"@id":"https:\/\/www.meydan.tv\/az\/article\/vekili-bextiyar-haciyevin-acligi-dayandirdigini-deyir\/"},"wordCount":553,"publisher":{"@id":"https:\/\/www.meydan.tv\/az\/#organization"},"image":{"@id":"https:\/\/www.meydan.tv\/az\/article\/vekili-bextiyar-haciyevin-acligi-dayandirdigini-deyir\/#primaryimage"},"thumbnailUrl":"https:\/\/www.meydan.tv\/wp-content\/uploads\/img_9508-1.jpg","articleSection":["T\u00f6vsiy\u0259","X\u0259b\u0259rl\u0259r"],"inLanguage":"az"},{"@type":"WebPage","@id":"https:\/\/www.meydan.tv\/az\/article\/vekili-bextiyar-haciyevin-acligi-dayandirdigini-deyir\/","url":"https:\/\/www.meydan.tv\/az\/article\/vekili-bextiyar-haciyevin-acligi-dayandirdigini-deyir\/","name":"V\u0259kili B\u0259xtiyar Hac\u0131yevin acl\u0131\u011f\u0131 dayand\u0131rd\u0131\u011f\u0131n\u0131 deyir - MEYDAN.TV","isPartOf":{"@id":"https:\/\/www.meydan.tv\/az\/#website"},"primaryImageOfPage":{"@id":"https:\/\/www.meydan.tv\/az\/article\/vekili-bextiyar-haciyevin-acligi-dayandirdigini-deyir\/#primaryimage"},"image":{"@id":"https:\/\/www.meydan.tv\/az\/article\/vekili-bextiyar-haciyevin-acligi-dayandirdigini-deyir\/#primaryimage"},"thumbnailUrl":"https:\/\/www.meydan.tv\/wp-content\/uploads\/img_9508-1.jpg","datePublished":"2023-02-28T14:11:38+00:00","dateModified":"2023-02-28T14:11:40+00:00","breadcrumb":{"@id":"https:\/\/www.meydan.tv\/az\/article\/vekili-bextiyar-haciyevin-acligi-dayandirdigini-deyir\/#breadcrumb"},"inLanguage":"az","potentialAction":[{"@type":"ReadAction","target":["https:\/\/www.meydan.tv\/az\/article\/vekili-bextiyar-haciyevin-acligi-dayandirdigini-deyir\/"]}]},{"@type":"ImageObject","inLanguage":"az","@id":"https:\/\/www.meydan.tv\/az\/article\/vekili-bextiyar-haciyevin-acligi-dayandirdigini-deyir\/#primaryimage","url":"https:\/\/www.meydan.tv\/wp-content\/uploads\/img_9508-1.jpg","contentUrl":"https:\/\/www.meydan.tv\/wp-content\/uploads\/img_9508-1.jpg","width":1200,"height":675,"caption":"Bakhtiyar Hajiyev. Illustration: Meydan TV"},{"@type":"BreadcrumbList","@id":"https:\/\/www.meydan.tv\/az\/article\/vekili-bextiyar-haciyevin-acligi-dayandirdigini-deyir\/#breadcrumb","itemListElement":[{"@type":"ListItem","position":1,"name":"Ana s\u0259hif\u0259","item":"https:\/\/www.meydan.tv\/az\/"},{"@type":"ListItem","position":2,"name":"X\u0259b\u0259rl\u0259r","item":"https:\/\/www.meydan.tv\/az\/section\/xeberler\/"},{"@type":"ListItem","position":3,"name":"V\u0259kili B\u0259xtiyar Hac\u0131yevin acl\u0131\u011f\u0131 dayand\u0131rd\u0131\u011f\u0131n\u0131 deyir"}]},{"@type":"WebSite","@id":"https:\/\/www.meydan.tv\/az\/#website","url":"https:\/\/www.meydan.tv\/az\/","name":"MEYDAN.TV","description":"Meydan TV Az\u0259rbaycan\u0131n media m\u0259kan\u0131ndak\u0131 alternativ s\u0259sidir","publisher":{"@id":"https:\/\/www.meydan.tv\/az\/#organization"},"potentialAction":[{"@type":"SearchAction","target":{"@type":"EntryPoint","urlTemplate":"https:\/\/www.meydan.tv\/az\/?s={search_term_string}"},"query-input":{"@type":"PropertyValueSpecification","valueRequired":true,"valueName":"search_term_string"}}],"inLanguage":"az"},{"@type":"Organization","@id":"https:\/\/www.meydan.tv\/az\/#organization","name":"Meydan TV","url":"https:\/\/www.meydan.tv\/az\/","logo":{"@type":"ImageObject","inLanguage":"az","@id":"https:\/\/www.meydan.tv\/az\/#\/schema\/logo\/image\/","url":"https:\/\/www.meydan.tv\/wp-content\/uploads\/2021\/07\/meydan-logo.svg","contentUrl":"https:\/\/www.meydan.tv\/wp-content\/uploads\/2021\/07\/meydan-logo.svg","width":195,"height":46,"caption":"Meydan TV"},"image":{"@id":"https:\/\/www.meydan.tv\/az\/#\/schema\/logo\/image\/"}},{"@type":"Person","@id":"https:\/\/www.meydan.tv\/az\/#\/schema\/person\/f5399057f0b7fa223fa6c9b7c3321968","name":"meri"}]}},"_links":{"self":[{"href":"https:\/\/www.meydan.tv\/az\/wp-json\/wp\/v2\/posts\/269620","targetHints":{"allow":["GET"]}}],"collection":[{"href":"https:\/\/www.meydan.tv\/az\/wp-json\/wp\/v2\/posts"}],"about":[{"href":"https:\/\/www.meydan.tv\/az\/wp-json\/wp\/v2\/types\/post"}],"author":[{"embeddable":true,"href":"https:\/\/www.meydan.tv\/az\/wp-json\/wp\/v2\/users\/13"}],"replies":[{"embeddable":true,"href":"https:\/\/www.meydan.tv\/az\/wp-json\/wp\/v2\/comments?post=269620"}],"version-history":[{"count":1,"href":"https:\/\/www.meydan.tv\/az\/wp-json\/wp\/v2\/posts\/269620\/revisions"}],"predecessor-version":[{"id":269623,"href":"https:\/\/www.meydan.tv\/az\/wp-json\/wp\/v2\/posts\/269620\/revisions\/269623"}],"wp:featuredmedia":[{"embeddable":true,"href":"https:\/\/www.meydan.tv\/az\/wp-json\/wp\/v2\/media\/269135"}],"wp:attachment":[{"href":"https:\/\/www.meydan.tv\/az\/wp-json\/wp\/v2\/media?parent=269620"}],"wp:term":[{"taxonomy":"category","embeddable":true,"href":"https:\/\/www.meydan.tv\/az\/wp-json\/wp\/v2\/categories?post=269620"},{"taxonomy":"post_tag","embeddable":true,"href":"https:\/\/www.meydan.tv\/az\/wp-json\/wp\/v2\/tags?post=269620"}],"curies":[{"name":"wp","href":"https:\/\/api.w.org\/{rel}","templated":true}]}}