{"id":269606,"date":"2023-02-28T18:03:40","date_gmt":"2023-02-28T14:03:40","guid":{"rendered":"https:\/\/www.meydan.tv\/?p=269606"},"modified":"2023-02-28T18:03:43","modified_gmt":"2023-02-28T14:03:43","slug":"karxananin-fealiyyetine-etiraz-eden-tengivanlilarin-saxlanildigi-bildirilir","status":"publish","type":"post","link":"https:\/\/www.meydan.tv\/az\/article\/karxananin-fealiyyetine-etiraz-eden-tengivanlilarin-saxlanildigi-bildirilir\/","title":{"rendered":"Karxanan\u0131n f\u0259aliyy\u0259tin\u0259 etiraz ed\u0259n t\u0259ngivanl\u0131lar\u0131n saxlan\u0131ld\u0131\u011f\u0131 bildirilir"},"content":{"rendered":"\n<p><\/p>\n\n\n\n<p><em>Sakinl\u0259r aksiya ke\u00e7irdikl\u0259ri \u00fc\u00e7\u00fcn t\u0259zyiq\u0259 m\u0259ruz qald\u0131qlar\u0131n\u0131 deyirl\u0259r<\/em><\/p>\n\n\n\n<p>L\u0259nk\u0259ran\u0131n T\u0259ngivan k\u0259ndinin bir ne\u00e7\u0259 sakini saxlan\u0131l\u0131b. Bu bar\u0259d\u0259 Meydan TV-y\u0259 k\u0259nd sakinl\u0259ri m\u0259lumat veribl\u0259r. Onlar\u0131n s\u00f6zl\u0259rin\u0259 g\u00f6r\u0259, buna s\u0259b\u0259b h\u0259min \u0259razid\u0259 f\u0259aliyy\u0259t g\u00f6st\u0259r\u0259n karxanan\u0131n ekologiyaya v\u0259 t\u0259s\u0259rr\u00fcfata vurdu\u011fu ziyana g\u00f6r\u0259 etiraz etm\u0259l\u0259ridir.<\/p>\n\n\n\n<p>Sakinl\u0259r deyirl\u0259r ki, 2014-c\u00fc ild\u0259n \u0259razid\u0259 f\u0259aliyy\u0259t g\u00f6st\u0259r\u0259n \u201cPROFCO\u201d MMC 40 hektardan \u00e7ox \u00e7ay sahilind\u0259 torpa\u011f\u0131 10 metrd\u0259n d\u0259rinliyind\u0259 qaz\u0131b v\u0259 da\u015f\u0131y\u0131b. \u018fhalinin \u00f6r\u00fc\u015f sah\u0259l\u0259rinin \u00e7oxu qaz\u0131l\u0131b, yollar da\u011f\u0131d\u0131l\u0131b. &nbsp;Onlar is\u0259 ayda bir ne\u00e7\u0259 d\u0259f\u0259 bununla ba\u011fl\u0131 etiraz aksiyas\u0131 ke\u00e7iribl\u0259r.<\/p>\n\n\n\n<p>Sakinl\u0259r bildirir ki, bu etirazlara g\u00f6r\u0259 onlar d\u0259f\u0259l\u0259rl\u0259 L\u0259nk\u0259ran Rayonu Polis \u015e\u00f6b\u0259sin\u0259 \u00e7a\u011fr\u0131l\u0131blar. Onlardan etiraz aksiyalar\u0131n\u0131 dayand\u0131rmaqlar\u0131 t\u0259l\u0259b edilib. \u018fks halda polisin k\u0259nd\u0259 m\u00fcdaxil\u0259 ed\u0259c\u0259yi il\u0259 ba\u011fl\u0131 t\u0259hdid olunublar.<\/p>\n\n\n\n<p>Daxili \u0130\u015fl\u0259r Nazirliyinin M\u0259tbuat Xidm\u0259tinin L\u0259nk\u0259ran regional qrupunun ba\u015f inspektoru, polis kapitan\u0131 M\u0259h\u0259mm\u0259d Rzayev fakt\u0131 t\u0259sdiql\u0259yib.<\/p>\n\n\n\n<p>Bildirilib ki, fevral\u0131n 28-d\u0259 4 n\u0259f\u0259rin taxta, da\u015f v\u0259 benzin g\u00f6t\u00fcr\u0259r\u0259k h\u0259min k\u0259ndin \u0259razisind\u0259 yerl\u0259\u015f\u0259n, qanunla f\u0259aliyy\u0259t g\u00f6st\u0259r\u0259n \u015firk\u0259tin m\u00fchafiz\u0259 olunan \u0259razisin\u0259 daxil olmas\u0131, m\u00fc\u0259ssis\u0259nin f\u0259aliyy\u0259ti il\u0259 ba\u011fl\u0131 iradlar bildir\u0259r\u0259k i\u015f f\u0259aliyy\u0259tini pozmas\u0131, orada olan \u015f\u0259xsl\u0259r\u0259 x\u0259sar\u0259t yetirm\u0259si v\u0259 \u00f6zl\u0259ri il\u0259 g\u0259tirdikl\u0259ri benzini onlar\u0131n \u00fcz\u0259rin\u0259 s\u0259pdikl\u0259ri il\u0259 ba\u011fl\u0131 L\u0259nk\u0259ran \u015e\u0259h\u0259r Rayon Polis \u015e\u00f6b\u0259sin\u0259 m\u00fcraci\u0259t daxil olub.<\/p>\n\n\n\n<p>\u201cQeyd olunan faktla ba\u011fl\u0131 h\u0259min \u00fcnvana g\u0259l\u0259n L\u0259nk\u0259ran \u015e\u0259h\u0259r Polis \u015e\u00f6b\u0259sinin \u0259m\u0259kda\u015flar\u0131 t\u0259r\u0259find\u0259n ictimai qaydan\u0131 pozan \u015f\u0259xsl\u0259rin h\u0259r\u0259k\u0259tl\u0259rinin qar\u015f\u0131s\u0131 al\u0131n\u0131b v\u0259 h\u0259min \u0259m\u0259li t\u00f6r\u0259d\u0259n \u018f.M\u0259mm\u0259dov v\u0259 Z.\u018fliyev polis \u015f\u00f6b\u0259sin\u0259 g\u0259tirilibl\u0259r\u201d, &#8211; m\u0259lumatda deyilir.<\/p>\n\n\n\n<p>H\u00fcquq pozuntusu il\u0259 ba\u011fl\u0131 L\u0259nk\u0259ran \u015e\u0259h\u0259r Polis \u015e\u00f6b\u0259sind\u0259 ara\u015fd\u0131rma apar\u0131l\u0131r.<\/p>\n","protected":false},"excerpt":{"rendered":"<p>Sakinl\u0259r aksiya ke\u00e7irdikl\u0259ri \u00fc\u00e7\u00fcn t\u0259zyiq\u0259 m\u0259ruz qald\u0131qlar\u0131n\u0131 deyirl\u0259r L\u0259nk\u0259ran\u0131n T\u0259ngivan &#8230; <\/p>\n<p class=\"read-more-container\"><a title=\"Karxanan\u0131n f\u0259aliyy\u0259tin\u0259 etiraz ed\u0259n t\u0259ngivanl\u0131lar\u0131n saxlan\u0131ld\u0131\u011f\u0131 bildirilir\" class=\"read-more button\" href=\"https:\/\/www.meydan.tv\/az\/article\/karxananin-fealiyyetine-etiraz-eden-tengivanlilarin-saxlanildigi-bildirilir\/#more-269606\" aria-label=\"Read more about Karxanan\u0131n f\u0259aliyy\u0259tin\u0259 etiraz ed\u0259n t\u0259ngivanl\u0131lar\u0131n saxlan\u0131ld\u0131\u011f\u0131 bildirilir\">Davam\u0131<\/a><\/p>\n","protected":false},"author":13,"featured_media":269614,"comment_status":"closed","ping_status":"closed","sticky":false,"template":"","format":"standard","meta":{"_acf_changed":false,"_sitemap_exclude":false,"_sitemap_priority":"","_sitemap_frequency":"","footnotes":""},"categories":[60,79,56],"tags":[],"class_list":["post-269606","post","type-post","status-publish","format-standard","has-post-thumbnail","hentry","category-bolge","category-featured","category-xeberler","infinite-scroll-item","generate-columns","tablet-grid-50","mobile-grid-100","grid-parent","grid-33","no-featured-image-padding"],"acf":[],"yoast_head":"<!-- This site is optimized with the Yoast SEO plugin v27.5 - https:\/\/yoast.com\/product\/yoast-seo-wordpress\/ -->\n<title>Karxanan\u0131n f\u0259aliyy\u0259tin\u0259 etiraz ed\u0259n t\u0259ngivanl\u0131lar\u0131n saxlan\u0131ld\u0131\u011f\u0131 bildirilir - MEYDAN.TV<\/title>\n<meta name=\"robots\" content=\"index, follow, max-snippet:-1, max-image-preview:large, max-video-preview:-1\" \/>\n<link rel=\"canonical\" href=\"https:\/\/www.meydan.tv\/az\/article\/karxananin-fealiyyetine-etiraz-eden-tengivanlilarin-saxlanildigi-bildirilir\/\" \/>\n<meta property=\"og:locale\" content=\"az_AZ\" \/>\n<meta property=\"og:type\" content=\"article\" \/>\n<meta property=\"og:title\" content=\"Karxanan\u0131n f\u0259aliyy\u0259tin\u0259 etiraz ed\u0259n t\u0259ngivanl\u0131lar\u0131n saxlan\u0131ld\u0131\u011f\u0131 bildirilir - MEYDAN.TV\" \/>\n<meta property=\"og:description\" content=\"Sakinl\u0259r aksiya ke\u00e7irdikl\u0259ri \u00fc\u00e7\u00fcn t\u0259zyiq\u0259 m\u0259ruz qald\u0131qlar\u0131n\u0131 deyirl\u0259r L\u0259nk\u0259ran\u0131n T\u0259ngivan ... Davam\u0131\" \/>\n<meta property=\"og:url\" content=\"https:\/\/www.meydan.tv\/az\/article\/karxananin-fealiyyetine-etiraz-eden-tengivanlilarin-saxlanildigi-bildirilir\/\" \/>\n<meta property=\"og:site_name\" content=\"MEYDAN.TV\" \/>\n<meta property=\"article:published_time\" content=\"2023-02-28T14:03:40+00:00\" \/>\n<meta property=\"article:modified_time\" content=\"2023-02-28T14:03:43+00:00\" \/>\n<meta property=\"og:image\" content=\"https:\/\/www.meydan.tv\/wp-content\/uploads\/tengivanlilar.jpg\" \/>\n\t<meta property=\"og:image:width\" content=\"1200\" \/>\n\t<meta property=\"og:image:height\" content=\"675\" \/>\n\t<meta property=\"og:image:type\" content=\"image\/jpeg\" \/>\n<meta name=\"author\" content=\"meri\" \/>\n<meta name=\"twitter:card\" content=\"summary_large_image\" \/>\n<script type=\"application\/ld+json\" class=\"yoast-schema-graph\">{\"@context\":\"https:\\\/\\\/schema.org\",\"@graph\":[{\"@type\":\"Article\",\"@id\":\"https:\\\/\\\/www.meydan.tv\\\/az\\\/article\\\/karxananin-fealiyyetine-etiraz-eden-tengivanlilarin-saxlanildigi-bildirilir\\\/#article\",\"isPartOf\":{\"@id\":\"https:\\\/\\\/www.meydan.tv\\\/az\\\/article\\\/karxananin-fealiyyetine-etiraz-eden-tengivanlilarin-saxlanildigi-bildirilir\\\/\"},\"author\":{\"name\":\"meri\",\"@id\":\"https:\\\/\\\/www.meydan.tv\\\/az\\\/#\\\/schema\\\/person\\\/f5399057f0b7fa223fa6c9b7c3321968\"},\"headline\":\"Karxanan\u0131n f\u0259aliyy\u0259tin\u0259 etiraz ed\u0259n t\u0259ngivanl\u0131lar\u0131n saxlan\u0131ld\u0131\u011f\u0131 bildirilir\",\"datePublished\":\"2023-02-28T14:03:40+00:00\",\"dateModified\":\"2023-02-28T14:03:43+00:00\",\"mainEntityOfPage\":{\"@id\":\"https:\\\/\\\/www.meydan.tv\\\/az\\\/article\\\/karxananin-fealiyyetine-etiraz-eden-tengivanlilarin-saxlanildigi-bildirilir\\\/\"},\"wordCount\":420,\"publisher\":{\"@id\":\"https:\\\/\\\/www.meydan.tv\\\/az\\\/#organization\"},\"image\":{\"@id\":\"https:\\\/\\\/www.meydan.tv\\\/az\\\/article\\\/karxananin-fealiyyetine-etiraz-eden-tengivanlilarin-saxlanildigi-bildirilir\\\/#primaryimage\"},\"thumbnailUrl\":\"https:\\\/\\\/www.meydan.tv\\\/wp-content\\\/uploads\\\/tengivanlilar.jpg\",\"articleSection\":[\"B\u00f6lg\u0259\",\"T\u00f6vsiy\u0259\",\"X\u0259b\u0259rl\u0259r\"],\"inLanguage\":\"az\"},{\"@type\":\"WebPage\",\"@id\":\"https:\\\/\\\/www.meydan.tv\\\/az\\\/article\\\/karxananin-fealiyyetine-etiraz-eden-tengivanlilarin-saxlanildigi-bildirilir\\\/\",\"url\":\"https:\\\/\\\/www.meydan.tv\\\/az\\\/article\\\/karxananin-fealiyyetine-etiraz-eden-tengivanlilarin-saxlanildigi-bildirilir\\\/\",\"name\":\"Karxanan\u0131n f\u0259aliyy\u0259tin\u0259 etiraz ed\u0259n t\u0259ngivanl\u0131lar\u0131n saxlan\u0131ld\u0131\u011f\u0131 bildirilir - MEYDAN.TV\",\"isPartOf\":{\"@id\":\"https:\\\/\\\/www.meydan.tv\\\/az\\\/#website\"},\"primaryImageOfPage\":{\"@id\":\"https:\\\/\\\/www.meydan.tv\\\/az\\\/article\\\/karxananin-fealiyyetine-etiraz-eden-tengivanlilarin-saxlanildigi-bildirilir\\\/#primaryimage\"},\"image\":{\"@id\":\"https:\\\/\\\/www.meydan.tv\\\/az\\\/article\\\/karxananin-fealiyyetine-etiraz-eden-tengivanlilarin-saxlanildigi-bildirilir\\\/#primaryimage\"},\"thumbnailUrl\":\"https:\\\/\\\/www.meydan.tv\\\/wp-content\\\/uploads\\\/tengivanlilar.jpg\",\"datePublished\":\"2023-02-28T14:03:40+00:00\",\"dateModified\":\"2023-02-28T14:03:43+00:00\",\"breadcrumb\":{\"@id\":\"https:\\\/\\\/www.meydan.tv\\\/az\\\/article\\\/karxananin-fealiyyetine-etiraz-eden-tengivanlilarin-saxlanildigi-bildirilir\\\/#breadcrumb\"},\"inLanguage\":\"az\",\"potentialAction\":[{\"@type\":\"ReadAction\",\"target\":[\"https:\\\/\\\/www.meydan.tv\\\/az\\\/article\\\/karxananin-fealiyyetine-etiraz-eden-tengivanlilarin-saxlanildigi-bildirilir\\\/\"]}]},{\"@type\":\"ImageObject\",\"inLanguage\":\"az\",\"@id\":\"https:\\\/\\\/www.meydan.tv\\\/az\\\/article\\\/karxananin-fealiyyetine-etiraz-eden-tengivanlilarin-saxlanildigi-bildirilir\\\/#primaryimage\",\"url\":\"https:\\\/\\\/www.meydan.tv\\\/wp-content\\\/uploads\\\/tengivanlilar.jpg\",\"contentUrl\":\"https:\\\/\\\/www.meydan.tv\\\/wp-content\\\/uploads\\\/tengivanlilar.jpg\",\"width\":1200,\"height\":675},{\"@type\":\"BreadcrumbList\",\"@id\":\"https:\\\/\\\/www.meydan.tv\\\/az\\\/article\\\/karxananin-fealiyyetine-etiraz-eden-tengivanlilarin-saxlanildigi-bildirilir\\\/#breadcrumb\",\"itemListElement\":[{\"@type\":\"ListItem\",\"position\":1,\"name\":\"Ana s\u0259hif\u0259\",\"item\":\"https:\\\/\\\/www.meydan.tv\\\/az\\\/\"},{\"@type\":\"ListItem\",\"position\":2,\"name\":\"B\u00f6lg\u0259\",\"item\":\"https:\\\/\\\/www.meydan.tv\\\/az\\\/section\\\/bolge\\\/\"},{\"@type\":\"ListItem\",\"position\":3,\"name\":\"Karxanan\u0131n f\u0259aliyy\u0259tin\u0259 etiraz ed\u0259n t\u0259ngivanl\u0131lar\u0131n saxlan\u0131ld\u0131\u011f\u0131 bildirilir\"}]},{\"@type\":\"WebSite\",\"@id\":\"https:\\\/\\\/www.meydan.tv\\\/az\\\/#website\",\"url\":\"https:\\\/\\\/www.meydan.tv\\\/az\\\/\",\"name\":\"MEYDAN.TV\",\"description\":\"Meydan TV Az\u0259rbaycan\u0131n media m\u0259kan\u0131ndak\u0131 alternativ s\u0259sidir\",\"publisher\":{\"@id\":\"https:\\\/\\\/www.meydan.tv\\\/az\\\/#organization\"},\"potentialAction\":[{\"@type\":\"SearchAction\",\"target\":{\"@type\":\"EntryPoint\",\"urlTemplate\":\"https:\\\/\\\/www.meydan.tv\\\/az\\\/?s={search_term_string}\"},\"query-input\":{\"@type\":\"PropertyValueSpecification\",\"valueRequired\":true,\"valueName\":\"search_term_string\"}}],\"inLanguage\":\"az\"},{\"@type\":\"Organization\",\"@id\":\"https:\\\/\\\/www.meydan.tv\\\/az\\\/#organization\",\"name\":\"Meydan TV\",\"url\":\"https:\\\/\\\/www.meydan.tv\\\/az\\\/\",\"logo\":{\"@type\":\"ImageObject\",\"inLanguage\":\"az\",\"@id\":\"https:\\\/\\\/www.meydan.tv\\\/az\\\/#\\\/schema\\\/logo\\\/image\\\/\",\"url\":\"https:\\\/\\\/www.meydan.tv\\\/wp-content\\\/uploads\\\/2021\\\/07\\\/meydan-logo.svg\",\"contentUrl\":\"https:\\\/\\\/www.meydan.tv\\\/wp-content\\\/uploads\\\/2021\\\/07\\\/meydan-logo.svg\",\"width\":195,\"height\":46,\"caption\":\"Meydan TV\"},\"image\":{\"@id\":\"https:\\\/\\\/www.meydan.tv\\\/az\\\/#\\\/schema\\\/logo\\\/image\\\/\"}},{\"@type\":\"Person\",\"@id\":\"https:\\\/\\\/www.meydan.tv\\\/az\\\/#\\\/schema\\\/person\\\/f5399057f0b7fa223fa6c9b7c3321968\",\"name\":\"meri\"}]}<\/script>\n<!-- \/ Yoast SEO plugin. -->","yoast_head_json":{"title":"Karxanan\u0131n f\u0259aliyy\u0259tin\u0259 etiraz ed\u0259n t\u0259ngivanl\u0131lar\u0131n saxlan\u0131ld\u0131\u011f\u0131 bildirilir - MEYDAN.TV","robots":{"index":"index","follow":"follow","max-snippet":"max-snippet:-1","max-image-preview":"max-image-preview:large","max-video-preview":"max-video-preview:-1"},"canonical":"https:\/\/www.meydan.tv\/az\/article\/karxananin-fealiyyetine-etiraz-eden-tengivanlilarin-saxlanildigi-bildirilir\/","og_locale":"az_AZ","og_type":"article","og_title":"Karxanan\u0131n f\u0259aliyy\u0259tin\u0259 etiraz ed\u0259n t\u0259ngivanl\u0131lar\u0131n saxlan\u0131ld\u0131\u011f\u0131 bildirilir - MEYDAN.TV","og_description":"Sakinl\u0259r aksiya ke\u00e7irdikl\u0259ri \u00fc\u00e7\u00fcn t\u0259zyiq\u0259 m\u0259ruz qald\u0131qlar\u0131n\u0131 deyirl\u0259r L\u0259nk\u0259ran\u0131n T\u0259ngivan ... Davam\u0131","og_url":"https:\/\/www.meydan.tv\/az\/article\/karxananin-fealiyyetine-etiraz-eden-tengivanlilarin-saxlanildigi-bildirilir\/","og_site_name":"MEYDAN.TV","article_published_time":"2023-02-28T14:03:40+00:00","article_modified_time":"2023-02-28T14:03:43+00:00","og_image":[{"width":1200,"height":675,"url":"https:\/\/www.meydan.tv\/wp-content\/uploads\/tengivanlilar.jpg","type":"image\/jpeg"}],"author":"meri","twitter_card":"summary_large_image","schema":{"@context":"https:\/\/schema.org","@graph":[{"@type":"Article","@id":"https:\/\/www.meydan.tv\/az\/article\/karxananin-fealiyyetine-etiraz-eden-tengivanlilarin-saxlanildigi-bildirilir\/#article","isPartOf":{"@id":"https:\/\/www.meydan.tv\/az\/article\/karxananin-fealiyyetine-etiraz-eden-tengivanlilarin-saxlanildigi-bildirilir\/"},"author":{"name":"meri","@id":"https:\/\/www.meydan.tv\/az\/#\/schema\/person\/f5399057f0b7fa223fa6c9b7c3321968"},"headline":"Karxanan\u0131n f\u0259aliyy\u0259tin\u0259 etiraz ed\u0259n t\u0259ngivanl\u0131lar\u0131n saxlan\u0131ld\u0131\u011f\u0131 bildirilir","datePublished":"2023-02-28T14:03:40+00:00","dateModified":"2023-02-28T14:03:43+00:00","mainEntityOfPage":{"@id":"https:\/\/www.meydan.tv\/az\/article\/karxananin-fealiyyetine-etiraz-eden-tengivanlilarin-saxlanildigi-bildirilir\/"},"wordCount":420,"publisher":{"@id":"https:\/\/www.meydan.tv\/az\/#organization"},"image":{"@id":"https:\/\/www.meydan.tv\/az\/article\/karxananin-fealiyyetine-etiraz-eden-tengivanlilarin-saxlanildigi-bildirilir\/#primaryimage"},"thumbnailUrl":"https:\/\/www.meydan.tv\/wp-content\/uploads\/tengivanlilar.jpg","articleSection":["B\u00f6lg\u0259","T\u00f6vsiy\u0259","X\u0259b\u0259rl\u0259r"],"inLanguage":"az"},{"@type":"WebPage","@id":"https:\/\/www.meydan.tv\/az\/article\/karxananin-fealiyyetine-etiraz-eden-tengivanlilarin-saxlanildigi-bildirilir\/","url":"https:\/\/www.meydan.tv\/az\/article\/karxananin-fealiyyetine-etiraz-eden-tengivanlilarin-saxlanildigi-bildirilir\/","name":"Karxanan\u0131n f\u0259aliyy\u0259tin\u0259 etiraz ed\u0259n t\u0259ngivanl\u0131lar\u0131n saxlan\u0131ld\u0131\u011f\u0131 bildirilir - MEYDAN.TV","isPartOf":{"@id":"https:\/\/www.meydan.tv\/az\/#website"},"primaryImageOfPage":{"@id":"https:\/\/www.meydan.tv\/az\/article\/karxananin-fealiyyetine-etiraz-eden-tengivanlilarin-saxlanildigi-bildirilir\/#primaryimage"},"image":{"@id":"https:\/\/www.meydan.tv\/az\/article\/karxananin-fealiyyetine-etiraz-eden-tengivanlilarin-saxlanildigi-bildirilir\/#primaryimage"},"thumbnailUrl":"https:\/\/www.meydan.tv\/wp-content\/uploads\/tengivanlilar.jpg","datePublished":"2023-02-28T14:03:40+00:00","dateModified":"2023-02-28T14:03:43+00:00","breadcrumb":{"@id":"https:\/\/www.meydan.tv\/az\/article\/karxananin-fealiyyetine-etiraz-eden-tengivanlilarin-saxlanildigi-bildirilir\/#breadcrumb"},"inLanguage":"az","potentialAction":[{"@type":"ReadAction","target":["https:\/\/www.meydan.tv\/az\/article\/karxananin-fealiyyetine-etiraz-eden-tengivanlilarin-saxlanildigi-bildirilir\/"]}]},{"@type":"ImageObject","inLanguage":"az","@id":"https:\/\/www.meydan.tv\/az\/article\/karxananin-fealiyyetine-etiraz-eden-tengivanlilarin-saxlanildigi-bildirilir\/#primaryimage","url":"https:\/\/www.meydan.tv\/wp-content\/uploads\/tengivanlilar.jpg","contentUrl":"https:\/\/www.meydan.tv\/wp-content\/uploads\/tengivanlilar.jpg","width":1200,"height":675},{"@type":"BreadcrumbList","@id":"https:\/\/www.meydan.tv\/az\/article\/karxananin-fealiyyetine-etiraz-eden-tengivanlilarin-saxlanildigi-bildirilir\/#breadcrumb","itemListElement":[{"@type":"ListItem","position":1,"name":"Ana s\u0259hif\u0259","item":"https:\/\/www.meydan.tv\/az\/"},{"@type":"ListItem","position":2,"name":"B\u00f6lg\u0259","item":"https:\/\/www.meydan.tv\/az\/section\/bolge\/"},{"@type":"ListItem","position":3,"name":"Karxanan\u0131n f\u0259aliyy\u0259tin\u0259 etiraz ed\u0259n t\u0259ngivanl\u0131lar\u0131n saxlan\u0131ld\u0131\u011f\u0131 bildirilir"}]},{"@type":"WebSite","@id":"https:\/\/www.meydan.tv\/az\/#website","url":"https:\/\/www.meydan.tv\/az\/","name":"MEYDAN.TV","description":"Meydan TV Az\u0259rbaycan\u0131n media m\u0259kan\u0131ndak\u0131 alternativ s\u0259sidir","publisher":{"@id":"https:\/\/www.meydan.tv\/az\/#organization"},"potentialAction":[{"@type":"SearchAction","target":{"@type":"EntryPoint","urlTemplate":"https:\/\/www.meydan.tv\/az\/?s={search_term_string}"},"query-input":{"@type":"PropertyValueSpecification","valueRequired":true,"valueName":"search_term_string"}}],"inLanguage":"az"},{"@type":"Organization","@id":"https:\/\/www.meydan.tv\/az\/#organization","name":"Meydan TV","url":"https:\/\/www.meydan.tv\/az\/","logo":{"@type":"ImageObject","inLanguage":"az","@id":"https:\/\/www.meydan.tv\/az\/#\/schema\/logo\/image\/","url":"https:\/\/www.meydan.tv\/wp-content\/uploads\/2021\/07\/meydan-logo.svg","contentUrl":"https:\/\/www.meydan.tv\/wp-content\/uploads\/2021\/07\/meydan-logo.svg","width":195,"height":46,"caption":"Meydan TV"},"image":{"@id":"https:\/\/www.meydan.tv\/az\/#\/schema\/logo\/image\/"}},{"@type":"Person","@id":"https:\/\/www.meydan.tv\/az\/#\/schema\/person\/f5399057f0b7fa223fa6c9b7c3321968","name":"meri"}]}},"_links":{"self":[{"href":"https:\/\/www.meydan.tv\/az\/wp-json\/wp\/v2\/posts\/269606","targetHints":{"allow":["GET"]}}],"collection":[{"href":"https:\/\/www.meydan.tv\/az\/wp-json\/wp\/v2\/posts"}],"about":[{"href":"https:\/\/www.meydan.tv\/az\/wp-json\/wp\/v2\/types\/post"}],"author":[{"embeddable":true,"href":"https:\/\/www.meydan.tv\/az\/wp-json\/wp\/v2\/users\/13"}],"replies":[{"embeddable":true,"href":"https:\/\/www.meydan.tv\/az\/wp-json\/wp\/v2\/comments?post=269606"}],"version-history":[{"count":1,"href":"https:\/\/www.meydan.tv\/az\/wp-json\/wp\/v2\/posts\/269606\/revisions"}],"predecessor-version":[{"id":269617,"href":"https:\/\/www.meydan.tv\/az\/wp-json\/wp\/v2\/posts\/269606\/revisions\/269617"}],"wp:featuredmedia":[{"embeddable":true,"href":"https:\/\/www.meydan.tv\/az\/wp-json\/wp\/v2\/media\/269614"}],"wp:attachment":[{"href":"https:\/\/www.meydan.tv\/az\/wp-json\/wp\/v2\/media?parent=269606"}],"wp:term":[{"taxonomy":"category","embeddable":true,"href":"https:\/\/www.meydan.tv\/az\/wp-json\/wp\/v2\/categories?post=269606"},{"taxonomy":"post_tag","embeddable":true,"href":"https:\/\/www.meydan.tv\/az\/wp-json\/wp\/v2\/tags?post=269606"}],"curies":[{"name":"wp","href":"https:\/\/api.w.org\/{rel}","templated":true}]}}