{"id":269576,"date":"2023-02-28T15:36:16","date_gmt":"2023-02-28T11:36:16","guid":{"rendered":"https:\/\/www.meydan.tv\/?p=269576"},"modified":"2023-02-28T16:15:31","modified_gmt":"2023-02-28T12:15:31","slug":"kendimizde-ekoloji-terror-gedir-qarsisini-da-almirlar","status":"publish","type":"post","link":"https:\/\/www.meydan.tv\/az\/article\/kendimizde-ekoloji-terror-gedir-qarsisini-da-almirlar\/","title":{"rendered":"\u201cK\u0259ndimizd\u0259 ekoloji terror gedir, qar\u015f\u0131s\u0131n\u0131 da alm\u0131rlar\u201d"},"content":{"rendered":"\n<p>&nbsp;<em>L\u0259nk\u0259ranl\u0131lar \u00e7ay yata\u011f\u0131nda apar\u0131lan qaz\u0131nt\u0131n\u0131n t\u0259hl\u00fck\u0259 yaratd\u0131\u011f\u0131n\u0131 deyirl\u0259r<\/em><\/p>\n\n\n\n<p>L\u0259nk\u0259ran rayonunun T\u0259ngivan k\u0259ndinin sakinl\u0259ri ya\u015fad\u0131qlar\u0131 \u0259razid\u0259 ekoloji terrorun h\u00f6km s\u00fcrd\u00fcy\u00fcn\u00fc deyir. Onlar iddia edir ki, k\u0259ndin ortas\u0131ndan ke\u00e7\u0259n L\u0259nk\u0259ran\u00e7ay\u0131n yata\u011f\u0131n\u0131n ill\u0259rdir qaz\u0131lmas\u0131, \u0259razid\u0259ki da\u015f-\u00e7\u0131nq\u0131l\u0131n da\u015f\u0131nmas\u0131 n\u0259tic\u0259sind\u0259 \u0259trafda b\u00f6y\u00fck yar\u011fanlar yaran\u0131b. Bu is\u0259 s\u00f6z\u00fcged\u0259n \u0259razid\u0259 ya\u015fayanlar \u00fc\u00e7\u00fcn ciddi t\u0259hl\u00fck\u0259dir.<\/p>\n\n\n\n<figure class=\"gb-block-image gb-block-image-50eaf40e\"><img decoding=\"async\" width=\"809\" height=\"523\" class=\"gb-image gb-image-50eaf40e lazyload\" data-src=\"https:\/\/www.meydan.tv\/wp-content\/uploads\/4f4c0ec7-e579-4a84-94e4-5b469774ecd1.jpeg\" alt=\"\" title=\"4F4C0EC7-E579-4A84-94E4-5B469774ECD1\" src=\"data:image\/svg+xml;base64,PHN2ZyB3aWR0aD0iMSIgaGVpZ2h0PSIxIiB4bWxucz0iaHR0cDovL3d3dy53My5vcmcvMjAwMC9zdmciPjwvc3ZnPg==\" style=\"--smush-placeholder-width: 809px; --smush-placeholder-aspect-ratio: 809\/523;\" \/><\/figure>\n\n\n\n<p><\/p>\n\n\n\n<p>\u201c<em><strong>G\u00fcc\u00fc \u00e7atmaq m\u0259s\u0259l\u0259si deyil, s\u0259b\u0259b ba\u015fqad\u0131r<\/strong><\/em>\u201d<\/p>\n\n\n\n<p>K\u0259nd sakinl\u0259rind\u0259n Zakir \u018fliyev Meydan TV-y\u0259 dan\u0131\u015f\u0131r ki, \u00e7ay\u0131n yata\u011f\u0131nda uzun ill\u0259rdir \u201cPROFCO\u201d adl\u0131 \u015firk\u0259t qaz\u0131nt\u0131 i\u015fl\u0259ri apar\u0131r. Onun s\u00f6zl\u0259rin\u0259 g\u00f6r\u0259, \u00e7ay\u0131n d\u0259rin qaz\u0131lmas\u0131 \u00fcz\u00fcnd\u0259n onlarla evd\u0259 quyular quruyub:<\/p>\n\n\n\n<p>\u201c<em>40 hektardan \u00e7ox \u00e7ay sahilind\u0259 torpaq 10 metrd\u0259n d\u0259rinliyind\u0259 qaz\u0131l\u0131b v\u0259 da\u015f\u0131n\u0131b. \u018fhalinin \u00f6r\u00fc\u015f sah\u0259l\u0259rinin \u00e7oxu qaz\u0131l\u0131b, yollar da\u011f\u0131d\u0131l\u0131b. Ondan art\u0131q y\u00fcks\u0259k g\u0259rginlikli elektrik dir\u0259yinin dibi t\u0259hl\u00fck\u0259li \u015f\u0259kild\u0259 qaz\u0131l\u0131b. Evl\u0259r\u0259 yax\u0131n olan karxanan\u0131n gurultusu, toz torpa\u011f\u0131 \u0259halini bezdirib. T\u0259s\u0259rr\u00fcfatla m\u0259\u015f\u011ful olmaq, rahat ya\u015famaq m\u00fcmk\u00fcn deyil&#8230;<\/em>\u201d.<\/p>\n\n\n\n<figure class=\"wp-block-image size-large\"><img decoding=\"async\" width=\"1095\" height=\"821\" data-src=\"https:\/\/www.meydan.tv\/wp-content\/uploads\/tengivan-1095x821.jpg\" alt=\"\" class=\"wp-image-269585 lazyload\" src=\"data:image\/svg+xml;base64,PHN2ZyB3aWR0aD0iMSIgaGVpZ2h0PSIxIiB4bWxucz0iaHR0cDovL3d3dy53My5vcmcvMjAwMC9zdmciPjwvc3ZnPg==\" style=\"--smush-placeholder-width: 1095px; --smush-placeholder-aspect-ratio: 1095\/821;\" \/><\/figure>\n\n\n\n<p>Sakinl\u0259r iddia edir ki, m\u0259kt\u0259blil\u0259r s\u0259s-k\u00fcyd\u0259n d\u0259rs oxuya bilmir. Onlar h\u0259m d\u0259 d\u00f6vl\u0259t orqanlar\u0131n\u0131n bu m\u0259s\u0259l\u0259 il\u0259 ba\u011fl\u0131 yazd\u0131qlar\u0131 \u015fikay\u0259tl\u0259r\u0259 uy\u011fun reaksiya verm\u0259m\u0259sind\u0259n naraz\u0131d\u0131lar:<\/p>\n\n\n\n<p>\u201c<strong><em>S\u0259simiz\u0259 s\u0259s ver\u0259n yoxdur. Daha ekologiya qalmay\u0131b, prokurorluq qalmay\u0131b, polis qalmay\u0131b, icra qalmay\u0131b&#8230; H\u0259r yer\u0259 yazm\u0131\u015f\u0131q. K\u0259ndimizd\u0259 ekoloji ekoloji terror gedir, qar\u015f\u0131s\u0131n\u0131 da ala bilmirl\u0259r. Daha do\u011frusu, alm\u0131rlar. Biz hesab edirik ki, g\u00fcc\u00fc \u00e7atmaq m\u0259s\u0259l\u0259si deyil, s\u0259b\u0259b ba\u015fqad\u0131r&#8230;<\/em><\/strong>\u201d.<\/p>\n\n\n\n<p>L\u0259nk\u0259ran \u015e\u0259h\u0259r \u0130cra Hakimiyy\u0259tind\u0259n bildirilib ki, T\u0259ngivan k\u0259ndi \u0259razisind\u0259 karxana f\u0259aliyy\u0259til\u0259 m\u0259\u015f\u011ful olan \u201cPROFCO\u201d MMC \u00e7ay\u0131n k\u0131nar\u0131nda yerl\u0259\u015f\u0259n \u0259kin\u0259 yarars\u0131z, da\u015fl\u0131q torpaq sah\u0259sini b\u0259l\u0259diyy\u0259d\u0259n 2014-c\u00fc ild\u0259 icar\u0259y\u0259 g\u00f6t\u00fcr\u00fcb. \u0130cra hakimiyy\u0259tind\u0259n vur\u011fulan\u0131b ki, bu qurum s\u00f6z\u00fcged\u0259n \u015firk\u0259t\u0259 he\u00e7 bir s\u0259n\u0259d verm\u0259yib.<\/p>\n\n\n\n<p><em><strong>\u00c7ay\u0131n yata\u011f\u0131nda qaz\u0131nt\u0131 aparan \u015firk\u0259t \u0259vv\u0259l d\u0259 m\u0259hk\u0259m\u0259y\u0259 \u00e7\u0259kilib<\/strong><\/em><\/p>\n\n\n\n<p>T\u0259ngivan sakinl\u0259ri \u201cPROFCO\u201d MMC v\u0259 \u015firk\u0259tin sahibi \u015eaiq H\u0259s\u0259novun h\u0259r\u0259k\u0259tl\u0259rinin qanunsuz oldu\u011funu iddia edir.<\/p>\n\n\n\n<p>Amma \u015eaiq H\u0259s\u0259nov b\u00fct\u00fcn s\u0259n\u0259dl\u0259rinin d\u0259, g\u00f6r\u00fcl\u0259n i\u015fl\u0259rin d\u0259 qanuni oldu\u011funu bildirib.<\/p>\n\n\n\n<p>2020-ci ilin avqustunda \u201cPROFCO\u201d MMC L\u0259nk\u0259rancay\u0131n yata\u011f\u0131nda qaz\u0131nt\u0131 i\u015fl\u0259ril\u0259 \u0259laq\u0259dar t\u0259bi\u0259t\u0259 ziyan vurmaqda ittiham edil\u0259r\u0259k, m\u0259hk\u0259m\u0259y\u0259 c\u0259lb olunmu\u015fdu. O zaman Ekologiya v\u0259 T\u0259bii S\u0259rv\u0259tl\u0259r Nazirliyinin yayd\u0131\u011f\u0131 m\u0259lumatda bildirilirdi ki, \u00e7ay\u0131n yata\u011f\u0131nda qaz\u0131nt\u0131 i\u015fl\u0259ri haqda daxil olan \u015fikay\u0259t yerind\u0259 ara\u015fd\u0131r\u0131l\u0131b. Qanunsuz qaz\u0131nt\u0131 i\u015fl\u0259rinin apar\u0131ld\u0131\u011f\u0131 v\u0259 t\u0259bi\u0259t\u0259 14 min 112 manat ziyan d\u0259ydiyi m\u00fc\u0259yy\u0259nl\u0259\u015fdirilib:<\/p>\n\n\n\n<p>\u201c<em><strong>Faktla ba\u011fl\u0131 akt, protokol t\u0259rtib edilib v\u0259 i\u015fl\u0259rin dayand\u0131r\u0131lmas\u0131 \u00fc\u00e7\u00fcn MMC-y\u0259 icras\u0131 m\u0259cburi olan \u201cm\u0259cburi g\u00f6st\u0259ri\u015f\u201d verilib. Eyni zamanda, \u201cPROFCO\u201d MMC-nin h\u00fcquqi \u015f\u0259xs qismind\u0259 inzibati m\u0259suliyy\u0259t\u0259 c\u0259lb edilm\u0259si v\u0259 bar\u0259sind\u0259 qanunam\u00fcvafiq t\u0259dbirl\u0259rin g\u00f6r\u00fclm\u0259si \u00fc\u00e7\u00fcn toplanm\u0131\u015f s\u0259n\u0259dl\u0259r L\u0259nk\u0259ran Rayon M\u0259hk\u0259m\u0259sin\u0259 g\u00f6nd\u0259rilib<\/strong><\/em>\u201d.<\/p>\n\n\n\n<p>Ekologiya v\u0259 T\u0259bii S\u0259rv\u0259tl\u0259r Nazirliyinin 1 sayl\u0131 Regional Ekologiya v\u0259 T\u0259bii S\u0259rv\u0259tl\u0259r \u0130dar\u0259sind\u0259n T\u0259rgivan k\u0259nd sakinl\u0259rind\u0259n Ziyaf\u0259t \u018fliyev\u0259 g\u00f6nd\u0259ril\u0259n cavabda bildirilir ki, \u201cPROFCO\u201d MMC-nin qanunsuz qaz\u0131nt\u0131 i\u015fl\u0259ri aparmas\u0131yla ba\u011fl\u0131 akt v\u0259 protokollar t\u0259rtib olunaraq, t\u0259dbir g\u00f6r\u00fclm\u0259si \u00fc\u00e7\u00fcn L\u0259nk\u0259ran rayon M\u0259hk\u0259m\u0259sin\u0259 g\u00f6nd\u0259rilib. Lakin m\u0259hk\u0259m\u0259d\u0259 i\u015f\u0259 xitam verilib.<\/p>\n\n\n\n<p>\u201c<em><strong>Eyni zamanda i\u015f\u0259 h\u00fcquqi qiym\u0259t verilm\u0259si m\u0259qs\u0259dil\u0259 toplanm\u0131\u015f materiallar Ba\u015f Prokurorlu\u011fa g\u00f6nd\u0259rilib. Haz\u0131rda bununla ba\u011fl\u0131 Ba\u015f prokuror yan\u0131nda Korrupsiyaya Qar\u015f\u0131 M\u00fcbariz\u0259 Ba\u015f \u0130dar\u0259sind\u0259 cinay\u0259t i\u015fi ba\u015flan\u0131b<\/strong><\/em>\u201d, &#8211; r\u0259is \u0259v\u0259zi \u015eakir Quliyev yaz\u0131b.<\/p>\n","protected":false},"excerpt":{"rendered":"<p>&nbsp;L\u0259nk\u0259ranl\u0131lar \u00e7ay yata\u011f\u0131nda apar\u0131lan qaz\u0131nt\u0131n\u0131n t\u0259hl\u00fck\u0259 yaratd\u0131\u011f\u0131n\u0131 deyirl\u0259r L\u0259nk\u0259ran rayonunun &#8230; <\/p>\n<p class=\"read-more-container\"><a title=\"\u201cK\u0259ndimizd\u0259 ekoloji terror gedir, qar\u015f\u0131s\u0131n\u0131 da alm\u0131rlar\u201d\" class=\"read-more button\" href=\"https:\/\/www.meydan.tv\/az\/article\/kendimizde-ekoloji-terror-gedir-qarsisini-da-almirlar\/#more-269576\" aria-label=\"Read more about \u201cK\u0259ndimizd\u0259 ekoloji terror gedir, qar\u015f\u0131s\u0131n\u0131 da alm\u0131rlar\u201d\">Davam\u0131<\/a><\/p>\n","protected":false},"author":13,"featured_media":269582,"comment_status":"closed","ping_status":"closed","sticky":false,"template":"","format":"standard","meta":{"_acf_changed":false,"_sitemap_exclude":false,"_sitemap_priority":"","_sitemap_frequency":"","footnotes":""},"categories":[60,56],"tags":[],"class_list":["post-269576","post","type-post","status-publish","format-standard","has-post-thumbnail","hentry","category-bolge","category-xeberler","infinite-scroll-item","generate-columns","tablet-grid-50","mobile-grid-100","grid-parent","grid-33","no-featured-image-padding"],"acf":[],"yoast_head":"<!-- This site is optimized with the Yoast SEO plugin v27.5 - https:\/\/yoast.com\/product\/yoast-seo-wordpress\/ -->\n<title>\u201cK\u0259ndimizd\u0259 ekoloji terror gedir, qar\u015f\u0131s\u0131n\u0131 da alm\u0131rlar\u201d - MEYDAN.TV<\/title>\n<meta name=\"robots\" content=\"index, follow, max-snippet:-1, max-image-preview:large, max-video-preview:-1\" \/>\n<link rel=\"canonical\" href=\"https:\/\/www.meydan.tv\/az\/article\/kendimizde-ekoloji-terror-gedir-qarsisini-da-almirlar\/\" \/>\n<meta property=\"og:locale\" content=\"az_AZ\" \/>\n<meta property=\"og:type\" content=\"article\" \/>\n<meta property=\"og:title\" content=\"\u201cK\u0259ndimizd\u0259 ekoloji terror gedir, qar\u015f\u0131s\u0131n\u0131 da alm\u0131rlar\u201d - MEYDAN.TV\" \/>\n<meta property=\"og:description\" content=\"&nbsp;L\u0259nk\u0259ranl\u0131lar \u00e7ay yata\u011f\u0131nda apar\u0131lan qaz\u0131nt\u0131n\u0131n t\u0259hl\u00fck\u0259 yaratd\u0131\u011f\u0131n\u0131 deyirl\u0259r L\u0259nk\u0259ran rayonunun ... Davam\u0131\" \/>\n<meta property=\"og:url\" content=\"https:\/\/www.meydan.tv\/az\/article\/kendimizde-ekoloji-terror-gedir-qarsisini-da-almirlar\/\" \/>\n<meta property=\"og:site_name\" content=\"MEYDAN.TV\" \/>\n<meta property=\"article:published_time\" content=\"2023-02-28T11:36:16+00:00\" \/>\n<meta property=\"article:modified_time\" content=\"2023-02-28T12:15:31+00:00\" \/>\n<meta property=\"og:image\" content=\"https:\/\/www.meydan.tv\/wp-content\/uploads\/lenkerancay.png\" \/>\n\t<meta property=\"og:image:width\" content=\"1200\" \/>\n\t<meta property=\"og:image:height\" content=\"818\" \/>\n\t<meta property=\"og:image:type\" content=\"image\/png\" \/>\n<meta name=\"author\" content=\"meri\" \/>\n<meta name=\"twitter:card\" content=\"summary_large_image\" \/>\n<script type=\"application\/ld+json\" class=\"yoast-schema-graph\">{\"@context\":\"https:\\\/\\\/schema.org\",\"@graph\":[{\"@type\":\"Article\",\"@id\":\"https:\\\/\\\/www.meydan.tv\\\/az\\\/article\\\/kendimizde-ekoloji-terror-gedir-qarsisini-da-almirlar\\\/#article\",\"isPartOf\":{\"@id\":\"https:\\\/\\\/www.meydan.tv\\\/az\\\/article\\\/kendimizde-ekoloji-terror-gedir-qarsisini-da-almirlar\\\/\"},\"author\":{\"name\":\"meri\",\"@id\":\"https:\\\/\\\/www.meydan.tv\\\/az\\\/#\\\/schema\\\/person\\\/f5399057f0b7fa223fa6c9b7c3321968\"},\"headline\":\"\u201cK\u0259ndimizd\u0259 ekoloji terror gedir, qar\u015f\u0131s\u0131n\u0131 da alm\u0131rlar\u201d\",\"datePublished\":\"2023-02-28T11:36:16+00:00\",\"dateModified\":\"2023-02-28T12:15:31+00:00\",\"mainEntityOfPage\":{\"@id\":\"https:\\\/\\\/www.meydan.tv\\\/az\\\/article\\\/kendimizde-ekoloji-terror-gedir-qarsisini-da-almirlar\\\/\"},\"wordCount\":803,\"publisher\":{\"@id\":\"https:\\\/\\\/www.meydan.tv\\\/az\\\/#organization\"},\"image\":{\"@id\":\"https:\\\/\\\/www.meydan.tv\\\/az\\\/article\\\/kendimizde-ekoloji-terror-gedir-qarsisini-da-almirlar\\\/#primaryimage\"},\"thumbnailUrl\":\"https:\\\/\\\/www.meydan.tv\\\/wp-content\\\/uploads\\\/lenkerancay.png\",\"articleSection\":[\"B\u00f6lg\u0259\",\"X\u0259b\u0259rl\u0259r\"],\"inLanguage\":\"az\"},{\"@type\":\"WebPage\",\"@id\":\"https:\\\/\\\/www.meydan.tv\\\/az\\\/article\\\/kendimizde-ekoloji-terror-gedir-qarsisini-da-almirlar\\\/\",\"url\":\"https:\\\/\\\/www.meydan.tv\\\/az\\\/article\\\/kendimizde-ekoloji-terror-gedir-qarsisini-da-almirlar\\\/\",\"name\":\"\u201cK\u0259ndimizd\u0259 ekoloji terror gedir, qar\u015f\u0131s\u0131n\u0131 da alm\u0131rlar\u201d - MEYDAN.TV\",\"isPartOf\":{\"@id\":\"https:\\\/\\\/www.meydan.tv\\\/az\\\/#website\"},\"primaryImageOfPage\":{\"@id\":\"https:\\\/\\\/www.meydan.tv\\\/az\\\/article\\\/kendimizde-ekoloji-terror-gedir-qarsisini-da-almirlar\\\/#primaryimage\"},\"image\":{\"@id\":\"https:\\\/\\\/www.meydan.tv\\\/az\\\/article\\\/kendimizde-ekoloji-terror-gedir-qarsisini-da-almirlar\\\/#primaryimage\"},\"thumbnailUrl\":\"https:\\\/\\\/www.meydan.tv\\\/wp-content\\\/uploads\\\/lenkerancay.png\",\"datePublished\":\"2023-02-28T11:36:16+00:00\",\"dateModified\":\"2023-02-28T12:15:31+00:00\",\"breadcrumb\":{\"@id\":\"https:\\\/\\\/www.meydan.tv\\\/az\\\/article\\\/kendimizde-ekoloji-terror-gedir-qarsisini-da-almirlar\\\/#breadcrumb\"},\"inLanguage\":\"az\",\"potentialAction\":[{\"@type\":\"ReadAction\",\"target\":[\"https:\\\/\\\/www.meydan.tv\\\/az\\\/article\\\/kendimizde-ekoloji-terror-gedir-qarsisini-da-almirlar\\\/\"]}]},{\"@type\":\"ImageObject\",\"inLanguage\":\"az\",\"@id\":\"https:\\\/\\\/www.meydan.tv\\\/az\\\/article\\\/kendimizde-ekoloji-terror-gedir-qarsisini-da-almirlar\\\/#primaryimage\",\"url\":\"https:\\\/\\\/www.meydan.tv\\\/wp-content\\\/uploads\\\/lenkerancay.png\",\"contentUrl\":\"https:\\\/\\\/www.meydan.tv\\\/wp-content\\\/uploads\\\/lenkerancay.png\",\"width\":1200,\"height\":818,\"caption\":\"M\u0259nb\u0259: Az\u0259rtac\"},{\"@type\":\"BreadcrumbList\",\"@id\":\"https:\\\/\\\/www.meydan.tv\\\/az\\\/article\\\/kendimizde-ekoloji-terror-gedir-qarsisini-da-almirlar\\\/#breadcrumb\",\"itemListElement\":[{\"@type\":\"ListItem\",\"position\":1,\"name\":\"Ana s\u0259hif\u0259\",\"item\":\"https:\\\/\\\/www.meydan.tv\\\/az\\\/\"},{\"@type\":\"ListItem\",\"position\":2,\"name\":\"B\u00f6lg\u0259\",\"item\":\"https:\\\/\\\/www.meydan.tv\\\/az\\\/section\\\/bolge\\\/\"},{\"@type\":\"ListItem\",\"position\":3,\"name\":\"\u201cK\u0259ndimizd\u0259 ekoloji terror gedir, qar\u015f\u0131s\u0131n\u0131 da alm\u0131rlar\u201d\"}]},{\"@type\":\"WebSite\",\"@id\":\"https:\\\/\\\/www.meydan.tv\\\/az\\\/#website\",\"url\":\"https:\\\/\\\/www.meydan.tv\\\/az\\\/\",\"name\":\"MEYDAN.TV\",\"description\":\"Meydan TV Az\u0259rbaycan\u0131n media m\u0259kan\u0131ndak\u0131 alternativ s\u0259sidir\",\"publisher\":{\"@id\":\"https:\\\/\\\/www.meydan.tv\\\/az\\\/#organization\"},\"potentialAction\":[{\"@type\":\"SearchAction\",\"target\":{\"@type\":\"EntryPoint\",\"urlTemplate\":\"https:\\\/\\\/www.meydan.tv\\\/az\\\/?s={search_term_string}\"},\"query-input\":{\"@type\":\"PropertyValueSpecification\",\"valueRequired\":true,\"valueName\":\"search_term_string\"}}],\"inLanguage\":\"az\"},{\"@type\":\"Organization\",\"@id\":\"https:\\\/\\\/www.meydan.tv\\\/az\\\/#organization\",\"name\":\"Meydan TV\",\"url\":\"https:\\\/\\\/www.meydan.tv\\\/az\\\/\",\"logo\":{\"@type\":\"ImageObject\",\"inLanguage\":\"az\",\"@id\":\"https:\\\/\\\/www.meydan.tv\\\/az\\\/#\\\/schema\\\/logo\\\/image\\\/\",\"url\":\"https:\\\/\\\/www.meydan.tv\\\/wp-content\\\/uploads\\\/2021\\\/07\\\/meydan-logo.svg\",\"contentUrl\":\"https:\\\/\\\/www.meydan.tv\\\/wp-content\\\/uploads\\\/2021\\\/07\\\/meydan-logo.svg\",\"width\":195,\"height\":46,\"caption\":\"Meydan TV\"},\"image\":{\"@id\":\"https:\\\/\\\/www.meydan.tv\\\/az\\\/#\\\/schema\\\/logo\\\/image\\\/\"}},{\"@type\":\"Person\",\"@id\":\"https:\\\/\\\/www.meydan.tv\\\/az\\\/#\\\/schema\\\/person\\\/f5399057f0b7fa223fa6c9b7c3321968\",\"name\":\"meri\"}]}<\/script>\n<!-- \/ Yoast SEO plugin. -->","yoast_head_json":{"title":"\u201cK\u0259ndimizd\u0259 ekoloji terror gedir, qar\u015f\u0131s\u0131n\u0131 da alm\u0131rlar\u201d - MEYDAN.TV","robots":{"index":"index","follow":"follow","max-snippet":"max-snippet:-1","max-image-preview":"max-image-preview:large","max-video-preview":"max-video-preview:-1"},"canonical":"https:\/\/www.meydan.tv\/az\/article\/kendimizde-ekoloji-terror-gedir-qarsisini-da-almirlar\/","og_locale":"az_AZ","og_type":"article","og_title":"\u201cK\u0259ndimizd\u0259 ekoloji terror gedir, qar\u015f\u0131s\u0131n\u0131 da alm\u0131rlar\u201d - MEYDAN.TV","og_description":"&nbsp;L\u0259nk\u0259ranl\u0131lar \u00e7ay yata\u011f\u0131nda apar\u0131lan qaz\u0131nt\u0131n\u0131n t\u0259hl\u00fck\u0259 yaratd\u0131\u011f\u0131n\u0131 deyirl\u0259r L\u0259nk\u0259ran rayonunun ... Davam\u0131","og_url":"https:\/\/www.meydan.tv\/az\/article\/kendimizde-ekoloji-terror-gedir-qarsisini-da-almirlar\/","og_site_name":"MEYDAN.TV","article_published_time":"2023-02-28T11:36:16+00:00","article_modified_time":"2023-02-28T12:15:31+00:00","og_image":[{"width":1200,"height":818,"url":"https:\/\/www.meydan.tv\/wp-content\/uploads\/lenkerancay.png","type":"image\/png"}],"author":"meri","twitter_card":"summary_large_image","schema":{"@context":"https:\/\/schema.org","@graph":[{"@type":"Article","@id":"https:\/\/www.meydan.tv\/az\/article\/kendimizde-ekoloji-terror-gedir-qarsisini-da-almirlar\/#article","isPartOf":{"@id":"https:\/\/www.meydan.tv\/az\/article\/kendimizde-ekoloji-terror-gedir-qarsisini-da-almirlar\/"},"author":{"name":"meri","@id":"https:\/\/www.meydan.tv\/az\/#\/schema\/person\/f5399057f0b7fa223fa6c9b7c3321968"},"headline":"\u201cK\u0259ndimizd\u0259 ekoloji terror gedir, qar\u015f\u0131s\u0131n\u0131 da alm\u0131rlar\u201d","datePublished":"2023-02-28T11:36:16+00:00","dateModified":"2023-02-28T12:15:31+00:00","mainEntityOfPage":{"@id":"https:\/\/www.meydan.tv\/az\/article\/kendimizde-ekoloji-terror-gedir-qarsisini-da-almirlar\/"},"wordCount":803,"publisher":{"@id":"https:\/\/www.meydan.tv\/az\/#organization"},"image":{"@id":"https:\/\/www.meydan.tv\/az\/article\/kendimizde-ekoloji-terror-gedir-qarsisini-da-almirlar\/#primaryimage"},"thumbnailUrl":"https:\/\/www.meydan.tv\/wp-content\/uploads\/lenkerancay.png","articleSection":["B\u00f6lg\u0259","X\u0259b\u0259rl\u0259r"],"inLanguage":"az"},{"@type":"WebPage","@id":"https:\/\/www.meydan.tv\/az\/article\/kendimizde-ekoloji-terror-gedir-qarsisini-da-almirlar\/","url":"https:\/\/www.meydan.tv\/az\/article\/kendimizde-ekoloji-terror-gedir-qarsisini-da-almirlar\/","name":"\u201cK\u0259ndimizd\u0259 ekoloji terror gedir, qar\u015f\u0131s\u0131n\u0131 da alm\u0131rlar\u201d - MEYDAN.TV","isPartOf":{"@id":"https:\/\/www.meydan.tv\/az\/#website"},"primaryImageOfPage":{"@id":"https:\/\/www.meydan.tv\/az\/article\/kendimizde-ekoloji-terror-gedir-qarsisini-da-almirlar\/#primaryimage"},"image":{"@id":"https:\/\/www.meydan.tv\/az\/article\/kendimizde-ekoloji-terror-gedir-qarsisini-da-almirlar\/#primaryimage"},"thumbnailUrl":"https:\/\/www.meydan.tv\/wp-content\/uploads\/lenkerancay.png","datePublished":"2023-02-28T11:36:16+00:00","dateModified":"2023-02-28T12:15:31+00:00","breadcrumb":{"@id":"https:\/\/www.meydan.tv\/az\/article\/kendimizde-ekoloji-terror-gedir-qarsisini-da-almirlar\/#breadcrumb"},"inLanguage":"az","potentialAction":[{"@type":"ReadAction","target":["https:\/\/www.meydan.tv\/az\/article\/kendimizde-ekoloji-terror-gedir-qarsisini-da-almirlar\/"]}]},{"@type":"ImageObject","inLanguage":"az","@id":"https:\/\/www.meydan.tv\/az\/article\/kendimizde-ekoloji-terror-gedir-qarsisini-da-almirlar\/#primaryimage","url":"https:\/\/www.meydan.tv\/wp-content\/uploads\/lenkerancay.png","contentUrl":"https:\/\/www.meydan.tv\/wp-content\/uploads\/lenkerancay.png","width":1200,"height":818,"caption":"M\u0259nb\u0259: Az\u0259rtac"},{"@type":"BreadcrumbList","@id":"https:\/\/www.meydan.tv\/az\/article\/kendimizde-ekoloji-terror-gedir-qarsisini-da-almirlar\/#breadcrumb","itemListElement":[{"@type":"ListItem","position":1,"name":"Ana s\u0259hif\u0259","item":"https:\/\/www.meydan.tv\/az\/"},{"@type":"ListItem","position":2,"name":"B\u00f6lg\u0259","item":"https:\/\/www.meydan.tv\/az\/section\/bolge\/"},{"@type":"ListItem","position":3,"name":"\u201cK\u0259ndimizd\u0259 ekoloji terror gedir, qar\u015f\u0131s\u0131n\u0131 da alm\u0131rlar\u201d"}]},{"@type":"WebSite","@id":"https:\/\/www.meydan.tv\/az\/#website","url":"https:\/\/www.meydan.tv\/az\/","name":"MEYDAN.TV","description":"Meydan TV Az\u0259rbaycan\u0131n media m\u0259kan\u0131ndak\u0131 alternativ s\u0259sidir","publisher":{"@id":"https:\/\/www.meydan.tv\/az\/#organization"},"potentialAction":[{"@type":"SearchAction","target":{"@type":"EntryPoint","urlTemplate":"https:\/\/www.meydan.tv\/az\/?s={search_term_string}"},"query-input":{"@type":"PropertyValueSpecification","valueRequired":true,"valueName":"search_term_string"}}],"inLanguage":"az"},{"@type":"Organization","@id":"https:\/\/www.meydan.tv\/az\/#organization","name":"Meydan TV","url":"https:\/\/www.meydan.tv\/az\/","logo":{"@type":"ImageObject","inLanguage":"az","@id":"https:\/\/www.meydan.tv\/az\/#\/schema\/logo\/image\/","url":"https:\/\/www.meydan.tv\/wp-content\/uploads\/2021\/07\/meydan-logo.svg","contentUrl":"https:\/\/www.meydan.tv\/wp-content\/uploads\/2021\/07\/meydan-logo.svg","width":195,"height":46,"caption":"Meydan TV"},"image":{"@id":"https:\/\/www.meydan.tv\/az\/#\/schema\/logo\/image\/"}},{"@type":"Person","@id":"https:\/\/www.meydan.tv\/az\/#\/schema\/person\/f5399057f0b7fa223fa6c9b7c3321968","name":"meri"}]}},"_links":{"self":[{"href":"https:\/\/www.meydan.tv\/az\/wp-json\/wp\/v2\/posts\/269576","targetHints":{"allow":["GET"]}}],"collection":[{"href":"https:\/\/www.meydan.tv\/az\/wp-json\/wp\/v2\/posts"}],"about":[{"href":"https:\/\/www.meydan.tv\/az\/wp-json\/wp\/v2\/types\/post"}],"author":[{"embeddable":true,"href":"https:\/\/www.meydan.tv\/az\/wp-json\/wp\/v2\/users\/13"}],"replies":[{"embeddable":true,"href":"https:\/\/www.meydan.tv\/az\/wp-json\/wp\/v2\/comments?post=269576"}],"version-history":[{"count":4,"href":"https:\/\/www.meydan.tv\/az\/wp-json\/wp\/v2\/posts\/269576\/revisions"}],"predecessor-version":[{"id":269593,"href":"https:\/\/www.meydan.tv\/az\/wp-json\/wp\/v2\/posts\/269576\/revisions\/269593"}],"wp:featuredmedia":[{"embeddable":true,"href":"https:\/\/www.meydan.tv\/az\/wp-json\/wp\/v2\/media\/269582"}],"wp:attachment":[{"href":"https:\/\/www.meydan.tv\/az\/wp-json\/wp\/v2\/media?parent=269576"}],"wp:term":[{"taxonomy":"category","embeddable":true,"href":"https:\/\/www.meydan.tv\/az\/wp-json\/wp\/v2\/categories?post=269576"},{"taxonomy":"post_tag","embeddable":true,"href":"https:\/\/www.meydan.tv\/az\/wp-json\/wp\/v2\/tags?post=269576"}],"curies":[{"name":"wp","href":"https:\/\/api.w.org\/{rel}","templated":true}]}}