{"id":269567,"date":"2023-02-28T15:26:44","date_gmt":"2023-02-28T11:26:44","guid":{"rendered":"https:\/\/www.meydan.tv\/?p=269567"},"modified":"2023-02-28T15:26:52","modified_gmt":"2023-02-28T11:26:52","slug":"adil-kerimli-evvelki-rehberliyin-kadr-siyasetini-tenqid-edib","status":"publish","type":"post","link":"https:\/\/www.meydan.tv\/az\/article\/adil-kerimli-evvelki-rehberliyin-kadr-siyasetini-tenqid-edib\/","title":{"rendered":"<strong>Adil K\u0259rimli \u0259vv\u0259lki r\u0259hb\u0259rliyin kadr siyas\u0259tini t\u0259nqid edib<\/strong>"},"content":{"rendered":"\n<p>&#8220;El\u0259 i\u015f\u00e7il\u0259r var ki, i\u015find\u0259n x\u0259b\u0259ri yoxdur&#8221;<\/p>\n\n\n\n<p>\u201cM\u0259d\u0259niyy\u0259t Nazirliyind\u0259 kadrlarla ba\u011fl\u0131 probleml\u0259r var&#8221;.<\/p>\n\n\n\n<p>Bunu Milli M\u0259clisin M\u0259d\u0259niyy\u0259t komit\u0259si il\u0259 M\u0259d\u0259niyy\u0259t Nazirliyi v\u0259 \u018fqli M\u00fclkiyy\u0259t Agentliyinin t\u0259\u015fkil etdiyi birg\u0259 ictimai dinl\u0259m\u0259l\u0259r zaman\u0131 m\u0259d\u0259niyy\u0259t nazirinin birinci m\u00fcavini Adil K\u0259rimli <a href=\"https:\/\/www.bakupost.az\/nazirlikde-ele-isciler-var-ki-islediyi-isden-xeberi-yoxdur-adil-kerimli\">deyib<\/a>.<\/p>\n\n\n\n<p>Onun s\u00f6zl\u0259rin\u0259 g\u00f6r\u0259, el\u0259 i\u015f\u00e7il\u0259r var ki, i\u015fl\u0259diyi i\u015fd\u0259n x\u0259b\u0259ri yoxdur:<\/p>\n\n\n\n<p>\u201cBunlar\u0131 t\u0259kmill\u0259\u015fdirm\u0259k \u00fc\u00e7\u00fcn h\u0259r k\u0259sin d\u0259st\u0259yin\u0259 ehtiyac var. Nazirliyin 41 minlik hey\u0259ti var, 30 mini b\u00f6lg\u0259l\u0259rd\u0259 \u00e7al\u0131\u015f\u0131r. Bunlardan yaln\u0131z 7 faizi m\u0259d\u0259niyy\u0259t sah\u0259si \u00fczr\u0259 t\u0259hsil al\u0131b\u201d.<\/p>\n\n\n\n<figure class=\"gb-block-image gb-block-image-63e9ab7b\"><img decoding=\"async\" width=\"1200\" height=\"800\" class=\"gb-image gb-image-63e9ab7b lazyload\" data-src=\"https:\/\/www.meydan.tv\/wp-content\/uploads\/adil-kerimli.png\" alt=\"\" src=\"data:image\/svg+xml;base64,PHN2ZyB3aWR0aD0iMSIgaGVpZ2h0PSIxIiB4bWxucz0iaHR0cDovL3d3dy53My5vcmcvMjAwMC9zdmciPjwvc3ZnPg==\" style=\"--smush-placeholder-width: 1200px; --smush-placeholder-aspect-ratio: 1200\/800;\" \/><\/figure>\n\n\n\n<p>M\u0259nb\u0259: Banker<\/p>\n\n\n\n<p><em><strong>\u201cUcqar k\u0259ndl\u0259rd\u0259 kitabxanalar\u0131n v\u0259 orada 20 min kitab fondunun oldu\u011fu deyilir, amma bax\u0131rsan ki, he\u00e7 2 min kitab yoxdur. K\u0259ndd\u0259 ya\u015fayan \u0259halinin h\u0259min kitablar\u0131 oxuyub-oxumamas\u0131 sual\u0131na cavab tapmaq laz\u0131md\u0131r. M\u0259d\u0259niyy\u0259t m\u00fc\u0259ssis\u0259l\u0259rind\u0259 \u00e7al\u0131\u015fan v\u0259 b\u00fcdc\u0259d\u0259n \u0259m\u0259khaqq\u0131 alan 30 min i\u015f\u00e7inin ham\u0131s\u0131 yerl\u0259rd\u0259dir. Onlar Az\u0259rbaycan m\u0259d\u0259niyy\u0259tl\u0259rin\u0259 t\u00f6hf\u0259 ver\u0259 bilirmi? Xeyr. Bunu da ham\u0131 bilir<\/strong><\/em>\u201d, &#8211; nazir \u0259v\u0259zi <a href=\"https:\/\/report.az\/medeniyyet-siyaseti\/adil-kerimli-ucqar-kendlerdeki-kitabxanalarda-20-min-kitabin-oldugu-deyilir-amma-baxirsan-ki-hec-2-min-kitab-yoxdur\/\">deyib<\/a>.<\/p>\n\n\n\n<p>Onun s\u00f6zl\u0259rin\u0259 g\u00f6r\u0259, bu sah\u0259d\u0259 ciddi i\u015fl\u0259rin g\u00f6r\u00fclm\u0259si \u00f6n\u0259mlidir:<\/p>\n\n\n\n<p>\u201c<strong><em>B\u0259lk\u0259, bu y\u00fck\u00fc azald\u0131b m\u0259d\u0259niyy\u0259tin z\u0259ruri olan sferas\u0131na y\u00f6n\u0259ld\u0259 bil\u0259rik. M\u0259tbuatda da haql\u0131 olaraq qeyd olunur ki, tarixi m\u0259d\u0259ni abid\u0259l\u0259rimiz t\u0259hl\u00fck\u0259d\u0259dir. Bu g\u00fcn 6308 tarixi m\u0259d\u0259ni abid\u0259mizin 4000-\u0259 yax\u0131n\u0131 m\u0259hz nazirliyin n\u0259zar\u0259tind\u0259dir. T\u0259bii ki, h\u0259min abid\u0259l\u0259r\u0259 m\u00fct\u0259madi \u015f\u0259kild\u0259 investisiya ayr\u0131l\u0131r. Bu g\u00fcn 700-800 tarixi m\u0259d\u0259niyy\u0259t abid\u0259si m\u0259hz i\u015f\u011faldan azad olunmu\u015f \u0259razil\u0259rd\u0259 qeydiyyata al\u0131n\u0131b v\u0259 proses davam edir. Onlar\u0131n b\u0259rpas\u0131na da ciddi ehtiyac var. Ham\u0131 d\u00fc\u015f\u00fcn\u00fcr ki, bu i\u015fl\u0259rin ham\u0131s\u0131n\u0131 M\u0259d\u0259niyy\u0259t Nazirliyi h\u0259ll etm\u0259lidir<\/em><\/strong>\u201d.<\/p>\n\n\n\n<p>Adil K\u0259rimli M\u0259d\u0259niyy\u0259t Nazirliyinin \u0259vv\u0259lki r\u0259hb\u0259rliyinin kadr siyas\u0259tini d\u0259 s\u0259rt t\u0259nqid edib:<\/p>\n\n\n\n<p>\u201c<em><strong>Art\u0131q t\u0259yinat\u0131mdan iki ay ke\u00e7ib. Bu m\u00fcdd\u0259t \u0259rzind\u0259 tam \u015f\u0259kild\u0259 m\u0259d\u0259niyy\u0259t sferas\u0131nda ba\u015f ver\u0259n prosesl\u0259ri, infrastruktur, kadr potensial\u0131 il\u0259 ba\u011fl\u0131 t\u0259hlil m\u0259rh\u0259l\u0259sind\u0259n ke\u00e7m\u0259kd\u0259yik. Probleml\u0259rl\u0259 daha yax\u0131ndan tan\u0131\u015f oluruq. \u0130nstitusional s\u0259viyy\u0259d\u0259 probleml\u0259ri g\u00f6rd\u00fckc\u0259 bu sah\u0259d\u0259 \u00e7oxlu q\u00fcsurlar\u0131n m\u00f6vcud oldu\u011funun \u015fahidi oluruq. M\u0259d\u0259niyy\u0259t sah\u0259sin\u0259 h\u00f6kum\u0259t t\u0259r\u0259find\u0259n h\u0259r zaman x\u00fcsusi diqq\u0259t v\u0259 qay\u011f\u0131 <a href=\"https:\/\/report.az\/medeniyyet-siyaseti\/adil-kerimli-medeniyyet-naziri-evezi-teyin-olunandan-sonra-gorduyu-isleri-aciqlayib\/\">var<\/a><\/strong><\/em>\u201d.<\/p>\n\n\n\n<p>\u201cQafqazinfo\u201d yaz\u0131r ki, M\u0259d\u0259niyy\u0259t Nazirliyinin sistemind\u0259, regional idar\u0259 v\u0259 \u015f\u00f6b\u0259l\u0259rind\u0259 f\u0259aliyy\u0259tind\u0259 ciddi n\u00f6qsan a\u015fkarlan\u0131b 30-dan \u00e7ox r\u0259hb\u0259r \u015f\u0259xs v\u0259 \u0259m\u0259kda\u015f i\u015fd\u0259n \u00e7\u0131xar\u0131l\u0131b.<\/p>\n\n\n\n<p>M\u0259lumatda bildirilir ki, Adil K\u0259rimlinin \u0259mri il\u0259 nazir m\u00fc\u015faviri Fuad M\u0259mm\u0259dov, nazirliyin teatr sektorunun m\u00fcdiri K\u00f6n\u00fcl C\u0259f\u0259rova, \u0130nc\u0259s\u0259n\u0259t v\u0259 qeyri-maddi m\u0259d\u0259ni irs \u015f\u00f6b\u0259sinin m\u00fcdiri F\u0259r\u0259h Acalova da v\u0259zif\u0259sind\u0259n azad edilib.<\/p>\n\n\n\n<p>M\u0259d\u0259niyy\u0259t Nazirliyind\u0259n Meydan TV-nin m\u0259s\u0259l\u0259 il\u0259 \u0259laq\u0259dar sor\u011fusuna cavab verilm\u0259yib.<\/p>\n\n\n\n<p>2022-ci il dekabr\u0131n 22-d\u0259 Prezident \u0130lham \u018fliyev m\u0259d\u0259niyy\u0259t naziri Anar K\u0259rimovu v\u0259zif\u0259sind\u0259n <a href=\"https:\/\/storage.googleapis.com\/qurium\/www.meydan.tv\/az-article-ilham-eliyev-kerimovu-vezifesinden-cixartdi-kerimlini-getirdi.html\">azad edib<\/a>.<\/p>\n\n\n\n<p>M\u0259d\u0259niyy\u0259t nazir v\u0259zif\u0259sinin m\u00fcv\u0259qq\u0259ti icras\u0131n\u0131 Adil K\u0259rimliy\u0259 h\u0259val\u0259 edib.<\/p>\n","protected":false},"excerpt":{"rendered":"<p>&#8220;El\u0259 i\u015f\u00e7il\u0259r var ki, i\u015find\u0259n x\u0259b\u0259ri yoxdur&#8221; \u201cM\u0259d\u0259niyy\u0259t Nazirliyind\u0259 kadrlarla &#8230; <\/p>\n<p class=\"read-more-container\"><a title=\"Adil K\u0259rimli \u0259vv\u0259lki r\u0259hb\u0259rliyin kadr siyas\u0259tini t\u0259nqid edib\" class=\"read-more button\" href=\"https:\/\/www.meydan.tv\/az\/article\/adil-kerimli-evvelki-rehberliyin-kadr-siyasetini-tenqid-edib\/#more-269567\" aria-label=\"Read more about Adil K\u0259rimli \u0259vv\u0259lki r\u0259hb\u0259rliyin kadr siyas\u0259tini t\u0259nqid edib\">Davam\u0131<\/a><\/p>\n","protected":false},"author":18,"featured_media":155112,"comment_status":"closed","ping_status":"closed","sticky":false,"template":"","format":"standard","meta":{"_acf_changed":false,"_sitemap_exclude":false,"_sitemap_priority":"","_sitemap_frequency":"","footnotes":""},"categories":[52,79,56],"tags":[],"class_list":["post-269567","post","type-post","status-publish","format-standard","has-post-thumbnail","hentry","category-medeniyyet","category-featured","category-xeberler","infinite-scroll-item","generate-columns","tablet-grid-50","mobile-grid-100","grid-parent","grid-33","no-featured-image-padding"],"acf":[],"yoast_head":"<!-- This site is optimized with the Yoast SEO plugin v27.4 - https:\/\/yoast.com\/product\/yoast-seo-wordpress\/ -->\n<title>Adil K\u0259rimli \u0259vv\u0259lki r\u0259hb\u0259rliyin kadr siyas\u0259tini t\u0259nqid edib - MEYDAN.TV<\/title>\n<meta name=\"robots\" content=\"index, follow, max-snippet:-1, max-image-preview:large, max-video-preview:-1\" \/>\n<link rel=\"canonical\" href=\"https:\/\/www.meydan.tv\/az\/article\/adil-kerimli-evvelki-rehberliyin-kadr-siyasetini-tenqid-edib\/\" \/>\n<meta property=\"og:locale\" content=\"az_AZ\" \/>\n<meta property=\"og:type\" content=\"article\" \/>\n<meta property=\"og:title\" content=\"Adil K\u0259rimli \u0259vv\u0259lki r\u0259hb\u0259rliyin kadr siyas\u0259tini t\u0259nqid edib - MEYDAN.TV\" \/>\n<meta property=\"og:description\" content=\"&#8220;El\u0259 i\u015f\u00e7il\u0259r var ki, i\u015find\u0259n x\u0259b\u0259ri yoxdur&#8221; \u201cM\u0259d\u0259niyy\u0259t Nazirliyind\u0259 kadrlarla ... Davam\u0131\" \/>\n<meta property=\"og:url\" content=\"https:\/\/www.meydan.tv\/az\/article\/adil-kerimli-evvelki-rehberliyin-kadr-siyasetini-tenqid-edib\/\" \/>\n<meta property=\"og:site_name\" content=\"MEYDAN.TV\" \/>\n<meta property=\"article:published_time\" content=\"2023-02-28T11:26:44+00:00\" \/>\n<meta property=\"article:modified_time\" content=\"2023-02-28T11:26:52+00:00\" \/>\n<meta property=\"og:image\" content=\"https:\/\/www.meydan.tv\/wp-content\/uploads\/unnamed_bexrwtg.png\" \/>\n\t<meta property=\"og:image:width\" content=\"813\" \/>\n\t<meta property=\"og:image:height\" content=\"480\" \/>\n\t<meta property=\"og:image:type\" content=\"image\/png\" \/>\n<meta name=\"author\" content=\"miron\" \/>\n<meta name=\"twitter:card\" content=\"summary_large_image\" \/>\n<script type=\"application\/ld+json\" class=\"yoast-schema-graph\">{\"@context\":\"https:\\\/\\\/schema.org\",\"@graph\":[{\"@type\":\"Article\",\"@id\":\"https:\\\/\\\/www.meydan.tv\\\/az\\\/article\\\/adil-kerimli-evvelki-rehberliyin-kadr-siyasetini-tenqid-edib\\\/#article\",\"isPartOf\":{\"@id\":\"https:\\\/\\\/www.meydan.tv\\\/az\\\/article\\\/adil-kerimli-evvelki-rehberliyin-kadr-siyasetini-tenqid-edib\\\/\"},\"author\":{\"name\":\"miron\",\"@id\":\"https:\\\/\\\/www.meydan.tv\\\/az\\\/#\\\/schema\\\/person\\\/981b0b284aeaa9ad0cbf814cd4a9d67c\"},\"headline\":\"Adil K\u0259rimli \u0259vv\u0259lki r\u0259hb\u0259rliyin kadr siyas\u0259tini t\u0259nqid edib\",\"datePublished\":\"2023-02-28T11:26:44+00:00\",\"dateModified\":\"2023-02-28T11:26:52+00:00\",\"mainEntityOfPage\":{\"@id\":\"https:\\\/\\\/www.meydan.tv\\\/az\\\/article\\\/adil-kerimli-evvelki-rehberliyin-kadr-siyasetini-tenqid-edib\\\/\"},\"wordCount\":658,\"publisher\":{\"@id\":\"https:\\\/\\\/www.meydan.tv\\\/az\\\/#organization\"},\"image\":{\"@id\":\"https:\\\/\\\/www.meydan.tv\\\/az\\\/article\\\/adil-kerimli-evvelki-rehberliyin-kadr-siyasetini-tenqid-edib\\\/#primaryimage\"},\"thumbnailUrl\":\"https:\\\/\\\/www.meydan.tv\\\/wp-content\\\/uploads\\\/unnamed_bexrwtg.png\",\"articleSection\":[\"M\u0259d\u0259niyy\u0259t\",\"T\u00f6vsiy\u0259\",\"X\u0259b\u0259rl\u0259r\"],\"inLanguage\":\"az\"},{\"@type\":\"WebPage\",\"@id\":\"https:\\\/\\\/www.meydan.tv\\\/az\\\/article\\\/adil-kerimli-evvelki-rehberliyin-kadr-siyasetini-tenqid-edib\\\/\",\"url\":\"https:\\\/\\\/www.meydan.tv\\\/az\\\/article\\\/adil-kerimli-evvelki-rehberliyin-kadr-siyasetini-tenqid-edib\\\/\",\"name\":\"Adil K\u0259rimli \u0259vv\u0259lki r\u0259hb\u0259rliyin kadr siyas\u0259tini t\u0259nqid edib - MEYDAN.TV\",\"isPartOf\":{\"@id\":\"https:\\\/\\\/www.meydan.tv\\\/az\\\/#website\"},\"primaryImageOfPage\":{\"@id\":\"https:\\\/\\\/www.meydan.tv\\\/az\\\/article\\\/adil-kerimli-evvelki-rehberliyin-kadr-siyasetini-tenqid-edib\\\/#primaryimage\"},\"image\":{\"@id\":\"https:\\\/\\\/www.meydan.tv\\\/az\\\/article\\\/adil-kerimli-evvelki-rehberliyin-kadr-siyasetini-tenqid-edib\\\/#primaryimage\"},\"thumbnailUrl\":\"https:\\\/\\\/www.meydan.tv\\\/wp-content\\\/uploads\\\/unnamed_bexrwtg.png\",\"datePublished\":\"2023-02-28T11:26:44+00:00\",\"dateModified\":\"2023-02-28T11:26:52+00:00\",\"breadcrumb\":{\"@id\":\"https:\\\/\\\/www.meydan.tv\\\/az\\\/article\\\/adil-kerimli-evvelki-rehberliyin-kadr-siyasetini-tenqid-edib\\\/#breadcrumb\"},\"inLanguage\":\"az\",\"potentialAction\":[{\"@type\":\"ReadAction\",\"target\":[\"https:\\\/\\\/www.meydan.tv\\\/az\\\/article\\\/adil-kerimli-evvelki-rehberliyin-kadr-siyasetini-tenqid-edib\\\/\"]}]},{\"@type\":\"ImageObject\",\"inLanguage\":\"az\",\"@id\":\"https:\\\/\\\/www.meydan.tv\\\/az\\\/article\\\/adil-kerimli-evvelki-rehberliyin-kadr-siyasetini-tenqid-edib\\\/#primaryimage\",\"url\":\"https:\\\/\\\/www.meydan.tv\\\/wp-content\\\/uploads\\\/unnamed_bexrwtg.png\",\"contentUrl\":\"https:\\\/\\\/www.meydan.tv\\\/wp-content\\\/uploads\\\/unnamed_bexrwtg.png\",\"width\":813,\"height\":480,\"caption\":\"Foto: M\u0259d\u0259niyy\u0259t Nazirliyi\"},{\"@type\":\"BreadcrumbList\",\"@id\":\"https:\\\/\\\/www.meydan.tv\\\/az\\\/article\\\/adil-kerimli-evvelki-rehberliyin-kadr-siyasetini-tenqid-edib\\\/#breadcrumb\",\"itemListElement\":[{\"@type\":\"ListItem\",\"position\":1,\"name\":\"Ana s\u0259hif\u0259\",\"item\":\"https:\\\/\\\/www.meydan.tv\\\/az\\\/\"},{\"@type\":\"ListItem\",\"position\":2,\"name\":\"X\u0259b\u0259rl\u0259r\",\"item\":\"https:\\\/\\\/www.meydan.tv\\\/az\\\/section\\\/xeberler\\\/\"},{\"@type\":\"ListItem\",\"position\":3,\"name\":\"Adil K\u0259rimli \u0259vv\u0259lki r\u0259hb\u0259rliyin kadr siyas\u0259tini t\u0259nqid edib\"}]},{\"@type\":\"WebSite\",\"@id\":\"https:\\\/\\\/www.meydan.tv\\\/az\\\/#website\",\"url\":\"https:\\\/\\\/www.meydan.tv\\\/az\\\/\",\"name\":\"MEYDAN.TV\",\"description\":\"Meydan TV Az\u0259rbaycan\u0131n media m\u0259kan\u0131ndak\u0131 alternativ s\u0259sidir\",\"publisher\":{\"@id\":\"https:\\\/\\\/www.meydan.tv\\\/az\\\/#organization\"},\"potentialAction\":[{\"@type\":\"SearchAction\",\"target\":{\"@type\":\"EntryPoint\",\"urlTemplate\":\"https:\\\/\\\/www.meydan.tv\\\/az\\\/?s={search_term_string}\"},\"query-input\":{\"@type\":\"PropertyValueSpecification\",\"valueRequired\":true,\"valueName\":\"search_term_string\"}}],\"inLanguage\":\"az\"},{\"@type\":\"Organization\",\"@id\":\"https:\\\/\\\/www.meydan.tv\\\/az\\\/#organization\",\"name\":\"Meydan TV\",\"url\":\"https:\\\/\\\/www.meydan.tv\\\/az\\\/\",\"logo\":{\"@type\":\"ImageObject\",\"inLanguage\":\"az\",\"@id\":\"https:\\\/\\\/www.meydan.tv\\\/az\\\/#\\\/schema\\\/logo\\\/image\\\/\",\"url\":\"https:\\\/\\\/www.meydan.tv\\\/wp-content\\\/uploads\\\/2021\\\/07\\\/meydan-logo.svg\",\"contentUrl\":\"https:\\\/\\\/www.meydan.tv\\\/wp-content\\\/uploads\\\/2021\\\/07\\\/meydan-logo.svg\",\"width\":195,\"height\":46,\"caption\":\"Meydan TV\"},\"image\":{\"@id\":\"https:\\\/\\\/www.meydan.tv\\\/az\\\/#\\\/schema\\\/logo\\\/image\\\/\"}},{\"@type\":\"Person\",\"@id\":\"https:\\\/\\\/www.meydan.tv\\\/az\\\/#\\\/schema\\\/person\\\/981b0b284aeaa9ad0cbf814cd4a9d67c\",\"name\":\"miron\"}]}<\/script>\n<!-- \/ Yoast SEO plugin. -->","yoast_head_json":{"title":"Adil K\u0259rimli \u0259vv\u0259lki r\u0259hb\u0259rliyin kadr siyas\u0259tini t\u0259nqid edib - MEYDAN.TV","robots":{"index":"index","follow":"follow","max-snippet":"max-snippet:-1","max-image-preview":"max-image-preview:large","max-video-preview":"max-video-preview:-1"},"canonical":"https:\/\/www.meydan.tv\/az\/article\/adil-kerimli-evvelki-rehberliyin-kadr-siyasetini-tenqid-edib\/","og_locale":"az_AZ","og_type":"article","og_title":"Adil K\u0259rimli \u0259vv\u0259lki r\u0259hb\u0259rliyin kadr siyas\u0259tini t\u0259nqid edib - MEYDAN.TV","og_description":"&#8220;El\u0259 i\u015f\u00e7il\u0259r var ki, i\u015find\u0259n x\u0259b\u0259ri yoxdur&#8221; \u201cM\u0259d\u0259niyy\u0259t Nazirliyind\u0259 kadrlarla ... Davam\u0131","og_url":"https:\/\/www.meydan.tv\/az\/article\/adil-kerimli-evvelki-rehberliyin-kadr-siyasetini-tenqid-edib\/","og_site_name":"MEYDAN.TV","article_published_time":"2023-02-28T11:26:44+00:00","article_modified_time":"2023-02-28T11:26:52+00:00","og_image":[{"width":813,"height":480,"url":"https:\/\/www.meydan.tv\/wp-content\/uploads\/unnamed_bexrwtg.png","type":"image\/png"}],"author":"miron","twitter_card":"summary_large_image","schema":{"@context":"https:\/\/schema.org","@graph":[{"@type":"Article","@id":"https:\/\/www.meydan.tv\/az\/article\/adil-kerimli-evvelki-rehberliyin-kadr-siyasetini-tenqid-edib\/#article","isPartOf":{"@id":"https:\/\/www.meydan.tv\/az\/article\/adil-kerimli-evvelki-rehberliyin-kadr-siyasetini-tenqid-edib\/"},"author":{"name":"miron","@id":"https:\/\/www.meydan.tv\/az\/#\/schema\/person\/981b0b284aeaa9ad0cbf814cd4a9d67c"},"headline":"Adil K\u0259rimli \u0259vv\u0259lki r\u0259hb\u0259rliyin kadr siyas\u0259tini t\u0259nqid edib","datePublished":"2023-02-28T11:26:44+00:00","dateModified":"2023-02-28T11:26:52+00:00","mainEntityOfPage":{"@id":"https:\/\/www.meydan.tv\/az\/article\/adil-kerimli-evvelki-rehberliyin-kadr-siyasetini-tenqid-edib\/"},"wordCount":658,"publisher":{"@id":"https:\/\/www.meydan.tv\/az\/#organization"},"image":{"@id":"https:\/\/www.meydan.tv\/az\/article\/adil-kerimli-evvelki-rehberliyin-kadr-siyasetini-tenqid-edib\/#primaryimage"},"thumbnailUrl":"https:\/\/www.meydan.tv\/wp-content\/uploads\/unnamed_bexrwtg.png","articleSection":["M\u0259d\u0259niyy\u0259t","T\u00f6vsiy\u0259","X\u0259b\u0259rl\u0259r"],"inLanguage":"az"},{"@type":"WebPage","@id":"https:\/\/www.meydan.tv\/az\/article\/adil-kerimli-evvelki-rehberliyin-kadr-siyasetini-tenqid-edib\/","url":"https:\/\/www.meydan.tv\/az\/article\/adil-kerimli-evvelki-rehberliyin-kadr-siyasetini-tenqid-edib\/","name":"Adil K\u0259rimli \u0259vv\u0259lki r\u0259hb\u0259rliyin kadr siyas\u0259tini t\u0259nqid edib - MEYDAN.TV","isPartOf":{"@id":"https:\/\/www.meydan.tv\/az\/#website"},"primaryImageOfPage":{"@id":"https:\/\/www.meydan.tv\/az\/article\/adil-kerimli-evvelki-rehberliyin-kadr-siyasetini-tenqid-edib\/#primaryimage"},"image":{"@id":"https:\/\/www.meydan.tv\/az\/article\/adil-kerimli-evvelki-rehberliyin-kadr-siyasetini-tenqid-edib\/#primaryimage"},"thumbnailUrl":"https:\/\/www.meydan.tv\/wp-content\/uploads\/unnamed_bexrwtg.png","datePublished":"2023-02-28T11:26:44+00:00","dateModified":"2023-02-28T11:26:52+00:00","breadcrumb":{"@id":"https:\/\/www.meydan.tv\/az\/article\/adil-kerimli-evvelki-rehberliyin-kadr-siyasetini-tenqid-edib\/#breadcrumb"},"inLanguage":"az","potentialAction":[{"@type":"ReadAction","target":["https:\/\/www.meydan.tv\/az\/article\/adil-kerimli-evvelki-rehberliyin-kadr-siyasetini-tenqid-edib\/"]}]},{"@type":"ImageObject","inLanguage":"az","@id":"https:\/\/www.meydan.tv\/az\/article\/adil-kerimli-evvelki-rehberliyin-kadr-siyasetini-tenqid-edib\/#primaryimage","url":"https:\/\/www.meydan.tv\/wp-content\/uploads\/unnamed_bexrwtg.png","contentUrl":"https:\/\/www.meydan.tv\/wp-content\/uploads\/unnamed_bexrwtg.png","width":813,"height":480,"caption":"Foto: M\u0259d\u0259niyy\u0259t Nazirliyi"},{"@type":"BreadcrumbList","@id":"https:\/\/www.meydan.tv\/az\/article\/adil-kerimli-evvelki-rehberliyin-kadr-siyasetini-tenqid-edib\/#breadcrumb","itemListElement":[{"@type":"ListItem","position":1,"name":"Ana s\u0259hif\u0259","item":"https:\/\/www.meydan.tv\/az\/"},{"@type":"ListItem","position":2,"name":"X\u0259b\u0259rl\u0259r","item":"https:\/\/www.meydan.tv\/az\/section\/xeberler\/"},{"@type":"ListItem","position":3,"name":"Adil K\u0259rimli \u0259vv\u0259lki r\u0259hb\u0259rliyin kadr siyas\u0259tini t\u0259nqid edib"}]},{"@type":"WebSite","@id":"https:\/\/www.meydan.tv\/az\/#website","url":"https:\/\/www.meydan.tv\/az\/","name":"MEYDAN.TV","description":"Meydan TV Az\u0259rbaycan\u0131n media m\u0259kan\u0131ndak\u0131 alternativ s\u0259sidir","publisher":{"@id":"https:\/\/www.meydan.tv\/az\/#organization"},"potentialAction":[{"@type":"SearchAction","target":{"@type":"EntryPoint","urlTemplate":"https:\/\/www.meydan.tv\/az\/?s={search_term_string}"},"query-input":{"@type":"PropertyValueSpecification","valueRequired":true,"valueName":"search_term_string"}}],"inLanguage":"az"},{"@type":"Organization","@id":"https:\/\/www.meydan.tv\/az\/#organization","name":"Meydan TV","url":"https:\/\/www.meydan.tv\/az\/","logo":{"@type":"ImageObject","inLanguage":"az","@id":"https:\/\/www.meydan.tv\/az\/#\/schema\/logo\/image\/","url":"https:\/\/www.meydan.tv\/wp-content\/uploads\/2021\/07\/meydan-logo.svg","contentUrl":"https:\/\/www.meydan.tv\/wp-content\/uploads\/2021\/07\/meydan-logo.svg","width":195,"height":46,"caption":"Meydan TV"},"image":{"@id":"https:\/\/www.meydan.tv\/az\/#\/schema\/logo\/image\/"}},{"@type":"Person","@id":"https:\/\/www.meydan.tv\/az\/#\/schema\/person\/981b0b284aeaa9ad0cbf814cd4a9d67c","name":"miron"}]}},"_links":{"self":[{"href":"https:\/\/www.meydan.tv\/az\/wp-json\/wp\/v2\/posts\/269567","targetHints":{"allow":["GET"]}}],"collection":[{"href":"https:\/\/www.meydan.tv\/az\/wp-json\/wp\/v2\/posts"}],"about":[{"href":"https:\/\/www.meydan.tv\/az\/wp-json\/wp\/v2\/types\/post"}],"author":[{"embeddable":true,"href":"https:\/\/www.meydan.tv\/az\/wp-json\/wp\/v2\/users\/18"}],"replies":[{"embeddable":true,"href":"https:\/\/www.meydan.tv\/az\/wp-json\/wp\/v2\/comments?post=269567"}],"version-history":[{"count":2,"href":"https:\/\/www.meydan.tv\/az\/wp-json\/wp\/v2\/posts\/269567\/revisions"}],"predecessor-version":[{"id":269579,"href":"https:\/\/www.meydan.tv\/az\/wp-json\/wp\/v2\/posts\/269567\/revisions\/269579"}],"wp:featuredmedia":[{"embeddable":true,"href":"https:\/\/www.meydan.tv\/az\/wp-json\/wp\/v2\/media\/155112"}],"wp:attachment":[{"href":"https:\/\/www.meydan.tv\/az\/wp-json\/wp\/v2\/media?parent=269567"}],"wp:term":[{"taxonomy":"category","embeddable":true,"href":"https:\/\/www.meydan.tv\/az\/wp-json\/wp\/v2\/categories?post=269567"},{"taxonomy":"post_tag","embeddable":true,"href":"https:\/\/www.meydan.tv\/az\/wp-json\/wp\/v2\/tags?post=269567"}],"curies":[{"name":"wp","href":"https:\/\/api.w.org\/{rel}","templated":true}]}}