{"id":269547,"date":"2023-02-28T13:44:34","date_gmt":"2023-02-28T09:44:34","guid":{"rendered":"https:\/\/www.meydan.tv\/?p=269547"},"modified":"2023-02-28T13:44:39","modified_gmt":"2023-02-28T09:44:39","slug":"samaxi-dost-merkezinden-naraziliq-var","status":"publish","type":"post","link":"https:\/\/www.meydan.tv\/az\/article\/samaxi-dost-merkezinden-naraziliq-var\/","title":{"rendered":"\u015eamax\u0131 DOST M\u0259rk\u0259zind\u0259n naraz\u0131l\u0131q var \u00a0"},"content":{"rendered":"\n<p><\/p>\n\n\n\n<p><em>\u0130\u015f\u00e7il\u0259r adlar\u0131na yaz\u0131lm\u0131\u015f \u0259m\u0259khaqq\u0131n\u0131 kimin ald\u0131\u011f\u0131ndan x\u0259b\u0259rsiz olduqlar\u0131n\u0131 deyirl\u0259r<\/em><\/p>\n\n\n\n<p>\u201c<em><strong>\u015eamax\u0131 DOST M\u0259rk\u0259zi t\u0259r\u0259find\u0259n i\u015f\u0259 g\u00f6t\u00fcr\u00fcl\u0259n 105 n\u0259f\u0259r \u00f6t\u0259n ilin noyabr\u0131nda i\u015fd\u0259n azad olunub. Halbuki onlarla 4 illik \u0259m\u0259k m\u00fcqavil\u0259si ba\u011flanm\u0131\u015fd\u0131. \u0130\u015f\u00e7il\u0259r \u018fm\u0259k v\u0259 \u018fhalinin Sosial M\u00fcdafi\u0259si Nazirliyinin qar\u015f\u0131s\u0131nda etiraz aksiyas\u0131 ke\u00e7irdil\u0259r. Onlara tezlikl\u0259 i\u015fl\u0259 t\u0259min olunacaqlar\u0131 v\u0259d edilmi\u015fdi, fevral bitir, amma h\u0259l\u0259 d\u0259 v\u0259d yerin\u0259 yetirilm\u0259yib<\/strong><\/em>\u201d.<\/p>\n\n\n\n<p>Bunu Meydan TV-y\u0259 ictimai f\u0259al \u018fhm\u0259d R\u0259hmanov bildirib. Onun s\u00f6zl\u0259rin\u0259 g\u00f6r\u0259, o da i\u015f\u00e7il\u0259rl\u0259 birg\u0259 nazirliyin q\u0259bul \u015f\u00f6b\u0259sind\u0259 olub, sonradan d\u0259f\u0259l\u0259rl\u0259 nazirliyin aidiyyat\u0131 \u015f\u00f6b\u0259l\u0259riyl\u0259 \u0259laq\u0259 saxlay\u0131b.<\/p>\n\n\n\n<p>\u201c<em><strong>\u0130\u015f\u00e7il\u0259rin \u0259m\u0259k kitab\u00e7alar\u0131na i\u015fd\u0259n \u00e7\u0131xarmalar\u0131 il\u0259 ba\u011fl\u0131 qeyd edilib. Amma nazirliyin verdiyi cavabda g\u00f6st\u0259rilib ki, \u015fikay\u0259t\u00e7il\u0259rd\u0259n biri A\u011fayar G\u00fclbabayev\u0259 v\u0259 onun q\u0131z\u0131 Zeyn\u0259b Z\u0259k\u0259riyy\u0259yevaya fevral\u0131n 5-n\u0259 kimi \u0259m\u0259khaqq\u0131 \u00f6d\u0259nilib. Halbuki he\u00e7 birinin bundan x\u0259b\u0259ri olmay\u0131b<\/strong><\/em>\u201d,-R\u0259hmanov qeyd edib.\u00a0<\/p>\n\n\n\n<figure class=\"wp-block-image size-large\"><img decoding=\"async\" width=\"462\" height=\"821\" data-src=\"https:\/\/www.meydan.tv\/wp-content\/uploads\/photo-2022-12-21-15-08-23-462x821.jpg\" alt=\"\" class=\"wp-image-264053 lazyload\" src=\"data:image\/svg+xml;base64,PHN2ZyB3aWR0aD0iMSIgaGVpZ2h0PSIxIiB4bWxucz0iaHR0cDovL3d3dy53My5vcmcvMjAwMC9zdmciPjwvc3ZnPg==\" style=\"--smush-placeholder-width: 462px; --smush-placeholder-aspect-ratio: 462\/821;\" \/><figcaption class=\"wp-element-caption\">A\u011fayar G\u00fclbabayev. Foto: Meydan TV<\/figcaption><\/figure>\n\n\n\n<p>A\u011fayar G\u00fclbabayev d\u0259 bildirib ki, DOST M\u0259rk\u0259zi t\u0259r\u0259find\u0259n monitorinq ke\u00e7irilib v\u0259 onlar i\u015fd\u0259 olmad\u0131qlar\u0131 yaz\u0131l\u0131b.<\/p>\n\n\n\n<p>\u201c<strong><em>Monitorinq n\u0259 vaxt ke\u00e7irilib, kiml\u0259r g\u0259libl\u0259r? he\u00e7 kimin bundan x\u0259b\u0259ri yoxdur. Bir q\u0131z\u0131m\u0131n h\u0259yat yolda\u015f\u0131 h\u0259bs edilib. Dig\u0259rini d\u0259 i\u015fd\u0259n \u00e7\u0131xartd\u0131lar. 9-10 n\u0259f\u0259r ail\u0259nin y\u00fck\u00fc \u00fcz\u0259rimd\u0259dir. Bu ya\u015f\u0131mda f\u0259hl\u0259lik edir\u0259m ki g\u00fcn\u0259 he\u00e7 olmasa \u00e7\u00f6r\u0259kpulu \u00e7\u0131xs\u0131n. B\u0259z\u0259n el\u0259 olur ki, onu da qazana bilmir\u0259m<\/em><\/strong>\u201d,- \u015fikay\u0259t\u00e7i deyib.<\/p>\n\n\n\n<p>A\u011fayar G\u00fclbabayev \u00f6t\u0259n il d\u0259 eyni probleml\u0259 ba\u011fl\u0131 Meydan TV-y\u0259<a href=\"https:\/\/www.meydan.tv\/az\/article\/samaxi-sakinleri-dost-is-merkezi-bir-gunde-100-den-cox-adami-issiz-qoydu\/\" target=\"_blank\" rel=\"noreferrer noopener\"> m\u00fcraci\u0259t<\/a> etmi\u015fdi .<\/p>\n\n\n\n<p>G\u00fclbabayevin s\u00f6zl\u0259rin\u0259 g\u00f6r\u0259, bir ne\u00e7\u0259 g\u00fcn \u0259vv\u0259l nazir m\u00fcavini Anar \u018fliyev \u015eamax\u0131da q\u0259bul ke\u00e7irib. \u015eikay\u0259t\u00e7il\u0259r onunla g\u00f6r\u00fc\u015f\u00fcbl\u0259r v\u0259 \u0259riz\u0259 yaz\u0131blar. Lakin i\u015f\u0259 bax\u0131lmas\u0131 \u015eamax\u0131 M\u0259\u015f\u011fulluq M\u0259rk\u0259zin\u0259 h\u0259val\u0259 edilib. Bununla da onlar\u0131n \u015fikay\u0259tl\u0259rinin t\u0259min olunaca\u011f\u0131 \u00fcmidi tamamil\u0259 \u00f6l\u00fcb:<\/p>\n\n\n\n<p>\u201c<em><strong>M\u0259n\u0259 g\u00f6nd\u0259ril\u0259n cavabda q\u0131z\u0131m kimi ba\u015fqa bir n\u0259f\u0259rin ad\u0131n\u0131 yaz\u0131blar. Guya q\u0131z\u0131ma fevrala kimi maa\u015f \u00f6d\u0259nilib. Kim\u0259 maa\u015f yaz\u0131ld\u0131\u011f\u0131n\u0131 bu g\u00fcn\u0259 kimi bilmirik. B\u00fct\u00fcn d\u00f6vl\u0259t orqanlar\u0131na, o c\u00fcml\u0259d\u0259n D\u00f6vl\u0259t T\u0259hl\u00fck\u0259sizlik Xidm\u0259tin\u0259 d\u0259 m\u00fcraci\u0259t etmi\u015f\u0259m. Art\u0131q onlardan cavab g\u0259lib. \u0130\u015fi ara\u015fd\u0131racaqlar<\/strong><\/em>\u201d.<\/p>\n\n\n\n<p>DOST \u0130\u015f M\u0259rk\u0259zinin ictimaiyy\u0259tl\u0259 \u0259laq\u0259l\u0259r \u015f\u00f6b\u0259sinin m\u00fcdiri R\u00fcf\u0259t Seyidov Meydan TV-nin sor\u011fusuna cavab olaraq bildirib ki, \u015eamax\u0131 rayonu \u00fczr\u0259 DOST M\u0259rk\u0259zinin ke\u00e7irdiyi birinci monitorinq t\u0259dbirl\u0259ri zaman\u0131 davamiyy\u0259ti z\u0259if olan i\u015f\u00e7il\u0259rin say\u0131 179 n\u0259f\u0259r olub. Bu i\u015f\u00e7il\u0259rin n\u00f6vb\u0259ti d\u0259f\u0259 monitorinq edilm\u0259si n\u0259z\u0259rd\u0259 tutulub. N\u00f6vb\u0259ti monitorinq zaman\u0131 is\u0259 93 n\u0259f\u0259rin davamiyy\u0259ti z\u0259if olub. Buna g\u00f6r\u0259 d\u0259 onlar\u0131n m\u00fcqavil\u0259l\u0259rin\u0259 xitam verilib.<\/p>\n\n\n\n<p>R.Seyidov qeyd edib ki, h\u0259min \u015f\u0259xsl\u0259r i\u015f yerind\u0259 olmay\u0131blar:<\/p>\n\n\n\n<p>\u201c<em><strong>Monitorinq aparan \u0259m\u0259kda\u015flar\u0131m\u0131z m\u00fcqavil\u0259 il\u0259 \u00e7al\u0131\u015fanlar\u0131n i\u015fl\u0259dikl\u0259ri \u0259razil\u0259r\u0259 gedirl\u0259r. Bu zaman icra\u00e7\u0131 qurumlar\u0131n \u0259m\u0259kda\u015flar\u0131 da onlarla b\u0259rab\u0259r olur<\/strong><\/em>\u201d.<\/p>\n\n\n\n<p>M\u0259tbuat katibi qeyd edib ki, m\u00fcqavil\u0259l\u0259rin\u0259 xitam veril\u0259nl\u0259rin say\u0131 105 deyil, 94 n\u0259f\u0259rdi.<\/p>\n\n\n\n<p>\u201c<em>Monitorinq zaman\u0131 b\u0259z\u0259n i\u015f\u00e7inin \u00f6z\u00fcn\u00fcn deyil, yax\u0131nlar\u0131n\u0131n onun yerin\u0259 i\u015f\u0259 \u00e7\u0131xd\u0131\u011f\u0131 a\u015fkarlan\u0131r. \u00dczrl\u00fc s\u0259b\u0259b olmadan i\u015f\u0259 \u00e7\u0131xmayanlar\u0131n m\u00fcqavil\u0259l\u0259rin\u0259 xitam verilir, bunu onlar\u0131n \u00f6zl\u0259rin\u0259 d\u0259 izah edirik<\/em>\u201d, &#8211; R. Seyidodv deyib.<\/p>\n","protected":false},"excerpt":{"rendered":"<p>\u0130\u015f\u00e7il\u0259r adlar\u0131na yaz\u0131lm\u0131\u015f \u0259m\u0259khaqq\u0131n\u0131 kimin ald\u0131\u011f\u0131ndan x\u0259b\u0259rsiz olduqlar\u0131n\u0131 deyirl\u0259r \u201c\u015eamax\u0131 &#8230; <\/p>\n<p class=\"read-more-container\"><a title=\"\u015eamax\u0131 DOST M\u0259rk\u0259zind\u0259n naraz\u0131l\u0131q var \u00a0\" class=\"read-more button\" href=\"https:\/\/www.meydan.tv\/az\/article\/samaxi-dost-merkezinden-naraziliq-var\/#more-269547\" aria-label=\"Read more about \u015eamax\u0131 DOST M\u0259rk\u0259zind\u0259n naraz\u0131l\u0131q var \u00a0\">Davam\u0131<\/a><\/p>\n","protected":false},"author":13,"featured_media":226780,"comment_status":"closed","ping_status":"closed","sticky":false,"template":"","format":"standard","meta":{"_acf_changed":false,"_sitemap_exclude":false,"_sitemap_priority":"","_sitemap_frequency":"","footnotes":""},"categories":[60,56],"tags":[],"class_list":["post-269547","post","type-post","status-publish","format-standard","has-post-thumbnail","hentry","category-bolge","category-xeberler","infinite-scroll-item","generate-columns","tablet-grid-50","mobile-grid-100","grid-parent","grid-33","no-featured-image-padding"],"acf":[],"yoast_head":"<!-- This site is optimized with the Yoast SEO plugin v27.5 - https:\/\/yoast.com\/product\/yoast-seo-wordpress\/ -->\n<title>\u015eamax\u0131 DOST M\u0259rk\u0259zind\u0259n naraz\u0131l\u0131q var \u00a0 - MEYDAN.TV<\/title>\n<meta name=\"robots\" content=\"index, follow, max-snippet:-1, max-image-preview:large, max-video-preview:-1\" \/>\n<link rel=\"canonical\" href=\"https:\/\/www.meydan.tv\/az\/article\/samaxi-dost-merkezinden-naraziliq-var\/\" \/>\n<meta property=\"og:locale\" content=\"az_AZ\" \/>\n<meta property=\"og:type\" content=\"article\" \/>\n<meta property=\"og:title\" content=\"\u015eamax\u0131 DOST M\u0259rk\u0259zind\u0259n naraz\u0131l\u0131q var \u00a0 - MEYDAN.TV\" \/>\n<meta property=\"og:description\" content=\"\u0130\u015f\u00e7il\u0259r adlar\u0131na yaz\u0131lm\u0131\u015f \u0259m\u0259khaqq\u0131n\u0131 kimin ald\u0131\u011f\u0131ndan x\u0259b\u0259rsiz olduqlar\u0131n\u0131 deyirl\u0259r \u201c\u015eamax\u0131 ... Davam\u0131\" \/>\n<meta property=\"og:url\" content=\"https:\/\/www.meydan.tv\/az\/article\/samaxi-dost-merkezinden-naraziliq-var\/\" \/>\n<meta property=\"og:site_name\" content=\"MEYDAN.TV\" \/>\n<meta property=\"article:published_time\" content=\"2023-02-28T09:44:34+00:00\" \/>\n<meta property=\"article:modified_time\" content=\"2023-02-28T09:44:39+00:00\" \/>\n<meta property=\"og:image\" content=\"https:\/\/www.meydan.tv\/wp-content\/uploads\/unnamed-2.jpg\" \/>\n\t<meta property=\"og:image:width\" content=\"1422\" \/>\n\t<meta property=\"og:image:height\" content=\"800\" \/>\n\t<meta property=\"og:image:type\" content=\"image\/jpeg\" \/>\n<meta name=\"author\" content=\"meri\" \/>\n<meta name=\"twitter:card\" content=\"summary_large_image\" \/>\n<script type=\"application\/ld+json\" class=\"yoast-schema-graph\">{\"@context\":\"https:\\\/\\\/schema.org\",\"@graph\":[{\"@type\":\"Article\",\"@id\":\"https:\\\/\\\/www.meydan.tv\\\/az\\\/article\\\/samaxi-dost-merkezinden-naraziliq-var\\\/#article\",\"isPartOf\":{\"@id\":\"https:\\\/\\\/www.meydan.tv\\\/az\\\/article\\\/samaxi-dost-merkezinden-naraziliq-var\\\/\"},\"author\":{\"name\":\"meri\",\"@id\":\"https:\\\/\\\/www.meydan.tv\\\/az\\\/#\\\/schema\\\/person\\\/f5399057f0b7fa223fa6c9b7c3321968\"},\"headline\":\"\u015eamax\u0131 DOST M\u0259rk\u0259zind\u0259n naraz\u0131l\u0131q var \u00a0\",\"datePublished\":\"2023-02-28T09:44:34+00:00\",\"dateModified\":\"2023-02-28T09:44:39+00:00\",\"mainEntityOfPage\":{\"@id\":\"https:\\\/\\\/www.meydan.tv\\\/az\\\/article\\\/samaxi-dost-merkezinden-naraziliq-var\\\/\"},\"wordCount\":701,\"publisher\":{\"@id\":\"https:\\\/\\\/www.meydan.tv\\\/az\\\/#organization\"},\"image\":{\"@id\":\"https:\\\/\\\/www.meydan.tv\\\/az\\\/article\\\/samaxi-dost-merkezinden-naraziliq-var\\\/#primaryimage\"},\"thumbnailUrl\":\"https:\\\/\\\/www.meydan.tv\\\/wp-content\\\/uploads\\\/unnamed-2.jpg\",\"articleSection\":[\"B\u00f6lg\u0259\",\"X\u0259b\u0259rl\u0259r\"],\"inLanguage\":\"az\"},{\"@type\":\"WebPage\",\"@id\":\"https:\\\/\\\/www.meydan.tv\\\/az\\\/article\\\/samaxi-dost-merkezinden-naraziliq-var\\\/\",\"url\":\"https:\\\/\\\/www.meydan.tv\\\/az\\\/article\\\/samaxi-dost-merkezinden-naraziliq-var\\\/\",\"name\":\"\u015eamax\u0131 DOST M\u0259rk\u0259zind\u0259n naraz\u0131l\u0131q var \u00a0 - MEYDAN.TV\",\"isPartOf\":{\"@id\":\"https:\\\/\\\/www.meydan.tv\\\/az\\\/#website\"},\"primaryImageOfPage\":{\"@id\":\"https:\\\/\\\/www.meydan.tv\\\/az\\\/article\\\/samaxi-dost-merkezinden-naraziliq-var\\\/#primaryimage\"},\"image\":{\"@id\":\"https:\\\/\\\/www.meydan.tv\\\/az\\\/article\\\/samaxi-dost-merkezinden-naraziliq-var\\\/#primaryimage\"},\"thumbnailUrl\":\"https:\\\/\\\/www.meydan.tv\\\/wp-content\\\/uploads\\\/unnamed-2.jpg\",\"datePublished\":\"2023-02-28T09:44:34+00:00\",\"dateModified\":\"2023-02-28T09:44:39+00:00\",\"breadcrumb\":{\"@id\":\"https:\\\/\\\/www.meydan.tv\\\/az\\\/article\\\/samaxi-dost-merkezinden-naraziliq-var\\\/#breadcrumb\"},\"inLanguage\":\"az\",\"potentialAction\":[{\"@type\":\"ReadAction\",\"target\":[\"https:\\\/\\\/www.meydan.tv\\\/az\\\/article\\\/samaxi-dost-merkezinden-naraziliq-var\\\/\"]}]},{\"@type\":\"ImageObject\",\"inLanguage\":\"az\",\"@id\":\"https:\\\/\\\/www.meydan.tv\\\/az\\\/article\\\/samaxi-dost-merkezinden-naraziliq-var\\\/#primaryimage\",\"url\":\"https:\\\/\\\/www.meydan.tv\\\/wp-content\\\/uploads\\\/unnamed-2.jpg\",\"contentUrl\":\"https:\\\/\\\/www.meydan.tv\\\/wp-content\\\/uploads\\\/unnamed-2.jpg\",\"width\":1422,\"height\":800,\"caption\":\"DOST Agentliyi, Foto: dost.gov.az\"},{\"@type\":\"BreadcrumbList\",\"@id\":\"https:\\\/\\\/www.meydan.tv\\\/az\\\/article\\\/samaxi-dost-merkezinden-naraziliq-var\\\/#breadcrumb\",\"itemListElement\":[{\"@type\":\"ListItem\",\"position\":1,\"name\":\"Ana s\u0259hif\u0259\",\"item\":\"https:\\\/\\\/www.meydan.tv\\\/az\\\/\"},{\"@type\":\"ListItem\",\"position\":2,\"name\":\"B\u00f6lg\u0259\",\"item\":\"https:\\\/\\\/www.meydan.tv\\\/az\\\/section\\\/bolge\\\/\"},{\"@type\":\"ListItem\",\"position\":3,\"name\":\"\u015eamax\u0131 DOST M\u0259rk\u0259zind\u0259n naraz\u0131l\u0131q var \u00a0\"}]},{\"@type\":\"WebSite\",\"@id\":\"https:\\\/\\\/www.meydan.tv\\\/az\\\/#website\",\"url\":\"https:\\\/\\\/www.meydan.tv\\\/az\\\/\",\"name\":\"MEYDAN.TV\",\"description\":\"Meydan TV Az\u0259rbaycan\u0131n media m\u0259kan\u0131ndak\u0131 alternativ s\u0259sidir\",\"publisher\":{\"@id\":\"https:\\\/\\\/www.meydan.tv\\\/az\\\/#organization\"},\"potentialAction\":[{\"@type\":\"SearchAction\",\"target\":{\"@type\":\"EntryPoint\",\"urlTemplate\":\"https:\\\/\\\/www.meydan.tv\\\/az\\\/?s={search_term_string}\"},\"query-input\":{\"@type\":\"PropertyValueSpecification\",\"valueRequired\":true,\"valueName\":\"search_term_string\"}}],\"inLanguage\":\"az\"},{\"@type\":\"Organization\",\"@id\":\"https:\\\/\\\/www.meydan.tv\\\/az\\\/#organization\",\"name\":\"Meydan TV\",\"url\":\"https:\\\/\\\/www.meydan.tv\\\/az\\\/\",\"logo\":{\"@type\":\"ImageObject\",\"inLanguage\":\"az\",\"@id\":\"https:\\\/\\\/www.meydan.tv\\\/az\\\/#\\\/schema\\\/logo\\\/image\\\/\",\"url\":\"https:\\\/\\\/www.meydan.tv\\\/wp-content\\\/uploads\\\/2021\\\/07\\\/meydan-logo.svg\",\"contentUrl\":\"https:\\\/\\\/www.meydan.tv\\\/wp-content\\\/uploads\\\/2021\\\/07\\\/meydan-logo.svg\",\"width\":195,\"height\":46,\"caption\":\"Meydan TV\"},\"image\":{\"@id\":\"https:\\\/\\\/www.meydan.tv\\\/az\\\/#\\\/schema\\\/logo\\\/image\\\/\"}},{\"@type\":\"Person\",\"@id\":\"https:\\\/\\\/www.meydan.tv\\\/az\\\/#\\\/schema\\\/person\\\/f5399057f0b7fa223fa6c9b7c3321968\",\"name\":\"meri\"}]}<\/script>\n<!-- \/ Yoast SEO plugin. -->","yoast_head_json":{"title":"\u015eamax\u0131 DOST M\u0259rk\u0259zind\u0259n naraz\u0131l\u0131q var \u00a0 - MEYDAN.TV","robots":{"index":"index","follow":"follow","max-snippet":"max-snippet:-1","max-image-preview":"max-image-preview:large","max-video-preview":"max-video-preview:-1"},"canonical":"https:\/\/www.meydan.tv\/az\/article\/samaxi-dost-merkezinden-naraziliq-var\/","og_locale":"az_AZ","og_type":"article","og_title":"\u015eamax\u0131 DOST M\u0259rk\u0259zind\u0259n naraz\u0131l\u0131q var \u00a0 - MEYDAN.TV","og_description":"\u0130\u015f\u00e7il\u0259r adlar\u0131na yaz\u0131lm\u0131\u015f \u0259m\u0259khaqq\u0131n\u0131 kimin ald\u0131\u011f\u0131ndan x\u0259b\u0259rsiz olduqlar\u0131n\u0131 deyirl\u0259r \u201c\u015eamax\u0131 ... Davam\u0131","og_url":"https:\/\/www.meydan.tv\/az\/article\/samaxi-dost-merkezinden-naraziliq-var\/","og_site_name":"MEYDAN.TV","article_published_time":"2023-02-28T09:44:34+00:00","article_modified_time":"2023-02-28T09:44:39+00:00","og_image":[{"width":1422,"height":800,"url":"https:\/\/www.meydan.tv\/wp-content\/uploads\/unnamed-2.jpg","type":"image\/jpeg"}],"author":"meri","twitter_card":"summary_large_image","schema":{"@context":"https:\/\/schema.org","@graph":[{"@type":"Article","@id":"https:\/\/www.meydan.tv\/az\/article\/samaxi-dost-merkezinden-naraziliq-var\/#article","isPartOf":{"@id":"https:\/\/www.meydan.tv\/az\/article\/samaxi-dost-merkezinden-naraziliq-var\/"},"author":{"name":"meri","@id":"https:\/\/www.meydan.tv\/az\/#\/schema\/person\/f5399057f0b7fa223fa6c9b7c3321968"},"headline":"\u015eamax\u0131 DOST M\u0259rk\u0259zind\u0259n naraz\u0131l\u0131q var \u00a0","datePublished":"2023-02-28T09:44:34+00:00","dateModified":"2023-02-28T09:44:39+00:00","mainEntityOfPage":{"@id":"https:\/\/www.meydan.tv\/az\/article\/samaxi-dost-merkezinden-naraziliq-var\/"},"wordCount":701,"publisher":{"@id":"https:\/\/www.meydan.tv\/az\/#organization"},"image":{"@id":"https:\/\/www.meydan.tv\/az\/article\/samaxi-dost-merkezinden-naraziliq-var\/#primaryimage"},"thumbnailUrl":"https:\/\/www.meydan.tv\/wp-content\/uploads\/unnamed-2.jpg","articleSection":["B\u00f6lg\u0259","X\u0259b\u0259rl\u0259r"],"inLanguage":"az"},{"@type":"WebPage","@id":"https:\/\/www.meydan.tv\/az\/article\/samaxi-dost-merkezinden-naraziliq-var\/","url":"https:\/\/www.meydan.tv\/az\/article\/samaxi-dost-merkezinden-naraziliq-var\/","name":"\u015eamax\u0131 DOST M\u0259rk\u0259zind\u0259n naraz\u0131l\u0131q var \u00a0 - MEYDAN.TV","isPartOf":{"@id":"https:\/\/www.meydan.tv\/az\/#website"},"primaryImageOfPage":{"@id":"https:\/\/www.meydan.tv\/az\/article\/samaxi-dost-merkezinden-naraziliq-var\/#primaryimage"},"image":{"@id":"https:\/\/www.meydan.tv\/az\/article\/samaxi-dost-merkezinden-naraziliq-var\/#primaryimage"},"thumbnailUrl":"https:\/\/www.meydan.tv\/wp-content\/uploads\/unnamed-2.jpg","datePublished":"2023-02-28T09:44:34+00:00","dateModified":"2023-02-28T09:44:39+00:00","breadcrumb":{"@id":"https:\/\/www.meydan.tv\/az\/article\/samaxi-dost-merkezinden-naraziliq-var\/#breadcrumb"},"inLanguage":"az","potentialAction":[{"@type":"ReadAction","target":["https:\/\/www.meydan.tv\/az\/article\/samaxi-dost-merkezinden-naraziliq-var\/"]}]},{"@type":"ImageObject","inLanguage":"az","@id":"https:\/\/www.meydan.tv\/az\/article\/samaxi-dost-merkezinden-naraziliq-var\/#primaryimage","url":"https:\/\/www.meydan.tv\/wp-content\/uploads\/unnamed-2.jpg","contentUrl":"https:\/\/www.meydan.tv\/wp-content\/uploads\/unnamed-2.jpg","width":1422,"height":800,"caption":"DOST Agentliyi, Foto: dost.gov.az"},{"@type":"BreadcrumbList","@id":"https:\/\/www.meydan.tv\/az\/article\/samaxi-dost-merkezinden-naraziliq-var\/#breadcrumb","itemListElement":[{"@type":"ListItem","position":1,"name":"Ana s\u0259hif\u0259","item":"https:\/\/www.meydan.tv\/az\/"},{"@type":"ListItem","position":2,"name":"B\u00f6lg\u0259","item":"https:\/\/www.meydan.tv\/az\/section\/bolge\/"},{"@type":"ListItem","position":3,"name":"\u015eamax\u0131 DOST M\u0259rk\u0259zind\u0259n naraz\u0131l\u0131q var \u00a0"}]},{"@type":"WebSite","@id":"https:\/\/www.meydan.tv\/az\/#website","url":"https:\/\/www.meydan.tv\/az\/","name":"MEYDAN.TV","description":"Meydan TV Az\u0259rbaycan\u0131n media m\u0259kan\u0131ndak\u0131 alternativ s\u0259sidir","publisher":{"@id":"https:\/\/www.meydan.tv\/az\/#organization"},"potentialAction":[{"@type":"SearchAction","target":{"@type":"EntryPoint","urlTemplate":"https:\/\/www.meydan.tv\/az\/?s={search_term_string}"},"query-input":{"@type":"PropertyValueSpecification","valueRequired":true,"valueName":"search_term_string"}}],"inLanguage":"az"},{"@type":"Organization","@id":"https:\/\/www.meydan.tv\/az\/#organization","name":"Meydan TV","url":"https:\/\/www.meydan.tv\/az\/","logo":{"@type":"ImageObject","inLanguage":"az","@id":"https:\/\/www.meydan.tv\/az\/#\/schema\/logo\/image\/","url":"https:\/\/www.meydan.tv\/wp-content\/uploads\/2021\/07\/meydan-logo.svg","contentUrl":"https:\/\/www.meydan.tv\/wp-content\/uploads\/2021\/07\/meydan-logo.svg","width":195,"height":46,"caption":"Meydan TV"},"image":{"@id":"https:\/\/www.meydan.tv\/az\/#\/schema\/logo\/image\/"}},{"@type":"Person","@id":"https:\/\/www.meydan.tv\/az\/#\/schema\/person\/f5399057f0b7fa223fa6c9b7c3321968","name":"meri"}]}},"_links":{"self":[{"href":"https:\/\/www.meydan.tv\/az\/wp-json\/wp\/v2\/posts\/269547","targetHints":{"allow":["GET"]}}],"collection":[{"href":"https:\/\/www.meydan.tv\/az\/wp-json\/wp\/v2\/posts"}],"about":[{"href":"https:\/\/www.meydan.tv\/az\/wp-json\/wp\/v2\/types\/post"}],"author":[{"embeddable":true,"href":"https:\/\/www.meydan.tv\/az\/wp-json\/wp\/v2\/users\/13"}],"replies":[{"embeddable":true,"href":"https:\/\/www.meydan.tv\/az\/wp-json\/wp\/v2\/comments?post=269547"}],"version-history":[{"count":1,"href":"https:\/\/www.meydan.tv\/az\/wp-json\/wp\/v2\/posts\/269547\/revisions"}],"predecessor-version":[{"id":269549,"href":"https:\/\/www.meydan.tv\/az\/wp-json\/wp\/v2\/posts\/269547\/revisions\/269549"}],"wp:featuredmedia":[{"embeddable":true,"href":"https:\/\/www.meydan.tv\/az\/wp-json\/wp\/v2\/media\/226780"}],"wp:attachment":[{"href":"https:\/\/www.meydan.tv\/az\/wp-json\/wp\/v2\/media?parent=269547"}],"wp:term":[{"taxonomy":"category","embeddable":true,"href":"https:\/\/www.meydan.tv\/az\/wp-json\/wp\/v2\/categories?post=269547"},{"taxonomy":"post_tag","embeddable":true,"href":"https:\/\/www.meydan.tv\/az\/wp-json\/wp\/v2\/tags?post=269547"}],"curies":[{"name":"wp","href":"https:\/\/api.w.org\/{rel}","templated":true}]}}