{"id":269535,"date":"2023-02-28T13:17:18","date_gmt":"2023-02-28T09:17:18","guid":{"rendered":"https:\/\/www.meydan.tv\/?p=269535"},"modified":"2023-02-28T13:17:21","modified_gmt":"2023-02-28T09:17:21","slug":"mermer-soyugu-avropada","status":"publish","type":"post","link":"https:\/\/www.meydan.tv\/az\/article\/mermer-soyugu-avropada\/","title":{"rendered":"\u201cM\u0259rm\u0259r soyu\u011fu\u201d Avropada"},"content":{"rendered":"\n<p><em>Film iki beyn\u0259lxalq festivalda i\u015ftirak ed\u0259c\u0259k<\/em><\/p>\n\n\n\n<p>\u201cM\u0259rm\u0259r soyu\u011fu\u201d tammetrajl\u0131 b\u0259dii filmi bir s\u0131ra beyn\u0259lxalq festivallarda i\u015ftirak ed\u0259c\u0259k.<\/p>\n\n\n\n<p>Bu haqda C\u0259f\u0259r Cabbarl\u0131 ad\u0131na \u201cAz\u0259rbaycanfilm\u201d kinostudiyas\u0131 m\u0259lumat yay\u0131b.<\/p>\n\n\n\n<p>Bildirilir ki, film fevral\u0131n 28-d\u0259n mart 7-d\u0259k Fransan\u0131n Vesoul \u015f\u0259h\u0259rind\u0259 ke\u00e7iril\u0259n 29-cu Asiya Filml\u0259ri Beyn\u0259lxalq Festival\u0131n\u0131n (Festival International des Cin\u00e9mas d&#8217;Asie) m\u00fcsabiq\u0259 proqram\u0131nda i\u015ftirak ed\u0259c\u0259k.<\/p>\n\n\n\n<p>Mart\u0131n 16-dan 31-d\u0259k is\u0259 Bolqar\u0131stan\u0131n paytaxt\u0131 Sofiya \u015f\u0259h\u0259rind\u0259 ke\u00e7iril\u0259c\u0259k 27-ci Sofiya Beyn\u0259lxalq Film Festival\u0131n\u0131n beyn\u0259lxalq m\u00fcsabiq\u0259 proqram\u0131nda yar\u0131\u015facaq.<\/p>\n\n\n\n<figure class=\"wp-block-image size-large\"><img decoding=\"async\" width=\"580\" height=\"821\" data-src=\"https:\/\/www.meydan.tv\/wp-content\/uploads\/image-22-580x821.png\" alt=\"\" class=\"wp-image-269539 lazyload\" src=\"data:image\/svg+xml;base64,PHN2ZyB3aWR0aD0iMSIgaGVpZ2h0PSIxIiB4bWxucz0iaHR0cDovL3d3dy53My5vcmcvMjAwMC9zdmciPjwvc3ZnPg==\" style=\"--smush-placeholder-width: 580px; --smush-placeholder-aspect-ratio: 580\/821;\" \/><\/figure>\n\n\n\n<p>U\u011fursuz r\u0259ssam v\u0259 sevgilisinin qar\u0131\u015f\u0131q m\u00fcnasib\u0259tl\u0259rind\u0259n b\u0259hs ed\u0259n filmd\u0259 h\u0259bsd\u0259n ev\u0259 qay\u0131dan ata o\u011flunun h\u0259yat\u0131na m\u00fcdaxil\u0259 etm\u0259y\u0259 \u00e7al\u0131\u015f\u0131r.<\/p>\n\n\n\n<p>Ba\u015f rollarda El\u015f\u0259n \u018fsg\u0259rov, Natavan Abbasl\u0131 v\u0259 Xalq artisti Qurban \u0130smay\u0131lov \u00e7\u0259kilibl\u0259r.<\/p>\n\n\n\n<p>Film d\u00fcnya premyeras\u0131n\u0131 2022-ci ilin noyabr\u0131nda P\u00d6FF Tallin Qara Gec\u0259l\u0259r Film Festival\u0131nda edib.<\/p>\n\n\n\n<p>\u201cM\u0259rm\u0259r soyu\u011fu\u201d festival\u0131n \u0259sas m\u00fcsabiq\u0259 proqram\u0131nda i\u015ftirak ed\u0259r\u0259k \u201c\u018fn yax\u015f\u0131 aktyor\u201d (Qurban \u0130smay\u0131lov) m\u00fckafat\u0131na layiq g\u00f6r\u00fcl\u00fcb.<\/p>\n\n\n\n<p>2022-ci ild\u0259 \u201cM\u0259rm\u0259r soyu\u011fu\u201d Hindistan\u0131n Qoa \u015f\u0259h\u0259rind\u0259 ke\u00e7iril\u0259n 53-c\u00fc Hindistan Beyn\u0259lxalq Film Festival\u0131n\u0131n \u0259sas proqramda v\u0259 16-c\u0131 Avrasiya Beyb\u0259lxalq Film Festival\u0131nda da i\u015ftirak edib.<\/p>\n\n\n\n<p>Sonuncu festivalda film \u201c\u018fn yax\u015f\u0131 rejissor\u201d (Asif R\u00fcst\u0259mov) m\u00fckafat\u0131na layiq g\u00f6r\u00fcl\u00fcb.<\/p>\n\n\n\n<p>Film M\u0259d\u0259niyy\u0259t Nazirliyinin d\u0259st\u0259yi il\u0259 \u201cAz\u0259rbaycanfilm\u201d kinostudiyas\u0131, \u0130ctimai Televiziya, Bak\u0131 Media M\u0259rk\u0259zi v\u0259 Fransan\u0131n \u201cArizona Films\u201d \u015firk\u0259tl\u0259rinin birg\u0259 istehsal\u0131d\u0131r.<\/p>\n","protected":false},"excerpt":{"rendered":"<p>Film iki beyn\u0259lxalq festivalda i\u015ftirak ed\u0259c\u0259k \u201cM\u0259rm\u0259r soyu\u011fu\u201d tammetrajl\u0131 b\u0259dii &#8230; <\/p>\n<p class=\"read-more-container\"><a title=\"\u201cM\u0259rm\u0259r soyu\u011fu\u201d Avropada\" class=\"read-more button\" href=\"https:\/\/www.meydan.tv\/az\/article\/mermer-soyugu-avropada\/#more-269535\" aria-label=\"Read more about \u201cM\u0259rm\u0259r soyu\u011fu\u201d Avropada\">Davam\u0131<\/a><\/p>\n","protected":false},"author":18,"featured_media":269536,"comment_status":"closed","ping_status":"closed","sticky":false,"template":"","format":"standard","meta":{"_acf_changed":false,"_sitemap_exclude":false,"_sitemap_priority":"","_sitemap_frequency":"","footnotes":""},"categories":[52,56],"tags":[],"class_list":["post-269535","post","type-post","status-publish","format-standard","has-post-thumbnail","hentry","category-medeniyyet","category-xeberler","infinite-scroll-item","generate-columns","tablet-grid-50","mobile-grid-100","grid-parent","grid-33","no-featured-image-padding"],"acf":[],"yoast_head":"<!-- This site is optimized with the Yoast SEO plugin v27.4 - https:\/\/yoast.com\/product\/yoast-seo-wordpress\/ -->\n<title>\u201cM\u0259rm\u0259r soyu\u011fu\u201d Avropada - MEYDAN.TV<\/title>\n<meta name=\"robots\" content=\"index, follow, max-snippet:-1, max-image-preview:large, max-video-preview:-1\" \/>\n<link rel=\"canonical\" href=\"https:\/\/www.meydan.tv\/az\/article\/mermer-soyugu-avropada\/\" \/>\n<meta property=\"og:locale\" content=\"az_AZ\" \/>\n<meta property=\"og:type\" content=\"article\" \/>\n<meta property=\"og:title\" content=\"\u201cM\u0259rm\u0259r soyu\u011fu\u201d Avropada - MEYDAN.TV\" \/>\n<meta property=\"og:description\" content=\"Film iki beyn\u0259lxalq festivalda i\u015ftirak ed\u0259c\u0259k \u201cM\u0259rm\u0259r soyu\u011fu\u201d tammetrajl\u0131 b\u0259dii ... Davam\u0131\" \/>\n<meta property=\"og:url\" content=\"https:\/\/www.meydan.tv\/az\/article\/mermer-soyugu-avropada\/\" \/>\n<meta property=\"og:site_name\" content=\"MEYDAN.TV\" \/>\n<meta property=\"article:published_time\" content=\"2023-02-28T09:17:18+00:00\" \/>\n<meta property=\"article:modified_time\" content=\"2023-02-28T09:17:21+00:00\" \/>\n<meta property=\"og:image\" content=\"https:\/\/www.meydan.tv\/wp-content\/uploads\/16371408825683735742_1000x669.jpg\" \/>\n\t<meta property=\"og:image:width\" content=\"1000\" \/>\n\t<meta property=\"og:image:height\" content=\"666\" \/>\n\t<meta property=\"og:image:type\" content=\"image\/jpeg\" \/>\n<meta name=\"author\" content=\"miron\" \/>\n<meta name=\"twitter:card\" content=\"summary_large_image\" \/>\n<script type=\"application\/ld+json\" class=\"yoast-schema-graph\">{\"@context\":\"https:\\\/\\\/schema.org\",\"@graph\":[{\"@type\":\"Article\",\"@id\":\"https:\\\/\\\/www.meydan.tv\\\/az\\\/article\\\/mermer-soyugu-avropada\\\/#article\",\"isPartOf\":{\"@id\":\"https:\\\/\\\/www.meydan.tv\\\/az\\\/article\\\/mermer-soyugu-avropada\\\/\"},\"author\":{\"name\":\"miron\",\"@id\":\"https:\\\/\\\/www.meydan.tv\\\/az\\\/#\\\/schema\\\/person\\\/981b0b284aeaa9ad0cbf814cd4a9d67c\"},\"headline\":\"\u201cM\u0259rm\u0259r soyu\u011fu\u201d Avropada\",\"datePublished\":\"2023-02-28T09:17:18+00:00\",\"dateModified\":\"2023-02-28T09:17:21+00:00\",\"mainEntityOfPage\":{\"@id\":\"https:\\\/\\\/www.meydan.tv\\\/az\\\/article\\\/mermer-soyugu-avropada\\\/\"},\"wordCount\":317,\"publisher\":{\"@id\":\"https:\\\/\\\/www.meydan.tv\\\/az\\\/#organization\"},\"image\":{\"@id\":\"https:\\\/\\\/www.meydan.tv\\\/az\\\/article\\\/mermer-soyugu-avropada\\\/#primaryimage\"},\"thumbnailUrl\":\"https:\\\/\\\/www.meydan.tv\\\/wp-content\\\/uploads\\\/16371408825683735742_1000x669.jpg\",\"articleSection\":[\"M\u0259d\u0259niyy\u0259t\",\"X\u0259b\u0259rl\u0259r\"],\"inLanguage\":\"az\"},{\"@type\":\"WebPage\",\"@id\":\"https:\\\/\\\/www.meydan.tv\\\/az\\\/article\\\/mermer-soyugu-avropada\\\/\",\"url\":\"https:\\\/\\\/www.meydan.tv\\\/az\\\/article\\\/mermer-soyugu-avropada\\\/\",\"name\":\"\u201cM\u0259rm\u0259r soyu\u011fu\u201d Avropada - MEYDAN.TV\",\"isPartOf\":{\"@id\":\"https:\\\/\\\/www.meydan.tv\\\/az\\\/#website\"},\"primaryImageOfPage\":{\"@id\":\"https:\\\/\\\/www.meydan.tv\\\/az\\\/article\\\/mermer-soyugu-avropada\\\/#primaryimage\"},\"image\":{\"@id\":\"https:\\\/\\\/www.meydan.tv\\\/az\\\/article\\\/mermer-soyugu-avropada\\\/#primaryimage\"},\"thumbnailUrl\":\"https:\\\/\\\/www.meydan.tv\\\/wp-content\\\/uploads\\\/16371408825683735742_1000x669.jpg\",\"datePublished\":\"2023-02-28T09:17:18+00:00\",\"dateModified\":\"2023-02-28T09:17:21+00:00\",\"breadcrumb\":{\"@id\":\"https:\\\/\\\/www.meydan.tv\\\/az\\\/article\\\/mermer-soyugu-avropada\\\/#breadcrumb\"},\"inLanguage\":\"az\",\"potentialAction\":[{\"@type\":\"ReadAction\",\"target\":[\"https:\\\/\\\/www.meydan.tv\\\/az\\\/article\\\/mermer-soyugu-avropada\\\/\"]}]},{\"@type\":\"ImageObject\",\"inLanguage\":\"az\",\"@id\":\"https:\\\/\\\/www.meydan.tv\\\/az\\\/article\\\/mermer-soyugu-avropada\\\/#primaryimage\",\"url\":\"https:\\\/\\\/www.meydan.tv\\\/wp-content\\\/uploads\\\/16371408825683735742_1000x669.jpg\",\"contentUrl\":\"https:\\\/\\\/www.meydan.tv\\\/wp-content\\\/uploads\\\/16371408825683735742_1000x669.jpg\",\"width\":1000,\"height\":666,\"caption\":\"M\u0259nb\u0259: Azertac\"},{\"@type\":\"BreadcrumbList\",\"@id\":\"https:\\\/\\\/www.meydan.tv\\\/az\\\/article\\\/mermer-soyugu-avropada\\\/#breadcrumb\",\"itemListElement\":[{\"@type\":\"ListItem\",\"position\":1,\"name\":\"Ana s\u0259hif\u0259\",\"item\":\"https:\\\/\\\/www.meydan.tv\\\/az\\\/\"},{\"@type\":\"ListItem\",\"position\":2,\"name\":\"X\u0259b\u0259rl\u0259r\",\"item\":\"https:\\\/\\\/www.meydan.tv\\\/az\\\/section\\\/xeberler\\\/\"},{\"@type\":\"ListItem\",\"position\":3,\"name\":\"\u201cM\u0259rm\u0259r soyu\u011fu\u201d Avropada\"}]},{\"@type\":\"WebSite\",\"@id\":\"https:\\\/\\\/www.meydan.tv\\\/az\\\/#website\",\"url\":\"https:\\\/\\\/www.meydan.tv\\\/az\\\/\",\"name\":\"MEYDAN.TV\",\"description\":\"Meydan TV Az\u0259rbaycan\u0131n media m\u0259kan\u0131ndak\u0131 alternativ s\u0259sidir\",\"publisher\":{\"@id\":\"https:\\\/\\\/www.meydan.tv\\\/az\\\/#organization\"},\"potentialAction\":[{\"@type\":\"SearchAction\",\"target\":{\"@type\":\"EntryPoint\",\"urlTemplate\":\"https:\\\/\\\/www.meydan.tv\\\/az\\\/?s={search_term_string}\"},\"query-input\":{\"@type\":\"PropertyValueSpecification\",\"valueRequired\":true,\"valueName\":\"search_term_string\"}}],\"inLanguage\":\"az\"},{\"@type\":\"Organization\",\"@id\":\"https:\\\/\\\/www.meydan.tv\\\/az\\\/#organization\",\"name\":\"Meydan TV\",\"url\":\"https:\\\/\\\/www.meydan.tv\\\/az\\\/\",\"logo\":{\"@type\":\"ImageObject\",\"inLanguage\":\"az\",\"@id\":\"https:\\\/\\\/www.meydan.tv\\\/az\\\/#\\\/schema\\\/logo\\\/image\\\/\",\"url\":\"https:\\\/\\\/www.meydan.tv\\\/wp-content\\\/uploads\\\/2021\\\/07\\\/meydan-logo.svg\",\"contentUrl\":\"https:\\\/\\\/www.meydan.tv\\\/wp-content\\\/uploads\\\/2021\\\/07\\\/meydan-logo.svg\",\"width\":195,\"height\":46,\"caption\":\"Meydan TV\"},\"image\":{\"@id\":\"https:\\\/\\\/www.meydan.tv\\\/az\\\/#\\\/schema\\\/logo\\\/image\\\/\"}},{\"@type\":\"Person\",\"@id\":\"https:\\\/\\\/www.meydan.tv\\\/az\\\/#\\\/schema\\\/person\\\/981b0b284aeaa9ad0cbf814cd4a9d67c\",\"name\":\"miron\"}]}<\/script>\n<!-- \/ Yoast SEO plugin. -->","yoast_head_json":{"title":"\u201cM\u0259rm\u0259r soyu\u011fu\u201d Avropada - MEYDAN.TV","robots":{"index":"index","follow":"follow","max-snippet":"max-snippet:-1","max-image-preview":"max-image-preview:large","max-video-preview":"max-video-preview:-1"},"canonical":"https:\/\/www.meydan.tv\/az\/article\/mermer-soyugu-avropada\/","og_locale":"az_AZ","og_type":"article","og_title":"\u201cM\u0259rm\u0259r soyu\u011fu\u201d Avropada - MEYDAN.TV","og_description":"Film iki beyn\u0259lxalq festivalda i\u015ftirak ed\u0259c\u0259k \u201cM\u0259rm\u0259r soyu\u011fu\u201d tammetrajl\u0131 b\u0259dii ... Davam\u0131","og_url":"https:\/\/www.meydan.tv\/az\/article\/mermer-soyugu-avropada\/","og_site_name":"MEYDAN.TV","article_published_time":"2023-02-28T09:17:18+00:00","article_modified_time":"2023-02-28T09:17:21+00:00","og_image":[{"width":1000,"height":666,"url":"https:\/\/www.meydan.tv\/wp-content\/uploads\/16371408825683735742_1000x669.jpg","type":"image\/jpeg"}],"author":"miron","twitter_card":"summary_large_image","schema":{"@context":"https:\/\/schema.org","@graph":[{"@type":"Article","@id":"https:\/\/www.meydan.tv\/az\/article\/mermer-soyugu-avropada\/#article","isPartOf":{"@id":"https:\/\/www.meydan.tv\/az\/article\/mermer-soyugu-avropada\/"},"author":{"name":"miron","@id":"https:\/\/www.meydan.tv\/az\/#\/schema\/person\/981b0b284aeaa9ad0cbf814cd4a9d67c"},"headline":"\u201cM\u0259rm\u0259r soyu\u011fu\u201d Avropada","datePublished":"2023-02-28T09:17:18+00:00","dateModified":"2023-02-28T09:17:21+00:00","mainEntityOfPage":{"@id":"https:\/\/www.meydan.tv\/az\/article\/mermer-soyugu-avropada\/"},"wordCount":317,"publisher":{"@id":"https:\/\/www.meydan.tv\/az\/#organization"},"image":{"@id":"https:\/\/www.meydan.tv\/az\/article\/mermer-soyugu-avropada\/#primaryimage"},"thumbnailUrl":"https:\/\/www.meydan.tv\/wp-content\/uploads\/16371408825683735742_1000x669.jpg","articleSection":["M\u0259d\u0259niyy\u0259t","X\u0259b\u0259rl\u0259r"],"inLanguage":"az"},{"@type":"WebPage","@id":"https:\/\/www.meydan.tv\/az\/article\/mermer-soyugu-avropada\/","url":"https:\/\/www.meydan.tv\/az\/article\/mermer-soyugu-avropada\/","name":"\u201cM\u0259rm\u0259r soyu\u011fu\u201d Avropada - MEYDAN.TV","isPartOf":{"@id":"https:\/\/www.meydan.tv\/az\/#website"},"primaryImageOfPage":{"@id":"https:\/\/www.meydan.tv\/az\/article\/mermer-soyugu-avropada\/#primaryimage"},"image":{"@id":"https:\/\/www.meydan.tv\/az\/article\/mermer-soyugu-avropada\/#primaryimage"},"thumbnailUrl":"https:\/\/www.meydan.tv\/wp-content\/uploads\/16371408825683735742_1000x669.jpg","datePublished":"2023-02-28T09:17:18+00:00","dateModified":"2023-02-28T09:17:21+00:00","breadcrumb":{"@id":"https:\/\/www.meydan.tv\/az\/article\/mermer-soyugu-avropada\/#breadcrumb"},"inLanguage":"az","potentialAction":[{"@type":"ReadAction","target":["https:\/\/www.meydan.tv\/az\/article\/mermer-soyugu-avropada\/"]}]},{"@type":"ImageObject","inLanguage":"az","@id":"https:\/\/www.meydan.tv\/az\/article\/mermer-soyugu-avropada\/#primaryimage","url":"https:\/\/www.meydan.tv\/wp-content\/uploads\/16371408825683735742_1000x669.jpg","contentUrl":"https:\/\/www.meydan.tv\/wp-content\/uploads\/16371408825683735742_1000x669.jpg","width":1000,"height":666,"caption":"M\u0259nb\u0259: Azertac"},{"@type":"BreadcrumbList","@id":"https:\/\/www.meydan.tv\/az\/article\/mermer-soyugu-avropada\/#breadcrumb","itemListElement":[{"@type":"ListItem","position":1,"name":"Ana s\u0259hif\u0259","item":"https:\/\/www.meydan.tv\/az\/"},{"@type":"ListItem","position":2,"name":"X\u0259b\u0259rl\u0259r","item":"https:\/\/www.meydan.tv\/az\/section\/xeberler\/"},{"@type":"ListItem","position":3,"name":"\u201cM\u0259rm\u0259r soyu\u011fu\u201d Avropada"}]},{"@type":"WebSite","@id":"https:\/\/www.meydan.tv\/az\/#website","url":"https:\/\/www.meydan.tv\/az\/","name":"MEYDAN.TV","description":"Meydan TV Az\u0259rbaycan\u0131n media m\u0259kan\u0131ndak\u0131 alternativ s\u0259sidir","publisher":{"@id":"https:\/\/www.meydan.tv\/az\/#organization"},"potentialAction":[{"@type":"SearchAction","target":{"@type":"EntryPoint","urlTemplate":"https:\/\/www.meydan.tv\/az\/?s={search_term_string}"},"query-input":{"@type":"PropertyValueSpecification","valueRequired":true,"valueName":"search_term_string"}}],"inLanguage":"az"},{"@type":"Organization","@id":"https:\/\/www.meydan.tv\/az\/#organization","name":"Meydan TV","url":"https:\/\/www.meydan.tv\/az\/","logo":{"@type":"ImageObject","inLanguage":"az","@id":"https:\/\/www.meydan.tv\/az\/#\/schema\/logo\/image\/","url":"https:\/\/www.meydan.tv\/wp-content\/uploads\/2021\/07\/meydan-logo.svg","contentUrl":"https:\/\/www.meydan.tv\/wp-content\/uploads\/2021\/07\/meydan-logo.svg","width":195,"height":46,"caption":"Meydan TV"},"image":{"@id":"https:\/\/www.meydan.tv\/az\/#\/schema\/logo\/image\/"}},{"@type":"Person","@id":"https:\/\/www.meydan.tv\/az\/#\/schema\/person\/981b0b284aeaa9ad0cbf814cd4a9d67c","name":"miron"}]}},"_links":{"self":[{"href":"https:\/\/www.meydan.tv\/az\/wp-json\/wp\/v2\/posts\/269535","targetHints":{"allow":["GET"]}}],"collection":[{"href":"https:\/\/www.meydan.tv\/az\/wp-json\/wp\/v2\/posts"}],"about":[{"href":"https:\/\/www.meydan.tv\/az\/wp-json\/wp\/v2\/types\/post"}],"author":[{"embeddable":true,"href":"https:\/\/www.meydan.tv\/az\/wp-json\/wp\/v2\/users\/18"}],"replies":[{"embeddable":true,"href":"https:\/\/www.meydan.tv\/az\/wp-json\/wp\/v2\/comments?post=269535"}],"version-history":[{"count":1,"href":"https:\/\/www.meydan.tv\/az\/wp-json\/wp\/v2\/posts\/269535\/revisions"}],"predecessor-version":[{"id":269542,"href":"https:\/\/www.meydan.tv\/az\/wp-json\/wp\/v2\/posts\/269535\/revisions\/269542"}],"wp:featuredmedia":[{"embeddable":true,"href":"https:\/\/www.meydan.tv\/az\/wp-json\/wp\/v2\/media\/269536"}],"wp:attachment":[{"href":"https:\/\/www.meydan.tv\/az\/wp-json\/wp\/v2\/media?parent=269535"}],"wp:term":[{"taxonomy":"category","embeddable":true,"href":"https:\/\/www.meydan.tv\/az\/wp-json\/wp\/v2\/categories?post=269535"},{"taxonomy":"post_tag","embeddable":true,"href":"https:\/\/www.meydan.tv\/az\/wp-json\/wp\/v2\/tags?post=269535"}],"curies":[{"name":"wp","href":"https:\/\/api.w.org\/{rel}","templated":true}]}}