{"id":269472,"date":"2023-02-27T17:49:49","date_gmt":"2023-02-27T13:49:49","guid":{"rendered":"https:\/\/www.meydan.tv\/?p=269472"},"modified":"2023-02-27T18:29:27","modified_gmt":"2023-02-27T14:29:27","slug":"en-yaxsi-senedli-filmin-qalibine-40-min-avroluq-mukafat-verilib","status":"publish","type":"post","link":"https:\/\/www.meydan.tv\/az\/article\/en-yaxsi-senedli-filmin-qalibine-40-min-avroluq-mukafat-verilib\/","title":{"rendered":"\u201c\u018fn yax\u015f\u0131 s\u0259n\u0259dli film\u201din qalibin\u0259 40 min avroluq m\u00fckafat verilib"},"content":{"rendered":"\n<p><em>Berlin Film Festival\u0131n\u0131n n\u0259tic\u0259l\u0259ri a\u00e7\u0131qland\u0131<\/em><\/p>\n\n\n\n<p>\u201cBerlinale\u201d kimi tan\u0131nan 73-c\u00fc Beyn\u0259lxalq Berlin Film Festival\u0131n\u0131n qalibl\u0259ri <a href=\"https:\/\/www.arki.az\/az\/news\/936\/berlin-film-festivalinin-neticeleri-aciqlandi\">m\u0259lum olub<\/a>.<\/p>\n\n\n\n<p>Festivalda frans\u0131z rejissoru Nikolas Filibertin \u201cSur l&#8217;Adamant\u201d filmi \u201c\u018fn yax\u015f\u0131 film\u201d nominasiyas\u0131nda \u201cQ\u0131z\u0131l Ay\u0131\u201d m\u00fckafat\u0131na layiq g\u00f6r\u00fcl\u00fcb.<\/p>\n\n\n\n<p>Almaniyan\u0131n paytaxt\u0131 Berlind\u0259 ke\u00e7iril\u0259n festival\u0131n m\u00fckafatlar\u0131 Berlinale \u201cPalast Cinema\u201dda ke\u00e7iril\u0259n m\u0259rasimd\u0259 \u00f6z sahibl\u0259rin\u0259 t\u0259qdim olunub.<\/p>\n\n\n\n<p>\u201c\u018fn yax\u015f\u0131 ba\u015f rol\u201d \u00fc\u00e7\u00fcn \u201cG\u00fcm\u00fc\u015f ay\u0131\u201d m\u00fckafat\u0131 \u201c20.000 Species of Bees\u201d filmind\u0259 8 ya\u015fl\u0131 q\u0131z obraz\u0131n\u0131 canland\u0131ran ispaniyal\u0131 Sofiya Oteroya verilib.<\/p>\n\n\n\n<p>Meksikada bir da\u011f k\u0259ndinin h\u0259yat\u0131ndan b\u0259hs ed\u0259n Tatyana Huezonun rejissorlu\u011fu il\u0259 \u00e7\u0259kilmi\u015f \u201cThe Echo\u201d filmi \u201c\u018fn yax\u015f\u0131 s\u0259n\u0259dli film\u201d\u0259 g\u00f6r\u0259 40 min avroluq m\u00fckafata layiq g\u00f6r\u00fcl\u00fcb.<\/p>\n\n\n\n<p>73-c\u00fc Berlin Film Festival\u0131 fevral\u0131n 16-26-d\u0259k <a href=\"https:\/\/storage.googleapis.com\/qurium\/www.meydan.tv\/az-article-iran-hokumetine-birbasa-elaqesi-olan-kino-numayendelerine-qadaga.html)\">ke\u00e7irilib<\/a>.<\/p>\n\n\n\n<p>\u201cQ\u0131z\u0131l ay\u0131\u201d m\u00fckafat\u0131 \u00fc\u00e7\u00fcn 19 film yar\u0131\u015f\u0131b.<\/p>\n","protected":false},"excerpt":{"rendered":"<p>Berlin Film Festival\u0131n\u0131n n\u0259tic\u0259l\u0259ri a\u00e7\u0131qland\u0131 \u201cBerlinale\u201d kimi tan\u0131nan 73-c\u00fc Beyn\u0259lxalq &#8230; <\/p>\n<p class=\"read-more-container\"><a title=\"\u201c\u018fn yax\u015f\u0131 s\u0259n\u0259dli film\u201din qalibin\u0259 40 min avroluq m\u00fckafat verilib\" class=\"read-more button\" href=\"https:\/\/www.meydan.tv\/az\/article\/en-yaxsi-senedli-filmin-qalibine-40-min-avroluq-mukafat-verilib\/#more-269472\" aria-label=\"Read more about \u201c\u018fn yax\u015f\u0131 s\u0259n\u0259dli film\u201din qalibin\u0259 40 min avroluq m\u00fckafat verilib\">Davam\u0131<\/a><\/p>\n","protected":false},"author":18,"featured_media":269473,"comment_status":"closed","ping_status":"closed","sticky":false,"template":"","format":"standard","meta":{"_acf_changed":false,"_sitemap_exclude":false,"_sitemap_priority":"","_sitemap_frequency":"","footnotes":""},"categories":[52,56],"tags":[],"class_list":["post-269472","post","type-post","status-publish","format-standard","has-post-thumbnail","hentry","category-medeniyyet","category-xeberler","infinite-scroll-item","generate-columns","tablet-grid-50","mobile-grid-100","grid-parent","grid-33","no-featured-image-padding"],"acf":[],"yoast_head":"<!-- This site is optimized with the Yoast SEO plugin v27.4 - https:\/\/yoast.com\/product\/yoast-seo-wordpress\/ -->\n<title>\u201c\u018fn yax\u015f\u0131 s\u0259n\u0259dli film\u201din qalibin\u0259 40 min avroluq m\u00fckafat verilib - MEYDAN.TV<\/title>\n<meta name=\"robots\" content=\"index, follow, max-snippet:-1, max-image-preview:large, max-video-preview:-1\" \/>\n<link rel=\"canonical\" href=\"https:\/\/www.meydan.tv\/az\/article\/en-yaxsi-senedli-filmin-qalibine-40-min-avroluq-mukafat-verilib\/\" \/>\n<meta property=\"og:locale\" content=\"az_AZ\" \/>\n<meta property=\"og:type\" content=\"article\" \/>\n<meta property=\"og:title\" content=\"\u201c\u018fn yax\u015f\u0131 s\u0259n\u0259dli film\u201din qalibin\u0259 40 min avroluq m\u00fckafat verilib - MEYDAN.TV\" \/>\n<meta property=\"og:description\" content=\"Berlin Film Festival\u0131n\u0131n n\u0259tic\u0259l\u0259ri a\u00e7\u0131qland\u0131 \u201cBerlinale\u201d kimi tan\u0131nan 73-c\u00fc Beyn\u0259lxalq ... Davam\u0131\" \/>\n<meta property=\"og:url\" content=\"https:\/\/www.meydan.tv\/az\/article\/en-yaxsi-senedli-filmin-qalibine-40-min-avroluq-mukafat-verilib\/\" \/>\n<meta property=\"og:site_name\" content=\"MEYDAN.TV\" \/>\n<meta property=\"article:published_time\" content=\"2023-02-27T13:49:49+00:00\" \/>\n<meta property=\"article:modified_time\" content=\"2023-02-27T14:29:27+00:00\" \/>\n<meta property=\"og:image\" content=\"https:\/\/www.meydan.tv\/wp-content\/uploads\/berlinale2007-scaled.jpg\" \/>\n\t<meta property=\"og:image:width\" content=\"2560\" \/>\n\t<meta property=\"og:image:height\" content=\"1718\" \/>\n\t<meta property=\"og:image:type\" content=\"image\/jpeg\" \/>\n<meta name=\"author\" content=\"miron\" \/>\n<meta name=\"twitter:card\" content=\"summary_large_image\" \/>\n<script type=\"application\/ld+json\" class=\"yoast-schema-graph\">{\"@context\":\"https:\\\/\\\/schema.org\",\"@graph\":[{\"@type\":\"Article\",\"@id\":\"https:\\\/\\\/www.meydan.tv\\\/az\\\/article\\\/en-yaxsi-senedli-filmin-qalibine-40-min-avroluq-mukafat-verilib\\\/#article\",\"isPartOf\":{\"@id\":\"https:\\\/\\\/www.meydan.tv\\\/az\\\/article\\\/en-yaxsi-senedli-filmin-qalibine-40-min-avroluq-mukafat-verilib\\\/\"},\"author\":{\"name\":\"miron\",\"@id\":\"https:\\\/\\\/www.meydan.tv\\\/az\\\/#\\\/schema\\\/person\\\/981b0b284aeaa9ad0cbf814cd4a9d67c\"},\"headline\":\"\u201c\u018fn yax\u015f\u0131 s\u0259n\u0259dli film\u201din qalibin\u0259 40 min avroluq m\u00fckafat verilib\",\"datePublished\":\"2023-02-27T13:49:49+00:00\",\"dateModified\":\"2023-02-27T14:29:27+00:00\",\"mainEntityOfPage\":{\"@id\":\"https:\\\/\\\/www.meydan.tv\\\/az\\\/article\\\/en-yaxsi-senedli-filmin-qalibine-40-min-avroluq-mukafat-verilib\\\/\"},\"wordCount\":179,\"publisher\":{\"@id\":\"https:\\\/\\\/www.meydan.tv\\\/az\\\/#organization\"},\"image\":{\"@id\":\"https:\\\/\\\/www.meydan.tv\\\/az\\\/article\\\/en-yaxsi-senedli-filmin-qalibine-40-min-avroluq-mukafat-verilib\\\/#primaryimage\"},\"thumbnailUrl\":\"https:\\\/\\\/www.meydan.tv\\\/wp-content\\\/uploads\\\/berlinale2007-scaled.jpg\",\"articleSection\":[\"M\u0259d\u0259niyy\u0259t\",\"X\u0259b\u0259rl\u0259r\"],\"inLanguage\":\"az\"},{\"@type\":\"WebPage\",\"@id\":\"https:\\\/\\\/www.meydan.tv\\\/az\\\/article\\\/en-yaxsi-senedli-filmin-qalibine-40-min-avroluq-mukafat-verilib\\\/\",\"url\":\"https:\\\/\\\/www.meydan.tv\\\/az\\\/article\\\/en-yaxsi-senedli-filmin-qalibine-40-min-avroluq-mukafat-verilib\\\/\",\"name\":\"\u201c\u018fn yax\u015f\u0131 s\u0259n\u0259dli film\u201din qalibin\u0259 40 min avroluq m\u00fckafat verilib - MEYDAN.TV\",\"isPartOf\":{\"@id\":\"https:\\\/\\\/www.meydan.tv\\\/az\\\/#website\"},\"primaryImageOfPage\":{\"@id\":\"https:\\\/\\\/www.meydan.tv\\\/az\\\/article\\\/en-yaxsi-senedli-filmin-qalibine-40-min-avroluq-mukafat-verilib\\\/#primaryimage\"},\"image\":{\"@id\":\"https:\\\/\\\/www.meydan.tv\\\/az\\\/article\\\/en-yaxsi-senedli-filmin-qalibine-40-min-avroluq-mukafat-verilib\\\/#primaryimage\"},\"thumbnailUrl\":\"https:\\\/\\\/www.meydan.tv\\\/wp-content\\\/uploads\\\/berlinale2007-scaled.jpg\",\"datePublished\":\"2023-02-27T13:49:49+00:00\",\"dateModified\":\"2023-02-27T14:29:27+00:00\",\"breadcrumb\":{\"@id\":\"https:\\\/\\\/www.meydan.tv\\\/az\\\/article\\\/en-yaxsi-senedli-filmin-qalibine-40-min-avroluq-mukafat-verilib\\\/#breadcrumb\"},\"inLanguage\":\"az\",\"potentialAction\":[{\"@type\":\"ReadAction\",\"target\":[\"https:\\\/\\\/www.meydan.tv\\\/az\\\/article\\\/en-yaxsi-senedli-filmin-qalibine-40-min-avroluq-mukafat-verilib\\\/\"]}]},{\"@type\":\"ImageObject\",\"inLanguage\":\"az\",\"@id\":\"https:\\\/\\\/www.meydan.tv\\\/az\\\/article\\\/en-yaxsi-senedli-filmin-qalibine-40-min-avroluq-mukafat-verilib\\\/#primaryimage\",\"url\":\"https:\\\/\\\/www.meydan.tv\\\/wp-content\\\/uploads\\\/berlinale2007-scaled.jpg\",\"contentUrl\":\"https:\\\/\\\/www.meydan.tv\\\/wp-content\\\/uploads\\\/berlinale2007-scaled.jpg\",\"width\":2560,\"height\":1718,\"caption\":\"M\u0259nb\u0259: Wikipedia\"},{\"@type\":\"BreadcrumbList\",\"@id\":\"https:\\\/\\\/www.meydan.tv\\\/az\\\/article\\\/en-yaxsi-senedli-filmin-qalibine-40-min-avroluq-mukafat-verilib\\\/#breadcrumb\",\"itemListElement\":[{\"@type\":\"ListItem\",\"position\":1,\"name\":\"Ana s\u0259hif\u0259\",\"item\":\"https:\\\/\\\/www.meydan.tv\\\/az\\\/\"},{\"@type\":\"ListItem\",\"position\":2,\"name\":\"M\u0259d\u0259niyy\u0259t\",\"item\":\"https:\\\/\\\/www.meydan.tv\\\/az\\\/section\\\/medeniyyet\\\/\"},{\"@type\":\"ListItem\",\"position\":3,\"name\":\"\u201c\u018fn yax\u015f\u0131 s\u0259n\u0259dli film\u201din qalibin\u0259 40 min avroluq m\u00fckafat verilib\"}]},{\"@type\":\"WebSite\",\"@id\":\"https:\\\/\\\/www.meydan.tv\\\/az\\\/#website\",\"url\":\"https:\\\/\\\/www.meydan.tv\\\/az\\\/\",\"name\":\"MEYDAN.TV\",\"description\":\"Meydan TV Az\u0259rbaycan\u0131n media m\u0259kan\u0131ndak\u0131 alternativ s\u0259sidir\",\"publisher\":{\"@id\":\"https:\\\/\\\/www.meydan.tv\\\/az\\\/#organization\"},\"potentialAction\":[{\"@type\":\"SearchAction\",\"target\":{\"@type\":\"EntryPoint\",\"urlTemplate\":\"https:\\\/\\\/www.meydan.tv\\\/az\\\/?s={search_term_string}\"},\"query-input\":{\"@type\":\"PropertyValueSpecification\",\"valueRequired\":true,\"valueName\":\"search_term_string\"}}],\"inLanguage\":\"az\"},{\"@type\":\"Organization\",\"@id\":\"https:\\\/\\\/www.meydan.tv\\\/az\\\/#organization\",\"name\":\"Meydan TV\",\"url\":\"https:\\\/\\\/www.meydan.tv\\\/az\\\/\",\"logo\":{\"@type\":\"ImageObject\",\"inLanguage\":\"az\",\"@id\":\"https:\\\/\\\/www.meydan.tv\\\/az\\\/#\\\/schema\\\/logo\\\/image\\\/\",\"url\":\"https:\\\/\\\/www.meydan.tv\\\/wp-content\\\/uploads\\\/2021\\\/07\\\/meydan-logo.svg\",\"contentUrl\":\"https:\\\/\\\/www.meydan.tv\\\/wp-content\\\/uploads\\\/2021\\\/07\\\/meydan-logo.svg\",\"width\":195,\"height\":46,\"caption\":\"Meydan TV\"},\"image\":{\"@id\":\"https:\\\/\\\/www.meydan.tv\\\/az\\\/#\\\/schema\\\/logo\\\/image\\\/\"}},{\"@type\":\"Person\",\"@id\":\"https:\\\/\\\/www.meydan.tv\\\/az\\\/#\\\/schema\\\/person\\\/981b0b284aeaa9ad0cbf814cd4a9d67c\",\"name\":\"miron\"}]}<\/script>\n<!-- \/ Yoast SEO plugin. -->","yoast_head_json":{"title":"\u201c\u018fn yax\u015f\u0131 s\u0259n\u0259dli film\u201din qalibin\u0259 40 min avroluq m\u00fckafat verilib - MEYDAN.TV","robots":{"index":"index","follow":"follow","max-snippet":"max-snippet:-1","max-image-preview":"max-image-preview:large","max-video-preview":"max-video-preview:-1"},"canonical":"https:\/\/www.meydan.tv\/az\/article\/en-yaxsi-senedli-filmin-qalibine-40-min-avroluq-mukafat-verilib\/","og_locale":"az_AZ","og_type":"article","og_title":"\u201c\u018fn yax\u015f\u0131 s\u0259n\u0259dli film\u201din qalibin\u0259 40 min avroluq m\u00fckafat verilib - MEYDAN.TV","og_description":"Berlin Film Festival\u0131n\u0131n n\u0259tic\u0259l\u0259ri a\u00e7\u0131qland\u0131 \u201cBerlinale\u201d kimi tan\u0131nan 73-c\u00fc Beyn\u0259lxalq ... Davam\u0131","og_url":"https:\/\/www.meydan.tv\/az\/article\/en-yaxsi-senedli-filmin-qalibine-40-min-avroluq-mukafat-verilib\/","og_site_name":"MEYDAN.TV","article_published_time":"2023-02-27T13:49:49+00:00","article_modified_time":"2023-02-27T14:29:27+00:00","og_image":[{"width":2560,"height":1718,"url":"https:\/\/www.meydan.tv\/wp-content\/uploads\/berlinale2007-scaled.jpg","type":"image\/jpeg"}],"author":"miron","twitter_card":"summary_large_image","schema":{"@context":"https:\/\/schema.org","@graph":[{"@type":"Article","@id":"https:\/\/www.meydan.tv\/az\/article\/en-yaxsi-senedli-filmin-qalibine-40-min-avroluq-mukafat-verilib\/#article","isPartOf":{"@id":"https:\/\/www.meydan.tv\/az\/article\/en-yaxsi-senedli-filmin-qalibine-40-min-avroluq-mukafat-verilib\/"},"author":{"name":"miron","@id":"https:\/\/www.meydan.tv\/az\/#\/schema\/person\/981b0b284aeaa9ad0cbf814cd4a9d67c"},"headline":"\u201c\u018fn yax\u015f\u0131 s\u0259n\u0259dli film\u201din qalibin\u0259 40 min avroluq m\u00fckafat verilib","datePublished":"2023-02-27T13:49:49+00:00","dateModified":"2023-02-27T14:29:27+00:00","mainEntityOfPage":{"@id":"https:\/\/www.meydan.tv\/az\/article\/en-yaxsi-senedli-filmin-qalibine-40-min-avroluq-mukafat-verilib\/"},"wordCount":179,"publisher":{"@id":"https:\/\/www.meydan.tv\/az\/#organization"},"image":{"@id":"https:\/\/www.meydan.tv\/az\/article\/en-yaxsi-senedli-filmin-qalibine-40-min-avroluq-mukafat-verilib\/#primaryimage"},"thumbnailUrl":"https:\/\/www.meydan.tv\/wp-content\/uploads\/berlinale2007-scaled.jpg","articleSection":["M\u0259d\u0259niyy\u0259t","X\u0259b\u0259rl\u0259r"],"inLanguage":"az"},{"@type":"WebPage","@id":"https:\/\/www.meydan.tv\/az\/article\/en-yaxsi-senedli-filmin-qalibine-40-min-avroluq-mukafat-verilib\/","url":"https:\/\/www.meydan.tv\/az\/article\/en-yaxsi-senedli-filmin-qalibine-40-min-avroluq-mukafat-verilib\/","name":"\u201c\u018fn yax\u015f\u0131 s\u0259n\u0259dli film\u201din qalibin\u0259 40 min avroluq m\u00fckafat verilib - MEYDAN.TV","isPartOf":{"@id":"https:\/\/www.meydan.tv\/az\/#website"},"primaryImageOfPage":{"@id":"https:\/\/www.meydan.tv\/az\/article\/en-yaxsi-senedli-filmin-qalibine-40-min-avroluq-mukafat-verilib\/#primaryimage"},"image":{"@id":"https:\/\/www.meydan.tv\/az\/article\/en-yaxsi-senedli-filmin-qalibine-40-min-avroluq-mukafat-verilib\/#primaryimage"},"thumbnailUrl":"https:\/\/www.meydan.tv\/wp-content\/uploads\/berlinale2007-scaled.jpg","datePublished":"2023-02-27T13:49:49+00:00","dateModified":"2023-02-27T14:29:27+00:00","breadcrumb":{"@id":"https:\/\/www.meydan.tv\/az\/article\/en-yaxsi-senedli-filmin-qalibine-40-min-avroluq-mukafat-verilib\/#breadcrumb"},"inLanguage":"az","potentialAction":[{"@type":"ReadAction","target":["https:\/\/www.meydan.tv\/az\/article\/en-yaxsi-senedli-filmin-qalibine-40-min-avroluq-mukafat-verilib\/"]}]},{"@type":"ImageObject","inLanguage":"az","@id":"https:\/\/www.meydan.tv\/az\/article\/en-yaxsi-senedli-filmin-qalibine-40-min-avroluq-mukafat-verilib\/#primaryimage","url":"https:\/\/www.meydan.tv\/wp-content\/uploads\/berlinale2007-scaled.jpg","contentUrl":"https:\/\/www.meydan.tv\/wp-content\/uploads\/berlinale2007-scaled.jpg","width":2560,"height":1718,"caption":"M\u0259nb\u0259: Wikipedia"},{"@type":"BreadcrumbList","@id":"https:\/\/www.meydan.tv\/az\/article\/en-yaxsi-senedli-filmin-qalibine-40-min-avroluq-mukafat-verilib\/#breadcrumb","itemListElement":[{"@type":"ListItem","position":1,"name":"Ana s\u0259hif\u0259","item":"https:\/\/www.meydan.tv\/az\/"},{"@type":"ListItem","position":2,"name":"M\u0259d\u0259niyy\u0259t","item":"https:\/\/www.meydan.tv\/az\/section\/medeniyyet\/"},{"@type":"ListItem","position":3,"name":"\u201c\u018fn yax\u015f\u0131 s\u0259n\u0259dli film\u201din qalibin\u0259 40 min avroluq m\u00fckafat verilib"}]},{"@type":"WebSite","@id":"https:\/\/www.meydan.tv\/az\/#website","url":"https:\/\/www.meydan.tv\/az\/","name":"MEYDAN.TV","description":"Meydan TV Az\u0259rbaycan\u0131n media m\u0259kan\u0131ndak\u0131 alternativ s\u0259sidir","publisher":{"@id":"https:\/\/www.meydan.tv\/az\/#organization"},"potentialAction":[{"@type":"SearchAction","target":{"@type":"EntryPoint","urlTemplate":"https:\/\/www.meydan.tv\/az\/?s={search_term_string}"},"query-input":{"@type":"PropertyValueSpecification","valueRequired":true,"valueName":"search_term_string"}}],"inLanguage":"az"},{"@type":"Organization","@id":"https:\/\/www.meydan.tv\/az\/#organization","name":"Meydan TV","url":"https:\/\/www.meydan.tv\/az\/","logo":{"@type":"ImageObject","inLanguage":"az","@id":"https:\/\/www.meydan.tv\/az\/#\/schema\/logo\/image\/","url":"https:\/\/www.meydan.tv\/wp-content\/uploads\/2021\/07\/meydan-logo.svg","contentUrl":"https:\/\/www.meydan.tv\/wp-content\/uploads\/2021\/07\/meydan-logo.svg","width":195,"height":46,"caption":"Meydan TV"},"image":{"@id":"https:\/\/www.meydan.tv\/az\/#\/schema\/logo\/image\/"}},{"@type":"Person","@id":"https:\/\/www.meydan.tv\/az\/#\/schema\/person\/981b0b284aeaa9ad0cbf814cd4a9d67c","name":"miron"}]}},"_links":{"self":[{"href":"https:\/\/www.meydan.tv\/az\/wp-json\/wp\/v2\/posts\/269472","targetHints":{"allow":["GET"]}}],"collection":[{"href":"https:\/\/www.meydan.tv\/az\/wp-json\/wp\/v2\/posts"}],"about":[{"href":"https:\/\/www.meydan.tv\/az\/wp-json\/wp\/v2\/types\/post"}],"author":[{"embeddable":true,"href":"https:\/\/www.meydan.tv\/az\/wp-json\/wp\/v2\/users\/18"}],"replies":[{"embeddable":true,"href":"https:\/\/www.meydan.tv\/az\/wp-json\/wp\/v2\/comments?post=269472"}],"version-history":[{"count":3,"href":"https:\/\/www.meydan.tv\/az\/wp-json\/wp\/v2\/posts\/269472\/revisions"}],"predecessor-version":[{"id":269488,"href":"https:\/\/www.meydan.tv\/az\/wp-json\/wp\/v2\/posts\/269472\/revisions\/269488"}],"wp:featuredmedia":[{"embeddable":true,"href":"https:\/\/www.meydan.tv\/az\/wp-json\/wp\/v2\/media\/269473"}],"wp:attachment":[{"href":"https:\/\/www.meydan.tv\/az\/wp-json\/wp\/v2\/media?parent=269472"}],"wp:term":[{"taxonomy":"category","embeddable":true,"href":"https:\/\/www.meydan.tv\/az\/wp-json\/wp\/v2\/categories?post=269472"},{"taxonomy":"post_tag","embeddable":true,"href":"https:\/\/www.meydan.tv\/az\/wp-json\/wp\/v2\/tags?post=269472"}],"curies":[{"name":"wp","href":"https:\/\/api.w.org\/{rel}","templated":true}]}}